{"id":355764,"date":"2023-02-15T16:21:29","date_gmt":"2023-02-15T15:21:29","guid":{"rendered":"https:\/\/dicodusport.fr\/blog\/?p=355764&#038;preview=true&#038;preview_id=355764"},"modified":"2023-02-15T16:38:51","modified_gmt":"2023-02-15T15:38:51","slug":"mondiaux-oberhof-la-composition-francaise-pour-le-relais-mixte-simple","status":"publish","type":"post","link":"https:\/\/dicodusport.fr\/blog\/mondiaux-oberhof-la-composition-francaise-pour-le-relais-mixte-simple\/","title":{"rendered":"Mondiaux Oberhof : La composition fran\u00e7aise pour le relais mixte simple"},"content":{"rendered":"<p style=\"text-align: justify;\" align=\"justify\"><em><strong><a href=\"https:\/\/dicodusport.fr\/blog\/actualites\/biathlon\/championnats-du-monde-de-biathlon-2023\/\">CHAMPIONNATS DU MONDE DE BIATHLON 2023<\/a> &#8211; Le staff de l&rsquo;\u00e9quipe de France a d\u00e9voil\u00e9 la composition des Bleus pour le relais mixte simple des championnats du monde d&rsquo;Oberhof.\u00a0<\/strong><\/em><\/p>\n<p align=\"justify\">Si on pouvait attendre les leaders fran\u00e7ais, <strong>Quentin Fillon Maillet<\/strong> et <strong>Julia<\/strong> <strong>Simon<\/strong>, aucun des deux ne sera au d\u00e9part du relais mixte simple ce jeudi (15h10). Le staff des <strong>Bleus<\/strong> a d\u00e9cid\u00e9 d&rsquo;aligner <strong>Lou<\/strong> <strong>Jeanmonnot<\/strong> et <strong>Fabien<\/strong> <strong>Claude<\/strong> \u00e0 <strong>Oberhof<\/strong>.<\/p>\n<h2 style=\"text-align: justify;\">La composition fran\u00e7aise pour le relais mixte simple des Mondiaux<\/h2>\n<ol>\n<li style=\"text-align: justify;\">Lou Jeanmonnot<\/li>\n<li style=\"text-align: justify;\">Fabien Claude<\/li>\n<\/ol>\n<blockquote class=\"twitter-tweet\">\n<p dir=\"ltr\" lang=\"fr\">D\u00e9couvrez la composition tricolore pour le Relais Mixte Simple des Mondiaux qui se d\u00e9roulera ce jeudi, 15:10, \u00e0 Oberhof :<\/p>\n<p>1\ufe0f\u20e3 Lou Jeanmonnot<br \/>\n2\ufe0f\u20e3 Fabien Claude<a href=\"https:\/\/twitter.com\/hashtag\/AllezLesBleus?src=hash&amp;ref_src=twsrc%5Etfw\">#AllezLesBleus<\/a> \ud83c\uddeb\ud83c\uddf7 <a href=\"https:\/\/t.co\/DedscuKaZ3\">pic.twitter.com\/DedscuKaZ3<\/a><\/p>\n<p>\u2014 FFS &#8211; F\u00e9d\u00e9ration Fran\u00e7aise de Ski (@FedFranceSki) <a href=\"https:\/\/twitter.com\/FedFranceSki\/status\/1625876921300004864?ref_src=twsrc%5Etfw\">February 15, 2023<\/a><\/p><\/blockquote>\n<p><script async src=\"https:\/\/platform.twitter.com\/widgets.js\" charset=\"utf-8\"><\/script><\/p>\n<ul>\n<li style=\"text-align: justify;\"><strong>\u00c0 lire aussi &#8211; <\/strong><a href=\"https:\/\/dicodusport.fr\/blog\/biathlon-championnats-du-monde-2023-programme-et-resultats\/\"><strong>Le programme des championnats du monde de biathlon 2023<\/strong><\/a><\/li>\n<\/ul>\n","protected":false},"excerpt":{"rendered":"<p>CHAMPIONNATS DU MONDE DE BIATHLON 2023 &#8211; Le staff de l&rsquo;\u00e9quipe de France a d\u00e9voil\u00e9 la composition des Bleus pour le relais mixte simple des championnats du monde d&rsquo;Oberhof.\u00a0<\/p>\n","protected":false},"author":1,"featured_media":283746,"comment_status":"open","ping_status":"closed","sticky":false,"template":"","format":"standard","meta":{"_acf_changed":false,"_daextam_enable_autolinks":"","footnotes":""},"categories":[47039],"tags":[2865,3258],"class_list":["post-355764","post","type-post","status-publish","format-standard","has-post-thumbnail","hentry","category-championnats-du-monde-de-biathlon","tag-equipe-de-france-de-biathlon","tag-oberhof"],"acf":[],"yoast_head":"<!-- This site is optimized with the Yoast SEO Premium plugin v26.7 (Yoast SEO v26.7) - https:\/\/yoast.com\/wordpress\/plugins\/seo\/ -->\n<title>Mondiaux Oberhof : La composition fran\u00e7aise pour le relais mixte simple<\/title>\n<meta name=\"description\" content=\"CHAMPIONNATS DU MONDE DE BIATHLON 2023 - Le staff de l&#039;\u00e9quipe de France a d\u00e9voil\u00e9 la composition des Bleus pour le relais mixte simple.\" \/>\n<meta name=\"robots\" content=\"index, follow, max-snippet:-1, max-image-preview:large, max-video-preview:-1\" \/>\n<link rel=\"canonical\" href=\"https:\/\/dicodusport.fr\/blog\/mondiaux-oberhof-la-composition-francaise-pour-le-relais-mixte-simple\/\" \/>\n<meta property=\"og:locale\" content=\"fr_FR\" \/>\n<meta property=\"og:type\" content=\"article\" \/>\n<meta property=\"og:title\" content=\"Mondiaux Oberhof : La composition fran\u00e7aise pour le relais mixte simple\" \/>\n<meta property=\"og:description\" content=\"CHAMPIONNATS DU MONDE DE BIATHLON 2023 - Le staff de l&#039;\u00e9quipe de France a d\u00e9voil\u00e9 la composition des Bleus pour le relais mixte simple.\" \/>\n<meta property=\"og:url\" content=\"https:\/\/dicodusport.fr\/blog\/mondiaux-oberhof-la-composition-francaise-pour-le-relais-mixte-simple\/\" \/>\n<meta property=\"og:site_name\" content=\"Dicodusport\" \/>\n<meta property=\"article:publisher\" content=\"https:\/\/www.facebook.com\/dicodusport\" \/>\n<meta property=\"article:author\" content=\"https:\/\/www.facebook.com\/dicodusport\" \/>\n<meta property=\"article:published_time\" content=\"2023-02-15T15:21:29+00:00\" \/>\n<meta property=\"article:modified_time\" content=\"2023-02-15T15:38:51+00:00\" \/>\n<meta property=\"og:image\" content=\"https:\/\/dicodusport.fr\/blog\/wp-content\/uploads\/2022\/11\/Fabien-Claude-Individuel-de-Kontiolahti.png\" \/>\n\t<meta property=\"og:image:width\" content=\"800\" \/>\n\t<meta property=\"og:image:height\" content=\"445\" \/>\n\t<meta property=\"og:image:type\" content=\"image\/png\" \/>\n<meta name=\"author\" content=\"Nicolas Jacquemard\" \/>\n<meta name=\"twitter:card\" content=\"summary_large_image\" \/>\n<meta name=\"twitter:title\" content=\"Mondiaux Oberhof : La composition fran\u00e7aise pour le relais mixte simple\" \/>\n<meta name=\"twitter:creator\" content=\"@https:\/\/twitter.com\/Nico_Jacquemard\" \/>\n<meta name=\"twitter:site\" content=\"@dicodusport\" \/>\n<script type=\"application\/ld+json\" class=\"yoast-schema-graph\">{\"@context\":\"https:\/\/schema.org\",\"@graph\":[{\"@type\":\"NewsArticle\",\"@id\":\"https:\/\/dicodusport.fr\/blog\/mondiaux-oberhof-la-composition-francaise-pour-le-relais-mixte-simple\/#article\",\"isPartOf\":{\"@id\":\"https:\/\/dicodusport.fr\/blog\/mondiaux-oberhof-la-composition-francaise-pour-le-relais-mixte-simple\/\"},\"author\":{\"name\":\"Nicolas Jacquemard\",\"@id\":\"https:\/\/dicodusport.fr\/blog\/#\/schema\/person\/55dcb50ad410894e431ed812bbb70191\"},\"headline\":\"Mondiaux Oberhof : La composition fran\u00e7aise pour le relais mixte simple\",\"datePublished\":\"2023-02-15T15:21:29+00:00\",\"dateModified\":\"2023-02-15T15:38:51+00:00\",\"mainEntityOfPage\":{\"@id\":\"https:\/\/dicodusport.fr\/blog\/mondiaux-oberhof-la-composition-francaise-pour-le-relais-mixte-simple\/\"},\"wordCount\":151,\"commentCount\":0,\"publisher\":{\"@id\":\"https:\/\/dicodusport.fr\/blog\/#organization\"},\"image\":{\"@id\":\"https:\/\/dicodusport.fr\/blog\/mondiaux-oberhof-la-composition-francaise-pour-le-relais-mixte-simple\/#primaryimage\"},\"thumbnailUrl\":\"https:\/\/dicodusport.fr\/blog\/wp-content\/uploads\/2022\/11\/Fabien-Claude-Individuel-de-Kontiolahti.png\",\"keywords\":[\"Equipe de France de Biathlon\",\"Oberhof\"],\"articleSection\":[\"Championnats du monde de biathlon\"],\"inLanguage\":\"fr-FR\",\"potentialAction\":[{\"@type\":\"CommentAction\",\"name\":\"Comment\",\"target\":[\"https:\/\/dicodusport.fr\/blog\/mondiaux-oberhof-la-composition-francaise-pour-le-relais-mixte-simple\/#respond\"]}],\"copyrightYear\":\"2023\",\"copyrightHolder\":{\"@id\":\"https:\/\/dicodusport.fr\/blog\/#organization\"}},{\"@type\":\"WebPage\",\"@id\":\"https:\/\/dicodusport.fr\/blog\/mondiaux-oberhof-la-composition-francaise-pour-le-relais-mixte-simple\/\",\"url\":\"https:\/\/dicodusport.fr\/blog\/mondiaux-oberhof-la-composition-francaise-pour-le-relais-mixte-simple\/\",\"name\":\"Mondiaux Oberhof : La composition fran\u00e7aise pour le relais mixte simple\",\"isPartOf\":{\"@id\":\"https:\/\/dicodusport.fr\/blog\/#website\"},\"primaryImageOfPage\":{\"@id\":\"https:\/\/dicodusport.fr\/blog\/mondiaux-oberhof-la-composition-francaise-pour-le-relais-mixte-simple\/#primaryimage\"},\"image\":{\"@id\":\"https:\/\/dicodusport.fr\/blog\/mondiaux-oberhof-la-composition-francaise-pour-le-relais-mixte-simple\/#primaryimage\"},\"thumbnailUrl\":\"https:\/\/dicodusport.fr\/blog\/wp-content\/uploads\/2022\/11\/Fabien-Claude-Individuel-de-Kontiolahti.png\",\"datePublished\":\"2023-02-15T15:21:29+00:00\",\"dateModified\":\"2023-02-15T15:38:51+00:00\",\"description\":\"CHAMPIONNATS DU MONDE DE BIATHLON 2023 - Le staff de l'\u00e9quipe de France a d\u00e9voil\u00e9 la composition des Bleus pour le relais mixte simple.\",\"breadcrumb\":{\"@id\":\"https:\/\/dicodusport.fr\/blog\/mondiaux-oberhof-la-composition-francaise-pour-le-relais-mixte-simple\/#breadcrumb\"},\"inLanguage\":\"fr-FR\",\"potentialAction\":[{\"@type\":\"ReadAction\",\"target\":[\"https:\/\/dicodusport.fr\/blog\/mondiaux-oberhof-la-composition-francaise-pour-le-relais-mixte-simple\/\"]}]},{\"@type\":\"ImageObject\",\"inLanguage\":\"fr-FR\",\"@id\":\"https:\/\/dicodusport.fr\/blog\/mondiaux-oberhof-la-composition-francaise-pour-le-relais-mixte-simple\/#primaryimage\",\"url\":\"https:\/\/dicodusport.fr\/blog\/wp-content\/uploads\/2022\/11\/Fabien-Claude-Individuel-de-Kontiolahti.png\",\"contentUrl\":\"https:\/\/dicodusport.fr\/blog\/wp-content\/uploads\/2022\/11\/Fabien-Claude-Individuel-de-Kontiolahti.png\",\"width\":800,\"height\":445,\"caption\":\"Fabien Claude - Individuel de Kontiolahti - Photo Icon Sport\"},{\"@type\":\"BreadcrumbList\",\"@id\":\"https:\/\/dicodusport.fr\/blog\/mondiaux-oberhof-la-composition-francaise-pour-le-relais-mixte-simple\/#breadcrumb\",\"itemListElement\":[{\"@type\":\"ListItem\",\"position\":1,\"name\":\"Accueil\",\"item\":\"https:\/\/dicodusport.fr\/blog\/\"},{\"@type\":\"ListItem\",\"position\":2,\"name\":\"Mondiaux Oberhof : La composition fran\u00e7aise pour le relais mixte simple\"}]},{\"@type\":\"WebSite\",\"@id\":\"https:\/\/dicodusport.fr\/blog\/#website\",\"url\":\"https:\/\/dicodusport.fr\/blog\/\",\"name\":\"Dicodusport\",\"description\":\"L&#039;encyclop\u00e9die de l&#039;actualit\u00e9 sportive\",\"publisher\":{\"@id\":\"https:\/\/dicodusport.fr\/blog\/#organization\"},\"potentialAction\":[{\"@type\":\"SearchAction\",\"target\":{\"@type\":\"EntryPoint\",\"urlTemplate\":\"https:\/\/dicodusport.fr\/blog\/?s={search_term_string}\"},\"query-input\":{\"@type\":\"PropertyValueSpecification\",\"valueRequired\":true,\"valueName\":\"search_term_string\"}}],\"inLanguage\":\"fr-FR\"},{\"@type\":\"NewsMediaOrganization\",\"@id\":\"https:\/\/dicodusport.fr\/blog\/#organization\",\"name\":\"Dicodusport\",\"url\":\"https:\/\/dicodusport.fr\/blog\/\",\"logo\":{\"@type\":\"ImageObject\",\"inLanguage\":\"fr-FR\",\"@id\":\"https:\/\/dicodusport.fr\/blog\/#\/schema\/logo\/image\/\",\"url\":\"https:\/\/dicodusport.fr\/blog\/wp-content\/uploads\/2020\/06\/cropped-LOGO-DICODUSPORT-2020-SANS-FOND-SANS-TEXTE.png\",\"contentUrl\":\"https:\/\/dicodusport.fr\/blog\/wp-content\/uploads\/2020\/06\/cropped-LOGO-DICODUSPORT-2020-SANS-FOND-SANS-TEXTE.png\",\"width\":512,\"height\":512,\"caption\":\"Dicodusport\"},\"image\":{\"@id\":\"https:\/\/dicodusport.fr\/blog\/#\/schema\/logo\/image\/\"},\"sameAs\":[\"https:\/\/www.facebook.com\/dicodusport\",\"https:\/\/x.com\/dicodusport\",\"https:\/\/www.instagram.com\/dicodusport\/\",\"https:\/\/www.youtube.com\/channel\/UC7V2KZ5sd3htJivAbA4ZG3w\"],\"description\":\"Dicodusport est l'encyclop\u00e9die de l'actualit\u00e9 sportive.\",\"email\":\"bonjour@dicodusport.fr\",\"legalName\":\"DICODUSPORT\",\"foundingDate\":\"2018-01-14\",\"vatID\":\"FR71834470973\",\"taxID\":\"83447097300043\",\"numberOfEmployees\":{\"@type\":\"QuantitativeValue\",\"minValue\":\"1\",\"maxValue\":\"10\"}},{\"@type\":\"Person\",\"@id\":\"https:\/\/dicodusport.fr\/blog\/#\/schema\/person\/55dcb50ad410894e431ed812bbb70191\",\"name\":\"Nicolas Jacquemard\",\"image\":{\"@type\":\"ImageObject\",\"inLanguage\":\"fr-FR\",\"@id\":\"https:\/\/dicodusport.fr\/blog\/#\/schema\/person\/image\/\",\"url\":\"https:\/\/dicodusport.fr\/blog\/wp-content\/uploads\/2021\/05\/Nicolas-Jacquemard-150x150.jpeg\",\"contentUrl\":\"https:\/\/dicodusport.fr\/blog\/wp-content\/uploads\/2021\/05\/Nicolas-Jacquemard-150x150.jpeg\",\"caption\":\"Nicolas Jacquemard\"},\"description\":\"Passionn\u00e9 de sport et entrepreneur depuis mes 18 ans, la cr\u00e9ation de Dicodusport m'a sembl\u00e9 \u00e9vidente pour participer \u00e0 la m\u00e9diatisation d'un plus grand nombre de sports. Le chemin est long mais avec une \u00e9quipe des plus motiv\u00e9es et les Jeux Olympiques de Paris 2024 en point de mire, nous y arriverons ! Journaliste dans le monde du sport depuis plus de 5 ans, je traite aussi bien de football, de rugby, de biathlon que de cyclisme.\",\"sameAs\":[\"https:\/\/www.facebook.com\/dicodusport\",\"https:\/\/x.com\/https:\/\/twitter.com\/Nico_Jacquemard\"],\"url\":\"https:\/\/dicodusport.fr\/blog\/author\/dicodusport\/\"}]}<\/script>\n<!-- \/ Yoast SEO Premium plugin. -->","yoast_head_json":{"title":"Mondiaux Oberhof : La composition fran\u00e7aise pour le relais mixte simple","description":"CHAMPIONNATS DU MONDE DE BIATHLON 2023 - Le staff de l'\u00e9quipe de France a d\u00e9voil\u00e9 la composition des Bleus pour le relais mixte simple.","robots":{"index":"index","follow":"follow","max-snippet":"max-snippet:-1","max-image-preview":"max-image-preview:large","max-video-preview":"max-video-preview:-1"},"canonical":"https:\/\/dicodusport.fr\/blog\/mondiaux-oberhof-la-composition-francaise-pour-le-relais-mixte-simple\/","og_locale":"fr_FR","og_type":"article","og_title":"Mondiaux Oberhof : La composition fran\u00e7aise pour le relais mixte simple","og_description":"CHAMPIONNATS DU MONDE DE BIATHLON 2023 - Le staff de l'\u00e9quipe de France a d\u00e9voil\u00e9 la composition des Bleus pour le relais mixte simple.","og_url":"https:\/\/dicodusport.fr\/blog\/mondiaux-oberhof-la-composition-francaise-pour-le-relais-mixte-simple\/","og_site_name":"Dicodusport","article_publisher":"https:\/\/www.facebook.com\/dicodusport","article_author":"https:\/\/www.facebook.com\/dicodusport","article_published_time":"2023-02-15T15:21:29+00:00","article_modified_time":"2023-02-15T15:38:51+00:00","og_image":[{"width":800,"height":445,"url":"https:\/\/dicodusport.fr\/blog\/wp-content\/uploads\/2022\/11\/Fabien-Claude-Individuel-de-Kontiolahti.png","type":"image\/png"}],"author":"Nicolas Jacquemard","twitter_card":"summary_large_image","twitter_title":"Mondiaux Oberhof : La composition fran\u00e7aise pour le relais mixte simple","twitter_creator":"@https:\/\/twitter.com\/Nico_Jacquemard","twitter_site":"@dicodusport","schema":{"@context":"https:\/\/schema.org","@graph":[{"@type":"NewsArticle","@id":"https:\/\/dicodusport.fr\/blog\/mondiaux-oberhof-la-composition-francaise-pour-le-relais-mixte-simple\/#article","isPartOf":{"@id":"https:\/\/dicodusport.fr\/blog\/mondiaux-oberhof-la-composition-francaise-pour-le-relais-mixte-simple\/"},"author":{"name":"Nicolas Jacquemard","@id":"https:\/\/dicodusport.fr\/blog\/#\/schema\/person\/55dcb50ad410894e431ed812bbb70191"},"headline":"Mondiaux Oberhof : La composition fran\u00e7aise pour le relais mixte simple","datePublished":"2023-02-15T15:21:29+00:00","dateModified":"2023-02-15T15:38:51+00:00","mainEntityOfPage":{"@id":"https:\/\/dicodusport.fr\/blog\/mondiaux-oberhof-la-composition-francaise-pour-le-relais-mixte-simple\/"},"wordCount":151,"commentCount":0,"publisher":{"@id":"https:\/\/dicodusport.fr\/blog\/#organization"},"image":{"@id":"https:\/\/dicodusport.fr\/blog\/mondiaux-oberhof-la-composition-francaise-pour-le-relais-mixte-simple\/#primaryimage"},"thumbnailUrl":"https:\/\/dicodusport.fr\/blog\/wp-content\/uploads\/2022\/11\/Fabien-Claude-Individuel-de-Kontiolahti.png","keywords":["Equipe de France de Biathlon","Oberhof"],"articleSection":["Championnats du monde de biathlon"],"inLanguage":"fr-FR","potentialAction":[{"@type":"CommentAction","name":"Comment","target":["https:\/\/dicodusport.fr\/blog\/mondiaux-oberhof-la-composition-francaise-pour-le-relais-mixte-simple\/#respond"]}],"copyrightYear":"2023","copyrightHolder":{"@id":"https:\/\/dicodusport.fr\/blog\/#organization"}},{"@type":"WebPage","@id":"https:\/\/dicodusport.fr\/blog\/mondiaux-oberhof-la-composition-francaise-pour-le-relais-mixte-simple\/","url":"https:\/\/dicodusport.fr\/blog\/mondiaux-oberhof-la-composition-francaise-pour-le-relais-mixte-simple\/","name":"Mondiaux Oberhof : La composition fran\u00e7aise pour le relais mixte simple","isPartOf":{"@id":"https:\/\/dicodusport.fr\/blog\/#website"},"primaryImageOfPage":{"@id":"https:\/\/dicodusport.fr\/blog\/mondiaux-oberhof-la-composition-francaise-pour-le-relais-mixte-simple\/#primaryimage"},"image":{"@id":"https:\/\/dicodusport.fr\/blog\/mondiaux-oberhof-la-composition-francaise-pour-le-relais-mixte-simple\/#primaryimage"},"thumbnailUrl":"https:\/\/dicodusport.fr\/blog\/wp-content\/uploads\/2022\/11\/Fabien-Claude-Individuel-de-Kontiolahti.png","datePublished":"2023-02-15T15:21:29+00:00","dateModified":"2023-02-15T15:38:51+00:00","description":"CHAMPIONNATS DU MONDE DE BIATHLON 2023 - Le staff de l'\u00e9quipe de France a d\u00e9voil\u00e9 la composition des Bleus pour le relais mixte simple.","breadcrumb":{"@id":"https:\/\/dicodusport.fr\/blog\/mondiaux-oberhof-la-composition-francaise-pour-le-relais-mixte-simple\/#breadcrumb"},"inLanguage":"fr-FR","potentialAction":[{"@type":"ReadAction","target":["https:\/\/dicodusport.fr\/blog\/mondiaux-oberhof-la-composition-francaise-pour-le-relais-mixte-simple\/"]}]},{"@type":"ImageObject","inLanguage":"fr-FR","@id":"https:\/\/dicodusport.fr\/blog\/mondiaux-oberhof-la-composition-francaise-pour-le-relais-mixte-simple\/#primaryimage","url":"https:\/\/dicodusport.fr\/blog\/wp-content\/uploads\/2022\/11\/Fabien-Claude-Individuel-de-Kontiolahti.png","contentUrl":"https:\/\/dicodusport.fr\/blog\/wp-content\/uploads\/2022\/11\/Fabien-Claude-Individuel-de-Kontiolahti.png","width":800,"height":445,"caption":"Fabien Claude - Individuel de Kontiolahti - Photo Icon Sport"},{"@type":"BreadcrumbList","@id":"https:\/\/dicodusport.fr\/blog\/mondiaux-oberhof-la-composition-francaise-pour-le-relais-mixte-simple\/#breadcrumb","itemListElement":[{"@type":"ListItem","position":1,"name":"Accueil","item":"https:\/\/dicodusport.fr\/blog\/"},{"@type":"ListItem","position":2,"name":"Mondiaux Oberhof : La composition fran\u00e7aise pour le relais mixte simple"}]},{"@type":"WebSite","@id":"https:\/\/dicodusport.fr\/blog\/#website","url":"https:\/\/dicodusport.fr\/blog\/","name":"Dicodusport","description":"L&#039;encyclop\u00e9die de l&#039;actualit\u00e9 sportive","publisher":{"@id":"https:\/\/dicodusport.fr\/blog\/#organization"},"potentialAction":[{"@type":"SearchAction","target":{"@type":"EntryPoint","urlTemplate":"https:\/\/dicodusport.fr\/blog\/?s={search_term_string}"},"query-input":{"@type":"PropertyValueSpecification","valueRequired":true,"valueName":"search_term_string"}}],"inLanguage":"fr-FR"},{"@type":"NewsMediaOrganization","@id":"https:\/\/dicodusport.fr\/blog\/#organization","name":"Dicodusport","url":"https:\/\/dicodusport.fr\/blog\/","logo":{"@type":"ImageObject","inLanguage":"fr-FR","@id":"https:\/\/dicodusport.fr\/blog\/#\/schema\/logo\/image\/","url":"https:\/\/dicodusport.fr\/blog\/wp-content\/uploads\/2020\/06\/cropped-LOGO-DICODUSPORT-2020-SANS-FOND-SANS-TEXTE.png","contentUrl":"https:\/\/dicodusport.fr\/blog\/wp-content\/uploads\/2020\/06\/cropped-LOGO-DICODUSPORT-2020-SANS-FOND-SANS-TEXTE.png","width":512,"height":512,"caption":"Dicodusport"},"image":{"@id":"https:\/\/dicodusport.fr\/blog\/#\/schema\/logo\/image\/"},"sameAs":["https:\/\/www.facebook.com\/dicodusport","https:\/\/x.com\/dicodusport","https:\/\/www.instagram.com\/dicodusport\/","https:\/\/www.youtube.com\/channel\/UC7V2KZ5sd3htJivAbA4ZG3w"],"description":"Dicodusport est l'encyclop\u00e9die de l'actualit\u00e9 sportive.","email":"bonjour@dicodusport.fr","legalName":"DICODUSPORT","foundingDate":"2018-01-14","vatID":"FR71834470973","taxID":"83447097300043","numberOfEmployees":{"@type":"QuantitativeValue","minValue":"1","maxValue":"10"}},{"@type":"Person","@id":"https:\/\/dicodusport.fr\/blog\/#\/schema\/person\/55dcb50ad410894e431ed812bbb70191","name":"Nicolas Jacquemard","image":{"@type":"ImageObject","inLanguage":"fr-FR","@id":"https:\/\/dicodusport.fr\/blog\/#\/schema\/person\/image\/","url":"https:\/\/dicodusport.fr\/blog\/wp-content\/uploads\/2021\/05\/Nicolas-Jacquemard-150x150.jpeg","contentUrl":"https:\/\/dicodusport.fr\/blog\/wp-content\/uploads\/2021\/05\/Nicolas-Jacquemard-150x150.jpeg","caption":"Nicolas Jacquemard"},"description":"Passionn\u00e9 de sport et entrepreneur depuis mes 18 ans, la cr\u00e9ation de Dicodusport m'a sembl\u00e9 \u00e9vidente pour participer \u00e0 la m\u00e9diatisation d'un plus grand nombre de sports. Le chemin est long mais avec une \u00e9quipe des plus motiv\u00e9es et les Jeux Olympiques de Paris 2024 en point de mire, nous y arriverons ! Journaliste dans le monde du sport depuis plus de 5 ans, je traite aussi bien de football, de rugby, de biathlon que de cyclisme.","sameAs":["https:\/\/www.facebook.com\/dicodusport","https:\/\/x.com\/https:\/\/twitter.com\/Nico_Jacquemard"],"url":"https:\/\/dicodusport.fr\/blog\/author\/dicodusport\/"}]}},"_links":{"self":[{"href":"https:\/\/dicodusport.fr\/blog\/wp-json\/wp\/v2\/posts\/355764","targetHints":{"allow":["GET"]}}],"collection":[{"href":"https:\/\/dicodusport.fr\/blog\/wp-json\/wp\/v2\/posts"}],"about":[{"href":"https:\/\/dicodusport.fr\/blog\/wp-json\/wp\/v2\/types\/post"}],"author":[{"embeddable":true,"href":"https:\/\/dicodusport.fr\/blog\/wp-json\/wp\/v2\/users\/1"}],"replies":[{"embeddable":true,"href":"https:\/\/dicodusport.fr\/blog\/wp-json\/wp\/v2\/comments?post=355764"}],"version-history":[{"count":0,"href":"https:\/\/dicodusport.fr\/blog\/wp-json\/wp\/v2\/posts\/355764\/revisions"}],"wp:featuredmedia":[{"embeddable":true,"href":"https:\/\/dicodusport.fr\/blog\/wp-json\/wp\/v2\/media\/283746"}],"wp:attachment":[{"href":"https:\/\/dicodusport.fr\/blog\/wp-json\/wp\/v2\/media?parent=355764"}],"wp:term":[{"taxonomy":"category","embeddable":true,"href":"https:\/\/dicodusport.fr\/blog\/wp-json\/wp\/v2\/categories?post=355764"},{"taxonomy":"post_tag","embeddable":true,"href":"https:\/\/dicodusport.fr\/blog\/wp-json\/wp\/v2\/tags?post=355764"}],"curies":[{"name":"wp","href":"https:\/\/api.w.org\/{rel}","templated":true}]}}