{"id":355794,"date":"2023-02-26T13:24:02","date_gmt":"2023-02-26T12:24:02","guid":{"rendered":"https:\/\/dicodusport.fr\/blog\/?p=355794&#038;preview=true&#038;preview_id=355794"},"modified":"2023-02-26T18:35:55","modified_gmt":"2023-02-26T17:35:55","slug":"programme-et-resultats-championnats-de-france-en-salle-dathletisme-juniors-et-cadets-2023","status":"publish","type":"post","link":"https:\/\/dicodusport.fr\/blog\/programme-et-resultats-championnats-de-france-en-salle-dathletisme-juniors-et-cadets-2023\/","title":{"rendered":"Programme et r\u00e9sultats Championnats de France en salle d&rsquo;athl\u00e9tisme juniors et cadets 2023"},"content":{"rendered":"<p style=\"text-align: justify;\"><em><b>Les Championnats de France en salle d&rsquo;athl\u00e9tisme juniors et cadets ont lieu du 25 au 26 f\u00e9vrier \u00e0 Lyon. Voici le programme et les r\u00e9sultats.<\/b><\/em><\/p>\n<h3>Retransmission<\/h3>\n<p style=\"text-align: justify;\">Les Championnats sont \u00e0 suivre en int\u00e9gralit\u00e9 sur <strong><a href=\"https:\/\/www.athletv.fr\/sportitemset\/63d2b0e981a5d3ef4423467a\" target=\"_blank\" rel=\"noopener\">Athl\u00e9 TV<\/a><\/strong>.<\/p>\n<p>&nbsp;<\/p>\n<p style=\"text-align: justify;\"><a href=\"http:\/\/direct.athle.fr\/asp.net\/main.lives\/direct.aspx?competition=272860\" target=\"_blank\" rel=\"noopener\"><span style=\"font-size: 24px;\"><strong>Tous les r\u00e9sultats<\/strong><\/span><\/a><\/p>\n<p>&nbsp;<\/p>\n<h2 style=\"text-align: justify;\">Le programme complet<\/h2>\n<p style=\"text-align: justify;\"><div class=\"su-tabs su-tabs-style-default su-tabs-mobile-stack\" data-active=\"2\" data-scroll-offset=\"0\" data-anchor-in-url=\"no\"><div class=\"su-tabs-nav\"><span class=\"\" data-url=\"\" data-target=\"blank\" tabindex=\"0\" role=\"button\">Samedi 25 f\u00e9vrier<\/span><span class=\"\" data-url=\"\" data-target=\"blank\" tabindex=\"0\" role=\"button\">Dimanche 26 f\u00e9vrier<\/span><\/div><div class=\"su-tabs-panes\"><div class=\"su-tabs-pane su-u-clearfix su-u-trim\" data-title=\"Samedi 25 f\u00e9vrier\">\n<p><strong>12h30 : <\/strong>s\u00e9ries 60 m cadettes<br \/>\n<strong>12h30 : finale saut en longueur cadettes<\/strong><strong><br \/>\n<\/strong><strong>12h45 : <\/strong>s\u00e9ries 60 m juniors F<strong><br \/>\n13h : <\/strong>s\u00e9ries 60 m juniors H<strong><br \/>\n13h :<\/strong> <strong>finale triple saut cadets<br \/>\n13h10 :<\/strong> <strong>finale saut \u00e0 la perche cadets<br \/>\n13h15 :<\/strong> s\u00e9ries 60 m cadets<strong><br \/>\n13h35 : <\/strong>s\u00e9ries 60 m haies juniors H<strong><br \/>\n13h55 : <\/strong>s\u00e9ries 60 m haies cadets<strong><br \/>\n14h15 : <\/strong>demi-finales 60 m cadettes<br \/>\n<strong>14h25 : <\/strong>demi-finales 60 m juniors F<strong><br \/>\n<\/strong><strong>14h35 :<\/strong> demi-finales 60 m juniors H<br \/>\n<strong>14h45 :<\/strong> demi-finales 60 m cadets<br \/>\n<strong>14h50 : finale saut en hauteur cadettes<\/strong><br \/>\n<strong>15h :<\/strong> demi-finales 60 m haies juniors H<br \/>\n<strong>15h10 : finale triple saut juniors F<\/strong><br \/>\n<strong>15h20 :<\/strong> demi-finales 60 m haies cadets<br \/>\n<strong>15h40 : finale 60 m cadettes<\/strong><br \/>\n<strong>15h47 : finale 60 m juniors F<\/strong><br \/>\n<strong>15h54 : finale 60 m juniors H<\/strong><br \/>\n<strong>16h01 : finale 60 m cadets H<br \/>\n16h10 : finale 60 m haies juniors H<br \/>\n16h20 : finale 60 m haies cadets<\/strong><strong><br \/>\n16h35 : <\/strong>s\u00e9ries 800 m cadettes<strong><br \/>\n16h55 : <\/strong>s\u00e9ries 800 m juniors F<strong><br \/>\n17h : finale saut \u00e0 la perche juniors F<br \/>\n<\/strong><strong>17h15 : <\/strong>s\u00e9ries 800 m cadets<br \/>\n<strong>17h25 : <\/strong><strong>finale saut en longueur juniors H<\/strong><br \/>\n<strong>17h35 : finale saut en hauteur juniors H<br \/>\n17h35 : <\/strong>s\u00e9ries 800 m juniors H<strong><br \/>\n17h55 : <\/strong>s\u00e9ries 400 m cadettes<strong><br \/>\n<\/strong><strong>18h10 : <\/strong>s\u00e9ries 400 m juniors F<strong><br \/>\n18h30 : <\/strong>s\u00e9ries 400 m cadets<strong><br \/>\n18h45 : <\/strong>s\u00e9ries 400 m juniors H<strong><br \/>\n19h10 : <\/strong>s\u00e9ries 4X1 tour cadettes<strong><br \/>\n19h30 : <\/strong>s\u00e9ries 4X1 tour juniors F<strong><br \/>\n19h50 : <\/strong>s\u00e9ries 4X1 tour cadets<strong><br \/>\n20h10 : <\/strong>s\u00e9ries 4X1 tour juniors H<\/p>\n<ul>\n<li><a title=\"Championnats de France en salle cadets juniors : Meta Tumba d\u00e9roule, la sensation Ylann Bizasene\" href=\"https:\/\/dicodusport.fr\/blog\/championnats-de-france-en-salle-cadets-juniors-meta-tumba-deroule-la-sensation-ylann-bizasene\/\" target=\"_blank\" rel=\"noopener\"><strong>R\u00e9sum\u00e9 de la journ\u00e9e<\/strong><\/a><\/li>\n<\/ul>\n<\/div>\n<div class=\"su-tabs-pane su-u-clearfix su-u-trim\" data-title=\"Dimanche 26 f\u00e9vrier\">\n<p><strong>9h55 : finale saut en hauteur cadets<br \/>\n<\/strong><strong>10h : <\/strong>s\u00e9ries 200 m cadettes<br \/>\n<strong>10h : finale saut \u00e0 la perche cadettes<br \/>\n10h25 :<\/strong> s\u00e9ries 200 m juniors F<strong><br \/>\n10h25 : finale triple saut cadettes<br \/>\n10h50 :<\/strong> s\u00e9ries 200 m cadets<strong><br \/>\n11h15 : <\/strong>s\u00e9ries 200 m juniors F<strong><br \/>\n11h45 : <\/strong>s\u00e9ries 60 m haies juniors F<strong><br \/>\n12h05 : <\/strong>s\u00e9ries 60 m haies cadettes<strong><br \/>\n12h05 : finale saut en longueur cadets<br \/>\n12h20 : finale triple saut juniors H<br \/>\n12h25 : finale 400 m cadettes<br \/>\n12h31 : finale 400 m juniors F<br \/>\n12h37 : finale 400 m cadets<br \/>\n12h43 : finale 400 m juniors H<br \/>\n12h55 : <\/strong>demi-finales 60 m haies juniors F<strong><br \/>\n<\/strong><strong>13h10 : <\/strong>demi-finales 60 m haies cadettes<br \/>\n<strong>13h25 : finale saut \u00e0 la perche juniors H<br \/>\n13h30 : finale 200 m cadettes<\/strong><br \/>\n<strong>13h36 : finale 200 m juniors F<\/strong><br \/>\n<strong>13h42 : finale 200 m cadets<\/strong><br \/>\n<strong>13h48 : finale 200 m juniors H<\/strong><br \/>\n<strong>14h : finale 60 m haies juniors F<br \/>\n14h05 : finale saut en hauteur juniors F<\/strong><br \/>\n<strong>14h10 : finale 60 m haies cadettes<br \/>\n14h25 : finale saut en longueur juniors F<br \/>\n14h30 : finale 800 m cadettes<br \/>\n14h45 : finale 800 m juniors F<br \/>\n15h : finale 800 m cadets<br \/>\n15h15 : finale 800 m juniors H<br \/>\n<\/strong><strong>15h35 : finale 4X1 tour cadettes<br \/>\n15h43 : finale 4X1 tour juniors F<br \/>\n15h51 : finale 4X1 tour cadets<\/strong><strong><br \/>\n15h59 : finale 4X1 tour juniors H<br \/>\n<\/strong><\/p>\n<ul>\n<li><a title=\"Championnats de France en salle cadets juniors : Meta Tumba impressionne sur 400 m\" href=\"https:\/\/dicodusport.fr\/blog\/championnats-de-france-en-salle-cadets-juniors-meta-tumba-impressionne-sur-400-m\/\" target=\"_blank\" rel=\"noopener\"><strong>R\u00e9sum\u00e9 de la journ\u00e9e<\/strong><\/a><\/li>\n<\/ul>\n<p style=\"text-align: justify;\"><\/div><\/div><\/div>\n<p>&nbsp;<\/p>\n<h2>Podiums juniors<\/h2>\n<h3 style=\"text-align: justify;\">Filles<\/h3>\n<div class=\"su-table su-table-alternate\">\n<table style=\"width: 800px;border-collapse: collapse\">\n<tbody>\n<tr>\n<td style=\"text-align: center;width: 200px;vertical-align: middle\"><strong>\u00c9preuves<\/strong><\/td>\n<td style=\"background-color: #fff242;text-align: center;width: 200px;vertical-align: middle\"><strong>\ud83e\udd47 Or<\/strong><\/td>\n<td style=\"background-color: #a8a8a8;text-align: center;width: 200px;vertical-align: middle\"><strong>\ud83e\udd48 Argent<\/strong><\/td>\n<td style=\"background-color: #c97159;text-align: center;width: 200px;vertical-align: middle\"><strong>\ud83e\udd49 Bronze<\/strong><\/td>\n<\/tr>\n<tr>\n<td style=\"text-align: center;width: 200px;vertical-align: middle\"><strong>60 m<\/strong><\/td>\n<td style=\"text-align: center;width: 200px;vertical-align: middle\"><strong>Gr\u00e2ce Tade<br \/>\n7.53<\/strong><\/td>\n<td style=\"text-align: center;width: 200px;vertical-align: middle\">Shana Lambourde<br \/>\n7.55<\/td>\n<td style=\"text-align: center;width: 200px;vertical-align: middle\">Chanele Hodge<br \/>\n7.56<\/td>\n<\/tr>\n<tr>\n<td style=\"text-align: center;width: 200px;vertical-align: middle\"><strong>200 m<\/strong><\/td>\n<td style=\"text-align: center;width: 200px;vertical-align: middle\"><strong>Orane Doumbe<br \/>\n23.75<\/strong><\/td>\n<td style=\"text-align: center;width: 200px;vertical-align: middle\">Shana Lambourde<br \/>\n23.98 <strong>PB<\/strong><\/td>\n<td style=\"text-align: center;width: 200px;vertical-align: middle\">Chanele Hodge<br \/>\n24.93<\/td>\n<\/tr>\n<tr>\n<td style=\"text-align: center;width: 200px;vertical-align: middle\"><strong>400 m<\/strong><\/td>\n<td style=\"width: 200px;text-align: center\"><strong>Seynabou Camara<br \/>\n55.73<\/strong><\/td>\n<td style=\"width: 200px;text-align: center\">Candice Von Plauen<br \/>\n56.05 <strong>PB<\/strong><\/td>\n<td style=\"width: 200px;text-align: center\">Emma Gicquel<br \/>\n56.17 <strong>PB<\/strong><\/td>\n<\/tr>\n<tr>\n<td style=\"text-align: center;width: 200px;vertical-align: middle\"><strong>800 m<\/strong><\/td>\n<td style=\"text-align: center;width: 200px;vertical-align: middle\"><strong>Ad\u00e8le Gay<br \/>\n2:10.54<\/strong><\/td>\n<td style=\"text-align: center;width: 200px;vertical-align: middle\">Anna Cabrol<br \/>\n2:11.32<\/td>\n<td style=\"text-align: center;width: 200px;vertical-align: middle\">L\u00e9na Stolla<br \/>\n2:11.98<\/td>\n<\/tr>\n<tr>\n<td style=\"text-align: center;width: 200px;vertical-align: middle\"><strong>60 m haies<\/strong><\/td>\n<td style=\"text-align: center;width: 200px;vertical-align: middle\"><strong>Auceane Bouijoux<br \/>\n8.53<\/strong><\/td>\n<td style=\"text-align: center;width: 200px;vertical-align: middle\">Lina Lelarge<br \/>\n8.56<\/td>\n<td style=\"text-align: center;width: 200px;vertical-align: middle\">L\u00e9na Bourget<br \/>\n8.63<\/td>\n<\/tr>\n<tr>\n<td style=\"text-align: center;width: 200px;vertical-align: middle\"><strong>Relais 4X1 tour<\/strong><\/td>\n<td style=\"text-align: center;width: 200px;vertical-align: middle\"><strong>Haute Bretagne Athl\u00e9tisme<br \/>\n1:43.27<\/strong><\/td>\n<td style=\"text-align: center;width: 200px;vertical-align: middle\">Stade Sottevillais 76<br \/>\n1:43.63<\/td>\n<td style=\"text-align: center;width: 200px;vertical-align: middle\">CA Montreuil 93<br \/>\n1:44.98<\/td>\n<\/tr>\n<tr>\n<td style=\"text-align: center;width: 200px;vertical-align: middle\"><strong>Saut en hauteur<\/strong><\/td>\n<td style=\"text-align: center;width: 200px;vertical-align: middle\"><strong>Ma\u00eblle Gauthier<br \/>\n1.73 m<\/strong><\/td>\n<td style=\"text-align: center;width: 200px;vertical-align: middle\">Marion De Clercq<br \/>\n1.71 m<\/td>\n<td style=\"text-align: center;width: 200px;vertical-align: middle\">Elrika Paulaud Bayard<br \/>\n1.71 m<\/td>\n<\/tr>\n<tr>\n<td style=\"text-align: center;width: 200px;vertical-align: middle\"><strong>Saut \u00e0 la perche<\/strong><\/td>\n<td style=\"text-align: center;width: 200px;vertical-align: middle\"><strong>Nayah Cauvin<br \/>\n4.15 m PB MPF JU<\/strong><\/td>\n<td style=\"text-align: center;width: 200px;vertical-align: middle\">Violette Moullin<br \/>\n4.00 m <strong>PB<\/strong><\/td>\n<td style=\"text-align: center;width: 200px;vertical-align: middle\">B\u00e9r\u00e9nice Wehner<br \/>\n3.70 m<\/td>\n<\/tr>\n<tr>\n<td style=\"text-align: center;width: 200px;vertical-align: middle\"><strong>Saut en longueur<\/strong><\/td>\n<td style=\"text-align: center;width: 200px;vertical-align: middle\"><strong>Axelle Liehoun<br \/>\n5.92 m PB<\/strong><\/td>\n<td style=\"text-align: center;width: 200px;vertical-align: middle\">Oriane Cornet<br \/>\n5.89 m <strong>PB<\/strong><\/td>\n<td style=\"text-align: center;width: 200px;vertical-align: middle\">Lola Robert<br \/>\n5.86 m <strong>SB<\/strong><\/td>\n<\/tr>\n<tr>\n<td style=\"text-align: center;width: 200px;vertical-align: middle\"><strong>Triple saut<\/strong><\/td>\n<td style=\"text-align: center;width: 200px;vertical-align: middle\"><strong>Cl\u00e9mence Rougier<br \/>\n13.33 m SB RCH MPF JU<\/strong><\/td>\n<td style=\"text-align: center;width: 200px;vertical-align: middle\">Thierrine Correa<br \/>\n12.76 m<\/td>\n<td style=\"text-align: center;width: 200px;vertical-align: middle\">Fanny Nsia Nsia<br \/>\n12.67 m<\/td>\n<\/tr>\n<\/tbody>\n<\/table>\n<\/div>\n<h3 style=\"text-align: justify;\">Gar\u00e7ons<\/h3>\n<div class=\"su-table su-table-alternate\">\n<table style=\"width: 800px;border-collapse: collapse\">\n<tbody>\n<tr>\n<td style=\"text-align: center;width: 200px;vertical-align: middle\"><strong>\u00c9preuves<\/strong><\/td>\n<td style=\"background-color: #fff242;text-align: center;width: 200px;vertical-align: middle\"><strong>\ud83e\udd47 Or<\/strong><\/td>\n<td style=\"background-color: #a8a8a8;text-align: center;width: 200px;vertical-align: middle\"><strong>\ud83e\udd48 Argent<\/strong><\/td>\n<td style=\"background-color: #c97159;text-align: center;width: 200px;vertical-align: middle\"><strong>\ud83e\udd49 Bronze<\/strong><\/td>\n<\/tr>\n<tr>\n<td style=\"text-align: center;width: 200px;vertical-align: middle\"><strong>60 m<\/strong><\/td>\n<td style=\"text-align: center;width: 200px;vertical-align: middle\"><strong>J\u00e9r\u00e9my Dalphrase<br \/>\n6.93<\/strong><\/td>\n<td style=\"text-align: center;width: 200px;vertical-align: middle\">Yoan Lasbraunias<br \/>\n6.94 <strong>PB<\/strong><\/td>\n<td style=\"text-align: center;width: 200px;vertical-align: middle\">Dejan Ottou<br \/>\n6.95<\/td>\n<\/tr>\n<tr>\n<td style=\"text-align: center;width: 200px;vertical-align: middle\"><strong>200 m<\/strong><\/td>\n<td style=\"text-align: center;width: 200px;vertical-align: middle\"><strong>Dejan Ottou<br \/>\n21.53 PB MPF JU<\/strong><\/td>\n<td style=\"text-align: center;width: 200px;vertical-align: middle\">Lilian Beltai<br \/>\n21.79 <strong>PB<\/strong><\/td>\n<td style=\"text-align: center;width: 200px;vertical-align: middle\">Valentin Brau<br \/>\n21.88 <strong>PB<\/strong><\/td>\n<\/tr>\n<tr>\n<td style=\"text-align: center;width: 200px;vertical-align: middle\"><strong>400 m<\/strong><\/td>\n<td style=\"text-align: center;width: 200px;vertical-align: middle\"><strong>Allan Lacroix<br \/>\n47.60 PB MPF JU<\/strong><\/td>\n<td style=\"text-align: center;width: 200px;vertical-align: middle\">F\u00e9lix Levasseur<br \/>\n48.21 <strong>PB<\/strong><\/td>\n<td style=\"text-align: center;width: 200px;vertical-align: middle\">Mathis Maronnier<br \/>\n48.76 <strong>PB<\/strong><\/td>\n<\/tr>\n<tr>\n<td style=\"text-align: center;width: 200px;vertical-align: middle\"><strong>800 m<\/strong><\/td>\n<td style=\"text-align: center;width: 200px;vertical-align: middle\"><strong>Louey Ouerrat<br \/>\n1:54.07<\/strong><\/td>\n<td style=\"text-align: center;width: 200px;vertical-align: middle\">Cyann Galtier-Villa<br \/>\n1:54.60<\/td>\n<td style=\"text-align: center;width: 200px;vertical-align: middle\">Rayan Belkheir<br \/>\n1:56.03<\/td>\n<\/tr>\n<tr>\n<td style=\"text-align: center;width: 200px;vertical-align: middle\"><strong>60 m haies<\/strong><\/td>\n<td style=\"text-align: center;width: 200px;vertical-align: middle\"><strong>Maxime Moitie-Charnois<br \/>\n7.65 PB<\/strong><\/td>\n<td style=\"text-align: center;width: 200px;vertical-align: middle\">Th\u00e9o Pedr\u00e9<br \/>\n7.71 <strong>PB<\/strong><\/td>\n<td style=\"text-align: center;width: 200px;vertical-align: middle\">Thomas Wilkes<br \/>\n7.74 <strong>PB<\/strong><\/td>\n<\/tr>\n<tr>\n<td style=\"text-align: center;width: 200px;vertical-align: middle\"><strong>Relais 4X1 tour<\/strong><\/td>\n<td style=\"text-align: center;width: 200px;vertical-align: middle\"><strong>Pays de Fontainebleau Athl\u00e9<br \/>\n1:29.66<\/strong><\/td>\n<td style=\"text-align: center;width: 200px;vertical-align: middle\">CA Montreuil 93<br \/>\n1:30.04<\/td>\n<td style=\"text-align: center;width: 200px;vertical-align: middle\">Montpellier Athletic Mediterra<br \/>\n1:30.36<\/td>\n<\/tr>\n<tr>\n<td style=\"text-align: center;width: 200px;vertical-align: middle\"><strong>Saut en hauteur<\/strong><\/td>\n<td style=\"text-align: center;width: 200px;vertical-align: middle\"><strong>Tonin Aubert<br \/>\n2.07 m<\/strong><\/td>\n<td style=\"text-align: center;width: 200px;vertical-align: middle\">Enzo Muscedere<br \/>\n2.02 m<\/td>\n<td style=\"text-align: center;width: 200px;vertical-align: middle\">Louison Delabarre<br \/>\n1.99 m<\/td>\n<\/tr>\n<tr>\n<td style=\"text-align: center;width: 200px;vertical-align: middle\"><strong>Saut \u00e0 la perche<\/strong><\/td>\n<td style=\"text-align: center;width: 200px;vertical-align: middle\"><strong>Mathis Prod Homme<br \/>\n5.30 m SB MPF JU<\/strong><\/td>\n<td style=\"text-align: center;width: 200px;vertical-align: middle\">Ismaila Sawaneh<br \/>\n5.25 m <strong>PB<\/strong><\/td>\n<td style=\"text-align: center;width: 200px;vertical-align: middle\">Gabin Math\u00e9<br \/>\n5.05 m <strong>PB<\/strong><\/td>\n<\/tr>\n<tr>\n<td style=\"text-align: center;width: 200px;vertical-align: middle\"><strong>Saut en longueur<\/strong><\/td>\n<td style=\"text-align: center;width: 200px;vertical-align: middle\"><strong>Alexandre Montagne<br \/>\n7.37 m SB<\/strong><\/td>\n<td style=\"text-align: center;width: 200px;vertical-align: middle\">Mathis Vaitulukina<br \/>\n7.33 m <strong>PB<\/strong><\/td>\n<td style=\"text-align: center;width: 200px;vertical-align: middle\">Titouan Bizet<br \/>\n7.24 m <strong>PB<\/strong><\/td>\n<\/tr>\n<tr>\n<td style=\"text-align: center;width: 200px;vertical-align: middle\"><strong>Triple saut<\/strong><\/td>\n<td style=\"text-align: center;width: 200px;vertical-align: middle\"><strong>Titouan Lamzezc<br \/>\n15.24 m PB<\/strong><\/td>\n<td style=\"text-align: center;width: 200px;vertical-align: middle\">Enzo Boulon<br \/>\n15.14 m <strong>PB<\/strong><\/td>\n<td style=\"text-align: center;width: 200px;vertical-align: middle\">Mathis Oussou<br \/>\n14.72 m <strong>PB<\/strong><\/td>\n<\/tr>\n<\/tbody>\n<\/table>\n<\/div>\n<p style=\"text-align: justify;\"><em><span style=\"font-size: 14px;\">\u00a0<\/span><\/em><\/p>\n<hr \/>\n<h3 style=\"text-align: justify;\">Cadettes<\/h3>\n<div class=\"su-table su-table-alternate\">\n<table style=\"width: 800px;border-collapse: collapse\">\n<tbody>\n<tr>\n<td style=\"text-align: center;width: 200px;vertical-align: middle\"><strong>\u00c9preuves<\/strong><\/td>\n<td style=\"background-color: #fff242;text-align: center;width: 200px;vertical-align: middle\"><strong>\ud83e\udd47 Or<\/strong><\/td>\n<td style=\"background-color: #a8a8a8;text-align: center;width: 200px;vertical-align: middle\"><strong>\ud83e\udd48 Argent<\/strong><\/td>\n<td style=\"background-color: #c97159;text-align: center;width: 200px;vertical-align: middle\"><strong>\ud83e\udd49 Bronze<\/strong><\/td>\n<\/tr>\n<tr>\n<td style=\"text-align: center;width: 200px;vertical-align: middle\"><strong>60 m<\/strong><\/td>\n<td style=\"text-align: center;width: 200px;vertical-align: middle\"><strong>Lohane Gerbier<br \/>\n7.55 PB MPF CA<\/strong><\/td>\n<td style=\"text-align: center;width: 200px;vertical-align: middle\">Vanessa Lokuli<br \/>\n7.58 <strong>SB<\/strong><\/td>\n<td style=\"text-align: center;width: 200px;vertical-align: middle\">Soudatou Niang<br \/>\n7.59 <strong>PB<\/strong><\/td>\n<\/tr>\n<tr>\n<td style=\"text-align: center;width: 200px;vertical-align: middle\"><strong>200 m<\/strong><\/td>\n<td style=\"text-align: center;width: 200px;vertical-align: middle\"><strong>Louma Barmada<br \/>\n24.85 PB<\/strong><\/td>\n<td style=\"text-align: center;width: 200px;vertical-align: middle\">Lohane Gerbier<br \/>\n24.92 <strong>PB<\/strong><\/td>\n<td style=\"text-align: center;width: 200px;vertical-align: middle\">Cl\u00e9o Pele<br \/>\n25.07 <strong>PB<\/strong><\/td>\n<\/tr>\n<tr>\n<td style=\"text-align: center;width: 200px;vertical-align: middle\"><strong>400 m<\/strong><\/td>\n<td style=\"width: 200px;text-align: center\"><strong>Meta Tumba<br \/>\n54.93 PB RCH MPF CA<\/strong><\/td>\n<td style=\"width: 200px;text-align: center\">Lisa Blanc<br \/>\n56.22 <strong>PB<\/strong><\/td>\n<td style=\"width: 200px;text-align: center\">Emilie Montout<br \/>\n56.64 <strong>PB<\/strong><\/td>\n<\/tr>\n<tr>\n<td style=\"text-align: center;width: 200px;vertical-align: middle\"><strong>800 m<\/strong><\/td>\n<td style=\"text-align: center;width: 200px;vertical-align: middle\"><strong>Emma Charlet<br \/>\n2:12.11<\/strong><\/td>\n<td style=\"text-align: center;width: 200px;vertical-align: middle\">Chlo\u00e9 Poittevin<br \/>\n2:12.72<\/td>\n<td style=\"text-align: center;width: 200px;vertical-align: middle\">Valentine Bastide<br \/>\n2:12.78 <strong>PB<\/strong><\/td>\n<\/tr>\n<tr>\n<td style=\"text-align: center;width: 200px;vertical-align: middle\"><strong>60 m haies<\/strong><\/td>\n<td style=\"width: 200px;text-align: center\"><strong>Laura Montauban<br \/>\n8.45 PB<\/strong><\/td>\n<td style=\"width: 200px;text-align: center\">M\u00e9lissa Benfatah<br \/>\n8.46 <strong>PB<\/strong><\/td>\n<td style=\"width: 200px;text-align: center\">Emma Laffitte_Inissola<br \/>\n8.67 <strong>PB<\/strong><\/td>\n<\/tr>\n<tr>\n<td style=\"text-align: center;width: 200px;vertical-align: middle\"><strong>Relais 4X1 tour<\/strong><\/td>\n<td style=\"text-align: center;width: 200px;vertical-align: middle\"><strong>Montpellier Athletic Mediterra<br \/>\n1:422.84<\/strong><\/td>\n<td style=\"text-align: center;width: 200px;vertical-align: middle\">SCO Ste-Marguerite Marseille<br \/>\n1:42.96<\/td>\n<td style=\"text-align: center;width: 200px;vertical-align: middle\">Stade Sottevillais 76<br \/>\n1:44.29<\/td>\n<\/tr>\n<tr>\n<td style=\"text-align: center;width: 200px;vertical-align: middle\"><strong>Saut en hauteur<\/strong><\/td>\n<td style=\"text-align: center;width: 200px;vertical-align: middle\"><strong>Jade Marquis Laine<br \/>\n1.75 m<\/strong><\/td>\n<td style=\"text-align: center;width: 200px;vertical-align: middle\">Garance Fradin<br \/>\n1.68 m <strong>SB<\/strong><\/td>\n<td style=\"text-align: center;width: 200px;vertical-align: middle\">H\u00e9loise Mariette<br \/>\n1.65 m<\/td>\n<\/tr>\n<tr>\n<td style=\"text-align: center;width: 200px;vertical-align: middle\"><strong>Saut \u00e0 la perche<\/strong><\/td>\n<td style=\"text-align: center;width: 200px;vertical-align: middle\"><strong>Am\u00e9lie Labouze<br \/>\n3.60 m<\/strong><\/td>\n<td style=\"text-align: center;width: 200px;vertical-align: middle\">Ana\u00efs Noguerol<br \/>\n3.50 m<strong> PB<\/strong><\/td>\n<td style=\"text-align: center;width: 200px;vertical-align: middle\">Anthea Robert<br \/>\n3.50 m <strong>PB<\/strong><\/td>\n<\/tr>\n<tr>\n<td style=\"text-align: center;width: 200px;vertical-align: middle\"><strong>Saut en longueur<\/strong><\/td>\n<td style=\"text-align: center;width: 200px;vertical-align: middle\"><strong>Camille Le Roux<br \/>\n6.13 m PB<\/strong><\/td>\n<td style=\"text-align: center;width: 200px;vertical-align: middle\">Vanessa Lokuli<br \/>\n5.97 m<\/td>\n<td style=\"text-align: center;width: 200px;vertical-align: middle\">Lohane Gerbier<br \/>\n5.80 m<\/td>\n<\/tr>\n<tr>\n<td style=\"text-align: center;width: 200px;vertical-align: middle\"><strong>Triple saut<\/strong><\/td>\n<td style=\"text-align: center;width: 200px;vertical-align: middle\"><strong>Violette Bray<br \/>\n12.30 m PB<\/strong><\/td>\n<td style=\"text-align: center;width: 200px;vertical-align: middle\">Hanna Buissi\u00e8re<br \/>\n12.05 m <strong>PB<\/strong><\/td>\n<td style=\"text-align: center;width: 200px;vertical-align: middle\">Serena Tondji Wato<br \/>\n11.88 m <strong>SB<\/strong><\/td>\n<\/tr>\n<\/tbody>\n<\/table>\n<\/div>\n<h3 style=\"text-align: justify;\">Cadets<\/h3>\n<div class=\"su-table su-table-alternate\">\n<table style=\"width: 800px;border-collapse: collapse\">\n<tbody>\n<tr>\n<td style=\"text-align: center;width: 200px;vertical-align: middle\"><strong>\u00c9preuves<\/strong><\/td>\n<td style=\"background-color: #fff242;text-align: center;width: 200px;vertical-align: middle\"><strong>\ud83e\udd47 Or<\/strong><\/td>\n<td style=\"background-color: #a8a8a8;text-align: center;width: 200px;vertical-align: middle\"><strong>\ud83e\udd48 Argent<\/strong><\/td>\n<td style=\"background-color: #c97159;text-align: center;width: 200px;vertical-align: middle\"><strong>\ud83e\udd49 Bronze<\/strong><\/td>\n<\/tr>\n<tr>\n<td style=\"text-align: center;width: 200px;vertical-align: middle\"><strong>60 m<\/strong><\/td>\n<td style=\"text-align: center;width: 200px;vertical-align: middle\"><strong>Ylann Bizasene<br \/>\n6.74 PB RF CA RCH MPF CA<\/strong><\/td>\n<td style=\"text-align: center;width: 200px;vertical-align: middle\">Axel Romet<br \/>\n6.87 <strong>PB<\/strong><\/td>\n<td style=\"text-align: center;width: 200px;vertical-align: middle\">Arthur Gheerardyn-Renou<br \/>\n6.89 <strong>PB<\/strong><\/td>\n<\/tr>\n<tr>\n<td style=\"text-align: center;width: 200px;vertical-align: middle\"><strong>200 m<\/strong><\/td>\n<td style=\"text-align: center;width: 200px;vertical-align: middle\"><strong>Wassim Taouil<br \/>\n21.92<\/strong><\/td>\n<td style=\"text-align: center;width: 200px;vertical-align: middle\">Arthur Gheerardyn-Renou<br \/>\n22.11<\/td>\n<td style=\"text-align: center;width: 200px;vertical-align: middle\">Yohann Sitti<br \/>\n22.36<\/td>\n<\/tr>\n<tr>\n<td style=\"text-align: center;width: 200px;vertical-align: middle\"><strong>400 m<\/strong><\/td>\n<td style=\"text-align: center;width: 200px;vertical-align: middle\"><strong>Milann Klemenic<br \/>\n49.33<\/strong><\/td>\n<td style=\"text-align: center;width: 200px;vertical-align: middle\">Thibault Buchard<br \/>\n49.82<\/td>\n<td style=\"text-align: center;width: 200px;vertical-align: middle\">J\u00e9r\u00f4me Mwihaki Le Brun<br \/>\n50.26<\/td>\n<\/tr>\n<tr>\n<td style=\"text-align: center;width: 200px;vertical-align: middle\"><strong>800 m<\/strong><\/td>\n<td style=\"text-align: center;width: 200px;vertical-align: middle\"><strong>Th\u00e9o Th\u00e9venet<br \/>\n1:58.55<\/strong><\/td>\n<td style=\"text-align: center;width: 200px;vertical-align: middle\">Isaac Duportal<br \/>\n1:58.69<\/td>\n<td style=\"text-align: center;width: 200px;vertical-align: middle\">Yanis Vanlanduyt<br \/>\n1:59.15<\/td>\n<\/tr>\n<tr>\n<td style=\"text-align: center;width: 200px;vertical-align: middle\"><strong>60 m haies<\/strong><\/td>\n<td style=\"text-align: center;width: 200px;vertical-align: middle\"><strong>J\u00e9r\u00e9mie Nzoungou<br \/>\n7.71 MPF CA<\/strong><\/td>\n<td style=\"text-align: center;width: 200px;vertical-align: middle\">Mahmood Brulbault<br \/>\n7.84 <strong>PB<\/strong><\/td>\n<td style=\"text-align: center;width: 200px;vertical-align: middle\">Lucas Blanzac-Joly<br \/>\n7.91 <strong>PB<\/strong><\/td>\n<\/tr>\n<tr>\n<td style=\"text-align: center;width: 200px;vertical-align: middle\"><strong>Relais 4X1 tour<br \/>\n<\/strong><\/td>\n<td style=\"text-align: center;width: 200px;vertical-align: middle\"><strong>FAC Andr\u00e9zieux<br \/>\n1:32.94<\/strong><\/td>\n<td style=\"text-align: center;width: 200px;vertical-align: middle\">Elan Sportif de Tr\u00e9lissac<br \/>\n1:33.19<\/td>\n<td style=\"text-align: center;width: 200px;vertical-align: middle\">ES Sucy-en-Brie<br \/>\n1:34.01<\/td>\n<\/tr>\n<tr>\n<td style=\"text-align: center;width: 200px;vertical-align: middle\"><strong>Saut en hauteur<\/strong><\/td>\n<td style=\"text-align: center;width: 200px;vertical-align: middle\"><strong>Elijah Pasquier<br \/>\n2.06 m<\/strong><\/td>\n<td style=\"text-align: center;width: 200px;vertical-align: middle\">Alexandre Tchao-Ago<br \/>\n2.03 m <strong>SB<\/strong><\/td>\n<td style=\"text-align: center;width: 200px;vertical-align: middle\">Ethan Djomo<br \/>\n2.00 m <strong>PB<\/strong><\/td>\n<\/tr>\n<tr>\n<td style=\"text-align: center;width: 200px;vertical-align: middle\"><strong>Saut \u00e0 la perche<\/strong><\/td>\n<td style=\"text-align: center;width: 200px;vertical-align: middle\"><strong>Jules Courel<br \/>\n5.00 m PB MPF CA<\/strong><\/td>\n<td style=\"text-align: center;width: 200px;vertical-align: middle\">Victor Richy<br \/>\n4.75 m <strong>PB<\/strong><\/td>\n<td style=\"text-align: center;width: 200px;vertical-align: middle\">C\u00e9lestin Noblet<br \/>\n4.40 m<\/td>\n<\/tr>\n<tr>\n<td style=\"text-align: center;width: 200px;vertical-align: middle\"><strong>Saut en longueur<\/strong><\/td>\n<td style=\"text-align: center;width: 200px;vertical-align: middle\"><strong>Ylann Bizasene<br \/>\n7.19 m PB MPF CA<\/strong><\/td>\n<td style=\"text-align: center;width: 200px;vertical-align: middle\">Thomas Darbonville<br \/>\n6.89 m <strong>PB<\/strong><\/td>\n<td style=\"text-align: center;width: 200px;vertical-align: middle\">Tiago Garcia<br \/>\n6.84 m<\/td>\n<\/tr>\n<tr>\n<td style=\"text-align: center;width: 200px;vertical-align: middle\"><strong>Triple saut<\/strong><\/td>\n<td style=\"text-align: center;width: 200px;vertical-align: middle\"><strong>Emmanuel Manceron<br \/>\n14.34 m PB<\/strong><\/td>\n<td style=\"text-align: center;width: 200px;vertical-align: middle\">Weaven Metainville<br \/>\n14.16 m<\/td>\n<td style=\"text-align: center;width: 200px;vertical-align: middle\">Th\u00e9o Lechartier<br \/>\n14.11 m<\/td>\n<\/tr>\n<\/tbody>\n<\/table>\n<p style=\"text-align: justify\"><\/div>\n<p style=\"text-align: justify;\"><span style=\"font-size: 14px;\"><em>PB : Record personnel<\/em><\/span><br \/>\n<span style=\"font-size: 14px;\"><em>RF CA : Record de France cadets<\/em><\/span><br \/>\n<span style=\"font-size: 14px;\"><em>RCH : Record des championnats<\/em><\/span><br \/>\n<span style=\"font-size: 14px;\"><em>MPF CA : Meilleure performance fran\u00e7aise cadette de la saison<\/em><\/span><br \/>\n<span style=\"font-size: 14px;\"><em>MPF JU : Meilleure performance fran\u00e7aise junior de la saison<\/em><\/span><br \/>\n<span style=\"font-size: 14px;\"><em>SB : Meilleure performance personnelle de la saison<\/em><\/span><\/p>\n","protected":false},"excerpt":{"rendered":"<p>Les Championnats de France en salle d&rsquo;athl\u00e9tisme juniors et cadets ont lieu du 25 au 26 f\u00e9vrier \u00e0 Lyon. Voici le programme et les r\u00e9sultats.<\/p>\n","protected":false},"author":12,"featured_media":358306,"comment_status":"open","ping_status":"closed","sticky":false,"template":"","format":"standard","meta":{"_acf_changed":false,"_daextam_enable_autolinks":"","footnotes":""},"categories":[2308],"tags":[143,16878],"class_list":["post-355794","post","type-post","status-publish","format-standard","has-post-thumbnail","hentry","category-athletisme","tag-athletisme","tag-breve"],"acf":[],"yoast_head":"<!-- This site is optimized with the Yoast SEO Premium plugin v26.7 (Yoast SEO v26.7) - https:\/\/yoast.com\/wordpress\/plugins\/seo\/ -->\n<title>Programme et r\u00e9sultats Championnats de France en salle d&#039;athl\u00e9tisme juniors et cadets 2023<\/title>\n<meta name=\"description\" content=\"Les Championnats de France en salle d&#039;athl\u00e9tisme juniors et cadets ont lieu du 25 au 26 f\u00e9vrier \u00e0 Lyon. Voici le programme et les r\u00e9sultats.\" \/>\n<meta name=\"robots\" content=\"index, follow, max-snippet:-1, max-image-preview:large, max-video-preview:-1\" \/>\n<link rel=\"canonical\" href=\"https:\/\/dicodusport.fr\/blog\/programme-et-resultats-championnats-de-france-en-salle-dathletisme-juniors-et-cadets-2023\/\" \/>\n<meta property=\"og:locale\" content=\"fr_FR\" \/>\n<meta property=\"og:type\" content=\"article\" \/>\n<meta property=\"og:title\" content=\"Programme et r\u00e9sultats Championnats de France en salle d&#039;athl\u00e9tisme juniors et cadets 2023\" \/>\n<meta property=\"og:description\" content=\"Les Championnats de France en salle d&#039;athl\u00e9tisme juniors et cadets ont lieu du 25 au 26 f\u00e9vrier \u00e0 Lyon. Voici le programme et les r\u00e9sultats.\" \/>\n<meta property=\"og:url\" content=\"https:\/\/dicodusport.fr\/blog\/programme-et-resultats-championnats-de-france-en-salle-dathletisme-juniors-et-cadets-2023\/\" \/>\n<meta property=\"og:site_name\" content=\"Dicodusport\" \/>\n<meta property=\"article:publisher\" content=\"https:\/\/www.facebook.com\/dicodusport\" \/>\n<meta property=\"article:published_time\" content=\"2023-02-26T12:24:02+00:00\" \/>\n<meta property=\"article:modified_time\" content=\"2023-02-26T17:35:55+00:00\" \/>\n<meta property=\"og:image\" content=\"https:\/\/dicodusport.fr\/blog\/wp-content\/uploads\/2023\/02\/Programme-et-resultats-Championnats-de-France-en-salle-dathletisme-juniors-et-cadets-2023.png\" \/>\n\t<meta property=\"og:image:width\" content=\"1200\" \/>\n\t<meta property=\"og:image:height\" content=\"670\" \/>\n\t<meta property=\"og:image:type\" content=\"image\/png\" \/>\n<meta name=\"author\" content=\"Arlette Yeye\" \/>\n<meta name=\"twitter:card\" content=\"summary_large_image\" \/>\n<meta name=\"twitter:title\" content=\"Programme et r\u00e9sultats Championnats de France en salle d&#039;athl\u00e9tisme juniors et cadets 2023\" \/>\n<meta name=\"twitter:creator\" content=\"@https:\/\/twitter.com\/Shiclette94\" \/>\n<meta name=\"twitter:site\" content=\"@dicodusport\" \/>\n<script type=\"application\/ld+json\" class=\"yoast-schema-graph\">{\"@context\":\"https:\/\/schema.org\",\"@graph\":[{\"@type\":\"NewsArticle\",\"@id\":\"https:\/\/dicodusport.fr\/blog\/programme-et-resultats-championnats-de-france-en-salle-dathletisme-juniors-et-cadets-2023\/#article\",\"isPartOf\":{\"@id\":\"https:\/\/dicodusport.fr\/blog\/programme-et-resultats-championnats-de-france-en-salle-dathletisme-juniors-et-cadets-2023\/\"},\"author\":{\"name\":\"Arlette Yeye\",\"@id\":\"https:\/\/dicodusport.fr\/blog\/#\/schema\/person\/cce96fa88785bd8573e3d43078ac8c79\"},\"headline\":\"Programme et r\u00e9sultats Championnats de France en salle d&rsquo;athl\u00e9tisme juniors et cadets 2023\",\"datePublished\":\"2023-02-26T12:24:02+00:00\",\"dateModified\":\"2023-02-26T17:35:55+00:00\",\"mainEntityOfPage\":{\"@id\":\"https:\/\/dicodusport.fr\/blog\/programme-et-resultats-championnats-de-france-en-salle-dathletisme-juniors-et-cadets-2023\/\"},\"wordCount\":1093,\"commentCount\":0,\"publisher\":{\"@id\":\"https:\/\/dicodusport.fr\/blog\/#organization\"},\"image\":{\"@id\":\"https:\/\/dicodusport.fr\/blog\/programme-et-resultats-championnats-de-france-en-salle-dathletisme-juniors-et-cadets-2023\/#primaryimage\"},\"thumbnailUrl\":\"https:\/\/dicodusport.fr\/blog\/wp-content\/uploads\/2023\/02\/Programme-et-resultats-Championnats-de-France-en-salle-dathletisme-juniors-et-cadets-2023.png\",\"keywords\":[\"Athl\u00e9tisme\",\"br\u00e8ve\"],\"articleSection\":[\"Athl\u00e9tisme\"],\"inLanguage\":\"fr-FR\",\"potentialAction\":[{\"@type\":\"CommentAction\",\"name\":\"Comment\",\"target\":[\"https:\/\/dicodusport.fr\/blog\/programme-et-resultats-championnats-de-france-en-salle-dathletisme-juniors-et-cadets-2023\/#respond\"]}],\"copyrightYear\":\"2023\",\"copyrightHolder\":{\"@id\":\"https:\/\/dicodusport.fr\/blog\/#organization\"}},{\"@type\":\"WebPage\",\"@id\":\"https:\/\/dicodusport.fr\/blog\/programme-et-resultats-championnats-de-france-en-salle-dathletisme-juniors-et-cadets-2023\/\",\"url\":\"https:\/\/dicodusport.fr\/blog\/programme-et-resultats-championnats-de-france-en-salle-dathletisme-juniors-et-cadets-2023\/\",\"name\":\"Programme et r\u00e9sultats Championnats de France en salle d'athl\u00e9tisme juniors et cadets 2023\",\"isPartOf\":{\"@id\":\"https:\/\/dicodusport.fr\/blog\/#website\"},\"primaryImageOfPage\":{\"@id\":\"https:\/\/dicodusport.fr\/blog\/programme-et-resultats-championnats-de-france-en-salle-dathletisme-juniors-et-cadets-2023\/#primaryimage\"},\"image\":{\"@id\":\"https:\/\/dicodusport.fr\/blog\/programme-et-resultats-championnats-de-france-en-salle-dathletisme-juniors-et-cadets-2023\/#primaryimage\"},\"thumbnailUrl\":\"https:\/\/dicodusport.fr\/blog\/wp-content\/uploads\/2023\/02\/Programme-et-resultats-Championnats-de-France-en-salle-dathletisme-juniors-et-cadets-2023.png\",\"datePublished\":\"2023-02-26T12:24:02+00:00\",\"dateModified\":\"2023-02-26T17:35:55+00:00\",\"description\":\"Les Championnats de France en salle d'athl\u00e9tisme juniors et cadets ont lieu du 25 au 26 f\u00e9vrier \u00e0 Lyon. Voici le programme et les r\u00e9sultats.\",\"breadcrumb\":{\"@id\":\"https:\/\/dicodusport.fr\/blog\/programme-et-resultats-championnats-de-france-en-salle-dathletisme-juniors-et-cadets-2023\/#breadcrumb\"},\"inLanguage\":\"fr-FR\",\"potentialAction\":[{\"@type\":\"ReadAction\",\"target\":[\"https:\/\/dicodusport.fr\/blog\/programme-et-resultats-championnats-de-france-en-salle-dathletisme-juniors-et-cadets-2023\/\"]}]},{\"@type\":\"ImageObject\",\"inLanguage\":\"fr-FR\",\"@id\":\"https:\/\/dicodusport.fr\/blog\/programme-et-resultats-championnats-de-france-en-salle-dathletisme-juniors-et-cadets-2023\/#primaryimage\",\"url\":\"https:\/\/dicodusport.fr\/blog\/wp-content\/uploads\/2023\/02\/Programme-et-resultats-Championnats-de-France-en-salle-dathletisme-juniors-et-cadets-2023.png\",\"contentUrl\":\"https:\/\/dicodusport.fr\/blog\/wp-content\/uploads\/2023\/02\/Programme-et-resultats-Championnats-de-France-en-salle-dathletisme-juniors-et-cadets-2023.png\",\"width\":1200,\"height\":670,\"caption\":\"Programme et r\u00e9sultats Championnats de France en salle d'athl\u00e9tisme juniors et cadets 2023\"},{\"@type\":\"BreadcrumbList\",\"@id\":\"https:\/\/dicodusport.fr\/blog\/programme-et-resultats-championnats-de-france-en-salle-dathletisme-juniors-et-cadets-2023\/#breadcrumb\",\"itemListElement\":[{\"@type\":\"ListItem\",\"position\":1,\"name\":\"Accueil\",\"item\":\"https:\/\/dicodusport.fr\/blog\/\"},{\"@type\":\"ListItem\",\"position\":2,\"name\":\"Programme et r\u00e9sultats Championnats de France en salle d&rsquo;athl\u00e9tisme juniors et cadets 2023\"}]},{\"@type\":\"WebSite\",\"@id\":\"https:\/\/dicodusport.fr\/blog\/#website\",\"url\":\"https:\/\/dicodusport.fr\/blog\/\",\"name\":\"Dicodusport\",\"description\":\"L&#039;encyclop\u00e9die de l&#039;actualit\u00e9 sportive\",\"publisher\":{\"@id\":\"https:\/\/dicodusport.fr\/blog\/#organization\"},\"potentialAction\":[{\"@type\":\"SearchAction\",\"target\":{\"@type\":\"EntryPoint\",\"urlTemplate\":\"https:\/\/dicodusport.fr\/blog\/?s={search_term_string}\"},\"query-input\":{\"@type\":\"PropertyValueSpecification\",\"valueRequired\":true,\"valueName\":\"search_term_string\"}}],\"inLanguage\":\"fr-FR\"},{\"@type\":\"NewsMediaOrganization\",\"@id\":\"https:\/\/dicodusport.fr\/blog\/#organization\",\"name\":\"Dicodusport\",\"url\":\"https:\/\/dicodusport.fr\/blog\/\",\"logo\":{\"@type\":\"ImageObject\",\"inLanguage\":\"fr-FR\",\"@id\":\"https:\/\/dicodusport.fr\/blog\/#\/schema\/logo\/image\/\",\"url\":\"https:\/\/dicodusport.fr\/blog\/wp-content\/uploads\/2020\/06\/cropped-LOGO-DICODUSPORT-2020-SANS-FOND-SANS-TEXTE.png\",\"contentUrl\":\"https:\/\/dicodusport.fr\/blog\/wp-content\/uploads\/2020\/06\/cropped-LOGO-DICODUSPORT-2020-SANS-FOND-SANS-TEXTE.png\",\"width\":512,\"height\":512,\"caption\":\"Dicodusport\"},\"image\":{\"@id\":\"https:\/\/dicodusport.fr\/blog\/#\/schema\/logo\/image\/\"},\"sameAs\":[\"https:\/\/www.facebook.com\/dicodusport\",\"https:\/\/x.com\/dicodusport\",\"https:\/\/www.instagram.com\/dicodusport\/\",\"https:\/\/www.youtube.com\/channel\/UC7V2KZ5sd3htJivAbA4ZG3w\"],\"description\":\"Dicodusport est l'encyclop\u00e9die de l'actualit\u00e9 sportive.\",\"email\":\"bonjour@dicodusport.fr\",\"legalName\":\"DICODUSPORT\",\"foundingDate\":\"2018-01-14\",\"vatID\":\"FR71834470973\",\"taxID\":\"83447097300043\",\"numberOfEmployees\":{\"@type\":\"QuantitativeValue\",\"minValue\":\"1\",\"maxValue\":\"10\"}},{\"@type\":\"Person\",\"@id\":\"https:\/\/dicodusport.fr\/blog\/#\/schema\/person\/cce96fa88785bd8573e3d43078ac8c79\",\"name\":\"Arlette Yeye\",\"image\":{\"@type\":\"ImageObject\",\"inLanguage\":\"fr-FR\",\"@id\":\"https:\/\/dicodusport.fr\/blog\/#\/schema\/person\/image\/\",\"url\":\"https:\/\/secure.gravatar.com\/avatar\/dca4a6239e6d708e46c45d60e160de6c?s=96&d=wp_user_avatar&r=g\",\"contentUrl\":\"https:\/\/secure.gravatar.com\/avatar\/dca4a6239e6d708e46c45d60e160de6c?s=96&d=wp_user_avatar&r=g\",\"caption\":\"Arlette Yeye\"},\"description\":\"Journaliste\/r\u00e9dactrice depuis septembre 2015 - Supportrice de Chelsea, j'ai pour sports de pr\u00e9dilection le handball, l'athl\u00e9tisme et le tennis. Si je tweete plus vite que mon ombre, vous pouvez aussi me retrouver les week-ends sur les playgrounds de Bruxelles pour un petit foot ou basket entre potes. Parcourir la France, l'Europe et plus si affinit\u00e9s pour suivre mes sportifs pr\u00e9f\u00e9r\u00e9s ? Mon kif ! Et c'est avec plaisir que je partage les r\u00e9sultats des sports populaires mais \u00e9galement plus confidentiels pour Dicodusport.\",\"sameAs\":[\"https:\/\/x.com\/https:\/\/twitter.com\/Shiclette94\"],\"url\":\"https:\/\/dicodusport.fr\/blog\/author\/arlette\/\"}]}<\/script>\n<!-- \/ Yoast SEO Premium plugin. -->","yoast_head_json":{"title":"Programme et r\u00e9sultats Championnats de France en salle d'athl\u00e9tisme juniors et cadets 2023","description":"Les Championnats de France en salle d'athl\u00e9tisme juniors et cadets ont lieu du 25 au 26 f\u00e9vrier \u00e0 Lyon. Voici le programme et les r\u00e9sultats.","robots":{"index":"index","follow":"follow","max-snippet":"max-snippet:-1","max-image-preview":"max-image-preview:large","max-video-preview":"max-video-preview:-1"},"canonical":"https:\/\/dicodusport.fr\/blog\/programme-et-resultats-championnats-de-france-en-salle-dathletisme-juniors-et-cadets-2023\/","og_locale":"fr_FR","og_type":"article","og_title":"Programme et r\u00e9sultats Championnats de France en salle d'athl\u00e9tisme juniors et cadets 2023","og_description":"Les Championnats de France en salle d'athl\u00e9tisme juniors et cadets ont lieu du 25 au 26 f\u00e9vrier \u00e0 Lyon. Voici le programme et les r\u00e9sultats.","og_url":"https:\/\/dicodusport.fr\/blog\/programme-et-resultats-championnats-de-france-en-salle-dathletisme-juniors-et-cadets-2023\/","og_site_name":"Dicodusport","article_publisher":"https:\/\/www.facebook.com\/dicodusport","article_published_time":"2023-02-26T12:24:02+00:00","article_modified_time":"2023-02-26T17:35:55+00:00","og_image":[{"width":1200,"height":670,"url":"https:\/\/dicodusport.fr\/blog\/wp-content\/uploads\/2023\/02\/Programme-et-resultats-Championnats-de-France-en-salle-dathletisme-juniors-et-cadets-2023.png","type":"image\/png"}],"author":"Arlette Yeye","twitter_card":"summary_large_image","twitter_title":"Programme et r\u00e9sultats Championnats de France en salle d'athl\u00e9tisme juniors et cadets 2023","twitter_creator":"@https:\/\/twitter.com\/Shiclette94","twitter_site":"@dicodusport","schema":{"@context":"https:\/\/schema.org","@graph":[{"@type":"NewsArticle","@id":"https:\/\/dicodusport.fr\/blog\/programme-et-resultats-championnats-de-france-en-salle-dathletisme-juniors-et-cadets-2023\/#article","isPartOf":{"@id":"https:\/\/dicodusport.fr\/blog\/programme-et-resultats-championnats-de-france-en-salle-dathletisme-juniors-et-cadets-2023\/"},"author":{"name":"Arlette Yeye","@id":"https:\/\/dicodusport.fr\/blog\/#\/schema\/person\/cce96fa88785bd8573e3d43078ac8c79"},"headline":"Programme et r\u00e9sultats Championnats de France en salle d&rsquo;athl\u00e9tisme juniors et cadets 2023","datePublished":"2023-02-26T12:24:02+00:00","dateModified":"2023-02-26T17:35:55+00:00","mainEntityOfPage":{"@id":"https:\/\/dicodusport.fr\/blog\/programme-et-resultats-championnats-de-france-en-salle-dathletisme-juniors-et-cadets-2023\/"},"wordCount":1093,"commentCount":0,"publisher":{"@id":"https:\/\/dicodusport.fr\/blog\/#organization"},"image":{"@id":"https:\/\/dicodusport.fr\/blog\/programme-et-resultats-championnats-de-france-en-salle-dathletisme-juniors-et-cadets-2023\/#primaryimage"},"thumbnailUrl":"https:\/\/dicodusport.fr\/blog\/wp-content\/uploads\/2023\/02\/Programme-et-resultats-Championnats-de-France-en-salle-dathletisme-juniors-et-cadets-2023.png","keywords":["Athl\u00e9tisme","br\u00e8ve"],"articleSection":["Athl\u00e9tisme"],"inLanguage":"fr-FR","potentialAction":[{"@type":"CommentAction","name":"Comment","target":["https:\/\/dicodusport.fr\/blog\/programme-et-resultats-championnats-de-france-en-salle-dathletisme-juniors-et-cadets-2023\/#respond"]}],"copyrightYear":"2023","copyrightHolder":{"@id":"https:\/\/dicodusport.fr\/blog\/#organization"}},{"@type":"WebPage","@id":"https:\/\/dicodusport.fr\/blog\/programme-et-resultats-championnats-de-france-en-salle-dathletisme-juniors-et-cadets-2023\/","url":"https:\/\/dicodusport.fr\/blog\/programme-et-resultats-championnats-de-france-en-salle-dathletisme-juniors-et-cadets-2023\/","name":"Programme et r\u00e9sultats Championnats de France en salle d'athl\u00e9tisme juniors et cadets 2023","isPartOf":{"@id":"https:\/\/dicodusport.fr\/blog\/#website"},"primaryImageOfPage":{"@id":"https:\/\/dicodusport.fr\/blog\/programme-et-resultats-championnats-de-france-en-salle-dathletisme-juniors-et-cadets-2023\/#primaryimage"},"image":{"@id":"https:\/\/dicodusport.fr\/blog\/programme-et-resultats-championnats-de-france-en-salle-dathletisme-juniors-et-cadets-2023\/#primaryimage"},"thumbnailUrl":"https:\/\/dicodusport.fr\/blog\/wp-content\/uploads\/2023\/02\/Programme-et-resultats-Championnats-de-France-en-salle-dathletisme-juniors-et-cadets-2023.png","datePublished":"2023-02-26T12:24:02+00:00","dateModified":"2023-02-26T17:35:55+00:00","description":"Les Championnats de France en salle d'athl\u00e9tisme juniors et cadets ont lieu du 25 au 26 f\u00e9vrier \u00e0 Lyon. Voici le programme et les r\u00e9sultats.","breadcrumb":{"@id":"https:\/\/dicodusport.fr\/blog\/programme-et-resultats-championnats-de-france-en-salle-dathletisme-juniors-et-cadets-2023\/#breadcrumb"},"inLanguage":"fr-FR","potentialAction":[{"@type":"ReadAction","target":["https:\/\/dicodusport.fr\/blog\/programme-et-resultats-championnats-de-france-en-salle-dathletisme-juniors-et-cadets-2023\/"]}]},{"@type":"ImageObject","inLanguage":"fr-FR","@id":"https:\/\/dicodusport.fr\/blog\/programme-et-resultats-championnats-de-france-en-salle-dathletisme-juniors-et-cadets-2023\/#primaryimage","url":"https:\/\/dicodusport.fr\/blog\/wp-content\/uploads\/2023\/02\/Programme-et-resultats-Championnats-de-France-en-salle-dathletisme-juniors-et-cadets-2023.png","contentUrl":"https:\/\/dicodusport.fr\/blog\/wp-content\/uploads\/2023\/02\/Programme-et-resultats-Championnats-de-France-en-salle-dathletisme-juniors-et-cadets-2023.png","width":1200,"height":670,"caption":"Programme et r\u00e9sultats Championnats de France en salle d'athl\u00e9tisme juniors et cadets 2023"},{"@type":"BreadcrumbList","@id":"https:\/\/dicodusport.fr\/blog\/programme-et-resultats-championnats-de-france-en-salle-dathletisme-juniors-et-cadets-2023\/#breadcrumb","itemListElement":[{"@type":"ListItem","position":1,"name":"Accueil","item":"https:\/\/dicodusport.fr\/blog\/"},{"@type":"ListItem","position":2,"name":"Programme et r\u00e9sultats Championnats de France en salle d&rsquo;athl\u00e9tisme juniors et cadets 2023"}]},{"@type":"WebSite","@id":"https:\/\/dicodusport.fr\/blog\/#website","url":"https:\/\/dicodusport.fr\/blog\/","name":"Dicodusport","description":"L&#039;encyclop\u00e9die de l&#039;actualit\u00e9 sportive","publisher":{"@id":"https:\/\/dicodusport.fr\/blog\/#organization"},"potentialAction":[{"@type":"SearchAction","target":{"@type":"EntryPoint","urlTemplate":"https:\/\/dicodusport.fr\/blog\/?s={search_term_string}"},"query-input":{"@type":"PropertyValueSpecification","valueRequired":true,"valueName":"search_term_string"}}],"inLanguage":"fr-FR"},{"@type":"NewsMediaOrganization","@id":"https:\/\/dicodusport.fr\/blog\/#organization","name":"Dicodusport","url":"https:\/\/dicodusport.fr\/blog\/","logo":{"@type":"ImageObject","inLanguage":"fr-FR","@id":"https:\/\/dicodusport.fr\/blog\/#\/schema\/logo\/image\/","url":"https:\/\/dicodusport.fr\/blog\/wp-content\/uploads\/2020\/06\/cropped-LOGO-DICODUSPORT-2020-SANS-FOND-SANS-TEXTE.png","contentUrl":"https:\/\/dicodusport.fr\/blog\/wp-content\/uploads\/2020\/06\/cropped-LOGO-DICODUSPORT-2020-SANS-FOND-SANS-TEXTE.png","width":512,"height":512,"caption":"Dicodusport"},"image":{"@id":"https:\/\/dicodusport.fr\/blog\/#\/schema\/logo\/image\/"},"sameAs":["https:\/\/www.facebook.com\/dicodusport","https:\/\/x.com\/dicodusport","https:\/\/www.instagram.com\/dicodusport\/","https:\/\/www.youtube.com\/channel\/UC7V2KZ5sd3htJivAbA4ZG3w"],"description":"Dicodusport est l'encyclop\u00e9die de l'actualit\u00e9 sportive.","email":"bonjour@dicodusport.fr","legalName":"DICODUSPORT","foundingDate":"2018-01-14","vatID":"FR71834470973","taxID":"83447097300043","numberOfEmployees":{"@type":"QuantitativeValue","minValue":"1","maxValue":"10"}},{"@type":"Person","@id":"https:\/\/dicodusport.fr\/blog\/#\/schema\/person\/cce96fa88785bd8573e3d43078ac8c79","name":"Arlette Yeye","image":{"@type":"ImageObject","inLanguage":"fr-FR","@id":"https:\/\/dicodusport.fr\/blog\/#\/schema\/person\/image\/","url":"https:\/\/secure.gravatar.com\/avatar\/dca4a6239e6d708e46c45d60e160de6c?s=96&d=wp_user_avatar&r=g","contentUrl":"https:\/\/secure.gravatar.com\/avatar\/dca4a6239e6d708e46c45d60e160de6c?s=96&d=wp_user_avatar&r=g","caption":"Arlette Yeye"},"description":"Journaliste\/r\u00e9dactrice depuis septembre 2015 - Supportrice de Chelsea, j'ai pour sports de pr\u00e9dilection le handball, l'athl\u00e9tisme et le tennis. Si je tweete plus vite que mon ombre, vous pouvez aussi me retrouver les week-ends sur les playgrounds de Bruxelles pour un petit foot ou basket entre potes. Parcourir la France, l'Europe et plus si affinit\u00e9s pour suivre mes sportifs pr\u00e9f\u00e9r\u00e9s ? Mon kif ! Et c'est avec plaisir que je partage les r\u00e9sultats des sports populaires mais \u00e9galement plus confidentiels pour Dicodusport.","sameAs":["https:\/\/x.com\/https:\/\/twitter.com\/Shiclette94"],"url":"https:\/\/dicodusport.fr\/blog\/author\/arlette\/"}]}},"_links":{"self":[{"href":"https:\/\/dicodusport.fr\/blog\/wp-json\/wp\/v2\/posts\/355794","targetHints":{"allow":["GET"]}}],"collection":[{"href":"https:\/\/dicodusport.fr\/blog\/wp-json\/wp\/v2\/posts"}],"about":[{"href":"https:\/\/dicodusport.fr\/blog\/wp-json\/wp\/v2\/types\/post"}],"author":[{"embeddable":true,"href":"https:\/\/dicodusport.fr\/blog\/wp-json\/wp\/v2\/users\/12"}],"replies":[{"embeddable":true,"href":"https:\/\/dicodusport.fr\/blog\/wp-json\/wp\/v2\/comments?post=355794"}],"version-history":[{"count":0,"href":"https:\/\/dicodusport.fr\/blog\/wp-json\/wp\/v2\/posts\/355794\/revisions"}],"wp:featuredmedia":[{"embeddable":true,"href":"https:\/\/dicodusport.fr\/blog\/wp-json\/wp\/v2\/media\/358306"}],"wp:attachment":[{"href":"https:\/\/dicodusport.fr\/blog\/wp-json\/wp\/v2\/media?parent=355794"}],"wp:term":[{"taxonomy":"category","embeddable":true,"href":"https:\/\/dicodusport.fr\/blog\/wp-json\/wp\/v2\/categories?post=355794"},{"taxonomy":"post_tag","embeddable":true,"href":"https:\/\/dicodusport.fr\/blog\/wp-json\/wp\/v2\/tags?post=355794"}],"curies":[{"name":"wp","href":"https:\/\/api.w.org\/{rel}","templated":true}]}}