{"id":355795,"date":"2023-02-26T17:17:04","date_gmt":"2023-02-26T16:17:04","guid":{"rendered":"https:\/\/dicodusport.fr\/blog\/?p=355795&#038;preview=true&#038;preview_id=355795"},"modified":"2023-02-26T18:52:20","modified_gmt":"2023-02-26T17:52:20","slug":"programme-et-resultats-championnats-de-france-hivernaux-des-lancers-2023","status":"publish","type":"post","link":"https:\/\/dicodusport.fr\/blog\/programme-et-resultats-championnats-de-france-hivernaux-des-lancers-2023\/","title":{"rendered":"Programme et r\u00e9sultats Championnats de France hivernaux des lancers 2023"},"content":{"rendered":"<p style=\"text-align: justify;\"><strong><em>Les Championnats de France hivernaux des lancers ont lieu ce samedi 25 et dimanche 26 f\u00e9vrier \u00e0 Salon-de-Provence. Voici le programme et les r\u00e9sultats de la comp\u00e9tition.<\/em><\/strong><\/p>\n<p style=\"text-align: justify;\">La comp\u00e9tition est \u00e0 suivre sur <a href=\"https:\/\/www.athletv.fr\/sportitemset\/63d2b14c81a5d38efc23469a\" target=\"_blank\" rel=\"noopener\"><strong>Athl\u00e9 TV<\/strong><\/a>.<\/p>\n<h2><\/h2>\n<h2 style=\"text-align: justify;\">Le programme complet<\/h2>\n<p style=\"text-align: justify;\"><div class=\"su-tabs su-tabs-style-default su-tabs-mobile-stack\" data-active=\"2\" data-scroll-offset=\"0\" data-anchor-in-url=\"no\"><div class=\"su-tabs-nav\"><span class=\"\" data-url=\"\" data-target=\"blank\" tabindex=\"0\" role=\"button\">Samedi 25 f\u00e9vrier<\/span><span class=\"\" data-url=\"\" data-target=\"blank\" tabindex=\"0\" role=\"button\">Dimanche 26 f\u00e9vrier<\/span><\/div><div class=\"su-tabs-panes\"><div class=\"su-tabs-pane su-u-clearfix su-u-trim\" data-title=\"Samedi 25 f\u00e9vrier\">\n<p style=\"text-align: justify;\"><strong>12h : <\/strong><a href=\"https:\/\/bases.athle.fr\/asp.net\/liste.aspx?frmbase=lives&amp;frmmode=1&amp;frmespace=0&amp;frmcompetition=272861&amp;frmepreuvem=Disque+(1.0+Kg)+%2f+SEF&amp;frmtour=7&amp;frmserie=\">Lancer du disque seniors F<\/a><br \/>\n<strong>12h : <\/strong><a href=\"https:\/\/bases.athle.fr\/asp.net\/liste.aspx?frmbase=lives&amp;frmmode=1&amp;frmespace=0&amp;frmcompetition=272861&amp;frmepreuvem=Marteau+(4+Kg)+%2f+JUF&amp;frmtour=7&amp;frmserie=\">Lancer du marteau juniors F<\/a><br \/>\n<strong>12h : <\/strong><a href=\"https:\/\/bases.athle.fr\/asp.net\/liste.aspx?frmbase=lives&amp;frmmode=1&amp;frmespace=0&amp;frmcompetition=272861&amp;frmepreuvem=Poids+(6+Kg)+-+Salle+%2f+JUM&amp;frmtour=7&amp;frmserie=\" target=\"_blank\" rel=\"noopener\">Lancer du poids juniors H<\/a><br \/>\n<strong>12h : <\/strong><a href=\"https:\/\/bases.athle.fr\/asp.net\/liste.aspx?frmbase=lives&amp;frmmode=1&amp;frmespace=0&amp;frmcompetition=272861&amp;frmepreuvem=Javelot+(500+G)+%2f+CAF&amp;frmtour=7&amp;frmserie=\">Lancer du javelot cadettes<\/a><\/p>\n<p style=\"text-align: justify;\"><strong>13h45 : <\/strong><a href=\"https:\/\/bases.athle.fr\/asp.net\/liste.aspx?frmbase=lives&amp;frmmode=1&amp;frmespace=0&amp;frmcompetition=272861&amp;frmepreuvem=Disque+(1.5+Kg)+%2f+CAM&amp;frmtour=7&amp;frmserie=\">Lancer du disque cadets<\/a><br \/>\n<strong>13h45 : <\/strong><a href=\"https:\/\/bases.athle.fr\/asp.net\/liste.aspx?frmbase=lives&amp;frmmode=1&amp;frmespace=0&amp;frmcompetition=272861&amp;frmepreuvem=Poids+(7+Kg)+-+Salle+%2f+ESM&amp;frmtour=7&amp;frmserie=\">Lancer du poids espoirs H<\/a><br \/>\n<strong>13h45 : <\/strong><a href=\"https:\/\/bases.athle.fr\/asp.net\/liste.aspx?frmbase=lives&amp;frmmode=1&amp;frmespace=0&amp;frmcompetition=272861&amp;frmepreuvem=Marteau+(7+Kg)+%2f+SEM&amp;frmtour=7&amp;frmserie=\">Lancer du marteau seniors H<\/a><br \/>\n<strong>13h45 : <\/strong><a href=\"https:\/\/bases.athle.fr\/asp.net\/liste.aspx?frmbase=lives&amp;frmmode=1&amp;frmespace=0&amp;frmcompetition=272861&amp;frmepreuvem=Javelot+(600+G)+%2f+JUF&amp;frmtour=7&amp;frmserie=\">Lancer du javelot juniors f<\/a><\/p>\n<p style=\"text-align: justify;\"><strong>15h30 :<\/strong> <a href=\"https:\/\/bases.athle.fr\/asp.net\/liste.aspx?frmbase=lives&amp;frmmode=1&amp;frmespace=0&amp;frmcompetition=272861&amp;frmepreuvem=Poids+(3+Kg)+-+Salle+%2f+CAF&amp;frmtour=7&amp;frmserie=\">Lancer du poids cadettes<\/a><br \/>\n<strong>15h30 :<\/strong> <a href=\"https:\/\/bases.athle.fr\/asp.net\/liste.aspx?frmbase=lives&amp;frmmode=1&amp;frmespace=0&amp;frmcompetition=272861&amp;frmepreuvem=Disque+(1.7+Kg)+%2f+JUM&amp;frmtour=7&amp;frmserie=\">Lancer du disque juniors H<\/a><br \/>\n<strong>15h30 :<\/strong> <a href=\"https:\/\/bases.athle.fr\/asp.net\/liste.aspx?frmbase=lives&amp;frmmode=1&amp;frmespace=0&amp;frmcompetition=272861&amp;frmepreuvem=Marteau+(4+Kg)+%2f+ESF&amp;frmtour=7&amp;frmserie=\">Lancer du marteau espoirs F<\/a><br \/>\n<strong>15h30 :<\/strong> <a href=\"https:\/\/bases.athle.fr\/asp.net\/liste.aspx?frmbase=lives&amp;frmmode=1&amp;frmespace=0&amp;frmcompetition=272861&amp;frmepreuvem=Javelot+(800+G)+%2f+SEM&amp;frmtour=7&amp;frmserie=\">Lancer du javelot seniors H<\/a><\/p>\n<p style=\"text-align: justify;\"><strong>17h15 :<\/strong> <a href=\"https:\/\/bases.athle.fr\/asp.net\/liste.aspx?frmbase=lives&amp;frmmode=1&amp;frmespace=0&amp;frmcompetition=272861&amp;frmepreuvem=Poids+(4+Kg)+-+Salle+%2f+SEF&amp;frmtour=7&amp;frmserie=\">Lancer du poids seniors F<\/a><br \/>\n<strong>17h15 :<\/strong> <a href=\"https:\/\/bases.athle.fr\/asp.net\/liste.aspx?frmbase=lives&amp;frmmode=1&amp;frmespace=0&amp;frmcompetition=272861&amp;frmepreuvem=Disque+(2.0+Kg)+%2f+ESM&amp;frmtour=7&amp;frmserie=\">Lancer du disque espoirs H<\/a><br \/>\n<strong>17h15 :<\/strong> <a href=\"https:\/\/bases.athle.fr\/asp.net\/liste.aspx?frmbase=lives&amp;frmmode=1&amp;frmespace=0&amp;frmcompetition=272861&amp;frmepreuvem=Marteau+(3+Kg)+%2f+CAF&amp;frmtour=7&amp;frmserie=\">Lancer du marteau cadettes<\/a><br \/>\n<strong>17h15 :<\/strong> <a href=\"https:\/\/bases.athle.fr\/asp.net\/liste.aspx?frmbase=lives&amp;frmmode=1&amp;frmespace=0&amp;frmcompetition=272861&amp;frmepreuvem=Javelot+(600+G)+%2f+ESF&amp;frmtour=7&amp;frmserie=\">Lancer du javelot espoirs F<\/a><\/p>\n<ul>\n<li><a title=\"Championnats de France hivernaux de lancers : M\u00e9lina Robert-Michon battue au disque\" href=\"https:\/\/dicodusport.fr\/blog\/championnats-de-france-hivernaux-de-lancers-melina-robert-michon-battue-au-disque\/\" target=\"_blank\" rel=\"noopener\"><strong>R\u00e9sum\u00e9 de la journ\u00e9e<\/strong><\/a><\/li>\n<\/ul>\n<\/div>\n<div class=\"su-tabs-pane su-u-clearfix su-u-trim\" data-title=\"Dimanche 26 f\u00e9vrier\">\n<p><strong>9h30 :<\/strong> <a href=\"https:\/\/bases.athle.fr\/asp.net\/liste.aspx?frmbase=lives&amp;frmmode=1&amp;frmespace=0&amp;frmcompetition=272861&amp;frmepreuvem=Poids+(4+Kg)+-+Salle+%2f+ESF&amp;frmtour=7&amp;frmserie=\">Lancer du poids espoirs F<\/a><br \/>\n<strong>9h30 :<\/strong> <a href=\"https:\/\/bases.athle.fr\/asp.net\/liste.aspx?frmbase=lives&amp;frmmode=1&amp;frmespace=0&amp;frmcompetition=272861&amp;frmepreuvem=Disque+(1.0+Kg)+%2f+JUF&amp;frmtour=7&amp;frmserie=\">Lancer du disque juniors F<\/a><br \/>\n<strong>9h30 :<\/strong> <a href=\"https:\/\/bases.athle.fr\/asp.net\/liste.aspx?frmbase=lives&amp;frmmode=1&amp;frmespace=0&amp;frmcompetition=272861&amp;frmepreuvem=Marteau+(6+Kg)+%2f+JUM&amp;frmtour=7&amp;frmserie=\">Lancer du marteau juniors H<\/a><br \/>\n<strong>9h30 :<\/strong> <a href=\"https:\/\/bases.athle.fr\/asp.net\/liste.aspx?frmbase=lives&amp;frmmode=1&amp;frmespace=0&amp;frmcompetition=272861&amp;frmepreuvem=Javelot+(700+G)+%2f+CAM&amp;frmtour=7&amp;frmserie=\">Lancer du javelot cadets<\/a><\/p>\n<p><strong>11h15 :<\/strong> <a href=\"https:\/\/bases.athle.fr\/asp.net\/liste.aspx?frmbase=lives&amp;frmmode=1&amp;frmespace=0&amp;frmcompetition=272861&amp;frmepreuvem=Poids+(5+Kg)+-+Salle+%2f+CAM&amp;frmtour=7&amp;frmserie=\">Lancer du poids cadets<\/a><br \/>\n<strong>11h15 :<\/strong> <a href=\"https:\/\/bases.athle.fr\/asp.net\/liste.aspx?frmbase=lives&amp;frmmode=1&amp;frmespace=0&amp;frmcompetition=272861&amp;frmepreuvem=Disque+(1.0+Kg)+%2f+CAF&amp;frmtour=7&amp;frmserie=\">Lancer du disque cadettes<\/a><br \/>\n<strong>11h15 :<\/strong> <a href=\"https:\/\/bases.athle.fr\/asp.net\/liste.aspx?frmbase=lives&amp;frmmode=1&amp;frmespace=0&amp;frmcompetition=272861&amp;frmepreuvem=Marteau+(4+Kg)+%2f+SEF&amp;frmtour=7&amp;frmserie=\">Lancer du marteau seniors F<\/a><br \/>\n<strong>11h15 :<\/strong> <a href=\"https:\/\/bases.athle.fr\/asp.net\/liste.aspx?frmbase=lives&amp;frmmode=1&amp;frmespace=0&amp;frmcompetition=272861&amp;frmepreuvem=Javelot+(800+G)+%2f+JUM&amp;frmtour=7&amp;frmserie=\">Lancer du javelot juniors H<\/a><\/p>\n<p><strong>14h :<\/strong> <a href=\"https:\/\/bases.athle.fr\/asp.net\/liste.aspx?frmbase=lives&amp;frmmode=1&amp;frmespace=0&amp;frmcompetition=272861&amp;frmepreuvem=Poids+(4+Kg)+-+Salle+%2f+JUF&amp;frmtour=7&amp;frmserie=\">Lancer du poids juniors F<\/a><br \/>\n<strong>14h :<\/strong> <a href=\"https:\/\/bases.athle.fr\/asp.net\/liste.aspx?frmbase=lives&amp;frmmode=1&amp;frmespace=0&amp;frmcompetition=272861&amp;frmepreuvem=Disque+(2.0+Kg)+%2f+SEM&amp;frmtour=7&amp;frmserie=\">Lancer du disque seniors H<\/a><br \/>\n<strong>14h :<\/strong> <a href=\"https:\/\/bases.athle.fr\/asp.net\/liste.aspx?frmbase=lives&amp;frmmode=1&amp;frmespace=0&amp;frmcompetition=272861&amp;frmepreuvem=Marteau+(5+Kg)+%2f+CAM&amp;frmtour=7&amp;frmserie=\">Lancer du marteau cadets<\/a><br \/>\n<strong>14h :<\/strong> <a href=\"https:\/\/bases.athle.fr\/asp.net\/liste.aspx?frmbase=lives&amp;frmmode=1&amp;frmespace=0&amp;frmcompetition=272861&amp;frmepreuvem=Javelot+(800+G)+%2f+ESM&amp;frmtour=7&amp;frmserie=\">Lancer du javelot espoirs H<\/a><\/p>\n<p><strong>15h45 :<\/strong> <a href=\"https:\/\/bases.athle.fr\/asp.net\/liste.aspx?frmbase=lives&amp;frmmode=1&amp;frmespace=0&amp;frmcompetition=272861&amp;frmepreuvem=Poids+(7+Kg)+-+Salle+%2f+SEM&amp;frmtour=7&amp;frmserie=\">Lancer du poids seniors H<\/a><br \/>\n<strong>15h45 :<\/strong> <a href=\"https:\/\/bases.athle.fr\/asp.net\/liste.aspx?frmbase=lives&amp;frmmode=1&amp;frmespace=0&amp;frmcompetition=272861&amp;frmepreuvem=Disque+(1.0+Kg)+%2f+ESF&amp;frmtour=7&amp;frmserie=\">Lancer du disque espoirs F<\/a><br \/>\n<strong>15h45 :<\/strong> <a href=\"https:\/\/bases.athle.fr\/asp.net\/liste.aspx?frmbase=lives&amp;frmmode=1&amp;frmespace=0&amp;frmcompetition=272861&amp;frmepreuvem=Marteau+(7+Kg)+%2f+ESM&amp;frmtour=7&amp;frmserie=\">Lancer du marteau espoirs H<\/a><br \/>\n<strong>15h45 :<\/strong> <a href=\"https:\/\/bases.athle.fr\/asp.net\/liste.aspx?frmbase=lives&amp;frmmode=1&amp;frmespace=0&amp;frmcompetition=272861&amp;frmepreuvem=Javelot+(600+G)+%2f+SEF&amp;frmtour=7&amp;frmserie=\">Lancer du javelot seniors F<\/a><\/p>\n<ul>\n<li><a title=\"Championnats de France en salle cadets juniors : Meta Tumba d\u00e9roule, la sensation Ylann Bizasene\" href=\"https:\/\/dicodusport.fr\/blog\/championnats-de-france-hivernaux-de-lancers-victoire-en-demi-teinte-pour-alexandra-tavernier\/\" target=\"_blank\" rel=\"noopener\"><strong>R\u00e9sum\u00e9 de la journ\u00e9e<\/strong><\/a><\/li>\n<\/ul>\n<p style=\"text-align: justify;\"><\/div><\/div><\/div>\n<p>&nbsp;<\/p>\n<h2>Les podiums<\/h2>\n<h3 style=\"text-align: justify;\">Cadets<\/h3>\n<div class=\"su-table su-table-alternate\">\n<table style=\"width: 800px;border-collapse: collapse\">\n<tbody>\n<tr>\n<td style=\"text-align: center;width: 200px;vertical-align: middle\"><strong>\u00c9preuves<\/strong><\/td>\n<td style=\"background-color: #fff242;text-align: center;width: 200px;vertical-align: middle\"><strong>\ud83e\udd47 Or<\/strong><\/td>\n<td style=\"background-color: #a8a8a8;text-align: center;width: 200px;vertical-align: middle\"><strong>\ud83e\udd48 Argent<\/strong><\/td>\n<td style=\"background-color: #c97159;text-align: center;width: 200px;vertical-align: middle\"><strong>\ud83e\udd49 Bronze<\/strong><\/td>\n<\/tr>\n<tr>\n<td style=\"text-align: center;width: 200px;vertical-align: middle\"><strong>Lancer du javelot F<br \/>\n<\/strong><\/td>\n<td style=\"text-align: center;width: 200px;vertical-align: middle\"><strong>L\u00e9ana Monzie<br \/>\n51.09 m PB MPF CA<br \/>\n<\/strong><\/td>\n<td style=\"text-align: center;width: 200px;vertical-align: middle\">Leila Danet<br \/>\n48.37 m<\/td>\n<td style=\"text-align: center;width: 200px;vertical-align: middle\">Luna Pedemonte<br \/>\n46.98 m <strong>PB<\/strong><\/td>\n<\/tr>\n<tr>\n<td style=\"text-align: center;width: 200px;vertical-align: middle\"><strong>Lancer du disque F<br \/>\n<\/strong><\/td>\n<td style=\"text-align: center;width: 200px;vertical-align: middle\"><strong>Rosalie Brossard<br \/>\n39.06 m PB MPF CA<\/strong><\/td>\n<td style=\"text-align: center;width: 200px;vertical-align: middle\">Clara Floutard<br \/>\n38.40 m <strong>PB<\/strong><\/td>\n<td style=\"text-align: center;width: 200px;vertical-align: middle\">Lina Fakatika<br \/>\n35.70 m <strong>PB<\/strong><\/td>\n<\/tr>\n<tr>\n<td style=\"text-align: center;width: 200px;vertical-align: middle\"><strong>Lancer du marteau F<br \/>\n<\/strong><\/td>\n<td style=\"text-align: center;width: 200px;vertical-align: middle\"><strong>Marie Rougetet<br \/>\n62.46 m PB MPF CA<\/strong><\/td>\n<td style=\"text-align: center;width: 200px;vertical-align: middle\">Candyce Bonjean<br \/>\n60.10 m <strong>PB<\/strong><\/td>\n<td style=\"text-align: center;width: 200px;vertical-align: middle\">Domitille Sandrin<br \/>\n54.86 m<\/td>\n<\/tr>\n<tr>\n<td style=\"text-align: center;width: 200px;vertical-align: middle\"><strong>Lancer du poids F<\/strong><\/td>\n<td style=\"width: 200px;text-align: center\"><strong>Leila Danet<br \/>\n15.08 m PB MPF CA<\/strong><\/td>\n<td style=\"width: 200px;text-align: center\">Rodeline Dutertre<br \/>\n13.72 m<\/td>\n<td style=\"width: 200px;text-align: center\">Marie Rougetet<br \/>\n13.33 m<\/td>\n<\/tr>\n<tr>\n<td style=\"text-align: center;width: 200px;vertical-align: middle\"><strong>Lancer du javelot H<br \/>\n<\/strong><\/td>\n<td style=\"text-align: center;width: 200px;vertical-align: middle\"><strong>Baptiste Duthilleul<br \/>\n60.06 m SB<\/strong><\/td>\n<td style=\"width: 200px;text-align: center\">Lucien Fouladoux<br \/>\n53.79 m<\/td>\n<td style=\"width: 200px;text-align: center\">Victor Richy<br \/>\n53.02 m <strong>SB<\/strong><\/td>\n<\/tr>\n<tr>\n<td style=\"text-align: center;width: 200px;vertical-align: middle\"><strong>Lancer du disque H<br \/>\n<\/strong><\/td>\n<td style=\"width: 200px;text-align: center\"><strong>Samuel Conjungo<br \/>\n57.22 m PB RCH MPF CA<\/strong><\/td>\n<td style=\"width: 200px;text-align: center\">Jules Dumas<br \/>\n52.99 m <strong>PB<\/strong><\/td>\n<td style=\"width: 200px;text-align: center\">Gabin Guerci<br \/>\n48.81 m <strong>PB<\/strong><\/td>\n<\/tr>\n<tr>\n<td style=\"text-align: center;width: 200px;vertical-align: middle\"><strong>Lancer du marteau H<br \/>\n<\/strong><\/td>\n<td style=\"text-align: center;width: 200px;vertical-align: middle\"><strong>Nathan Royer Pironi<br \/>\n64.85 m<\/strong><\/td>\n<td style=\"width: 200px;text-align: center\">Benjamin Roddier<br \/>\n64.10 m <strong>PB<\/strong><\/td>\n<td style=\"width: 200px;text-align: center\">Marwan Nougaret<br \/>\n57.82 m<\/td>\n<\/tr>\n<tr>\n<td style=\"text-align: center;width: 200px;vertical-align: middle\"><strong>Lancer du poids H<\/strong><\/td>\n<td style=\"width: 200px;text-align: center\"><strong>Antoine Pottier<br \/>\n15.84 m<\/strong><\/td>\n<td style=\"width: 200px;text-align: center\">Gabin Guerci<br \/>\n15.10 m<\/td>\n<td style=\"width: 200px;text-align: center\">Jules Dumas<br \/>\n14.91 m<\/td>\n<\/tr>\n<\/tbody>\n<\/table>\n<\/div>\n<h3 style=\"text-align: justify;\">Juniors<\/h3>\n<div class=\"su-table su-table-alternate\">\n<table style=\"width: 800px;border-collapse: collapse\">\n<tbody>\n<tr>\n<td style=\"text-align: center;width: 200px;vertical-align: middle\"><strong>\u00c9preuves<\/strong><\/td>\n<td style=\"background-color: #fff242;text-align: center;width: 200px;vertical-align: middle\"><strong>\ud83e\udd47 Or<\/strong><\/td>\n<td style=\"background-color: #a8a8a8;text-align: center;width: 200px;vertical-align: middle\"><strong>\ud83e\udd48 Argent<\/strong><\/td>\n<td style=\"background-color: #c97159;text-align: center;width: 200px;vertical-align: middle\"><strong>\ud83e\udd49 Bronze<\/strong><\/td>\n<\/tr>\n<tr>\n<td style=\"text-align: center;width: 200px;vertical-align: middle\"><strong>Lancer du javelot F<br \/>\n<\/strong><\/td>\n<td style=\"text-align: center;width: 200px;vertical-align: middle\"><strong>Zo\u00e9 Schwartz<br \/>\n49.72 m PB<\/strong><\/td>\n<td style=\"text-align: center;width: 200px;vertical-align: middle\">Jade Mazas<br \/>\n48.88 m <strong>PB<\/strong><\/td>\n<td style=\"text-align: center;width: 200px;vertical-align: middle\">Korann Colet<br \/>\n44.76 m <strong>SB<\/strong><\/td>\n<\/tr>\n<tr>\n<td style=\"text-align: center;width: 200px;vertical-align: middle\"><strong>Lancer du disque F<br \/>\n<\/strong><\/td>\n<td style=\"text-align: center;width: 200px;vertical-align: middle\"><strong>Marie-Jos\u00e9e Bovele-Linaka<br \/>\n52.21 m RCG<\/strong><\/td>\n<td style=\"text-align: center;width: 200px;vertical-align: middle\">Princesse Hyman<br \/>\n44.82 m<\/td>\n<td style=\"text-align: center;width: 200px;vertical-align: middle\">Manon Gaucher<br \/>\n44.57 m <strong>PB<\/strong><\/td>\n<\/tr>\n<tr>\n<td style=\"text-align: center;width: 200px;vertical-align: middle\"><strong>Lancer du marteau F<br \/>\n<\/strong><\/td>\n<td style=\"text-align: center;width: 200px;vertical-align: middle\"><strong>Florella Freyche<br \/>\n59.19 m SB MPF JU<br \/>\n<\/strong><\/td>\n<td style=\"text-align: center;width: 200px;vertical-align: middle\">Aneymone Talalua<br \/>\n55.54 m <strong>PB<\/strong><\/td>\n<td style=\"text-align: center;width: 200px;vertical-align: middle\">Sil\u00e8ne Gasperi Deregis<br \/>\n51.45 m <strong>SB<\/strong><\/td>\n<\/tr>\n<tr>\n<td style=\"text-align: center;width: 200px;vertical-align: middle\"><strong>Lancer du poids F<\/strong><\/td>\n<td style=\"width: 200px;text-align: center\"><strong>Julia Mathieu<br \/>\n13.10 m PB MPF JU<\/strong><\/td>\n<td style=\"width: 200px;text-align: center\">Jade Mazas<br \/>\n12.28 m<\/td>\n<td style=\"width: 200px;text-align: center\">Lina Hoys<br \/>\n12.28 m<\/td>\n<\/tr>\n<tr>\n<td style=\"text-align: center;width: 200px;vertical-align: middle\"><strong>Lancer du javelot H<br \/>\n<\/strong><\/td>\n<td style=\"text-align: center;width: 200px;vertical-align: middle\"><strong>Nathan Proust<br \/>\n65.99 m<\/strong><\/td>\n<td style=\"width: 200px;text-align: center\">Ma\u00ebl Dilasser<br \/>\n60.15 m<\/td>\n<td style=\"width: 200px;text-align: center\">Titouan Dobo Bi<br \/>\n59.94 m<\/td>\n<\/tr>\n<tr>\n<td style=\"text-align: center;width: 200px;vertical-align: middle\"><strong>Lancer du disque H<br \/>\n<\/strong><\/td>\n<td style=\"text-align: center;width: 200px;vertical-align: middle\"><strong>Milan Darot-Tocail<\/strong><br \/>\n<strong>49.91 m PB MPF JU<\/strong><\/td>\n<td style=\"width: 200px;text-align: center\">Jean-Emmanuel Laporte<br \/>\n47.61 m<\/td>\n<td style=\"width: 200px;text-align: center\">Cl\u00e9ment Darques<br \/>\n47.10 m <strong>SB<\/strong><\/td>\n<\/tr>\n<tr>\n<td style=\"text-align: center;width: 200px;vertical-align: middle\"><strong>Lancer du marteau H<br \/>\n<\/strong><\/td>\n<td style=\"text-align: center;width: 200px;vertical-align: middle\"><strong>Antony Bettolo<br \/>\n67.82 m PB<\/strong><\/td>\n<td style=\"width: 200px;text-align: center\">Jonas Bourigault<br \/>\n58.67 m <strong>SB<\/strong><\/td>\n<td style=\"width: 200px;text-align: center\">Davy Le Goff<br \/>\n56.55 m<\/td>\n<\/tr>\n<tr>\n<td style=\"text-align: center;width: 200px;vertical-align: middle\"><strong>Lancer du poids H<\/strong><\/td>\n<td style=\"width: 200px;text-align: center\"><strong>Benjamin Zenatti<br \/>\n17.56 m PB MPF JU<\/strong><\/td>\n<td style=\"width: 200px;text-align: center\">Jean-Emmanuel Laporte<br \/>\n16.70 m <strong>PB<\/strong><\/td>\n<td style=\"width: 200px;text-align: center\">Nicolas Caron<br \/>\n15.80 m <strong>PB<\/strong><\/td>\n<\/tr>\n<\/tbody>\n<\/table>\n<\/div>\n<h3 style=\"text-align: justify;\">Espoirs<\/h3>\n<div class=\"su-table su-table-alternate\">\n<table style=\"width: 800px;border-collapse: collapse\">\n<tbody>\n<tr>\n<td style=\"text-align: center;width: 200px;vertical-align: middle\"><strong>\u00c9preuves<\/strong><\/td>\n<td style=\"background-color: #fff242;text-align: center;width: 200px;vertical-align: middle\"><strong>\ud83e\udd47 Or<\/strong><\/td>\n<td style=\"background-color: #a8a8a8;text-align: center;width: 200px;vertical-align: middle\"><strong>\ud83e\udd48 Argent<\/strong><\/td>\n<td style=\"background-color: #c97159;text-align: center;width: 200px;vertical-align: middle\"><strong>\ud83e\udd49 Bronze<\/strong><\/td>\n<\/tr>\n<tr>\n<td style=\"text-align: center;width: 200px;vertical-align: middle\"><strong>Lancer du javelot F<br \/>\n<\/strong><\/td>\n<td style=\"text-align: center;width: 200px;vertical-align: middle\"><strong>Jade Maraval<br \/>\n49.32 m MPF ES<br \/>\n<\/strong><\/td>\n<td style=\"text-align: center;width: 200px;vertical-align: middle\">C\u00e9cile Bogliolo<br \/>\n46.95 m <strong>PB<\/strong><\/td>\n<td style=\"text-align: center;width: 200px;vertical-align: middle\">Laureen Thomas<br \/>\n43.87 m<\/td>\n<\/tr>\n<tr>\n<td style=\"text-align: center;width: 200px;vertical-align: middle\"><strong>Lancer du disque F<br \/>\n<\/strong><\/td>\n<td style=\"text-align: center;width: 200px;vertical-align: middle\"><strong>Audrey Couchot<br \/>\n48.22 m SB MPF ES<\/strong><\/td>\n<td style=\"text-align: center;width: 200px;vertical-align: middle\">Linda Kalamba-Kayembe<br \/>\n47.29 m <strong>PB<\/strong><\/td>\n<td style=\"text-align: center;width: 200px;vertical-align: middle\">Alexine Larriu<br \/>\n46.46 m <strong>PB<\/strong><\/td>\n<\/tr>\n<tr>\n<td style=\"text-align: center;width: 200px;vertical-align: middle\"><strong>Lancer du marteau F<br \/>\n<\/strong><\/td>\n<td style=\"text-align: center;width: 200px;vertical-align: middle\"><strong>Eline Brugui\u00e8re<br \/>\n59.93 m PB<\/strong><\/td>\n<td style=\"text-align: center;width: 200px;vertical-align: middle\">Ndeye Bana Sall<br \/>\n5568 m <strong>SB<\/strong><\/td>\n<td style=\"text-align: center;width: 200px;vertical-align: middle\">Anta Mbow<br \/>\n53.82 m <strong>PB<\/strong><\/td>\n<\/tr>\n<tr>\n<td style=\"text-align: center;width: 200px;vertical-align: middle\"><strong>Lancer du poids F<\/strong><\/td>\n<td style=\"width: 200px;text-align: center\"><strong>Lesly-Telesia Filituulaga<br \/>\n14.11 m SB MPF ES<\/strong><\/td>\n<td style=\"width: 200px;text-align: center\">Thamera Manette<br \/>\n13.38 m <strong>SB<\/strong><\/td>\n<td style=\"width: 200px;text-align: center\">Laureen Thomas<br \/>\n13.31 m<\/td>\n<\/tr>\n<tr>\n<td style=\"text-align: center;width: 200px;vertical-align: middle\"><strong>Lancer du javelot H<br \/>\n<\/strong><\/td>\n<td style=\"text-align: center;width: 200px;vertical-align: middle\"><strong>Lenny Brisseault<br \/>\n64.90 m<\/strong><\/td>\n<td style=\"width: 200px;text-align: center\">Mathys Moutarde<br \/>\n64.64 m <strong>SB<\/strong><\/td>\n<td style=\"width: 200px;text-align: center\">Matthieu Gudet<br \/>\n63.64 m <strong>SB<\/strong><\/td>\n<\/tr>\n<tr>\n<td style=\"text-align: center;width: 200px;vertical-align: middle\"><strong>Lancer du disque H<br \/>\n<\/strong><\/td>\n<td style=\"text-align: center;width: 200px;vertical-align: middle\"><strong>Marc-Alexandre Delin<br \/>\n54.72 m<\/strong><\/td>\n<td style=\"width: 200px;text-align: center\">Antoine Le De-Rossillon<br \/>\n49.94 m <strong>SB<\/strong><\/td>\n<td style=\"width: 200px;text-align: center\">Stephen Louis Mailagi<br \/>\n46.78 m<\/td>\n<\/tr>\n<tr>\n<td style=\"text-align: center;width: 200px;vertical-align: middle\"><strong>Lancer du marteau H<br \/>\n<\/strong><\/td>\n<td style=\"text-align: center;width: 200px;vertical-align: middle\"><strong>Wiltrid Huet<br \/>\n63.60 m PB<\/strong><\/td>\n<td style=\"width: 200px;text-align: center\">Noah Emboule<br \/>\n61.19 m <strong>PB<\/strong><\/td>\n<td style=\"width: 200px;text-align: center\">Mathys Pinson<br \/>\n58.52 m<\/td>\n<\/tr>\n<tr>\n<td style=\"text-align: center;width: 200px;vertical-align: middle\"><strong>Lancer du poids H<\/strong><\/td>\n<td style=\"width: 200px;text-align: center\"><strong>Stephen Louis Mailagi<br \/>\n18.86 m<\/strong><\/td>\n<td style=\"width: 200px;text-align: center\">Evan Jourdain<br \/>\n14.64 m<\/td>\n<td style=\"width: 200px;text-align: center\">L\u00e9onard Ardisson<br \/>\n14.10 m<\/td>\n<\/tr>\n<\/tbody>\n<\/table>\n<\/div>\n<h3 style=\"text-align: justify;\">Seniors<\/h3>\n<p style=\"text-align: justify;\">A noter que les titres \u00e9lite ont d\u00e9j\u00e0 \u00e9t\u00e9 d\u00e9cern\u00e9s pour le lancer du poids lors des <a href=\"https:\/\/dicodusport.fr\/blog\/athletisme-programme-et-resultats-championnats-de-france-en-salle-2023\/\" target=\"_blank\" rel=\"noopener\">Championnats de France<\/a> la semaine derni\u00e8re.<\/p>\n<div class=\"su-table su-table-alternate\">\n<table style=\"width: 800px;border-collapse: collapse\">\n<tbody>\n<tr>\n<td style=\"text-align: center;width: 200px;vertical-align: middle\"><strong>\u00c9preuves<\/strong><\/td>\n<td style=\"background-color: #fff242;text-align: center;width: 200px;vertical-align: middle\"><strong>\ud83e\udd47 Or<\/strong><\/td>\n<td style=\"background-color: #a8a8a8;text-align: center;width: 200px;vertical-align: middle\"><strong>\ud83e\udd48 Argent<\/strong><\/td>\n<td style=\"background-color: #c97159;text-align: center;width: 200px;vertical-align: middle\"><strong>\ud83e\udd49 Bronze<\/strong><\/td>\n<\/tr>\n<tr>\n<td style=\"text-align: center;width: 200px;vertical-align: middle\"><strong>Lancer du javelot F<br \/>\n<\/strong><\/td>\n<td style=\"text-align: center;width: 200px;vertical-align: middle\"><strong>Aliz\u00e9e Minard<br \/>\n53.80 m SB<\/strong><\/td>\n<td style=\"text-align: center;width: 200px;vertical-align: middle\">Alexi Ala\u00efs<br \/>\n50.04 m<\/td>\n<td style=\"text-align: center;width: 200px;vertical-align: middle\">Margaux Nicollin<br \/>\n48.09 m<\/td>\n<\/tr>\n<tr>\n<td style=\"text-align: center;width: 200px;vertical-align: middle\"><strong>Lancer du disque F<br \/>\n<\/strong><\/td>\n<td style=\"text-align: center;width: 200px;vertical-align: middle\"><strong>Amanda Ngandu-Ntumbe<br \/>\n57.93 m RCH<br \/>\n<\/strong><\/td>\n<td style=\"text-align: center;width: 200px;vertical-align: middle\">M\u00e9lina Robert-Michon<br \/>\n55.40 m<\/td>\n<td style=\"text-align: center;width: 200px;vertical-align: middle\">Ir\u00e8ne Donzelot<br \/>\n52.92 m <strong>SB<\/strong><\/td>\n<\/tr>\n<tr>\n<td style=\"text-align: center;width: 200px;vertical-align: middle\"><strong>Lancer du marteau F<br \/>\n<\/strong><\/td>\n<td style=\"text-align: center;width: 200px;vertical-align: middle\"><strong>Alexandra Tavernier<br \/>\n67.93 m<br \/>\n<\/strong><\/td>\n<td style=\"text-align: center;width: 200px;vertical-align: middle\">Xena Ngomateke<br \/>\n65.84 m <strong>SB<\/strong><\/td>\n<td style=\"text-align: center;width: 200px;vertical-align: middle\">Lorelei Taillandier<br \/>\n59.31 m<\/td>\n<\/tr>\n<tr>\n<td style=\"text-align: center;width: 200px;vertical-align: middle\"><strong>Lancer du poids F<\/strong><\/td>\n<td style=\"width: 200px;text-align: center\"><strong>Ma\u00eblle Philippe<br \/>\n13.25 m SB<\/strong><\/td>\n<td style=\"width: 200px;text-align: center\">Gloria Agblemagnon<br \/>\n13.22 m <strong>SB<\/strong><\/td>\n<td style=\"width: 200px;text-align: center\">Julie Brafa<br \/>\n13.21 m <strong>SB<\/strong><\/td>\n<\/tr>\n<tr>\n<td style=\"text-align: center;width: 200px;vertical-align: middle\"><strong>Lancer du javelot H<br \/>\n<\/strong><\/td>\n<td style=\"text-align: center;width: 200px;vertical-align: middle\"><strong>Lukas Moutarde<br \/>\n74.56 m SB<\/strong><\/td>\n<td style=\"width: 200px;text-align: center\">R\u00e9mi Conroy<br \/>\n74.23 m<\/td>\n<td style=\"width: 200px;text-align: center\">Timoth\u00e9 Chauvin<br \/>\n72.82 m <strong>PB<\/strong><\/td>\n<\/tr>\n<tr>\n<td style=\"text-align: center;width: 200px;vertical-align: middle\"><strong>Lancer du disque H<br \/>\n<\/strong><\/td>\n<td style=\"text-align: center;width: 200px;vertical-align: middle\"><strong>Jordan Guehaseim<br \/>\n59.51 m PB<\/strong><\/td>\n<td style=\"width: 200px;text-align: center\">William Cadenat<br \/>\n55.82 m <strong>PB<\/strong><\/td>\n<td style=\"width: 200px;text-align: center\">Tom Reux<br \/>\n50.23 m<\/td>\n<\/tr>\n<tr>\n<td style=\"text-align: center;width: 200px;vertical-align: middle\"><strong>Lancer du marteau H<br \/>\n<\/strong><\/td>\n<td style=\"text-align: center;width: 200px;vertical-align: middle\"><strong>Yann Chaussinand<br \/>\n76.92 m SB<\/strong><\/td>\n<td style=\"width: 200px;text-align: center\">Jean-Baptiste Bruxelle<br \/>\n72.95 m <strong>SB<\/strong><\/td>\n<td style=\"width: 200px;text-align: center\">Paul Creuzevault<br \/>\n67.27 m <strong>SB<\/strong><\/td>\n<\/tr>\n<tr>\n<td style=\"text-align: center;width: 200px;vertical-align: middle\"><strong>Lancer du poids H<\/strong><\/td>\n<td style=\"width: 200px;text-align: center\"><strong>Alexis Level<br \/>\n14.12 m<\/strong><\/td>\n<td style=\"width: 200px;text-align: center\">Aur\u00e9lien Carcenac<br \/>\n13.75 m<\/td>\n<td style=\"width: 200px;text-align: center\">Olivier Andirin<br \/>\n13.49 m<\/td>\n<\/tr>\n<\/tbody>\n<\/table>\n<\/div>\n<p><span style=\"font-size: 14px;\"><em>PB : Record personnel<\/em><\/span><br \/>\n<span style=\"font-size: 14px;\"><em>SB : Meilleure performance personnelle de la saison<\/em><\/span><br \/>\n<span style=\"font-size: 14px;\"><em>MPF CA : Meilleure performance fran\u00e7aise cadette de la saison<br \/>\nMPF JU : Meilleure performance fran\u00e7aise junior de la saison<br \/>\nMPF ES : Meilleure performance fran\u00e7aise espoir de la saison<br \/>\nMPF : Meilleure performance fran\u00e7aise senior de la saison<br \/>\nRCH : Record des Championnats<\/em><\/span><\/p>\n","protected":false},"excerpt":{"rendered":"<p>Les Championnats de France hivernaux des lancers ont lieu ce samedi 25 et dimanche 26 f\u00e9vrier \u00e0 Salon-de-Provence. Voici le programme et les r\u00e9sultats de la comp\u00e9tition.<\/p>\n","protected":false},"author":12,"featured_media":358308,"comment_status":"open","ping_status":"closed","sticky":false,"template":"","format":"standard","meta":{"_acf_changed":false,"_daextam_enable_autolinks":"","footnotes":""},"categories":[2308],"tags":[143,16878],"class_list":["post-355795","post","type-post","status-publish","format-standard","has-post-thumbnail","hentry","category-athletisme","tag-athletisme","tag-breve"],"acf":[],"yoast_head":"<!-- This site is optimized with the Yoast SEO Premium plugin v26.7 (Yoast SEO v26.7) - https:\/\/yoast.com\/wordpress\/plugins\/seo\/ -->\n<title>Programme et r\u00e9sultats Championnats de France hivernaux des lancers 2023 - Dicodusport<\/title>\n<meta name=\"description\" content=\"Les Championnats de France hivernaux des lancers ont lieu ce 25 et 26 f\u00e9vrier. Voici le programme et les r\u00e9sultats de la comp\u00e9tition.\" \/>\n<meta name=\"robots\" content=\"index, follow, max-snippet:-1, max-image-preview:large, max-video-preview:-1\" \/>\n<link rel=\"canonical\" href=\"https:\/\/dicodusport.fr\/blog\/programme-et-resultats-championnats-de-france-hivernaux-des-lancers-2023\/\" \/>\n<meta property=\"og:locale\" content=\"fr_FR\" \/>\n<meta property=\"og:type\" content=\"article\" \/>\n<meta property=\"og:title\" content=\"Programme et r\u00e9sultats Championnats de France hivernaux des lancers 2023\" \/>\n<meta property=\"og:description\" content=\"Les Championnats de France hivernaux des lancers ont lieu ce 25 et 26 f\u00e9vrier. Voici le programme et les r\u00e9sultats de la comp\u00e9tition.\" \/>\n<meta property=\"og:url\" content=\"https:\/\/dicodusport.fr\/blog\/programme-et-resultats-championnats-de-france-hivernaux-des-lancers-2023\/\" \/>\n<meta property=\"og:site_name\" content=\"Dicodusport\" \/>\n<meta property=\"article:publisher\" content=\"https:\/\/www.facebook.com\/dicodusport\" \/>\n<meta property=\"article:published_time\" content=\"2023-02-26T16:17:04+00:00\" \/>\n<meta property=\"article:modified_time\" content=\"2023-02-26T17:52:20+00:00\" \/>\n<meta property=\"og:image\" content=\"https:\/\/dicodusport.fr\/blog\/wp-content\/uploads\/2023\/02\/Programme-et-resultats-Championnats-de-France-hivernaux-des-lancers-2023.png\" \/>\n\t<meta property=\"og:image:width\" content=\"1200\" \/>\n\t<meta property=\"og:image:height\" content=\"670\" \/>\n\t<meta property=\"og:image:type\" content=\"image\/png\" \/>\n<meta name=\"author\" content=\"Arlette Yeye\" \/>\n<meta name=\"twitter:card\" content=\"summary_large_image\" \/>\n<meta name=\"twitter:title\" content=\"Programme et r\u00e9sultats Championnats de France hivernaux des lancers 2023\" \/>\n<meta name=\"twitter:creator\" content=\"@https:\/\/twitter.com\/Shiclette94\" \/>\n<meta name=\"twitter:site\" content=\"@dicodusport\" \/>\n<script type=\"application\/ld+json\" class=\"yoast-schema-graph\">{\"@context\":\"https:\/\/schema.org\",\"@graph\":[{\"@type\":\"NewsArticle\",\"@id\":\"https:\/\/dicodusport.fr\/blog\/programme-et-resultats-championnats-de-france-hivernaux-des-lancers-2023\/#article\",\"isPartOf\":{\"@id\":\"https:\/\/dicodusport.fr\/blog\/programme-et-resultats-championnats-de-france-hivernaux-des-lancers-2023\/\"},\"author\":{\"name\":\"Arlette Yeye\",\"@id\":\"https:\/\/dicodusport.fr\/blog\/#\/schema\/person\/cce96fa88785bd8573e3d43078ac8c79\"},\"headline\":\"Programme et r\u00e9sultats Championnats de France hivernaux des lancers 2023\",\"datePublished\":\"2023-02-26T16:17:04+00:00\",\"dateModified\":\"2023-02-26T17:52:20+00:00\",\"mainEntityOfPage\":{\"@id\":\"https:\/\/dicodusport.fr\/blog\/programme-et-resultats-championnats-de-france-hivernaux-des-lancers-2023\/\"},\"wordCount\":925,\"commentCount\":0,\"publisher\":{\"@id\":\"https:\/\/dicodusport.fr\/blog\/#organization\"},\"image\":{\"@id\":\"https:\/\/dicodusport.fr\/blog\/programme-et-resultats-championnats-de-france-hivernaux-des-lancers-2023\/#primaryimage\"},\"thumbnailUrl\":\"https:\/\/dicodusport.fr\/blog\/wp-content\/uploads\/2023\/02\/Programme-et-resultats-Championnats-de-France-hivernaux-des-lancers-2023.png\",\"keywords\":[\"Athl\u00e9tisme\",\"br\u00e8ve\"],\"articleSection\":[\"Athl\u00e9tisme\"],\"inLanguage\":\"fr-FR\",\"potentialAction\":[{\"@type\":\"CommentAction\",\"name\":\"Comment\",\"target\":[\"https:\/\/dicodusport.fr\/blog\/programme-et-resultats-championnats-de-france-hivernaux-des-lancers-2023\/#respond\"]}],\"copyrightYear\":\"2023\",\"copyrightHolder\":{\"@id\":\"https:\/\/dicodusport.fr\/blog\/#organization\"}},{\"@type\":\"WebPage\",\"@id\":\"https:\/\/dicodusport.fr\/blog\/programme-et-resultats-championnats-de-france-hivernaux-des-lancers-2023\/\",\"url\":\"https:\/\/dicodusport.fr\/blog\/programme-et-resultats-championnats-de-france-hivernaux-des-lancers-2023\/\",\"name\":\"Programme et r\u00e9sultats Championnats de France hivernaux des lancers 2023 - Dicodusport\",\"isPartOf\":{\"@id\":\"https:\/\/dicodusport.fr\/blog\/#website\"},\"primaryImageOfPage\":{\"@id\":\"https:\/\/dicodusport.fr\/blog\/programme-et-resultats-championnats-de-france-hivernaux-des-lancers-2023\/#primaryimage\"},\"image\":{\"@id\":\"https:\/\/dicodusport.fr\/blog\/programme-et-resultats-championnats-de-france-hivernaux-des-lancers-2023\/#primaryimage\"},\"thumbnailUrl\":\"https:\/\/dicodusport.fr\/blog\/wp-content\/uploads\/2023\/02\/Programme-et-resultats-Championnats-de-France-hivernaux-des-lancers-2023.png\",\"datePublished\":\"2023-02-26T16:17:04+00:00\",\"dateModified\":\"2023-02-26T17:52:20+00:00\",\"description\":\"Les Championnats de France hivernaux des lancers ont lieu ce 25 et 26 f\u00e9vrier. Voici le programme et les r\u00e9sultats de la comp\u00e9tition.\",\"breadcrumb\":{\"@id\":\"https:\/\/dicodusport.fr\/blog\/programme-et-resultats-championnats-de-france-hivernaux-des-lancers-2023\/#breadcrumb\"},\"inLanguage\":\"fr-FR\",\"potentialAction\":[{\"@type\":\"ReadAction\",\"target\":[\"https:\/\/dicodusport.fr\/blog\/programme-et-resultats-championnats-de-france-hivernaux-des-lancers-2023\/\"]}]},{\"@type\":\"ImageObject\",\"inLanguage\":\"fr-FR\",\"@id\":\"https:\/\/dicodusport.fr\/blog\/programme-et-resultats-championnats-de-france-hivernaux-des-lancers-2023\/#primaryimage\",\"url\":\"https:\/\/dicodusport.fr\/blog\/wp-content\/uploads\/2023\/02\/Programme-et-resultats-Championnats-de-France-hivernaux-des-lancers-2023.png\",\"contentUrl\":\"https:\/\/dicodusport.fr\/blog\/wp-content\/uploads\/2023\/02\/Programme-et-resultats-Championnats-de-France-hivernaux-des-lancers-2023.png\",\"width\":1200,\"height\":670,\"caption\":\"Programme et r\u00e9sultats Championnats de France hivernaux des lancers 2023\"},{\"@type\":\"BreadcrumbList\",\"@id\":\"https:\/\/dicodusport.fr\/blog\/programme-et-resultats-championnats-de-france-hivernaux-des-lancers-2023\/#breadcrumb\",\"itemListElement\":[{\"@type\":\"ListItem\",\"position\":1,\"name\":\"Accueil\",\"item\":\"https:\/\/dicodusport.fr\/blog\/\"},{\"@type\":\"ListItem\",\"position\":2,\"name\":\"Programme et r\u00e9sultats Championnats de France hivernaux des lancers 2023\"}]},{\"@type\":\"WebSite\",\"@id\":\"https:\/\/dicodusport.fr\/blog\/#website\",\"url\":\"https:\/\/dicodusport.fr\/blog\/\",\"name\":\"Dicodusport\",\"description\":\"L&#039;encyclop\u00e9die de l&#039;actualit\u00e9 sportive\",\"publisher\":{\"@id\":\"https:\/\/dicodusport.fr\/blog\/#organization\"},\"potentialAction\":[{\"@type\":\"SearchAction\",\"target\":{\"@type\":\"EntryPoint\",\"urlTemplate\":\"https:\/\/dicodusport.fr\/blog\/?s={search_term_string}\"},\"query-input\":{\"@type\":\"PropertyValueSpecification\",\"valueRequired\":true,\"valueName\":\"search_term_string\"}}],\"inLanguage\":\"fr-FR\"},{\"@type\":\"NewsMediaOrganization\",\"@id\":\"https:\/\/dicodusport.fr\/blog\/#organization\",\"name\":\"Dicodusport\",\"url\":\"https:\/\/dicodusport.fr\/blog\/\",\"logo\":{\"@type\":\"ImageObject\",\"inLanguage\":\"fr-FR\",\"@id\":\"https:\/\/dicodusport.fr\/blog\/#\/schema\/logo\/image\/\",\"url\":\"https:\/\/dicodusport.fr\/blog\/wp-content\/uploads\/2020\/06\/cropped-LOGO-DICODUSPORT-2020-SANS-FOND-SANS-TEXTE.png\",\"contentUrl\":\"https:\/\/dicodusport.fr\/blog\/wp-content\/uploads\/2020\/06\/cropped-LOGO-DICODUSPORT-2020-SANS-FOND-SANS-TEXTE.png\",\"width\":512,\"height\":512,\"caption\":\"Dicodusport\"},\"image\":{\"@id\":\"https:\/\/dicodusport.fr\/blog\/#\/schema\/logo\/image\/\"},\"sameAs\":[\"https:\/\/www.facebook.com\/dicodusport\",\"https:\/\/x.com\/dicodusport\",\"https:\/\/www.instagram.com\/dicodusport\/\",\"https:\/\/www.youtube.com\/channel\/UC7V2KZ5sd3htJivAbA4ZG3w\"],\"description\":\"Dicodusport est l'encyclop\u00e9die de l'actualit\u00e9 sportive.\",\"email\":\"bonjour@dicodusport.fr\",\"legalName\":\"DICODUSPORT\",\"foundingDate\":\"2018-01-14\",\"vatID\":\"FR71834470973\",\"taxID\":\"83447097300043\",\"numberOfEmployees\":{\"@type\":\"QuantitativeValue\",\"minValue\":\"1\",\"maxValue\":\"10\"}},{\"@type\":\"Person\",\"@id\":\"https:\/\/dicodusport.fr\/blog\/#\/schema\/person\/cce96fa88785bd8573e3d43078ac8c79\",\"name\":\"Arlette Yeye\",\"image\":{\"@type\":\"ImageObject\",\"inLanguage\":\"fr-FR\",\"@id\":\"https:\/\/dicodusport.fr\/blog\/#\/schema\/person\/image\/\",\"url\":\"https:\/\/secure.gravatar.com\/avatar\/dca4a6239e6d708e46c45d60e160de6c?s=96&d=wp_user_avatar&r=g\",\"contentUrl\":\"https:\/\/secure.gravatar.com\/avatar\/dca4a6239e6d708e46c45d60e160de6c?s=96&d=wp_user_avatar&r=g\",\"caption\":\"Arlette Yeye\"},\"description\":\"Journaliste\/r\u00e9dactrice depuis septembre 2015 - Supportrice de Chelsea, j'ai pour sports de pr\u00e9dilection le handball, l'athl\u00e9tisme et le tennis. Si je tweete plus vite que mon ombre, vous pouvez aussi me retrouver les week-ends sur les playgrounds de Bruxelles pour un petit foot ou basket entre potes. Parcourir la France, l'Europe et plus si affinit\u00e9s pour suivre mes sportifs pr\u00e9f\u00e9r\u00e9s ? Mon kif ! Et c'est avec plaisir que je partage les r\u00e9sultats des sports populaires mais \u00e9galement plus confidentiels pour Dicodusport.\",\"sameAs\":[\"https:\/\/x.com\/https:\/\/twitter.com\/Shiclette94\"],\"url\":\"https:\/\/dicodusport.fr\/blog\/author\/arlette\/\"}]}<\/script>\n<!-- \/ Yoast SEO Premium plugin. -->","yoast_head_json":{"title":"Programme et r\u00e9sultats Championnats de France hivernaux des lancers 2023 - Dicodusport","description":"Les Championnats de France hivernaux des lancers ont lieu ce 25 et 26 f\u00e9vrier. Voici le programme et les r\u00e9sultats de la comp\u00e9tition.","robots":{"index":"index","follow":"follow","max-snippet":"max-snippet:-1","max-image-preview":"max-image-preview:large","max-video-preview":"max-video-preview:-1"},"canonical":"https:\/\/dicodusport.fr\/blog\/programme-et-resultats-championnats-de-france-hivernaux-des-lancers-2023\/","og_locale":"fr_FR","og_type":"article","og_title":"Programme et r\u00e9sultats Championnats de France hivernaux des lancers 2023","og_description":"Les Championnats de France hivernaux des lancers ont lieu ce 25 et 26 f\u00e9vrier. Voici le programme et les r\u00e9sultats de la comp\u00e9tition.","og_url":"https:\/\/dicodusport.fr\/blog\/programme-et-resultats-championnats-de-france-hivernaux-des-lancers-2023\/","og_site_name":"Dicodusport","article_publisher":"https:\/\/www.facebook.com\/dicodusport","article_published_time":"2023-02-26T16:17:04+00:00","article_modified_time":"2023-02-26T17:52:20+00:00","og_image":[{"width":1200,"height":670,"url":"https:\/\/dicodusport.fr\/blog\/wp-content\/uploads\/2023\/02\/Programme-et-resultats-Championnats-de-France-hivernaux-des-lancers-2023.png","type":"image\/png"}],"author":"Arlette Yeye","twitter_card":"summary_large_image","twitter_title":"Programme et r\u00e9sultats Championnats de France hivernaux des lancers 2023","twitter_creator":"@https:\/\/twitter.com\/Shiclette94","twitter_site":"@dicodusport","schema":{"@context":"https:\/\/schema.org","@graph":[{"@type":"NewsArticle","@id":"https:\/\/dicodusport.fr\/blog\/programme-et-resultats-championnats-de-france-hivernaux-des-lancers-2023\/#article","isPartOf":{"@id":"https:\/\/dicodusport.fr\/blog\/programme-et-resultats-championnats-de-france-hivernaux-des-lancers-2023\/"},"author":{"name":"Arlette Yeye","@id":"https:\/\/dicodusport.fr\/blog\/#\/schema\/person\/cce96fa88785bd8573e3d43078ac8c79"},"headline":"Programme et r\u00e9sultats Championnats de France hivernaux des lancers 2023","datePublished":"2023-02-26T16:17:04+00:00","dateModified":"2023-02-26T17:52:20+00:00","mainEntityOfPage":{"@id":"https:\/\/dicodusport.fr\/blog\/programme-et-resultats-championnats-de-france-hivernaux-des-lancers-2023\/"},"wordCount":925,"commentCount":0,"publisher":{"@id":"https:\/\/dicodusport.fr\/blog\/#organization"},"image":{"@id":"https:\/\/dicodusport.fr\/blog\/programme-et-resultats-championnats-de-france-hivernaux-des-lancers-2023\/#primaryimage"},"thumbnailUrl":"https:\/\/dicodusport.fr\/blog\/wp-content\/uploads\/2023\/02\/Programme-et-resultats-Championnats-de-France-hivernaux-des-lancers-2023.png","keywords":["Athl\u00e9tisme","br\u00e8ve"],"articleSection":["Athl\u00e9tisme"],"inLanguage":"fr-FR","potentialAction":[{"@type":"CommentAction","name":"Comment","target":["https:\/\/dicodusport.fr\/blog\/programme-et-resultats-championnats-de-france-hivernaux-des-lancers-2023\/#respond"]}],"copyrightYear":"2023","copyrightHolder":{"@id":"https:\/\/dicodusport.fr\/blog\/#organization"}},{"@type":"WebPage","@id":"https:\/\/dicodusport.fr\/blog\/programme-et-resultats-championnats-de-france-hivernaux-des-lancers-2023\/","url":"https:\/\/dicodusport.fr\/blog\/programme-et-resultats-championnats-de-france-hivernaux-des-lancers-2023\/","name":"Programme et r\u00e9sultats Championnats de France hivernaux des lancers 2023 - Dicodusport","isPartOf":{"@id":"https:\/\/dicodusport.fr\/blog\/#website"},"primaryImageOfPage":{"@id":"https:\/\/dicodusport.fr\/blog\/programme-et-resultats-championnats-de-france-hivernaux-des-lancers-2023\/#primaryimage"},"image":{"@id":"https:\/\/dicodusport.fr\/blog\/programme-et-resultats-championnats-de-france-hivernaux-des-lancers-2023\/#primaryimage"},"thumbnailUrl":"https:\/\/dicodusport.fr\/blog\/wp-content\/uploads\/2023\/02\/Programme-et-resultats-Championnats-de-France-hivernaux-des-lancers-2023.png","datePublished":"2023-02-26T16:17:04+00:00","dateModified":"2023-02-26T17:52:20+00:00","description":"Les Championnats de France hivernaux des lancers ont lieu ce 25 et 26 f\u00e9vrier. Voici le programme et les r\u00e9sultats de la comp\u00e9tition.","breadcrumb":{"@id":"https:\/\/dicodusport.fr\/blog\/programme-et-resultats-championnats-de-france-hivernaux-des-lancers-2023\/#breadcrumb"},"inLanguage":"fr-FR","potentialAction":[{"@type":"ReadAction","target":["https:\/\/dicodusport.fr\/blog\/programme-et-resultats-championnats-de-france-hivernaux-des-lancers-2023\/"]}]},{"@type":"ImageObject","inLanguage":"fr-FR","@id":"https:\/\/dicodusport.fr\/blog\/programme-et-resultats-championnats-de-france-hivernaux-des-lancers-2023\/#primaryimage","url":"https:\/\/dicodusport.fr\/blog\/wp-content\/uploads\/2023\/02\/Programme-et-resultats-Championnats-de-France-hivernaux-des-lancers-2023.png","contentUrl":"https:\/\/dicodusport.fr\/blog\/wp-content\/uploads\/2023\/02\/Programme-et-resultats-Championnats-de-France-hivernaux-des-lancers-2023.png","width":1200,"height":670,"caption":"Programme et r\u00e9sultats Championnats de France hivernaux des lancers 2023"},{"@type":"BreadcrumbList","@id":"https:\/\/dicodusport.fr\/blog\/programme-et-resultats-championnats-de-france-hivernaux-des-lancers-2023\/#breadcrumb","itemListElement":[{"@type":"ListItem","position":1,"name":"Accueil","item":"https:\/\/dicodusport.fr\/blog\/"},{"@type":"ListItem","position":2,"name":"Programme et r\u00e9sultats Championnats de France hivernaux des lancers 2023"}]},{"@type":"WebSite","@id":"https:\/\/dicodusport.fr\/blog\/#website","url":"https:\/\/dicodusport.fr\/blog\/","name":"Dicodusport","description":"L&#039;encyclop\u00e9die de l&#039;actualit\u00e9 sportive","publisher":{"@id":"https:\/\/dicodusport.fr\/blog\/#organization"},"potentialAction":[{"@type":"SearchAction","target":{"@type":"EntryPoint","urlTemplate":"https:\/\/dicodusport.fr\/blog\/?s={search_term_string}"},"query-input":{"@type":"PropertyValueSpecification","valueRequired":true,"valueName":"search_term_string"}}],"inLanguage":"fr-FR"},{"@type":"NewsMediaOrganization","@id":"https:\/\/dicodusport.fr\/blog\/#organization","name":"Dicodusport","url":"https:\/\/dicodusport.fr\/blog\/","logo":{"@type":"ImageObject","inLanguage":"fr-FR","@id":"https:\/\/dicodusport.fr\/blog\/#\/schema\/logo\/image\/","url":"https:\/\/dicodusport.fr\/blog\/wp-content\/uploads\/2020\/06\/cropped-LOGO-DICODUSPORT-2020-SANS-FOND-SANS-TEXTE.png","contentUrl":"https:\/\/dicodusport.fr\/blog\/wp-content\/uploads\/2020\/06\/cropped-LOGO-DICODUSPORT-2020-SANS-FOND-SANS-TEXTE.png","width":512,"height":512,"caption":"Dicodusport"},"image":{"@id":"https:\/\/dicodusport.fr\/blog\/#\/schema\/logo\/image\/"},"sameAs":["https:\/\/www.facebook.com\/dicodusport","https:\/\/x.com\/dicodusport","https:\/\/www.instagram.com\/dicodusport\/","https:\/\/www.youtube.com\/channel\/UC7V2KZ5sd3htJivAbA4ZG3w"],"description":"Dicodusport est l'encyclop\u00e9die de l'actualit\u00e9 sportive.","email":"bonjour@dicodusport.fr","legalName":"DICODUSPORT","foundingDate":"2018-01-14","vatID":"FR71834470973","taxID":"83447097300043","numberOfEmployees":{"@type":"QuantitativeValue","minValue":"1","maxValue":"10"}},{"@type":"Person","@id":"https:\/\/dicodusport.fr\/blog\/#\/schema\/person\/cce96fa88785bd8573e3d43078ac8c79","name":"Arlette Yeye","image":{"@type":"ImageObject","inLanguage":"fr-FR","@id":"https:\/\/dicodusport.fr\/blog\/#\/schema\/person\/image\/","url":"https:\/\/secure.gravatar.com\/avatar\/dca4a6239e6d708e46c45d60e160de6c?s=96&d=wp_user_avatar&r=g","contentUrl":"https:\/\/secure.gravatar.com\/avatar\/dca4a6239e6d708e46c45d60e160de6c?s=96&d=wp_user_avatar&r=g","caption":"Arlette Yeye"},"description":"Journaliste\/r\u00e9dactrice depuis septembre 2015 - Supportrice de Chelsea, j'ai pour sports de pr\u00e9dilection le handball, l'athl\u00e9tisme et le tennis. Si je tweete plus vite que mon ombre, vous pouvez aussi me retrouver les week-ends sur les playgrounds de Bruxelles pour un petit foot ou basket entre potes. Parcourir la France, l'Europe et plus si affinit\u00e9s pour suivre mes sportifs pr\u00e9f\u00e9r\u00e9s ? Mon kif ! Et c'est avec plaisir que je partage les r\u00e9sultats des sports populaires mais \u00e9galement plus confidentiels pour Dicodusport.","sameAs":["https:\/\/x.com\/https:\/\/twitter.com\/Shiclette94"],"url":"https:\/\/dicodusport.fr\/blog\/author\/arlette\/"}]}},"_links":{"self":[{"href":"https:\/\/dicodusport.fr\/blog\/wp-json\/wp\/v2\/posts\/355795","targetHints":{"allow":["GET"]}}],"collection":[{"href":"https:\/\/dicodusport.fr\/blog\/wp-json\/wp\/v2\/posts"}],"about":[{"href":"https:\/\/dicodusport.fr\/blog\/wp-json\/wp\/v2\/types\/post"}],"author":[{"embeddable":true,"href":"https:\/\/dicodusport.fr\/blog\/wp-json\/wp\/v2\/users\/12"}],"replies":[{"embeddable":true,"href":"https:\/\/dicodusport.fr\/blog\/wp-json\/wp\/v2\/comments?post=355795"}],"version-history":[{"count":0,"href":"https:\/\/dicodusport.fr\/blog\/wp-json\/wp\/v2\/posts\/355795\/revisions"}],"wp:featuredmedia":[{"embeddable":true,"href":"https:\/\/dicodusport.fr\/blog\/wp-json\/wp\/v2\/media\/358308"}],"wp:attachment":[{"href":"https:\/\/dicodusport.fr\/blog\/wp-json\/wp\/v2\/media?parent=355795"}],"wp:term":[{"taxonomy":"category","embeddable":true,"href":"https:\/\/dicodusport.fr\/blog\/wp-json\/wp\/v2\/categories?post=355795"},{"taxonomy":"post_tag","embeddable":true,"href":"https:\/\/dicodusport.fr\/blog\/wp-json\/wp\/v2\/tags?post=355795"}],"curies":[{"name":"wp","href":"https:\/\/api.w.org\/{rel}","templated":true}]}}