{"id":355913,"date":"2023-02-15T19:07:22","date_gmt":"2023-02-15T18:07:22","guid":{"rendered":"https:\/\/dicodusport.fr\/blog\/?p=355913&#038;preview=true&#038;preview_id=355913"},"modified":"2023-02-15T19:39:49","modified_gmt":"2023-02-15T18:39:49","slug":"badminton-europe-par-equipes-mixtes-deuxieme-succes-pour-les-bleus-qualifies-en-demi-finales","status":"publish","type":"post","link":"https:\/\/dicodusport.fr\/blog\/badminton-europe-par-equipes-mixtes-deuxieme-succes-pour-les-bleus-qualifies-en-demi-finales\/","title":{"rendered":"Badminton Europe par \u00e9quipes mixtes : Deuxi\u00e8me succ\u00e8s pour les Bleus, qualifi\u00e9s en demi-finales"},"content":{"rendered":"<p style=\"text-align: justify;\" align=\"justify\"><em><strong>CHAMPIONNATS D&rsquo;EUROPE PAR \u00c9QUIPES MIXTES DE BADMINTON &#8211; Les Bleus ont l\u00e2ch\u00e9 un match en toute logique, mais s&rsquo;imposent tout de m\u00eame avec ma\u00eetrise contre les Bulgares, et valident leur ticket pour les demi-finales.<\/strong><\/em><\/p>\n<p style=\"text-align: justify;\" align=\"justify\">Apr\u00e8s <a href=\"https:\/\/dicodusport.fr\/blog\/badminton-europe-par-equipes-mixtes-la-france-reussit-son-entree-en-lice\/\">un succ\u00e8s ma\u00eetris\u00e9 sur les Pays-Bas hier<\/a>, objectif 2\/2 pour l&rsquo;\u00e9quipe de France contre la Bulgarie. Premi\u00e8re \u00e0 entrer en lice, <strong>Xuefei Qi<\/strong> \u00e9tait la favorite logique contre <strong>Hristomira Popovska<\/strong>. Mais la n\u00b01 tricolore a d\u00fb rester vigilante dans une premi\u00e8re manche accroch\u00e9e, et enlev\u00e9e de justesse. Une fois cette frayeur \u00e9vacu\u00e9e, la Fran\u00e7aise a g\u00e9r\u00e9 sa deuxi\u00e8me manche et apport\u00e9 le premier point avec autorit\u00e9 (<strong>21-19, 21-14<\/strong>).<\/p>\n<p style=\"text-align: justify;\" align=\"justify\">Ensuite, c&rsquo;est le prometteur<strong> Alex Lanier<\/strong> qui a \u00e9t\u00e9 lanc\u00e9 dans l&rsquo;ar\u00e8ne contre l&rsquo;exp\u00e9riment\u00e9 <strong>Ivan Rusev<\/strong>. Apr\u00e8s un d\u00e9but de match serr\u00e9, le Tricolore a plac\u00e9 une acc\u00e9l\u00e9ration meurtri\u00e8re et pris le contr\u00f4le du match, pour ne jamais le l\u00e2cher. Au final, un succ\u00e8s ais\u00e9 en deux manches (<strong>21-13, 21-10<\/strong>) et un deuxi\u00e8me point pour les Bleus.<\/p>\n<blockquote class=\"twitter-tweet\">\n<p dir=\"ltr\" lang=\"fr\">\ud83c\uddeb\ud83c\uddf7 2-0 \ud83c\udde7\ud83c\uddec<\/p>\n<p>La France est \u00e0 une victoire des demi-finales \ud83e\udd1e<a href=\"https:\/\/twitter.com\/hashtag\/EMTC23?src=hash&amp;ref_src=twsrc%5Etfw\">#EMTC23<\/a> <a href=\"https:\/\/twitter.com\/hashtag\/badminton?src=hash&amp;ref_src=twsrc%5Etfw\">#badminton<\/a> <a href=\"https:\/\/t.co\/ZQ08hjyjJc\">pic.twitter.com\/ZQ08hjyjJc<\/a><\/p>\n<p>\u2014 FFBaD (@FFBaD) <a href=\"https:\/\/twitter.com\/FFBaD\/status\/1625896994001625089?ref_src=twsrc%5Etfw\">February 15, 2023<\/a><\/p><\/blockquote>\n<p style=\"text-align: justify;\"><script async src=\"https:\/\/platform.twitter.com\/widgets.js\" charset=\"utf-8\"><\/script><\/p>\n<h2 style=\"text-align: justify;\">Les fr\u00e8res Popov plient l&rsquo;affaire<\/h2>\n<p style=\"text-align: justify;\" align=\"justify\">Mais le troisi\u00e8me allait probablement devoir attendre. En effet, <strong>Margot Lambert<\/strong> et <strong>Anne Tran<\/strong> faisaient face \u00e0 la meilleure paire europ\u00e9enne, les s\u0153urs <strong>Gabriela<\/strong> et <strong>Stefani Stoeva<\/strong>. Pourtant, les Tricolores vendront ch\u00e8rement leur peau, notamment lors d&rsquo;un deuxi\u00e8me set de toute beaut\u00e9. Mais elle vont payer la note en fin de match, conc\u00e9dant une d\u00e9faite logique mais honorable (<strong>21-13, 12-21, 21-10<\/strong>).<\/p>\n<p style=\"text-align: justify;\" align=\"justify\">C&rsquo;\u00e9tait alors au tour de <strong>Toma Junior<\/strong> et <strong>Christo Popov<\/strong> de tenter de terminer le travail contre <strong>Daniel Nikolov<\/strong> et <strong>Dimitar Yanakiev<\/strong>. Largement favori sur le papier, le duo fran\u00e7ais va faire le m\u00e9tier avec aplomb, pour d\u00e9crocher un succ\u00e8s <strong>21-10, 21-12<\/strong>. Avec la d\u00e9faite des Pays-Bas contre l&rsquo;Allemagne, voil\u00e0 la France en demi-finales. Le dernier match de poule, demain face aux Allemands (16h00) aura toutefois son importance, puisqu&rsquo;il d\u00e9signera le premier de groupe, et le vainqueur devrait \u00e9viter les terribles Danois en demi-finales.<\/p>\n<h2 style=\"text-align: justify;\" align=\"justify\">\u00c0 lire aussi<\/h2>\n<ul>\n<li style=\"text-align: justify;\"><a href=\"https:\/\/dicodusport.fr\/blog\/programme-et-resultats-championnats-deurope-de-badminton-par-equipes-mixtes-2023\/\"><strong>Calendrier et r\u00e9sultats des Championnats d\u2019Europe de badminton par \u00e9quipes mixtes 2023<\/strong><\/a><\/li>\n<\/ul>\n","protected":false},"excerpt":{"rendered":"<p>CHAMPIONNATS D&rsquo;EUROPE PAR \u00c9QUIPES MIXTES DE BADMINTON &#8211; Les Bleus ont l\u00e2ch\u00e9 un match en toute logique, mais s&rsquo;imposent tout de m\u00eame avec ma\u00eetrise contre les Bulgares, et valident leur ticket pour les demi-finales.<\/p>\n","protected":false},"author":59,"featured_media":356017,"comment_status":"open","ping_status":"closed","sticky":false,"template":"","format":"standard","meta":{"_acf_changed":false,"_daextam_enable_autolinks":"","footnotes":""},"categories":[13604],"tags":[26088,16878,23440],"class_list":["post-355913","post","type-post","status-publish","format-standard","has-post-thumbnail","hentry","category-badminton","tag-badminton-francais","tag-breve","tag-equipe-de-france-de-badminton"],"acf":[],"yoast_head":"<!-- This site is optimized with the Yoast SEO Premium plugin v26.7 (Yoast SEO v26.7) - https:\/\/yoast.com\/wordpress\/plugins\/seo\/ -->\n<title>Badminton Europe par \u00e9quipes mixtes : Deuxi\u00e8me succ\u00e8s pour les Bleus, qualifi\u00e9s en demi-finales<\/title>\n<meta name=\"description\" content=\"CHAMPIONNATS D&#039;EUROPE PAR \u00c9QUIPES MIXTES DE BADMINTON - Les Bleus s&#039;imposent avec ma\u00eetrise contre les Bulgares, et sont en demi-finales.\" \/>\n<meta name=\"robots\" content=\"index, follow, max-snippet:-1, max-image-preview:large, max-video-preview:-1\" \/>\n<link rel=\"canonical\" href=\"https:\/\/dicodusport.fr\/blog\/badminton-europe-par-equipes-mixtes-deuxieme-succes-pour-les-bleus-qualifies-en-demi-finales\/\" \/>\n<meta property=\"og:locale\" content=\"fr_FR\" \/>\n<meta property=\"og:type\" content=\"article\" \/>\n<meta property=\"og:title\" content=\"Badminton Europe par \u00e9quipes mixtes : Deuxi\u00e8me succ\u00e8s pour les Bleus, qualifi\u00e9s en demi-finales\" \/>\n<meta property=\"og:description\" content=\"CHAMPIONNATS D&#039;EUROPE PAR \u00c9QUIPES MIXTES DE BADMINTON - Les Bleus s&#039;imposent avec ma\u00eetrise contre les Bulgares, et sont en demi-finales.\" \/>\n<meta property=\"og:url\" content=\"https:\/\/dicodusport.fr\/blog\/badminton-europe-par-equipes-mixtes-deuxieme-succes-pour-les-bleus-qualifies-en-demi-finales\/\" \/>\n<meta property=\"og:site_name\" content=\"Dicodusport\" \/>\n<meta property=\"article:publisher\" content=\"https:\/\/www.facebook.com\/dicodusport\" \/>\n<meta property=\"article:author\" content=\"https:\/\/www.facebook.com\/sebastien.gente\/\" \/>\n<meta property=\"article:published_time\" content=\"2023-02-15T18:07:22+00:00\" \/>\n<meta property=\"article:modified_time\" content=\"2023-02-15T18:39:49+00:00\" \/>\n<meta property=\"og:image\" content=\"https:\/\/dicodusport.fr\/blog\/wp-content\/uploads\/2023\/02\/Badminton-Europe-par-equipes-mixtes-Deuxieme-succes-pour-les-Bleus-qualifies-en-demi-finales.png\" \/>\n\t<meta property=\"og:image:width\" content=\"800\" \/>\n\t<meta property=\"og:image:height\" content=\"445\" \/>\n\t<meta property=\"og:image:type\" content=\"image\/png\" \/>\n<meta name=\"author\" content=\"S\u00e9bastien Gente\" \/>\n<meta name=\"twitter:card\" content=\"summary_large_image\" \/>\n<meta name=\"twitter:title\" content=\"Badminton Europe par \u00e9quipes mixtes : Deuxi\u00e8me succ\u00e8s pour les Bleus, qualifi\u00e9s en demi-finales\" \/>\n<meta name=\"twitter:creator\" content=\"@https:\/\/twitter.com\/globulo24\" \/>\n<meta name=\"twitter:site\" content=\"@dicodusport\" \/>\n<script type=\"application\/ld+json\" class=\"yoast-schema-graph\">{\"@context\":\"https:\/\/schema.org\",\"@graph\":[{\"@type\":\"NewsArticle\",\"@id\":\"https:\/\/dicodusport.fr\/blog\/badminton-europe-par-equipes-mixtes-deuxieme-succes-pour-les-bleus-qualifies-en-demi-finales\/#article\",\"isPartOf\":{\"@id\":\"https:\/\/dicodusport.fr\/blog\/badminton-europe-par-equipes-mixtes-deuxieme-succes-pour-les-bleus-qualifies-en-demi-finales\/\"},\"author\":{\"name\":\"S\u00e9bastien Gente\",\"@id\":\"https:\/\/dicodusport.fr\/blog\/#\/schema\/person\/627966a6cde45dbd8c5e36ac85d783da\"},\"headline\":\"Badminton Europe par \u00e9quipes mixtes : Deuxi\u00e8me succ\u00e8s pour les Bleus, qualifi\u00e9s en demi-finales\",\"datePublished\":\"2023-02-15T18:07:22+00:00\",\"dateModified\":\"2023-02-15T18:39:49+00:00\",\"mainEntityOfPage\":{\"@id\":\"https:\/\/dicodusport.fr\/blog\/badminton-europe-par-equipes-mixtes-deuxieme-succes-pour-les-bleus-qualifies-en-demi-finales\/\"},\"wordCount\":406,\"commentCount\":0,\"publisher\":{\"@id\":\"https:\/\/dicodusport.fr\/blog\/#organization\"},\"image\":{\"@id\":\"https:\/\/dicodusport.fr\/blog\/badminton-europe-par-equipes-mixtes-deuxieme-succes-pour-les-bleus-qualifies-en-demi-finales\/#primaryimage\"},\"thumbnailUrl\":\"https:\/\/dicodusport.fr\/blog\/wp-content\/uploads\/2023\/02\/Badminton-Europe-par-equipes-mixtes-Deuxieme-succes-pour-les-Bleus-qualifies-en-demi-finales.png\",\"keywords\":[\"badminton fran\u00e7ais\",\"br\u00e8ve\",\"\u00e9quipe de France de badminton\"],\"articleSection\":[\"Badminton\"],\"inLanguage\":\"fr-FR\",\"potentialAction\":[{\"@type\":\"CommentAction\",\"name\":\"Comment\",\"target\":[\"https:\/\/dicodusport.fr\/blog\/badminton-europe-par-equipes-mixtes-deuxieme-succes-pour-les-bleus-qualifies-en-demi-finales\/#respond\"]}],\"copyrightYear\":\"2023\",\"copyrightHolder\":{\"@id\":\"https:\/\/dicodusport.fr\/blog\/#organization\"}},{\"@type\":\"WebPage\",\"@id\":\"https:\/\/dicodusport.fr\/blog\/badminton-europe-par-equipes-mixtes-deuxieme-succes-pour-les-bleus-qualifies-en-demi-finales\/\",\"url\":\"https:\/\/dicodusport.fr\/blog\/badminton-europe-par-equipes-mixtes-deuxieme-succes-pour-les-bleus-qualifies-en-demi-finales\/\",\"name\":\"Badminton Europe par \u00e9quipes mixtes : Deuxi\u00e8me succ\u00e8s pour les Bleus, qualifi\u00e9s en demi-finales\",\"isPartOf\":{\"@id\":\"https:\/\/dicodusport.fr\/blog\/#website\"},\"primaryImageOfPage\":{\"@id\":\"https:\/\/dicodusport.fr\/blog\/badminton-europe-par-equipes-mixtes-deuxieme-succes-pour-les-bleus-qualifies-en-demi-finales\/#primaryimage\"},\"image\":{\"@id\":\"https:\/\/dicodusport.fr\/blog\/badminton-europe-par-equipes-mixtes-deuxieme-succes-pour-les-bleus-qualifies-en-demi-finales\/#primaryimage\"},\"thumbnailUrl\":\"https:\/\/dicodusport.fr\/blog\/wp-content\/uploads\/2023\/02\/Badminton-Europe-par-equipes-mixtes-Deuxieme-succes-pour-les-Bleus-qualifies-en-demi-finales.png\",\"datePublished\":\"2023-02-15T18:07:22+00:00\",\"dateModified\":\"2023-02-15T18:39:49+00:00\",\"description\":\"CHAMPIONNATS D'EUROPE PAR \u00c9QUIPES MIXTES DE BADMINTON - Les Bleus s'imposent avec ma\u00eetrise contre les Bulgares, et sont en demi-finales.\",\"breadcrumb\":{\"@id\":\"https:\/\/dicodusport.fr\/blog\/badminton-europe-par-equipes-mixtes-deuxieme-succes-pour-les-bleus-qualifies-en-demi-finales\/#breadcrumb\"},\"inLanguage\":\"fr-FR\",\"potentialAction\":[{\"@type\":\"ReadAction\",\"target\":[\"https:\/\/dicodusport.fr\/blog\/badminton-europe-par-equipes-mixtes-deuxieme-succes-pour-les-bleus-qualifies-en-demi-finales\/\"]}]},{\"@type\":\"ImageObject\",\"inLanguage\":\"fr-FR\",\"@id\":\"https:\/\/dicodusport.fr\/blog\/badminton-europe-par-equipes-mixtes-deuxieme-succes-pour-les-bleus-qualifies-en-demi-finales\/#primaryimage\",\"url\":\"https:\/\/dicodusport.fr\/blog\/wp-content\/uploads\/2023\/02\/Badminton-Europe-par-equipes-mixtes-Deuxieme-succes-pour-les-Bleus-qualifies-en-demi-finales.png\",\"contentUrl\":\"https:\/\/dicodusport.fr\/blog\/wp-content\/uploads\/2023\/02\/Badminton-Europe-par-equipes-mixtes-Deuxieme-succes-pour-les-Bleus-qualifies-en-demi-finales.png\",\"width\":800,\"height\":445,\"caption\":\"Badminton Europe par \u00e9quipes mixtes Deuxi\u00e8me succ\u00e8s pour les Bleus, qualifi\u00e9s en demi-finales\"},{\"@type\":\"BreadcrumbList\",\"@id\":\"https:\/\/dicodusport.fr\/blog\/badminton-europe-par-equipes-mixtes-deuxieme-succes-pour-les-bleus-qualifies-en-demi-finales\/#breadcrumb\",\"itemListElement\":[{\"@type\":\"ListItem\",\"position\":1,\"name\":\"Accueil\",\"item\":\"https:\/\/dicodusport.fr\/blog\/\"},{\"@type\":\"ListItem\",\"position\":2,\"name\":\"Badminton Europe par \u00e9quipes mixtes : Deuxi\u00e8me succ\u00e8s pour les Bleus, qualifi\u00e9s en demi-finales\"}]},{\"@type\":\"WebSite\",\"@id\":\"https:\/\/dicodusport.fr\/blog\/#website\",\"url\":\"https:\/\/dicodusport.fr\/blog\/\",\"name\":\"Dicodusport\",\"description\":\"L&#039;encyclop\u00e9die de l&#039;actualit\u00e9 sportive\",\"publisher\":{\"@id\":\"https:\/\/dicodusport.fr\/blog\/#organization\"},\"potentialAction\":[{\"@type\":\"SearchAction\",\"target\":{\"@type\":\"EntryPoint\",\"urlTemplate\":\"https:\/\/dicodusport.fr\/blog\/?s={search_term_string}\"},\"query-input\":{\"@type\":\"PropertyValueSpecification\",\"valueRequired\":true,\"valueName\":\"search_term_string\"}}],\"inLanguage\":\"fr-FR\"},{\"@type\":\"NewsMediaOrganization\",\"@id\":\"https:\/\/dicodusport.fr\/blog\/#organization\",\"name\":\"Dicodusport\",\"url\":\"https:\/\/dicodusport.fr\/blog\/\",\"logo\":{\"@type\":\"ImageObject\",\"inLanguage\":\"fr-FR\",\"@id\":\"https:\/\/dicodusport.fr\/blog\/#\/schema\/logo\/image\/\",\"url\":\"https:\/\/dicodusport.fr\/blog\/wp-content\/uploads\/2020\/06\/cropped-LOGO-DICODUSPORT-2020-SANS-FOND-SANS-TEXTE.png\",\"contentUrl\":\"https:\/\/dicodusport.fr\/blog\/wp-content\/uploads\/2020\/06\/cropped-LOGO-DICODUSPORT-2020-SANS-FOND-SANS-TEXTE.png\",\"width\":512,\"height\":512,\"caption\":\"Dicodusport\"},\"image\":{\"@id\":\"https:\/\/dicodusport.fr\/blog\/#\/schema\/logo\/image\/\"},\"sameAs\":[\"https:\/\/www.facebook.com\/dicodusport\",\"https:\/\/x.com\/dicodusport\",\"https:\/\/www.instagram.com\/dicodusport\/\",\"https:\/\/www.youtube.com\/channel\/UC7V2KZ5sd3htJivAbA4ZG3w\"],\"description\":\"Dicodusport est l'encyclop\u00e9die de l'actualit\u00e9 sportive.\",\"email\":\"bonjour@dicodusport.fr\",\"legalName\":\"DICODUSPORT\",\"foundingDate\":\"2018-01-14\",\"vatID\":\"FR71834470973\",\"taxID\":\"83447097300043\",\"numberOfEmployees\":{\"@type\":\"QuantitativeValue\",\"minValue\":\"1\",\"maxValue\":\"10\"}},{\"@type\":\"Person\",\"@id\":\"https:\/\/dicodusport.fr\/blog\/#\/schema\/person\/627966a6cde45dbd8c5e36ac85d783da\",\"name\":\"S\u00e9bastien Gente\",\"image\":{\"@type\":\"ImageObject\",\"inLanguage\":\"fr-FR\",\"@id\":\"https:\/\/dicodusport.fr\/blog\/#\/schema\/person\/image\/\",\"url\":\"https:\/\/dicodusport.fr\/blog\/wp-content\/uploads\/2021\/09\/1510990_10205810251400683_4124423575079401707_n-150x150.jpg\",\"contentUrl\":\"https:\/\/dicodusport.fr\/blog\/wp-content\/uploads\/2021\/09\/1510990_10205810251400683_4124423575079401707_n-150x150.jpg\",\"caption\":\"S\u00e9bastien Gente\"},\"description\":\"John Stockton, Gianni Bugno, Zinedine Zidane, Steffi Graf, Frode Andresen, St\u00e9phane Stoecklin, Davis Kamoga, Primoz Peterka, Werner Schlager et Aur\u00e9lien Rougerie. Point commun entre ces sportifs? Ils m'ont fait r\u00eaver et ont berc\u00e9 mon adolescence. Je suis un fondu de sports et j'essaie de retranscrire ma passion \u00e0 travers mes articles. Originaire du P\u00e9rigord, ma passion pour les Girondins, les Jaunards et les Jazzmen transpire dans mes \u00e9crits. \u00c0 Dicodusport depuis 2021, je d\u00e9niche les sports m\u00e9connus dans lesquels la France brille, et il y en a !\",\"sameAs\":[\"https:\/\/www.facebook.com\/sebastien.gente\/\",\"https:\/\/www.instagram.com\/sebgente\/\",\"https:\/\/www.linkedin.com\/in\/sbastien-gente-a29583169\/\",\"https:\/\/x.com\/https:\/\/twitter.com\/globulo24\",\"SebastienGente\"],\"worksFor\":\"S\u00e9bastien GENTE\",\"url\":\"https:\/\/dicodusport.fr\/blog\/author\/sebastiengente\/\"}]}<\/script>\n<!-- \/ Yoast SEO Premium plugin. -->","yoast_head_json":{"title":"Badminton Europe par \u00e9quipes mixtes : Deuxi\u00e8me succ\u00e8s pour les Bleus, qualifi\u00e9s en demi-finales","description":"CHAMPIONNATS D'EUROPE PAR \u00c9QUIPES MIXTES DE BADMINTON - Les Bleus s'imposent avec ma\u00eetrise contre les Bulgares, et sont en demi-finales.","robots":{"index":"index","follow":"follow","max-snippet":"max-snippet:-1","max-image-preview":"max-image-preview:large","max-video-preview":"max-video-preview:-1"},"canonical":"https:\/\/dicodusport.fr\/blog\/badminton-europe-par-equipes-mixtes-deuxieme-succes-pour-les-bleus-qualifies-en-demi-finales\/","og_locale":"fr_FR","og_type":"article","og_title":"Badminton Europe par \u00e9quipes mixtes : Deuxi\u00e8me succ\u00e8s pour les Bleus, qualifi\u00e9s en demi-finales","og_description":"CHAMPIONNATS D'EUROPE PAR \u00c9QUIPES MIXTES DE BADMINTON - Les Bleus s'imposent avec ma\u00eetrise contre les Bulgares, et sont en demi-finales.","og_url":"https:\/\/dicodusport.fr\/blog\/badminton-europe-par-equipes-mixtes-deuxieme-succes-pour-les-bleus-qualifies-en-demi-finales\/","og_site_name":"Dicodusport","article_publisher":"https:\/\/www.facebook.com\/dicodusport","article_author":"https:\/\/www.facebook.com\/sebastien.gente\/","article_published_time":"2023-02-15T18:07:22+00:00","article_modified_time":"2023-02-15T18:39:49+00:00","og_image":[{"width":800,"height":445,"url":"https:\/\/dicodusport.fr\/blog\/wp-content\/uploads\/2023\/02\/Badminton-Europe-par-equipes-mixtes-Deuxieme-succes-pour-les-Bleus-qualifies-en-demi-finales.png","type":"image\/png"}],"author":"S\u00e9bastien Gente","twitter_card":"summary_large_image","twitter_title":"Badminton Europe par \u00e9quipes mixtes : Deuxi\u00e8me succ\u00e8s pour les Bleus, qualifi\u00e9s en demi-finales","twitter_creator":"@https:\/\/twitter.com\/globulo24","twitter_site":"@dicodusport","schema":{"@context":"https:\/\/schema.org","@graph":[{"@type":"NewsArticle","@id":"https:\/\/dicodusport.fr\/blog\/badminton-europe-par-equipes-mixtes-deuxieme-succes-pour-les-bleus-qualifies-en-demi-finales\/#article","isPartOf":{"@id":"https:\/\/dicodusport.fr\/blog\/badminton-europe-par-equipes-mixtes-deuxieme-succes-pour-les-bleus-qualifies-en-demi-finales\/"},"author":{"name":"S\u00e9bastien Gente","@id":"https:\/\/dicodusport.fr\/blog\/#\/schema\/person\/627966a6cde45dbd8c5e36ac85d783da"},"headline":"Badminton Europe par \u00e9quipes mixtes : Deuxi\u00e8me succ\u00e8s pour les Bleus, qualifi\u00e9s en demi-finales","datePublished":"2023-02-15T18:07:22+00:00","dateModified":"2023-02-15T18:39:49+00:00","mainEntityOfPage":{"@id":"https:\/\/dicodusport.fr\/blog\/badminton-europe-par-equipes-mixtes-deuxieme-succes-pour-les-bleus-qualifies-en-demi-finales\/"},"wordCount":406,"commentCount":0,"publisher":{"@id":"https:\/\/dicodusport.fr\/blog\/#organization"},"image":{"@id":"https:\/\/dicodusport.fr\/blog\/badminton-europe-par-equipes-mixtes-deuxieme-succes-pour-les-bleus-qualifies-en-demi-finales\/#primaryimage"},"thumbnailUrl":"https:\/\/dicodusport.fr\/blog\/wp-content\/uploads\/2023\/02\/Badminton-Europe-par-equipes-mixtes-Deuxieme-succes-pour-les-Bleus-qualifies-en-demi-finales.png","keywords":["badminton fran\u00e7ais","br\u00e8ve","\u00e9quipe de France de badminton"],"articleSection":["Badminton"],"inLanguage":"fr-FR","potentialAction":[{"@type":"CommentAction","name":"Comment","target":["https:\/\/dicodusport.fr\/blog\/badminton-europe-par-equipes-mixtes-deuxieme-succes-pour-les-bleus-qualifies-en-demi-finales\/#respond"]}],"copyrightYear":"2023","copyrightHolder":{"@id":"https:\/\/dicodusport.fr\/blog\/#organization"}},{"@type":"WebPage","@id":"https:\/\/dicodusport.fr\/blog\/badminton-europe-par-equipes-mixtes-deuxieme-succes-pour-les-bleus-qualifies-en-demi-finales\/","url":"https:\/\/dicodusport.fr\/blog\/badminton-europe-par-equipes-mixtes-deuxieme-succes-pour-les-bleus-qualifies-en-demi-finales\/","name":"Badminton Europe par \u00e9quipes mixtes : Deuxi\u00e8me succ\u00e8s pour les Bleus, qualifi\u00e9s en demi-finales","isPartOf":{"@id":"https:\/\/dicodusport.fr\/blog\/#website"},"primaryImageOfPage":{"@id":"https:\/\/dicodusport.fr\/blog\/badminton-europe-par-equipes-mixtes-deuxieme-succes-pour-les-bleus-qualifies-en-demi-finales\/#primaryimage"},"image":{"@id":"https:\/\/dicodusport.fr\/blog\/badminton-europe-par-equipes-mixtes-deuxieme-succes-pour-les-bleus-qualifies-en-demi-finales\/#primaryimage"},"thumbnailUrl":"https:\/\/dicodusport.fr\/blog\/wp-content\/uploads\/2023\/02\/Badminton-Europe-par-equipes-mixtes-Deuxieme-succes-pour-les-Bleus-qualifies-en-demi-finales.png","datePublished":"2023-02-15T18:07:22+00:00","dateModified":"2023-02-15T18:39:49+00:00","description":"CHAMPIONNATS D'EUROPE PAR \u00c9QUIPES MIXTES DE BADMINTON - Les Bleus s'imposent avec ma\u00eetrise contre les Bulgares, et sont en demi-finales.","breadcrumb":{"@id":"https:\/\/dicodusport.fr\/blog\/badminton-europe-par-equipes-mixtes-deuxieme-succes-pour-les-bleus-qualifies-en-demi-finales\/#breadcrumb"},"inLanguage":"fr-FR","potentialAction":[{"@type":"ReadAction","target":["https:\/\/dicodusport.fr\/blog\/badminton-europe-par-equipes-mixtes-deuxieme-succes-pour-les-bleus-qualifies-en-demi-finales\/"]}]},{"@type":"ImageObject","inLanguage":"fr-FR","@id":"https:\/\/dicodusport.fr\/blog\/badminton-europe-par-equipes-mixtes-deuxieme-succes-pour-les-bleus-qualifies-en-demi-finales\/#primaryimage","url":"https:\/\/dicodusport.fr\/blog\/wp-content\/uploads\/2023\/02\/Badminton-Europe-par-equipes-mixtes-Deuxieme-succes-pour-les-Bleus-qualifies-en-demi-finales.png","contentUrl":"https:\/\/dicodusport.fr\/blog\/wp-content\/uploads\/2023\/02\/Badminton-Europe-par-equipes-mixtes-Deuxieme-succes-pour-les-Bleus-qualifies-en-demi-finales.png","width":800,"height":445,"caption":"Badminton Europe par \u00e9quipes mixtes Deuxi\u00e8me succ\u00e8s pour les Bleus, qualifi\u00e9s en demi-finales"},{"@type":"BreadcrumbList","@id":"https:\/\/dicodusport.fr\/blog\/badminton-europe-par-equipes-mixtes-deuxieme-succes-pour-les-bleus-qualifies-en-demi-finales\/#breadcrumb","itemListElement":[{"@type":"ListItem","position":1,"name":"Accueil","item":"https:\/\/dicodusport.fr\/blog\/"},{"@type":"ListItem","position":2,"name":"Badminton Europe par \u00e9quipes mixtes : Deuxi\u00e8me succ\u00e8s pour les Bleus, qualifi\u00e9s en demi-finales"}]},{"@type":"WebSite","@id":"https:\/\/dicodusport.fr\/blog\/#website","url":"https:\/\/dicodusport.fr\/blog\/","name":"Dicodusport","description":"L&#039;encyclop\u00e9die de l&#039;actualit\u00e9 sportive","publisher":{"@id":"https:\/\/dicodusport.fr\/blog\/#organization"},"potentialAction":[{"@type":"SearchAction","target":{"@type":"EntryPoint","urlTemplate":"https:\/\/dicodusport.fr\/blog\/?s={search_term_string}"},"query-input":{"@type":"PropertyValueSpecification","valueRequired":true,"valueName":"search_term_string"}}],"inLanguage":"fr-FR"},{"@type":"NewsMediaOrganization","@id":"https:\/\/dicodusport.fr\/blog\/#organization","name":"Dicodusport","url":"https:\/\/dicodusport.fr\/blog\/","logo":{"@type":"ImageObject","inLanguage":"fr-FR","@id":"https:\/\/dicodusport.fr\/blog\/#\/schema\/logo\/image\/","url":"https:\/\/dicodusport.fr\/blog\/wp-content\/uploads\/2020\/06\/cropped-LOGO-DICODUSPORT-2020-SANS-FOND-SANS-TEXTE.png","contentUrl":"https:\/\/dicodusport.fr\/blog\/wp-content\/uploads\/2020\/06\/cropped-LOGO-DICODUSPORT-2020-SANS-FOND-SANS-TEXTE.png","width":512,"height":512,"caption":"Dicodusport"},"image":{"@id":"https:\/\/dicodusport.fr\/blog\/#\/schema\/logo\/image\/"},"sameAs":["https:\/\/www.facebook.com\/dicodusport","https:\/\/x.com\/dicodusport","https:\/\/www.instagram.com\/dicodusport\/","https:\/\/www.youtube.com\/channel\/UC7V2KZ5sd3htJivAbA4ZG3w"],"description":"Dicodusport est l'encyclop\u00e9die de l'actualit\u00e9 sportive.","email":"bonjour@dicodusport.fr","legalName":"DICODUSPORT","foundingDate":"2018-01-14","vatID":"FR71834470973","taxID":"83447097300043","numberOfEmployees":{"@type":"QuantitativeValue","minValue":"1","maxValue":"10"}},{"@type":"Person","@id":"https:\/\/dicodusport.fr\/blog\/#\/schema\/person\/627966a6cde45dbd8c5e36ac85d783da","name":"S\u00e9bastien Gente","image":{"@type":"ImageObject","inLanguage":"fr-FR","@id":"https:\/\/dicodusport.fr\/blog\/#\/schema\/person\/image\/","url":"https:\/\/dicodusport.fr\/blog\/wp-content\/uploads\/2021\/09\/1510990_10205810251400683_4124423575079401707_n-150x150.jpg","contentUrl":"https:\/\/dicodusport.fr\/blog\/wp-content\/uploads\/2021\/09\/1510990_10205810251400683_4124423575079401707_n-150x150.jpg","caption":"S\u00e9bastien Gente"},"description":"John Stockton, Gianni Bugno, Zinedine Zidane, Steffi Graf, Frode Andresen, St\u00e9phane Stoecklin, Davis Kamoga, Primoz Peterka, Werner Schlager et Aur\u00e9lien Rougerie. Point commun entre ces sportifs? Ils m'ont fait r\u00eaver et ont berc\u00e9 mon adolescence. Je suis un fondu de sports et j'essaie de retranscrire ma passion \u00e0 travers mes articles. Originaire du P\u00e9rigord, ma passion pour les Girondins, les Jaunards et les Jazzmen transpire dans mes \u00e9crits. \u00c0 Dicodusport depuis 2021, je d\u00e9niche les sports m\u00e9connus dans lesquels la France brille, et il y en a !","sameAs":["https:\/\/www.facebook.com\/sebastien.gente\/","https:\/\/www.instagram.com\/sebgente\/","https:\/\/www.linkedin.com\/in\/sbastien-gente-a29583169\/","https:\/\/x.com\/https:\/\/twitter.com\/globulo24","SebastienGente"],"worksFor":"S\u00e9bastien GENTE","url":"https:\/\/dicodusport.fr\/blog\/author\/sebastiengente\/"}]}},"_links":{"self":[{"href":"https:\/\/dicodusport.fr\/blog\/wp-json\/wp\/v2\/posts\/355913","targetHints":{"allow":["GET"]}}],"collection":[{"href":"https:\/\/dicodusport.fr\/blog\/wp-json\/wp\/v2\/posts"}],"about":[{"href":"https:\/\/dicodusport.fr\/blog\/wp-json\/wp\/v2\/types\/post"}],"author":[{"embeddable":true,"href":"https:\/\/dicodusport.fr\/blog\/wp-json\/wp\/v2\/users\/59"}],"replies":[{"embeddable":true,"href":"https:\/\/dicodusport.fr\/blog\/wp-json\/wp\/v2\/comments?post=355913"}],"version-history":[{"count":0,"href":"https:\/\/dicodusport.fr\/blog\/wp-json\/wp\/v2\/posts\/355913\/revisions"}],"wp:featuredmedia":[{"embeddable":true,"href":"https:\/\/dicodusport.fr\/blog\/wp-json\/wp\/v2\/media\/356017"}],"wp:attachment":[{"href":"https:\/\/dicodusport.fr\/blog\/wp-json\/wp\/v2\/media?parent=355913"}],"wp:term":[{"taxonomy":"category","embeddable":true,"href":"https:\/\/dicodusport.fr\/blog\/wp-json\/wp\/v2\/categories?post=355913"},{"taxonomy":"post_tag","embeddable":true,"href":"https:\/\/dicodusport.fr\/blog\/wp-json\/wp\/v2\/tags?post=355913"}],"curies":[{"name":"wp","href":"https:\/\/api.w.org\/{rel}","templated":true}]}}