{"id":355954,"date":"2023-02-15T17:14:40","date_gmt":"2023-02-15T16:14:40","guid":{"rendered":"https:\/\/dicodusport.fr\/blog\/?p=355954&#038;preview=true&#038;preview_id=355954"},"modified":"2023-02-17T10:15:31","modified_gmt":"2023-02-17T09:15:31","slug":"tour-des-alpes-maritimes-et-du-var-2023-profil-des-etapes","status":"publish","type":"post","link":"https:\/\/dicodusport.fr\/blog\/tour-des-alpes-maritimes-et-du-var-2023-profil-des-etapes\/","title":{"rendered":"Tour des Alpes-Maritimes et du Var 2023 : Profil des \u00e9tapes"},"content":{"rendered":"<p style=\"text-align: justify;\"><em><b><a href=\"https:\/\/www.procyclingstats.com\/race\/tour-des-alpes-maritimes-et-du-var\/2022\/gc\/overview\" target=\"_blank\" rel=\"noopener\">TOUR DES ALPES-MARITIMES ET DU VAR 2023<\/a> &#8211; La 55\u00e8me \u00e9dition du Tour des Alpes-Maritimes et du Var d\u00e9bute ce vendredi 17 f\u00e9vrier et s&rsquo;ach\u00e8vera dimanche. Le profil des trois \u00e9tapes.<\/b><\/em><\/p>\n<h2 style=\"text-align: justify;\">1\u00e8re \u00e9tape &#8211; Saint-Rapha\u00ebl &#8211; Ramatuelle : Vendredi 17 f\u00e9vrier 2023<\/h2>\n<p style=\"text-align: justify;\">\u00c9tape de moyenne montagne d&rsquo;une distance de 187,6 km.<\/p>\n<div id=\"attachment_355958\" style=\"width: 1260px\" class=\"wp-caption alignnone\"><a href=\"https:\/\/dicodusport.fr\/blog\/wp-content\/uploads\/2023\/02\/Tour-des-Alpes-Maritimes-et-du-Var-Etape-1.jpeg\"><img loading=\"lazy\" decoding=\"async\" aria-describedby=\"caption-attachment-355958\" class=\"size-full wp-image-355958\" src=\"https:\/\/dicodusport.fr\/blog\/wp-content\/uploads\/2023\/02\/Tour-des-Alpes-Maritimes-et-du-Var-Etape-1.jpeg\" alt=\"\" width=\"1250\" height=\"625\" srcset=\"https:\/\/dicodusport.fr\/blog\/wp-content\/uploads\/2023\/02\/Tour-des-Alpes-Maritimes-et-du-Var-Etape-1.jpeg 1250w, https:\/\/dicodusport.fr\/blog\/wp-content\/uploads\/2023\/02\/Tour-des-Alpes-Maritimes-et-du-Var-Etape-1-300x150.jpeg 300w, https:\/\/dicodusport.fr\/blog\/wp-content\/uploads\/2023\/02\/Tour-des-Alpes-Maritimes-et-du-Var-Etape-1-1024x512.jpeg 1024w, https:\/\/dicodusport.fr\/blog\/wp-content\/uploads\/2023\/02\/Tour-des-Alpes-Maritimes-et-du-Var-Etape-1-768x384.jpeg 768w\" sizes=\"auto, (max-width: 1250px) 100vw, 1250px\" \/><\/a><p id=\"caption-attachment-355958\" class=\"wp-caption-text\">\u00a9 Pro Cycling Stats<\/p><\/div>\n<p style=\"text-align: center;\"><a href=\"http:\/\/dicodusport.fr\/blog\/tour-des-alpes-maritimes-et-du-var-2023-profil-des-etapes\/2\/#deux\" class=\"su-button su-button-style-flat\" style=\"color:#FFFFFF;background-color:#005f9b;border-color:#004c7c;border-radius:4px\" target=\"_self\"><span style=\"color:#FFFFFF;padding:0px 20px;font-size:16px;line-height:32px;border-color:#4d8fb9;border-radius:4px;text-shadow:none\"> Deuxi\u00e8me \u00e9tape<\/span><\/a><!--nextpage--><\/p>\n<h2 style=\"text-align: justify;\"><a id=\"deux\"><\/a>2\u00e8me \u00e9tape &#8211; Mandelieu-la-Napoule &#8211; Antibes\u00a0: Samedi 18 f\u00e9vrier 2023<\/h2>\n<p style=\"text-align: justify;\">\u00c9tape de moyenne montagne d&rsquo;une distance de 179,5 km.<\/p>\n<div id=\"attachment_355957\" style=\"width: 1260px\" class=\"wp-caption alignnone\"><a href=\"https:\/\/dicodusport.fr\/blog\/wp-content\/uploads\/2023\/02\/Tour-des-Alpes-Maritimes-et-du-Var-Etape-2.jpeg\"><img loading=\"lazy\" decoding=\"async\" aria-describedby=\"caption-attachment-355957\" class=\"size-full wp-image-355957\" src=\"https:\/\/dicodusport.fr\/blog\/wp-content\/uploads\/2023\/02\/Tour-des-Alpes-Maritimes-et-du-Var-Etape-2.jpeg\" alt=\"\" width=\"1250\" height=\"625\" srcset=\"https:\/\/dicodusport.fr\/blog\/wp-content\/uploads\/2023\/02\/Tour-des-Alpes-Maritimes-et-du-Var-Etape-2.jpeg 1250w, https:\/\/dicodusport.fr\/blog\/wp-content\/uploads\/2023\/02\/Tour-des-Alpes-Maritimes-et-du-Var-Etape-2-300x150.jpeg 300w, https:\/\/dicodusport.fr\/blog\/wp-content\/uploads\/2023\/02\/Tour-des-Alpes-Maritimes-et-du-Var-Etape-2-1024x512.jpeg 1024w, https:\/\/dicodusport.fr\/blog\/wp-content\/uploads\/2023\/02\/Tour-des-Alpes-Maritimes-et-du-Var-Etape-2-768x384.jpeg 768w\" sizes=\"auto, (max-width: 1250px) 100vw, 1250px\" \/><\/a><p id=\"caption-attachment-355957\" class=\"wp-caption-text\">\u00a9 Pro Cycling Stats<\/p><\/div>\n<p style=\"text-align: center;\"><a href=\"http:\/\/dicodusport.fr\/blog\/tour-des-alpes-maritimes-et-du-var-2023-profil-des-etapes\/3\/#trois\" class=\"su-button su-button-style-flat\" style=\"color:#FFFFFF;background-color:#005f9b;border-color:#004c7c;border-radius:4px\" target=\"_self\"><span style=\"color:#FFFFFF;padding:0px 20px;font-size:16px;line-height:32px;border-color:#4d8fb9;border-radius:4px;text-shadow:none\"> Troisi\u00e8me \u00e9tape<\/span><\/a>\n<p><!--nextpage--><\/p>\n<h2 style=\"text-align: justify;\"><a id=\"trois\"><\/a>3\u00e8me \u00e9tape &#8211; Villefranche-sur-Mer &#8211; Vence\u00a0: Dimanche 19 f\u00e9vrier 2023<\/h2>\n<p style=\"text-align: justify;\">\u00c9tape de moyenne montagne d&rsquo;une distance de 132,5 km.<\/p>\n<div id=\"attachment_355956\" style=\"width: 1260px\" class=\"wp-caption alignnone\"><a href=\"https:\/\/dicodusport.fr\/blog\/wp-content\/uploads\/2023\/02\/Tour-des-Alpes-Maritimes-et-du-Var-Etape-3.jpeg\"><img loading=\"lazy\" decoding=\"async\" aria-describedby=\"caption-attachment-355956\" class=\"size-full wp-image-355956\" src=\"https:\/\/dicodusport.fr\/blog\/wp-content\/uploads\/2023\/02\/Tour-des-Alpes-Maritimes-et-du-Var-Etape-3.jpeg\" alt=\"\" width=\"1250\" height=\"625\" srcset=\"https:\/\/dicodusport.fr\/blog\/wp-content\/uploads\/2023\/02\/Tour-des-Alpes-Maritimes-et-du-Var-Etape-3.jpeg 1250w, https:\/\/dicodusport.fr\/blog\/wp-content\/uploads\/2023\/02\/Tour-des-Alpes-Maritimes-et-du-Var-Etape-3-300x150.jpeg 300w, https:\/\/dicodusport.fr\/blog\/wp-content\/uploads\/2023\/02\/Tour-des-Alpes-Maritimes-et-du-Var-Etape-3-1024x512.jpeg 1024w, https:\/\/dicodusport.fr\/blog\/wp-content\/uploads\/2023\/02\/Tour-des-Alpes-Maritimes-et-du-Var-Etape-3-768x384.jpeg 768w\" sizes=\"auto, (max-width: 1250px) 100vw, 1250px\" \/><\/a><p id=\"caption-attachment-355956\" class=\"wp-caption-text\">\u00a9 Pro Cycling Stats<\/p><\/div>\n<p style=\"text-align: center;\"><a href=\"http:\/\/dicodusport.fr\/blog\/tour-des-alpes-maritimes-et-du-var-2023-profil-des-etapes\" class=\"su-button su-button-style-flat\" style=\"color:#FFFFFF;background-color:#005f9b;border-color:#004c7c;border-radius:4px\" target=\"_self\"><span style=\"color:#FFFFFF;padding:0px 20px;font-size:16px;line-height:32px;border-color:#4d8fb9;border-radius:4px;text-shadow:none\"> Revenir au d\u00e9but<\/span><\/a>\n<h2 style=\"text-align: justify;\">\u00c0 lire aussi<\/h2>\n<ul>\n<li style=\"text-align: justify;\"><a href=\"https:\/\/dicodusport.fr\/blog\/tour-des-alpes-maritimes-et-du-var-2023-a-quelle-heure-et-sur-quelle-chaine\/\"><strong>Tour des Alpes-Maritimes et du Var : \u00c0 quelle heure et sur quelle cha\u00eene<\/strong><\/a><\/li>\n<li style=\"text-align: justify;\"><strong><a href=\"https:\/\/dicodusport.fr\/blog\/tour-des-alpes-maritimes-et-du-var-2023-parcours-et-favoris\/\">Tour des Alpes-Maritimes et du Var 2023 : Parcours et favoris<\/a>\u00a0<\/strong><\/li>\n<li style=\"text-align: justify;\"><a href=\"https:\/\/dicodusport.fr\/blog\/tour-des-alpes-maritimes-et-du-var-2023-la-startlist\/\" target=\"_blank\" rel=\"noopener\"><strong>Tour des Alpes-Maritimes et du Var 2023 : la liste des engag\u00e9s<\/strong><\/a><\/li>\n<\/ul>\n","protected":false},"excerpt":{"rendered":"<p>TOUR DES ALPES-MARITIMES ET DU VAR 2023 &#8211; La 55\u00e8me \u00e9dition du Tour des Alpes-Maritimes et du Var d\u00e9bute ce vendredi 17 f\u00e9vrier et s&rsquo;ach\u00e8vera dimanche. Le profil des trois \u00e9tapes.<\/p>\n","protected":false},"author":1,"featured_media":355955,"comment_status":"open","ping_status":"closed","sticky":false,"template":"","format":"standard","meta":{"_acf_changed":false,"_daextam_enable_autolinks":"","footnotes":""},"categories":[46994],"tags":[574,9982],"class_list":["post-355954","post","type-post","status-publish","format-standard","has-post-thumbnail","hentry","category-cyclisme-sur-route","tag-cyclisme","tag-tour-des-alpes-maritimes-et-du-var"],"acf":[],"yoast_head":"<!-- This site is optimized with the Yoast SEO Premium plugin v26.7 (Yoast SEO v26.7) - https:\/\/yoast.com\/wordpress\/plugins\/seo\/ -->\n<title>Tour des Alpes-Maritimes et du Var 2023 : Profil des \u00e9tapes<\/title>\n<meta name=\"description\" content=\"La 55\u00e8me \u00e9dition du Tour des Alpes-Maritimes et du Var d\u00e9bute ce vendredi 17 f\u00e9vrier et s&#039;ach\u00e8vera dimanche. Le profil des trois \u00e9tapes.\" \/>\n<meta name=\"robots\" content=\"index, follow, max-snippet:-1, max-image-preview:large, max-video-preview:-1\" \/>\n<link rel=\"canonical\" href=\"https:\/\/dicodusport.fr\/blog\/tour-des-alpes-maritimes-et-du-var-2023-profil-des-etapes\/\" \/>\n<link rel=\"next\" href=\"https:\/\/dicodusport.fr\/blog\/tour-des-alpes-maritimes-et-du-var-2023-profil-des-etapes\/2\/\" \/>\n<meta property=\"og:locale\" content=\"fr_FR\" \/>\n<meta property=\"og:type\" content=\"article\" \/>\n<meta property=\"og:title\" content=\"Tour des Alpes-Maritimes et du Var 2023 : Profil des \u00e9tapes\" \/>\n<meta property=\"og:description\" content=\"La 55\u00e8me \u00e9dition du Tour des Alpes-Maritimes et du Var d\u00e9bute ce vendredi 17 f\u00e9vrier et s&#039;ach\u00e8vera dimanche. Le profil des trois \u00e9tapes.\" \/>\n<meta property=\"og:url\" content=\"https:\/\/dicodusport.fr\/blog\/tour-des-alpes-maritimes-et-du-var-2023-profil-des-etapes\/\" \/>\n<meta property=\"og:site_name\" content=\"Dicodusport\" \/>\n<meta property=\"article:publisher\" content=\"https:\/\/www.facebook.com\/dicodusport\" \/>\n<meta property=\"article:author\" content=\"https:\/\/www.facebook.com\/dicodusport\" \/>\n<meta property=\"article:published_time\" content=\"2023-02-15T16:14:40+00:00\" \/>\n<meta property=\"article:modified_time\" content=\"2023-02-17T09:15:31+00:00\" \/>\n<meta property=\"og:image\" content=\"https:\/\/dicodusport.fr\/blog\/wp-content\/uploads\/2023\/02\/Tour-des-Alpes-Maritimes-et-du-Var-2023-Profil-des-etapes.png\" \/>\n\t<meta property=\"og:image:width\" content=\"800\" \/>\n\t<meta property=\"og:image:height\" content=\"445\" \/>\n\t<meta property=\"og:image:type\" content=\"image\/png\" \/>\n<meta name=\"author\" content=\"Nicolas Jacquemard\" \/>\n<meta name=\"twitter:card\" content=\"summary_large_image\" \/>\n<meta name=\"twitter:title\" content=\"Tour des Alpes-Maritimes et du Var 2023 : Profil des \u00e9tapes\" \/>\n<meta name=\"twitter:creator\" content=\"@https:\/\/twitter.com\/Nico_Jacquemard\" \/>\n<meta name=\"twitter:site\" content=\"@dicodusport\" \/>\n<script type=\"application\/ld+json\" class=\"yoast-schema-graph\">{\"@context\":\"https:\/\/schema.org\",\"@graph\":[{\"@type\":\"NewsArticle\",\"@id\":\"https:\/\/dicodusport.fr\/blog\/tour-des-alpes-maritimes-et-du-var-2023-profil-des-etapes\/#article\",\"isPartOf\":{\"@id\":\"https:\/\/dicodusport.fr\/blog\/tour-des-alpes-maritimes-et-du-var-2023-profil-des-etapes\/\"},\"author\":{\"name\":\"Nicolas Jacquemard\",\"@id\":\"https:\/\/dicodusport.fr\/blog\/#\/schema\/person\/55dcb50ad410894e431ed812bbb70191\"},\"headline\":\"Tour des Alpes-Maritimes et du Var 2023 : Profil des \u00e9tapes\",\"datePublished\":\"2023-02-15T16:14:40+00:00\",\"dateModified\":\"2023-02-17T09:15:31+00:00\",\"mainEntityOfPage\":{\"@id\":\"https:\/\/dicodusport.fr\/blog\/tour-des-alpes-maritimes-et-du-var-2023-profil-des-etapes\/\"},\"wordCount\":228,\"commentCount\":0,\"publisher\":{\"@id\":\"https:\/\/dicodusport.fr\/blog\/#organization\"},\"image\":{\"@id\":\"https:\/\/dicodusport.fr\/blog\/tour-des-alpes-maritimes-et-du-var-2023-profil-des-etapes\/#primaryimage\"},\"thumbnailUrl\":\"https:\/\/dicodusport.fr\/blog\/wp-content\/uploads\/2023\/02\/Tour-des-Alpes-Maritimes-et-du-Var-2023-Profil-des-etapes.png\",\"keywords\":[\"Cyclisme\",\"Tour des Alpes-Maritimes et du Var\"],\"articleSection\":[\"Cyclisme sur route\"],\"inLanguage\":\"fr-FR\",\"potentialAction\":[{\"@type\":\"CommentAction\",\"name\":\"Comment\",\"target\":[\"https:\/\/dicodusport.fr\/blog\/tour-des-alpes-maritimes-et-du-var-2023-profil-des-etapes\/#respond\"]}],\"copyrightYear\":\"2023\",\"copyrightHolder\":{\"@id\":\"https:\/\/dicodusport.fr\/blog\/#organization\"}},{\"@type\":\"WebPage\",\"@id\":\"https:\/\/dicodusport.fr\/blog\/tour-des-alpes-maritimes-et-du-var-2023-profil-des-etapes\/\",\"url\":\"https:\/\/dicodusport.fr\/blog\/tour-des-alpes-maritimes-et-du-var-2023-profil-des-etapes\/\",\"name\":\"Tour des Alpes-Maritimes et du Var 2023 : Profil des \u00e9tapes\",\"isPartOf\":{\"@id\":\"https:\/\/dicodusport.fr\/blog\/#website\"},\"primaryImageOfPage\":{\"@id\":\"https:\/\/dicodusport.fr\/blog\/tour-des-alpes-maritimes-et-du-var-2023-profil-des-etapes\/#primaryimage\"},\"image\":{\"@id\":\"https:\/\/dicodusport.fr\/blog\/tour-des-alpes-maritimes-et-du-var-2023-profil-des-etapes\/#primaryimage\"},\"thumbnailUrl\":\"https:\/\/dicodusport.fr\/blog\/wp-content\/uploads\/2023\/02\/Tour-des-Alpes-Maritimes-et-du-Var-2023-Profil-des-etapes.png\",\"datePublished\":\"2023-02-15T16:14:40+00:00\",\"dateModified\":\"2023-02-17T09:15:31+00:00\",\"description\":\"La 55\u00e8me \u00e9dition du Tour des Alpes-Maritimes et du Var d\u00e9bute ce vendredi 17 f\u00e9vrier et s'ach\u00e8vera dimanche. Le profil des trois \u00e9tapes.\",\"inLanguage\":\"fr-FR\",\"potentialAction\":[{\"@type\":\"ReadAction\",\"target\":[\"https:\/\/dicodusport.fr\/blog\/tour-des-alpes-maritimes-et-du-var-2023-profil-des-etapes\/\"]}]},{\"@type\":\"ImageObject\",\"inLanguage\":\"fr-FR\",\"@id\":\"https:\/\/dicodusport.fr\/blog\/tour-des-alpes-maritimes-et-du-var-2023-profil-des-etapes\/#primaryimage\",\"url\":\"https:\/\/dicodusport.fr\/blog\/wp-content\/uploads\/2023\/02\/Tour-des-Alpes-Maritimes-et-du-Var-2023-Profil-des-etapes.png\",\"contentUrl\":\"https:\/\/dicodusport.fr\/blog\/wp-content\/uploads\/2023\/02\/Tour-des-Alpes-Maritimes-et-du-Var-2023-Profil-des-etapes.png\",\"width\":800,\"height\":445},{\"@type\":\"WebSite\",\"@id\":\"https:\/\/dicodusport.fr\/blog\/#website\",\"url\":\"https:\/\/dicodusport.fr\/blog\/\",\"name\":\"Dicodusport\",\"description\":\"L&#039;encyclop\u00e9die de l&#039;actualit\u00e9 sportive\",\"publisher\":{\"@id\":\"https:\/\/dicodusport.fr\/blog\/#organization\"},\"potentialAction\":[{\"@type\":\"SearchAction\",\"target\":{\"@type\":\"EntryPoint\",\"urlTemplate\":\"https:\/\/dicodusport.fr\/blog\/?s={search_term_string}\"},\"query-input\":{\"@type\":\"PropertyValueSpecification\",\"valueRequired\":true,\"valueName\":\"search_term_string\"}}],\"inLanguage\":\"fr-FR\"},{\"@type\":\"NewsMediaOrganization\",\"@id\":\"https:\/\/dicodusport.fr\/blog\/#organization\",\"name\":\"Dicodusport\",\"url\":\"https:\/\/dicodusport.fr\/blog\/\",\"logo\":{\"@type\":\"ImageObject\",\"inLanguage\":\"fr-FR\",\"@id\":\"https:\/\/dicodusport.fr\/blog\/#\/schema\/logo\/image\/\",\"url\":\"https:\/\/dicodusport.fr\/blog\/wp-content\/uploads\/2020\/06\/cropped-LOGO-DICODUSPORT-2020-SANS-FOND-SANS-TEXTE.png\",\"contentUrl\":\"https:\/\/dicodusport.fr\/blog\/wp-content\/uploads\/2020\/06\/cropped-LOGO-DICODUSPORT-2020-SANS-FOND-SANS-TEXTE.png\",\"width\":512,\"height\":512,\"caption\":\"Dicodusport\"},\"image\":{\"@id\":\"https:\/\/dicodusport.fr\/blog\/#\/schema\/logo\/image\/\"},\"sameAs\":[\"https:\/\/www.facebook.com\/dicodusport\",\"https:\/\/x.com\/dicodusport\",\"https:\/\/www.instagram.com\/dicodusport\/\",\"https:\/\/www.youtube.com\/channel\/UC7V2KZ5sd3htJivAbA4ZG3w\"],\"description\":\"Dicodusport est l'encyclop\u00e9die de l'actualit\u00e9 sportive.\",\"email\":\"bonjour@dicodusport.fr\",\"legalName\":\"DICODUSPORT\",\"foundingDate\":\"2018-01-14\",\"vatID\":\"FR71834470973\",\"taxID\":\"83447097300043\",\"numberOfEmployees\":{\"@type\":\"QuantitativeValue\",\"minValue\":\"1\",\"maxValue\":\"10\"}},{\"@type\":\"Person\",\"@id\":\"https:\/\/dicodusport.fr\/blog\/#\/schema\/person\/55dcb50ad410894e431ed812bbb70191\",\"name\":\"Nicolas Jacquemard\",\"image\":{\"@type\":\"ImageObject\",\"inLanguage\":\"fr-FR\",\"@id\":\"https:\/\/dicodusport.fr\/blog\/#\/schema\/person\/image\/\",\"url\":\"https:\/\/dicodusport.fr\/blog\/wp-content\/uploads\/2021\/05\/Nicolas-Jacquemard-150x150.jpeg\",\"contentUrl\":\"https:\/\/dicodusport.fr\/blog\/wp-content\/uploads\/2021\/05\/Nicolas-Jacquemard-150x150.jpeg\",\"caption\":\"Nicolas Jacquemard\"},\"description\":\"Passionn\u00e9 de sport et entrepreneur depuis mes 18 ans, la cr\u00e9ation de Dicodusport m'a sembl\u00e9 \u00e9vidente pour participer \u00e0 la m\u00e9diatisation d'un plus grand nombre de sports. Le chemin est long mais avec une \u00e9quipe des plus motiv\u00e9es et les Jeux Olympiques de Paris 2024 en point de mire, nous y arriverons ! Journaliste dans le monde du sport depuis plus de 5 ans, je traite aussi bien de football, de rugby, de biathlon que de cyclisme.\",\"sameAs\":[\"https:\/\/www.facebook.com\/dicodusport\",\"https:\/\/x.com\/https:\/\/twitter.com\/Nico_Jacquemard\"],\"url\":\"https:\/\/dicodusport.fr\/blog\/author\/dicodusport\/\"}]}<\/script>\n<!-- \/ Yoast SEO Premium plugin. -->","yoast_head_json":{"title":"Tour des Alpes-Maritimes et du Var 2023 : Profil des \u00e9tapes","description":"La 55\u00e8me \u00e9dition du Tour des Alpes-Maritimes et du Var d\u00e9bute ce vendredi 17 f\u00e9vrier et s'ach\u00e8vera dimanche. Le profil des trois \u00e9tapes.","robots":{"index":"index","follow":"follow","max-snippet":"max-snippet:-1","max-image-preview":"max-image-preview:large","max-video-preview":"max-video-preview:-1"},"canonical":"https:\/\/dicodusport.fr\/blog\/tour-des-alpes-maritimes-et-du-var-2023-profil-des-etapes\/","next":"https:\/\/dicodusport.fr\/blog\/tour-des-alpes-maritimes-et-du-var-2023-profil-des-etapes\/2\/","og_locale":"fr_FR","og_type":"article","og_title":"Tour des Alpes-Maritimes et du Var 2023 : Profil des \u00e9tapes","og_description":"La 55\u00e8me \u00e9dition du Tour des Alpes-Maritimes et du Var d\u00e9bute ce vendredi 17 f\u00e9vrier et s'ach\u00e8vera dimanche. Le profil des trois \u00e9tapes.","og_url":"https:\/\/dicodusport.fr\/blog\/tour-des-alpes-maritimes-et-du-var-2023-profil-des-etapes\/","og_site_name":"Dicodusport","article_publisher":"https:\/\/www.facebook.com\/dicodusport","article_author":"https:\/\/www.facebook.com\/dicodusport","article_published_time":"2023-02-15T16:14:40+00:00","article_modified_time":"2023-02-17T09:15:31+00:00","og_image":[{"width":800,"height":445,"url":"https:\/\/dicodusport.fr\/blog\/wp-content\/uploads\/2023\/02\/Tour-des-Alpes-Maritimes-et-du-Var-2023-Profil-des-etapes.png","type":"image\/png"}],"author":"Nicolas Jacquemard","twitter_card":"summary_large_image","twitter_title":"Tour des Alpes-Maritimes et du Var 2023 : Profil des \u00e9tapes","twitter_creator":"@https:\/\/twitter.com\/Nico_Jacquemard","twitter_site":"@dicodusport","schema":{"@context":"https:\/\/schema.org","@graph":[{"@type":"NewsArticle","@id":"https:\/\/dicodusport.fr\/blog\/tour-des-alpes-maritimes-et-du-var-2023-profil-des-etapes\/#article","isPartOf":{"@id":"https:\/\/dicodusport.fr\/blog\/tour-des-alpes-maritimes-et-du-var-2023-profil-des-etapes\/"},"author":{"name":"Nicolas Jacquemard","@id":"https:\/\/dicodusport.fr\/blog\/#\/schema\/person\/55dcb50ad410894e431ed812bbb70191"},"headline":"Tour des Alpes-Maritimes et du Var 2023 : Profil des \u00e9tapes","datePublished":"2023-02-15T16:14:40+00:00","dateModified":"2023-02-17T09:15:31+00:00","mainEntityOfPage":{"@id":"https:\/\/dicodusport.fr\/blog\/tour-des-alpes-maritimes-et-du-var-2023-profil-des-etapes\/"},"wordCount":228,"commentCount":0,"publisher":{"@id":"https:\/\/dicodusport.fr\/blog\/#organization"},"image":{"@id":"https:\/\/dicodusport.fr\/blog\/tour-des-alpes-maritimes-et-du-var-2023-profil-des-etapes\/#primaryimage"},"thumbnailUrl":"https:\/\/dicodusport.fr\/blog\/wp-content\/uploads\/2023\/02\/Tour-des-Alpes-Maritimes-et-du-Var-2023-Profil-des-etapes.png","keywords":["Cyclisme","Tour des Alpes-Maritimes et du Var"],"articleSection":["Cyclisme sur route"],"inLanguage":"fr-FR","potentialAction":[{"@type":"CommentAction","name":"Comment","target":["https:\/\/dicodusport.fr\/blog\/tour-des-alpes-maritimes-et-du-var-2023-profil-des-etapes\/#respond"]}],"copyrightYear":"2023","copyrightHolder":{"@id":"https:\/\/dicodusport.fr\/blog\/#organization"}},{"@type":"WebPage","@id":"https:\/\/dicodusport.fr\/blog\/tour-des-alpes-maritimes-et-du-var-2023-profil-des-etapes\/","url":"https:\/\/dicodusport.fr\/blog\/tour-des-alpes-maritimes-et-du-var-2023-profil-des-etapes\/","name":"Tour des Alpes-Maritimes et du Var 2023 : Profil des \u00e9tapes","isPartOf":{"@id":"https:\/\/dicodusport.fr\/blog\/#website"},"primaryImageOfPage":{"@id":"https:\/\/dicodusport.fr\/blog\/tour-des-alpes-maritimes-et-du-var-2023-profil-des-etapes\/#primaryimage"},"image":{"@id":"https:\/\/dicodusport.fr\/blog\/tour-des-alpes-maritimes-et-du-var-2023-profil-des-etapes\/#primaryimage"},"thumbnailUrl":"https:\/\/dicodusport.fr\/blog\/wp-content\/uploads\/2023\/02\/Tour-des-Alpes-Maritimes-et-du-Var-2023-Profil-des-etapes.png","datePublished":"2023-02-15T16:14:40+00:00","dateModified":"2023-02-17T09:15:31+00:00","description":"La 55\u00e8me \u00e9dition du Tour des Alpes-Maritimes et du Var d\u00e9bute ce vendredi 17 f\u00e9vrier et s'ach\u00e8vera dimanche. Le profil des trois \u00e9tapes.","inLanguage":"fr-FR","potentialAction":[{"@type":"ReadAction","target":["https:\/\/dicodusport.fr\/blog\/tour-des-alpes-maritimes-et-du-var-2023-profil-des-etapes\/"]}]},{"@type":"ImageObject","inLanguage":"fr-FR","@id":"https:\/\/dicodusport.fr\/blog\/tour-des-alpes-maritimes-et-du-var-2023-profil-des-etapes\/#primaryimage","url":"https:\/\/dicodusport.fr\/blog\/wp-content\/uploads\/2023\/02\/Tour-des-Alpes-Maritimes-et-du-Var-2023-Profil-des-etapes.png","contentUrl":"https:\/\/dicodusport.fr\/blog\/wp-content\/uploads\/2023\/02\/Tour-des-Alpes-Maritimes-et-du-Var-2023-Profil-des-etapes.png","width":800,"height":445},{"@type":"WebSite","@id":"https:\/\/dicodusport.fr\/blog\/#website","url":"https:\/\/dicodusport.fr\/blog\/","name":"Dicodusport","description":"L&#039;encyclop\u00e9die de l&#039;actualit\u00e9 sportive","publisher":{"@id":"https:\/\/dicodusport.fr\/blog\/#organization"},"potentialAction":[{"@type":"SearchAction","target":{"@type":"EntryPoint","urlTemplate":"https:\/\/dicodusport.fr\/blog\/?s={search_term_string}"},"query-input":{"@type":"PropertyValueSpecification","valueRequired":true,"valueName":"search_term_string"}}],"inLanguage":"fr-FR"},{"@type":"NewsMediaOrganization","@id":"https:\/\/dicodusport.fr\/blog\/#organization","name":"Dicodusport","url":"https:\/\/dicodusport.fr\/blog\/","logo":{"@type":"ImageObject","inLanguage":"fr-FR","@id":"https:\/\/dicodusport.fr\/blog\/#\/schema\/logo\/image\/","url":"https:\/\/dicodusport.fr\/blog\/wp-content\/uploads\/2020\/06\/cropped-LOGO-DICODUSPORT-2020-SANS-FOND-SANS-TEXTE.png","contentUrl":"https:\/\/dicodusport.fr\/blog\/wp-content\/uploads\/2020\/06\/cropped-LOGO-DICODUSPORT-2020-SANS-FOND-SANS-TEXTE.png","width":512,"height":512,"caption":"Dicodusport"},"image":{"@id":"https:\/\/dicodusport.fr\/blog\/#\/schema\/logo\/image\/"},"sameAs":["https:\/\/www.facebook.com\/dicodusport","https:\/\/x.com\/dicodusport","https:\/\/www.instagram.com\/dicodusport\/","https:\/\/www.youtube.com\/channel\/UC7V2KZ5sd3htJivAbA4ZG3w"],"description":"Dicodusport est l'encyclop\u00e9die de l'actualit\u00e9 sportive.","email":"bonjour@dicodusport.fr","legalName":"DICODUSPORT","foundingDate":"2018-01-14","vatID":"FR71834470973","taxID":"83447097300043","numberOfEmployees":{"@type":"QuantitativeValue","minValue":"1","maxValue":"10"}},{"@type":"Person","@id":"https:\/\/dicodusport.fr\/blog\/#\/schema\/person\/55dcb50ad410894e431ed812bbb70191","name":"Nicolas Jacquemard","image":{"@type":"ImageObject","inLanguage":"fr-FR","@id":"https:\/\/dicodusport.fr\/blog\/#\/schema\/person\/image\/","url":"https:\/\/dicodusport.fr\/blog\/wp-content\/uploads\/2021\/05\/Nicolas-Jacquemard-150x150.jpeg","contentUrl":"https:\/\/dicodusport.fr\/blog\/wp-content\/uploads\/2021\/05\/Nicolas-Jacquemard-150x150.jpeg","caption":"Nicolas Jacquemard"},"description":"Passionn\u00e9 de sport et entrepreneur depuis mes 18 ans, la cr\u00e9ation de Dicodusport m'a sembl\u00e9 \u00e9vidente pour participer \u00e0 la m\u00e9diatisation d'un plus grand nombre de sports. Le chemin est long mais avec une \u00e9quipe des plus motiv\u00e9es et les Jeux Olympiques de Paris 2024 en point de mire, nous y arriverons ! Journaliste dans le monde du sport depuis plus de 5 ans, je traite aussi bien de football, de rugby, de biathlon que de cyclisme.","sameAs":["https:\/\/www.facebook.com\/dicodusport","https:\/\/x.com\/https:\/\/twitter.com\/Nico_Jacquemard"],"url":"https:\/\/dicodusport.fr\/blog\/author\/dicodusport\/"}]}},"_links":{"self":[{"href":"https:\/\/dicodusport.fr\/blog\/wp-json\/wp\/v2\/posts\/355954","targetHints":{"allow":["GET"]}}],"collection":[{"href":"https:\/\/dicodusport.fr\/blog\/wp-json\/wp\/v2\/posts"}],"about":[{"href":"https:\/\/dicodusport.fr\/blog\/wp-json\/wp\/v2\/types\/post"}],"author":[{"embeddable":true,"href":"https:\/\/dicodusport.fr\/blog\/wp-json\/wp\/v2\/users\/1"}],"replies":[{"embeddable":true,"href":"https:\/\/dicodusport.fr\/blog\/wp-json\/wp\/v2\/comments?post=355954"}],"version-history":[{"count":0,"href":"https:\/\/dicodusport.fr\/blog\/wp-json\/wp\/v2\/posts\/355954\/revisions"}],"wp:featuredmedia":[{"embeddable":true,"href":"https:\/\/dicodusport.fr\/blog\/wp-json\/wp\/v2\/media\/355955"}],"wp:attachment":[{"href":"https:\/\/dicodusport.fr\/blog\/wp-json\/wp\/v2\/media?parent=355954"}],"wp:term":[{"taxonomy":"category","embeddable":true,"href":"https:\/\/dicodusport.fr\/blog\/wp-json\/wp\/v2\/categories?post=355954"},{"taxonomy":"post_tag","embeddable":true,"href":"https:\/\/dicodusport.fr\/blog\/wp-json\/wp\/v2\/tags?post=355954"}],"curies":[{"name":"wp","href":"https:\/\/api.w.org\/{rel}","templated":true}]}}