{"id":356046,"date":"2023-02-16T21:31:07","date_gmt":"2023-02-16T20:31:07","guid":{"rendered":"https:\/\/dicodusport.fr\/blog\/?p=356046&#038;preview=true&#038;preview_id=356046"},"modified":"2023-02-16T21:41:39","modified_gmt":"2023-02-16T20:41:39","slug":"f1-2023-alpine-decouvrez-la-nouvelle-monoplace-a523-d-esteban-ocon-et-pierre-gasly","status":"publish","type":"post","link":"https:\/\/dicodusport.fr\/blog\/f1-2023-alpine-decouvrez-la-nouvelle-monoplace-a523-d-esteban-ocon-et-pierre-gasly\/","title":{"rendered":"F1 2023 Alpine : D\u00e9couvrez la nouvelle monoplace A523 d&rsquo;Esteban Ocon et Pierre Gasly"},"content":{"rendered":"<p style=\"text-align: justify;\"><strong><em><a href=\"https:\/\/dicodusport.fr\/blog\/actualites\/sports-mecaniques\/formule-1\/\">F1 2023<\/a> &#8211; L\u2019\u00e9curie franco-britannique Alpine est la derni\u00e8re \u00e0 d\u00e9voiler la livr\u00e9e de sa monoplace pour la saison 2023. \u00c0 quoi ressemble-t-elle ? Pourra-t-on dire le meilleur pour la fin ? Quel bilan pour 2022 et qu\u2019attendre pour 2023 ? Peut-elle dominer la discipline ?<\/em><\/strong><\/p>\n<h2 style=\"text-align: justify;\">\u00c0 quoi ressemble l&rsquo;A523 de Alpine ?<\/h2>\n<p style=\"text-align: justify;\">\u00c0 travers un live diffus\u00e9 sur YouTube, <strong>BWT Alpine F1 Team<\/strong> a d\u00e9voil\u00e9 sa monoplace pour la saison 2023. Sans surprise, l&rsquo;<strong>A523<\/strong> reprend les bases de la monoplace 2022. Du bleu, en r\u00e9f\u00e9rence \u00e0 Alpine et du rose sur les flancs de la livr\u00e9es, couleur du sponsor <strong>BWT<\/strong>. Le noir est \u00e9galement bien pr\u00e9sent sur l&rsquo;<strong>Alpine F1<\/strong> version 2023. Enfin, une livr\u00e9e rose sera utilis\u00e9e lors des trois premiers Grands Prix de la saison, \u00e0 Bahre\u00efn, en Arabie Saoudite et en Australie.<\/p>\n<blockquote class=\"twitter-tweet\">\n<p dir=\"ltr\" lang=\"fr\">\ud83d\udea8 OFFICIEL<\/p>\n<p>Voici la nouvelle Alpine A523 \ud83c\uddeb\ud83c\uddf7\ud83d\udc99\ud83d\udc97<\/p>\n<p>Une livr\u00e9e rose qui fera les trois premi\u00e8res courses et la livr\u00e9e bleue classique pour la saison !<\/p>\n<p>Votre avis ? \ud83e\udd14<a href=\"https:\/\/twitter.com\/hashtag\/F1?src=hash&amp;ref_src=twsrc%5Etfw\">#F1<\/a> <a href=\"https:\/\/t.co\/QA5LhPrssk\">pic.twitter.com\/QA5LhPrssk<\/a><\/p>\n<p>\u2014 Secteur F1 (@Secteur_F1) <a href=\"https:\/\/twitter.com\/Secteur_F1\/status\/1626317096803082240?ref_src=twsrc%5Etfw\">February 16, 2023<\/a><\/p><\/blockquote>\n<p><script async src=\"https:\/\/platform.twitter.com\/widgets.js\" charset=\"utf-8\"><\/script><\/p>\n<h2 style=\"text-align: justify;\">2022 : une ann\u00e9e prometteuse<\/h2>\n<p style=\"text-align: justify;\">En 2020, l\u2019\u00e9curie s&rsquo;appelait encore Renault et avait termin\u00e9 \u00e0 la 5\u00e8me place du championnat constructeurs. <strong>Esteban Ocon<\/strong> et <strong>Daniel Ricciardo<\/strong> avaient r\u00e9ussi \u00e0 faire des podiums et l&rsquo;\u00e9quipe se portait bien. Lors de l&rsquo;ann\u00e9e 2021, le double champion du monde Fernando Alonso rempla\u00e7ait l&rsquo;Australien alors que le Fran\u00e7ais continuait avec l&rsquo;\u00e9curie qui se nomme alors Alpine. C&rsquo;\u00e9tait un renouveau certain dans l&rsquo;\u00e9quipe et sur la voiture aux couleurs du drapeau fran\u00e7ais. La saison 2021 avait \u00e9t\u00e9 marqu\u00e9e par la magnifique victoire d&rsquo;<strong>Esteban Ocon<\/strong> au Grand Prix de Hongrie ou encore le podium de <strong>Fernando Alonso<\/strong> au Qatar. Alpine a finalement termin\u00e9 \u00e0 la 5\u00e8me place du championnat constructeurs \u00e0 nouveau.<\/p>\n<p style=\"text-align: justify;\">La saison derni\u00e8re restera \u00e9galement une bonne saison, avec de nombreuses entr\u00e9es dans les points pour les deux pilotes. Le point n\u00e9gatif a \u00e9t\u00e9 le manque de fiabilit\u00e9 des monoplaces, et plus particuli\u00e8rement du moteur. L&rsquo;\u00e9curie a encore fini 5\u00e8me du classement des constructeurs 2022.<\/p>\n<blockquote class=\"twitter-tweet\">\n<p dir=\"ltr\" lang=\"en\">Showtime soon <a href=\"https:\/\/twitter.com\/OconEsteban?ref_src=twsrc%5Etfw\">@OconEsteban<\/a> <a href=\"https:\/\/twitter.com\/PierreGASLY?ref_src=twsrc%5Etfw\">@PierreGASLY<\/a> \ud83d\ude09<a href=\"https:\/\/twitter.com\/hashtag\/Alpine?src=hash&amp;ref_src=twsrc%5Etfw\">#Alpine<\/a> <a href=\"https:\/\/twitter.com\/hashtag\/A523?src=hash&amp;ref_src=twsrc%5Etfw\">#A523<\/a> <a href=\"https:\/\/twitter.com\/hashtag\/F1?src=hash&amp;ref_src=twsrc%5Etfw\">#F1<\/a> <a href=\"https:\/\/t.co\/bSgD2Jl1Ly\">pic.twitter.com\/bSgD2Jl1Ly<\/a><\/p>\n<p>\u2014 BWT Alpine F1 Team (@AlpineF1Team) <a href=\"https:\/\/twitter.com\/AlpineF1Team\/status\/1626168060003450880?ref_src=twsrc%5Etfw\">February 16, 2023<\/a><\/p><\/blockquote>\n<p><script async src=\"https:\/\/platform.twitter.com\/widgets.js\" charset=\"utf-8\"><\/script><\/p>\n<h2 style=\"text-align: justify;\">Horizon 2023 : L&rsquo;\u00e9quipe de France<\/h2>\n<p style=\"text-align: justify;\"><strong>Alpine<\/strong> cherche d\u00e9sormais \u00e0 pouvoir se battre pour le titre. Ce serait alors le bon moment avec un coup de poker du c\u00f4t\u00e9 du march\u00e9 des transferts. Comme <strong>Fernando Alonso<\/strong> a d\u00e9cid\u00e9 de partir pour allez chez Aston Martin, l&rsquo;\u00e9curie devait lui trouver un rempla\u00e7ant. <strong>Esteban Ocon<\/strong> est rest\u00e9 pour entamer sa 4\u00e8me saison avec l&rsquo;\u00e9curie tricolore. Apr\u00e8s quelques mois de suspense, c&rsquo;est finalement le Fran\u00e7ais <strong>Pierre Gasly<\/strong> qui pilotera aux c\u00f4t\u00e9s de son compatriote, ancien ami. Le premier rendez-vous \u00e0 noter est celui des essais hivernaux officiels \u00e0 Bahre\u00efn du 23 au 25 f\u00e9vrier prochain. Le premier Grand Prix aura lieu le 5 mars prochain sur le circuit de Sakhir.<\/p>\n<h2>\u00c0 lire aussi<\/h2>\n<ul>\n<li><a href=\"https:\/\/dicodusport.fr\/blog\/f1-2023-mercedes-decouvrez-la-nouvelle-monoplace-w14\/\"><strong>F1 2023 Mercedes : D\u00e9couvrez la nouvelle monoplace W14<\/strong><\/a><\/li>\n<li><strong><a href=\"https:\/\/dicodusport.fr\/blog\/les-dates-des-presentations-des-f1-2023\/\">Pr\u00e9sentation F1 2023 : Toutes les dates<\/a><\/strong><\/li>\n<li><strong><a href=\"https:\/\/dicodusport.fr\/blog\/f1-les-heures-francaises-de-depart-des-grands-prix-en-2023\/\">F1 : Les heures fran\u00e7aises de d\u00e9part des Grands Prix en 2023<\/a><\/strong><\/li>\n<\/ul>\n","protected":false},"excerpt":{"rendered":"<p>F1 2023 &#8211; L\u2019\u00e9curie franco-britannique Alpine est la derni\u00e8re \u00e0 d\u00e9voiler la livr\u00e9e de sa monoplace pour la saison 2023. \u00c0 quoi ressemble-t-elle ? Pourra-t-on dire le meilleur pour la fin ? Quel bilan pour 2022 et qu\u2019attendre pour 2023 ? Peut-elle dominer la discipline ?<\/p>\n","protected":false},"author":54,"featured_media":356434,"comment_status":"open","ping_status":"closed","sticky":false,"template":"","format":"standard","meta":{"_acf_changed":false,"_daextam_enable_autolinks":"","footnotes":""},"categories":[8653],"tags":[11586,16878,4223,2065,4216],"class_list":["post-356046","post","type-post","status-publish","format-standard","has-post-thumbnail","hentry","category-formule-1","tag-alpine","tag-breve","tag-esteban-ocon","tag-formule-1","tag-pierre-gasly"],"acf":[],"yoast_head":"<!-- This site is optimized with the Yoast SEO Premium plugin v26.7 (Yoast SEO v26.7) - https:\/\/yoast.com\/wordpress\/plugins\/seo\/ -->\n<title>F1 2023 Alpine : D\u00e9couvrez la nouvelle monoplace A523 d&#039;Esteban Ocon et Pierre Gasly<\/title>\n<meta name=\"description\" content=\"F1 2023 - L\u2019\u00e9curie franco-britannique Alpine est la derni\u00e8re \u00e0 d\u00e9voiler sa monoplace pour la saison 2023. \u00c0 quoi ressemble-t-elle ?\" \/>\n<meta name=\"robots\" content=\"index, follow, max-snippet:-1, max-image-preview:large, max-video-preview:-1\" \/>\n<link rel=\"canonical\" href=\"https:\/\/dicodusport.fr\/blog\/f1-2023-alpine-decouvrez-la-nouvelle-monoplace-a523-d-esteban-ocon-et-pierre-gasly\/\" \/>\n<meta property=\"og:locale\" content=\"fr_FR\" \/>\n<meta property=\"og:type\" content=\"article\" \/>\n<meta property=\"og:title\" content=\"F1 2023 Alpine : D\u00e9couvrez la nouvelle monoplace A523 d&#039;Esteban Ocon et Pierre Gasly\" \/>\n<meta property=\"og:description\" content=\"F1 2023 - L\u2019\u00e9curie franco-britannique Alpine est la derni\u00e8re \u00e0 d\u00e9voiler sa monoplace pour la saison 2023. \u00c0 quoi ressemble-t-elle ?\" \/>\n<meta property=\"og:url\" content=\"https:\/\/dicodusport.fr\/blog\/f1-2023-alpine-decouvrez-la-nouvelle-monoplace-a523-d-esteban-ocon-et-pierre-gasly\/\" \/>\n<meta property=\"og:site_name\" content=\"Dicodusport\" \/>\n<meta property=\"article:publisher\" content=\"https:\/\/www.facebook.com\/dicodusport\" \/>\n<meta property=\"article:author\" content=\"https:\/\/www.facebook.com\/roxane.lecacher\" \/>\n<meta property=\"article:published_time\" content=\"2023-02-16T20:31:07+00:00\" \/>\n<meta property=\"article:modified_time\" content=\"2023-02-16T20:41:39+00:00\" \/>\n<meta property=\"og:image\" content=\"https:\/\/dicodusport.fr\/blog\/wp-content\/uploads\/2023\/02\/F1-2023-Alpine-Decouvrez-la-nouvelle-monoplace-A523-dEsteban-Ocon-et-Pierre-Gasly.png\" \/>\n\t<meta property=\"og:image:width\" content=\"800\" \/>\n\t<meta property=\"og:image:height\" content=\"445\" \/>\n\t<meta property=\"og:image:type\" content=\"image\/png\" \/>\n<meta name=\"author\" content=\"Roxane Lecacher\" \/>\n<meta name=\"twitter:card\" content=\"summary_large_image\" \/>\n<meta name=\"twitter:title\" content=\"F1 2023 Alpine : D\u00e9couvrez la nouvelle monoplace A523 d&#039;Esteban Ocon et Pierre Gasly\" \/>\n<meta name=\"twitter:creator\" content=\"@dicodusport\" \/>\n<meta name=\"twitter:site\" content=\"@dicodusport\" \/>\n<script type=\"application\/ld+json\" class=\"yoast-schema-graph\">{\"@context\":\"https:\/\/schema.org\",\"@graph\":[{\"@type\":\"NewsArticle\",\"@id\":\"https:\/\/dicodusport.fr\/blog\/f1-2023-alpine-decouvrez-la-nouvelle-monoplace-a523-d-esteban-ocon-et-pierre-gasly\/#article\",\"isPartOf\":{\"@id\":\"https:\/\/dicodusport.fr\/blog\/f1-2023-alpine-decouvrez-la-nouvelle-monoplace-a523-d-esteban-ocon-et-pierre-gasly\/\"},\"author\":{\"name\":\"Roxane Lecacher\",\"@id\":\"https:\/\/dicodusport.fr\/blog\/#\/schema\/person\/819fb2545dd2715bd7c0580d6d4b411a\"},\"headline\":\"F1 2023 Alpine : D\u00e9couvrez la nouvelle monoplace A523 d&rsquo;Esteban Ocon et Pierre Gasly\",\"datePublished\":\"2023-02-16T20:31:07+00:00\",\"dateModified\":\"2023-02-16T20:41:39+00:00\",\"mainEntityOfPage\":{\"@id\":\"https:\/\/dicodusport.fr\/blog\/f1-2023-alpine-decouvrez-la-nouvelle-monoplace-a523-d-esteban-ocon-et-pierre-gasly\/\"},\"wordCount\":529,\"commentCount\":1,\"publisher\":{\"@id\":\"https:\/\/dicodusport.fr\/blog\/#organization\"},\"image\":{\"@id\":\"https:\/\/dicodusport.fr\/blog\/f1-2023-alpine-decouvrez-la-nouvelle-monoplace-a523-d-esteban-ocon-et-pierre-gasly\/#primaryimage\"},\"thumbnailUrl\":\"https:\/\/dicodusport.fr\/blog\/wp-content\/uploads\/2023\/02\/F1-2023-Alpine-Decouvrez-la-nouvelle-monoplace-A523-dEsteban-Ocon-et-Pierre-Gasly.png\",\"keywords\":[\"Alpine\",\"br\u00e8ve\",\"Esteban Ocon\",\"Formule 1\",\"Pierre Gasly\"],\"articleSection\":[\"Formule 1\"],\"inLanguage\":\"fr-FR\",\"potentialAction\":[{\"@type\":\"CommentAction\",\"name\":\"Comment\",\"target\":[\"https:\/\/dicodusport.fr\/blog\/f1-2023-alpine-decouvrez-la-nouvelle-monoplace-a523-d-esteban-ocon-et-pierre-gasly\/#respond\"]}],\"copyrightYear\":\"2023\",\"copyrightHolder\":{\"@id\":\"https:\/\/dicodusport.fr\/blog\/#organization\"}},{\"@type\":\"WebPage\",\"@id\":\"https:\/\/dicodusport.fr\/blog\/f1-2023-alpine-decouvrez-la-nouvelle-monoplace-a523-d-esteban-ocon-et-pierre-gasly\/\",\"url\":\"https:\/\/dicodusport.fr\/blog\/f1-2023-alpine-decouvrez-la-nouvelle-monoplace-a523-d-esteban-ocon-et-pierre-gasly\/\",\"name\":\"F1 2023 Alpine : D\u00e9couvrez la nouvelle monoplace A523 d'Esteban Ocon et Pierre Gasly\",\"isPartOf\":{\"@id\":\"https:\/\/dicodusport.fr\/blog\/#website\"},\"primaryImageOfPage\":{\"@id\":\"https:\/\/dicodusport.fr\/blog\/f1-2023-alpine-decouvrez-la-nouvelle-monoplace-a523-d-esteban-ocon-et-pierre-gasly\/#primaryimage\"},\"image\":{\"@id\":\"https:\/\/dicodusport.fr\/blog\/f1-2023-alpine-decouvrez-la-nouvelle-monoplace-a523-d-esteban-ocon-et-pierre-gasly\/#primaryimage\"},\"thumbnailUrl\":\"https:\/\/dicodusport.fr\/blog\/wp-content\/uploads\/2023\/02\/F1-2023-Alpine-Decouvrez-la-nouvelle-monoplace-A523-dEsteban-Ocon-et-Pierre-Gasly.png\",\"datePublished\":\"2023-02-16T20:31:07+00:00\",\"dateModified\":\"2023-02-16T20:41:39+00:00\",\"description\":\"F1 2023 - L\u2019\u00e9curie franco-britannique Alpine est la derni\u00e8re \u00e0 d\u00e9voiler sa monoplace pour la saison 2023. \u00c0 quoi ressemble-t-elle ?\",\"breadcrumb\":{\"@id\":\"https:\/\/dicodusport.fr\/blog\/f1-2023-alpine-decouvrez-la-nouvelle-monoplace-a523-d-esteban-ocon-et-pierre-gasly\/#breadcrumb\"},\"inLanguage\":\"fr-FR\",\"potentialAction\":[{\"@type\":\"ReadAction\",\"target\":[\"https:\/\/dicodusport.fr\/blog\/f1-2023-alpine-decouvrez-la-nouvelle-monoplace-a523-d-esteban-ocon-et-pierre-gasly\/\"]}]},{\"@type\":\"ImageObject\",\"inLanguage\":\"fr-FR\",\"@id\":\"https:\/\/dicodusport.fr\/blog\/f1-2023-alpine-decouvrez-la-nouvelle-monoplace-a523-d-esteban-ocon-et-pierre-gasly\/#primaryimage\",\"url\":\"https:\/\/dicodusport.fr\/blog\/wp-content\/uploads\/2023\/02\/F1-2023-Alpine-Decouvrez-la-nouvelle-monoplace-A523-dEsteban-Ocon-et-Pierre-Gasly.png\",\"contentUrl\":\"https:\/\/dicodusport.fr\/blog\/wp-content\/uploads\/2023\/02\/F1-2023-Alpine-Decouvrez-la-nouvelle-monoplace-A523-dEsteban-Ocon-et-Pierre-Gasly.png\",\"width\":800,\"height\":445,\"caption\":\"F1 2023 Alpine - A523\"},{\"@type\":\"BreadcrumbList\",\"@id\":\"https:\/\/dicodusport.fr\/blog\/f1-2023-alpine-decouvrez-la-nouvelle-monoplace-a523-d-esteban-ocon-et-pierre-gasly\/#breadcrumb\",\"itemListElement\":[{\"@type\":\"ListItem\",\"position\":1,\"name\":\"Accueil\",\"item\":\"https:\/\/dicodusport.fr\/blog\/\"},{\"@type\":\"ListItem\",\"position\":2,\"name\":\"F1 2023 Alpine : D\u00e9couvrez la nouvelle monoplace A523 d&rsquo;Esteban Ocon et Pierre Gasly\"}]},{\"@type\":\"WebSite\",\"@id\":\"https:\/\/dicodusport.fr\/blog\/#website\",\"url\":\"https:\/\/dicodusport.fr\/blog\/\",\"name\":\"Dicodusport\",\"description\":\"L&#039;encyclop\u00e9die de l&#039;actualit\u00e9 sportive\",\"publisher\":{\"@id\":\"https:\/\/dicodusport.fr\/blog\/#organization\"},\"potentialAction\":[{\"@type\":\"SearchAction\",\"target\":{\"@type\":\"EntryPoint\",\"urlTemplate\":\"https:\/\/dicodusport.fr\/blog\/?s={search_term_string}\"},\"query-input\":{\"@type\":\"PropertyValueSpecification\",\"valueRequired\":true,\"valueName\":\"search_term_string\"}}],\"inLanguage\":\"fr-FR\"},{\"@type\":\"NewsMediaOrganization\",\"@id\":\"https:\/\/dicodusport.fr\/blog\/#organization\",\"name\":\"Dicodusport\",\"url\":\"https:\/\/dicodusport.fr\/blog\/\",\"logo\":{\"@type\":\"ImageObject\",\"inLanguage\":\"fr-FR\",\"@id\":\"https:\/\/dicodusport.fr\/blog\/#\/schema\/logo\/image\/\",\"url\":\"https:\/\/dicodusport.fr\/blog\/wp-content\/uploads\/2020\/06\/cropped-LOGO-DICODUSPORT-2020-SANS-FOND-SANS-TEXTE.png\",\"contentUrl\":\"https:\/\/dicodusport.fr\/blog\/wp-content\/uploads\/2020\/06\/cropped-LOGO-DICODUSPORT-2020-SANS-FOND-SANS-TEXTE.png\",\"width\":512,\"height\":512,\"caption\":\"Dicodusport\"},\"image\":{\"@id\":\"https:\/\/dicodusport.fr\/blog\/#\/schema\/logo\/image\/\"},\"sameAs\":[\"https:\/\/www.facebook.com\/dicodusport\",\"https:\/\/x.com\/dicodusport\",\"https:\/\/www.instagram.com\/dicodusport\/\",\"https:\/\/www.youtube.com\/channel\/UC7V2KZ5sd3htJivAbA4ZG3w\"],\"description\":\"Dicodusport est l'encyclop\u00e9die de l'actualit\u00e9 sportive.\",\"email\":\"bonjour@dicodusport.fr\",\"legalName\":\"DICODUSPORT\",\"foundingDate\":\"2018-01-14\",\"vatID\":\"FR71834470973\",\"taxID\":\"83447097300043\",\"numberOfEmployees\":{\"@type\":\"QuantitativeValue\",\"minValue\":\"1\",\"maxValue\":\"10\"}},{\"@type\":\"Person\",\"@id\":\"https:\/\/dicodusport.fr\/blog\/#\/schema\/person\/819fb2545dd2715bd7c0580d6d4b411a\",\"name\":\"Roxane Lecacher\",\"image\":{\"@type\":\"ImageObject\",\"inLanguage\":\"fr-FR\",\"@id\":\"https:\/\/dicodusport.fr\/blog\/#\/schema\/person\/image\/\",\"url\":\"https:\/\/dicodusport.fr\/blog\/wp-content\/uploads\/2021\/05\/Roxane-Lecacher-150x150.jpg\",\"contentUrl\":\"https:\/\/dicodusport.fr\/blog\/wp-content\/uploads\/2021\/05\/Roxane-Lecacher-150x150.jpg\",\"caption\":\"Roxane Lecacher\"},\"description\":\"Journaliste\/r\u00e9dactrice depuis janvier 2021 - N\u00e9e quelques jours avant la premi\u00e8re \u00e9toile des Bleus, je baigne dans une famille tr\u00e8s sportive. Je n\u2019ai eu d\u2019autres choix que de me passionner pour le sujet. Pratiquante de l\u2019athl\u00e9tisme depuis toute petite, j\u2019ai aussi un attrait tout particulier pour la Formule 1, le biathlon et le foot. Pendant les grands \u00e9v\u00e9nements, il est impossible de d\u00e9crocher de ma t\u00e9l\u00e9. C\u2019est \u00e0 travers Dicodusport que j\u2019aime d\u00e9sormais vous transmettre mes \u00e9motions et ma passion.\",\"sameAs\":[\"https:\/\/www.facebook.com\/roxane.lecacher\",\"https:\/\/fr.linkedin.com\/in\/roxane-lecacher-23368313b\"],\"url\":\"https:\/\/dicodusport.fr\/blog\/author\/roxanel\/\"}]}<\/script>\n<!-- \/ Yoast SEO Premium plugin. -->","yoast_head_json":{"title":"F1 2023 Alpine : D\u00e9couvrez la nouvelle monoplace A523 d'Esteban Ocon et Pierre Gasly","description":"F1 2023 - L\u2019\u00e9curie franco-britannique Alpine est la derni\u00e8re \u00e0 d\u00e9voiler sa monoplace pour la saison 2023. \u00c0 quoi ressemble-t-elle ?","robots":{"index":"index","follow":"follow","max-snippet":"max-snippet:-1","max-image-preview":"max-image-preview:large","max-video-preview":"max-video-preview:-1"},"canonical":"https:\/\/dicodusport.fr\/blog\/f1-2023-alpine-decouvrez-la-nouvelle-monoplace-a523-d-esteban-ocon-et-pierre-gasly\/","og_locale":"fr_FR","og_type":"article","og_title":"F1 2023 Alpine : D\u00e9couvrez la nouvelle monoplace A523 d'Esteban Ocon et Pierre Gasly","og_description":"F1 2023 - L\u2019\u00e9curie franco-britannique Alpine est la derni\u00e8re \u00e0 d\u00e9voiler sa monoplace pour la saison 2023. \u00c0 quoi ressemble-t-elle ?","og_url":"https:\/\/dicodusport.fr\/blog\/f1-2023-alpine-decouvrez-la-nouvelle-monoplace-a523-d-esteban-ocon-et-pierre-gasly\/","og_site_name":"Dicodusport","article_publisher":"https:\/\/www.facebook.com\/dicodusport","article_author":"https:\/\/www.facebook.com\/roxane.lecacher","article_published_time":"2023-02-16T20:31:07+00:00","article_modified_time":"2023-02-16T20:41:39+00:00","og_image":[{"width":800,"height":445,"url":"https:\/\/dicodusport.fr\/blog\/wp-content\/uploads\/2023\/02\/F1-2023-Alpine-Decouvrez-la-nouvelle-monoplace-A523-dEsteban-Ocon-et-Pierre-Gasly.png","type":"image\/png"}],"author":"Roxane Lecacher","twitter_card":"summary_large_image","twitter_title":"F1 2023 Alpine : D\u00e9couvrez la nouvelle monoplace A523 d'Esteban Ocon et Pierre Gasly","twitter_creator":"@dicodusport","twitter_site":"@dicodusport","schema":{"@context":"https:\/\/schema.org","@graph":[{"@type":"NewsArticle","@id":"https:\/\/dicodusport.fr\/blog\/f1-2023-alpine-decouvrez-la-nouvelle-monoplace-a523-d-esteban-ocon-et-pierre-gasly\/#article","isPartOf":{"@id":"https:\/\/dicodusport.fr\/blog\/f1-2023-alpine-decouvrez-la-nouvelle-monoplace-a523-d-esteban-ocon-et-pierre-gasly\/"},"author":{"name":"Roxane Lecacher","@id":"https:\/\/dicodusport.fr\/blog\/#\/schema\/person\/819fb2545dd2715bd7c0580d6d4b411a"},"headline":"F1 2023 Alpine : D\u00e9couvrez la nouvelle monoplace A523 d&rsquo;Esteban Ocon et Pierre Gasly","datePublished":"2023-02-16T20:31:07+00:00","dateModified":"2023-02-16T20:41:39+00:00","mainEntityOfPage":{"@id":"https:\/\/dicodusport.fr\/blog\/f1-2023-alpine-decouvrez-la-nouvelle-monoplace-a523-d-esteban-ocon-et-pierre-gasly\/"},"wordCount":529,"commentCount":1,"publisher":{"@id":"https:\/\/dicodusport.fr\/blog\/#organization"},"image":{"@id":"https:\/\/dicodusport.fr\/blog\/f1-2023-alpine-decouvrez-la-nouvelle-monoplace-a523-d-esteban-ocon-et-pierre-gasly\/#primaryimage"},"thumbnailUrl":"https:\/\/dicodusport.fr\/blog\/wp-content\/uploads\/2023\/02\/F1-2023-Alpine-Decouvrez-la-nouvelle-monoplace-A523-dEsteban-Ocon-et-Pierre-Gasly.png","keywords":["Alpine","br\u00e8ve","Esteban Ocon","Formule 1","Pierre Gasly"],"articleSection":["Formule 1"],"inLanguage":"fr-FR","potentialAction":[{"@type":"CommentAction","name":"Comment","target":["https:\/\/dicodusport.fr\/blog\/f1-2023-alpine-decouvrez-la-nouvelle-monoplace-a523-d-esteban-ocon-et-pierre-gasly\/#respond"]}],"copyrightYear":"2023","copyrightHolder":{"@id":"https:\/\/dicodusport.fr\/blog\/#organization"}},{"@type":"WebPage","@id":"https:\/\/dicodusport.fr\/blog\/f1-2023-alpine-decouvrez-la-nouvelle-monoplace-a523-d-esteban-ocon-et-pierre-gasly\/","url":"https:\/\/dicodusport.fr\/blog\/f1-2023-alpine-decouvrez-la-nouvelle-monoplace-a523-d-esteban-ocon-et-pierre-gasly\/","name":"F1 2023 Alpine : D\u00e9couvrez la nouvelle monoplace A523 d'Esteban Ocon et Pierre Gasly","isPartOf":{"@id":"https:\/\/dicodusport.fr\/blog\/#website"},"primaryImageOfPage":{"@id":"https:\/\/dicodusport.fr\/blog\/f1-2023-alpine-decouvrez-la-nouvelle-monoplace-a523-d-esteban-ocon-et-pierre-gasly\/#primaryimage"},"image":{"@id":"https:\/\/dicodusport.fr\/blog\/f1-2023-alpine-decouvrez-la-nouvelle-monoplace-a523-d-esteban-ocon-et-pierre-gasly\/#primaryimage"},"thumbnailUrl":"https:\/\/dicodusport.fr\/blog\/wp-content\/uploads\/2023\/02\/F1-2023-Alpine-Decouvrez-la-nouvelle-monoplace-A523-dEsteban-Ocon-et-Pierre-Gasly.png","datePublished":"2023-02-16T20:31:07+00:00","dateModified":"2023-02-16T20:41:39+00:00","description":"F1 2023 - L\u2019\u00e9curie franco-britannique Alpine est la derni\u00e8re \u00e0 d\u00e9voiler sa monoplace pour la saison 2023. \u00c0 quoi ressemble-t-elle ?","breadcrumb":{"@id":"https:\/\/dicodusport.fr\/blog\/f1-2023-alpine-decouvrez-la-nouvelle-monoplace-a523-d-esteban-ocon-et-pierre-gasly\/#breadcrumb"},"inLanguage":"fr-FR","potentialAction":[{"@type":"ReadAction","target":["https:\/\/dicodusport.fr\/blog\/f1-2023-alpine-decouvrez-la-nouvelle-monoplace-a523-d-esteban-ocon-et-pierre-gasly\/"]}]},{"@type":"ImageObject","inLanguage":"fr-FR","@id":"https:\/\/dicodusport.fr\/blog\/f1-2023-alpine-decouvrez-la-nouvelle-monoplace-a523-d-esteban-ocon-et-pierre-gasly\/#primaryimage","url":"https:\/\/dicodusport.fr\/blog\/wp-content\/uploads\/2023\/02\/F1-2023-Alpine-Decouvrez-la-nouvelle-monoplace-A523-dEsteban-Ocon-et-Pierre-Gasly.png","contentUrl":"https:\/\/dicodusport.fr\/blog\/wp-content\/uploads\/2023\/02\/F1-2023-Alpine-Decouvrez-la-nouvelle-monoplace-A523-dEsteban-Ocon-et-Pierre-Gasly.png","width":800,"height":445,"caption":"F1 2023 Alpine - A523"},{"@type":"BreadcrumbList","@id":"https:\/\/dicodusport.fr\/blog\/f1-2023-alpine-decouvrez-la-nouvelle-monoplace-a523-d-esteban-ocon-et-pierre-gasly\/#breadcrumb","itemListElement":[{"@type":"ListItem","position":1,"name":"Accueil","item":"https:\/\/dicodusport.fr\/blog\/"},{"@type":"ListItem","position":2,"name":"F1 2023 Alpine : D\u00e9couvrez la nouvelle monoplace A523 d&rsquo;Esteban Ocon et Pierre Gasly"}]},{"@type":"WebSite","@id":"https:\/\/dicodusport.fr\/blog\/#website","url":"https:\/\/dicodusport.fr\/blog\/","name":"Dicodusport","description":"L&#039;encyclop\u00e9die de l&#039;actualit\u00e9 sportive","publisher":{"@id":"https:\/\/dicodusport.fr\/blog\/#organization"},"potentialAction":[{"@type":"SearchAction","target":{"@type":"EntryPoint","urlTemplate":"https:\/\/dicodusport.fr\/blog\/?s={search_term_string}"},"query-input":{"@type":"PropertyValueSpecification","valueRequired":true,"valueName":"search_term_string"}}],"inLanguage":"fr-FR"},{"@type":"NewsMediaOrganization","@id":"https:\/\/dicodusport.fr\/blog\/#organization","name":"Dicodusport","url":"https:\/\/dicodusport.fr\/blog\/","logo":{"@type":"ImageObject","inLanguage":"fr-FR","@id":"https:\/\/dicodusport.fr\/blog\/#\/schema\/logo\/image\/","url":"https:\/\/dicodusport.fr\/blog\/wp-content\/uploads\/2020\/06\/cropped-LOGO-DICODUSPORT-2020-SANS-FOND-SANS-TEXTE.png","contentUrl":"https:\/\/dicodusport.fr\/blog\/wp-content\/uploads\/2020\/06\/cropped-LOGO-DICODUSPORT-2020-SANS-FOND-SANS-TEXTE.png","width":512,"height":512,"caption":"Dicodusport"},"image":{"@id":"https:\/\/dicodusport.fr\/blog\/#\/schema\/logo\/image\/"},"sameAs":["https:\/\/www.facebook.com\/dicodusport","https:\/\/x.com\/dicodusport","https:\/\/www.instagram.com\/dicodusport\/","https:\/\/www.youtube.com\/channel\/UC7V2KZ5sd3htJivAbA4ZG3w"],"description":"Dicodusport est l'encyclop\u00e9die de l'actualit\u00e9 sportive.","email":"bonjour@dicodusport.fr","legalName":"DICODUSPORT","foundingDate":"2018-01-14","vatID":"FR71834470973","taxID":"83447097300043","numberOfEmployees":{"@type":"QuantitativeValue","minValue":"1","maxValue":"10"}},{"@type":"Person","@id":"https:\/\/dicodusport.fr\/blog\/#\/schema\/person\/819fb2545dd2715bd7c0580d6d4b411a","name":"Roxane Lecacher","image":{"@type":"ImageObject","inLanguage":"fr-FR","@id":"https:\/\/dicodusport.fr\/blog\/#\/schema\/person\/image\/","url":"https:\/\/dicodusport.fr\/blog\/wp-content\/uploads\/2021\/05\/Roxane-Lecacher-150x150.jpg","contentUrl":"https:\/\/dicodusport.fr\/blog\/wp-content\/uploads\/2021\/05\/Roxane-Lecacher-150x150.jpg","caption":"Roxane Lecacher"},"description":"Journaliste\/r\u00e9dactrice depuis janvier 2021 - N\u00e9e quelques jours avant la premi\u00e8re \u00e9toile des Bleus, je baigne dans une famille tr\u00e8s sportive. Je n\u2019ai eu d\u2019autres choix que de me passionner pour le sujet. Pratiquante de l\u2019athl\u00e9tisme depuis toute petite, j\u2019ai aussi un attrait tout particulier pour la Formule 1, le biathlon et le foot. Pendant les grands \u00e9v\u00e9nements, il est impossible de d\u00e9crocher de ma t\u00e9l\u00e9. C\u2019est \u00e0 travers Dicodusport que j\u2019aime d\u00e9sormais vous transmettre mes \u00e9motions et ma passion.","sameAs":["https:\/\/www.facebook.com\/roxane.lecacher","https:\/\/fr.linkedin.com\/in\/roxane-lecacher-23368313b"],"url":"https:\/\/dicodusport.fr\/blog\/author\/roxanel\/"}]}},"_links":{"self":[{"href":"https:\/\/dicodusport.fr\/blog\/wp-json\/wp\/v2\/posts\/356046","targetHints":{"allow":["GET"]}}],"collection":[{"href":"https:\/\/dicodusport.fr\/blog\/wp-json\/wp\/v2\/posts"}],"about":[{"href":"https:\/\/dicodusport.fr\/blog\/wp-json\/wp\/v2\/types\/post"}],"author":[{"embeddable":true,"href":"https:\/\/dicodusport.fr\/blog\/wp-json\/wp\/v2\/users\/54"}],"replies":[{"embeddable":true,"href":"https:\/\/dicodusport.fr\/blog\/wp-json\/wp\/v2\/comments?post=356046"}],"version-history":[{"count":0,"href":"https:\/\/dicodusport.fr\/blog\/wp-json\/wp\/v2\/posts\/356046\/revisions"}],"wp:featuredmedia":[{"embeddable":true,"href":"https:\/\/dicodusport.fr\/blog\/wp-json\/wp\/v2\/media\/356434"}],"wp:attachment":[{"href":"https:\/\/dicodusport.fr\/blog\/wp-json\/wp\/v2\/media?parent=356046"}],"wp:term":[{"taxonomy":"category","embeddable":true,"href":"https:\/\/dicodusport.fr\/blog\/wp-json\/wp\/v2\/categories?post=356046"},{"taxonomy":"post_tag","embeddable":true,"href":"https:\/\/dicodusport.fr\/blog\/wp-json\/wp\/v2\/tags?post=356046"}],"curies":[{"name":"wp","href":"https:\/\/api.w.org\/{rel}","templated":true}]}}