{"id":35629,"date":"2019-03-19T16:53:26","date_gmt":"2019-03-19T15:53:26","guid":{"rendered":"http:\/\/dicodusport.fr\/blog\/?p=35629"},"modified":"2019-03-20T08:18:40","modified_gmt":"2019-03-20T07:18:40","slug":"l-avenir-grenoblois-est-dans-le-pre-61-eli-eglaine-bleu-blanc-rouge","status":"publish","type":"post","link":"https:\/\/dicodusport.fr\/blog\/l-avenir-grenoblois-est-dans-le-pre-61-eli-eglaine-bleu-blanc-rouge\/","title":{"rendered":"L&rsquo;avenir grenoblois est dans le pr\u00e9 #61 : Eli Eglaine, Bleu Blanc Rouge"},"content":{"rendered":"<p style=\"text-align: justify;\"><em><b>Chaque semaine, la section\u00a0<\/b><span style=\"color: #0000ff;\"><a style=\"color: #0000ff;\" href=\"http:\/\/dicodusport.fr\/blog\/fc-grenoble-rugby-espoirs\/\">espoirs du FC Grenoble rugby<\/a><\/span><b>\u00a0viendra vous parler de son actualit\u00e9, de ses entra\u00eenements ou encore de ses matchs dans sa chronique \u00ab <\/b><span style=\"color: #0000ff;\"><a style=\"color: #0000ff;\" href=\"https:\/\/dicodusport.fr\/blog\/avenir-grenoblois-pre-toutes-semaines-dicodusport-fr\/\" target=\"_blank\" rel=\"noopener noreferrer\">L&rsquo;avenir grenoblois est dans le pr\u00e9<\/a>\u00a0<strong><span style=\"color: #000000;\">\u00bb<\/span><\/strong><\/span><b>. Pour ce nouvel \u00e9pisode, c&rsquo;est Eli Eglaine, pilier du FCG espoirs, qui s&rsquo;est pr\u00eat\u00e9 au jeu de l&rsquo;interview pour revenir sur le Tournoi des 6 nations qu&rsquo;il a disput\u00e9 avec l&rsquo;\u00e9quipe de France U20.<\/b><\/em><\/p>\n<h2 style=\"text-align: justify;\">Eli, porter le maillot de l&rsquo;\u00e9quipe de France U20 championne du monde, cela repr\u00e9sente quoi pour toi ?<\/h2>\n<p style=\"text-align: justify;\">\u00c7a repr\u00e9sentait beaucoup de choses car les g\u00e9n\u00e9rations pr\u00e9c\u00e9dentes avaient gagn\u00e9 aussi deux tournois en plus de la Coupe du monde. On avait envie de faire honneur \u00e0 celan mais on n&rsquo;y est pas arriv\u00e9. On termine deuxi\u00e8me et on aurait pu faire beaucoup mieux, on n&rsquo;a pas montr\u00e9 ce qu&rsquo;on voulait et pouvait faire.<\/p>\n<h2 style=\"text-align: justify;\">Qu&rsquo;est-ce qui vous a manqu\u00e9 face \u00e0 l&rsquo;Irlande et l&rsquo;Angleterre ?<\/h2>\n<p style=\"text-align: justify;\">On a notamment manqu\u00e9 de pr\u00e9cision. Chacun doit faire plus \u00e0 son poste. Contre les Anglais, on a manqu\u00e9 d&rsquo;agressivit\u00e9 et d&rsquo;envie, ils \u00e9taient morts de faim et rudes, ils nous ont nettement domin\u00e9 et on doit monter le curseur l\u00e0-dessus.<\/p>\n<h2 style=\"text-align: justify;\">Sur les autres matchs, \u00e0 savoir les victoires, quelles sont les choses \u00e0 garder ? Quel bilan peux-tu faire de ce Tournoi ?<\/h2>\n<p style=\"text-align: justify;\">Oui, tout n&rsquo;est pas \u00e0 jeter mais par rapport \u00e0 ce qu&rsquo;on veut vraiment mettre en place, m\u00eame sur ces matchs-l\u00e0, on n&rsquo;y est pas du tout. On n&rsquo;a pas montr\u00e9 notre vrai visage.\u00a0 Le bilan est tr\u00e8s moyen, on n&rsquo;est pas ridicules, deuxi\u00e8mes avec trois victoires mais dans le contenu, il manquait beaucoup de choses.<\/p>\n<h2 style=\"text-align: justify;\">A titre personnel, comment juges-tu tes performances ?<\/h2>\n<p style=\"text-align: justify;\">Sur les trois premiers matchs, j&rsquo;\u00e9tais assez content de moi. J&rsquo;ai apport\u00e9 \u00e0 l&rsquo;\u00e9quipe mais sur les deux derniers, je ne suis pas fier de moi du tout. On a beaucoup subi en m\u00eal\u00e9e notamment, je dois encore progresser et c&rsquo;est un secteur que je travaille tous les jours.<\/p>\n<h2 style=\"text-align: justify;\">Quels enseignements vas-tu tirer de ce Tournoi pour continuer \u00e0 progresser ?<\/h2>\n<p style=\"text-align: justify;\">Physiquement, il faut que je continue de me d\u00e9velopper et dans le jeu, il faut \u00eatre plus dominateur, plus m\u00e9chant et plus pr\u00e9cis sinon cela ne fonctionne pas. Au niveau international, il n&rsquo;y a que des tr\u00e8s bons joueurs et c&rsquo;est les petits d\u00e9tails qui font la diff\u00e9rence.<\/p>\n<h2 style=\"text-align: justify;\">Quel sont les objectifs avec cette \u00e9quipe de France U20 ?<\/h2>\n<p style=\"text-align: justify;\">On est d\u00e9j\u00e0 projet\u00e9s sur la Coupe du monde de cet \u00e9t\u00e9. Le match contre l&rsquo;Italie a \u00e9t\u00e9 notre premier match de pr\u00e9paration. En club pendant trois mois, tout le monde doit se d\u00e9velopper pour revenir plus fort pour ce Mondial. On a envie de faire quelque chose de grand et de conserver le titre.<\/p>\n<h2 style=\"text-align: justify;\">De retour \u00e0 Grenoble, avec les phases finales en ligne de mire ?<\/h2>\n<p style=\"text-align: justify;\">Il y a quatre \u00e9quipes pour deux places pour se qualifier en demi-finale. Il faut qu&rsquo;on gagne un maximum de matchs pour d\u00e9crocher la qualification.<\/p>\n<p style=\"text-align: justify;\"><strong><em>FC Grenoble Rugby Espoirs<\/em><br \/>\n<a style=\"color: #000000;\" href=\"https:\/\/www.facebook.com\/fcgEspoirs\/\" target=\"_blank\" rel=\"noopener noreferrer\"><img loading=\"lazy\" decoding=\"async\" class=\"alignnone wp-image-2909\" src=\"http:\/\/dicodusport.fr\/blog\/wp-content\/uploads\/2017\/07\/logo-facebook-150x150.png\" alt=\"\" width=\"40\" height=\"40\" \/><\/a><\/strong><\/p>\n","protected":false},"excerpt":{"rendered":"<p>Pour ce nouvel \u00e9pisode, c&rsquo;est Eli Eglaine, pilier du FCG espoirs, qui s&rsquo;est pr\u00eat\u00e9 au jeu de l&rsquo;interview pour revenir sur le Tournoi des 6 nations qu&rsquo;il a disput\u00e9 avec l&rsquo;\u00e9quipe de France U20.<\/p>\n","protected":false},"author":1,"featured_media":35633,"comment_status":"open","ping_status":"closed","sticky":false,"template":"","format":"standard","meta":{"_acf_changed":false,"_daextam_enable_autolinks":"","footnotes":""},"categories":[2016,2303],"tags":[2073,2074,6951,1837,1947],"class_list":["post-35629","post","type-post","status-publish","format-standard","has-post-thumbnail","hentry","category-nos-champions","category-rugby","tag-fcg","tag-fcg-espoirs","tag-france-u20","tag-grenoble","tag-grenoble-rugby"],"acf":[],"yoast_head":"<!-- This site is optimized with the Yoast SEO Premium plugin v26.7 (Yoast SEO v26.7) - https:\/\/yoast.com\/wordpress\/plugins\/seo\/ -->\n<title>L&#039;avenir grenoblois est dans le pr\u00e9 #61 : Eli Eglaine, Bleu Blanc Rouge<\/title>\n<meta name=\"description\" content=\"Pour ce nouvel \u00e9pisode, Eli Eglaine, pilier du FCG espoirs, s&#039;est pr\u00eat\u00e9 au jeu de l&#039;interview pour revenir sur le 6 Nations qu&#039;il a disput\u00e9 avecles U20.\" \/>\n<meta name=\"robots\" content=\"index, follow, max-snippet:-1, max-image-preview:large, max-video-preview:-1\" \/>\n<link rel=\"canonical\" href=\"https:\/\/dicodusport.fr\/blog\/l-avenir-grenoblois-est-dans-le-pre-61-eli-eglaine-bleu-blanc-rouge\/\" \/>\n<meta property=\"og:locale\" content=\"fr_FR\" \/>\n<meta property=\"og:type\" content=\"article\" \/>\n<meta property=\"og:title\" content=\"L&#039;avenir grenoblois est dans le pr\u00e9 #61 : Eli Eglaine, Bleu Blanc Rouge\" \/>\n<meta property=\"og:description\" content=\"Pour ce nouvel \u00e9pisode, Eli Eglaine, pilier du FCG espoirs, s&#039;est pr\u00eat\u00e9 au jeu de l&#039;interview pour revenir sur le 6 Nations qu&#039;il a disput\u00e9 avecles U20.\" \/>\n<meta property=\"og:url\" content=\"https:\/\/dicodusport.fr\/blog\/l-avenir-grenoblois-est-dans-le-pre-61-eli-eglaine-bleu-blanc-rouge\/\" \/>\n<meta property=\"og:site_name\" content=\"Dicodusport\" \/>\n<meta property=\"article:publisher\" content=\"https:\/\/www.facebook.com\/dicodusport\" \/>\n<meta property=\"article:author\" content=\"https:\/\/www.facebook.com\/dicodusport\" \/>\n<meta property=\"article:published_time\" content=\"2019-03-19T15:53:26+00:00\" \/>\n<meta property=\"article:modified_time\" content=\"2019-03-20T07:18:40+00:00\" \/>\n<meta property=\"og:image\" content=\"https:\/\/dicodusport.fr\/blog\/wp-content\/uploads\/2019\/03\/Eli-Eglaine-France.png\" \/>\n\t<meta property=\"og:image:width\" content=\"800\" \/>\n\t<meta property=\"og:image:height\" content=\"445\" \/>\n\t<meta property=\"og:image:type\" content=\"image\/png\" \/>\n<meta name=\"author\" content=\"Nicolas Jacquemard\" \/>\n<meta name=\"twitter:card\" content=\"summary_large_image\" \/>\n<meta name=\"twitter:creator\" content=\"@https:\/\/twitter.com\/Nico_Jacquemard\" \/>\n<meta name=\"twitter:site\" content=\"@dicodusport\" \/>\n<script type=\"application\/ld+json\" class=\"yoast-schema-graph\">{\"@context\":\"https:\/\/schema.org\",\"@graph\":[{\"@type\":\"NewsArticle\",\"@id\":\"https:\/\/dicodusport.fr\/blog\/l-avenir-grenoblois-est-dans-le-pre-61-eli-eglaine-bleu-blanc-rouge\/#article\",\"isPartOf\":{\"@id\":\"https:\/\/dicodusport.fr\/blog\/l-avenir-grenoblois-est-dans-le-pre-61-eli-eglaine-bleu-blanc-rouge\/\"},\"author\":{\"name\":\"Nicolas Jacquemard\",\"@id\":\"https:\/\/dicodusport.fr\/blog\/#\/schema\/person\/55dcb50ad410894e431ed812bbb70191\"},\"headline\":\"L&rsquo;avenir grenoblois est dans le pr\u00e9 #61 : Eli Eglaine, Bleu Blanc Rouge\",\"datePublished\":\"2019-03-19T15:53:26+00:00\",\"dateModified\":\"2019-03-20T07:18:40+00:00\",\"mainEntityOfPage\":{\"@id\":\"https:\/\/dicodusport.fr\/blog\/l-avenir-grenoblois-est-dans-le-pre-61-eli-eglaine-bleu-blanc-rouge\/\"},\"wordCount\":543,\"commentCount\":0,\"publisher\":{\"@id\":\"https:\/\/dicodusport.fr\/blog\/#organization\"},\"image\":{\"@id\":\"https:\/\/dicodusport.fr\/blog\/l-avenir-grenoblois-est-dans-le-pre-61-eli-eglaine-bleu-blanc-rouge\/#primaryimage\"},\"thumbnailUrl\":\"https:\/\/dicodusport.fr\/blog\/wp-content\/uploads\/2019\/03\/Eli-Eglaine-France.png\",\"keywords\":[\"FCG\",\"FCG espoirs\",\"France U20\",\"Grenoble\",\"grenoble rugby\"],\"articleSection\":[\"Nos champions\",\"Rugby\"],\"inLanguage\":\"fr-FR\",\"potentialAction\":[{\"@type\":\"CommentAction\",\"name\":\"Comment\",\"target\":[\"https:\/\/dicodusport.fr\/blog\/l-avenir-grenoblois-est-dans-le-pre-61-eli-eglaine-bleu-blanc-rouge\/#respond\"]}],\"copyrightYear\":\"2019\",\"copyrightHolder\":{\"@id\":\"https:\/\/dicodusport.fr\/blog\/#organization\"}},{\"@type\":\"WebPage\",\"@id\":\"https:\/\/dicodusport.fr\/blog\/l-avenir-grenoblois-est-dans-le-pre-61-eli-eglaine-bleu-blanc-rouge\/\",\"url\":\"https:\/\/dicodusport.fr\/blog\/l-avenir-grenoblois-est-dans-le-pre-61-eli-eglaine-bleu-blanc-rouge\/\",\"name\":\"L'avenir grenoblois est dans le pr\u00e9 #61 : Eli Eglaine, Bleu Blanc Rouge\",\"isPartOf\":{\"@id\":\"https:\/\/dicodusport.fr\/blog\/#website\"},\"primaryImageOfPage\":{\"@id\":\"https:\/\/dicodusport.fr\/blog\/l-avenir-grenoblois-est-dans-le-pre-61-eli-eglaine-bleu-blanc-rouge\/#primaryimage\"},\"image\":{\"@id\":\"https:\/\/dicodusport.fr\/blog\/l-avenir-grenoblois-est-dans-le-pre-61-eli-eglaine-bleu-blanc-rouge\/#primaryimage\"},\"thumbnailUrl\":\"https:\/\/dicodusport.fr\/blog\/wp-content\/uploads\/2019\/03\/Eli-Eglaine-France.png\",\"datePublished\":\"2019-03-19T15:53:26+00:00\",\"dateModified\":\"2019-03-20T07:18:40+00:00\",\"description\":\"Pour ce nouvel \u00e9pisode, Eli Eglaine, pilier du FCG espoirs, s'est pr\u00eat\u00e9 au jeu de l'interview pour revenir sur le 6 Nations qu'il a disput\u00e9 avecles U20.\",\"breadcrumb\":{\"@id\":\"https:\/\/dicodusport.fr\/blog\/l-avenir-grenoblois-est-dans-le-pre-61-eli-eglaine-bleu-blanc-rouge\/#breadcrumb\"},\"inLanguage\":\"fr-FR\",\"potentialAction\":[{\"@type\":\"ReadAction\",\"target\":[\"https:\/\/dicodusport.fr\/blog\/l-avenir-grenoblois-est-dans-le-pre-61-eli-eglaine-bleu-blanc-rouge\/\"]}]},{\"@type\":\"ImageObject\",\"inLanguage\":\"fr-FR\",\"@id\":\"https:\/\/dicodusport.fr\/blog\/l-avenir-grenoblois-est-dans-le-pre-61-eli-eglaine-bleu-blanc-rouge\/#primaryimage\",\"url\":\"https:\/\/dicodusport.fr\/blog\/wp-content\/uploads\/2019\/03\/Eli-Eglaine-France.png\",\"contentUrl\":\"https:\/\/dicodusport.fr\/blog\/wp-content\/uploads\/2019\/03\/Eli-Eglaine-France.png\",\"width\":800,\"height\":445},{\"@type\":\"BreadcrumbList\",\"@id\":\"https:\/\/dicodusport.fr\/blog\/l-avenir-grenoblois-est-dans-le-pre-61-eli-eglaine-bleu-blanc-rouge\/#breadcrumb\",\"itemListElement\":[{\"@type\":\"ListItem\",\"position\":1,\"name\":\"Accueil\",\"item\":\"https:\/\/dicodusport.fr\/blog\/\"},{\"@type\":\"ListItem\",\"position\":2,\"name\":\"L&rsquo;avenir grenoblois est dans le pr\u00e9 #61 : Eli Eglaine, Bleu Blanc Rouge\"}]},{\"@type\":\"WebSite\",\"@id\":\"https:\/\/dicodusport.fr\/blog\/#website\",\"url\":\"https:\/\/dicodusport.fr\/blog\/\",\"name\":\"Dicodusport\",\"description\":\"L&#039;encyclop\u00e9die de l&#039;actualit\u00e9 sportive\",\"publisher\":{\"@id\":\"https:\/\/dicodusport.fr\/blog\/#organization\"},\"potentialAction\":[{\"@type\":\"SearchAction\",\"target\":{\"@type\":\"EntryPoint\",\"urlTemplate\":\"https:\/\/dicodusport.fr\/blog\/?s={search_term_string}\"},\"query-input\":{\"@type\":\"PropertyValueSpecification\",\"valueRequired\":true,\"valueName\":\"search_term_string\"}}],\"inLanguage\":\"fr-FR\"},{\"@type\":\"NewsMediaOrganization\",\"@id\":\"https:\/\/dicodusport.fr\/blog\/#organization\",\"name\":\"Dicodusport\",\"url\":\"https:\/\/dicodusport.fr\/blog\/\",\"logo\":{\"@type\":\"ImageObject\",\"inLanguage\":\"fr-FR\",\"@id\":\"https:\/\/dicodusport.fr\/blog\/#\/schema\/logo\/image\/\",\"url\":\"https:\/\/dicodusport.fr\/blog\/wp-content\/uploads\/2020\/06\/cropped-LOGO-DICODUSPORT-2020-SANS-FOND-SANS-TEXTE.png\",\"contentUrl\":\"https:\/\/dicodusport.fr\/blog\/wp-content\/uploads\/2020\/06\/cropped-LOGO-DICODUSPORT-2020-SANS-FOND-SANS-TEXTE.png\",\"width\":512,\"height\":512,\"caption\":\"Dicodusport\"},\"image\":{\"@id\":\"https:\/\/dicodusport.fr\/blog\/#\/schema\/logo\/image\/\"},\"sameAs\":[\"https:\/\/www.facebook.com\/dicodusport\",\"https:\/\/x.com\/dicodusport\",\"https:\/\/www.instagram.com\/dicodusport\/\",\"https:\/\/www.youtube.com\/channel\/UC7V2KZ5sd3htJivAbA4ZG3w\"],\"description\":\"Dicodusport est l'encyclop\u00e9die de l'actualit\u00e9 sportive.\",\"email\":\"bonjour@dicodusport.fr\",\"legalName\":\"DICODUSPORT\",\"foundingDate\":\"2018-01-14\",\"vatID\":\"FR71834470973\",\"taxID\":\"83447097300043\",\"numberOfEmployees\":{\"@type\":\"QuantitativeValue\",\"minValue\":\"1\",\"maxValue\":\"10\"}},{\"@type\":\"Person\",\"@id\":\"https:\/\/dicodusport.fr\/blog\/#\/schema\/person\/55dcb50ad410894e431ed812bbb70191\",\"name\":\"Nicolas Jacquemard\",\"image\":{\"@type\":\"ImageObject\",\"inLanguage\":\"fr-FR\",\"@id\":\"https:\/\/dicodusport.fr\/blog\/#\/schema\/person\/image\/\",\"url\":\"https:\/\/dicodusport.fr\/blog\/wp-content\/uploads\/2021\/05\/Nicolas-Jacquemard-150x150.jpeg\",\"contentUrl\":\"https:\/\/dicodusport.fr\/blog\/wp-content\/uploads\/2021\/05\/Nicolas-Jacquemard-150x150.jpeg\",\"caption\":\"Nicolas Jacquemard\"},\"description\":\"Passionn\u00e9 de sport et entrepreneur depuis mes 18 ans, la cr\u00e9ation de Dicodusport m'a sembl\u00e9 \u00e9vidente pour participer \u00e0 la m\u00e9diatisation d'un plus grand nombre de sports. Le chemin est long mais avec une \u00e9quipe des plus motiv\u00e9es et les Jeux Olympiques de Paris 2024 en point de mire, nous y arriverons ! Journaliste dans le monde du sport depuis plus de 5 ans, je traite aussi bien de football, de rugby, de biathlon que de cyclisme.\",\"sameAs\":[\"https:\/\/www.facebook.com\/dicodusport\",\"https:\/\/x.com\/https:\/\/twitter.com\/Nico_Jacquemard\"],\"url\":\"https:\/\/dicodusport.fr\/blog\/author\/dicodusport\/\"}]}<\/script>\n<!-- \/ Yoast SEO Premium plugin. -->","yoast_head_json":{"title":"L'avenir grenoblois est dans le pr\u00e9 #61 : Eli Eglaine, Bleu Blanc Rouge","description":"Pour ce nouvel \u00e9pisode, Eli Eglaine, pilier du FCG espoirs, s'est pr\u00eat\u00e9 au jeu de l'interview pour revenir sur le 6 Nations qu'il a disput\u00e9 avecles U20.","robots":{"index":"index","follow":"follow","max-snippet":"max-snippet:-1","max-image-preview":"max-image-preview:large","max-video-preview":"max-video-preview:-1"},"canonical":"https:\/\/dicodusport.fr\/blog\/l-avenir-grenoblois-est-dans-le-pre-61-eli-eglaine-bleu-blanc-rouge\/","og_locale":"fr_FR","og_type":"article","og_title":"L'avenir grenoblois est dans le pr\u00e9 #61 : Eli Eglaine, Bleu Blanc Rouge","og_description":"Pour ce nouvel \u00e9pisode, Eli Eglaine, pilier du FCG espoirs, s'est pr\u00eat\u00e9 au jeu de l'interview pour revenir sur le 6 Nations qu'il a disput\u00e9 avecles U20.","og_url":"https:\/\/dicodusport.fr\/blog\/l-avenir-grenoblois-est-dans-le-pre-61-eli-eglaine-bleu-blanc-rouge\/","og_site_name":"Dicodusport","article_publisher":"https:\/\/www.facebook.com\/dicodusport","article_author":"https:\/\/www.facebook.com\/dicodusport","article_published_time":"2019-03-19T15:53:26+00:00","article_modified_time":"2019-03-20T07:18:40+00:00","og_image":[{"width":800,"height":445,"url":"https:\/\/dicodusport.fr\/blog\/wp-content\/uploads\/2019\/03\/Eli-Eglaine-France.png","type":"image\/png"}],"author":"Nicolas Jacquemard","twitter_card":"summary_large_image","twitter_creator":"@https:\/\/twitter.com\/Nico_Jacquemard","twitter_site":"@dicodusport","schema":{"@context":"https:\/\/schema.org","@graph":[{"@type":"NewsArticle","@id":"https:\/\/dicodusport.fr\/blog\/l-avenir-grenoblois-est-dans-le-pre-61-eli-eglaine-bleu-blanc-rouge\/#article","isPartOf":{"@id":"https:\/\/dicodusport.fr\/blog\/l-avenir-grenoblois-est-dans-le-pre-61-eli-eglaine-bleu-blanc-rouge\/"},"author":{"name":"Nicolas Jacquemard","@id":"https:\/\/dicodusport.fr\/blog\/#\/schema\/person\/55dcb50ad410894e431ed812bbb70191"},"headline":"L&rsquo;avenir grenoblois est dans le pr\u00e9 #61 : Eli Eglaine, Bleu Blanc Rouge","datePublished":"2019-03-19T15:53:26+00:00","dateModified":"2019-03-20T07:18:40+00:00","mainEntityOfPage":{"@id":"https:\/\/dicodusport.fr\/blog\/l-avenir-grenoblois-est-dans-le-pre-61-eli-eglaine-bleu-blanc-rouge\/"},"wordCount":543,"commentCount":0,"publisher":{"@id":"https:\/\/dicodusport.fr\/blog\/#organization"},"image":{"@id":"https:\/\/dicodusport.fr\/blog\/l-avenir-grenoblois-est-dans-le-pre-61-eli-eglaine-bleu-blanc-rouge\/#primaryimage"},"thumbnailUrl":"https:\/\/dicodusport.fr\/blog\/wp-content\/uploads\/2019\/03\/Eli-Eglaine-France.png","keywords":["FCG","FCG espoirs","France U20","Grenoble","grenoble rugby"],"articleSection":["Nos champions","Rugby"],"inLanguage":"fr-FR","potentialAction":[{"@type":"CommentAction","name":"Comment","target":["https:\/\/dicodusport.fr\/blog\/l-avenir-grenoblois-est-dans-le-pre-61-eli-eglaine-bleu-blanc-rouge\/#respond"]}],"copyrightYear":"2019","copyrightHolder":{"@id":"https:\/\/dicodusport.fr\/blog\/#organization"}},{"@type":"WebPage","@id":"https:\/\/dicodusport.fr\/blog\/l-avenir-grenoblois-est-dans-le-pre-61-eli-eglaine-bleu-blanc-rouge\/","url":"https:\/\/dicodusport.fr\/blog\/l-avenir-grenoblois-est-dans-le-pre-61-eli-eglaine-bleu-blanc-rouge\/","name":"L'avenir grenoblois est dans le pr\u00e9 #61 : Eli Eglaine, Bleu Blanc Rouge","isPartOf":{"@id":"https:\/\/dicodusport.fr\/blog\/#website"},"primaryImageOfPage":{"@id":"https:\/\/dicodusport.fr\/blog\/l-avenir-grenoblois-est-dans-le-pre-61-eli-eglaine-bleu-blanc-rouge\/#primaryimage"},"image":{"@id":"https:\/\/dicodusport.fr\/blog\/l-avenir-grenoblois-est-dans-le-pre-61-eli-eglaine-bleu-blanc-rouge\/#primaryimage"},"thumbnailUrl":"https:\/\/dicodusport.fr\/blog\/wp-content\/uploads\/2019\/03\/Eli-Eglaine-France.png","datePublished":"2019-03-19T15:53:26+00:00","dateModified":"2019-03-20T07:18:40+00:00","description":"Pour ce nouvel \u00e9pisode, Eli Eglaine, pilier du FCG espoirs, s'est pr\u00eat\u00e9 au jeu de l'interview pour revenir sur le 6 Nations qu'il a disput\u00e9 avecles U20.","breadcrumb":{"@id":"https:\/\/dicodusport.fr\/blog\/l-avenir-grenoblois-est-dans-le-pre-61-eli-eglaine-bleu-blanc-rouge\/#breadcrumb"},"inLanguage":"fr-FR","potentialAction":[{"@type":"ReadAction","target":["https:\/\/dicodusport.fr\/blog\/l-avenir-grenoblois-est-dans-le-pre-61-eli-eglaine-bleu-blanc-rouge\/"]}]},{"@type":"ImageObject","inLanguage":"fr-FR","@id":"https:\/\/dicodusport.fr\/blog\/l-avenir-grenoblois-est-dans-le-pre-61-eli-eglaine-bleu-blanc-rouge\/#primaryimage","url":"https:\/\/dicodusport.fr\/blog\/wp-content\/uploads\/2019\/03\/Eli-Eglaine-France.png","contentUrl":"https:\/\/dicodusport.fr\/blog\/wp-content\/uploads\/2019\/03\/Eli-Eglaine-France.png","width":800,"height":445},{"@type":"BreadcrumbList","@id":"https:\/\/dicodusport.fr\/blog\/l-avenir-grenoblois-est-dans-le-pre-61-eli-eglaine-bleu-blanc-rouge\/#breadcrumb","itemListElement":[{"@type":"ListItem","position":1,"name":"Accueil","item":"https:\/\/dicodusport.fr\/blog\/"},{"@type":"ListItem","position":2,"name":"L&rsquo;avenir grenoblois est dans le pr\u00e9 #61 : Eli Eglaine, Bleu Blanc Rouge"}]},{"@type":"WebSite","@id":"https:\/\/dicodusport.fr\/blog\/#website","url":"https:\/\/dicodusport.fr\/blog\/","name":"Dicodusport","description":"L&#039;encyclop\u00e9die de l&#039;actualit\u00e9 sportive","publisher":{"@id":"https:\/\/dicodusport.fr\/blog\/#organization"},"potentialAction":[{"@type":"SearchAction","target":{"@type":"EntryPoint","urlTemplate":"https:\/\/dicodusport.fr\/blog\/?s={search_term_string}"},"query-input":{"@type":"PropertyValueSpecification","valueRequired":true,"valueName":"search_term_string"}}],"inLanguage":"fr-FR"},{"@type":"NewsMediaOrganization","@id":"https:\/\/dicodusport.fr\/blog\/#organization","name":"Dicodusport","url":"https:\/\/dicodusport.fr\/blog\/","logo":{"@type":"ImageObject","inLanguage":"fr-FR","@id":"https:\/\/dicodusport.fr\/blog\/#\/schema\/logo\/image\/","url":"https:\/\/dicodusport.fr\/blog\/wp-content\/uploads\/2020\/06\/cropped-LOGO-DICODUSPORT-2020-SANS-FOND-SANS-TEXTE.png","contentUrl":"https:\/\/dicodusport.fr\/blog\/wp-content\/uploads\/2020\/06\/cropped-LOGO-DICODUSPORT-2020-SANS-FOND-SANS-TEXTE.png","width":512,"height":512,"caption":"Dicodusport"},"image":{"@id":"https:\/\/dicodusport.fr\/blog\/#\/schema\/logo\/image\/"},"sameAs":["https:\/\/www.facebook.com\/dicodusport","https:\/\/x.com\/dicodusport","https:\/\/www.instagram.com\/dicodusport\/","https:\/\/www.youtube.com\/channel\/UC7V2KZ5sd3htJivAbA4ZG3w"],"description":"Dicodusport est l'encyclop\u00e9die de l'actualit\u00e9 sportive.","email":"bonjour@dicodusport.fr","legalName":"DICODUSPORT","foundingDate":"2018-01-14","vatID":"FR71834470973","taxID":"83447097300043","numberOfEmployees":{"@type":"QuantitativeValue","minValue":"1","maxValue":"10"}},{"@type":"Person","@id":"https:\/\/dicodusport.fr\/blog\/#\/schema\/person\/55dcb50ad410894e431ed812bbb70191","name":"Nicolas Jacquemard","image":{"@type":"ImageObject","inLanguage":"fr-FR","@id":"https:\/\/dicodusport.fr\/blog\/#\/schema\/person\/image\/","url":"https:\/\/dicodusport.fr\/blog\/wp-content\/uploads\/2021\/05\/Nicolas-Jacquemard-150x150.jpeg","contentUrl":"https:\/\/dicodusport.fr\/blog\/wp-content\/uploads\/2021\/05\/Nicolas-Jacquemard-150x150.jpeg","caption":"Nicolas Jacquemard"},"description":"Passionn\u00e9 de sport et entrepreneur depuis mes 18 ans, la cr\u00e9ation de Dicodusport m'a sembl\u00e9 \u00e9vidente pour participer \u00e0 la m\u00e9diatisation d'un plus grand nombre de sports. Le chemin est long mais avec une \u00e9quipe des plus motiv\u00e9es et les Jeux Olympiques de Paris 2024 en point de mire, nous y arriverons ! Journaliste dans le monde du sport depuis plus de 5 ans, je traite aussi bien de football, de rugby, de biathlon que de cyclisme.","sameAs":["https:\/\/www.facebook.com\/dicodusport","https:\/\/x.com\/https:\/\/twitter.com\/Nico_Jacquemard"],"url":"https:\/\/dicodusport.fr\/blog\/author\/dicodusport\/"}]}},"_links":{"self":[{"href":"https:\/\/dicodusport.fr\/blog\/wp-json\/wp\/v2\/posts\/35629","targetHints":{"allow":["GET"]}}],"collection":[{"href":"https:\/\/dicodusport.fr\/blog\/wp-json\/wp\/v2\/posts"}],"about":[{"href":"https:\/\/dicodusport.fr\/blog\/wp-json\/wp\/v2\/types\/post"}],"author":[{"embeddable":true,"href":"https:\/\/dicodusport.fr\/blog\/wp-json\/wp\/v2\/users\/1"}],"replies":[{"embeddable":true,"href":"https:\/\/dicodusport.fr\/blog\/wp-json\/wp\/v2\/comments?post=35629"}],"version-history":[{"count":0,"href":"https:\/\/dicodusport.fr\/blog\/wp-json\/wp\/v2\/posts\/35629\/revisions"}],"wp:featuredmedia":[{"embeddable":true,"href":"https:\/\/dicodusport.fr\/blog\/wp-json\/wp\/v2\/media\/35633"}],"wp:attachment":[{"href":"https:\/\/dicodusport.fr\/blog\/wp-json\/wp\/v2\/media?parent=35629"}],"wp:term":[{"taxonomy":"category","embeddable":true,"href":"https:\/\/dicodusport.fr\/blog\/wp-json\/wp\/v2\/categories?post=35629"},{"taxonomy":"post_tag","embeddable":true,"href":"https:\/\/dicodusport.fr\/blog\/wp-json\/wp\/v2\/tags?post=35629"}],"curies":[{"name":"wp","href":"https:\/\/api.w.org\/{rel}","templated":true}]}}