{"id":356450,"date":"2023-02-17T08:15:55","date_gmt":"2023-02-17T07:15:55","guid":{"rendered":"https:\/\/dicodusport.fr\/blog\/?p=356450&#038;preview=true&#038;preview_id=356450"},"modified":"2023-02-17T08:12:29","modified_gmt":"2023-02-17T07:12:29","slug":"david-gaudu-lequipe-ne-me-bridera-pas","status":"publish","type":"post","link":"https:\/\/dicodusport.fr\/blog\/david-gaudu-lequipe-ne-me-bridera-pas\/","title":{"rendered":"David Gaudu : \u00ab\u00a0L\u2019\u00e9quipe ne me bridera pas\u00a0\u00bb"},"content":{"rendered":"<p style=\"text-align: justify;\" align=\"justify\"><em><strong>CYCLISME SUR ROUTE 2023 &#8211; Quelques semaines apr\u00e8s <a href=\"https:\/\/dicodusport.fr\/blog\/groupama-fdj-le-torchon-brule-entre-david-gaudu-et-arnaud-demare\/\">ses d\u00e9clarations sur son co\u00e9quipier Arnaud D\u00e9mare<\/a>, David Gaudu (Groupama-FDJ) est revenu sur cet \u00e9pisode, dans un entretien accord\u00e9 \u00e0 nos confr\u00e8res du T\u00e9l\u00e9gramme.\u00a0<\/strong><\/em><\/p>\n<p style=\"text-align: justify;\" align=\"justify\">Au sujet des prochaines courses qu&rsquo;il va devoir disputer avec le sprinteur picard, <strong>David Gaudu<\/strong> attend de voir comment les choses vont se passer. <strong>Arnaud<\/strong> <strong>D\u00e9mare<\/strong> sera align\u00e9 sur <strong>Paris-Nice,<\/strong> tout comme le quatri\u00e8me du dernier Tour de France. Le grimpeur de la <strong>Groupama-FDJ<\/strong> s&rsquo;explique \u00e0 ce sujet dans les colonnes <a href=\"https:\/\/www.letelegramme.fr\/cyclisme\/david-gaudu-avec-arnaud-demare-faudra-voir-sur-le-terrain-si-on-peut-travailler-ensemble-16-02-2023-13280753.php\"><em>du T\u00e9l\u00e9gramme<\/em><\/a>.<\/p>\n<blockquote>\n<p style=\"text-align: justify;\" align=\"justify\">On va d\u00e9j\u00e0 cohabiter sur Paris-Nice. Lui visera une \u00e9tape et moi le classement g\u00e9n\u00e9ral. Il va falloir cohabiter. On sera peut-\u00eatre jamais les meilleurs amis du monde. Faudra voir sur le terrain si on peut travailler ensemble. Paris-Nice sera le premier gros test.<\/p>\n<\/blockquote>\n<p style=\"text-align: justify;\" align=\"justify\"><strong>David<\/strong> <strong>Gaudu<\/strong> ajoute qu&rsquo;il ne compte pas changer sa relation aux r\u00e9seaux sociaux qui sont pour lui tr\u00e8s importants :<\/p>\n<blockquote>\n<p style=\"text-align: justify;\" align=\"justify\">L\u2019\u00e9quipe ne me bridera pas. Cette partie r\u00e9seaux sociaux restera en moi.<\/p>\n<\/blockquote>\n<p align=\"justify\">Le coureur breton fait sa rentr\u00e9e ce vendredi sur le <a href=\"https:\/\/dicodusport.fr\/blog\/tour-des-alpes-maritimes-et-du-var-2023-parcours-et-favoris\/\" target=\"_blank\" rel=\"noopener\">Tour des Alpes-Maritimes et du Var<\/a><strong>,<\/strong> avec au programme trois \u00e9tapes avec du d\u00e9nivel\u00e9. Il sera ensuite align\u00e9 sur les <strong>Boucles Dr\u00f4me-Ard\u00e8che <\/strong>(25 et 26 f\u00e9vrier), avant de prendre part \u00e0 <strong>Paris-Nice<\/strong> (5-12 mars).<\/p>\n<blockquote class=\"twitter-tweet\">\n<p dir=\"ltr\" lang=\"fr\">Cyclisme. David Gaudu : \u00ab Avec Arnaud D\u00e9mare, faudra voir sur le terrain si on peut travailler ensemble\u2026 \u00bb<br \/>\n\u27a1\ufe0f <a href=\"https:\/\/t.co\/r9XZvXZtek\">https:\/\/t.co\/r9XZvXZtek<\/a> <a href=\"https:\/\/t.co\/Tzhz0Dq9az\">pic.twitter.com\/Tzhz0Dq9az<\/a><\/p>\n<p>\u2014 Le T\u00e9l\u00e9gramme (@LeTelegramme) <a href=\"https:\/\/twitter.com\/LeTelegramme\/status\/1626297064232521728?ref_src=twsrc%5Etfw\">February 16, 2023<\/a><\/p><\/blockquote>\n<p style=\"text-align: justify;\"><script async src=\"https:\/\/platform.twitter.com\/widgets.js\" charset=\"utf-8\"><\/script><\/p>\n","protected":false},"excerpt":{"rendered":"<p>CYCLISME SUR ROUTE 2023 &#8211; Quelques semaines apr\u00e8s ses d\u00e9clarations sur son co\u00e9quipier Arnaud D\u00e9mare, David Gaudu (Groupama-FDJ) est revenu sur cet \u00e9pisode, dans un entretien accord\u00e9 \u00e0 nos confr\u00e8res du T\u00e9l\u00e9gramme.\u00a0<\/p>\n","protected":false},"author":1,"featured_media":243281,"comment_status":"open","ping_status":"closed","sticky":false,"template":"","format":"standard","meta":{"_acf_changed":false,"_daextam_enable_autolinks":"","footnotes":""},"categories":[46994],"tags":[16878,3113,3279],"class_list":["post-356450","post","type-post","status-publish","format-standard","has-post-thumbnail","hentry","category-cyclisme-sur-route","tag-breve","tag-david-gaudu","tag-groupama-fdj"],"acf":[],"yoast_head":"<!-- This site is optimized with the Yoast SEO Premium plugin v26.7 (Yoast SEO v26.7) - https:\/\/yoast.com\/wordpress\/plugins\/seo\/ -->\n<title>David Gaudu : &quot;L\u2019\u00e9quipe ne me bridera pas&quot;<\/title>\n<meta name=\"description\" content=\"CYCLISME - Quelques semaines apr\u00e8s ses d\u00e9clarations sur Arnaud D\u00e9mare, David Gaudu est revenu sur cet \u00e9pisode pour Le T\u00e9l\u00e9gramme.\u00a0\" \/>\n<meta name=\"robots\" content=\"index, follow, max-snippet:-1, max-image-preview:large, max-video-preview:-1\" \/>\n<link rel=\"canonical\" href=\"https:\/\/dicodusport.fr\/blog\/david-gaudu-lequipe-ne-me-bridera-pas\/\" \/>\n<meta property=\"og:locale\" content=\"fr_FR\" \/>\n<meta property=\"og:type\" content=\"article\" \/>\n<meta property=\"og:title\" content=\"David Gaudu : &quot;L\u2019\u00e9quipe ne me bridera pas&quot;\" \/>\n<meta property=\"og:description\" content=\"CYCLISME - Quelques semaines apr\u00e8s ses d\u00e9clarations sur Arnaud D\u00e9mare, David Gaudu est revenu sur cet \u00e9pisode pour Le T\u00e9l\u00e9gramme.\u00a0\" \/>\n<meta property=\"og:url\" content=\"https:\/\/dicodusport.fr\/blog\/david-gaudu-lequipe-ne-me-bridera-pas\/\" \/>\n<meta property=\"og:site_name\" content=\"Dicodusport\" \/>\n<meta property=\"article:publisher\" content=\"https:\/\/www.facebook.com\/dicodusport\" \/>\n<meta property=\"article:author\" content=\"https:\/\/www.facebook.com\/dicodusport\" \/>\n<meta property=\"article:published_time\" content=\"2023-02-17T07:15:55+00:00\" \/>\n<meta property=\"og:image\" content=\"https:\/\/dicodusport.fr\/blog\/wp-content\/uploads\/2022\/07\/David-Gaudu-Jai-pas-confiance-en-moi-jai-peur-dexploser.png\" \/>\n\t<meta property=\"og:image:width\" content=\"800\" \/>\n\t<meta property=\"og:image:height\" content=\"445\" \/>\n\t<meta property=\"og:image:type\" content=\"image\/png\" \/>\n<meta name=\"author\" content=\"Nicolas Jacquemard\" \/>\n<meta name=\"twitter:card\" content=\"summary_large_image\" \/>\n<meta name=\"twitter:title\" content=\"David Gaudu : &quot;L\u2019\u00e9quipe ne me bridera pas&quot;\" \/>\n<meta name=\"twitter:creator\" content=\"@https:\/\/twitter.com\/Nico_Jacquemard\" \/>\n<meta name=\"twitter:site\" content=\"@dicodusport\" \/>\n<script type=\"application\/ld+json\" class=\"yoast-schema-graph\">{\"@context\":\"https:\/\/schema.org\",\"@graph\":[{\"@type\":\"NewsArticle\",\"@id\":\"https:\/\/dicodusport.fr\/blog\/david-gaudu-lequipe-ne-me-bridera-pas\/#article\",\"isPartOf\":{\"@id\":\"https:\/\/dicodusport.fr\/blog\/david-gaudu-lequipe-ne-me-bridera-pas\/\"},\"author\":{\"name\":\"Nicolas Jacquemard\",\"@id\":\"https:\/\/dicodusport.fr\/blog\/#\/schema\/person\/55dcb50ad410894e431ed812bbb70191\"},\"headline\":\"David Gaudu : \u00ab\u00a0L\u2019\u00e9quipe ne me bridera pas\u00a0\u00bb\",\"datePublished\":\"2023-02-17T07:15:55+00:00\",\"mainEntityOfPage\":{\"@id\":\"https:\/\/dicodusport.fr\/blog\/david-gaudu-lequipe-ne-me-bridera-pas\/\"},\"wordCount\":267,\"commentCount\":0,\"publisher\":{\"@id\":\"https:\/\/dicodusport.fr\/blog\/#organization\"},\"image\":{\"@id\":\"https:\/\/dicodusport.fr\/blog\/david-gaudu-lequipe-ne-me-bridera-pas\/#primaryimage\"},\"thumbnailUrl\":\"https:\/\/dicodusport.fr\/blog\/wp-content\/uploads\/2022\/07\/David-Gaudu-Jai-pas-confiance-en-moi-jai-peur-dexploser.png\",\"keywords\":[\"br\u00e8ve\",\"David Gaudu\",\"Groupama FDJ\"],\"articleSection\":[\"Cyclisme sur route\"],\"inLanguage\":\"fr-FR\",\"potentialAction\":[{\"@type\":\"CommentAction\",\"name\":\"Comment\",\"target\":[\"https:\/\/dicodusport.fr\/blog\/david-gaudu-lequipe-ne-me-bridera-pas\/#respond\"]}],\"copyrightYear\":\"2023\",\"copyrightHolder\":{\"@id\":\"https:\/\/dicodusport.fr\/blog\/#organization\"}},{\"@type\":\"WebPage\",\"@id\":\"https:\/\/dicodusport.fr\/blog\/david-gaudu-lequipe-ne-me-bridera-pas\/\",\"url\":\"https:\/\/dicodusport.fr\/blog\/david-gaudu-lequipe-ne-me-bridera-pas\/\",\"name\":\"David Gaudu : \\\"L\u2019\u00e9quipe ne me bridera pas\\\"\",\"isPartOf\":{\"@id\":\"https:\/\/dicodusport.fr\/blog\/#website\"},\"primaryImageOfPage\":{\"@id\":\"https:\/\/dicodusport.fr\/blog\/david-gaudu-lequipe-ne-me-bridera-pas\/#primaryimage\"},\"image\":{\"@id\":\"https:\/\/dicodusport.fr\/blog\/david-gaudu-lequipe-ne-me-bridera-pas\/#primaryimage\"},\"thumbnailUrl\":\"https:\/\/dicodusport.fr\/blog\/wp-content\/uploads\/2022\/07\/David-Gaudu-Jai-pas-confiance-en-moi-jai-peur-dexploser.png\",\"datePublished\":\"2023-02-17T07:15:55+00:00\",\"description\":\"CYCLISME - Quelques semaines apr\u00e8s ses d\u00e9clarations sur Arnaud D\u00e9mare, David Gaudu est revenu sur cet \u00e9pisode pour Le T\u00e9l\u00e9gramme.\u00a0\",\"breadcrumb\":{\"@id\":\"https:\/\/dicodusport.fr\/blog\/david-gaudu-lequipe-ne-me-bridera-pas\/#breadcrumb\"},\"inLanguage\":\"fr-FR\",\"potentialAction\":[{\"@type\":\"ReadAction\",\"target\":[\"https:\/\/dicodusport.fr\/blog\/david-gaudu-lequipe-ne-me-bridera-pas\/\"]}]},{\"@type\":\"ImageObject\",\"inLanguage\":\"fr-FR\",\"@id\":\"https:\/\/dicodusport.fr\/blog\/david-gaudu-lequipe-ne-me-bridera-pas\/#primaryimage\",\"url\":\"https:\/\/dicodusport.fr\/blog\/wp-content\/uploads\/2022\/07\/David-Gaudu-Jai-pas-confiance-en-moi-jai-peur-dexploser.png\",\"contentUrl\":\"https:\/\/dicodusport.fr\/blog\/wp-content\/uploads\/2022\/07\/David-Gaudu-Jai-pas-confiance-en-moi-jai-peur-dexploser.png\",\"width\":800,\"height\":445},{\"@type\":\"BreadcrumbList\",\"@id\":\"https:\/\/dicodusport.fr\/blog\/david-gaudu-lequipe-ne-me-bridera-pas\/#breadcrumb\",\"itemListElement\":[{\"@type\":\"ListItem\",\"position\":1,\"name\":\"Accueil\",\"item\":\"https:\/\/dicodusport.fr\/blog\/\"},{\"@type\":\"ListItem\",\"position\":2,\"name\":\"David Gaudu : \u00ab\u00a0L\u2019\u00e9quipe ne me bridera pas\u00a0\u00bb\"}]},{\"@type\":\"WebSite\",\"@id\":\"https:\/\/dicodusport.fr\/blog\/#website\",\"url\":\"https:\/\/dicodusport.fr\/blog\/\",\"name\":\"Dicodusport\",\"description\":\"L&#039;encyclop\u00e9die de l&#039;actualit\u00e9 sportive\",\"publisher\":{\"@id\":\"https:\/\/dicodusport.fr\/blog\/#organization\"},\"potentialAction\":[{\"@type\":\"SearchAction\",\"target\":{\"@type\":\"EntryPoint\",\"urlTemplate\":\"https:\/\/dicodusport.fr\/blog\/?s={search_term_string}\"},\"query-input\":{\"@type\":\"PropertyValueSpecification\",\"valueRequired\":true,\"valueName\":\"search_term_string\"}}],\"inLanguage\":\"fr-FR\"},{\"@type\":\"NewsMediaOrganization\",\"@id\":\"https:\/\/dicodusport.fr\/blog\/#organization\",\"name\":\"Dicodusport\",\"url\":\"https:\/\/dicodusport.fr\/blog\/\",\"logo\":{\"@type\":\"ImageObject\",\"inLanguage\":\"fr-FR\",\"@id\":\"https:\/\/dicodusport.fr\/blog\/#\/schema\/logo\/image\/\",\"url\":\"https:\/\/dicodusport.fr\/blog\/wp-content\/uploads\/2020\/06\/cropped-LOGO-DICODUSPORT-2020-SANS-FOND-SANS-TEXTE.png\",\"contentUrl\":\"https:\/\/dicodusport.fr\/blog\/wp-content\/uploads\/2020\/06\/cropped-LOGO-DICODUSPORT-2020-SANS-FOND-SANS-TEXTE.png\",\"width\":512,\"height\":512,\"caption\":\"Dicodusport\"},\"image\":{\"@id\":\"https:\/\/dicodusport.fr\/blog\/#\/schema\/logo\/image\/\"},\"sameAs\":[\"https:\/\/www.facebook.com\/dicodusport\",\"https:\/\/x.com\/dicodusport\",\"https:\/\/www.instagram.com\/dicodusport\/\",\"https:\/\/www.youtube.com\/channel\/UC7V2KZ5sd3htJivAbA4ZG3w\"],\"description\":\"Dicodusport est l'encyclop\u00e9die de l'actualit\u00e9 sportive.\",\"email\":\"bonjour@dicodusport.fr\",\"legalName\":\"DICODUSPORT\",\"foundingDate\":\"2018-01-14\",\"vatID\":\"FR71834470973\",\"taxID\":\"83447097300043\",\"numberOfEmployees\":{\"@type\":\"QuantitativeValue\",\"minValue\":\"1\",\"maxValue\":\"10\"}},{\"@type\":\"Person\",\"@id\":\"https:\/\/dicodusport.fr\/blog\/#\/schema\/person\/55dcb50ad410894e431ed812bbb70191\",\"name\":\"Nicolas Jacquemard\",\"image\":{\"@type\":\"ImageObject\",\"inLanguage\":\"fr-FR\",\"@id\":\"https:\/\/dicodusport.fr\/blog\/#\/schema\/person\/image\/\",\"url\":\"https:\/\/dicodusport.fr\/blog\/wp-content\/uploads\/2021\/05\/Nicolas-Jacquemard-150x150.jpeg\",\"contentUrl\":\"https:\/\/dicodusport.fr\/blog\/wp-content\/uploads\/2021\/05\/Nicolas-Jacquemard-150x150.jpeg\",\"caption\":\"Nicolas Jacquemard\"},\"description\":\"Passionn\u00e9 de sport et entrepreneur depuis mes 18 ans, la cr\u00e9ation de Dicodusport m'a sembl\u00e9 \u00e9vidente pour participer \u00e0 la m\u00e9diatisation d'un plus grand nombre de sports. Le chemin est long mais avec une \u00e9quipe des plus motiv\u00e9es et les Jeux Olympiques de Paris 2024 en point de mire, nous y arriverons ! Journaliste dans le monde du sport depuis plus de 5 ans, je traite aussi bien de football, de rugby, de biathlon que de cyclisme.\",\"sameAs\":[\"https:\/\/www.facebook.com\/dicodusport\",\"https:\/\/x.com\/https:\/\/twitter.com\/Nico_Jacquemard\"],\"url\":\"https:\/\/dicodusport.fr\/blog\/author\/dicodusport\/\"}]}<\/script>\n<!-- \/ Yoast SEO Premium plugin. -->","yoast_head_json":{"title":"David Gaudu : \"L\u2019\u00e9quipe ne me bridera pas\"","description":"CYCLISME - Quelques semaines apr\u00e8s ses d\u00e9clarations sur Arnaud D\u00e9mare, David Gaudu est revenu sur cet \u00e9pisode pour Le T\u00e9l\u00e9gramme.\u00a0","robots":{"index":"index","follow":"follow","max-snippet":"max-snippet:-1","max-image-preview":"max-image-preview:large","max-video-preview":"max-video-preview:-1"},"canonical":"https:\/\/dicodusport.fr\/blog\/david-gaudu-lequipe-ne-me-bridera-pas\/","og_locale":"fr_FR","og_type":"article","og_title":"David Gaudu : \"L\u2019\u00e9quipe ne me bridera pas\"","og_description":"CYCLISME - Quelques semaines apr\u00e8s ses d\u00e9clarations sur Arnaud D\u00e9mare, David Gaudu est revenu sur cet \u00e9pisode pour Le T\u00e9l\u00e9gramme.\u00a0","og_url":"https:\/\/dicodusport.fr\/blog\/david-gaudu-lequipe-ne-me-bridera-pas\/","og_site_name":"Dicodusport","article_publisher":"https:\/\/www.facebook.com\/dicodusport","article_author":"https:\/\/www.facebook.com\/dicodusport","article_published_time":"2023-02-17T07:15:55+00:00","og_image":[{"width":800,"height":445,"url":"https:\/\/dicodusport.fr\/blog\/wp-content\/uploads\/2022\/07\/David-Gaudu-Jai-pas-confiance-en-moi-jai-peur-dexploser.png","type":"image\/png"}],"author":"Nicolas Jacquemard","twitter_card":"summary_large_image","twitter_title":"David Gaudu : \"L\u2019\u00e9quipe ne me bridera pas\"","twitter_creator":"@https:\/\/twitter.com\/Nico_Jacquemard","twitter_site":"@dicodusport","schema":{"@context":"https:\/\/schema.org","@graph":[{"@type":"NewsArticle","@id":"https:\/\/dicodusport.fr\/blog\/david-gaudu-lequipe-ne-me-bridera-pas\/#article","isPartOf":{"@id":"https:\/\/dicodusport.fr\/blog\/david-gaudu-lequipe-ne-me-bridera-pas\/"},"author":{"name":"Nicolas Jacquemard","@id":"https:\/\/dicodusport.fr\/blog\/#\/schema\/person\/55dcb50ad410894e431ed812bbb70191"},"headline":"David Gaudu : \u00ab\u00a0L\u2019\u00e9quipe ne me bridera pas\u00a0\u00bb","datePublished":"2023-02-17T07:15:55+00:00","mainEntityOfPage":{"@id":"https:\/\/dicodusport.fr\/blog\/david-gaudu-lequipe-ne-me-bridera-pas\/"},"wordCount":267,"commentCount":0,"publisher":{"@id":"https:\/\/dicodusport.fr\/blog\/#organization"},"image":{"@id":"https:\/\/dicodusport.fr\/blog\/david-gaudu-lequipe-ne-me-bridera-pas\/#primaryimage"},"thumbnailUrl":"https:\/\/dicodusport.fr\/blog\/wp-content\/uploads\/2022\/07\/David-Gaudu-Jai-pas-confiance-en-moi-jai-peur-dexploser.png","keywords":["br\u00e8ve","David Gaudu","Groupama FDJ"],"articleSection":["Cyclisme sur route"],"inLanguage":"fr-FR","potentialAction":[{"@type":"CommentAction","name":"Comment","target":["https:\/\/dicodusport.fr\/blog\/david-gaudu-lequipe-ne-me-bridera-pas\/#respond"]}],"copyrightYear":"2023","copyrightHolder":{"@id":"https:\/\/dicodusport.fr\/blog\/#organization"}},{"@type":"WebPage","@id":"https:\/\/dicodusport.fr\/blog\/david-gaudu-lequipe-ne-me-bridera-pas\/","url":"https:\/\/dicodusport.fr\/blog\/david-gaudu-lequipe-ne-me-bridera-pas\/","name":"David Gaudu : \"L\u2019\u00e9quipe ne me bridera pas\"","isPartOf":{"@id":"https:\/\/dicodusport.fr\/blog\/#website"},"primaryImageOfPage":{"@id":"https:\/\/dicodusport.fr\/blog\/david-gaudu-lequipe-ne-me-bridera-pas\/#primaryimage"},"image":{"@id":"https:\/\/dicodusport.fr\/blog\/david-gaudu-lequipe-ne-me-bridera-pas\/#primaryimage"},"thumbnailUrl":"https:\/\/dicodusport.fr\/blog\/wp-content\/uploads\/2022\/07\/David-Gaudu-Jai-pas-confiance-en-moi-jai-peur-dexploser.png","datePublished":"2023-02-17T07:15:55+00:00","description":"CYCLISME - Quelques semaines apr\u00e8s ses d\u00e9clarations sur Arnaud D\u00e9mare, David Gaudu est revenu sur cet \u00e9pisode pour Le T\u00e9l\u00e9gramme.\u00a0","breadcrumb":{"@id":"https:\/\/dicodusport.fr\/blog\/david-gaudu-lequipe-ne-me-bridera-pas\/#breadcrumb"},"inLanguage":"fr-FR","potentialAction":[{"@type":"ReadAction","target":["https:\/\/dicodusport.fr\/blog\/david-gaudu-lequipe-ne-me-bridera-pas\/"]}]},{"@type":"ImageObject","inLanguage":"fr-FR","@id":"https:\/\/dicodusport.fr\/blog\/david-gaudu-lequipe-ne-me-bridera-pas\/#primaryimage","url":"https:\/\/dicodusport.fr\/blog\/wp-content\/uploads\/2022\/07\/David-Gaudu-Jai-pas-confiance-en-moi-jai-peur-dexploser.png","contentUrl":"https:\/\/dicodusport.fr\/blog\/wp-content\/uploads\/2022\/07\/David-Gaudu-Jai-pas-confiance-en-moi-jai-peur-dexploser.png","width":800,"height":445},{"@type":"BreadcrumbList","@id":"https:\/\/dicodusport.fr\/blog\/david-gaudu-lequipe-ne-me-bridera-pas\/#breadcrumb","itemListElement":[{"@type":"ListItem","position":1,"name":"Accueil","item":"https:\/\/dicodusport.fr\/blog\/"},{"@type":"ListItem","position":2,"name":"David Gaudu : \u00ab\u00a0L\u2019\u00e9quipe ne me bridera pas\u00a0\u00bb"}]},{"@type":"WebSite","@id":"https:\/\/dicodusport.fr\/blog\/#website","url":"https:\/\/dicodusport.fr\/blog\/","name":"Dicodusport","description":"L&#039;encyclop\u00e9die de l&#039;actualit\u00e9 sportive","publisher":{"@id":"https:\/\/dicodusport.fr\/blog\/#organization"},"potentialAction":[{"@type":"SearchAction","target":{"@type":"EntryPoint","urlTemplate":"https:\/\/dicodusport.fr\/blog\/?s={search_term_string}"},"query-input":{"@type":"PropertyValueSpecification","valueRequired":true,"valueName":"search_term_string"}}],"inLanguage":"fr-FR"},{"@type":"NewsMediaOrganization","@id":"https:\/\/dicodusport.fr\/blog\/#organization","name":"Dicodusport","url":"https:\/\/dicodusport.fr\/blog\/","logo":{"@type":"ImageObject","inLanguage":"fr-FR","@id":"https:\/\/dicodusport.fr\/blog\/#\/schema\/logo\/image\/","url":"https:\/\/dicodusport.fr\/blog\/wp-content\/uploads\/2020\/06\/cropped-LOGO-DICODUSPORT-2020-SANS-FOND-SANS-TEXTE.png","contentUrl":"https:\/\/dicodusport.fr\/blog\/wp-content\/uploads\/2020\/06\/cropped-LOGO-DICODUSPORT-2020-SANS-FOND-SANS-TEXTE.png","width":512,"height":512,"caption":"Dicodusport"},"image":{"@id":"https:\/\/dicodusport.fr\/blog\/#\/schema\/logo\/image\/"},"sameAs":["https:\/\/www.facebook.com\/dicodusport","https:\/\/x.com\/dicodusport","https:\/\/www.instagram.com\/dicodusport\/","https:\/\/www.youtube.com\/channel\/UC7V2KZ5sd3htJivAbA4ZG3w"],"description":"Dicodusport est l'encyclop\u00e9die de l'actualit\u00e9 sportive.","email":"bonjour@dicodusport.fr","legalName":"DICODUSPORT","foundingDate":"2018-01-14","vatID":"FR71834470973","taxID":"83447097300043","numberOfEmployees":{"@type":"QuantitativeValue","minValue":"1","maxValue":"10"}},{"@type":"Person","@id":"https:\/\/dicodusport.fr\/blog\/#\/schema\/person\/55dcb50ad410894e431ed812bbb70191","name":"Nicolas Jacquemard","image":{"@type":"ImageObject","inLanguage":"fr-FR","@id":"https:\/\/dicodusport.fr\/blog\/#\/schema\/person\/image\/","url":"https:\/\/dicodusport.fr\/blog\/wp-content\/uploads\/2021\/05\/Nicolas-Jacquemard-150x150.jpeg","contentUrl":"https:\/\/dicodusport.fr\/blog\/wp-content\/uploads\/2021\/05\/Nicolas-Jacquemard-150x150.jpeg","caption":"Nicolas Jacquemard"},"description":"Passionn\u00e9 de sport et entrepreneur depuis mes 18 ans, la cr\u00e9ation de Dicodusport m'a sembl\u00e9 \u00e9vidente pour participer \u00e0 la m\u00e9diatisation d'un plus grand nombre de sports. Le chemin est long mais avec une \u00e9quipe des plus motiv\u00e9es et les Jeux Olympiques de Paris 2024 en point de mire, nous y arriverons ! Journaliste dans le monde du sport depuis plus de 5 ans, je traite aussi bien de football, de rugby, de biathlon que de cyclisme.","sameAs":["https:\/\/www.facebook.com\/dicodusport","https:\/\/x.com\/https:\/\/twitter.com\/Nico_Jacquemard"],"url":"https:\/\/dicodusport.fr\/blog\/author\/dicodusport\/"}]}},"_links":{"self":[{"href":"https:\/\/dicodusport.fr\/blog\/wp-json\/wp\/v2\/posts\/356450","targetHints":{"allow":["GET"]}}],"collection":[{"href":"https:\/\/dicodusport.fr\/blog\/wp-json\/wp\/v2\/posts"}],"about":[{"href":"https:\/\/dicodusport.fr\/blog\/wp-json\/wp\/v2\/types\/post"}],"author":[{"embeddable":true,"href":"https:\/\/dicodusport.fr\/blog\/wp-json\/wp\/v2\/users\/1"}],"replies":[{"embeddable":true,"href":"https:\/\/dicodusport.fr\/blog\/wp-json\/wp\/v2\/comments?post=356450"}],"version-history":[{"count":0,"href":"https:\/\/dicodusport.fr\/blog\/wp-json\/wp\/v2\/posts\/356450\/revisions"}],"wp:featuredmedia":[{"embeddable":true,"href":"https:\/\/dicodusport.fr\/blog\/wp-json\/wp\/v2\/media\/243281"}],"wp:attachment":[{"href":"https:\/\/dicodusport.fr\/blog\/wp-json\/wp\/v2\/media?parent=356450"}],"wp:term":[{"taxonomy":"category","embeddable":true,"href":"https:\/\/dicodusport.fr\/blog\/wp-json\/wp\/v2\/categories?post=356450"},{"taxonomy":"post_tag","embeddable":true,"href":"https:\/\/dicodusport.fr\/blog\/wp-json\/wp\/v2\/tags?post=356450"}],"curies":[{"name":"wp","href":"https:\/\/api.w.org\/{rel}","templated":true}]}}