{"id":35647,"date":"2019-03-20T10:53:59","date_gmt":"2019-03-20T09:53:59","guid":{"rendered":"http:\/\/dicodusport.fr\/blog\/?p=35647"},"modified":"2019-03-20T14:11:58","modified_gmt":"2019-03-20T13:11:58","slug":"face-a-face-la-var-est-elle-encore-credible","status":"publish","type":"post","link":"https:\/\/dicodusport.fr\/blog\/face-a-face-la-var-est-elle-encore-credible\/","title":{"rendered":"Face \u00e0 face : la VAR est-elle encore cr\u00e9dible ?"},"content":{"rendered":"<p style=\"text-align: justify;\"><strong><em>Les r\u00e9dacteurs de Dicodusport entrent sur le ring et s\u2019affrontent dans un Face \u00e0 Face autour d\u2019un sujet d\u2019actualit\u00e9. Dans ce un-contre-un engag\u00e9, chaque r\u00e9dacteur ou r\u00e9dactrice tentera de convaincre son adversaire, ainsi que vous-m\u00eame, qu\u2019il m\u00e9rite de remporter ce duel. Un arbitre sera alors charg\u00e9 de les d\u00e9partager et de d\u00e9signer un vainqueur. Aujourd\u2019hui, deux de nos r\u00e9dacteurs s&rsquo;opposent au sujet de la VAR. Celle-ci est-elle encore cr\u00e9dible apr\u00e8s les r\u00e9centes pol\u00e9miques li\u00e9es \u00e0 son utilisation ?<br \/>\n<\/em><\/strong><\/p>\n<hr \/>\n<div id=\"attachment_25506\" style=\"width: 444px\" class=\"wp-caption aligncenter\"><img loading=\"lazy\" decoding=\"async\" aria-describedby=\"caption-attachment-25506\" class=\" wp-image-25506\" src=\"http:\/\/dicodusport.fr\/blog\/wp-content\/uploads\/2018\/09\/13912423_10210773760888513_101792134721500533_n.jpg\" alt=\"\" width=\"434\" height=\"434\" srcset=\"https:\/\/dicodusport.fr\/blog\/wp-content\/uploads\/2018\/09\/13912423_10210773760888513_101792134721500533_n.jpg 600w, https:\/\/dicodusport.fr\/blog\/wp-content\/uploads\/2018\/09\/13912423_10210773760888513_101792134721500533_n-150x150.jpg 150w, https:\/\/dicodusport.fr\/blog\/wp-content\/uploads\/2018\/09\/13912423_10210773760888513_101792134721500533_n-300x300.jpg 300w\" sizes=\"auto, (max-width: 434px) 100vw, 434px\" \/><p id=\"caption-attachment-25506\" class=\"wp-caption-text\">Romain continue de croire en la VAR<\/p><\/div>\n<h1 style=\"text-align: justify;\"><img decoding=\"async\" class=\"emoji\" src=\"https:\/\/s.w.org\/images\/core\/emoji\/11\/svg\/1f44d.svg\" alt=\"&#x1f44d;\" \/> Romain : Oui, la VAR reste cr\u00e9dible<\/h1>\n<p style=\"text-align: justify;\">Oui, la VAR reste cr\u00e9dible dans les diff\u00e9rents championnats et la Ligue des Champions. Par exemple, en Ligue 1 Conforama, apr\u00e8s la 16\u00e8me journ\u00e9e, le VAR avait corrig\u00e9 3 fois plus d\u2019erreurs d\u2019arbitrage. Lorsque cela ne fait pas d\u00e9bat, mais que les arbitres n\u2019ont pas la possibilit\u00e9 sur le moment m\u00eame de reconna\u00eetre l\u2019erreur, la VAR est un soulagement qui r\u00e9duit l\u2019injustice. C\u2019est une aide non-n\u00e9gligeable pour l\u2019arbitrage de haut niveau o\u00f9 les enjeux sportifs et \u00e9conomiques prennent le dessus et les acteurs en qu\u00eate de justice et d\u2019\u00e9quit\u00e9.<\/p>\n<p style=\"text-align: justify;\">Alors oui, la VAR ne r\u00e9sout pas tout, preuve ces derniers temps en Ligue des Champions ou encore en Ligue 1. Mais l\u00e0 o\u00f9 l\u2019assistance vid\u00e9o est cr\u00e9dible, c\u2019est qu\u2019elle demande encore du temps pour se d\u00e9velopper et d\u00e9velopper son utilisation. Je pense qu\u2019il faut surtout r\u00e9fl\u00e9chir sur le fonctionnement g\u00e9n\u00e9ral de la VAR. Ce n\u2019est pas l\u2019outil qui est mis en cause, mais son utilisation. D\u00e9finir et communiquer les r\u00e8gles au grand public, l\u2019utiliser de mani\u00e8re commune avec des r\u00e8gles franches (comme\u00a0\u00e0 quel moment l\u2019arbitre va v\u00e9rifier de lui-m\u00eame \u00e0 la vid\u00e9o) et l\u2019utiliser de mani\u00e8re plus fr\u00e9quente si cela le n\u00e9cessite. L\u2019orgueil et le pouvoir des arbitres sur une rencontre doit pouvoir \u00eatre mis l\u00e9g\u00e8rement de c\u00f4t\u00e9 pour une utilisation maximis\u00e9e de l\u2019assistance vid\u00e9o.<\/p>\n<p style=\"text-align: justify;\">Si l\u2019argument des clubs au grand pouvoir financier et d\u2019intimidation par l\u2019histoire et par la grandeur tient la route, c\u2019est malheureusement le cas sur n\u2019importe quel sujet du football, VAR ou pas. Continuons d\u2019aider les arbitres mais aussi les footballeurs, supporters et t\u00e9l\u00e9spectateurs avec la vid\u00e9o et des r\u00e8gles bien d\u00e9finies. Laissons les arbitres interpr\u00e9ter \u00e0 leur mani\u00e8re et utiliser la vid\u00e9o pour contrebalancer leur avis.<\/p>\n<hr \/>\n<h2 class=\"entry-title\" style=\"text-align: justify;\"><a href=\"https:\/\/dicodusport.fr\/blog\/pour-aider-les-arbitres-il-faut-lourdement-sanctionner-les-tricheurs\/\" target=\"_blank\" rel=\"noopener\">A voir aussi \u21d2 Pour aider les arbitres, il faut lourdement sanctionner les tricheurs<\/a><\/h2>\n<hr \/>\n<div id=\"attachment_33494\" style=\"width: 444px\" class=\"wp-caption aligncenter\"><img loading=\"lazy\" decoding=\"async\" aria-describedby=\"caption-attachment-33494\" class=\"wp-image-33494 \" src=\"http:\/\/dicodusport.fr\/blog\/wp-content\/uploads\/2019\/02\/Julien-Dicodusport.jpg\" alt=\"\" width=\"434\" height=\"434\" srcset=\"https:\/\/dicodusport.fr\/blog\/wp-content\/uploads\/2019\/02\/Julien-Dicodusport.jpg 640w, https:\/\/dicodusport.fr\/blog\/wp-content\/uploads\/2019\/02\/Julien-Dicodusport-150x150.jpg 150w, https:\/\/dicodusport.fr\/blog\/wp-content\/uploads\/2019\/02\/Julien-Dicodusport-300x300.jpg 300w\" sizes=\"auto, (max-width: 434px) 100vw, 434px\" \/><p id=\"caption-attachment-33494\" class=\"wp-caption-text\">Pour Julien, la VAR a ses limites<\/p><\/div>\n<h1 style=\"text-align: justify;\"><img decoding=\"async\" class=\"emoji\" src=\"https:\/\/s.w.org\/images\/core\/emoji\/11\/svg\/1f44e.svg\" alt=\"&#x1f44e;\" \/> Julien : Non, la VAR n&rsquo;est plus cr\u00e9dible<\/h1>\n<p style=\"text-align: justify;\">D\u00e8s mes premi\u00e8res lignes, je vais \u00eatre clair sur mon point de vue. Je ne suis pas contre les \u00e9volutions dans le football, quelques soient leur nature, si ces derni\u00e8res permettent d&rsquo;am\u00e9liorer le jeu. Mais pour autant, si je suis par exemple \u00e0 100% pour la Goal-Line Technology qui s&rsquo;av\u00e8re \u00eatre une r\u00e9elle avanc\u00e9e dans le monde du ballon rond, comme en atteste r\u00e9cemment le but accord\u00e9 \u00e0 Cristiano Ronaldo la semaine derni\u00e8re face \u00e0 l&rsquo;Atl\u00e9tico Madrid qui aurait \u00e9t\u00e9 clairement impossible \u00e0 valider \u00e0 vitesse r\u00e9elle, je suis beaucoup plus nuanc\u00e9 pour l&rsquo;assistance vid\u00e9o, ou du moins par son utilisation. Cette derni\u00e8re est-elle cr\u00e9dible ? C&rsquo;est-\u00e0-dire fiable et digne de confiance ?<\/p>\n<p style=\"text-align: justify;\">A cette question, il est \u00e9vident de r\u00e9pondre que non. La vid\u00e9o devait r\u00e9duire voir an\u00e9antir toute formes de pol\u00e9miques ? Finalement, ces derni\u00e8res se sont accentu\u00e9es&#8230; Sur 16 utilisations de la VAR lors des 8\u00e8mes de finale de la Ligue des Champions, 6 cas litigieux ont \u00e9t\u00e9 recens\u00e9s. Lors de Juve-Atl\u00e9tico, la Juve obtient un penalty, apr\u00e8s visionnage des ralentis, l&rsquo;accrochage est loin d&rsquo;\u00eatre \u00e9vident alors qu&rsquo;en fin de match, une situation identique se passe dans la surface adverse et le point de penalty n&rsquo;est pas d\u00e9sign\u00e9 et la VAR pas consult\u00e9e. Si des faits de jeu sont \u00e0 recenser lors des matchs Porto-Roma ou Real-Ajax par exemple, il est ais\u00e9 d&rsquo;\u00e9voquer les rencontres du PSG et de Lyon.<\/p>\n<p style=\"text-align: justify;\">Selon les textes, la VAR, en Ligue des Champions, doit \u00eatre utilis\u00e9e lors de situations \u00e9videntes afin de modifier une erreur manifeste et qui ne doit pas pr\u00eater \u00e0 interpr\u00e9tation. Or, lorsque l&rsquo;arbitre de PSG-Manchester est sollicit\u00e9 pour consulter les images, nous sommes bien dans une (mauvaise) interpr\u00e9tation. Pour Lyon, \u00e0 vitesse r\u00e9elle, 99% des personnes auraient d\u00e9sign\u00e9 le point de penalty, les images r\u00e9v\u00e8lent le contraire, mais cela n&rsquo;a pas fait changer la d\u00e9cision de l&rsquo;arbitre. La vid\u00e9o accentue le sentiment d&rsquo;injustice, si elle peut \u00eatre efficace notamment sur des situations de hors-jeu, son fonctionnement et son utilisation doivent \u00eatre repens\u00e9s, le football est un sport d&rsquo;\u00e9motions, mais cet outil est en train de le d\u00e9naturer, de casser le rythme avec des arr\u00eats de jeu parfois interminables. Et d\u00e9sormais, \u00e0 chaque but ou presque, les joueurs, les supporters se retiennent avant de laisser exploser leur joie car le moindre petit d\u00e9tail est scrut\u00e9 et analyser alors que, encore une foi,s cet outil doit venir gommer des erreurs flagrantes.<\/p>\n<p style=\"text-align: justify;\">Et parfois l&rsquo;aberration est encore plus grande, certes il s&rsquo;agit de la Ligue 1, mais N\u00eemes ne serait jamais revenu \u00e0 2-1 si Strasbourg n&rsquo;avait pas marqu\u00e9 le but du 3\/0, car sans ce but, la VAR n&rsquo;aurait pas \u00e9t\u00e9 consult\u00e9e et le coup-franc non attribu\u00e9 aux N\u00eemois. Une \u00e9volution dans le football, je dis oui, mais de cette fa\u00e7on, bien entendu que non !<\/p>\n<hr \/>\n<h1 style=\"text-align: justify;\">Verdict de l&rsquo;arbitre :<\/h1>\n<p style=\"text-align: justify;\">Depuis l&rsquo;instauration de l&rsquo;assistance vid\u00e9o dans le football, d\u00e9fenseurs et d\u00e9tracteurs ne cessent de s&rsquo;\u00e9charper \u00e0 propos de celle-ci, et pour cause. Si elle a permis de corriger davantage d&rsquo;erreurs d&rsquo;arbitrage, notamment en Ligue 1 comme l&rsquo;\u00e9voque Romain, elle a aussi mis en \u00e9vidence certaines limites d&rsquo;un syst\u00e8me encore perfectible, comme le d\u00e9fend Julien.<\/p>\n<p style=\"text-align: justify;\">Pour Romain donc, la VAR est une r\u00e9elle plus-value dans le football de haut niveau, un monde o\u00f9 effectivement des erreurs d&rsquo;arbitrage peuvent avoir un impact n\u00e9gatif au niveau \u00e9conomique et financier pour des clubs victimes d&rsquo;une injustice. Cette notion d&rsquo;injustice, justement, est mise en avant dans l&rsquo;argumentaire de Julien. S&rsquo;il n&rsquo;est pas contre les \u00e9volutions technologiques li\u00e9es \u00e0 l&rsquo;arbitrage, il n&rsquo;oublie pas non plus que la VAR a d\u00e9fray\u00e9 la chronique lors des 8\u00e8mes de finale de la Ligue des Champions, avec 6 cas litigieux sur les 16 recours \u00e0 l&rsquo;assistance vid\u00e9o. Une injustice qui tend \u00e0 d\u00e9naturer le football et ses \u00e9motions procur\u00e9es.<\/p>\n<p style=\"text-align: justify;\">Mais nos deux r\u00e9dacteurs semblent se rejoindre sur un point : am\u00e9liorer l&rsquo;utilisation de l&rsquo;assistance vid\u00e9o. Romain avance alors un argument de poids lorsqu&rsquo;il dit : <em>\u00ab Mais l\u00e0 o\u00f9 l\u2019assistance vid\u00e9o est cr\u00e9dible, c\u2019est qu\u2019elle demande encore du temps pour se d\u00e9velopper et d\u00e9velopper son utilisation. Je pense qu\u2019il faut surtout r\u00e9fl\u00e9chir sur le fonctionnement g\u00e9n\u00e9ral de la VAR. Ce n\u2019est pas l\u2019outil qui est mis en cause, mais son utilisation. \u00bb <\/em><\/p>\n<p style=\"text-align: justify;\"><strong>Effectivement, avant de dire qu&rsquo;elle n&rsquo;est pas cr\u00e9dible pour de bon, donner la possibilit\u00e9 d&rsquo;am\u00e9liorer son utilisation afin de favoriser son d\u00e9veloppement semble \u00eatre une solution.<\/strong> A commencer par la compr\u00e9hension de celle-ci, pas toujours \u00e9vidente aux yeux des joueurs, entra\u00eeneurs et supporters. La p\u00e9dagogie, pr\u00e9conis\u00e9e par Romain, peut \u00eatre un premier pas vers une premi\u00e8re \u00e9volution positive.<\/p>\n<p style=\"text-align: justify;\"><strong><img decoding=\"async\" class=\"emoji\" src=\"https:\/\/s.w.org\/images\/core\/emoji\/11\/svg\/1f3c6.svg\" alt=\"&#x1f3c6;\" \/> Romain remporte donc ce d\u00e9bat !<\/strong><\/p>\n<p><strong><em>Flo Ostermann<br \/>\n<a href=\"https:\/\/www.facebook.com\/florent.ostermann\"><img loading=\"lazy\" decoding=\"async\" class=\"alignnone wp-image-2909\" src=\"http:\/\/dicodusport.fr\/blog\/wp-content\/uploads\/2017\/07\/logo-facebook-150x150.png\" sizes=\"auto, (max-width: 40px) 100vw, 40px\" srcset=\"https:\/\/dicodusport.fr\/blog\/wp-content\/uploads\/2017\/07\/logo-facebook-150x150.png 150w, https:\/\/dicodusport.fr\/blog\/wp-content\/uploads\/2017\/07\/logo-facebook-300x300.png 300w, https:\/\/dicodusport.fr\/blog\/wp-content\/uploads\/2017\/07\/logo-facebook.png 400w\" alt=\"\" width=\"40\" height=\"40\" \/><\/a><a href=\"https:\/\/twitter.com\/SportInsideMag\"><img loading=\"lazy\" decoding=\"async\" class=\"alignnone wp-image-2908\" src=\"http:\/\/dicodusport.fr\/blog\/wp-content\/uploads\/2017\/07\/logo-twitter-150x150.png\" alt=\"\" width=\"39\" height=\"39\" \/><\/a><\/em><\/strong><\/p>\n","protected":false},"excerpt":{"rendered":"<p>Aujourd\u2019hui, deux de nos r\u00e9dacteurs s&rsquo;opposent au sujet de la VAR. Celle-ci est-elle encore cr\u00e9dible apr\u00e8s les r\u00e9centes pol\u00e9miques li\u00e9es \u00e0 son utilisation ?<\/p>\n","protected":false},"author":4,"featured_media":35658,"comment_status":"open","ping_status":"closed","sticky":false,"template":"","format":"standard","meta":{"_acf_changed":false,"_daextam_enable_autolinks":"","footnotes":""},"categories":[2,2348,2301],"tags":[2420,75,4729],"class_list":["post-35647","post","type-post","status-publish","format-standard","has-post-thumbnail","hentry","category-actualites","category-face-a-face","category-football","tag-debat","tag-football","tag-var"],"acf":[],"yoast_head":"<!-- This site is optimized with the Yoast SEO Premium plugin v26.7 (Yoast SEO v26.7) - https:\/\/yoast.com\/wordpress\/plugins\/seo\/ -->\n<title>Face \u00e0 face : la VAR est-elle encore cr\u00e9dible ?<\/title>\n<meta name=\"description\" content=\"Aujourd\u2019hui, deux de nos r\u00e9dacteurs s&#039;opposent au sujet de la VAR. Celle-ci est-elle encore cr\u00e9dible apr\u00e8s les r\u00e9centes pol\u00e9miques li\u00e9es \u00e0 son utilisation ?\" \/>\n<meta name=\"robots\" content=\"index, follow, max-snippet:-1, max-image-preview:large, max-video-preview:-1\" \/>\n<link rel=\"canonical\" href=\"https:\/\/dicodusport.fr\/blog\/face-a-face-la-var-est-elle-encore-credible\/\" \/>\n<meta property=\"og:locale\" content=\"fr_FR\" \/>\n<meta property=\"og:type\" content=\"article\" \/>\n<meta property=\"og:title\" content=\"Face \u00e0 face : la VAR est-elle encore cr\u00e9dible ?\" \/>\n<meta property=\"og:description\" content=\"Aujourd\u2019hui, deux de nos r\u00e9dacteurs s&#039;opposent au sujet de la VAR. Celle-ci est-elle encore cr\u00e9dible apr\u00e8s les r\u00e9centes pol\u00e9miques li\u00e9es \u00e0 son utilisation ?\" \/>\n<meta property=\"og:url\" content=\"https:\/\/dicodusport.fr\/blog\/face-a-face-la-var-est-elle-encore-credible\/\" \/>\n<meta property=\"og:site_name\" content=\"Dicodusport\" \/>\n<meta property=\"article:publisher\" content=\"https:\/\/www.facebook.com\/dicodusport\" \/>\n<meta property=\"article:author\" content=\"https:\/\/www.facebook.com\/florent.ostermann\" \/>\n<meta property=\"article:published_time\" content=\"2019-03-20T09:53:59+00:00\" \/>\n<meta property=\"article:modified_time\" content=\"2019-03-20T13:11:58+00:00\" \/>\n<meta property=\"og:image\" content=\"https:\/\/dicodusport.fr\/blog\/wp-content\/uploads\/2019\/03\/D\u00e9bat-La-VAR-est-elle-encore-cr\u00e9dible-_.png\" \/>\n\t<meta property=\"og:image:width\" content=\"800\" \/>\n\t<meta property=\"og:image:height\" content=\"445\" \/>\n\t<meta property=\"og:image:type\" content=\"image\/png\" \/>\n<meta name=\"author\" content=\"Flo Ostermann\" \/>\n<meta name=\"twitter:card\" content=\"summary_large_image\" \/>\n<meta name=\"twitter:creator\" content=\"@https:\/\/twitter.com\/FlOstermann\" \/>\n<meta name=\"twitter:site\" content=\"@dicodusport\" \/>\n<script type=\"application\/ld+json\" class=\"yoast-schema-graph\">{\"@context\":\"https:\/\/schema.org\",\"@graph\":[{\"@type\":\"NewsArticle\",\"@id\":\"https:\/\/dicodusport.fr\/blog\/face-a-face-la-var-est-elle-encore-credible\/#article\",\"isPartOf\":{\"@id\":\"https:\/\/dicodusport.fr\/blog\/face-a-face-la-var-est-elle-encore-credible\/\"},\"author\":{\"name\":\"Flo Ostermann\",\"@id\":\"https:\/\/dicodusport.fr\/blog\/#\/schema\/person\/cb02af4c173ce4a653b55e9baf388d4a\"},\"headline\":\"Face \u00e0 face : la VAR est-elle encore cr\u00e9dible ?\",\"datePublished\":\"2019-03-20T09:53:59+00:00\",\"dateModified\":\"2019-03-20T13:11:58+00:00\",\"mainEntityOfPage\":{\"@id\":\"https:\/\/dicodusport.fr\/blog\/face-a-face-la-var-est-elle-encore-credible\/\"},\"wordCount\":1366,\"commentCount\":2,\"publisher\":{\"@id\":\"https:\/\/dicodusport.fr\/blog\/#organization\"},\"image\":{\"@id\":\"https:\/\/dicodusport.fr\/blog\/face-a-face-la-var-est-elle-encore-credible\/#primaryimage\"},\"thumbnailUrl\":\"https:\/\/dicodusport.fr\/blog\/wp-content\/uploads\/2019\/03\/D\u00e9bat-La-VAR-est-elle-encore-cr\u00e9dible-_.png\",\"keywords\":[\"D\u00e9bat\",\"Football\",\"VAR\"],\"articleSection\":[\"Actualit\u00e9s\",\"Face \u00e0 face\",\"Football\"],\"inLanguage\":\"fr-FR\",\"potentialAction\":[{\"@type\":\"CommentAction\",\"name\":\"Comment\",\"target\":[\"https:\/\/dicodusport.fr\/blog\/face-a-face-la-var-est-elle-encore-credible\/#respond\"]}],\"copyrightYear\":\"2019\",\"copyrightHolder\":{\"@id\":\"https:\/\/dicodusport.fr\/blog\/#organization\"}},{\"@type\":\"WebPage\",\"@id\":\"https:\/\/dicodusport.fr\/blog\/face-a-face-la-var-est-elle-encore-credible\/\",\"url\":\"https:\/\/dicodusport.fr\/blog\/face-a-face-la-var-est-elle-encore-credible\/\",\"name\":\"Face \u00e0 face : la VAR est-elle encore cr\u00e9dible ?\",\"isPartOf\":{\"@id\":\"https:\/\/dicodusport.fr\/blog\/#website\"},\"primaryImageOfPage\":{\"@id\":\"https:\/\/dicodusport.fr\/blog\/face-a-face-la-var-est-elle-encore-credible\/#primaryimage\"},\"image\":{\"@id\":\"https:\/\/dicodusport.fr\/blog\/face-a-face-la-var-est-elle-encore-credible\/#primaryimage\"},\"thumbnailUrl\":\"https:\/\/dicodusport.fr\/blog\/wp-content\/uploads\/2019\/03\/D\u00e9bat-La-VAR-est-elle-encore-cr\u00e9dible-_.png\",\"datePublished\":\"2019-03-20T09:53:59+00:00\",\"dateModified\":\"2019-03-20T13:11:58+00:00\",\"description\":\"Aujourd\u2019hui, deux de nos r\u00e9dacteurs s'opposent au sujet de la VAR. Celle-ci est-elle encore cr\u00e9dible apr\u00e8s les r\u00e9centes pol\u00e9miques li\u00e9es \u00e0 son utilisation ?\",\"breadcrumb\":{\"@id\":\"https:\/\/dicodusport.fr\/blog\/face-a-face-la-var-est-elle-encore-credible\/#breadcrumb\"},\"inLanguage\":\"fr-FR\",\"potentialAction\":[{\"@type\":\"ReadAction\",\"target\":[\"https:\/\/dicodusport.fr\/blog\/face-a-face-la-var-est-elle-encore-credible\/\"]}]},{\"@type\":\"ImageObject\",\"inLanguage\":\"fr-FR\",\"@id\":\"https:\/\/dicodusport.fr\/blog\/face-a-face-la-var-est-elle-encore-credible\/#primaryimage\",\"url\":\"https:\/\/dicodusport.fr\/blog\/wp-content\/uploads\/2019\/03\/D\u00e9bat-La-VAR-est-elle-encore-cr\u00e9dible-_.png\",\"contentUrl\":\"https:\/\/dicodusport.fr\/blog\/wp-content\/uploads\/2019\/03\/D\u00e9bat-La-VAR-est-elle-encore-cr\u00e9dible-_.png\",\"width\":800,\"height\":445},{\"@type\":\"BreadcrumbList\",\"@id\":\"https:\/\/dicodusport.fr\/blog\/face-a-face-la-var-est-elle-encore-credible\/#breadcrumb\",\"itemListElement\":[{\"@type\":\"ListItem\",\"position\":1,\"name\":\"Accueil\",\"item\":\"https:\/\/dicodusport.fr\/blog\/\"},{\"@type\":\"ListItem\",\"position\":2,\"name\":\"Face \u00e0 face : la VAR est-elle encore cr\u00e9dible ?\"}]},{\"@type\":\"WebSite\",\"@id\":\"https:\/\/dicodusport.fr\/blog\/#website\",\"url\":\"https:\/\/dicodusport.fr\/blog\/\",\"name\":\"Dicodusport\",\"description\":\"L&#039;encyclop\u00e9die de l&#039;actualit\u00e9 sportive\",\"publisher\":{\"@id\":\"https:\/\/dicodusport.fr\/blog\/#organization\"},\"potentialAction\":[{\"@type\":\"SearchAction\",\"target\":{\"@type\":\"EntryPoint\",\"urlTemplate\":\"https:\/\/dicodusport.fr\/blog\/?s={search_term_string}\"},\"query-input\":{\"@type\":\"PropertyValueSpecification\",\"valueRequired\":true,\"valueName\":\"search_term_string\"}}],\"inLanguage\":\"fr-FR\"},{\"@type\":\"NewsMediaOrganization\",\"@id\":\"https:\/\/dicodusport.fr\/blog\/#organization\",\"name\":\"Dicodusport\",\"url\":\"https:\/\/dicodusport.fr\/blog\/\",\"logo\":{\"@type\":\"ImageObject\",\"inLanguage\":\"fr-FR\",\"@id\":\"https:\/\/dicodusport.fr\/blog\/#\/schema\/logo\/image\/\",\"url\":\"https:\/\/dicodusport.fr\/blog\/wp-content\/uploads\/2020\/06\/cropped-LOGO-DICODUSPORT-2020-SANS-FOND-SANS-TEXTE.png\",\"contentUrl\":\"https:\/\/dicodusport.fr\/blog\/wp-content\/uploads\/2020\/06\/cropped-LOGO-DICODUSPORT-2020-SANS-FOND-SANS-TEXTE.png\",\"width\":512,\"height\":512,\"caption\":\"Dicodusport\"},\"image\":{\"@id\":\"https:\/\/dicodusport.fr\/blog\/#\/schema\/logo\/image\/\"},\"sameAs\":[\"https:\/\/www.facebook.com\/dicodusport\",\"https:\/\/x.com\/dicodusport\",\"https:\/\/www.instagram.com\/dicodusport\/\",\"https:\/\/www.youtube.com\/channel\/UC7V2KZ5sd3htJivAbA4ZG3w\"],\"description\":\"Dicodusport est l'encyclop\u00e9die de l'actualit\u00e9 sportive.\",\"email\":\"bonjour@dicodusport.fr\",\"legalName\":\"DICODUSPORT\",\"foundingDate\":\"2018-01-14\",\"vatID\":\"FR71834470973\",\"taxID\":\"83447097300043\",\"numberOfEmployees\":{\"@type\":\"QuantitativeValue\",\"minValue\":\"1\",\"maxValue\":\"10\"}},{\"@type\":\"Person\",\"@id\":\"https:\/\/dicodusport.fr\/blog\/#\/schema\/person\/cb02af4c173ce4a653b55e9baf388d4a\",\"name\":\"Flo Ostermann\",\"image\":{\"@type\":\"ImageObject\",\"inLanguage\":\"fr-FR\",\"@id\":\"https:\/\/dicodusport.fr\/blog\/#\/schema\/person\/image\/\",\"url\":\"https:\/\/dicodusport.fr\/blog\/wp-content\/uploads\/2021\/05\/Flo-Ostermann-150x150.jpg\",\"contentUrl\":\"https:\/\/dicodusport.fr\/blog\/wp-content\/uploads\/2021\/05\/Flo-Ostermann-150x150.jpg\",\"caption\":\"Flo Ostermann\"},\"description\":\"Journaliste\/R\u00e9dacteur depuis septembre 2015 - Mes premiers souvenirs dans le sport ? Les envol\u00e9es du Stade Toulousain et les duels Villeneuve-Schumacher et H\u00e4kkinen-Schumacher \u00e0 la fin des ann\u00e9es 90, la Coupe du monde de football en 1998, l\u2019exploit du XV de France face aux All Blacks en 1999, mais aussi Richard C\u0153ur de Lion qui vole sur les montagnes du Tour de France. Bien parti pour devenir professeur d\u2019EPS, les \u00e9v\u00e9nements de la vie (et la flemme d\u2019animer des s\u00e9ances de 3x500 m\u00e8tres toute ma vie) m\u2019ont conduit \u00e0 revoir mes plans. Me voil\u00e0 depuis fin 2017 sur Dicodusport, m\u00e9dia gr\u00e2ce (et pour) lequel je partage ma passion : le sport dans tous ses \u00e9tats. Le tout accompagn\u00e9 par les fous furieux et folles furieuses cit\u00e9s sur cette page !\",\"sameAs\":[\"https:\/\/www.facebook.com\/florent.ostermann\",\"https:\/\/x.com\/https:\/\/twitter.com\/FlOstermann\",\"admin\"],\"url\":\"https:\/\/dicodusport.fr\/blog\/author\/flo\/\"}]}<\/script>\n<!-- \/ Yoast SEO Premium plugin. -->","yoast_head_json":{"title":"Face \u00e0 face : la VAR est-elle encore cr\u00e9dible ?","description":"Aujourd\u2019hui, deux de nos r\u00e9dacteurs s'opposent au sujet de la VAR. Celle-ci est-elle encore cr\u00e9dible apr\u00e8s les r\u00e9centes pol\u00e9miques li\u00e9es \u00e0 son utilisation ?","robots":{"index":"index","follow":"follow","max-snippet":"max-snippet:-1","max-image-preview":"max-image-preview:large","max-video-preview":"max-video-preview:-1"},"canonical":"https:\/\/dicodusport.fr\/blog\/face-a-face-la-var-est-elle-encore-credible\/","og_locale":"fr_FR","og_type":"article","og_title":"Face \u00e0 face : la VAR est-elle encore cr\u00e9dible ?","og_description":"Aujourd\u2019hui, deux de nos r\u00e9dacteurs s'opposent au sujet de la VAR. Celle-ci est-elle encore cr\u00e9dible apr\u00e8s les r\u00e9centes pol\u00e9miques li\u00e9es \u00e0 son utilisation ?","og_url":"https:\/\/dicodusport.fr\/blog\/face-a-face-la-var-est-elle-encore-credible\/","og_site_name":"Dicodusport","article_publisher":"https:\/\/www.facebook.com\/dicodusport","article_author":"https:\/\/www.facebook.com\/florent.ostermann","article_published_time":"2019-03-20T09:53:59+00:00","article_modified_time":"2019-03-20T13:11:58+00:00","og_image":[{"width":800,"height":445,"url":"https:\/\/dicodusport.fr\/blog\/wp-content\/uploads\/2019\/03\/D\u00e9bat-La-VAR-est-elle-encore-cr\u00e9dible-_.png","type":"image\/png"}],"author":"Flo Ostermann","twitter_card":"summary_large_image","twitter_creator":"@https:\/\/twitter.com\/FlOstermann","twitter_site":"@dicodusport","schema":{"@context":"https:\/\/schema.org","@graph":[{"@type":"NewsArticle","@id":"https:\/\/dicodusport.fr\/blog\/face-a-face-la-var-est-elle-encore-credible\/#article","isPartOf":{"@id":"https:\/\/dicodusport.fr\/blog\/face-a-face-la-var-est-elle-encore-credible\/"},"author":{"name":"Flo Ostermann","@id":"https:\/\/dicodusport.fr\/blog\/#\/schema\/person\/cb02af4c173ce4a653b55e9baf388d4a"},"headline":"Face \u00e0 face : la VAR est-elle encore cr\u00e9dible ?","datePublished":"2019-03-20T09:53:59+00:00","dateModified":"2019-03-20T13:11:58+00:00","mainEntityOfPage":{"@id":"https:\/\/dicodusport.fr\/blog\/face-a-face-la-var-est-elle-encore-credible\/"},"wordCount":1366,"commentCount":2,"publisher":{"@id":"https:\/\/dicodusport.fr\/blog\/#organization"},"image":{"@id":"https:\/\/dicodusport.fr\/blog\/face-a-face-la-var-est-elle-encore-credible\/#primaryimage"},"thumbnailUrl":"https:\/\/dicodusport.fr\/blog\/wp-content\/uploads\/2019\/03\/D\u00e9bat-La-VAR-est-elle-encore-cr\u00e9dible-_.png","keywords":["D\u00e9bat","Football","VAR"],"articleSection":["Actualit\u00e9s","Face \u00e0 face","Football"],"inLanguage":"fr-FR","potentialAction":[{"@type":"CommentAction","name":"Comment","target":["https:\/\/dicodusport.fr\/blog\/face-a-face-la-var-est-elle-encore-credible\/#respond"]}],"copyrightYear":"2019","copyrightHolder":{"@id":"https:\/\/dicodusport.fr\/blog\/#organization"}},{"@type":"WebPage","@id":"https:\/\/dicodusport.fr\/blog\/face-a-face-la-var-est-elle-encore-credible\/","url":"https:\/\/dicodusport.fr\/blog\/face-a-face-la-var-est-elle-encore-credible\/","name":"Face \u00e0 face : la VAR est-elle encore cr\u00e9dible ?","isPartOf":{"@id":"https:\/\/dicodusport.fr\/blog\/#website"},"primaryImageOfPage":{"@id":"https:\/\/dicodusport.fr\/blog\/face-a-face-la-var-est-elle-encore-credible\/#primaryimage"},"image":{"@id":"https:\/\/dicodusport.fr\/blog\/face-a-face-la-var-est-elle-encore-credible\/#primaryimage"},"thumbnailUrl":"https:\/\/dicodusport.fr\/blog\/wp-content\/uploads\/2019\/03\/D\u00e9bat-La-VAR-est-elle-encore-cr\u00e9dible-_.png","datePublished":"2019-03-20T09:53:59+00:00","dateModified":"2019-03-20T13:11:58+00:00","description":"Aujourd\u2019hui, deux de nos r\u00e9dacteurs s'opposent au sujet de la VAR. Celle-ci est-elle encore cr\u00e9dible apr\u00e8s les r\u00e9centes pol\u00e9miques li\u00e9es \u00e0 son utilisation ?","breadcrumb":{"@id":"https:\/\/dicodusport.fr\/blog\/face-a-face-la-var-est-elle-encore-credible\/#breadcrumb"},"inLanguage":"fr-FR","potentialAction":[{"@type":"ReadAction","target":["https:\/\/dicodusport.fr\/blog\/face-a-face-la-var-est-elle-encore-credible\/"]}]},{"@type":"ImageObject","inLanguage":"fr-FR","@id":"https:\/\/dicodusport.fr\/blog\/face-a-face-la-var-est-elle-encore-credible\/#primaryimage","url":"https:\/\/dicodusport.fr\/blog\/wp-content\/uploads\/2019\/03\/D\u00e9bat-La-VAR-est-elle-encore-cr\u00e9dible-_.png","contentUrl":"https:\/\/dicodusport.fr\/blog\/wp-content\/uploads\/2019\/03\/D\u00e9bat-La-VAR-est-elle-encore-cr\u00e9dible-_.png","width":800,"height":445},{"@type":"BreadcrumbList","@id":"https:\/\/dicodusport.fr\/blog\/face-a-face-la-var-est-elle-encore-credible\/#breadcrumb","itemListElement":[{"@type":"ListItem","position":1,"name":"Accueil","item":"https:\/\/dicodusport.fr\/blog\/"},{"@type":"ListItem","position":2,"name":"Face \u00e0 face : la VAR est-elle encore cr\u00e9dible ?"}]},{"@type":"WebSite","@id":"https:\/\/dicodusport.fr\/blog\/#website","url":"https:\/\/dicodusport.fr\/blog\/","name":"Dicodusport","description":"L&#039;encyclop\u00e9die de l&#039;actualit\u00e9 sportive","publisher":{"@id":"https:\/\/dicodusport.fr\/blog\/#organization"},"potentialAction":[{"@type":"SearchAction","target":{"@type":"EntryPoint","urlTemplate":"https:\/\/dicodusport.fr\/blog\/?s={search_term_string}"},"query-input":{"@type":"PropertyValueSpecification","valueRequired":true,"valueName":"search_term_string"}}],"inLanguage":"fr-FR"},{"@type":"NewsMediaOrganization","@id":"https:\/\/dicodusport.fr\/blog\/#organization","name":"Dicodusport","url":"https:\/\/dicodusport.fr\/blog\/","logo":{"@type":"ImageObject","inLanguage":"fr-FR","@id":"https:\/\/dicodusport.fr\/blog\/#\/schema\/logo\/image\/","url":"https:\/\/dicodusport.fr\/blog\/wp-content\/uploads\/2020\/06\/cropped-LOGO-DICODUSPORT-2020-SANS-FOND-SANS-TEXTE.png","contentUrl":"https:\/\/dicodusport.fr\/blog\/wp-content\/uploads\/2020\/06\/cropped-LOGO-DICODUSPORT-2020-SANS-FOND-SANS-TEXTE.png","width":512,"height":512,"caption":"Dicodusport"},"image":{"@id":"https:\/\/dicodusport.fr\/blog\/#\/schema\/logo\/image\/"},"sameAs":["https:\/\/www.facebook.com\/dicodusport","https:\/\/x.com\/dicodusport","https:\/\/www.instagram.com\/dicodusport\/","https:\/\/www.youtube.com\/channel\/UC7V2KZ5sd3htJivAbA4ZG3w"],"description":"Dicodusport est l'encyclop\u00e9die de l'actualit\u00e9 sportive.","email":"bonjour@dicodusport.fr","legalName":"DICODUSPORT","foundingDate":"2018-01-14","vatID":"FR71834470973","taxID":"83447097300043","numberOfEmployees":{"@type":"QuantitativeValue","minValue":"1","maxValue":"10"}},{"@type":"Person","@id":"https:\/\/dicodusport.fr\/blog\/#\/schema\/person\/cb02af4c173ce4a653b55e9baf388d4a","name":"Flo Ostermann","image":{"@type":"ImageObject","inLanguage":"fr-FR","@id":"https:\/\/dicodusport.fr\/blog\/#\/schema\/person\/image\/","url":"https:\/\/dicodusport.fr\/blog\/wp-content\/uploads\/2021\/05\/Flo-Ostermann-150x150.jpg","contentUrl":"https:\/\/dicodusport.fr\/blog\/wp-content\/uploads\/2021\/05\/Flo-Ostermann-150x150.jpg","caption":"Flo Ostermann"},"description":"Journaliste\/R\u00e9dacteur depuis septembre 2015 - Mes premiers souvenirs dans le sport ? Les envol\u00e9es du Stade Toulousain et les duels Villeneuve-Schumacher et H\u00e4kkinen-Schumacher \u00e0 la fin des ann\u00e9es 90, la Coupe du monde de football en 1998, l\u2019exploit du XV de France face aux All Blacks en 1999, mais aussi Richard C\u0153ur de Lion qui vole sur les montagnes du Tour de France. Bien parti pour devenir professeur d\u2019EPS, les \u00e9v\u00e9nements de la vie (et la flemme d\u2019animer des s\u00e9ances de 3x500 m\u00e8tres toute ma vie) m\u2019ont conduit \u00e0 revoir mes plans. Me voil\u00e0 depuis fin 2017 sur Dicodusport, m\u00e9dia gr\u00e2ce (et pour) lequel je partage ma passion : le sport dans tous ses \u00e9tats. Le tout accompagn\u00e9 par les fous furieux et folles furieuses cit\u00e9s sur cette page !","sameAs":["https:\/\/www.facebook.com\/florent.ostermann","https:\/\/x.com\/https:\/\/twitter.com\/FlOstermann","admin"],"url":"https:\/\/dicodusport.fr\/blog\/author\/flo\/"}]}},"_links":{"self":[{"href":"https:\/\/dicodusport.fr\/blog\/wp-json\/wp\/v2\/posts\/35647","targetHints":{"allow":["GET"]}}],"collection":[{"href":"https:\/\/dicodusport.fr\/blog\/wp-json\/wp\/v2\/posts"}],"about":[{"href":"https:\/\/dicodusport.fr\/blog\/wp-json\/wp\/v2\/types\/post"}],"author":[{"embeddable":true,"href":"https:\/\/dicodusport.fr\/blog\/wp-json\/wp\/v2\/users\/4"}],"replies":[{"embeddable":true,"href":"https:\/\/dicodusport.fr\/blog\/wp-json\/wp\/v2\/comments?post=35647"}],"version-history":[{"count":0,"href":"https:\/\/dicodusport.fr\/blog\/wp-json\/wp\/v2\/posts\/35647\/revisions"}],"wp:featuredmedia":[{"embeddable":true,"href":"https:\/\/dicodusport.fr\/blog\/wp-json\/wp\/v2\/media\/35658"}],"wp:attachment":[{"href":"https:\/\/dicodusport.fr\/blog\/wp-json\/wp\/v2\/media?parent=35647"}],"wp:term":[{"taxonomy":"category","embeddable":true,"href":"https:\/\/dicodusport.fr\/blog\/wp-json\/wp\/v2\/categories?post=35647"},{"taxonomy":"post_tag","embeddable":true,"href":"https:\/\/dicodusport.fr\/blog\/wp-json\/wp\/v2\/tags?post=35647"}],"curies":[{"name":"wp","href":"https:\/\/api.w.org\/{rel}","templated":true}]}}