{"id":356522,"date":"2023-02-17T16:00:03","date_gmt":"2023-02-17T15:00:03","guid":{"rendered":"https:\/\/dicodusport.fr\/blog\/?p=356522&#038;preview=true&#038;preview_id=356522"},"modified":"2023-02-17T16:00:03","modified_gmt":"2023-02-17T15:00:03","slug":"arthur-fils-luca-van-assche-et-gabriel-debru-le-trio-qui-monte","status":"publish","type":"post","link":"https:\/\/dicodusport.fr\/blog\/arthur-fils-luca-van-assche-et-gabriel-debru-le-trio-qui-monte\/","title":{"rendered":"Arthur Fils, Luca Van Assche et Gabriel Debru : Le trio qui monte"},"content":{"rendered":"<p style=\"text-align: justify;\" align=\"justify\"><em><strong>TENNIS &#8211; Arthur Fils, Luca Van Assche et Gabriel Debru (tous trois \u00e2g\u00e9s de 18 ans ou moins), sont en train de se d\u00e9marquer des autres jeunes fran\u00e7ais et m\u00eame mondiaux. Amis en dehors des courts, ils arrivent \u00e0 se pousser entre eux afin d&rsquo;avoir la meilleure carri\u00e8re possible.<br \/>\n<\/strong><\/em><\/p>\n<p style=\"text-align: justify;\" align=\"justify\">Ils peuvent \u00eatre consid\u00e9r\u00e9s comme la rel\u00e8ve du tennis fran\u00e7ais. <strong>Arthur Fils<\/strong> (18 ans), <strong>Luca Van Assche<\/strong> (18 ans) et <strong>Gabriel Debru<\/strong> (17 ans) laissent entrevoir de belles promesses quant \u00e0 leur avenir. Debru, plus jeune d&rsquo;un an et demi que ses deux compatriotes, va disputer aujourd&rsquo;hui<a href=\"https:\/\/www.challengerdecherbourg.fr\/\"> \u00e0 Cherbourg<\/a> ce qui est d\u00e9j\u00e0 son deuxi\u00e8me quart de finale de Challenger en carri\u00e8re. Il pourrait d&rsquo;ailleurs retrouver Van Assche &#8211; qui participe aussi au tournoi &#8211; en finale si les deux y arrivent. <strong>Les destins de ces trois joueurs ne cessent de se croiser, et ce n&rsquo;est s\u00fbrement que le d\u00e9but<\/strong>.<\/p>\n<h2 style=\"text-align: justify;\" align=\"justify\">Des temps de passage excellents<\/h2>\n<p style=\"text-align: justify;\">Ils \u00e9taient<a href=\"https:\/\/dicodusport.fr\/blog\/roland-garros-luca-van-assche-s-offre-le-titre-chez-les-juniors\/\"> finalistes de Roland-Garros juniors en 2021<\/a>, et les voil\u00e0 deux ans plus tard <strong>aux portes du top 100<\/strong>. Alors qu&rsquo;ils n&rsquo;ont qu&rsquo;une saison professionnelle compl\u00e8te dans les jambes, Fils (117\u00e8me) et Van Assche (152\u00e8me) sont d\u00e9j\u00e0 dans<strong> le top 15 des meilleurs joueurs fran\u00e7ais<\/strong>. Leur pr\u00e9cocit\u00e9 est remarquable. En ce qui concerne leur g\u00e9n\u00e9ration, ils la dominent sans partage. Aucun autre joueur dans le monde n\u00e9 en 2004 ne figure dans le top 400. <strong>Ils ont un temps d&rsquo;avance sur tous leurs concurrents<\/strong>. Chez les 2005, Debru est aussi tr\u00e8s bien class\u00e9 (4\u00e8me mondial), m\u00eame s&rsquo;il est devanc\u00e9 par des ph\u00e9nom\u00e8nes comme le Chinois Junsheng Shang. Son adaptation au monde professionnel n\u00e9cessite un peu plus de temps. D&rsquo;autant plus qu&rsquo;il est arriv\u00e9 sur le circuit Challenger quasiment sans passer par le circuit interm\u00e9diaire ITF.<\/p>\n<blockquote class=\"twitter-tweet\">\n<p dir=\"ltr\" lang=\"fr\">\ud83c\uddeb\ud83c\uddf7 GABRIEL DEBRU REMPORTE ROLAND-GARROS JUNIORS \ud83c\udfc6<\/p>\n<p>\u00c0 16 ans, il succ\u00e8de \u00e0 Luca Van Assche et devient le 15\u00e8me joueur fran\u00e7ais \u00e0 remporter le tournoi juniors de <a href=\"https:\/\/twitter.com\/hashtag\/RolandGarros?src=hash&amp;ref_src=twsrc%5Etfw\">#RolandGarros<\/a> <a href=\"https:\/\/twitter.com\/gabriel_debru?ref_src=twsrc%5Etfw\">@gabriel_debru<\/a> \ud83d\udc4f<\/p>\n<p><a href=\"https:\/\/t.co\/4hWa3He1yb\">pic.twitter.com\/4hWa3He1yb<\/a><\/p>\n<p>\u2014 SPORTRICOLORE (@sportricolore) <a href=\"https:\/\/twitter.com\/sportricolore\/status\/1533076206534418432?ref_src=twsrc%5Etfw\">June 4, 2022<\/a><\/p><\/blockquote>\n<p style=\"text-align: justify;\"><script async src=\"https:\/\/platform.twitter.com\/widgets.js\" charset=\"utf-8\"><\/script><\/p>\n<p style=\"text-align: justify;\">Avec une telle r\u00e9ussite, vient forc\u00e9ment le jeu des comparaisons. Notamment celles avec leurs pr\u00e9d\u00e9cesseurs, \u00e0 savoir <strong>les Mousquetaires : Richard Gasquet, Ga\u00ebl Monfils, Jo-Wilfried Tsonga et Gilles Simon<\/strong>. Ce qui <a href=\"https:\/\/twitter.com\/Tom_Cprt\/status\/1626219662987124738\">ne d\u00e9range pas l&rsquo;a\u00een\u00e9 des trois, Luca Van Assche<\/a>, qui est<em> \u00ab content \u00bb<\/em> d&rsquo;\u00eatre compar\u00e9 \u00e0 ceux qu&rsquo;il consid\u00e8re comme <em>\u00ab des exemples \u00bb. <\/em>Pour l&rsquo;instant en tout cas,<strong> ils sont dans leurs temps, et m\u00eame mieux<\/strong>. Seul le pr\u00e9coce Gasquet avait termin\u00e9 avec un meilleur classement que Van Assche et Fils l&rsquo;ann\u00e9e de ses 18 ans. Les trois autres pointaient en dehors du top 200. Et \u00e0 l&rsquo;image de leurs a\u00een\u00e9s, les trois jeunes comptent bien se pousser entre eux pour arriver le plus haut possible.<\/p>\n<h2 style=\"text-align: justify;\" align=\"justify\">Une rivalit\u00e9 amicale et b\u00e9n\u00e9fique<\/h2>\n<p style=\"text-align: justify;\">Ces trois-l\u00e0 viennent aussi colmater <strong>un trou b\u00e9ant dans le tennis masculin fran\u00e7ais<\/strong> depuis les Mousquetaires. <strong>Lucas Pouille<\/strong> et<strong> Ugo Humbert<\/strong> sont les seuls tricolores n\u00e9s dans les ann\u00e9es 1990 \u00e0 avoir remport\u00e9 un titre ATP. Et \u00e0 avoir atteint le top 30 mondial. Et ni l&rsquo;un ni l&rsquo;autre n&rsquo;a vraiment sembl\u00e9 en mesure de remporter un titre majeur. Paul-Henri Mathieu, aujourd&rsquo;hui en charge de la jeune g\u00e9n\u00e9ration \u00e0 la FFT, <a href=\"https:\/\/www.ouest-france.fr\/sport\/tennis\/open-de-brest\/open-de-brest-paul-henri-mathieu-on-sait-qu-il-y-a-un-trou-generationnel-c87215a2-5465-11ed-8664-5bb5b5376402\">parlait r\u00e9cemment \u00e0 Ouest-France<\/a> d&rsquo;un <em>\u00ab <strong>trou g\u00e9n\u00e9rationnel<\/strong> \u00bb<\/em>, qui allait <em>\u00ab mettre quelques ann\u00e9es \u00e0 se combler. \u00bb <\/em>Ce sont donc les joueurs n\u00e9s dans les ann\u00e9es 2000 qui vont prendre le relais. Gabriel Debru est confiant sur cette g\u00e9n\u00e9ration, <a href=\"https:\/\/twitter.com\/Tom_Cprt\/status\/1625946403326271489\">comme il l&rsquo;a expliqu\u00e9 \u00e0 Cherbourg<\/a> :<\/p>\n<blockquote>\n<p style=\"text-align: justify;\">On a de la chance en France d&rsquo;avoir de tr\u00e8s bons joueurs. Pouvoir \u00eatre comp\u00e9titifs avec Arthur et Luca, outre le fait qu&rsquo;on soit amis, c&rsquo;est quand m\u00eame une bonne chose. Plein de pays r\u00eaveraient d&rsquo;avoir cette g\u00e9n\u00e9ration. On peut juste \u00eatre fiers de nous et de ce qu&rsquo;on fait.<\/p>\n<\/blockquote>\n<p style=\"text-align: justify;\">Debru, Van Assche et Fils &#8211; qui ont notamment <a href=\"https:\/\/dicodusport.fr\/blog\/tennis-la-france-championne-deurope-par-equipes-u18-pour-la-6e-fois-daffilee\/\">remport\u00e9 ensemble les championnats d&rsquo;Europe par \u00e9quipe U18 l&rsquo;\u00e9t\u00e9 dernier<\/a> &#8211; sont solidaires. <strong>Les bons r\u00e9sultats de l&rsquo;un poussent les autres \u00e0 faire pareil, voire mieux<\/strong>. Une relation b\u00e9n\u00e9fique dont a parl\u00e9 Van Assche \u00e0 Cherbourg :<\/p>\n<blockquote>\n<p style=\"text-align: justify;\">On s&rsquo;entend super bien, on a pass\u00e9 des super moments ensemble. On s&rsquo;entra\u00eene tr\u00e8s souvent ensemble, surtout avec Arthur mais aussi avec Gabriel. \u00c7a se passe tr\u00e8s bien, on essaye de se tirer vers le haut. J&rsquo;esp\u00e8re qu&rsquo;on percera tous les trois cette ann\u00e9e, et qu&rsquo;on sera le futur du tennis fran\u00e7ais.<\/p>\n<\/blockquote>\n<p style=\"text-align: justify;\">Cette volont\u00e9 de se tirer vers le haut \u00e9tait <a href=\"https:\/\/dicodusport.fr\/blog\/les-4-mousquetaires-on-nest-pas-tombes-dans-la-bonne-generation\/\">d\u00e9j\u00e0 pr\u00e9sente chez les Mousquetaires<\/a>. De plus, ils ne sont pas les seuls jeunes fran\u00e7ais \u00e0 faire parler d&rsquo;eux. Chez les 2002, <strong>Arthur Cazaux<\/strong> est en train de <a href=\"https:\/\/dicodusport.fr\/blog\/atp-challenger-2023-douzieme-victoire-daffilee-pour-arthur-cazaux\/\">performer sur le circuit Challenger et s&rsquo;approche du top 200<\/a>, tandis qu&rsquo;<strong>Harold Mayot<\/strong> et <strong>Terence Atmane<\/strong> ne sont pas loin derri\u00e8re et ont encore du potentiel \u00e0 faire valoir. Du c\u00f4t\u00e9 des 2003, <strong>Giovanni Mpetshi Perricard<\/strong>,<strong> Sacha Gueymard Wayenburg <\/strong>et<strong> Robin Bertrand<\/strong> sont tous les trois dans le top 500 mondial. Bien s\u00fbr, seuls certains d&rsquo;entre eux arriveront \u00e0 accrocher le top 100 dans leur carri\u00e8re. Mais le vivier fran\u00e7ais est talentueux et n&rsquo;a rien \u00e0 envier aux autres pays. Le tennis tricolore a encore de beaux jours devant lui.<\/p>\n<blockquote class=\"twitter-tweet\">\n<p dir=\"ltr\" lang=\"fr\">\ud83c\uddeb\ud83c\uddf7 Souvenez-vous d\u2019eux. Arthur Fils 18 ans, 258e, battu par Fognini. Luca van Assche 18 ans, 204. Sean Cuenin 18 ans, 540. Mpetshi-Perricard 19 ans, 357. Gabi Debru 16 ans, 546. Ils sont 5.<\/p>\n<p>\u00c0 18 ans Gasquet \u00e9tait 150, Monfils 370, Tsonga 400 et Simon m\u00eame pas dans les 1000.<\/p>\n<p>\u270a <a href=\"https:\/\/t.co\/AMVHHN484E\">pic.twitter.com\/AMVHHN484E<\/a><\/p>\n<p>\u2014 Benoit Maylin (@BenoitMaylin) <a href=\"https:\/\/twitter.com\/BenoitMaylin\/status\/1587488801772945409?ref_src=twsrc%5Etfw\">November 1, 2022<\/a><\/p><\/blockquote>\n<p style=\"text-align: justify;\"><script async src=\"https:\/\/platform.twitter.com\/widgets.js\" charset=\"utf-8\"><\/script><\/p>\n","protected":false},"excerpt":{"rendered":"<p>TENNIS &#8211; Arthur Fils, Luca Van Assche et Gabriel Debru (tous trois \u00e2g\u00e9s de 18 ans ou moins), sont en train de se d\u00e9marquer des autres jeunes fran\u00e7ais et m\u00eame mondiaux. Amis en dehors des courts, ils arrivent \u00e0 se pousser entre eux afin d&rsquo;avoir la meilleure carri\u00e8re possible.<\/p>\n","protected":false},"author":13,"featured_media":356678,"comment_status":"open","ping_status":"closed","sticky":false,"template":"","format":"standard","meta":{"_acf_changed":false,"_daextam_enable_autolinks":"","footnotes":""},"categories":[2302],"tags":[17250,16878,23548,17252],"class_list":["post-356522","post","type-post","status-publish","format-standard","has-post-thumbnail","hentry","category-tennis","tag-arthur-fils","tag-breve","tag-gabriel-debru","tag-luca-van-assche"],"acf":[],"yoast_head":"<!-- This site is optimized with the Yoast SEO Premium plugin v26.7 (Yoast SEO v26.7) - https:\/\/yoast.com\/wordpress\/plugins\/seo\/ -->\n<title>Arthur Fils, Luca Van Assche et Gabriel Debru : Le trio qui monte<\/title>\n<meta name=\"description\" content=\"Arthur Fils, Luca Van Assche et Gabriel Debru se d\u00e9marquent des autres jeunes. Amis en dehors des courts, ils se tirent vers le haut.\" \/>\n<meta name=\"robots\" content=\"index, follow, max-snippet:-1, max-image-preview:large, max-video-preview:-1\" \/>\n<link rel=\"canonical\" href=\"https:\/\/dicodusport.fr\/blog\/arthur-fils-luca-van-assche-et-gabriel-debru-le-trio-qui-monte\/\" \/>\n<meta property=\"og:locale\" content=\"fr_FR\" \/>\n<meta property=\"og:type\" content=\"article\" \/>\n<meta property=\"og:title\" content=\"Arthur Fils, Luca Van Assche et Gabriel Debru : Le trio qui monte\" \/>\n<meta property=\"og:description\" content=\"Arthur Fils, Luca Van Assche et Gabriel Debru se d\u00e9marquent des autres jeunes. Amis en dehors des courts, ils se tirent vers le haut.\" \/>\n<meta property=\"og:url\" content=\"https:\/\/dicodusport.fr\/blog\/arthur-fils-luca-van-assche-et-gabriel-debru-le-trio-qui-monte\/\" \/>\n<meta property=\"og:site_name\" content=\"Dicodusport\" \/>\n<meta property=\"article:publisher\" content=\"https:\/\/www.facebook.com\/dicodusport\" \/>\n<meta property=\"article:published_time\" content=\"2023-02-17T15:00:03+00:00\" \/>\n<meta property=\"og:image\" content=\"https:\/\/dicodusport.fr\/blog\/wp-content\/uploads\/2023\/02\/Arthur-Fils-Luca-Van-Assche-et-Gabriel-Debru-Le-trio-qui-monte.png\" \/>\n\t<meta property=\"og:image:width\" content=\"800\" \/>\n\t<meta property=\"og:image:height\" content=\"445\" \/>\n\t<meta property=\"og:image:type\" content=\"image\/png\" \/>\n<meta name=\"author\" content=\"Tom Compayrot\" \/>\n<meta name=\"twitter:card\" content=\"summary_large_image\" \/>\n<meta name=\"twitter:title\" content=\"Arthur Fils, Luca Van Assche et Gabriel Debru : Le trio qui monte\" \/>\n<meta name=\"twitter:creator\" content=\"@https:\/\/twitter.com\/Tom_Cprt\" \/>\n<meta name=\"twitter:site\" content=\"@dicodusport\" \/>\n<script type=\"application\/ld+json\" class=\"yoast-schema-graph\">{\"@context\":\"https:\/\/schema.org\",\"@graph\":[{\"@type\":\"NewsArticle\",\"@id\":\"https:\/\/dicodusport.fr\/blog\/arthur-fils-luca-van-assche-et-gabriel-debru-le-trio-qui-monte\/#article\",\"isPartOf\":{\"@id\":\"https:\/\/dicodusport.fr\/blog\/arthur-fils-luca-van-assche-et-gabriel-debru-le-trio-qui-monte\/\"},\"author\":{\"name\":\"Tom Compayrot\",\"@id\":\"https:\/\/dicodusport.fr\/blog\/#\/schema\/person\/bf1e4f404e108bd2be5b447b16bde9a7\"},\"headline\":\"Arthur Fils, Luca Van Assche et Gabriel Debru : Le trio qui monte\",\"datePublished\":\"2023-02-17T15:00:03+00:00\",\"mainEntityOfPage\":{\"@id\":\"https:\/\/dicodusport.fr\/blog\/arthur-fils-luca-van-assche-et-gabriel-debru-le-trio-qui-monte\/\"},\"wordCount\":972,\"commentCount\":0,\"publisher\":{\"@id\":\"https:\/\/dicodusport.fr\/blog\/#organization\"},\"image\":{\"@id\":\"https:\/\/dicodusport.fr\/blog\/arthur-fils-luca-van-assche-et-gabriel-debru-le-trio-qui-monte\/#primaryimage\"},\"thumbnailUrl\":\"https:\/\/dicodusport.fr\/blog\/wp-content\/uploads\/2023\/02\/Arthur-Fils-Luca-Van-Assche-et-Gabriel-Debru-Le-trio-qui-monte.png\",\"keywords\":[\"Arthur Fils\",\"br\u00e8ve\",\"Gabriel Debru\",\"Luca Van Assche\"],\"articleSection\":[\"Tennis\"],\"inLanguage\":\"fr-FR\",\"potentialAction\":[{\"@type\":\"CommentAction\",\"name\":\"Comment\",\"target\":[\"https:\/\/dicodusport.fr\/blog\/arthur-fils-luca-van-assche-et-gabriel-debru-le-trio-qui-monte\/#respond\"]}],\"copyrightYear\":\"2023\",\"copyrightHolder\":{\"@id\":\"https:\/\/dicodusport.fr\/blog\/#organization\"}},{\"@type\":\"WebPage\",\"@id\":\"https:\/\/dicodusport.fr\/blog\/arthur-fils-luca-van-assche-et-gabriel-debru-le-trio-qui-monte\/\",\"url\":\"https:\/\/dicodusport.fr\/blog\/arthur-fils-luca-van-assche-et-gabriel-debru-le-trio-qui-monte\/\",\"name\":\"Arthur Fils, Luca Van Assche et Gabriel Debru : Le trio qui monte\",\"isPartOf\":{\"@id\":\"https:\/\/dicodusport.fr\/blog\/#website\"},\"primaryImageOfPage\":{\"@id\":\"https:\/\/dicodusport.fr\/blog\/arthur-fils-luca-van-assche-et-gabriel-debru-le-trio-qui-monte\/#primaryimage\"},\"image\":{\"@id\":\"https:\/\/dicodusport.fr\/blog\/arthur-fils-luca-van-assche-et-gabriel-debru-le-trio-qui-monte\/#primaryimage\"},\"thumbnailUrl\":\"https:\/\/dicodusport.fr\/blog\/wp-content\/uploads\/2023\/02\/Arthur-Fils-Luca-Van-Assche-et-Gabriel-Debru-Le-trio-qui-monte.png\",\"datePublished\":\"2023-02-17T15:00:03+00:00\",\"description\":\"Arthur Fils, Luca Van Assche et Gabriel Debru se d\u00e9marquent des autres jeunes. Amis en dehors des courts, ils se tirent vers le haut.\",\"breadcrumb\":{\"@id\":\"https:\/\/dicodusport.fr\/blog\/arthur-fils-luca-van-assche-et-gabriel-debru-le-trio-qui-monte\/#breadcrumb\"},\"inLanguage\":\"fr-FR\",\"potentialAction\":[{\"@type\":\"ReadAction\",\"target\":[\"https:\/\/dicodusport.fr\/blog\/arthur-fils-luca-van-assche-et-gabriel-debru-le-trio-qui-monte\/\"]}]},{\"@type\":\"ImageObject\",\"inLanguage\":\"fr-FR\",\"@id\":\"https:\/\/dicodusport.fr\/blog\/arthur-fils-luca-van-assche-et-gabriel-debru-le-trio-qui-monte\/#primaryimage\",\"url\":\"https:\/\/dicodusport.fr\/blog\/wp-content\/uploads\/2023\/02\/Arthur-Fils-Luca-Van-Assche-et-Gabriel-Debru-Le-trio-qui-monte.png\",\"contentUrl\":\"https:\/\/dicodusport.fr\/blog\/wp-content\/uploads\/2023\/02\/Arthur-Fils-Luca-Van-Assche-et-Gabriel-Debru-Le-trio-qui-monte.png\",\"width\":800,\"height\":445,\"caption\":\"Arthur Fils, Luca Van Assche et Gabriel Debru Le trio qui monte\"},{\"@type\":\"BreadcrumbList\",\"@id\":\"https:\/\/dicodusport.fr\/blog\/arthur-fils-luca-van-assche-et-gabriel-debru-le-trio-qui-monte\/#breadcrumb\",\"itemListElement\":[{\"@type\":\"ListItem\",\"position\":1,\"name\":\"Accueil\",\"item\":\"https:\/\/dicodusport.fr\/blog\/\"},{\"@type\":\"ListItem\",\"position\":2,\"name\":\"Arthur Fils, Luca Van Assche et Gabriel Debru : Le trio qui monte\"}]},{\"@type\":\"WebSite\",\"@id\":\"https:\/\/dicodusport.fr\/blog\/#website\",\"url\":\"https:\/\/dicodusport.fr\/blog\/\",\"name\":\"Dicodusport\",\"description\":\"L&#039;encyclop\u00e9die de l&#039;actualit\u00e9 sportive\",\"publisher\":{\"@id\":\"https:\/\/dicodusport.fr\/blog\/#organization\"},\"potentialAction\":[{\"@type\":\"SearchAction\",\"target\":{\"@type\":\"EntryPoint\",\"urlTemplate\":\"https:\/\/dicodusport.fr\/blog\/?s={search_term_string}\"},\"query-input\":{\"@type\":\"PropertyValueSpecification\",\"valueRequired\":true,\"valueName\":\"search_term_string\"}}],\"inLanguage\":\"fr-FR\"},{\"@type\":\"NewsMediaOrganization\",\"@id\":\"https:\/\/dicodusport.fr\/blog\/#organization\",\"name\":\"Dicodusport\",\"url\":\"https:\/\/dicodusport.fr\/blog\/\",\"logo\":{\"@type\":\"ImageObject\",\"inLanguage\":\"fr-FR\",\"@id\":\"https:\/\/dicodusport.fr\/blog\/#\/schema\/logo\/image\/\",\"url\":\"https:\/\/dicodusport.fr\/blog\/wp-content\/uploads\/2020\/06\/cropped-LOGO-DICODUSPORT-2020-SANS-FOND-SANS-TEXTE.png\",\"contentUrl\":\"https:\/\/dicodusport.fr\/blog\/wp-content\/uploads\/2020\/06\/cropped-LOGO-DICODUSPORT-2020-SANS-FOND-SANS-TEXTE.png\",\"width\":512,\"height\":512,\"caption\":\"Dicodusport\"},\"image\":{\"@id\":\"https:\/\/dicodusport.fr\/blog\/#\/schema\/logo\/image\/\"},\"sameAs\":[\"https:\/\/www.facebook.com\/dicodusport\",\"https:\/\/x.com\/dicodusport\",\"https:\/\/www.instagram.com\/dicodusport\/\",\"https:\/\/www.youtube.com\/channel\/UC7V2KZ5sd3htJivAbA4ZG3w\"],\"description\":\"Dicodusport est l'encyclop\u00e9die de l'actualit\u00e9 sportive.\",\"email\":\"bonjour@dicodusport.fr\",\"legalName\":\"DICODUSPORT\",\"foundingDate\":\"2018-01-14\",\"vatID\":\"FR71834470973\",\"taxID\":\"83447097300043\",\"numberOfEmployees\":{\"@type\":\"QuantitativeValue\",\"minValue\":\"1\",\"maxValue\":\"10\"}},{\"@type\":\"Person\",\"@id\":\"https:\/\/dicodusport.fr\/blog\/#\/schema\/person\/bf1e4f404e108bd2be5b447b16bde9a7\",\"name\":\"Tom Compayrot\",\"image\":{\"@type\":\"ImageObject\",\"inLanguage\":\"fr-FR\",\"@id\":\"https:\/\/dicodusport.fr\/blog\/#\/schema\/person\/image\/\",\"url\":\"https:\/\/dicodusport.fr\/blog\/wp-content\/uploads\/2021\/05\/Tom-Compayrot-150x150.jpg\",\"contentUrl\":\"https:\/\/dicodusport.fr\/blog\/wp-content\/uploads\/2021\/05\/Tom-Compayrot-150x150.jpg\",\"caption\":\"Tom Compayrot\"},\"description\":\"Journaliste\/r\u00e9dacteur depuis mars 2017 - Amoureux de la petite balle jaune et du gros ballon orange qui tra\u00eene sa carcasse sur Dicodusport depuis 2017. Rafael Nadal et LeBron James sont les meilleurs joueurs de l'histoire.\",\"sameAs\":[\"https:\/\/x.com\/https:\/\/twitter.com\/Tom_Cprt\"],\"url\":\"https:\/\/dicodusport.fr\/blog\/author\/tom\/\"}]}<\/script>\n<!-- \/ Yoast SEO Premium plugin. -->","yoast_head_json":{"title":"Arthur Fils, Luca Van Assche et Gabriel Debru : Le trio qui monte","description":"Arthur Fils, Luca Van Assche et Gabriel Debru se d\u00e9marquent des autres jeunes. Amis en dehors des courts, ils se tirent vers le haut.","robots":{"index":"index","follow":"follow","max-snippet":"max-snippet:-1","max-image-preview":"max-image-preview:large","max-video-preview":"max-video-preview:-1"},"canonical":"https:\/\/dicodusport.fr\/blog\/arthur-fils-luca-van-assche-et-gabriel-debru-le-trio-qui-monte\/","og_locale":"fr_FR","og_type":"article","og_title":"Arthur Fils, Luca Van Assche et Gabriel Debru : Le trio qui monte","og_description":"Arthur Fils, Luca Van Assche et Gabriel Debru se d\u00e9marquent des autres jeunes. Amis en dehors des courts, ils se tirent vers le haut.","og_url":"https:\/\/dicodusport.fr\/blog\/arthur-fils-luca-van-assche-et-gabriel-debru-le-trio-qui-monte\/","og_site_name":"Dicodusport","article_publisher":"https:\/\/www.facebook.com\/dicodusport","article_published_time":"2023-02-17T15:00:03+00:00","og_image":[{"width":800,"height":445,"url":"https:\/\/dicodusport.fr\/blog\/wp-content\/uploads\/2023\/02\/Arthur-Fils-Luca-Van-Assche-et-Gabriel-Debru-Le-trio-qui-monte.png","type":"image\/png"}],"author":"Tom Compayrot","twitter_card":"summary_large_image","twitter_title":"Arthur Fils, Luca Van Assche et Gabriel Debru : Le trio qui monte","twitter_creator":"@https:\/\/twitter.com\/Tom_Cprt","twitter_site":"@dicodusport","schema":{"@context":"https:\/\/schema.org","@graph":[{"@type":"NewsArticle","@id":"https:\/\/dicodusport.fr\/blog\/arthur-fils-luca-van-assche-et-gabriel-debru-le-trio-qui-monte\/#article","isPartOf":{"@id":"https:\/\/dicodusport.fr\/blog\/arthur-fils-luca-van-assche-et-gabriel-debru-le-trio-qui-monte\/"},"author":{"name":"Tom Compayrot","@id":"https:\/\/dicodusport.fr\/blog\/#\/schema\/person\/bf1e4f404e108bd2be5b447b16bde9a7"},"headline":"Arthur Fils, Luca Van Assche et Gabriel Debru : Le trio qui monte","datePublished":"2023-02-17T15:00:03+00:00","mainEntityOfPage":{"@id":"https:\/\/dicodusport.fr\/blog\/arthur-fils-luca-van-assche-et-gabriel-debru-le-trio-qui-monte\/"},"wordCount":972,"commentCount":0,"publisher":{"@id":"https:\/\/dicodusport.fr\/blog\/#organization"},"image":{"@id":"https:\/\/dicodusport.fr\/blog\/arthur-fils-luca-van-assche-et-gabriel-debru-le-trio-qui-monte\/#primaryimage"},"thumbnailUrl":"https:\/\/dicodusport.fr\/blog\/wp-content\/uploads\/2023\/02\/Arthur-Fils-Luca-Van-Assche-et-Gabriel-Debru-Le-trio-qui-monte.png","keywords":["Arthur Fils","br\u00e8ve","Gabriel Debru","Luca Van Assche"],"articleSection":["Tennis"],"inLanguage":"fr-FR","potentialAction":[{"@type":"CommentAction","name":"Comment","target":["https:\/\/dicodusport.fr\/blog\/arthur-fils-luca-van-assche-et-gabriel-debru-le-trio-qui-monte\/#respond"]}],"copyrightYear":"2023","copyrightHolder":{"@id":"https:\/\/dicodusport.fr\/blog\/#organization"}},{"@type":"WebPage","@id":"https:\/\/dicodusport.fr\/blog\/arthur-fils-luca-van-assche-et-gabriel-debru-le-trio-qui-monte\/","url":"https:\/\/dicodusport.fr\/blog\/arthur-fils-luca-van-assche-et-gabriel-debru-le-trio-qui-monte\/","name":"Arthur Fils, Luca Van Assche et Gabriel Debru : Le trio qui monte","isPartOf":{"@id":"https:\/\/dicodusport.fr\/blog\/#website"},"primaryImageOfPage":{"@id":"https:\/\/dicodusport.fr\/blog\/arthur-fils-luca-van-assche-et-gabriel-debru-le-trio-qui-monte\/#primaryimage"},"image":{"@id":"https:\/\/dicodusport.fr\/blog\/arthur-fils-luca-van-assche-et-gabriel-debru-le-trio-qui-monte\/#primaryimage"},"thumbnailUrl":"https:\/\/dicodusport.fr\/blog\/wp-content\/uploads\/2023\/02\/Arthur-Fils-Luca-Van-Assche-et-Gabriel-Debru-Le-trio-qui-monte.png","datePublished":"2023-02-17T15:00:03+00:00","description":"Arthur Fils, Luca Van Assche et Gabriel Debru se d\u00e9marquent des autres jeunes. Amis en dehors des courts, ils se tirent vers le haut.","breadcrumb":{"@id":"https:\/\/dicodusport.fr\/blog\/arthur-fils-luca-van-assche-et-gabriel-debru-le-trio-qui-monte\/#breadcrumb"},"inLanguage":"fr-FR","potentialAction":[{"@type":"ReadAction","target":["https:\/\/dicodusport.fr\/blog\/arthur-fils-luca-van-assche-et-gabriel-debru-le-trio-qui-monte\/"]}]},{"@type":"ImageObject","inLanguage":"fr-FR","@id":"https:\/\/dicodusport.fr\/blog\/arthur-fils-luca-van-assche-et-gabriel-debru-le-trio-qui-monte\/#primaryimage","url":"https:\/\/dicodusport.fr\/blog\/wp-content\/uploads\/2023\/02\/Arthur-Fils-Luca-Van-Assche-et-Gabriel-Debru-Le-trio-qui-monte.png","contentUrl":"https:\/\/dicodusport.fr\/blog\/wp-content\/uploads\/2023\/02\/Arthur-Fils-Luca-Van-Assche-et-Gabriel-Debru-Le-trio-qui-monte.png","width":800,"height":445,"caption":"Arthur Fils, Luca Van Assche et Gabriel Debru Le trio qui monte"},{"@type":"BreadcrumbList","@id":"https:\/\/dicodusport.fr\/blog\/arthur-fils-luca-van-assche-et-gabriel-debru-le-trio-qui-monte\/#breadcrumb","itemListElement":[{"@type":"ListItem","position":1,"name":"Accueil","item":"https:\/\/dicodusport.fr\/blog\/"},{"@type":"ListItem","position":2,"name":"Arthur Fils, Luca Van Assche et Gabriel Debru : Le trio qui monte"}]},{"@type":"WebSite","@id":"https:\/\/dicodusport.fr\/blog\/#website","url":"https:\/\/dicodusport.fr\/blog\/","name":"Dicodusport","description":"L&#039;encyclop\u00e9die de l&#039;actualit\u00e9 sportive","publisher":{"@id":"https:\/\/dicodusport.fr\/blog\/#organization"},"potentialAction":[{"@type":"SearchAction","target":{"@type":"EntryPoint","urlTemplate":"https:\/\/dicodusport.fr\/blog\/?s={search_term_string}"},"query-input":{"@type":"PropertyValueSpecification","valueRequired":true,"valueName":"search_term_string"}}],"inLanguage":"fr-FR"},{"@type":"NewsMediaOrganization","@id":"https:\/\/dicodusport.fr\/blog\/#organization","name":"Dicodusport","url":"https:\/\/dicodusport.fr\/blog\/","logo":{"@type":"ImageObject","inLanguage":"fr-FR","@id":"https:\/\/dicodusport.fr\/blog\/#\/schema\/logo\/image\/","url":"https:\/\/dicodusport.fr\/blog\/wp-content\/uploads\/2020\/06\/cropped-LOGO-DICODUSPORT-2020-SANS-FOND-SANS-TEXTE.png","contentUrl":"https:\/\/dicodusport.fr\/blog\/wp-content\/uploads\/2020\/06\/cropped-LOGO-DICODUSPORT-2020-SANS-FOND-SANS-TEXTE.png","width":512,"height":512,"caption":"Dicodusport"},"image":{"@id":"https:\/\/dicodusport.fr\/blog\/#\/schema\/logo\/image\/"},"sameAs":["https:\/\/www.facebook.com\/dicodusport","https:\/\/x.com\/dicodusport","https:\/\/www.instagram.com\/dicodusport\/","https:\/\/www.youtube.com\/channel\/UC7V2KZ5sd3htJivAbA4ZG3w"],"description":"Dicodusport est l'encyclop\u00e9die de l'actualit\u00e9 sportive.","email":"bonjour@dicodusport.fr","legalName":"DICODUSPORT","foundingDate":"2018-01-14","vatID":"FR71834470973","taxID":"83447097300043","numberOfEmployees":{"@type":"QuantitativeValue","minValue":"1","maxValue":"10"}},{"@type":"Person","@id":"https:\/\/dicodusport.fr\/blog\/#\/schema\/person\/bf1e4f404e108bd2be5b447b16bde9a7","name":"Tom Compayrot","image":{"@type":"ImageObject","inLanguage":"fr-FR","@id":"https:\/\/dicodusport.fr\/blog\/#\/schema\/person\/image\/","url":"https:\/\/dicodusport.fr\/blog\/wp-content\/uploads\/2021\/05\/Tom-Compayrot-150x150.jpg","contentUrl":"https:\/\/dicodusport.fr\/blog\/wp-content\/uploads\/2021\/05\/Tom-Compayrot-150x150.jpg","caption":"Tom Compayrot"},"description":"Journaliste\/r\u00e9dacteur depuis mars 2017 - Amoureux de la petite balle jaune et du gros ballon orange qui tra\u00eene sa carcasse sur Dicodusport depuis 2017. Rafael Nadal et LeBron James sont les meilleurs joueurs de l'histoire.","sameAs":["https:\/\/x.com\/https:\/\/twitter.com\/Tom_Cprt"],"url":"https:\/\/dicodusport.fr\/blog\/author\/tom\/"}]}},"_links":{"self":[{"href":"https:\/\/dicodusport.fr\/blog\/wp-json\/wp\/v2\/posts\/356522","targetHints":{"allow":["GET"]}}],"collection":[{"href":"https:\/\/dicodusport.fr\/blog\/wp-json\/wp\/v2\/posts"}],"about":[{"href":"https:\/\/dicodusport.fr\/blog\/wp-json\/wp\/v2\/types\/post"}],"author":[{"embeddable":true,"href":"https:\/\/dicodusport.fr\/blog\/wp-json\/wp\/v2\/users\/13"}],"replies":[{"embeddable":true,"href":"https:\/\/dicodusport.fr\/blog\/wp-json\/wp\/v2\/comments?post=356522"}],"version-history":[{"count":0,"href":"https:\/\/dicodusport.fr\/blog\/wp-json\/wp\/v2\/posts\/356522\/revisions"}],"wp:featuredmedia":[{"embeddable":true,"href":"https:\/\/dicodusport.fr\/blog\/wp-json\/wp\/v2\/media\/356678"}],"wp:attachment":[{"href":"https:\/\/dicodusport.fr\/blog\/wp-json\/wp\/v2\/media?parent=356522"}],"wp:term":[{"taxonomy":"category","embeddable":true,"href":"https:\/\/dicodusport.fr\/blog\/wp-json\/wp\/v2\/categories?post=356522"},{"taxonomy":"post_tag","embeddable":true,"href":"https:\/\/dicodusport.fr\/blog\/wp-json\/wp\/v2\/tags?post=356522"}],"curies":[{"name":"wp","href":"https:\/\/api.w.org\/{rel}","templated":true}]}}