{"id":35653,"date":"2019-03-20T17:00:57","date_gmt":"2019-03-20T16:00:57","guid":{"rendered":"http:\/\/dicodusport.fr\/blog\/?p=35653"},"modified":"2019-03-21T08:04:15","modified_gmt":"2019-03-21T07:04:15","slug":"amandine-henry-une-capitaine-en-mission","status":"publish","type":"post","link":"https:\/\/dicodusport.fr\/blog\/amandine-henry-une-capitaine-en-mission\/","title":{"rendered":"Amandine Henry, une capitaine en mission"},"content":{"rendered":"<p style=\"text-align: justify;\"><em><strong>A moins de trois mois du coup d\u2019envoi de la Coupe du Monde F\u00e9minine en France, coup de projecteur sur la capitaine de l\u2019\u00e9quipe de France, <a href=\"https:\/\/dicodusport.fr\/blog\/quiz-connaissez-vous-amandine-henry\/\" target=\"_blank\" rel=\"noopener\">Amandine Henry<\/a>.<\/strong><\/em><\/p>\n<p style=\"text-align: justify;\">A 29 ans, elle est une figure embl\u00e9matique de l\u2019\u00e9quipe de France. Du haut de ses 51 s\u00e9lections (et 6 buts au compteur), la s\u00e9lectionneuse Corinne Diacre en a fait sa capitaine pour tenter d\u2019aller conqu\u00e9rir ce titre mondial en France d\u00e8s le mois de juin prochain.<\/p>\n<p style=\"text-align: justify;\">Ce serait une nouvelle ligne \u00e0 inscrire dans le palmar\u00e8s d\u00e9j\u00e0 tr\u00e8s bien garni d\u2019Amandine Henry. En effet, l\u2019actuelle joueuse de l\u2019Olympique Lyonnais poss\u00e8de, \u00e0 seulement 29 ans, dix titres de championne de France avec Lyon (entre 2008 et 2018), cinq victoires en Coupe de France et quatre titres europ\u00e9ens en remportant la Ligue des Champions. Un palmar\u00e8s en club impressionnant mais qui reste toujours vierge en s\u00e9lection. Une anomalie que la joueuse lyonnaise esp\u00e8re bien rectifier d\u2019ici quelques semaines.<\/p>\n<div id=\"attachment_35655\" style=\"width: 778px\" class=\"wp-caption aligncenter\"><img loading=\"lazy\" decoding=\"async\" aria-describedby=\"caption-attachment-35655\" class=\"size-full wp-image-35655\" src=\"http:\/\/dicodusport.fr\/blog\/wp-content\/uploads\/2019\/03\/La-Franc\u0327aise-espe\u0300re-apporter-a\u0300-le\u0301quipe-de-France-sa-premie\u0300re-e\u0301toile-VSD.jpeg\" alt=\"\" width=\"768\" height=\"570\" srcset=\"https:\/\/dicodusport.fr\/blog\/wp-content\/uploads\/2019\/03\/La-Franc\u0327aise-espe\u0300re-apporter-a\u0300-le\u0301quipe-de-France-sa-premie\u0300re-e\u0301toile-VSD.jpeg 768w, https:\/\/dicodusport.fr\/blog\/wp-content\/uploads\/2019\/03\/La-Franc\u0327aise-espe\u0300re-apporter-a\u0300-le\u0301quipe-de-France-sa-premie\u0300re-e\u0301toile-VSD-300x223.jpeg 300w\" sizes=\"auto, (max-width: 768px) 100vw, 768px\" \/><p id=\"caption-attachment-35655\" class=\"wp-caption-text\">La Franc\u0327aise espe\u0300re apporter a\u0300 l&rsquo;e\u0301quipe de France sa premie\u0300re e\u0301toile &#8211; AFP<\/p><\/div>\n<h1 style=\"text-align: justify;\">Une aventure am\u00e9ricaine b\u00e9n\u00e9fique<\/h1>\n<p style=\"text-align: justify;\">\u00c9l\u00e9ment devenu indispensable en s\u00e9lection depuis 2014 et le passage de Philippe Bergeroo \u00e0 la t\u00eate de la s\u00e9lection fran\u00e7aise, la Lilloise d\u2019origine a su se faire un nom sur la plan\u00e8te football ces derni\u00e8res ann\u00e9es, et notamment suite \u00e0 son aventure am\u00e9ricaine en 2016. Alors joueuse de l\u2019Olympique Lyonnais et \u00e9l\u00e9ment majeur de cette \u00e9quipe, elle d\u00e9cide d\u2019aller se confronter \u00e0 ce qui se fait de mieux lorsque l\u2019on parle de football f\u00e9minin, \u00e0 savoir le championnat des \u00c9tats-Unis, la National Women\u2019s Soccer League.<\/p>\n<div id=\"attachment_35654\" style=\"width: 670px\" class=\"wp-caption aligncenter\"><img loading=\"lazy\" decoding=\"async\" aria-describedby=\"caption-attachment-35654\" class=\"size-large wp-image-35654\" src=\"http:\/\/dicodusport.fr\/blog\/wp-content\/uploads\/2019\/03\/Amandine-Henry-sous-le-maillot-de-Portland-My-Football-Club-1024x441.jpg\" alt=\"\" width=\"660\" height=\"284\" srcset=\"https:\/\/dicodusport.fr\/blog\/wp-content\/uploads\/2019\/03\/Amandine-Henry-sous-le-maillot-de-Portland-My-Football-Club-1024x441.jpg 1024w, https:\/\/dicodusport.fr\/blog\/wp-content\/uploads\/2019\/03\/Amandine-Henry-sous-le-maillot-de-Portland-My-Football-Club-300x129.jpg 300w, https:\/\/dicodusport.fr\/blog\/wp-content\/uploads\/2019\/03\/Amandine-Henry-sous-le-maillot-de-Portland-My-Football-Club-768x331.jpg 768w, https:\/\/dicodusport.fr\/blog\/wp-content\/uploads\/2019\/03\/Amandine-Henry-sous-le-maillot-de-Portland-My-Football-Club.jpg 1065w\" sizes=\"auto, (max-width: 660px) 100vw, 660px\" \/><p id=\"caption-attachment-35654\" class=\"wp-caption-text\">Amandine Henry sous le maillot de Portland &#8211; My Football Club<\/p><\/div>\n<p style=\"text-align: justify;\">Tr\u00e8s rapidement, Amandine Henry se fait sa place dans le onze de d\u00e9part de la formation des Portland Thorns, au poste de milieu d\u00e9fensif. Sa premi\u00e8re et unique saison au sein de ce championnat sera marqu\u00e9e par un titre de championne des \u00c9tats-Unis et une exp\u00e9rience \u00e0 la fois sportive et humaine. Elle reviendra d\u00e8s la fin d\u2019ann\u00e9e 2017 \u00e0 l\u2019Olympique Lyonnais pour poursuivre son aventure chez les Gones et continuer de dominer le football fran\u00e7ais.<\/p>\n<p style=\"text-align: justify;\">Nomm\u00e9e pour le Ballon d\u2019or f\u00e9minin France Football en 2018, Amandine Henry fait actuellement partie des meilleures joueuses mondiales. Nul doute qu\u2019elle aimerait maintenant pouvoir enrichir son palmar\u00e8s d\u2019un titre de championne du monde et de mener la s\u00e9lection tricolore sur le toit du monde dans quelques semaines.<\/p>\n<p><strong><em>Bastien Pitte<br \/>\n<a href=\"https:\/\/www.facebook.com\/bastien.pitte\" target=\"_blank\" rel=\"noopener\"><img loading=\"lazy\" decoding=\"async\" class=\"alignnone wp-image-2909\" src=\"http:\/\/dicodusport.fr\/blog\/wp-content\/uploads\/2017\/07\/logo-facebook-150x150.png\" alt=\"\" width=\"39\" height=\"39\" \/><\/a><\/em><\/strong><a href=\"https:\/\/www.linkedin.com\/in\/bastien-pitte\" target=\"_blank\" rel=\"noopener\"><img loading=\"lazy\" decoding=\"async\" class=\"alignnone wp-image-3711\" src=\"http:\/\/dicodusport.fr\/blog\/wp-content\/uploads\/2017\/08\/signature-linkedin-150x150.png\" alt=\"\" width=\"39\" height=\"39\" srcset=\"https:\/\/dicodusport.fr\/blog\/wp-content\/uploads\/2017\/08\/signature-linkedin-150x150.png 150w, https:\/\/dicodusport.fr\/blog\/wp-content\/uploads\/2017\/08\/signature-linkedin.png 295w\" sizes=\"auto, (max-width: 39px) 100vw, 39px\" \/><\/a><\/p>\n","protected":false},"excerpt":{"rendered":"<p>A moins de trois mois du coup d\u2019envoi de la Coupe du Monde F\u00e9minine en France, coup de projecteur sur la capitaine de l\u2019\u00e9quipe de France, Amandine Henry.<\/p>\n","protected":false},"author":28,"featured_media":35681,"comment_status":"open","ping_status":"closed","sticky":false,"template":"","format":"standard","meta":{"_acf_changed":false,"_daextam_enable_autolinks":"","footnotes":""},"categories":[2,2301],"tags":[3683,7479,7104,75,1146],"class_list":["post-35653","post","type-post","status-publish","format-standard","has-post-thumbnail","hentry","category-actualites","category-football","tag-amandine-henry","tag-corinne-diacre","tag-equipe-de-france-feminine","tag-football","tag-olympique-lyonnais"],"acf":[],"yoast_head":"<!-- This site is optimized with the Yoast SEO Premium plugin v26.7 (Yoast SEO v26.7) - https:\/\/yoast.com\/wordpress\/plugins\/seo\/ -->\n<title>Amandine Henry, une capitaine en mission<\/title>\n<meta name=\"description\" content=\"A moins de trois mois du coup d\u2019envoi de la Coupe du monde F\u00e9minine en France, coup de projecteur sur la capitaine de l\u2019\u00e9quipe de France, Amandine Henry.\" \/>\n<meta name=\"robots\" content=\"index, follow, max-snippet:-1, max-image-preview:large, max-video-preview:-1\" \/>\n<link rel=\"canonical\" href=\"https:\/\/dicodusport.fr\/blog\/amandine-henry-une-capitaine-en-mission\/\" \/>\n<meta property=\"og:locale\" content=\"fr_FR\" \/>\n<meta property=\"og:type\" content=\"article\" \/>\n<meta property=\"og:title\" content=\"Amandine Henry, une capitaine en mission\" \/>\n<meta property=\"og:description\" content=\"A moins de trois mois du coup d\u2019envoi de la Coupe du monde F\u00e9minine en France, coup de projecteur sur la capitaine de l\u2019\u00e9quipe de France, Amandine Henry.\" \/>\n<meta property=\"og:url\" content=\"https:\/\/dicodusport.fr\/blog\/amandine-henry-une-capitaine-en-mission\/\" \/>\n<meta property=\"og:site_name\" content=\"Dicodusport\" \/>\n<meta property=\"article:publisher\" content=\"https:\/\/www.facebook.com\/dicodusport\" \/>\n<meta property=\"article:published_time\" content=\"2019-03-20T16:00:57+00:00\" \/>\n<meta property=\"article:modified_time\" content=\"2019-03-21T07:04:15+00:00\" \/>\n<meta property=\"og:image\" content=\"https:\/\/dicodusport.fr\/blog\/wp-content\/uploads\/2019\/03\/Amandine-Henry-OL-Coupe-du-monde-2019.png\" \/>\n\t<meta property=\"og:image:width\" content=\"800\" \/>\n\t<meta property=\"og:image:height\" content=\"445\" \/>\n\t<meta property=\"og:image:type\" content=\"image\/png\" \/>\n<meta name=\"author\" content=\"Bastien Pitte\" \/>\n<meta name=\"twitter:card\" content=\"summary_large_image\" \/>\n<meta name=\"twitter:creator\" content=\"@dicodusport\" \/>\n<meta name=\"twitter:site\" content=\"@dicodusport\" \/>\n<script type=\"application\/ld+json\" class=\"yoast-schema-graph\">{\"@context\":\"https:\/\/schema.org\",\"@graph\":[{\"@type\":\"NewsArticle\",\"@id\":\"https:\/\/dicodusport.fr\/blog\/amandine-henry-une-capitaine-en-mission\/#article\",\"isPartOf\":{\"@id\":\"https:\/\/dicodusport.fr\/blog\/amandine-henry-une-capitaine-en-mission\/\"},\"author\":{\"name\":\"Bastien Pitte\",\"@id\":\"https:\/\/dicodusport.fr\/blog\/#\/schema\/person\/0d3ca824646a2d0c77bdd7e45230c071\"},\"headline\":\"Amandine Henry, une capitaine en mission\",\"datePublished\":\"2019-03-20T16:00:57+00:00\",\"dateModified\":\"2019-03-21T07:04:15+00:00\",\"mainEntityOfPage\":{\"@id\":\"https:\/\/dicodusport.fr\/blog\/amandine-henry-une-capitaine-en-mission\/\"},\"wordCount\":462,\"commentCount\":0,\"publisher\":{\"@id\":\"https:\/\/dicodusport.fr\/blog\/#organization\"},\"image\":{\"@id\":\"https:\/\/dicodusport.fr\/blog\/amandine-henry-une-capitaine-en-mission\/#primaryimage\"},\"thumbnailUrl\":\"https:\/\/dicodusport.fr\/blog\/wp-content\/uploads\/2019\/03\/Amandine-Henry-OL-Coupe-du-monde-2019.png\",\"keywords\":[\"Amandine Henry\",\"Corinne Diacre\",\"Equipe de France f\u00e9minine\",\"Football\",\"Olympique lyonnais\"],\"articleSection\":[\"Actualit\u00e9s\",\"Football\"],\"inLanguage\":\"fr-FR\",\"potentialAction\":[{\"@type\":\"CommentAction\",\"name\":\"Comment\",\"target\":[\"https:\/\/dicodusport.fr\/blog\/amandine-henry-une-capitaine-en-mission\/#respond\"]}],\"copyrightYear\":\"2019\",\"copyrightHolder\":{\"@id\":\"https:\/\/dicodusport.fr\/blog\/#organization\"}},{\"@type\":\"WebPage\",\"@id\":\"https:\/\/dicodusport.fr\/blog\/amandine-henry-une-capitaine-en-mission\/\",\"url\":\"https:\/\/dicodusport.fr\/blog\/amandine-henry-une-capitaine-en-mission\/\",\"name\":\"Amandine Henry, une capitaine en mission\",\"isPartOf\":{\"@id\":\"https:\/\/dicodusport.fr\/blog\/#website\"},\"primaryImageOfPage\":{\"@id\":\"https:\/\/dicodusport.fr\/blog\/amandine-henry-une-capitaine-en-mission\/#primaryimage\"},\"image\":{\"@id\":\"https:\/\/dicodusport.fr\/blog\/amandine-henry-une-capitaine-en-mission\/#primaryimage\"},\"thumbnailUrl\":\"https:\/\/dicodusport.fr\/blog\/wp-content\/uploads\/2019\/03\/Amandine-Henry-OL-Coupe-du-monde-2019.png\",\"datePublished\":\"2019-03-20T16:00:57+00:00\",\"dateModified\":\"2019-03-21T07:04:15+00:00\",\"description\":\"A moins de trois mois du coup d\u2019envoi de la Coupe du monde F\u00e9minine en France, coup de projecteur sur la capitaine de l\u2019\u00e9quipe de France, Amandine Henry.\",\"breadcrumb\":{\"@id\":\"https:\/\/dicodusport.fr\/blog\/amandine-henry-une-capitaine-en-mission\/#breadcrumb\"},\"inLanguage\":\"fr-FR\",\"potentialAction\":[{\"@type\":\"ReadAction\",\"target\":[\"https:\/\/dicodusport.fr\/blog\/amandine-henry-une-capitaine-en-mission\/\"]}]},{\"@type\":\"ImageObject\",\"inLanguage\":\"fr-FR\",\"@id\":\"https:\/\/dicodusport.fr\/blog\/amandine-henry-une-capitaine-en-mission\/#primaryimage\",\"url\":\"https:\/\/dicodusport.fr\/blog\/wp-content\/uploads\/2019\/03\/Amandine-Henry-OL-Coupe-du-monde-2019.png\",\"contentUrl\":\"https:\/\/dicodusport.fr\/blog\/wp-content\/uploads\/2019\/03\/Amandine-Henry-OL-Coupe-du-monde-2019.png\",\"width\":800,\"height\":445},{\"@type\":\"BreadcrumbList\",\"@id\":\"https:\/\/dicodusport.fr\/blog\/amandine-henry-une-capitaine-en-mission\/#breadcrumb\",\"itemListElement\":[{\"@type\":\"ListItem\",\"position\":1,\"name\":\"Accueil\",\"item\":\"https:\/\/dicodusport.fr\/blog\/\"},{\"@type\":\"ListItem\",\"position\":2,\"name\":\"Amandine Henry, une capitaine en mission\"}]},{\"@type\":\"WebSite\",\"@id\":\"https:\/\/dicodusport.fr\/blog\/#website\",\"url\":\"https:\/\/dicodusport.fr\/blog\/\",\"name\":\"Dicodusport\",\"description\":\"L&#039;encyclop\u00e9die de l&#039;actualit\u00e9 sportive\",\"publisher\":{\"@id\":\"https:\/\/dicodusport.fr\/blog\/#organization\"},\"potentialAction\":[{\"@type\":\"SearchAction\",\"target\":{\"@type\":\"EntryPoint\",\"urlTemplate\":\"https:\/\/dicodusport.fr\/blog\/?s={search_term_string}\"},\"query-input\":{\"@type\":\"PropertyValueSpecification\",\"valueRequired\":true,\"valueName\":\"search_term_string\"}}],\"inLanguage\":\"fr-FR\"},{\"@type\":\"NewsMediaOrganization\",\"@id\":\"https:\/\/dicodusport.fr\/blog\/#organization\",\"name\":\"Dicodusport\",\"url\":\"https:\/\/dicodusport.fr\/blog\/\",\"logo\":{\"@type\":\"ImageObject\",\"inLanguage\":\"fr-FR\",\"@id\":\"https:\/\/dicodusport.fr\/blog\/#\/schema\/logo\/image\/\",\"url\":\"https:\/\/dicodusport.fr\/blog\/wp-content\/uploads\/2020\/06\/cropped-LOGO-DICODUSPORT-2020-SANS-FOND-SANS-TEXTE.png\",\"contentUrl\":\"https:\/\/dicodusport.fr\/blog\/wp-content\/uploads\/2020\/06\/cropped-LOGO-DICODUSPORT-2020-SANS-FOND-SANS-TEXTE.png\",\"width\":512,\"height\":512,\"caption\":\"Dicodusport\"},\"image\":{\"@id\":\"https:\/\/dicodusport.fr\/blog\/#\/schema\/logo\/image\/\"},\"sameAs\":[\"https:\/\/www.facebook.com\/dicodusport\",\"https:\/\/x.com\/dicodusport\",\"https:\/\/www.instagram.com\/dicodusport\/\",\"https:\/\/www.youtube.com\/channel\/UC7V2KZ5sd3htJivAbA4ZG3w\"],\"description\":\"Dicodusport est l'encyclop\u00e9die de l'actualit\u00e9 sportive.\",\"email\":\"bonjour@dicodusport.fr\",\"legalName\":\"DICODUSPORT\",\"foundingDate\":\"2018-01-14\",\"vatID\":\"FR71834470973\",\"taxID\":\"83447097300043\",\"numberOfEmployees\":{\"@type\":\"QuantitativeValue\",\"minValue\":\"1\",\"maxValue\":\"10\"}},{\"@type\":\"Person\",\"@id\":\"https:\/\/dicodusport.fr\/blog\/#\/schema\/person\/0d3ca824646a2d0c77bdd7e45230c071\",\"name\":\"Bastien Pitte\",\"image\":{\"@type\":\"ImageObject\",\"inLanguage\":\"fr-FR\",\"@id\":\"https:\/\/dicodusport.fr\/blog\/#\/schema\/person\/image\/\",\"url\":\"https:\/\/dicodusport.fr\/blog\/wp-content\/uploads\/2020\/06\/cropped-LOGO-DICODUSPORT-2020-SANS-FOND-SANS-TEXTE-150x150.png\",\"contentUrl\":\"https:\/\/dicodusport.fr\/blog\/wp-content\/uploads\/2020\/06\/cropped-LOGO-DICODUSPORT-2020-SANS-FOND-SANS-TEXTE-150x150.png\",\"caption\":\"Bastien Pitte\"},\"url\":\"https:\/\/dicodusport.fr\/blog\/author\/bastien\/\"}]}<\/script>\n<!-- \/ Yoast SEO Premium plugin. -->","yoast_head_json":{"title":"Amandine Henry, une capitaine en mission","description":"A moins de trois mois du coup d\u2019envoi de la Coupe du monde F\u00e9minine en France, coup de projecteur sur la capitaine de l\u2019\u00e9quipe de France, Amandine Henry.","robots":{"index":"index","follow":"follow","max-snippet":"max-snippet:-1","max-image-preview":"max-image-preview:large","max-video-preview":"max-video-preview:-1"},"canonical":"https:\/\/dicodusport.fr\/blog\/amandine-henry-une-capitaine-en-mission\/","og_locale":"fr_FR","og_type":"article","og_title":"Amandine Henry, une capitaine en mission","og_description":"A moins de trois mois du coup d\u2019envoi de la Coupe du monde F\u00e9minine en France, coup de projecteur sur la capitaine de l\u2019\u00e9quipe de France, Amandine Henry.","og_url":"https:\/\/dicodusport.fr\/blog\/amandine-henry-une-capitaine-en-mission\/","og_site_name":"Dicodusport","article_publisher":"https:\/\/www.facebook.com\/dicodusport","article_published_time":"2019-03-20T16:00:57+00:00","article_modified_time":"2019-03-21T07:04:15+00:00","og_image":[{"width":800,"height":445,"url":"https:\/\/dicodusport.fr\/blog\/wp-content\/uploads\/2019\/03\/Amandine-Henry-OL-Coupe-du-monde-2019.png","type":"image\/png"}],"author":"Bastien Pitte","twitter_card":"summary_large_image","twitter_creator":"@dicodusport","twitter_site":"@dicodusport","schema":{"@context":"https:\/\/schema.org","@graph":[{"@type":"NewsArticle","@id":"https:\/\/dicodusport.fr\/blog\/amandine-henry-une-capitaine-en-mission\/#article","isPartOf":{"@id":"https:\/\/dicodusport.fr\/blog\/amandine-henry-une-capitaine-en-mission\/"},"author":{"name":"Bastien Pitte","@id":"https:\/\/dicodusport.fr\/blog\/#\/schema\/person\/0d3ca824646a2d0c77bdd7e45230c071"},"headline":"Amandine Henry, une capitaine en mission","datePublished":"2019-03-20T16:00:57+00:00","dateModified":"2019-03-21T07:04:15+00:00","mainEntityOfPage":{"@id":"https:\/\/dicodusport.fr\/blog\/amandine-henry-une-capitaine-en-mission\/"},"wordCount":462,"commentCount":0,"publisher":{"@id":"https:\/\/dicodusport.fr\/blog\/#organization"},"image":{"@id":"https:\/\/dicodusport.fr\/blog\/amandine-henry-une-capitaine-en-mission\/#primaryimage"},"thumbnailUrl":"https:\/\/dicodusport.fr\/blog\/wp-content\/uploads\/2019\/03\/Amandine-Henry-OL-Coupe-du-monde-2019.png","keywords":["Amandine Henry","Corinne Diacre","Equipe de France f\u00e9minine","Football","Olympique lyonnais"],"articleSection":["Actualit\u00e9s","Football"],"inLanguage":"fr-FR","potentialAction":[{"@type":"CommentAction","name":"Comment","target":["https:\/\/dicodusport.fr\/blog\/amandine-henry-une-capitaine-en-mission\/#respond"]}],"copyrightYear":"2019","copyrightHolder":{"@id":"https:\/\/dicodusport.fr\/blog\/#organization"}},{"@type":"WebPage","@id":"https:\/\/dicodusport.fr\/blog\/amandine-henry-une-capitaine-en-mission\/","url":"https:\/\/dicodusport.fr\/blog\/amandine-henry-une-capitaine-en-mission\/","name":"Amandine Henry, une capitaine en mission","isPartOf":{"@id":"https:\/\/dicodusport.fr\/blog\/#website"},"primaryImageOfPage":{"@id":"https:\/\/dicodusport.fr\/blog\/amandine-henry-une-capitaine-en-mission\/#primaryimage"},"image":{"@id":"https:\/\/dicodusport.fr\/blog\/amandine-henry-une-capitaine-en-mission\/#primaryimage"},"thumbnailUrl":"https:\/\/dicodusport.fr\/blog\/wp-content\/uploads\/2019\/03\/Amandine-Henry-OL-Coupe-du-monde-2019.png","datePublished":"2019-03-20T16:00:57+00:00","dateModified":"2019-03-21T07:04:15+00:00","description":"A moins de trois mois du coup d\u2019envoi de la Coupe du monde F\u00e9minine en France, coup de projecteur sur la capitaine de l\u2019\u00e9quipe de France, Amandine Henry.","breadcrumb":{"@id":"https:\/\/dicodusport.fr\/blog\/amandine-henry-une-capitaine-en-mission\/#breadcrumb"},"inLanguage":"fr-FR","potentialAction":[{"@type":"ReadAction","target":["https:\/\/dicodusport.fr\/blog\/amandine-henry-une-capitaine-en-mission\/"]}]},{"@type":"ImageObject","inLanguage":"fr-FR","@id":"https:\/\/dicodusport.fr\/blog\/amandine-henry-une-capitaine-en-mission\/#primaryimage","url":"https:\/\/dicodusport.fr\/blog\/wp-content\/uploads\/2019\/03\/Amandine-Henry-OL-Coupe-du-monde-2019.png","contentUrl":"https:\/\/dicodusport.fr\/blog\/wp-content\/uploads\/2019\/03\/Amandine-Henry-OL-Coupe-du-monde-2019.png","width":800,"height":445},{"@type":"BreadcrumbList","@id":"https:\/\/dicodusport.fr\/blog\/amandine-henry-une-capitaine-en-mission\/#breadcrumb","itemListElement":[{"@type":"ListItem","position":1,"name":"Accueil","item":"https:\/\/dicodusport.fr\/blog\/"},{"@type":"ListItem","position":2,"name":"Amandine Henry, une capitaine en mission"}]},{"@type":"WebSite","@id":"https:\/\/dicodusport.fr\/blog\/#website","url":"https:\/\/dicodusport.fr\/blog\/","name":"Dicodusport","description":"L&#039;encyclop\u00e9die de l&#039;actualit\u00e9 sportive","publisher":{"@id":"https:\/\/dicodusport.fr\/blog\/#organization"},"potentialAction":[{"@type":"SearchAction","target":{"@type":"EntryPoint","urlTemplate":"https:\/\/dicodusport.fr\/blog\/?s={search_term_string}"},"query-input":{"@type":"PropertyValueSpecification","valueRequired":true,"valueName":"search_term_string"}}],"inLanguage":"fr-FR"},{"@type":"NewsMediaOrganization","@id":"https:\/\/dicodusport.fr\/blog\/#organization","name":"Dicodusport","url":"https:\/\/dicodusport.fr\/blog\/","logo":{"@type":"ImageObject","inLanguage":"fr-FR","@id":"https:\/\/dicodusport.fr\/blog\/#\/schema\/logo\/image\/","url":"https:\/\/dicodusport.fr\/blog\/wp-content\/uploads\/2020\/06\/cropped-LOGO-DICODUSPORT-2020-SANS-FOND-SANS-TEXTE.png","contentUrl":"https:\/\/dicodusport.fr\/blog\/wp-content\/uploads\/2020\/06\/cropped-LOGO-DICODUSPORT-2020-SANS-FOND-SANS-TEXTE.png","width":512,"height":512,"caption":"Dicodusport"},"image":{"@id":"https:\/\/dicodusport.fr\/blog\/#\/schema\/logo\/image\/"},"sameAs":["https:\/\/www.facebook.com\/dicodusport","https:\/\/x.com\/dicodusport","https:\/\/www.instagram.com\/dicodusport\/","https:\/\/www.youtube.com\/channel\/UC7V2KZ5sd3htJivAbA4ZG3w"],"description":"Dicodusport est l'encyclop\u00e9die de l'actualit\u00e9 sportive.","email":"bonjour@dicodusport.fr","legalName":"DICODUSPORT","foundingDate":"2018-01-14","vatID":"FR71834470973","taxID":"83447097300043","numberOfEmployees":{"@type":"QuantitativeValue","minValue":"1","maxValue":"10"}},{"@type":"Person","@id":"https:\/\/dicodusport.fr\/blog\/#\/schema\/person\/0d3ca824646a2d0c77bdd7e45230c071","name":"Bastien Pitte","image":{"@type":"ImageObject","inLanguage":"fr-FR","@id":"https:\/\/dicodusport.fr\/blog\/#\/schema\/person\/image\/","url":"https:\/\/dicodusport.fr\/blog\/wp-content\/uploads\/2020\/06\/cropped-LOGO-DICODUSPORT-2020-SANS-FOND-SANS-TEXTE-150x150.png","contentUrl":"https:\/\/dicodusport.fr\/blog\/wp-content\/uploads\/2020\/06\/cropped-LOGO-DICODUSPORT-2020-SANS-FOND-SANS-TEXTE-150x150.png","caption":"Bastien Pitte"},"url":"https:\/\/dicodusport.fr\/blog\/author\/bastien\/"}]}},"_links":{"self":[{"href":"https:\/\/dicodusport.fr\/blog\/wp-json\/wp\/v2\/posts\/35653","targetHints":{"allow":["GET"]}}],"collection":[{"href":"https:\/\/dicodusport.fr\/blog\/wp-json\/wp\/v2\/posts"}],"about":[{"href":"https:\/\/dicodusport.fr\/blog\/wp-json\/wp\/v2\/types\/post"}],"author":[{"embeddable":true,"href":"https:\/\/dicodusport.fr\/blog\/wp-json\/wp\/v2\/users\/28"}],"replies":[{"embeddable":true,"href":"https:\/\/dicodusport.fr\/blog\/wp-json\/wp\/v2\/comments?post=35653"}],"version-history":[{"count":0,"href":"https:\/\/dicodusport.fr\/blog\/wp-json\/wp\/v2\/posts\/35653\/revisions"}],"wp:featuredmedia":[{"embeddable":true,"href":"https:\/\/dicodusport.fr\/blog\/wp-json\/wp\/v2\/media\/35681"}],"wp:attachment":[{"href":"https:\/\/dicodusport.fr\/blog\/wp-json\/wp\/v2\/media?parent=35653"}],"wp:term":[{"taxonomy":"category","embeddable":true,"href":"https:\/\/dicodusport.fr\/blog\/wp-json\/wp\/v2\/categories?post=35653"},{"taxonomy":"post_tag","embeddable":true,"href":"https:\/\/dicodusport.fr\/blog\/wp-json\/wp\/v2\/tags?post=35653"}],"curies":[{"name":"wp","href":"https:\/\/api.w.org\/{rel}","templated":true}]}}