{"id":356659,"date":"2023-02-19T16:54:34","date_gmt":"2023-02-19T15:54:34","guid":{"rendered":"https:\/\/dicodusport.fr\/blog\/?p=356659&#038;preview=true&#038;preview_id=356659"},"modified":"2023-02-19T19:04:29","modified_gmt":"2023-02-19T18:04:29","slug":"tour-des-alpes-maritimes-et-du-var-2023-classement-general","status":"publish","type":"post","link":"https:\/\/dicodusport.fr\/blog\/tour-des-alpes-maritimes-et-du-var-2023-classement-general\/","title":{"rendered":"Tour des Alpes-Maritimes et du Var 2023 &#8211; Classement g\u00e9n\u00e9ral"},"content":{"rendered":"<p style=\"text-align: justify;\"><em><strong><a href=\"https:\/\/dicodusport.fr\/blog\/actualites\/cyclisme\/cyclisme-sur-route-2023\/\">CYCLISME SUR ROUTE 2023<\/a> &#8211; D\u00e9couvrez le classement g\u00e9n\u00e9ral (top 20) du <a href=\"https:\/\/dicodusport.fr\/blog\/tour-des-alpes-maritimes-et-du-var-2023-parcours-et-favoris\/\">Tour des Alpes-Maritimes et du Var 2023<\/a>, qui se dispute du vendredi 17 au dimanche 19 f\u00e9vrier 2023.<\/strong><\/em><\/p>\n<p style=\"text-align: justify;\"><strong><span style=\"font-size: 14px;\"><em>Classement g\u00e9n\u00e9ral mis \u00e0 jour \u00e0 l&rsquo;issue de la 3\u00e8me \u00e9tape.<\/em><\/span><\/strong><\/p>\n<div class=\"su-table su-table-alternate\">\n<table style=\"width: 800px;border-collapse: collapse\" border=\"1\">\n<tbody>\n<tr style=\"height: 24px\">\n<td style=\"border-color: #ebebeb;height: 24px;text-align: center;width: 80px;vertical-align: middle\">\ud83c\udfc6<\/td>\n<td style=\"border-color: #ebebeb;height: 24px;text-align: center;width: 500px;vertical-align: middle\"><span style=\"font-size: 0.9em\"><strong>COUREURS<\/strong><\/span><\/td>\n<td style=\"border-color: #ebebeb;height: 24px;text-align: center;width: 220px;vertical-align: middle\"><span style=\"font-size: 0.9em\"><strong>TEMPS \/ \u00c9CART<\/strong><\/span><\/td>\n<\/tr>\n<tr style=\"height: 24px\">\n<td style=\"border-color: #ebebeb;height: 24px;text-align: center;width: 80px;vertical-align: middle\"><span style=\"font-size: 0.9em\">1.<\/span><\/td>\n<td style=\"border-color: #ebebeb;height: 24px;text-align: center;width: 500px;vertical-align: middle\"><span style=\"font-size: 0.9em\"><strong>\ud83c\uddeb\ud83c\uddf7 K\u00c9VIN VAUQUELIN<br \/>\n<\/strong><\/span><span style=\"font-size: 0.9em\"><span style=\"font-size: 0.8em\">TEAM ARKEA &#8211; SAMSIC<\/span><\/span><\/td>\n<td style=\"border-color: #ebebeb;text-align: center;width: 220px;vertical-align: middle\"><span style=\"font-size: 0.9em\"><strong>11h37m58s<\/strong><\/span><\/td>\n<\/tr>\n<tr>\n<td style=\"border-color: #ebebeb;text-align: center;width: 80px;vertical-align: middle\"><span style=\"font-size: 0.9em\">2.<\/span><\/td>\n<td style=\"border-color: #ebebeb;height: 24px;text-align: center;width: 500px;vertical-align: middle\"><strong style=\"font-size: 0.9em\">\ud83c\uddeb\ud83c\uddf7 AUR\u00c9LIEN PARET-PEINTRE<\/strong><br style=\"font-size: 14.4px\" \/><span style=\"font-size: 0.9em\"><span style=\"font-size: 0.8em\">AG2R CITROEN TEAM<\/span><\/span><\/td>\n<td style=\"border-color: #ebebeb;text-align: center;width: 220px;vertical-align: middle\"><span style=\"font-size: 0.9em\"><strong>\u00e0 7s<\/strong><\/span><\/td>\n<\/tr>\n<tr>\n<td style=\"border-color: #ebebeb;text-align: center;width: 80px;vertical-align: middle\"><span style=\"font-size: 0.9em\">3.<\/span><\/td>\n<td style=\"border-color: #ebebeb;height: 24px;text-align: center;width: 500px;vertical-align: middle\"><strong style=\"font-size: 0.9em\">\ud83c\uddfa\ud83c\uddf8 NEILSON POWLESS<\/strong><br \/>\n<span style=\"font-size: 0.9em\"><span style=\"font-size: 0.8em\">EF EDUCATION &#8211; EASYPOST<\/span><\/span><\/td>\n<td style=\"border-color: #ebebeb;text-align: center;width: 220px;vertical-align: middle\"><span style=\"font-size: 0.9em\"><strong>\u00e0 10s<\/strong><\/span><\/td>\n<\/tr>\n<tr>\n<td style=\"border-color: #ebebeb;text-align: center;width: 80px;vertical-align: middle\"><span style=\"font-size: 0.9em\">4.<\/span><\/td>\n<td style=\"border-color: #ebebeb;height: 24px;text-align: center;width: 500px;vertical-align: middle\"><span style=\"font-size: 0.9em\"><strong>\ud83c\uddf1\ud83c\uddfa KEVIN GENIETS<br \/>\n<\/strong><span style=\"font-size: 0.8em\">GROUPAMA &#8211; FDJ<\/span><\/span><\/td>\n<td style=\"border-color: #ebebeb;text-align: center;width: 220px;vertical-align: middle\"><span style=\"font-size: 0.9em\"><strong>\u00e0 19s<\/strong><\/span><\/td>\n<\/tr>\n<tr>\n<td style=\"border-color: #ebebeb;text-align: center;width: 80px;vertical-align: middle\"><span style=\"font-size: 0.9em\">5.<\/span><\/td>\n<td style=\"border-color: #ebebeb;height: 24px;text-align: center;width: 500px;vertical-align: middle\"><span style=\"font-size: 0.9em\"><strong style=\"font-size: 14.4px\">\ud83c\udde9\ud83c\uddf0 MATTIAS SKJELMOSE JENSEN<\/strong><br style=\"font-size: 14.4px\" \/><span style=\"font-size: 0.8em\">TREK &#8211; SEGAFREDO<\/span><\/span><\/td>\n<td style=\"border-color: #ebebeb;text-align: center;width: 220px;vertical-align: middle\"><span style=\"font-size: 0.9em\"><strong>\u00e0 26s<\/strong><\/span><\/td>\n<\/tr>\n<tr>\n<td style=\"border-color: #ebebeb;text-align: center;width: 80px;vertical-align: middle\"><span style=\"font-size: 0.9em\">6.<\/span><\/td>\n<td style=\"border-color: #ebebeb;height: 24px;text-align: center;width: 500px;vertical-align: middle\"><span style=\"font-size: 0.9em\"><strong>\ud83c\udde6\ud83c\uddf9 FELIX GALL<br \/>\n<\/strong><span style=\"font-size: 0.8em\">AG2R CITRO\u00cbN TEAM<\/span><\/span><\/td>\n<td style=\"border-color: #ebebeb;text-align: center;width: 220px;vertical-align: middle\"><span style=\"font-size: 0.9em\"><strong>\u00e0 42s<\/strong><\/span><\/td>\n<\/tr>\n<tr>\n<td style=\"border-color: #ebebeb;text-align: center;width: 80px;vertical-align: middle\"><span style=\"font-size: 0.9em\">7.<\/span><\/td>\n<td style=\"border-color: #ebebeb;height: 24px;text-align: center;width: 500px;vertical-align: middle\"><span style=\"font-size: 0.9em\"><strong><strong style=\"font-size: 0.9em\">\ud83c\uddeb\ud83c\uddf7<\/strong> DAVID GAUDU<br \/>\n<\/strong><span style=\"font-size: 0.8em\">GROUPAMA &#8211; FDJ<\/span><\/span><\/td>\n<td style=\"border-color: #ebebeb;text-align: center;width: 220px;vertical-align: middle\"><span style=\"font-size: 0.9em\"><strong>\u00e0 43s<\/strong><\/span><\/td>\n<\/tr>\n<tr>\n<td style=\"border-color: #ebebeb;text-align: center;width: 80px;vertical-align: middle\"><span style=\"font-size: 0.9em\">8.<\/span><\/td>\n<td style=\"border-color: #ebebeb;height: 24px;text-align: center;width: 500px;vertical-align: middle\"><strong style=\"font-size: 0.9em\">\ud83c\uddeb\ud83c\uddf7 ROMAIN BARDET<\/strong><br \/>\n<span style=\"font-size: 0.9em\"><span style=\"font-size: 0.8em\">TEAM DSM<\/span><\/span><\/td>\n<td style=\"border-color: #ebebeb;text-align: center;width: 220px;vertical-align: middle\"><span style=\"font-size: 0.9em\"><strong>\u00e0 44s<\/strong><\/span><\/td>\n<\/tr>\n<tr>\n<td style=\"border-color: #ebebeb;text-align: center;width: 80px;vertical-align: middle\"><span style=\"font-size: 0.9em\">9.<\/span><\/td>\n<td style=\"border-color: #ebebeb;height: 24px;text-align: center;width: 500px;vertical-align: middle\"><strong><span style=\"font-size: 0.9em\">\ud83c\uddeb\ud83c\uddf7 ANTHONY PEREZ<\/span><\/strong><br \/>\n<span style=\"font-size: 0.9em\"><span style=\"font-size: 0.8em\">COFIDIS<\/span><\/span><\/td>\n<td style=\"border-color: #ebebeb;text-align: center;width: 220px;vertical-align: middle\"><span style=\"font-size: 0.9em\"><strong>\u00e0 44s<\/strong><\/span><\/td>\n<\/tr>\n<tr>\n<td style=\"border-color: #ebebeb;text-align: center;width: 80px;vertical-align: middle\"><span style=\"font-size: 0.9em\">10.<\/span><\/td>\n<td style=\"border-color: #ebebeb;height: 24px;text-align: center;width: 500px;vertical-align: middle\"><strong style=\"font-size: 0.9em\">\ud83c\uddf3\ud83c\uddf4 TORSTEIN TRAEEN<\/strong><br style=\"font-size: 14.4px\" \/><span style=\"font-size: 0.9em\"><span style=\"font-size: 0.8em\">UNO-X PRO CYCLING TEAM<\/span><\/span><\/td>\n<td style=\"border-color: #ebebeb;text-align: center;width: 220px;vertical-align: middle\"><span style=\"font-size: 0.9em\"><strong>\u00e0 44s<\/strong><\/span><\/td>\n<\/tr>\n<tr style=\"height: 24px\">\n<td style=\"border-color: #ebebeb;height: 24px;text-align: center;width: 80px;vertical-align: middle\"><span style=\"font-size: 0.9em\">11.<\/span><\/td>\n<td style=\"border-color: #ebebeb;height: 24px;text-align: center;width: 500px;vertical-align: middle\"><span style=\"font-size: 0.9em\"><strong style=\"font-size: 14.4px\">\ud83c\udde9\ud83c\uddf0 MATHIAS BREGNHOJ<\/strong><br style=\"font-size: 14.4px\" \/><span style=\"font-size: 0.8em\">LEOPARD TOGT PRO CYCLING<\/span><\/span><\/td>\n<td style=\"border-color: #ebebeb;text-align: center;width: 220px;vertical-align: middle\"><span style=\"font-size: 0.9em\"><strong>\u00e0 44s<\/strong><\/span><\/td>\n<\/tr>\n<tr>\n<td style=\"border-color: #ebebeb;text-align: center;width: 80px;vertical-align: middle\"><span style=\"font-size: 0.9em\">12.<\/span><\/td>\n<td style=\"border-color: #ebebeb;height: 24px;text-align: center;width: 500px;vertical-align: middle\"><span style=\"font-size: 0.9em\"><strong><strong style=\"font-size: 0.9em\">\ud83c\uddeb\ud83c\uddf7<\/strong> RUDY MOLARD<br \/>\n<\/strong><span style=\"font-size: 0.8em\">GROUPAMA &#8211; FDJ<\/span><\/span><\/td>\n<td style=\"border-color: #ebebeb;text-align: center;width: 220px;vertical-align: middle\"><span style=\"font-size: 0.9em\"><strong>\u00e0 47s<\/strong><\/span><\/td>\n<\/tr>\n<tr>\n<td style=\"border-color: #ebebeb;text-align: center;width: 80px;vertical-align: middle\"><span style=\"font-size: 0.9em\">13.<\/span><\/td>\n<td style=\"border-color: #ebebeb;height: 24px;text-align: center;width: 500px;vertical-align: middle\"><strong><span style=\"font-size: 0.9em\">\ud83c\uddeb\ud83c\uddf7 VICTOR LAFAY<\/span><\/strong><br \/>\n<span style=\"font-size: 0.9em\"><span style=\"font-size: 0.8em\">COFIDIS<\/span><\/span><\/td>\n<td style=\"border-color: #ebebeb;text-align: center;width: 220px;vertical-align: middle\"><span style=\"font-size: 0.9em\"><strong>\u00e0 47s<\/strong><\/span><\/td>\n<\/tr>\n<tr>\n<td style=\"border-color: #ebebeb;text-align: center;width: 80px;vertical-align: middle\"><span style=\"font-size: 0.9em\">14.<\/span><\/td>\n<td style=\"border-color: #ebebeb;height: 24px;text-align: center;width: 500px;vertical-align: middle\"><strong style=\"font-size: 0.9em\">\ud83c\uddeb\ud83c\uddf7 THIBAUT PINOT<\/strong><br \/>\n<span style=\"font-size: 0.9em\"><span style=\"font-size: 0.8em\">GROUPAMA &#8211; FDJ<\/span><\/span><\/td>\n<td style=\"border-color: #ebebeb;text-align: center;width: 220px;vertical-align: middle\"><span style=\"font-size: 0.9em\"><strong>\u00e0 49s<\/strong><\/span><\/td>\n<\/tr>\n<tr>\n<td style=\"border-color: #ebebeb;text-align: center;width: 80px;vertical-align: middle\"><span style=\"font-size: 0.9em\">15.<\/span><\/td>\n<td style=\"border-color: #ebebeb;height: 24px;text-align: center;width: 500px;vertical-align: middle\"><span style=\"font-size: 0.9em\"><strong style=\"font-size: 14.4px\">\ud83c\uddec\ud83c\udde7 HUGH CARTHY<\/strong><br style=\"font-size: 14.4px\" \/><span style=\"font-size: 0.8em\">EF EDUCATION EASYPOST<\/span><\/span><\/td>\n<td style=\"border-color: #ebebeb;text-align: center;width: 220px;vertical-align: middle\"><span style=\"font-size: 0.9em\"><strong>\u00e0 54s<\/strong><\/span><\/td>\n<\/tr>\n<tr>\n<td style=\"border-color: #ebebeb;text-align: center;width: 80px;vertical-align: middle\"><span style=\"font-size: 0.9em\">16.<\/span><\/td>\n<td style=\"border-color: #ebebeb;height: 24px;text-align: center;width: 500px;vertical-align: middle\"><span style=\"font-size: 0.9em\"><strong style=\"font-size: 14.4px\"><strong>\ud83c\uddee\ud83c\uddf9 MARCO TIZZA<br \/>\n<\/strong><\/strong><span style=\"font-size: 0.8em\">BINGOAL WB<\/span><\/span><\/td>\n<td style=\"border-color: #ebebeb;text-align: center;width: 220px;vertical-align: middle\"><span style=\"font-size: 0.9em\"><strong>\u00e0 1m29s<\/strong><\/span><\/td>\n<\/tr>\n<tr>\n<td style=\"border-color: #ebebeb;text-align: center;width: 80px;vertical-align: middle\"><span style=\"font-size: 0.9em\">17.<\/span><\/td>\n<td style=\"border-color: #ebebeb;height: 24px;text-align: center;width: 500px;vertical-align: middle\"><span style=\"font-size: 0.9em\"><strong><strong style=\"font-size: 0.9em\">\ud83c\uddeb\ud83c\uddf7<\/strong> ROMAIN GR\u00c9GOIRE<br \/>\n<\/strong><span style=\"font-size: 0.8em\">GROUPAMA &#8211; FDJ<\/span><\/span><\/td>\n<td style=\"border-color: #ebebeb;text-align: center;width: 220px;vertical-align: middle\"><span style=\"font-size: 0.9em\"><strong>\u00e0 1m29s<\/strong><\/span><\/td>\n<\/tr>\n<tr>\n<td style=\"border-color: #ebebeb;text-align: center;width: 80px;vertical-align: middle\"><span style=\"font-size: 0.9em\">18.<\/span><\/td>\n<td style=\"border-color: #ebebeb;height: 24px;text-align: center;width: 500px;vertical-align: middle\"><strong style=\"font-size: 14.4px\"><span style=\"font-size: 0.9em\"><strong>\ud83c\udde7\ud83c\uddea<\/strong><\/span> LENNERT VAN EETVELT<br \/>\n<\/strong><span style=\"font-size: 0.9em\"><span style=\"font-size: 0.8em\">LOTTO DSTNY<\/span><\/span><\/td>\n<td style=\"border-color: #ebebeb;text-align: center;width: 220px;vertical-align: middle\"><span style=\"font-size: 0.9em\"><strong>\u00e0 1m29s<\/strong><\/span><\/td>\n<\/tr>\n<tr>\n<td style=\"border-color: #ebebeb;text-align: center;width: 80px;vertical-align: middle\"><span style=\"font-size: 0.9em\">19.<\/span><\/td>\n<td style=\"border-color: #ebebeb;height: 24px;text-align: center;width: 500px;vertical-align: middle\"><span style=\"font-size: 0.9em\"><strong>\ud83c\uddeb\ud83c\uddf7 FABIEN DOUBEY<br \/>\n<\/strong><span style=\"font-size: 0.8em\">TOTALENERGIES<\/span><\/span><\/td>\n<td style=\"border-color: #ebebeb;text-align: center;width: 220px;vertical-align: middle\"><span style=\"font-size: 0.9em\"><strong>\u00e0 1m29s<\/strong><\/span><\/td>\n<\/tr>\n<tr>\n<td style=\"border-color: #ebebeb;text-align: center;width: 80px;vertical-align: middle\"><span style=\"font-size: 0.9em\">20.<\/span><\/td>\n<td style=\"border-color: #ebebeb;height: 24px;text-align: center;width: 500px;vertical-align: middle\"><strong style=\"font-size: 0.9em\">\ud83c\uddeb\ud83c\uddf7 THOMAS GACHIGNARD<\/strong><br style=\"font-size: 14.4px\" \/><span style=\"font-size: 0.9em\"><span style=\"font-size: 0.8em\">ST MICHEL &#8211; MAVIC &#8211; AUBER93<\/span><\/span><\/td>\n<td style=\"border-color: #ebebeb;text-align: center;width: 220px;vertical-align: middle\"><span style=\"font-size: 0.9em\"><strong>\u00e0 1m38s<\/strong><\/span><\/td>\n<\/tr>\n<\/tbody>\n<\/table>\n<\/div>\n<h2 style=\"text-align: justify;\">\u00c0 lire aussi<\/h2>\n<ul>\n<li style=\"text-align: justify;\"><a href=\"https:\/\/www.procyclingstats.com\/race\/tour-des-alpes-maritimes-et-du-var\/2023\/gc\" target=\"_blank\" rel=\"noopener\"><strong>Le classement g\u00e9n\u00e9ral complet du Tour des Alpes-Maritimes et du Var<\/strong><\/a><\/li>\n<\/ul>\n<p><!--nextpage--><\/p>\n<table style=\"width: 800px; border-collapse: collapse;\" border=\"1\">\n<tbody>\n<tr style=\"height: 24px;\">\n<td style=\"border-color: #ebebeb; height: 24px; text-align: center; width: 500px; vertical-align: middle;\"><span style=\"font-size: 0.9em;\"><strong>\ud83c\uddeb\ud83c\uddf7 K\u00c9VIN VAUQUELIN<br \/>\n<\/strong><\/span><span style=\"font-size: 0.9em;\"><span style=\"font-size: 0.8em;\">TEAM ARKEA &#8211; SAMSIC<\/span><\/span><\/td>\n<td style=\"border-color: #ebebeb; text-align: center; width: 220px; vertical-align: middle;\"><\/td>\n<\/tr>\n<tr>\n<td style=\"border-color: #ebebeb; height: 24px; text-align: center; width: 500px; vertical-align: middle;\"><\/td>\n<td style=\"border-color: #ebebeb; text-align: center; width: 220px; vertical-align: middle;\"><\/td>\n<\/tr>\n<tr>\n<td style=\"border-color: #ebebeb; height: 24px; text-align: center; width: 500px; vertical-align: middle;\"><\/td>\n<td style=\"border-color: #ebebeb; text-align: center; width: 220px; vertical-align: middle;\"><\/td>\n<\/tr>\n<tr>\n<td style=\"border-color: #ebebeb; height: 24px; text-align: center; width: 500px; vertical-align: middle;\"><\/td>\n<td style=\"border-color: #ebebeb; text-align: center; width: 220px; vertical-align: middle;\"><\/td>\n<\/tr>\n<tr>\n<td style=\"border-color: #ebebeb; height: 24px; text-align: center; width: 500px; vertical-align: middle;\"><\/td>\n<td style=\"border-color: #ebebeb; text-align: center; width: 220px; vertical-align: middle;\"><\/td>\n<\/tr>\n<tr>\n<td style=\"border-color: #ebebeb; height: 24px; text-align: center; width: 500px; vertical-align: middle;\"><span style=\"font-size: 0.9em;\"><strong>\ud83c\uddeb\ud83c\uddf7 ANTHONY TURGIS<br \/>\n<\/strong><span style=\"font-size: 0.8em;\">TOTALENERGIES<\/span><\/span><\/td>\n<td style=\"border-color: #ebebeb; text-align: center; width: 220px; vertical-align: middle;\"><span style=\"font-size: 0.9em;\"><strong>\u00e0 39s<\/strong><\/span><\/td>\n<\/tr>\n<tr>\n<td style=\"border-color: #ebebeb; height: 24px; text-align: center; width: 500px; vertical-align: middle;\"><\/td>\n<td style=\"border-color: #ebebeb; text-align: center; width: 220px; vertical-align: middle;\"><span style=\"font-size: 0.9em;\"><strong>\u00e0 39s<\/strong><\/span><\/td>\n<\/tr>\n<tr>\n<td style=\"border-color: #ebebeb; height: 24px; text-align: center; width: 500px; vertical-align: middle;\"><\/td>\n<td style=\"border-color: #ebebeb; text-align: center; width: 220px; vertical-align: middle;\"><span style=\"font-size: 0.9em;\"><strong>\u00e0 39s<\/strong><\/span><\/td>\n<\/tr>\n<tr>\n<td style=\"border-color: #ebebeb; height: 24px; text-align: center; width: 500px; vertical-align: middle;\"><span style=\"font-size: 0.9em;\"><strong><strong style=\"font-size: 14.4px;\">\ud83c\uddee\ud83c\uddf9<\/strong> ANDREA PICCOLO<\/strong><br \/>\n<span style=\"font-size: 0.8em;\">EF EDUCATION &#8211; EASYPOST<\/span><\/span><\/td>\n<td style=\"border-color: #ebebeb; text-align: center; width: 220px; vertical-align: middle;\"><span style=\"font-size: 0.9em;\"><strong>\u00e0 39s<\/strong><\/span><\/td>\n<\/tr>\n<tr>\n<td style=\"border-color: #ebebeb; height: 24px; text-align: center; width: 500px; vertical-align: middle;\"><strong style=\"font-size: 0.9em;\"><span style=\"font-size: 0.9em;\"><strong>\ud83c\uddec\ud83c\udde7<\/strong><\/span> SAMUEL WATSON<\/strong><br \/>\n<span style=\"font-size: 0.9em;\"><span style=\"font-size: 0.8em;\">GROUPAMA &#8211; FDJ<\/span><\/span><\/td>\n<td style=\"border-color: #ebebeb; text-align: center; width: 220px; vertical-align: middle;\"><span style=\"font-size: 0.9em;\"><strong>\u00e0 39s<\/strong><\/span><\/td>\n<\/tr>\n<tr style=\"height: 24px;\">\n<td style=\"border-color: #ebebeb; height: 24px; text-align: center; width: 500px; vertical-align: middle;\"><\/td>\n<td style=\"border-color: #ebebeb; text-align: center; width: 220px; vertical-align: middle;\"><span style=\"font-size: 0.9em;\"><strong>\u00e0 39s<\/strong><\/span><\/td>\n<\/tr>\n<tr>\n<td style=\"border-color: #ebebeb; height: 24px; text-align: center; width: 500px; vertical-align: middle;\"><span style=\"font-size: 0.9em;\"><strong>\ud83c\uddeb\ud83c\uddf7 CL\u00c9MENT VENTURINI<\/strong><br \/>\n<span style=\"font-size: 0.8em;\">AG2R CITRO\u00cbN TEAM<\/span><\/span><\/td>\n<td style=\"border-color: #ebebeb; text-align: center; width: 220px; vertical-align: middle;\"><span style=\"font-size: 0.9em;\"><strong>\u00e0 39s<\/strong><\/span><\/td>\n<\/tr>\n<tr>\n<td style=\"border-color: #ebebeb; height: 24px; text-align: center; width: 500px; vertical-align: middle;\"><\/td>\n<td style=\"border-color: #ebebeb; text-align: center; width: 220px; vertical-align: middle;\"><span style=\"font-size: 0.9em;\"><strong>\u00e0 39s<\/strong><\/span><\/td>\n<\/tr>\n<tr>\n<td style=\"border-color: #ebebeb; height: 24px; text-align: center; width: 500px; vertical-align: middle;\"><\/td>\n<td style=\"border-color: #ebebeb; text-align: center; width: 220px; vertical-align: middle;\"><span style=\"font-size: 0.9em;\"><strong>\u00e0 39s<\/strong><\/span><\/td>\n<\/tr>\n<tr>\n<td style=\"border-color: #ebebeb; height: 24px; text-align: center; width: 500px; vertical-align: middle;\"><span style=\"font-size: 0.9em;\"><strong><strong style=\"font-size: 0.9em;\">\ud83c\uddee\ud83c\uddf9<\/strong>\u00a0ALESSANDRO FEDELI<br \/>\n<\/strong><span style=\"font-size: 0.8em;\">Q36.5 PRO CYCLING TEAM<\/span><\/span><\/td>\n<td style=\"border-color: #ebebeb; text-align: center; width: 220px; vertical-align: middle;\"><span style=\"font-size: 0.9em;\"><strong>\u00e0 39s<\/strong><\/span><\/td>\n<\/tr>\n<tr>\n<td style=\"border-color: #ebebeb; height: 24px; text-align: center; width: 500px; vertical-align: middle;\"><\/td>\n<td style=\"border-color: #ebebeb; text-align: center; width: 220px; vertical-align: middle;\"><span style=\"font-size: 0.9em;\"><strong>\u00e0 39s<\/strong><\/span><\/td>\n<\/tr>\n<tr>\n<td style=\"border-color: #ebebeb; height: 24px; text-align: center; width: 500px; vertical-align: middle;\"><strong style=\"font-size: 0.9em;\">\ud83c\uddeb\ud83c\uddf7 ALEXIS VUILLERMOZ<\/strong><br style=\"font-size: 14.4px;\" \/><span style=\"font-size: 0.9em;\"><span style=\"font-size: 0.8em;\">TOTALENERGIES<\/span><\/span><\/td>\n<td style=\"border-color: #ebebeb; text-align: center; width: 220px; vertical-align: middle;\"><span style=\"font-size: 0.9em;\"><strong>\u00e0 39s<\/strong><\/span><\/td>\n<\/tr>\n<tr>\n<td style=\"border-color: #ebebeb; height: 24px; text-align: center; width: 500px; vertical-align: middle;\"><\/td>\n<td style=\"border-color: #ebebeb; text-align: center; width: 220px; vertical-align: middle;\"><span style=\"font-size: 0.9em;\"><strong>\u00e0 39s<\/strong><\/span><\/td>\n<\/tr>\n<tr>\n<td style=\"border-color: #ebebeb; height: 24px; text-align: center; width: 500px; vertical-align: middle;\"><\/td>\n<td style=\"border-color: #ebebeb; text-align: center; width: 220px; vertical-align: middle;\"><span style=\"font-size: 0.9em;\"><strong>\u00e0 39s<\/strong><\/span><\/td>\n<\/tr>\n<tr>\n<td style=\"border-color: #ebebeb; height: 24px; text-align: center; width: 500px; vertical-align: middle;\"><\/td>\n<td style=\"border-color: #ebebeb; text-align: center; width: 220px; vertical-align: middle;\"><span style=\"font-size: 0.9em;\"><strong>\u00e0 39s<\/strong><\/span><\/td>\n<\/tr>\n<\/tbody>\n<\/table>\n","protected":false},"excerpt":{"rendered":"<p>CYCLISME SUR ROUTE 2023 &#8211; D\u00e9couvrez le classement g\u00e9n\u00e9ral (top 20) du Tour des Alpes-Maritimes et du Var 2023, qui se dispute du vendredi 17 au dimanche 19 f\u00e9vrier 2023.<\/p>\n","protected":false},"author":4,"featured_media":356663,"comment_status":"open","ping_status":"closed","sticky":false,"template":"","format":"standard","meta":{"_acf_changed":false,"_daextam_enable_autolinks":"","footnotes":""},"categories":[46994],"tags":[9982],"class_list":["post-356659","post","type-post","status-publish","format-standard","has-post-thumbnail","hentry","category-cyclisme-sur-route","tag-tour-des-alpes-maritimes-et-du-var"],"acf":[],"yoast_head":"<!-- This site is optimized with the Yoast SEO Premium plugin v26.7 (Yoast SEO v26.7) - https:\/\/yoast.com\/wordpress\/plugins\/seo\/ -->\n<title>Tour des Alpes-Maritimes et du Var 2023 - Classement g\u00e9n\u00e9ral<\/title>\n<meta name=\"description\" content=\"CYCLISME SUR ROUTE 2023 - D\u00e9couvrez le classement g\u00e9n\u00e9ral (top 20) du Tour des Alpes-Maritimes et du Var 2023.\" \/>\n<meta name=\"robots\" content=\"index, follow, max-snippet:-1, max-image-preview:large, max-video-preview:-1\" \/>\n<link rel=\"canonical\" href=\"https:\/\/dicodusport.fr\/blog\/tour-des-alpes-maritimes-et-du-var-2023-classement-general\/\" \/>\n<link rel=\"next\" href=\"https:\/\/dicodusport.fr\/blog\/tour-des-alpes-maritimes-et-du-var-2023-classement-general\/2\/\" \/>\n<meta property=\"og:locale\" content=\"fr_FR\" \/>\n<meta property=\"og:type\" content=\"article\" \/>\n<meta property=\"og:title\" content=\"Tour des Alpes-Maritimes et du Var 2023 - Classement g\u00e9n\u00e9ral\" \/>\n<meta property=\"og:description\" content=\"CYCLISME SUR ROUTE 2023 - D\u00e9couvrez le classement g\u00e9n\u00e9ral (top 20) du Tour des Alpes-Maritimes et du Var 2023.\" \/>\n<meta property=\"og:url\" content=\"https:\/\/dicodusport.fr\/blog\/tour-des-alpes-maritimes-et-du-var-2023-classement-general\/\" \/>\n<meta property=\"og:site_name\" content=\"Dicodusport\" \/>\n<meta property=\"article:publisher\" content=\"https:\/\/www.facebook.com\/dicodusport\" \/>\n<meta property=\"article:author\" content=\"https:\/\/www.facebook.com\/florent.ostermann\" \/>\n<meta property=\"article:published_time\" content=\"2023-02-19T15:54:34+00:00\" \/>\n<meta property=\"article:modified_time\" content=\"2023-02-19T18:04:29+00:00\" \/>\n<meta property=\"og:image\" content=\"https:\/\/dicodusport.fr\/blog\/wp-content\/uploads\/2023\/02\/Tour-des-Alpes-Maritimes-et-du-Var-2023-Classement-general.png\" \/>\n\t<meta property=\"og:image:width\" content=\"1200\" \/>\n\t<meta property=\"og:image:height\" content=\"670\" \/>\n\t<meta property=\"og:image:type\" content=\"image\/png\" \/>\n<meta name=\"author\" content=\"Flo Ostermann\" \/>\n<meta name=\"twitter:card\" content=\"summary_large_image\" \/>\n<meta name=\"twitter:title\" content=\"Tour des Alpes-Maritimes et du Var 2023 - Classement g\u00e9n\u00e9ral\" \/>\n<meta name=\"twitter:creator\" content=\"@https:\/\/twitter.com\/FlOstermann\" \/>\n<meta name=\"twitter:site\" content=\"@dicodusport\" \/>\n<script type=\"application\/ld+json\" class=\"yoast-schema-graph\">{\"@context\":\"https:\/\/schema.org\",\"@graph\":[{\"@type\":\"NewsArticle\",\"@id\":\"https:\/\/dicodusport.fr\/blog\/tour-des-alpes-maritimes-et-du-var-2023-classement-general\/#article\",\"isPartOf\":{\"@id\":\"https:\/\/dicodusport.fr\/blog\/tour-des-alpes-maritimes-et-du-var-2023-classement-general\/\"},\"author\":{\"name\":\"Flo Ostermann\",\"@id\":\"https:\/\/dicodusport.fr\/blog\/#\/schema\/person\/cb02af4c173ce4a653b55e9baf388d4a\"},\"headline\":\"Tour des Alpes-Maritimes et du Var 2023 &#8211; Classement g\u00e9n\u00e9ral\",\"datePublished\":\"2023-02-19T15:54:34+00:00\",\"dateModified\":\"2023-02-19T18:04:29+00:00\",\"mainEntityOfPage\":{\"@id\":\"https:\/\/dicodusport.fr\/blog\/tour-des-alpes-maritimes-et-du-var-2023-classement-general\/\"},\"wordCount\":259,\"commentCount\":0,\"publisher\":{\"@id\":\"https:\/\/dicodusport.fr\/blog\/#organization\"},\"image\":{\"@id\":\"https:\/\/dicodusport.fr\/blog\/tour-des-alpes-maritimes-et-du-var-2023-classement-general\/#primaryimage\"},\"thumbnailUrl\":\"https:\/\/dicodusport.fr\/blog\/wp-content\/uploads\/2023\/02\/Tour-des-Alpes-Maritimes-et-du-Var-2023-Classement-general.png\",\"keywords\":[\"Tour des Alpes-Maritimes et du Var\"],\"articleSection\":[\"Cyclisme sur route\"],\"inLanguage\":\"fr-FR\",\"potentialAction\":[{\"@type\":\"CommentAction\",\"name\":\"Comment\",\"target\":[\"https:\/\/dicodusport.fr\/blog\/tour-des-alpes-maritimes-et-du-var-2023-classement-general\/#respond\"]}],\"copyrightYear\":\"2023\",\"copyrightHolder\":{\"@id\":\"https:\/\/dicodusport.fr\/blog\/#organization\"}},{\"@type\":\"WebPage\",\"@id\":\"https:\/\/dicodusport.fr\/blog\/tour-des-alpes-maritimes-et-du-var-2023-classement-general\/\",\"url\":\"https:\/\/dicodusport.fr\/blog\/tour-des-alpes-maritimes-et-du-var-2023-classement-general\/\",\"name\":\"Tour des Alpes-Maritimes et du Var 2023 - Classement g\u00e9n\u00e9ral\",\"isPartOf\":{\"@id\":\"https:\/\/dicodusport.fr\/blog\/#website\"},\"primaryImageOfPage\":{\"@id\":\"https:\/\/dicodusport.fr\/blog\/tour-des-alpes-maritimes-et-du-var-2023-classement-general\/#primaryimage\"},\"image\":{\"@id\":\"https:\/\/dicodusport.fr\/blog\/tour-des-alpes-maritimes-et-du-var-2023-classement-general\/#primaryimage\"},\"thumbnailUrl\":\"https:\/\/dicodusport.fr\/blog\/wp-content\/uploads\/2023\/02\/Tour-des-Alpes-Maritimes-et-du-Var-2023-Classement-general.png\",\"datePublished\":\"2023-02-19T15:54:34+00:00\",\"dateModified\":\"2023-02-19T18:04:29+00:00\",\"description\":\"CYCLISME SUR ROUTE 2023 - D\u00e9couvrez le classement g\u00e9n\u00e9ral (top 20) du Tour des Alpes-Maritimes et du Var 2023.\",\"inLanguage\":\"fr-FR\",\"potentialAction\":[{\"@type\":\"ReadAction\",\"target\":[\"https:\/\/dicodusport.fr\/blog\/tour-des-alpes-maritimes-et-du-var-2023-classement-general\/\"]}]},{\"@type\":\"ImageObject\",\"inLanguage\":\"fr-FR\",\"@id\":\"https:\/\/dicodusport.fr\/blog\/tour-des-alpes-maritimes-et-du-var-2023-classement-general\/#primaryimage\",\"url\":\"https:\/\/dicodusport.fr\/blog\/wp-content\/uploads\/2023\/02\/Tour-des-Alpes-Maritimes-et-du-Var-2023-Classement-general.png\",\"contentUrl\":\"https:\/\/dicodusport.fr\/blog\/wp-content\/uploads\/2023\/02\/Tour-des-Alpes-Maritimes-et-du-Var-2023-Classement-general.png\",\"width\":1200,\"height\":670,\"caption\":\"Tour des Alpes-Maritimes et du Var 2023 - Classement g\u00e9n\u00e9ral\"},{\"@type\":\"WebSite\",\"@id\":\"https:\/\/dicodusport.fr\/blog\/#website\",\"url\":\"https:\/\/dicodusport.fr\/blog\/\",\"name\":\"Dicodusport\",\"description\":\"L&#039;encyclop\u00e9die de l&#039;actualit\u00e9 sportive\",\"publisher\":{\"@id\":\"https:\/\/dicodusport.fr\/blog\/#organization\"},\"potentialAction\":[{\"@type\":\"SearchAction\",\"target\":{\"@type\":\"EntryPoint\",\"urlTemplate\":\"https:\/\/dicodusport.fr\/blog\/?s={search_term_string}\"},\"query-input\":{\"@type\":\"PropertyValueSpecification\",\"valueRequired\":true,\"valueName\":\"search_term_string\"}}],\"inLanguage\":\"fr-FR\"},{\"@type\":\"NewsMediaOrganization\",\"@id\":\"https:\/\/dicodusport.fr\/blog\/#organization\",\"name\":\"Dicodusport\",\"url\":\"https:\/\/dicodusport.fr\/blog\/\",\"logo\":{\"@type\":\"ImageObject\",\"inLanguage\":\"fr-FR\",\"@id\":\"https:\/\/dicodusport.fr\/blog\/#\/schema\/logo\/image\/\",\"url\":\"https:\/\/dicodusport.fr\/blog\/wp-content\/uploads\/2020\/06\/cropped-LOGO-DICODUSPORT-2020-SANS-FOND-SANS-TEXTE.png\",\"contentUrl\":\"https:\/\/dicodusport.fr\/blog\/wp-content\/uploads\/2020\/06\/cropped-LOGO-DICODUSPORT-2020-SANS-FOND-SANS-TEXTE.png\",\"width\":512,\"height\":512,\"caption\":\"Dicodusport\"},\"image\":{\"@id\":\"https:\/\/dicodusport.fr\/blog\/#\/schema\/logo\/image\/\"},\"sameAs\":[\"https:\/\/www.facebook.com\/dicodusport\",\"https:\/\/x.com\/dicodusport\",\"https:\/\/www.instagram.com\/dicodusport\/\",\"https:\/\/www.youtube.com\/channel\/UC7V2KZ5sd3htJivAbA4ZG3w\"],\"description\":\"Dicodusport est l'encyclop\u00e9die de l'actualit\u00e9 sportive.\",\"email\":\"bonjour@dicodusport.fr\",\"legalName\":\"DICODUSPORT\",\"foundingDate\":\"2018-01-14\",\"vatID\":\"FR71834470973\",\"taxID\":\"83447097300043\",\"numberOfEmployees\":{\"@type\":\"QuantitativeValue\",\"minValue\":\"1\",\"maxValue\":\"10\"}},{\"@type\":\"Person\",\"@id\":\"https:\/\/dicodusport.fr\/blog\/#\/schema\/person\/cb02af4c173ce4a653b55e9baf388d4a\",\"name\":\"Flo Ostermann\",\"image\":{\"@type\":\"ImageObject\",\"inLanguage\":\"fr-FR\",\"@id\":\"https:\/\/dicodusport.fr\/blog\/#\/schema\/person\/image\/\",\"url\":\"https:\/\/dicodusport.fr\/blog\/wp-content\/uploads\/2021\/05\/Flo-Ostermann-150x150.jpg\",\"contentUrl\":\"https:\/\/dicodusport.fr\/blog\/wp-content\/uploads\/2021\/05\/Flo-Ostermann-150x150.jpg\",\"caption\":\"Flo Ostermann\"},\"description\":\"Journaliste\/R\u00e9dacteur depuis septembre 2015 - Mes premiers souvenirs dans le sport ? Les envol\u00e9es du Stade Toulousain et les duels Villeneuve-Schumacher et H\u00e4kkinen-Schumacher \u00e0 la fin des ann\u00e9es 90, la Coupe du monde de football en 1998, l\u2019exploit du XV de France face aux All Blacks en 1999, mais aussi Richard C\u0153ur de Lion qui vole sur les montagnes du Tour de France. Bien parti pour devenir professeur d\u2019EPS, les \u00e9v\u00e9nements de la vie (et la flemme d\u2019animer des s\u00e9ances de 3x500 m\u00e8tres toute ma vie) m\u2019ont conduit \u00e0 revoir mes plans. Me voil\u00e0 depuis fin 2017 sur Dicodusport, m\u00e9dia gr\u00e2ce (et pour) lequel je partage ma passion : le sport dans tous ses \u00e9tats. Le tout accompagn\u00e9 par les fous furieux et folles furieuses cit\u00e9s sur cette page !\",\"sameAs\":[\"https:\/\/www.facebook.com\/florent.ostermann\",\"https:\/\/x.com\/https:\/\/twitter.com\/FlOstermann\",\"admin\"],\"url\":\"https:\/\/dicodusport.fr\/blog\/author\/flo\/\"}]}<\/script>\n<!-- \/ Yoast SEO Premium plugin. -->","yoast_head_json":{"title":"Tour des Alpes-Maritimes et du Var 2023 - Classement g\u00e9n\u00e9ral","description":"CYCLISME SUR ROUTE 2023 - D\u00e9couvrez le classement g\u00e9n\u00e9ral (top 20) du Tour des Alpes-Maritimes et du Var 2023.","robots":{"index":"index","follow":"follow","max-snippet":"max-snippet:-1","max-image-preview":"max-image-preview:large","max-video-preview":"max-video-preview:-1"},"canonical":"https:\/\/dicodusport.fr\/blog\/tour-des-alpes-maritimes-et-du-var-2023-classement-general\/","next":"https:\/\/dicodusport.fr\/blog\/tour-des-alpes-maritimes-et-du-var-2023-classement-general\/2\/","og_locale":"fr_FR","og_type":"article","og_title":"Tour des Alpes-Maritimes et du Var 2023 - Classement g\u00e9n\u00e9ral","og_description":"CYCLISME SUR ROUTE 2023 - D\u00e9couvrez le classement g\u00e9n\u00e9ral (top 20) du Tour des Alpes-Maritimes et du Var 2023.","og_url":"https:\/\/dicodusport.fr\/blog\/tour-des-alpes-maritimes-et-du-var-2023-classement-general\/","og_site_name":"Dicodusport","article_publisher":"https:\/\/www.facebook.com\/dicodusport","article_author":"https:\/\/www.facebook.com\/florent.ostermann","article_published_time":"2023-02-19T15:54:34+00:00","article_modified_time":"2023-02-19T18:04:29+00:00","og_image":[{"width":1200,"height":670,"url":"https:\/\/dicodusport.fr\/blog\/wp-content\/uploads\/2023\/02\/Tour-des-Alpes-Maritimes-et-du-Var-2023-Classement-general.png","type":"image\/png"}],"author":"Flo Ostermann","twitter_card":"summary_large_image","twitter_title":"Tour des Alpes-Maritimes et du Var 2023 - Classement g\u00e9n\u00e9ral","twitter_creator":"@https:\/\/twitter.com\/FlOstermann","twitter_site":"@dicodusport","schema":{"@context":"https:\/\/schema.org","@graph":[{"@type":"NewsArticle","@id":"https:\/\/dicodusport.fr\/blog\/tour-des-alpes-maritimes-et-du-var-2023-classement-general\/#article","isPartOf":{"@id":"https:\/\/dicodusport.fr\/blog\/tour-des-alpes-maritimes-et-du-var-2023-classement-general\/"},"author":{"name":"Flo Ostermann","@id":"https:\/\/dicodusport.fr\/blog\/#\/schema\/person\/cb02af4c173ce4a653b55e9baf388d4a"},"headline":"Tour des Alpes-Maritimes et du Var 2023 &#8211; Classement g\u00e9n\u00e9ral","datePublished":"2023-02-19T15:54:34+00:00","dateModified":"2023-02-19T18:04:29+00:00","mainEntityOfPage":{"@id":"https:\/\/dicodusport.fr\/blog\/tour-des-alpes-maritimes-et-du-var-2023-classement-general\/"},"wordCount":259,"commentCount":0,"publisher":{"@id":"https:\/\/dicodusport.fr\/blog\/#organization"},"image":{"@id":"https:\/\/dicodusport.fr\/blog\/tour-des-alpes-maritimes-et-du-var-2023-classement-general\/#primaryimage"},"thumbnailUrl":"https:\/\/dicodusport.fr\/blog\/wp-content\/uploads\/2023\/02\/Tour-des-Alpes-Maritimes-et-du-Var-2023-Classement-general.png","keywords":["Tour des Alpes-Maritimes et du Var"],"articleSection":["Cyclisme sur route"],"inLanguage":"fr-FR","potentialAction":[{"@type":"CommentAction","name":"Comment","target":["https:\/\/dicodusport.fr\/blog\/tour-des-alpes-maritimes-et-du-var-2023-classement-general\/#respond"]}],"copyrightYear":"2023","copyrightHolder":{"@id":"https:\/\/dicodusport.fr\/blog\/#organization"}},{"@type":"WebPage","@id":"https:\/\/dicodusport.fr\/blog\/tour-des-alpes-maritimes-et-du-var-2023-classement-general\/","url":"https:\/\/dicodusport.fr\/blog\/tour-des-alpes-maritimes-et-du-var-2023-classement-general\/","name":"Tour des Alpes-Maritimes et du Var 2023 - Classement g\u00e9n\u00e9ral","isPartOf":{"@id":"https:\/\/dicodusport.fr\/blog\/#website"},"primaryImageOfPage":{"@id":"https:\/\/dicodusport.fr\/blog\/tour-des-alpes-maritimes-et-du-var-2023-classement-general\/#primaryimage"},"image":{"@id":"https:\/\/dicodusport.fr\/blog\/tour-des-alpes-maritimes-et-du-var-2023-classement-general\/#primaryimage"},"thumbnailUrl":"https:\/\/dicodusport.fr\/blog\/wp-content\/uploads\/2023\/02\/Tour-des-Alpes-Maritimes-et-du-Var-2023-Classement-general.png","datePublished":"2023-02-19T15:54:34+00:00","dateModified":"2023-02-19T18:04:29+00:00","description":"CYCLISME SUR ROUTE 2023 - D\u00e9couvrez le classement g\u00e9n\u00e9ral (top 20) du Tour des Alpes-Maritimes et du Var 2023.","inLanguage":"fr-FR","potentialAction":[{"@type":"ReadAction","target":["https:\/\/dicodusport.fr\/blog\/tour-des-alpes-maritimes-et-du-var-2023-classement-general\/"]}]},{"@type":"ImageObject","inLanguage":"fr-FR","@id":"https:\/\/dicodusport.fr\/blog\/tour-des-alpes-maritimes-et-du-var-2023-classement-general\/#primaryimage","url":"https:\/\/dicodusport.fr\/blog\/wp-content\/uploads\/2023\/02\/Tour-des-Alpes-Maritimes-et-du-Var-2023-Classement-general.png","contentUrl":"https:\/\/dicodusport.fr\/blog\/wp-content\/uploads\/2023\/02\/Tour-des-Alpes-Maritimes-et-du-Var-2023-Classement-general.png","width":1200,"height":670,"caption":"Tour des Alpes-Maritimes et du Var 2023 - Classement g\u00e9n\u00e9ral"},{"@type":"WebSite","@id":"https:\/\/dicodusport.fr\/blog\/#website","url":"https:\/\/dicodusport.fr\/blog\/","name":"Dicodusport","description":"L&#039;encyclop\u00e9die de l&#039;actualit\u00e9 sportive","publisher":{"@id":"https:\/\/dicodusport.fr\/blog\/#organization"},"potentialAction":[{"@type":"SearchAction","target":{"@type":"EntryPoint","urlTemplate":"https:\/\/dicodusport.fr\/blog\/?s={search_term_string}"},"query-input":{"@type":"PropertyValueSpecification","valueRequired":true,"valueName":"search_term_string"}}],"inLanguage":"fr-FR"},{"@type":"NewsMediaOrganization","@id":"https:\/\/dicodusport.fr\/blog\/#organization","name":"Dicodusport","url":"https:\/\/dicodusport.fr\/blog\/","logo":{"@type":"ImageObject","inLanguage":"fr-FR","@id":"https:\/\/dicodusport.fr\/blog\/#\/schema\/logo\/image\/","url":"https:\/\/dicodusport.fr\/blog\/wp-content\/uploads\/2020\/06\/cropped-LOGO-DICODUSPORT-2020-SANS-FOND-SANS-TEXTE.png","contentUrl":"https:\/\/dicodusport.fr\/blog\/wp-content\/uploads\/2020\/06\/cropped-LOGO-DICODUSPORT-2020-SANS-FOND-SANS-TEXTE.png","width":512,"height":512,"caption":"Dicodusport"},"image":{"@id":"https:\/\/dicodusport.fr\/blog\/#\/schema\/logo\/image\/"},"sameAs":["https:\/\/www.facebook.com\/dicodusport","https:\/\/x.com\/dicodusport","https:\/\/www.instagram.com\/dicodusport\/","https:\/\/www.youtube.com\/channel\/UC7V2KZ5sd3htJivAbA4ZG3w"],"description":"Dicodusport est l'encyclop\u00e9die de l'actualit\u00e9 sportive.","email":"bonjour@dicodusport.fr","legalName":"DICODUSPORT","foundingDate":"2018-01-14","vatID":"FR71834470973","taxID":"83447097300043","numberOfEmployees":{"@type":"QuantitativeValue","minValue":"1","maxValue":"10"}},{"@type":"Person","@id":"https:\/\/dicodusport.fr\/blog\/#\/schema\/person\/cb02af4c173ce4a653b55e9baf388d4a","name":"Flo Ostermann","image":{"@type":"ImageObject","inLanguage":"fr-FR","@id":"https:\/\/dicodusport.fr\/blog\/#\/schema\/person\/image\/","url":"https:\/\/dicodusport.fr\/blog\/wp-content\/uploads\/2021\/05\/Flo-Ostermann-150x150.jpg","contentUrl":"https:\/\/dicodusport.fr\/blog\/wp-content\/uploads\/2021\/05\/Flo-Ostermann-150x150.jpg","caption":"Flo Ostermann"},"description":"Journaliste\/R\u00e9dacteur depuis septembre 2015 - Mes premiers souvenirs dans le sport ? Les envol\u00e9es du Stade Toulousain et les duels Villeneuve-Schumacher et H\u00e4kkinen-Schumacher \u00e0 la fin des ann\u00e9es 90, la Coupe du monde de football en 1998, l\u2019exploit du XV de France face aux All Blacks en 1999, mais aussi Richard C\u0153ur de Lion qui vole sur les montagnes du Tour de France. Bien parti pour devenir professeur d\u2019EPS, les \u00e9v\u00e9nements de la vie (et la flemme d\u2019animer des s\u00e9ances de 3x500 m\u00e8tres toute ma vie) m\u2019ont conduit \u00e0 revoir mes plans. Me voil\u00e0 depuis fin 2017 sur Dicodusport, m\u00e9dia gr\u00e2ce (et pour) lequel je partage ma passion : le sport dans tous ses \u00e9tats. Le tout accompagn\u00e9 par les fous furieux et folles furieuses cit\u00e9s sur cette page !","sameAs":["https:\/\/www.facebook.com\/florent.ostermann","https:\/\/x.com\/https:\/\/twitter.com\/FlOstermann","admin"],"url":"https:\/\/dicodusport.fr\/blog\/author\/flo\/"}]}},"_links":{"self":[{"href":"https:\/\/dicodusport.fr\/blog\/wp-json\/wp\/v2\/posts\/356659","targetHints":{"allow":["GET"]}}],"collection":[{"href":"https:\/\/dicodusport.fr\/blog\/wp-json\/wp\/v2\/posts"}],"about":[{"href":"https:\/\/dicodusport.fr\/blog\/wp-json\/wp\/v2\/types\/post"}],"author":[{"embeddable":true,"href":"https:\/\/dicodusport.fr\/blog\/wp-json\/wp\/v2\/users\/4"}],"replies":[{"embeddable":true,"href":"https:\/\/dicodusport.fr\/blog\/wp-json\/wp\/v2\/comments?post=356659"}],"version-history":[{"count":0,"href":"https:\/\/dicodusport.fr\/blog\/wp-json\/wp\/v2\/posts\/356659\/revisions"}],"wp:featuredmedia":[{"embeddable":true,"href":"https:\/\/dicodusport.fr\/blog\/wp-json\/wp\/v2\/media\/356663"}],"wp:attachment":[{"href":"https:\/\/dicodusport.fr\/blog\/wp-json\/wp\/v2\/media?parent=356659"}],"wp:term":[{"taxonomy":"category","embeddable":true,"href":"https:\/\/dicodusport.fr\/blog\/wp-json\/wp\/v2\/categories?post=356659"},{"taxonomy":"post_tag","embeddable":true,"href":"https:\/\/dicodusport.fr\/blog\/wp-json\/wp\/v2\/tags?post=356659"}],"curies":[{"name":"wp","href":"https:\/\/api.w.org\/{rel}","templated":true}]}}