{"id":356660,"date":"2023-02-17T16:32:24","date_gmt":"2023-02-17T15:32:24","guid":{"rendered":"https:\/\/dicodusport.fr\/blog\/?p=356660&#038;preview=true&#038;preview_id=356660"},"modified":"2023-02-17T21:44:40","modified_gmt":"2023-02-17T20:44:40","slug":"tour-des-alpes-maritimes-et-du-var-2023-kevin-vauquelin-remporte-la-1ere-etape","status":"publish","type":"post","link":"https:\/\/dicodusport.fr\/blog\/tour-des-alpes-maritimes-et-du-var-2023-kevin-vauquelin-remporte-la-1ere-etape\/","title":{"rendered":"Tour des Alpes-Maritimes et du Var 2023 : K\u00e9vin Vauquelin remporte la 1\u00e8re \u00e9tape"},"content":{"rendered":"<p align=\"justify\"><em><b>CYCLISME SUR ROUTE 2003 &#8211; K\u00e9vin Vauquelin (Ark\u00e9a-Samsic) remporte la premi\u00e8re \u00e9tape du Tour des Alpes-Maritimes et du Var 2023 ce vendredi, \u00e0 Ramatuelle. Il s&rsquo;est extirp\u00e9 \u00e0 la flamme rouge d&rsquo;un groupe de costauds.\u00a0<\/b><\/em><\/p>\n<p style=\"text-align: justify;\">Elle est l\u00e0 la premi\u00e8re victoire professionnelle pour <strong>K\u00e9vin Vauquelin<\/strong> ! Et qu&rsquo;elle est m\u00e9rit\u00e9e pour le jeune coureur d&rsquo;Ark\u00e9a-Samsic. \u00c0 21 ans, il d\u00e9croche enfin son bouquet, apr\u00e8s avoir tourn\u00e9 autour pendant si longtemps. Exit une \u00c9toile de Bess\u00e8ges o\u00f9 on l&rsquo;avait quitt\u00e9 frustr\u00e9, apr\u00e8s des places d&rsquo;honneur et une quatri\u00e8me place au g\u00e9n\u00e9ral.<\/p>\n<h2 style=\"text-align: justify;\">Julien Bernard meilleur grimpeur<\/h2>\n<p style=\"text-align: justify;\">Le parcours de cette premi\u00e8re \u00e9tape du <strong>Tour des Alpes-Maritimes et de Var 2023<\/strong> \u00e9tait accessible \u00e0 plusieurs profils. Les sprinteurs pouvaient tirer leur \u00e9pingle du jeu, mais les puncheurs pouvaient profiter de cette arriv\u00e9e en mont\u00e9e \u00e0 Ramatuelle. Forc\u00e9ment, les candidats \u00e9taient nombreux \u00e0 la victoire d&rsquo;\u00e9tape, avec la perspective de porter le maillot de leader au bout. Il n&rsquo;\u00e9tait donc pas surprenant de voir le peloton contr\u00f4ler tout au long de cette \u00e9tape. D\u00e8s lors, difficile d&rsquo;envisager une fugue au long cours.<\/p>\n<p style=\"text-align: justify;\">Cependant, pas de quoi d\u00e9courager les vell\u00e9it\u00e9s de certains. La premi\u00e8re \u00e9chapp\u00e9e de ce cru 2023 est compos\u00e9e de cinq hommes : <strong>Florian Rapiteau<\/strong> (St-Michel-Mavic-Auber 93), <strong>Mads Ostergaard Kristensen<\/strong> (Leopard TOGT Pro Cycling), <strong>Julien Bernard<\/strong> (Trek-Segafredo), <strong>Ma\u00ebl Gu\u00e9gan<\/strong> (CIC U Nantes-Atlantique) <strong>Jean-Louis Le Ny<\/strong> (Nice M\u00e9tropole C\u00f4te d&rsquo;Azur). Leur avance maximale a \u00e9t\u00e9 assez courte, seulement quatre minutes. Nice M\u00e9tropole C\u00f4te d&rsquo;Azur, \u00e9quipe locale, est repr\u00e9sent\u00e9e \u00e0 l&rsquo;avant, ce qui fera sans doute plaisir \u00e0 son sponsor. Julien Bernard profite du fait d&rsquo;\u00eatre devant pour engranger les points sur la seule difficult\u00e9 r\u00e9pertori\u00e9e du jour, le Col du Vignon. Il se rel\u00e8ve \u00e0 50 kilom\u00e8tres de l&rsquo;arriv\u00e9e, alors que le peloton est revenu \u00e0 moins d&rsquo;une minute sur les fuyards, d\u00e9sormais r\u00e9duits \u00e0 quatre.<\/p>\n<p style=\"text-align: justify;\">Malgr\u00e9 une fin de course escarp\u00e9e, certains coureurs du peloton ont tent\u00e9 leur chance, \u00e0 pr\u00e8s de 35 kilom\u00e8tres de l&rsquo;arriv\u00e9e, suite \u00e0 une acc\u00e9l\u00e9ration de la Team-DSM de Romain Bardet. On y retrouve <strong>Cl\u00e9ment Russo<\/strong> (Ark\u00e9a-Samsic), <strong>Kevin Geniets<\/strong> (Groupama-FDJ) ou encore <strong>Benjamin Thomas<\/strong> (Cofidis). Un coup d&rsquo;\u00e9p\u00e9e dans l&rsquo;eau, mais on sent un peloton nerveux et secou\u00e9 par des attaques incessantes. Les outsiders n&rsquo;ont pas peur de se d\u00e9voiler loin de l&rsquo;arriv\u00e9e.<\/p>\n<h2 style=\"text-align: justify;\">Le coup d\u00e9cisif se d\u00e9gage \u00e0 12 kilom\u00e8tres de l&rsquo;arriv\u00e9e<\/h2>\n<p style=\"text-align: justify;\">Courageuse, l&rsquo;\u00e9chapp\u00e9e s&rsquo;est battue jusqu&rsquo;au bout, mais a d\u00fb abdiquer \u00e0 13 kilom\u00e8tres de l&rsquo;arriv\u00e9e. Le dernier survivant \u00e9tant <strong>Ma\u00ebl Gu\u00e9gan<\/strong>, qui s&rsquo;est offert un dernier baroud d&rsquo;honneur. Mais, comme souvent, le peloton \u00e9tait trop fort. La Cofidis, pour <strong>Bryan Coquard<\/strong> et son profil presque parfait dans ce genre d&rsquo;arriv\u00e9e, affiche ses ambitions et imprime un gros tempo. Le coureur nantais, Gu\u00e9gan, aura tout de m\u00eame r\u00e9sist\u00e9 pr\u00e8s de dix kilom\u00e8tres en solitaire, tenant en respect le peloton qui est rest\u00e9 \u00e0 10 secondes pendant de nombreux hectom\u00e8tres. Chapeau ! Il n&rsquo;aura pas tout perdu, \u00e9lu coureur le plus combatif.<\/p>\n<p style=\"text-align: justify;\">Dans un final en toboggan, la nervosit\u00e9 est palpable dans le peloton et tout le monde veut jouer plac\u00e9, y compris les pr\u00e9tendants au classement g\u00e9n\u00e9ral qui viennent frotter avec les favoris pour la victoire d&rsquo;\u00e9tape. <strong>Mathieu Burgaudeau<\/strong> (Team TotalEnergies) a tent\u00e9 sa chance \u00e0 12 kilom\u00e8tres de l&rsquo;arriv\u00e9e, pris en chasse par plusieurs coureurs, dont<a href=\"https:\/\/dicodusport.fr\/blog\/gp-la-marseillaise-puis-besseges-lhiver-est-radieux-pour-neilson-powless\/\"><strong> Neilson Powless<\/strong><\/a> (EF Easy-Post) ! Le vainqueur de l&rsquo;Etoile de Bess\u00e8ges est un gros outsider pour le g\u00e9n\u00e9ral de cette course et chaque occasion de prendre du temps peut-\u00eatre bonne \u00e0 prendre. On retrouve un autre homme qui a brill\u00e9 \u00e0 Bess\u00e8ges, en la personne de <strong>K\u00e9vin Vauquelin<\/strong> (Ark\u00e9a-Samsic). <strong>Pierre Gautherat<\/strong>, <strong>Aur\u00e9lien Paret-Peintre<\/strong> (AG2R-Citr\u00f6en), <strong>Kevin Geniets<\/strong> (Groupama-FDJ) sont \u00e9galement devant.<\/p>\n<h2 style=\"text-align: justify;\">K\u00e9vin Vauquelin se fait la malle au kilom\u00e8tre<\/h2>\n<p style=\"text-align: justify;\"><strong>Mathieu Burgaudeau<\/strong> et <strong>Pierre Gautherat<\/strong> coincent \u00e0 6 kilom\u00e8tres de l&rsquo;arriv\u00e9e, tandis que l&rsquo;avance des fuyards reste limit\u00e9e (17 secondes). Et le groupe ne s&rsquo;entend pas tr\u00e8s bien, tout le monde se m\u00e9fiant de <strong>Neilson Powless<\/strong>. Mais l&rsquo;\u00e9cart reste \u00e0 leur avantage (21 secondes \u00e0 3 kilom\u00e8tres de l&rsquo;arriv\u00e9e). Un \u00e9cart qui reste identique \u00e0 2 kilom\u00e8tres de l&rsquo;arriv\u00e9e. <strong>K\u00e9vin Vauquelin<\/strong> tente sa chance \u00e0 la flamme rouge et cr\u00e9e l&rsquo;\u00e9cart alors qu&rsquo;Aur\u00e9lien Paret-Peintre coince. Personne ne reverra le coureur d&rsquo;Ark\u00e9a-Samsic ! Qui d\u00e9croche un succ\u00e8s \u00e0 la p\u00e9dale qu&rsquo;il ne doit \u00e0 personne d&rsquo;autre qu&rsquo;\u00e0 ses propres jambes et son sens tactique. Sa premi\u00e8re victoire chez les professionnels.<\/p>\n<blockquote class=\"twitter-tweet\">\n<p dir=\"ltr\" lang=\"fr\">\ud83c\uddeb\ud83c\uddf7 Premi\u00e8re victoire professionnelle pour <a href=\"https:\/\/twitter.com\/kevin_vauquelin?ref_src=twsrc%5Etfw\">@kevin_vauquelin<\/a> ! Auteur d&rsquo;une attaque franche \u00e0 1 kilom\u00e8tre de l&rsquo;arriv\u00e9e, le coureur d&rsquo;Ark\u00e9a-Samsic s&rsquo;offre la 1re \u00e9tape du Tour des Alpes-Maritimes et du Var <a href=\"https:\/\/twitter.com\/hashtag\/LesRP?src=hash&amp;ref_src=twsrc%5Etfw\">#LesRP<\/a> <a href=\"https:\/\/twitter.com\/hashtag\/Tour0683?src=hash&amp;ref_src=twsrc%5Etfw\">#Tour0683<\/a> <a href=\"https:\/\/t.co\/q27UyJObUy\">pic.twitter.com\/q27UyJObUy<\/a><\/p>\n<p>\u2014 Eurosport France (@Eurosport_FR) <a href=\"https:\/\/twitter.com\/Eurosport_FR\/status\/1626607565026074624?ref_src=twsrc%5Etfw\">February 17, 2023<\/a><\/p><\/blockquote>\n<p><script async src=\"https:\/\/platform.twitter.com\/widgets.js\" charset=\"utf-8\"><\/script><\/p>\n<p style=\"text-align: justify;\"><em>\u00ab Cela s&rsquo;est fait dans la bosse. J&rsquo;ai essay\u00e9 de ne pas trop en faire et cela s&rsquo;est fait \u00e0 l&rsquo;usure. Je savais que le kilom\u00e8tre \u00e9tait plus dur et j&rsquo;ai tout mis dedans. Je suis vraiment content de mon effort. On s&rsquo;est d\u00e9j\u00e0 battus avec Powless \u00e0 Bess\u00e8ges et cette fois, je suis pass\u00e9 devant. Je vais essayer de faire du mieux possible pour la suite \u00bb<\/em>, confie \u00e0 l&rsquo;arriv\u00e9e le vainqueur du jour, qui prend le lead au classement g\u00e9n\u00e9ral. Mais <strong>Neilson Powless<\/strong>, deuxi\u00e8me \u00e0 5 secondes, frappe aussi un grand coup, en prenant 20 secondes plus les 6 de bonifications \u00e0 tout le monde. Le vainqueur de l&rsquo;\u00c9toile de Bess\u00e8ges 2023 marque d\u00e9j\u00e0 les esprits.<\/p>\n<h2 style=\"text-align: justify;\">\u00c0 lire aussi<\/h2>\n<ul>\n<li style=\"text-align: justify;\"><a href=\"https:\/\/dicodusport.fr\/blog\/tour-des-alpes-maritimes-et-du-var-2023-classement-1ere-etape\/\"><strong>Classement de la 1\u00e8re \u00e9tape<\/strong><\/a><\/li>\n<li style=\"text-align: justify;\"><a href=\"https:\/\/dicodusport.fr\/blog\/tour-des-alpes-maritimes-et-du-var-2023-classement-general\/\"><strong>Classement g\u00e9n\u00e9ral du Tour des Alpes-Maritimes et du Var<\/strong><\/a><\/li>\n<\/ul>\n","protected":false},"excerpt":{"rendered":"<p>CYCLISME SUR ROUTE 2003 &#8211; K\u00e9vin Vauquelin (Ark\u00e9a-Samsic) remporte la premi\u00e8re \u00e9tape du Tour des Alpes-Maritimes et du Var 2023 ce vendredi, \u00e0 Ramatuelle. Il s&rsquo;est extirp\u00e9 \u00e0 la flamme rouge d&rsquo;un groupe de costauds.\u00a0<\/p>\n","protected":false},"author":83,"featured_media":356733,"comment_status":"open","ping_status":"closed","sticky":false,"template":"","format":"standard","meta":{"_acf_changed":false,"_daextam_enable_autolinks":"","footnotes":""},"categories":[46994],"tags":[16878,28524],"class_list":["post-356660","post","type-post","status-publish","format-standard","has-post-thumbnail","hentry","category-cyclisme-sur-route","tag-breve","tag-kevin-vauquelin"],"acf":[],"yoast_head":"<!-- This site is optimized with the Yoast SEO Premium plugin v26.7 (Yoast SEO v26.7) - https:\/\/yoast.com\/wordpress\/plugins\/seo\/ -->\n<title>Tour des Alpes-Maritimes et du Var 2023 : K\u00e9vin Vauquelin remporte la 1\u00e8re \u00e9tape<\/title>\n<meta name=\"description\" content=\"K\u00e9vin Vauquelin remporte la premi\u00e8re \u00e9tape du Tour des Alpes-Maritimes et du Var 2023. Il s&#039;est extirp\u00e9 au kilom\u00e8tre d&#039;un groupe de costauds\" \/>\n<meta name=\"robots\" content=\"index, follow, max-snippet:-1, max-image-preview:large, max-video-preview:-1\" \/>\n<link rel=\"canonical\" href=\"https:\/\/dicodusport.fr\/blog\/tour-des-alpes-maritimes-et-du-var-2023-kevin-vauquelin-remporte-la-1ere-etape\/\" \/>\n<meta property=\"og:locale\" content=\"fr_FR\" \/>\n<meta property=\"og:type\" content=\"article\" \/>\n<meta property=\"og:title\" content=\"Tour des Alpes-Maritimes et du Var 2023 : K\u00e9vin Vauquelin remporte la 1\u00e8re \u00e9tape\" \/>\n<meta property=\"og:description\" content=\"K\u00e9vin Vauquelin remporte la premi\u00e8re \u00e9tape du Tour des Alpes-Maritimes et du Var 2023. Il s&#039;est extirp\u00e9 au kilom\u00e8tre d&#039;un groupe de costauds\" \/>\n<meta property=\"og:url\" content=\"https:\/\/dicodusport.fr\/blog\/tour-des-alpes-maritimes-et-du-var-2023-kevin-vauquelin-remporte-la-1ere-etape\/\" \/>\n<meta property=\"og:site_name\" content=\"Dicodusport\" \/>\n<meta property=\"article:publisher\" content=\"https:\/\/www.facebook.com\/dicodusport\" \/>\n<meta property=\"article:published_time\" content=\"2023-02-17T15:32:24+00:00\" \/>\n<meta property=\"article:modified_time\" content=\"2023-02-17T20:44:40+00:00\" \/>\n<meta property=\"og:image\" content=\"https:\/\/dicodusport.fr\/blog\/wp-content\/uploads\/2023\/02\/Tour-des-Alpes-Maritimes-et-du-Var-2023-Kevin-Vauquelin-remporte-la-1ere-etape-1.png\" \/>\n\t<meta property=\"og:image:width\" content=\"800\" \/>\n\t<meta property=\"og:image:height\" content=\"445\" \/>\n\t<meta property=\"og:image:type\" content=\"image\/png\" \/>\n<meta name=\"author\" content=\"Etienne Goursaud\" \/>\n<meta name=\"twitter:card\" content=\"summary_large_image\" \/>\n<meta name=\"twitter:title\" content=\"Tour des Alpes-Maritimes et du Var 2023 : K\u00e9vin Vauquelin remporte la 1\u00e8re \u00e9tape\" \/>\n<meta name=\"twitter:creator\" content=\"@dicodusport\" \/>\n<meta name=\"twitter:site\" content=\"@dicodusport\" \/>\n<script type=\"application\/ld+json\" class=\"yoast-schema-graph\">{\"@context\":\"https:\/\/schema.org\",\"@graph\":[{\"@type\":\"NewsArticle\",\"@id\":\"https:\/\/dicodusport.fr\/blog\/tour-des-alpes-maritimes-et-du-var-2023-kevin-vauquelin-remporte-la-1ere-etape\/#article\",\"isPartOf\":{\"@id\":\"https:\/\/dicodusport.fr\/blog\/tour-des-alpes-maritimes-et-du-var-2023-kevin-vauquelin-remporte-la-1ere-etape\/\"},\"author\":{\"name\":\"Etienne Goursaud\",\"@id\":\"https:\/\/dicodusport.fr\/blog\/#\/schema\/person\/d603dd7da31fb2b46c82b9835a77ec13\"},\"headline\":\"Tour des Alpes-Maritimes et du Var 2023 : K\u00e9vin Vauquelin remporte la 1\u00e8re \u00e9tape\",\"datePublished\":\"2023-02-17T15:32:24+00:00\",\"dateModified\":\"2023-02-17T20:44:40+00:00\",\"mainEntityOfPage\":{\"@id\":\"https:\/\/dicodusport.fr\/blog\/tour-des-alpes-maritimes-et-du-var-2023-kevin-vauquelin-remporte-la-1ere-etape\/\"},\"wordCount\":1018,\"commentCount\":0,\"publisher\":{\"@id\":\"https:\/\/dicodusport.fr\/blog\/#organization\"},\"image\":{\"@id\":\"https:\/\/dicodusport.fr\/blog\/tour-des-alpes-maritimes-et-du-var-2023-kevin-vauquelin-remporte-la-1ere-etape\/#primaryimage\"},\"thumbnailUrl\":\"https:\/\/dicodusport.fr\/blog\/wp-content\/uploads\/2023\/02\/Tour-des-Alpes-Maritimes-et-du-Var-2023-Kevin-Vauquelin-remporte-la-1ere-etape-1.png\",\"keywords\":[\"br\u00e8ve\",\"K\u00e9vin Vauquelin\"],\"articleSection\":[\"Cyclisme sur route\"],\"inLanguage\":\"fr-FR\",\"potentialAction\":[{\"@type\":\"CommentAction\",\"name\":\"Comment\",\"target\":[\"https:\/\/dicodusport.fr\/blog\/tour-des-alpes-maritimes-et-du-var-2023-kevin-vauquelin-remporte-la-1ere-etape\/#respond\"]}],\"copyrightYear\":\"2023\",\"copyrightHolder\":{\"@id\":\"https:\/\/dicodusport.fr\/blog\/#organization\"}},{\"@type\":\"WebPage\",\"@id\":\"https:\/\/dicodusport.fr\/blog\/tour-des-alpes-maritimes-et-du-var-2023-kevin-vauquelin-remporte-la-1ere-etape\/\",\"url\":\"https:\/\/dicodusport.fr\/blog\/tour-des-alpes-maritimes-et-du-var-2023-kevin-vauquelin-remporte-la-1ere-etape\/\",\"name\":\"Tour des Alpes-Maritimes et du Var 2023 : K\u00e9vin Vauquelin remporte la 1\u00e8re \u00e9tape\",\"isPartOf\":{\"@id\":\"https:\/\/dicodusport.fr\/blog\/#website\"},\"primaryImageOfPage\":{\"@id\":\"https:\/\/dicodusport.fr\/blog\/tour-des-alpes-maritimes-et-du-var-2023-kevin-vauquelin-remporte-la-1ere-etape\/#primaryimage\"},\"image\":{\"@id\":\"https:\/\/dicodusport.fr\/blog\/tour-des-alpes-maritimes-et-du-var-2023-kevin-vauquelin-remporte-la-1ere-etape\/#primaryimage\"},\"thumbnailUrl\":\"https:\/\/dicodusport.fr\/blog\/wp-content\/uploads\/2023\/02\/Tour-des-Alpes-Maritimes-et-du-Var-2023-Kevin-Vauquelin-remporte-la-1ere-etape-1.png\",\"datePublished\":\"2023-02-17T15:32:24+00:00\",\"dateModified\":\"2023-02-17T20:44:40+00:00\",\"description\":\"K\u00e9vin Vauquelin remporte la premi\u00e8re \u00e9tape du Tour des Alpes-Maritimes et du Var 2023. Il s'est extirp\u00e9 au kilom\u00e8tre d'un groupe de costauds\",\"breadcrumb\":{\"@id\":\"https:\/\/dicodusport.fr\/blog\/tour-des-alpes-maritimes-et-du-var-2023-kevin-vauquelin-remporte-la-1ere-etape\/#breadcrumb\"},\"inLanguage\":\"fr-FR\",\"potentialAction\":[{\"@type\":\"ReadAction\",\"target\":[\"https:\/\/dicodusport.fr\/blog\/tour-des-alpes-maritimes-et-du-var-2023-kevin-vauquelin-remporte-la-1ere-etape\/\"]}]},{\"@type\":\"ImageObject\",\"inLanguage\":\"fr-FR\",\"@id\":\"https:\/\/dicodusport.fr\/blog\/tour-des-alpes-maritimes-et-du-var-2023-kevin-vauquelin-remporte-la-1ere-etape\/#primaryimage\",\"url\":\"https:\/\/dicodusport.fr\/blog\/wp-content\/uploads\/2023\/02\/Tour-des-Alpes-Maritimes-et-du-Var-2023-Kevin-Vauquelin-remporte-la-1ere-etape-1.png\",\"contentUrl\":\"https:\/\/dicodusport.fr\/blog\/wp-content\/uploads\/2023\/02\/Tour-des-Alpes-Maritimes-et-du-Var-2023-Kevin-Vauquelin-remporte-la-1ere-etape-1.png\",\"width\":800,\"height\":445,\"caption\":\"Tour des Alpes-Maritimes et du Var 2023 K\u00e9vin Vauquelin remporte la 1\u00e8re \u00e9tape\"},{\"@type\":\"BreadcrumbList\",\"@id\":\"https:\/\/dicodusport.fr\/blog\/tour-des-alpes-maritimes-et-du-var-2023-kevin-vauquelin-remporte-la-1ere-etape\/#breadcrumb\",\"itemListElement\":[{\"@type\":\"ListItem\",\"position\":1,\"name\":\"Accueil\",\"item\":\"https:\/\/dicodusport.fr\/blog\/\"},{\"@type\":\"ListItem\",\"position\":2,\"name\":\"Tour des Alpes-Maritimes et du Var 2023 : K\u00e9vin Vauquelin remporte la 1\u00e8re \u00e9tape\"}]},{\"@type\":\"WebSite\",\"@id\":\"https:\/\/dicodusport.fr\/blog\/#website\",\"url\":\"https:\/\/dicodusport.fr\/blog\/\",\"name\":\"Dicodusport\",\"description\":\"L&#039;encyclop\u00e9die de l&#039;actualit\u00e9 sportive\",\"publisher\":{\"@id\":\"https:\/\/dicodusport.fr\/blog\/#organization\"},\"potentialAction\":[{\"@type\":\"SearchAction\",\"target\":{\"@type\":\"EntryPoint\",\"urlTemplate\":\"https:\/\/dicodusport.fr\/blog\/?s={search_term_string}\"},\"query-input\":{\"@type\":\"PropertyValueSpecification\",\"valueRequired\":true,\"valueName\":\"search_term_string\"}}],\"inLanguage\":\"fr-FR\"},{\"@type\":\"NewsMediaOrganization\",\"@id\":\"https:\/\/dicodusport.fr\/blog\/#organization\",\"name\":\"Dicodusport\",\"url\":\"https:\/\/dicodusport.fr\/blog\/\",\"logo\":{\"@type\":\"ImageObject\",\"inLanguage\":\"fr-FR\",\"@id\":\"https:\/\/dicodusport.fr\/blog\/#\/schema\/logo\/image\/\",\"url\":\"https:\/\/dicodusport.fr\/blog\/wp-content\/uploads\/2020\/06\/cropped-LOGO-DICODUSPORT-2020-SANS-FOND-SANS-TEXTE.png\",\"contentUrl\":\"https:\/\/dicodusport.fr\/blog\/wp-content\/uploads\/2020\/06\/cropped-LOGO-DICODUSPORT-2020-SANS-FOND-SANS-TEXTE.png\",\"width\":512,\"height\":512,\"caption\":\"Dicodusport\"},\"image\":{\"@id\":\"https:\/\/dicodusport.fr\/blog\/#\/schema\/logo\/image\/\"},\"sameAs\":[\"https:\/\/www.facebook.com\/dicodusport\",\"https:\/\/x.com\/dicodusport\",\"https:\/\/www.instagram.com\/dicodusport\/\",\"https:\/\/www.youtube.com\/channel\/UC7V2KZ5sd3htJivAbA4ZG3w\"],\"description\":\"Dicodusport est l'encyclop\u00e9die de l'actualit\u00e9 sportive.\",\"email\":\"bonjour@dicodusport.fr\",\"legalName\":\"DICODUSPORT\",\"foundingDate\":\"2018-01-14\",\"vatID\":\"FR71834470973\",\"taxID\":\"83447097300043\",\"numberOfEmployees\":{\"@type\":\"QuantitativeValue\",\"minValue\":\"1\",\"maxValue\":\"10\"}},{\"@type\":\"Person\",\"@id\":\"https:\/\/dicodusport.fr\/blog\/#\/schema\/person\/d603dd7da31fb2b46c82b9835a77ec13\",\"name\":\"Etienne Goursaud\",\"image\":{\"@type\":\"ImageObject\",\"inLanguage\":\"fr-FR\",\"@id\":\"https:\/\/dicodusport.fr\/blog\/#\/schema\/person\/image\/\",\"url\":\"https:\/\/dicodusport.fr\/blog\/wp-content\/uploads\/2023\/12\/410122264_10231602061736049_5565839791558026645_n-150x150.jpg\",\"contentUrl\":\"https:\/\/dicodusport.fr\/blog\/wp-content\/uploads\/2023\/12\/410122264_10231602061736049_5565839791558026645_n-150x150.jpg\",\"caption\":\"Etienne Goursaud\"},\"description\":\"Journaliste et amoureux de sport. Ancien footballeur reconverti athl\u00e8te quand ses muscles le laissent tranquille. \u00c9lev\u00e9 \u00e0 la sauce des exploits de Thomas Voeckler en 2004, du dernier essai de l\u00e9gende de Eunice Barber \u00e0 la longueur lors des championnats du monde d'athl\u00e9tisme de 2003 mais aussi Zidane, Omeyer et Titou Lamaison.\",\"url\":\"https:\/\/dicodusport.fr\/blog\/author\/etienne-goursaud\/\"}]}<\/script>\n<!-- \/ Yoast SEO Premium plugin. -->","yoast_head_json":{"title":"Tour des Alpes-Maritimes et du Var 2023 : K\u00e9vin Vauquelin remporte la 1\u00e8re \u00e9tape","description":"K\u00e9vin Vauquelin remporte la premi\u00e8re \u00e9tape du Tour des Alpes-Maritimes et du Var 2023. Il s'est extirp\u00e9 au kilom\u00e8tre d'un groupe de costauds","robots":{"index":"index","follow":"follow","max-snippet":"max-snippet:-1","max-image-preview":"max-image-preview:large","max-video-preview":"max-video-preview:-1"},"canonical":"https:\/\/dicodusport.fr\/blog\/tour-des-alpes-maritimes-et-du-var-2023-kevin-vauquelin-remporte-la-1ere-etape\/","og_locale":"fr_FR","og_type":"article","og_title":"Tour des Alpes-Maritimes et du Var 2023 : K\u00e9vin Vauquelin remporte la 1\u00e8re \u00e9tape","og_description":"K\u00e9vin Vauquelin remporte la premi\u00e8re \u00e9tape du Tour des Alpes-Maritimes et du Var 2023. Il s'est extirp\u00e9 au kilom\u00e8tre d'un groupe de costauds","og_url":"https:\/\/dicodusport.fr\/blog\/tour-des-alpes-maritimes-et-du-var-2023-kevin-vauquelin-remporte-la-1ere-etape\/","og_site_name":"Dicodusport","article_publisher":"https:\/\/www.facebook.com\/dicodusport","article_published_time":"2023-02-17T15:32:24+00:00","article_modified_time":"2023-02-17T20:44:40+00:00","og_image":[{"width":800,"height":445,"url":"https:\/\/dicodusport.fr\/blog\/wp-content\/uploads\/2023\/02\/Tour-des-Alpes-Maritimes-et-du-Var-2023-Kevin-Vauquelin-remporte-la-1ere-etape-1.png","type":"image\/png"}],"author":"Etienne Goursaud","twitter_card":"summary_large_image","twitter_title":"Tour des Alpes-Maritimes et du Var 2023 : K\u00e9vin Vauquelin remporte la 1\u00e8re \u00e9tape","twitter_creator":"@dicodusport","twitter_site":"@dicodusport","schema":{"@context":"https:\/\/schema.org","@graph":[{"@type":"NewsArticle","@id":"https:\/\/dicodusport.fr\/blog\/tour-des-alpes-maritimes-et-du-var-2023-kevin-vauquelin-remporte-la-1ere-etape\/#article","isPartOf":{"@id":"https:\/\/dicodusport.fr\/blog\/tour-des-alpes-maritimes-et-du-var-2023-kevin-vauquelin-remporte-la-1ere-etape\/"},"author":{"name":"Etienne Goursaud","@id":"https:\/\/dicodusport.fr\/blog\/#\/schema\/person\/d603dd7da31fb2b46c82b9835a77ec13"},"headline":"Tour des Alpes-Maritimes et du Var 2023 : K\u00e9vin Vauquelin remporte la 1\u00e8re \u00e9tape","datePublished":"2023-02-17T15:32:24+00:00","dateModified":"2023-02-17T20:44:40+00:00","mainEntityOfPage":{"@id":"https:\/\/dicodusport.fr\/blog\/tour-des-alpes-maritimes-et-du-var-2023-kevin-vauquelin-remporte-la-1ere-etape\/"},"wordCount":1018,"commentCount":0,"publisher":{"@id":"https:\/\/dicodusport.fr\/blog\/#organization"},"image":{"@id":"https:\/\/dicodusport.fr\/blog\/tour-des-alpes-maritimes-et-du-var-2023-kevin-vauquelin-remporte-la-1ere-etape\/#primaryimage"},"thumbnailUrl":"https:\/\/dicodusport.fr\/blog\/wp-content\/uploads\/2023\/02\/Tour-des-Alpes-Maritimes-et-du-Var-2023-Kevin-Vauquelin-remporte-la-1ere-etape-1.png","keywords":["br\u00e8ve","K\u00e9vin Vauquelin"],"articleSection":["Cyclisme sur route"],"inLanguage":"fr-FR","potentialAction":[{"@type":"CommentAction","name":"Comment","target":["https:\/\/dicodusport.fr\/blog\/tour-des-alpes-maritimes-et-du-var-2023-kevin-vauquelin-remporte-la-1ere-etape\/#respond"]}],"copyrightYear":"2023","copyrightHolder":{"@id":"https:\/\/dicodusport.fr\/blog\/#organization"}},{"@type":"WebPage","@id":"https:\/\/dicodusport.fr\/blog\/tour-des-alpes-maritimes-et-du-var-2023-kevin-vauquelin-remporte-la-1ere-etape\/","url":"https:\/\/dicodusport.fr\/blog\/tour-des-alpes-maritimes-et-du-var-2023-kevin-vauquelin-remporte-la-1ere-etape\/","name":"Tour des Alpes-Maritimes et du Var 2023 : K\u00e9vin Vauquelin remporte la 1\u00e8re \u00e9tape","isPartOf":{"@id":"https:\/\/dicodusport.fr\/blog\/#website"},"primaryImageOfPage":{"@id":"https:\/\/dicodusport.fr\/blog\/tour-des-alpes-maritimes-et-du-var-2023-kevin-vauquelin-remporte-la-1ere-etape\/#primaryimage"},"image":{"@id":"https:\/\/dicodusport.fr\/blog\/tour-des-alpes-maritimes-et-du-var-2023-kevin-vauquelin-remporte-la-1ere-etape\/#primaryimage"},"thumbnailUrl":"https:\/\/dicodusport.fr\/blog\/wp-content\/uploads\/2023\/02\/Tour-des-Alpes-Maritimes-et-du-Var-2023-Kevin-Vauquelin-remporte-la-1ere-etape-1.png","datePublished":"2023-02-17T15:32:24+00:00","dateModified":"2023-02-17T20:44:40+00:00","description":"K\u00e9vin Vauquelin remporte la premi\u00e8re \u00e9tape du Tour des Alpes-Maritimes et du Var 2023. Il s'est extirp\u00e9 au kilom\u00e8tre d'un groupe de costauds","breadcrumb":{"@id":"https:\/\/dicodusport.fr\/blog\/tour-des-alpes-maritimes-et-du-var-2023-kevin-vauquelin-remporte-la-1ere-etape\/#breadcrumb"},"inLanguage":"fr-FR","potentialAction":[{"@type":"ReadAction","target":["https:\/\/dicodusport.fr\/blog\/tour-des-alpes-maritimes-et-du-var-2023-kevin-vauquelin-remporte-la-1ere-etape\/"]}]},{"@type":"ImageObject","inLanguage":"fr-FR","@id":"https:\/\/dicodusport.fr\/blog\/tour-des-alpes-maritimes-et-du-var-2023-kevin-vauquelin-remporte-la-1ere-etape\/#primaryimage","url":"https:\/\/dicodusport.fr\/blog\/wp-content\/uploads\/2023\/02\/Tour-des-Alpes-Maritimes-et-du-Var-2023-Kevin-Vauquelin-remporte-la-1ere-etape-1.png","contentUrl":"https:\/\/dicodusport.fr\/blog\/wp-content\/uploads\/2023\/02\/Tour-des-Alpes-Maritimes-et-du-Var-2023-Kevin-Vauquelin-remporte-la-1ere-etape-1.png","width":800,"height":445,"caption":"Tour des Alpes-Maritimes et du Var 2023 K\u00e9vin Vauquelin remporte la 1\u00e8re \u00e9tape"},{"@type":"BreadcrumbList","@id":"https:\/\/dicodusport.fr\/blog\/tour-des-alpes-maritimes-et-du-var-2023-kevin-vauquelin-remporte-la-1ere-etape\/#breadcrumb","itemListElement":[{"@type":"ListItem","position":1,"name":"Accueil","item":"https:\/\/dicodusport.fr\/blog\/"},{"@type":"ListItem","position":2,"name":"Tour des Alpes-Maritimes et du Var 2023 : K\u00e9vin Vauquelin remporte la 1\u00e8re \u00e9tape"}]},{"@type":"WebSite","@id":"https:\/\/dicodusport.fr\/blog\/#website","url":"https:\/\/dicodusport.fr\/blog\/","name":"Dicodusport","description":"L&#039;encyclop\u00e9die de l&#039;actualit\u00e9 sportive","publisher":{"@id":"https:\/\/dicodusport.fr\/blog\/#organization"},"potentialAction":[{"@type":"SearchAction","target":{"@type":"EntryPoint","urlTemplate":"https:\/\/dicodusport.fr\/blog\/?s={search_term_string}"},"query-input":{"@type":"PropertyValueSpecification","valueRequired":true,"valueName":"search_term_string"}}],"inLanguage":"fr-FR"},{"@type":"NewsMediaOrganization","@id":"https:\/\/dicodusport.fr\/blog\/#organization","name":"Dicodusport","url":"https:\/\/dicodusport.fr\/blog\/","logo":{"@type":"ImageObject","inLanguage":"fr-FR","@id":"https:\/\/dicodusport.fr\/blog\/#\/schema\/logo\/image\/","url":"https:\/\/dicodusport.fr\/blog\/wp-content\/uploads\/2020\/06\/cropped-LOGO-DICODUSPORT-2020-SANS-FOND-SANS-TEXTE.png","contentUrl":"https:\/\/dicodusport.fr\/blog\/wp-content\/uploads\/2020\/06\/cropped-LOGO-DICODUSPORT-2020-SANS-FOND-SANS-TEXTE.png","width":512,"height":512,"caption":"Dicodusport"},"image":{"@id":"https:\/\/dicodusport.fr\/blog\/#\/schema\/logo\/image\/"},"sameAs":["https:\/\/www.facebook.com\/dicodusport","https:\/\/x.com\/dicodusport","https:\/\/www.instagram.com\/dicodusport\/","https:\/\/www.youtube.com\/channel\/UC7V2KZ5sd3htJivAbA4ZG3w"],"description":"Dicodusport est l'encyclop\u00e9die de l'actualit\u00e9 sportive.","email":"bonjour@dicodusport.fr","legalName":"DICODUSPORT","foundingDate":"2018-01-14","vatID":"FR71834470973","taxID":"83447097300043","numberOfEmployees":{"@type":"QuantitativeValue","minValue":"1","maxValue":"10"}},{"@type":"Person","@id":"https:\/\/dicodusport.fr\/blog\/#\/schema\/person\/d603dd7da31fb2b46c82b9835a77ec13","name":"Etienne Goursaud","image":{"@type":"ImageObject","inLanguage":"fr-FR","@id":"https:\/\/dicodusport.fr\/blog\/#\/schema\/person\/image\/","url":"https:\/\/dicodusport.fr\/blog\/wp-content\/uploads\/2023\/12\/410122264_10231602061736049_5565839791558026645_n-150x150.jpg","contentUrl":"https:\/\/dicodusport.fr\/blog\/wp-content\/uploads\/2023\/12\/410122264_10231602061736049_5565839791558026645_n-150x150.jpg","caption":"Etienne Goursaud"},"description":"Journaliste et amoureux de sport. Ancien footballeur reconverti athl\u00e8te quand ses muscles le laissent tranquille. \u00c9lev\u00e9 \u00e0 la sauce des exploits de Thomas Voeckler en 2004, du dernier essai de l\u00e9gende de Eunice Barber \u00e0 la longueur lors des championnats du monde d'athl\u00e9tisme de 2003 mais aussi Zidane, Omeyer et Titou Lamaison.","url":"https:\/\/dicodusport.fr\/blog\/author\/etienne-goursaud\/"}]}},"_links":{"self":[{"href":"https:\/\/dicodusport.fr\/blog\/wp-json\/wp\/v2\/posts\/356660","targetHints":{"allow":["GET"]}}],"collection":[{"href":"https:\/\/dicodusport.fr\/blog\/wp-json\/wp\/v2\/posts"}],"about":[{"href":"https:\/\/dicodusport.fr\/blog\/wp-json\/wp\/v2\/types\/post"}],"author":[{"embeddable":true,"href":"https:\/\/dicodusport.fr\/blog\/wp-json\/wp\/v2\/users\/83"}],"replies":[{"embeddable":true,"href":"https:\/\/dicodusport.fr\/blog\/wp-json\/wp\/v2\/comments?post=356660"}],"version-history":[{"count":0,"href":"https:\/\/dicodusport.fr\/blog\/wp-json\/wp\/v2\/posts\/356660\/revisions"}],"wp:featuredmedia":[{"embeddable":true,"href":"https:\/\/dicodusport.fr\/blog\/wp-json\/wp\/v2\/media\/356733"}],"wp:attachment":[{"href":"https:\/\/dicodusport.fr\/blog\/wp-json\/wp\/v2\/media?parent=356660"}],"wp:term":[{"taxonomy":"category","embeddable":true,"href":"https:\/\/dicodusport.fr\/blog\/wp-json\/wp\/v2\/categories?post=356660"},{"taxonomy":"post_tag","embeddable":true,"href":"https:\/\/dicodusport.fr\/blog\/wp-json\/wp\/v2\/tags?post=356660"}],"curies":[{"name":"wp","href":"https:\/\/api.w.org\/{rel}","templated":true}]}}