{"id":357046,"date":"2023-02-18T16:56:52","date_gmt":"2023-02-18T15:56:52","guid":{"rendered":"https:\/\/dicodusport.fr\/blog\/?p=357046&#038;preview=true&#038;preview_id=357046"},"modified":"2023-02-19T08:45:48","modified_gmt":"2023-02-19T07:45:48","slug":"tour-des-alpes-maritimes-et-du-var-2023-mattias-skjelmose-sadjuge-la-2eme-etape","status":"publish","type":"post","link":"https:\/\/dicodusport.fr\/blog\/tour-des-alpes-maritimes-et-du-var-2023-mattias-skjelmose-sadjuge-la-2eme-etape\/","title":{"rendered":"Tour des Alpes-Maritimes et du Var 2023 : Mattias Skjelmose s&rsquo;adjuge la 2\u00e8me \u00e9tape"},"content":{"rendered":"<p align=\"justify\"><em><strong><a href=\"https:\/\/dicodusport.fr\/blog\/tour-des-alpes-maritimes-et-du-var-2023-parcours-et-favoris\/\">TOUR DES ALPES-MARITIMES ET DU VAR 2023<\/a> &#8211; Dans un final d\u00e9cousu, Mattias Skjelmose Jensen (Trek-Segafredo) remporte la deuxi\u00e8me \u00e9tape en anticipant l\u00e9g\u00e8rement le sprint. K\u00e9vin Vauquelin (Ark\u00e9a-Samsic) garde la tunique de leader.<\/strong><\/em><\/p>\n<p style=\"text-align: justify;\">Il faut avoir brill\u00e9 sur l&rsquo;\u00c9toile de Bess\u00e8ges pour performer sur le <strong>Tour des Alpes-Maritimes et du Var 2023<\/strong>. On le sait, l&rsquo;air de Provence n&rsquo;est pas le plus mauvais du monde. Et <a href=\"https:\/\/dicodusport.fr\/blog\/les-coureurs-a-suivre-en-2023-mattias-skjelmose-jensen-lannee-de-la-confirmation\/\"><strong>Mattias Skjelmose<\/strong><\/a> (Trek-Segafredo) l&rsquo;a d\u00e9montr\u00e9. Le vainqueur du Mont-Bouquet, plus t\u00f4t en f\u00e9vrier, s&rsquo;adjuge tout \u00e0 l&rsquo;heure la seconde \u00e9tape, devant <strong>Neilson Powless<\/strong> (EF Education EasyPost), vainqueur du g\u00e9n\u00e9ral de la course gardoise. Et le Danois succ\u00e8de \u00e0<strong> K\u00e9vin Vauquelin<\/strong>, vainqueur de la premi\u00e8re \u00e9tape hier. Le Fran\u00e7ais a fait preuve d&rsquo;une grande ma\u00eetrise, dans une \u00e9tape compliqu\u00e9e. Et prend m\u00eame la troisi\u00e8me place, synonyme de 4 secondes de bonifications. Pr\u00e9cieuses avant la derni\u00e8re \u00e9tape demain.<\/p>\n<h2 style=\"text-align: justify;\">Quatre hommes \u00e0 l&rsquo;avant<\/h2>\n<p style=\"text-align: justify;\">Nouveau parcours escarp\u00e9 sur les routes du <strong>Tour des Alpes-Maritimes et du Var 2023<\/strong>. Apr\u00e8s la belle r\u00e9sistance du groupe d&rsquo;\u00e9chapp\u00e9e hier, sur la premi\u00e8re \u00e9tape et un Ma\u00ebl Guegan qui a r\u00e9sist\u00e9 jusqu&rsquo;\u00e0 une dizaine de kilom\u00e8tres de l&rsquo;arriv\u00e9e, on a vu aujourd&rsquo;hui quatre hommes tenter leur chance : <strong>Lorenzo Milesi<\/strong>, <strong>Marco Brenner<\/strong> (Team DSM), <strong>Adne Hotler<\/strong> (Uno-X Pro Cycling Team), <strong>Mathieu Burgaudeau<\/strong> (TotalEnergies).<\/p>\n<p style=\"text-align: justify;\">Le profil escarp\u00e9 de cette deuxi\u00e8me \u00e9tape a isol\u00e9 <strong>K\u00e9vin Vauquelin<\/strong>, esseul\u00e9 \u00e0 50 kilom\u00e8tres de l&rsquo;arriv\u00e9e. Le forcing de la EF Education EasyPost a fait sauter tous les co\u00e9quipiers de la Ark\u00e9a-Samsic. Expos\u00e9, celui qui a r\u00e9alis\u00e9 un gros num\u00e9ro hier, est d\u00e9sormais \u00e0 la merci de tout le monde. Son maillot jaune de leader \u00e9tant plus qu&rsquo;en danger.<\/p>\n<h2 style=\"text-align: justify;\">Mathieu Burgaudeau part \u00e0 38 kilom\u00e8tres de l&rsquo;arriv\u00e9e<\/h2>\n<p style=\"text-align: justify;\">Forc\u00e9ment, l&rsquo;\u00e9cart tombe sous la minute avec les hommes devant, alors qu&rsquo;il reste encore une tr\u00e8s grosse heure de course. <strong>Mathieu Burgaudeau<\/strong>, un des h\u00e9ros de la premi\u00e8re \u00e9tape hier, instigateur du coup d\u00e9cisif, qui a propuls\u00e9 <strong>K\u00e9vin Vauquelin<\/strong> vers la victoire, avant de coincer \u00e0 six kilom\u00e8tres du but, \u00e9tait sans doute un peu frustr\u00e9 de son \u00e9tape. \u00c0 38 kilom\u00e8tres de l&rsquo;arriv\u00e9e, le coureur de la TotalEnergies tente sa chance et s&rsquo;isole en solitaire ! Et relance totalement la course, avec un \u00e9cart qui remonte \u00e0 1:40 \u00e0 32 kilom\u00e8tres de l&rsquo;arriv\u00e9e. Le coureur fran\u00e7ais r\u00e9alise un v\u00e9ritable num\u00e9ro, puisqu&rsquo;il poss\u00e8de encore 55 secondes d&rsquo;avance \u00e0 9 kilom\u00e8tres de l&rsquo;arriv\u00e9e.<\/p>\n<p style=\"text-align: justify;\">Mais le peloton n&rsquo;abdique pas, loin de l\u00e0. Un peloton men\u00e9 par la EF Education EasyPost de <strong>Neilson Powless<\/strong>, deuxi\u00e8me du classement g\u00e9n\u00e9ral, qui fait le forcing. L&rsquo;\u00e9cart tombe \u00e0 25 secondes en quelques hectom\u00e8tres. <strong>Romain Gr\u00e9goire<\/strong> (Groupama-FDJ) tente sa chance, mais ne parvient pas \u00e0 faire le break. Son co\u00e9quipier <strong>K\u00e9vin Geniets<\/strong> tente \u00e0 son tour dans la foul\u00e9e, alors que <strong>Mathieu Burgaudeau<\/strong> est revu \u00e0 7 kilom\u00e8tres de l&rsquo;arriv\u00e9e et que le peloton est plus nerveux que jamais.<\/p>\n<h2 style=\"text-align: justify;\">La Groupama-FDJ pas r\u00e9compens\u00e9e<\/h2>\n<p style=\"text-align: justify;\">La Groupama-FDJ a d\u00e9cid\u00e9 de mettre le feu dans ce final et c&rsquo;est au tour de <strong>Thibaut Pinot<\/strong> de tenter sa chance \u00e0 5 kilom\u00e8tres de l&rsquo;arriv\u00e9e ! Et le 3e du Tour de France 2014 a fait mal \u00e0 tout le monde. La formation de Marc Madiot veut tenter de d\u00e9jouer un sprint massif. Mais la Cofidis, pi\u00e9g\u00e9e hier, et la EF Education EasyPost ne veulent pas d&rsquo;une victoire en solitaire. La formation fran\u00e7aise veut propulser son sprinteur Bryan Coquard. Mais les attaques fusent et c&rsquo;est au tour du leader du g\u00e9n\u00e9ral K\u00e9vin Vauquelin de tenter sa chance \u00e0 2,7 kilom\u00e8tres de l&rsquo;arriv\u00e9e. Suivi par <strong>David Gaudu<\/strong>.<\/p>\n<p style=\"text-align: justify;\">Il y aura bien un sprint, mais en petit comit\u00e9 ! Dans une course nerveuse et compliqu\u00e9e, il n&rsquo;y avait plus qu&rsquo;une trentaine de coureurs \u00e0 l&rsquo;avant. Et pas de Bryan Coquard, pi\u00e9g\u00e9, malgr\u00e9 le gros travail de son \u00e9quipe. Et c&rsquo;est la fra\u00eecheur qui a fait la diff\u00e9rence. A ce petit jeu-l\u00e0, <strong>Mattias Skjelmose\u00a0<\/strong>\u00e9tait le plus fort. Il a lanc\u00e9 de loin et a r\u00e9sist\u00e9 \u00e0 tout le monde. Il en profite pour revenir \u00e0 27 secondes d&rsquo;un <strong>K\u00e9vin Vauquelin<\/strong> toujours bien accroch\u00e9 \u00e0 la t\u00eate du g\u00e9n\u00e9ral.<\/p>\n<blockquote class=\"twitter-tweet\">\n<p dir=\"ltr\" lang=\"fr\">Mattias Skjelmose (Trek-Segafredo) s&rsquo;adjuge au sprint la deuxi\u00e8me \u00e9tape du Tour des Alpes-Maritimes et du Var ! Le Danois devance Neilson Powless. Leader de la course, Kevin Vauquelin a tent\u00e9 sa chance \u00e0 2km avec David Gaudu, en vain. <a href=\"https:\/\/twitter.com\/hashtag\/Tour0683?src=hash&amp;ref_src=twsrc%5Etfw\">#Tour0683<\/a> <a href=\"https:\/\/t.co\/o8PW6m7Le9\">pic.twitter.com\/o8PW6m7Le9<\/a><\/p>\n<p>\u2014 Le Gruppetto (@LeGruppetto) <a href=\"https:\/\/twitter.com\/LeGruppetto\/status\/1626972167286972419?ref_src=twsrc%5Etfw\">February 18, 2023<\/a><\/p><\/blockquote>\n<p><script async src=\"https:\/\/platform.twitter.com\/widgets.js\" charset=\"utf-8\"><\/script><\/p>\n<h2 style=\"text-align: justify;\">\u00c0 lire aussi<\/h2>\n<ul>\n<li style=\"text-align: justify;\"><a href=\"https:\/\/dicodusport.fr\/blog\/tour-des-alpes-maritimes-et-du-var-2023-classement-2eme-etape\/\"><strong>Classement de la 2\u00e8me \u00e9tape<\/strong><\/a><\/li>\n<li style=\"text-align: justify;\"><a href=\"https:\/\/dicodusport.fr\/blog\/tour-des-alpes-maritimes-et-du-var-2023-classement-general\/\"><strong>Classement g\u00e9n\u00e9ral du Tour des Alpes-Maritimes et du Var<\/strong><\/a><\/li>\n<\/ul>\n","protected":false},"excerpt":{"rendered":"<p>TOUR DES ALPES-MARITIMES ET DU VAR 2023 &#8211; Dans un final d\u00e9cousu, Mattias Skjelmose Jensen (Trek-Segafredo) remporte la deuxi\u00e8me \u00e9tape en anticipant l\u00e9g\u00e8rement le sprint. K\u00e9vin Vauquelin (Ark\u00e9a-Samsic) garde la tunique de leader.<\/p>\n","protected":false},"author":83,"featured_media":357211,"comment_status":"open","ping_status":"closed","sticky":false,"template":"","format":"standard","meta":{"_acf_changed":false,"_daextam_enable_autolinks":"","footnotes":""},"categories":[46994],"tags":[16878],"class_list":["post-357046","post","type-post","status-publish","format-standard","has-post-thumbnail","hentry","category-cyclisme-sur-route","tag-breve"],"acf":[],"yoast_head":"<!-- This site is optimized with the Yoast SEO Premium plugin v26.7 (Yoast SEO v26.7) - https:\/\/yoast.com\/wordpress\/plugins\/seo\/ -->\n<title>Tour des Alpes-Maritimes et du Var 2023 : Mattias Skjelmose s&#039;adjuge la 2\u00e8me \u00e9tape<\/title>\n<meta name=\"description\" content=\"Dans un final d\u00e9cousu, Mattias Skjelmose remporte la seconde \u00e9tape en anticipant l\u00e9g\u00e8rement le sprint. Kevin Vauquelin garde la tunique de leader\" \/>\n<meta name=\"robots\" content=\"index, follow, max-snippet:-1, max-image-preview:large, max-video-preview:-1\" \/>\n<link rel=\"canonical\" href=\"https:\/\/dicodusport.fr\/blog\/tour-des-alpes-maritimes-et-du-var-2023-mattias-skjelmose-sadjuge-la-2eme-etape\/\" \/>\n<meta property=\"og:locale\" content=\"fr_FR\" \/>\n<meta property=\"og:type\" content=\"article\" \/>\n<meta property=\"og:title\" content=\"Tour des Alpes-Maritimes et du Var 2023 : Mattias Skjelmose s&#039;adjuge la 2\u00e8me \u00e9tape\" \/>\n<meta property=\"og:description\" content=\"Dans un final d\u00e9cousu, Mattias Skjelmose remporte la seconde \u00e9tape en anticipant l\u00e9g\u00e8rement le sprint. Kevin Vauquelin garde la tunique de leader\" \/>\n<meta property=\"og:url\" content=\"https:\/\/dicodusport.fr\/blog\/tour-des-alpes-maritimes-et-du-var-2023-mattias-skjelmose-sadjuge-la-2eme-etape\/\" \/>\n<meta property=\"og:site_name\" content=\"Dicodusport\" \/>\n<meta property=\"article:publisher\" content=\"https:\/\/www.facebook.com\/dicodusport\" \/>\n<meta property=\"article:published_time\" content=\"2023-02-18T15:56:52+00:00\" \/>\n<meta property=\"article:modified_time\" content=\"2023-02-19T07:45:48+00:00\" \/>\n<meta property=\"og:image\" content=\"https:\/\/dicodusport.fr\/blog\/wp-content\/uploads\/2023\/02\/Tour-des-Alpes-Maritimes-et-du-Var-2023-Mattias-Skjelmose-sadjuge-la-2eme-etape-1.png\" \/>\n\t<meta property=\"og:image:width\" content=\"800\" \/>\n\t<meta property=\"og:image:height\" content=\"445\" \/>\n\t<meta property=\"og:image:type\" content=\"image\/png\" \/>\n<meta name=\"author\" content=\"Etienne Goursaud\" \/>\n<meta name=\"twitter:card\" content=\"summary_large_image\" \/>\n<meta name=\"twitter:title\" content=\"Tour des Alpes-Maritimes et du Var 2023 : Mattias Skjelmose s&#039;adjuge la 2\u00e8me \u00e9tape\" \/>\n<meta name=\"twitter:creator\" content=\"@dicodusport\" \/>\n<meta name=\"twitter:site\" content=\"@dicodusport\" \/>\n<script type=\"application\/ld+json\" class=\"yoast-schema-graph\">{\"@context\":\"https:\/\/schema.org\",\"@graph\":[{\"@type\":\"NewsArticle\",\"@id\":\"https:\/\/dicodusport.fr\/blog\/tour-des-alpes-maritimes-et-du-var-2023-mattias-skjelmose-sadjuge-la-2eme-etape\/#article\",\"isPartOf\":{\"@id\":\"https:\/\/dicodusport.fr\/blog\/tour-des-alpes-maritimes-et-du-var-2023-mattias-skjelmose-sadjuge-la-2eme-etape\/\"},\"author\":{\"name\":\"Etienne Goursaud\",\"@id\":\"https:\/\/dicodusport.fr\/blog\/#\/schema\/person\/d603dd7da31fb2b46c82b9835a77ec13\"},\"headline\":\"Tour des Alpes-Maritimes et du Var 2023 : Mattias Skjelmose s&rsquo;adjuge la 2\u00e8me \u00e9tape\",\"datePublished\":\"2023-02-18T15:56:52+00:00\",\"dateModified\":\"2023-02-19T07:45:48+00:00\",\"mainEntityOfPage\":{\"@id\":\"https:\/\/dicodusport.fr\/blog\/tour-des-alpes-maritimes-et-du-var-2023-mattias-skjelmose-sadjuge-la-2eme-etape\/\"},\"wordCount\":839,\"commentCount\":0,\"publisher\":{\"@id\":\"https:\/\/dicodusport.fr\/blog\/#organization\"},\"image\":{\"@id\":\"https:\/\/dicodusport.fr\/blog\/tour-des-alpes-maritimes-et-du-var-2023-mattias-skjelmose-sadjuge-la-2eme-etape\/#primaryimage\"},\"thumbnailUrl\":\"https:\/\/dicodusport.fr\/blog\/wp-content\/uploads\/2023\/02\/Tour-des-Alpes-Maritimes-et-du-Var-2023-Mattias-Skjelmose-sadjuge-la-2eme-etape-1.png\",\"keywords\":[\"br\u00e8ve\"],\"articleSection\":[\"Cyclisme sur route\"],\"inLanguage\":\"fr-FR\",\"potentialAction\":[{\"@type\":\"CommentAction\",\"name\":\"Comment\",\"target\":[\"https:\/\/dicodusport.fr\/blog\/tour-des-alpes-maritimes-et-du-var-2023-mattias-skjelmose-sadjuge-la-2eme-etape\/#respond\"]}],\"copyrightYear\":\"2023\",\"copyrightHolder\":{\"@id\":\"https:\/\/dicodusport.fr\/blog\/#organization\"}},{\"@type\":\"WebPage\",\"@id\":\"https:\/\/dicodusport.fr\/blog\/tour-des-alpes-maritimes-et-du-var-2023-mattias-skjelmose-sadjuge-la-2eme-etape\/\",\"url\":\"https:\/\/dicodusport.fr\/blog\/tour-des-alpes-maritimes-et-du-var-2023-mattias-skjelmose-sadjuge-la-2eme-etape\/\",\"name\":\"Tour des Alpes-Maritimes et du Var 2023 : Mattias Skjelmose s'adjuge la 2\u00e8me \u00e9tape\",\"isPartOf\":{\"@id\":\"https:\/\/dicodusport.fr\/blog\/#website\"},\"primaryImageOfPage\":{\"@id\":\"https:\/\/dicodusport.fr\/blog\/tour-des-alpes-maritimes-et-du-var-2023-mattias-skjelmose-sadjuge-la-2eme-etape\/#primaryimage\"},\"image\":{\"@id\":\"https:\/\/dicodusport.fr\/blog\/tour-des-alpes-maritimes-et-du-var-2023-mattias-skjelmose-sadjuge-la-2eme-etape\/#primaryimage\"},\"thumbnailUrl\":\"https:\/\/dicodusport.fr\/blog\/wp-content\/uploads\/2023\/02\/Tour-des-Alpes-Maritimes-et-du-Var-2023-Mattias-Skjelmose-sadjuge-la-2eme-etape-1.png\",\"datePublished\":\"2023-02-18T15:56:52+00:00\",\"dateModified\":\"2023-02-19T07:45:48+00:00\",\"description\":\"Dans un final d\u00e9cousu, Mattias Skjelmose remporte la seconde \u00e9tape en anticipant l\u00e9g\u00e8rement le sprint. Kevin Vauquelin garde la tunique de leader\",\"breadcrumb\":{\"@id\":\"https:\/\/dicodusport.fr\/blog\/tour-des-alpes-maritimes-et-du-var-2023-mattias-skjelmose-sadjuge-la-2eme-etape\/#breadcrumb\"},\"inLanguage\":\"fr-FR\",\"potentialAction\":[{\"@type\":\"ReadAction\",\"target\":[\"https:\/\/dicodusport.fr\/blog\/tour-des-alpes-maritimes-et-du-var-2023-mattias-skjelmose-sadjuge-la-2eme-etape\/\"]}]},{\"@type\":\"ImageObject\",\"inLanguage\":\"fr-FR\",\"@id\":\"https:\/\/dicodusport.fr\/blog\/tour-des-alpes-maritimes-et-du-var-2023-mattias-skjelmose-sadjuge-la-2eme-etape\/#primaryimage\",\"url\":\"https:\/\/dicodusport.fr\/blog\/wp-content\/uploads\/2023\/02\/Tour-des-Alpes-Maritimes-et-du-Var-2023-Mattias-Skjelmose-sadjuge-la-2eme-etape-1.png\",\"contentUrl\":\"https:\/\/dicodusport.fr\/blog\/wp-content\/uploads\/2023\/02\/Tour-des-Alpes-Maritimes-et-du-Var-2023-Mattias-Skjelmose-sadjuge-la-2eme-etape-1.png\",\"width\":800,\"height\":445,\"caption\":\"Tour des Alpes-Maritimes et du Var 2023 Mattias Skjelmose s'adjuge la 2\u00e8me \u00e9tape (1)\"},{\"@type\":\"BreadcrumbList\",\"@id\":\"https:\/\/dicodusport.fr\/blog\/tour-des-alpes-maritimes-et-du-var-2023-mattias-skjelmose-sadjuge-la-2eme-etape\/#breadcrumb\",\"itemListElement\":[{\"@type\":\"ListItem\",\"position\":1,\"name\":\"Accueil\",\"item\":\"https:\/\/dicodusport.fr\/blog\/\"},{\"@type\":\"ListItem\",\"position\":2,\"name\":\"Tour des Alpes-Maritimes et du Var 2023 : Mattias Skjelmose s&rsquo;adjuge la 2\u00e8me \u00e9tape\"}]},{\"@type\":\"WebSite\",\"@id\":\"https:\/\/dicodusport.fr\/blog\/#website\",\"url\":\"https:\/\/dicodusport.fr\/blog\/\",\"name\":\"Dicodusport\",\"description\":\"L&#039;encyclop\u00e9die de l&#039;actualit\u00e9 sportive\",\"publisher\":{\"@id\":\"https:\/\/dicodusport.fr\/blog\/#organization\"},\"potentialAction\":[{\"@type\":\"SearchAction\",\"target\":{\"@type\":\"EntryPoint\",\"urlTemplate\":\"https:\/\/dicodusport.fr\/blog\/?s={search_term_string}\"},\"query-input\":{\"@type\":\"PropertyValueSpecification\",\"valueRequired\":true,\"valueName\":\"search_term_string\"}}],\"inLanguage\":\"fr-FR\"},{\"@type\":\"NewsMediaOrganization\",\"@id\":\"https:\/\/dicodusport.fr\/blog\/#organization\",\"name\":\"Dicodusport\",\"url\":\"https:\/\/dicodusport.fr\/blog\/\",\"logo\":{\"@type\":\"ImageObject\",\"inLanguage\":\"fr-FR\",\"@id\":\"https:\/\/dicodusport.fr\/blog\/#\/schema\/logo\/image\/\",\"url\":\"https:\/\/dicodusport.fr\/blog\/wp-content\/uploads\/2020\/06\/cropped-LOGO-DICODUSPORT-2020-SANS-FOND-SANS-TEXTE.png\",\"contentUrl\":\"https:\/\/dicodusport.fr\/blog\/wp-content\/uploads\/2020\/06\/cropped-LOGO-DICODUSPORT-2020-SANS-FOND-SANS-TEXTE.png\",\"width\":512,\"height\":512,\"caption\":\"Dicodusport\"},\"image\":{\"@id\":\"https:\/\/dicodusport.fr\/blog\/#\/schema\/logo\/image\/\"},\"sameAs\":[\"https:\/\/www.facebook.com\/dicodusport\",\"https:\/\/x.com\/dicodusport\",\"https:\/\/www.instagram.com\/dicodusport\/\",\"https:\/\/www.youtube.com\/channel\/UC7V2KZ5sd3htJivAbA4ZG3w\"],\"description\":\"Dicodusport est l'encyclop\u00e9die de l'actualit\u00e9 sportive.\",\"email\":\"bonjour@dicodusport.fr\",\"legalName\":\"DICODUSPORT\",\"foundingDate\":\"2018-01-14\",\"vatID\":\"FR71834470973\",\"taxID\":\"83447097300043\",\"numberOfEmployees\":{\"@type\":\"QuantitativeValue\",\"minValue\":\"1\",\"maxValue\":\"10\"}},{\"@type\":\"Person\",\"@id\":\"https:\/\/dicodusport.fr\/blog\/#\/schema\/person\/d603dd7da31fb2b46c82b9835a77ec13\",\"name\":\"Etienne Goursaud\",\"image\":{\"@type\":\"ImageObject\",\"inLanguage\":\"fr-FR\",\"@id\":\"https:\/\/dicodusport.fr\/blog\/#\/schema\/person\/image\/\",\"url\":\"https:\/\/dicodusport.fr\/blog\/wp-content\/uploads\/2023\/12\/410122264_10231602061736049_5565839791558026645_n-150x150.jpg\",\"contentUrl\":\"https:\/\/dicodusport.fr\/blog\/wp-content\/uploads\/2023\/12\/410122264_10231602061736049_5565839791558026645_n-150x150.jpg\",\"caption\":\"Etienne Goursaud\"},\"description\":\"Journaliste et amoureux de sport. Ancien footballeur reconverti athl\u00e8te quand ses muscles le laissent tranquille. \u00c9lev\u00e9 \u00e0 la sauce des exploits de Thomas Voeckler en 2004, du dernier essai de l\u00e9gende de Eunice Barber \u00e0 la longueur lors des championnats du monde d'athl\u00e9tisme de 2003 mais aussi Zidane, Omeyer et Titou Lamaison.\",\"url\":\"https:\/\/dicodusport.fr\/blog\/author\/etienne-goursaud\/\"}]}<\/script>\n<!-- \/ Yoast SEO Premium plugin. -->","yoast_head_json":{"title":"Tour des Alpes-Maritimes et du Var 2023 : Mattias Skjelmose s'adjuge la 2\u00e8me \u00e9tape","description":"Dans un final d\u00e9cousu, Mattias Skjelmose remporte la seconde \u00e9tape en anticipant l\u00e9g\u00e8rement le sprint. Kevin Vauquelin garde la tunique de leader","robots":{"index":"index","follow":"follow","max-snippet":"max-snippet:-1","max-image-preview":"max-image-preview:large","max-video-preview":"max-video-preview:-1"},"canonical":"https:\/\/dicodusport.fr\/blog\/tour-des-alpes-maritimes-et-du-var-2023-mattias-skjelmose-sadjuge-la-2eme-etape\/","og_locale":"fr_FR","og_type":"article","og_title":"Tour des Alpes-Maritimes et du Var 2023 : Mattias Skjelmose s'adjuge la 2\u00e8me \u00e9tape","og_description":"Dans un final d\u00e9cousu, Mattias Skjelmose remporte la seconde \u00e9tape en anticipant l\u00e9g\u00e8rement le sprint. Kevin Vauquelin garde la tunique de leader","og_url":"https:\/\/dicodusport.fr\/blog\/tour-des-alpes-maritimes-et-du-var-2023-mattias-skjelmose-sadjuge-la-2eme-etape\/","og_site_name":"Dicodusport","article_publisher":"https:\/\/www.facebook.com\/dicodusport","article_published_time":"2023-02-18T15:56:52+00:00","article_modified_time":"2023-02-19T07:45:48+00:00","og_image":[{"width":800,"height":445,"url":"https:\/\/dicodusport.fr\/blog\/wp-content\/uploads\/2023\/02\/Tour-des-Alpes-Maritimes-et-du-Var-2023-Mattias-Skjelmose-sadjuge-la-2eme-etape-1.png","type":"image\/png"}],"author":"Etienne Goursaud","twitter_card":"summary_large_image","twitter_title":"Tour des Alpes-Maritimes et du Var 2023 : Mattias Skjelmose s'adjuge la 2\u00e8me \u00e9tape","twitter_creator":"@dicodusport","twitter_site":"@dicodusport","schema":{"@context":"https:\/\/schema.org","@graph":[{"@type":"NewsArticle","@id":"https:\/\/dicodusport.fr\/blog\/tour-des-alpes-maritimes-et-du-var-2023-mattias-skjelmose-sadjuge-la-2eme-etape\/#article","isPartOf":{"@id":"https:\/\/dicodusport.fr\/blog\/tour-des-alpes-maritimes-et-du-var-2023-mattias-skjelmose-sadjuge-la-2eme-etape\/"},"author":{"name":"Etienne Goursaud","@id":"https:\/\/dicodusport.fr\/blog\/#\/schema\/person\/d603dd7da31fb2b46c82b9835a77ec13"},"headline":"Tour des Alpes-Maritimes et du Var 2023 : Mattias Skjelmose s&rsquo;adjuge la 2\u00e8me \u00e9tape","datePublished":"2023-02-18T15:56:52+00:00","dateModified":"2023-02-19T07:45:48+00:00","mainEntityOfPage":{"@id":"https:\/\/dicodusport.fr\/blog\/tour-des-alpes-maritimes-et-du-var-2023-mattias-skjelmose-sadjuge-la-2eme-etape\/"},"wordCount":839,"commentCount":0,"publisher":{"@id":"https:\/\/dicodusport.fr\/blog\/#organization"},"image":{"@id":"https:\/\/dicodusport.fr\/blog\/tour-des-alpes-maritimes-et-du-var-2023-mattias-skjelmose-sadjuge-la-2eme-etape\/#primaryimage"},"thumbnailUrl":"https:\/\/dicodusport.fr\/blog\/wp-content\/uploads\/2023\/02\/Tour-des-Alpes-Maritimes-et-du-Var-2023-Mattias-Skjelmose-sadjuge-la-2eme-etape-1.png","keywords":["br\u00e8ve"],"articleSection":["Cyclisme sur route"],"inLanguage":"fr-FR","potentialAction":[{"@type":"CommentAction","name":"Comment","target":["https:\/\/dicodusport.fr\/blog\/tour-des-alpes-maritimes-et-du-var-2023-mattias-skjelmose-sadjuge-la-2eme-etape\/#respond"]}],"copyrightYear":"2023","copyrightHolder":{"@id":"https:\/\/dicodusport.fr\/blog\/#organization"}},{"@type":"WebPage","@id":"https:\/\/dicodusport.fr\/blog\/tour-des-alpes-maritimes-et-du-var-2023-mattias-skjelmose-sadjuge-la-2eme-etape\/","url":"https:\/\/dicodusport.fr\/blog\/tour-des-alpes-maritimes-et-du-var-2023-mattias-skjelmose-sadjuge-la-2eme-etape\/","name":"Tour des Alpes-Maritimes et du Var 2023 : Mattias Skjelmose s'adjuge la 2\u00e8me \u00e9tape","isPartOf":{"@id":"https:\/\/dicodusport.fr\/blog\/#website"},"primaryImageOfPage":{"@id":"https:\/\/dicodusport.fr\/blog\/tour-des-alpes-maritimes-et-du-var-2023-mattias-skjelmose-sadjuge-la-2eme-etape\/#primaryimage"},"image":{"@id":"https:\/\/dicodusport.fr\/blog\/tour-des-alpes-maritimes-et-du-var-2023-mattias-skjelmose-sadjuge-la-2eme-etape\/#primaryimage"},"thumbnailUrl":"https:\/\/dicodusport.fr\/blog\/wp-content\/uploads\/2023\/02\/Tour-des-Alpes-Maritimes-et-du-Var-2023-Mattias-Skjelmose-sadjuge-la-2eme-etape-1.png","datePublished":"2023-02-18T15:56:52+00:00","dateModified":"2023-02-19T07:45:48+00:00","description":"Dans un final d\u00e9cousu, Mattias Skjelmose remporte la seconde \u00e9tape en anticipant l\u00e9g\u00e8rement le sprint. Kevin Vauquelin garde la tunique de leader","breadcrumb":{"@id":"https:\/\/dicodusport.fr\/blog\/tour-des-alpes-maritimes-et-du-var-2023-mattias-skjelmose-sadjuge-la-2eme-etape\/#breadcrumb"},"inLanguage":"fr-FR","potentialAction":[{"@type":"ReadAction","target":["https:\/\/dicodusport.fr\/blog\/tour-des-alpes-maritimes-et-du-var-2023-mattias-skjelmose-sadjuge-la-2eme-etape\/"]}]},{"@type":"ImageObject","inLanguage":"fr-FR","@id":"https:\/\/dicodusport.fr\/blog\/tour-des-alpes-maritimes-et-du-var-2023-mattias-skjelmose-sadjuge-la-2eme-etape\/#primaryimage","url":"https:\/\/dicodusport.fr\/blog\/wp-content\/uploads\/2023\/02\/Tour-des-Alpes-Maritimes-et-du-Var-2023-Mattias-Skjelmose-sadjuge-la-2eme-etape-1.png","contentUrl":"https:\/\/dicodusport.fr\/blog\/wp-content\/uploads\/2023\/02\/Tour-des-Alpes-Maritimes-et-du-Var-2023-Mattias-Skjelmose-sadjuge-la-2eme-etape-1.png","width":800,"height":445,"caption":"Tour des Alpes-Maritimes et du Var 2023 Mattias Skjelmose s'adjuge la 2\u00e8me \u00e9tape (1)"},{"@type":"BreadcrumbList","@id":"https:\/\/dicodusport.fr\/blog\/tour-des-alpes-maritimes-et-du-var-2023-mattias-skjelmose-sadjuge-la-2eme-etape\/#breadcrumb","itemListElement":[{"@type":"ListItem","position":1,"name":"Accueil","item":"https:\/\/dicodusport.fr\/blog\/"},{"@type":"ListItem","position":2,"name":"Tour des Alpes-Maritimes et du Var 2023 : Mattias Skjelmose s&rsquo;adjuge la 2\u00e8me \u00e9tape"}]},{"@type":"WebSite","@id":"https:\/\/dicodusport.fr\/blog\/#website","url":"https:\/\/dicodusport.fr\/blog\/","name":"Dicodusport","description":"L&#039;encyclop\u00e9die de l&#039;actualit\u00e9 sportive","publisher":{"@id":"https:\/\/dicodusport.fr\/blog\/#organization"},"potentialAction":[{"@type":"SearchAction","target":{"@type":"EntryPoint","urlTemplate":"https:\/\/dicodusport.fr\/blog\/?s={search_term_string}"},"query-input":{"@type":"PropertyValueSpecification","valueRequired":true,"valueName":"search_term_string"}}],"inLanguage":"fr-FR"},{"@type":"NewsMediaOrganization","@id":"https:\/\/dicodusport.fr\/blog\/#organization","name":"Dicodusport","url":"https:\/\/dicodusport.fr\/blog\/","logo":{"@type":"ImageObject","inLanguage":"fr-FR","@id":"https:\/\/dicodusport.fr\/blog\/#\/schema\/logo\/image\/","url":"https:\/\/dicodusport.fr\/blog\/wp-content\/uploads\/2020\/06\/cropped-LOGO-DICODUSPORT-2020-SANS-FOND-SANS-TEXTE.png","contentUrl":"https:\/\/dicodusport.fr\/blog\/wp-content\/uploads\/2020\/06\/cropped-LOGO-DICODUSPORT-2020-SANS-FOND-SANS-TEXTE.png","width":512,"height":512,"caption":"Dicodusport"},"image":{"@id":"https:\/\/dicodusport.fr\/blog\/#\/schema\/logo\/image\/"},"sameAs":["https:\/\/www.facebook.com\/dicodusport","https:\/\/x.com\/dicodusport","https:\/\/www.instagram.com\/dicodusport\/","https:\/\/www.youtube.com\/channel\/UC7V2KZ5sd3htJivAbA4ZG3w"],"description":"Dicodusport est l'encyclop\u00e9die de l'actualit\u00e9 sportive.","email":"bonjour@dicodusport.fr","legalName":"DICODUSPORT","foundingDate":"2018-01-14","vatID":"FR71834470973","taxID":"83447097300043","numberOfEmployees":{"@type":"QuantitativeValue","minValue":"1","maxValue":"10"}},{"@type":"Person","@id":"https:\/\/dicodusport.fr\/blog\/#\/schema\/person\/d603dd7da31fb2b46c82b9835a77ec13","name":"Etienne Goursaud","image":{"@type":"ImageObject","inLanguage":"fr-FR","@id":"https:\/\/dicodusport.fr\/blog\/#\/schema\/person\/image\/","url":"https:\/\/dicodusport.fr\/blog\/wp-content\/uploads\/2023\/12\/410122264_10231602061736049_5565839791558026645_n-150x150.jpg","contentUrl":"https:\/\/dicodusport.fr\/blog\/wp-content\/uploads\/2023\/12\/410122264_10231602061736049_5565839791558026645_n-150x150.jpg","caption":"Etienne Goursaud"},"description":"Journaliste et amoureux de sport. Ancien footballeur reconverti athl\u00e8te quand ses muscles le laissent tranquille. \u00c9lev\u00e9 \u00e0 la sauce des exploits de Thomas Voeckler en 2004, du dernier essai de l\u00e9gende de Eunice Barber \u00e0 la longueur lors des championnats du monde d'athl\u00e9tisme de 2003 mais aussi Zidane, Omeyer et Titou Lamaison.","url":"https:\/\/dicodusport.fr\/blog\/author\/etienne-goursaud\/"}]}},"_links":{"self":[{"href":"https:\/\/dicodusport.fr\/blog\/wp-json\/wp\/v2\/posts\/357046","targetHints":{"allow":["GET"]}}],"collection":[{"href":"https:\/\/dicodusport.fr\/blog\/wp-json\/wp\/v2\/posts"}],"about":[{"href":"https:\/\/dicodusport.fr\/blog\/wp-json\/wp\/v2\/types\/post"}],"author":[{"embeddable":true,"href":"https:\/\/dicodusport.fr\/blog\/wp-json\/wp\/v2\/users\/83"}],"replies":[{"embeddable":true,"href":"https:\/\/dicodusport.fr\/blog\/wp-json\/wp\/v2\/comments?post=357046"}],"version-history":[{"count":0,"href":"https:\/\/dicodusport.fr\/blog\/wp-json\/wp\/v2\/posts\/357046\/revisions"}],"wp:featuredmedia":[{"embeddable":true,"href":"https:\/\/dicodusport.fr\/blog\/wp-json\/wp\/v2\/media\/357211"}],"wp:attachment":[{"href":"https:\/\/dicodusport.fr\/blog\/wp-json\/wp\/v2\/media?parent=357046"}],"wp:term":[{"taxonomy":"category","embeddable":true,"href":"https:\/\/dicodusport.fr\/blog\/wp-json\/wp\/v2\/categories?post=357046"},{"taxonomy":"post_tag","embeddable":true,"href":"https:\/\/dicodusport.fr\/blog\/wp-json\/wp\/v2\/tags?post=357046"}],"curies":[{"name":"wp","href":"https:\/\/api.w.org\/{rel}","templated":true}]}}