{"id":357047,"date":"2023-02-18T16:21:27","date_gmt":"2023-02-18T15:21:27","guid":{"rendered":"https:\/\/dicodusport.fr\/blog\/?p=357047&#038;preview=true&#038;preview_id=357047"},"modified":"2023-02-18T17:46:45","modified_gmt":"2023-02-18T16:46:45","slug":"mondiaux-biathlon-2023-litalie-sacree-sur-le-relais-feminin-la-france-4eme","status":"publish","type":"post","link":"https:\/\/dicodusport.fr\/blog\/mondiaux-biathlon-2023-litalie-sacree-sur-le-relais-feminin-la-france-4eme\/","title":{"rendered":"Mondiaux Biathlon 2023 : L&rsquo;Italie sacr\u00e9e sur le relais f\u00e9minin, la France 4\u00e8me"},"content":{"rendered":"<p align=\"justify\"><em><strong>CHAMPIONNATS DU MONDE DE BIATHLON 2023 &#8211; L&rsquo;Italie a \u00e9t\u00e9 chercher le premier sacre de son histoire sur le relais f\u00e9minin, devant l&rsquo;Allemagne et la Su\u00e8de, ce samedi, \u00e0 Oberhof (Allemagne). Les Bleues \u00e9chouent au pied du podium dans un relais tr\u00e8s frustrant pour les Fran\u00e7aises.<\/strong><\/em><\/p>\n<p style=\"text-align: justify;\">C&rsquo;est une premi\u00e8re qui sacre une r\u00e9gularit\u00e9 d&rsquo;un relais des Italiennes. Deux pioches, il fallait \u00e7a pour r\u00e9sister \u00e0 des nations plus denses. Bien qu&rsquo;ayant <strong>Lisa Vittozzi<\/strong> et <strong>Dorothea Wierer<\/strong> dans leurs rangs, les Italiennes \u00e9taient loin d&rsquo;\u00eatre favorites cet apr\u00e8s-midi, dans le relais femmes des Mondiaux de biathlon 2023 ! Les favorites \u00e9taient presque les Fran\u00e7aises. Des Bleues qui pouvaient imiter les gar\u00e7ons, <a href=\"https:\/\/dicodusport.fr\/blog\/mondiaux-biathlon-2023-les-bleus-champions-du-monde-du-relais\/\">sacr\u00e9s champion du monde plus t\u00f4t dans la journ\u00e9e<\/a>. Mais rien ne s&rsquo;est pass\u00e9 comme pr\u00e9vu pour les Bleues, au pied du podium. Il aura manqu\u00e9 un petit quelque chose pour chaque relayeuse.<\/p>\n<h2 style=\"text-align: justify;\">Ana\u00efs Chevalier-Bouchet fait le job<\/h2>\n<p style=\"text-align: justify;\"><strong>Lou Jeanmonnot<\/strong>, malgr\u00e9 son jeune \u00e2ge, a pris du galon cette saison. C&rsquo;est elle qui lance la course avec toute la meute derri\u00e8re elle. Et r\u00e9alise 5\/5 au couch\u00e9. Avant de se caler sagement en milieu de peloton apr\u00e8s un d\u00e9part rapide de sa part, dans un peloton encore tr\u00e8s compact. <strong>Karoline Knotten<\/strong> prend la t\u00eate du groupe mais sans imposer un gros rythme. Mais c&rsquo;est la Su\u00e8de de <strong>Linn Persson<\/strong>, qui fait un gros debout avec de la rapidit\u00e9 au tir et sans faute, alors que <strong>Lou Jeanmonnot<\/strong> doit passer par trois balles de pioche pioches et perd du temps. La Fran\u00e7aise transmettra le relais en sixi\u00e8me position mais dans le coup.<\/p>\n<p style=\"text-align: justify;\">Le relais d&rsquo;<strong>Ana\u00efs Chevalier-Bouchet<\/strong> \u00e9tait magnifique jusqu&rsquo;\u00e0 son debout. D&rsquo;abord \u00e0 skis, en comblant d&rsquo;entr\u00e9e de jeu l&rsquo;\u00e9cart avec la Su\u00e8de d&rsquo;<strong>Anna Magnusson<\/strong> et de la Norv\u00e8ge <strong>d&rsquo;Ingrid Tandrevold<\/strong>. La Fran\u00e7aise effectue un tr\u00e8s beau tir et repart en t\u00eate avec 5,1 secondes d&rsquo;avance sur l&rsquo;Italie, 7,5 sur la Su\u00e8de et 9,5 sur la Norv\u00e8ge, ces deux derni\u00e8res ayant d\u00fb piocher. Sur les skis, c&rsquo;est toujours solide, puisqu&rsquo;elle se pr\u00e9sente avec 17 secondes d&rsquo;avance sur tout monde avant son second tir. Malheureusement, le tir debout a \u00e9t\u00e9 plus compliqu\u00e9 pour la Fran\u00e7aise, qui a d\u00fb passer par trois balles de pioche et un tour de p\u00e9nalit\u00e9. Alors que <strong>Dorothea Wierer<\/strong> a r\u00e9alis\u00e9 un tir exceptionnel pour l&rsquo;Italie. Fort heureusement, la Su\u00e8de et la Norv\u00e8ge ont \u00e9t\u00e9 encore plus \u00e0 la faute, tandis que l&rsquo;Allemagne se replace sur le podium.<\/p>\n<blockquote class=\"twitter-tweet\">\n<p dir=\"ltr\" lang=\"fr\">Tir debout difficile pour tout le monde&#8230; Sauf pour Dorothea Wierer qui ne va pas tourner et prend les devants !<\/p>\n<p>\ud83d\udcf1\ud83d\udcbb\ud83d\udcfa Le direct : <a href=\"https:\/\/t.co\/mkGPqT1bsl\">https:\/\/t.co\/mkGPqT1bsl<\/a> <a href=\"https:\/\/twitter.com\/hashtag\/lequipeBIATHLON?src=hash&amp;ref_src=twsrc%5Etfw\">#lequipeBIATHLON<\/a> <a href=\"https:\/\/t.co\/gX57QZJKpx\">pic.twitter.com\/gX57QZJKpx<\/a><\/p>\n<p>\u2014 la chaine L&rsquo;\u00c9quipe (@lachainelequipe) <a href=\"https:\/\/twitter.com\/lachainelequipe\/status\/1626953370043924481?ref_src=twsrc%5Etfw\">February 18, 2023<\/a><\/p><\/blockquote>\n<p><script async src=\"https:\/\/platform.twitter.com\/widgets.js\" charset=\"utf-8\"><\/script><\/p>\n<h2 style=\"text-align: justify;\">La terrible d\u00e9faillance de Chlo\u00e9 Chevalier sur le debout<\/h2>\n<p style=\"text-align: justify;\">Troisi\u00e8me relayeuse, sa petit s\u0153ur Chlo\u00e9 Chevalier a connu des moments plus que difficiles, avec des tirs tellement rudes. Pourtant, elle semblait dans les m\u00eames dispositions sur les spatules, revenant sur l&rsquo;Italie d&rsquo;<strong>Hannah Auchentaller<\/strong>. Elle a combl\u00e9 les 21 secondes avant m\u00eame le tir couch\u00e9 ! Grosse prestation de la Fran\u00e7aise. Malheureusement, elle part trois fois \u00e0 la faute et se fait rattraper par l&rsquo;Allemagne de <strong>Sophia Schneider<\/strong>, mais aussi la R\u00e9publique Tch\u00e8que de <strong>Marketa Davidova<\/strong>, tandis que l&rsquo;Italienne, qui a eu l&rsquo;intelligence de faire des clics durant son tir, repart avec 31 secondes d&rsquo;avance sur tout le monde.<\/p>\n<p style=\"text-align: justify;\">Apr\u00e8s avoir fait son retour, <strong>Elvira Oeberg<\/strong> est en difficult\u00e9 sur les skis, alors que le trio de poursuivantes revient \u00e0 22 secondes d&rsquo;<strong>Hannah Auchentaller<\/strong>. <strong>Ida Lien<\/strong>, pour la Norv\u00e8ge, est encore plus loin \u00e0 51 secondes. Malheureusement, le debout a \u00e9t\u00e9 terrible pour la Fran\u00e7aise, qui a fait deux pioches, mais qui a mis beaucoup trop de temps \u00e0 l\u00e2cher ses balles. Elle n&rsquo;est plus que 5e \u00e0 52 secondes de l&rsquo;Italie, 35 de l&rsquo;Allemagne et pr\u00e8s de dix secondes du podium. Heureusement, la Fran\u00e7aise recolle \u00e0 Oeberg et Davidova.<\/p>\n<blockquote class=\"twitter-tweet\">\n<p dir=\"ltr\" lang=\"fr\">\ud83d\ude2c Chlo\u00e9 Chevalier dans le dur sur le pas de tir&#8230; Pas de tour de p\u00e9nalit\u00e9 heureusement.<\/p>\n<p>\ud83d\udcf1\ud83d\udcbb\ud83d\udcfa Le direct : <a href=\"https:\/\/t.co\/mkGPqT1bsl\">https:\/\/t.co\/mkGPqT1bsl<\/a> <a href=\"https:\/\/twitter.com\/hashtag\/lequipeBIATHLON?src=hash&amp;ref_src=twsrc%5Etfw\">#lequipeBIATHLON<\/a> <a href=\"https:\/\/t.co\/txhCWIdoFn\">pic.twitter.com\/txhCWIdoFn<\/a><\/p>\n<p>\u2014 la chaine L&rsquo;\u00c9quipe (@lachainelequipe) <a href=\"https:\/\/twitter.com\/lachainelequipe\/status\/1626958158697472001?ref_src=twsrc%5Etfw\">February 18, 2023<\/a><\/p><\/blockquote>\n<p><script async src=\"https:\/\/platform.twitter.com\/widgets.js\" charset=\"utf-8\"><\/script><\/p>\n<h2 style=\"text-align: justify;\">Lisa Vittozzi \u00e9tait injouable<\/h2>\n<p style=\"text-align: justify;\">Le dernier relais ressemble \u00e0 une armada de stars. <strong>Lisa Vittozzi<\/strong>, <strong>Denise Herrmann-Wick<\/strong>, <strong>Hanna Oeberg <\/strong>et\u00a0<strong>Julia Simon<\/strong> toutes en piste pour aller se bagarrer pour les diff\u00e9rentes m\u00e9dailles. Le tir couch\u00e9 voit <strong>Lisa Vittozzi<\/strong> prendre un tout l\u00e9ger ascendant sur l&rsquo;Allemande, mais les deux femmes tirent \u00e0 5\/5 et n&rsquo;ouvrent aucune porte. Et derri\u00e8re, <strong>Julia Simon<\/strong> et <strong>Hanna Oeberg<\/strong> partent une fois \u00e0 la pioche tandis que la R\u00e9publique Tch\u00e8que est \u00e9limin\u00e9e du podium. Et la Fran\u00e7aise ne reprend absolument rien sur la Su\u00e9doise. Pire, les secondes s&rsquo;\u00e9gr\u00e8nent dans le mauvais sens, car elle poss\u00e8de d\u00e9sormais pr\u00e8s de 20 secondes de retard, dans cette lutte pour la 3e place.<\/p>\n<p style=\"text-align: justify;\">Et on ne reverra pas les Bleues sur le podium ! Mais pour le spectacle, on a pu admirer la d\u00e9monstration de <strong>Lisa Vittozzi.<\/strong> Qui a r\u00e9alis\u00e9 un tir debout digne de <strong>Quentin Fillon Maillet<\/strong> et <strong>Johannes Boe<\/strong> un peu plus t\u00f4t sur le relais hommes. Sous pression, <strong>Denise Herrmann-Wick<\/strong> craque et part deux fois \u00e0 la pioche. Le titre s&rsquo;envole pour l&rsquo;Allemagne, mais l&rsquo;argent reste beau, en atteste le sourire de la championne du monde du sprint. La Su\u00e8de monte sur le podium, mais pourra avoir quelques regrets. Et l&rsquo;Italie, elle, rafle son premier titre mondial sur le relais f\u00e9minin. Avec maestria !<\/p>\n<blockquote class=\"twitter-tweet\">\n<p dir=\"ltr\" lang=\"fr\">\ud83c\uddee\ud83c\uddf9 Les Italiennes sont championnes du monde du relais pour la premi\u00e8re fois de leur histoire !<br \/>\nL&rsquo;Allemagne et la Su\u00e8de compl\u00e8tent le podium.<\/p>\n<p>\ud83d\udcf1\ud83d\udcbb\ud83d\udcfa Le direct : <a href=\"https:\/\/t.co\/mkGPqT1bsl\">https:\/\/t.co\/mkGPqT1bsl<\/a> <a href=\"https:\/\/twitter.com\/hashtag\/lequipeBIATHLON?src=hash&amp;ref_src=twsrc%5Etfw\">#lequipeBIATHLON<\/a> <a href=\"https:\/\/t.co\/K4g8FH7pjx\">pic.twitter.com\/K4g8FH7pjx<\/a><\/p>\n<p>\u2014 la chaine L&rsquo;\u00c9quipe (@lachainelequipe) <a href=\"https:\/\/twitter.com\/lachainelequipe\/status\/1626964557989130241?ref_src=twsrc%5Etfw\">February 18, 2023<\/a><\/p><\/blockquote>\n<p><script async src=\"https:\/\/platform.twitter.com\/widgets.js\" charset=\"utf-8\"><\/script><\/p>\n<h2 style=\"text-align: justify;\">\u00c0 lire aussi<\/h2>\n<ul>\n<li style=\"text-align: justify;\"><a title=\"Mondiaux Biathlon 2023 \u2013 Classement Sprint hommes\" href=\"https:\/\/dicodusport.fr\/blog\/mondiaux-biathlon-2023-classement-relais-femmes\/\" target=\"_blank\" rel=\"noopener\"><strong>Mondiaux Biathlon 2023 : Le classement du relais femmes<\/strong><\/a><\/li>\n<li style=\"text-align: justify;\"><a title=\"Tableau des m\u00e9dailles Championnats du monde Biathlon 2023\" href=\"https:\/\/dicodusport.fr\/blog\/tableau-des-medailles-championnats-du-monde-biathlon-2023\/\" target=\"_blank\" rel=\"noopener\"><strong>Le tableau des m\u00e9dailles des championnats du monde de biathlon<\/strong><\/a><\/li>\n<\/ul>\n","protected":false},"excerpt":{"rendered":"<p>CHAMPIONNATS DU MONDE DE BIATHLON 2023 &#8211; L&rsquo;Italie a \u00e9t\u00e9 chercher le premier sacre de son histoire sur le relais f\u00e9minin, devant l&rsquo;Allemagne et la Su\u00e8de, ce samedi, \u00e0 Oberhof (Allemagne). Les Bleues \u00e9chouent au pied du podium dans un relais tr\u00e8s frustrant pour les Fran\u00e7aises.<\/p>\n","protected":false},"author":83,"featured_media":357159,"comment_status":"open","ping_status":"closed","sticky":false,"template":"","format":"standard","meta":{"_acf_changed":false,"_daextam_enable_autolinks":"","footnotes":""},"categories":[47039],"tags":[16878,29802,24],"class_list":["post-357047","post","type-post","status-publish","format-standard","has-post-thumbnail","hentry","category-championnats-du-monde-de-biathlon","tag-breve","tag-relais-biathlon","tag-sport"],"acf":[],"yoast_head":"<!-- This site is optimized with the Yoast SEO Premium plugin v26.7 (Yoast SEO v26.7) - https:\/\/yoast.com\/wordpress\/plugins\/seo\/ -->\n<title>Mondiaux Biathlon 2023 : L&#039;Italie sacr\u00e9e sur le relais f\u00e9minin, la France 4\u00e8me<\/title>\n<meta name=\"description\" content=\"CHAMPIONNATS DU MONDE DE BIATHLON 2023 - L&#039;Italie a \u00e9t\u00e9 chercher le premier sacre de son histoire sur le relais f\u00e9minin, ce samedi \u00e0 Oberhof.\" \/>\n<meta name=\"robots\" content=\"index, follow, max-snippet:-1, max-image-preview:large, max-video-preview:-1\" \/>\n<link rel=\"canonical\" href=\"https:\/\/dicodusport.fr\/blog\/mondiaux-biathlon-2023-litalie-sacree-sur-le-relais-feminin-la-france-4eme\/\" \/>\n<meta property=\"og:locale\" content=\"fr_FR\" \/>\n<meta property=\"og:type\" content=\"article\" \/>\n<meta property=\"og:title\" content=\"Mondiaux Biathlon 2023 : L&#039;Italie sacr\u00e9e sur le relais f\u00e9minin, la France 4\u00e8me\" \/>\n<meta property=\"og:description\" content=\"CHAMPIONNATS DU MONDE DE BIATHLON 2023 - L&#039;Italie a \u00e9t\u00e9 chercher le premier sacre de son histoire sur le relais f\u00e9minin, ce samedi \u00e0 Oberhof.\" \/>\n<meta property=\"og:url\" content=\"https:\/\/dicodusport.fr\/blog\/mondiaux-biathlon-2023-litalie-sacree-sur-le-relais-feminin-la-france-4eme\/\" \/>\n<meta property=\"og:site_name\" content=\"Dicodusport\" \/>\n<meta property=\"article:publisher\" content=\"https:\/\/www.facebook.com\/dicodusport\" \/>\n<meta property=\"article:published_time\" content=\"2023-02-18T15:21:27+00:00\" \/>\n<meta property=\"article:modified_time\" content=\"2023-02-18T16:46:45+00:00\" \/>\n<meta property=\"og:image\" content=\"https:\/\/dicodusport.fr\/blog\/wp-content\/uploads\/2023\/02\/Mondiaux-Biathlon-2023-LItalie-sacree-sur-le-relais-feminin-la-France-4eme.png\" \/>\n\t<meta property=\"og:image:width\" content=\"800\" \/>\n\t<meta property=\"og:image:height\" content=\"445\" \/>\n\t<meta property=\"og:image:type\" content=\"image\/png\" \/>\n<meta name=\"author\" content=\"Etienne Goursaud\" \/>\n<meta name=\"twitter:card\" content=\"summary_large_image\" \/>\n<meta name=\"twitter:title\" content=\"Mondiaux Biathlon 2023 : L&#039;Italie sacr\u00e9e sur le relais f\u00e9minin, la France 4\u00e8me\" \/>\n<meta name=\"twitter:creator\" content=\"@dicodusport\" \/>\n<meta name=\"twitter:site\" content=\"@dicodusport\" \/>\n<script type=\"application\/ld+json\" class=\"yoast-schema-graph\">{\"@context\":\"https:\/\/schema.org\",\"@graph\":[{\"@type\":\"NewsArticle\",\"@id\":\"https:\/\/dicodusport.fr\/blog\/mondiaux-biathlon-2023-litalie-sacree-sur-le-relais-feminin-la-france-4eme\/#article\",\"isPartOf\":{\"@id\":\"https:\/\/dicodusport.fr\/blog\/mondiaux-biathlon-2023-litalie-sacree-sur-le-relais-feminin-la-france-4eme\/\"},\"author\":{\"name\":\"Etienne Goursaud\",\"@id\":\"https:\/\/dicodusport.fr\/blog\/#\/schema\/person\/d603dd7da31fb2b46c82b9835a77ec13\"},\"headline\":\"Mondiaux Biathlon 2023 : L&rsquo;Italie sacr\u00e9e sur le relais f\u00e9minin, la France 4\u00e8me\",\"datePublished\":\"2023-02-18T15:21:27+00:00\",\"dateModified\":\"2023-02-18T16:46:45+00:00\",\"mainEntityOfPage\":{\"@id\":\"https:\/\/dicodusport.fr\/blog\/mondiaux-biathlon-2023-litalie-sacree-sur-le-relais-feminin-la-france-4eme\/\"},\"wordCount\":1050,\"commentCount\":0,\"publisher\":{\"@id\":\"https:\/\/dicodusport.fr\/blog\/#organization\"},\"image\":{\"@id\":\"https:\/\/dicodusport.fr\/blog\/mondiaux-biathlon-2023-litalie-sacree-sur-le-relais-feminin-la-france-4eme\/#primaryimage\"},\"thumbnailUrl\":\"https:\/\/dicodusport.fr\/blog\/wp-content\/uploads\/2023\/02\/Mondiaux-Biathlon-2023-LItalie-sacree-sur-le-relais-feminin-la-France-4eme.png\",\"keywords\":[\"br\u00e8ve\",\"relais biathlon\",\"sport\"],\"articleSection\":[\"Championnats du monde de biathlon\"],\"inLanguage\":\"fr-FR\",\"potentialAction\":[{\"@type\":\"CommentAction\",\"name\":\"Comment\",\"target\":[\"https:\/\/dicodusport.fr\/blog\/mondiaux-biathlon-2023-litalie-sacree-sur-le-relais-feminin-la-france-4eme\/#respond\"]}],\"copyrightYear\":\"2023\",\"copyrightHolder\":{\"@id\":\"https:\/\/dicodusport.fr\/blog\/#organization\"}},{\"@type\":\"WebPage\",\"@id\":\"https:\/\/dicodusport.fr\/blog\/mondiaux-biathlon-2023-litalie-sacree-sur-le-relais-feminin-la-france-4eme\/\",\"url\":\"https:\/\/dicodusport.fr\/blog\/mondiaux-biathlon-2023-litalie-sacree-sur-le-relais-feminin-la-france-4eme\/\",\"name\":\"Mondiaux Biathlon 2023 : L'Italie sacr\u00e9e sur le relais f\u00e9minin, la France 4\u00e8me\",\"isPartOf\":{\"@id\":\"https:\/\/dicodusport.fr\/blog\/#website\"},\"primaryImageOfPage\":{\"@id\":\"https:\/\/dicodusport.fr\/blog\/mondiaux-biathlon-2023-litalie-sacree-sur-le-relais-feminin-la-france-4eme\/#primaryimage\"},\"image\":{\"@id\":\"https:\/\/dicodusport.fr\/blog\/mondiaux-biathlon-2023-litalie-sacree-sur-le-relais-feminin-la-france-4eme\/#primaryimage\"},\"thumbnailUrl\":\"https:\/\/dicodusport.fr\/blog\/wp-content\/uploads\/2023\/02\/Mondiaux-Biathlon-2023-LItalie-sacree-sur-le-relais-feminin-la-France-4eme.png\",\"datePublished\":\"2023-02-18T15:21:27+00:00\",\"dateModified\":\"2023-02-18T16:46:45+00:00\",\"description\":\"CHAMPIONNATS DU MONDE DE BIATHLON 2023 - L'Italie a \u00e9t\u00e9 chercher le premier sacre de son histoire sur le relais f\u00e9minin, ce samedi \u00e0 Oberhof.\",\"breadcrumb\":{\"@id\":\"https:\/\/dicodusport.fr\/blog\/mondiaux-biathlon-2023-litalie-sacree-sur-le-relais-feminin-la-france-4eme\/#breadcrumb\"},\"inLanguage\":\"fr-FR\",\"potentialAction\":[{\"@type\":\"ReadAction\",\"target\":[\"https:\/\/dicodusport.fr\/blog\/mondiaux-biathlon-2023-litalie-sacree-sur-le-relais-feminin-la-france-4eme\/\"]}]},{\"@type\":\"ImageObject\",\"inLanguage\":\"fr-FR\",\"@id\":\"https:\/\/dicodusport.fr\/blog\/mondiaux-biathlon-2023-litalie-sacree-sur-le-relais-feminin-la-france-4eme\/#primaryimage\",\"url\":\"https:\/\/dicodusport.fr\/blog\/wp-content\/uploads\/2023\/02\/Mondiaux-Biathlon-2023-LItalie-sacree-sur-le-relais-feminin-la-France-4eme.png\",\"contentUrl\":\"https:\/\/dicodusport.fr\/blog\/wp-content\/uploads\/2023\/02\/Mondiaux-Biathlon-2023-LItalie-sacree-sur-le-relais-feminin-la-France-4eme.png\",\"width\":800,\"height\":445,\"caption\":\"Mondiaux Biathlon 2023 L'Italie sacr\u00e9e sur le relais f\u00e9minin, la France 4\u00e8me\"},{\"@type\":\"BreadcrumbList\",\"@id\":\"https:\/\/dicodusport.fr\/blog\/mondiaux-biathlon-2023-litalie-sacree-sur-le-relais-feminin-la-france-4eme\/#breadcrumb\",\"itemListElement\":[{\"@type\":\"ListItem\",\"position\":1,\"name\":\"Accueil\",\"item\":\"https:\/\/dicodusport.fr\/blog\/\"},{\"@type\":\"ListItem\",\"position\":2,\"name\":\"Mondiaux Biathlon 2023 : L&rsquo;Italie sacr\u00e9e sur le relais f\u00e9minin, la France 4\u00e8me\"}]},{\"@type\":\"WebSite\",\"@id\":\"https:\/\/dicodusport.fr\/blog\/#website\",\"url\":\"https:\/\/dicodusport.fr\/blog\/\",\"name\":\"Dicodusport\",\"description\":\"L&#039;encyclop\u00e9die de l&#039;actualit\u00e9 sportive\",\"publisher\":{\"@id\":\"https:\/\/dicodusport.fr\/blog\/#organization\"},\"potentialAction\":[{\"@type\":\"SearchAction\",\"target\":{\"@type\":\"EntryPoint\",\"urlTemplate\":\"https:\/\/dicodusport.fr\/blog\/?s={search_term_string}\"},\"query-input\":{\"@type\":\"PropertyValueSpecification\",\"valueRequired\":true,\"valueName\":\"search_term_string\"}}],\"inLanguage\":\"fr-FR\"},{\"@type\":\"NewsMediaOrganization\",\"@id\":\"https:\/\/dicodusport.fr\/blog\/#organization\",\"name\":\"Dicodusport\",\"url\":\"https:\/\/dicodusport.fr\/blog\/\",\"logo\":{\"@type\":\"ImageObject\",\"inLanguage\":\"fr-FR\",\"@id\":\"https:\/\/dicodusport.fr\/blog\/#\/schema\/logo\/image\/\",\"url\":\"https:\/\/dicodusport.fr\/blog\/wp-content\/uploads\/2020\/06\/cropped-LOGO-DICODUSPORT-2020-SANS-FOND-SANS-TEXTE.png\",\"contentUrl\":\"https:\/\/dicodusport.fr\/blog\/wp-content\/uploads\/2020\/06\/cropped-LOGO-DICODUSPORT-2020-SANS-FOND-SANS-TEXTE.png\",\"width\":512,\"height\":512,\"caption\":\"Dicodusport\"},\"image\":{\"@id\":\"https:\/\/dicodusport.fr\/blog\/#\/schema\/logo\/image\/\"},\"sameAs\":[\"https:\/\/www.facebook.com\/dicodusport\",\"https:\/\/x.com\/dicodusport\",\"https:\/\/www.instagram.com\/dicodusport\/\",\"https:\/\/www.youtube.com\/channel\/UC7V2KZ5sd3htJivAbA4ZG3w\"],\"description\":\"Dicodusport est l'encyclop\u00e9die de l'actualit\u00e9 sportive.\",\"email\":\"bonjour@dicodusport.fr\",\"legalName\":\"DICODUSPORT\",\"foundingDate\":\"2018-01-14\",\"vatID\":\"FR71834470973\",\"taxID\":\"83447097300043\",\"numberOfEmployees\":{\"@type\":\"QuantitativeValue\",\"minValue\":\"1\",\"maxValue\":\"10\"}},{\"@type\":\"Person\",\"@id\":\"https:\/\/dicodusport.fr\/blog\/#\/schema\/person\/d603dd7da31fb2b46c82b9835a77ec13\",\"name\":\"Etienne Goursaud\",\"image\":{\"@type\":\"ImageObject\",\"inLanguage\":\"fr-FR\",\"@id\":\"https:\/\/dicodusport.fr\/blog\/#\/schema\/person\/image\/\",\"url\":\"https:\/\/dicodusport.fr\/blog\/wp-content\/uploads\/2023\/12\/410122264_10231602061736049_5565839791558026645_n-150x150.jpg\",\"contentUrl\":\"https:\/\/dicodusport.fr\/blog\/wp-content\/uploads\/2023\/12\/410122264_10231602061736049_5565839791558026645_n-150x150.jpg\",\"caption\":\"Etienne Goursaud\"},\"description\":\"Journaliste et amoureux de sport. Ancien footballeur reconverti athl\u00e8te quand ses muscles le laissent tranquille. \u00c9lev\u00e9 \u00e0 la sauce des exploits de Thomas Voeckler en 2004, du dernier essai de l\u00e9gende de Eunice Barber \u00e0 la longueur lors des championnats du monde d'athl\u00e9tisme de 2003 mais aussi Zidane, Omeyer et Titou Lamaison.\",\"url\":\"https:\/\/dicodusport.fr\/blog\/author\/etienne-goursaud\/\"}]}<\/script>\n<!-- \/ Yoast SEO Premium plugin. -->","yoast_head_json":{"title":"Mondiaux Biathlon 2023 : L'Italie sacr\u00e9e sur le relais f\u00e9minin, la France 4\u00e8me","description":"CHAMPIONNATS DU MONDE DE BIATHLON 2023 - L'Italie a \u00e9t\u00e9 chercher le premier sacre de son histoire sur le relais f\u00e9minin, ce samedi \u00e0 Oberhof.","robots":{"index":"index","follow":"follow","max-snippet":"max-snippet:-1","max-image-preview":"max-image-preview:large","max-video-preview":"max-video-preview:-1"},"canonical":"https:\/\/dicodusport.fr\/blog\/mondiaux-biathlon-2023-litalie-sacree-sur-le-relais-feminin-la-france-4eme\/","og_locale":"fr_FR","og_type":"article","og_title":"Mondiaux Biathlon 2023 : L'Italie sacr\u00e9e sur le relais f\u00e9minin, la France 4\u00e8me","og_description":"CHAMPIONNATS DU MONDE DE BIATHLON 2023 - L'Italie a \u00e9t\u00e9 chercher le premier sacre de son histoire sur le relais f\u00e9minin, ce samedi \u00e0 Oberhof.","og_url":"https:\/\/dicodusport.fr\/blog\/mondiaux-biathlon-2023-litalie-sacree-sur-le-relais-feminin-la-france-4eme\/","og_site_name":"Dicodusport","article_publisher":"https:\/\/www.facebook.com\/dicodusport","article_published_time":"2023-02-18T15:21:27+00:00","article_modified_time":"2023-02-18T16:46:45+00:00","og_image":[{"width":800,"height":445,"url":"https:\/\/dicodusport.fr\/blog\/wp-content\/uploads\/2023\/02\/Mondiaux-Biathlon-2023-LItalie-sacree-sur-le-relais-feminin-la-France-4eme.png","type":"image\/png"}],"author":"Etienne Goursaud","twitter_card":"summary_large_image","twitter_title":"Mondiaux Biathlon 2023 : L'Italie sacr\u00e9e sur le relais f\u00e9minin, la France 4\u00e8me","twitter_creator":"@dicodusport","twitter_site":"@dicodusport","schema":{"@context":"https:\/\/schema.org","@graph":[{"@type":"NewsArticle","@id":"https:\/\/dicodusport.fr\/blog\/mondiaux-biathlon-2023-litalie-sacree-sur-le-relais-feminin-la-france-4eme\/#article","isPartOf":{"@id":"https:\/\/dicodusport.fr\/blog\/mondiaux-biathlon-2023-litalie-sacree-sur-le-relais-feminin-la-france-4eme\/"},"author":{"name":"Etienne Goursaud","@id":"https:\/\/dicodusport.fr\/blog\/#\/schema\/person\/d603dd7da31fb2b46c82b9835a77ec13"},"headline":"Mondiaux Biathlon 2023 : L&rsquo;Italie sacr\u00e9e sur le relais f\u00e9minin, la France 4\u00e8me","datePublished":"2023-02-18T15:21:27+00:00","dateModified":"2023-02-18T16:46:45+00:00","mainEntityOfPage":{"@id":"https:\/\/dicodusport.fr\/blog\/mondiaux-biathlon-2023-litalie-sacree-sur-le-relais-feminin-la-france-4eme\/"},"wordCount":1050,"commentCount":0,"publisher":{"@id":"https:\/\/dicodusport.fr\/blog\/#organization"},"image":{"@id":"https:\/\/dicodusport.fr\/blog\/mondiaux-biathlon-2023-litalie-sacree-sur-le-relais-feminin-la-france-4eme\/#primaryimage"},"thumbnailUrl":"https:\/\/dicodusport.fr\/blog\/wp-content\/uploads\/2023\/02\/Mondiaux-Biathlon-2023-LItalie-sacree-sur-le-relais-feminin-la-France-4eme.png","keywords":["br\u00e8ve","relais biathlon","sport"],"articleSection":["Championnats du monde de biathlon"],"inLanguage":"fr-FR","potentialAction":[{"@type":"CommentAction","name":"Comment","target":["https:\/\/dicodusport.fr\/blog\/mondiaux-biathlon-2023-litalie-sacree-sur-le-relais-feminin-la-france-4eme\/#respond"]}],"copyrightYear":"2023","copyrightHolder":{"@id":"https:\/\/dicodusport.fr\/blog\/#organization"}},{"@type":"WebPage","@id":"https:\/\/dicodusport.fr\/blog\/mondiaux-biathlon-2023-litalie-sacree-sur-le-relais-feminin-la-france-4eme\/","url":"https:\/\/dicodusport.fr\/blog\/mondiaux-biathlon-2023-litalie-sacree-sur-le-relais-feminin-la-france-4eme\/","name":"Mondiaux Biathlon 2023 : L'Italie sacr\u00e9e sur le relais f\u00e9minin, la France 4\u00e8me","isPartOf":{"@id":"https:\/\/dicodusport.fr\/blog\/#website"},"primaryImageOfPage":{"@id":"https:\/\/dicodusport.fr\/blog\/mondiaux-biathlon-2023-litalie-sacree-sur-le-relais-feminin-la-france-4eme\/#primaryimage"},"image":{"@id":"https:\/\/dicodusport.fr\/blog\/mondiaux-biathlon-2023-litalie-sacree-sur-le-relais-feminin-la-france-4eme\/#primaryimage"},"thumbnailUrl":"https:\/\/dicodusport.fr\/blog\/wp-content\/uploads\/2023\/02\/Mondiaux-Biathlon-2023-LItalie-sacree-sur-le-relais-feminin-la-France-4eme.png","datePublished":"2023-02-18T15:21:27+00:00","dateModified":"2023-02-18T16:46:45+00:00","description":"CHAMPIONNATS DU MONDE DE BIATHLON 2023 - L'Italie a \u00e9t\u00e9 chercher le premier sacre de son histoire sur le relais f\u00e9minin, ce samedi \u00e0 Oberhof.","breadcrumb":{"@id":"https:\/\/dicodusport.fr\/blog\/mondiaux-biathlon-2023-litalie-sacree-sur-le-relais-feminin-la-france-4eme\/#breadcrumb"},"inLanguage":"fr-FR","potentialAction":[{"@type":"ReadAction","target":["https:\/\/dicodusport.fr\/blog\/mondiaux-biathlon-2023-litalie-sacree-sur-le-relais-feminin-la-france-4eme\/"]}]},{"@type":"ImageObject","inLanguage":"fr-FR","@id":"https:\/\/dicodusport.fr\/blog\/mondiaux-biathlon-2023-litalie-sacree-sur-le-relais-feminin-la-france-4eme\/#primaryimage","url":"https:\/\/dicodusport.fr\/blog\/wp-content\/uploads\/2023\/02\/Mondiaux-Biathlon-2023-LItalie-sacree-sur-le-relais-feminin-la-France-4eme.png","contentUrl":"https:\/\/dicodusport.fr\/blog\/wp-content\/uploads\/2023\/02\/Mondiaux-Biathlon-2023-LItalie-sacree-sur-le-relais-feminin-la-France-4eme.png","width":800,"height":445,"caption":"Mondiaux Biathlon 2023 L'Italie sacr\u00e9e sur le relais f\u00e9minin, la France 4\u00e8me"},{"@type":"BreadcrumbList","@id":"https:\/\/dicodusport.fr\/blog\/mondiaux-biathlon-2023-litalie-sacree-sur-le-relais-feminin-la-france-4eme\/#breadcrumb","itemListElement":[{"@type":"ListItem","position":1,"name":"Accueil","item":"https:\/\/dicodusport.fr\/blog\/"},{"@type":"ListItem","position":2,"name":"Mondiaux Biathlon 2023 : L&rsquo;Italie sacr\u00e9e sur le relais f\u00e9minin, la France 4\u00e8me"}]},{"@type":"WebSite","@id":"https:\/\/dicodusport.fr\/blog\/#website","url":"https:\/\/dicodusport.fr\/blog\/","name":"Dicodusport","description":"L&#039;encyclop\u00e9die de l&#039;actualit\u00e9 sportive","publisher":{"@id":"https:\/\/dicodusport.fr\/blog\/#organization"},"potentialAction":[{"@type":"SearchAction","target":{"@type":"EntryPoint","urlTemplate":"https:\/\/dicodusport.fr\/blog\/?s={search_term_string}"},"query-input":{"@type":"PropertyValueSpecification","valueRequired":true,"valueName":"search_term_string"}}],"inLanguage":"fr-FR"},{"@type":"NewsMediaOrganization","@id":"https:\/\/dicodusport.fr\/blog\/#organization","name":"Dicodusport","url":"https:\/\/dicodusport.fr\/blog\/","logo":{"@type":"ImageObject","inLanguage":"fr-FR","@id":"https:\/\/dicodusport.fr\/blog\/#\/schema\/logo\/image\/","url":"https:\/\/dicodusport.fr\/blog\/wp-content\/uploads\/2020\/06\/cropped-LOGO-DICODUSPORT-2020-SANS-FOND-SANS-TEXTE.png","contentUrl":"https:\/\/dicodusport.fr\/blog\/wp-content\/uploads\/2020\/06\/cropped-LOGO-DICODUSPORT-2020-SANS-FOND-SANS-TEXTE.png","width":512,"height":512,"caption":"Dicodusport"},"image":{"@id":"https:\/\/dicodusport.fr\/blog\/#\/schema\/logo\/image\/"},"sameAs":["https:\/\/www.facebook.com\/dicodusport","https:\/\/x.com\/dicodusport","https:\/\/www.instagram.com\/dicodusport\/","https:\/\/www.youtube.com\/channel\/UC7V2KZ5sd3htJivAbA4ZG3w"],"description":"Dicodusport est l'encyclop\u00e9die de l'actualit\u00e9 sportive.","email":"bonjour@dicodusport.fr","legalName":"DICODUSPORT","foundingDate":"2018-01-14","vatID":"FR71834470973","taxID":"83447097300043","numberOfEmployees":{"@type":"QuantitativeValue","minValue":"1","maxValue":"10"}},{"@type":"Person","@id":"https:\/\/dicodusport.fr\/blog\/#\/schema\/person\/d603dd7da31fb2b46c82b9835a77ec13","name":"Etienne Goursaud","image":{"@type":"ImageObject","inLanguage":"fr-FR","@id":"https:\/\/dicodusport.fr\/blog\/#\/schema\/person\/image\/","url":"https:\/\/dicodusport.fr\/blog\/wp-content\/uploads\/2023\/12\/410122264_10231602061736049_5565839791558026645_n-150x150.jpg","contentUrl":"https:\/\/dicodusport.fr\/blog\/wp-content\/uploads\/2023\/12\/410122264_10231602061736049_5565839791558026645_n-150x150.jpg","caption":"Etienne Goursaud"},"description":"Journaliste et amoureux de sport. Ancien footballeur reconverti athl\u00e8te quand ses muscles le laissent tranquille. \u00c9lev\u00e9 \u00e0 la sauce des exploits de Thomas Voeckler en 2004, du dernier essai de l\u00e9gende de Eunice Barber \u00e0 la longueur lors des championnats du monde d'athl\u00e9tisme de 2003 mais aussi Zidane, Omeyer et Titou Lamaison.","url":"https:\/\/dicodusport.fr\/blog\/author\/etienne-goursaud\/"}]}},"_links":{"self":[{"href":"https:\/\/dicodusport.fr\/blog\/wp-json\/wp\/v2\/posts\/357047","targetHints":{"allow":["GET"]}}],"collection":[{"href":"https:\/\/dicodusport.fr\/blog\/wp-json\/wp\/v2\/posts"}],"about":[{"href":"https:\/\/dicodusport.fr\/blog\/wp-json\/wp\/v2\/types\/post"}],"author":[{"embeddable":true,"href":"https:\/\/dicodusport.fr\/blog\/wp-json\/wp\/v2\/users\/83"}],"replies":[{"embeddable":true,"href":"https:\/\/dicodusport.fr\/blog\/wp-json\/wp\/v2\/comments?post=357047"}],"version-history":[{"count":0,"href":"https:\/\/dicodusport.fr\/blog\/wp-json\/wp\/v2\/posts\/357047\/revisions"}],"wp:featuredmedia":[{"embeddable":true,"href":"https:\/\/dicodusport.fr\/blog\/wp-json\/wp\/v2\/media\/357159"}],"wp:attachment":[{"href":"https:\/\/dicodusport.fr\/blog\/wp-json\/wp\/v2\/media?parent=357047"}],"wp:term":[{"taxonomy":"category","embeddable":true,"href":"https:\/\/dicodusport.fr\/blog\/wp-json\/wp\/v2\/categories?post=357047"},{"taxonomy":"post_tag","embeddable":true,"href":"https:\/\/dicodusport.fr\/blog\/wp-json\/wp\/v2\/tags?post=357047"}],"curies":[{"name":"wp","href":"https:\/\/api.w.org\/{rel}","templated":true}]}}