{"id":357051,"date":"2023-02-18T17:56:56","date_gmt":"2023-02-18T16:56:56","guid":{"rendered":"https:\/\/dicodusport.fr\/blog\/?p=357051&#038;preview=true&#038;preview_id=357051"},"modified":"2023-02-18T17:57:42","modified_gmt":"2023-02-18T16:57:42","slug":"grand-slam-tel-aviv-2023-madeleine-malonga-en-argent-emre-sanal-en-bronze","status":"publish","type":"post","link":"https:\/\/dicodusport.fr\/blog\/grand-slam-tel-aviv-2023-madeleine-malonga-en-argent-emre-sanal-en-bronze\/","title":{"rendered":"Grand Slam Tel Aviv 2023 : Madeleine Malonga en argent, Emre Sanal en bronze"},"content":{"rendered":"<p style=\"text-align: justify;\"><strong><em><a title=\"Judo \u2013 Grand Slam de Tel Aviv 2023 : le programme complet\" href=\"https:\/\/dicodusport.fr\/blog\/judo-grand-slam-de-tel-aviv-2023-le-programme-complet\/\" target=\"_blank\" rel=\"noopener\">GRAND SLAM TEL AVIV<\/a> &#8211; Retour gagnant pour Madeleine Malonga ! Pour son retour \u00e0 la comp\u00e9tition en 2023, elle a obtenu une belle m\u00e9daille d&rsquo;argent tandis qu&rsquo;Emre Sanal a remport\u00e9 le bronze.<br \/>\n<\/em><\/strong><\/p>\n<p>Apr\u00e8s une ann\u00e9e post-olympique en dents de scie, Madeleine Malonga (-78 kg) avait d\u00fb faire face \u00e0 une blessure ces derni\u00e8res semaines.<\/p>\n<p style=\"text-align: justify;\">Directement qualifi\u00e9e au deuxi\u00e8me tour, elle affrontait <strong>Samanta Soares<\/strong>. Parfaite sur le uchi-mata, elle s&rsquo;est impos\u00e9e sur ippon. En moins de temps qu&rsquo;il ne faut pour le dire, la Fran\u00e7aise s&rsquo;est impos\u00e9e sur <a href=\"https:\/\/twitter.com\/francejudo_\/status\/1626916820081954820\" target=\"_blank\" rel=\"noopener\">ippon<\/a> face \u00e0 <strong>Beata Pacut-Kloczko<\/strong> en quarts.\u00a0 En demi-finale, elle affrontait Mami Umeki. La Fran\u00e7aise a pris les devants avec un changement de direction pour inscrire un waza-ari.<\/p>\n<blockquote class=\"twitter-tweet\">\n<p dir=\"ltr\" lang=\"fr\">La finale pour Mado ! \ud83d\udcab\ud83d\udcab<\/p>\n<p>Notre vice-championne olympique se d\u00e9fait de la Japonaise Mami Umeki et valide sa place pour la finale ! \ud83d\udd25<\/p>\n<p>Allez Mado ! \ud83d\udc4a<\/p>\n<p>\ud83c\udfa5 IJF<a href=\"https:\/\/twitter.com\/hashtag\/JudoTelAviv?src=hash&amp;ref_src=twsrc%5Etfw\">#JudoTelAviv<\/a> <a href=\"https:\/\/twitter.com\/hashtag\/GoLesBleus?src=hash&amp;ref_src=twsrc%5Etfw\">#GoLesBleus<\/a> <a href=\"https:\/\/twitter.com\/hashtag\/FierdEtreJudoka?src=hash&amp;ref_src=twsrc%5Etfw\">#FierdEtreJudoka<\/a> <a href=\"https:\/\/t.co\/nVzPOmJKl2\">pic.twitter.com\/nVzPOmJKl2<\/a><\/p>\n<p>\u2014 France Judo (@francejudo_) <a href=\"https:\/\/twitter.com\/francejudo_\/status\/1626933087325106176?ref_src=twsrc%5Etfw\">February 18, 2023<\/a><\/p><\/blockquote>\n<p><script async src=\"https:\/\/platform.twitter.com\/widgets.js\" charset=\"utf-8\"><\/script><\/p>\n<p style=\"text-align: justify;\">En finale, elle affrontait <strong>Alice Bellandi<\/strong>. Battue lors de ses trois derniers combats face \u00e0 l&rsquo;Italienne dont les quarts des Championnats d&rsquo;Europe 2022 et la demie du Masters 2022, Madeleine Malonga passait l\u00e0 un vrai test.<\/p>\n<p style=\"text-align: justify;\">Agressive, Bellandi a rapidement inscrit un waza-ari. Sous la pression de son adversaire et de ses deux shidos, Malonga n&rsquo;avait plus le choix \u00e0 1 minute 30 de la fin du combat. Mais la Fran\u00e7aise s&rsquo;est frustr\u00e9e. Si elle a r\u00e9ussi \u00e0 peu \u00e0 peu reprendre la main, elle n&rsquo;avait pas assez de temps et s&rsquo;incline finalement. C&rsquo;est tout de m\u00eame une belle m\u00e9daille d&rsquo;argent pour son retour \u00e0 la comp\u00e9tition et le d\u00e9but d&rsquo;un nouveau cycle pour <strong>Madeleine Malonga<\/strong>.<\/p>\n<h2 style=\"text-align: justify;\">Posvite au pied du podium<\/h2>\n<p style=\"text-align: justify;\">Directement qualifi\u00e9e au deuxi\u00e8me tour, <strong>Fanny-Estelle Posvite<\/strong>\u00a0 affrontait <strong>Natalie Powell<\/strong>. Elle a inscrit un waza-ari sur le gong. En quarts, elle a \u00e9t\u00e9 battue sur ippon par <strong>Alice Bellandi<\/strong>. Aux rep\u00eachages, elle a battu <strong>Alina Boehm<\/strong> avec un waza-ari.<\/p>\n<blockquote class=\"twitter-tweet\">\n<p dir=\"ltr\" lang=\"fr\">Fanny-Estelle Posvite (-78kg) remporte son rep\u00eachage par waza-ari ! \ud83d\udd25<\/p>\n<p>Notre Fran\u00e7aise tentera de d\u00e9crocher le bronze cette apr\u00e8s-midi ! \ud83d\udc4a<\/p>\n<p>\ud83c\udfa5 IJF<a href=\"https:\/\/twitter.com\/hashtag\/JudoTelAviv?src=hash&amp;ref_src=twsrc%5Etfw\">#JudoTelAviv<\/a> <a href=\"https:\/\/twitter.com\/hashtag\/GoLesBleus?src=hash&amp;ref_src=twsrc%5Etfw\">#GoLesBleus<\/a> <a href=\"https:\/\/twitter.com\/hashtag\/FierdEtreJudoka?src=hash&amp;ref_src=twsrc%5Etfw\">#FierdEtreJudoka<\/a> <a href=\"https:\/\/t.co\/M3sFddSigp\">pic.twitter.com\/M3sFddSigp<\/a><\/p>\n<p>\u2014 France Judo (@francejudo_) <a href=\"https:\/\/twitter.com\/francejudo_\/status\/1626930961387597825?ref_src=twsrc%5Etfw\">February 18, 2023<\/a><\/p><\/blockquote>\n<p style=\"text-align: justify;\"><script async src=\"https:\/\/platform.twitter.com\/widgets.js\" charset=\"utf-8\"><\/script><br \/>\nPour le bronze, elle affrontait <strong>Mami Umeki<\/strong>, battue par Malonga. Lors de leur 3e affrontement au Masters 2019, Posvite s&rsquo;\u00e9tait impos\u00e9e. Il y a une \u00e9ternit\u00e9. Malheureusement, fatigu\u00e9e en fin de combat, la Fran\u00e7aise s&rsquo;est inclin\u00e9e au golden score sur immobilisation.<\/p>\n<h2 style=\"text-align: justify;\">Emre Sanal en bronze<\/h2>\n<p style=\"text-align: justify;\">Directement qualifi\u00e9 au deuxi\u00e8me tour, <strong>Emre Sanal<\/strong> (+100 kg) a battu <a href=\"https:\/\/twitter.com\/i\/status\/1626900187301003265\">Marc Deschenes sur ippon<\/a>. En quarts, il a \u00e9t\u00e9 pris par l&rsquo;immobilisation du n\u00b015 mondial <strong>Ushangi Kokauri<\/strong>. Aux rep\u00eachages, il a battu <a href=\"https:\/\/twitter.com\/i\/status\/1626922607260979207\"><strong>Yevheniy Balyevskyy<\/strong><\/a>.<\/p>\n<p style=\"text-align: justify;\">Dans le combat pour le bronze, il affrontait Joao Cesarino qui l&rsquo;avait battu au deuxi\u00e8me tour \u00e0 Paris. Le Fran\u00e7ais a inscrit 2 waza-ari pour s&rsquo;imposer. Il remporte sa premi\u00e8re m\u00e9daille en grand slam !<\/p>\n<blockquote class=\"twitter-tweet\">\n<p dir=\"ltr\" lang=\"fr\">\ud835\udc7b\ud835\udc89\ud835\udc86 \ud835\udc87\ud835\udc8a\ud835\udc93\ud835\udc94\ud835\udc95 \ud835\udc90\ud835\udc8f\ud835\udc86 ! \ud83e\udd49<\/p>\n<p>Emre Sanal (+100kg) s\u2019impose dans son combat pour la place de 3\ufe0f\u20e3 et d\u00e9croche ainsi sa premi\u00e8re m\u00e9daille en Grand Slam ! \ud83e\udd29\ud83d\udd25<\/p>\n<p>F\u00e9licitations Emre ! \ud83d\udc4f<a href=\"https:\/\/twitter.com\/hashtag\/JudoTelAviv?src=hash&amp;ref_src=twsrc%5Etfw\">#JudoTelAviv<\/a> <a href=\"https:\/\/twitter.com\/hashtag\/GoLesBleus?src=hash&amp;ref_src=twsrc%5Etfw\">#GoLesBleus<\/a> <a href=\"https:\/\/twitter.com\/hashtag\/FierdEtreJudoka?src=hash&amp;ref_src=twsrc%5Etfw\">#FierdEtreJudoka<\/a> <a href=\"https:\/\/t.co\/cVtwZOYwHi\">pic.twitter.com\/cVtwZOYwHi<\/a><\/p>\n<p>\u2014 France Judo (@francejudo_) <a href=\"https:\/\/twitter.com\/francejudo_\/status\/1626988258377736198?ref_src=twsrc%5Etfw\">February 18, 2023<\/a><\/p><\/blockquote>\n<p><script async src=\"https:\/\/platform.twitter.com\/widgets.js\" charset=\"utf-8\"><\/script><\/p>\n<h2 style=\"text-align: justify;\">Les autres r\u00e9sultats fran\u00e7ais<\/h2>\n<p style=\"text-align: justify;\"><strong>Axel Clerget<\/strong> (-90 kg) a battu Puntsagtseren Ganbaatar sur waza-ari-awasate-ippon puis Aristos Michael sur ippon. Il s&rsquo;est ensuite inclin\u00e9 au d\u00e9but du golden score face \u00e0 Ivan Felipe Silva Morales. En 3 combats, le Fran\u00e7ais ne s&rsquo;est jamais impos\u00e9 face au Cubain. Dans la m\u00eame cat\u00e9gorie, <strong>Loris Tassier<\/strong> a battu Alexander Knauf sur ippon avant de s&rsquo;incliner face \u00e0 Christian Parlati.<\/p>\n","protected":false},"excerpt":{"rendered":"<p>GRAND SLAM TEL AVIV &#8211; Retour gagnant pour Madeleine Malonga ! Pour son retour \u00e0 la comp\u00e9tition en 2023, elle a obtenu une belle m\u00e9daille d&rsquo;argent tandis qu&rsquo;Emre Sanal a remport\u00e9 le bronze.<\/p>\n","protected":false},"author":12,"featured_media":357164,"comment_status":"open","ping_status":"closed","sticky":false,"template":"","format":"standard","meta":{"_acf_changed":false,"_daextam_enable_autolinks":"","footnotes":""},"categories":[8651],"tags":[6073,16878,9361,68,4687],"class_list":["post-357051","post","type-post","status-publish","format-standard","has-post-thumbnail","hentry","category-judo","tag-axel-clerget","tag-breve","tag-fanny-estelle-posvite","tag-judo","tag-madeleine-malonga"],"acf":[],"yoast_head":"<!-- This site is optimized with the Yoast SEO Premium plugin v26.7 (Yoast SEO v26.7) - https:\/\/yoast.com\/wordpress\/plugins\/seo\/ -->\n<title>Grand Slam Tel Aviv 2023 : Madeleine Malonga en argent, Emre Sanal en bronze<\/title>\n<meta name=\"description\" content=\"Retour gagnant pour Madeleine Malonga ! Elle a obtenu une belle m\u00e9daille d&#039;argent tandis qu&#039;Emre Sanal a remport\u00e9 le bronze.\" \/>\n<meta name=\"robots\" content=\"index, follow, max-snippet:-1, max-image-preview:large, max-video-preview:-1\" \/>\n<link rel=\"canonical\" href=\"https:\/\/dicodusport.fr\/blog\/grand-slam-tel-aviv-2023-madeleine-malonga-en-argent-emre-sanal-en-bronze\/\" \/>\n<meta property=\"og:locale\" content=\"fr_FR\" \/>\n<meta property=\"og:type\" content=\"article\" \/>\n<meta property=\"og:title\" content=\"Grand Slam Tel Aviv 2023 : Madeleine Malonga en argent, Emre Sanal en bronze\" \/>\n<meta property=\"og:description\" content=\"Retour gagnant pour Madeleine Malonga ! Elle a obtenu une belle m\u00e9daille d&#039;argent tandis qu&#039;Emre Sanal a remport\u00e9 le bronze.\" \/>\n<meta property=\"og:url\" content=\"https:\/\/dicodusport.fr\/blog\/grand-slam-tel-aviv-2023-madeleine-malonga-en-argent-emre-sanal-en-bronze\/\" \/>\n<meta property=\"og:site_name\" content=\"Dicodusport\" \/>\n<meta property=\"article:publisher\" content=\"https:\/\/www.facebook.com\/dicodusport\" \/>\n<meta property=\"article:published_time\" content=\"2023-02-18T16:56:56+00:00\" \/>\n<meta property=\"article:modified_time\" content=\"2023-02-18T16:57:42+00:00\" \/>\n<meta property=\"og:image\" content=\"https:\/\/dicodusport.fr\/blog\/wp-content\/uploads\/2023\/02\/Grand-Slam-Tel-Aviv-2023-Madeleine-Malonga-en-argent-Emre-Sanal-en-bronze.jpg\" \/>\n\t<meta property=\"og:image:width\" content=\"800\" \/>\n\t<meta property=\"og:image:height\" content=\"445\" \/>\n\t<meta property=\"og:image:type\" content=\"image\/jpeg\" \/>\n<meta name=\"author\" content=\"Arlette Yeye\" \/>\n<meta name=\"twitter:card\" content=\"summary_large_image\" \/>\n<meta name=\"twitter:title\" content=\"Grand Slam Tel Aviv 2023 : Madeleine Malonga en argent, Emre Sanal en bronze\" \/>\n<meta name=\"twitter:creator\" content=\"@https:\/\/twitter.com\/Shiclette94\" \/>\n<meta name=\"twitter:site\" content=\"@dicodusport\" \/>\n<script type=\"application\/ld+json\" class=\"yoast-schema-graph\">{\"@context\":\"https:\/\/schema.org\",\"@graph\":[{\"@type\":\"NewsArticle\",\"@id\":\"https:\/\/dicodusport.fr\/blog\/grand-slam-tel-aviv-2023-madeleine-malonga-en-argent-emre-sanal-en-bronze\/#article\",\"isPartOf\":{\"@id\":\"https:\/\/dicodusport.fr\/blog\/grand-slam-tel-aviv-2023-madeleine-malonga-en-argent-emre-sanal-en-bronze\/\"},\"author\":{\"name\":\"Arlette Yeye\",\"@id\":\"https:\/\/dicodusport.fr\/blog\/#\/schema\/person\/cce96fa88785bd8573e3d43078ac8c79\"},\"headline\":\"Grand Slam Tel Aviv 2023 : Madeleine Malonga en argent, Emre Sanal en bronze\",\"datePublished\":\"2023-02-18T16:56:56+00:00\",\"dateModified\":\"2023-02-18T16:57:42+00:00\",\"mainEntityOfPage\":{\"@id\":\"https:\/\/dicodusport.fr\/blog\/grand-slam-tel-aviv-2023-madeleine-malonga-en-argent-emre-sanal-en-bronze\/\"},\"wordCount\":614,\"commentCount\":0,\"publisher\":{\"@id\":\"https:\/\/dicodusport.fr\/blog\/#organization\"},\"image\":{\"@id\":\"https:\/\/dicodusport.fr\/blog\/grand-slam-tel-aviv-2023-madeleine-malonga-en-argent-emre-sanal-en-bronze\/#primaryimage\"},\"thumbnailUrl\":\"https:\/\/dicodusport.fr\/blog\/wp-content\/uploads\/2023\/02\/Grand-Slam-Tel-Aviv-2023-Madeleine-Malonga-en-argent-Emre-Sanal-en-bronze.jpg\",\"keywords\":[\"Axel Clerget\",\"br\u00e8ve\",\"Fanny-Estelle Posvite\",\"Judo\",\"Madeleine Malonga\"],\"articleSection\":[\"Judo\"],\"inLanguage\":\"fr-FR\",\"potentialAction\":[{\"@type\":\"CommentAction\",\"name\":\"Comment\",\"target\":[\"https:\/\/dicodusport.fr\/blog\/grand-slam-tel-aviv-2023-madeleine-malonga-en-argent-emre-sanal-en-bronze\/#respond\"]}],\"copyrightYear\":\"2023\",\"copyrightHolder\":{\"@id\":\"https:\/\/dicodusport.fr\/blog\/#organization\"}},{\"@type\":\"WebPage\",\"@id\":\"https:\/\/dicodusport.fr\/blog\/grand-slam-tel-aviv-2023-madeleine-malonga-en-argent-emre-sanal-en-bronze\/\",\"url\":\"https:\/\/dicodusport.fr\/blog\/grand-slam-tel-aviv-2023-madeleine-malonga-en-argent-emre-sanal-en-bronze\/\",\"name\":\"Grand Slam Tel Aviv 2023 : Madeleine Malonga en argent, Emre Sanal en bronze\",\"isPartOf\":{\"@id\":\"https:\/\/dicodusport.fr\/blog\/#website\"},\"primaryImageOfPage\":{\"@id\":\"https:\/\/dicodusport.fr\/blog\/grand-slam-tel-aviv-2023-madeleine-malonga-en-argent-emre-sanal-en-bronze\/#primaryimage\"},\"image\":{\"@id\":\"https:\/\/dicodusport.fr\/blog\/grand-slam-tel-aviv-2023-madeleine-malonga-en-argent-emre-sanal-en-bronze\/#primaryimage\"},\"thumbnailUrl\":\"https:\/\/dicodusport.fr\/blog\/wp-content\/uploads\/2023\/02\/Grand-Slam-Tel-Aviv-2023-Madeleine-Malonga-en-argent-Emre-Sanal-en-bronze.jpg\",\"datePublished\":\"2023-02-18T16:56:56+00:00\",\"dateModified\":\"2023-02-18T16:57:42+00:00\",\"description\":\"Retour gagnant pour Madeleine Malonga ! Elle a obtenu une belle m\u00e9daille d'argent tandis qu'Emre Sanal a remport\u00e9 le bronze.\",\"breadcrumb\":{\"@id\":\"https:\/\/dicodusport.fr\/blog\/grand-slam-tel-aviv-2023-madeleine-malonga-en-argent-emre-sanal-en-bronze\/#breadcrumb\"},\"inLanguage\":\"fr-FR\",\"potentialAction\":[{\"@type\":\"ReadAction\",\"target\":[\"https:\/\/dicodusport.fr\/blog\/grand-slam-tel-aviv-2023-madeleine-malonga-en-argent-emre-sanal-en-bronze\/\"]}]},{\"@type\":\"ImageObject\",\"inLanguage\":\"fr-FR\",\"@id\":\"https:\/\/dicodusport.fr\/blog\/grand-slam-tel-aviv-2023-madeleine-malonga-en-argent-emre-sanal-en-bronze\/#primaryimage\",\"url\":\"https:\/\/dicodusport.fr\/blog\/wp-content\/uploads\/2023\/02\/Grand-Slam-Tel-Aviv-2023-Madeleine-Malonga-en-argent-Emre-Sanal-en-bronze.jpg\",\"contentUrl\":\"https:\/\/dicodusport.fr\/blog\/wp-content\/uploads\/2023\/02\/Grand-Slam-Tel-Aviv-2023-Madeleine-Malonga-en-argent-Emre-Sanal-en-bronze.jpg\",\"width\":800,\"height\":445,\"caption\":\"Grand Slam Tel Aviv 2023 Madeleine Malonga en argent, Emre Sanal en bronze\"},{\"@type\":\"BreadcrumbList\",\"@id\":\"https:\/\/dicodusport.fr\/blog\/grand-slam-tel-aviv-2023-madeleine-malonga-en-argent-emre-sanal-en-bronze\/#breadcrumb\",\"itemListElement\":[{\"@type\":\"ListItem\",\"position\":1,\"name\":\"Accueil\",\"item\":\"https:\/\/dicodusport.fr\/blog\/\"},{\"@type\":\"ListItem\",\"position\":2,\"name\":\"Grand Slam Tel Aviv 2023 : Madeleine Malonga en argent, Emre Sanal en bronze\"}]},{\"@type\":\"WebSite\",\"@id\":\"https:\/\/dicodusport.fr\/blog\/#website\",\"url\":\"https:\/\/dicodusport.fr\/blog\/\",\"name\":\"Dicodusport\",\"description\":\"L&#039;encyclop\u00e9die de l&#039;actualit\u00e9 sportive\",\"publisher\":{\"@id\":\"https:\/\/dicodusport.fr\/blog\/#organization\"},\"potentialAction\":[{\"@type\":\"SearchAction\",\"target\":{\"@type\":\"EntryPoint\",\"urlTemplate\":\"https:\/\/dicodusport.fr\/blog\/?s={search_term_string}\"},\"query-input\":{\"@type\":\"PropertyValueSpecification\",\"valueRequired\":true,\"valueName\":\"search_term_string\"}}],\"inLanguage\":\"fr-FR\"},{\"@type\":\"NewsMediaOrganization\",\"@id\":\"https:\/\/dicodusport.fr\/blog\/#organization\",\"name\":\"Dicodusport\",\"url\":\"https:\/\/dicodusport.fr\/blog\/\",\"logo\":{\"@type\":\"ImageObject\",\"inLanguage\":\"fr-FR\",\"@id\":\"https:\/\/dicodusport.fr\/blog\/#\/schema\/logo\/image\/\",\"url\":\"https:\/\/dicodusport.fr\/blog\/wp-content\/uploads\/2020\/06\/cropped-LOGO-DICODUSPORT-2020-SANS-FOND-SANS-TEXTE.png\",\"contentUrl\":\"https:\/\/dicodusport.fr\/blog\/wp-content\/uploads\/2020\/06\/cropped-LOGO-DICODUSPORT-2020-SANS-FOND-SANS-TEXTE.png\",\"width\":512,\"height\":512,\"caption\":\"Dicodusport\"},\"image\":{\"@id\":\"https:\/\/dicodusport.fr\/blog\/#\/schema\/logo\/image\/\"},\"sameAs\":[\"https:\/\/www.facebook.com\/dicodusport\",\"https:\/\/x.com\/dicodusport\",\"https:\/\/www.instagram.com\/dicodusport\/\",\"https:\/\/www.youtube.com\/channel\/UC7V2KZ5sd3htJivAbA4ZG3w\"],\"description\":\"Dicodusport est l'encyclop\u00e9die de l'actualit\u00e9 sportive.\",\"email\":\"bonjour@dicodusport.fr\",\"legalName\":\"DICODUSPORT\",\"foundingDate\":\"2018-01-14\",\"vatID\":\"FR71834470973\",\"taxID\":\"83447097300043\",\"numberOfEmployees\":{\"@type\":\"QuantitativeValue\",\"minValue\":\"1\",\"maxValue\":\"10\"}},{\"@type\":\"Person\",\"@id\":\"https:\/\/dicodusport.fr\/blog\/#\/schema\/person\/cce96fa88785bd8573e3d43078ac8c79\",\"name\":\"Arlette Yeye\",\"image\":{\"@type\":\"ImageObject\",\"inLanguage\":\"fr-FR\",\"@id\":\"https:\/\/dicodusport.fr\/blog\/#\/schema\/person\/image\/\",\"url\":\"https:\/\/secure.gravatar.com\/avatar\/dca4a6239e6d708e46c45d60e160de6c?s=96&d=wp_user_avatar&r=g\",\"contentUrl\":\"https:\/\/secure.gravatar.com\/avatar\/dca4a6239e6d708e46c45d60e160de6c?s=96&d=wp_user_avatar&r=g\",\"caption\":\"Arlette Yeye\"},\"description\":\"Journaliste\/r\u00e9dactrice depuis septembre 2015 - Supportrice de Chelsea, j'ai pour sports de pr\u00e9dilection le handball, l'athl\u00e9tisme et le tennis. Si je tweete plus vite que mon ombre, vous pouvez aussi me retrouver les week-ends sur les playgrounds de Bruxelles pour un petit foot ou basket entre potes. Parcourir la France, l'Europe et plus si affinit\u00e9s pour suivre mes sportifs pr\u00e9f\u00e9r\u00e9s ? Mon kif ! Et c'est avec plaisir que je partage les r\u00e9sultats des sports populaires mais \u00e9galement plus confidentiels pour Dicodusport.\",\"sameAs\":[\"https:\/\/x.com\/https:\/\/twitter.com\/Shiclette94\"],\"url\":\"https:\/\/dicodusport.fr\/blog\/author\/arlette\/\"}]}<\/script>\n<!-- \/ Yoast SEO Premium plugin. -->","yoast_head_json":{"title":"Grand Slam Tel Aviv 2023 : Madeleine Malonga en argent, Emre Sanal en bronze","description":"Retour gagnant pour Madeleine Malonga ! Elle a obtenu une belle m\u00e9daille d'argent tandis qu'Emre Sanal a remport\u00e9 le bronze.","robots":{"index":"index","follow":"follow","max-snippet":"max-snippet:-1","max-image-preview":"max-image-preview:large","max-video-preview":"max-video-preview:-1"},"canonical":"https:\/\/dicodusport.fr\/blog\/grand-slam-tel-aviv-2023-madeleine-malonga-en-argent-emre-sanal-en-bronze\/","og_locale":"fr_FR","og_type":"article","og_title":"Grand Slam Tel Aviv 2023 : Madeleine Malonga en argent, Emre Sanal en bronze","og_description":"Retour gagnant pour Madeleine Malonga ! Elle a obtenu une belle m\u00e9daille d'argent tandis qu'Emre Sanal a remport\u00e9 le bronze.","og_url":"https:\/\/dicodusport.fr\/blog\/grand-slam-tel-aviv-2023-madeleine-malonga-en-argent-emre-sanal-en-bronze\/","og_site_name":"Dicodusport","article_publisher":"https:\/\/www.facebook.com\/dicodusport","article_published_time":"2023-02-18T16:56:56+00:00","article_modified_time":"2023-02-18T16:57:42+00:00","og_image":[{"width":800,"height":445,"url":"https:\/\/dicodusport.fr\/blog\/wp-content\/uploads\/2023\/02\/Grand-Slam-Tel-Aviv-2023-Madeleine-Malonga-en-argent-Emre-Sanal-en-bronze.jpg","type":"image\/jpeg"}],"author":"Arlette Yeye","twitter_card":"summary_large_image","twitter_title":"Grand Slam Tel Aviv 2023 : Madeleine Malonga en argent, Emre Sanal en bronze","twitter_creator":"@https:\/\/twitter.com\/Shiclette94","twitter_site":"@dicodusport","schema":{"@context":"https:\/\/schema.org","@graph":[{"@type":"NewsArticle","@id":"https:\/\/dicodusport.fr\/blog\/grand-slam-tel-aviv-2023-madeleine-malonga-en-argent-emre-sanal-en-bronze\/#article","isPartOf":{"@id":"https:\/\/dicodusport.fr\/blog\/grand-slam-tel-aviv-2023-madeleine-malonga-en-argent-emre-sanal-en-bronze\/"},"author":{"name":"Arlette Yeye","@id":"https:\/\/dicodusport.fr\/blog\/#\/schema\/person\/cce96fa88785bd8573e3d43078ac8c79"},"headline":"Grand Slam Tel Aviv 2023 : Madeleine Malonga en argent, Emre Sanal en bronze","datePublished":"2023-02-18T16:56:56+00:00","dateModified":"2023-02-18T16:57:42+00:00","mainEntityOfPage":{"@id":"https:\/\/dicodusport.fr\/blog\/grand-slam-tel-aviv-2023-madeleine-malonga-en-argent-emre-sanal-en-bronze\/"},"wordCount":614,"commentCount":0,"publisher":{"@id":"https:\/\/dicodusport.fr\/blog\/#organization"},"image":{"@id":"https:\/\/dicodusport.fr\/blog\/grand-slam-tel-aviv-2023-madeleine-malonga-en-argent-emre-sanal-en-bronze\/#primaryimage"},"thumbnailUrl":"https:\/\/dicodusport.fr\/blog\/wp-content\/uploads\/2023\/02\/Grand-Slam-Tel-Aviv-2023-Madeleine-Malonga-en-argent-Emre-Sanal-en-bronze.jpg","keywords":["Axel Clerget","br\u00e8ve","Fanny-Estelle Posvite","Judo","Madeleine Malonga"],"articleSection":["Judo"],"inLanguage":"fr-FR","potentialAction":[{"@type":"CommentAction","name":"Comment","target":["https:\/\/dicodusport.fr\/blog\/grand-slam-tel-aviv-2023-madeleine-malonga-en-argent-emre-sanal-en-bronze\/#respond"]}],"copyrightYear":"2023","copyrightHolder":{"@id":"https:\/\/dicodusport.fr\/blog\/#organization"}},{"@type":"WebPage","@id":"https:\/\/dicodusport.fr\/blog\/grand-slam-tel-aviv-2023-madeleine-malonga-en-argent-emre-sanal-en-bronze\/","url":"https:\/\/dicodusport.fr\/blog\/grand-slam-tel-aviv-2023-madeleine-malonga-en-argent-emre-sanal-en-bronze\/","name":"Grand Slam Tel Aviv 2023 : Madeleine Malonga en argent, Emre Sanal en bronze","isPartOf":{"@id":"https:\/\/dicodusport.fr\/blog\/#website"},"primaryImageOfPage":{"@id":"https:\/\/dicodusport.fr\/blog\/grand-slam-tel-aviv-2023-madeleine-malonga-en-argent-emre-sanal-en-bronze\/#primaryimage"},"image":{"@id":"https:\/\/dicodusport.fr\/blog\/grand-slam-tel-aviv-2023-madeleine-malonga-en-argent-emre-sanal-en-bronze\/#primaryimage"},"thumbnailUrl":"https:\/\/dicodusport.fr\/blog\/wp-content\/uploads\/2023\/02\/Grand-Slam-Tel-Aviv-2023-Madeleine-Malonga-en-argent-Emre-Sanal-en-bronze.jpg","datePublished":"2023-02-18T16:56:56+00:00","dateModified":"2023-02-18T16:57:42+00:00","description":"Retour gagnant pour Madeleine Malonga ! Elle a obtenu une belle m\u00e9daille d'argent tandis qu'Emre Sanal a remport\u00e9 le bronze.","breadcrumb":{"@id":"https:\/\/dicodusport.fr\/blog\/grand-slam-tel-aviv-2023-madeleine-malonga-en-argent-emre-sanal-en-bronze\/#breadcrumb"},"inLanguage":"fr-FR","potentialAction":[{"@type":"ReadAction","target":["https:\/\/dicodusport.fr\/blog\/grand-slam-tel-aviv-2023-madeleine-malonga-en-argent-emre-sanal-en-bronze\/"]}]},{"@type":"ImageObject","inLanguage":"fr-FR","@id":"https:\/\/dicodusport.fr\/blog\/grand-slam-tel-aviv-2023-madeleine-malonga-en-argent-emre-sanal-en-bronze\/#primaryimage","url":"https:\/\/dicodusport.fr\/blog\/wp-content\/uploads\/2023\/02\/Grand-Slam-Tel-Aviv-2023-Madeleine-Malonga-en-argent-Emre-Sanal-en-bronze.jpg","contentUrl":"https:\/\/dicodusport.fr\/blog\/wp-content\/uploads\/2023\/02\/Grand-Slam-Tel-Aviv-2023-Madeleine-Malonga-en-argent-Emre-Sanal-en-bronze.jpg","width":800,"height":445,"caption":"Grand Slam Tel Aviv 2023 Madeleine Malonga en argent, Emre Sanal en bronze"},{"@type":"BreadcrumbList","@id":"https:\/\/dicodusport.fr\/blog\/grand-slam-tel-aviv-2023-madeleine-malonga-en-argent-emre-sanal-en-bronze\/#breadcrumb","itemListElement":[{"@type":"ListItem","position":1,"name":"Accueil","item":"https:\/\/dicodusport.fr\/blog\/"},{"@type":"ListItem","position":2,"name":"Grand Slam Tel Aviv 2023 : Madeleine Malonga en argent, Emre Sanal en bronze"}]},{"@type":"WebSite","@id":"https:\/\/dicodusport.fr\/blog\/#website","url":"https:\/\/dicodusport.fr\/blog\/","name":"Dicodusport","description":"L&#039;encyclop\u00e9die de l&#039;actualit\u00e9 sportive","publisher":{"@id":"https:\/\/dicodusport.fr\/blog\/#organization"},"potentialAction":[{"@type":"SearchAction","target":{"@type":"EntryPoint","urlTemplate":"https:\/\/dicodusport.fr\/blog\/?s={search_term_string}"},"query-input":{"@type":"PropertyValueSpecification","valueRequired":true,"valueName":"search_term_string"}}],"inLanguage":"fr-FR"},{"@type":"NewsMediaOrganization","@id":"https:\/\/dicodusport.fr\/blog\/#organization","name":"Dicodusport","url":"https:\/\/dicodusport.fr\/blog\/","logo":{"@type":"ImageObject","inLanguage":"fr-FR","@id":"https:\/\/dicodusport.fr\/blog\/#\/schema\/logo\/image\/","url":"https:\/\/dicodusport.fr\/blog\/wp-content\/uploads\/2020\/06\/cropped-LOGO-DICODUSPORT-2020-SANS-FOND-SANS-TEXTE.png","contentUrl":"https:\/\/dicodusport.fr\/blog\/wp-content\/uploads\/2020\/06\/cropped-LOGO-DICODUSPORT-2020-SANS-FOND-SANS-TEXTE.png","width":512,"height":512,"caption":"Dicodusport"},"image":{"@id":"https:\/\/dicodusport.fr\/blog\/#\/schema\/logo\/image\/"},"sameAs":["https:\/\/www.facebook.com\/dicodusport","https:\/\/x.com\/dicodusport","https:\/\/www.instagram.com\/dicodusport\/","https:\/\/www.youtube.com\/channel\/UC7V2KZ5sd3htJivAbA4ZG3w"],"description":"Dicodusport est l'encyclop\u00e9die de l'actualit\u00e9 sportive.","email":"bonjour@dicodusport.fr","legalName":"DICODUSPORT","foundingDate":"2018-01-14","vatID":"FR71834470973","taxID":"83447097300043","numberOfEmployees":{"@type":"QuantitativeValue","minValue":"1","maxValue":"10"}},{"@type":"Person","@id":"https:\/\/dicodusport.fr\/blog\/#\/schema\/person\/cce96fa88785bd8573e3d43078ac8c79","name":"Arlette Yeye","image":{"@type":"ImageObject","inLanguage":"fr-FR","@id":"https:\/\/dicodusport.fr\/blog\/#\/schema\/person\/image\/","url":"https:\/\/secure.gravatar.com\/avatar\/dca4a6239e6d708e46c45d60e160de6c?s=96&d=wp_user_avatar&r=g","contentUrl":"https:\/\/secure.gravatar.com\/avatar\/dca4a6239e6d708e46c45d60e160de6c?s=96&d=wp_user_avatar&r=g","caption":"Arlette Yeye"},"description":"Journaliste\/r\u00e9dactrice depuis septembre 2015 - Supportrice de Chelsea, j'ai pour sports de pr\u00e9dilection le handball, l'athl\u00e9tisme et le tennis. Si je tweete plus vite que mon ombre, vous pouvez aussi me retrouver les week-ends sur les playgrounds de Bruxelles pour un petit foot ou basket entre potes. Parcourir la France, l'Europe et plus si affinit\u00e9s pour suivre mes sportifs pr\u00e9f\u00e9r\u00e9s ? Mon kif ! Et c'est avec plaisir que je partage les r\u00e9sultats des sports populaires mais \u00e9galement plus confidentiels pour Dicodusport.","sameAs":["https:\/\/x.com\/https:\/\/twitter.com\/Shiclette94"],"url":"https:\/\/dicodusport.fr\/blog\/author\/arlette\/"}]}},"_links":{"self":[{"href":"https:\/\/dicodusport.fr\/blog\/wp-json\/wp\/v2\/posts\/357051","targetHints":{"allow":["GET"]}}],"collection":[{"href":"https:\/\/dicodusport.fr\/blog\/wp-json\/wp\/v2\/posts"}],"about":[{"href":"https:\/\/dicodusport.fr\/blog\/wp-json\/wp\/v2\/types\/post"}],"author":[{"embeddable":true,"href":"https:\/\/dicodusport.fr\/blog\/wp-json\/wp\/v2\/users\/12"}],"replies":[{"embeddable":true,"href":"https:\/\/dicodusport.fr\/blog\/wp-json\/wp\/v2\/comments?post=357051"}],"version-history":[{"count":0,"href":"https:\/\/dicodusport.fr\/blog\/wp-json\/wp\/v2\/posts\/357051\/revisions"}],"wp:featuredmedia":[{"embeddable":true,"href":"https:\/\/dicodusport.fr\/blog\/wp-json\/wp\/v2\/media\/357164"}],"wp:attachment":[{"href":"https:\/\/dicodusport.fr\/blog\/wp-json\/wp\/v2\/media?parent=357051"}],"wp:term":[{"taxonomy":"category","embeddable":true,"href":"https:\/\/dicodusport.fr\/blog\/wp-json\/wp\/v2\/categories?post=357051"},{"taxonomy":"post_tag","embeddable":true,"href":"https:\/\/dicodusport.fr\/blog\/wp-json\/wp\/v2\/tags?post=357051"}],"curies":[{"name":"wp","href":"https:\/\/api.w.org\/{rel}","templated":true}]}}