{"id":357080,"date":"2023-02-18T17:56:48","date_gmt":"2023-02-18T16:56:48","guid":{"rendered":"https:\/\/dicodusport.fr\/blog\/?p=357080"},"modified":"2023-02-19T08:50:13","modified_gmt":"2023-02-19T07:50:13","slug":"biathlon-deux-francaises-sur-le-podium-sur-le-sprint-des-championnats-deurope-juniors","status":"publish","type":"post","link":"https:\/\/dicodusport.fr\/blog\/biathlon-deux-francaises-sur-le-podium-sur-le-sprint-des-championnats-deurope-juniors\/","title":{"rendered":"Biathlon : Deux Fran\u00e7aises sur le podium sur le sprint des Championnats d\u2019Europe juniors"},"content":{"rendered":"<p style=\"text-align: justify;\"><em><strong>CHAMPIONNATS D&rsquo;EUROPE JUNIORS DE BIATHLON &#8211; Les Championnats d\u2019Europe juniors qui se d\u00e9roulent \u00e0 Madona en Lettonie sourient bien \u00e0 la d\u00e9l\u00e9gation tricolore. Aujourd\u2019hui sur le sprint, Chlo\u00e9 Bened et Ana\u00eblle Bondoux sont mont\u00e9es sur le podium.<\/strong><\/em><\/p>\n<p style=\"text-align: justify;\">D\u00e9cid\u00e9ment, le biathlon fran\u00e7ais se porte bien et la rel\u00e8ve est l\u00e0. \u00c0\u00a0Madona (Lettonie), <strong>Chlo\u00e9 Bened<\/strong>, auteure d\u2019un 10 sur 10, a termin\u00e9 2<sup>e<\/sup> du sprint, \u00e0 3 secondes seulement de l\u2019Autrichienne <strong>Lara Wagner<\/strong>. Sur le podium, la jeune Fran\u00e7aise est accompagn\u00e9e par sa compatriote <strong>Ana\u00eblle Bondoux<\/strong>. Elle termine \u00e0 11 secondes de l\u2019Autrichienne avec son 8 sur 10 au tir.<\/p>\n<blockquote class=\"twitter-tweet\">\n<p dir=\"ltr\" lang=\"en\">Junior Women Sprint is in the books and this time we have four happy medalists on the podium!\ud83e\udd29<\/p>\n<p>\ud83e\udd47 Lara Wagner \ud83c\udde6\ud83c\uddf9<br \/>\n\ud83e\udd48 Chloe Bened \ud83c\uddeb\ud83c\uddf7<br \/>\n\ud83e\udd49 Lora Hristova \ud83c\udde7\ud83c\uddec &amp; Anaelle Bondoux \ud83c\uddeb\ud83c\uddf7<\/p>\n<p>\ud83d\udcf8 Koksarovs\/IBU | <a href=\"https:\/\/twitter.com\/hashtag\/JOECH2023?src=hash&amp;ref_src=twsrc%5Etfw\">#JOECH2023<\/a> <a href=\"https:\/\/twitter.com\/hashtag\/JuniorCup?src=hash&amp;ref_src=twsrc%5Etfw\">#JuniorCup<\/a> <a href=\"https:\/\/t.co\/YMZg2CSqxj\">pic.twitter.com\/YMZg2CSqxj<\/a><\/p>\n<p>\u2014 IBU Junior Cup (@IBU_Junior) <a href=\"https:\/\/twitter.com\/IBU_Junior\/status\/1626952087304040451?ref_src=twsrc%5Etfw\">February 18, 2023<\/a><\/p><\/blockquote>\n<p style=\"text-align: justify;\"><script async src=\"https:\/\/platform.twitter.com\/widgets.js\" charset=\"utf-8\"><\/script><\/p>\n<p style=\"text-align: justify;\">Il faudra donc suivre la poursuite de demain (11h00) o\u00f9 les possibilit\u00e9s de m\u00e9dailles \u2013 voire d\u2019un titre \u2013 sont grandes. D\u2019autant plus que deux autres Fran\u00e7aises sont bien plac\u00e9es. <strong>Jeanne Richard<\/strong> est 6<sup>e<\/sup> \u00a0\u00e0 16 secondes et <strong>L\u00e9onie Jeannier<\/strong>, \u00e0 peine <a href=\"https:\/\/dicodusport.fr\/blog\/biathlon-ch-deurope-juniors-leonie-jeannier-et-jacques-jefferies-raflent-lor-sur-le-relais-mixte-simple\/\">championne d\u2019Europe du relais mixte simple<\/a> et <a href=\"https:\/\/dicodusport.fr\/blog\/biathlon-ch-deurope-juniors-leonie-jeannier-et-jacques-jefferies-raflent-lor-sur-le-relais-mixte-simple\/\">vice-championne d\u2019Europe de l\u2019individuel<\/a>, est 10<sup>e<\/sup> \u00e0 38 secondes.<\/p>\n","protected":false},"excerpt":{"rendered":"<p>CHAMPIONNATS D&rsquo;EUROPE JUNIORS DE BIATHLON &#8211; Les Championnats d\u2019Europe juniors qui se d\u00e9roulent \u00e0 Madona en Lettonie sourient bien \u00e0 la d\u00e9l\u00e9gation tricolore. Aujourd\u2019hui sur le sprint, Chlo\u00e9 Bened et Ana\u00eblle Bondoux sont mont\u00e9es sur le podium.<\/p>\n","protected":false},"author":80,"featured_media":357163,"comment_status":"open","ping_status":"closed","sticky":false,"template":"","format":"standard","meta":{"_acf_changed":false,"_daextam_enable_autolinks":"","footnotes":""},"categories":[2426],"tags":[29803,16878],"class_list":["post-357080","post","type-post","status-publish","format-standard","has-post-thumbnail","hentry","category-biathlon","tag-anaelle-bondoux","tag-breve"],"acf":[],"yoast_head":"<!-- This site is optimized with the Yoast SEO Premium plugin v26.7 (Yoast SEO v26.7) - https:\/\/yoast.com\/wordpress\/plugins\/seo\/ -->\n<title>Biathlon : Deux Fran\u00e7aises sur le podium sur le sprint des Championnats d\u2019Europe juniors<\/title>\n<meta name=\"description\" content=\"Sur le sprint des championnats d\u2019Europe juniors 2023, Chlo\u00e9 Bened et Ana\u00eblle Bondoux sont mont\u00e9es sur le podium.\" \/>\n<meta name=\"robots\" content=\"index, follow, max-snippet:-1, max-image-preview:large, max-video-preview:-1\" \/>\n<link rel=\"canonical\" href=\"https:\/\/dicodusport.fr\/blog\/biathlon-deux-francaises-sur-le-podium-sur-le-sprint-des-championnats-deurope-juniors\/\" \/>\n<meta property=\"og:locale\" content=\"fr_FR\" \/>\n<meta property=\"og:type\" content=\"article\" \/>\n<meta property=\"og:title\" content=\"Biathlon : Deux Fran\u00e7aises sur le podium sur le sprint des Championnats d\u2019Europe juniors\" \/>\n<meta property=\"og:description\" content=\"Sur le sprint des championnats d\u2019Europe juniors 2023, Chlo\u00e9 Bened et Ana\u00eblle Bondoux sont mont\u00e9es sur le podium.\" \/>\n<meta property=\"og:url\" content=\"https:\/\/dicodusport.fr\/blog\/biathlon-deux-francaises-sur-le-podium-sur-le-sprint-des-championnats-deurope-juniors\/\" \/>\n<meta property=\"og:site_name\" content=\"Dicodusport\" \/>\n<meta property=\"article:publisher\" content=\"https:\/\/www.facebook.com\/dicodusport\" \/>\n<meta property=\"article:author\" content=\"https:\/\/www.facebook.com\/profile.php?id=100009753662352\" \/>\n<meta property=\"article:published_time\" content=\"2023-02-18T16:56:48+00:00\" \/>\n<meta property=\"article:modified_time\" content=\"2023-02-19T07:50:13+00:00\" \/>\n<meta property=\"og:image\" content=\"https:\/\/dicodusport.fr\/blog\/wp-content\/uploads\/2023\/02\/Biathlon-Deux-Francaises-sur-le-podium-sur-le-sprint-des-Championnats-dEurope-juniors.png\" \/>\n\t<meta property=\"og:image:width\" content=\"800\" \/>\n\t<meta property=\"og:image:height\" content=\"445\" \/>\n\t<meta property=\"og:image:type\" content=\"image\/png\" \/>\n<meta name=\"author\" content=\"Killian Tanguy\" \/>\n<meta name=\"twitter:card\" content=\"summary_large_image\" \/>\n<meta name=\"twitter:title\" content=\"Biathlon : Deux Fran\u00e7aises sur le podium sur le sprint des Championnats d\u2019Europe juniors\" \/>\n<meta name=\"twitter:creator\" content=\"@https:\/\/twitter.com\/sport_ktanguy\" \/>\n<meta name=\"twitter:site\" content=\"@dicodusport\" \/>\n<script type=\"application\/ld+json\" class=\"yoast-schema-graph\">{\"@context\":\"https:\/\/schema.org\",\"@graph\":[{\"@type\":\"NewsArticle\",\"@id\":\"https:\/\/dicodusport.fr\/blog\/biathlon-deux-francaises-sur-le-podium-sur-le-sprint-des-championnats-deurope-juniors\/#article\",\"isPartOf\":{\"@id\":\"https:\/\/dicodusport.fr\/blog\/biathlon-deux-francaises-sur-le-podium-sur-le-sprint-des-championnats-deurope-juniors\/\"},\"author\":{\"name\":\"Killian Tanguy\",\"@id\":\"https:\/\/dicodusport.fr\/blog\/#\/schema\/person\/ff2feeb71ea78ad31eeb3390ffe96b46\"},\"headline\":\"Biathlon : Deux Fran\u00e7aises sur le podium sur le sprint des Championnats d\u2019Europe juniors\",\"datePublished\":\"2023-02-18T16:56:48+00:00\",\"dateModified\":\"2023-02-19T07:50:13+00:00\",\"mainEntityOfPage\":{\"@id\":\"https:\/\/dicodusport.fr\/blog\/biathlon-deux-francaises-sur-le-podium-sur-le-sprint-des-championnats-deurope-juniors\/\"},\"wordCount\":224,\"commentCount\":0,\"publisher\":{\"@id\":\"https:\/\/dicodusport.fr\/blog\/#organization\"},\"image\":{\"@id\":\"https:\/\/dicodusport.fr\/blog\/biathlon-deux-francaises-sur-le-podium-sur-le-sprint-des-championnats-deurope-juniors\/#primaryimage\"},\"thumbnailUrl\":\"https:\/\/dicodusport.fr\/blog\/wp-content\/uploads\/2023\/02\/Biathlon-Deux-Francaises-sur-le-podium-sur-le-sprint-des-Championnats-dEurope-juniors.png\",\"keywords\":[\"Ana\u00eblle Bondoux\",\"br\u00e8ve\"],\"articleSection\":[\"Biathlon\"],\"inLanguage\":\"fr-FR\",\"potentialAction\":[{\"@type\":\"CommentAction\",\"name\":\"Comment\",\"target\":[\"https:\/\/dicodusport.fr\/blog\/biathlon-deux-francaises-sur-le-podium-sur-le-sprint-des-championnats-deurope-juniors\/#respond\"]}],\"copyrightYear\":\"2023\",\"copyrightHolder\":{\"@id\":\"https:\/\/dicodusport.fr\/blog\/#organization\"}},{\"@type\":\"WebPage\",\"@id\":\"https:\/\/dicodusport.fr\/blog\/biathlon-deux-francaises-sur-le-podium-sur-le-sprint-des-championnats-deurope-juniors\/\",\"url\":\"https:\/\/dicodusport.fr\/blog\/biathlon-deux-francaises-sur-le-podium-sur-le-sprint-des-championnats-deurope-juniors\/\",\"name\":\"Biathlon : Deux Fran\u00e7aises sur le podium sur le sprint des Championnats d\u2019Europe juniors\",\"isPartOf\":{\"@id\":\"https:\/\/dicodusport.fr\/blog\/#website\"},\"primaryImageOfPage\":{\"@id\":\"https:\/\/dicodusport.fr\/blog\/biathlon-deux-francaises-sur-le-podium-sur-le-sprint-des-championnats-deurope-juniors\/#primaryimage\"},\"image\":{\"@id\":\"https:\/\/dicodusport.fr\/blog\/biathlon-deux-francaises-sur-le-podium-sur-le-sprint-des-championnats-deurope-juniors\/#primaryimage\"},\"thumbnailUrl\":\"https:\/\/dicodusport.fr\/blog\/wp-content\/uploads\/2023\/02\/Biathlon-Deux-Francaises-sur-le-podium-sur-le-sprint-des-Championnats-dEurope-juniors.png\",\"datePublished\":\"2023-02-18T16:56:48+00:00\",\"dateModified\":\"2023-02-19T07:50:13+00:00\",\"description\":\"Sur le sprint des championnats d\u2019Europe juniors 2023, Chlo\u00e9 Bened et Ana\u00eblle Bondoux sont mont\u00e9es sur le podium.\",\"breadcrumb\":{\"@id\":\"https:\/\/dicodusport.fr\/blog\/biathlon-deux-francaises-sur-le-podium-sur-le-sprint-des-championnats-deurope-juniors\/#breadcrumb\"},\"inLanguage\":\"fr-FR\",\"potentialAction\":[{\"@type\":\"ReadAction\",\"target\":[\"https:\/\/dicodusport.fr\/blog\/biathlon-deux-francaises-sur-le-podium-sur-le-sprint-des-championnats-deurope-juniors\/\"]}]},{\"@type\":\"ImageObject\",\"inLanguage\":\"fr-FR\",\"@id\":\"https:\/\/dicodusport.fr\/blog\/biathlon-deux-francaises-sur-le-podium-sur-le-sprint-des-championnats-deurope-juniors\/#primaryimage\",\"url\":\"https:\/\/dicodusport.fr\/blog\/wp-content\/uploads\/2023\/02\/Biathlon-Deux-Francaises-sur-le-podium-sur-le-sprint-des-Championnats-dEurope-juniors.png\",\"contentUrl\":\"https:\/\/dicodusport.fr\/blog\/wp-content\/uploads\/2023\/02\/Biathlon-Deux-Francaises-sur-le-podium-sur-le-sprint-des-Championnats-dEurope-juniors.png\",\"width\":800,\"height\":445,\"caption\":\"Biathlon Deux Fran\u00e7aises sur le podium sur le sprint des Championnats d\u2019Europe juniors\"},{\"@type\":\"BreadcrumbList\",\"@id\":\"https:\/\/dicodusport.fr\/blog\/biathlon-deux-francaises-sur-le-podium-sur-le-sprint-des-championnats-deurope-juniors\/#breadcrumb\",\"itemListElement\":[{\"@type\":\"ListItem\",\"position\":1,\"name\":\"Accueil\",\"item\":\"https:\/\/dicodusport.fr\/blog\/\"},{\"@type\":\"ListItem\",\"position\":2,\"name\":\"Biathlon : Deux Fran\u00e7aises sur le podium sur le sprint des Championnats d\u2019Europe juniors\"}]},{\"@type\":\"WebSite\",\"@id\":\"https:\/\/dicodusport.fr\/blog\/#website\",\"url\":\"https:\/\/dicodusport.fr\/blog\/\",\"name\":\"Dicodusport\",\"description\":\"L&#039;encyclop\u00e9die de l&#039;actualit\u00e9 sportive\",\"publisher\":{\"@id\":\"https:\/\/dicodusport.fr\/blog\/#organization\"},\"potentialAction\":[{\"@type\":\"SearchAction\",\"target\":{\"@type\":\"EntryPoint\",\"urlTemplate\":\"https:\/\/dicodusport.fr\/blog\/?s={search_term_string}\"},\"query-input\":{\"@type\":\"PropertyValueSpecification\",\"valueRequired\":true,\"valueName\":\"search_term_string\"}}],\"inLanguage\":\"fr-FR\"},{\"@type\":\"NewsMediaOrganization\",\"@id\":\"https:\/\/dicodusport.fr\/blog\/#organization\",\"name\":\"Dicodusport\",\"url\":\"https:\/\/dicodusport.fr\/blog\/\",\"logo\":{\"@type\":\"ImageObject\",\"inLanguage\":\"fr-FR\",\"@id\":\"https:\/\/dicodusport.fr\/blog\/#\/schema\/logo\/image\/\",\"url\":\"https:\/\/dicodusport.fr\/blog\/wp-content\/uploads\/2020\/06\/cropped-LOGO-DICODUSPORT-2020-SANS-FOND-SANS-TEXTE.png\",\"contentUrl\":\"https:\/\/dicodusport.fr\/blog\/wp-content\/uploads\/2020\/06\/cropped-LOGO-DICODUSPORT-2020-SANS-FOND-SANS-TEXTE.png\",\"width\":512,\"height\":512,\"caption\":\"Dicodusport\"},\"image\":{\"@id\":\"https:\/\/dicodusport.fr\/blog\/#\/schema\/logo\/image\/\"},\"sameAs\":[\"https:\/\/www.facebook.com\/dicodusport\",\"https:\/\/x.com\/dicodusport\",\"https:\/\/www.instagram.com\/dicodusport\/\",\"https:\/\/www.youtube.com\/channel\/UC7V2KZ5sd3htJivAbA4ZG3w\"],\"description\":\"Dicodusport est l'encyclop\u00e9die de l'actualit\u00e9 sportive.\",\"email\":\"bonjour@dicodusport.fr\",\"legalName\":\"DICODUSPORT\",\"foundingDate\":\"2018-01-14\",\"vatID\":\"FR71834470973\",\"taxID\":\"83447097300043\",\"numberOfEmployees\":{\"@type\":\"QuantitativeValue\",\"minValue\":\"1\",\"maxValue\":\"10\"}},{\"@type\":\"Person\",\"@id\":\"https:\/\/dicodusport.fr\/blog\/#\/schema\/person\/ff2feeb71ea78ad31eeb3390ffe96b46\",\"name\":\"Killian Tanguy\",\"image\":{\"@type\":\"ImageObject\",\"inLanguage\":\"fr-FR\",\"@id\":\"https:\/\/dicodusport.fr\/blog\/#\/schema\/person\/image\/\",\"url\":\"https:\/\/dicodusport.fr\/blog\/wp-content\/uploads\/2022\/12\/Killian-Tanguy-150x150.png\",\"contentUrl\":\"https:\/\/dicodusport.fr\/blog\/wp-content\/uploads\/2022\/12\/Killian-Tanguy-150x150.png\",\"caption\":\"Killian Tanguy\"},\"description\":\"Journaliste qui parle de tout et surtout de sport. Rugby, handball, sports d'hiver, football, cyclisme... Et ce que j'aime par-dessus tout : couvrir une discipline que je ne connais pas. Rien de mieux pour s'enrichir et apprendre.\",\"sameAs\":[\"https:\/\/killiantanguy.wixsite.com\/monsite\",\"https:\/\/www.facebook.com\/profile.php?id=100009753662352\",\"https:\/\/www.instagram.com\/sport.killiantanguy\/\",\"https:\/\/www.linkedin.com\/in\/killiantanguy\/\",\"https:\/\/x.com\/https:\/\/twitter.com\/sport_ktanguy\",\"https:\/\/www.youtube.com\/channel\/UCRfZkHKJL0wK7wvnJjCry-Q\"],\"url\":\"https:\/\/dicodusport.fr\/blog\/author\/killian-tanguy\/\"}]}<\/script>\n<!-- \/ Yoast SEO Premium plugin. -->","yoast_head_json":{"title":"Biathlon : Deux Fran\u00e7aises sur le podium sur le sprint des Championnats d\u2019Europe juniors","description":"Sur le sprint des championnats d\u2019Europe juniors 2023, Chlo\u00e9 Bened et Ana\u00eblle Bondoux sont mont\u00e9es sur le podium.","robots":{"index":"index","follow":"follow","max-snippet":"max-snippet:-1","max-image-preview":"max-image-preview:large","max-video-preview":"max-video-preview:-1"},"canonical":"https:\/\/dicodusport.fr\/blog\/biathlon-deux-francaises-sur-le-podium-sur-le-sprint-des-championnats-deurope-juniors\/","og_locale":"fr_FR","og_type":"article","og_title":"Biathlon : Deux Fran\u00e7aises sur le podium sur le sprint des Championnats d\u2019Europe juniors","og_description":"Sur le sprint des championnats d\u2019Europe juniors 2023, Chlo\u00e9 Bened et Ana\u00eblle Bondoux sont mont\u00e9es sur le podium.","og_url":"https:\/\/dicodusport.fr\/blog\/biathlon-deux-francaises-sur-le-podium-sur-le-sprint-des-championnats-deurope-juniors\/","og_site_name":"Dicodusport","article_publisher":"https:\/\/www.facebook.com\/dicodusport","article_author":"https:\/\/www.facebook.com\/profile.php?id=100009753662352","article_published_time":"2023-02-18T16:56:48+00:00","article_modified_time":"2023-02-19T07:50:13+00:00","og_image":[{"width":800,"height":445,"url":"https:\/\/dicodusport.fr\/blog\/wp-content\/uploads\/2023\/02\/Biathlon-Deux-Francaises-sur-le-podium-sur-le-sprint-des-Championnats-dEurope-juniors.png","type":"image\/png"}],"author":"Killian Tanguy","twitter_card":"summary_large_image","twitter_title":"Biathlon : Deux Fran\u00e7aises sur le podium sur le sprint des Championnats d\u2019Europe juniors","twitter_creator":"@https:\/\/twitter.com\/sport_ktanguy","twitter_site":"@dicodusport","schema":{"@context":"https:\/\/schema.org","@graph":[{"@type":"NewsArticle","@id":"https:\/\/dicodusport.fr\/blog\/biathlon-deux-francaises-sur-le-podium-sur-le-sprint-des-championnats-deurope-juniors\/#article","isPartOf":{"@id":"https:\/\/dicodusport.fr\/blog\/biathlon-deux-francaises-sur-le-podium-sur-le-sprint-des-championnats-deurope-juniors\/"},"author":{"name":"Killian Tanguy","@id":"https:\/\/dicodusport.fr\/blog\/#\/schema\/person\/ff2feeb71ea78ad31eeb3390ffe96b46"},"headline":"Biathlon : Deux Fran\u00e7aises sur le podium sur le sprint des Championnats d\u2019Europe juniors","datePublished":"2023-02-18T16:56:48+00:00","dateModified":"2023-02-19T07:50:13+00:00","mainEntityOfPage":{"@id":"https:\/\/dicodusport.fr\/blog\/biathlon-deux-francaises-sur-le-podium-sur-le-sprint-des-championnats-deurope-juniors\/"},"wordCount":224,"commentCount":0,"publisher":{"@id":"https:\/\/dicodusport.fr\/blog\/#organization"},"image":{"@id":"https:\/\/dicodusport.fr\/blog\/biathlon-deux-francaises-sur-le-podium-sur-le-sprint-des-championnats-deurope-juniors\/#primaryimage"},"thumbnailUrl":"https:\/\/dicodusport.fr\/blog\/wp-content\/uploads\/2023\/02\/Biathlon-Deux-Francaises-sur-le-podium-sur-le-sprint-des-Championnats-dEurope-juniors.png","keywords":["Ana\u00eblle Bondoux","br\u00e8ve"],"articleSection":["Biathlon"],"inLanguage":"fr-FR","potentialAction":[{"@type":"CommentAction","name":"Comment","target":["https:\/\/dicodusport.fr\/blog\/biathlon-deux-francaises-sur-le-podium-sur-le-sprint-des-championnats-deurope-juniors\/#respond"]}],"copyrightYear":"2023","copyrightHolder":{"@id":"https:\/\/dicodusport.fr\/blog\/#organization"}},{"@type":"WebPage","@id":"https:\/\/dicodusport.fr\/blog\/biathlon-deux-francaises-sur-le-podium-sur-le-sprint-des-championnats-deurope-juniors\/","url":"https:\/\/dicodusport.fr\/blog\/biathlon-deux-francaises-sur-le-podium-sur-le-sprint-des-championnats-deurope-juniors\/","name":"Biathlon : Deux Fran\u00e7aises sur le podium sur le sprint des Championnats d\u2019Europe juniors","isPartOf":{"@id":"https:\/\/dicodusport.fr\/blog\/#website"},"primaryImageOfPage":{"@id":"https:\/\/dicodusport.fr\/blog\/biathlon-deux-francaises-sur-le-podium-sur-le-sprint-des-championnats-deurope-juniors\/#primaryimage"},"image":{"@id":"https:\/\/dicodusport.fr\/blog\/biathlon-deux-francaises-sur-le-podium-sur-le-sprint-des-championnats-deurope-juniors\/#primaryimage"},"thumbnailUrl":"https:\/\/dicodusport.fr\/blog\/wp-content\/uploads\/2023\/02\/Biathlon-Deux-Francaises-sur-le-podium-sur-le-sprint-des-Championnats-dEurope-juniors.png","datePublished":"2023-02-18T16:56:48+00:00","dateModified":"2023-02-19T07:50:13+00:00","description":"Sur le sprint des championnats d\u2019Europe juniors 2023, Chlo\u00e9 Bened et Ana\u00eblle Bondoux sont mont\u00e9es sur le podium.","breadcrumb":{"@id":"https:\/\/dicodusport.fr\/blog\/biathlon-deux-francaises-sur-le-podium-sur-le-sprint-des-championnats-deurope-juniors\/#breadcrumb"},"inLanguage":"fr-FR","potentialAction":[{"@type":"ReadAction","target":["https:\/\/dicodusport.fr\/blog\/biathlon-deux-francaises-sur-le-podium-sur-le-sprint-des-championnats-deurope-juniors\/"]}]},{"@type":"ImageObject","inLanguage":"fr-FR","@id":"https:\/\/dicodusport.fr\/blog\/biathlon-deux-francaises-sur-le-podium-sur-le-sprint-des-championnats-deurope-juniors\/#primaryimage","url":"https:\/\/dicodusport.fr\/blog\/wp-content\/uploads\/2023\/02\/Biathlon-Deux-Francaises-sur-le-podium-sur-le-sprint-des-Championnats-dEurope-juniors.png","contentUrl":"https:\/\/dicodusport.fr\/blog\/wp-content\/uploads\/2023\/02\/Biathlon-Deux-Francaises-sur-le-podium-sur-le-sprint-des-Championnats-dEurope-juniors.png","width":800,"height":445,"caption":"Biathlon Deux Fran\u00e7aises sur le podium sur le sprint des Championnats d\u2019Europe juniors"},{"@type":"BreadcrumbList","@id":"https:\/\/dicodusport.fr\/blog\/biathlon-deux-francaises-sur-le-podium-sur-le-sprint-des-championnats-deurope-juniors\/#breadcrumb","itemListElement":[{"@type":"ListItem","position":1,"name":"Accueil","item":"https:\/\/dicodusport.fr\/blog\/"},{"@type":"ListItem","position":2,"name":"Biathlon : Deux Fran\u00e7aises sur le podium sur le sprint des Championnats d\u2019Europe juniors"}]},{"@type":"WebSite","@id":"https:\/\/dicodusport.fr\/blog\/#website","url":"https:\/\/dicodusport.fr\/blog\/","name":"Dicodusport","description":"L&#039;encyclop\u00e9die de l&#039;actualit\u00e9 sportive","publisher":{"@id":"https:\/\/dicodusport.fr\/blog\/#organization"},"potentialAction":[{"@type":"SearchAction","target":{"@type":"EntryPoint","urlTemplate":"https:\/\/dicodusport.fr\/blog\/?s={search_term_string}"},"query-input":{"@type":"PropertyValueSpecification","valueRequired":true,"valueName":"search_term_string"}}],"inLanguage":"fr-FR"},{"@type":"NewsMediaOrganization","@id":"https:\/\/dicodusport.fr\/blog\/#organization","name":"Dicodusport","url":"https:\/\/dicodusport.fr\/blog\/","logo":{"@type":"ImageObject","inLanguage":"fr-FR","@id":"https:\/\/dicodusport.fr\/blog\/#\/schema\/logo\/image\/","url":"https:\/\/dicodusport.fr\/blog\/wp-content\/uploads\/2020\/06\/cropped-LOGO-DICODUSPORT-2020-SANS-FOND-SANS-TEXTE.png","contentUrl":"https:\/\/dicodusport.fr\/blog\/wp-content\/uploads\/2020\/06\/cropped-LOGO-DICODUSPORT-2020-SANS-FOND-SANS-TEXTE.png","width":512,"height":512,"caption":"Dicodusport"},"image":{"@id":"https:\/\/dicodusport.fr\/blog\/#\/schema\/logo\/image\/"},"sameAs":["https:\/\/www.facebook.com\/dicodusport","https:\/\/x.com\/dicodusport","https:\/\/www.instagram.com\/dicodusport\/","https:\/\/www.youtube.com\/channel\/UC7V2KZ5sd3htJivAbA4ZG3w"],"description":"Dicodusport est l'encyclop\u00e9die de l'actualit\u00e9 sportive.","email":"bonjour@dicodusport.fr","legalName":"DICODUSPORT","foundingDate":"2018-01-14","vatID":"FR71834470973","taxID":"83447097300043","numberOfEmployees":{"@type":"QuantitativeValue","minValue":"1","maxValue":"10"}},{"@type":"Person","@id":"https:\/\/dicodusport.fr\/blog\/#\/schema\/person\/ff2feeb71ea78ad31eeb3390ffe96b46","name":"Killian Tanguy","image":{"@type":"ImageObject","inLanguage":"fr-FR","@id":"https:\/\/dicodusport.fr\/blog\/#\/schema\/person\/image\/","url":"https:\/\/dicodusport.fr\/blog\/wp-content\/uploads\/2022\/12\/Killian-Tanguy-150x150.png","contentUrl":"https:\/\/dicodusport.fr\/blog\/wp-content\/uploads\/2022\/12\/Killian-Tanguy-150x150.png","caption":"Killian Tanguy"},"description":"Journaliste qui parle de tout et surtout de sport. Rugby, handball, sports d'hiver, football, cyclisme... Et ce que j'aime par-dessus tout : couvrir une discipline que je ne connais pas. Rien de mieux pour s'enrichir et apprendre.","sameAs":["https:\/\/killiantanguy.wixsite.com\/monsite","https:\/\/www.facebook.com\/profile.php?id=100009753662352","https:\/\/www.instagram.com\/sport.killiantanguy\/","https:\/\/www.linkedin.com\/in\/killiantanguy\/","https:\/\/x.com\/https:\/\/twitter.com\/sport_ktanguy","https:\/\/www.youtube.com\/channel\/UCRfZkHKJL0wK7wvnJjCry-Q"],"url":"https:\/\/dicodusport.fr\/blog\/author\/killian-tanguy\/"}]}},"_links":{"self":[{"href":"https:\/\/dicodusport.fr\/blog\/wp-json\/wp\/v2\/posts\/357080","targetHints":{"allow":["GET"]}}],"collection":[{"href":"https:\/\/dicodusport.fr\/blog\/wp-json\/wp\/v2\/posts"}],"about":[{"href":"https:\/\/dicodusport.fr\/blog\/wp-json\/wp\/v2\/types\/post"}],"author":[{"embeddable":true,"href":"https:\/\/dicodusport.fr\/blog\/wp-json\/wp\/v2\/users\/80"}],"replies":[{"embeddable":true,"href":"https:\/\/dicodusport.fr\/blog\/wp-json\/wp\/v2\/comments?post=357080"}],"version-history":[{"count":0,"href":"https:\/\/dicodusport.fr\/blog\/wp-json\/wp\/v2\/posts\/357080\/revisions"}],"wp:featuredmedia":[{"embeddable":true,"href":"https:\/\/dicodusport.fr\/blog\/wp-json\/wp\/v2\/media\/357163"}],"wp:attachment":[{"href":"https:\/\/dicodusport.fr\/blog\/wp-json\/wp\/v2\/media?parent=357080"}],"wp:term":[{"taxonomy":"category","embeddable":true,"href":"https:\/\/dicodusport.fr\/blog\/wp-json\/wp\/v2\/categories?post=357080"},{"taxonomy":"post_tag","embeddable":true,"href":"https:\/\/dicodusport.fr\/blog\/wp-json\/wp\/v2\/tags?post=357080"}],"curies":[{"name":"wp","href":"https:\/\/api.w.org\/{rel}","templated":true}]}}