{"id":357373,"date":"2023-02-19T13:11:46","date_gmt":"2023-02-19T12:11:46","guid":{"rendered":"https:\/\/dicodusport.fr\/blog\/?p=357373&#038;preview=true&#038;preview_id=357373"},"modified":"2023-02-19T14:49:31","modified_gmt":"2023-02-19T13:49:31","slug":"mondiaux-biathlon-2023-sebastian-samuelsson-champion-du-monde-de-la-mass-start","status":"publish","type":"post","link":"https:\/\/dicodusport.fr\/blog\/mondiaux-biathlon-2023-sebastian-samuelsson-champion-du-monde-de-la-mass-start\/","title":{"rendered":"Mondiaux Biathlon 2023 : Sebastian Samuelsson champion du monde de la mass start !"},"content":{"rendered":"<p align=\"justify\"><em><strong>CHAMPIONNATS DU MONDE DE BIATHLON 2023 &#8211; Le Su\u00e9dois Sebastian Samuelsson a r\u00e9alis\u00e9 une course parfaite sur la mass start \u00e0 Oberhof (Allemagne). Pour remporter le premier titre de sa carri\u00e8re aux Mondiaux. Il devance son compatriote Martin Ponsiluoma et l&rsquo;homme de ces championnats du monde, Johannes Boe. Pas de m\u00e9daille pour les Fran\u00e7ais donc.\u00a0<\/strong><\/em><\/p>\n<h2 style=\"text-align: justify;\">La r\u00e9demption de Samuelsson<\/h2>\n<p style=\"text-align: justify;\">Et non, il n&rsquo;est pas invincible ! <strong>Johannes Boe<\/strong> a perdu une course individuelle dans ces <strong>championnats du monde de biathlon 2023<\/strong> \u00e0 Oberhof ! Cette fois-ci, pas de d\u00e9faillance d&rsquo;un co\u00e9quipier, comme hier, samedi, sur le relais. Non, cette d\u00e9faite est imput\u00e9e uniquement \u00e0 lui-m\u00eame et un tir qui n&rsquo;a pas \u00e9t\u00e9 \u00e0 la hauteur. Si le 17\/20 aurait suffi lors de son titre sur l&rsquo;individuel, ce n&rsquo;\u00e9tait pas assez pour l&#8217;emporter. Et son bourreau est Su\u00e9dois et se nomme <strong>Sebastian Samuelsson<\/strong>, champion du monde de la mass start !<\/p>\n<p style=\"text-align: justify;\">C&rsquo;est la quatri\u00e8me m\u00e9daille pour le vainqueur du jour, qui a enfin troqu\u00e9 du bronze pour une m\u00e9daille bien plus glorieuse ! Et ce n&rsquo;est pas forc\u00e9ment sur lui qu&rsquo;on aurait mis\u00e9 en d\u00e9but des Mondiaux. Auteur d&rsquo;une saison plus que moyenne et loin de son grand talent, on avait du mal \u00e0 croire \u00e0 une r\u00e9demption. Mais il a su tout remettre \u00e0 l&rsquo;endroit en Allemagne. En premier lieu, sur le tir ! Un 20\/20 qui a compt\u00e9, surtout quand il a fallu en remettre dans le dernier tour. Remettre les choses en place, les Fran\u00e7ais n&rsquo;auront jamais pu le faire sur les \u00e9preuves individuelles dans ces championnats du monde.<\/p>\n<p style=\"text-align: justify;\"><strong>Quentin Fillon Maillet<\/strong> termine premier d&rsquo;entre eux \u00e0 la 6e place \u00e0 1:10 de Samuelsson. Pour la premi\u00e8re fois depuis 2009, il n&rsquo;y aura pas de m\u00e9daille individuelle pour les Fran\u00e7ais dans un championnat du monde. Heureusement que le merveilleux sacre sur le relais hier, vient compenser cette faillite. Mais ce sera sans doute une nouvelle soupe \u00e0 la grimace. D&rsquo;autant que, contrairement aux autres jours, il y avait la place, la Norv\u00e8ge ayant beaucoup souffert sur la mass start.<\/p>\n<blockquote class=\"twitter-tweet\">\n<p dir=\"ltr\" lang=\"fr\">Fabien Claude est le premier Bleu \u00e0 ressortir, suivi de Quentin Fillon Maillet apr\u00e8s ce 1er tir ! <a href=\"https:\/\/twitter.com\/hashtag\/lequipeBIATHLON?src=hash&amp;ref_src=twsrc%5Etfw\">#lequipeBIATHLON<\/a> <a href=\"https:\/\/t.co\/pRrlPRWOzH\">pic.twitter.com\/pRrlPRWOzH<\/a><\/p>\n<p>\u2014 la chaine L&rsquo;\u00c9quipe (@lachainelequipe) <a href=\"https:\/\/twitter.com\/lachainelequipe\/status\/1627271488817532928?ref_src=twsrc%5Etfw\">February 19, 2023<\/a><\/p><\/blockquote>\n<p><script async src=\"https:\/\/platform.twitter.com\/widgets.js\" charset=\"utf-8\"><\/script><\/p>\n<h2 style=\"text-align: justify;\">Johannes Boe a l\u00e2ch\u00e9 trop de balles<\/h2>\n<p style=\"text-align: justify;\"><strong>Johannes Boe<\/strong> se contentera du bronze. Et pourtant, on a encore cru qu&rsquo;il pourrait revenir des enfers, l\u00e2chant un \u00e9norme premier tir debout, pour se replacer en t\u00eate. Mais apr\u00e8s avoir fait une faute sur chaque couch\u00e9 et fait l&rsquo;effort pour boucher des gros \u00e9carts &#8211; 24 secondes apr\u00e8s le second tir &#8211; il avait finalement l\u00e2ch\u00e9 trop d&rsquo;\u00e9nergie. Qu&rsquo;est-ce qu&rsquo;il nous a fait peur pourtant, dans son encha\u00eenement retour sur la t\u00eate et \u00e9norme premier tir debout. Pas aussi impressionnant qu&rsquo;hier, lors du relais en mode mitraillette, mais de quoi vous assommer un cheval. Et des concurrents tous repouss\u00e9s \u00e0 pr\u00e8s de 20 secondes, \u00e0 l&rsquo;exception de <strong>Sebastian Samuelsson<\/strong>.<\/p>\n<p style=\"text-align: justify;\">Mais les premiers signes de fatigue se sont fait sentir pour le Norv\u00e9gien. Qui n&rsquo;a pas creus\u00e9 les \u00e9carts sur les skis. Quand on conna\u00eet sa domination sur cette partie, depuis le d\u00e9but de la saison, on pouvait commencer \u00e0 esp\u00e9rer. Et \u00e9videmment qu&rsquo;il \u00e9tait encore une menace, malgr\u00e9 sa faute sur la derni\u00e8re balle de son second tir debout, repartant avec 7 secondes de retard sur <strong>Sebastian Samuelsson<\/strong> et <strong>Martin Ponsiluoma<\/strong>, les deux Su\u00e9dois, bien d\u00e9cid\u00e9s \u00e0 briser l&rsquo;h\u00e9g\u00e9monie norv\u00e9gienne. Et la rage de Samuelsson en a dit long. Profitant de sa fra\u00eecheur acquise du fait de son 20\/20, il a mis le turbo dans le dernier tour ! Supersonique. <strong>Johannes Boe<\/strong> l&rsquo;a compris. Apr\u00e8s une petite lutte, il a renonc\u00e9. Comme il a d\u00fb renoncer hier sur le relais face \u00e0 <strong>Quentin Fillon Maillet<\/strong>. Pas de Grand Chelem individuel pour le cadet de la fratrie Boe.<\/p>\n<p style=\"text-align: justify;\"><strong>Martin Ponsiluoma<\/strong> termine \u00e0 10 secondes de son compatriote et <strong>Johannes Boe<\/strong> \u00e0 39 secondes. Fabien Claude est 8e \u00e0 1:26, <strong>Antonin Guigonnat<\/strong> 19e \u00e0 2:35 juste devant<strong> \u00c9milien Jacquelin<\/strong>.<\/p>\n<blockquote class=\"twitter-tweet\">\n<p dir=\"ltr\" lang=\"fr\">Sebastian Samuelsson remporte la mass start des Mondiaux ! <a href=\"https:\/\/twitter.com\/hashtag\/lequipeBIATHLON?src=hash&amp;ref_src=twsrc%5Etfw\">#lequipeBIATHLON<\/a> <a href=\"https:\/\/t.co\/XGrphCmu7L\">pic.twitter.com\/XGrphCmu7L<\/a><\/p>\n<p>\u2014 la chaine L&rsquo;\u00c9quipe (@lachainelequipe) <a href=\"https:\/\/twitter.com\/lachainelequipe\/status\/1627279094424518658?ref_src=twsrc%5Etfw\">February 19, 2023<\/a><\/p><\/blockquote>\n<p><script async src=\"https:\/\/platform.twitter.com\/widgets.js\" charset=\"utf-8\"><\/script><\/p>\n<h2 style=\"text-align: justify;\">\u00c0 lire aussi<\/h2>\n<ul>\n<li style=\"text-align: justify;\"><a href=\"https:\/\/dicodusport.fr\/blog\/mondiaux-biathlon-2023-classement-mass-start-hommes\/\"><strong>Classement de la mass start hommes<\/strong><\/a><\/li>\n<li style=\"text-align: justify;\"><a href=\"https:\/\/dicodusport.fr\/blog\/biathlon-championnats-du-monde-2023-programme-et-resultats\/\"><strong>Programme et r\u00e9sultats des championnats du monde de biathlon<\/strong><\/a><\/li>\n<li style=\"text-align: justify;\"><a href=\"https:\/\/dicodusport.fr\/blog\/tableau-des-medailles-championnats-du-monde-biathlon-2023\/\"><strong>Tableau des m\u00e9dailles des championnats du monde de biathlon<\/strong><\/a><\/li>\n<\/ul>\n<p>&nbsp;<\/p>\n","protected":false},"excerpt":{"rendered":"<p>CHAMPIONNATS DU MONDE DE BIATHLON 2023 &#8211; Le Su\u00e9dois Sebastian Samuelsson a r\u00e9alis\u00e9 une course parfaite sur la mass start \u00e0 Oberhof (Allemagne). Pour remporter le premier titre de sa carri\u00e8re aux Mondiaux. Il devance son compatriote Martin Ponsiluoma et l&rsquo;homme de ces championnats du monde, Johannes Boe. Pas de m\u00e9daille pour les Fran\u00e7ais donc.\u00a0<\/p>\n","protected":false},"author":83,"featured_media":357434,"comment_status":"open","ping_status":"closed","sticky":false,"template":"","format":"standard","meta":{"_acf_changed":false,"_daextam_enable_autolinks":"","footnotes":""},"categories":[47039],"tags":[16878,7140,24],"class_list":["post-357373","post","type-post","status-publish","format-standard","has-post-thumbnail","hentry","category-championnats-du-monde-de-biathlon","tag-breve","tag-mass-start-hommes","tag-sport"],"acf":[],"yoast_head":"<!-- This site is optimized with the Yoast SEO Premium plugin v26.7 (Yoast SEO v26.7) - https:\/\/yoast.com\/wordpress\/plugins\/seo\/ -->\n<title>Mondiaux Biathlon 2023 : Sebastian Samuelsson champion du monde de la mass start !<\/title>\n<meta name=\"description\" content=\"CHAMPIONNATS DU MONDE DE BIATHLON 2023 - Sebastian Samuelsson a r\u00e9alis\u00e9 une course parfaite sur la mass start \u00e0 Oberhof (Allemagne).\" \/>\n<meta name=\"robots\" content=\"index, follow, max-snippet:-1, max-image-preview:large, max-video-preview:-1\" \/>\n<link rel=\"canonical\" href=\"https:\/\/dicodusport.fr\/blog\/mondiaux-biathlon-2023-sebastian-samuelsson-champion-du-monde-de-la-mass-start\/\" \/>\n<meta property=\"og:locale\" content=\"fr_FR\" \/>\n<meta property=\"og:type\" content=\"article\" \/>\n<meta property=\"og:title\" content=\"Mondiaux Biathlon 2023 : Sebastian Samuelsson champion du monde de la mass start !\" \/>\n<meta property=\"og:description\" content=\"CHAMPIONNATS DU MONDE DE BIATHLON 2023 - Sebastian Samuelsson a r\u00e9alis\u00e9 une course parfaite sur la mass start \u00e0 Oberhof (Allemagne).\" \/>\n<meta property=\"og:url\" content=\"https:\/\/dicodusport.fr\/blog\/mondiaux-biathlon-2023-sebastian-samuelsson-champion-du-monde-de-la-mass-start\/\" \/>\n<meta property=\"og:site_name\" content=\"Dicodusport\" \/>\n<meta property=\"article:publisher\" content=\"https:\/\/www.facebook.com\/dicodusport\" \/>\n<meta property=\"article:published_time\" content=\"2023-02-19T12:11:46+00:00\" \/>\n<meta property=\"article:modified_time\" content=\"2023-02-19T13:49:31+00:00\" \/>\n<meta property=\"og:image\" content=\"https:\/\/dicodusport.fr\/blog\/wp-content\/uploads\/2023\/02\/Mondiaux-Biathlon-2023-Sebastian-Samuelsson-champion-du-monde-de-la-mass-start-.png\" \/>\n\t<meta property=\"og:image:width\" content=\"800\" \/>\n\t<meta property=\"og:image:height\" content=\"445\" \/>\n\t<meta property=\"og:image:type\" content=\"image\/png\" \/>\n<meta name=\"author\" content=\"Etienne Goursaud\" \/>\n<meta name=\"twitter:card\" content=\"summary_large_image\" \/>\n<meta name=\"twitter:title\" content=\"Mondiaux Biathlon 2023 : Sebastian Samuelsson champion du monde de la mass start !\" \/>\n<meta name=\"twitter:creator\" content=\"@dicodusport\" \/>\n<meta name=\"twitter:site\" content=\"@dicodusport\" \/>\n<script type=\"application\/ld+json\" class=\"yoast-schema-graph\">{\"@context\":\"https:\/\/schema.org\",\"@graph\":[{\"@type\":\"NewsArticle\",\"@id\":\"https:\/\/dicodusport.fr\/blog\/mondiaux-biathlon-2023-sebastian-samuelsson-champion-du-monde-de-la-mass-start\/#article\",\"isPartOf\":{\"@id\":\"https:\/\/dicodusport.fr\/blog\/mondiaux-biathlon-2023-sebastian-samuelsson-champion-du-monde-de-la-mass-start\/\"},\"author\":{\"name\":\"Etienne Goursaud\",\"@id\":\"https:\/\/dicodusport.fr\/blog\/#\/schema\/person\/d603dd7da31fb2b46c82b9835a77ec13\"},\"headline\":\"Mondiaux Biathlon 2023 : Sebastian Samuelsson champion du monde de la mass start !\",\"datePublished\":\"2023-02-19T12:11:46+00:00\",\"dateModified\":\"2023-02-19T13:49:31+00:00\",\"mainEntityOfPage\":{\"@id\":\"https:\/\/dicodusport.fr\/blog\/mondiaux-biathlon-2023-sebastian-samuelsson-champion-du-monde-de-la-mass-start\/\"},\"wordCount\":758,\"commentCount\":0,\"publisher\":{\"@id\":\"https:\/\/dicodusport.fr\/blog\/#organization\"},\"image\":{\"@id\":\"https:\/\/dicodusport.fr\/blog\/mondiaux-biathlon-2023-sebastian-samuelsson-champion-du-monde-de-la-mass-start\/#primaryimage\"},\"thumbnailUrl\":\"https:\/\/dicodusport.fr\/blog\/wp-content\/uploads\/2023\/02\/Mondiaux-Biathlon-2023-Sebastian-Samuelsson-champion-du-monde-de-la-mass-start-.png\",\"keywords\":[\"br\u00e8ve\",\"Mass start hommes\",\"sport\"],\"articleSection\":[\"Championnats du monde de biathlon\"],\"inLanguage\":\"fr-FR\",\"potentialAction\":[{\"@type\":\"CommentAction\",\"name\":\"Comment\",\"target\":[\"https:\/\/dicodusport.fr\/blog\/mondiaux-biathlon-2023-sebastian-samuelsson-champion-du-monde-de-la-mass-start\/#respond\"]}],\"copyrightYear\":\"2023\",\"copyrightHolder\":{\"@id\":\"https:\/\/dicodusport.fr\/blog\/#organization\"}},{\"@type\":\"WebPage\",\"@id\":\"https:\/\/dicodusport.fr\/blog\/mondiaux-biathlon-2023-sebastian-samuelsson-champion-du-monde-de-la-mass-start\/\",\"url\":\"https:\/\/dicodusport.fr\/blog\/mondiaux-biathlon-2023-sebastian-samuelsson-champion-du-monde-de-la-mass-start\/\",\"name\":\"Mondiaux Biathlon 2023 : Sebastian Samuelsson champion du monde de la mass start !\",\"isPartOf\":{\"@id\":\"https:\/\/dicodusport.fr\/blog\/#website\"},\"primaryImageOfPage\":{\"@id\":\"https:\/\/dicodusport.fr\/blog\/mondiaux-biathlon-2023-sebastian-samuelsson-champion-du-monde-de-la-mass-start\/#primaryimage\"},\"image\":{\"@id\":\"https:\/\/dicodusport.fr\/blog\/mondiaux-biathlon-2023-sebastian-samuelsson-champion-du-monde-de-la-mass-start\/#primaryimage\"},\"thumbnailUrl\":\"https:\/\/dicodusport.fr\/blog\/wp-content\/uploads\/2023\/02\/Mondiaux-Biathlon-2023-Sebastian-Samuelsson-champion-du-monde-de-la-mass-start-.png\",\"datePublished\":\"2023-02-19T12:11:46+00:00\",\"dateModified\":\"2023-02-19T13:49:31+00:00\",\"description\":\"CHAMPIONNATS DU MONDE DE BIATHLON 2023 - Sebastian Samuelsson a r\u00e9alis\u00e9 une course parfaite sur la mass start \u00e0 Oberhof (Allemagne).\",\"breadcrumb\":{\"@id\":\"https:\/\/dicodusport.fr\/blog\/mondiaux-biathlon-2023-sebastian-samuelsson-champion-du-monde-de-la-mass-start\/#breadcrumb\"},\"inLanguage\":\"fr-FR\",\"potentialAction\":[{\"@type\":\"ReadAction\",\"target\":[\"https:\/\/dicodusport.fr\/blog\/mondiaux-biathlon-2023-sebastian-samuelsson-champion-du-monde-de-la-mass-start\/\"]}]},{\"@type\":\"ImageObject\",\"inLanguage\":\"fr-FR\",\"@id\":\"https:\/\/dicodusport.fr\/blog\/mondiaux-biathlon-2023-sebastian-samuelsson-champion-du-monde-de-la-mass-start\/#primaryimage\",\"url\":\"https:\/\/dicodusport.fr\/blog\/wp-content\/uploads\/2023\/02\/Mondiaux-Biathlon-2023-Sebastian-Samuelsson-champion-du-monde-de-la-mass-start-.png\",\"contentUrl\":\"https:\/\/dicodusport.fr\/blog\/wp-content\/uploads\/2023\/02\/Mondiaux-Biathlon-2023-Sebastian-Samuelsson-champion-du-monde-de-la-mass-start-.png\",\"width\":800,\"height\":445,\"caption\":\"Mondiaux Biathlon 2023 Sebastian Samuelsson champion du monde de la mass start !\"},{\"@type\":\"BreadcrumbList\",\"@id\":\"https:\/\/dicodusport.fr\/blog\/mondiaux-biathlon-2023-sebastian-samuelsson-champion-du-monde-de-la-mass-start\/#breadcrumb\",\"itemListElement\":[{\"@type\":\"ListItem\",\"position\":1,\"name\":\"Accueil\",\"item\":\"https:\/\/dicodusport.fr\/blog\/\"},{\"@type\":\"ListItem\",\"position\":2,\"name\":\"Mondiaux Biathlon 2023 : Sebastian Samuelsson champion du monde de la mass start !\"}]},{\"@type\":\"WebSite\",\"@id\":\"https:\/\/dicodusport.fr\/blog\/#website\",\"url\":\"https:\/\/dicodusport.fr\/blog\/\",\"name\":\"Dicodusport\",\"description\":\"L&#039;encyclop\u00e9die de l&#039;actualit\u00e9 sportive\",\"publisher\":{\"@id\":\"https:\/\/dicodusport.fr\/blog\/#organization\"},\"potentialAction\":[{\"@type\":\"SearchAction\",\"target\":{\"@type\":\"EntryPoint\",\"urlTemplate\":\"https:\/\/dicodusport.fr\/blog\/?s={search_term_string}\"},\"query-input\":{\"@type\":\"PropertyValueSpecification\",\"valueRequired\":true,\"valueName\":\"search_term_string\"}}],\"inLanguage\":\"fr-FR\"},{\"@type\":\"NewsMediaOrganization\",\"@id\":\"https:\/\/dicodusport.fr\/blog\/#organization\",\"name\":\"Dicodusport\",\"url\":\"https:\/\/dicodusport.fr\/blog\/\",\"logo\":{\"@type\":\"ImageObject\",\"inLanguage\":\"fr-FR\",\"@id\":\"https:\/\/dicodusport.fr\/blog\/#\/schema\/logo\/image\/\",\"url\":\"https:\/\/dicodusport.fr\/blog\/wp-content\/uploads\/2020\/06\/cropped-LOGO-DICODUSPORT-2020-SANS-FOND-SANS-TEXTE.png\",\"contentUrl\":\"https:\/\/dicodusport.fr\/blog\/wp-content\/uploads\/2020\/06\/cropped-LOGO-DICODUSPORT-2020-SANS-FOND-SANS-TEXTE.png\",\"width\":512,\"height\":512,\"caption\":\"Dicodusport\"},\"image\":{\"@id\":\"https:\/\/dicodusport.fr\/blog\/#\/schema\/logo\/image\/\"},\"sameAs\":[\"https:\/\/www.facebook.com\/dicodusport\",\"https:\/\/x.com\/dicodusport\",\"https:\/\/www.instagram.com\/dicodusport\/\",\"https:\/\/www.youtube.com\/channel\/UC7V2KZ5sd3htJivAbA4ZG3w\"],\"description\":\"Dicodusport est l'encyclop\u00e9die de l'actualit\u00e9 sportive.\",\"email\":\"bonjour@dicodusport.fr\",\"legalName\":\"DICODUSPORT\",\"foundingDate\":\"2018-01-14\",\"vatID\":\"FR71834470973\",\"taxID\":\"83447097300043\",\"numberOfEmployees\":{\"@type\":\"QuantitativeValue\",\"minValue\":\"1\",\"maxValue\":\"10\"}},{\"@type\":\"Person\",\"@id\":\"https:\/\/dicodusport.fr\/blog\/#\/schema\/person\/d603dd7da31fb2b46c82b9835a77ec13\",\"name\":\"Etienne Goursaud\",\"image\":{\"@type\":\"ImageObject\",\"inLanguage\":\"fr-FR\",\"@id\":\"https:\/\/dicodusport.fr\/blog\/#\/schema\/person\/image\/\",\"url\":\"https:\/\/dicodusport.fr\/blog\/wp-content\/uploads\/2023\/12\/410122264_10231602061736049_5565839791558026645_n-150x150.jpg\",\"contentUrl\":\"https:\/\/dicodusport.fr\/blog\/wp-content\/uploads\/2023\/12\/410122264_10231602061736049_5565839791558026645_n-150x150.jpg\",\"caption\":\"Etienne Goursaud\"},\"description\":\"Journaliste et amoureux de sport. Ancien footballeur reconverti athl\u00e8te quand ses muscles le laissent tranquille. \u00c9lev\u00e9 \u00e0 la sauce des exploits de Thomas Voeckler en 2004, du dernier essai de l\u00e9gende de Eunice Barber \u00e0 la longueur lors des championnats du monde d'athl\u00e9tisme de 2003 mais aussi Zidane, Omeyer et Titou Lamaison.\",\"url\":\"https:\/\/dicodusport.fr\/blog\/author\/etienne-goursaud\/\"}]}<\/script>\n<!-- \/ Yoast SEO Premium plugin. -->","yoast_head_json":{"title":"Mondiaux Biathlon 2023 : Sebastian Samuelsson champion du monde de la mass start !","description":"CHAMPIONNATS DU MONDE DE BIATHLON 2023 - Sebastian Samuelsson a r\u00e9alis\u00e9 une course parfaite sur la mass start \u00e0 Oberhof (Allemagne).","robots":{"index":"index","follow":"follow","max-snippet":"max-snippet:-1","max-image-preview":"max-image-preview:large","max-video-preview":"max-video-preview:-1"},"canonical":"https:\/\/dicodusport.fr\/blog\/mondiaux-biathlon-2023-sebastian-samuelsson-champion-du-monde-de-la-mass-start\/","og_locale":"fr_FR","og_type":"article","og_title":"Mondiaux Biathlon 2023 : Sebastian Samuelsson champion du monde de la mass start !","og_description":"CHAMPIONNATS DU MONDE DE BIATHLON 2023 - Sebastian Samuelsson a r\u00e9alis\u00e9 une course parfaite sur la mass start \u00e0 Oberhof (Allemagne).","og_url":"https:\/\/dicodusport.fr\/blog\/mondiaux-biathlon-2023-sebastian-samuelsson-champion-du-monde-de-la-mass-start\/","og_site_name":"Dicodusport","article_publisher":"https:\/\/www.facebook.com\/dicodusport","article_published_time":"2023-02-19T12:11:46+00:00","article_modified_time":"2023-02-19T13:49:31+00:00","og_image":[{"width":800,"height":445,"url":"https:\/\/dicodusport.fr\/blog\/wp-content\/uploads\/2023\/02\/Mondiaux-Biathlon-2023-Sebastian-Samuelsson-champion-du-monde-de-la-mass-start-.png","type":"image\/png"}],"author":"Etienne Goursaud","twitter_card":"summary_large_image","twitter_title":"Mondiaux Biathlon 2023 : Sebastian Samuelsson champion du monde de la mass start !","twitter_creator":"@dicodusport","twitter_site":"@dicodusport","schema":{"@context":"https:\/\/schema.org","@graph":[{"@type":"NewsArticle","@id":"https:\/\/dicodusport.fr\/blog\/mondiaux-biathlon-2023-sebastian-samuelsson-champion-du-monde-de-la-mass-start\/#article","isPartOf":{"@id":"https:\/\/dicodusport.fr\/blog\/mondiaux-biathlon-2023-sebastian-samuelsson-champion-du-monde-de-la-mass-start\/"},"author":{"name":"Etienne Goursaud","@id":"https:\/\/dicodusport.fr\/blog\/#\/schema\/person\/d603dd7da31fb2b46c82b9835a77ec13"},"headline":"Mondiaux Biathlon 2023 : Sebastian Samuelsson champion du monde de la mass start !","datePublished":"2023-02-19T12:11:46+00:00","dateModified":"2023-02-19T13:49:31+00:00","mainEntityOfPage":{"@id":"https:\/\/dicodusport.fr\/blog\/mondiaux-biathlon-2023-sebastian-samuelsson-champion-du-monde-de-la-mass-start\/"},"wordCount":758,"commentCount":0,"publisher":{"@id":"https:\/\/dicodusport.fr\/blog\/#organization"},"image":{"@id":"https:\/\/dicodusport.fr\/blog\/mondiaux-biathlon-2023-sebastian-samuelsson-champion-du-monde-de-la-mass-start\/#primaryimage"},"thumbnailUrl":"https:\/\/dicodusport.fr\/blog\/wp-content\/uploads\/2023\/02\/Mondiaux-Biathlon-2023-Sebastian-Samuelsson-champion-du-monde-de-la-mass-start-.png","keywords":["br\u00e8ve","Mass start hommes","sport"],"articleSection":["Championnats du monde de biathlon"],"inLanguage":"fr-FR","potentialAction":[{"@type":"CommentAction","name":"Comment","target":["https:\/\/dicodusport.fr\/blog\/mondiaux-biathlon-2023-sebastian-samuelsson-champion-du-monde-de-la-mass-start\/#respond"]}],"copyrightYear":"2023","copyrightHolder":{"@id":"https:\/\/dicodusport.fr\/blog\/#organization"}},{"@type":"WebPage","@id":"https:\/\/dicodusport.fr\/blog\/mondiaux-biathlon-2023-sebastian-samuelsson-champion-du-monde-de-la-mass-start\/","url":"https:\/\/dicodusport.fr\/blog\/mondiaux-biathlon-2023-sebastian-samuelsson-champion-du-monde-de-la-mass-start\/","name":"Mondiaux Biathlon 2023 : Sebastian Samuelsson champion du monde de la mass start !","isPartOf":{"@id":"https:\/\/dicodusport.fr\/blog\/#website"},"primaryImageOfPage":{"@id":"https:\/\/dicodusport.fr\/blog\/mondiaux-biathlon-2023-sebastian-samuelsson-champion-du-monde-de-la-mass-start\/#primaryimage"},"image":{"@id":"https:\/\/dicodusport.fr\/blog\/mondiaux-biathlon-2023-sebastian-samuelsson-champion-du-monde-de-la-mass-start\/#primaryimage"},"thumbnailUrl":"https:\/\/dicodusport.fr\/blog\/wp-content\/uploads\/2023\/02\/Mondiaux-Biathlon-2023-Sebastian-Samuelsson-champion-du-monde-de-la-mass-start-.png","datePublished":"2023-02-19T12:11:46+00:00","dateModified":"2023-02-19T13:49:31+00:00","description":"CHAMPIONNATS DU MONDE DE BIATHLON 2023 - Sebastian Samuelsson a r\u00e9alis\u00e9 une course parfaite sur la mass start \u00e0 Oberhof (Allemagne).","breadcrumb":{"@id":"https:\/\/dicodusport.fr\/blog\/mondiaux-biathlon-2023-sebastian-samuelsson-champion-du-monde-de-la-mass-start\/#breadcrumb"},"inLanguage":"fr-FR","potentialAction":[{"@type":"ReadAction","target":["https:\/\/dicodusport.fr\/blog\/mondiaux-biathlon-2023-sebastian-samuelsson-champion-du-monde-de-la-mass-start\/"]}]},{"@type":"ImageObject","inLanguage":"fr-FR","@id":"https:\/\/dicodusport.fr\/blog\/mondiaux-biathlon-2023-sebastian-samuelsson-champion-du-monde-de-la-mass-start\/#primaryimage","url":"https:\/\/dicodusport.fr\/blog\/wp-content\/uploads\/2023\/02\/Mondiaux-Biathlon-2023-Sebastian-Samuelsson-champion-du-monde-de-la-mass-start-.png","contentUrl":"https:\/\/dicodusport.fr\/blog\/wp-content\/uploads\/2023\/02\/Mondiaux-Biathlon-2023-Sebastian-Samuelsson-champion-du-monde-de-la-mass-start-.png","width":800,"height":445,"caption":"Mondiaux Biathlon 2023 Sebastian Samuelsson champion du monde de la mass start !"},{"@type":"BreadcrumbList","@id":"https:\/\/dicodusport.fr\/blog\/mondiaux-biathlon-2023-sebastian-samuelsson-champion-du-monde-de-la-mass-start\/#breadcrumb","itemListElement":[{"@type":"ListItem","position":1,"name":"Accueil","item":"https:\/\/dicodusport.fr\/blog\/"},{"@type":"ListItem","position":2,"name":"Mondiaux Biathlon 2023 : Sebastian Samuelsson champion du monde de la mass start !"}]},{"@type":"WebSite","@id":"https:\/\/dicodusport.fr\/blog\/#website","url":"https:\/\/dicodusport.fr\/blog\/","name":"Dicodusport","description":"L&#039;encyclop\u00e9die de l&#039;actualit\u00e9 sportive","publisher":{"@id":"https:\/\/dicodusport.fr\/blog\/#organization"},"potentialAction":[{"@type":"SearchAction","target":{"@type":"EntryPoint","urlTemplate":"https:\/\/dicodusport.fr\/blog\/?s={search_term_string}"},"query-input":{"@type":"PropertyValueSpecification","valueRequired":true,"valueName":"search_term_string"}}],"inLanguage":"fr-FR"},{"@type":"NewsMediaOrganization","@id":"https:\/\/dicodusport.fr\/blog\/#organization","name":"Dicodusport","url":"https:\/\/dicodusport.fr\/blog\/","logo":{"@type":"ImageObject","inLanguage":"fr-FR","@id":"https:\/\/dicodusport.fr\/blog\/#\/schema\/logo\/image\/","url":"https:\/\/dicodusport.fr\/blog\/wp-content\/uploads\/2020\/06\/cropped-LOGO-DICODUSPORT-2020-SANS-FOND-SANS-TEXTE.png","contentUrl":"https:\/\/dicodusport.fr\/blog\/wp-content\/uploads\/2020\/06\/cropped-LOGO-DICODUSPORT-2020-SANS-FOND-SANS-TEXTE.png","width":512,"height":512,"caption":"Dicodusport"},"image":{"@id":"https:\/\/dicodusport.fr\/blog\/#\/schema\/logo\/image\/"},"sameAs":["https:\/\/www.facebook.com\/dicodusport","https:\/\/x.com\/dicodusport","https:\/\/www.instagram.com\/dicodusport\/","https:\/\/www.youtube.com\/channel\/UC7V2KZ5sd3htJivAbA4ZG3w"],"description":"Dicodusport est l'encyclop\u00e9die de l'actualit\u00e9 sportive.","email":"bonjour@dicodusport.fr","legalName":"DICODUSPORT","foundingDate":"2018-01-14","vatID":"FR71834470973","taxID":"83447097300043","numberOfEmployees":{"@type":"QuantitativeValue","minValue":"1","maxValue":"10"}},{"@type":"Person","@id":"https:\/\/dicodusport.fr\/blog\/#\/schema\/person\/d603dd7da31fb2b46c82b9835a77ec13","name":"Etienne Goursaud","image":{"@type":"ImageObject","inLanguage":"fr-FR","@id":"https:\/\/dicodusport.fr\/blog\/#\/schema\/person\/image\/","url":"https:\/\/dicodusport.fr\/blog\/wp-content\/uploads\/2023\/12\/410122264_10231602061736049_5565839791558026645_n-150x150.jpg","contentUrl":"https:\/\/dicodusport.fr\/blog\/wp-content\/uploads\/2023\/12\/410122264_10231602061736049_5565839791558026645_n-150x150.jpg","caption":"Etienne Goursaud"},"description":"Journaliste et amoureux de sport. Ancien footballeur reconverti athl\u00e8te quand ses muscles le laissent tranquille. \u00c9lev\u00e9 \u00e0 la sauce des exploits de Thomas Voeckler en 2004, du dernier essai de l\u00e9gende de Eunice Barber \u00e0 la longueur lors des championnats du monde d'athl\u00e9tisme de 2003 mais aussi Zidane, Omeyer et Titou Lamaison.","url":"https:\/\/dicodusport.fr\/blog\/author\/etienne-goursaud\/"}]}},"_links":{"self":[{"href":"https:\/\/dicodusport.fr\/blog\/wp-json\/wp\/v2\/posts\/357373","targetHints":{"allow":["GET"]}}],"collection":[{"href":"https:\/\/dicodusport.fr\/blog\/wp-json\/wp\/v2\/posts"}],"about":[{"href":"https:\/\/dicodusport.fr\/blog\/wp-json\/wp\/v2\/types\/post"}],"author":[{"embeddable":true,"href":"https:\/\/dicodusport.fr\/blog\/wp-json\/wp\/v2\/users\/83"}],"replies":[{"embeddable":true,"href":"https:\/\/dicodusport.fr\/blog\/wp-json\/wp\/v2\/comments?post=357373"}],"version-history":[{"count":0,"href":"https:\/\/dicodusport.fr\/blog\/wp-json\/wp\/v2\/posts\/357373\/revisions"}],"wp:featuredmedia":[{"embeddable":true,"href":"https:\/\/dicodusport.fr\/blog\/wp-json\/wp\/v2\/media\/357434"}],"wp:attachment":[{"href":"https:\/\/dicodusport.fr\/blog\/wp-json\/wp\/v2\/media?parent=357373"}],"wp:term":[{"taxonomy":"category","embeddable":true,"href":"https:\/\/dicodusport.fr\/blog\/wp-json\/wp\/v2\/categories?post=357373"},{"taxonomy":"post_tag","embeddable":true,"href":"https:\/\/dicodusport.fr\/blog\/wp-json\/wp\/v2\/tags?post=357373"}],"curies":[{"name":"wp","href":"https:\/\/api.w.org\/{rel}","templated":true}]}}