{"id":357505,"date":"2023-02-19T17:01:22","date_gmt":"2023-02-19T16:01:22","guid":{"rendered":"https:\/\/dicodusport.fr\/blog\/?p=357505&#038;preview=true&#038;preview_id=357505"},"modified":"2023-02-19T18:49:31","modified_gmt":"2023-02-19T17:49:31","slug":"tour-des-alpes-maritimes-et-du-var-la-3eme-etape-pour-a-paret-peintre-vauquelin-sacre","status":"publish","type":"post","link":"https:\/\/dicodusport.fr\/blog\/tour-des-alpes-maritimes-et-du-var-la-3eme-etape-pour-a-paret-peintre-vauquelin-sacre\/","title":{"rendered":"Tour des Alpes-Maritimes et du Var : La 3\u00e8me \u00e9tape pour A. Paret-Peintre, Vauquelin sacr\u00e9"},"content":{"rendered":"<p align=\"justify\"><em><b>TOUR DES ALPES-MARITIMES ET DU VAR 2023 &#8211; Aur\u00e9lien Paret-Peintre (AG2R Citro\u00ebn) remporte la 3e \u00e9tape \u00e0 Vence en solitaire. K\u00e9vin Vauquelin (Ark\u00e9a-Samsic) a r\u00e9sist\u00e9 \u00e0 tout et remporte le g\u00e9n\u00e9ral.<\/b><\/em><\/p>\n<h2 style=\"text-align: justify;\">Un d\u00e9but de course tr\u00e8s nerveux<\/h2>\n<p style=\"text-align: justify;\">Cette troisi\u00e8me \u00e9tape du <strong>Tour des Alpes-Maritimes et du Var 2023<\/strong> aura \u00e9t\u00e9 nerveuse de bout en bout. Exit la traditionnelle \u00e9chapp\u00e9e matinale. Des gros poissons ont tent\u00e9 de loin, pour tenter de renverser l&rsquo;ordre \u00e9tabli et mettre en difficult\u00e9 <a href=\"https:\/\/dicodusport.fr\/blog\/kevin-vauquelin-un-premier-bouquet-professionnel-et-une-confirmation\/\"><strong>K\u00e9vin Vauquelin<\/strong><\/a> leader de la course. On retrouve dans un coup qui se d\u00e9gage \u00e0 85 kilom\u00e8tres de l&rsquo;arriv\u00e9e<strong> David Gaudu<\/strong> (Groupama-FDJ), <strong>Felix Gall<\/strong>, <strong>Aur\u00e9lien Paret-Peintre<\/strong> (AG2R Citro\u00ebn), <strong>Kenny Elissonde<\/strong> (Trek-Segafredo), <strong>Romain Bardet<\/strong> (Team DSM), <strong>Hugh Carthy<\/strong> (EF Education EasyPost), <strong>Fabien Doubey<\/strong>, <strong>Sandy Dujardin<\/strong> (TotalEnergies),<strong> Jonas Wilsly<\/strong> (Uno-X Pro Cycling Team) et <strong>Cl\u00e9ment Champoussin<\/strong> (Ark\u00e9a-Samsic).<\/p>\n<p style=\"text-align: justify;\"><strong>Romain Gr\u00e9goire<\/strong> (Groupama-FDJ) attaque \u00e0 79 kilom\u00e8tres de l&rsquo;arriv\u00e9e et est repris par <strong>Jonathan Caicedo<\/strong> (EF Easy-Post). Le Fran\u00e7ais se d\u00e9barrasse de l&rsquo;\u00c9quatorien dans une descente et est repris \u00e0 43 kilom\u00e8tres de l&rsquo;arriv\u00e9e. Le peloton est emmen\u00e9 par la EF Education EasyPost qui veut renverser le g\u00e9n\u00e9ral avec son leader <strong>Neilson Powless<\/strong>. Et la formation am\u00e9ricaine continue de durcir dans un final escarp\u00e9 vers Vence et la difficile mont\u00e9e de la Sine. \u00c0 moins de 15 kilom\u00e8tres de l&rsquo;arriv\u00e9e, le peloton a plus que maigri, avec une quarantaine d&rsquo;\u00e9l\u00e9ments le composant ! Mais \u00e0 la diff\u00e9rence d&rsquo;hier, le leader du g\u00e9n\u00e9ral <strong>K\u00e9vin Vauquelin<\/strong> est bien entour\u00e9 par son \u00e9quipe de la Arkea-Samsic, avec deux coureurs qui \u00e9paulent le vainqueur de la premi\u00e8re \u00e9tape vendredi.<\/p>\n<h2 style=\"text-align: justify;\">Aur\u00e9lien Paret-Peintre affole tout le monde<\/h2>\n<p style=\"text-align: justify;\">Si la EF a durci le rythme, personne n&rsquo;a r\u00e9ussi \u00e0 faire le break ! C&rsquo;est mont\u00e9 trop vite et les pentes ne sont finalement pas aussi difficiles. La formation am\u00e9ricaine est relay\u00e9e par la Trek-Segafredo, qui travaille pour <strong>Mattias Skjelmose<\/strong>, vainqueur d&rsquo;\u00e9tape ce samedi. Et les kilom\u00e8tres qui d\u00e9filent sont favorables \u00e0 <strong>K\u00e9vin Vauquelin<\/strong> et <strong>Neilson Powless<\/strong>, les deux se tenant en moins de dix secondes. Le Fran\u00e7ais n&rsquo;a plus que l&rsquo;Am\u00e9ricain \u00e0 surveiller pour le g\u00e9n\u00e9ral ! Le dernier relais de <strong>Kenny Elissonde<\/strong> est monstrueux, mais n&rsquo;\u00e9limine aucun pr\u00e9tendant du g\u00e9n\u00e9ral.<\/p>\n<blockquote class=\"twitter-tweet\">\n<p dir=\"ltr\" lang=\"fr\"><a href=\"https:\/\/twitter.com\/hashtag\/Tour0683?src=hash&amp;ref_src=twsrc%5Etfw\">#Tour0683<\/a> \ud83c\uddeb\ud83c\uddf7 \/ \u00c7a se bat pour la moindre bonification sur cette derni\u00e8re \u00e9tape. Belle bataille.<\/p>\n<p>\ud83c\uddfa\ud83c\uddf8 Nelson Powless (EFE) revient \u00e0 6&Prime; de \ud83c\uddeb\ud83c\uddf7 K\u00e9vin Vauquelin (ARK) au g\u00e9n\u00e9ral provisoire. <a href=\"https:\/\/twitter.com\/hashtag\/LesRP?src=hash&amp;ref_src=twsrc%5Etfw\">#LesRP<\/a> <a href=\"https:\/\/t.co\/Xz20Rs533f\">pic.twitter.com\/Xz20Rs533f<\/a><\/p>\n<p>\u2014 Renaud Breban (@RenaudB31) <a href=\"https:\/\/twitter.com\/RenaudB31\/status\/1627325811324866562?ref_src=twsrc%5Etfw\">February 19, 2023<\/a><\/p><\/blockquote>\n<p><script async src=\"https:\/\/platform.twitter.com\/widgets.js\" charset=\"utf-8\"><\/script><\/p>\n<p style=\"text-align: justify;\">Le premier \u00e0 d\u00e9gainer est <strong>Neilson Powless<\/strong>. Mais le deuxi\u00e8me du g\u00e9n\u00e9ral ne parvient pas \u00e0 faire la diff\u00e9rence et est contr\u00e9 par <strong>Aur\u00e9lien Paret-Peintre<\/strong>, 4e du g\u00e9n\u00e9ral et qui a pris six secondes de bonifications plus t\u00f4t dans l&rsquo;\u00e9tape. <strong>David Gaudu<\/strong> (Groupama-FDJ) le contre. Ces cinq derniers kilom\u00e8tres sont fous et les attaques fusent de partout. Mais c&rsquo;est d\u00e9sorganis\u00e9 derri\u00e8re. Et <strong>Aur\u00e9lien Paret-Peintre<\/strong> continue de creuser l&rsquo;\u00e9cart et devient plus que mena\u00e7ant pour le maillot jaune ! Tout le monde semble \u00eatre au rupteur \u00e0 ce moment-l\u00e0, derri\u00e8re le coureur d&rsquo;AG2R Citr\u00f6en qui poss\u00e8de 17 secondes d&rsquo;avance \u00e0 3 kilom\u00e8tres de l&rsquo;arriv\u00e9e. Il ira au bout en se montrant tr\u00e8s solide.<\/p>\n<h2 style=\"text-align: justify;\">Paret-Peintre sur le podium du g\u00e9n\u00e9ral<\/h2>\n<p style=\"text-align: justify;\">C&rsquo;est la Groupama-FDJ qui s&rsquo;y colle avec le plus de vigueur. Pour essayer de sauver la 3e place du g\u00e9n\u00e9ral de <strong>K\u00e9vin Geniets<\/strong>. Mais la formation de Marc Madiot a tout perdu ! Car, avec sa victoire et l&rsquo;\u00e9cart creus\u00e9, <strong>Aur\u00e9lien Paret-Peintre<\/strong> monte sur le podium final du <strong>Tour des Alpes-Maritimes et du Var 2023<\/strong> et \u00e0 la 2e place. Le podium est domin\u00e9 par <strong>K\u00e9vin Vauquelin<\/strong>, qui aura r\u00e9sist\u00e9 \u00e0 tout le monde durant ces trois jours. Sa premi\u00e8re victoire dans un classement g\u00e9n\u00e9ral, dans la foul\u00e9e de sa premi\u00e8re victoire professionnelle, pour celui qui r\u00e9alise un mois de f\u00e9vrier dantesque.<\/p>\n<blockquote class=\"twitter-tweet\">\n<p dir=\"ltr\" lang=\"fr\">K\u00e9vin Vauquelin remporte le Tour des Alpes-Maritimes et du Var ! \ud83d\udca5<\/p>\n<p>Le Normand de 21 ans (Ark\u00e9a-Samsic) a r\u00e9sist\u00e9 dans la mont\u00e9e finale vers Vence pour conserver son avantage. Aur\u00e9lien Paret-Peintre \ud83c\uddeb\ud83c\uddf7 d\u00e9croche la derni\u00e8re \u00e9tape ! <a href=\"https:\/\/twitter.com\/hashtag\/LesRP?src=hash&amp;ref_src=twsrc%5Etfw\">#LesRP<\/a> <a href=\"https:\/\/t.co\/DXFB8qxkpZ\">pic.twitter.com\/DXFB8qxkpZ<\/a><\/p>\n<p>\u2014 Eurosport France (@Eurosport_FR) <a href=\"https:\/\/twitter.com\/Eurosport_FR\/status\/1627337415986761728?ref_src=twsrc%5Etfw\">February 19, 2023<\/a><\/p><\/blockquote>\n<p><script async src=\"https:\/\/platform.twitter.com\/widgets.js\" charset=\"utf-8\"><\/script><\/p>\n<h2 style=\"text-align: justify;\">\u00c0 lire aussi<\/h2>\n<ul>\n<li style=\"text-align: justify;\"><a href=\"https:\/\/dicodusport.fr\/blog\/tour-des-alpes-maritimes-et-du-var-2023-classement-3eme-etape\/\"><strong>Classement de la 3\u00e8me \u00e9tape<\/strong><\/a><\/li>\n<li style=\"text-align: justify;\"><a href=\"https:\/\/dicodusport.fr\/blog\/tour-des-alpes-maritimes-et-du-var-2023-classement-general\/\"><strong>Classement g\u00e9n\u00e9ral du Tour des Alpes-Maritimes et du Var<\/strong><\/a><\/li>\n<\/ul>\n","protected":false},"excerpt":{"rendered":"<p>TOUR DES ALPES-MARITIMES ET DU VAR 2023 &#8211; Aur\u00e9lien Paret-Peintre (AG2R Citro\u00ebn) remporte la 3e \u00e9tape \u00e0 Vence en solitaire. K\u00e9vin Vauquelin (Ark\u00e9a-Samsic) a r\u00e9sist\u00e9 \u00e0 tout et remporte le g\u00e9n\u00e9ral.<\/p>\n","protected":false},"author":83,"featured_media":357630,"comment_status":"open","ping_status":"closed","sticky":false,"template":"","format":"standard","meta":{"_acf_changed":false,"_daextam_enable_autolinks":"","footnotes":""},"categories":[46994],"tags":[14045,16878],"class_list":["post-357505","post","type-post","status-publish","format-standard","has-post-thumbnail","hentry","category-cyclisme-sur-route","tag-aurelien-paret-peintre","tag-breve"],"acf":[],"yoast_head":"<!-- This site is optimized with the Yoast SEO Premium plugin v26.7 (Yoast SEO v26.7) - https:\/\/yoast.com\/wordpress\/plugins\/seo\/ -->\n<title>Tour des Alpes-Maritimes et du Var : La 3\u00e8me \u00e9tape pour A. Paret-Peintre, Vauquelin sacr\u00e9<\/title>\n<meta name=\"description\" content=\"TOUR DES ALPES-MARITIMES ET DU VAR 2023 - Aur\u00e9lien Paret-Peintre remporte la 3e \u00e9tape \u00e0 Vence en solitaire.\" \/>\n<meta name=\"robots\" content=\"index, follow, max-snippet:-1, max-image-preview:large, max-video-preview:-1\" \/>\n<link rel=\"canonical\" href=\"https:\/\/dicodusport.fr\/blog\/tour-des-alpes-maritimes-et-du-var-la-3eme-etape-pour-a-paret-peintre-vauquelin-sacre\/\" \/>\n<meta property=\"og:locale\" content=\"fr_FR\" \/>\n<meta property=\"og:type\" content=\"article\" \/>\n<meta property=\"og:title\" content=\"Tour des Alpes-Maritimes et du Var : La 3\u00e8me \u00e9tape pour A. Paret-Peintre, Vauquelin sacr\u00e9\" \/>\n<meta property=\"og:description\" content=\"TOUR DES ALPES-MARITIMES ET DU VAR 2023 - Aur\u00e9lien Paret-Peintre remporte la 3e \u00e9tape \u00e0 Vence en solitaire.\" \/>\n<meta property=\"og:url\" content=\"https:\/\/dicodusport.fr\/blog\/tour-des-alpes-maritimes-et-du-var-la-3eme-etape-pour-a-paret-peintre-vauquelin-sacre\/\" \/>\n<meta property=\"og:site_name\" content=\"Dicodusport\" \/>\n<meta property=\"article:publisher\" content=\"https:\/\/www.facebook.com\/dicodusport\" \/>\n<meta property=\"article:published_time\" content=\"2023-02-19T16:01:22+00:00\" \/>\n<meta property=\"article:modified_time\" content=\"2023-02-19T17:49:31+00:00\" \/>\n<meta property=\"og:image\" content=\"https:\/\/dicodusport.fr\/blog\/wp-content\/uploads\/2023\/02\/Tour-des-Alpes-Maritimes-et-du-Var-La-3eme-etape-pour-A.-Paret-Peintre-Vauquelin-sacre.png\" \/>\n\t<meta property=\"og:image:width\" content=\"800\" \/>\n\t<meta property=\"og:image:height\" content=\"445\" \/>\n\t<meta property=\"og:image:type\" content=\"image\/png\" \/>\n<meta name=\"author\" content=\"Etienne Goursaud\" \/>\n<meta name=\"twitter:card\" content=\"summary_large_image\" \/>\n<meta name=\"twitter:title\" content=\"Tour des Alpes-Maritimes et du Var : La 3\u00e8me \u00e9tape pour A. Paret-Peintre, Vauquelin sacr\u00e9\" \/>\n<meta name=\"twitter:creator\" content=\"@dicodusport\" \/>\n<meta name=\"twitter:site\" content=\"@dicodusport\" \/>\n<script type=\"application\/ld+json\" class=\"yoast-schema-graph\">{\"@context\":\"https:\/\/schema.org\",\"@graph\":[{\"@type\":\"NewsArticle\",\"@id\":\"https:\/\/dicodusport.fr\/blog\/tour-des-alpes-maritimes-et-du-var-la-3eme-etape-pour-a-paret-peintre-vauquelin-sacre\/#article\",\"isPartOf\":{\"@id\":\"https:\/\/dicodusport.fr\/blog\/tour-des-alpes-maritimes-et-du-var-la-3eme-etape-pour-a-paret-peintre-vauquelin-sacre\/\"},\"author\":{\"name\":\"Etienne Goursaud\",\"@id\":\"https:\/\/dicodusport.fr\/blog\/#\/schema\/person\/d603dd7da31fb2b46c82b9835a77ec13\"},\"headline\":\"Tour des Alpes-Maritimes et du Var : La 3\u00e8me \u00e9tape pour A. Paret-Peintre, Vauquelin sacr\u00e9\",\"datePublished\":\"2023-02-19T16:01:22+00:00\",\"dateModified\":\"2023-02-19T17:49:31+00:00\",\"mainEntityOfPage\":{\"@id\":\"https:\/\/dicodusport.fr\/blog\/tour-des-alpes-maritimes-et-du-var-la-3eme-etape-pour-a-paret-peintre-vauquelin-sacre\/\"},\"wordCount\":782,\"commentCount\":0,\"publisher\":{\"@id\":\"https:\/\/dicodusport.fr\/blog\/#organization\"},\"image\":{\"@id\":\"https:\/\/dicodusport.fr\/blog\/tour-des-alpes-maritimes-et-du-var-la-3eme-etape-pour-a-paret-peintre-vauquelin-sacre\/#primaryimage\"},\"thumbnailUrl\":\"https:\/\/dicodusport.fr\/blog\/wp-content\/uploads\/2023\/02\/Tour-des-Alpes-Maritimes-et-du-Var-La-3eme-etape-pour-A.-Paret-Peintre-Vauquelin-sacre.png\",\"keywords\":[\"Aur\u00e9lien Paret-Peintre\",\"br\u00e8ve\"],\"articleSection\":[\"Cyclisme sur route\"],\"inLanguage\":\"fr-FR\",\"potentialAction\":[{\"@type\":\"CommentAction\",\"name\":\"Comment\",\"target\":[\"https:\/\/dicodusport.fr\/blog\/tour-des-alpes-maritimes-et-du-var-la-3eme-etape-pour-a-paret-peintre-vauquelin-sacre\/#respond\"]}],\"copyrightYear\":\"2023\",\"copyrightHolder\":{\"@id\":\"https:\/\/dicodusport.fr\/blog\/#organization\"}},{\"@type\":\"WebPage\",\"@id\":\"https:\/\/dicodusport.fr\/blog\/tour-des-alpes-maritimes-et-du-var-la-3eme-etape-pour-a-paret-peintre-vauquelin-sacre\/\",\"url\":\"https:\/\/dicodusport.fr\/blog\/tour-des-alpes-maritimes-et-du-var-la-3eme-etape-pour-a-paret-peintre-vauquelin-sacre\/\",\"name\":\"Tour des Alpes-Maritimes et du Var : La 3\u00e8me \u00e9tape pour A. Paret-Peintre, Vauquelin sacr\u00e9\",\"isPartOf\":{\"@id\":\"https:\/\/dicodusport.fr\/blog\/#website\"},\"primaryImageOfPage\":{\"@id\":\"https:\/\/dicodusport.fr\/blog\/tour-des-alpes-maritimes-et-du-var-la-3eme-etape-pour-a-paret-peintre-vauquelin-sacre\/#primaryimage\"},\"image\":{\"@id\":\"https:\/\/dicodusport.fr\/blog\/tour-des-alpes-maritimes-et-du-var-la-3eme-etape-pour-a-paret-peintre-vauquelin-sacre\/#primaryimage\"},\"thumbnailUrl\":\"https:\/\/dicodusport.fr\/blog\/wp-content\/uploads\/2023\/02\/Tour-des-Alpes-Maritimes-et-du-Var-La-3eme-etape-pour-A.-Paret-Peintre-Vauquelin-sacre.png\",\"datePublished\":\"2023-02-19T16:01:22+00:00\",\"dateModified\":\"2023-02-19T17:49:31+00:00\",\"description\":\"TOUR DES ALPES-MARITIMES ET DU VAR 2023 - Aur\u00e9lien Paret-Peintre remporte la 3e \u00e9tape \u00e0 Vence en solitaire.\",\"breadcrumb\":{\"@id\":\"https:\/\/dicodusport.fr\/blog\/tour-des-alpes-maritimes-et-du-var-la-3eme-etape-pour-a-paret-peintre-vauquelin-sacre\/#breadcrumb\"},\"inLanguage\":\"fr-FR\",\"potentialAction\":[{\"@type\":\"ReadAction\",\"target\":[\"https:\/\/dicodusport.fr\/blog\/tour-des-alpes-maritimes-et-du-var-la-3eme-etape-pour-a-paret-peintre-vauquelin-sacre\/\"]}]},{\"@type\":\"ImageObject\",\"inLanguage\":\"fr-FR\",\"@id\":\"https:\/\/dicodusport.fr\/blog\/tour-des-alpes-maritimes-et-du-var-la-3eme-etape-pour-a-paret-peintre-vauquelin-sacre\/#primaryimage\",\"url\":\"https:\/\/dicodusport.fr\/blog\/wp-content\/uploads\/2023\/02\/Tour-des-Alpes-Maritimes-et-du-Var-La-3eme-etape-pour-A.-Paret-Peintre-Vauquelin-sacre.png\",\"contentUrl\":\"https:\/\/dicodusport.fr\/blog\/wp-content\/uploads\/2023\/02\/Tour-des-Alpes-Maritimes-et-du-Var-La-3eme-etape-pour-A.-Paret-Peintre-Vauquelin-sacre.png\",\"width\":800,\"height\":445,\"caption\":\"Tour des Alpes-Maritimes et du Var La 3\u00e8me \u00e9tape pour A. Paret-Peintre, Vauquelin sacr\u00e9\"},{\"@type\":\"BreadcrumbList\",\"@id\":\"https:\/\/dicodusport.fr\/blog\/tour-des-alpes-maritimes-et-du-var-la-3eme-etape-pour-a-paret-peintre-vauquelin-sacre\/#breadcrumb\",\"itemListElement\":[{\"@type\":\"ListItem\",\"position\":1,\"name\":\"Accueil\",\"item\":\"https:\/\/dicodusport.fr\/blog\/\"},{\"@type\":\"ListItem\",\"position\":2,\"name\":\"Tour des Alpes-Maritimes et du Var : La 3\u00e8me \u00e9tape pour A. Paret-Peintre, Vauquelin sacr\u00e9\"}]},{\"@type\":\"WebSite\",\"@id\":\"https:\/\/dicodusport.fr\/blog\/#website\",\"url\":\"https:\/\/dicodusport.fr\/blog\/\",\"name\":\"Dicodusport\",\"description\":\"L&#039;encyclop\u00e9die de l&#039;actualit\u00e9 sportive\",\"publisher\":{\"@id\":\"https:\/\/dicodusport.fr\/blog\/#organization\"},\"potentialAction\":[{\"@type\":\"SearchAction\",\"target\":{\"@type\":\"EntryPoint\",\"urlTemplate\":\"https:\/\/dicodusport.fr\/blog\/?s={search_term_string}\"},\"query-input\":{\"@type\":\"PropertyValueSpecification\",\"valueRequired\":true,\"valueName\":\"search_term_string\"}}],\"inLanguage\":\"fr-FR\"},{\"@type\":\"NewsMediaOrganization\",\"@id\":\"https:\/\/dicodusport.fr\/blog\/#organization\",\"name\":\"Dicodusport\",\"url\":\"https:\/\/dicodusport.fr\/blog\/\",\"logo\":{\"@type\":\"ImageObject\",\"inLanguage\":\"fr-FR\",\"@id\":\"https:\/\/dicodusport.fr\/blog\/#\/schema\/logo\/image\/\",\"url\":\"https:\/\/dicodusport.fr\/blog\/wp-content\/uploads\/2020\/06\/cropped-LOGO-DICODUSPORT-2020-SANS-FOND-SANS-TEXTE.png\",\"contentUrl\":\"https:\/\/dicodusport.fr\/blog\/wp-content\/uploads\/2020\/06\/cropped-LOGO-DICODUSPORT-2020-SANS-FOND-SANS-TEXTE.png\",\"width\":512,\"height\":512,\"caption\":\"Dicodusport\"},\"image\":{\"@id\":\"https:\/\/dicodusport.fr\/blog\/#\/schema\/logo\/image\/\"},\"sameAs\":[\"https:\/\/www.facebook.com\/dicodusport\",\"https:\/\/x.com\/dicodusport\",\"https:\/\/www.instagram.com\/dicodusport\/\",\"https:\/\/www.youtube.com\/channel\/UC7V2KZ5sd3htJivAbA4ZG3w\"],\"description\":\"Dicodusport est l'encyclop\u00e9die de l'actualit\u00e9 sportive.\",\"email\":\"bonjour@dicodusport.fr\",\"legalName\":\"DICODUSPORT\",\"foundingDate\":\"2018-01-14\",\"vatID\":\"FR71834470973\",\"taxID\":\"83447097300043\",\"numberOfEmployees\":{\"@type\":\"QuantitativeValue\",\"minValue\":\"1\",\"maxValue\":\"10\"}},{\"@type\":\"Person\",\"@id\":\"https:\/\/dicodusport.fr\/blog\/#\/schema\/person\/d603dd7da31fb2b46c82b9835a77ec13\",\"name\":\"Etienne Goursaud\",\"image\":{\"@type\":\"ImageObject\",\"inLanguage\":\"fr-FR\",\"@id\":\"https:\/\/dicodusport.fr\/blog\/#\/schema\/person\/image\/\",\"url\":\"https:\/\/dicodusport.fr\/blog\/wp-content\/uploads\/2023\/12\/410122264_10231602061736049_5565839791558026645_n-150x150.jpg\",\"contentUrl\":\"https:\/\/dicodusport.fr\/blog\/wp-content\/uploads\/2023\/12\/410122264_10231602061736049_5565839791558026645_n-150x150.jpg\",\"caption\":\"Etienne Goursaud\"},\"description\":\"Journaliste et amoureux de sport. Ancien footballeur reconverti athl\u00e8te quand ses muscles le laissent tranquille. \u00c9lev\u00e9 \u00e0 la sauce des exploits de Thomas Voeckler en 2004, du dernier essai de l\u00e9gende de Eunice Barber \u00e0 la longueur lors des championnats du monde d'athl\u00e9tisme de 2003 mais aussi Zidane, Omeyer et Titou Lamaison.\",\"url\":\"https:\/\/dicodusport.fr\/blog\/author\/etienne-goursaud\/\"}]}<\/script>\n<!-- \/ Yoast SEO Premium plugin. -->","yoast_head_json":{"title":"Tour des Alpes-Maritimes et du Var : La 3\u00e8me \u00e9tape pour A. Paret-Peintre, Vauquelin sacr\u00e9","description":"TOUR DES ALPES-MARITIMES ET DU VAR 2023 - Aur\u00e9lien Paret-Peintre remporte la 3e \u00e9tape \u00e0 Vence en solitaire.","robots":{"index":"index","follow":"follow","max-snippet":"max-snippet:-1","max-image-preview":"max-image-preview:large","max-video-preview":"max-video-preview:-1"},"canonical":"https:\/\/dicodusport.fr\/blog\/tour-des-alpes-maritimes-et-du-var-la-3eme-etape-pour-a-paret-peintre-vauquelin-sacre\/","og_locale":"fr_FR","og_type":"article","og_title":"Tour des Alpes-Maritimes et du Var : La 3\u00e8me \u00e9tape pour A. Paret-Peintre, Vauquelin sacr\u00e9","og_description":"TOUR DES ALPES-MARITIMES ET DU VAR 2023 - Aur\u00e9lien Paret-Peintre remporte la 3e \u00e9tape \u00e0 Vence en solitaire.","og_url":"https:\/\/dicodusport.fr\/blog\/tour-des-alpes-maritimes-et-du-var-la-3eme-etape-pour-a-paret-peintre-vauquelin-sacre\/","og_site_name":"Dicodusport","article_publisher":"https:\/\/www.facebook.com\/dicodusport","article_published_time":"2023-02-19T16:01:22+00:00","article_modified_time":"2023-02-19T17:49:31+00:00","og_image":[{"width":800,"height":445,"url":"https:\/\/dicodusport.fr\/blog\/wp-content\/uploads\/2023\/02\/Tour-des-Alpes-Maritimes-et-du-Var-La-3eme-etape-pour-A.-Paret-Peintre-Vauquelin-sacre.png","type":"image\/png"}],"author":"Etienne Goursaud","twitter_card":"summary_large_image","twitter_title":"Tour des Alpes-Maritimes et du Var : La 3\u00e8me \u00e9tape pour A. Paret-Peintre, Vauquelin sacr\u00e9","twitter_creator":"@dicodusport","twitter_site":"@dicodusport","schema":{"@context":"https:\/\/schema.org","@graph":[{"@type":"NewsArticle","@id":"https:\/\/dicodusport.fr\/blog\/tour-des-alpes-maritimes-et-du-var-la-3eme-etape-pour-a-paret-peintre-vauquelin-sacre\/#article","isPartOf":{"@id":"https:\/\/dicodusport.fr\/blog\/tour-des-alpes-maritimes-et-du-var-la-3eme-etape-pour-a-paret-peintre-vauquelin-sacre\/"},"author":{"name":"Etienne Goursaud","@id":"https:\/\/dicodusport.fr\/blog\/#\/schema\/person\/d603dd7da31fb2b46c82b9835a77ec13"},"headline":"Tour des Alpes-Maritimes et du Var : La 3\u00e8me \u00e9tape pour A. Paret-Peintre, Vauquelin sacr\u00e9","datePublished":"2023-02-19T16:01:22+00:00","dateModified":"2023-02-19T17:49:31+00:00","mainEntityOfPage":{"@id":"https:\/\/dicodusport.fr\/blog\/tour-des-alpes-maritimes-et-du-var-la-3eme-etape-pour-a-paret-peintre-vauquelin-sacre\/"},"wordCount":782,"commentCount":0,"publisher":{"@id":"https:\/\/dicodusport.fr\/blog\/#organization"},"image":{"@id":"https:\/\/dicodusport.fr\/blog\/tour-des-alpes-maritimes-et-du-var-la-3eme-etape-pour-a-paret-peintre-vauquelin-sacre\/#primaryimage"},"thumbnailUrl":"https:\/\/dicodusport.fr\/blog\/wp-content\/uploads\/2023\/02\/Tour-des-Alpes-Maritimes-et-du-Var-La-3eme-etape-pour-A.-Paret-Peintre-Vauquelin-sacre.png","keywords":["Aur\u00e9lien Paret-Peintre","br\u00e8ve"],"articleSection":["Cyclisme sur route"],"inLanguage":"fr-FR","potentialAction":[{"@type":"CommentAction","name":"Comment","target":["https:\/\/dicodusport.fr\/blog\/tour-des-alpes-maritimes-et-du-var-la-3eme-etape-pour-a-paret-peintre-vauquelin-sacre\/#respond"]}],"copyrightYear":"2023","copyrightHolder":{"@id":"https:\/\/dicodusport.fr\/blog\/#organization"}},{"@type":"WebPage","@id":"https:\/\/dicodusport.fr\/blog\/tour-des-alpes-maritimes-et-du-var-la-3eme-etape-pour-a-paret-peintre-vauquelin-sacre\/","url":"https:\/\/dicodusport.fr\/blog\/tour-des-alpes-maritimes-et-du-var-la-3eme-etape-pour-a-paret-peintre-vauquelin-sacre\/","name":"Tour des Alpes-Maritimes et du Var : La 3\u00e8me \u00e9tape pour A. Paret-Peintre, Vauquelin sacr\u00e9","isPartOf":{"@id":"https:\/\/dicodusport.fr\/blog\/#website"},"primaryImageOfPage":{"@id":"https:\/\/dicodusport.fr\/blog\/tour-des-alpes-maritimes-et-du-var-la-3eme-etape-pour-a-paret-peintre-vauquelin-sacre\/#primaryimage"},"image":{"@id":"https:\/\/dicodusport.fr\/blog\/tour-des-alpes-maritimes-et-du-var-la-3eme-etape-pour-a-paret-peintre-vauquelin-sacre\/#primaryimage"},"thumbnailUrl":"https:\/\/dicodusport.fr\/blog\/wp-content\/uploads\/2023\/02\/Tour-des-Alpes-Maritimes-et-du-Var-La-3eme-etape-pour-A.-Paret-Peintre-Vauquelin-sacre.png","datePublished":"2023-02-19T16:01:22+00:00","dateModified":"2023-02-19T17:49:31+00:00","description":"TOUR DES ALPES-MARITIMES ET DU VAR 2023 - Aur\u00e9lien Paret-Peintre remporte la 3e \u00e9tape \u00e0 Vence en solitaire.","breadcrumb":{"@id":"https:\/\/dicodusport.fr\/blog\/tour-des-alpes-maritimes-et-du-var-la-3eme-etape-pour-a-paret-peintre-vauquelin-sacre\/#breadcrumb"},"inLanguage":"fr-FR","potentialAction":[{"@type":"ReadAction","target":["https:\/\/dicodusport.fr\/blog\/tour-des-alpes-maritimes-et-du-var-la-3eme-etape-pour-a-paret-peintre-vauquelin-sacre\/"]}]},{"@type":"ImageObject","inLanguage":"fr-FR","@id":"https:\/\/dicodusport.fr\/blog\/tour-des-alpes-maritimes-et-du-var-la-3eme-etape-pour-a-paret-peintre-vauquelin-sacre\/#primaryimage","url":"https:\/\/dicodusport.fr\/blog\/wp-content\/uploads\/2023\/02\/Tour-des-Alpes-Maritimes-et-du-Var-La-3eme-etape-pour-A.-Paret-Peintre-Vauquelin-sacre.png","contentUrl":"https:\/\/dicodusport.fr\/blog\/wp-content\/uploads\/2023\/02\/Tour-des-Alpes-Maritimes-et-du-Var-La-3eme-etape-pour-A.-Paret-Peintre-Vauquelin-sacre.png","width":800,"height":445,"caption":"Tour des Alpes-Maritimes et du Var La 3\u00e8me \u00e9tape pour A. Paret-Peintre, Vauquelin sacr\u00e9"},{"@type":"BreadcrumbList","@id":"https:\/\/dicodusport.fr\/blog\/tour-des-alpes-maritimes-et-du-var-la-3eme-etape-pour-a-paret-peintre-vauquelin-sacre\/#breadcrumb","itemListElement":[{"@type":"ListItem","position":1,"name":"Accueil","item":"https:\/\/dicodusport.fr\/blog\/"},{"@type":"ListItem","position":2,"name":"Tour des Alpes-Maritimes et du Var : La 3\u00e8me \u00e9tape pour A. Paret-Peintre, Vauquelin sacr\u00e9"}]},{"@type":"WebSite","@id":"https:\/\/dicodusport.fr\/blog\/#website","url":"https:\/\/dicodusport.fr\/blog\/","name":"Dicodusport","description":"L&#039;encyclop\u00e9die de l&#039;actualit\u00e9 sportive","publisher":{"@id":"https:\/\/dicodusport.fr\/blog\/#organization"},"potentialAction":[{"@type":"SearchAction","target":{"@type":"EntryPoint","urlTemplate":"https:\/\/dicodusport.fr\/blog\/?s={search_term_string}"},"query-input":{"@type":"PropertyValueSpecification","valueRequired":true,"valueName":"search_term_string"}}],"inLanguage":"fr-FR"},{"@type":"NewsMediaOrganization","@id":"https:\/\/dicodusport.fr\/blog\/#organization","name":"Dicodusport","url":"https:\/\/dicodusport.fr\/blog\/","logo":{"@type":"ImageObject","inLanguage":"fr-FR","@id":"https:\/\/dicodusport.fr\/blog\/#\/schema\/logo\/image\/","url":"https:\/\/dicodusport.fr\/blog\/wp-content\/uploads\/2020\/06\/cropped-LOGO-DICODUSPORT-2020-SANS-FOND-SANS-TEXTE.png","contentUrl":"https:\/\/dicodusport.fr\/blog\/wp-content\/uploads\/2020\/06\/cropped-LOGO-DICODUSPORT-2020-SANS-FOND-SANS-TEXTE.png","width":512,"height":512,"caption":"Dicodusport"},"image":{"@id":"https:\/\/dicodusport.fr\/blog\/#\/schema\/logo\/image\/"},"sameAs":["https:\/\/www.facebook.com\/dicodusport","https:\/\/x.com\/dicodusport","https:\/\/www.instagram.com\/dicodusport\/","https:\/\/www.youtube.com\/channel\/UC7V2KZ5sd3htJivAbA4ZG3w"],"description":"Dicodusport est l'encyclop\u00e9die de l'actualit\u00e9 sportive.","email":"bonjour@dicodusport.fr","legalName":"DICODUSPORT","foundingDate":"2018-01-14","vatID":"FR71834470973","taxID":"83447097300043","numberOfEmployees":{"@type":"QuantitativeValue","minValue":"1","maxValue":"10"}},{"@type":"Person","@id":"https:\/\/dicodusport.fr\/blog\/#\/schema\/person\/d603dd7da31fb2b46c82b9835a77ec13","name":"Etienne Goursaud","image":{"@type":"ImageObject","inLanguage":"fr-FR","@id":"https:\/\/dicodusport.fr\/blog\/#\/schema\/person\/image\/","url":"https:\/\/dicodusport.fr\/blog\/wp-content\/uploads\/2023\/12\/410122264_10231602061736049_5565839791558026645_n-150x150.jpg","contentUrl":"https:\/\/dicodusport.fr\/blog\/wp-content\/uploads\/2023\/12\/410122264_10231602061736049_5565839791558026645_n-150x150.jpg","caption":"Etienne Goursaud"},"description":"Journaliste et amoureux de sport. Ancien footballeur reconverti athl\u00e8te quand ses muscles le laissent tranquille. \u00c9lev\u00e9 \u00e0 la sauce des exploits de Thomas Voeckler en 2004, du dernier essai de l\u00e9gende de Eunice Barber \u00e0 la longueur lors des championnats du monde d'athl\u00e9tisme de 2003 mais aussi Zidane, Omeyer et Titou Lamaison.","url":"https:\/\/dicodusport.fr\/blog\/author\/etienne-goursaud\/"}]}},"_links":{"self":[{"href":"https:\/\/dicodusport.fr\/blog\/wp-json\/wp\/v2\/posts\/357505","targetHints":{"allow":["GET"]}}],"collection":[{"href":"https:\/\/dicodusport.fr\/blog\/wp-json\/wp\/v2\/posts"}],"about":[{"href":"https:\/\/dicodusport.fr\/blog\/wp-json\/wp\/v2\/types\/post"}],"author":[{"embeddable":true,"href":"https:\/\/dicodusport.fr\/blog\/wp-json\/wp\/v2\/users\/83"}],"replies":[{"embeddable":true,"href":"https:\/\/dicodusport.fr\/blog\/wp-json\/wp\/v2\/comments?post=357505"}],"version-history":[{"count":0,"href":"https:\/\/dicodusport.fr\/blog\/wp-json\/wp\/v2\/posts\/357505\/revisions"}],"wp:featuredmedia":[{"embeddable":true,"href":"https:\/\/dicodusport.fr\/blog\/wp-json\/wp\/v2\/media\/357630"}],"wp:attachment":[{"href":"https:\/\/dicodusport.fr\/blog\/wp-json\/wp\/v2\/media?parent=357505"}],"wp:term":[{"taxonomy":"category","embeddable":true,"href":"https:\/\/dicodusport.fr\/blog\/wp-json\/wp\/v2\/categories?post=357505"},{"taxonomy":"post_tag","embeddable":true,"href":"https:\/\/dicodusport.fr\/blog\/wp-json\/wp\/v2\/tags?post=357505"}],"curies":[{"name":"wp","href":"https:\/\/api.w.org\/{rel}","templated":true}]}}