{"id":357886,"date":"2023-02-21T07:26:46","date_gmt":"2023-02-21T06:26:46","guid":{"rendered":"https:\/\/dicodusport.fr\/blog\/?p=357886&#038;preview=true&#038;preview_id=357886"},"modified":"2023-02-21T08:10:36","modified_gmt":"2023-02-21T07:10:36","slug":"transferts-soyaux-angouleme-vincent-etcheto-pousse-vers-la-sortie","status":"publish","type":"post","link":"https:\/\/dicodusport.fr\/blog\/transferts-soyaux-angouleme-vincent-etcheto-pousse-vers-la-sortie\/","title":{"rendered":"Transferts Soyaux-Angoul\u00eame : Vincent Etcheto pouss\u00e9 vers la sortie"},"content":{"rendered":"<p style=\"text-align: justify;\" align=\"justify\"><em><strong>RUGBY \u00c0 XV &#8211; Selon le Midi Olympique, Vincent Etcheto va \u00eatre \u00e9cart\u00e9 de son poste de manager de Soyaux-Angoul\u00eame dans les prochaines heures.\u00a0<\/strong><\/em><\/p>\n<p style=\"text-align: justify;\" align=\"justify\"><strong>Soyaux-Angoul\u00eame<\/strong> vient de battre <strong>Carcassonne<\/strong>, un adversaire dans la course au maintien. Mais le club charentais reste en grand danger de rel\u00e9gation. Le SAXV vit une saison compliqu\u00e9e et <strong>Vincent<\/strong> <strong>Etcheto<\/strong> devrait en faire les frais, puisque sa direction aurait arr\u00eat\u00e9 sa mise \u00e0 l&rsquo;\u00e9cart, une d\u00e9cision qui devrait lui \u00eatre annonc\u00e9e dans les prochaines heures.<\/p>\n<p style=\"text-align: justify;\" align=\"justify\">Arriv\u00e9 en 2020 \u00e0 <strong>Soyaux-Angoul\u00eame<\/strong>, <strong>Vincent<\/strong> <strong>Etcheto<\/strong> et le SAXV ont d&rsquo;abord \u00e9t\u00e9 rel\u00e9gu\u00e9s en <strong>Nationale<\/strong> avant d&rsquo;obtenir leur retour en <strong>Pro<\/strong> <strong>D2<\/strong> la saison suivante. Pour le remplacer, <strong>Fabrice<\/strong> <strong>Landreau<\/strong> serait le grand favori selon nos confr\u00e8res. L&rsquo;ancien avant est sans club depuis l&rsquo;automne dernier et <a href=\"https:\/\/dicodusport.fr\/blog\/cognac-st-jean-dangely-fabrice-landreau-licencie-par-ses-propres-joueurs\/\">sa mise \u00e0 l&rsquo;\u00e9cart \u00e0 <strong>Cognac-Saint-Jean-d&rsquo;Ang\u00e9ly<\/strong><\/a>.<\/p>\n<blockquote class=\"twitter-tweet\">\n<p dir=\"ltr\" lang=\"fr\">INFO MIDOL \ud83d\udea8<\/p>\n<p>L&rsquo;aventure de Vincent Etcheto \u00e0 Soyaux-Angoul\u00eame touche \u00e0 sa fin. La direction du club charentais a d\u00e9cid\u00e9 de proc\u00e9der au remplacement de son manager. Le nom de Fabrice Landreau circule pour prendre la suite du projet.<\/p>\n<p>Plus d&rsquo;infos : <a href=\"https:\/\/t.co\/TRavJPmP0D\">https:\/\/t.co\/TRavJPmP0D<\/a> <a href=\"https:\/\/t.co\/O3tzG8Cc0G\">pic.twitter.com\/O3tzG8Cc0G<\/a><\/p>\n<p>\u2014 RUGBYRAMA (@RugbyramaFR) <a href=\"https:\/\/twitter.com\/RugbyramaFR\/status\/1627744901415985152?ref_src=twsrc%5Etfw\">February 20, 2023<\/a><\/p><\/blockquote>\n<p style=\"text-align: justify;\"><script async src=\"https:\/\/platform.twitter.com\/widgets.js\" charset=\"utf-8\"><\/script><\/p>\n","protected":false},"excerpt":{"rendered":"<p>RUGBY \u00c0 XV &#8211; Selon le Midi Olympique, Vincent Etcheto va \u00eatre \u00e9cart\u00e9 de son poste de manager de Soyaux-Angoul\u00eame dans les prochaines heures.\u00a0<\/p>\n","protected":false},"author":1,"featured_media":357887,"comment_status":"open","ping_status":"closed","sticky":false,"template":"","format":"standard","meta":{"_acf_changed":false,"_daextam_enable_autolinks":"","footnotes":""},"categories":[9129],"tags":[16878,16881],"class_list":["post-357886","post","type-post","status-publish","format-standard","has-post-thumbnail","hentry","category-rugby-a-xv","tag-breve","tag-soyaux-angouleme"],"acf":[],"yoast_head":"<!-- This site is optimized with the Yoast SEO Premium plugin v26.7 (Yoast SEO v26.7) - https:\/\/yoast.com\/wordpress\/plugins\/seo\/ -->\n<title>Transferts Soyaux-Angoul\u00eame : Vincent Etcheto pouss\u00e9 vers la sortie<\/title>\n<meta name=\"description\" content=\"RUGBY \u00c0 XV - Selon le Midi Olympique, Vincent Etcheto va \u00eatre \u00e9cart\u00e9 de son poste de manager de Soyaux-Angoul\u00eame dans les prochaines heures.\u00a0\" \/>\n<meta name=\"robots\" content=\"index, follow, max-snippet:-1, max-image-preview:large, max-video-preview:-1\" \/>\n<link rel=\"canonical\" href=\"https:\/\/dicodusport.fr\/blog\/transferts-soyaux-angouleme-vincent-etcheto-pousse-vers-la-sortie\/\" \/>\n<meta property=\"og:locale\" content=\"fr_FR\" \/>\n<meta property=\"og:type\" content=\"article\" \/>\n<meta property=\"og:title\" content=\"Transferts Soyaux-Angoul\u00eame : Vincent Etcheto pouss\u00e9 vers la sortie\" \/>\n<meta property=\"og:description\" content=\"RUGBY \u00c0 XV - Selon le Midi Olympique, Vincent Etcheto va \u00eatre \u00e9cart\u00e9 de son poste de manager de Soyaux-Angoul\u00eame dans les prochaines heures.\u00a0\" \/>\n<meta property=\"og:url\" content=\"https:\/\/dicodusport.fr\/blog\/transferts-soyaux-angouleme-vincent-etcheto-pousse-vers-la-sortie\/\" \/>\n<meta property=\"og:site_name\" content=\"Dicodusport\" \/>\n<meta property=\"article:publisher\" content=\"https:\/\/www.facebook.com\/dicodusport\" \/>\n<meta property=\"article:author\" content=\"https:\/\/www.facebook.com\/dicodusport\" \/>\n<meta property=\"article:published_time\" content=\"2023-02-21T06:26:46+00:00\" \/>\n<meta property=\"article:modified_time\" content=\"2023-02-21T07:10:36+00:00\" \/>\n<meta property=\"og:image\" content=\"https:\/\/dicodusport.fr\/blog\/wp-content\/uploads\/2023\/02\/Transferts-Soyaux-Angouleme-Vincent-Etcheto-pousse-vers-la-sortie.png\" \/>\n\t<meta property=\"og:image:width\" content=\"800\" \/>\n\t<meta property=\"og:image:height\" content=\"445\" \/>\n\t<meta property=\"og:image:type\" content=\"image\/png\" \/>\n<meta name=\"author\" content=\"Nicolas Jacquemard\" \/>\n<meta name=\"twitter:card\" content=\"summary_large_image\" \/>\n<meta name=\"twitter:title\" content=\"Transferts Soyaux-Angoul\u00eame : Vincent Etcheto pouss\u00e9 vers la sortie\" \/>\n<meta name=\"twitter:creator\" content=\"@https:\/\/twitter.com\/Nico_Jacquemard\" \/>\n<meta name=\"twitter:site\" content=\"@dicodusport\" \/>\n<script type=\"application\/ld+json\" class=\"yoast-schema-graph\">{\"@context\":\"https:\/\/schema.org\",\"@graph\":[{\"@type\":\"NewsArticle\",\"@id\":\"https:\/\/dicodusport.fr\/blog\/transferts-soyaux-angouleme-vincent-etcheto-pousse-vers-la-sortie\/#article\",\"isPartOf\":{\"@id\":\"https:\/\/dicodusport.fr\/blog\/transferts-soyaux-angouleme-vincent-etcheto-pousse-vers-la-sortie\/\"},\"author\":{\"name\":\"Nicolas Jacquemard\",\"@id\":\"https:\/\/dicodusport.fr\/blog\/#\/schema\/person\/55dcb50ad410894e431ed812bbb70191\"},\"headline\":\"Transferts Soyaux-Angoul\u00eame : Vincent Etcheto pouss\u00e9 vers la sortie\",\"datePublished\":\"2023-02-21T06:26:46+00:00\",\"dateModified\":\"2023-02-21T07:10:36+00:00\",\"mainEntityOfPage\":{\"@id\":\"https:\/\/dicodusport.fr\/blog\/transferts-soyaux-angouleme-vincent-etcheto-pousse-vers-la-sortie\/\"},\"wordCount\":213,\"commentCount\":1,\"publisher\":{\"@id\":\"https:\/\/dicodusport.fr\/blog\/#organization\"},\"image\":{\"@id\":\"https:\/\/dicodusport.fr\/blog\/transferts-soyaux-angouleme-vincent-etcheto-pousse-vers-la-sortie\/#primaryimage\"},\"thumbnailUrl\":\"https:\/\/dicodusport.fr\/blog\/wp-content\/uploads\/2023\/02\/Transferts-Soyaux-Angouleme-Vincent-Etcheto-pousse-vers-la-sortie.png\",\"keywords\":[\"br\u00e8ve\",\"Soyaux-Angoul\u00eame\"],\"articleSection\":[\"Rugby \u00e0 XV\"],\"inLanguage\":\"fr-FR\",\"potentialAction\":[{\"@type\":\"CommentAction\",\"name\":\"Comment\",\"target\":[\"https:\/\/dicodusport.fr\/blog\/transferts-soyaux-angouleme-vincent-etcheto-pousse-vers-la-sortie\/#respond\"]}],\"copyrightYear\":\"2023\",\"copyrightHolder\":{\"@id\":\"https:\/\/dicodusport.fr\/blog\/#organization\"}},{\"@type\":\"WebPage\",\"@id\":\"https:\/\/dicodusport.fr\/blog\/transferts-soyaux-angouleme-vincent-etcheto-pousse-vers-la-sortie\/\",\"url\":\"https:\/\/dicodusport.fr\/blog\/transferts-soyaux-angouleme-vincent-etcheto-pousse-vers-la-sortie\/\",\"name\":\"Transferts Soyaux-Angoul\u00eame : Vincent Etcheto pouss\u00e9 vers la sortie\",\"isPartOf\":{\"@id\":\"https:\/\/dicodusport.fr\/blog\/#website\"},\"primaryImageOfPage\":{\"@id\":\"https:\/\/dicodusport.fr\/blog\/transferts-soyaux-angouleme-vincent-etcheto-pousse-vers-la-sortie\/#primaryimage\"},\"image\":{\"@id\":\"https:\/\/dicodusport.fr\/blog\/transferts-soyaux-angouleme-vincent-etcheto-pousse-vers-la-sortie\/#primaryimage\"},\"thumbnailUrl\":\"https:\/\/dicodusport.fr\/blog\/wp-content\/uploads\/2023\/02\/Transferts-Soyaux-Angouleme-Vincent-Etcheto-pousse-vers-la-sortie.png\",\"datePublished\":\"2023-02-21T06:26:46+00:00\",\"dateModified\":\"2023-02-21T07:10:36+00:00\",\"description\":\"RUGBY \u00c0 XV - Selon le Midi Olympique, Vincent Etcheto va \u00eatre \u00e9cart\u00e9 de son poste de manager de Soyaux-Angoul\u00eame dans les prochaines heures.\u00a0\",\"breadcrumb\":{\"@id\":\"https:\/\/dicodusport.fr\/blog\/transferts-soyaux-angouleme-vincent-etcheto-pousse-vers-la-sortie\/#breadcrumb\"},\"inLanguage\":\"fr-FR\",\"potentialAction\":[{\"@type\":\"ReadAction\",\"target\":[\"https:\/\/dicodusport.fr\/blog\/transferts-soyaux-angouleme-vincent-etcheto-pousse-vers-la-sortie\/\"]}]},{\"@type\":\"ImageObject\",\"inLanguage\":\"fr-FR\",\"@id\":\"https:\/\/dicodusport.fr\/blog\/transferts-soyaux-angouleme-vincent-etcheto-pousse-vers-la-sortie\/#primaryimage\",\"url\":\"https:\/\/dicodusport.fr\/blog\/wp-content\/uploads\/2023\/02\/Transferts-Soyaux-Angouleme-Vincent-Etcheto-pousse-vers-la-sortie.png\",\"contentUrl\":\"https:\/\/dicodusport.fr\/blog\/wp-content\/uploads\/2023\/02\/Transferts-Soyaux-Angouleme-Vincent-Etcheto-pousse-vers-la-sortie.png\",\"width\":800,\"height\":445},{\"@type\":\"BreadcrumbList\",\"@id\":\"https:\/\/dicodusport.fr\/blog\/transferts-soyaux-angouleme-vincent-etcheto-pousse-vers-la-sortie\/#breadcrumb\",\"itemListElement\":[{\"@type\":\"ListItem\",\"position\":1,\"name\":\"Accueil\",\"item\":\"https:\/\/dicodusport.fr\/blog\/\"},{\"@type\":\"ListItem\",\"position\":2,\"name\":\"Transferts Soyaux-Angoul\u00eame : Vincent Etcheto pouss\u00e9 vers la sortie\"}]},{\"@type\":\"WebSite\",\"@id\":\"https:\/\/dicodusport.fr\/blog\/#website\",\"url\":\"https:\/\/dicodusport.fr\/blog\/\",\"name\":\"Dicodusport\",\"description\":\"L&#039;encyclop\u00e9die de l&#039;actualit\u00e9 sportive\",\"publisher\":{\"@id\":\"https:\/\/dicodusport.fr\/blog\/#organization\"},\"potentialAction\":[{\"@type\":\"SearchAction\",\"target\":{\"@type\":\"EntryPoint\",\"urlTemplate\":\"https:\/\/dicodusport.fr\/blog\/?s={search_term_string}\"},\"query-input\":{\"@type\":\"PropertyValueSpecification\",\"valueRequired\":true,\"valueName\":\"search_term_string\"}}],\"inLanguage\":\"fr-FR\"},{\"@type\":\"NewsMediaOrganization\",\"@id\":\"https:\/\/dicodusport.fr\/blog\/#organization\",\"name\":\"Dicodusport\",\"url\":\"https:\/\/dicodusport.fr\/blog\/\",\"logo\":{\"@type\":\"ImageObject\",\"inLanguage\":\"fr-FR\",\"@id\":\"https:\/\/dicodusport.fr\/blog\/#\/schema\/logo\/image\/\",\"url\":\"https:\/\/dicodusport.fr\/blog\/wp-content\/uploads\/2020\/06\/cropped-LOGO-DICODUSPORT-2020-SANS-FOND-SANS-TEXTE.png\",\"contentUrl\":\"https:\/\/dicodusport.fr\/blog\/wp-content\/uploads\/2020\/06\/cropped-LOGO-DICODUSPORT-2020-SANS-FOND-SANS-TEXTE.png\",\"width\":512,\"height\":512,\"caption\":\"Dicodusport\"},\"image\":{\"@id\":\"https:\/\/dicodusport.fr\/blog\/#\/schema\/logo\/image\/\"},\"sameAs\":[\"https:\/\/www.facebook.com\/dicodusport\",\"https:\/\/x.com\/dicodusport\",\"https:\/\/www.instagram.com\/dicodusport\/\",\"https:\/\/www.youtube.com\/channel\/UC7V2KZ5sd3htJivAbA4ZG3w\"],\"description\":\"Dicodusport est l'encyclop\u00e9die de l'actualit\u00e9 sportive.\",\"email\":\"bonjour@dicodusport.fr\",\"legalName\":\"DICODUSPORT\",\"foundingDate\":\"2018-01-14\",\"vatID\":\"FR71834470973\",\"taxID\":\"83447097300043\",\"numberOfEmployees\":{\"@type\":\"QuantitativeValue\",\"minValue\":\"1\",\"maxValue\":\"10\"}},{\"@type\":\"Person\",\"@id\":\"https:\/\/dicodusport.fr\/blog\/#\/schema\/person\/55dcb50ad410894e431ed812bbb70191\",\"name\":\"Nicolas Jacquemard\",\"image\":{\"@type\":\"ImageObject\",\"inLanguage\":\"fr-FR\",\"@id\":\"https:\/\/dicodusport.fr\/blog\/#\/schema\/person\/image\/\",\"url\":\"https:\/\/dicodusport.fr\/blog\/wp-content\/uploads\/2021\/05\/Nicolas-Jacquemard-150x150.jpeg\",\"contentUrl\":\"https:\/\/dicodusport.fr\/blog\/wp-content\/uploads\/2021\/05\/Nicolas-Jacquemard-150x150.jpeg\",\"caption\":\"Nicolas Jacquemard\"},\"description\":\"Passionn\u00e9 de sport et entrepreneur depuis mes 18 ans, la cr\u00e9ation de Dicodusport m'a sembl\u00e9 \u00e9vidente pour participer \u00e0 la m\u00e9diatisation d'un plus grand nombre de sports. Le chemin est long mais avec une \u00e9quipe des plus motiv\u00e9es et les Jeux Olympiques de Paris 2024 en point de mire, nous y arriverons ! Journaliste dans le monde du sport depuis plus de 5 ans, je traite aussi bien de football, de rugby, de biathlon que de cyclisme.\",\"sameAs\":[\"https:\/\/www.facebook.com\/dicodusport\",\"https:\/\/x.com\/https:\/\/twitter.com\/Nico_Jacquemard\"],\"url\":\"https:\/\/dicodusport.fr\/blog\/author\/dicodusport\/\"}]}<\/script>\n<!-- \/ Yoast SEO Premium plugin. -->","yoast_head_json":{"title":"Transferts Soyaux-Angoul\u00eame : Vincent Etcheto pouss\u00e9 vers la sortie","description":"RUGBY \u00c0 XV - Selon le Midi Olympique, Vincent Etcheto va \u00eatre \u00e9cart\u00e9 de son poste de manager de Soyaux-Angoul\u00eame dans les prochaines heures.\u00a0","robots":{"index":"index","follow":"follow","max-snippet":"max-snippet:-1","max-image-preview":"max-image-preview:large","max-video-preview":"max-video-preview:-1"},"canonical":"https:\/\/dicodusport.fr\/blog\/transferts-soyaux-angouleme-vincent-etcheto-pousse-vers-la-sortie\/","og_locale":"fr_FR","og_type":"article","og_title":"Transferts Soyaux-Angoul\u00eame : Vincent Etcheto pouss\u00e9 vers la sortie","og_description":"RUGBY \u00c0 XV - Selon le Midi Olympique, Vincent Etcheto va \u00eatre \u00e9cart\u00e9 de son poste de manager de Soyaux-Angoul\u00eame dans les prochaines heures.\u00a0","og_url":"https:\/\/dicodusport.fr\/blog\/transferts-soyaux-angouleme-vincent-etcheto-pousse-vers-la-sortie\/","og_site_name":"Dicodusport","article_publisher":"https:\/\/www.facebook.com\/dicodusport","article_author":"https:\/\/www.facebook.com\/dicodusport","article_published_time":"2023-02-21T06:26:46+00:00","article_modified_time":"2023-02-21T07:10:36+00:00","og_image":[{"width":800,"height":445,"url":"https:\/\/dicodusport.fr\/blog\/wp-content\/uploads\/2023\/02\/Transferts-Soyaux-Angouleme-Vincent-Etcheto-pousse-vers-la-sortie.png","type":"image\/png"}],"author":"Nicolas Jacquemard","twitter_card":"summary_large_image","twitter_title":"Transferts Soyaux-Angoul\u00eame : Vincent Etcheto pouss\u00e9 vers la sortie","twitter_creator":"@https:\/\/twitter.com\/Nico_Jacquemard","twitter_site":"@dicodusport","schema":{"@context":"https:\/\/schema.org","@graph":[{"@type":"NewsArticle","@id":"https:\/\/dicodusport.fr\/blog\/transferts-soyaux-angouleme-vincent-etcheto-pousse-vers-la-sortie\/#article","isPartOf":{"@id":"https:\/\/dicodusport.fr\/blog\/transferts-soyaux-angouleme-vincent-etcheto-pousse-vers-la-sortie\/"},"author":{"name":"Nicolas Jacquemard","@id":"https:\/\/dicodusport.fr\/blog\/#\/schema\/person\/55dcb50ad410894e431ed812bbb70191"},"headline":"Transferts Soyaux-Angoul\u00eame : Vincent Etcheto pouss\u00e9 vers la sortie","datePublished":"2023-02-21T06:26:46+00:00","dateModified":"2023-02-21T07:10:36+00:00","mainEntityOfPage":{"@id":"https:\/\/dicodusport.fr\/blog\/transferts-soyaux-angouleme-vincent-etcheto-pousse-vers-la-sortie\/"},"wordCount":213,"commentCount":1,"publisher":{"@id":"https:\/\/dicodusport.fr\/blog\/#organization"},"image":{"@id":"https:\/\/dicodusport.fr\/blog\/transferts-soyaux-angouleme-vincent-etcheto-pousse-vers-la-sortie\/#primaryimage"},"thumbnailUrl":"https:\/\/dicodusport.fr\/blog\/wp-content\/uploads\/2023\/02\/Transferts-Soyaux-Angouleme-Vincent-Etcheto-pousse-vers-la-sortie.png","keywords":["br\u00e8ve","Soyaux-Angoul\u00eame"],"articleSection":["Rugby \u00e0 XV"],"inLanguage":"fr-FR","potentialAction":[{"@type":"CommentAction","name":"Comment","target":["https:\/\/dicodusport.fr\/blog\/transferts-soyaux-angouleme-vincent-etcheto-pousse-vers-la-sortie\/#respond"]}],"copyrightYear":"2023","copyrightHolder":{"@id":"https:\/\/dicodusport.fr\/blog\/#organization"}},{"@type":"WebPage","@id":"https:\/\/dicodusport.fr\/blog\/transferts-soyaux-angouleme-vincent-etcheto-pousse-vers-la-sortie\/","url":"https:\/\/dicodusport.fr\/blog\/transferts-soyaux-angouleme-vincent-etcheto-pousse-vers-la-sortie\/","name":"Transferts Soyaux-Angoul\u00eame : Vincent Etcheto pouss\u00e9 vers la sortie","isPartOf":{"@id":"https:\/\/dicodusport.fr\/blog\/#website"},"primaryImageOfPage":{"@id":"https:\/\/dicodusport.fr\/blog\/transferts-soyaux-angouleme-vincent-etcheto-pousse-vers-la-sortie\/#primaryimage"},"image":{"@id":"https:\/\/dicodusport.fr\/blog\/transferts-soyaux-angouleme-vincent-etcheto-pousse-vers-la-sortie\/#primaryimage"},"thumbnailUrl":"https:\/\/dicodusport.fr\/blog\/wp-content\/uploads\/2023\/02\/Transferts-Soyaux-Angouleme-Vincent-Etcheto-pousse-vers-la-sortie.png","datePublished":"2023-02-21T06:26:46+00:00","dateModified":"2023-02-21T07:10:36+00:00","description":"RUGBY \u00c0 XV - Selon le Midi Olympique, Vincent Etcheto va \u00eatre \u00e9cart\u00e9 de son poste de manager de Soyaux-Angoul\u00eame dans les prochaines heures.\u00a0","breadcrumb":{"@id":"https:\/\/dicodusport.fr\/blog\/transferts-soyaux-angouleme-vincent-etcheto-pousse-vers-la-sortie\/#breadcrumb"},"inLanguage":"fr-FR","potentialAction":[{"@type":"ReadAction","target":["https:\/\/dicodusport.fr\/blog\/transferts-soyaux-angouleme-vincent-etcheto-pousse-vers-la-sortie\/"]}]},{"@type":"ImageObject","inLanguage":"fr-FR","@id":"https:\/\/dicodusport.fr\/blog\/transferts-soyaux-angouleme-vincent-etcheto-pousse-vers-la-sortie\/#primaryimage","url":"https:\/\/dicodusport.fr\/blog\/wp-content\/uploads\/2023\/02\/Transferts-Soyaux-Angouleme-Vincent-Etcheto-pousse-vers-la-sortie.png","contentUrl":"https:\/\/dicodusport.fr\/blog\/wp-content\/uploads\/2023\/02\/Transferts-Soyaux-Angouleme-Vincent-Etcheto-pousse-vers-la-sortie.png","width":800,"height":445},{"@type":"BreadcrumbList","@id":"https:\/\/dicodusport.fr\/blog\/transferts-soyaux-angouleme-vincent-etcheto-pousse-vers-la-sortie\/#breadcrumb","itemListElement":[{"@type":"ListItem","position":1,"name":"Accueil","item":"https:\/\/dicodusport.fr\/blog\/"},{"@type":"ListItem","position":2,"name":"Transferts Soyaux-Angoul\u00eame : Vincent Etcheto pouss\u00e9 vers la sortie"}]},{"@type":"WebSite","@id":"https:\/\/dicodusport.fr\/blog\/#website","url":"https:\/\/dicodusport.fr\/blog\/","name":"Dicodusport","description":"L&#039;encyclop\u00e9die de l&#039;actualit\u00e9 sportive","publisher":{"@id":"https:\/\/dicodusport.fr\/blog\/#organization"},"potentialAction":[{"@type":"SearchAction","target":{"@type":"EntryPoint","urlTemplate":"https:\/\/dicodusport.fr\/blog\/?s={search_term_string}"},"query-input":{"@type":"PropertyValueSpecification","valueRequired":true,"valueName":"search_term_string"}}],"inLanguage":"fr-FR"},{"@type":"NewsMediaOrganization","@id":"https:\/\/dicodusport.fr\/blog\/#organization","name":"Dicodusport","url":"https:\/\/dicodusport.fr\/blog\/","logo":{"@type":"ImageObject","inLanguage":"fr-FR","@id":"https:\/\/dicodusport.fr\/blog\/#\/schema\/logo\/image\/","url":"https:\/\/dicodusport.fr\/blog\/wp-content\/uploads\/2020\/06\/cropped-LOGO-DICODUSPORT-2020-SANS-FOND-SANS-TEXTE.png","contentUrl":"https:\/\/dicodusport.fr\/blog\/wp-content\/uploads\/2020\/06\/cropped-LOGO-DICODUSPORT-2020-SANS-FOND-SANS-TEXTE.png","width":512,"height":512,"caption":"Dicodusport"},"image":{"@id":"https:\/\/dicodusport.fr\/blog\/#\/schema\/logo\/image\/"},"sameAs":["https:\/\/www.facebook.com\/dicodusport","https:\/\/x.com\/dicodusport","https:\/\/www.instagram.com\/dicodusport\/","https:\/\/www.youtube.com\/channel\/UC7V2KZ5sd3htJivAbA4ZG3w"],"description":"Dicodusport est l'encyclop\u00e9die de l'actualit\u00e9 sportive.","email":"bonjour@dicodusport.fr","legalName":"DICODUSPORT","foundingDate":"2018-01-14","vatID":"FR71834470973","taxID":"83447097300043","numberOfEmployees":{"@type":"QuantitativeValue","minValue":"1","maxValue":"10"}},{"@type":"Person","@id":"https:\/\/dicodusport.fr\/blog\/#\/schema\/person\/55dcb50ad410894e431ed812bbb70191","name":"Nicolas Jacquemard","image":{"@type":"ImageObject","inLanguage":"fr-FR","@id":"https:\/\/dicodusport.fr\/blog\/#\/schema\/person\/image\/","url":"https:\/\/dicodusport.fr\/blog\/wp-content\/uploads\/2021\/05\/Nicolas-Jacquemard-150x150.jpeg","contentUrl":"https:\/\/dicodusport.fr\/blog\/wp-content\/uploads\/2021\/05\/Nicolas-Jacquemard-150x150.jpeg","caption":"Nicolas Jacquemard"},"description":"Passionn\u00e9 de sport et entrepreneur depuis mes 18 ans, la cr\u00e9ation de Dicodusport m'a sembl\u00e9 \u00e9vidente pour participer \u00e0 la m\u00e9diatisation d'un plus grand nombre de sports. Le chemin est long mais avec une \u00e9quipe des plus motiv\u00e9es et les Jeux Olympiques de Paris 2024 en point de mire, nous y arriverons ! Journaliste dans le monde du sport depuis plus de 5 ans, je traite aussi bien de football, de rugby, de biathlon que de cyclisme.","sameAs":["https:\/\/www.facebook.com\/dicodusport","https:\/\/x.com\/https:\/\/twitter.com\/Nico_Jacquemard"],"url":"https:\/\/dicodusport.fr\/blog\/author\/dicodusport\/"}]}},"_links":{"self":[{"href":"https:\/\/dicodusport.fr\/blog\/wp-json\/wp\/v2\/posts\/357886","targetHints":{"allow":["GET"]}}],"collection":[{"href":"https:\/\/dicodusport.fr\/blog\/wp-json\/wp\/v2\/posts"}],"about":[{"href":"https:\/\/dicodusport.fr\/blog\/wp-json\/wp\/v2\/types\/post"}],"author":[{"embeddable":true,"href":"https:\/\/dicodusport.fr\/blog\/wp-json\/wp\/v2\/users\/1"}],"replies":[{"embeddable":true,"href":"https:\/\/dicodusport.fr\/blog\/wp-json\/wp\/v2\/comments?post=357886"}],"version-history":[{"count":0,"href":"https:\/\/dicodusport.fr\/blog\/wp-json\/wp\/v2\/posts\/357886\/revisions"}],"wp:featuredmedia":[{"embeddable":true,"href":"https:\/\/dicodusport.fr\/blog\/wp-json\/wp\/v2\/media\/357887"}],"wp:attachment":[{"href":"https:\/\/dicodusport.fr\/blog\/wp-json\/wp\/v2\/media?parent=357886"}],"wp:term":[{"taxonomy":"category","embeddable":true,"href":"https:\/\/dicodusport.fr\/blog\/wp-json\/wp\/v2\/categories?post=357886"},{"taxonomy":"post_tag","embeddable":true,"href":"https:\/\/dicodusport.fr\/blog\/wp-json\/wp\/v2\/tags?post=357886"}],"curies":[{"name":"wp","href":"https:\/\/api.w.org\/{rel}","templated":true}]}}