{"id":358051,"date":"2023-02-21T19:08:29","date_gmt":"2023-02-21T18:08:29","guid":{"rendered":"https:\/\/dicodusport.fr\/blog\/?p=358051&#038;preview=true&#038;preview_id=358051"},"modified":"2023-02-21T22:36:26","modified_gmt":"2023-02-21T21:36:26","slug":"mondiaux-biathlon-2023-le-bilan-de-lequipe-de-france","status":"publish","type":"post","link":"https:\/\/dicodusport.fr\/blog\/mondiaux-biathlon-2023-le-bilan-de-lequipe-de-france\/","title":{"rendered":"Mondiaux Biathlon 2023 : Le bilan de l&rsquo;\u00e9quipe de France"},"content":{"rendered":"<p align=\"justify\"><em><strong><a href=\"https:\/\/dicodusport.fr\/blog\/actualites\/biathlon\/championnats-du-monde-de-biathlon-2023\/\">CHAMPIONNATS DU MONDE DE BIATHLON 2023<\/a> &#8211; Les Mondiaux viennent de s&rsquo;achever et c&rsquo;est l&rsquo;heure du bilan pour les Bleus. Il est plut\u00f4t maigre avec 4 m\u00e9dailles dont 2 en<\/strong> <strong>or<\/strong><\/em>.<em><strong> Julia Simon obtient les deux seules breloques individuelles.<\/strong><\/em><\/p>\n<p style=\"text-align: justify;\"><b>Julia Simon <\/b><span style=\"font-weight: 400;\">a montr\u00e9 la voie. En tant que leader du classement g\u00e9n\u00e9ral, la biathl\u00e8te des Saisies se devait de guider les autres Bleu(e)s vers le podium. Elle, montera finalement sur trois d&rsquo;entre eux. Lors de la premi\u00e8re \u00e9preuve, le relais mixte, la France se pare de bronze \u00e0 55 secondes de la Norv\u00e8ge. La skieuse de 26 ans va ensuite brillamment rebondir. Une 10\u00e8me place sur le sprint ne la satisfait pas des masses. La poursuite va la rassurer. <\/span><\/p>\n<p style=\"text-align: justify;\"><a href=\"https:\/\/dicodusport.fr\/blog\/mondiaux-biathlon-2023-julia-simon-devient-championne-du-monde-de-la-poursuite\/\"><span style=\"font-weight: 400;\">Une course quasi parfaite, un 19\/20, <\/span><b>Julia Simon <\/b><\/a><span style=\"font-weight: 400;\">a fait craquer toutes ses adversaires jusqu&rsquo;\u00e0 la derni\u00e8re pour obtenir le titre mondial. Une course comme elle en a beaucoup fait cette saison. Pour terminer ces Mondiaux allemands, une autre breloque \u00e9galement en bronze sur la mass start. La porteuse du dossard jaune termine deuxi\u00e8me femme la plus d\u00e9cor\u00e9e derri\u00e8re <\/span><b>Hanna \u00d6berg<\/b><span style=\"font-weight: 400;\">.<\/span><\/p>\n<div id=\"attachment_357388\" style=\"width: 810px\" class=\"wp-caption aligncenter\"><a href=\"https:\/\/dicodusport.fr\/blog\/wp-content\/uploads\/2023\/02\/Tableau-des-medailles-Championnats-du-monde-Biathlon-2023-1.png\"><img loading=\"lazy\" decoding=\"async\" aria-describedby=\"caption-attachment-357388\" class=\"size-full wp-image-357388\" src=\"https:\/\/dicodusport.fr\/blog\/wp-content\/uploads\/2023\/02\/Tableau-des-medailles-Championnats-du-monde-Biathlon-2023-1.png\" alt=\"Tableau des m\u00e9dailles Championnats du monde Biathlon 2023\" width=\"800\" height=\"445\" srcset=\"https:\/\/dicodusport.fr\/blog\/wp-content\/uploads\/2023\/02\/Tableau-des-medailles-Championnats-du-monde-Biathlon-2023-1.png 800w, https:\/\/dicodusport.fr\/blog\/wp-content\/uploads\/2023\/02\/Tableau-des-medailles-Championnats-du-monde-Biathlon-2023-1-300x167.png 300w, https:\/\/dicodusport.fr\/blog\/wp-content\/uploads\/2023\/02\/Tableau-des-medailles-Championnats-du-monde-Biathlon-2023-1-768x427.png 768w\" sizes=\"auto, (max-width: 800px) 100vw, 800px\" \/><\/a><p id=\"caption-attachment-357388\" class=\"wp-caption-text\">Julia Simon, la locomotive de l&rsquo;\u00e9quipe de France de biathlon &#8211; Photo Icon Sport<\/p><\/div>\n<h2 style=\"text-align: justify;\" align=\"justify\">Deux m\u00e9daill\u00e9es chez les Bleues<\/h2>\n<p style=\"text-align: justify;\"><b>Ana\u00efs Chevalier Bouchet<\/b><span style=\"font-weight: 400;\"> est la seule autre Fran\u00e7aise \u00e0 obtenir une m\u00e9daille lors de ces championnats du monde. Bronz\u00e9e sur le relais mixte, elle rate de peu une breloque individuelle en terminant 4\u00e8me de la mass start juste derri\u00e8re <\/span><b>Julia Simon<\/b><span style=\"font-weight: 400;\">. Le bilan f\u00e9minin est finalement moyen, la 4\u00e8me place sur le relais a d\u00e9\u00e7u le groupe. Seules les deux femmes cit\u00e9es pr\u00e9c\u00e9demment ont pu se battre pour un podium. Notons les deux Top 10 de <\/span><b>Lou Jeanmonnot <\/b><span style=\"font-weight: 400;\">et la 9\u00e8me place de <\/span><b>Sophie Chauveau <\/b><span style=\"font-weight: 400;\">sur la poursuite, pour leurs premiers Mondiaux.<\/span><\/p>\n<p style=\"text-align: justify;\"><span style=\"font-weight: 400;\">C&rsquo;est la premi\u00e8re fois depuis 2009 et les Mondiaux en Cor\u00e9e du Sud que la France ne ram\u00e8ne pas de m\u00e9daille individuelle chez les hommes. \u00c0 cette \u00e9poque, <\/span><b>Martin Fourcade <\/b><span style=\"font-weight: 400;\">n&rsquo;\u00e9tait pas encore mont\u00e9 sur un seul podium en Coupe du monde. Le regret le plus important est sans aucun doute pour <\/span><b>Quentin Fillon Maillet<\/b><span style=\"font-weight: 400;\">. Le dernier vainqueur du classement g\u00e9n\u00e9ral avait la breloque dans les jambes lors de l&rsquo;individuel. Le Jurassien manque sa derni\u00e8re balle, ce 19 sur 20 le place au pied du podium. Il participe \u00e9galement \u00e0 la c\u00e9r\u00e9monie des fleurs de la mass start gr\u00e2ce \u00e0 sa sixi\u00e8me place finale.\u00a0<\/span><\/p>\n<h2 style=\"text-align: justify;\" align=\"justify\">Le relais, l&rsquo;arbre qui cache la for\u00eat de doutes<\/h2>\n<p style=\"text-align: justify;\"><span style=\"font-weight: 400;\">Le titre mondial sur le relais hommes reste le (seul et le) grand soleil c\u00f4t\u00e9 masculin. D\u00e8s le matin, le vent s&rsquo;engouffre dans l&rsquo;Arena am Rennsteig d&rsquo;Oberhof. Les courses du jour sont maintenues, mais les biathl\u00e8tes vont devoir utiliser \u00e9norm\u00e9ment de balles de pioche. La France s&rsquo;en tire le mieux, n&rsquo;allant qu&rsquo;une seule fois sur l&rsquo;anneau de p\u00e9nalit\u00e9. <\/span><b>Antonin Guigonnat, Fabien Claude, \u00c9milien Jacquelin <\/b><span style=\"font-weight: 400;\">et <\/span><b>Quentin Fillon Maillet <\/b><span style=\"font-weight: 400;\">sont champions du monde, privant <\/span><b>Johannes Boe <\/b><span style=\"font-weight: 400;\">d&rsquo;un Grand Chelem dor\u00e9. Outre cette m\u00e9daille, les autres membres de l&rsquo;\u00e9quipe de France n&rsquo;auront pas su jouer avec les meilleurs en individuel. <\/span><b>\u00c9milien Jacquelin <\/b><span style=\"font-weight: 400;\">a travers\u00e9 ces Mondiaux sans jamais voir l&rsquo;ombre d&rsquo;un podium. Double tenant du titre de la poursuite, il ne prendra m\u00eame pas le d\u00e9part de celle d&rsquo;Oberhof.\u00a0<\/span><\/p>\n<div id=\"attachment_357393\" style=\"width: 810px\" class=\"wp-caption aligncenter\"><a href=\"https:\/\/dicodusport.fr\/blog\/wp-content\/uploads\/2023\/02\/Programme-et-resultats-Biathlon-Championnats-du-monde-2023.png\"><img loading=\"lazy\" decoding=\"async\" aria-describedby=\"caption-attachment-357393\" class=\"size-full wp-image-357393\" src=\"https:\/\/dicodusport.fr\/blog\/wp-content\/uploads\/2023\/02\/Programme-et-resultats-Biathlon-Championnats-du-monde-2023.png\" alt=\"Programme et r\u00e9sultats Biathlon Championnats du monde 2023\" width=\"800\" height=\"445\" srcset=\"https:\/\/dicodusport.fr\/blog\/wp-content\/uploads\/2023\/02\/Programme-et-resultats-Biathlon-Championnats-du-monde-2023.png 800w, https:\/\/dicodusport.fr\/blog\/wp-content\/uploads\/2023\/02\/Programme-et-resultats-Biathlon-Championnats-du-monde-2023-300x167.png 300w, https:\/\/dicodusport.fr\/blog\/wp-content\/uploads\/2023\/02\/Programme-et-resultats-Biathlon-Championnats-du-monde-2023-768x427.png 768w\" sizes=\"auto, (max-width: 800px) 100vw, 800px\" \/><\/a><p id=\"caption-attachment-357393\" class=\"wp-caption-text\">Les Bleus champions du monde sur le relais masculin &#8211; Photo Icon Sport<\/p><\/div>\n<p style=\"text-align: justify;\"><b>Fabien Claude <\/b><span style=\"font-weight: 400;\">aurait pu grimper sur la bo\u00eete lors du relais mixte simple. Associ\u00e9 \u00e0 <\/span><b>Lou Jeanmonnot<\/b><span style=\"font-weight: 400;\">, le duo tricolore termine 5e \u00e0 30 secondes de l&rsquo;Italie 3e. Globalement, ces championnats du monde sont un reflet de la saison de Coupe du monde en cours. Une <\/span><b>Julia Simon <\/b><span style=\"font-weight: 400;\">resplendissante et le reste en retrait. La France est \u00e0 sa place au classement des m\u00e9dailles. 4 podiums dont 2 titres, cela refl\u00e8te bien ce que les Bleus vivent depuis l&rsquo;ouverture de la saison \u00e0 Kontiolahti.\u00a0<\/span><\/p>\n<h2 style=\"text-align: justify;\">\u00c0 lire aussi<\/h2>\n<ul>\n<li style=\"text-align: justify;\"><a href=\"https:\/\/dicodusport.fr\/blog\/biathlon-championnats-du-monde-2023-programme-et-resultats\/\"><strong>Palmar\u00e8s et r\u00e9sultats complets des Championnats du monde de biathlon 2023<\/strong><\/a><\/li>\n<li style=\"text-align: justify;\"><strong><a href=\"https:\/\/dicodusport.fr\/blog\/tableau-des-medailles-championnats-du-monde-biathlon-2023\/\">Tableau des m\u00e9dailles des Championnats du monde de biathlon 2023<\/a>\u00a0<\/strong><\/li>\n<\/ul>\n<div class=\"vlp-link-container vlp-layout-article\"><a href=\"https:\/\/dicodusport.fr\/blog\/primes-mondiaux-biathlon-le-jackpot-pour-johannes-boe\/\" class=\"vlp-link\" title=\"Primes Mondiaux Biathlon : Le jackpot pour Johannes Boe !\"><\/a><div class=\"vlp-layout-zone-side\"><div class=\"vlp-block-4 vlp-link-image\"><img loading=\"lazy\" decoding=\"async\" style=\"max-width: 800px;\" width=\"800\" height=\"445\" src=\"https:\/\/dicodusport.fr\/blog\/wp-content\/uploads\/2023\/02\/Primes-Mondiaux-Biathlon-Le-jackpot-pour-Johannes-Boe-.png\" class=\"attachment-800x445 size-800x445\" alt=\"Primes Mondiaux Biathlon Le jackpot pour Johannes Boe !\" srcset=\"https:\/\/dicodusport.fr\/blog\/wp-content\/uploads\/2023\/02\/Primes-Mondiaux-Biathlon-Le-jackpot-pour-Johannes-Boe-.png 800w, https:\/\/dicodusport.fr\/blog\/wp-content\/uploads\/2023\/02\/Primes-Mondiaux-Biathlon-Le-jackpot-pour-Johannes-Boe--300x167.png 300w, https:\/\/dicodusport.fr\/blog\/wp-content\/uploads\/2023\/02\/Primes-Mondiaux-Biathlon-Le-jackpot-pour-Johannes-Boe--768x427.png 768w\" sizes=\"auto, (max-width: 800px) 100vw, 800px\" \/><\/div><\/div><div class=\"vlp-layout-zone-main\"><div class=\"vlp-block-0 vlp-link-title\">Primes Mondiaux Biathlon : Le jackpot pour Johannes Boe !<\/div><div class=\"vlp-block-1 vlp-link-summary\">CHAMPIONNATS DU MONDE DE BIATHLON 2023 - Sept courses, autant de m\u00e9dailles, cinq titres : Johannes Boe est donc le grand gagnant des Mondiaux d'Oberhof 2023. Au lendemain de l'\u00e9pilogue du rendez-vous allemand, focus sur la rafle financi\u00e8re du Norv\u00e9gien.<\/div><div class=\"vlp-block-2 vlp-link-button\">Lire l'article<\/div><div class=\"vlp-block-3 vlp-link-url\">dicodusport.fr<\/div><\/div><\/div>\n","protected":false},"excerpt":{"rendered":"<p>CHAMPIONNATS DU MONDE DE BIATHLON 2023 &#8211; Les Mondiaux viennent de s&rsquo;achever et c&rsquo;est l&rsquo;heure du bilan pour les Bleus. Il est plut\u00f4t maigre avec 4 m\u00e9dailles dont 2 en or. Julia Simon obtient les deux seules breloques individuelles.<\/p>\n","protected":false},"author":61,"featured_media":358063,"comment_status":"open","ping_status":"closed","sticky":false,"template":"","format":"standard","meta":{"_acf_changed":false,"_daextam_enable_autolinks":"","footnotes":""},"categories":[47039],"tags":[2427,16878,199,3258,24],"class_list":["post-358051","post","type-post","status-publish","format-standard","has-post-thumbnail","hentry","category-championnats-du-monde-de-biathlon","tag-biathlon","tag-breve","tag-equipe-de-france","tag-oberhof","tag-sport"],"acf":[],"yoast_head":"<!-- This site is optimized with the Yoast SEO Premium plugin v26.7 (Yoast SEO v26.7) - https:\/\/yoast.com\/wordpress\/plugins\/seo\/ -->\n<title>Mondiaux Biathlon 2023 : Le bilan de l&#039;\u00e9quipe de France<\/title>\n<meta name=\"description\" content=\"Les Mondiaux viennent de s&#039;achever et c&#039;est l&#039;heure du bilan pour les Bleus. Il est plut\u00f4t maigre avec 4 m\u00e9dailles dont 2 en or.\" \/>\n<meta name=\"robots\" content=\"index, follow, max-snippet:-1, max-image-preview:large, max-video-preview:-1\" \/>\n<link rel=\"canonical\" href=\"https:\/\/dicodusport.fr\/blog\/mondiaux-biathlon-2023-le-bilan-de-lequipe-de-france\/\" \/>\n<meta property=\"og:locale\" content=\"fr_FR\" \/>\n<meta property=\"og:type\" content=\"article\" \/>\n<meta property=\"og:title\" content=\"Mondiaux Biathlon 2023 : Le bilan de l&#039;\u00e9quipe de France\" \/>\n<meta property=\"og:description\" content=\"Les Mondiaux viennent de s&#039;achever et c&#039;est l&#039;heure du bilan pour les Bleus. Il est plut\u00f4t maigre avec 4 m\u00e9dailles dont 2 en or.\" \/>\n<meta property=\"og:url\" content=\"https:\/\/dicodusport.fr\/blog\/mondiaux-biathlon-2023-le-bilan-de-lequipe-de-france\/\" \/>\n<meta property=\"og:site_name\" content=\"Dicodusport\" \/>\n<meta property=\"article:publisher\" content=\"https:\/\/www.facebook.com\/dicodusport\" \/>\n<meta property=\"article:published_time\" content=\"2023-02-21T18:08:29+00:00\" \/>\n<meta property=\"article:modified_time\" content=\"2023-02-21T21:36:26+00:00\" \/>\n<meta property=\"og:image\" content=\"https:\/\/dicodusport.fr\/blog\/wp-content\/uploads\/2023\/02\/Mondiaux-Biathlon-2023-Le-bilan-de-lequipe-de-France.png\" \/>\n\t<meta property=\"og:image:width\" content=\"800\" \/>\n\t<meta property=\"og:image:height\" content=\"445\" \/>\n\t<meta property=\"og:image:type\" content=\"image\/png\" \/>\n<meta name=\"author\" content=\"Pierre Gorce\" \/>\n<meta name=\"twitter:card\" content=\"summary_large_image\" \/>\n<meta name=\"twitter:title\" content=\"Mondiaux Biathlon 2023 : Le bilan de l&#039;\u00e9quipe de France\" \/>\n<meta name=\"twitter:creator\" content=\"@https:\/\/twitter.com\/pierregorce12\" \/>\n<meta name=\"twitter:site\" content=\"@dicodusport\" \/>\n<script type=\"application\/ld+json\" class=\"yoast-schema-graph\">{\"@context\":\"https:\/\/schema.org\",\"@graph\":[{\"@type\":\"NewsArticle\",\"@id\":\"https:\/\/dicodusport.fr\/blog\/mondiaux-biathlon-2023-le-bilan-de-lequipe-de-france\/#article\",\"isPartOf\":{\"@id\":\"https:\/\/dicodusport.fr\/blog\/mondiaux-biathlon-2023-le-bilan-de-lequipe-de-france\/\"},\"author\":{\"name\":\"Pierre Gorce\",\"@id\":\"https:\/\/dicodusport.fr\/blog\/#\/schema\/person\/0eaf70b33d703a1a66b1155ac1bda018\"},\"headline\":\"Mondiaux Biathlon 2023 : Le bilan de l&rsquo;\u00e9quipe de France\",\"datePublished\":\"2023-02-21T18:08:29+00:00\",\"dateModified\":\"2023-02-21T21:36:26+00:00\",\"mainEntityOfPage\":{\"@id\":\"https:\/\/dicodusport.fr\/blog\/mondiaux-biathlon-2023-le-bilan-de-lequipe-de-france\/\"},\"wordCount\":823,\"commentCount\":0,\"publisher\":{\"@id\":\"https:\/\/dicodusport.fr\/blog\/#organization\"},\"image\":{\"@id\":\"https:\/\/dicodusport.fr\/blog\/mondiaux-biathlon-2023-le-bilan-de-lequipe-de-france\/#primaryimage\"},\"thumbnailUrl\":\"https:\/\/dicodusport.fr\/blog\/wp-content\/uploads\/2023\/02\/Mondiaux-Biathlon-2023-Le-bilan-de-lequipe-de-France.png\",\"keywords\":[\"Biathlon\",\"br\u00e8ve\",\"\u00c9quipe de France\",\"Oberhof\",\"sport\"],\"articleSection\":[\"Championnats du monde de biathlon\"],\"inLanguage\":\"fr-FR\",\"potentialAction\":[{\"@type\":\"CommentAction\",\"name\":\"Comment\",\"target\":[\"https:\/\/dicodusport.fr\/blog\/mondiaux-biathlon-2023-le-bilan-de-lequipe-de-france\/#respond\"]}],\"copyrightYear\":\"2023\",\"copyrightHolder\":{\"@id\":\"https:\/\/dicodusport.fr\/blog\/#organization\"}},{\"@type\":\"WebPage\",\"@id\":\"https:\/\/dicodusport.fr\/blog\/mondiaux-biathlon-2023-le-bilan-de-lequipe-de-france\/\",\"url\":\"https:\/\/dicodusport.fr\/blog\/mondiaux-biathlon-2023-le-bilan-de-lequipe-de-france\/\",\"name\":\"Mondiaux Biathlon 2023 : Le bilan de l'\u00e9quipe de France\",\"isPartOf\":{\"@id\":\"https:\/\/dicodusport.fr\/blog\/#website\"},\"primaryImageOfPage\":{\"@id\":\"https:\/\/dicodusport.fr\/blog\/mondiaux-biathlon-2023-le-bilan-de-lequipe-de-france\/#primaryimage\"},\"image\":{\"@id\":\"https:\/\/dicodusport.fr\/blog\/mondiaux-biathlon-2023-le-bilan-de-lequipe-de-france\/#primaryimage\"},\"thumbnailUrl\":\"https:\/\/dicodusport.fr\/blog\/wp-content\/uploads\/2023\/02\/Mondiaux-Biathlon-2023-Le-bilan-de-lequipe-de-France.png\",\"datePublished\":\"2023-02-21T18:08:29+00:00\",\"dateModified\":\"2023-02-21T21:36:26+00:00\",\"description\":\"Les Mondiaux viennent de s'achever et c'est l'heure du bilan pour les Bleus. Il est plut\u00f4t maigre avec 4 m\u00e9dailles dont 2 en or.\",\"breadcrumb\":{\"@id\":\"https:\/\/dicodusport.fr\/blog\/mondiaux-biathlon-2023-le-bilan-de-lequipe-de-france\/#breadcrumb\"},\"inLanguage\":\"fr-FR\",\"potentialAction\":[{\"@type\":\"ReadAction\",\"target\":[\"https:\/\/dicodusport.fr\/blog\/mondiaux-biathlon-2023-le-bilan-de-lequipe-de-france\/\"]}]},{\"@type\":\"ImageObject\",\"inLanguage\":\"fr-FR\",\"@id\":\"https:\/\/dicodusport.fr\/blog\/mondiaux-biathlon-2023-le-bilan-de-lequipe-de-france\/#primaryimage\",\"url\":\"https:\/\/dicodusport.fr\/blog\/wp-content\/uploads\/2023\/02\/Mondiaux-Biathlon-2023-Le-bilan-de-lequipe-de-France.png\",\"contentUrl\":\"https:\/\/dicodusport.fr\/blog\/wp-content\/uploads\/2023\/02\/Mondiaux-Biathlon-2023-Le-bilan-de-lequipe-de-France.png\",\"width\":800,\"height\":445,\"caption\":\"Mondiaux Biathlon 2023 Le bilan de l'\u00e9quipe de France\"},{\"@type\":\"BreadcrumbList\",\"@id\":\"https:\/\/dicodusport.fr\/blog\/mondiaux-biathlon-2023-le-bilan-de-lequipe-de-france\/#breadcrumb\",\"itemListElement\":[{\"@type\":\"ListItem\",\"position\":1,\"name\":\"Accueil\",\"item\":\"https:\/\/dicodusport.fr\/blog\/\"},{\"@type\":\"ListItem\",\"position\":2,\"name\":\"Mondiaux Biathlon 2023 : Le bilan de l&rsquo;\u00e9quipe de France\"}]},{\"@type\":\"WebSite\",\"@id\":\"https:\/\/dicodusport.fr\/blog\/#website\",\"url\":\"https:\/\/dicodusport.fr\/blog\/\",\"name\":\"Dicodusport\",\"description\":\"L&#039;encyclop\u00e9die de l&#039;actualit\u00e9 sportive\",\"publisher\":{\"@id\":\"https:\/\/dicodusport.fr\/blog\/#organization\"},\"potentialAction\":[{\"@type\":\"SearchAction\",\"target\":{\"@type\":\"EntryPoint\",\"urlTemplate\":\"https:\/\/dicodusport.fr\/blog\/?s={search_term_string}\"},\"query-input\":{\"@type\":\"PropertyValueSpecification\",\"valueRequired\":true,\"valueName\":\"search_term_string\"}}],\"inLanguage\":\"fr-FR\"},{\"@type\":\"NewsMediaOrganization\",\"@id\":\"https:\/\/dicodusport.fr\/blog\/#organization\",\"name\":\"Dicodusport\",\"url\":\"https:\/\/dicodusport.fr\/blog\/\",\"logo\":{\"@type\":\"ImageObject\",\"inLanguage\":\"fr-FR\",\"@id\":\"https:\/\/dicodusport.fr\/blog\/#\/schema\/logo\/image\/\",\"url\":\"https:\/\/dicodusport.fr\/blog\/wp-content\/uploads\/2020\/06\/cropped-LOGO-DICODUSPORT-2020-SANS-FOND-SANS-TEXTE.png\",\"contentUrl\":\"https:\/\/dicodusport.fr\/blog\/wp-content\/uploads\/2020\/06\/cropped-LOGO-DICODUSPORT-2020-SANS-FOND-SANS-TEXTE.png\",\"width\":512,\"height\":512,\"caption\":\"Dicodusport\"},\"image\":{\"@id\":\"https:\/\/dicodusport.fr\/blog\/#\/schema\/logo\/image\/\"},\"sameAs\":[\"https:\/\/www.facebook.com\/dicodusport\",\"https:\/\/x.com\/dicodusport\",\"https:\/\/www.instagram.com\/dicodusport\/\",\"https:\/\/www.youtube.com\/channel\/UC7V2KZ5sd3htJivAbA4ZG3w\"],\"description\":\"Dicodusport est l'encyclop\u00e9die de l'actualit\u00e9 sportive.\",\"email\":\"bonjour@dicodusport.fr\",\"legalName\":\"DICODUSPORT\",\"foundingDate\":\"2018-01-14\",\"vatID\":\"FR71834470973\",\"taxID\":\"83447097300043\",\"numberOfEmployees\":{\"@type\":\"QuantitativeValue\",\"minValue\":\"1\",\"maxValue\":\"10\"}},{\"@type\":\"Person\",\"@id\":\"https:\/\/dicodusport.fr\/blog\/#\/schema\/person\/0eaf70b33d703a1a66b1155ac1bda018\",\"name\":\"Pierre Gorce\",\"image\":{\"@type\":\"ImageObject\",\"inLanguage\":\"fr-FR\",\"@id\":\"https:\/\/dicodusport.fr\/blog\/#\/schema\/person\/image\/\",\"url\":\"https:\/\/dicodusport.fr\/blog\/wp-content\/uploads\/2022\/03\/IMG_20211214_233053_722-150x150.jpg\",\"contentUrl\":\"https:\/\/dicodusport.fr\/blog\/wp-content\/uploads\/2022\/03\/IMG_20211214_233053_722-150x150.jpg\",\"caption\":\"Pierre Gorce\"},\"description\":\"Couteau suisse venant tout droit de Haute-Savoie. Habitu\u00e9 \u00e0 regarder du sport depuis petit, j'en ai maintenant fait mon m\u00e9tier. Des sports d'hiver au surf, en passant par le tennis, la F1, le handball et l'athl\u00e9tisme, j'essaie d'avoir mes yeux sur l'enti\u00e8ret\u00e9 de l'actualit\u00e9. Jeune homme berc\u00e9 par les exploits de Jean-Baptiste Grange, Sebastian Vettel et des Experts. Membre de la g\u00e9n\u00e9ration 1999 comme Luka Doncic, Sydney McLaughlin, Lando Norris et Loana Lecomte, mais avec beaucoup moins de talent qu'eux.\",\"sameAs\":[\"https:\/\/x.com\/https:\/\/twitter.com\/pierregorce12\"],\"birthDate\":\"1999-08-29\",\"url\":\"https:\/\/dicodusport.fr\/blog\/author\/pierreg\/\"}]}<\/script>\n<!-- \/ Yoast SEO Premium plugin. -->","yoast_head_json":{"title":"Mondiaux Biathlon 2023 : Le bilan de l'\u00e9quipe de France","description":"Les Mondiaux viennent de s'achever et c'est l'heure du bilan pour les Bleus. Il est plut\u00f4t maigre avec 4 m\u00e9dailles dont 2 en or.","robots":{"index":"index","follow":"follow","max-snippet":"max-snippet:-1","max-image-preview":"max-image-preview:large","max-video-preview":"max-video-preview:-1"},"canonical":"https:\/\/dicodusport.fr\/blog\/mondiaux-biathlon-2023-le-bilan-de-lequipe-de-france\/","og_locale":"fr_FR","og_type":"article","og_title":"Mondiaux Biathlon 2023 : Le bilan de l'\u00e9quipe de France","og_description":"Les Mondiaux viennent de s'achever et c'est l'heure du bilan pour les Bleus. Il est plut\u00f4t maigre avec 4 m\u00e9dailles dont 2 en or.","og_url":"https:\/\/dicodusport.fr\/blog\/mondiaux-biathlon-2023-le-bilan-de-lequipe-de-france\/","og_site_name":"Dicodusport","article_publisher":"https:\/\/www.facebook.com\/dicodusport","article_published_time":"2023-02-21T18:08:29+00:00","article_modified_time":"2023-02-21T21:36:26+00:00","og_image":[{"width":800,"height":445,"url":"https:\/\/dicodusport.fr\/blog\/wp-content\/uploads\/2023\/02\/Mondiaux-Biathlon-2023-Le-bilan-de-lequipe-de-France.png","type":"image\/png"}],"author":"Pierre Gorce","twitter_card":"summary_large_image","twitter_title":"Mondiaux Biathlon 2023 : Le bilan de l'\u00e9quipe de France","twitter_creator":"@https:\/\/twitter.com\/pierregorce12","twitter_site":"@dicodusport","schema":{"@context":"https:\/\/schema.org","@graph":[{"@type":"NewsArticle","@id":"https:\/\/dicodusport.fr\/blog\/mondiaux-biathlon-2023-le-bilan-de-lequipe-de-france\/#article","isPartOf":{"@id":"https:\/\/dicodusport.fr\/blog\/mondiaux-biathlon-2023-le-bilan-de-lequipe-de-france\/"},"author":{"name":"Pierre Gorce","@id":"https:\/\/dicodusport.fr\/blog\/#\/schema\/person\/0eaf70b33d703a1a66b1155ac1bda018"},"headline":"Mondiaux Biathlon 2023 : Le bilan de l&rsquo;\u00e9quipe de France","datePublished":"2023-02-21T18:08:29+00:00","dateModified":"2023-02-21T21:36:26+00:00","mainEntityOfPage":{"@id":"https:\/\/dicodusport.fr\/blog\/mondiaux-biathlon-2023-le-bilan-de-lequipe-de-france\/"},"wordCount":823,"commentCount":0,"publisher":{"@id":"https:\/\/dicodusport.fr\/blog\/#organization"},"image":{"@id":"https:\/\/dicodusport.fr\/blog\/mondiaux-biathlon-2023-le-bilan-de-lequipe-de-france\/#primaryimage"},"thumbnailUrl":"https:\/\/dicodusport.fr\/blog\/wp-content\/uploads\/2023\/02\/Mondiaux-Biathlon-2023-Le-bilan-de-lequipe-de-France.png","keywords":["Biathlon","br\u00e8ve","\u00c9quipe de France","Oberhof","sport"],"articleSection":["Championnats du monde de biathlon"],"inLanguage":"fr-FR","potentialAction":[{"@type":"CommentAction","name":"Comment","target":["https:\/\/dicodusport.fr\/blog\/mondiaux-biathlon-2023-le-bilan-de-lequipe-de-france\/#respond"]}],"copyrightYear":"2023","copyrightHolder":{"@id":"https:\/\/dicodusport.fr\/blog\/#organization"}},{"@type":"WebPage","@id":"https:\/\/dicodusport.fr\/blog\/mondiaux-biathlon-2023-le-bilan-de-lequipe-de-france\/","url":"https:\/\/dicodusport.fr\/blog\/mondiaux-biathlon-2023-le-bilan-de-lequipe-de-france\/","name":"Mondiaux Biathlon 2023 : Le bilan de l'\u00e9quipe de France","isPartOf":{"@id":"https:\/\/dicodusport.fr\/blog\/#website"},"primaryImageOfPage":{"@id":"https:\/\/dicodusport.fr\/blog\/mondiaux-biathlon-2023-le-bilan-de-lequipe-de-france\/#primaryimage"},"image":{"@id":"https:\/\/dicodusport.fr\/blog\/mondiaux-biathlon-2023-le-bilan-de-lequipe-de-france\/#primaryimage"},"thumbnailUrl":"https:\/\/dicodusport.fr\/blog\/wp-content\/uploads\/2023\/02\/Mondiaux-Biathlon-2023-Le-bilan-de-lequipe-de-France.png","datePublished":"2023-02-21T18:08:29+00:00","dateModified":"2023-02-21T21:36:26+00:00","description":"Les Mondiaux viennent de s'achever et c'est l'heure du bilan pour les Bleus. Il est plut\u00f4t maigre avec 4 m\u00e9dailles dont 2 en or.","breadcrumb":{"@id":"https:\/\/dicodusport.fr\/blog\/mondiaux-biathlon-2023-le-bilan-de-lequipe-de-france\/#breadcrumb"},"inLanguage":"fr-FR","potentialAction":[{"@type":"ReadAction","target":["https:\/\/dicodusport.fr\/blog\/mondiaux-biathlon-2023-le-bilan-de-lequipe-de-france\/"]}]},{"@type":"ImageObject","inLanguage":"fr-FR","@id":"https:\/\/dicodusport.fr\/blog\/mondiaux-biathlon-2023-le-bilan-de-lequipe-de-france\/#primaryimage","url":"https:\/\/dicodusport.fr\/blog\/wp-content\/uploads\/2023\/02\/Mondiaux-Biathlon-2023-Le-bilan-de-lequipe-de-France.png","contentUrl":"https:\/\/dicodusport.fr\/blog\/wp-content\/uploads\/2023\/02\/Mondiaux-Biathlon-2023-Le-bilan-de-lequipe-de-France.png","width":800,"height":445,"caption":"Mondiaux Biathlon 2023 Le bilan de l'\u00e9quipe de France"},{"@type":"BreadcrumbList","@id":"https:\/\/dicodusport.fr\/blog\/mondiaux-biathlon-2023-le-bilan-de-lequipe-de-france\/#breadcrumb","itemListElement":[{"@type":"ListItem","position":1,"name":"Accueil","item":"https:\/\/dicodusport.fr\/blog\/"},{"@type":"ListItem","position":2,"name":"Mondiaux Biathlon 2023 : Le bilan de l&rsquo;\u00e9quipe de France"}]},{"@type":"WebSite","@id":"https:\/\/dicodusport.fr\/blog\/#website","url":"https:\/\/dicodusport.fr\/blog\/","name":"Dicodusport","description":"L&#039;encyclop\u00e9die de l&#039;actualit\u00e9 sportive","publisher":{"@id":"https:\/\/dicodusport.fr\/blog\/#organization"},"potentialAction":[{"@type":"SearchAction","target":{"@type":"EntryPoint","urlTemplate":"https:\/\/dicodusport.fr\/blog\/?s={search_term_string}"},"query-input":{"@type":"PropertyValueSpecification","valueRequired":true,"valueName":"search_term_string"}}],"inLanguage":"fr-FR"},{"@type":"NewsMediaOrganization","@id":"https:\/\/dicodusport.fr\/blog\/#organization","name":"Dicodusport","url":"https:\/\/dicodusport.fr\/blog\/","logo":{"@type":"ImageObject","inLanguage":"fr-FR","@id":"https:\/\/dicodusport.fr\/blog\/#\/schema\/logo\/image\/","url":"https:\/\/dicodusport.fr\/blog\/wp-content\/uploads\/2020\/06\/cropped-LOGO-DICODUSPORT-2020-SANS-FOND-SANS-TEXTE.png","contentUrl":"https:\/\/dicodusport.fr\/blog\/wp-content\/uploads\/2020\/06\/cropped-LOGO-DICODUSPORT-2020-SANS-FOND-SANS-TEXTE.png","width":512,"height":512,"caption":"Dicodusport"},"image":{"@id":"https:\/\/dicodusport.fr\/blog\/#\/schema\/logo\/image\/"},"sameAs":["https:\/\/www.facebook.com\/dicodusport","https:\/\/x.com\/dicodusport","https:\/\/www.instagram.com\/dicodusport\/","https:\/\/www.youtube.com\/channel\/UC7V2KZ5sd3htJivAbA4ZG3w"],"description":"Dicodusport est l'encyclop\u00e9die de l'actualit\u00e9 sportive.","email":"bonjour@dicodusport.fr","legalName":"DICODUSPORT","foundingDate":"2018-01-14","vatID":"FR71834470973","taxID":"83447097300043","numberOfEmployees":{"@type":"QuantitativeValue","minValue":"1","maxValue":"10"}},{"@type":"Person","@id":"https:\/\/dicodusport.fr\/blog\/#\/schema\/person\/0eaf70b33d703a1a66b1155ac1bda018","name":"Pierre Gorce","image":{"@type":"ImageObject","inLanguage":"fr-FR","@id":"https:\/\/dicodusport.fr\/blog\/#\/schema\/person\/image\/","url":"https:\/\/dicodusport.fr\/blog\/wp-content\/uploads\/2022\/03\/IMG_20211214_233053_722-150x150.jpg","contentUrl":"https:\/\/dicodusport.fr\/blog\/wp-content\/uploads\/2022\/03\/IMG_20211214_233053_722-150x150.jpg","caption":"Pierre Gorce"},"description":"Couteau suisse venant tout droit de Haute-Savoie. Habitu\u00e9 \u00e0 regarder du sport depuis petit, j'en ai maintenant fait mon m\u00e9tier. Des sports d'hiver au surf, en passant par le tennis, la F1, le handball et l'athl\u00e9tisme, j'essaie d'avoir mes yeux sur l'enti\u00e8ret\u00e9 de l'actualit\u00e9. Jeune homme berc\u00e9 par les exploits de Jean-Baptiste Grange, Sebastian Vettel et des Experts. Membre de la g\u00e9n\u00e9ration 1999 comme Luka Doncic, Sydney McLaughlin, Lando Norris et Loana Lecomte, mais avec beaucoup moins de talent qu'eux.","sameAs":["https:\/\/x.com\/https:\/\/twitter.com\/pierregorce12"],"birthDate":"1999-08-29","url":"https:\/\/dicodusport.fr\/blog\/author\/pierreg\/"}]}},"_links":{"self":[{"href":"https:\/\/dicodusport.fr\/blog\/wp-json\/wp\/v2\/posts\/358051","targetHints":{"allow":["GET"]}}],"collection":[{"href":"https:\/\/dicodusport.fr\/blog\/wp-json\/wp\/v2\/posts"}],"about":[{"href":"https:\/\/dicodusport.fr\/blog\/wp-json\/wp\/v2\/types\/post"}],"author":[{"embeddable":true,"href":"https:\/\/dicodusport.fr\/blog\/wp-json\/wp\/v2\/users\/61"}],"replies":[{"embeddable":true,"href":"https:\/\/dicodusport.fr\/blog\/wp-json\/wp\/v2\/comments?post=358051"}],"version-history":[{"count":0,"href":"https:\/\/dicodusport.fr\/blog\/wp-json\/wp\/v2\/posts\/358051\/revisions"}],"wp:featuredmedia":[{"embeddable":true,"href":"https:\/\/dicodusport.fr\/blog\/wp-json\/wp\/v2\/media\/358063"}],"wp:attachment":[{"href":"https:\/\/dicodusport.fr\/blog\/wp-json\/wp\/v2\/media?parent=358051"}],"wp:term":[{"taxonomy":"category","embeddable":true,"href":"https:\/\/dicodusport.fr\/blog\/wp-json\/wp\/v2\/categories?post=358051"},{"taxonomy":"post_tag","embeddable":true,"href":"https:\/\/dicodusport.fr\/blog\/wp-json\/wp\/v2\/tags?post=358051"}],"curies":[{"name":"wp","href":"https:\/\/api.w.org\/{rel}","templated":true}]}}