{"id":358136,"date":"2023-02-22T09:09:18","date_gmt":"2023-02-22T08:09:18","guid":{"rendered":"https:\/\/dicodusport.fr\/blog\/?p=358136&#038;preview=true&#038;preview_id=358136"},"modified":"2023-02-22T09:22:18","modified_gmt":"2023-02-22T08:22:18","slug":"julian-alaphilippe-la-nouvelle-pique-de-patrick-lefevere","status":"publish","type":"post","link":"https:\/\/dicodusport.fr\/blog\/julian-alaphilippe-la-nouvelle-pique-de-patrick-lefevere\/","title":{"rendered":"Julian Alaphilippe : La nouvelle pique de Patrick Lefevere"},"content":{"rendered":"<p align=\"justify\"><em><strong>CYCLISME SUR ROUTE 2023 &#8211; Alors que les premi\u00e8re (grandes) \u00e9ch\u00e9ances de Julian Alaphilippe approchent, Patrick Lefevere, manager de la Soudal Quick-Step en a remis une couche sur le double champion du monde.<\/strong><\/em><\/p>\n<p align=\"justify\">Alors qu&rsquo;il \u00e9voque l&rsquo;avenir de son \u00e9quipe et son envie de la b\u00e2tir autour de <strong>Remco<\/strong> <strong>Evenepoel<\/strong> pour aller gagner le Tour de France, <a href=\"https:\/\/dicodusport.fr\/blog\/patricke-lefevere-en-remet-une-couche-sur-julian-alaphilippe\/\"><strong>Patrick Lefevere<\/strong> en remet une couche sur <strong>Julian<\/strong> <strong>Alaphilippe<\/strong><\/a>. Le patron du Wolfpack en profite \u00e9galement pour \u00e9gratigner <strong>Kasper<\/strong> <strong>Asgreen<\/strong>, qui prend aussi une balle perdue. S&rsquo;il est vrai que le Fran\u00e7ais et le Danois restent sur une saison 2022 tr\u00e8s moyenne, le manager la <strong>Soudal &#8211; Quick Step<\/strong> s&rsquo;acharne un peu sur ses coureurs. Au <a href=\"https:\/\/www.nieuwsblad.be\/cnt\/dmf20230217_97432776\" target=\"_blank\" rel=\"nofollow noopener\"><em>Het Nieuwsblad<\/em><\/a>, Lefevere s&rsquo;est donc expliqu\u00e9.<\/p>\n<blockquote>\n<p align=\"justify\">Pour \u00eatre honn\u00eate, je suis rarement guid\u00e9 par mes \u00e9motions, mais je l&rsquo;ai peut-\u00eatre \u00e9t\u00e9 quelques fois dans le pass\u00e9. Je ne veux pas \u00eatre n\u00e9gatif sur la prolongation de Kasper Asgreen et Julian Alaphilippe, mais j&rsquo;ai mal \u00e9valu\u00e9 la dur\u00e9e de ces contrats (tous deux prolong\u00e9s en 2021 jusqu&rsquo;\u00e0 fin 2024). En ce moment, un nouveau ph\u00e9nom\u00e8ne se produit. Si Remco part sur le Tour de France, il nous faut de bons grimpeurs.<\/p>\n<\/blockquote>\n<p align=\"justify\"><strong>Julian<\/strong> <strong>Alaphilippe<\/strong> ira-t-il au terme de son contrat, en 2024 ? Pour le moment, c&rsquo;est le plan. Mais la saison 2023 du puncheur, et ses relations avec <strong>Patrick<\/strong> <strong>Lefevere<\/strong>, pourraient changer la donne, et on sait que des \u00e9quipes comme <a href=\"https:\/\/dicodusport.fr\/blog\/julian-alaphilippe-arkea-samsic-sinteresse-toujours-au-double-champion-du-monde\/\" target=\"_blank\" rel=\"noopener\"><strong>Ark\u00e9a-Samsic<\/strong> sont \u00e0 l&rsquo;aff\u00fbt si une porte s&rsquo;ouvre<\/a>.<\/p>\n<blockquote class=\"twitter-tweet\">\n<p dir=\"ltr\" lang=\"fr\">\ud83d\udcac P. Lefevere (SOQ) : \u00ab\u00a0je suis rarement guid\u00e9 par mes \u00e9motions, mais je l&rsquo;ai peut-\u00eatre \u00e9t\u00e9 quelques fois dans le pass\u00e9. Je ne veux pas \u00eatre n\u00e9gatif sur la prolongation de K.Asgreen et J.Alaphilippe, mais j&rsquo;ai mal \u00e9valu\u00e9 la dur\u00e9e de ces contrats\u00a0\u00bb <a href=\"https:\/\/twitter.com\/hashtag\/cyclisme?src=hash&amp;ref_src=twsrc%5Etfw\">#cyclisme<\/a><a href=\"https:\/\/t.co\/efys6XdqYV\">https:\/\/t.co\/efys6XdqYV<\/a><\/p>\n<p>\u2014 Hadrien Naury \uea00 (@HadrienNaury) <a href=\"https:\/\/twitter.com\/HadrienNaury\/status\/1628005380117626882?ref_src=twsrc%5Etfw\">February 21, 2023<\/a><\/p><\/blockquote>\n<p><script async src=\"https:\/\/platform.twitter.com\/widgets.js\" charset=\"utf-8\"><\/script><\/p>\n","protected":false},"excerpt":{"rendered":"<p>CYCLISME SUR ROUTE 2023 &#8211; Alors que les premi\u00e8re (grandes) \u00e9ch\u00e9ances de Julian Alaphilippe approchent, Patrick Lefevere, manager de la Soudal Quick-Step en a remis une couche sur le double champion du monde.<\/p>\n","protected":false},"author":1,"featured_media":342016,"comment_status":"open","ping_status":"closed","sticky":false,"template":"","format":"standard","meta":{"_acf_changed":false,"_daextam_enable_autolinks":"","footnotes":""},"categories":[46994],"tags":[16878,574,1719,11100],"class_list":["post-358136","post","type-post","status-publish","format-standard","has-post-thumbnail","hentry","category-cyclisme-sur-route","tag-breve","tag-cyclisme","tag-julian-alaphilippe","tag-patrick-lefevere"],"acf":[],"yoast_head":"<!-- This site is optimized with the Yoast SEO Premium plugin v26.7 (Yoast SEO v26.7) - https:\/\/yoast.com\/wordpress\/plugins\/seo\/ -->\n<title>Julian Alaphilippe : La nouvelle pique de Patrick Lefevere<\/title>\n<meta name=\"description\" content=\"Alors que les premi\u00e8re \u00e9ch\u00e9ances de Julian Alaphilippe approchent, Patrick Lefevere en a remis une couche sur le double champion du monde.\" \/>\n<meta name=\"robots\" content=\"index, follow, max-snippet:-1, max-image-preview:large, max-video-preview:-1\" \/>\n<link rel=\"canonical\" href=\"https:\/\/dicodusport.fr\/blog\/julian-alaphilippe-la-nouvelle-pique-de-patrick-lefevere\/\" \/>\n<meta property=\"og:locale\" content=\"fr_FR\" \/>\n<meta property=\"og:type\" content=\"article\" \/>\n<meta property=\"og:title\" content=\"Julian Alaphilippe : La nouvelle pique de Patrick Lefevere\" \/>\n<meta property=\"og:description\" content=\"Alors que les premi\u00e8re \u00e9ch\u00e9ances de Julian Alaphilippe approchent, Patrick Lefevere en a remis une couche sur le double champion du monde.\" \/>\n<meta property=\"og:url\" content=\"https:\/\/dicodusport.fr\/blog\/julian-alaphilippe-la-nouvelle-pique-de-patrick-lefevere\/\" \/>\n<meta property=\"og:site_name\" content=\"Dicodusport\" \/>\n<meta property=\"article:publisher\" content=\"https:\/\/www.facebook.com\/dicodusport\" \/>\n<meta property=\"article:author\" content=\"https:\/\/www.facebook.com\/dicodusport\" \/>\n<meta property=\"article:published_time\" content=\"2023-02-22T08:09:18+00:00\" \/>\n<meta property=\"article:modified_time\" content=\"2023-02-22T08:22:18+00:00\" \/>\n<meta property=\"og:image\" content=\"https:\/\/dicodusport.fr\/blog\/wp-content\/uploads\/2023\/01\/Julian-Alaphilippe-Patrick-Lefevere-ouvre-la-porte-a-un-depart.png\" \/>\n\t<meta property=\"og:image:width\" content=\"800\" \/>\n\t<meta property=\"og:image:height\" content=\"445\" \/>\n\t<meta property=\"og:image:type\" content=\"image\/png\" \/>\n<meta name=\"author\" content=\"Nicolas Jacquemard\" \/>\n<meta name=\"twitter:card\" content=\"summary_large_image\" \/>\n<meta name=\"twitter:title\" content=\"Julian Alaphilippe : La nouvelle pique de Patrick Lefevere\" \/>\n<meta name=\"twitter:creator\" content=\"@https:\/\/twitter.com\/Nico_Jacquemard\" \/>\n<meta name=\"twitter:site\" content=\"@dicodusport\" \/>\n<script type=\"application\/ld+json\" class=\"yoast-schema-graph\">{\"@context\":\"https:\/\/schema.org\",\"@graph\":[{\"@type\":\"NewsArticle\",\"@id\":\"https:\/\/dicodusport.fr\/blog\/julian-alaphilippe-la-nouvelle-pique-de-patrick-lefevere\/#article\",\"isPartOf\":{\"@id\":\"https:\/\/dicodusport.fr\/blog\/julian-alaphilippe-la-nouvelle-pique-de-patrick-lefevere\/\"},\"author\":{\"name\":\"Nicolas Jacquemard\",\"@id\":\"https:\/\/dicodusport.fr\/blog\/#\/schema\/person\/55dcb50ad410894e431ed812bbb70191\"},\"headline\":\"Julian Alaphilippe : La nouvelle pique de Patrick Lefevere\",\"datePublished\":\"2023-02-22T08:09:18+00:00\",\"dateModified\":\"2023-02-22T08:22:18+00:00\",\"mainEntityOfPage\":{\"@id\":\"https:\/\/dicodusport.fr\/blog\/julian-alaphilippe-la-nouvelle-pique-de-patrick-lefevere\/\"},\"wordCount\":324,\"commentCount\":0,\"publisher\":{\"@id\":\"https:\/\/dicodusport.fr\/blog\/#organization\"},\"image\":{\"@id\":\"https:\/\/dicodusport.fr\/blog\/julian-alaphilippe-la-nouvelle-pique-de-patrick-lefevere\/#primaryimage\"},\"thumbnailUrl\":\"https:\/\/dicodusport.fr\/blog\/wp-content\/uploads\/2023\/01\/Julian-Alaphilippe-Patrick-Lefevere-ouvre-la-porte-a-un-depart.png\",\"keywords\":[\"br\u00e8ve\",\"Cyclisme\",\"Julian Alaphilippe\",\"Patrick Lefevere\"],\"articleSection\":[\"Cyclisme sur route\"],\"inLanguage\":\"fr-FR\",\"potentialAction\":[{\"@type\":\"CommentAction\",\"name\":\"Comment\",\"target\":[\"https:\/\/dicodusport.fr\/blog\/julian-alaphilippe-la-nouvelle-pique-de-patrick-lefevere\/#respond\"]}],\"copyrightYear\":\"2023\",\"copyrightHolder\":{\"@id\":\"https:\/\/dicodusport.fr\/blog\/#organization\"}},{\"@type\":\"WebPage\",\"@id\":\"https:\/\/dicodusport.fr\/blog\/julian-alaphilippe-la-nouvelle-pique-de-patrick-lefevere\/\",\"url\":\"https:\/\/dicodusport.fr\/blog\/julian-alaphilippe-la-nouvelle-pique-de-patrick-lefevere\/\",\"name\":\"Julian Alaphilippe : La nouvelle pique de Patrick Lefevere\",\"isPartOf\":{\"@id\":\"https:\/\/dicodusport.fr\/blog\/#website\"},\"primaryImageOfPage\":{\"@id\":\"https:\/\/dicodusport.fr\/blog\/julian-alaphilippe-la-nouvelle-pique-de-patrick-lefevere\/#primaryimage\"},\"image\":{\"@id\":\"https:\/\/dicodusport.fr\/blog\/julian-alaphilippe-la-nouvelle-pique-de-patrick-lefevere\/#primaryimage\"},\"thumbnailUrl\":\"https:\/\/dicodusport.fr\/blog\/wp-content\/uploads\/2023\/01\/Julian-Alaphilippe-Patrick-Lefevere-ouvre-la-porte-a-un-depart.png\",\"datePublished\":\"2023-02-22T08:09:18+00:00\",\"dateModified\":\"2023-02-22T08:22:18+00:00\",\"description\":\"Alors que les premi\u00e8re \u00e9ch\u00e9ances de Julian Alaphilippe approchent, Patrick Lefevere en a remis une couche sur le double champion du monde.\",\"breadcrumb\":{\"@id\":\"https:\/\/dicodusport.fr\/blog\/julian-alaphilippe-la-nouvelle-pique-de-patrick-lefevere\/#breadcrumb\"},\"inLanguage\":\"fr-FR\",\"potentialAction\":[{\"@type\":\"ReadAction\",\"target\":[\"https:\/\/dicodusport.fr\/blog\/julian-alaphilippe-la-nouvelle-pique-de-patrick-lefevere\/\"]}]},{\"@type\":\"ImageObject\",\"inLanguage\":\"fr-FR\",\"@id\":\"https:\/\/dicodusport.fr\/blog\/julian-alaphilippe-la-nouvelle-pique-de-patrick-lefevere\/#primaryimage\",\"url\":\"https:\/\/dicodusport.fr\/blog\/wp-content\/uploads\/2023\/01\/Julian-Alaphilippe-Patrick-Lefevere-ouvre-la-porte-a-un-depart.png\",\"contentUrl\":\"https:\/\/dicodusport.fr\/blog\/wp-content\/uploads\/2023\/01\/Julian-Alaphilippe-Patrick-Lefevere-ouvre-la-porte-a-un-depart.png\",\"width\":800,\"height\":445,\"caption\":\"Julian Alaphilippe, le rebond en 2023 ? - Photo Icon Sport\"},{\"@type\":\"BreadcrumbList\",\"@id\":\"https:\/\/dicodusport.fr\/blog\/julian-alaphilippe-la-nouvelle-pique-de-patrick-lefevere\/#breadcrumb\",\"itemListElement\":[{\"@type\":\"ListItem\",\"position\":1,\"name\":\"Accueil\",\"item\":\"https:\/\/dicodusport.fr\/blog\/\"},{\"@type\":\"ListItem\",\"position\":2,\"name\":\"Julian Alaphilippe : La nouvelle pique de Patrick Lefevere\"}]},{\"@type\":\"WebSite\",\"@id\":\"https:\/\/dicodusport.fr\/blog\/#website\",\"url\":\"https:\/\/dicodusport.fr\/blog\/\",\"name\":\"Dicodusport\",\"description\":\"L&#039;encyclop\u00e9die de l&#039;actualit\u00e9 sportive\",\"publisher\":{\"@id\":\"https:\/\/dicodusport.fr\/blog\/#organization\"},\"potentialAction\":[{\"@type\":\"SearchAction\",\"target\":{\"@type\":\"EntryPoint\",\"urlTemplate\":\"https:\/\/dicodusport.fr\/blog\/?s={search_term_string}\"},\"query-input\":{\"@type\":\"PropertyValueSpecification\",\"valueRequired\":true,\"valueName\":\"search_term_string\"}}],\"inLanguage\":\"fr-FR\"},{\"@type\":\"NewsMediaOrganization\",\"@id\":\"https:\/\/dicodusport.fr\/blog\/#organization\",\"name\":\"Dicodusport\",\"url\":\"https:\/\/dicodusport.fr\/blog\/\",\"logo\":{\"@type\":\"ImageObject\",\"inLanguage\":\"fr-FR\",\"@id\":\"https:\/\/dicodusport.fr\/blog\/#\/schema\/logo\/image\/\",\"url\":\"https:\/\/dicodusport.fr\/blog\/wp-content\/uploads\/2020\/06\/cropped-LOGO-DICODUSPORT-2020-SANS-FOND-SANS-TEXTE.png\",\"contentUrl\":\"https:\/\/dicodusport.fr\/blog\/wp-content\/uploads\/2020\/06\/cropped-LOGO-DICODUSPORT-2020-SANS-FOND-SANS-TEXTE.png\",\"width\":512,\"height\":512,\"caption\":\"Dicodusport\"},\"image\":{\"@id\":\"https:\/\/dicodusport.fr\/blog\/#\/schema\/logo\/image\/\"},\"sameAs\":[\"https:\/\/www.facebook.com\/dicodusport\",\"https:\/\/x.com\/dicodusport\",\"https:\/\/www.instagram.com\/dicodusport\/\",\"https:\/\/www.youtube.com\/channel\/UC7V2KZ5sd3htJivAbA4ZG3w\"],\"description\":\"Dicodusport est l'encyclop\u00e9die de l'actualit\u00e9 sportive.\",\"email\":\"bonjour@dicodusport.fr\",\"legalName\":\"DICODUSPORT\",\"foundingDate\":\"2018-01-14\",\"vatID\":\"FR71834470973\",\"taxID\":\"83447097300043\",\"numberOfEmployees\":{\"@type\":\"QuantitativeValue\",\"minValue\":\"1\",\"maxValue\":\"10\"}},{\"@type\":\"Person\",\"@id\":\"https:\/\/dicodusport.fr\/blog\/#\/schema\/person\/55dcb50ad410894e431ed812bbb70191\",\"name\":\"Nicolas Jacquemard\",\"image\":{\"@type\":\"ImageObject\",\"inLanguage\":\"fr-FR\",\"@id\":\"https:\/\/dicodusport.fr\/blog\/#\/schema\/person\/image\/\",\"url\":\"https:\/\/dicodusport.fr\/blog\/wp-content\/uploads\/2021\/05\/Nicolas-Jacquemard-150x150.jpeg\",\"contentUrl\":\"https:\/\/dicodusport.fr\/blog\/wp-content\/uploads\/2021\/05\/Nicolas-Jacquemard-150x150.jpeg\",\"caption\":\"Nicolas Jacquemard\"},\"description\":\"Passionn\u00e9 de sport et entrepreneur depuis mes 18 ans, la cr\u00e9ation de Dicodusport m'a sembl\u00e9 \u00e9vidente pour participer \u00e0 la m\u00e9diatisation d'un plus grand nombre de sports. Le chemin est long mais avec une \u00e9quipe des plus motiv\u00e9es et les Jeux Olympiques de Paris 2024 en point de mire, nous y arriverons ! Journaliste dans le monde du sport depuis plus de 5 ans, je traite aussi bien de football, de rugby, de biathlon que de cyclisme.\",\"sameAs\":[\"https:\/\/www.facebook.com\/dicodusport\",\"https:\/\/x.com\/https:\/\/twitter.com\/Nico_Jacquemard\"],\"url\":\"https:\/\/dicodusport.fr\/blog\/author\/dicodusport\/\"}]}<\/script>\n<!-- \/ Yoast SEO Premium plugin. -->","yoast_head_json":{"title":"Julian Alaphilippe : La nouvelle pique de Patrick Lefevere","description":"Alors que les premi\u00e8re \u00e9ch\u00e9ances de Julian Alaphilippe approchent, Patrick Lefevere en a remis une couche sur le double champion du monde.","robots":{"index":"index","follow":"follow","max-snippet":"max-snippet:-1","max-image-preview":"max-image-preview:large","max-video-preview":"max-video-preview:-1"},"canonical":"https:\/\/dicodusport.fr\/blog\/julian-alaphilippe-la-nouvelle-pique-de-patrick-lefevere\/","og_locale":"fr_FR","og_type":"article","og_title":"Julian Alaphilippe : La nouvelle pique de Patrick Lefevere","og_description":"Alors que les premi\u00e8re \u00e9ch\u00e9ances de Julian Alaphilippe approchent, Patrick Lefevere en a remis une couche sur le double champion du monde.","og_url":"https:\/\/dicodusport.fr\/blog\/julian-alaphilippe-la-nouvelle-pique-de-patrick-lefevere\/","og_site_name":"Dicodusport","article_publisher":"https:\/\/www.facebook.com\/dicodusport","article_author":"https:\/\/www.facebook.com\/dicodusport","article_published_time":"2023-02-22T08:09:18+00:00","article_modified_time":"2023-02-22T08:22:18+00:00","og_image":[{"width":800,"height":445,"url":"https:\/\/dicodusport.fr\/blog\/wp-content\/uploads\/2023\/01\/Julian-Alaphilippe-Patrick-Lefevere-ouvre-la-porte-a-un-depart.png","type":"image\/png"}],"author":"Nicolas Jacquemard","twitter_card":"summary_large_image","twitter_title":"Julian Alaphilippe : La nouvelle pique de Patrick Lefevere","twitter_creator":"@https:\/\/twitter.com\/Nico_Jacquemard","twitter_site":"@dicodusport","schema":{"@context":"https:\/\/schema.org","@graph":[{"@type":"NewsArticle","@id":"https:\/\/dicodusport.fr\/blog\/julian-alaphilippe-la-nouvelle-pique-de-patrick-lefevere\/#article","isPartOf":{"@id":"https:\/\/dicodusport.fr\/blog\/julian-alaphilippe-la-nouvelle-pique-de-patrick-lefevere\/"},"author":{"name":"Nicolas Jacquemard","@id":"https:\/\/dicodusport.fr\/blog\/#\/schema\/person\/55dcb50ad410894e431ed812bbb70191"},"headline":"Julian Alaphilippe : La nouvelle pique de Patrick Lefevere","datePublished":"2023-02-22T08:09:18+00:00","dateModified":"2023-02-22T08:22:18+00:00","mainEntityOfPage":{"@id":"https:\/\/dicodusport.fr\/blog\/julian-alaphilippe-la-nouvelle-pique-de-patrick-lefevere\/"},"wordCount":324,"commentCount":0,"publisher":{"@id":"https:\/\/dicodusport.fr\/blog\/#organization"},"image":{"@id":"https:\/\/dicodusport.fr\/blog\/julian-alaphilippe-la-nouvelle-pique-de-patrick-lefevere\/#primaryimage"},"thumbnailUrl":"https:\/\/dicodusport.fr\/blog\/wp-content\/uploads\/2023\/01\/Julian-Alaphilippe-Patrick-Lefevere-ouvre-la-porte-a-un-depart.png","keywords":["br\u00e8ve","Cyclisme","Julian Alaphilippe","Patrick Lefevere"],"articleSection":["Cyclisme sur route"],"inLanguage":"fr-FR","potentialAction":[{"@type":"CommentAction","name":"Comment","target":["https:\/\/dicodusport.fr\/blog\/julian-alaphilippe-la-nouvelle-pique-de-patrick-lefevere\/#respond"]}],"copyrightYear":"2023","copyrightHolder":{"@id":"https:\/\/dicodusport.fr\/blog\/#organization"}},{"@type":"WebPage","@id":"https:\/\/dicodusport.fr\/blog\/julian-alaphilippe-la-nouvelle-pique-de-patrick-lefevere\/","url":"https:\/\/dicodusport.fr\/blog\/julian-alaphilippe-la-nouvelle-pique-de-patrick-lefevere\/","name":"Julian Alaphilippe : La nouvelle pique de Patrick Lefevere","isPartOf":{"@id":"https:\/\/dicodusport.fr\/blog\/#website"},"primaryImageOfPage":{"@id":"https:\/\/dicodusport.fr\/blog\/julian-alaphilippe-la-nouvelle-pique-de-patrick-lefevere\/#primaryimage"},"image":{"@id":"https:\/\/dicodusport.fr\/blog\/julian-alaphilippe-la-nouvelle-pique-de-patrick-lefevere\/#primaryimage"},"thumbnailUrl":"https:\/\/dicodusport.fr\/blog\/wp-content\/uploads\/2023\/01\/Julian-Alaphilippe-Patrick-Lefevere-ouvre-la-porte-a-un-depart.png","datePublished":"2023-02-22T08:09:18+00:00","dateModified":"2023-02-22T08:22:18+00:00","description":"Alors que les premi\u00e8re \u00e9ch\u00e9ances de Julian Alaphilippe approchent, Patrick Lefevere en a remis une couche sur le double champion du monde.","breadcrumb":{"@id":"https:\/\/dicodusport.fr\/blog\/julian-alaphilippe-la-nouvelle-pique-de-patrick-lefevere\/#breadcrumb"},"inLanguage":"fr-FR","potentialAction":[{"@type":"ReadAction","target":["https:\/\/dicodusport.fr\/blog\/julian-alaphilippe-la-nouvelle-pique-de-patrick-lefevere\/"]}]},{"@type":"ImageObject","inLanguage":"fr-FR","@id":"https:\/\/dicodusport.fr\/blog\/julian-alaphilippe-la-nouvelle-pique-de-patrick-lefevere\/#primaryimage","url":"https:\/\/dicodusport.fr\/blog\/wp-content\/uploads\/2023\/01\/Julian-Alaphilippe-Patrick-Lefevere-ouvre-la-porte-a-un-depart.png","contentUrl":"https:\/\/dicodusport.fr\/blog\/wp-content\/uploads\/2023\/01\/Julian-Alaphilippe-Patrick-Lefevere-ouvre-la-porte-a-un-depart.png","width":800,"height":445,"caption":"Julian Alaphilippe, le rebond en 2023 ? - Photo Icon Sport"},{"@type":"BreadcrumbList","@id":"https:\/\/dicodusport.fr\/blog\/julian-alaphilippe-la-nouvelle-pique-de-patrick-lefevere\/#breadcrumb","itemListElement":[{"@type":"ListItem","position":1,"name":"Accueil","item":"https:\/\/dicodusport.fr\/blog\/"},{"@type":"ListItem","position":2,"name":"Julian Alaphilippe : La nouvelle pique de Patrick Lefevere"}]},{"@type":"WebSite","@id":"https:\/\/dicodusport.fr\/blog\/#website","url":"https:\/\/dicodusport.fr\/blog\/","name":"Dicodusport","description":"L&#039;encyclop\u00e9die de l&#039;actualit\u00e9 sportive","publisher":{"@id":"https:\/\/dicodusport.fr\/blog\/#organization"},"potentialAction":[{"@type":"SearchAction","target":{"@type":"EntryPoint","urlTemplate":"https:\/\/dicodusport.fr\/blog\/?s={search_term_string}"},"query-input":{"@type":"PropertyValueSpecification","valueRequired":true,"valueName":"search_term_string"}}],"inLanguage":"fr-FR"},{"@type":"NewsMediaOrganization","@id":"https:\/\/dicodusport.fr\/blog\/#organization","name":"Dicodusport","url":"https:\/\/dicodusport.fr\/blog\/","logo":{"@type":"ImageObject","inLanguage":"fr-FR","@id":"https:\/\/dicodusport.fr\/blog\/#\/schema\/logo\/image\/","url":"https:\/\/dicodusport.fr\/blog\/wp-content\/uploads\/2020\/06\/cropped-LOGO-DICODUSPORT-2020-SANS-FOND-SANS-TEXTE.png","contentUrl":"https:\/\/dicodusport.fr\/blog\/wp-content\/uploads\/2020\/06\/cropped-LOGO-DICODUSPORT-2020-SANS-FOND-SANS-TEXTE.png","width":512,"height":512,"caption":"Dicodusport"},"image":{"@id":"https:\/\/dicodusport.fr\/blog\/#\/schema\/logo\/image\/"},"sameAs":["https:\/\/www.facebook.com\/dicodusport","https:\/\/x.com\/dicodusport","https:\/\/www.instagram.com\/dicodusport\/","https:\/\/www.youtube.com\/channel\/UC7V2KZ5sd3htJivAbA4ZG3w"],"description":"Dicodusport est l'encyclop\u00e9die de l'actualit\u00e9 sportive.","email":"bonjour@dicodusport.fr","legalName":"DICODUSPORT","foundingDate":"2018-01-14","vatID":"FR71834470973","taxID":"83447097300043","numberOfEmployees":{"@type":"QuantitativeValue","minValue":"1","maxValue":"10"}},{"@type":"Person","@id":"https:\/\/dicodusport.fr\/blog\/#\/schema\/person\/55dcb50ad410894e431ed812bbb70191","name":"Nicolas Jacquemard","image":{"@type":"ImageObject","inLanguage":"fr-FR","@id":"https:\/\/dicodusport.fr\/blog\/#\/schema\/person\/image\/","url":"https:\/\/dicodusport.fr\/blog\/wp-content\/uploads\/2021\/05\/Nicolas-Jacquemard-150x150.jpeg","contentUrl":"https:\/\/dicodusport.fr\/blog\/wp-content\/uploads\/2021\/05\/Nicolas-Jacquemard-150x150.jpeg","caption":"Nicolas Jacquemard"},"description":"Passionn\u00e9 de sport et entrepreneur depuis mes 18 ans, la cr\u00e9ation de Dicodusport m'a sembl\u00e9 \u00e9vidente pour participer \u00e0 la m\u00e9diatisation d'un plus grand nombre de sports. Le chemin est long mais avec une \u00e9quipe des plus motiv\u00e9es et les Jeux Olympiques de Paris 2024 en point de mire, nous y arriverons ! Journaliste dans le monde du sport depuis plus de 5 ans, je traite aussi bien de football, de rugby, de biathlon que de cyclisme.","sameAs":["https:\/\/www.facebook.com\/dicodusport","https:\/\/x.com\/https:\/\/twitter.com\/Nico_Jacquemard"],"url":"https:\/\/dicodusport.fr\/blog\/author\/dicodusport\/"}]}},"_links":{"self":[{"href":"https:\/\/dicodusport.fr\/blog\/wp-json\/wp\/v2\/posts\/358136","targetHints":{"allow":["GET"]}}],"collection":[{"href":"https:\/\/dicodusport.fr\/blog\/wp-json\/wp\/v2\/posts"}],"about":[{"href":"https:\/\/dicodusport.fr\/blog\/wp-json\/wp\/v2\/types\/post"}],"author":[{"embeddable":true,"href":"https:\/\/dicodusport.fr\/blog\/wp-json\/wp\/v2\/users\/1"}],"replies":[{"embeddable":true,"href":"https:\/\/dicodusport.fr\/blog\/wp-json\/wp\/v2\/comments?post=358136"}],"version-history":[{"count":0,"href":"https:\/\/dicodusport.fr\/blog\/wp-json\/wp\/v2\/posts\/358136\/revisions"}],"wp:featuredmedia":[{"embeddable":true,"href":"https:\/\/dicodusport.fr\/blog\/wp-json\/wp\/v2\/media\/342016"}],"wp:attachment":[{"href":"https:\/\/dicodusport.fr\/blog\/wp-json\/wp\/v2\/media?parent=358136"}],"wp:term":[{"taxonomy":"category","embeddable":true,"href":"https:\/\/dicodusport.fr\/blog\/wp-json\/wp\/v2\/categories?post=358136"},{"taxonomy":"post_tag","embeddable":true,"href":"https:\/\/dicodusport.fr\/blog\/wp-json\/wp\/v2\/tags?post=358136"}],"curies":[{"name":"wp","href":"https:\/\/api.w.org\/{rel}","templated":true}]}}