{"id":358329,"date":"2023-02-23T10:33:59","date_gmt":"2023-02-23T09:33:59","guid":{"rendered":"https:\/\/dicodusport.fr\/blog\/?p=358329&#038;preview=true&#038;preview_id=358329"},"modified":"2023-02-24T09:25:50","modified_gmt":"2023-02-24T08:25:50","slug":"faun-ardeche-classic-2023-parcours-profil-favoris","status":"publish","type":"post","link":"https:\/\/dicodusport.fr\/blog\/faun-ardeche-classic-2023-parcours-profil-favoris\/","title":{"rendered":"Faun-Ard\u00e8che Classic 2023 : Parcours, profil et favoris"},"content":{"rendered":"<p style=\"text-align: justify;\"><em><a style=\"font-weight: bold;\" href=\"https:\/\/dicodusport.fr\/blog\/actualites\/cyclisme\/cyclisme-sur-route-2023\/\">CYCLISME SUR ROUTE 2023<\/a> <b>&#8211; La Faun-Ard\u00e8che Classic f\u00eatera sa 23\u00e8me \u00e9dition le samedi 25 f\u00e9vrier 2023, la premi\u00e8re course de week-end en Dr\u00f4me-Ard\u00e8che. Avec ses onze ascensions, cette course sourira \u00e0 des grimpeurs, avec un d\u00e9nivel\u00e9 proche d&rsquo;une \u00e9tape de moyenne montagne. Les plus dures ascensions seront sur le dernier tiers de course.\u00a0<\/b><\/em><\/p>\n<h2 style=\"text-align: justify;\">Faun-Ard\u00e8che Classic : Un parcours pour les grimpeurs<\/h2>\n<p style=\"text-align: justify;\">L\u2019<strong>Ard\u00e8che Classic<\/strong> se disputera sur le m\u00eame parcours que lors des deux derni\u00e8res \u00e9ditions, trac\u00e9 autour de Guilherand-Granges sur 168,5 kilom\u00e8tres, avec huit ascensions qui vont s\u2019encha\u00eener pour pr\u00e8s de 3 100 m\u00e8tres de d\u00e9nivel\u00e9. Depuis 2017, l&rsquo;organisation a d\u00e9cid\u00e9 de rendre le parcours beaucoup plus s\u00e9lectif.<\/p>\n<p style=\"text-align: justify;\">Apr\u00e8s un d\u00e9part \u00e0 11h, les coureurs iront sur une premi\u00e8re boucle de 60 km \u00e0 faire deux fois dans les contreforts du Massif-Central via Saint-P\u00e9ray, Boffres et Alboussi\u00e8re pour repasser par Touland. Cette boucle proposera quatre mont\u00e9es : le <strong>Col de Leyrisse<\/strong> (10,2 km \u00e0 3,9 %) avec au sommet une longue portion sur un plateau via le <strong>Col de la Justice<\/strong> (1,7 km \u00e0 3,9 %), la mont\u00e9e vers <strong>Saint-Romain-de-Lerps<\/strong> (3,9 km \u00e0 4,6 %) et la terrible <strong>C\u00f4te du Val d\u2019Enfer<\/strong> (1,6 km \u00e0 10,6 %).<\/p>\n<p style=\"text-align: justify;\">Puis, il y aura une derni\u00e8re boucle pour traverser Cornas, Chateaubourg, Saint-Romain-de-Lerps, avant de revenir sur Saint-P\u00e9ray et Guilherand-Granges. Les concurrents auront \u00e0 grimper le difficile <strong>Mur de Cornas<\/strong> (1,8km \u00e0 8,6 % avec un dernier kilom\u00e8tre \u00e0 plus de 11 %), la <strong>C\u00f4te de Saint-Romain-de-Lerps<\/strong> (9 km \u00e0 7,1 % avec un deuxi\u00e8me kilom\u00e8tre \u00e0 plus de 10 %) et le difficile <strong>C\u00f4te Val d\u2019Enfer<\/strong> (1,6 km \u00e0 10,6 %). Ces difficult\u00e9s ont \u00e9t\u00e9 instaur\u00e9es en 2017. L&rsquo;an dernier, <strong>Brandon McNulty<\/strong> \u00e9tait parti seul dans la C\u00f4te de Saint-Romain-de-Lerps, pour remporter la <a href=\"https:\/\/dicodusport.fr\/blog\/faun-ardeche-classic-2022-classement-course\/\">Faun-Ard\u00e8che Classic 2022<\/a>. Le sommet de cette derni\u00e8re sera \u00e0 7 kilom\u00e8tres du terme, avec une descente de 4 kilom\u00e8tres. Enfin, l\u2019arriv\u00e9e sera jug\u00e9e vers 16h30 apr\u00e8s trois derniers kilom\u00e8tres plut\u00f4t plats.<\/p>\n<div id=\"attachment_358400\" style=\"width: 1034px\" class=\"wp-caption aligncenter\"><a href=\"https:\/\/dicodusport.fr\/blog\/wp-content\/uploads\/2023\/02\/Carte-du-parcours-de-la-Faun-Ardeche-Classic-2023.png\"><img loading=\"lazy\" decoding=\"async\" aria-describedby=\"caption-attachment-358400\" class=\"size-full wp-image-358400\" src=\"https:\/\/dicodusport.fr\/blog\/wp-content\/uploads\/2023\/02\/Carte-du-parcours-de-la-Faun-Ardeche-Classic-2023.png\" alt=\"Carte du parcours de la Faun-Ard\u00e8che Classic 2023\" width=\"1024\" height=\"1005\" srcset=\"https:\/\/dicodusport.fr\/blog\/wp-content\/uploads\/2023\/02\/Carte-du-parcours-de-la-Faun-Ardeche-Classic-2023.png 1024w, https:\/\/dicodusport.fr\/blog\/wp-content\/uploads\/2023\/02\/Carte-du-parcours-de-la-Faun-Ardeche-Classic-2023-300x294.png 300w, https:\/\/dicodusport.fr\/blog\/wp-content\/uploads\/2023\/02\/Carte-du-parcours-de-la-Faun-Ardeche-Classic-2023-768x754.png 768w, https:\/\/dicodusport.fr\/blog\/wp-content\/uploads\/2023\/02\/Carte-du-parcours-de-la-Faun-Ardeche-Classic-2023-80x80.png 80w\" sizes=\"auto, (max-width: 1024px) 100vw, 1024px\" \/><\/a><p id=\"caption-attachment-358400\" class=\"wp-caption-text\">Carte du parcours de la Faun-Ard\u00e8che Classic 2023 &#8211; Via boucles-drome-ardeche.fr<\/p><\/div>\n<h2 style=\"text-align: justify;\">Profil de la Faun-Ard\u00e8che Classic 2023<\/h2>\n<div id=\"attachment_358401\" style=\"width: 1034px\" class=\"wp-caption aligncenter\"><a href=\"https:\/\/dicodusport.fr\/blog\/wp-content\/uploads\/2023\/02\/Profil-de-la-Faun-Ardeche-Classic-2023.png\"><img loading=\"lazy\" decoding=\"async\" aria-describedby=\"caption-attachment-358401\" class=\"size-full wp-image-358401\" src=\"https:\/\/dicodusport.fr\/blog\/wp-content\/uploads\/2023\/02\/Profil-de-la-Faun-Ardeche-Classic-2023.png\" alt=\"Profil de la Faun-Ard\u00e8che Classic 2023\" width=\"1024\" height=\"390\" srcset=\"https:\/\/dicodusport.fr\/blog\/wp-content\/uploads\/2023\/02\/Profil-de-la-Faun-Ardeche-Classic-2023.png 1024w, https:\/\/dicodusport.fr\/blog\/wp-content\/uploads\/2023\/02\/Profil-de-la-Faun-Ardeche-Classic-2023-300x114.png 300w, https:\/\/dicodusport.fr\/blog\/wp-content\/uploads\/2023\/02\/Profil-de-la-Faun-Ardeche-Classic-2023-768x293.png 768w\" sizes=\"auto, (max-width: 1024px) 100vw, 1024px\" \/><\/a><p id=\"caption-attachment-358401\" class=\"wp-caption-text\">Profil de la Faun-Ard\u00e8che Classic 2023 &#8211; Via boucles-drome-ardeche.fr<\/p><\/div>\n<h2 style=\"text-align: justify;\">Les favoris de la Faun-Ard\u00e8che Classic 2023<\/h2>\n<p style=\"text-align: justify;\">Sergio Higuita (EF Education EasyPost)<\/p>\n<p style=\"text-align: justify;\">Jai Hindley (Bora-Hansgrohe)<\/p>\n<p style=\"text-align: justify;\">Mattias Skjelmose (Trek-Segafredo)<\/p>\n<p style=\"text-align: justify;\">Julian Alaphilippe (Soudal Quick-Step)<\/p>\n<p style=\"text-align: justify;\">Romain Bardet (Team DSM)<\/p>\n<p style=\"text-align: justify;\">David Gaudu (Groupama-FDJ)<\/p>\n<p style=\"text-align: justify;\">Rui Costa (Intermarch\u00e9 &#8211; Circus &#8211; Wanty)<\/p>\n<p style=\"text-align: justify;\">Diego Ulissi (UAE Team Emirates)<\/p>\n<p style=\"text-align: justify;\">Michael Woods (Israel &#8211; Premier Tech)<\/p>\n<h2 style=\"text-align: justify;\">Palmar\u00e8s<\/h2>\n<p style=\"text-align: justify;\">2022 : MCNULTY Brandon<\/p>\n<p style=\"text-align: justify;\">2021 : GAUDU David<\/p>\n<p style=\"text-align: justify;\">2020 : CAVAGNA R\u00e9mi<\/p>\n<p style=\"text-align: justify;\">2019 : CALMEJANE Lilian<\/p>\n<p style=\"text-align: justify;\">2018 : BARDET Romain<\/p>\n<p style=\"text-align: justify;\">2017 : FINETTO Mauro<\/p>\n<p style=\"text-align: justify;\">2016 : VAKO\u010c Petr<\/p>\n<p style=\"text-align: justify;\">2015 : SEP\u00daLVEDA Eduardo<\/p>\n<p style=\"text-align: justify;\">2014 : VACHON Florian<\/p>\n<p style=\"text-align: justify;\">2013 : DRUJON Mathieu<\/p>\n<h2 style=\"text-align: justify;\">\u00c0 lire aussi<\/h2>\n<ul>\n<li><a href=\"https:\/\/dicodusport.fr\/blog\/faun-ardeche-classic-2023-a-quelle-heure-et-sur-quelle-chaine\/\"><strong>\u00c0 quelle heure et sur quelle cha\u00eene regarder la Faun-Ard\u00e8che Classic<\/strong><\/a><\/li>\n<li><a href=\"https:\/\/dicodusport.fr\/blog\/faun-ardeche-classic-2023-les-engages\/\" target=\"_blank\" rel=\"noopener\"><strong>Faun-Ard\u00e8che Classic 2023 : Les engag\u00e9s<\/strong><\/a><\/li>\n<\/ul>\n","protected":false},"excerpt":{"rendered":"<p>FAUN-ARD\u00c8CHE CLASSIC 2023 &#8211; La Faun-Ard\u00e8che Classic f\u00eatera sa 23\u00e8me \u00e9dition le samedi 25 f\u00e9vrier 2023. Parcours, profil et favoris.<\/p>\n","protected":false},"author":48,"featured_media":358399,"comment_status":"open","ping_status":"closed","sticky":false,"template":"","format":"standard","meta":{"_acf_changed":false,"_daextam_enable_autolinks":"","footnotes":""},"categories":[46994],"tags":[16878,574,11197,10043],"class_list":["post-358329","post","type-post","status-publish","format-standard","has-post-thumbnail","hentry","category-cyclisme-sur-route","tag-breve","tag-cyclisme","tag-cyclisme-sur-route","tag-faun-ardeche-classic"],"acf":[],"yoast_head":"<!-- This site is optimized with the Yoast SEO Premium plugin v26.7 (Yoast SEO v26.7) - https:\/\/yoast.com\/wordpress\/plugins\/seo\/ -->\n<title>Faun-Ard\u00e8che Classic 2023 : Parcours, profil et favoris<\/title>\n<meta name=\"description\" content=\"FAUN-ARD\u00c8CHE CLASSIC 2023 - La Faun-Ard\u00e8che Classic f\u00eatera sa 23\u00e8me \u00e9dition le samedi 25 f\u00e9vrier 2023. Parcours, profil et favoris.\" \/>\n<meta name=\"robots\" content=\"index, follow, max-snippet:-1, max-image-preview:large, max-video-preview:-1\" \/>\n<link rel=\"canonical\" href=\"https:\/\/dicodusport.fr\/blog\/faun-ardeche-classic-2023-parcours-profil-favoris\/\" \/>\n<meta property=\"og:locale\" content=\"fr_FR\" \/>\n<meta property=\"og:type\" content=\"article\" \/>\n<meta property=\"og:title\" content=\"Faun-Ard\u00e8che Classic 2023 : Parcours, profil et favoris\" \/>\n<meta property=\"og:description\" content=\"FAUN-ARD\u00c8CHE CLASSIC 2023 - La Faun-Ard\u00e8che Classic f\u00eatera sa 23\u00e8me \u00e9dition le samedi 25 f\u00e9vrier 2023. Parcours, profil et favoris.\" \/>\n<meta property=\"og:url\" content=\"https:\/\/dicodusport.fr\/blog\/faun-ardeche-classic-2023-parcours-profil-favoris\/\" \/>\n<meta property=\"og:site_name\" content=\"Dicodusport\" \/>\n<meta property=\"article:publisher\" content=\"https:\/\/www.facebook.com\/dicodusport\" \/>\n<meta property=\"article:author\" content=\"https:\/\/www.facebook.com\/groups\/LesRoisDuPeloton\" \/>\n<meta property=\"article:published_time\" content=\"2023-02-23T09:33:59+00:00\" \/>\n<meta property=\"article:modified_time\" content=\"2023-02-24T08:25:50+00:00\" \/>\n<meta property=\"og:image\" content=\"https:\/\/dicodusport.fr\/blog\/wp-content\/uploads\/2023\/02\/Faun-Ardeche-Classic-2023-Parcours-profil-et-favoris.png\" \/>\n\t<meta property=\"og:image:width\" content=\"800\" \/>\n\t<meta property=\"og:image:height\" content=\"445\" \/>\n\t<meta property=\"og:image:type\" content=\"image\/png\" \/>\n<meta name=\"author\" content=\"Emilien Descampiaux\" \/>\n<meta name=\"twitter:card\" content=\"summary_large_image\" \/>\n<meta name=\"twitter:title\" content=\"Faun-Ard\u00e8che Classic 2023 : Parcours, profil et favoris\" \/>\n<meta name=\"twitter:creator\" content=\"@https:\/\/twitter.com\/LRoisDuPeloton\" \/>\n<meta name=\"twitter:site\" content=\"@dicodusport\" \/>\n<script type=\"application\/ld+json\" class=\"yoast-schema-graph\">{\"@context\":\"https:\/\/schema.org\",\"@graph\":[{\"@type\":\"NewsArticle\",\"@id\":\"https:\/\/dicodusport.fr\/blog\/faun-ardeche-classic-2023-parcours-profil-favoris\/#article\",\"isPartOf\":{\"@id\":\"https:\/\/dicodusport.fr\/blog\/faun-ardeche-classic-2023-parcours-profil-favoris\/\"},\"author\":{\"name\":\"Emilien Descampiaux\",\"@id\":\"https:\/\/dicodusport.fr\/blog\/#\/schema\/person\/6db4bae06b171592211be385b32876a7\"},\"headline\":\"Faun-Ard\u00e8che Classic 2023 : Parcours, profil et favoris\",\"datePublished\":\"2023-02-23T09:33:59+00:00\",\"dateModified\":\"2023-02-24T08:25:50+00:00\",\"mainEntityOfPage\":{\"@id\":\"https:\/\/dicodusport.fr\/blog\/faun-ardeche-classic-2023-parcours-profil-favoris\/\"},\"wordCount\":464,\"commentCount\":0,\"publisher\":{\"@id\":\"https:\/\/dicodusport.fr\/blog\/#organization\"},\"image\":{\"@id\":\"https:\/\/dicodusport.fr\/blog\/faun-ardeche-classic-2023-parcours-profil-favoris\/#primaryimage\"},\"thumbnailUrl\":\"https:\/\/dicodusport.fr\/blog\/wp-content\/uploads\/2023\/02\/Faun-Ardeche-Classic-2023-Parcours-profil-et-favoris.png\",\"keywords\":[\"br\u00e8ve\",\"Cyclisme\",\"Cyclisme sur route\",\"Faun-Ard\u00e8che Classic\"],\"articleSection\":[\"Cyclisme sur route\"],\"inLanguage\":\"fr-FR\",\"potentialAction\":[{\"@type\":\"CommentAction\",\"name\":\"Comment\",\"target\":[\"https:\/\/dicodusport.fr\/blog\/faun-ardeche-classic-2023-parcours-profil-favoris\/#respond\"]}],\"copyrightYear\":\"2023\",\"copyrightHolder\":{\"@id\":\"https:\/\/dicodusport.fr\/blog\/#organization\"}},{\"@type\":\"WebPage\",\"@id\":\"https:\/\/dicodusport.fr\/blog\/faun-ardeche-classic-2023-parcours-profil-favoris\/\",\"url\":\"https:\/\/dicodusport.fr\/blog\/faun-ardeche-classic-2023-parcours-profil-favoris\/\",\"name\":\"Faun-Ard\u00e8che Classic 2023 : Parcours, profil et favoris\",\"isPartOf\":{\"@id\":\"https:\/\/dicodusport.fr\/blog\/#website\"},\"primaryImageOfPage\":{\"@id\":\"https:\/\/dicodusport.fr\/blog\/faun-ardeche-classic-2023-parcours-profil-favoris\/#primaryimage\"},\"image\":{\"@id\":\"https:\/\/dicodusport.fr\/blog\/faun-ardeche-classic-2023-parcours-profil-favoris\/#primaryimage\"},\"thumbnailUrl\":\"https:\/\/dicodusport.fr\/blog\/wp-content\/uploads\/2023\/02\/Faun-Ardeche-Classic-2023-Parcours-profil-et-favoris.png\",\"datePublished\":\"2023-02-23T09:33:59+00:00\",\"dateModified\":\"2023-02-24T08:25:50+00:00\",\"description\":\"FAUN-ARD\u00c8CHE CLASSIC 2023 - La Faun-Ard\u00e8che Classic f\u00eatera sa 23\u00e8me \u00e9dition le samedi 25 f\u00e9vrier 2023. Parcours, profil et favoris.\",\"breadcrumb\":{\"@id\":\"https:\/\/dicodusport.fr\/blog\/faun-ardeche-classic-2023-parcours-profil-favoris\/#breadcrumb\"},\"inLanguage\":\"fr-FR\",\"potentialAction\":[{\"@type\":\"ReadAction\",\"target\":[\"https:\/\/dicodusport.fr\/blog\/faun-ardeche-classic-2023-parcours-profil-favoris\/\"]}]},{\"@type\":\"ImageObject\",\"inLanguage\":\"fr-FR\",\"@id\":\"https:\/\/dicodusport.fr\/blog\/faun-ardeche-classic-2023-parcours-profil-favoris\/#primaryimage\",\"url\":\"https:\/\/dicodusport.fr\/blog\/wp-content\/uploads\/2023\/02\/Faun-Ardeche-Classic-2023-Parcours-profil-et-favoris.png\",\"contentUrl\":\"https:\/\/dicodusport.fr\/blog\/wp-content\/uploads\/2023\/02\/Faun-Ardeche-Classic-2023-Parcours-profil-et-favoris.png\",\"width\":800,\"height\":445,\"caption\":\"Faun-Ard\u00e8che Classic 2023 Parcours, profil et favoris\"},{\"@type\":\"BreadcrumbList\",\"@id\":\"https:\/\/dicodusport.fr\/blog\/faun-ardeche-classic-2023-parcours-profil-favoris\/#breadcrumb\",\"itemListElement\":[{\"@type\":\"ListItem\",\"position\":1,\"name\":\"Accueil\",\"item\":\"https:\/\/dicodusport.fr\/blog\/\"},{\"@type\":\"ListItem\",\"position\":2,\"name\":\"Faun-Ard\u00e8che Classic 2023 : Parcours, profil et favoris\"}]},{\"@type\":\"WebSite\",\"@id\":\"https:\/\/dicodusport.fr\/blog\/#website\",\"url\":\"https:\/\/dicodusport.fr\/blog\/\",\"name\":\"Dicodusport\",\"description\":\"L&#039;encyclop\u00e9die de l&#039;actualit\u00e9 sportive\",\"publisher\":{\"@id\":\"https:\/\/dicodusport.fr\/blog\/#organization\"},\"potentialAction\":[{\"@type\":\"SearchAction\",\"target\":{\"@type\":\"EntryPoint\",\"urlTemplate\":\"https:\/\/dicodusport.fr\/blog\/?s={search_term_string}\"},\"query-input\":{\"@type\":\"PropertyValueSpecification\",\"valueRequired\":true,\"valueName\":\"search_term_string\"}}],\"inLanguage\":\"fr-FR\"},{\"@type\":\"NewsMediaOrganization\",\"@id\":\"https:\/\/dicodusport.fr\/blog\/#organization\",\"name\":\"Dicodusport\",\"url\":\"https:\/\/dicodusport.fr\/blog\/\",\"logo\":{\"@type\":\"ImageObject\",\"inLanguage\":\"fr-FR\",\"@id\":\"https:\/\/dicodusport.fr\/blog\/#\/schema\/logo\/image\/\",\"url\":\"https:\/\/dicodusport.fr\/blog\/wp-content\/uploads\/2020\/06\/cropped-LOGO-DICODUSPORT-2020-SANS-FOND-SANS-TEXTE.png\",\"contentUrl\":\"https:\/\/dicodusport.fr\/blog\/wp-content\/uploads\/2020\/06\/cropped-LOGO-DICODUSPORT-2020-SANS-FOND-SANS-TEXTE.png\",\"width\":512,\"height\":512,\"caption\":\"Dicodusport\"},\"image\":{\"@id\":\"https:\/\/dicodusport.fr\/blog\/#\/schema\/logo\/image\/\"},\"sameAs\":[\"https:\/\/www.facebook.com\/dicodusport\",\"https:\/\/x.com\/dicodusport\",\"https:\/\/www.instagram.com\/dicodusport\/\",\"https:\/\/www.youtube.com\/channel\/UC7V2KZ5sd3htJivAbA4ZG3w\"],\"description\":\"Dicodusport est l'encyclop\u00e9die de l'actualit\u00e9 sportive.\",\"email\":\"bonjour@dicodusport.fr\",\"legalName\":\"DICODUSPORT\",\"foundingDate\":\"2018-01-14\",\"vatID\":\"FR71834470973\",\"taxID\":\"83447097300043\",\"numberOfEmployees\":{\"@type\":\"QuantitativeValue\",\"minValue\":\"1\",\"maxValue\":\"10\"}},{\"@type\":\"Person\",\"@id\":\"https:\/\/dicodusport.fr\/blog\/#\/schema\/person\/6db4bae06b171592211be385b32876a7\",\"name\":\"Emilien Descampiaux\",\"image\":{\"@type\":\"ImageObject\",\"inLanguage\":\"fr-FR\",\"@id\":\"https:\/\/dicodusport.fr\/blog\/#\/schema\/person\/image\/\",\"url\":\"https:\/\/dicodusport.fr\/blog\/wp-content\/uploads\/2021\/05\/Emilien-Descampiaux-150x150.jpg\",\"contentUrl\":\"https:\/\/dicodusport.fr\/blog\/wp-content\/uploads\/2021\/05\/Emilien-Descampiaux-150x150.jpg\",\"caption\":\"Emilien Descampiaux\"},\"description\":\"Journaliste\/r\u00e9dacteur depuis 2014 - Fan de la classe de Frank Vandenbroucke, je vis cyclisme (et de ses paysages) depuis plus de 20 ans. Je suis tr\u00e8s impliqu\u00e9 sur mes diff\u00e9rents r\u00e9seaux sociaux pour partager ma passion sur le monde et l'Histoire de la bicyclette avec ma voix sur les images en noir et blanc du succ\u00e8s de Rik Van Steenbergen lors du Ronde sur le V\u00e9lodrome de Gand.\",\"sameAs\":[\"https:\/\/www.facebook.com\/groups\/LesRoisDuPeloton\",\"https:\/\/x.com\/https:\/\/twitter.com\/LRoisDuPeloton\"],\"url\":\"https:\/\/dicodusport.fr\/blog\/author\/emiliend\/\"}]}<\/script>\n<!-- \/ Yoast SEO Premium plugin. -->","yoast_head_json":{"title":"Faun-Ard\u00e8che Classic 2023 : Parcours, profil et favoris","description":"FAUN-ARD\u00c8CHE CLASSIC 2023 - La Faun-Ard\u00e8che Classic f\u00eatera sa 23\u00e8me \u00e9dition le samedi 25 f\u00e9vrier 2023. Parcours, profil et favoris.","robots":{"index":"index","follow":"follow","max-snippet":"max-snippet:-1","max-image-preview":"max-image-preview:large","max-video-preview":"max-video-preview:-1"},"canonical":"https:\/\/dicodusport.fr\/blog\/faun-ardeche-classic-2023-parcours-profil-favoris\/","og_locale":"fr_FR","og_type":"article","og_title":"Faun-Ard\u00e8che Classic 2023 : Parcours, profil et favoris","og_description":"FAUN-ARD\u00c8CHE CLASSIC 2023 - La Faun-Ard\u00e8che Classic f\u00eatera sa 23\u00e8me \u00e9dition le samedi 25 f\u00e9vrier 2023. Parcours, profil et favoris.","og_url":"https:\/\/dicodusport.fr\/blog\/faun-ardeche-classic-2023-parcours-profil-favoris\/","og_site_name":"Dicodusport","article_publisher":"https:\/\/www.facebook.com\/dicodusport","article_author":"https:\/\/www.facebook.com\/groups\/LesRoisDuPeloton","article_published_time":"2023-02-23T09:33:59+00:00","article_modified_time":"2023-02-24T08:25:50+00:00","og_image":[{"width":800,"height":445,"url":"https:\/\/dicodusport.fr\/blog\/wp-content\/uploads\/2023\/02\/Faun-Ardeche-Classic-2023-Parcours-profil-et-favoris.png","type":"image\/png"}],"author":"Emilien Descampiaux","twitter_card":"summary_large_image","twitter_title":"Faun-Ard\u00e8che Classic 2023 : Parcours, profil et favoris","twitter_creator":"@https:\/\/twitter.com\/LRoisDuPeloton","twitter_site":"@dicodusport","schema":{"@context":"https:\/\/schema.org","@graph":[{"@type":"NewsArticle","@id":"https:\/\/dicodusport.fr\/blog\/faun-ardeche-classic-2023-parcours-profil-favoris\/#article","isPartOf":{"@id":"https:\/\/dicodusport.fr\/blog\/faun-ardeche-classic-2023-parcours-profil-favoris\/"},"author":{"name":"Emilien Descampiaux","@id":"https:\/\/dicodusport.fr\/blog\/#\/schema\/person\/6db4bae06b171592211be385b32876a7"},"headline":"Faun-Ard\u00e8che Classic 2023 : Parcours, profil et favoris","datePublished":"2023-02-23T09:33:59+00:00","dateModified":"2023-02-24T08:25:50+00:00","mainEntityOfPage":{"@id":"https:\/\/dicodusport.fr\/blog\/faun-ardeche-classic-2023-parcours-profil-favoris\/"},"wordCount":464,"commentCount":0,"publisher":{"@id":"https:\/\/dicodusport.fr\/blog\/#organization"},"image":{"@id":"https:\/\/dicodusport.fr\/blog\/faun-ardeche-classic-2023-parcours-profil-favoris\/#primaryimage"},"thumbnailUrl":"https:\/\/dicodusport.fr\/blog\/wp-content\/uploads\/2023\/02\/Faun-Ardeche-Classic-2023-Parcours-profil-et-favoris.png","keywords":["br\u00e8ve","Cyclisme","Cyclisme sur route","Faun-Ard\u00e8che Classic"],"articleSection":["Cyclisme sur route"],"inLanguage":"fr-FR","potentialAction":[{"@type":"CommentAction","name":"Comment","target":["https:\/\/dicodusport.fr\/blog\/faun-ardeche-classic-2023-parcours-profil-favoris\/#respond"]}],"copyrightYear":"2023","copyrightHolder":{"@id":"https:\/\/dicodusport.fr\/blog\/#organization"}},{"@type":"WebPage","@id":"https:\/\/dicodusport.fr\/blog\/faun-ardeche-classic-2023-parcours-profil-favoris\/","url":"https:\/\/dicodusport.fr\/blog\/faun-ardeche-classic-2023-parcours-profil-favoris\/","name":"Faun-Ard\u00e8che Classic 2023 : Parcours, profil et favoris","isPartOf":{"@id":"https:\/\/dicodusport.fr\/blog\/#website"},"primaryImageOfPage":{"@id":"https:\/\/dicodusport.fr\/blog\/faun-ardeche-classic-2023-parcours-profil-favoris\/#primaryimage"},"image":{"@id":"https:\/\/dicodusport.fr\/blog\/faun-ardeche-classic-2023-parcours-profil-favoris\/#primaryimage"},"thumbnailUrl":"https:\/\/dicodusport.fr\/blog\/wp-content\/uploads\/2023\/02\/Faun-Ardeche-Classic-2023-Parcours-profil-et-favoris.png","datePublished":"2023-02-23T09:33:59+00:00","dateModified":"2023-02-24T08:25:50+00:00","description":"FAUN-ARD\u00c8CHE CLASSIC 2023 - La Faun-Ard\u00e8che Classic f\u00eatera sa 23\u00e8me \u00e9dition le samedi 25 f\u00e9vrier 2023. Parcours, profil et favoris.","breadcrumb":{"@id":"https:\/\/dicodusport.fr\/blog\/faun-ardeche-classic-2023-parcours-profil-favoris\/#breadcrumb"},"inLanguage":"fr-FR","potentialAction":[{"@type":"ReadAction","target":["https:\/\/dicodusport.fr\/blog\/faun-ardeche-classic-2023-parcours-profil-favoris\/"]}]},{"@type":"ImageObject","inLanguage":"fr-FR","@id":"https:\/\/dicodusport.fr\/blog\/faun-ardeche-classic-2023-parcours-profil-favoris\/#primaryimage","url":"https:\/\/dicodusport.fr\/blog\/wp-content\/uploads\/2023\/02\/Faun-Ardeche-Classic-2023-Parcours-profil-et-favoris.png","contentUrl":"https:\/\/dicodusport.fr\/blog\/wp-content\/uploads\/2023\/02\/Faun-Ardeche-Classic-2023-Parcours-profil-et-favoris.png","width":800,"height":445,"caption":"Faun-Ard\u00e8che Classic 2023 Parcours, profil et favoris"},{"@type":"BreadcrumbList","@id":"https:\/\/dicodusport.fr\/blog\/faun-ardeche-classic-2023-parcours-profil-favoris\/#breadcrumb","itemListElement":[{"@type":"ListItem","position":1,"name":"Accueil","item":"https:\/\/dicodusport.fr\/blog\/"},{"@type":"ListItem","position":2,"name":"Faun-Ard\u00e8che Classic 2023 : Parcours, profil et favoris"}]},{"@type":"WebSite","@id":"https:\/\/dicodusport.fr\/blog\/#website","url":"https:\/\/dicodusport.fr\/blog\/","name":"Dicodusport","description":"L&#039;encyclop\u00e9die de l&#039;actualit\u00e9 sportive","publisher":{"@id":"https:\/\/dicodusport.fr\/blog\/#organization"},"potentialAction":[{"@type":"SearchAction","target":{"@type":"EntryPoint","urlTemplate":"https:\/\/dicodusport.fr\/blog\/?s={search_term_string}"},"query-input":{"@type":"PropertyValueSpecification","valueRequired":true,"valueName":"search_term_string"}}],"inLanguage":"fr-FR"},{"@type":"NewsMediaOrganization","@id":"https:\/\/dicodusport.fr\/blog\/#organization","name":"Dicodusport","url":"https:\/\/dicodusport.fr\/blog\/","logo":{"@type":"ImageObject","inLanguage":"fr-FR","@id":"https:\/\/dicodusport.fr\/blog\/#\/schema\/logo\/image\/","url":"https:\/\/dicodusport.fr\/blog\/wp-content\/uploads\/2020\/06\/cropped-LOGO-DICODUSPORT-2020-SANS-FOND-SANS-TEXTE.png","contentUrl":"https:\/\/dicodusport.fr\/blog\/wp-content\/uploads\/2020\/06\/cropped-LOGO-DICODUSPORT-2020-SANS-FOND-SANS-TEXTE.png","width":512,"height":512,"caption":"Dicodusport"},"image":{"@id":"https:\/\/dicodusport.fr\/blog\/#\/schema\/logo\/image\/"},"sameAs":["https:\/\/www.facebook.com\/dicodusport","https:\/\/x.com\/dicodusport","https:\/\/www.instagram.com\/dicodusport\/","https:\/\/www.youtube.com\/channel\/UC7V2KZ5sd3htJivAbA4ZG3w"],"description":"Dicodusport est l'encyclop\u00e9die de l'actualit\u00e9 sportive.","email":"bonjour@dicodusport.fr","legalName":"DICODUSPORT","foundingDate":"2018-01-14","vatID":"FR71834470973","taxID":"83447097300043","numberOfEmployees":{"@type":"QuantitativeValue","minValue":"1","maxValue":"10"}},{"@type":"Person","@id":"https:\/\/dicodusport.fr\/blog\/#\/schema\/person\/6db4bae06b171592211be385b32876a7","name":"Emilien Descampiaux","image":{"@type":"ImageObject","inLanguage":"fr-FR","@id":"https:\/\/dicodusport.fr\/blog\/#\/schema\/person\/image\/","url":"https:\/\/dicodusport.fr\/blog\/wp-content\/uploads\/2021\/05\/Emilien-Descampiaux-150x150.jpg","contentUrl":"https:\/\/dicodusport.fr\/blog\/wp-content\/uploads\/2021\/05\/Emilien-Descampiaux-150x150.jpg","caption":"Emilien Descampiaux"},"description":"Journaliste\/r\u00e9dacteur depuis 2014 - Fan de la classe de Frank Vandenbroucke, je vis cyclisme (et de ses paysages) depuis plus de 20 ans. Je suis tr\u00e8s impliqu\u00e9 sur mes diff\u00e9rents r\u00e9seaux sociaux pour partager ma passion sur le monde et l'Histoire de la bicyclette avec ma voix sur les images en noir et blanc du succ\u00e8s de Rik Van Steenbergen lors du Ronde sur le V\u00e9lodrome de Gand.","sameAs":["https:\/\/www.facebook.com\/groups\/LesRoisDuPeloton","https:\/\/x.com\/https:\/\/twitter.com\/LRoisDuPeloton"],"url":"https:\/\/dicodusport.fr\/blog\/author\/emiliend\/"}]}},"_links":{"self":[{"href":"https:\/\/dicodusport.fr\/blog\/wp-json\/wp\/v2\/posts\/358329","targetHints":{"allow":["GET"]}}],"collection":[{"href":"https:\/\/dicodusport.fr\/blog\/wp-json\/wp\/v2\/posts"}],"about":[{"href":"https:\/\/dicodusport.fr\/blog\/wp-json\/wp\/v2\/types\/post"}],"author":[{"embeddable":true,"href":"https:\/\/dicodusport.fr\/blog\/wp-json\/wp\/v2\/users\/48"}],"replies":[{"embeddable":true,"href":"https:\/\/dicodusport.fr\/blog\/wp-json\/wp\/v2\/comments?post=358329"}],"version-history":[{"count":0,"href":"https:\/\/dicodusport.fr\/blog\/wp-json\/wp\/v2\/posts\/358329\/revisions"}],"wp:featuredmedia":[{"embeddable":true,"href":"https:\/\/dicodusport.fr\/blog\/wp-json\/wp\/v2\/media\/358399"}],"wp:attachment":[{"href":"https:\/\/dicodusport.fr\/blog\/wp-json\/wp\/v2\/media?parent=358329"}],"wp:term":[{"taxonomy":"category","embeddable":true,"href":"https:\/\/dicodusport.fr\/blog\/wp-json\/wp\/v2\/categories?post=358329"},{"taxonomy":"post_tag","embeddable":true,"href":"https:\/\/dicodusport.fr\/blog\/wp-json\/wp\/v2\/tags?post=358329"}],"curies":[{"name":"wp","href":"https:\/\/api.w.org\/{rel}","templated":true}]}}