{"id":358374,"date":"2023-02-24T23:20:38","date_gmt":"2023-02-24T22:20:38","guid":{"rendered":"https:\/\/dicodusport.fr\/blog\/?p=358374&#038;preview=true&#038;preview_id=358374"},"modified":"2023-02-24T23:20:42","modified_gmt":"2023-02-24T22:20:42","slug":"het-nieuwsblad-2023-parcours-profil","status":"publish","type":"post","link":"https:\/\/dicodusport.fr\/blog\/het-nieuwsblad-2023-parcours-profil\/","title":{"rendered":"Circuit Het Nieuwsblad 2023 : Parcours et profil"},"content":{"rendered":"<p style=\"text-align: justify;\"><em><strong>CIRCUIT HET NIEUWSBLAD 2023 <\/strong><b>&#8211; La 78\u00e8me \u00e9dition du Circuit Het Nieuwsblad se tiendra le 25 f\u00e9vrier 2023, avec plusieurs nouveaut\u00e9s par rapport au parcours de l&rsquo;an dernier. 207 kilom\u00e8tres seront au programme entre Gand et Ninove, \u00e0 travers la Flandre Orientale. Les dix-huit \u00e9quipes du WorldTour seront pr\u00e9sentes. Lotto-Dstny, Israel Premier-Tech, TotalEnergies, Bingoal WB, Human Powered Health, Team Flanders-Baloise et Uno-X seront \u00e9galement de la partie.<\/b><\/em><\/p>\n<h2 style=\"text-align: justify;\">Parcours du Het Nieuwsblad 2023 en d\u00e9tail<\/h2>\n<p style=\"text-align: justify;\">D&rsquo;abord, les coureurs s&rsquo;\u00e9lanceront de <strong>Gand<\/strong> pour le d\u00e9part fictif et de <strong>Merelbeke<\/strong> pour le d\u00e9part r\u00e9el. 207,3 kilom\u00e8tres de course seront au programme. Dans les 105 premiers kilom\u00e8tres, les coureurs passeront entre autres par Zottegem, Zwalm, Audenarde, Gavere et de nouveau Audenarde avec comme seuls obstacles, les pav\u00e9s du <strong>Haaghoek<\/strong> (long de 2 000 m), le <strong>Leberg<\/strong> (1 km \u00e0 3,9 %) et la <strong>Lange Munte<\/strong>.<\/p>\n<p style=\"text-align: justify;\">Puis, place aux premi\u00e8res vraies difficult\u00e9s du jour avec le <strong>Katteberg<\/strong> (900 m \u00e0 4 %) et les pav\u00e9s du <strong>Holleweg.<\/strong> Par la suite, le diptyque <strong>Haaghoek-Leberg,<\/strong> le secteur pav\u00e9 de 2 000 m du <strong>Paddestraat,<\/strong> l&rsquo;<strong>Hostellerie<\/strong> (1,2 km \u00e0 4,4 %) et le <strong>Valkenberg<\/strong> (500 m \u00e0 8 %) feront face aux coureurs sur le parcours. Des chutes pourraient mettre fin aux espoirs de certains pr\u00e9tendants.<\/p>\n<h3 style=\"text-align: justify;\"><strong>12 monts et 9 secteurs pav\u00e9s\u00a0<\/strong><\/h3>\n<p style=\"text-align: justify;\">\u00c0 45 kilom\u00e8tres de l&rsquo;arriv\u00e9e, on peut dire que le final sera r\u00e9ellement lanc\u00e9. Le <strong>Wolvenberg<\/strong> (600 m \u00e0 6,8 %) entamera donc ce final avant de traverser les pav\u00e9s du <strong>Holleweg,<\/strong> du <strong>Kerkgate\u00a0<\/strong>(1400 m) et du <strong>Jagerij\u00a0<\/strong>(800 m). Bien s\u00fbr, ces pav\u00e9s ne seront d&rsquo;aucune mesure comparables \u00e0 ceux de Paris-Roubaix, alors que le Molenberg fera son retour sur le parcours.<\/p>\n<p style=\"text-align: justify;\">Apr\u00e8s ces diff\u00e9rentes sections pav\u00e9es, ce sera au tour du c\u00e9l\u00e8bre triptyque <strong>Haaghoek-Leberg-Berendries.<\/strong>\u00a0Au sommet des <strong>Berendries<\/strong> (900 m \u00e0 6,8 %), il ne restera que 23,5 kilom\u00e8tres \u00e0 parcourir. Quelques kilom\u00e8tres plus tard, le <strong>Vossenhol<\/strong> (1 400 m \u00e0 3,6 %) suivra, apr\u00e8s quoi, il y aura une accalmie. Cette longue portion avec de nombreux obstacles urbains sera \u00e9galement usante psychologiquement, puisque des routes \u00e9troites et sinueuses seront emprunt\u00e9es. Une guerre de placement sera constante.<\/p>\n<p style=\"text-align: justify;\">Par la suite, la route ne restera jamais vraiment plate jusqu&rsquo;au pied du <strong>Mur de Grammont<\/strong>, avec des routes plus larges. La mont\u00e9e flandrienne embl\u00e9matique est longue de 1 200 m\u00e8tres \u00e0 7,1 % et se situera \u00e0 seize kilom\u00e8tres de l&rsquo;arriv\u00e9e. Cette avant-derni\u00e8re mont\u00e9e d\u00e9butera dans le centre de la ville de <strong>Grammont.<\/strong> Il y aura un passage \u00e0 20 % sur des pav\u00e9s et sur une route extr\u00eamement \u00e9troite avant d&rsquo;atteindre la Chapelle Notre-Dame d&rsquo;Oudenberg.<\/p>\n<p style=\"text-align: justify;\">Ensuite, la derni\u00e8re mont\u00e9e sera le <strong>Bosberg<\/strong> (800 m \u00e0 6,3 % avec un passage \u00e0 11 %), 4 kilom\u00e8tres plus loin, l\u00e0 o\u00f9 Wout Van Aert avait fait la diff\u00e9rence l&rsquo;an dernier. Apr\u00e8s le Bosberg, il n&rsquo;y aura que douze kilom\u00e8tres descendants jusqu&rsquo;\u00e0 <strong>Ninove. <\/strong>Enfin, la ligne d&rsquo;arriv\u00e9e ne sera pas cette ann\u00e9e sur l&rsquo;<strong>Educationlaan<\/strong>, mais sur <strong>l&rsquo;Elisabethlaan<\/strong>, pour une arriv\u00e9e plus large et en faux-plat.<\/p>\n<div id=\"attachment_358441\" style=\"width: 734px\" class=\"wp-caption aligncenter\"><a href=\"https:\/\/dicodusport.fr\/blog\/wp-content\/uploads\/2023\/02\/Carte-et-profil-du-parcours-du-Circuit-Het-Nieuwsblad-2023.png\"><img loading=\"lazy\" decoding=\"async\" aria-describedby=\"caption-attachment-358441\" class=\"wp-image-358441 size-large\" src=\"https:\/\/dicodusport.fr\/blog\/wp-content\/uploads\/2023\/02\/Carte-et-profil-du-parcours-du-Circuit-Het-Nieuwsblad-2023-724x1024.png\" alt=\"Carte et profil du parcours du Circuit Het Nieuwsblad 2023\" width=\"724\" height=\"1024\" srcset=\"https:\/\/dicodusport.fr\/blog\/wp-content\/uploads\/2023\/02\/Carte-et-profil-du-parcours-du-Circuit-Het-Nieuwsblad-2023-724x1024.png 724w, https:\/\/dicodusport.fr\/blog\/wp-content\/uploads\/2023\/02\/Carte-et-profil-du-parcours-du-Circuit-Het-Nieuwsblad-2023-212x300.png 212w, https:\/\/dicodusport.fr\/blog\/wp-content\/uploads\/2023\/02\/Carte-et-profil-du-parcours-du-Circuit-Het-Nieuwsblad-2023-768x1086.png 768w, https:\/\/dicodusport.fr\/blog\/wp-content\/uploads\/2023\/02\/Carte-et-profil-du-parcours-du-Circuit-Het-Nieuwsblad-2023-1086x1536.png 1086w, https:\/\/dicodusport.fr\/blog\/wp-content\/uploads\/2023\/02\/Carte-et-profil-du-parcours-du-Circuit-Het-Nieuwsblad-2023-1448x2048.png 1448w\" sizes=\"auto, (max-width: 724px) 100vw, 724px\" \/><\/a><p id=\"caption-attachment-358441\" class=\"wp-caption-text\">Carte et profil du parcours du Circuit Het Nieuwsblad 2023 &#8211; Via omloophetnieuwsblad.be<\/p><\/div>\n<h2 style=\"text-align: justify;\">Palmar\u00e8s<\/h2>\n<p style=\"text-align: justify;\"><a href=\"https:\/\/dicodusport.fr\/blog\/omloop-het-nieuwsblad-2022-classement-course-hommes\/\">2022 : VAN AERT Wout<\/a><\/p>\n<p style=\"text-align: justify;\">2021 : BALLERINI Davide<\/p>\n<p style=\"text-align: justify;\">2020 : STUYVEN Jasper<\/p>\n<p style=\"text-align: justify;\">2019 : \u0160TYBAR Zden\u011bk<\/p>\n<p style=\"text-align: justify;\">2018 : VALGREN Michael<\/p>\n<p style=\"text-align: justify;\">2017 : VAN AVERMAET Greg<\/p>\n<p style=\"text-align: justify;\">2016 : VAN AVERMAET Greg<\/p>\n<p style=\"text-align: justify;\">2015 : STANNARD Ian<\/p>\n<p style=\"text-align: justify;\">2014 : STANNARD Ian<\/p>\n<p style=\"text-align: justify;\">2013 : PAOLINI Luca<\/p>\n<h2 style=\"text-align: justify;\">\u00c0 lire aussi<\/h2>\n<ul>\n<li style=\"text-align: justify;\"><a href=\"http:\/\/Het Nieuwsblad 2023 : Les engag\u00e9s\" target=\"_blank\" rel=\"noopener\"><strong>La liste des engag\u00e9s du Het Nieuwsblad 2023<\/strong><\/a><\/li>\n<li style=\"text-align: justify;\"><a href=\"https:\/\/dicodusport.fr\/blog\/het-nieuwsblad-2023-favoris-et-outsiders\/\"><strong>Favoris et outsiders du Het Nieuwsblad 2023<\/strong><\/a><\/li>\n<li style=\"text-align: justify;\"><a href=\"https:\/\/dicodusport.fr\/blog\/het-nieuwsblad-2023-a-quelle-heure-et-sur-quelle-chaine\/\"><strong>Het Nieuwsblad 2023 : \u00c0 quelle heure et sur quelle cha\u00eene ?<\/strong><\/a><\/li>\n<\/ul>\n","protected":false},"excerpt":{"rendered":"<p>CIRCUIT HET NIEUWSBLAD 2023 &#8211; La 78\u00e8me \u00e9dition du Circuit Het Nieuwsblad se tiendra le 25 f\u00e9vrier 2023, avec plusieurs nouveaut\u00e9s par rapport au parcours de l&rsquo;an dernier. Parcours et profil.<\/p>\n","protected":false},"author":48,"featured_media":358446,"comment_status":"open","ping_status":"closed","sticky":false,"template":"","format":"standard","meta":{"_acf_changed":false,"_daextam_enable_autolinks":"","footnotes":""},"categories":[46994],"tags":[16878,574,11197,10053],"class_list":["post-358374","post","type-post","status-publish","format-standard","has-post-thumbnail","hentry","category-cyclisme-sur-route","tag-breve","tag-cyclisme","tag-cyclisme-sur-route","tag-het-nieuwsblad"],"acf":[],"yoast_head":"<!-- This site is optimized with the Yoast SEO Premium plugin v26.7 (Yoast SEO v26.7) - https:\/\/yoast.com\/wordpress\/plugins\/seo\/ -->\n<title>Circuit Het Nieuwsblad 2023 : Parcours et profil<\/title>\n<meta name=\"description\" content=\"CIRCUIT HET NIEUWSBLAD 2023 - La 78\u00e8me \u00e9dition du Circuit Het Nieuwsblad se tiendra le 25 f\u00e9vrier 2023. Parcours et favoris.\" \/>\n<meta name=\"robots\" content=\"index, follow, max-snippet:-1, max-image-preview:large, max-video-preview:-1\" \/>\n<link rel=\"canonical\" href=\"https:\/\/dicodusport.fr\/blog\/het-nieuwsblad-2023-parcours-profil\/\" \/>\n<meta property=\"og:locale\" content=\"fr_FR\" \/>\n<meta property=\"og:type\" content=\"article\" \/>\n<meta property=\"og:title\" content=\"Circuit Het Nieuwsblad 2023 : Parcours et profil\" \/>\n<meta property=\"og:description\" content=\"CIRCUIT HET NIEUWSBLAD 2023 - La 78\u00e8me \u00e9dition du Circuit Het Nieuwsblad se tiendra le 25 f\u00e9vrier 2023. Parcours et favoris.\" \/>\n<meta property=\"og:url\" content=\"https:\/\/dicodusport.fr\/blog\/het-nieuwsblad-2023-parcours-profil\/\" \/>\n<meta property=\"og:site_name\" content=\"Dicodusport\" \/>\n<meta property=\"article:publisher\" content=\"https:\/\/www.facebook.com\/dicodusport\" \/>\n<meta property=\"article:author\" content=\"https:\/\/www.facebook.com\/groups\/LesRoisDuPeloton\" \/>\n<meta property=\"article:published_time\" content=\"2023-02-24T22:20:38+00:00\" \/>\n<meta property=\"article:modified_time\" content=\"2023-02-24T22:20:42+00:00\" \/>\n<meta property=\"og:image\" content=\"https:\/\/dicodusport.fr\/blog\/wp-content\/uploads\/2023\/02\/Het-Nieuwsblad-2023-Parcours-et-profil.png\" \/>\n\t<meta property=\"og:image:width\" content=\"800\" \/>\n\t<meta property=\"og:image:height\" content=\"445\" \/>\n\t<meta property=\"og:image:type\" content=\"image\/png\" \/>\n<meta name=\"author\" content=\"Emilien Descampiaux\" \/>\n<meta name=\"twitter:card\" content=\"summary_large_image\" \/>\n<meta name=\"twitter:title\" content=\"Circuit Het Nieuwsblad 2023 : Parcours et profil\" \/>\n<meta name=\"twitter:creator\" content=\"@https:\/\/twitter.com\/LRoisDuPeloton\" \/>\n<meta name=\"twitter:site\" content=\"@dicodusport\" \/>\n<script type=\"application\/ld+json\" class=\"yoast-schema-graph\">{\"@context\":\"https:\/\/schema.org\",\"@graph\":[{\"@type\":\"NewsArticle\",\"@id\":\"https:\/\/dicodusport.fr\/blog\/het-nieuwsblad-2023-parcours-profil\/#article\",\"isPartOf\":{\"@id\":\"https:\/\/dicodusport.fr\/blog\/het-nieuwsblad-2023-parcours-profil\/\"},\"author\":{\"name\":\"Emilien Descampiaux\",\"@id\":\"https:\/\/dicodusport.fr\/blog\/#\/schema\/person\/6db4bae06b171592211be385b32876a7\"},\"headline\":\"Circuit Het Nieuwsblad 2023 : Parcours et profil\",\"datePublished\":\"2023-02-24T22:20:38+00:00\",\"dateModified\":\"2023-02-24T22:20:42+00:00\",\"mainEntityOfPage\":{\"@id\":\"https:\/\/dicodusport.fr\/blog\/het-nieuwsblad-2023-parcours-profil\/\"},\"wordCount\":573,\"commentCount\":0,\"publisher\":{\"@id\":\"https:\/\/dicodusport.fr\/blog\/#organization\"},\"image\":{\"@id\":\"https:\/\/dicodusport.fr\/blog\/het-nieuwsblad-2023-parcours-profil\/#primaryimage\"},\"thumbnailUrl\":\"https:\/\/dicodusport.fr\/blog\/wp-content\/uploads\/2023\/02\/Het-Nieuwsblad-2023-Parcours-et-profil.png\",\"keywords\":[\"br\u00e8ve\",\"Cyclisme\",\"Cyclisme sur route\",\"Het Nieuwsblad\"],\"articleSection\":[\"Cyclisme sur route\"],\"inLanguage\":\"fr-FR\",\"potentialAction\":[{\"@type\":\"CommentAction\",\"name\":\"Comment\",\"target\":[\"https:\/\/dicodusport.fr\/blog\/het-nieuwsblad-2023-parcours-profil\/#respond\"]}],\"copyrightYear\":\"2023\",\"copyrightHolder\":{\"@id\":\"https:\/\/dicodusport.fr\/blog\/#organization\"}},{\"@type\":\"WebPage\",\"@id\":\"https:\/\/dicodusport.fr\/blog\/het-nieuwsblad-2023-parcours-profil\/\",\"url\":\"https:\/\/dicodusport.fr\/blog\/het-nieuwsblad-2023-parcours-profil\/\",\"name\":\"Circuit Het Nieuwsblad 2023 : Parcours et profil\",\"isPartOf\":{\"@id\":\"https:\/\/dicodusport.fr\/blog\/#website\"},\"primaryImageOfPage\":{\"@id\":\"https:\/\/dicodusport.fr\/blog\/het-nieuwsblad-2023-parcours-profil\/#primaryimage\"},\"image\":{\"@id\":\"https:\/\/dicodusport.fr\/blog\/het-nieuwsblad-2023-parcours-profil\/#primaryimage\"},\"thumbnailUrl\":\"https:\/\/dicodusport.fr\/blog\/wp-content\/uploads\/2023\/02\/Het-Nieuwsblad-2023-Parcours-et-profil.png\",\"datePublished\":\"2023-02-24T22:20:38+00:00\",\"dateModified\":\"2023-02-24T22:20:42+00:00\",\"description\":\"CIRCUIT HET NIEUWSBLAD 2023 - La 78\u00e8me \u00e9dition du Circuit Het Nieuwsblad se tiendra le 25 f\u00e9vrier 2023. Parcours et favoris.\",\"breadcrumb\":{\"@id\":\"https:\/\/dicodusport.fr\/blog\/het-nieuwsblad-2023-parcours-profil\/#breadcrumb\"},\"inLanguage\":\"fr-FR\",\"potentialAction\":[{\"@type\":\"ReadAction\",\"target\":[\"https:\/\/dicodusport.fr\/blog\/het-nieuwsblad-2023-parcours-profil\/\"]}]},{\"@type\":\"ImageObject\",\"inLanguage\":\"fr-FR\",\"@id\":\"https:\/\/dicodusport.fr\/blog\/het-nieuwsblad-2023-parcours-profil\/#primaryimage\",\"url\":\"https:\/\/dicodusport.fr\/blog\/wp-content\/uploads\/2023\/02\/Het-Nieuwsblad-2023-Parcours-et-profil.png\",\"contentUrl\":\"https:\/\/dicodusport.fr\/blog\/wp-content\/uploads\/2023\/02\/Het-Nieuwsblad-2023-Parcours-et-profil.png\",\"width\":800,\"height\":445,\"caption\":\"Het Nieuwsblad 2023 Parcours et profil\"},{\"@type\":\"BreadcrumbList\",\"@id\":\"https:\/\/dicodusport.fr\/blog\/het-nieuwsblad-2023-parcours-profil\/#breadcrumb\",\"itemListElement\":[{\"@type\":\"ListItem\",\"position\":1,\"name\":\"Accueil\",\"item\":\"https:\/\/dicodusport.fr\/blog\/\"},{\"@type\":\"ListItem\",\"position\":2,\"name\":\"Circuit Het Nieuwsblad 2023 : Parcours et profil\"}]},{\"@type\":\"WebSite\",\"@id\":\"https:\/\/dicodusport.fr\/blog\/#website\",\"url\":\"https:\/\/dicodusport.fr\/blog\/\",\"name\":\"Dicodusport\",\"description\":\"L&#039;encyclop\u00e9die de l&#039;actualit\u00e9 sportive\",\"publisher\":{\"@id\":\"https:\/\/dicodusport.fr\/blog\/#organization\"},\"potentialAction\":[{\"@type\":\"SearchAction\",\"target\":{\"@type\":\"EntryPoint\",\"urlTemplate\":\"https:\/\/dicodusport.fr\/blog\/?s={search_term_string}\"},\"query-input\":{\"@type\":\"PropertyValueSpecification\",\"valueRequired\":true,\"valueName\":\"search_term_string\"}}],\"inLanguage\":\"fr-FR\"},{\"@type\":\"NewsMediaOrganization\",\"@id\":\"https:\/\/dicodusport.fr\/blog\/#organization\",\"name\":\"Dicodusport\",\"url\":\"https:\/\/dicodusport.fr\/blog\/\",\"logo\":{\"@type\":\"ImageObject\",\"inLanguage\":\"fr-FR\",\"@id\":\"https:\/\/dicodusport.fr\/blog\/#\/schema\/logo\/image\/\",\"url\":\"https:\/\/dicodusport.fr\/blog\/wp-content\/uploads\/2020\/06\/cropped-LOGO-DICODUSPORT-2020-SANS-FOND-SANS-TEXTE.png\",\"contentUrl\":\"https:\/\/dicodusport.fr\/blog\/wp-content\/uploads\/2020\/06\/cropped-LOGO-DICODUSPORT-2020-SANS-FOND-SANS-TEXTE.png\",\"width\":512,\"height\":512,\"caption\":\"Dicodusport\"},\"image\":{\"@id\":\"https:\/\/dicodusport.fr\/blog\/#\/schema\/logo\/image\/\"},\"sameAs\":[\"https:\/\/www.facebook.com\/dicodusport\",\"https:\/\/x.com\/dicodusport\",\"https:\/\/www.instagram.com\/dicodusport\/\",\"https:\/\/www.youtube.com\/channel\/UC7V2KZ5sd3htJivAbA4ZG3w\"],\"description\":\"Dicodusport est l'encyclop\u00e9die de l'actualit\u00e9 sportive.\",\"email\":\"bonjour@dicodusport.fr\",\"legalName\":\"DICODUSPORT\",\"foundingDate\":\"2018-01-14\",\"vatID\":\"FR71834470973\",\"taxID\":\"83447097300043\",\"numberOfEmployees\":{\"@type\":\"QuantitativeValue\",\"minValue\":\"1\",\"maxValue\":\"10\"}},{\"@type\":\"Person\",\"@id\":\"https:\/\/dicodusport.fr\/blog\/#\/schema\/person\/6db4bae06b171592211be385b32876a7\",\"name\":\"Emilien Descampiaux\",\"image\":{\"@type\":\"ImageObject\",\"inLanguage\":\"fr-FR\",\"@id\":\"https:\/\/dicodusport.fr\/blog\/#\/schema\/person\/image\/\",\"url\":\"https:\/\/dicodusport.fr\/blog\/wp-content\/uploads\/2021\/05\/Emilien-Descampiaux-150x150.jpg\",\"contentUrl\":\"https:\/\/dicodusport.fr\/blog\/wp-content\/uploads\/2021\/05\/Emilien-Descampiaux-150x150.jpg\",\"caption\":\"Emilien Descampiaux\"},\"description\":\"Journaliste\/r\u00e9dacteur depuis 2014 - Fan de la classe de Frank Vandenbroucke, je vis cyclisme (et de ses paysages) depuis plus de 20 ans. Je suis tr\u00e8s impliqu\u00e9 sur mes diff\u00e9rents r\u00e9seaux sociaux pour partager ma passion sur le monde et l'Histoire de la bicyclette avec ma voix sur les images en noir et blanc du succ\u00e8s de Rik Van Steenbergen lors du Ronde sur le V\u00e9lodrome de Gand.\",\"sameAs\":[\"https:\/\/www.facebook.com\/groups\/LesRoisDuPeloton\",\"https:\/\/x.com\/https:\/\/twitter.com\/LRoisDuPeloton\"],\"url\":\"https:\/\/dicodusport.fr\/blog\/author\/emiliend\/\"}]}<\/script>\n<!-- \/ Yoast SEO Premium plugin. -->","yoast_head_json":{"title":"Circuit Het Nieuwsblad 2023 : Parcours et profil","description":"CIRCUIT HET NIEUWSBLAD 2023 - La 78\u00e8me \u00e9dition du Circuit Het Nieuwsblad se tiendra le 25 f\u00e9vrier 2023. Parcours et favoris.","robots":{"index":"index","follow":"follow","max-snippet":"max-snippet:-1","max-image-preview":"max-image-preview:large","max-video-preview":"max-video-preview:-1"},"canonical":"https:\/\/dicodusport.fr\/blog\/het-nieuwsblad-2023-parcours-profil\/","og_locale":"fr_FR","og_type":"article","og_title":"Circuit Het Nieuwsblad 2023 : Parcours et profil","og_description":"CIRCUIT HET NIEUWSBLAD 2023 - La 78\u00e8me \u00e9dition du Circuit Het Nieuwsblad se tiendra le 25 f\u00e9vrier 2023. Parcours et favoris.","og_url":"https:\/\/dicodusport.fr\/blog\/het-nieuwsblad-2023-parcours-profil\/","og_site_name":"Dicodusport","article_publisher":"https:\/\/www.facebook.com\/dicodusport","article_author":"https:\/\/www.facebook.com\/groups\/LesRoisDuPeloton","article_published_time":"2023-02-24T22:20:38+00:00","article_modified_time":"2023-02-24T22:20:42+00:00","og_image":[{"width":800,"height":445,"url":"https:\/\/dicodusport.fr\/blog\/wp-content\/uploads\/2023\/02\/Het-Nieuwsblad-2023-Parcours-et-profil.png","type":"image\/png"}],"author":"Emilien Descampiaux","twitter_card":"summary_large_image","twitter_title":"Circuit Het Nieuwsblad 2023 : Parcours et profil","twitter_creator":"@https:\/\/twitter.com\/LRoisDuPeloton","twitter_site":"@dicodusport","schema":{"@context":"https:\/\/schema.org","@graph":[{"@type":"NewsArticle","@id":"https:\/\/dicodusport.fr\/blog\/het-nieuwsblad-2023-parcours-profil\/#article","isPartOf":{"@id":"https:\/\/dicodusport.fr\/blog\/het-nieuwsblad-2023-parcours-profil\/"},"author":{"name":"Emilien Descampiaux","@id":"https:\/\/dicodusport.fr\/blog\/#\/schema\/person\/6db4bae06b171592211be385b32876a7"},"headline":"Circuit Het Nieuwsblad 2023 : Parcours et profil","datePublished":"2023-02-24T22:20:38+00:00","dateModified":"2023-02-24T22:20:42+00:00","mainEntityOfPage":{"@id":"https:\/\/dicodusport.fr\/blog\/het-nieuwsblad-2023-parcours-profil\/"},"wordCount":573,"commentCount":0,"publisher":{"@id":"https:\/\/dicodusport.fr\/blog\/#organization"},"image":{"@id":"https:\/\/dicodusport.fr\/blog\/het-nieuwsblad-2023-parcours-profil\/#primaryimage"},"thumbnailUrl":"https:\/\/dicodusport.fr\/blog\/wp-content\/uploads\/2023\/02\/Het-Nieuwsblad-2023-Parcours-et-profil.png","keywords":["br\u00e8ve","Cyclisme","Cyclisme sur route","Het Nieuwsblad"],"articleSection":["Cyclisme sur route"],"inLanguage":"fr-FR","potentialAction":[{"@type":"CommentAction","name":"Comment","target":["https:\/\/dicodusport.fr\/blog\/het-nieuwsblad-2023-parcours-profil\/#respond"]}],"copyrightYear":"2023","copyrightHolder":{"@id":"https:\/\/dicodusport.fr\/blog\/#organization"}},{"@type":"WebPage","@id":"https:\/\/dicodusport.fr\/blog\/het-nieuwsblad-2023-parcours-profil\/","url":"https:\/\/dicodusport.fr\/blog\/het-nieuwsblad-2023-parcours-profil\/","name":"Circuit Het Nieuwsblad 2023 : Parcours et profil","isPartOf":{"@id":"https:\/\/dicodusport.fr\/blog\/#website"},"primaryImageOfPage":{"@id":"https:\/\/dicodusport.fr\/blog\/het-nieuwsblad-2023-parcours-profil\/#primaryimage"},"image":{"@id":"https:\/\/dicodusport.fr\/blog\/het-nieuwsblad-2023-parcours-profil\/#primaryimage"},"thumbnailUrl":"https:\/\/dicodusport.fr\/blog\/wp-content\/uploads\/2023\/02\/Het-Nieuwsblad-2023-Parcours-et-profil.png","datePublished":"2023-02-24T22:20:38+00:00","dateModified":"2023-02-24T22:20:42+00:00","description":"CIRCUIT HET NIEUWSBLAD 2023 - La 78\u00e8me \u00e9dition du Circuit Het Nieuwsblad se tiendra le 25 f\u00e9vrier 2023. Parcours et favoris.","breadcrumb":{"@id":"https:\/\/dicodusport.fr\/blog\/het-nieuwsblad-2023-parcours-profil\/#breadcrumb"},"inLanguage":"fr-FR","potentialAction":[{"@type":"ReadAction","target":["https:\/\/dicodusport.fr\/blog\/het-nieuwsblad-2023-parcours-profil\/"]}]},{"@type":"ImageObject","inLanguage":"fr-FR","@id":"https:\/\/dicodusport.fr\/blog\/het-nieuwsblad-2023-parcours-profil\/#primaryimage","url":"https:\/\/dicodusport.fr\/blog\/wp-content\/uploads\/2023\/02\/Het-Nieuwsblad-2023-Parcours-et-profil.png","contentUrl":"https:\/\/dicodusport.fr\/blog\/wp-content\/uploads\/2023\/02\/Het-Nieuwsblad-2023-Parcours-et-profil.png","width":800,"height":445,"caption":"Het Nieuwsblad 2023 Parcours et profil"},{"@type":"BreadcrumbList","@id":"https:\/\/dicodusport.fr\/blog\/het-nieuwsblad-2023-parcours-profil\/#breadcrumb","itemListElement":[{"@type":"ListItem","position":1,"name":"Accueil","item":"https:\/\/dicodusport.fr\/blog\/"},{"@type":"ListItem","position":2,"name":"Circuit Het Nieuwsblad 2023 : Parcours et profil"}]},{"@type":"WebSite","@id":"https:\/\/dicodusport.fr\/blog\/#website","url":"https:\/\/dicodusport.fr\/blog\/","name":"Dicodusport","description":"L&#039;encyclop\u00e9die de l&#039;actualit\u00e9 sportive","publisher":{"@id":"https:\/\/dicodusport.fr\/blog\/#organization"},"potentialAction":[{"@type":"SearchAction","target":{"@type":"EntryPoint","urlTemplate":"https:\/\/dicodusport.fr\/blog\/?s={search_term_string}"},"query-input":{"@type":"PropertyValueSpecification","valueRequired":true,"valueName":"search_term_string"}}],"inLanguage":"fr-FR"},{"@type":"NewsMediaOrganization","@id":"https:\/\/dicodusport.fr\/blog\/#organization","name":"Dicodusport","url":"https:\/\/dicodusport.fr\/blog\/","logo":{"@type":"ImageObject","inLanguage":"fr-FR","@id":"https:\/\/dicodusport.fr\/blog\/#\/schema\/logo\/image\/","url":"https:\/\/dicodusport.fr\/blog\/wp-content\/uploads\/2020\/06\/cropped-LOGO-DICODUSPORT-2020-SANS-FOND-SANS-TEXTE.png","contentUrl":"https:\/\/dicodusport.fr\/blog\/wp-content\/uploads\/2020\/06\/cropped-LOGO-DICODUSPORT-2020-SANS-FOND-SANS-TEXTE.png","width":512,"height":512,"caption":"Dicodusport"},"image":{"@id":"https:\/\/dicodusport.fr\/blog\/#\/schema\/logo\/image\/"},"sameAs":["https:\/\/www.facebook.com\/dicodusport","https:\/\/x.com\/dicodusport","https:\/\/www.instagram.com\/dicodusport\/","https:\/\/www.youtube.com\/channel\/UC7V2KZ5sd3htJivAbA4ZG3w"],"description":"Dicodusport est l'encyclop\u00e9die de l'actualit\u00e9 sportive.","email":"bonjour@dicodusport.fr","legalName":"DICODUSPORT","foundingDate":"2018-01-14","vatID":"FR71834470973","taxID":"83447097300043","numberOfEmployees":{"@type":"QuantitativeValue","minValue":"1","maxValue":"10"}},{"@type":"Person","@id":"https:\/\/dicodusport.fr\/blog\/#\/schema\/person\/6db4bae06b171592211be385b32876a7","name":"Emilien Descampiaux","image":{"@type":"ImageObject","inLanguage":"fr-FR","@id":"https:\/\/dicodusport.fr\/blog\/#\/schema\/person\/image\/","url":"https:\/\/dicodusport.fr\/blog\/wp-content\/uploads\/2021\/05\/Emilien-Descampiaux-150x150.jpg","contentUrl":"https:\/\/dicodusport.fr\/blog\/wp-content\/uploads\/2021\/05\/Emilien-Descampiaux-150x150.jpg","caption":"Emilien Descampiaux"},"description":"Journaliste\/r\u00e9dacteur depuis 2014 - Fan de la classe de Frank Vandenbroucke, je vis cyclisme (et de ses paysages) depuis plus de 20 ans. Je suis tr\u00e8s impliqu\u00e9 sur mes diff\u00e9rents r\u00e9seaux sociaux pour partager ma passion sur le monde et l'Histoire de la bicyclette avec ma voix sur les images en noir et blanc du succ\u00e8s de Rik Van Steenbergen lors du Ronde sur le V\u00e9lodrome de Gand.","sameAs":["https:\/\/www.facebook.com\/groups\/LesRoisDuPeloton","https:\/\/x.com\/https:\/\/twitter.com\/LRoisDuPeloton"],"url":"https:\/\/dicodusport.fr\/blog\/author\/emiliend\/"}]}},"_links":{"self":[{"href":"https:\/\/dicodusport.fr\/blog\/wp-json\/wp\/v2\/posts\/358374","targetHints":{"allow":["GET"]}}],"collection":[{"href":"https:\/\/dicodusport.fr\/blog\/wp-json\/wp\/v2\/posts"}],"about":[{"href":"https:\/\/dicodusport.fr\/blog\/wp-json\/wp\/v2\/types\/post"}],"author":[{"embeddable":true,"href":"https:\/\/dicodusport.fr\/blog\/wp-json\/wp\/v2\/users\/48"}],"replies":[{"embeddable":true,"href":"https:\/\/dicodusport.fr\/blog\/wp-json\/wp\/v2\/comments?post=358374"}],"version-history":[{"count":0,"href":"https:\/\/dicodusport.fr\/blog\/wp-json\/wp\/v2\/posts\/358374\/revisions"}],"wp:featuredmedia":[{"embeddable":true,"href":"https:\/\/dicodusport.fr\/blog\/wp-json\/wp\/v2\/media\/358446"}],"wp:attachment":[{"href":"https:\/\/dicodusport.fr\/blog\/wp-json\/wp\/v2\/media?parent=358374"}],"wp:term":[{"taxonomy":"category","embeddable":true,"href":"https:\/\/dicodusport.fr\/blog\/wp-json\/wp\/v2\/categories?post=358374"},{"taxonomy":"post_tag","embeddable":true,"href":"https:\/\/dicodusport.fr\/blog\/wp-json\/wp\/v2\/tags?post=358374"}],"curies":[{"name":"wp","href":"https:\/\/api.w.org\/{rel}","templated":true}]}}