{"id":358498,"date":"2023-02-24T08:50:29","date_gmt":"2023-02-24T07:50:29","guid":{"rendered":"https:\/\/dicodusport.fr\/blog\/?p=358498&#038;preview=true&#038;preview_id=358498"},"modified":"2023-02-24T09:06:27","modified_gmt":"2023-02-24T08:06:27","slug":"cinq-athletes-a-suivre-lors-des-championnats-de-france-de-lancers-longs","status":"publish","type":"post","link":"https:\/\/dicodusport.fr\/blog\/cinq-athletes-a-suivre-lors-des-championnats-de-france-de-lancers-longs\/","title":{"rendered":"Cinq athl\u00e8tes \u00e0 suivre lors des championnats de France de lancers longs"},"content":{"rendered":"<p style=\"text-align: justify;\" align=\"justify\"><em><strong>CHAMPIONNATS DE FRANCE DE LANCERS LONGS &#8211; Focus sur cinq athl\u00e8tes \u00e0 suivre ce week-end du c\u00f4t\u00e9 de Salon-de-Provence, pour les championnats de France de lancers longs.<\/strong><\/em><\/p>\n<h2 style=\"text-align: justify;\" align=\"justify\">M\u00e9lina Robert-Michon (disque femme s\u00e9nior\/master)<\/h2>\n<p style=\"text-align: justify;\">\u00c9ternelle <strong>M\u00e9lina Robert-Michon<\/strong>. En course pour un 38\u00e8me titre national chez les s\u00e9niors, record absolu qu&rsquo;elle d\u00e9tient d\u00e9j\u00e0, MRM sera encore une fois la grande favorite du concours de lancer de disque \u00e0 Salon-de-Provence. Gr\u00e2ce \u00e0 un jet r\u00e9alis\u00e9 \u00e0 62.93 m au m\u00eame endroit le 4 f\u00e9vrier dernier. On n&rsquo;est qu&rsquo;en f\u00e9vrier, et la multiple m\u00e9daill\u00e9e internationale va boucler sa treizi\u00e8me saison cons\u00e9cutive avec un jet au-del\u00e0 des 61 m\u00e8tres.<\/p>\n<p style=\"text-align: justify;\">La lanceuse de Lyon Athl\u00e9tisme est un mod\u00e8le de r\u00e9gularit\u00e9 tant au niveau des performances qu&rsquo;au niveau des titres. Le titre lui semble presque acquis, m\u00eame s&rsquo;il faudra se m\u00e9fier d&rsquo;<strong>Amanda Ngandu-Ntumba<\/strong> et ses 58.45 m. Pour la Lyonnaise, au-del\u00e0 du titre, il s&rsquo;agit sans doute d&rsquo;aligner une seconde grosse performance dans l&rsquo;hiver. Et pourquoi pas un jet au-del\u00e0 des 63 m\u00e8tres.<\/p>\n<blockquote class=\"twitter-tweet\">\n<p dir=\"ltr\" lang=\"fr\">Ptdr la l\u00e9gende vivante M\u00e9lina Robert Michon elle nous sort un 62m en plein hiver, dans le plus grand des calmes ! \ud83e\udd2f\ud83e\udd2f<\/p>\n<p>Alors que cet \u00e9t\u00e9, elle peinait \u00e0 faire 60m \ud83e\udd72<\/p>\n<p>\u2014 Hugo (@onatrouvehugo) <a href=\"https:\/\/twitter.com\/onatrouvehugo\/status\/1622032678131228672?ref_src=twsrc%5Etfw\">February 5, 2023<\/a><\/p><\/blockquote>\n<p><script async src=\"https:\/\/platform.twitter.com\/widgets.js\" charset=\"utf-8\"><\/script><\/p>\n<h2 style=\"text-align: justify;\" align=\"justify\">Gloria Agblemagnon (poids femmes s\u00e9niors)<\/h2>\n<p style=\"text-align: justify;\"><strong>M\u00e9lina Robert-Michon<\/strong> sera loin d&rsquo;\u00eatre la seule m\u00e9daill\u00e9e pr\u00e9sente aux championnats de France de lancers longs. <strong>Gloria Agblemagnon<\/strong> est une des athl\u00e8tes handisport les plus en vue. Double championne du monde INAS (sports adapt\u00e9s), au marteau en 2015, puis au poids en 2019, elle poss\u00e8de \u00e9galement une m\u00e9daille de bronze aux Mondiaux handisport, en 2019. Elle sera une candidate au podium en s\u00e9nior, profitant d&rsquo;une grosse faiblesse en France sur cette discipline.<\/p>\n<p style=\"text-align: justify;\">Elle a lanc\u00e9 \u00e0 13.03 m cet hiver, \u00e0 distance respectable de son record personnel (13.90) et peut profiter de l&rsquo;\u00e9mulation d&rsquo;autres filles de son niveau, pour aller chercher une tr\u00e8s jolie performance, et pourquoi pas une m\u00e9daille au milieu des <em>valides<\/em>, qui aurait une forte connotation symbolique pour le handisport fran\u00e7ais.<\/p>\n<h2 style=\"text-align: justify;\" align=\"justify\">Alexie Ala\u00efs (javelot femmes s\u00e9niors)<\/h2>\n<p style=\"text-align: justify;\">Que vaut actuellement la deuxi\u00e8me performeuse fran\u00e7aise de tous les temps au javelot (63.46 m) ? On se souvient de son cri terrible, lors des championnats de France \u00c9lites 2020 et de sa rupture des ligaments crois\u00e9s. Depuis, elle a du mal \u00e0 revenir et ses 54.18 m, r\u00e9alis\u00e9s \u00e0 Kourou, o\u00f9 elle s&rsquo;entra\u00eene une partie de l&rsquo;ann\u00e9e, constituent sa meilleure performance depuis son retour en 2021. Tr\u00e8s loin encore de son meilleur niveau pour l&rsquo;athl\u00e8te du CA Montreuil 93.<\/p>\n<p style=\"text-align: justify;\">Et insuffisant pour \u00eatre s\u00fbre de remporter un titre de championne de France, bien qu&rsquo;elle arrive \u00e0 Salon-de-Provence avec la meilleure marque des engag\u00e9es. Mais elle devra se m\u00e9fier d&rsquo;<strong>Aliz\u00e9e Minard<\/strong>. La 6\u00e8me des championnats d&rsquo;Europe 2018 peut redonner un envol \u00e0 sa carri\u00e8re en 2023. Et cela passe par une bonne performance ce week-end.<\/p>\n<h2 style=\"text-align: justify;\" align=\"justify\">Samuel Conjungo (disque et poids cadets)<\/h2>\n<p style=\"text-align: justify;\">Le fils de <strong>Micha\u00ebl Conjungo<\/strong>, qui a particip\u00e9 trois fois aux JO (92, 96 et 2000) commence \u00e0 se faire un nom au niveau de l&rsquo;athl\u00e9tisme fran\u00e7ais. Il est entr\u00e9 en finale l&rsquo;an pass\u00e9 lors des championnats d&rsquo;Europe cadets \u00e0 J\u00e9rusalem (12e) et s&rsquo;est \u00e9galement offert une finale au FOJE (6e). Pass\u00e9 cadet deuxi\u00e8me ann\u00e9e en 2023, il a continu\u00e9 sa progression avec un record port\u00e9 \u00e0 56,42 m le 8 janvier, du c\u00f4t\u00e9 de N\u00eemes. Les cadets lan\u00e7ant un engin \u00e0 1,5 kg contre 2 kg pour les s\u00e9niors.<\/p>\n<p style=\"text-align: justify;\">Il est ultra favori du concours. Et s&rsquo;alignera \u00e9galement dans le concours du marteau, o\u00f9 il poss\u00e8de la 2e performance des engag\u00e9s, avec ses 65.84 m r\u00e9alis\u00e9s en 2023. Le polyvalent athl\u00e8te de Tarn Sud Athl\u00e9tisme fait partie de ces jeunes \u00e0 suivre dans des disciplines toujours en peine d&rsquo;exposition m\u00e9diatique.<\/p>\n<h2 style=\"text-align: justify;\" align=\"justify\">Jean-Baptiste Bruxelle (Marteau hommes espoirs)<\/h2>\n<p style=\"text-align: justify;\" align=\"justify\">Pour sa premi\u00e8re chez les Espoirs &#8211; et donc avec l&rsquo;engin le plus lourd &#8211; en 2022, le 3e des Europe et des Mondiaux juniors en 2021, s&rsquo;en est parfaitement sorti. A la cl\u00e9, un titre aux Championnats M\u00e9diterran\u00e9ens U23 2023. Et surtout une participation en grand championnat, \u00e0 Munich, pour les championnats d&rsquo;Europe de 2022. Apr\u00e8s avoir port\u00e9 son record personnel \u00e0 75.20. Pour le moment, il en est \u00e0 71.44 en 2023. N\u00e9anmoins, il sera le grand favori du concours Espoirs.<\/p>\n<p style=\"text-align: justify;\" align=\"justify\">Du c\u00f4t\u00e9 de Salon-de-Provence, lui aussi peut donner de l&rsquo;envergure \u00e0 son d\u00e9but de saison. Et se jauger par rapport au concours senior, qui aura lieu le m\u00eame week-end.<\/p>\n<ul>\n<li class=\"mvp-post-title left entry-title\" style=\"text-align: justify;\"><strong>\u00c0 lire aussi &#8211; <a href=\"https:\/\/dicodusport.fr\/blog\/programme-et-resultats-championnats-de-france-hivernaux-des-lancers-2023\/\">Programme et r\u00e9sultats Championnats de France hivernaux des lancers 2023<\/a><\/strong><\/li>\n<\/ul>\n","protected":false},"excerpt":{"rendered":"<p>CHAMPIONNATS DE FRANCE DE LANCERS LONGS &#8211; Focus sur cinq athl\u00e8tes \u00e0 suivre ce week-end du c\u00f4t\u00e9 de Salon-de-Provence, pour les championnats de France de lancers longs.<\/p>\n","protected":false},"author":83,"featured_media":358542,"comment_status":"open","ping_status":"closed","sticky":false,"template":"","format":"standard","meta":{"_acf_changed":false,"_daextam_enable_autolinks":"","footnotes":""},"categories":[2308],"tags":[143,16878,5506],"class_list":["post-358498","post","type-post","status-publish","format-standard","has-post-thumbnail","hentry","category-athletisme","tag-athletisme","tag-breve","tag-melina-robert-michon"],"acf":[],"yoast_head":"<!-- This site is optimized with the Yoast SEO Premium plugin v26.7 (Yoast SEO v26.7) - https:\/\/yoast.com\/wordpress\/plugins\/seo\/ -->\n<title>Cinq athl\u00e8tes \u00e0 suivre lors des championnats de France de lancers longs<\/title>\n<meta name=\"description\" content=\"CHAMPIONNATS DE FRANCE DE LANCERS LONGS - Focus sur cinq athl\u00e8tes \u00e0 suivre ce week-end du c\u00f4t\u00e9 de Salon-de-Provence.\" \/>\n<meta name=\"robots\" content=\"index, follow, max-snippet:-1, max-image-preview:large, max-video-preview:-1\" \/>\n<link rel=\"canonical\" href=\"https:\/\/dicodusport.fr\/blog\/cinq-athletes-a-suivre-lors-des-championnats-de-france-de-lancers-longs\/\" \/>\n<meta property=\"og:locale\" content=\"fr_FR\" \/>\n<meta property=\"og:type\" content=\"article\" \/>\n<meta property=\"og:title\" content=\"Cinq athl\u00e8tes \u00e0 suivre lors des championnats de France de lancers longs\" \/>\n<meta property=\"og:description\" content=\"CHAMPIONNATS DE FRANCE DE LANCERS LONGS - Focus sur cinq athl\u00e8tes \u00e0 suivre ce week-end du c\u00f4t\u00e9 de Salon-de-Provence.\" \/>\n<meta property=\"og:url\" content=\"https:\/\/dicodusport.fr\/blog\/cinq-athletes-a-suivre-lors-des-championnats-de-france-de-lancers-longs\/\" \/>\n<meta property=\"og:site_name\" content=\"Dicodusport\" \/>\n<meta property=\"article:publisher\" content=\"https:\/\/www.facebook.com\/dicodusport\" \/>\n<meta property=\"article:published_time\" content=\"2023-02-24T07:50:29+00:00\" \/>\n<meta property=\"article:modified_time\" content=\"2023-02-24T08:06:27+00:00\" \/>\n<meta property=\"og:image\" content=\"https:\/\/dicodusport.fr\/blog\/wp-content\/uploads\/2023\/02\/Cinq-athletes-a-suivre-lors-des-championnats-de-France-de-lancers-longs.png\" \/>\n\t<meta property=\"og:image:width\" content=\"800\" \/>\n\t<meta property=\"og:image:height\" content=\"445\" \/>\n\t<meta property=\"og:image:type\" content=\"image\/png\" \/>\n<meta name=\"author\" content=\"Etienne Goursaud\" \/>\n<meta name=\"twitter:card\" content=\"summary_large_image\" \/>\n<meta name=\"twitter:title\" content=\"Cinq athl\u00e8tes \u00e0 suivre lors des championnats de France de lancers longs\" \/>\n<meta name=\"twitter:creator\" content=\"@dicodusport\" \/>\n<meta name=\"twitter:site\" content=\"@dicodusport\" \/>\n<script type=\"application\/ld+json\" class=\"yoast-schema-graph\">{\"@context\":\"https:\/\/schema.org\",\"@graph\":[{\"@type\":\"NewsArticle\",\"@id\":\"https:\/\/dicodusport.fr\/blog\/cinq-athletes-a-suivre-lors-des-championnats-de-france-de-lancers-longs\/#article\",\"isPartOf\":{\"@id\":\"https:\/\/dicodusport.fr\/blog\/cinq-athletes-a-suivre-lors-des-championnats-de-france-de-lancers-longs\/\"},\"author\":{\"name\":\"Etienne Goursaud\",\"@id\":\"https:\/\/dicodusport.fr\/blog\/#\/schema\/person\/d603dd7da31fb2b46c82b9835a77ec13\"},\"headline\":\"Cinq athl\u00e8tes \u00e0 suivre lors des championnats de France de lancers longs\",\"datePublished\":\"2023-02-24T07:50:29+00:00\",\"dateModified\":\"2023-02-24T08:06:27+00:00\",\"mainEntityOfPage\":{\"@id\":\"https:\/\/dicodusport.fr\/blog\/cinq-athletes-a-suivre-lors-des-championnats-de-france-de-lancers-longs\/\"},\"wordCount\":811,\"commentCount\":0,\"publisher\":{\"@id\":\"https:\/\/dicodusport.fr\/blog\/#organization\"},\"image\":{\"@id\":\"https:\/\/dicodusport.fr\/blog\/cinq-athletes-a-suivre-lors-des-championnats-de-france-de-lancers-longs\/#primaryimage\"},\"thumbnailUrl\":\"https:\/\/dicodusport.fr\/blog\/wp-content\/uploads\/2023\/02\/Cinq-athletes-a-suivre-lors-des-championnats-de-France-de-lancers-longs.png\",\"keywords\":[\"Athl\u00e9tisme\",\"br\u00e8ve\",\"M\u00e9lina Robert-Michon\"],\"articleSection\":[\"Athl\u00e9tisme\"],\"inLanguage\":\"fr-FR\",\"potentialAction\":[{\"@type\":\"CommentAction\",\"name\":\"Comment\",\"target\":[\"https:\/\/dicodusport.fr\/blog\/cinq-athletes-a-suivre-lors-des-championnats-de-france-de-lancers-longs\/#respond\"]}],\"copyrightYear\":\"2023\",\"copyrightHolder\":{\"@id\":\"https:\/\/dicodusport.fr\/blog\/#organization\"}},{\"@type\":\"WebPage\",\"@id\":\"https:\/\/dicodusport.fr\/blog\/cinq-athletes-a-suivre-lors-des-championnats-de-france-de-lancers-longs\/\",\"url\":\"https:\/\/dicodusport.fr\/blog\/cinq-athletes-a-suivre-lors-des-championnats-de-france-de-lancers-longs\/\",\"name\":\"Cinq athl\u00e8tes \u00e0 suivre lors des championnats de France de lancers longs\",\"isPartOf\":{\"@id\":\"https:\/\/dicodusport.fr\/blog\/#website\"},\"primaryImageOfPage\":{\"@id\":\"https:\/\/dicodusport.fr\/blog\/cinq-athletes-a-suivre-lors-des-championnats-de-france-de-lancers-longs\/#primaryimage\"},\"image\":{\"@id\":\"https:\/\/dicodusport.fr\/blog\/cinq-athletes-a-suivre-lors-des-championnats-de-france-de-lancers-longs\/#primaryimage\"},\"thumbnailUrl\":\"https:\/\/dicodusport.fr\/blog\/wp-content\/uploads\/2023\/02\/Cinq-athletes-a-suivre-lors-des-championnats-de-France-de-lancers-longs.png\",\"datePublished\":\"2023-02-24T07:50:29+00:00\",\"dateModified\":\"2023-02-24T08:06:27+00:00\",\"description\":\"CHAMPIONNATS DE FRANCE DE LANCERS LONGS - Focus sur cinq athl\u00e8tes \u00e0 suivre ce week-end du c\u00f4t\u00e9 de Salon-de-Provence.\",\"breadcrumb\":{\"@id\":\"https:\/\/dicodusport.fr\/blog\/cinq-athletes-a-suivre-lors-des-championnats-de-france-de-lancers-longs\/#breadcrumb\"},\"inLanguage\":\"fr-FR\",\"potentialAction\":[{\"@type\":\"ReadAction\",\"target\":[\"https:\/\/dicodusport.fr\/blog\/cinq-athletes-a-suivre-lors-des-championnats-de-france-de-lancers-longs\/\"]}]},{\"@type\":\"ImageObject\",\"inLanguage\":\"fr-FR\",\"@id\":\"https:\/\/dicodusport.fr\/blog\/cinq-athletes-a-suivre-lors-des-championnats-de-france-de-lancers-longs\/#primaryimage\",\"url\":\"https:\/\/dicodusport.fr\/blog\/wp-content\/uploads\/2023\/02\/Cinq-athletes-a-suivre-lors-des-championnats-de-France-de-lancers-longs.png\",\"contentUrl\":\"https:\/\/dicodusport.fr\/blog\/wp-content\/uploads\/2023\/02\/Cinq-athletes-a-suivre-lors-des-championnats-de-France-de-lancers-longs.png\",\"width\":800,\"height\":445,\"caption\":\"Photo Icon Sport\"},{\"@type\":\"BreadcrumbList\",\"@id\":\"https:\/\/dicodusport.fr\/blog\/cinq-athletes-a-suivre-lors-des-championnats-de-france-de-lancers-longs\/#breadcrumb\",\"itemListElement\":[{\"@type\":\"ListItem\",\"position\":1,\"name\":\"Accueil\",\"item\":\"https:\/\/dicodusport.fr\/blog\/\"},{\"@type\":\"ListItem\",\"position\":2,\"name\":\"Cinq athl\u00e8tes \u00e0 suivre lors des championnats de France de lancers longs\"}]},{\"@type\":\"WebSite\",\"@id\":\"https:\/\/dicodusport.fr\/blog\/#website\",\"url\":\"https:\/\/dicodusport.fr\/blog\/\",\"name\":\"Dicodusport\",\"description\":\"L&#039;encyclop\u00e9die de l&#039;actualit\u00e9 sportive\",\"publisher\":{\"@id\":\"https:\/\/dicodusport.fr\/blog\/#organization\"},\"potentialAction\":[{\"@type\":\"SearchAction\",\"target\":{\"@type\":\"EntryPoint\",\"urlTemplate\":\"https:\/\/dicodusport.fr\/blog\/?s={search_term_string}\"},\"query-input\":{\"@type\":\"PropertyValueSpecification\",\"valueRequired\":true,\"valueName\":\"search_term_string\"}}],\"inLanguage\":\"fr-FR\"},{\"@type\":\"NewsMediaOrganization\",\"@id\":\"https:\/\/dicodusport.fr\/blog\/#organization\",\"name\":\"Dicodusport\",\"url\":\"https:\/\/dicodusport.fr\/blog\/\",\"logo\":{\"@type\":\"ImageObject\",\"inLanguage\":\"fr-FR\",\"@id\":\"https:\/\/dicodusport.fr\/blog\/#\/schema\/logo\/image\/\",\"url\":\"https:\/\/dicodusport.fr\/blog\/wp-content\/uploads\/2020\/06\/cropped-LOGO-DICODUSPORT-2020-SANS-FOND-SANS-TEXTE.png\",\"contentUrl\":\"https:\/\/dicodusport.fr\/blog\/wp-content\/uploads\/2020\/06\/cropped-LOGO-DICODUSPORT-2020-SANS-FOND-SANS-TEXTE.png\",\"width\":512,\"height\":512,\"caption\":\"Dicodusport\"},\"image\":{\"@id\":\"https:\/\/dicodusport.fr\/blog\/#\/schema\/logo\/image\/\"},\"sameAs\":[\"https:\/\/www.facebook.com\/dicodusport\",\"https:\/\/x.com\/dicodusport\",\"https:\/\/www.instagram.com\/dicodusport\/\",\"https:\/\/www.youtube.com\/channel\/UC7V2KZ5sd3htJivAbA4ZG3w\"],\"description\":\"Dicodusport est l'encyclop\u00e9die de l'actualit\u00e9 sportive.\",\"email\":\"bonjour@dicodusport.fr\",\"legalName\":\"DICODUSPORT\",\"foundingDate\":\"2018-01-14\",\"vatID\":\"FR71834470973\",\"taxID\":\"83447097300043\",\"numberOfEmployees\":{\"@type\":\"QuantitativeValue\",\"minValue\":\"1\",\"maxValue\":\"10\"}},{\"@type\":\"Person\",\"@id\":\"https:\/\/dicodusport.fr\/blog\/#\/schema\/person\/d603dd7da31fb2b46c82b9835a77ec13\",\"name\":\"Etienne Goursaud\",\"image\":{\"@type\":\"ImageObject\",\"inLanguage\":\"fr-FR\",\"@id\":\"https:\/\/dicodusport.fr\/blog\/#\/schema\/person\/image\/\",\"url\":\"https:\/\/dicodusport.fr\/blog\/wp-content\/uploads\/2023\/12\/410122264_10231602061736049_5565839791558026645_n-150x150.jpg\",\"contentUrl\":\"https:\/\/dicodusport.fr\/blog\/wp-content\/uploads\/2023\/12\/410122264_10231602061736049_5565839791558026645_n-150x150.jpg\",\"caption\":\"Etienne Goursaud\"},\"description\":\"Journaliste et amoureux de sport. Ancien footballeur reconverti athl\u00e8te quand ses muscles le laissent tranquille. \u00c9lev\u00e9 \u00e0 la sauce des exploits de Thomas Voeckler en 2004, du dernier essai de l\u00e9gende de Eunice Barber \u00e0 la longueur lors des championnats du monde d'athl\u00e9tisme de 2003 mais aussi Zidane, Omeyer et Titou Lamaison.\",\"url\":\"https:\/\/dicodusport.fr\/blog\/author\/etienne-goursaud\/\"}]}<\/script>\n<!-- \/ Yoast SEO Premium plugin. -->","yoast_head_json":{"title":"Cinq athl\u00e8tes \u00e0 suivre lors des championnats de France de lancers longs","description":"CHAMPIONNATS DE FRANCE DE LANCERS LONGS - Focus sur cinq athl\u00e8tes \u00e0 suivre ce week-end du c\u00f4t\u00e9 de Salon-de-Provence.","robots":{"index":"index","follow":"follow","max-snippet":"max-snippet:-1","max-image-preview":"max-image-preview:large","max-video-preview":"max-video-preview:-1"},"canonical":"https:\/\/dicodusport.fr\/blog\/cinq-athletes-a-suivre-lors-des-championnats-de-france-de-lancers-longs\/","og_locale":"fr_FR","og_type":"article","og_title":"Cinq athl\u00e8tes \u00e0 suivre lors des championnats de France de lancers longs","og_description":"CHAMPIONNATS DE FRANCE DE LANCERS LONGS - Focus sur cinq athl\u00e8tes \u00e0 suivre ce week-end du c\u00f4t\u00e9 de Salon-de-Provence.","og_url":"https:\/\/dicodusport.fr\/blog\/cinq-athletes-a-suivre-lors-des-championnats-de-france-de-lancers-longs\/","og_site_name":"Dicodusport","article_publisher":"https:\/\/www.facebook.com\/dicodusport","article_published_time":"2023-02-24T07:50:29+00:00","article_modified_time":"2023-02-24T08:06:27+00:00","og_image":[{"width":800,"height":445,"url":"https:\/\/dicodusport.fr\/blog\/wp-content\/uploads\/2023\/02\/Cinq-athletes-a-suivre-lors-des-championnats-de-France-de-lancers-longs.png","type":"image\/png"}],"author":"Etienne Goursaud","twitter_card":"summary_large_image","twitter_title":"Cinq athl\u00e8tes \u00e0 suivre lors des championnats de France de lancers longs","twitter_creator":"@dicodusport","twitter_site":"@dicodusport","schema":{"@context":"https:\/\/schema.org","@graph":[{"@type":"NewsArticle","@id":"https:\/\/dicodusport.fr\/blog\/cinq-athletes-a-suivre-lors-des-championnats-de-france-de-lancers-longs\/#article","isPartOf":{"@id":"https:\/\/dicodusport.fr\/blog\/cinq-athletes-a-suivre-lors-des-championnats-de-france-de-lancers-longs\/"},"author":{"name":"Etienne Goursaud","@id":"https:\/\/dicodusport.fr\/blog\/#\/schema\/person\/d603dd7da31fb2b46c82b9835a77ec13"},"headline":"Cinq athl\u00e8tes \u00e0 suivre lors des championnats de France de lancers longs","datePublished":"2023-02-24T07:50:29+00:00","dateModified":"2023-02-24T08:06:27+00:00","mainEntityOfPage":{"@id":"https:\/\/dicodusport.fr\/blog\/cinq-athletes-a-suivre-lors-des-championnats-de-france-de-lancers-longs\/"},"wordCount":811,"commentCount":0,"publisher":{"@id":"https:\/\/dicodusport.fr\/blog\/#organization"},"image":{"@id":"https:\/\/dicodusport.fr\/blog\/cinq-athletes-a-suivre-lors-des-championnats-de-france-de-lancers-longs\/#primaryimage"},"thumbnailUrl":"https:\/\/dicodusport.fr\/blog\/wp-content\/uploads\/2023\/02\/Cinq-athletes-a-suivre-lors-des-championnats-de-France-de-lancers-longs.png","keywords":["Athl\u00e9tisme","br\u00e8ve","M\u00e9lina Robert-Michon"],"articleSection":["Athl\u00e9tisme"],"inLanguage":"fr-FR","potentialAction":[{"@type":"CommentAction","name":"Comment","target":["https:\/\/dicodusport.fr\/blog\/cinq-athletes-a-suivre-lors-des-championnats-de-france-de-lancers-longs\/#respond"]}],"copyrightYear":"2023","copyrightHolder":{"@id":"https:\/\/dicodusport.fr\/blog\/#organization"}},{"@type":"WebPage","@id":"https:\/\/dicodusport.fr\/blog\/cinq-athletes-a-suivre-lors-des-championnats-de-france-de-lancers-longs\/","url":"https:\/\/dicodusport.fr\/blog\/cinq-athletes-a-suivre-lors-des-championnats-de-france-de-lancers-longs\/","name":"Cinq athl\u00e8tes \u00e0 suivre lors des championnats de France de lancers longs","isPartOf":{"@id":"https:\/\/dicodusport.fr\/blog\/#website"},"primaryImageOfPage":{"@id":"https:\/\/dicodusport.fr\/blog\/cinq-athletes-a-suivre-lors-des-championnats-de-france-de-lancers-longs\/#primaryimage"},"image":{"@id":"https:\/\/dicodusport.fr\/blog\/cinq-athletes-a-suivre-lors-des-championnats-de-france-de-lancers-longs\/#primaryimage"},"thumbnailUrl":"https:\/\/dicodusport.fr\/blog\/wp-content\/uploads\/2023\/02\/Cinq-athletes-a-suivre-lors-des-championnats-de-France-de-lancers-longs.png","datePublished":"2023-02-24T07:50:29+00:00","dateModified":"2023-02-24T08:06:27+00:00","description":"CHAMPIONNATS DE FRANCE DE LANCERS LONGS - Focus sur cinq athl\u00e8tes \u00e0 suivre ce week-end du c\u00f4t\u00e9 de Salon-de-Provence.","breadcrumb":{"@id":"https:\/\/dicodusport.fr\/blog\/cinq-athletes-a-suivre-lors-des-championnats-de-france-de-lancers-longs\/#breadcrumb"},"inLanguage":"fr-FR","potentialAction":[{"@type":"ReadAction","target":["https:\/\/dicodusport.fr\/blog\/cinq-athletes-a-suivre-lors-des-championnats-de-france-de-lancers-longs\/"]}]},{"@type":"ImageObject","inLanguage":"fr-FR","@id":"https:\/\/dicodusport.fr\/blog\/cinq-athletes-a-suivre-lors-des-championnats-de-france-de-lancers-longs\/#primaryimage","url":"https:\/\/dicodusport.fr\/blog\/wp-content\/uploads\/2023\/02\/Cinq-athletes-a-suivre-lors-des-championnats-de-France-de-lancers-longs.png","contentUrl":"https:\/\/dicodusport.fr\/blog\/wp-content\/uploads\/2023\/02\/Cinq-athletes-a-suivre-lors-des-championnats-de-France-de-lancers-longs.png","width":800,"height":445,"caption":"Photo Icon Sport"},{"@type":"BreadcrumbList","@id":"https:\/\/dicodusport.fr\/blog\/cinq-athletes-a-suivre-lors-des-championnats-de-france-de-lancers-longs\/#breadcrumb","itemListElement":[{"@type":"ListItem","position":1,"name":"Accueil","item":"https:\/\/dicodusport.fr\/blog\/"},{"@type":"ListItem","position":2,"name":"Cinq athl\u00e8tes \u00e0 suivre lors des championnats de France de lancers longs"}]},{"@type":"WebSite","@id":"https:\/\/dicodusport.fr\/blog\/#website","url":"https:\/\/dicodusport.fr\/blog\/","name":"Dicodusport","description":"L&#039;encyclop\u00e9die de l&#039;actualit\u00e9 sportive","publisher":{"@id":"https:\/\/dicodusport.fr\/blog\/#organization"},"potentialAction":[{"@type":"SearchAction","target":{"@type":"EntryPoint","urlTemplate":"https:\/\/dicodusport.fr\/blog\/?s={search_term_string}"},"query-input":{"@type":"PropertyValueSpecification","valueRequired":true,"valueName":"search_term_string"}}],"inLanguage":"fr-FR"},{"@type":"NewsMediaOrganization","@id":"https:\/\/dicodusport.fr\/blog\/#organization","name":"Dicodusport","url":"https:\/\/dicodusport.fr\/blog\/","logo":{"@type":"ImageObject","inLanguage":"fr-FR","@id":"https:\/\/dicodusport.fr\/blog\/#\/schema\/logo\/image\/","url":"https:\/\/dicodusport.fr\/blog\/wp-content\/uploads\/2020\/06\/cropped-LOGO-DICODUSPORT-2020-SANS-FOND-SANS-TEXTE.png","contentUrl":"https:\/\/dicodusport.fr\/blog\/wp-content\/uploads\/2020\/06\/cropped-LOGO-DICODUSPORT-2020-SANS-FOND-SANS-TEXTE.png","width":512,"height":512,"caption":"Dicodusport"},"image":{"@id":"https:\/\/dicodusport.fr\/blog\/#\/schema\/logo\/image\/"},"sameAs":["https:\/\/www.facebook.com\/dicodusport","https:\/\/x.com\/dicodusport","https:\/\/www.instagram.com\/dicodusport\/","https:\/\/www.youtube.com\/channel\/UC7V2KZ5sd3htJivAbA4ZG3w"],"description":"Dicodusport est l'encyclop\u00e9die de l'actualit\u00e9 sportive.","email":"bonjour@dicodusport.fr","legalName":"DICODUSPORT","foundingDate":"2018-01-14","vatID":"FR71834470973","taxID":"83447097300043","numberOfEmployees":{"@type":"QuantitativeValue","minValue":"1","maxValue":"10"}},{"@type":"Person","@id":"https:\/\/dicodusport.fr\/blog\/#\/schema\/person\/d603dd7da31fb2b46c82b9835a77ec13","name":"Etienne Goursaud","image":{"@type":"ImageObject","inLanguage":"fr-FR","@id":"https:\/\/dicodusport.fr\/blog\/#\/schema\/person\/image\/","url":"https:\/\/dicodusport.fr\/blog\/wp-content\/uploads\/2023\/12\/410122264_10231602061736049_5565839791558026645_n-150x150.jpg","contentUrl":"https:\/\/dicodusport.fr\/blog\/wp-content\/uploads\/2023\/12\/410122264_10231602061736049_5565839791558026645_n-150x150.jpg","caption":"Etienne Goursaud"},"description":"Journaliste et amoureux de sport. Ancien footballeur reconverti athl\u00e8te quand ses muscles le laissent tranquille. \u00c9lev\u00e9 \u00e0 la sauce des exploits de Thomas Voeckler en 2004, du dernier essai de l\u00e9gende de Eunice Barber \u00e0 la longueur lors des championnats du monde d'athl\u00e9tisme de 2003 mais aussi Zidane, Omeyer et Titou Lamaison.","url":"https:\/\/dicodusport.fr\/blog\/author\/etienne-goursaud\/"}]}},"_links":{"self":[{"href":"https:\/\/dicodusport.fr\/blog\/wp-json\/wp\/v2\/posts\/358498","targetHints":{"allow":["GET"]}}],"collection":[{"href":"https:\/\/dicodusport.fr\/blog\/wp-json\/wp\/v2\/posts"}],"about":[{"href":"https:\/\/dicodusport.fr\/blog\/wp-json\/wp\/v2\/types\/post"}],"author":[{"embeddable":true,"href":"https:\/\/dicodusport.fr\/blog\/wp-json\/wp\/v2\/users\/83"}],"replies":[{"embeddable":true,"href":"https:\/\/dicodusport.fr\/blog\/wp-json\/wp\/v2\/comments?post=358498"}],"version-history":[{"count":0,"href":"https:\/\/dicodusport.fr\/blog\/wp-json\/wp\/v2\/posts\/358498\/revisions"}],"wp:featuredmedia":[{"embeddable":true,"href":"https:\/\/dicodusport.fr\/blog\/wp-json\/wp\/v2\/media\/358542"}],"wp:attachment":[{"href":"https:\/\/dicodusport.fr\/blog\/wp-json\/wp\/v2\/media?parent=358498"}],"wp:term":[{"taxonomy":"category","embeddable":true,"href":"https:\/\/dicodusport.fr\/blog\/wp-json\/wp\/v2\/categories?post=358498"},{"taxonomy":"post_tag","embeddable":true,"href":"https:\/\/dicodusport.fr\/blog\/wp-json\/wp\/v2\/tags?post=358498"}],"curies":[{"name":"wp","href":"https:\/\/api.w.org\/{rel}","templated":true}]}}