{"id":358605,"date":"2023-02-23T18:01:01","date_gmt":"2023-02-23T17:01:01","guid":{"rendered":"https:\/\/dicodusport.fr\/blog\/?p=358605&#038;preview=true&#038;preview_id=358605"},"modified":"2023-02-24T09:25:53","modified_gmt":"2023-02-24T08:25:53","slug":"faun-ardeche-classic-2023-a-quelle-heure-et-sur-quelle-chaine","status":"publish","type":"post","link":"https:\/\/dicodusport.fr\/blog\/faun-ardeche-classic-2023-a-quelle-heure-et-sur-quelle-chaine\/","title":{"rendered":"Faun-Ard\u00e8che Classic 2023 : \u00c0 quelle heure et sur quelle cha\u00eene"},"content":{"rendered":"<p style=\"text-align: justify;\"><strong><em>FAUN-ARD\u00c8CHE CLASSIC 2023 &#8211; La Faun-Ard\u00e8che Classic 2023 se d\u00e9roule ce samedi 25 f\u00e9vrier, autour de Guilherand-Granges<\/em><em><span class=\"red\">\u00a0<\/span><span class=\"red fw400\">(168.5 km)<\/span>.<\/em><em> D\u00e9couvrez le programme TV.<\/em><\/strong><\/p>\n<p style=\"text-align: justify;\">La <strong>Faun-Ard\u00e8che Classic<\/strong> devient un rendez-vous du cyclisme fran\u00e7ais et chaque ann\u00e9e, le plateau est impressionnant. <strong>Brandon<\/strong> <strong>McNulty <\/strong>(UAE Team Emirates), vainqueur en solitaire l&rsquo;ann\u00e9e derni\u00e8re, ne sera pas au d\u00e9part puisque d\u00e9j\u00e0 engag\u00e9 cette semaine, sur l&rsquo;<a href=\"https:\/\/dicodusport.fr\/blog\/uae-tour-2023-classement-general\/\" target=\"_blank\" rel=\"noopener\">UAE Tour<\/a>. <strong>David<\/strong> <strong>Gaudu<\/strong> (Groupama &#8211; FDJ), vainqueur en 2021 et <strong>R\u00e9mi<\/strong> <strong>Cavagna<\/strong> (Soudal &#8211; Quick Step), laur\u00e9at en 2020, devraient bien \u00eatre pr\u00e9sents ce samedi.<\/p>\n<p style=\"text-align: justify;\">Quand on parle d&rsquo;anciens vainqueurs, il y aura aussi <strong>Lilian<\/strong> <strong>Calmejane<\/strong> (Intermarch\u00e9 &#8211; Circus- Wanty) et <strong>Romain<\/strong> <strong>Bardet<\/strong> (Team DSM). De nombreuses stars du peloton seront au d\u00e9part, \u00e0 commencer par l&rsquo;excellent danois <strong>Mattias<\/strong> <strong>Skjelmose<\/strong> (Trek Segafredo) qui r\u00e9alise un d\u00e9but de saison exceptionnel. Mais aussi le vainqueur du dernier<strong> Tour d&rsquo;Italie,<\/strong>\u00a0<strong>Jai<\/strong> <strong>Hindley<\/strong> (Bora &#8211; Hansgrohe). <strong>Sergio<\/strong> <strong>Higuita<\/strong> (Bora &#8211; Hansgrohe), <strong>Michael<\/strong> <strong>Woods<\/strong> (Israel &#8211; Premier Tech) et <strong>Diego<\/strong> <strong>Ulissi<\/strong> (UAE Team Emirates) sont aussi attendus sur la liste de d\u00e9part.<\/p>\n<p style=\"text-align: justify;\">Pour le contingent fran\u00e7ais, en plus de ceux d\u00e9j\u00e0 cit\u00e9s puisque vainqueur d&rsquo;une \u00e9dition pr\u00e9c\u00e9dente, il y aura du beau monde. <strong>Guillaume<\/strong> <strong>Martin<\/strong> (Cofidis) et le double champion du monde, <strong>Julian<\/strong> <strong>Alaphilippe<\/strong> (Soudal &#8211; Quick Step), seront aussi de la f\u00eate. <strong>Dorian<\/strong> <strong>Godon<\/strong> (AG2R Citro\u00ebn), <strong>Pierre<\/strong> <strong>Latour<\/strong> (TotalEnergies), <strong>Victor<\/strong> <strong>Lafay<\/strong> (Cofidis) et <strong>Tony<\/strong> <strong>Gallopin<\/strong> (Trek Segafredo) seront les autres frenchies \u00e0 suivre sur les routes d&rsquo;Ard\u00e8che.<\/p>\n<h2 style=\"text-align: justify;\"><span style=\"text-align: justify;\">Cyclisme : Le Programme TV de la\u00a0Faun-Ard\u00e8che Classic 2023<\/span><\/h2>\n<h3 style=\"text-align: justify;\">Samedi 25 f\u00e9vrier<\/h3>\n<p style=\"text-align: justify;\">13h30 : La Cha\u00eene L&rsquo;\u00c9quipe<\/p>\n<h2 style=\"text-align: justify;\">\u00c0 lire aussi<\/h2>\n<ul>\n<li style=\"text-align: justify;\"><a href=\"https:\/\/dicodusport.fr\/blog\/faun-ardeche-classic-2023-parcours-profil-favoris\/\"><strong>Faun-Ard\u00e8che Classic 2023 : Parcours, profil et favoris<\/strong><\/a><\/li>\n<li style=\"text-align: justify;\"><a href=\"https:\/\/dicodusport.fr\/blog\/faun-ardeche-classic-2023-les-engages\/\" target=\"_blank\" rel=\"noopener\"><strong>Faun-Ard\u00e8che Classic 2023 : Les engag\u00e9s<\/strong><\/a><\/li>\n<\/ul>\n","protected":false},"excerpt":{"rendered":"<p>FAUN-ARD\u00c8CHE CLASSIC 2023 &#8211; La Faun-Ard\u00e8che Classic 2023 se d\u00e9roule ce samedi 25 f\u00e9vrier, autour de Guilherand-Granges\u00a0(168.5 km). D\u00e9couvrez le programme TV.<\/p>\n","protected":false},"author":1,"featured_media":358609,"comment_status":"open","ping_status":"closed","sticky":false,"template":"","format":"standard","meta":{"_acf_changed":false,"_daextam_enable_autolinks":"","footnotes":""},"categories":[46994],"tags":[17213,574,10043,21872,21768,8799],"class_list":["post-358605","post","type-post","status-publish","format-standard","has-post-thumbnail","hentry","category-cyclisme-sur-route","tag-chaine","tag-cyclisme","tag-faun-ardeche-classic","tag-heure","tag-horaire","tag-programme-tv"],"acf":[],"yoast_head":"<!-- This site is optimized with the Yoast SEO Premium plugin v26.7 (Yoast SEO v26.7) - https:\/\/yoast.com\/wordpress\/plugins\/seo\/ -->\n<title>Faun-Ard\u00e8che Classic 2023 : \u00c0 quelle heure et sur quelle cha\u00eene<\/title>\n<meta name=\"description\" content=\"FAUN-ARD\u00c8CHE CLASSIC 2023 - La Faun-Ard\u00e8che Classic 2023 se d\u00e9roule ce samedi 25 f\u00e9vrier. D\u00e9couvrez le programme TV.\" \/>\n<meta name=\"robots\" content=\"index, follow, max-snippet:-1, max-image-preview:large, max-video-preview:-1\" \/>\n<link rel=\"canonical\" href=\"https:\/\/dicodusport.fr\/blog\/faun-ardeche-classic-2023-a-quelle-heure-et-sur-quelle-chaine\/\" \/>\n<meta property=\"og:locale\" content=\"fr_FR\" \/>\n<meta property=\"og:type\" content=\"article\" \/>\n<meta property=\"og:title\" content=\"Faun-Ard\u00e8che Classic 2023 : \u00c0 quelle heure et sur quelle cha\u00eene\" \/>\n<meta property=\"og:description\" content=\"FAUN-ARD\u00c8CHE CLASSIC 2023 - La Faun-Ard\u00e8che Classic 2023 se d\u00e9roule ce samedi 25 f\u00e9vrier. D\u00e9couvrez le programme TV.\" \/>\n<meta property=\"og:url\" content=\"https:\/\/dicodusport.fr\/blog\/faun-ardeche-classic-2023-a-quelle-heure-et-sur-quelle-chaine\/\" \/>\n<meta property=\"og:site_name\" content=\"Dicodusport\" \/>\n<meta property=\"article:publisher\" content=\"https:\/\/www.facebook.com\/dicodusport\" \/>\n<meta property=\"article:author\" content=\"https:\/\/www.facebook.com\/dicodusport\" \/>\n<meta property=\"article:published_time\" content=\"2023-02-23T17:01:01+00:00\" \/>\n<meta property=\"article:modified_time\" content=\"2023-02-24T08:25:53+00:00\" \/>\n<meta property=\"og:image\" content=\"https:\/\/dicodusport.fr\/blog\/wp-content\/uploads\/2023\/02\/Faun-Ardeche-Classic-2023-A-quelle-heure-et-sur-quelle-chaine.png\" \/>\n\t<meta property=\"og:image:width\" content=\"800\" \/>\n\t<meta property=\"og:image:height\" content=\"445\" \/>\n\t<meta property=\"og:image:type\" content=\"image\/png\" \/>\n<meta name=\"author\" content=\"Nicolas Jacquemard\" \/>\n<meta name=\"twitter:card\" content=\"summary_large_image\" \/>\n<meta name=\"twitter:title\" content=\"Faun-Ard\u00e8che Classic 2023 : \u00c0 quelle heure et sur quelle cha\u00eene\" \/>\n<meta name=\"twitter:creator\" content=\"@https:\/\/twitter.com\/Nico_Jacquemard\" \/>\n<meta name=\"twitter:site\" content=\"@dicodusport\" \/>\n<script type=\"application\/ld+json\" class=\"yoast-schema-graph\">{\"@context\":\"https:\/\/schema.org\",\"@graph\":[{\"@type\":\"NewsArticle\",\"@id\":\"https:\/\/dicodusport.fr\/blog\/faun-ardeche-classic-2023-a-quelle-heure-et-sur-quelle-chaine\/#article\",\"isPartOf\":{\"@id\":\"https:\/\/dicodusport.fr\/blog\/faun-ardeche-classic-2023-a-quelle-heure-et-sur-quelle-chaine\/\"},\"author\":{\"name\":\"Nicolas Jacquemard\",\"@id\":\"https:\/\/dicodusport.fr\/blog\/#\/schema\/person\/55dcb50ad410894e431ed812bbb70191\"},\"headline\":\"Faun-Ard\u00e8che Classic 2023 : \u00c0 quelle heure et sur quelle cha\u00eene\",\"datePublished\":\"2023-02-23T17:01:01+00:00\",\"dateModified\":\"2023-02-24T08:25:53+00:00\",\"mainEntityOfPage\":{\"@id\":\"https:\/\/dicodusport.fr\/blog\/faun-ardeche-classic-2023-a-quelle-heure-et-sur-quelle-chaine\/\"},\"wordCount\":304,\"commentCount\":0,\"publisher\":{\"@id\":\"https:\/\/dicodusport.fr\/blog\/#organization\"},\"image\":{\"@id\":\"https:\/\/dicodusport.fr\/blog\/faun-ardeche-classic-2023-a-quelle-heure-et-sur-quelle-chaine\/#primaryimage\"},\"thumbnailUrl\":\"https:\/\/dicodusport.fr\/blog\/wp-content\/uploads\/2023\/02\/Faun-Ardeche-Classic-2023-A-quelle-heure-et-sur-quelle-chaine.png\",\"keywords\":[\"Cha\u00eene\",\"Cyclisme\",\"Faun-Ard\u00e8che Classic\",\"Heure\",\"Horaire\",\"Programme TV\"],\"articleSection\":[\"Cyclisme sur route\"],\"inLanguage\":\"fr-FR\",\"potentialAction\":[{\"@type\":\"CommentAction\",\"name\":\"Comment\",\"target\":[\"https:\/\/dicodusport.fr\/blog\/faun-ardeche-classic-2023-a-quelle-heure-et-sur-quelle-chaine\/#respond\"]}],\"copyrightYear\":\"2023\",\"copyrightHolder\":{\"@id\":\"https:\/\/dicodusport.fr\/blog\/#organization\"}},{\"@type\":\"WebPage\",\"@id\":\"https:\/\/dicodusport.fr\/blog\/faun-ardeche-classic-2023-a-quelle-heure-et-sur-quelle-chaine\/\",\"url\":\"https:\/\/dicodusport.fr\/blog\/faun-ardeche-classic-2023-a-quelle-heure-et-sur-quelle-chaine\/\",\"name\":\"Faun-Ard\u00e8che Classic 2023 : \u00c0 quelle heure et sur quelle cha\u00eene\",\"isPartOf\":{\"@id\":\"https:\/\/dicodusport.fr\/blog\/#website\"},\"primaryImageOfPage\":{\"@id\":\"https:\/\/dicodusport.fr\/blog\/faun-ardeche-classic-2023-a-quelle-heure-et-sur-quelle-chaine\/#primaryimage\"},\"image\":{\"@id\":\"https:\/\/dicodusport.fr\/blog\/faun-ardeche-classic-2023-a-quelle-heure-et-sur-quelle-chaine\/#primaryimage\"},\"thumbnailUrl\":\"https:\/\/dicodusport.fr\/blog\/wp-content\/uploads\/2023\/02\/Faun-Ardeche-Classic-2023-A-quelle-heure-et-sur-quelle-chaine.png\",\"datePublished\":\"2023-02-23T17:01:01+00:00\",\"dateModified\":\"2023-02-24T08:25:53+00:00\",\"description\":\"FAUN-ARD\u00c8CHE CLASSIC 2023 - La Faun-Ard\u00e8che Classic 2023 se d\u00e9roule ce samedi 25 f\u00e9vrier. D\u00e9couvrez le programme TV.\",\"breadcrumb\":{\"@id\":\"https:\/\/dicodusport.fr\/blog\/faun-ardeche-classic-2023-a-quelle-heure-et-sur-quelle-chaine\/#breadcrumb\"},\"inLanguage\":\"fr-FR\",\"potentialAction\":[{\"@type\":\"ReadAction\",\"target\":[\"https:\/\/dicodusport.fr\/blog\/faun-ardeche-classic-2023-a-quelle-heure-et-sur-quelle-chaine\/\"]}]},{\"@type\":\"ImageObject\",\"inLanguage\":\"fr-FR\",\"@id\":\"https:\/\/dicodusport.fr\/blog\/faun-ardeche-classic-2023-a-quelle-heure-et-sur-quelle-chaine\/#primaryimage\",\"url\":\"https:\/\/dicodusport.fr\/blog\/wp-content\/uploads\/2023\/02\/Faun-Ardeche-Classic-2023-A-quelle-heure-et-sur-quelle-chaine.png\",\"contentUrl\":\"https:\/\/dicodusport.fr\/blog\/wp-content\/uploads\/2023\/02\/Faun-Ardeche-Classic-2023-A-quelle-heure-et-sur-quelle-chaine.png\",\"width\":800,\"height\":445},{\"@type\":\"BreadcrumbList\",\"@id\":\"https:\/\/dicodusport.fr\/blog\/faun-ardeche-classic-2023-a-quelle-heure-et-sur-quelle-chaine\/#breadcrumb\",\"itemListElement\":[{\"@type\":\"ListItem\",\"position\":1,\"name\":\"Accueil\",\"item\":\"https:\/\/dicodusport.fr\/blog\/\"},{\"@type\":\"ListItem\",\"position\":2,\"name\":\"Faun-Ard\u00e8che Classic 2023 : \u00c0 quelle heure et sur quelle cha\u00eene\"}]},{\"@type\":\"WebSite\",\"@id\":\"https:\/\/dicodusport.fr\/blog\/#website\",\"url\":\"https:\/\/dicodusport.fr\/blog\/\",\"name\":\"Dicodusport\",\"description\":\"L&#039;encyclop\u00e9die de l&#039;actualit\u00e9 sportive\",\"publisher\":{\"@id\":\"https:\/\/dicodusport.fr\/blog\/#organization\"},\"potentialAction\":[{\"@type\":\"SearchAction\",\"target\":{\"@type\":\"EntryPoint\",\"urlTemplate\":\"https:\/\/dicodusport.fr\/blog\/?s={search_term_string}\"},\"query-input\":{\"@type\":\"PropertyValueSpecification\",\"valueRequired\":true,\"valueName\":\"search_term_string\"}}],\"inLanguage\":\"fr-FR\"},{\"@type\":\"NewsMediaOrganization\",\"@id\":\"https:\/\/dicodusport.fr\/blog\/#organization\",\"name\":\"Dicodusport\",\"url\":\"https:\/\/dicodusport.fr\/blog\/\",\"logo\":{\"@type\":\"ImageObject\",\"inLanguage\":\"fr-FR\",\"@id\":\"https:\/\/dicodusport.fr\/blog\/#\/schema\/logo\/image\/\",\"url\":\"https:\/\/dicodusport.fr\/blog\/wp-content\/uploads\/2020\/06\/cropped-LOGO-DICODUSPORT-2020-SANS-FOND-SANS-TEXTE.png\",\"contentUrl\":\"https:\/\/dicodusport.fr\/blog\/wp-content\/uploads\/2020\/06\/cropped-LOGO-DICODUSPORT-2020-SANS-FOND-SANS-TEXTE.png\",\"width\":512,\"height\":512,\"caption\":\"Dicodusport\"},\"image\":{\"@id\":\"https:\/\/dicodusport.fr\/blog\/#\/schema\/logo\/image\/\"},\"sameAs\":[\"https:\/\/www.facebook.com\/dicodusport\",\"https:\/\/x.com\/dicodusport\",\"https:\/\/www.instagram.com\/dicodusport\/\",\"https:\/\/www.youtube.com\/channel\/UC7V2KZ5sd3htJivAbA4ZG3w\"],\"description\":\"Dicodusport est l'encyclop\u00e9die de l'actualit\u00e9 sportive.\",\"email\":\"bonjour@dicodusport.fr\",\"legalName\":\"DICODUSPORT\",\"foundingDate\":\"2018-01-14\",\"vatID\":\"FR71834470973\",\"taxID\":\"83447097300043\",\"numberOfEmployees\":{\"@type\":\"QuantitativeValue\",\"minValue\":\"1\",\"maxValue\":\"10\"}},{\"@type\":\"Person\",\"@id\":\"https:\/\/dicodusport.fr\/blog\/#\/schema\/person\/55dcb50ad410894e431ed812bbb70191\",\"name\":\"Nicolas Jacquemard\",\"image\":{\"@type\":\"ImageObject\",\"inLanguage\":\"fr-FR\",\"@id\":\"https:\/\/dicodusport.fr\/blog\/#\/schema\/person\/image\/\",\"url\":\"https:\/\/dicodusport.fr\/blog\/wp-content\/uploads\/2021\/05\/Nicolas-Jacquemard-150x150.jpeg\",\"contentUrl\":\"https:\/\/dicodusport.fr\/blog\/wp-content\/uploads\/2021\/05\/Nicolas-Jacquemard-150x150.jpeg\",\"caption\":\"Nicolas Jacquemard\"},\"description\":\"Passionn\u00e9 de sport et entrepreneur depuis mes 18 ans, la cr\u00e9ation de Dicodusport m'a sembl\u00e9 \u00e9vidente pour participer \u00e0 la m\u00e9diatisation d'un plus grand nombre de sports. Le chemin est long mais avec une \u00e9quipe des plus motiv\u00e9es et les Jeux Olympiques de Paris 2024 en point de mire, nous y arriverons ! Journaliste dans le monde du sport depuis plus de 5 ans, je traite aussi bien de football, de rugby, de biathlon que de cyclisme.\",\"sameAs\":[\"https:\/\/www.facebook.com\/dicodusport\",\"https:\/\/x.com\/https:\/\/twitter.com\/Nico_Jacquemard\"],\"url\":\"https:\/\/dicodusport.fr\/blog\/author\/dicodusport\/\"}]}<\/script>\n<!-- \/ Yoast SEO Premium plugin. -->","yoast_head_json":{"title":"Faun-Ard\u00e8che Classic 2023 : \u00c0 quelle heure et sur quelle cha\u00eene","description":"FAUN-ARD\u00c8CHE CLASSIC 2023 - La Faun-Ard\u00e8che Classic 2023 se d\u00e9roule ce samedi 25 f\u00e9vrier. D\u00e9couvrez le programme TV.","robots":{"index":"index","follow":"follow","max-snippet":"max-snippet:-1","max-image-preview":"max-image-preview:large","max-video-preview":"max-video-preview:-1"},"canonical":"https:\/\/dicodusport.fr\/blog\/faun-ardeche-classic-2023-a-quelle-heure-et-sur-quelle-chaine\/","og_locale":"fr_FR","og_type":"article","og_title":"Faun-Ard\u00e8che Classic 2023 : \u00c0 quelle heure et sur quelle cha\u00eene","og_description":"FAUN-ARD\u00c8CHE CLASSIC 2023 - La Faun-Ard\u00e8che Classic 2023 se d\u00e9roule ce samedi 25 f\u00e9vrier. D\u00e9couvrez le programme TV.","og_url":"https:\/\/dicodusport.fr\/blog\/faun-ardeche-classic-2023-a-quelle-heure-et-sur-quelle-chaine\/","og_site_name":"Dicodusport","article_publisher":"https:\/\/www.facebook.com\/dicodusport","article_author":"https:\/\/www.facebook.com\/dicodusport","article_published_time":"2023-02-23T17:01:01+00:00","article_modified_time":"2023-02-24T08:25:53+00:00","og_image":[{"width":800,"height":445,"url":"https:\/\/dicodusport.fr\/blog\/wp-content\/uploads\/2023\/02\/Faun-Ardeche-Classic-2023-A-quelle-heure-et-sur-quelle-chaine.png","type":"image\/png"}],"author":"Nicolas Jacquemard","twitter_card":"summary_large_image","twitter_title":"Faun-Ard\u00e8che Classic 2023 : \u00c0 quelle heure et sur quelle cha\u00eene","twitter_creator":"@https:\/\/twitter.com\/Nico_Jacquemard","twitter_site":"@dicodusport","schema":{"@context":"https:\/\/schema.org","@graph":[{"@type":"NewsArticle","@id":"https:\/\/dicodusport.fr\/blog\/faun-ardeche-classic-2023-a-quelle-heure-et-sur-quelle-chaine\/#article","isPartOf":{"@id":"https:\/\/dicodusport.fr\/blog\/faun-ardeche-classic-2023-a-quelle-heure-et-sur-quelle-chaine\/"},"author":{"name":"Nicolas Jacquemard","@id":"https:\/\/dicodusport.fr\/blog\/#\/schema\/person\/55dcb50ad410894e431ed812bbb70191"},"headline":"Faun-Ard\u00e8che Classic 2023 : \u00c0 quelle heure et sur quelle cha\u00eene","datePublished":"2023-02-23T17:01:01+00:00","dateModified":"2023-02-24T08:25:53+00:00","mainEntityOfPage":{"@id":"https:\/\/dicodusport.fr\/blog\/faun-ardeche-classic-2023-a-quelle-heure-et-sur-quelle-chaine\/"},"wordCount":304,"commentCount":0,"publisher":{"@id":"https:\/\/dicodusport.fr\/blog\/#organization"},"image":{"@id":"https:\/\/dicodusport.fr\/blog\/faun-ardeche-classic-2023-a-quelle-heure-et-sur-quelle-chaine\/#primaryimage"},"thumbnailUrl":"https:\/\/dicodusport.fr\/blog\/wp-content\/uploads\/2023\/02\/Faun-Ardeche-Classic-2023-A-quelle-heure-et-sur-quelle-chaine.png","keywords":["Cha\u00eene","Cyclisme","Faun-Ard\u00e8che Classic","Heure","Horaire","Programme TV"],"articleSection":["Cyclisme sur route"],"inLanguage":"fr-FR","potentialAction":[{"@type":"CommentAction","name":"Comment","target":["https:\/\/dicodusport.fr\/blog\/faun-ardeche-classic-2023-a-quelle-heure-et-sur-quelle-chaine\/#respond"]}],"copyrightYear":"2023","copyrightHolder":{"@id":"https:\/\/dicodusport.fr\/blog\/#organization"}},{"@type":"WebPage","@id":"https:\/\/dicodusport.fr\/blog\/faun-ardeche-classic-2023-a-quelle-heure-et-sur-quelle-chaine\/","url":"https:\/\/dicodusport.fr\/blog\/faun-ardeche-classic-2023-a-quelle-heure-et-sur-quelle-chaine\/","name":"Faun-Ard\u00e8che Classic 2023 : \u00c0 quelle heure et sur quelle cha\u00eene","isPartOf":{"@id":"https:\/\/dicodusport.fr\/blog\/#website"},"primaryImageOfPage":{"@id":"https:\/\/dicodusport.fr\/blog\/faun-ardeche-classic-2023-a-quelle-heure-et-sur-quelle-chaine\/#primaryimage"},"image":{"@id":"https:\/\/dicodusport.fr\/blog\/faun-ardeche-classic-2023-a-quelle-heure-et-sur-quelle-chaine\/#primaryimage"},"thumbnailUrl":"https:\/\/dicodusport.fr\/blog\/wp-content\/uploads\/2023\/02\/Faun-Ardeche-Classic-2023-A-quelle-heure-et-sur-quelle-chaine.png","datePublished":"2023-02-23T17:01:01+00:00","dateModified":"2023-02-24T08:25:53+00:00","description":"FAUN-ARD\u00c8CHE CLASSIC 2023 - La Faun-Ard\u00e8che Classic 2023 se d\u00e9roule ce samedi 25 f\u00e9vrier. D\u00e9couvrez le programme TV.","breadcrumb":{"@id":"https:\/\/dicodusport.fr\/blog\/faun-ardeche-classic-2023-a-quelle-heure-et-sur-quelle-chaine\/#breadcrumb"},"inLanguage":"fr-FR","potentialAction":[{"@type":"ReadAction","target":["https:\/\/dicodusport.fr\/blog\/faun-ardeche-classic-2023-a-quelle-heure-et-sur-quelle-chaine\/"]}]},{"@type":"ImageObject","inLanguage":"fr-FR","@id":"https:\/\/dicodusport.fr\/blog\/faun-ardeche-classic-2023-a-quelle-heure-et-sur-quelle-chaine\/#primaryimage","url":"https:\/\/dicodusport.fr\/blog\/wp-content\/uploads\/2023\/02\/Faun-Ardeche-Classic-2023-A-quelle-heure-et-sur-quelle-chaine.png","contentUrl":"https:\/\/dicodusport.fr\/blog\/wp-content\/uploads\/2023\/02\/Faun-Ardeche-Classic-2023-A-quelle-heure-et-sur-quelle-chaine.png","width":800,"height":445},{"@type":"BreadcrumbList","@id":"https:\/\/dicodusport.fr\/blog\/faun-ardeche-classic-2023-a-quelle-heure-et-sur-quelle-chaine\/#breadcrumb","itemListElement":[{"@type":"ListItem","position":1,"name":"Accueil","item":"https:\/\/dicodusport.fr\/blog\/"},{"@type":"ListItem","position":2,"name":"Faun-Ard\u00e8che Classic 2023 : \u00c0 quelle heure et sur quelle cha\u00eene"}]},{"@type":"WebSite","@id":"https:\/\/dicodusport.fr\/blog\/#website","url":"https:\/\/dicodusport.fr\/blog\/","name":"Dicodusport","description":"L&#039;encyclop\u00e9die de l&#039;actualit\u00e9 sportive","publisher":{"@id":"https:\/\/dicodusport.fr\/blog\/#organization"},"potentialAction":[{"@type":"SearchAction","target":{"@type":"EntryPoint","urlTemplate":"https:\/\/dicodusport.fr\/blog\/?s={search_term_string}"},"query-input":{"@type":"PropertyValueSpecification","valueRequired":true,"valueName":"search_term_string"}}],"inLanguage":"fr-FR"},{"@type":"NewsMediaOrganization","@id":"https:\/\/dicodusport.fr\/blog\/#organization","name":"Dicodusport","url":"https:\/\/dicodusport.fr\/blog\/","logo":{"@type":"ImageObject","inLanguage":"fr-FR","@id":"https:\/\/dicodusport.fr\/blog\/#\/schema\/logo\/image\/","url":"https:\/\/dicodusport.fr\/blog\/wp-content\/uploads\/2020\/06\/cropped-LOGO-DICODUSPORT-2020-SANS-FOND-SANS-TEXTE.png","contentUrl":"https:\/\/dicodusport.fr\/blog\/wp-content\/uploads\/2020\/06\/cropped-LOGO-DICODUSPORT-2020-SANS-FOND-SANS-TEXTE.png","width":512,"height":512,"caption":"Dicodusport"},"image":{"@id":"https:\/\/dicodusport.fr\/blog\/#\/schema\/logo\/image\/"},"sameAs":["https:\/\/www.facebook.com\/dicodusport","https:\/\/x.com\/dicodusport","https:\/\/www.instagram.com\/dicodusport\/","https:\/\/www.youtube.com\/channel\/UC7V2KZ5sd3htJivAbA4ZG3w"],"description":"Dicodusport est l'encyclop\u00e9die de l'actualit\u00e9 sportive.","email":"bonjour@dicodusport.fr","legalName":"DICODUSPORT","foundingDate":"2018-01-14","vatID":"FR71834470973","taxID":"83447097300043","numberOfEmployees":{"@type":"QuantitativeValue","minValue":"1","maxValue":"10"}},{"@type":"Person","@id":"https:\/\/dicodusport.fr\/blog\/#\/schema\/person\/55dcb50ad410894e431ed812bbb70191","name":"Nicolas Jacquemard","image":{"@type":"ImageObject","inLanguage":"fr-FR","@id":"https:\/\/dicodusport.fr\/blog\/#\/schema\/person\/image\/","url":"https:\/\/dicodusport.fr\/blog\/wp-content\/uploads\/2021\/05\/Nicolas-Jacquemard-150x150.jpeg","contentUrl":"https:\/\/dicodusport.fr\/blog\/wp-content\/uploads\/2021\/05\/Nicolas-Jacquemard-150x150.jpeg","caption":"Nicolas Jacquemard"},"description":"Passionn\u00e9 de sport et entrepreneur depuis mes 18 ans, la cr\u00e9ation de Dicodusport m'a sembl\u00e9 \u00e9vidente pour participer \u00e0 la m\u00e9diatisation d'un plus grand nombre de sports. Le chemin est long mais avec une \u00e9quipe des plus motiv\u00e9es et les Jeux Olympiques de Paris 2024 en point de mire, nous y arriverons ! Journaliste dans le monde du sport depuis plus de 5 ans, je traite aussi bien de football, de rugby, de biathlon que de cyclisme.","sameAs":["https:\/\/www.facebook.com\/dicodusport","https:\/\/x.com\/https:\/\/twitter.com\/Nico_Jacquemard"],"url":"https:\/\/dicodusport.fr\/blog\/author\/dicodusport\/"}]}},"_links":{"self":[{"href":"https:\/\/dicodusport.fr\/blog\/wp-json\/wp\/v2\/posts\/358605","targetHints":{"allow":["GET"]}}],"collection":[{"href":"https:\/\/dicodusport.fr\/blog\/wp-json\/wp\/v2\/posts"}],"about":[{"href":"https:\/\/dicodusport.fr\/blog\/wp-json\/wp\/v2\/types\/post"}],"author":[{"embeddable":true,"href":"https:\/\/dicodusport.fr\/blog\/wp-json\/wp\/v2\/users\/1"}],"replies":[{"embeddable":true,"href":"https:\/\/dicodusport.fr\/blog\/wp-json\/wp\/v2\/comments?post=358605"}],"version-history":[{"count":0,"href":"https:\/\/dicodusport.fr\/blog\/wp-json\/wp\/v2\/posts\/358605\/revisions"}],"wp:featuredmedia":[{"embeddable":true,"href":"https:\/\/dicodusport.fr\/blog\/wp-json\/wp\/v2\/media\/358609"}],"wp:attachment":[{"href":"https:\/\/dicodusport.fr\/blog\/wp-json\/wp\/v2\/media?parent=358605"}],"wp:term":[{"taxonomy":"category","embeddable":true,"href":"https:\/\/dicodusport.fr\/blog\/wp-json\/wp\/v2\/categories?post=358605"},{"taxonomy":"post_tag","embeddable":true,"href":"https:\/\/dicodusport.fr\/blog\/wp-json\/wp\/v2\/tags?post=358605"}],"curies":[{"name":"wp","href":"https:\/\/api.w.org\/{rel}","templated":true}]}}