{"id":35870,"date":"2019-03-24T16:10:02","date_gmt":"2019-03-24T15:10:02","guid":{"rendered":"http:\/\/dicodusport.fr\/blog\/?p=35870"},"modified":"2019-03-24T16:22:35","modified_gmt":"2019-03-24T15:22:35","slug":"les-favoris-du-tour-de-catalogne-2019","status":"publish","type":"post","link":"https:\/\/dicodusport.fr\/blog\/les-favoris-du-tour-de-catalogne-2019\/","title":{"rendered":"Les favoris du Tour de Catalogne 2019"},"content":{"rendered":"<p style=\"text-align: justify;\"><em><strong>C&rsquo;est demain que d\u00e9butera la <a href=\"https:\/\/dicodusport.fr\/blog\/tour-de-catalogne-2019-le-profil-des-etapes\/\" target=\"_blank\" rel=\"noopener\">99\u00e8me \u00e9dition du Tour de Catalogne<\/a>. De nombreux cadors seront de la partie au d\u00e9part de Calella. Nos favoris pour la victoire finale.<br \/>\n<\/strong><\/em><\/p>\n<h1>Alejandro Valverde &#8211; Movistar<\/h1>\n<div id=\"attachment_35705\" style=\"width: 810px\" class=\"wp-caption aligncenter\"><img loading=\"lazy\" decoding=\"async\" aria-describedby=\"caption-attachment-35705\" class=\"wp-image-35705 size-full\" src=\"http:\/\/dicodusport.fr\/blog\/wp-content\/uploads\/2019\/03\/Alejandro-Valverde-AP.png\" alt=\"\" width=\"800\" height=\"445\" srcset=\"https:\/\/dicodusport.fr\/blog\/wp-content\/uploads\/2019\/03\/Alejandro-Valverde-AP.png 800w, https:\/\/dicodusport.fr\/blog\/wp-content\/uploads\/2019\/03\/Alejandro-Valverde-AP-300x167.png 300w, https:\/\/dicodusport.fr\/blog\/wp-content\/uploads\/2019\/03\/Alejandro-Valverde-AP-768x427.png 768w\" sizes=\"auto, (max-width: 800px) 100vw, 800px\" \/><p id=\"caption-attachment-35705\" class=\"wp-caption-text\">Alejandro Valverde &#8211; AP<\/p><\/div>\n<p style=\"text-align: justify;\">Triple vainqueur de la Volta Catalunya et laur\u00e9at de la course l&rsquo;an dernier, Alejandro Valverde a termin\u00e9 7\u00e8me de Milan-San Remo hier. Le Murcian semble monter en puissance en ce d\u00e9but de saison, et nul doute qu&rsquo;il sera dans le coup au classement g\u00e9n\u00e9ral.<\/p>\n<p style=\"text-align: center;\"><a href=\"http:\/\/dicodusport.fr\/blog\/les-favoris-du-tour-de-catalogne-2019\/2\/#deux\" class=\"su-button su-button-style-flat\" style=\"color:#FFFFFF;background-color:#005f9b;border-color:#004c7c;border-radius:4px\" target=\"_self\"><span style=\"color:#FFFFFF;padding:0px 20px;font-size:16px;line-height:32px;border-color:#4d8fb9;border-radius:4px;text-shadow:none\"> Suivant<\/span><\/a><!--nextpage--><\/p>\n<h1><a id=\"deux\"><\/a>Nairo Quintana &#8211; Movistar<\/h1>\n<div id=\"attachment_35882\" style=\"width: 810px\" class=\"wp-caption aligncenter\"><img loading=\"lazy\" decoding=\"async\" aria-describedby=\"caption-attachment-35882\" class=\"wp-image-35882 size-full\" src=\"http:\/\/dicodusport.fr\/blog\/wp-content\/uploads\/2019\/03\/Nairo-Quintana-AP.png\" alt=\"\" width=\"800\" height=\"445\" srcset=\"https:\/\/dicodusport.fr\/blog\/wp-content\/uploads\/2019\/03\/Nairo-Quintana-AP.png 800w, https:\/\/dicodusport.fr\/blog\/wp-content\/uploads\/2019\/03\/Nairo-Quintana-AP-300x167.png 300w, https:\/\/dicodusport.fr\/blog\/wp-content\/uploads\/2019\/03\/Nairo-Quintana-AP-768x427.png 768w\" sizes=\"auto, (max-width: 800px) 100vw, 800px\" \/><p id=\"caption-attachment-35882\" class=\"wp-caption-text\">Nairo Quintana &#8211; AP<\/p><\/div>\n<p style=\"text-align: justify;\">Deuxi\u00e8me de Paris-Nice, le Colombien va donc devoir cohabiter avec Alejandro Valverde en Catalogne. Vainqueur en 2016, il faudra voir quel sera son r\u00f4le dans l&rsquo;\u00e9quipe de la Movistar. Mais on ne peut pas croire qu&rsquo;il ne sera pas de la f\u00eate au sommet du classement g\u00e9n\u00e9ral.<\/p>\n<p style=\"text-align: center;\"><a href=\"http:\/\/dicodusport.fr\/blog\/les-favoris-du-tour-de-catalogne-2019\/3\/#trois\" class=\"su-button su-button-style-flat\" style=\"color:#FFFFFF;background-color:#005f9b;border-color:#004c7c;border-radius:4px\" target=\"_self\"><span style=\"color:#FFFFFF;padding:0px 20px;font-size:16px;line-height:32px;border-color:#4d8fb9;border-radius:4px;text-shadow:none\"> Suivant<\/span><\/a>\n<p><!--nextpage--><\/p>\n<h1><a id=\"trois\"><\/a>Egan Bernal &#8211; Sky<\/h1>\n<div id=\"attachment_35883\" style=\"width: 810px\" class=\"wp-caption aligncenter\"><img loading=\"lazy\" decoding=\"async\" aria-describedby=\"caption-attachment-35883\" class=\"wp-image-35883 size-full\" src=\"http:\/\/dicodusport.fr\/blog\/wp-content\/uploads\/2019\/03\/Egan-Bernal-AFP.png\" alt=\"\" width=\"800\" height=\"445\" srcset=\"https:\/\/dicodusport.fr\/blog\/wp-content\/uploads\/2019\/03\/Egan-Bernal-AFP.png 800w, https:\/\/dicodusport.fr\/blog\/wp-content\/uploads\/2019\/03\/Egan-Bernal-AFP-300x167.png 300w, https:\/\/dicodusport.fr\/blog\/wp-content\/uploads\/2019\/03\/Egan-Bernal-AFP-768x427.png 768w\" sizes=\"auto, (max-width: 800px) 100vw, 800px\" \/><p id=\"caption-attachment-35883\" class=\"wp-caption-text\">Egan Bernal &#8211; AFP<\/p><\/div>\n<p style=\"text-align: justify;\">Vainqueur de Paris-Nice, Egan Bernal se verrait bien remettre le couvert en Catalogne. Mais quelle sera la strat\u00e9gie de la Sky, qui comptera \u00e9galement dans ses rangs un certain Chris Froome ? Toujours est-il que le Britannique risque d&rsquo;\u00eatre un peu juste cette semaine. La voie royale pour Bernal ?<\/p>\n<p style=\"text-align: center;\"><a href=\"http:\/\/dicodusport.fr\/blog\/les-favoris-du-tour-de-catalogne-2019\/4\/#quatre\" class=\"su-button su-button-style-flat\" style=\"color:#FFFFFF;background-color:#005f9b;border-color:#004c7c;border-radius:4px\" target=\"_self\"><span style=\"color:#FFFFFF;padding:0px 20px;font-size:16px;line-height:32px;border-color:#4d8fb9;border-radius:4px;text-shadow:none\"> Suivant<\/span><\/a>\n<p><!--nextpage--><\/p>\n<h1><a id=\"quatre\"><\/a>Richie Porte &#8211; Trek-Segafredo<\/h1>\n<div id=\"attachment_35884\" style=\"width: 810px\" class=\"wp-caption aligncenter\"><img loading=\"lazy\" decoding=\"async\" aria-describedby=\"caption-attachment-35884\" class=\"wp-image-35884 size-full\" src=\"http:\/\/dicodusport.fr\/blog\/wp-content\/uploads\/2019\/03\/Richie-Porte-Belga.png\" alt=\"\" width=\"800\" height=\"445\" srcset=\"https:\/\/dicodusport.fr\/blog\/wp-content\/uploads\/2019\/03\/Richie-Porte-Belga.png 800w, https:\/\/dicodusport.fr\/blog\/wp-content\/uploads\/2019\/03\/Richie-Porte-Belga-300x167.png 300w, https:\/\/dicodusport.fr\/blog\/wp-content\/uploads\/2019\/03\/Richie-Porte-Belga-768x427.png 768w\" sizes=\"auto, (max-width: 800px) 100vw, 800px\" \/><p id=\"caption-attachment-35884\" class=\"wp-caption-text\">Richie Porte &#8211; Belga<\/p><\/div>\n<p style=\"text-align: justify;\">L&rsquo;Australien a d\u00e9j\u00e0 remport\u00e9 le classement g\u00e9n\u00e9ral en Catalogne, c&rsquo;\u00e9tait en 2015. Victorieux d&rsquo;une \u00e9tape sur le Down Under en tout d\u00e9but de saison, Richie Porte a ensuite \u00e9t\u00e9 un peu plus en retrait, la faute \u00e0 une bronchite avant Paris-Nice. Mais s&rsquo;il est en forme, il sera dans le jeu pour un podium final, voire mieux.<\/p>\n<p style=\"text-align: center;\"><a href=\"http:\/\/dicodusport.fr\/blog\/les-favoris-du-tour-de-catalogne-2019\/5\/#cinq\" class=\"su-button su-button-style-flat\" style=\"color:#FFFFFF;background-color:#005f9b;border-color:#004c7c;border-radius:4px\" target=\"_self\"><span style=\"color:#FFFFFF;padding:0px 20px;font-size:16px;line-height:32px;border-color:#4d8fb9;border-radius:4px;text-shadow:none\"> Suivant<\/span><\/a>\n<p><!--nextpage--><\/p>\n<h1><a id=\"cinq\"><\/a>Simon Yates &#8211; Mitchelton-Scott<\/h1>\n<div id=\"attachment_35299\" style=\"width: 810px\" class=\"wp-caption aligncenter\"><img loading=\"lazy\" decoding=\"async\" aria-describedby=\"caption-attachment-35299\" class=\"wp-image-35299 size-full\" src=\"http:\/\/dicodusport.fr\/blog\/wp-content\/uploads\/2019\/03\/Simon-Yates-Paris-Nice.png\" alt=\"\" width=\"800\" height=\"445\" srcset=\"https:\/\/dicodusport.fr\/blog\/wp-content\/uploads\/2019\/03\/Simon-Yates-Paris-Nice.png 800w, https:\/\/dicodusport.fr\/blog\/wp-content\/uploads\/2019\/03\/Simon-Yates-Paris-Nice-300x167.png 300w, https:\/\/dicodusport.fr\/blog\/wp-content\/uploads\/2019\/03\/Simon-Yates-Paris-Nice-768x427.png 768w\" sizes=\"auto, (max-width: 800px) 100vw, 800px\" \/><p id=\"caption-attachment-35299\" class=\"wp-caption-text\">Simon Yates &#8211; Getty Images<\/p><\/div>\n<p style=\"text-align: justify;\">Vainqueur d&rsquo;\u00e9tapes en Andalousie et sur Paris-Nice, le Britannique monte en puissance en cette fin d&rsquo;hiver. Associ\u00e9 \u00e0 son fr\u00e8re, Adam, qui vient d&rsquo;\u00e9chouer pour une seconde sur Tirreno-Adriatico, le laur\u00e9at de la derni\u00e8re Vuelta pourrait se montrer \u00e0 son avantage cette semaine, avec le podium en ligne de mire.<\/p>\n<p style=\"text-align: center;\"><a href=\"http:\/\/dicodusport.fr\/blog\/les-favoris-du-tour-de-catalogne-2019\/6\/#six\" class=\"su-button su-button-style-flat\" style=\"color:#FFFFFF;background-color:#005f9b;border-color:#004c7c;border-radius:4px\" target=\"_self\"><span style=\"color:#FFFFFF;padding:0px 20px;font-size:16px;line-height:32px;border-color:#4d8fb9;border-radius:4px;text-shadow:none\"> Suivant<\/span><\/a>\n<p><!--nextpage--><\/p>\n<h1><a id=\"six\"><\/a>Thibaut Pinot &#8211; Groupama-FDJ<\/h1>\n<div id=\"attachment_34475\" style=\"width: 810px\" class=\"wp-caption aligncenter\"><img loading=\"lazy\" decoding=\"async\" aria-describedby=\"caption-attachment-34475\" class=\"wp-image-34475 size-full\" src=\"http:\/\/dicodusport.fr\/blog\/wp-content\/uploads\/2019\/03\/Thibaut-Pinot-Classic-de-lArd\u00e8che.png\" alt=\"\" width=\"800\" height=\"445\" srcset=\"https:\/\/dicodusport.fr\/blog\/wp-content\/uploads\/2019\/03\/Thibaut-Pinot-Classic-de-lArd\u00e8che.png 800w, https:\/\/dicodusport.fr\/blog\/wp-content\/uploads\/2019\/03\/Thibaut-Pinot-Classic-de-lArd\u00e8che-300x167.png 300w, https:\/\/dicodusport.fr\/blog\/wp-content\/uploads\/2019\/03\/Thibaut-Pinot-Classic-de-lArd\u00e8che-768x427.png 768w\" sizes=\"auto, (max-width: 800px) 100vw, 800px\" \/><p id=\"caption-attachment-34475\" class=\"wp-caption-text\">Thibaut Pinot &#8211; AFP<\/p><\/div>\n<p style=\"text-align: justify;\">Vainqueur du Haut-Var, le Franc-Comtois a r\u00e9cemment pris la 5\u00e8me place sur Tirreno-Adriatico. Emb\u00eat\u00e9 par un virus avant la course des deux mers, il sera en Catalogne pour performer et prendre place en haut du classement g\u00e9n\u00e9ral. Sera-t-il en mesure de jouer les premiers r\u00f4les ?<\/p>\n<p style=\"text-align: center;\"><a href=\"http:\/\/dicodusport.fr\/blog\/les-favoris-du-tour-de-catalogne-2019\/7\/#sept\" class=\"su-button su-button-style-flat\" style=\"color:#FFFFFF;background-color:#005f9b;border-color:#004c7c;border-radius:4px\" target=\"_self\"><span style=\"color:#FFFFFF;padding:0px 20px;font-size:16px;line-height:32px;border-color:#4d8fb9;border-radius:4px;text-shadow:none\"> Suivant<\/span><\/a>\n<h1><!--nextpage--><\/h1>\n<h1><a id=\"sept\"><\/a>Steven Kruijswijk &#8211; Jumbo-Visma<\/h1>\n<div id=\"attachment_35885\" style=\"width: 810px\" class=\"wp-caption aligncenter\"><img loading=\"lazy\" decoding=\"async\" aria-describedby=\"caption-attachment-35885\" class=\"wp-image-35885 size-full\" src=\"http:\/\/dicodusport.fr\/blog\/wp-content\/uploads\/2019\/03\/Steven-Kruijswijk-Strava.png\" alt=\"\" width=\"800\" height=\"445\" srcset=\"https:\/\/dicodusport.fr\/blog\/wp-content\/uploads\/2019\/03\/Steven-Kruijswijk-Strava.png 800w, https:\/\/dicodusport.fr\/blog\/wp-content\/uploads\/2019\/03\/Steven-Kruijswijk-Strava-300x167.png 300w, https:\/\/dicodusport.fr\/blog\/wp-content\/uploads\/2019\/03\/Steven-Kruijswijk-Strava-768x427.png 768w\" sizes=\"auto, (max-width: 800px) 100vw, 800px\" \/><p id=\"caption-attachment-35885\" class=\"wp-caption-text\">Steven Kruijswijk &#8211; Strava<\/p><\/div>\n<p style=\"text-align: justify;\">Discret en ce d\u00e9but de saison (3\u00e8me en Andalousie), le N\u00e9erlandais de la Jumbo-Visma a affich\u00e9 ses ambitions sur cette Volta Catalunya et visera le podium. Capable du meilleur comme du pire, il pourrait \u00eatre la surprise du chef de ce 99\u00e8me Tour de Catalogne.<\/p>\n<p style=\"text-align: center;\"><a href=\"http:\/\/dicodusport.fr\/blog\/les-favoris-du-tour-de-catalogne-2019\/\" class=\"su-button su-button-style-flat\" style=\"color:#FFFFFF;background-color:#005f9b;border-color:#004c7c;border-radius:4px\" target=\"_self\"><span style=\"color:#FFFFFF;padding:0px 20px;font-size:16px;line-height:32px;border-color:#4d8fb9;border-radius:4px;text-shadow:none\"> Revenir au d\u00e9but<\/span><\/a>\n<p><strong><em>Flo Ostermann<br \/>\n<a href=\"https:\/\/www.facebook.com\/florent.ostermann\"><img loading=\"lazy\" decoding=\"async\" class=\"alignnone wp-image-2909\" src=\"http:\/\/dicodusport.fr\/blog\/wp-content\/uploads\/2017\/07\/logo-facebook-150x150.png\" sizes=\"auto, (max-width: 40px) 100vw, 40px\" srcset=\"https:\/\/dicodusport.fr\/blog\/wp-content\/uploads\/2017\/07\/logo-facebook-150x150.png 150w, https:\/\/dicodusport.fr\/blog\/wp-content\/uploads\/2017\/07\/logo-facebook-300x300.png 300w, https:\/\/dicodusport.fr\/blog\/wp-content\/uploads\/2017\/07\/logo-facebook.png 400w\" alt=\"\" width=\"40\" height=\"40\" \/><\/a><a href=\"https:\/\/twitter.com\/SportInsideMag\"><img loading=\"lazy\" decoding=\"async\" class=\"alignnone wp-image-2908\" src=\"http:\/\/dicodusport.fr\/blog\/wp-content\/uploads\/2017\/07\/logo-twitter-150x150.png\" alt=\"\" width=\"39\" height=\"39\" \/><\/a><\/em><\/strong><\/p>\n<p>&nbsp;<\/p>\n","protected":false},"excerpt":{"rendered":"<p>C&rsquo;est demain que d\u00e9butera la 99\u00e8me \u00e9dition du Tour de Catalogne. De nombreux cadors seront de la partie au d\u00e9part de Calella. Nos favoris pour la victoire finale.<\/p>\n","protected":false},"author":4,"featured_media":35886,"comment_status":"open","ping_status":"closed","sticky":false,"template":"","format":"standard","meta":{"_acf_changed":false,"_daextam_enable_autolinks":"","footnotes":""},"categories":[2,2307],"tags":[574,7488],"class_list":["post-35870","post","type-post","status-publish","format-standard","has-post-thumbnail","hentry","category-actualites","category-cyclisme","tag-cyclisme","tag-tour-de-catalogne"],"acf":[],"yoast_head":"<!-- This site is optimized with the Yoast SEO Premium plugin v26.7 (Yoast SEO v26.7) - https:\/\/yoast.com\/wordpress\/plugins\/seo\/ -->\n<title>Les favoris du Tour de Catalogne 2019<\/title>\n<meta name=\"description\" content=\"C&#039;est demain que d\u00e9butera la 99\u00e8me \u00e9dition du Tour de Catalogne. De nombreux cadors seront au d\u00e9part de Calella. Nos favoris pour la victoire finale.\" \/>\n<meta name=\"robots\" content=\"index, follow, max-snippet:-1, max-image-preview:large, max-video-preview:-1\" \/>\n<link rel=\"canonical\" href=\"https:\/\/dicodusport.fr\/blog\/les-favoris-du-tour-de-catalogne-2019\/\" \/>\n<link rel=\"next\" href=\"https:\/\/dicodusport.fr\/blog\/les-favoris-du-tour-de-catalogne-2019\/2\/\" \/>\n<meta property=\"og:locale\" content=\"fr_FR\" \/>\n<meta property=\"og:type\" content=\"article\" \/>\n<meta property=\"og:title\" content=\"Les favoris du Tour de Catalogne 2019\" \/>\n<meta property=\"og:description\" content=\"C&#039;est demain que d\u00e9butera la 99\u00e8me \u00e9dition du Tour de Catalogne. De nombreux cadors seront au d\u00e9part de Calella. Nos favoris pour la victoire finale.\" \/>\n<meta property=\"og:url\" content=\"https:\/\/dicodusport.fr\/blog\/les-favoris-du-tour-de-catalogne-2019\/\" \/>\n<meta property=\"og:site_name\" content=\"Dicodusport\" \/>\n<meta property=\"article:publisher\" content=\"https:\/\/www.facebook.com\/dicodusport\" \/>\n<meta property=\"article:author\" content=\"https:\/\/www.facebook.com\/florent.ostermann\" \/>\n<meta property=\"article:published_time\" content=\"2019-03-24T15:10:02+00:00\" \/>\n<meta property=\"article:modified_time\" content=\"2019-03-24T15:22:35+00:00\" \/>\n<meta property=\"og:image\" content=\"https:\/\/dicodusport.fr\/blog\/wp-content\/uploads\/2019\/03\/Favoris-Tour-de-Catalogne-2019.png\" \/>\n\t<meta property=\"og:image:width\" content=\"800\" \/>\n\t<meta property=\"og:image:height\" content=\"445\" \/>\n\t<meta property=\"og:image:type\" content=\"image\/png\" \/>\n<meta name=\"author\" content=\"Flo Ostermann\" \/>\n<meta name=\"twitter:card\" content=\"summary_large_image\" \/>\n<meta name=\"twitter:creator\" content=\"@https:\/\/twitter.com\/FlOstermann\" \/>\n<meta name=\"twitter:site\" content=\"@dicodusport\" \/>\n<script type=\"application\/ld+json\" class=\"yoast-schema-graph\">{\"@context\":\"https:\/\/schema.org\",\"@graph\":[{\"@type\":\"NewsArticle\",\"@id\":\"https:\/\/dicodusport.fr\/blog\/les-favoris-du-tour-de-catalogne-2019\/#article\",\"isPartOf\":{\"@id\":\"https:\/\/dicodusport.fr\/blog\/les-favoris-du-tour-de-catalogne-2019\/\"},\"author\":{\"name\":\"Flo Ostermann\",\"@id\":\"https:\/\/dicodusport.fr\/blog\/#\/schema\/person\/cb02af4c173ce4a653b55e9baf388d4a\"},\"headline\":\"Les favoris du Tour de Catalogne 2019\",\"datePublished\":\"2019-03-24T15:10:02+00:00\",\"dateModified\":\"2019-03-24T15:22:35+00:00\",\"mainEntityOfPage\":{\"@id\":\"https:\/\/dicodusport.fr\/blog\/les-favoris-du-tour-de-catalogne-2019\/\"},\"wordCount\":648,\"commentCount\":0,\"publisher\":{\"@id\":\"https:\/\/dicodusport.fr\/blog\/#organization\"},\"image\":{\"@id\":\"https:\/\/dicodusport.fr\/blog\/les-favoris-du-tour-de-catalogne-2019\/#primaryimage\"},\"thumbnailUrl\":\"https:\/\/dicodusport.fr\/blog\/wp-content\/uploads\/2019\/03\/Favoris-Tour-de-Catalogne-2019.png\",\"keywords\":[\"Cyclisme\",\"Tour de Catalogne\"],\"articleSection\":[\"Actualit\u00e9s\",\"Cyclisme\"],\"inLanguage\":\"fr-FR\",\"potentialAction\":[{\"@type\":\"CommentAction\",\"name\":\"Comment\",\"target\":[\"https:\/\/dicodusport.fr\/blog\/les-favoris-du-tour-de-catalogne-2019\/#respond\"]}],\"copyrightYear\":\"2019\",\"copyrightHolder\":{\"@id\":\"https:\/\/dicodusport.fr\/blog\/#organization\"}},{\"@type\":\"WebPage\",\"@id\":\"https:\/\/dicodusport.fr\/blog\/les-favoris-du-tour-de-catalogne-2019\/\",\"url\":\"https:\/\/dicodusport.fr\/blog\/les-favoris-du-tour-de-catalogne-2019\/\",\"name\":\"Les favoris du Tour de Catalogne 2019\",\"isPartOf\":{\"@id\":\"https:\/\/dicodusport.fr\/blog\/#website\"},\"primaryImageOfPage\":{\"@id\":\"https:\/\/dicodusport.fr\/blog\/les-favoris-du-tour-de-catalogne-2019\/#primaryimage\"},\"image\":{\"@id\":\"https:\/\/dicodusport.fr\/blog\/les-favoris-du-tour-de-catalogne-2019\/#primaryimage\"},\"thumbnailUrl\":\"https:\/\/dicodusport.fr\/blog\/wp-content\/uploads\/2019\/03\/Favoris-Tour-de-Catalogne-2019.png\",\"datePublished\":\"2019-03-24T15:10:02+00:00\",\"dateModified\":\"2019-03-24T15:22:35+00:00\",\"description\":\"C'est demain que d\u00e9butera la 99\u00e8me \u00e9dition du Tour de Catalogne. De nombreux cadors seront au d\u00e9part de Calella. Nos favoris pour la victoire finale.\",\"inLanguage\":\"fr-FR\",\"potentialAction\":[{\"@type\":\"ReadAction\",\"target\":[\"https:\/\/dicodusport.fr\/blog\/les-favoris-du-tour-de-catalogne-2019\/\"]}]},{\"@type\":\"ImageObject\",\"inLanguage\":\"fr-FR\",\"@id\":\"https:\/\/dicodusport.fr\/blog\/les-favoris-du-tour-de-catalogne-2019\/#primaryimage\",\"url\":\"https:\/\/dicodusport.fr\/blog\/wp-content\/uploads\/2019\/03\/Favoris-Tour-de-Catalogne-2019.png\",\"contentUrl\":\"https:\/\/dicodusport.fr\/blog\/wp-content\/uploads\/2019\/03\/Favoris-Tour-de-Catalogne-2019.png\",\"width\":800,\"height\":445},{\"@type\":\"WebSite\",\"@id\":\"https:\/\/dicodusport.fr\/blog\/#website\",\"url\":\"https:\/\/dicodusport.fr\/blog\/\",\"name\":\"Dicodusport\",\"description\":\"L&#039;encyclop\u00e9die de l&#039;actualit\u00e9 sportive\",\"publisher\":{\"@id\":\"https:\/\/dicodusport.fr\/blog\/#organization\"},\"potentialAction\":[{\"@type\":\"SearchAction\",\"target\":{\"@type\":\"EntryPoint\",\"urlTemplate\":\"https:\/\/dicodusport.fr\/blog\/?s={search_term_string}\"},\"query-input\":{\"@type\":\"PropertyValueSpecification\",\"valueRequired\":true,\"valueName\":\"search_term_string\"}}],\"inLanguage\":\"fr-FR\"},{\"@type\":\"NewsMediaOrganization\",\"@id\":\"https:\/\/dicodusport.fr\/blog\/#organization\",\"name\":\"Dicodusport\",\"url\":\"https:\/\/dicodusport.fr\/blog\/\",\"logo\":{\"@type\":\"ImageObject\",\"inLanguage\":\"fr-FR\",\"@id\":\"https:\/\/dicodusport.fr\/blog\/#\/schema\/logo\/image\/\",\"url\":\"https:\/\/dicodusport.fr\/blog\/wp-content\/uploads\/2020\/06\/cropped-LOGO-DICODUSPORT-2020-SANS-FOND-SANS-TEXTE.png\",\"contentUrl\":\"https:\/\/dicodusport.fr\/blog\/wp-content\/uploads\/2020\/06\/cropped-LOGO-DICODUSPORT-2020-SANS-FOND-SANS-TEXTE.png\",\"width\":512,\"height\":512,\"caption\":\"Dicodusport\"},\"image\":{\"@id\":\"https:\/\/dicodusport.fr\/blog\/#\/schema\/logo\/image\/\"},\"sameAs\":[\"https:\/\/www.facebook.com\/dicodusport\",\"https:\/\/x.com\/dicodusport\",\"https:\/\/www.instagram.com\/dicodusport\/\",\"https:\/\/www.youtube.com\/channel\/UC7V2KZ5sd3htJivAbA4ZG3w\"],\"description\":\"Dicodusport est l'encyclop\u00e9die de l'actualit\u00e9 sportive.\",\"email\":\"bonjour@dicodusport.fr\",\"legalName\":\"DICODUSPORT\",\"foundingDate\":\"2018-01-14\",\"vatID\":\"FR71834470973\",\"taxID\":\"83447097300043\",\"numberOfEmployees\":{\"@type\":\"QuantitativeValue\",\"minValue\":\"1\",\"maxValue\":\"10\"}},{\"@type\":\"Person\",\"@id\":\"https:\/\/dicodusport.fr\/blog\/#\/schema\/person\/cb02af4c173ce4a653b55e9baf388d4a\",\"name\":\"Flo Ostermann\",\"image\":{\"@type\":\"ImageObject\",\"inLanguage\":\"fr-FR\",\"@id\":\"https:\/\/dicodusport.fr\/blog\/#\/schema\/person\/image\/\",\"url\":\"https:\/\/dicodusport.fr\/blog\/wp-content\/uploads\/2021\/05\/Flo-Ostermann-150x150.jpg\",\"contentUrl\":\"https:\/\/dicodusport.fr\/blog\/wp-content\/uploads\/2021\/05\/Flo-Ostermann-150x150.jpg\",\"caption\":\"Flo Ostermann\"},\"description\":\"Journaliste\/R\u00e9dacteur depuis septembre 2015 - Mes premiers souvenirs dans le sport ? Les envol\u00e9es du Stade Toulousain et les duels Villeneuve-Schumacher et H\u00e4kkinen-Schumacher \u00e0 la fin des ann\u00e9es 90, la Coupe du monde de football en 1998, l\u2019exploit du XV de France face aux All Blacks en 1999, mais aussi Richard C\u0153ur de Lion qui vole sur les montagnes du Tour de France. Bien parti pour devenir professeur d\u2019EPS, les \u00e9v\u00e9nements de la vie (et la flemme d\u2019animer des s\u00e9ances de 3x500 m\u00e8tres toute ma vie) m\u2019ont conduit \u00e0 revoir mes plans. Me voil\u00e0 depuis fin 2017 sur Dicodusport, m\u00e9dia gr\u00e2ce (et pour) lequel je partage ma passion : le sport dans tous ses \u00e9tats. Le tout accompagn\u00e9 par les fous furieux et folles furieuses cit\u00e9s sur cette page !\",\"sameAs\":[\"https:\/\/www.facebook.com\/florent.ostermann\",\"https:\/\/x.com\/https:\/\/twitter.com\/FlOstermann\",\"admin\"],\"url\":\"https:\/\/dicodusport.fr\/blog\/author\/flo\/\"}]}<\/script>\n<!-- \/ Yoast SEO Premium plugin. -->","yoast_head_json":{"title":"Les favoris du Tour de Catalogne 2019","description":"C'est demain que d\u00e9butera la 99\u00e8me \u00e9dition du Tour de Catalogne. De nombreux cadors seront au d\u00e9part de Calella. Nos favoris pour la victoire finale.","robots":{"index":"index","follow":"follow","max-snippet":"max-snippet:-1","max-image-preview":"max-image-preview:large","max-video-preview":"max-video-preview:-1"},"canonical":"https:\/\/dicodusport.fr\/blog\/les-favoris-du-tour-de-catalogne-2019\/","next":"https:\/\/dicodusport.fr\/blog\/les-favoris-du-tour-de-catalogne-2019\/2\/","og_locale":"fr_FR","og_type":"article","og_title":"Les favoris du Tour de Catalogne 2019","og_description":"C'est demain que d\u00e9butera la 99\u00e8me \u00e9dition du Tour de Catalogne. De nombreux cadors seront au d\u00e9part de Calella. Nos favoris pour la victoire finale.","og_url":"https:\/\/dicodusport.fr\/blog\/les-favoris-du-tour-de-catalogne-2019\/","og_site_name":"Dicodusport","article_publisher":"https:\/\/www.facebook.com\/dicodusport","article_author":"https:\/\/www.facebook.com\/florent.ostermann","article_published_time":"2019-03-24T15:10:02+00:00","article_modified_time":"2019-03-24T15:22:35+00:00","og_image":[{"width":800,"height":445,"url":"https:\/\/dicodusport.fr\/blog\/wp-content\/uploads\/2019\/03\/Favoris-Tour-de-Catalogne-2019.png","type":"image\/png"}],"author":"Flo Ostermann","twitter_card":"summary_large_image","twitter_creator":"@https:\/\/twitter.com\/FlOstermann","twitter_site":"@dicodusport","schema":{"@context":"https:\/\/schema.org","@graph":[{"@type":"NewsArticle","@id":"https:\/\/dicodusport.fr\/blog\/les-favoris-du-tour-de-catalogne-2019\/#article","isPartOf":{"@id":"https:\/\/dicodusport.fr\/blog\/les-favoris-du-tour-de-catalogne-2019\/"},"author":{"name":"Flo Ostermann","@id":"https:\/\/dicodusport.fr\/blog\/#\/schema\/person\/cb02af4c173ce4a653b55e9baf388d4a"},"headline":"Les favoris du Tour de Catalogne 2019","datePublished":"2019-03-24T15:10:02+00:00","dateModified":"2019-03-24T15:22:35+00:00","mainEntityOfPage":{"@id":"https:\/\/dicodusport.fr\/blog\/les-favoris-du-tour-de-catalogne-2019\/"},"wordCount":648,"commentCount":0,"publisher":{"@id":"https:\/\/dicodusport.fr\/blog\/#organization"},"image":{"@id":"https:\/\/dicodusport.fr\/blog\/les-favoris-du-tour-de-catalogne-2019\/#primaryimage"},"thumbnailUrl":"https:\/\/dicodusport.fr\/blog\/wp-content\/uploads\/2019\/03\/Favoris-Tour-de-Catalogne-2019.png","keywords":["Cyclisme","Tour de Catalogne"],"articleSection":["Actualit\u00e9s","Cyclisme"],"inLanguage":"fr-FR","potentialAction":[{"@type":"CommentAction","name":"Comment","target":["https:\/\/dicodusport.fr\/blog\/les-favoris-du-tour-de-catalogne-2019\/#respond"]}],"copyrightYear":"2019","copyrightHolder":{"@id":"https:\/\/dicodusport.fr\/blog\/#organization"}},{"@type":"WebPage","@id":"https:\/\/dicodusport.fr\/blog\/les-favoris-du-tour-de-catalogne-2019\/","url":"https:\/\/dicodusport.fr\/blog\/les-favoris-du-tour-de-catalogne-2019\/","name":"Les favoris du Tour de Catalogne 2019","isPartOf":{"@id":"https:\/\/dicodusport.fr\/blog\/#website"},"primaryImageOfPage":{"@id":"https:\/\/dicodusport.fr\/blog\/les-favoris-du-tour-de-catalogne-2019\/#primaryimage"},"image":{"@id":"https:\/\/dicodusport.fr\/blog\/les-favoris-du-tour-de-catalogne-2019\/#primaryimage"},"thumbnailUrl":"https:\/\/dicodusport.fr\/blog\/wp-content\/uploads\/2019\/03\/Favoris-Tour-de-Catalogne-2019.png","datePublished":"2019-03-24T15:10:02+00:00","dateModified":"2019-03-24T15:22:35+00:00","description":"C'est demain que d\u00e9butera la 99\u00e8me \u00e9dition du Tour de Catalogne. De nombreux cadors seront au d\u00e9part de Calella. Nos favoris pour la victoire finale.","inLanguage":"fr-FR","potentialAction":[{"@type":"ReadAction","target":["https:\/\/dicodusport.fr\/blog\/les-favoris-du-tour-de-catalogne-2019\/"]}]},{"@type":"ImageObject","inLanguage":"fr-FR","@id":"https:\/\/dicodusport.fr\/blog\/les-favoris-du-tour-de-catalogne-2019\/#primaryimage","url":"https:\/\/dicodusport.fr\/blog\/wp-content\/uploads\/2019\/03\/Favoris-Tour-de-Catalogne-2019.png","contentUrl":"https:\/\/dicodusport.fr\/blog\/wp-content\/uploads\/2019\/03\/Favoris-Tour-de-Catalogne-2019.png","width":800,"height":445},{"@type":"WebSite","@id":"https:\/\/dicodusport.fr\/blog\/#website","url":"https:\/\/dicodusport.fr\/blog\/","name":"Dicodusport","description":"L&#039;encyclop\u00e9die de l&#039;actualit\u00e9 sportive","publisher":{"@id":"https:\/\/dicodusport.fr\/blog\/#organization"},"potentialAction":[{"@type":"SearchAction","target":{"@type":"EntryPoint","urlTemplate":"https:\/\/dicodusport.fr\/blog\/?s={search_term_string}"},"query-input":{"@type":"PropertyValueSpecification","valueRequired":true,"valueName":"search_term_string"}}],"inLanguage":"fr-FR"},{"@type":"NewsMediaOrganization","@id":"https:\/\/dicodusport.fr\/blog\/#organization","name":"Dicodusport","url":"https:\/\/dicodusport.fr\/blog\/","logo":{"@type":"ImageObject","inLanguage":"fr-FR","@id":"https:\/\/dicodusport.fr\/blog\/#\/schema\/logo\/image\/","url":"https:\/\/dicodusport.fr\/blog\/wp-content\/uploads\/2020\/06\/cropped-LOGO-DICODUSPORT-2020-SANS-FOND-SANS-TEXTE.png","contentUrl":"https:\/\/dicodusport.fr\/blog\/wp-content\/uploads\/2020\/06\/cropped-LOGO-DICODUSPORT-2020-SANS-FOND-SANS-TEXTE.png","width":512,"height":512,"caption":"Dicodusport"},"image":{"@id":"https:\/\/dicodusport.fr\/blog\/#\/schema\/logo\/image\/"},"sameAs":["https:\/\/www.facebook.com\/dicodusport","https:\/\/x.com\/dicodusport","https:\/\/www.instagram.com\/dicodusport\/","https:\/\/www.youtube.com\/channel\/UC7V2KZ5sd3htJivAbA4ZG3w"],"description":"Dicodusport est l'encyclop\u00e9die de l'actualit\u00e9 sportive.","email":"bonjour@dicodusport.fr","legalName":"DICODUSPORT","foundingDate":"2018-01-14","vatID":"FR71834470973","taxID":"83447097300043","numberOfEmployees":{"@type":"QuantitativeValue","minValue":"1","maxValue":"10"}},{"@type":"Person","@id":"https:\/\/dicodusport.fr\/blog\/#\/schema\/person\/cb02af4c173ce4a653b55e9baf388d4a","name":"Flo Ostermann","image":{"@type":"ImageObject","inLanguage":"fr-FR","@id":"https:\/\/dicodusport.fr\/blog\/#\/schema\/person\/image\/","url":"https:\/\/dicodusport.fr\/blog\/wp-content\/uploads\/2021\/05\/Flo-Ostermann-150x150.jpg","contentUrl":"https:\/\/dicodusport.fr\/blog\/wp-content\/uploads\/2021\/05\/Flo-Ostermann-150x150.jpg","caption":"Flo Ostermann"},"description":"Journaliste\/R\u00e9dacteur depuis septembre 2015 - Mes premiers souvenirs dans le sport ? Les envol\u00e9es du Stade Toulousain et les duels Villeneuve-Schumacher et H\u00e4kkinen-Schumacher \u00e0 la fin des ann\u00e9es 90, la Coupe du monde de football en 1998, l\u2019exploit du XV de France face aux All Blacks en 1999, mais aussi Richard C\u0153ur de Lion qui vole sur les montagnes du Tour de France. Bien parti pour devenir professeur d\u2019EPS, les \u00e9v\u00e9nements de la vie (et la flemme d\u2019animer des s\u00e9ances de 3x500 m\u00e8tres toute ma vie) m\u2019ont conduit \u00e0 revoir mes plans. Me voil\u00e0 depuis fin 2017 sur Dicodusport, m\u00e9dia gr\u00e2ce (et pour) lequel je partage ma passion : le sport dans tous ses \u00e9tats. Le tout accompagn\u00e9 par les fous furieux et folles furieuses cit\u00e9s sur cette page !","sameAs":["https:\/\/www.facebook.com\/florent.ostermann","https:\/\/x.com\/https:\/\/twitter.com\/FlOstermann","admin"],"url":"https:\/\/dicodusport.fr\/blog\/author\/flo\/"}]}},"_links":{"self":[{"href":"https:\/\/dicodusport.fr\/blog\/wp-json\/wp\/v2\/posts\/35870","targetHints":{"allow":["GET"]}}],"collection":[{"href":"https:\/\/dicodusport.fr\/blog\/wp-json\/wp\/v2\/posts"}],"about":[{"href":"https:\/\/dicodusport.fr\/blog\/wp-json\/wp\/v2\/types\/post"}],"author":[{"embeddable":true,"href":"https:\/\/dicodusport.fr\/blog\/wp-json\/wp\/v2\/users\/4"}],"replies":[{"embeddable":true,"href":"https:\/\/dicodusport.fr\/blog\/wp-json\/wp\/v2\/comments?post=35870"}],"version-history":[{"count":0,"href":"https:\/\/dicodusport.fr\/blog\/wp-json\/wp\/v2\/posts\/35870\/revisions"}],"wp:featuredmedia":[{"embeddable":true,"href":"https:\/\/dicodusport.fr\/blog\/wp-json\/wp\/v2\/media\/35886"}],"wp:attachment":[{"href":"https:\/\/dicodusport.fr\/blog\/wp-json\/wp\/v2\/media?parent=35870"}],"wp:term":[{"taxonomy":"category","embeddable":true,"href":"https:\/\/dicodusport.fr\/blog\/wp-json\/wp\/v2\/categories?post=35870"},{"taxonomy":"post_tag","embeddable":true,"href":"https:\/\/dicodusport.fr\/blog\/wp-json\/wp\/v2\/tags?post=35870"}],"curies":[{"name":"wp","href":"https:\/\/api.w.org\/{rel}","templated":true}]}}