{"id":35871,"date":"2019-03-24T14:24:05","date_gmt":"2019-03-24T13:24:05","guid":{"rendered":"http:\/\/dicodusport.fr\/blog\/?p=35871"},"modified":"2019-03-24T22:49:27","modified_gmt":"2019-03-24T21:49:27","slug":"biathlon-oslo-hanna-oeberg-s-impose-sur-la-mass-start-le-gros-globe-pour-wierer","status":"publish","type":"post","link":"https:\/\/dicodusport.fr\/blog\/biathlon-oslo-hanna-oeberg-s-impose-sur-la-mass-start-le-gros-globe-pour-wierer\/","title":{"rendered":"Biathlon &#8211; Oslo : Hanna Oeberg s&rsquo;impose sur la mass start, le gros globe pour Wierer"},"content":{"rendered":"<p style=\"text-align: justify;\"><strong><em>La Su\u00e9doise Hanna Oeberg a remport\u00e9 la derni\u00e8re course de la saison lors de la mass start d&rsquo;Oslo, glanant par la m\u00eame occasion le petit globe de la discipline. Elle devance sur la ligne la Norv\u00e9gienne Tiril Eckhoff et l&rsquo;Am\u00e9ricaine Claire Egan. L&rsquo;Italienne d\u00e9croche quant \u00e0 elle le gros globe.<\/em> <\/strong><\/p>\n<p style=\"text-align: justify;\">Apr\u00e8s son titre mondial de l&rsquo;individuel d\u00e9croch\u00e9 \u00e0 Ostersund, Hanna Oeberg a une nouvelle fois vis\u00e9 juste aujourd&rsquo;hui sur la mass start d&rsquo;Oslo, sur le site d&rsquo;Holmenkollen. La Su\u00e9doise s&rsquo;est impos\u00e9e en \u00e9tant autoritaire sur le pas de tirs (18\/20), devan\u00e7ant la Norv\u00e9gienne Tiril Eckhoff (1.3, 17\/20) et l&rsquo;Am\u00e9ricaine Claire Egan (+10.4, 19\/20). Cette derni\u00e8re monte pour la premi\u00e8re fois de sa carri\u00e8re sur le podium d&rsquo;une course en Coupe du monde.<\/p>\n<p style=\"text-align: justify;\">C\u00f4t\u00e9 Fran\u00e7aises, cette ultime course aura une nouvelle fois \u00e9t\u00e9 compliqu\u00e9e, \u00e0 l&rsquo;image de la saison des Bleues. Julia Simon, premi\u00e8re Tricolore aujourd&rsquo;hui, prend la 7\u00e8me place avec quatre fautes derri\u00e8re la carabine. Ana\u00efs Bescond est 17\u00e8me (17\/20), C\u00e9lia Aymonier 22\u00e8me avec six erreurs. Justine Braisaz a abandonn\u00e9 d\u00e8s le premier tour apr\u00e8s une chute.<\/p>\n<p><span class=\"eLh8kK0VYBXGzAyWEjdHmgn62JTpxoM\"><\/p>\n<blockquote class=\"twitter-tweet\" data-width=\"550\" data-dnt=\"true\">\n<p lang=\"fr\" dir=\"ltr\">Hanna Oeberg remporte la derni\u00e8re mass start de la saison ! <a href=\"https:\/\/twitter.com\/hashtag\/lequipeBIATHLON?src=hash&amp;ref_src=twsrc%5Etfw\">#lequipeBIATHLON<\/a> <a href=\"https:\/\/t.co\/V8W0iXwhhv\">pic.twitter.com\/V8W0iXwhhv<\/a><\/p>\n<p>&mdash; la chaine L&#39;\u00c9quipe (@lachainelequipe) <a href=\"https:\/\/twitter.com\/lachainelequipe\/status\/1109808173756702721?ref_src=twsrc%5Etfw\">March 24, 2019<\/a><\/p><\/blockquote>\n<p><script async src=\"https:\/\/platform.twitter.com\/widgets.js\" charset=\"utf-8\"><\/script><\/span><\/p>\n<h1 style=\"text-align: justify;\">Wierer a trembl\u00e9 jusqu&rsquo;au bout<\/h1>\n<p style=\"text-align: justify;\">Dans la lutte au gros globe de cristal, le suspense aura \u00e9t\u00e9 total jusqu&rsquo;au bout. Lisa Vittozzi, hors du coup sur ses deux tirs couch\u00e9s (5 fautes), mettait sa compatriote Dorothea Wierer, leader avant le d\u00e9part de cette derni\u00e8re course, en position id\u00e9ale. Mais cette derni\u00e8re se retrouvait finalement en difficult\u00e9 avec un total de cinq fautes \u00e9galement \u00e0 la sortie du dernier tir. A l&rsquo;arriv\u00e9e, Vittozzi prenait la 11\u00e8me place juste devant&#8230; sa compatriote. A 28 ans, Wierer d\u00e9croche donc le premier gros globe de sa carri\u00e8re. Anastasiya Kuzmina, victorieuse sur le sprint et la poursuite ce week-end, compl\u00e8te le podium du classement g\u00e9n\u00e9ral.<\/p>\n<p><strong><em>Flo Ostermann<br \/>\n<a href=\"https:\/\/www.facebook.com\/florent.ostermann\"><img loading=\"lazy\" decoding=\"async\" class=\"alignnone wp-image-2909\" src=\"http:\/\/dicodusport.fr\/blog\/wp-content\/uploads\/2017\/07\/logo-facebook-150x150.png\" sizes=\"auto, (max-width: 40px) 100vw, 40px\" srcset=\"https:\/\/dicodusport.fr\/blog\/wp-content\/uploads\/2017\/07\/logo-facebook-150x150.png 150w, https:\/\/dicodusport.fr\/blog\/wp-content\/uploads\/2017\/07\/logo-facebook-300x300.png 300w, https:\/\/dicodusport.fr\/blog\/wp-content\/uploads\/2017\/07\/logo-facebook.png 400w\" alt=\"\" width=\"40\" height=\"40\" \/><\/a><a href=\"https:\/\/twitter.com\/SportInsideMag\"><img loading=\"lazy\" decoding=\"async\" class=\"alignnone wp-image-2908\" src=\"http:\/\/dicodusport.fr\/blog\/wp-content\/uploads\/2017\/07\/logo-twitter-150x150.png\" alt=\"\" width=\"39\" height=\"39\" \/><\/a><\/em><\/strong><\/p>\n","protected":false},"excerpt":{"rendered":"<p>La Su\u00e9doise Hanna Oeberg a remport\u00e9 la derni\u00e8re course de la saison lors de la mass start d&rsquo;Oslo. Elle devance la Norv\u00e9gienne Tiril Eckhoff et l&rsquo;Am\u00e9ricaine Claire Egan.<\/p>\n","protected":false},"author":4,"featured_media":35175,"comment_status":"open","ping_status":"closed","sticky":false,"template":"","format":"standard","meta":{"_acf_changed":false,"_daextam_enable_autolinks":"","footnotes":""},"categories":[2,2426,2313],"tags":[2427,1530,7454],"class_list":["post-35871","post","type-post","status-publish","format-standard","has-post-thumbnail","hentry","category-actualites","category-biathlon","category-sports-dhiver","tag-biathlon","tag-coupe-du-monde","tag-mass-start-femmes"],"acf":[],"yoast_head":"<!-- This site is optimized with the Yoast SEO Premium plugin v26.7 (Yoast SEO v26.7) - https:\/\/yoast.com\/wordpress\/plugins\/seo\/ -->\n<title>Biathlon - Oslo : Hanna Oeberg s&#039;impose sur la mass start, le gros globe pour Wierer<\/title>\n<meta name=\"description\" content=\"La Su\u00e9doise Hanna Oeberg a remport\u00e9 la derni\u00e8re course de la saison lors de la mass start d&#039;Oslo. Elle devance Tiril Eckhoff et Claire Egan.\" \/>\n<meta name=\"robots\" content=\"index, follow, max-snippet:-1, max-image-preview:large, max-video-preview:-1\" \/>\n<link rel=\"canonical\" href=\"https:\/\/dicodusport.fr\/blog\/biathlon-oslo-hanna-oeberg-s-impose-sur-la-mass-start-le-gros-globe-pour-wierer\/\" \/>\n<meta property=\"og:locale\" content=\"fr_FR\" \/>\n<meta property=\"og:type\" content=\"article\" \/>\n<meta property=\"og:title\" content=\"Biathlon - Oslo : Hanna Oeberg s&#039;impose sur la mass start, le gros globe pour Wierer\" \/>\n<meta property=\"og:description\" content=\"La Su\u00e9doise Hanna Oeberg a remport\u00e9 la derni\u00e8re course de la saison lors de la mass start d&#039;Oslo. Elle devance Tiril Eckhoff et Claire Egan.\" \/>\n<meta property=\"og:url\" content=\"https:\/\/dicodusport.fr\/blog\/biathlon-oslo-hanna-oeberg-s-impose-sur-la-mass-start-le-gros-globe-pour-wierer\/\" \/>\n<meta property=\"og:site_name\" content=\"Dicodusport\" \/>\n<meta property=\"article:publisher\" content=\"https:\/\/www.facebook.com\/dicodusport\" \/>\n<meta property=\"article:author\" content=\"https:\/\/www.facebook.com\/florent.ostermann\" \/>\n<meta property=\"article:published_time\" content=\"2019-03-24T13:24:05+00:00\" \/>\n<meta property=\"article:modified_time\" content=\"2019-03-24T21:49:27+00:00\" \/>\n<meta property=\"og:image\" content=\"https:\/\/dicodusport.fr\/blog\/wp-content\/uploads\/2019\/03\/Hanna-Oeberg-Individuel-Ostersund-2019.png\" \/>\n\t<meta property=\"og:image:width\" content=\"800\" \/>\n\t<meta property=\"og:image:height\" content=\"445\" \/>\n\t<meta property=\"og:image:type\" content=\"image\/png\" \/>\n<meta name=\"author\" content=\"Flo Ostermann\" \/>\n<meta name=\"twitter:card\" content=\"summary_large_image\" \/>\n<meta name=\"twitter:creator\" content=\"@https:\/\/twitter.com\/FlOstermann\" \/>\n<meta name=\"twitter:site\" content=\"@dicodusport\" \/>\n<script type=\"application\/ld+json\" class=\"yoast-schema-graph\">{\"@context\":\"https:\/\/schema.org\",\"@graph\":[{\"@type\":\"NewsArticle\",\"@id\":\"https:\/\/dicodusport.fr\/blog\/biathlon-oslo-hanna-oeberg-s-impose-sur-la-mass-start-le-gros-globe-pour-wierer\/#article\",\"isPartOf\":{\"@id\":\"https:\/\/dicodusport.fr\/blog\/biathlon-oslo-hanna-oeberg-s-impose-sur-la-mass-start-le-gros-globe-pour-wierer\/\"},\"author\":{\"name\":\"Flo Ostermann\",\"@id\":\"https:\/\/dicodusport.fr\/blog\/#\/schema\/person\/cb02af4c173ce4a653b55e9baf388d4a\"},\"headline\":\"Biathlon &#8211; Oslo : Hanna Oeberg s&rsquo;impose sur la mass start, le gros globe pour Wierer\",\"datePublished\":\"2019-03-24T13:24:05+00:00\",\"dateModified\":\"2019-03-24T21:49:27+00:00\",\"mainEntityOfPage\":{\"@id\":\"https:\/\/dicodusport.fr\/blog\/biathlon-oslo-hanna-oeberg-s-impose-sur-la-mass-start-le-gros-globe-pour-wierer\/\"},\"wordCount\":349,\"commentCount\":0,\"publisher\":{\"@id\":\"https:\/\/dicodusport.fr\/blog\/#organization\"},\"image\":{\"@id\":\"https:\/\/dicodusport.fr\/blog\/biathlon-oslo-hanna-oeberg-s-impose-sur-la-mass-start-le-gros-globe-pour-wierer\/#primaryimage\"},\"thumbnailUrl\":\"https:\/\/dicodusport.fr\/blog\/wp-content\/uploads\/2019\/03\/Hanna-Oeberg-Individuel-Ostersund-2019.png\",\"keywords\":[\"Biathlon\",\"Coupe du monde\",\"Mass start femmes\"],\"articleSection\":[\"Actualit\u00e9s\",\"Biathlon\",\"Sports d'hiver\"],\"inLanguage\":\"fr-FR\",\"potentialAction\":[{\"@type\":\"CommentAction\",\"name\":\"Comment\",\"target\":[\"https:\/\/dicodusport.fr\/blog\/biathlon-oslo-hanna-oeberg-s-impose-sur-la-mass-start-le-gros-globe-pour-wierer\/#respond\"]}],\"copyrightYear\":\"2019\",\"copyrightHolder\":{\"@id\":\"https:\/\/dicodusport.fr\/blog\/#organization\"}},{\"@type\":\"WebPage\",\"@id\":\"https:\/\/dicodusport.fr\/blog\/biathlon-oslo-hanna-oeberg-s-impose-sur-la-mass-start-le-gros-globe-pour-wierer\/\",\"url\":\"https:\/\/dicodusport.fr\/blog\/biathlon-oslo-hanna-oeberg-s-impose-sur-la-mass-start-le-gros-globe-pour-wierer\/\",\"name\":\"Biathlon - Oslo : Hanna Oeberg s'impose sur la mass start, le gros globe pour Wierer\",\"isPartOf\":{\"@id\":\"https:\/\/dicodusport.fr\/blog\/#website\"},\"primaryImageOfPage\":{\"@id\":\"https:\/\/dicodusport.fr\/blog\/biathlon-oslo-hanna-oeberg-s-impose-sur-la-mass-start-le-gros-globe-pour-wierer\/#primaryimage\"},\"image\":{\"@id\":\"https:\/\/dicodusport.fr\/blog\/biathlon-oslo-hanna-oeberg-s-impose-sur-la-mass-start-le-gros-globe-pour-wierer\/#primaryimage\"},\"thumbnailUrl\":\"https:\/\/dicodusport.fr\/blog\/wp-content\/uploads\/2019\/03\/Hanna-Oeberg-Individuel-Ostersund-2019.png\",\"datePublished\":\"2019-03-24T13:24:05+00:00\",\"dateModified\":\"2019-03-24T21:49:27+00:00\",\"description\":\"La Su\u00e9doise Hanna Oeberg a remport\u00e9 la derni\u00e8re course de la saison lors de la mass start d'Oslo. Elle devance Tiril Eckhoff et Claire Egan.\",\"breadcrumb\":{\"@id\":\"https:\/\/dicodusport.fr\/blog\/biathlon-oslo-hanna-oeberg-s-impose-sur-la-mass-start-le-gros-globe-pour-wierer\/#breadcrumb\"},\"inLanguage\":\"fr-FR\",\"potentialAction\":[{\"@type\":\"ReadAction\",\"target\":[\"https:\/\/dicodusport.fr\/blog\/biathlon-oslo-hanna-oeberg-s-impose-sur-la-mass-start-le-gros-globe-pour-wierer\/\"]}]},{\"@type\":\"ImageObject\",\"inLanguage\":\"fr-FR\",\"@id\":\"https:\/\/dicodusport.fr\/blog\/biathlon-oslo-hanna-oeberg-s-impose-sur-la-mass-start-le-gros-globe-pour-wierer\/#primaryimage\",\"url\":\"https:\/\/dicodusport.fr\/blog\/wp-content\/uploads\/2019\/03\/Hanna-Oeberg-Individuel-Ostersund-2019.png\",\"contentUrl\":\"https:\/\/dicodusport.fr\/blog\/wp-content\/uploads\/2019\/03\/Hanna-Oeberg-Individuel-Ostersund-2019.png\",\"width\":800,\"height\":445},{\"@type\":\"BreadcrumbList\",\"@id\":\"https:\/\/dicodusport.fr\/blog\/biathlon-oslo-hanna-oeberg-s-impose-sur-la-mass-start-le-gros-globe-pour-wierer\/#breadcrumb\",\"itemListElement\":[{\"@type\":\"ListItem\",\"position\":1,\"name\":\"Accueil\",\"item\":\"https:\/\/dicodusport.fr\/blog\/\"},{\"@type\":\"ListItem\",\"position\":2,\"name\":\"Biathlon &#8211; Oslo : Hanna Oeberg s&rsquo;impose sur la mass start, le gros globe pour Wierer\"}]},{\"@type\":\"WebSite\",\"@id\":\"https:\/\/dicodusport.fr\/blog\/#website\",\"url\":\"https:\/\/dicodusport.fr\/blog\/\",\"name\":\"Dicodusport\",\"description\":\"L&#039;encyclop\u00e9die de l&#039;actualit\u00e9 sportive\",\"publisher\":{\"@id\":\"https:\/\/dicodusport.fr\/blog\/#organization\"},\"potentialAction\":[{\"@type\":\"SearchAction\",\"target\":{\"@type\":\"EntryPoint\",\"urlTemplate\":\"https:\/\/dicodusport.fr\/blog\/?s={search_term_string}\"},\"query-input\":{\"@type\":\"PropertyValueSpecification\",\"valueRequired\":true,\"valueName\":\"search_term_string\"}}],\"inLanguage\":\"fr-FR\"},{\"@type\":\"NewsMediaOrganization\",\"@id\":\"https:\/\/dicodusport.fr\/blog\/#organization\",\"name\":\"Dicodusport\",\"url\":\"https:\/\/dicodusport.fr\/blog\/\",\"logo\":{\"@type\":\"ImageObject\",\"inLanguage\":\"fr-FR\",\"@id\":\"https:\/\/dicodusport.fr\/blog\/#\/schema\/logo\/image\/\",\"url\":\"https:\/\/dicodusport.fr\/blog\/wp-content\/uploads\/2020\/06\/cropped-LOGO-DICODUSPORT-2020-SANS-FOND-SANS-TEXTE.png\",\"contentUrl\":\"https:\/\/dicodusport.fr\/blog\/wp-content\/uploads\/2020\/06\/cropped-LOGO-DICODUSPORT-2020-SANS-FOND-SANS-TEXTE.png\",\"width\":512,\"height\":512,\"caption\":\"Dicodusport\"},\"image\":{\"@id\":\"https:\/\/dicodusport.fr\/blog\/#\/schema\/logo\/image\/\"},\"sameAs\":[\"https:\/\/www.facebook.com\/dicodusport\",\"https:\/\/x.com\/dicodusport\",\"https:\/\/www.instagram.com\/dicodusport\/\",\"https:\/\/www.youtube.com\/channel\/UC7V2KZ5sd3htJivAbA4ZG3w\"],\"description\":\"Dicodusport est l'encyclop\u00e9die de l'actualit\u00e9 sportive.\",\"email\":\"bonjour@dicodusport.fr\",\"legalName\":\"DICODUSPORT\",\"foundingDate\":\"2018-01-14\",\"vatID\":\"FR71834470973\",\"taxID\":\"83447097300043\",\"numberOfEmployees\":{\"@type\":\"QuantitativeValue\",\"minValue\":\"1\",\"maxValue\":\"10\"}},{\"@type\":\"Person\",\"@id\":\"https:\/\/dicodusport.fr\/blog\/#\/schema\/person\/cb02af4c173ce4a653b55e9baf388d4a\",\"name\":\"Flo Ostermann\",\"image\":{\"@type\":\"ImageObject\",\"inLanguage\":\"fr-FR\",\"@id\":\"https:\/\/dicodusport.fr\/blog\/#\/schema\/person\/image\/\",\"url\":\"https:\/\/dicodusport.fr\/blog\/wp-content\/uploads\/2021\/05\/Flo-Ostermann-150x150.jpg\",\"contentUrl\":\"https:\/\/dicodusport.fr\/blog\/wp-content\/uploads\/2021\/05\/Flo-Ostermann-150x150.jpg\",\"caption\":\"Flo Ostermann\"},\"description\":\"Journaliste\/R\u00e9dacteur depuis septembre 2015 - Mes premiers souvenirs dans le sport ? Les envol\u00e9es du Stade Toulousain et les duels Villeneuve-Schumacher et H\u00e4kkinen-Schumacher \u00e0 la fin des ann\u00e9es 90, la Coupe du monde de football en 1998, l\u2019exploit du XV de France face aux All Blacks en 1999, mais aussi Richard C\u0153ur de Lion qui vole sur les montagnes du Tour de France. Bien parti pour devenir professeur d\u2019EPS, les \u00e9v\u00e9nements de la vie (et la flemme d\u2019animer des s\u00e9ances de 3x500 m\u00e8tres toute ma vie) m\u2019ont conduit \u00e0 revoir mes plans. Me voil\u00e0 depuis fin 2017 sur Dicodusport, m\u00e9dia gr\u00e2ce (et pour) lequel je partage ma passion : le sport dans tous ses \u00e9tats. Le tout accompagn\u00e9 par les fous furieux et folles furieuses cit\u00e9s sur cette page !\",\"sameAs\":[\"https:\/\/www.facebook.com\/florent.ostermann\",\"https:\/\/x.com\/https:\/\/twitter.com\/FlOstermann\",\"admin\"],\"url\":\"https:\/\/dicodusport.fr\/blog\/author\/flo\/\"}]}<\/script>\n<!-- \/ Yoast SEO Premium plugin. -->","yoast_head_json":{"title":"Biathlon - Oslo : Hanna Oeberg s'impose sur la mass start, le gros globe pour Wierer","description":"La Su\u00e9doise Hanna Oeberg a remport\u00e9 la derni\u00e8re course de la saison lors de la mass start d'Oslo. Elle devance Tiril Eckhoff et Claire Egan.","robots":{"index":"index","follow":"follow","max-snippet":"max-snippet:-1","max-image-preview":"max-image-preview:large","max-video-preview":"max-video-preview:-1"},"canonical":"https:\/\/dicodusport.fr\/blog\/biathlon-oslo-hanna-oeberg-s-impose-sur-la-mass-start-le-gros-globe-pour-wierer\/","og_locale":"fr_FR","og_type":"article","og_title":"Biathlon - Oslo : Hanna Oeberg s'impose sur la mass start, le gros globe pour Wierer","og_description":"La Su\u00e9doise Hanna Oeberg a remport\u00e9 la derni\u00e8re course de la saison lors de la mass start d'Oslo. Elle devance Tiril Eckhoff et Claire Egan.","og_url":"https:\/\/dicodusport.fr\/blog\/biathlon-oslo-hanna-oeberg-s-impose-sur-la-mass-start-le-gros-globe-pour-wierer\/","og_site_name":"Dicodusport","article_publisher":"https:\/\/www.facebook.com\/dicodusport","article_author":"https:\/\/www.facebook.com\/florent.ostermann","article_published_time":"2019-03-24T13:24:05+00:00","article_modified_time":"2019-03-24T21:49:27+00:00","og_image":[{"width":800,"height":445,"url":"https:\/\/dicodusport.fr\/blog\/wp-content\/uploads\/2019\/03\/Hanna-Oeberg-Individuel-Ostersund-2019.png","type":"image\/png"}],"author":"Flo Ostermann","twitter_card":"summary_large_image","twitter_creator":"@https:\/\/twitter.com\/FlOstermann","twitter_site":"@dicodusport","schema":{"@context":"https:\/\/schema.org","@graph":[{"@type":"NewsArticle","@id":"https:\/\/dicodusport.fr\/blog\/biathlon-oslo-hanna-oeberg-s-impose-sur-la-mass-start-le-gros-globe-pour-wierer\/#article","isPartOf":{"@id":"https:\/\/dicodusport.fr\/blog\/biathlon-oslo-hanna-oeberg-s-impose-sur-la-mass-start-le-gros-globe-pour-wierer\/"},"author":{"name":"Flo Ostermann","@id":"https:\/\/dicodusport.fr\/blog\/#\/schema\/person\/cb02af4c173ce4a653b55e9baf388d4a"},"headline":"Biathlon &#8211; Oslo : Hanna Oeberg s&rsquo;impose sur la mass start, le gros globe pour Wierer","datePublished":"2019-03-24T13:24:05+00:00","dateModified":"2019-03-24T21:49:27+00:00","mainEntityOfPage":{"@id":"https:\/\/dicodusport.fr\/blog\/biathlon-oslo-hanna-oeberg-s-impose-sur-la-mass-start-le-gros-globe-pour-wierer\/"},"wordCount":349,"commentCount":0,"publisher":{"@id":"https:\/\/dicodusport.fr\/blog\/#organization"},"image":{"@id":"https:\/\/dicodusport.fr\/blog\/biathlon-oslo-hanna-oeberg-s-impose-sur-la-mass-start-le-gros-globe-pour-wierer\/#primaryimage"},"thumbnailUrl":"https:\/\/dicodusport.fr\/blog\/wp-content\/uploads\/2019\/03\/Hanna-Oeberg-Individuel-Ostersund-2019.png","keywords":["Biathlon","Coupe du monde","Mass start femmes"],"articleSection":["Actualit\u00e9s","Biathlon","Sports d'hiver"],"inLanguage":"fr-FR","potentialAction":[{"@type":"CommentAction","name":"Comment","target":["https:\/\/dicodusport.fr\/blog\/biathlon-oslo-hanna-oeberg-s-impose-sur-la-mass-start-le-gros-globe-pour-wierer\/#respond"]}],"copyrightYear":"2019","copyrightHolder":{"@id":"https:\/\/dicodusport.fr\/blog\/#organization"}},{"@type":"WebPage","@id":"https:\/\/dicodusport.fr\/blog\/biathlon-oslo-hanna-oeberg-s-impose-sur-la-mass-start-le-gros-globe-pour-wierer\/","url":"https:\/\/dicodusport.fr\/blog\/biathlon-oslo-hanna-oeberg-s-impose-sur-la-mass-start-le-gros-globe-pour-wierer\/","name":"Biathlon - Oslo : Hanna Oeberg s'impose sur la mass start, le gros globe pour Wierer","isPartOf":{"@id":"https:\/\/dicodusport.fr\/blog\/#website"},"primaryImageOfPage":{"@id":"https:\/\/dicodusport.fr\/blog\/biathlon-oslo-hanna-oeberg-s-impose-sur-la-mass-start-le-gros-globe-pour-wierer\/#primaryimage"},"image":{"@id":"https:\/\/dicodusport.fr\/blog\/biathlon-oslo-hanna-oeberg-s-impose-sur-la-mass-start-le-gros-globe-pour-wierer\/#primaryimage"},"thumbnailUrl":"https:\/\/dicodusport.fr\/blog\/wp-content\/uploads\/2019\/03\/Hanna-Oeberg-Individuel-Ostersund-2019.png","datePublished":"2019-03-24T13:24:05+00:00","dateModified":"2019-03-24T21:49:27+00:00","description":"La Su\u00e9doise Hanna Oeberg a remport\u00e9 la derni\u00e8re course de la saison lors de la mass start d'Oslo. Elle devance Tiril Eckhoff et Claire Egan.","breadcrumb":{"@id":"https:\/\/dicodusport.fr\/blog\/biathlon-oslo-hanna-oeberg-s-impose-sur-la-mass-start-le-gros-globe-pour-wierer\/#breadcrumb"},"inLanguage":"fr-FR","potentialAction":[{"@type":"ReadAction","target":["https:\/\/dicodusport.fr\/blog\/biathlon-oslo-hanna-oeberg-s-impose-sur-la-mass-start-le-gros-globe-pour-wierer\/"]}]},{"@type":"ImageObject","inLanguage":"fr-FR","@id":"https:\/\/dicodusport.fr\/blog\/biathlon-oslo-hanna-oeberg-s-impose-sur-la-mass-start-le-gros-globe-pour-wierer\/#primaryimage","url":"https:\/\/dicodusport.fr\/blog\/wp-content\/uploads\/2019\/03\/Hanna-Oeberg-Individuel-Ostersund-2019.png","contentUrl":"https:\/\/dicodusport.fr\/blog\/wp-content\/uploads\/2019\/03\/Hanna-Oeberg-Individuel-Ostersund-2019.png","width":800,"height":445},{"@type":"BreadcrumbList","@id":"https:\/\/dicodusport.fr\/blog\/biathlon-oslo-hanna-oeberg-s-impose-sur-la-mass-start-le-gros-globe-pour-wierer\/#breadcrumb","itemListElement":[{"@type":"ListItem","position":1,"name":"Accueil","item":"https:\/\/dicodusport.fr\/blog\/"},{"@type":"ListItem","position":2,"name":"Biathlon &#8211; Oslo : Hanna Oeberg s&rsquo;impose sur la mass start, le gros globe pour Wierer"}]},{"@type":"WebSite","@id":"https:\/\/dicodusport.fr\/blog\/#website","url":"https:\/\/dicodusport.fr\/blog\/","name":"Dicodusport","description":"L&#039;encyclop\u00e9die de l&#039;actualit\u00e9 sportive","publisher":{"@id":"https:\/\/dicodusport.fr\/blog\/#organization"},"potentialAction":[{"@type":"SearchAction","target":{"@type":"EntryPoint","urlTemplate":"https:\/\/dicodusport.fr\/blog\/?s={search_term_string}"},"query-input":{"@type":"PropertyValueSpecification","valueRequired":true,"valueName":"search_term_string"}}],"inLanguage":"fr-FR"},{"@type":"NewsMediaOrganization","@id":"https:\/\/dicodusport.fr\/blog\/#organization","name":"Dicodusport","url":"https:\/\/dicodusport.fr\/blog\/","logo":{"@type":"ImageObject","inLanguage":"fr-FR","@id":"https:\/\/dicodusport.fr\/blog\/#\/schema\/logo\/image\/","url":"https:\/\/dicodusport.fr\/blog\/wp-content\/uploads\/2020\/06\/cropped-LOGO-DICODUSPORT-2020-SANS-FOND-SANS-TEXTE.png","contentUrl":"https:\/\/dicodusport.fr\/blog\/wp-content\/uploads\/2020\/06\/cropped-LOGO-DICODUSPORT-2020-SANS-FOND-SANS-TEXTE.png","width":512,"height":512,"caption":"Dicodusport"},"image":{"@id":"https:\/\/dicodusport.fr\/blog\/#\/schema\/logo\/image\/"},"sameAs":["https:\/\/www.facebook.com\/dicodusport","https:\/\/x.com\/dicodusport","https:\/\/www.instagram.com\/dicodusport\/","https:\/\/www.youtube.com\/channel\/UC7V2KZ5sd3htJivAbA4ZG3w"],"description":"Dicodusport est l'encyclop\u00e9die de l'actualit\u00e9 sportive.","email":"bonjour@dicodusport.fr","legalName":"DICODUSPORT","foundingDate":"2018-01-14","vatID":"FR71834470973","taxID":"83447097300043","numberOfEmployees":{"@type":"QuantitativeValue","minValue":"1","maxValue":"10"}},{"@type":"Person","@id":"https:\/\/dicodusport.fr\/blog\/#\/schema\/person\/cb02af4c173ce4a653b55e9baf388d4a","name":"Flo Ostermann","image":{"@type":"ImageObject","inLanguage":"fr-FR","@id":"https:\/\/dicodusport.fr\/blog\/#\/schema\/person\/image\/","url":"https:\/\/dicodusport.fr\/blog\/wp-content\/uploads\/2021\/05\/Flo-Ostermann-150x150.jpg","contentUrl":"https:\/\/dicodusport.fr\/blog\/wp-content\/uploads\/2021\/05\/Flo-Ostermann-150x150.jpg","caption":"Flo Ostermann"},"description":"Journaliste\/R\u00e9dacteur depuis septembre 2015 - Mes premiers souvenirs dans le sport ? Les envol\u00e9es du Stade Toulousain et les duels Villeneuve-Schumacher et H\u00e4kkinen-Schumacher \u00e0 la fin des ann\u00e9es 90, la Coupe du monde de football en 1998, l\u2019exploit du XV de France face aux All Blacks en 1999, mais aussi Richard C\u0153ur de Lion qui vole sur les montagnes du Tour de France. Bien parti pour devenir professeur d\u2019EPS, les \u00e9v\u00e9nements de la vie (et la flemme d\u2019animer des s\u00e9ances de 3x500 m\u00e8tres toute ma vie) m\u2019ont conduit \u00e0 revoir mes plans. Me voil\u00e0 depuis fin 2017 sur Dicodusport, m\u00e9dia gr\u00e2ce (et pour) lequel je partage ma passion : le sport dans tous ses \u00e9tats. Le tout accompagn\u00e9 par les fous furieux et folles furieuses cit\u00e9s sur cette page !","sameAs":["https:\/\/www.facebook.com\/florent.ostermann","https:\/\/x.com\/https:\/\/twitter.com\/FlOstermann","admin"],"url":"https:\/\/dicodusport.fr\/blog\/author\/flo\/"}]}},"_links":{"self":[{"href":"https:\/\/dicodusport.fr\/blog\/wp-json\/wp\/v2\/posts\/35871","targetHints":{"allow":["GET"]}}],"collection":[{"href":"https:\/\/dicodusport.fr\/blog\/wp-json\/wp\/v2\/posts"}],"about":[{"href":"https:\/\/dicodusport.fr\/blog\/wp-json\/wp\/v2\/types\/post"}],"author":[{"embeddable":true,"href":"https:\/\/dicodusport.fr\/blog\/wp-json\/wp\/v2\/users\/4"}],"replies":[{"embeddable":true,"href":"https:\/\/dicodusport.fr\/blog\/wp-json\/wp\/v2\/comments?post=35871"}],"version-history":[{"count":0,"href":"https:\/\/dicodusport.fr\/blog\/wp-json\/wp\/v2\/posts\/35871\/revisions"}],"wp:featuredmedia":[{"embeddable":true,"href":"https:\/\/dicodusport.fr\/blog\/wp-json\/wp\/v2\/media\/35175"}],"wp:attachment":[{"href":"https:\/\/dicodusport.fr\/blog\/wp-json\/wp\/v2\/media?parent=35871"}],"wp:term":[{"taxonomy":"category","embeddable":true,"href":"https:\/\/dicodusport.fr\/blog\/wp-json\/wp\/v2\/categories?post=35871"},{"taxonomy":"post_tag","embeddable":true,"href":"https:\/\/dicodusport.fr\/blog\/wp-json\/wp\/v2\/tags?post=35871"}],"curies":[{"name":"wp","href":"https:\/\/api.w.org\/{rel}","templated":true}]}}