{"id":358819,"date":"2023-02-24T12:09:32","date_gmt":"2023-02-24T11:09:32","guid":{"rendered":"https:\/\/dicodusport.fr\/blog\/?p=358819&#038;preview=true&#038;preview_id=358819"},"modified":"2023-02-24T12:19:56","modified_gmt":"2023-02-24T11:19:56","slug":"xv-de-france-composition-des-bleus-face-ecosse","status":"publish","type":"post","link":"https:\/\/dicodusport.fr\/blog\/xv-de-france-composition-des-bleus-face-ecosse\/","title":{"rendered":"XV de France : Composition des Bleus face \u00e0 l&rsquo;\u00c9cosse"},"content":{"rendered":"<p style=\"text-align: justify;\"><i><a href=\"https:\/\/dicodusport.fr\/blog\/actualites\/rugby\/rugby-a-xv\/tournoi-des-6-nations-2023\/\"><strong>TOURNOI DES 6 NATIONS 2023<\/strong><\/a> <b>&#8211; Ce vendredi, le s\u00e9lectionneur des Bleus, Fabien Galthi\u00e9, a annonc\u00e9 la composition du XV de France pour d\u00e9fier l&rsquo;\u00c9cosse au Stade de France ce dimanche (16h), dans le cadre de la 3\u00e8me journ\u00e9e du 6 Nations 2023.<\/b><\/i><\/p>\n<p style=\"text-align: justify;\">Un seul changement \u00e0 signaler dans le XV de d\u00e9part des Bleus face \u00e0 l&rsquo;\u00c9cosse ! Suspendu, <strong>Uini Atonio<\/strong> sera en effet suppl\u00e9\u00e9 par le Montpelli\u00e9rain <strong>Mohamed Haouas<\/strong>, au poste de pilier droit. Le Bordelais <strong>Sipili Falatea<\/strong>, qui semblait avoir un temps d&rsquo;avance sur le futur joueur de l&rsquo;ASM Clermont, d\u00e9marrera sur le banc des finisseurs. Pour le reste, c&rsquo;est du classique. <strong>Thomas Ramos<\/strong> conserve sa place \u00e0 l&rsquo;arri\u00e8re. Sur le banc, <strong>Baptiste Couilloud<\/strong> sera bien l\u00e0, alors que l&rsquo;arriv\u00e9e de <strong>Baptiste Serin<\/strong> aurait pu rebattre les cartes. Mais il n&rsquo;en sera rien.<\/p>\n<h2 style=\"text-align: justify;\">Composition du XV de France face \u00e0 l&rsquo;\u00c9cosse<\/h2>\n<p style=\"text-align: justify;\"><strong>XV de d\u00e9part :<\/strong> 15. Ramos ; 14. Penaud, 13. Fickou, 12. Moefana, 11. Dumortier ; 10. Ntamack, 9. Dupont (cap) ; 7. Ollivon, 8. Alldritt, 6. Jelonch ; 5. Willemse, 4. Flament ; 3. Haouas, 2. Marchand, 1. Baille.<\/p>\n<p style=\"text-align: justify;\"><strong>Rempla\u00e7ants<\/strong> : 16. Barlot, 17. Wardi, 18. Falatea, 19. Taofifenua, 20. Cros, 21. Macalou, 22. Couilloud, 23. Jalibert.<\/p>\n<blockquote class=\"twitter-tweet\">\n<p dir=\"ltr\" lang=\"fr\">\ud83c\uddeb\ud83c\uddf7\ud83c\udd9a\ud83c\udff4\udb40\udc67\udb40\udc62\udb40\udc73\udb40\udc63\udb40\udc74\udb40\udc7f \ud835\uddd9\ud835\udde5\ud835\uddd4\ud835\udde1\ud835\uddd6\ud835\uddd8\/\ud835\uddd8\ud835\uddd6\ud835\udde2\ud835\udde6\ud835\udde6\ud835\uddd8, c&rsquo;est dimanche \u00e0 16h au <a href=\"https:\/\/twitter.com\/StadeFrance?ref_src=twsrc%5Etfw\">@StadeFrance<\/a> ! <a href=\"https:\/\/twitter.com\/hashtag\/FRAECO?src=hash&amp;ref_src=twsrc%5Etfw\">#FRAECO<\/a><\/p>\n<p>\ud83d\udd25\ud83d\udcaa On compte sur vous pour soutenir votre <a href=\"https:\/\/twitter.com\/hashtag\/XVdeFrance?src=hash&amp;ref_src=twsrc%5Etfw\">#XVdeFrance<\/a> ! <a href=\"https:\/\/twitter.com\/hashtag\/NeFaisonsXV?src=hash&amp;ref_src=twsrc%5Etfw\">#NeFaisonsXV<\/a> <a href=\"https:\/\/t.co\/mEJlmRygV8\">pic.twitter.com\/mEJlmRygV8<\/a><\/p>\n<p>\u2014 France Rugby (@FranceRugby) <a href=\"https:\/\/twitter.com\/FranceRugby\/status\/1629075999601065984?ref_src=twsrc%5Etfw\">February 24, 2023<\/a><\/p><\/blockquote>\n<p><script async src=\"https:\/\/platform.twitter.com\/widgets.js\" charset=\"utf-8\"><\/script><\/p>\n<h2 style=\"text-align: justify;\">\u00c0 lire aussi<\/h2>\n<ul>\n<li style=\"text-align: justify;\"><strong><a href=\"https:\/\/dicodusport.fr\/blog\/6-nations-la-composition-de-lecosse-face-a-la-france\/\">Composition de l&rsquo;\u00c9cosse face au XV de France<\/a>\u00a0<\/strong><\/li>\n<li style=\"text-align: justify;\"><a href=\"https:\/\/dicodusport.fr\/blog\/xv-de-france-ecosse-a-quelle-heure-et-sur-quelle-chaine\/\"><strong>France &#8211; \u00c9cosse : \u00c0 quelle heure et sur quelle cha\u00eene ?<\/strong><\/a><\/li>\n<li style=\"text-align: justify;\"><a href=\"https:\/\/dicodusport.fr\/blog\/6-nations-2023-calendrier-resultats-et-classement\/\"><strong>Calendrier, r\u00e9sultats et classement du Tournoi des 6 Nations 2023<\/strong><\/a><\/li>\n<\/ul>\n<div class=\"vlp-link-container vlp-layout-article\"><a href=\"https:\/\/dicodusport.fr\/blog\/prize-money-6-nations-2023-remporter-le-tournoi-ca-rapporte-combien\/\" class=\"vlp-link\" title=\"Prize money 6 Nations 2023 : Remporter le Tournoi, \u00e7a rapporte combien ?\"><\/a><div class=\"vlp-layout-zone-side\"><div class=\"vlp-block-4 vlp-link-image\"><img loading=\"lazy\" decoding=\"async\" style=\"max-width: 800px;\" width=\"800\" height=\"445\" src=\"https:\/\/dicodusport.fr\/blog\/wp-content\/uploads\/2023\/02\/Prize-money-6-Nations-2023-Remporter-le-Tournoi-ca-rapporte-combien-.png\" class=\"attachment-800x445 size-800x445\" alt=\"Prize money 6 Nations 2023 Remporter le Tournoi, \u00e7a rapporte combien\" srcset=\"https:\/\/dicodusport.fr\/blog\/wp-content\/uploads\/2023\/02\/Prize-money-6-Nations-2023-Remporter-le-Tournoi-ca-rapporte-combien-.png 800w, https:\/\/dicodusport.fr\/blog\/wp-content\/uploads\/2023\/02\/Prize-money-6-Nations-2023-Remporter-le-Tournoi-ca-rapporte-combien--300x167.png 300w, https:\/\/dicodusport.fr\/blog\/wp-content\/uploads\/2023\/02\/Prize-money-6-Nations-2023-Remporter-le-Tournoi-ca-rapporte-combien--768x427.png 768w\" sizes=\"auto, (max-width: 800px) 100vw, 800px\" \/><\/div><\/div><div class=\"vlp-layout-zone-main\"><div class=\"vlp-block-0 vlp-link-title\">Prize money 6 Nations 2023 : Remporter le Tournoi, \u00e7a rapporte combien ?<\/div><div class=\"vlp-block-1 vlp-link-summary\">TOURNOI DES 6 NATIONS 2023 - Ces derniers jours, plusieurs sites sp\u00e9cialis\u00e9s, dont Sports Payouts, ont d\u00e9voil\u00e9 le montant du prize money du Tournoi des 6 Nations 2023. Combien rapporte le gain de la comp\u00e9tition europ\u00e9enne ?<\/div><div class=\"vlp-block-2 vlp-link-button\">Lire l'article<\/div><div class=\"vlp-block-3 vlp-link-url\">dicodusport.fr<\/div><\/div><\/div>\n<h2><\/h2>\n<p>&nbsp;<\/p>\n","protected":false},"excerpt":{"rendered":"<p>TOURNOI DES 6 NATIONS 2023 &#8211; Ce vendredi, le s\u00e9lectionneur des Bleus, Fabien Galthi\u00e9, a annonc\u00e9 la composition du XV de France pour d\u00e9fier l&rsquo;\u00c9cosse au Stade de France ce dimanche (16h), dans le cadre de la 3\u00e8me journ\u00e9e du 6 Nations 2023.<\/p>\n","protected":false},"author":4,"featured_media":358823,"comment_status":"open","ping_status":"closed","sticky":false,"template":"","format":"standard","meta":{"_acf_changed":false,"_daextam_enable_autolinks":"","footnotes":""},"categories":[9129,47048,19951],"tags":[16878,6015,1332,30,24,1638],"class_list":["post-358819","post","type-post","status-publish","format-standard","has-post-thumbnail","hentry","category-rugby-a-xv","category-tournoi-des-6-nations","category-xv-de-france","tag-breve","tag-composition-xv-de-france","tag-ecosse","tag-france","tag-sport","tag-xv-de-france"],"acf":[],"yoast_head":"<!-- This site is optimized with the Yoast SEO Premium plugin v26.7 (Yoast SEO v26.7) - https:\/\/yoast.com\/wordpress\/plugins\/seo\/ -->\n<title>XV de France : Composition des Bleus face \u00e0 l&#039;\u00c9cosse<\/title>\n<meta name=\"description\" content=\"TOURNOI DES 6 NATIONS 2023 - Ce vendredi, Fabien Galthi\u00e9 a annonc\u00e9 la composition du XV de France pour d\u00e9fier l&#039;\u00c9cosse au Stade de France.\" \/>\n<meta name=\"robots\" content=\"index, follow, max-snippet:-1, max-image-preview:large, max-video-preview:-1\" \/>\n<link rel=\"canonical\" href=\"https:\/\/dicodusport.fr\/blog\/xv-de-france-composition-des-bleus-face-ecosse\/\" \/>\n<meta property=\"og:locale\" content=\"fr_FR\" \/>\n<meta property=\"og:type\" content=\"article\" \/>\n<meta property=\"og:title\" content=\"XV de France : Composition des Bleus face \u00e0 l&#039;\u00c9cosse\" \/>\n<meta property=\"og:description\" content=\"TOURNOI DES 6 NATIONS 2023 - Ce vendredi, Fabien Galthi\u00e9 a annonc\u00e9 la composition du XV de France pour d\u00e9fier l&#039;\u00c9cosse au Stade de France.\" \/>\n<meta property=\"og:url\" content=\"https:\/\/dicodusport.fr\/blog\/xv-de-france-composition-des-bleus-face-ecosse\/\" \/>\n<meta property=\"og:site_name\" content=\"Dicodusport\" \/>\n<meta property=\"article:publisher\" content=\"https:\/\/www.facebook.com\/dicodusport\" \/>\n<meta property=\"article:author\" content=\"https:\/\/www.facebook.com\/florent.ostermann\" \/>\n<meta property=\"article:published_time\" content=\"2023-02-24T11:09:32+00:00\" \/>\n<meta property=\"article:modified_time\" content=\"2023-02-24T11:19:56+00:00\" \/>\n<meta property=\"og:image\" content=\"https:\/\/dicodusport.fr\/blog\/wp-content\/uploads\/2023\/02\/XV-de-France-Composition-des-Bleus-face-a-lEcosse.png\" \/>\n\t<meta property=\"og:image:width\" content=\"800\" \/>\n\t<meta property=\"og:image:height\" content=\"445\" \/>\n\t<meta property=\"og:image:type\" content=\"image\/png\" \/>\n<meta name=\"author\" content=\"Flo Ostermann\" \/>\n<meta name=\"twitter:card\" content=\"summary_large_image\" \/>\n<meta name=\"twitter:title\" content=\"XV de France : Composition des Bleus face \u00e0 l&#039;\u00c9cosse\" \/>\n<meta name=\"twitter:creator\" content=\"@https:\/\/twitter.com\/FlOstermann\" \/>\n<meta name=\"twitter:site\" content=\"@dicodusport\" \/>\n<script type=\"application\/ld+json\" class=\"yoast-schema-graph\">{\"@context\":\"https:\/\/schema.org\",\"@graph\":[{\"@type\":\"NewsArticle\",\"@id\":\"https:\/\/dicodusport.fr\/blog\/xv-de-france-composition-des-bleus-face-ecosse\/#article\",\"isPartOf\":{\"@id\":\"https:\/\/dicodusport.fr\/blog\/xv-de-france-composition-des-bleus-face-ecosse\/\"},\"author\":{\"name\":\"Flo Ostermann\",\"@id\":\"https:\/\/dicodusport.fr\/blog\/#\/schema\/person\/cb02af4c173ce4a653b55e9baf388d4a\"},\"headline\":\"XV de France : Composition des Bleus face \u00e0 l&rsquo;\u00c9cosse\",\"datePublished\":\"2023-02-24T11:09:32+00:00\",\"dateModified\":\"2023-02-24T11:19:56+00:00\",\"mainEntityOfPage\":{\"@id\":\"https:\/\/dicodusport.fr\/blog\/xv-de-france-composition-des-bleus-face-ecosse\/\"},\"wordCount\":351,\"commentCount\":0,\"publisher\":{\"@id\":\"https:\/\/dicodusport.fr\/blog\/#organization\"},\"image\":{\"@id\":\"https:\/\/dicodusport.fr\/blog\/xv-de-france-composition-des-bleus-face-ecosse\/#primaryimage\"},\"thumbnailUrl\":\"https:\/\/dicodusport.fr\/blog\/wp-content\/uploads\/2023\/02\/XV-de-France-Composition-des-Bleus-face-a-lEcosse.png\",\"keywords\":[\"br\u00e8ve\",\"composition XV de France\",\"Ecosse\",\"France\",\"sport\",\"XV de France\"],\"articleSection\":[\"Rugby \u00e0 XV\",\"Tournoi des 6 Nations\",\"XV de France\"],\"inLanguage\":\"fr-FR\",\"potentialAction\":[{\"@type\":\"CommentAction\",\"name\":\"Comment\",\"target\":[\"https:\/\/dicodusport.fr\/blog\/xv-de-france-composition-des-bleus-face-ecosse\/#respond\"]}],\"copyrightYear\":\"2023\",\"copyrightHolder\":{\"@id\":\"https:\/\/dicodusport.fr\/blog\/#organization\"}},{\"@type\":\"WebPage\",\"@id\":\"https:\/\/dicodusport.fr\/blog\/xv-de-france-composition-des-bleus-face-ecosse\/\",\"url\":\"https:\/\/dicodusport.fr\/blog\/xv-de-france-composition-des-bleus-face-ecosse\/\",\"name\":\"XV de France : Composition des Bleus face \u00e0 l'\u00c9cosse\",\"isPartOf\":{\"@id\":\"https:\/\/dicodusport.fr\/blog\/#website\"},\"primaryImageOfPage\":{\"@id\":\"https:\/\/dicodusport.fr\/blog\/xv-de-france-composition-des-bleus-face-ecosse\/#primaryimage\"},\"image\":{\"@id\":\"https:\/\/dicodusport.fr\/blog\/xv-de-france-composition-des-bleus-face-ecosse\/#primaryimage\"},\"thumbnailUrl\":\"https:\/\/dicodusport.fr\/blog\/wp-content\/uploads\/2023\/02\/XV-de-France-Composition-des-Bleus-face-a-lEcosse.png\",\"datePublished\":\"2023-02-24T11:09:32+00:00\",\"dateModified\":\"2023-02-24T11:19:56+00:00\",\"description\":\"TOURNOI DES 6 NATIONS 2023 - Ce vendredi, Fabien Galthi\u00e9 a annonc\u00e9 la composition du XV de France pour d\u00e9fier l'\u00c9cosse au Stade de France.\",\"breadcrumb\":{\"@id\":\"https:\/\/dicodusport.fr\/blog\/xv-de-france-composition-des-bleus-face-ecosse\/#breadcrumb\"},\"inLanguage\":\"fr-FR\",\"potentialAction\":[{\"@type\":\"ReadAction\",\"target\":[\"https:\/\/dicodusport.fr\/blog\/xv-de-france-composition-des-bleus-face-ecosse\/\"]}]},{\"@type\":\"ImageObject\",\"inLanguage\":\"fr-FR\",\"@id\":\"https:\/\/dicodusport.fr\/blog\/xv-de-france-composition-des-bleus-face-ecosse\/#primaryimage\",\"url\":\"https:\/\/dicodusport.fr\/blog\/wp-content\/uploads\/2023\/02\/XV-de-France-Composition-des-Bleus-face-a-lEcosse.png\",\"contentUrl\":\"https:\/\/dicodusport.fr\/blog\/wp-content\/uploads\/2023\/02\/XV-de-France-Composition-des-Bleus-face-a-lEcosse.png\",\"width\":800,\"height\":445,\"caption\":\"XV de France Composition des Bleus face \u00e0 l'\u00c9cosse\"},{\"@type\":\"BreadcrumbList\",\"@id\":\"https:\/\/dicodusport.fr\/blog\/xv-de-france-composition-des-bleus-face-ecosse\/#breadcrumb\",\"itemListElement\":[{\"@type\":\"ListItem\",\"position\":1,\"name\":\"Accueil\",\"item\":\"https:\/\/dicodusport.fr\/blog\/\"},{\"@type\":\"ListItem\",\"position\":2,\"name\":\"XV de France : Composition des Bleus face \u00e0 l&rsquo;\u00c9cosse\"}]},{\"@type\":\"WebSite\",\"@id\":\"https:\/\/dicodusport.fr\/blog\/#website\",\"url\":\"https:\/\/dicodusport.fr\/blog\/\",\"name\":\"Dicodusport\",\"description\":\"L&#039;encyclop\u00e9die de l&#039;actualit\u00e9 sportive\",\"publisher\":{\"@id\":\"https:\/\/dicodusport.fr\/blog\/#organization\"},\"potentialAction\":[{\"@type\":\"SearchAction\",\"target\":{\"@type\":\"EntryPoint\",\"urlTemplate\":\"https:\/\/dicodusport.fr\/blog\/?s={search_term_string}\"},\"query-input\":{\"@type\":\"PropertyValueSpecification\",\"valueRequired\":true,\"valueName\":\"search_term_string\"}}],\"inLanguage\":\"fr-FR\"},{\"@type\":\"NewsMediaOrganization\",\"@id\":\"https:\/\/dicodusport.fr\/blog\/#organization\",\"name\":\"Dicodusport\",\"url\":\"https:\/\/dicodusport.fr\/blog\/\",\"logo\":{\"@type\":\"ImageObject\",\"inLanguage\":\"fr-FR\",\"@id\":\"https:\/\/dicodusport.fr\/blog\/#\/schema\/logo\/image\/\",\"url\":\"https:\/\/dicodusport.fr\/blog\/wp-content\/uploads\/2020\/06\/cropped-LOGO-DICODUSPORT-2020-SANS-FOND-SANS-TEXTE.png\",\"contentUrl\":\"https:\/\/dicodusport.fr\/blog\/wp-content\/uploads\/2020\/06\/cropped-LOGO-DICODUSPORT-2020-SANS-FOND-SANS-TEXTE.png\",\"width\":512,\"height\":512,\"caption\":\"Dicodusport\"},\"image\":{\"@id\":\"https:\/\/dicodusport.fr\/blog\/#\/schema\/logo\/image\/\"},\"sameAs\":[\"https:\/\/www.facebook.com\/dicodusport\",\"https:\/\/x.com\/dicodusport\",\"https:\/\/www.instagram.com\/dicodusport\/\",\"https:\/\/www.youtube.com\/channel\/UC7V2KZ5sd3htJivAbA4ZG3w\"],\"description\":\"Dicodusport est l'encyclop\u00e9die de l'actualit\u00e9 sportive.\",\"email\":\"bonjour@dicodusport.fr\",\"legalName\":\"DICODUSPORT\",\"foundingDate\":\"2018-01-14\",\"vatID\":\"FR71834470973\",\"taxID\":\"83447097300043\",\"numberOfEmployees\":{\"@type\":\"QuantitativeValue\",\"minValue\":\"1\",\"maxValue\":\"10\"}},{\"@type\":\"Person\",\"@id\":\"https:\/\/dicodusport.fr\/blog\/#\/schema\/person\/cb02af4c173ce4a653b55e9baf388d4a\",\"name\":\"Flo Ostermann\",\"image\":{\"@type\":\"ImageObject\",\"inLanguage\":\"fr-FR\",\"@id\":\"https:\/\/dicodusport.fr\/blog\/#\/schema\/person\/image\/\",\"url\":\"https:\/\/dicodusport.fr\/blog\/wp-content\/uploads\/2021\/05\/Flo-Ostermann-150x150.jpg\",\"contentUrl\":\"https:\/\/dicodusport.fr\/blog\/wp-content\/uploads\/2021\/05\/Flo-Ostermann-150x150.jpg\",\"caption\":\"Flo Ostermann\"},\"description\":\"Journaliste\/R\u00e9dacteur depuis septembre 2015 - Mes premiers souvenirs dans le sport ? Les envol\u00e9es du Stade Toulousain et les duels Villeneuve-Schumacher et H\u00e4kkinen-Schumacher \u00e0 la fin des ann\u00e9es 90, la Coupe du monde de football en 1998, l\u2019exploit du XV de France face aux All Blacks en 1999, mais aussi Richard C\u0153ur de Lion qui vole sur les montagnes du Tour de France. Bien parti pour devenir professeur d\u2019EPS, les \u00e9v\u00e9nements de la vie (et la flemme d\u2019animer des s\u00e9ances de 3x500 m\u00e8tres toute ma vie) m\u2019ont conduit \u00e0 revoir mes plans. Me voil\u00e0 depuis fin 2017 sur Dicodusport, m\u00e9dia gr\u00e2ce (et pour) lequel je partage ma passion : le sport dans tous ses \u00e9tats. Le tout accompagn\u00e9 par les fous furieux et folles furieuses cit\u00e9s sur cette page !\",\"sameAs\":[\"https:\/\/www.facebook.com\/florent.ostermann\",\"https:\/\/x.com\/https:\/\/twitter.com\/FlOstermann\",\"admin\"],\"url\":\"https:\/\/dicodusport.fr\/blog\/author\/flo\/\"}]}<\/script>\n<!-- \/ Yoast SEO Premium plugin. -->","yoast_head_json":{"title":"XV de France : Composition des Bleus face \u00e0 l'\u00c9cosse","description":"TOURNOI DES 6 NATIONS 2023 - Ce vendredi, Fabien Galthi\u00e9 a annonc\u00e9 la composition du XV de France pour d\u00e9fier l'\u00c9cosse au Stade de France.","robots":{"index":"index","follow":"follow","max-snippet":"max-snippet:-1","max-image-preview":"max-image-preview:large","max-video-preview":"max-video-preview:-1"},"canonical":"https:\/\/dicodusport.fr\/blog\/xv-de-france-composition-des-bleus-face-ecosse\/","og_locale":"fr_FR","og_type":"article","og_title":"XV de France : Composition des Bleus face \u00e0 l'\u00c9cosse","og_description":"TOURNOI DES 6 NATIONS 2023 - Ce vendredi, Fabien Galthi\u00e9 a annonc\u00e9 la composition du XV de France pour d\u00e9fier l'\u00c9cosse au Stade de France.","og_url":"https:\/\/dicodusport.fr\/blog\/xv-de-france-composition-des-bleus-face-ecosse\/","og_site_name":"Dicodusport","article_publisher":"https:\/\/www.facebook.com\/dicodusport","article_author":"https:\/\/www.facebook.com\/florent.ostermann","article_published_time":"2023-02-24T11:09:32+00:00","article_modified_time":"2023-02-24T11:19:56+00:00","og_image":[{"width":800,"height":445,"url":"https:\/\/dicodusport.fr\/blog\/wp-content\/uploads\/2023\/02\/XV-de-France-Composition-des-Bleus-face-a-lEcosse.png","type":"image\/png"}],"author":"Flo Ostermann","twitter_card":"summary_large_image","twitter_title":"XV de France : Composition des Bleus face \u00e0 l'\u00c9cosse","twitter_creator":"@https:\/\/twitter.com\/FlOstermann","twitter_site":"@dicodusport","schema":{"@context":"https:\/\/schema.org","@graph":[{"@type":"NewsArticle","@id":"https:\/\/dicodusport.fr\/blog\/xv-de-france-composition-des-bleus-face-ecosse\/#article","isPartOf":{"@id":"https:\/\/dicodusport.fr\/blog\/xv-de-france-composition-des-bleus-face-ecosse\/"},"author":{"name":"Flo Ostermann","@id":"https:\/\/dicodusport.fr\/blog\/#\/schema\/person\/cb02af4c173ce4a653b55e9baf388d4a"},"headline":"XV de France : Composition des Bleus face \u00e0 l&rsquo;\u00c9cosse","datePublished":"2023-02-24T11:09:32+00:00","dateModified":"2023-02-24T11:19:56+00:00","mainEntityOfPage":{"@id":"https:\/\/dicodusport.fr\/blog\/xv-de-france-composition-des-bleus-face-ecosse\/"},"wordCount":351,"commentCount":0,"publisher":{"@id":"https:\/\/dicodusport.fr\/blog\/#organization"},"image":{"@id":"https:\/\/dicodusport.fr\/blog\/xv-de-france-composition-des-bleus-face-ecosse\/#primaryimage"},"thumbnailUrl":"https:\/\/dicodusport.fr\/blog\/wp-content\/uploads\/2023\/02\/XV-de-France-Composition-des-Bleus-face-a-lEcosse.png","keywords":["br\u00e8ve","composition XV de France","Ecosse","France","sport","XV de France"],"articleSection":["Rugby \u00e0 XV","Tournoi des 6 Nations","XV de France"],"inLanguage":"fr-FR","potentialAction":[{"@type":"CommentAction","name":"Comment","target":["https:\/\/dicodusport.fr\/blog\/xv-de-france-composition-des-bleus-face-ecosse\/#respond"]}],"copyrightYear":"2023","copyrightHolder":{"@id":"https:\/\/dicodusport.fr\/blog\/#organization"}},{"@type":"WebPage","@id":"https:\/\/dicodusport.fr\/blog\/xv-de-france-composition-des-bleus-face-ecosse\/","url":"https:\/\/dicodusport.fr\/blog\/xv-de-france-composition-des-bleus-face-ecosse\/","name":"XV de France : Composition des Bleus face \u00e0 l'\u00c9cosse","isPartOf":{"@id":"https:\/\/dicodusport.fr\/blog\/#website"},"primaryImageOfPage":{"@id":"https:\/\/dicodusport.fr\/blog\/xv-de-france-composition-des-bleus-face-ecosse\/#primaryimage"},"image":{"@id":"https:\/\/dicodusport.fr\/blog\/xv-de-france-composition-des-bleus-face-ecosse\/#primaryimage"},"thumbnailUrl":"https:\/\/dicodusport.fr\/blog\/wp-content\/uploads\/2023\/02\/XV-de-France-Composition-des-Bleus-face-a-lEcosse.png","datePublished":"2023-02-24T11:09:32+00:00","dateModified":"2023-02-24T11:19:56+00:00","description":"TOURNOI DES 6 NATIONS 2023 - Ce vendredi, Fabien Galthi\u00e9 a annonc\u00e9 la composition du XV de France pour d\u00e9fier l'\u00c9cosse au Stade de France.","breadcrumb":{"@id":"https:\/\/dicodusport.fr\/blog\/xv-de-france-composition-des-bleus-face-ecosse\/#breadcrumb"},"inLanguage":"fr-FR","potentialAction":[{"@type":"ReadAction","target":["https:\/\/dicodusport.fr\/blog\/xv-de-france-composition-des-bleus-face-ecosse\/"]}]},{"@type":"ImageObject","inLanguage":"fr-FR","@id":"https:\/\/dicodusport.fr\/blog\/xv-de-france-composition-des-bleus-face-ecosse\/#primaryimage","url":"https:\/\/dicodusport.fr\/blog\/wp-content\/uploads\/2023\/02\/XV-de-France-Composition-des-Bleus-face-a-lEcosse.png","contentUrl":"https:\/\/dicodusport.fr\/blog\/wp-content\/uploads\/2023\/02\/XV-de-France-Composition-des-Bleus-face-a-lEcosse.png","width":800,"height":445,"caption":"XV de France Composition des Bleus face \u00e0 l'\u00c9cosse"},{"@type":"BreadcrumbList","@id":"https:\/\/dicodusport.fr\/blog\/xv-de-france-composition-des-bleus-face-ecosse\/#breadcrumb","itemListElement":[{"@type":"ListItem","position":1,"name":"Accueil","item":"https:\/\/dicodusport.fr\/blog\/"},{"@type":"ListItem","position":2,"name":"XV de France : Composition des Bleus face \u00e0 l&rsquo;\u00c9cosse"}]},{"@type":"WebSite","@id":"https:\/\/dicodusport.fr\/blog\/#website","url":"https:\/\/dicodusport.fr\/blog\/","name":"Dicodusport","description":"L&#039;encyclop\u00e9die de l&#039;actualit\u00e9 sportive","publisher":{"@id":"https:\/\/dicodusport.fr\/blog\/#organization"},"potentialAction":[{"@type":"SearchAction","target":{"@type":"EntryPoint","urlTemplate":"https:\/\/dicodusport.fr\/blog\/?s={search_term_string}"},"query-input":{"@type":"PropertyValueSpecification","valueRequired":true,"valueName":"search_term_string"}}],"inLanguage":"fr-FR"},{"@type":"NewsMediaOrganization","@id":"https:\/\/dicodusport.fr\/blog\/#organization","name":"Dicodusport","url":"https:\/\/dicodusport.fr\/blog\/","logo":{"@type":"ImageObject","inLanguage":"fr-FR","@id":"https:\/\/dicodusport.fr\/blog\/#\/schema\/logo\/image\/","url":"https:\/\/dicodusport.fr\/blog\/wp-content\/uploads\/2020\/06\/cropped-LOGO-DICODUSPORT-2020-SANS-FOND-SANS-TEXTE.png","contentUrl":"https:\/\/dicodusport.fr\/blog\/wp-content\/uploads\/2020\/06\/cropped-LOGO-DICODUSPORT-2020-SANS-FOND-SANS-TEXTE.png","width":512,"height":512,"caption":"Dicodusport"},"image":{"@id":"https:\/\/dicodusport.fr\/blog\/#\/schema\/logo\/image\/"},"sameAs":["https:\/\/www.facebook.com\/dicodusport","https:\/\/x.com\/dicodusport","https:\/\/www.instagram.com\/dicodusport\/","https:\/\/www.youtube.com\/channel\/UC7V2KZ5sd3htJivAbA4ZG3w"],"description":"Dicodusport est l'encyclop\u00e9die de l'actualit\u00e9 sportive.","email":"bonjour@dicodusport.fr","legalName":"DICODUSPORT","foundingDate":"2018-01-14","vatID":"FR71834470973","taxID":"83447097300043","numberOfEmployees":{"@type":"QuantitativeValue","minValue":"1","maxValue":"10"}},{"@type":"Person","@id":"https:\/\/dicodusport.fr\/blog\/#\/schema\/person\/cb02af4c173ce4a653b55e9baf388d4a","name":"Flo Ostermann","image":{"@type":"ImageObject","inLanguage":"fr-FR","@id":"https:\/\/dicodusport.fr\/blog\/#\/schema\/person\/image\/","url":"https:\/\/dicodusport.fr\/blog\/wp-content\/uploads\/2021\/05\/Flo-Ostermann-150x150.jpg","contentUrl":"https:\/\/dicodusport.fr\/blog\/wp-content\/uploads\/2021\/05\/Flo-Ostermann-150x150.jpg","caption":"Flo Ostermann"},"description":"Journaliste\/R\u00e9dacteur depuis septembre 2015 - Mes premiers souvenirs dans le sport ? Les envol\u00e9es du Stade Toulousain et les duels Villeneuve-Schumacher et H\u00e4kkinen-Schumacher \u00e0 la fin des ann\u00e9es 90, la Coupe du monde de football en 1998, l\u2019exploit du XV de France face aux All Blacks en 1999, mais aussi Richard C\u0153ur de Lion qui vole sur les montagnes du Tour de France. Bien parti pour devenir professeur d\u2019EPS, les \u00e9v\u00e9nements de la vie (et la flemme d\u2019animer des s\u00e9ances de 3x500 m\u00e8tres toute ma vie) m\u2019ont conduit \u00e0 revoir mes plans. Me voil\u00e0 depuis fin 2017 sur Dicodusport, m\u00e9dia gr\u00e2ce (et pour) lequel je partage ma passion : le sport dans tous ses \u00e9tats. Le tout accompagn\u00e9 par les fous furieux et folles furieuses cit\u00e9s sur cette page !","sameAs":["https:\/\/www.facebook.com\/florent.ostermann","https:\/\/x.com\/https:\/\/twitter.com\/FlOstermann","admin"],"url":"https:\/\/dicodusport.fr\/blog\/author\/flo\/"}]}},"_links":{"self":[{"href":"https:\/\/dicodusport.fr\/blog\/wp-json\/wp\/v2\/posts\/358819","targetHints":{"allow":["GET"]}}],"collection":[{"href":"https:\/\/dicodusport.fr\/blog\/wp-json\/wp\/v2\/posts"}],"about":[{"href":"https:\/\/dicodusport.fr\/blog\/wp-json\/wp\/v2\/types\/post"}],"author":[{"embeddable":true,"href":"https:\/\/dicodusport.fr\/blog\/wp-json\/wp\/v2\/users\/4"}],"replies":[{"embeddable":true,"href":"https:\/\/dicodusport.fr\/blog\/wp-json\/wp\/v2\/comments?post=358819"}],"version-history":[{"count":0,"href":"https:\/\/dicodusport.fr\/blog\/wp-json\/wp\/v2\/posts\/358819\/revisions"}],"wp:featuredmedia":[{"embeddable":true,"href":"https:\/\/dicodusport.fr\/blog\/wp-json\/wp\/v2\/media\/358823"}],"wp:attachment":[{"href":"https:\/\/dicodusport.fr\/blog\/wp-json\/wp\/v2\/media?parent=358819"}],"wp:term":[{"taxonomy":"category","embeddable":true,"href":"https:\/\/dicodusport.fr\/blog\/wp-json\/wp\/v2\/categories?post=358819"},{"taxonomy":"post_tag","embeddable":true,"href":"https:\/\/dicodusport.fr\/blog\/wp-json\/wp\/v2\/tags?post=358819"}],"curies":[{"name":"wp","href":"https:\/\/api.w.org\/{rel}","templated":true}]}}