{"id":35888,"date":"2019-03-24T17:07:25","date_gmt":"2019-03-24T16:07:25","guid":{"rendered":"http:\/\/dicodusport.fr\/blog\/?p=35888"},"modified":"2019-03-24T17:43:31","modified_gmt":"2019-03-24T16:43:31","slug":"biathlon-oslo-remporte-la-mass-start-et-realise-le-grand-chelem","status":"publish","type":"post","link":"https:\/\/dicodusport.fr\/blog\/biathlon-oslo-remporte-la-mass-start-et-realise-le-grand-chelem\/","title":{"rendered":"Biathlon &#8211; Oslo : Johannes Boe remporte la mass start et r\u00e9alise le Grand Chelem"},"content":{"rendered":"<p style=\"text-align: justify;\"><strong><em>Immense Johannes Boe ! Le Norv\u00e9gien s&rsquo;est impos\u00e9 sur la mass start \u00e0 Oslo ce dimanche, d\u00e9crochant une 16\u00e8me victoire cette saison. Surtout, le Scandinave s&rsquo;offre, en plus du classement g\u00e9n\u00e9ral, les quatre petits globes. Quentin Fillon Maillet, \u00e0 la lutte avec le nouveau boss du biathlon mondial pour le globe de la mass start avant le d\u00e9part de la course, a craqu\u00e9.<\/em><\/strong><\/p>\n<p style=\"text-align: justify;\">Johannes Boe \u00e9tait injouable ce week-end chez lui, \u00e0 Oslo, sur le site de Holmenkollen. D\u00e9j\u00e0 victorieux sur le sprint et la poursuite, le Norv\u00e9gien a enlev\u00e9 la mass start ce dimanche et r\u00e9alise le tripl\u00e9. Auteur d&rsquo;un 20\/20 derri\u00e8re la carabine, il devance sur la ligne l&rsquo;Allemand Arnd Peiffer (20\/20), d\u00e9j\u00e0 sur le podium de la poursuite ce samedi et un autre Allemand, Benedikt Doll (18\/20). A 25 ans, le cadet des fr\u00e8res Boe glane, en plus de son premier gros globe, les quatre petits globes de cette saison 2018-2019 (individuel, sprint, poursuite et mass start).<\/p>\n<p><span class=\"ZR69yQItzpf6K3GXxvBk4noBIeXC7T8sgLmcVlWGriJsWYDn1L1Jew3HZthFKP2wq0Q9v7guyhmpFzjfUq8cD\"><\/p>\n<blockquote class=\"twitter-tweet\" data-width=\"550\" data-dnt=\"true\">\n<p lang=\"fr\" dir=\"ltr\">\u26aa\ufe0f\u26aa\ufe0f\u26aa\ufe0f\u26aa\ufe0f\u26aa\ufe0f <\/p>\n<p>\ud83c\uddf3\ud83c\uddf4 Le show Johannes Boe, il s&#39;envole vers la victoire devant son public pour la derni\u00e8re course de la saison.<a href=\"https:\/\/twitter.com\/hashtag\/lequipeBIATHLON?src=hash&amp;ref_src=twsrc%5Etfw\">#lequipeBIATHLON<\/a> <a href=\"https:\/\/t.co\/yUKqanjmpE\">pic.twitter.com\/yUKqanjmpE<\/a><\/p>\n<p>&mdash; la chaine L&#39;\u00c9quipe (@lachainelequipe) <a href=\"https:\/\/twitter.com\/lachainelequipe\/status\/1109847756233998336?ref_src=twsrc%5Etfw\">March 24, 2019<\/a><\/p><\/blockquote>\n<p><script async src=\"https:\/\/platform.twitter.com\/widgets.js\" charset=\"utf-8\"><\/script><\/span><\/p>\n<h1 style=\"text-align: justify;\">Quentin Fillon Maillet n&rsquo;a pas tenu la distance<\/h1>\n<p style=\"text-align: justify;\">A \u00e9galit\u00e9 de points avec Johannes Boe au classement de la mass start avant le d\u00e9part de cette derni\u00e8re course, Quentin Fillon Maillet n&rsquo;a malheureusement pas \u00e9t\u00e9 \u00e0 la hauteur. Avec trois erreurs sur ses deux tirs couch\u00e9s, le Jurassien a vite fait une croix sur le petit globe de la sp\u00e9cialit\u00e9, terminant \u00e0 une d\u00e9cevante 23\u00e8me place (16\/20). Il pourra n\u00e9anmoins se consoler avec le podium au classement g\u00e9n\u00e9ral (3\u00e8me). Simon Desthieux, meilleur Fran\u00e7ais aujourd&rsquo;hui, prend la 7\u00e8me place avec un 17\/20. Belle course en revanche pour Fabien Claude, 12\u00e8me pour sa premi\u00e8re mass start cette saison.<\/p>\n<p style=\"text-align: justify;\">Emilien Jacquelin se classe 25\u00e8me avec un 15\/20 sur le pas de tirs. D\u00e9ception pour Antonin Guigonnat, 29\u00e8me avec 7 erreurs.<\/p>\n<p><span class=\"y8RUB7ji6pFt150wDO4heMKCHTSmXzLPGZIQxgc3or2dWqYVn\"><\/p>\n<blockquote class=\"twitter-tweet\" data-width=\"550\" data-dnt=\"true\">\n<p lang=\"fr\" dir=\"ltr\">Le classement final de la Coupe du Monde. <br \/>Loginov (18\u00e8me aujourd&#39;hui) conserve la 2\u00e8me place devant Quentin Fillon Maillet et Simon Desthieux. <br \/>Antonin perd malheureusement 4 places pour terminer 11\u00e8me. Un classement tr\u00e8s serr\u00e9. <a href=\"https:\/\/twitter.com\/hashtag\/biathlon?src=hash&amp;ref_src=twsrc%5Etfw\">#biathlon<\/a> <a href=\"https:\/\/twitter.com\/hashtag\/Lequipebiathlon?src=hash&amp;ref_src=twsrc%5Etfw\">#Lequipebiathlon<\/a> <a href=\"https:\/\/twitter.com\/hashtag\/HOL19?src=hash&amp;ref_src=twsrc%5Etfw\">#HOL19<\/a> <a href=\"https:\/\/twitter.com\/hashtag\/findesaison?src=hash&amp;ref_src=twsrc%5Etfw\">#findesaison<\/a> <a href=\"https:\/\/t.co\/RezvggOa1z\">pic.twitter.com\/RezvggOa1z<\/a><\/p>\n<p>&mdash; Lebiathlonfr (@Lebiathlonfr) <a href=\"https:\/\/twitter.com\/Lebiathlonfr\/status\/1109851621201199105?ref_src=twsrc%5Etfw\">March 24, 2019<\/a><\/p><\/blockquote>\n<p><script async src=\"https:\/\/platform.twitter.com\/widgets.js\" charset=\"utf-8\"><\/script><\/span><\/p>\n<p><strong><em>Flo Ostermann<br \/>\n<a href=\"https:\/\/www.facebook.com\/florent.ostermann\"><img loading=\"lazy\" decoding=\"async\" class=\"alignnone wp-image-2909\" src=\"http:\/\/dicodusport.fr\/blog\/wp-content\/uploads\/2017\/07\/logo-facebook-150x150.png\" sizes=\"auto, (max-width: 40px) 100vw, 40px\" srcset=\"https:\/\/dicodusport.fr\/blog\/wp-content\/uploads\/2017\/07\/logo-facebook-150x150.png 150w, https:\/\/dicodusport.fr\/blog\/wp-content\/uploads\/2017\/07\/logo-facebook-300x300.png 300w, https:\/\/dicodusport.fr\/blog\/wp-content\/uploads\/2017\/07\/logo-facebook.png 400w\" alt=\"\" width=\"40\" height=\"40\" \/><\/a><a href=\"https:\/\/twitter.com\/SportInsideMag\"><img loading=\"lazy\" decoding=\"async\" class=\"alignnone wp-image-2908\" src=\"http:\/\/dicodusport.fr\/blog\/wp-content\/uploads\/2017\/07\/logo-twitter-150x150.png\" alt=\"\" width=\"39\" height=\"39\" \/><\/a><\/em><\/strong><\/p>\n","protected":false},"excerpt":{"rendered":"<p>Immense Johannes Boe ! Le Norv\u00e9gien s&rsquo;est impos\u00e9 sur la mass start \u00e0 Oslo ce dimanche, d\u00e9crochant sa 16\u00e8me victoire cette saison. <\/p>\n","protected":false},"author":4,"featured_media":35012,"comment_status":"open","ping_status":"closed","sticky":false,"template":"","format":"standard","meta":{"_acf_changed":false,"_daextam_enable_autolinks":"","footnotes":""},"categories":[2,2426,2313],"tags":[2427,1530,7475,7140],"class_list":["post-35888","post","type-post","status-publish","format-standard","has-post-thumbnail","hentry","category-actualites","category-biathlon","category-sports-dhiver","tag-biathlon","tag-coupe-du-monde","tag-holmenkollen","tag-mass-start-hommes"],"acf":[],"yoast_head":"<!-- This site is optimized with the Yoast SEO Premium plugin v26.7 (Yoast SEO v26.7) - https:\/\/yoast.com\/wordpress\/plugins\/seo\/ -->\n<title>Biathlon - Oslo : Johannes Boe remporte la mass start et r\u00e9alise le Grand Chelem<\/title>\n<meta name=\"description\" content=\"Immense Johannes Boe ! Le Norv\u00e9gien s&#039;est impos\u00e9 sur la mass start \u00e0 Oslo ce dimanche, d\u00e9crochant sa 16\u00e8me victoire cette saison.\" \/>\n<meta name=\"robots\" content=\"index, follow, max-snippet:-1, max-image-preview:large, max-video-preview:-1\" \/>\n<link rel=\"canonical\" href=\"https:\/\/dicodusport.fr\/blog\/biathlon-oslo-remporte-la-mass-start-et-realise-le-grand-chelem\/\" \/>\n<meta property=\"og:locale\" content=\"fr_FR\" \/>\n<meta property=\"og:type\" content=\"article\" \/>\n<meta property=\"og:title\" content=\"Biathlon - Oslo : Johannes Boe remporte la mass start et r\u00e9alise le Grand Chelem\" \/>\n<meta property=\"og:description\" content=\"Immense Johannes Boe ! Le Norv\u00e9gien s&#039;est impos\u00e9 sur la mass start \u00e0 Oslo ce dimanche, d\u00e9crochant sa 16\u00e8me victoire cette saison.\" \/>\n<meta property=\"og:url\" content=\"https:\/\/dicodusport.fr\/blog\/biathlon-oslo-remporte-la-mass-start-et-realise-le-grand-chelem\/\" \/>\n<meta property=\"og:site_name\" content=\"Dicodusport\" \/>\n<meta property=\"article:publisher\" content=\"https:\/\/www.facebook.com\/dicodusport\" \/>\n<meta property=\"article:author\" content=\"https:\/\/www.facebook.com\/florent.ostermann\" \/>\n<meta property=\"article:published_time\" content=\"2019-03-24T16:07:25+00:00\" \/>\n<meta property=\"article:modified_time\" content=\"2019-03-24T16:43:31+00:00\" \/>\n<meta property=\"og:image\" content=\"https:\/\/dicodusport.fr\/blog\/wp-content\/uploads\/2019\/03\/Johannes-Boe-Poursuite-Mondiaux-Ostersund-2019.png\" \/>\n\t<meta property=\"og:image:width\" content=\"800\" \/>\n\t<meta property=\"og:image:height\" content=\"445\" \/>\n\t<meta property=\"og:image:type\" content=\"image\/png\" \/>\n<meta name=\"author\" content=\"Flo Ostermann\" \/>\n<meta name=\"twitter:card\" content=\"summary_large_image\" \/>\n<meta name=\"twitter:creator\" content=\"@https:\/\/twitter.com\/FlOstermann\" \/>\n<meta name=\"twitter:site\" content=\"@dicodusport\" \/>\n<script type=\"application\/ld+json\" class=\"yoast-schema-graph\">{\"@context\":\"https:\/\/schema.org\",\"@graph\":[{\"@type\":\"NewsArticle\",\"@id\":\"https:\/\/dicodusport.fr\/blog\/biathlon-oslo-remporte-la-mass-start-et-realise-le-grand-chelem\/#article\",\"isPartOf\":{\"@id\":\"https:\/\/dicodusport.fr\/blog\/biathlon-oslo-remporte-la-mass-start-et-realise-le-grand-chelem\/\"},\"author\":{\"name\":\"Flo Ostermann\",\"@id\":\"https:\/\/dicodusport.fr\/blog\/#\/schema\/person\/cb02af4c173ce4a653b55e9baf388d4a\"},\"headline\":\"Biathlon &#8211; Oslo : Johannes Boe remporte la mass start et r\u00e9alise le Grand Chelem\",\"datePublished\":\"2019-03-24T16:07:25+00:00\",\"dateModified\":\"2019-03-24T16:43:31+00:00\",\"mainEntityOfPage\":{\"@id\":\"https:\/\/dicodusport.fr\/blog\/biathlon-oslo-remporte-la-mass-start-et-realise-le-grand-chelem\/\"},\"wordCount\":329,\"commentCount\":0,\"publisher\":{\"@id\":\"https:\/\/dicodusport.fr\/blog\/#organization\"},\"image\":{\"@id\":\"https:\/\/dicodusport.fr\/blog\/biathlon-oslo-remporte-la-mass-start-et-realise-le-grand-chelem\/#primaryimage\"},\"thumbnailUrl\":\"https:\/\/dicodusport.fr\/blog\/wp-content\/uploads\/2019\/03\/Johannes-Boe-Poursuite-Mondiaux-Ostersund-2019.png\",\"keywords\":[\"Biathlon\",\"Coupe du monde\",\"Holmenkollen\",\"Mass start hommes\"],\"articleSection\":[\"Actualit\u00e9s\",\"Biathlon\",\"Sports d'hiver\"],\"inLanguage\":\"fr-FR\",\"potentialAction\":[{\"@type\":\"CommentAction\",\"name\":\"Comment\",\"target\":[\"https:\/\/dicodusport.fr\/blog\/biathlon-oslo-remporte-la-mass-start-et-realise-le-grand-chelem\/#respond\"]}],\"copyrightYear\":\"2019\",\"copyrightHolder\":{\"@id\":\"https:\/\/dicodusport.fr\/blog\/#organization\"}},{\"@type\":\"WebPage\",\"@id\":\"https:\/\/dicodusport.fr\/blog\/biathlon-oslo-remporte-la-mass-start-et-realise-le-grand-chelem\/\",\"url\":\"https:\/\/dicodusport.fr\/blog\/biathlon-oslo-remporte-la-mass-start-et-realise-le-grand-chelem\/\",\"name\":\"Biathlon - Oslo : Johannes Boe remporte la mass start et r\u00e9alise le Grand Chelem\",\"isPartOf\":{\"@id\":\"https:\/\/dicodusport.fr\/blog\/#website\"},\"primaryImageOfPage\":{\"@id\":\"https:\/\/dicodusport.fr\/blog\/biathlon-oslo-remporte-la-mass-start-et-realise-le-grand-chelem\/#primaryimage\"},\"image\":{\"@id\":\"https:\/\/dicodusport.fr\/blog\/biathlon-oslo-remporte-la-mass-start-et-realise-le-grand-chelem\/#primaryimage\"},\"thumbnailUrl\":\"https:\/\/dicodusport.fr\/blog\/wp-content\/uploads\/2019\/03\/Johannes-Boe-Poursuite-Mondiaux-Ostersund-2019.png\",\"datePublished\":\"2019-03-24T16:07:25+00:00\",\"dateModified\":\"2019-03-24T16:43:31+00:00\",\"description\":\"Immense Johannes Boe ! Le Norv\u00e9gien s'est impos\u00e9 sur la mass start \u00e0 Oslo ce dimanche, d\u00e9crochant sa 16\u00e8me victoire cette saison.\",\"breadcrumb\":{\"@id\":\"https:\/\/dicodusport.fr\/blog\/biathlon-oslo-remporte-la-mass-start-et-realise-le-grand-chelem\/#breadcrumb\"},\"inLanguage\":\"fr-FR\",\"potentialAction\":[{\"@type\":\"ReadAction\",\"target\":[\"https:\/\/dicodusport.fr\/blog\/biathlon-oslo-remporte-la-mass-start-et-realise-le-grand-chelem\/\"]}]},{\"@type\":\"ImageObject\",\"inLanguage\":\"fr-FR\",\"@id\":\"https:\/\/dicodusport.fr\/blog\/biathlon-oslo-remporte-la-mass-start-et-realise-le-grand-chelem\/#primaryimage\",\"url\":\"https:\/\/dicodusport.fr\/blog\/wp-content\/uploads\/2019\/03\/Johannes-Boe-Poursuite-Mondiaux-Ostersund-2019.png\",\"contentUrl\":\"https:\/\/dicodusport.fr\/blog\/wp-content\/uploads\/2019\/03\/Johannes-Boe-Poursuite-Mondiaux-Ostersund-2019.png\",\"width\":800,\"height\":445},{\"@type\":\"BreadcrumbList\",\"@id\":\"https:\/\/dicodusport.fr\/blog\/biathlon-oslo-remporte-la-mass-start-et-realise-le-grand-chelem\/#breadcrumb\",\"itemListElement\":[{\"@type\":\"ListItem\",\"position\":1,\"name\":\"Accueil\",\"item\":\"https:\/\/dicodusport.fr\/blog\/\"},{\"@type\":\"ListItem\",\"position\":2,\"name\":\"Biathlon &#8211; Oslo : Johannes Boe remporte la mass start et r\u00e9alise le Grand Chelem\"}]},{\"@type\":\"WebSite\",\"@id\":\"https:\/\/dicodusport.fr\/blog\/#website\",\"url\":\"https:\/\/dicodusport.fr\/blog\/\",\"name\":\"Dicodusport\",\"description\":\"L&#039;encyclop\u00e9die de l&#039;actualit\u00e9 sportive\",\"publisher\":{\"@id\":\"https:\/\/dicodusport.fr\/blog\/#organization\"},\"potentialAction\":[{\"@type\":\"SearchAction\",\"target\":{\"@type\":\"EntryPoint\",\"urlTemplate\":\"https:\/\/dicodusport.fr\/blog\/?s={search_term_string}\"},\"query-input\":{\"@type\":\"PropertyValueSpecification\",\"valueRequired\":true,\"valueName\":\"search_term_string\"}}],\"inLanguage\":\"fr-FR\"},{\"@type\":\"NewsMediaOrganization\",\"@id\":\"https:\/\/dicodusport.fr\/blog\/#organization\",\"name\":\"Dicodusport\",\"url\":\"https:\/\/dicodusport.fr\/blog\/\",\"logo\":{\"@type\":\"ImageObject\",\"inLanguage\":\"fr-FR\",\"@id\":\"https:\/\/dicodusport.fr\/blog\/#\/schema\/logo\/image\/\",\"url\":\"https:\/\/dicodusport.fr\/blog\/wp-content\/uploads\/2020\/06\/cropped-LOGO-DICODUSPORT-2020-SANS-FOND-SANS-TEXTE.png\",\"contentUrl\":\"https:\/\/dicodusport.fr\/blog\/wp-content\/uploads\/2020\/06\/cropped-LOGO-DICODUSPORT-2020-SANS-FOND-SANS-TEXTE.png\",\"width\":512,\"height\":512,\"caption\":\"Dicodusport\"},\"image\":{\"@id\":\"https:\/\/dicodusport.fr\/blog\/#\/schema\/logo\/image\/\"},\"sameAs\":[\"https:\/\/www.facebook.com\/dicodusport\",\"https:\/\/x.com\/dicodusport\",\"https:\/\/www.instagram.com\/dicodusport\/\",\"https:\/\/www.youtube.com\/channel\/UC7V2KZ5sd3htJivAbA4ZG3w\"],\"description\":\"Dicodusport est l'encyclop\u00e9die de l'actualit\u00e9 sportive.\",\"email\":\"bonjour@dicodusport.fr\",\"legalName\":\"DICODUSPORT\",\"foundingDate\":\"2018-01-14\",\"vatID\":\"FR71834470973\",\"taxID\":\"83447097300043\",\"numberOfEmployees\":{\"@type\":\"QuantitativeValue\",\"minValue\":\"1\",\"maxValue\":\"10\"}},{\"@type\":\"Person\",\"@id\":\"https:\/\/dicodusport.fr\/blog\/#\/schema\/person\/cb02af4c173ce4a653b55e9baf388d4a\",\"name\":\"Flo Ostermann\",\"image\":{\"@type\":\"ImageObject\",\"inLanguage\":\"fr-FR\",\"@id\":\"https:\/\/dicodusport.fr\/blog\/#\/schema\/person\/image\/\",\"url\":\"https:\/\/dicodusport.fr\/blog\/wp-content\/uploads\/2021\/05\/Flo-Ostermann-150x150.jpg\",\"contentUrl\":\"https:\/\/dicodusport.fr\/blog\/wp-content\/uploads\/2021\/05\/Flo-Ostermann-150x150.jpg\",\"caption\":\"Flo Ostermann\"},\"description\":\"Journaliste\/R\u00e9dacteur depuis septembre 2015 - Mes premiers souvenirs dans le sport ? Les envol\u00e9es du Stade Toulousain et les duels Villeneuve-Schumacher et H\u00e4kkinen-Schumacher \u00e0 la fin des ann\u00e9es 90, la Coupe du monde de football en 1998, l\u2019exploit du XV de France face aux All Blacks en 1999, mais aussi Richard C\u0153ur de Lion qui vole sur les montagnes du Tour de France. Bien parti pour devenir professeur d\u2019EPS, les \u00e9v\u00e9nements de la vie (et la flemme d\u2019animer des s\u00e9ances de 3x500 m\u00e8tres toute ma vie) m\u2019ont conduit \u00e0 revoir mes plans. Me voil\u00e0 depuis fin 2017 sur Dicodusport, m\u00e9dia gr\u00e2ce (et pour) lequel je partage ma passion : le sport dans tous ses \u00e9tats. Le tout accompagn\u00e9 par les fous furieux et folles furieuses cit\u00e9s sur cette page !\",\"sameAs\":[\"https:\/\/www.facebook.com\/florent.ostermann\",\"https:\/\/x.com\/https:\/\/twitter.com\/FlOstermann\",\"admin\"],\"url\":\"https:\/\/dicodusport.fr\/blog\/author\/flo\/\"}]}<\/script>\n<!-- \/ Yoast SEO Premium plugin. -->","yoast_head_json":{"title":"Biathlon - Oslo : Johannes Boe remporte la mass start et r\u00e9alise le Grand Chelem","description":"Immense Johannes Boe ! Le Norv\u00e9gien s'est impos\u00e9 sur la mass start \u00e0 Oslo ce dimanche, d\u00e9crochant sa 16\u00e8me victoire cette saison.","robots":{"index":"index","follow":"follow","max-snippet":"max-snippet:-1","max-image-preview":"max-image-preview:large","max-video-preview":"max-video-preview:-1"},"canonical":"https:\/\/dicodusport.fr\/blog\/biathlon-oslo-remporte-la-mass-start-et-realise-le-grand-chelem\/","og_locale":"fr_FR","og_type":"article","og_title":"Biathlon - Oslo : Johannes Boe remporte la mass start et r\u00e9alise le Grand Chelem","og_description":"Immense Johannes Boe ! Le Norv\u00e9gien s'est impos\u00e9 sur la mass start \u00e0 Oslo ce dimanche, d\u00e9crochant sa 16\u00e8me victoire cette saison.","og_url":"https:\/\/dicodusport.fr\/blog\/biathlon-oslo-remporte-la-mass-start-et-realise-le-grand-chelem\/","og_site_name":"Dicodusport","article_publisher":"https:\/\/www.facebook.com\/dicodusport","article_author":"https:\/\/www.facebook.com\/florent.ostermann","article_published_time":"2019-03-24T16:07:25+00:00","article_modified_time":"2019-03-24T16:43:31+00:00","og_image":[{"width":800,"height":445,"url":"https:\/\/dicodusport.fr\/blog\/wp-content\/uploads\/2019\/03\/Johannes-Boe-Poursuite-Mondiaux-Ostersund-2019.png","type":"image\/png"}],"author":"Flo Ostermann","twitter_card":"summary_large_image","twitter_creator":"@https:\/\/twitter.com\/FlOstermann","twitter_site":"@dicodusport","schema":{"@context":"https:\/\/schema.org","@graph":[{"@type":"NewsArticle","@id":"https:\/\/dicodusport.fr\/blog\/biathlon-oslo-remporte-la-mass-start-et-realise-le-grand-chelem\/#article","isPartOf":{"@id":"https:\/\/dicodusport.fr\/blog\/biathlon-oslo-remporte-la-mass-start-et-realise-le-grand-chelem\/"},"author":{"name":"Flo Ostermann","@id":"https:\/\/dicodusport.fr\/blog\/#\/schema\/person\/cb02af4c173ce4a653b55e9baf388d4a"},"headline":"Biathlon &#8211; Oslo : Johannes Boe remporte la mass start et r\u00e9alise le Grand Chelem","datePublished":"2019-03-24T16:07:25+00:00","dateModified":"2019-03-24T16:43:31+00:00","mainEntityOfPage":{"@id":"https:\/\/dicodusport.fr\/blog\/biathlon-oslo-remporte-la-mass-start-et-realise-le-grand-chelem\/"},"wordCount":329,"commentCount":0,"publisher":{"@id":"https:\/\/dicodusport.fr\/blog\/#organization"},"image":{"@id":"https:\/\/dicodusport.fr\/blog\/biathlon-oslo-remporte-la-mass-start-et-realise-le-grand-chelem\/#primaryimage"},"thumbnailUrl":"https:\/\/dicodusport.fr\/blog\/wp-content\/uploads\/2019\/03\/Johannes-Boe-Poursuite-Mondiaux-Ostersund-2019.png","keywords":["Biathlon","Coupe du monde","Holmenkollen","Mass start hommes"],"articleSection":["Actualit\u00e9s","Biathlon","Sports d'hiver"],"inLanguage":"fr-FR","potentialAction":[{"@type":"CommentAction","name":"Comment","target":["https:\/\/dicodusport.fr\/blog\/biathlon-oslo-remporte-la-mass-start-et-realise-le-grand-chelem\/#respond"]}],"copyrightYear":"2019","copyrightHolder":{"@id":"https:\/\/dicodusport.fr\/blog\/#organization"}},{"@type":"WebPage","@id":"https:\/\/dicodusport.fr\/blog\/biathlon-oslo-remporte-la-mass-start-et-realise-le-grand-chelem\/","url":"https:\/\/dicodusport.fr\/blog\/biathlon-oslo-remporte-la-mass-start-et-realise-le-grand-chelem\/","name":"Biathlon - Oslo : Johannes Boe remporte la mass start et r\u00e9alise le Grand Chelem","isPartOf":{"@id":"https:\/\/dicodusport.fr\/blog\/#website"},"primaryImageOfPage":{"@id":"https:\/\/dicodusport.fr\/blog\/biathlon-oslo-remporte-la-mass-start-et-realise-le-grand-chelem\/#primaryimage"},"image":{"@id":"https:\/\/dicodusport.fr\/blog\/biathlon-oslo-remporte-la-mass-start-et-realise-le-grand-chelem\/#primaryimage"},"thumbnailUrl":"https:\/\/dicodusport.fr\/blog\/wp-content\/uploads\/2019\/03\/Johannes-Boe-Poursuite-Mondiaux-Ostersund-2019.png","datePublished":"2019-03-24T16:07:25+00:00","dateModified":"2019-03-24T16:43:31+00:00","description":"Immense Johannes Boe ! Le Norv\u00e9gien s'est impos\u00e9 sur la mass start \u00e0 Oslo ce dimanche, d\u00e9crochant sa 16\u00e8me victoire cette saison.","breadcrumb":{"@id":"https:\/\/dicodusport.fr\/blog\/biathlon-oslo-remporte-la-mass-start-et-realise-le-grand-chelem\/#breadcrumb"},"inLanguage":"fr-FR","potentialAction":[{"@type":"ReadAction","target":["https:\/\/dicodusport.fr\/blog\/biathlon-oslo-remporte-la-mass-start-et-realise-le-grand-chelem\/"]}]},{"@type":"ImageObject","inLanguage":"fr-FR","@id":"https:\/\/dicodusport.fr\/blog\/biathlon-oslo-remporte-la-mass-start-et-realise-le-grand-chelem\/#primaryimage","url":"https:\/\/dicodusport.fr\/blog\/wp-content\/uploads\/2019\/03\/Johannes-Boe-Poursuite-Mondiaux-Ostersund-2019.png","contentUrl":"https:\/\/dicodusport.fr\/blog\/wp-content\/uploads\/2019\/03\/Johannes-Boe-Poursuite-Mondiaux-Ostersund-2019.png","width":800,"height":445},{"@type":"BreadcrumbList","@id":"https:\/\/dicodusport.fr\/blog\/biathlon-oslo-remporte-la-mass-start-et-realise-le-grand-chelem\/#breadcrumb","itemListElement":[{"@type":"ListItem","position":1,"name":"Accueil","item":"https:\/\/dicodusport.fr\/blog\/"},{"@type":"ListItem","position":2,"name":"Biathlon &#8211; Oslo : Johannes Boe remporte la mass start et r\u00e9alise le Grand Chelem"}]},{"@type":"WebSite","@id":"https:\/\/dicodusport.fr\/blog\/#website","url":"https:\/\/dicodusport.fr\/blog\/","name":"Dicodusport","description":"L&#039;encyclop\u00e9die de l&#039;actualit\u00e9 sportive","publisher":{"@id":"https:\/\/dicodusport.fr\/blog\/#organization"},"potentialAction":[{"@type":"SearchAction","target":{"@type":"EntryPoint","urlTemplate":"https:\/\/dicodusport.fr\/blog\/?s={search_term_string}"},"query-input":{"@type":"PropertyValueSpecification","valueRequired":true,"valueName":"search_term_string"}}],"inLanguage":"fr-FR"},{"@type":"NewsMediaOrganization","@id":"https:\/\/dicodusport.fr\/blog\/#organization","name":"Dicodusport","url":"https:\/\/dicodusport.fr\/blog\/","logo":{"@type":"ImageObject","inLanguage":"fr-FR","@id":"https:\/\/dicodusport.fr\/blog\/#\/schema\/logo\/image\/","url":"https:\/\/dicodusport.fr\/blog\/wp-content\/uploads\/2020\/06\/cropped-LOGO-DICODUSPORT-2020-SANS-FOND-SANS-TEXTE.png","contentUrl":"https:\/\/dicodusport.fr\/blog\/wp-content\/uploads\/2020\/06\/cropped-LOGO-DICODUSPORT-2020-SANS-FOND-SANS-TEXTE.png","width":512,"height":512,"caption":"Dicodusport"},"image":{"@id":"https:\/\/dicodusport.fr\/blog\/#\/schema\/logo\/image\/"},"sameAs":["https:\/\/www.facebook.com\/dicodusport","https:\/\/x.com\/dicodusport","https:\/\/www.instagram.com\/dicodusport\/","https:\/\/www.youtube.com\/channel\/UC7V2KZ5sd3htJivAbA4ZG3w"],"description":"Dicodusport est l'encyclop\u00e9die de l'actualit\u00e9 sportive.","email":"bonjour@dicodusport.fr","legalName":"DICODUSPORT","foundingDate":"2018-01-14","vatID":"FR71834470973","taxID":"83447097300043","numberOfEmployees":{"@type":"QuantitativeValue","minValue":"1","maxValue":"10"}},{"@type":"Person","@id":"https:\/\/dicodusport.fr\/blog\/#\/schema\/person\/cb02af4c173ce4a653b55e9baf388d4a","name":"Flo Ostermann","image":{"@type":"ImageObject","inLanguage":"fr-FR","@id":"https:\/\/dicodusport.fr\/blog\/#\/schema\/person\/image\/","url":"https:\/\/dicodusport.fr\/blog\/wp-content\/uploads\/2021\/05\/Flo-Ostermann-150x150.jpg","contentUrl":"https:\/\/dicodusport.fr\/blog\/wp-content\/uploads\/2021\/05\/Flo-Ostermann-150x150.jpg","caption":"Flo Ostermann"},"description":"Journaliste\/R\u00e9dacteur depuis septembre 2015 - Mes premiers souvenirs dans le sport ? Les envol\u00e9es du Stade Toulousain et les duels Villeneuve-Schumacher et H\u00e4kkinen-Schumacher \u00e0 la fin des ann\u00e9es 90, la Coupe du monde de football en 1998, l\u2019exploit du XV de France face aux All Blacks en 1999, mais aussi Richard C\u0153ur de Lion qui vole sur les montagnes du Tour de France. Bien parti pour devenir professeur d\u2019EPS, les \u00e9v\u00e9nements de la vie (et la flemme d\u2019animer des s\u00e9ances de 3x500 m\u00e8tres toute ma vie) m\u2019ont conduit \u00e0 revoir mes plans. Me voil\u00e0 depuis fin 2017 sur Dicodusport, m\u00e9dia gr\u00e2ce (et pour) lequel je partage ma passion : le sport dans tous ses \u00e9tats. Le tout accompagn\u00e9 par les fous furieux et folles furieuses cit\u00e9s sur cette page !","sameAs":["https:\/\/www.facebook.com\/florent.ostermann","https:\/\/x.com\/https:\/\/twitter.com\/FlOstermann","admin"],"url":"https:\/\/dicodusport.fr\/blog\/author\/flo\/"}]}},"_links":{"self":[{"href":"https:\/\/dicodusport.fr\/blog\/wp-json\/wp\/v2\/posts\/35888","targetHints":{"allow":["GET"]}}],"collection":[{"href":"https:\/\/dicodusport.fr\/blog\/wp-json\/wp\/v2\/posts"}],"about":[{"href":"https:\/\/dicodusport.fr\/blog\/wp-json\/wp\/v2\/types\/post"}],"author":[{"embeddable":true,"href":"https:\/\/dicodusport.fr\/blog\/wp-json\/wp\/v2\/users\/4"}],"replies":[{"embeddable":true,"href":"https:\/\/dicodusport.fr\/blog\/wp-json\/wp\/v2\/comments?post=35888"}],"version-history":[{"count":0,"href":"https:\/\/dicodusport.fr\/blog\/wp-json\/wp\/v2\/posts\/35888\/revisions"}],"wp:featuredmedia":[{"embeddable":true,"href":"https:\/\/dicodusport.fr\/blog\/wp-json\/wp\/v2\/media\/35012"}],"wp:attachment":[{"href":"https:\/\/dicodusport.fr\/blog\/wp-json\/wp\/v2\/media?parent=35888"}],"wp:term":[{"taxonomy":"category","embeddable":true,"href":"https:\/\/dicodusport.fr\/blog\/wp-json\/wp\/v2\/categories?post=35888"},{"taxonomy":"post_tag","embeddable":true,"href":"https:\/\/dicodusport.fr\/blog\/wp-json\/wp\/v2\/tags?post=35888"}],"curies":[{"name":"wp","href":"https:\/\/api.w.org\/{rel}","templated":true}]}}