{"id":359126,"date":"2023-02-25T09:43:02","date_gmt":"2023-02-25T08:43:02","guid":{"rendered":"https:\/\/dicodusport.fr\/blog\/?p=359126&#038;preview=true&#038;preview_id=359126"},"modified":"2023-02-25T11:04:57","modified_gmt":"2023-02-25T10:04:57","slug":"sondage-corinne-diacre-doit-elle-etre-ecartee-de-lequipe-de-france","status":"publish","type":"post","link":"https:\/\/dicodusport.fr\/blog\/sondage-corinne-diacre-doit-elle-etre-ecartee-de-lequipe-de-france\/","title":{"rendered":"[Sondage] Corinne Diacre doit-elle \u00eatre \u00e9cart\u00e9e de l&rsquo;\u00e9quipe de France ?"},"content":{"rendered":"<p align=\"justify\"><em><b>\u00c9QUIPE DE FRANCE &#8211; Alors que trois cadres de l&rsquo;\u00e9quipe de France ont annonc\u00e9 se mettre en retrait des Bleues, l&rsquo;avenir de Corinne Diacre est au c\u0153ur de toutes les discussions.\u00a0<\/b><\/em><\/p>\n<p align=\"justify\">Journ\u00e9e noire pour l&rsquo;\u00e9quipe de France f\u00e9minine de <a href=\"https:\/\/dicodusport.fr\/definition-sport\/football\/\" target=\"_blank\" rel=\"noopener\">football<\/a> ce vendredi. <a href=\"https:\/\/dicodusport.fr\/blog\/bleues-wendie-renard-se-met-en-retrait-de-lequipe-de-france\/\" target=\"_blank\" rel=\"noopener\"><strong>Wendie<\/strong> <strong>Renard<\/strong> a d&rsquo;abord annonc\u00e9 sa mise en retrait des Bleues<\/a> tant \u00ab\u00a0que le syst\u00e8me actuel sera en place\u00a0\u00bb. Quelques heures plus tard, <a href=\"https:\/\/dicodusport.fr\/blog\/bleues-au-tour-de-marie-antoinette-katoto-et-kadidiatou-diani-de-dire-stop\/\" target=\"_blank\" rel=\"noopener\"><strong>Marie-Antoinette Katoto<\/strong> et <strong>Kadidiatou Diani<\/strong> imitaient leur capitaine<\/a> et plongeaient la <strong>F\u00e9d\u00e9ration Fran\u00e7aise de Football<\/strong> dans une nouvelle crise \u00e0 g\u00e9rer. Alors que <strong>Philipe Diallo<\/strong> aurait pass\u00e9 un coup de t\u00e9l\u00e9phone \u00e0 <strong>Corinne Diacre<\/strong>, la FFF a jou\u00e9 la montre via un communiqu\u00e9.<\/p>\n<blockquote>\n<p align=\"justify\">La <strong>FFF<\/strong> a pris connaissance des d\u00e9clarations de Wendie Renard, Kadidiatou Diani et Marie-Antoinette Katoto. Son Comit\u00e9 ex\u00e9cutif, r\u00e9uni le 28 f\u00e9vrier, se saisira de la question \u00e0 cette occasion. La <strong>FFF<\/strong> tient \u00e0 rappeler qu\u2019aucune individualit\u00e9 n\u2019est au-dessus de l\u2019institution \u00c9quipe de France.<\/p>\n<\/blockquote>\n<p align=\"justify\">\u00c0 cinq mois d&rsquo;une Coupe du monde, il faut agir vite pour ne pas hypoth\u00e9quer ses chances. La <strong>FFF<\/strong> peut-elle maintenir <strong>Corinne<\/strong> <strong>Diacre<\/strong> \u00e0 son poste ? La s\u00e9lectionneuse peut-elle rester alors qu&rsquo;elle est en conflit avec de nombreuses cadres des Bleues ? Avant les trois frondeuses de vendredi, il y a d\u00e9j\u00e0 eu des pr\u00e9c\u00e9dents, avec notamment <strong>Amandine<\/strong> <strong>Henry<\/strong> et <strong>Eug\u00e9nie Le Sommer<\/strong>.<\/p>\n<h2 align=\"justify\">\u00c0 vous de trancher !<\/h2>\n<p align=\"justify\"><div class=\"dem-poll-shortcode\">\n<style id=\"democracy-poll\">.democracy:after{content:'';display:table;clear:both}.democracy ul li,.democracy ul{background:0 0;padding:0;margin:0}.democracy ul li:before{display:none}.democracy input[type=radio],.democracy input[type=checkbox]{margin:0;vertical-align:middle}.democracy input[type=radio]:focus,.democracy input[type=checkbox]:focus{outline:none}.democracy ul{list-style:none !important;border:none !important}.democracy ul li{list-style:none !important}input[type=submit].dem-button,a.dem-button,.dem-button{position:relative;display:inline-block;text-decoration:none;line-height:1;border:0;margin:0;padding:0;cursor:pointer;white-space:nowrap;-webkit-user-select:none;-moz-user-select:none;-ms-user-select:none;user-select:none}input[type=submit].dem-button:focus,a.dem-button:focus,.dem-button:focus{outline:none}input[type=submit].dem-button:disabled,a.dem-button:disabled,.dem-button:disabled{opacity:.6;cursor:not-allowed}a.dem-button:hover{text-decoration:none !important}.democracy{position:relative;margin:0 auto}.democracy input[type=radio],.democracy input[type=checkbox]{margin-right:.2em}.dem-screen{position:relative;line-height:1.3}.democracy ul.dem-vote{margin-bottom:1em}.democracy ul.dem-vote li{padding-bottom:0;margin-bottom:0}.democracy ul.dem-vote li>*{margin-bottom:.6em}.democracy ul.dem-answers li{padding-bottom:1em}.dem-answers .dem-label{margin-bottom:.2em;line-height:1.2}.dem-graph{position:relative;color:#555;color:rgba(0,0,0,.6);box-sizing:content-box;width:100%;display:table;height:1.2em;line-height:1.2em}.dem-fill{position:absolute;top:0;left:0;height:100%;background-color:#7cb4dd}.dem-voted-this .dem-fill{background-color:#ffc45a}.dem-votes-txt,.dem-percent-txt{position:relative;display:table-cell;padding-left:.3em;vertical-align:middle;font-size:90%}.dem-poll-info{padding-bottom:1em}.dem-poll-info:after{content:'';display:table;clear:both}.dem-poll-info>*{font-size:85%;display:block;float:right;clear:both;text-align:right;opacity:.7;line-height:1.3}.dem-vote label{float:none;display:block}.dem-results-link{display:inline-block;line-height:1;margin:.8em 1em}.dem-vote .dem-disabled{opacity:.5}.democracy .dem-bottom{padding-bottom:1em}.dem-bottom{text-align:center}.dem-bottom:after{content:'';display:table;clear:both}.dem-poll-title{display:block;margin-bottom:1.5em;margin-top:1.2em;font-size:120%}.dem-notice{z-index:10;position:absolute;top:0;border-radius:2px;width:100%;padding:1.5em 2em;text-align:center;background:rgba(247,241,212,.8);color:#6d6214}.dem-notice-close{position:absolute;top:0;right:0;padding:5px;cursor:pointer;line-height:.6;font-size:150%}.dem-notice-close:hover{color:#d26616}.dem-star{font-size:90%;vertical-align:baseline;padding-left:.3em;color:#ff4e00}.dem-poll-note{font-size:90%;padding:.5em;opacity:.8;line-height:1.3}.democracy .dem-copyright{position:absolute;bottom:-1em;right:0;text-decoration:none;border-bottom:0;color:#b2b2b2;opacity:.5;line-height:1}.democracy .dem-copyright:hover{opacity:1}.dem-add-answer{position:relative}.dem-add-answer>*{display:block}.dem-add-answer a{display:inline-block}input.dem-add-answer-txt{width:100%;box-sizing:border-box}.dem-add-answer-close{position:absolute;right:0;padding:0 .7em;cursor:pointer;color:#333}.dem-add-answer-close:hover{color:#ff2700}.dem-edit-link{display:block;position:absolute;top:0;right:0;line-height:1;text-decoration:none !important;border:none !important}.dem-edit-link svg{width:1.2em!important;fill:#6c6c6c}.dem-edit-link:hover svg{fill:#35a91d}.dem-loader{display:none;position:absolute;top:0;left:0;width:100%;height:100%}.dem-loader>*{display:table-cell;vertical-align:middle;text-align:center}.dem-loader svg{width:20%;max-width:100px;min-width:80px;margin-bottom:15%}.dem-loader [class^=dem-]{margin-bottom:15%!important}.dem__collapser{display:block;cursor:pointer;text-align:center;font-size:150%;line-height:1}.dem__collapser:hover{color:#f31;background:rgba(255,255,255,.3)}.dem__collapser.expanded{position:relative;height:1em}.dem__collapser.collapsed{position:absolute;top:0;bottom:0;right:0;left:0}.dem__collapser .arr{display:block;position:absolute;bottom:0;width:100%}.dem__collapser.collapsed .arr:before{content:\"\u25be\"}.dem__collapser.expanded .arr:before{content:\"\u25b4\"}.dem-poll-shortcode{margin-bottom:1.5em}.dem-archives .dem-elem-wrap{margin-bottom:2em;padding-bottom:20px;border-bottom:1px dashed rgba(0,0,0,.1)}.dem-archives .dem-archive-link{display:none}.dem-paging{text-align:center;margin:1.5em auto}.dem-paging>*{display:inline-block;padding:.3em .8em;border-radius:.2em;background:#e2e2e2;color:#333;text-decoration:none;text-transform:lowercase;user-select:none}.dem-paging>a{color:#333}.dem-paging>a:hover{background:#ccc;color:#333;text-decoration:none}.dem-paging .current{background:#656565;color:#fff}.dem-paging .dots{background:0 0}.democracy{border-color:#ccc;border:1px solid rgba(0,0,0,.1);background-color:#eee;background-color:rgba(0,0,0,.1);background-image:-webkit-linear-gradient(bottom,rgba(0,0,0,.05),transparent);background-image:linear-gradient(to top,rgba(0,0,0,.05),transparent);padding:1em;padding-bottom:.5em;margin-bottom:1em}.dem-poll-title{margin:0;font-size:115%;margin:-.9em;margin-bottom:1em;text-align:center;padding:1em;border-bottom:1px solid rgba(0,0,0,.1)}.dem-percent-txt,.dem-label-percent-txt{display:none}.dem-votes-txt-percent:before{content:'- ';display:inline}.dem-revote-button:before{content:'\u25c2 '}.dem-graph{background-color:rgba(255,255,255,.8)}.dem-results-link{margin-bottom:0}.dem__checkbox,.dem__radio{display:none !important}.dem__checkbox_label,.dem__radio_label{position:relative;box-sizing:content-box}.dem__checkbox_label .dem__spot{border-radius:3px}.dem__radio_label .dem__spot{border-radius:50%}.dem__checkbox_label .dem__spot,.dem__radio_label .dem__spot{position:relative;display:inline-block;vertical-align:baseline;width:.9em;height:.9em;margin-right:.3em;cursor:pointer;background:#fff;border:1px solid #ccc}.dem__checkbox_label .dem__spot:after{width:.9em;height:.32em;top:-.1em;left:.145em;border:.17em solid #333;border-top:none;border-right:none;-webkit-transform:rotate(-45deg);transform:rotate(-45deg);background:0 0}.dem__radio_label .dem__spot:after{width:.5em;height:.5em;border-radius:50%;top:50%;left:50%;-webkit-transform:translate(-50%,-50%);transform:translate(-50%,-50%);background:#333}.dem__checkbox_label .dem__spot:after,.dem__radio_label .dem__spot:after{content:'';position:absolute;opacity:0}.dem__checkbox_label:hover .dem__spot:after,.dem__radio_label:hover .dem__spot:after{opacity:.2}.dem__checkbox:checked+.dem__spot,.dem__radio:checked+.dem__spot{border-color:#999}.dem__checkbox:checked+.dem__spot:after,.dem__radio:checked+.dem__spot:after{opacity:1}.dem__checkbox:disabled+.dem__spot,.dem__radio:disabled+.dem__spot{opacity:.5}.dem__checkbox:not(:checked):disabled+.dem__spot:after,.dem__radio:not(:checked):disabled+.dem__spot:after{opacity:0}input[type=submit].dem-button,a.dem-button,.dem-button{font-size:90%;font-family:tahoma,arial,sans-serif;padding:.8em 1.6em !important;color:#fff;background:#61a9de;text-transform:uppercase}input[type=submit].dem-button:hover,a.dem-button:hover,.dem-button:hover{color:#fff;background:#3b8bc6}a.dem-button:visited{color:#fff}.dem-loader .fill{fill:#0248ed !important}.dem-loader .css-fill{background-color:#0248ed !important}.dem-loader .stroke{stroke:#0248ed !important}.dem-graph{background:#a5a5a5 !important}.dem-fill{background-color:#1c62ed !important}.dem-voted-this .dem-fill{background-color:#30a82a !important}.dem-graph{height:25px;line-height:25px}.dem-button{background-color:#f71339 !important}.dem-button{color:#efefef !important}.democracy{background-color:#fff;color:#000}.dem-poll-info{color:#000}.dem-votes-txt,.dem-percent-txt{color:#fff}<\/style>\n<div id=\"democracy-932\" class=\"democracy\" data-opts='{\"ajax_url\":\"https:\\\/\\\/dicodusport.fr\\\/blog\\\/wp-admin\\\/admin-ajax.php\",\"pid\":932,\"max_answs\":0,\"answs_max_height\":\"-1\",\"anim_speed\":\"400\",\"line_anim_speed\":1500}' ><strong class=\"dem-poll-title\">Corinne Diacre doit-elle \u00eatre \u00e9cart\u00e9 de l'\u00e9quipe de France ?<\/strong><div class=\"dem-screen vote\"><form method=\"POST\" action=\"#democracy-932\">\n\t<ul class=\"dem-vote\">\n\t\t<li data-aid=\"4791\">\n\t<label class=\"dem__radio_label\">\n\t\t<input class=\"dem__radio\"  type=\"radio\" value=\"4791\" name=\"answer_ids[]\"  ><span class=\"dem__spot\"><\/span> Oui\n\t<\/label>\n<\/li><li data-aid=\"4792\">\n\t<label class=\"dem__radio_label\">\n\t\t<input class=\"dem__radio\"  type=\"radio\" value=\"4792\" name=\"answer_ids[]\"  ><span class=\"dem__spot\"><\/span> Non\n\t<\/label>\n<\/li>\n\t<\/ul>\n\t<div class=\"dem-bottom\"><input type=\"hidden\" name=\"dem_act\" value=\"vote\"><input type=\"hidden\" name=\"dem_pid\" value=\"932\"><div class=\"dem-vote-button\"><input class=\"dem-button \" type=\"submit\" value=\"Voter\" data-dem-act=\"vote\"><\/div><\/div>\n<\/form><\/div><noscript>Poll Options are limited because JavaScript is disabled in your browser.<\/noscript><div class=\"dem-loader\"><div><style type=\"text\/css\">\n.dem-circle {\n  width:100%;\n  height:100%;\n  min-width:40px;\n  min-height:40px;\n  max-width:70px;\n  max-height:70px;\n\n  position: relative;\n  margin: 0 auto;\n}\n\n.double-bounce1, .double-bounce2 {\n  width: 100%;\n  height: 100%;\n  border-radius: 50%;\n  background-color: #226ec6;\n  opacity: 0.6;\n  position: absolute;\n  top: 0;\n  left: 0;\n  \n  -webkit-animation: bounce 2.0s infinite ease-in-out;\n  animation: bounce 2.0s infinite ease-in-out;\n}\n\n.double-bounce2 {\n  -webkit-animation-delay: -1.0s;\n  animation-delay: -1.0s;\n}\n\n@-webkit-keyframes bounce {\n  0%, 100% { -webkit-transform: scale(0.0) }\n  50% { -webkit-transform: scale(1.0) }\n}\n\n@keyframes bounce {\n  0%, 100% { \n    transform: scale(0.0);\n    -webkit-transform: scale(0.0);\n  } 50% { \n    transform: scale(1.0);\n    -webkit-transform: scale(1.0);\n  }\n}<\/style>\n\n<div class=\"dem-circle\">\n  <div class=\"double-bounce1 css-fill\"><\/div>\n  <div class=\"double-bounce2 css-fill\"><\/div>\n<\/div><\/div><\/div><\/div><!--democracy--><\/div>\n","protected":false},"excerpt":{"rendered":"<p>\u00c9QUIPE DE FRANCE &#8211; Alors que trois cadres de l&rsquo;\u00e9quipe de France ont annonc\u00e9 se mettre en retrait des Bleues, l&rsquo;avenir de Corinne Diacre est au c\u0153ur de toutes les discussions.\u00a0<\/p>\n","protected":false},"author":1,"featured_media":359127,"comment_status":"open","ping_status":"closed","sticky":false,"template":"","format":"standard","meta":{"_acf_changed":false,"_daextam_enable_autolinks":"","footnotes":""},"categories":[2301],"tags":[16878,7479,29950,75,30],"class_list":["post-359126","post","type-post","status-publish","format-standard","has-post-thumbnail","hentry","category-football","tag-breve","tag-corinne-diacre","tag-diacre","tag-football","tag-france"],"acf":[],"yoast_head":"<!-- This site is optimized with the Yoast SEO Premium plugin v26.7 (Yoast SEO v26.7) - https:\/\/yoast.com\/wordpress\/plugins\/seo\/ -->\n<title>[Sondage] Corinne Diacre doit-elle \u00eatre \u00e9cart\u00e9e de l&#039;\u00e9quipe de France ?<\/title>\n<meta name=\"description\" content=\"\u00c9QUIPE DE FRANCE - Alors que trois cadres de l&#039;\u00e9quipe de France ont annonc\u00e9 se mettre en retrait des Bleues, l&#039;avenir de Corinne Diacre est au c\u0153ur de toutes les discussions.\u00a0\" \/>\n<meta name=\"robots\" content=\"index, follow, max-snippet:-1, max-image-preview:large, max-video-preview:-1\" \/>\n<link rel=\"canonical\" href=\"https:\/\/dicodusport.fr\/blog\/sondage-corinne-diacre-doit-elle-etre-ecartee-de-lequipe-de-france\/\" \/>\n<meta property=\"og:locale\" content=\"fr_FR\" \/>\n<meta property=\"og:type\" content=\"article\" \/>\n<meta property=\"og:title\" content=\"[Sondage] Corinne Diacre doit-elle \u00eatre \u00e9cart\u00e9e de l&#039;\u00e9quipe de France ?\" \/>\n<meta property=\"og:description\" content=\"\u00c9QUIPE DE FRANCE - Alors que trois cadres de l&#039;\u00e9quipe de France ont annonc\u00e9 se mettre en retrait des Bleues, l&#039;avenir de Corinne Diacre est au c\u0153ur de toutes les discussions.\u00a0\" \/>\n<meta property=\"og:url\" content=\"https:\/\/dicodusport.fr\/blog\/sondage-corinne-diacre-doit-elle-etre-ecartee-de-lequipe-de-france\/\" \/>\n<meta property=\"og:site_name\" content=\"Dicodusport\" \/>\n<meta property=\"article:publisher\" content=\"https:\/\/www.facebook.com\/dicodusport\" \/>\n<meta property=\"article:author\" content=\"https:\/\/www.facebook.com\/dicodusport\" \/>\n<meta property=\"article:published_time\" content=\"2023-02-25T08:43:02+00:00\" \/>\n<meta property=\"article:modified_time\" content=\"2023-02-25T10:04:57+00:00\" \/>\n<meta property=\"og:image\" content=\"https:\/\/dicodusport.fr\/blog\/wp-content\/uploads\/2023\/02\/Sondage-Corinne-Diacre-doit-elle-etre-ecartee-de-lequipe-de-France-.png\" \/>\n\t<meta property=\"og:image:width\" content=\"800\" \/>\n\t<meta property=\"og:image:height\" content=\"445\" \/>\n\t<meta property=\"og:image:type\" content=\"image\/png\" \/>\n<meta name=\"author\" content=\"Nicolas Jacquemard\" \/>\n<meta name=\"twitter:card\" content=\"summary_large_image\" \/>\n<meta name=\"twitter:title\" content=\"[Sondage] Corinne Diacre doit-elle \u00eatre \u00e9cart\u00e9e de l&#039;\u00e9quipe de France ?\" \/>\n<meta name=\"twitter:creator\" content=\"@https:\/\/twitter.com\/Nico_Jacquemard\" \/>\n<meta name=\"twitter:site\" content=\"@dicodusport\" \/>\n<script type=\"application\/ld+json\" class=\"yoast-schema-graph\">{\"@context\":\"https:\/\/schema.org\",\"@graph\":[{\"@type\":\"NewsArticle\",\"@id\":\"https:\/\/dicodusport.fr\/blog\/sondage-corinne-diacre-doit-elle-etre-ecartee-de-lequipe-de-france\/#article\",\"isPartOf\":{\"@id\":\"https:\/\/dicodusport.fr\/blog\/sondage-corinne-diacre-doit-elle-etre-ecartee-de-lequipe-de-france\/\"},\"author\":{\"name\":\"Nicolas Jacquemard\",\"@id\":\"https:\/\/dicodusport.fr\/blog\/#\/schema\/person\/55dcb50ad410894e431ed812bbb70191\"},\"headline\":\"[Sondage] Corinne Diacre doit-elle \u00eatre \u00e9cart\u00e9e de l&rsquo;\u00e9quipe de France ?\",\"datePublished\":\"2023-02-25T08:43:02+00:00\",\"dateModified\":\"2023-02-25T10:04:57+00:00\",\"mainEntityOfPage\":{\"@id\":\"https:\/\/dicodusport.fr\/blog\/sondage-corinne-diacre-doit-elle-etre-ecartee-de-lequipe-de-france\/\"},\"wordCount\":253,\"commentCount\":2,\"publisher\":{\"@id\":\"https:\/\/dicodusport.fr\/blog\/#organization\"},\"image\":{\"@id\":\"https:\/\/dicodusport.fr\/blog\/sondage-corinne-diacre-doit-elle-etre-ecartee-de-lequipe-de-france\/#primaryimage\"},\"thumbnailUrl\":\"https:\/\/dicodusport.fr\/blog\/wp-content\/uploads\/2023\/02\/Sondage-Corinne-Diacre-doit-elle-etre-ecartee-de-lequipe-de-France-.png\",\"keywords\":[\"br\u00e8ve\",\"Corinne Diacre\",\"Diacre\",\"Football\",\"France\"],\"articleSection\":[\"Football\"],\"inLanguage\":\"fr-FR\",\"potentialAction\":[{\"@type\":\"CommentAction\",\"name\":\"Comment\",\"target\":[\"https:\/\/dicodusport.fr\/blog\/sondage-corinne-diacre-doit-elle-etre-ecartee-de-lequipe-de-france\/#respond\"]}],\"copyrightYear\":\"2023\",\"copyrightHolder\":{\"@id\":\"https:\/\/dicodusport.fr\/blog\/#organization\"}},{\"@type\":\"WebPage\",\"@id\":\"https:\/\/dicodusport.fr\/blog\/sondage-corinne-diacre-doit-elle-etre-ecartee-de-lequipe-de-france\/\",\"url\":\"https:\/\/dicodusport.fr\/blog\/sondage-corinne-diacre-doit-elle-etre-ecartee-de-lequipe-de-france\/\",\"name\":\"[Sondage] Corinne Diacre doit-elle \u00eatre \u00e9cart\u00e9e de l'\u00e9quipe de France ?\",\"isPartOf\":{\"@id\":\"https:\/\/dicodusport.fr\/blog\/#website\"},\"primaryImageOfPage\":{\"@id\":\"https:\/\/dicodusport.fr\/blog\/sondage-corinne-diacre-doit-elle-etre-ecartee-de-lequipe-de-france\/#primaryimage\"},\"image\":{\"@id\":\"https:\/\/dicodusport.fr\/blog\/sondage-corinne-diacre-doit-elle-etre-ecartee-de-lequipe-de-france\/#primaryimage\"},\"thumbnailUrl\":\"https:\/\/dicodusport.fr\/blog\/wp-content\/uploads\/2023\/02\/Sondage-Corinne-Diacre-doit-elle-etre-ecartee-de-lequipe-de-France-.png\",\"datePublished\":\"2023-02-25T08:43:02+00:00\",\"dateModified\":\"2023-02-25T10:04:57+00:00\",\"description\":\"\u00c9QUIPE DE FRANCE - Alors que trois cadres de l'\u00e9quipe de France ont annonc\u00e9 se mettre en retrait des Bleues, l'avenir de Corinne Diacre est au c\u0153ur de toutes les discussions.\u00a0\",\"breadcrumb\":{\"@id\":\"https:\/\/dicodusport.fr\/blog\/sondage-corinne-diacre-doit-elle-etre-ecartee-de-lequipe-de-france\/#breadcrumb\"},\"inLanguage\":\"fr-FR\",\"potentialAction\":[{\"@type\":\"ReadAction\",\"target\":[\"https:\/\/dicodusport.fr\/blog\/sondage-corinne-diacre-doit-elle-etre-ecartee-de-lequipe-de-france\/\"]}]},{\"@type\":\"ImageObject\",\"inLanguage\":\"fr-FR\",\"@id\":\"https:\/\/dicodusport.fr\/blog\/sondage-corinne-diacre-doit-elle-etre-ecartee-de-lequipe-de-france\/#primaryimage\",\"url\":\"https:\/\/dicodusport.fr\/blog\/wp-content\/uploads\/2023\/02\/Sondage-Corinne-Diacre-doit-elle-etre-ecartee-de-lequipe-de-France-.png\",\"contentUrl\":\"https:\/\/dicodusport.fr\/blog\/wp-content\/uploads\/2023\/02\/Sondage-Corinne-Diacre-doit-elle-etre-ecartee-de-lequipe-de-France-.png\",\"width\":800,\"height\":445},{\"@type\":\"BreadcrumbList\",\"@id\":\"https:\/\/dicodusport.fr\/blog\/sondage-corinne-diacre-doit-elle-etre-ecartee-de-lequipe-de-france\/#breadcrumb\",\"itemListElement\":[{\"@type\":\"ListItem\",\"position\":1,\"name\":\"Accueil\",\"item\":\"https:\/\/dicodusport.fr\/blog\/\"},{\"@type\":\"ListItem\",\"position\":2,\"name\":\"[Sondage] Corinne Diacre doit-elle \u00eatre \u00e9cart\u00e9e de l&rsquo;\u00e9quipe de France ?\"}]},{\"@type\":\"WebSite\",\"@id\":\"https:\/\/dicodusport.fr\/blog\/#website\",\"url\":\"https:\/\/dicodusport.fr\/blog\/\",\"name\":\"Dicodusport\",\"description\":\"L&#039;encyclop\u00e9die de l&#039;actualit\u00e9 sportive\",\"publisher\":{\"@id\":\"https:\/\/dicodusport.fr\/blog\/#organization\"},\"potentialAction\":[{\"@type\":\"SearchAction\",\"target\":{\"@type\":\"EntryPoint\",\"urlTemplate\":\"https:\/\/dicodusport.fr\/blog\/?s={search_term_string}\"},\"query-input\":{\"@type\":\"PropertyValueSpecification\",\"valueRequired\":true,\"valueName\":\"search_term_string\"}}],\"inLanguage\":\"fr-FR\"},{\"@type\":\"NewsMediaOrganization\",\"@id\":\"https:\/\/dicodusport.fr\/blog\/#organization\",\"name\":\"Dicodusport\",\"url\":\"https:\/\/dicodusport.fr\/blog\/\",\"logo\":{\"@type\":\"ImageObject\",\"inLanguage\":\"fr-FR\",\"@id\":\"https:\/\/dicodusport.fr\/blog\/#\/schema\/logo\/image\/\",\"url\":\"https:\/\/dicodusport.fr\/blog\/wp-content\/uploads\/2020\/06\/cropped-LOGO-DICODUSPORT-2020-SANS-FOND-SANS-TEXTE.png\",\"contentUrl\":\"https:\/\/dicodusport.fr\/blog\/wp-content\/uploads\/2020\/06\/cropped-LOGO-DICODUSPORT-2020-SANS-FOND-SANS-TEXTE.png\",\"width\":512,\"height\":512,\"caption\":\"Dicodusport\"},\"image\":{\"@id\":\"https:\/\/dicodusport.fr\/blog\/#\/schema\/logo\/image\/\"},\"sameAs\":[\"https:\/\/www.facebook.com\/dicodusport\",\"https:\/\/x.com\/dicodusport\",\"https:\/\/www.instagram.com\/dicodusport\/\",\"https:\/\/www.youtube.com\/channel\/UC7V2KZ5sd3htJivAbA4ZG3w\"],\"description\":\"Dicodusport est l'encyclop\u00e9die de l'actualit\u00e9 sportive.\",\"email\":\"bonjour@dicodusport.fr\",\"legalName\":\"DICODUSPORT\",\"foundingDate\":\"2018-01-14\",\"vatID\":\"FR71834470973\",\"taxID\":\"83447097300043\",\"numberOfEmployees\":{\"@type\":\"QuantitativeValue\",\"minValue\":\"1\",\"maxValue\":\"10\"}},{\"@type\":\"Person\",\"@id\":\"https:\/\/dicodusport.fr\/blog\/#\/schema\/person\/55dcb50ad410894e431ed812bbb70191\",\"name\":\"Nicolas Jacquemard\",\"image\":{\"@type\":\"ImageObject\",\"inLanguage\":\"fr-FR\",\"@id\":\"https:\/\/dicodusport.fr\/blog\/#\/schema\/person\/image\/\",\"url\":\"https:\/\/dicodusport.fr\/blog\/wp-content\/uploads\/2021\/05\/Nicolas-Jacquemard-150x150.jpeg\",\"contentUrl\":\"https:\/\/dicodusport.fr\/blog\/wp-content\/uploads\/2021\/05\/Nicolas-Jacquemard-150x150.jpeg\",\"caption\":\"Nicolas Jacquemard\"},\"description\":\"Passionn\u00e9 de sport et entrepreneur depuis mes 18 ans, la cr\u00e9ation de Dicodusport m'a sembl\u00e9 \u00e9vidente pour participer \u00e0 la m\u00e9diatisation d'un plus grand nombre de sports. Le chemin est long mais avec une \u00e9quipe des plus motiv\u00e9es et les Jeux Olympiques de Paris 2024 en point de mire, nous y arriverons ! Journaliste dans le monde du sport depuis plus de 5 ans, je traite aussi bien de football, de rugby, de biathlon que de cyclisme.\",\"sameAs\":[\"https:\/\/www.facebook.com\/dicodusport\",\"https:\/\/x.com\/https:\/\/twitter.com\/Nico_Jacquemard\"],\"url\":\"https:\/\/dicodusport.fr\/blog\/author\/dicodusport\/\"}]}<\/script>\n<!-- \/ Yoast SEO Premium plugin. -->","yoast_head_json":{"title":"[Sondage] Corinne Diacre doit-elle \u00eatre \u00e9cart\u00e9e de l'\u00e9quipe de France ?","description":"\u00c9QUIPE DE FRANCE - Alors que trois cadres de l'\u00e9quipe de France ont annonc\u00e9 se mettre en retrait des Bleues, l'avenir de Corinne Diacre est au c\u0153ur de toutes les discussions.\u00a0","robots":{"index":"index","follow":"follow","max-snippet":"max-snippet:-1","max-image-preview":"max-image-preview:large","max-video-preview":"max-video-preview:-1"},"canonical":"https:\/\/dicodusport.fr\/blog\/sondage-corinne-diacre-doit-elle-etre-ecartee-de-lequipe-de-france\/","og_locale":"fr_FR","og_type":"article","og_title":"[Sondage] Corinne Diacre doit-elle \u00eatre \u00e9cart\u00e9e de l'\u00e9quipe de France ?","og_description":"\u00c9QUIPE DE FRANCE - Alors que trois cadres de l'\u00e9quipe de France ont annonc\u00e9 se mettre en retrait des Bleues, l'avenir de Corinne Diacre est au c\u0153ur de toutes les discussions.\u00a0","og_url":"https:\/\/dicodusport.fr\/blog\/sondage-corinne-diacre-doit-elle-etre-ecartee-de-lequipe-de-france\/","og_site_name":"Dicodusport","article_publisher":"https:\/\/www.facebook.com\/dicodusport","article_author":"https:\/\/www.facebook.com\/dicodusport","article_published_time":"2023-02-25T08:43:02+00:00","article_modified_time":"2023-02-25T10:04:57+00:00","og_image":[{"width":800,"height":445,"url":"https:\/\/dicodusport.fr\/blog\/wp-content\/uploads\/2023\/02\/Sondage-Corinne-Diacre-doit-elle-etre-ecartee-de-lequipe-de-France-.png","type":"image\/png"}],"author":"Nicolas Jacquemard","twitter_card":"summary_large_image","twitter_title":"[Sondage] Corinne Diacre doit-elle \u00eatre \u00e9cart\u00e9e de l'\u00e9quipe de France ?","twitter_creator":"@https:\/\/twitter.com\/Nico_Jacquemard","twitter_site":"@dicodusport","schema":{"@context":"https:\/\/schema.org","@graph":[{"@type":"NewsArticle","@id":"https:\/\/dicodusport.fr\/blog\/sondage-corinne-diacre-doit-elle-etre-ecartee-de-lequipe-de-france\/#article","isPartOf":{"@id":"https:\/\/dicodusport.fr\/blog\/sondage-corinne-diacre-doit-elle-etre-ecartee-de-lequipe-de-france\/"},"author":{"name":"Nicolas Jacquemard","@id":"https:\/\/dicodusport.fr\/blog\/#\/schema\/person\/55dcb50ad410894e431ed812bbb70191"},"headline":"[Sondage] Corinne Diacre doit-elle \u00eatre \u00e9cart\u00e9e de l&rsquo;\u00e9quipe de France ?","datePublished":"2023-02-25T08:43:02+00:00","dateModified":"2023-02-25T10:04:57+00:00","mainEntityOfPage":{"@id":"https:\/\/dicodusport.fr\/blog\/sondage-corinne-diacre-doit-elle-etre-ecartee-de-lequipe-de-france\/"},"wordCount":253,"commentCount":2,"publisher":{"@id":"https:\/\/dicodusport.fr\/blog\/#organization"},"image":{"@id":"https:\/\/dicodusport.fr\/blog\/sondage-corinne-diacre-doit-elle-etre-ecartee-de-lequipe-de-france\/#primaryimage"},"thumbnailUrl":"https:\/\/dicodusport.fr\/blog\/wp-content\/uploads\/2023\/02\/Sondage-Corinne-Diacre-doit-elle-etre-ecartee-de-lequipe-de-France-.png","keywords":["br\u00e8ve","Corinne Diacre","Diacre","Football","France"],"articleSection":["Football"],"inLanguage":"fr-FR","potentialAction":[{"@type":"CommentAction","name":"Comment","target":["https:\/\/dicodusport.fr\/blog\/sondage-corinne-diacre-doit-elle-etre-ecartee-de-lequipe-de-france\/#respond"]}],"copyrightYear":"2023","copyrightHolder":{"@id":"https:\/\/dicodusport.fr\/blog\/#organization"}},{"@type":"WebPage","@id":"https:\/\/dicodusport.fr\/blog\/sondage-corinne-diacre-doit-elle-etre-ecartee-de-lequipe-de-france\/","url":"https:\/\/dicodusport.fr\/blog\/sondage-corinne-diacre-doit-elle-etre-ecartee-de-lequipe-de-france\/","name":"[Sondage] Corinne Diacre doit-elle \u00eatre \u00e9cart\u00e9e de l'\u00e9quipe de France ?","isPartOf":{"@id":"https:\/\/dicodusport.fr\/blog\/#website"},"primaryImageOfPage":{"@id":"https:\/\/dicodusport.fr\/blog\/sondage-corinne-diacre-doit-elle-etre-ecartee-de-lequipe-de-france\/#primaryimage"},"image":{"@id":"https:\/\/dicodusport.fr\/blog\/sondage-corinne-diacre-doit-elle-etre-ecartee-de-lequipe-de-france\/#primaryimage"},"thumbnailUrl":"https:\/\/dicodusport.fr\/blog\/wp-content\/uploads\/2023\/02\/Sondage-Corinne-Diacre-doit-elle-etre-ecartee-de-lequipe-de-France-.png","datePublished":"2023-02-25T08:43:02+00:00","dateModified":"2023-02-25T10:04:57+00:00","description":"\u00c9QUIPE DE FRANCE - Alors que trois cadres de l'\u00e9quipe de France ont annonc\u00e9 se mettre en retrait des Bleues, l'avenir de Corinne Diacre est au c\u0153ur de toutes les discussions.\u00a0","breadcrumb":{"@id":"https:\/\/dicodusport.fr\/blog\/sondage-corinne-diacre-doit-elle-etre-ecartee-de-lequipe-de-france\/#breadcrumb"},"inLanguage":"fr-FR","potentialAction":[{"@type":"ReadAction","target":["https:\/\/dicodusport.fr\/blog\/sondage-corinne-diacre-doit-elle-etre-ecartee-de-lequipe-de-france\/"]}]},{"@type":"ImageObject","inLanguage":"fr-FR","@id":"https:\/\/dicodusport.fr\/blog\/sondage-corinne-diacre-doit-elle-etre-ecartee-de-lequipe-de-france\/#primaryimage","url":"https:\/\/dicodusport.fr\/blog\/wp-content\/uploads\/2023\/02\/Sondage-Corinne-Diacre-doit-elle-etre-ecartee-de-lequipe-de-France-.png","contentUrl":"https:\/\/dicodusport.fr\/blog\/wp-content\/uploads\/2023\/02\/Sondage-Corinne-Diacre-doit-elle-etre-ecartee-de-lequipe-de-France-.png","width":800,"height":445},{"@type":"BreadcrumbList","@id":"https:\/\/dicodusport.fr\/blog\/sondage-corinne-diacre-doit-elle-etre-ecartee-de-lequipe-de-france\/#breadcrumb","itemListElement":[{"@type":"ListItem","position":1,"name":"Accueil","item":"https:\/\/dicodusport.fr\/blog\/"},{"@type":"ListItem","position":2,"name":"[Sondage] Corinne Diacre doit-elle \u00eatre \u00e9cart\u00e9e de l&rsquo;\u00e9quipe de France ?"}]},{"@type":"WebSite","@id":"https:\/\/dicodusport.fr\/blog\/#website","url":"https:\/\/dicodusport.fr\/blog\/","name":"Dicodusport","description":"L&#039;encyclop\u00e9die de l&#039;actualit\u00e9 sportive","publisher":{"@id":"https:\/\/dicodusport.fr\/blog\/#organization"},"potentialAction":[{"@type":"SearchAction","target":{"@type":"EntryPoint","urlTemplate":"https:\/\/dicodusport.fr\/blog\/?s={search_term_string}"},"query-input":{"@type":"PropertyValueSpecification","valueRequired":true,"valueName":"search_term_string"}}],"inLanguage":"fr-FR"},{"@type":"NewsMediaOrganization","@id":"https:\/\/dicodusport.fr\/blog\/#organization","name":"Dicodusport","url":"https:\/\/dicodusport.fr\/blog\/","logo":{"@type":"ImageObject","inLanguage":"fr-FR","@id":"https:\/\/dicodusport.fr\/blog\/#\/schema\/logo\/image\/","url":"https:\/\/dicodusport.fr\/blog\/wp-content\/uploads\/2020\/06\/cropped-LOGO-DICODUSPORT-2020-SANS-FOND-SANS-TEXTE.png","contentUrl":"https:\/\/dicodusport.fr\/blog\/wp-content\/uploads\/2020\/06\/cropped-LOGO-DICODUSPORT-2020-SANS-FOND-SANS-TEXTE.png","width":512,"height":512,"caption":"Dicodusport"},"image":{"@id":"https:\/\/dicodusport.fr\/blog\/#\/schema\/logo\/image\/"},"sameAs":["https:\/\/www.facebook.com\/dicodusport","https:\/\/x.com\/dicodusport","https:\/\/www.instagram.com\/dicodusport\/","https:\/\/www.youtube.com\/channel\/UC7V2KZ5sd3htJivAbA4ZG3w"],"description":"Dicodusport est l'encyclop\u00e9die de l'actualit\u00e9 sportive.","email":"bonjour@dicodusport.fr","legalName":"DICODUSPORT","foundingDate":"2018-01-14","vatID":"FR71834470973","taxID":"83447097300043","numberOfEmployees":{"@type":"QuantitativeValue","minValue":"1","maxValue":"10"}},{"@type":"Person","@id":"https:\/\/dicodusport.fr\/blog\/#\/schema\/person\/55dcb50ad410894e431ed812bbb70191","name":"Nicolas Jacquemard","image":{"@type":"ImageObject","inLanguage":"fr-FR","@id":"https:\/\/dicodusport.fr\/blog\/#\/schema\/person\/image\/","url":"https:\/\/dicodusport.fr\/blog\/wp-content\/uploads\/2021\/05\/Nicolas-Jacquemard-150x150.jpeg","contentUrl":"https:\/\/dicodusport.fr\/blog\/wp-content\/uploads\/2021\/05\/Nicolas-Jacquemard-150x150.jpeg","caption":"Nicolas Jacquemard"},"description":"Passionn\u00e9 de sport et entrepreneur depuis mes 18 ans, la cr\u00e9ation de Dicodusport m'a sembl\u00e9 \u00e9vidente pour participer \u00e0 la m\u00e9diatisation d'un plus grand nombre de sports. Le chemin est long mais avec une \u00e9quipe des plus motiv\u00e9es et les Jeux Olympiques de Paris 2024 en point de mire, nous y arriverons ! Journaliste dans le monde du sport depuis plus de 5 ans, je traite aussi bien de football, de rugby, de biathlon que de cyclisme.","sameAs":["https:\/\/www.facebook.com\/dicodusport","https:\/\/x.com\/https:\/\/twitter.com\/Nico_Jacquemard"],"url":"https:\/\/dicodusport.fr\/blog\/author\/dicodusport\/"}]}},"_links":{"self":[{"href":"https:\/\/dicodusport.fr\/blog\/wp-json\/wp\/v2\/posts\/359126","targetHints":{"allow":["GET"]}}],"collection":[{"href":"https:\/\/dicodusport.fr\/blog\/wp-json\/wp\/v2\/posts"}],"about":[{"href":"https:\/\/dicodusport.fr\/blog\/wp-json\/wp\/v2\/types\/post"}],"author":[{"embeddable":true,"href":"https:\/\/dicodusport.fr\/blog\/wp-json\/wp\/v2\/users\/1"}],"replies":[{"embeddable":true,"href":"https:\/\/dicodusport.fr\/blog\/wp-json\/wp\/v2\/comments?post=359126"}],"version-history":[{"count":0,"href":"https:\/\/dicodusport.fr\/blog\/wp-json\/wp\/v2\/posts\/359126\/revisions"}],"wp:featuredmedia":[{"embeddable":true,"href":"https:\/\/dicodusport.fr\/blog\/wp-json\/wp\/v2\/media\/359127"}],"wp:attachment":[{"href":"https:\/\/dicodusport.fr\/blog\/wp-json\/wp\/v2\/media?parent=359126"}],"wp:term":[{"taxonomy":"category","embeddable":true,"href":"https:\/\/dicodusport.fr\/blog\/wp-json\/wp\/v2\/categories?post=359126"},{"taxonomy":"post_tag","embeddable":true,"href":"https:\/\/dicodusport.fr\/blog\/wp-json\/wp\/v2\/tags?post=359126"}],"curies":[{"name":"wp","href":"https:\/\/api.w.org\/{rel}","templated":true}]}}