{"id":359148,"date":"2023-02-25T12:51:57","date_gmt":"2023-02-25T11:51:57","guid":{"rendered":"https:\/\/dicodusport.fr\/blog\/?p=359148&#038;preview=true&#038;preview_id=359148"},"modified":"2023-02-25T17:39:06","modified_gmt":"2023-02-25T16:39:06","slug":"mondiaux-ski-de-bosses-perrine-laffont-conserve-son-titre-mondial-en-bosses-individuelles","status":"publish","type":"post","link":"https:\/\/dicodusport.fr\/blog\/mondiaux-ski-de-bosses-perrine-laffont-conserve-son-titre-mondial-en-bosses-individuelles\/","title":{"rendered":"Mondiaux ski de bosses : Perrine Laffont conserve son titre mondial en bosses individuelles"},"content":{"rendered":"<p style=\"text-align: justify;\" align=\"justify\"><em><strong>CHAMPIONNATS DU MONDE DE SKI FREESTYLE 2023 &#8211; Tenante du titre en bosses individuelles, Perrine Laffont a survol\u00e9 la comp\u00e9tition individuelle, pour rafler la m\u00e9daille d&rsquo;or ! Encore un titre pour la ph\u00e9nom\u00e8ne des bosses.<\/strong><\/em><\/p>\n<p style=\"text-align: justify;\" align=\"justify\">Voil\u00e0 deux ans, <strong>Perrine Laffont<\/strong> avait remport\u00e9 le seul titre qui manquait \u00e0 sa carri\u00e8re <a href=\"https:\/\/dicodusport.fr\/blog\/ski-de-bosses-perrine-laffont-sacree-championne-du-monde-bosses-individuelles\/\">en devenant championne du monde des bosses individuelles<\/a>. Elle remettait son titre en jeu aujourd&rsquo;hui, dans la foul\u00e9e d&rsquo;une saison de Coupe du monde o\u00f9 elle a multipli\u00e9 les victoires et les podiums, se voyant consid\u00e9r\u00e9e logiquement parmi les favorites.<\/p>\n<h2 align=\"justify\">Laffont l&rsquo;a fait !<\/h2>\n<p style=\"text-align: justify;\" align=\"justify\">Un statut qu&rsquo;elle a assum\u00e9 sur la premi\u00e8re manche de la finale, sortant un run de feu pour un total de <strong>87.60<\/strong> ! Les feux au vert donc, d&rsquo;autant que la championne olympique, <strong>Jakara Anthony<\/strong>, est sortie de piste apr\u00e8s avoir d\u00e9j\u00e0 manqu\u00e9 ses qualifications. Point n\u00e9gatif, elle \u00e9tait la seule Fran\u00e7aise \u00e0 acc\u00e9der \u00e0 la super finale, puisque <strong>Fantine Degroote<\/strong> (7e et premi\u00e8re \u00e9limin\u00e9e) et <strong>Camille Cabrol<\/strong> (10e) sont rest\u00e9es \u00e0 quai. Mais trois Bleues dans le top 10, cela reste une performance in\u00e9dite.<\/p>\n<p style=\"text-align: justify;\">N\u00e9anmoins, les compteurs \u00e9taient remis \u00e0 z\u00e9ro pour la super finale.<strong> Perrine Laffont<\/strong> s&rsquo;\u00e9lancerait donc la derni\u00e8re des six comp\u00e9titrices. \u00c0 battre, les<strong> 83.56<\/strong> de <strong>Jaelin Kauf<\/strong>. La Fran\u00e7aise ne va pas trembler, sortir un deuxi\u00e8me run de grande qualit\u00e9, pour venir d\u00e9crocher la note de <strong>87.40<\/strong> ! Elle conserve donc son titre, son quatri\u00e8me mondial au total, et est encore une fois sur le toit du monde !<\/p>\n<blockquote class=\"twitter-tweet\">\n<p dir=\"ltr\" lang=\"fr\">CHAMPIONNE DU MONDE\u2026\u2026\u2026.. POUR LA QUATRI\u00c8ME FOIS \u2764\ufe0f<\/p>\n<p>\ud83d\udc51Perrine Laffont <a href=\"https:\/\/t.co\/DkvzrECUex\">pic.twitter.com\/DkvzrECUex<\/a><\/p>\n<p>\u2014 Equipe France (@EquipeFRA) <a href=\"https:\/\/twitter.com\/EquipeFRA\/status\/1629453022236401665?ref_src=twsrc%5Etfw\">February 25, 2023<\/a><\/p><\/blockquote>\n<p style=\"text-align: justify;\"><script async src=\"https:\/\/platform.twitter.com\/widgets.js\" charset=\"utf-8\"><\/script><\/p>\n<h2 style=\"text-align: justify;\">Dommage pour Cavet<\/h2>\n<p style=\"text-align: justify;\">L&rsquo;\u00e9preuve masculine n&rsquo;a pas souri autant aux Bleus. Pourtant, <strong>Ben Cavet<\/strong>, vice-champion du monde en titre, avait soulev\u00e9 l&rsquo;espoir apr\u00e8s une belle premi\u00e8re manche. Mais il n&rsquo;a pas confirm\u00e9 en super finale, commettant une faute r\u00e9dhibitoire \u00e0 la r\u00e9ception de son dernier saut. Il termine donc sixi\u00e8me, devant le premier \u00e9limin\u00e9 &#8211; encore &#8211; <strong>Martin Suire<\/strong>, alors que la l\u00e9gende canadienne <strong>Mika\u00ebl Kingsbury<\/strong> est all\u00e9 chercher son septi\u00e8me titre mondial.<\/p>\n<h2 style=\"text-align: justify;\" align=\"justify\">\u00c0 lire aussi<\/h2>\n<ul>\n<li style=\"text-align: justify;\"><a href=\"https:\/\/dicodusport.fr\/blog\/programme-et-resultats-ski-freestyle-championnats-du-monde-2023\/\"><strong>Programme et r\u00e9sultats des Mondiaux de ski freestyle<\/strong><\/a><\/li>\n<li style=\"text-align: justify;\"><a href=\"https:\/\/dicodusport.fr\/blog\/tableau-des-medailles-championnats-du-monde-ski-freestyle-2023\/\"><strong>Tableau des m\u00e9dailles des Mondiaux de ski freestyle<\/strong><\/a><\/li>\n<\/ul>\n","protected":false},"excerpt":{"rendered":"<p>CHAMPIONNATS DU MONDE DE SKI FREESTYLE 2023 &#8211; Tenante du titre en bosses individuelles, Perrine Laffont a survol\u00e9 la comp\u00e9tition individuelles, pour rafler la m\u00e9daille d&rsquo;or ! Encore un titre pour le ph\u00e9nom\u00e8ne des bosses.<\/p>\n","protected":false},"author":59,"featured_media":359342,"comment_status":"open","ping_status":"closed","sticky":false,"template":"","format":"standard","meta":{"_acf_changed":false,"_daextam_enable_autolinks":"","footnotes":""},"categories":[2313],"tags":[16878,3262,3263,24],"class_list":["post-359148","post","type-post","status-publish","format-standard","has-post-thumbnail","hentry","category-sports-dhiver","tag-breve","tag-perrine-laffont","tag-ski-de-bosses","tag-sport"],"acf":[],"yoast_head":"<!-- This site is optimized with the Yoast SEO Premium plugin v26.7 (Yoast SEO v26.7) - https:\/\/yoast.com\/wordpress\/plugins\/seo\/ -->\n<title>Mondiaux ski de bosses : Perrine Laffont conserve son titre mondial en bosses individuelles<\/title>\n<meta name=\"description\" content=\"CHAMPIONNATS DU MONDE DE SKI FREESTYLE 2023 - Tenante du titre en bosses individuelles, Perrine Laffont a survol\u00e9 la comp\u00e9tition individuelles\" \/>\n<meta name=\"robots\" content=\"index, follow, max-snippet:-1, max-image-preview:large, max-video-preview:-1\" \/>\n<link rel=\"canonical\" href=\"https:\/\/dicodusport.fr\/blog\/mondiaux-ski-de-bosses-perrine-laffont-conserve-son-titre-mondial-en-bosses-individuelles\/\" \/>\n<meta property=\"og:locale\" content=\"fr_FR\" \/>\n<meta property=\"og:type\" content=\"article\" \/>\n<meta property=\"og:title\" content=\"Mondiaux ski de bosses : Perrine Laffont conserve son titre mondial en bosses individuelles\" \/>\n<meta property=\"og:description\" content=\"CHAMPIONNATS DU MONDE DE SKI FREESTYLE 2023 - Tenante du titre en bosses individuelles, Perrine Laffont a survol\u00e9 la comp\u00e9tition individuelles\" \/>\n<meta property=\"og:url\" content=\"https:\/\/dicodusport.fr\/blog\/mondiaux-ski-de-bosses-perrine-laffont-conserve-son-titre-mondial-en-bosses-individuelles\/\" \/>\n<meta property=\"og:site_name\" content=\"Dicodusport\" \/>\n<meta property=\"article:publisher\" content=\"https:\/\/www.facebook.com\/dicodusport\" \/>\n<meta property=\"article:author\" content=\"https:\/\/www.facebook.com\/sebastien.gente\/\" \/>\n<meta property=\"article:published_time\" content=\"2023-02-25T11:51:57+00:00\" \/>\n<meta property=\"article:modified_time\" content=\"2023-02-25T16:39:06+00:00\" \/>\n<meta property=\"og:image\" content=\"https:\/\/dicodusport.fr\/blog\/wp-content\/uploads\/2023\/02\/Mondiaux-ski-de-bosses-Perrine-Laffont-conserve-son-titre-mondial-en-bosses-individuelles.png\" \/>\n\t<meta property=\"og:image:width\" content=\"800\" \/>\n\t<meta property=\"og:image:height\" content=\"445\" \/>\n\t<meta property=\"og:image:type\" content=\"image\/png\" \/>\n<meta name=\"author\" content=\"S\u00e9bastien Gente\" \/>\n<meta name=\"twitter:card\" content=\"summary_large_image\" \/>\n<meta name=\"twitter:title\" content=\"Mondiaux ski de bosses : Perrine Laffont conserve son titre mondial en bosses individuelles\" \/>\n<meta name=\"twitter:creator\" content=\"@https:\/\/twitter.com\/globulo24\" \/>\n<meta name=\"twitter:site\" content=\"@dicodusport\" \/>\n<script type=\"application\/ld+json\" class=\"yoast-schema-graph\">{\"@context\":\"https:\/\/schema.org\",\"@graph\":[{\"@type\":\"NewsArticle\",\"@id\":\"https:\/\/dicodusport.fr\/blog\/mondiaux-ski-de-bosses-perrine-laffont-conserve-son-titre-mondial-en-bosses-individuelles\/#article\",\"isPartOf\":{\"@id\":\"https:\/\/dicodusport.fr\/blog\/mondiaux-ski-de-bosses-perrine-laffont-conserve-son-titre-mondial-en-bosses-individuelles\/\"},\"author\":{\"name\":\"S\u00e9bastien Gente\",\"@id\":\"https:\/\/dicodusport.fr\/blog\/#\/schema\/person\/627966a6cde45dbd8c5e36ac85d783da\"},\"headline\":\"Mondiaux ski de bosses : Perrine Laffont conserve son titre mondial en bosses individuelles\",\"datePublished\":\"2023-02-25T11:51:57+00:00\",\"dateModified\":\"2023-02-25T16:39:06+00:00\",\"mainEntityOfPage\":{\"@id\":\"https:\/\/dicodusport.fr\/blog\/mondiaux-ski-de-bosses-perrine-laffont-conserve-son-titre-mondial-en-bosses-individuelles\/\"},\"wordCount\":400,\"commentCount\":0,\"publisher\":{\"@id\":\"https:\/\/dicodusport.fr\/blog\/#organization\"},\"image\":{\"@id\":\"https:\/\/dicodusport.fr\/blog\/mondiaux-ski-de-bosses-perrine-laffont-conserve-son-titre-mondial-en-bosses-individuelles\/#primaryimage\"},\"thumbnailUrl\":\"https:\/\/dicodusport.fr\/blog\/wp-content\/uploads\/2023\/02\/Mondiaux-ski-de-bosses-Perrine-Laffont-conserve-son-titre-mondial-en-bosses-individuelles.png\",\"keywords\":[\"br\u00e8ve\",\"Perrine Laffont\",\"ski de bosses\",\"sport\"],\"articleSection\":[\"Sports d'hiver\"],\"inLanguage\":\"fr-FR\",\"potentialAction\":[{\"@type\":\"CommentAction\",\"name\":\"Comment\",\"target\":[\"https:\/\/dicodusport.fr\/blog\/mondiaux-ski-de-bosses-perrine-laffont-conserve-son-titre-mondial-en-bosses-individuelles\/#respond\"]}],\"copyrightYear\":\"2023\",\"copyrightHolder\":{\"@id\":\"https:\/\/dicodusport.fr\/blog\/#organization\"}},{\"@type\":\"WebPage\",\"@id\":\"https:\/\/dicodusport.fr\/blog\/mondiaux-ski-de-bosses-perrine-laffont-conserve-son-titre-mondial-en-bosses-individuelles\/\",\"url\":\"https:\/\/dicodusport.fr\/blog\/mondiaux-ski-de-bosses-perrine-laffont-conserve-son-titre-mondial-en-bosses-individuelles\/\",\"name\":\"Mondiaux ski de bosses : Perrine Laffont conserve son titre mondial en bosses individuelles\",\"isPartOf\":{\"@id\":\"https:\/\/dicodusport.fr\/blog\/#website\"},\"primaryImageOfPage\":{\"@id\":\"https:\/\/dicodusport.fr\/blog\/mondiaux-ski-de-bosses-perrine-laffont-conserve-son-titre-mondial-en-bosses-individuelles\/#primaryimage\"},\"image\":{\"@id\":\"https:\/\/dicodusport.fr\/blog\/mondiaux-ski-de-bosses-perrine-laffont-conserve-son-titre-mondial-en-bosses-individuelles\/#primaryimage\"},\"thumbnailUrl\":\"https:\/\/dicodusport.fr\/blog\/wp-content\/uploads\/2023\/02\/Mondiaux-ski-de-bosses-Perrine-Laffont-conserve-son-titre-mondial-en-bosses-individuelles.png\",\"datePublished\":\"2023-02-25T11:51:57+00:00\",\"dateModified\":\"2023-02-25T16:39:06+00:00\",\"description\":\"CHAMPIONNATS DU MONDE DE SKI FREESTYLE 2023 - Tenante du titre en bosses individuelles, Perrine Laffont a survol\u00e9 la comp\u00e9tition individuelles\",\"breadcrumb\":{\"@id\":\"https:\/\/dicodusport.fr\/blog\/mondiaux-ski-de-bosses-perrine-laffont-conserve-son-titre-mondial-en-bosses-individuelles\/#breadcrumb\"},\"inLanguage\":\"fr-FR\",\"potentialAction\":[{\"@type\":\"ReadAction\",\"target\":[\"https:\/\/dicodusport.fr\/blog\/mondiaux-ski-de-bosses-perrine-laffont-conserve-son-titre-mondial-en-bosses-individuelles\/\"]}]},{\"@type\":\"ImageObject\",\"inLanguage\":\"fr-FR\",\"@id\":\"https:\/\/dicodusport.fr\/blog\/mondiaux-ski-de-bosses-perrine-laffont-conserve-son-titre-mondial-en-bosses-individuelles\/#primaryimage\",\"url\":\"https:\/\/dicodusport.fr\/blog\/wp-content\/uploads\/2023\/02\/Mondiaux-ski-de-bosses-Perrine-Laffont-conserve-son-titre-mondial-en-bosses-individuelles.png\",\"contentUrl\":\"https:\/\/dicodusport.fr\/blog\/wp-content\/uploads\/2023\/02\/Mondiaux-ski-de-bosses-Perrine-Laffont-conserve-son-titre-mondial-en-bosses-individuelles.png\",\"width\":800,\"height\":445,\"caption\":\"Mondiaux ski de bosses Perrine Laffont conserve son titre mondial en bosses individuelles\"},{\"@type\":\"BreadcrumbList\",\"@id\":\"https:\/\/dicodusport.fr\/blog\/mondiaux-ski-de-bosses-perrine-laffont-conserve-son-titre-mondial-en-bosses-individuelles\/#breadcrumb\",\"itemListElement\":[{\"@type\":\"ListItem\",\"position\":1,\"name\":\"Accueil\",\"item\":\"https:\/\/dicodusport.fr\/blog\/\"},{\"@type\":\"ListItem\",\"position\":2,\"name\":\"Mondiaux ski de bosses : Perrine Laffont conserve son titre mondial en bosses individuelles\"}]},{\"@type\":\"WebSite\",\"@id\":\"https:\/\/dicodusport.fr\/blog\/#website\",\"url\":\"https:\/\/dicodusport.fr\/blog\/\",\"name\":\"Dicodusport\",\"description\":\"L&#039;encyclop\u00e9die de l&#039;actualit\u00e9 sportive\",\"publisher\":{\"@id\":\"https:\/\/dicodusport.fr\/blog\/#organization\"},\"potentialAction\":[{\"@type\":\"SearchAction\",\"target\":{\"@type\":\"EntryPoint\",\"urlTemplate\":\"https:\/\/dicodusport.fr\/blog\/?s={search_term_string}\"},\"query-input\":{\"@type\":\"PropertyValueSpecification\",\"valueRequired\":true,\"valueName\":\"search_term_string\"}}],\"inLanguage\":\"fr-FR\"},{\"@type\":\"NewsMediaOrganization\",\"@id\":\"https:\/\/dicodusport.fr\/blog\/#organization\",\"name\":\"Dicodusport\",\"url\":\"https:\/\/dicodusport.fr\/blog\/\",\"logo\":{\"@type\":\"ImageObject\",\"inLanguage\":\"fr-FR\",\"@id\":\"https:\/\/dicodusport.fr\/blog\/#\/schema\/logo\/image\/\",\"url\":\"https:\/\/dicodusport.fr\/blog\/wp-content\/uploads\/2020\/06\/cropped-LOGO-DICODUSPORT-2020-SANS-FOND-SANS-TEXTE.png\",\"contentUrl\":\"https:\/\/dicodusport.fr\/blog\/wp-content\/uploads\/2020\/06\/cropped-LOGO-DICODUSPORT-2020-SANS-FOND-SANS-TEXTE.png\",\"width\":512,\"height\":512,\"caption\":\"Dicodusport\"},\"image\":{\"@id\":\"https:\/\/dicodusport.fr\/blog\/#\/schema\/logo\/image\/\"},\"sameAs\":[\"https:\/\/www.facebook.com\/dicodusport\",\"https:\/\/x.com\/dicodusport\",\"https:\/\/www.instagram.com\/dicodusport\/\",\"https:\/\/www.youtube.com\/channel\/UC7V2KZ5sd3htJivAbA4ZG3w\"],\"description\":\"Dicodusport est l'encyclop\u00e9die de l'actualit\u00e9 sportive.\",\"email\":\"bonjour@dicodusport.fr\",\"legalName\":\"DICODUSPORT\",\"foundingDate\":\"2018-01-14\",\"vatID\":\"FR71834470973\",\"taxID\":\"83447097300043\",\"numberOfEmployees\":{\"@type\":\"QuantitativeValue\",\"minValue\":\"1\",\"maxValue\":\"10\"}},{\"@type\":\"Person\",\"@id\":\"https:\/\/dicodusport.fr\/blog\/#\/schema\/person\/627966a6cde45dbd8c5e36ac85d783da\",\"name\":\"S\u00e9bastien Gente\",\"image\":{\"@type\":\"ImageObject\",\"inLanguage\":\"fr-FR\",\"@id\":\"https:\/\/dicodusport.fr\/blog\/#\/schema\/person\/image\/\",\"url\":\"https:\/\/dicodusport.fr\/blog\/wp-content\/uploads\/2021\/09\/1510990_10205810251400683_4124423575079401707_n-150x150.jpg\",\"contentUrl\":\"https:\/\/dicodusport.fr\/blog\/wp-content\/uploads\/2021\/09\/1510990_10205810251400683_4124423575079401707_n-150x150.jpg\",\"caption\":\"S\u00e9bastien Gente\"},\"description\":\"John Stockton, Gianni Bugno, Zinedine Zidane, Steffi Graf, Frode Andresen, St\u00e9phane Stoecklin, Davis Kamoga, Primoz Peterka, Werner Schlager et Aur\u00e9lien Rougerie. Point commun entre ces sportifs? Ils m'ont fait r\u00eaver et ont berc\u00e9 mon adolescence. Je suis un fondu de sports et j'essaie de retranscrire ma passion \u00e0 travers mes articles. Originaire du P\u00e9rigord, ma passion pour les Girondins, les Jaunards et les Jazzmen transpire dans mes \u00e9crits. \u00c0 Dicodusport depuis 2021, je d\u00e9niche les sports m\u00e9connus dans lesquels la France brille, et il y en a !\",\"sameAs\":[\"https:\/\/www.facebook.com\/sebastien.gente\/\",\"https:\/\/www.instagram.com\/sebgente\/\",\"https:\/\/www.linkedin.com\/in\/sbastien-gente-a29583169\/\",\"https:\/\/x.com\/https:\/\/twitter.com\/globulo24\",\"SebastienGente\"],\"worksFor\":\"S\u00e9bastien GENTE\",\"url\":\"https:\/\/dicodusport.fr\/blog\/author\/sebastiengente\/\"}]}<\/script>\n<!-- \/ Yoast SEO Premium plugin. -->","yoast_head_json":{"title":"Mondiaux ski de bosses : Perrine Laffont conserve son titre mondial en bosses individuelles","description":"CHAMPIONNATS DU MONDE DE SKI FREESTYLE 2023 - Tenante du titre en bosses individuelles, Perrine Laffont a survol\u00e9 la comp\u00e9tition individuelles","robots":{"index":"index","follow":"follow","max-snippet":"max-snippet:-1","max-image-preview":"max-image-preview:large","max-video-preview":"max-video-preview:-1"},"canonical":"https:\/\/dicodusport.fr\/blog\/mondiaux-ski-de-bosses-perrine-laffont-conserve-son-titre-mondial-en-bosses-individuelles\/","og_locale":"fr_FR","og_type":"article","og_title":"Mondiaux ski de bosses : Perrine Laffont conserve son titre mondial en bosses individuelles","og_description":"CHAMPIONNATS DU MONDE DE SKI FREESTYLE 2023 - Tenante du titre en bosses individuelles, Perrine Laffont a survol\u00e9 la comp\u00e9tition individuelles","og_url":"https:\/\/dicodusport.fr\/blog\/mondiaux-ski-de-bosses-perrine-laffont-conserve-son-titre-mondial-en-bosses-individuelles\/","og_site_name":"Dicodusport","article_publisher":"https:\/\/www.facebook.com\/dicodusport","article_author":"https:\/\/www.facebook.com\/sebastien.gente\/","article_published_time":"2023-02-25T11:51:57+00:00","article_modified_time":"2023-02-25T16:39:06+00:00","og_image":[{"width":800,"height":445,"url":"https:\/\/dicodusport.fr\/blog\/wp-content\/uploads\/2023\/02\/Mondiaux-ski-de-bosses-Perrine-Laffont-conserve-son-titre-mondial-en-bosses-individuelles.png","type":"image\/png"}],"author":"S\u00e9bastien Gente","twitter_card":"summary_large_image","twitter_title":"Mondiaux ski de bosses : Perrine Laffont conserve son titre mondial en bosses individuelles","twitter_creator":"@https:\/\/twitter.com\/globulo24","twitter_site":"@dicodusport","schema":{"@context":"https:\/\/schema.org","@graph":[{"@type":"NewsArticle","@id":"https:\/\/dicodusport.fr\/blog\/mondiaux-ski-de-bosses-perrine-laffont-conserve-son-titre-mondial-en-bosses-individuelles\/#article","isPartOf":{"@id":"https:\/\/dicodusport.fr\/blog\/mondiaux-ski-de-bosses-perrine-laffont-conserve-son-titre-mondial-en-bosses-individuelles\/"},"author":{"name":"S\u00e9bastien Gente","@id":"https:\/\/dicodusport.fr\/blog\/#\/schema\/person\/627966a6cde45dbd8c5e36ac85d783da"},"headline":"Mondiaux ski de bosses : Perrine Laffont conserve son titre mondial en bosses individuelles","datePublished":"2023-02-25T11:51:57+00:00","dateModified":"2023-02-25T16:39:06+00:00","mainEntityOfPage":{"@id":"https:\/\/dicodusport.fr\/blog\/mondiaux-ski-de-bosses-perrine-laffont-conserve-son-titre-mondial-en-bosses-individuelles\/"},"wordCount":400,"commentCount":0,"publisher":{"@id":"https:\/\/dicodusport.fr\/blog\/#organization"},"image":{"@id":"https:\/\/dicodusport.fr\/blog\/mondiaux-ski-de-bosses-perrine-laffont-conserve-son-titre-mondial-en-bosses-individuelles\/#primaryimage"},"thumbnailUrl":"https:\/\/dicodusport.fr\/blog\/wp-content\/uploads\/2023\/02\/Mondiaux-ski-de-bosses-Perrine-Laffont-conserve-son-titre-mondial-en-bosses-individuelles.png","keywords":["br\u00e8ve","Perrine Laffont","ski de bosses","sport"],"articleSection":["Sports d'hiver"],"inLanguage":"fr-FR","potentialAction":[{"@type":"CommentAction","name":"Comment","target":["https:\/\/dicodusport.fr\/blog\/mondiaux-ski-de-bosses-perrine-laffont-conserve-son-titre-mondial-en-bosses-individuelles\/#respond"]}],"copyrightYear":"2023","copyrightHolder":{"@id":"https:\/\/dicodusport.fr\/blog\/#organization"}},{"@type":"WebPage","@id":"https:\/\/dicodusport.fr\/blog\/mondiaux-ski-de-bosses-perrine-laffont-conserve-son-titre-mondial-en-bosses-individuelles\/","url":"https:\/\/dicodusport.fr\/blog\/mondiaux-ski-de-bosses-perrine-laffont-conserve-son-titre-mondial-en-bosses-individuelles\/","name":"Mondiaux ski de bosses : Perrine Laffont conserve son titre mondial en bosses individuelles","isPartOf":{"@id":"https:\/\/dicodusport.fr\/blog\/#website"},"primaryImageOfPage":{"@id":"https:\/\/dicodusport.fr\/blog\/mondiaux-ski-de-bosses-perrine-laffont-conserve-son-titre-mondial-en-bosses-individuelles\/#primaryimage"},"image":{"@id":"https:\/\/dicodusport.fr\/blog\/mondiaux-ski-de-bosses-perrine-laffont-conserve-son-titre-mondial-en-bosses-individuelles\/#primaryimage"},"thumbnailUrl":"https:\/\/dicodusport.fr\/blog\/wp-content\/uploads\/2023\/02\/Mondiaux-ski-de-bosses-Perrine-Laffont-conserve-son-titre-mondial-en-bosses-individuelles.png","datePublished":"2023-02-25T11:51:57+00:00","dateModified":"2023-02-25T16:39:06+00:00","description":"CHAMPIONNATS DU MONDE DE SKI FREESTYLE 2023 - Tenante du titre en bosses individuelles, Perrine Laffont a survol\u00e9 la comp\u00e9tition individuelles","breadcrumb":{"@id":"https:\/\/dicodusport.fr\/blog\/mondiaux-ski-de-bosses-perrine-laffont-conserve-son-titre-mondial-en-bosses-individuelles\/#breadcrumb"},"inLanguage":"fr-FR","potentialAction":[{"@type":"ReadAction","target":["https:\/\/dicodusport.fr\/blog\/mondiaux-ski-de-bosses-perrine-laffont-conserve-son-titre-mondial-en-bosses-individuelles\/"]}]},{"@type":"ImageObject","inLanguage":"fr-FR","@id":"https:\/\/dicodusport.fr\/blog\/mondiaux-ski-de-bosses-perrine-laffont-conserve-son-titre-mondial-en-bosses-individuelles\/#primaryimage","url":"https:\/\/dicodusport.fr\/blog\/wp-content\/uploads\/2023\/02\/Mondiaux-ski-de-bosses-Perrine-Laffont-conserve-son-titre-mondial-en-bosses-individuelles.png","contentUrl":"https:\/\/dicodusport.fr\/blog\/wp-content\/uploads\/2023\/02\/Mondiaux-ski-de-bosses-Perrine-Laffont-conserve-son-titre-mondial-en-bosses-individuelles.png","width":800,"height":445,"caption":"Mondiaux ski de bosses Perrine Laffont conserve son titre mondial en bosses individuelles"},{"@type":"BreadcrumbList","@id":"https:\/\/dicodusport.fr\/blog\/mondiaux-ski-de-bosses-perrine-laffont-conserve-son-titre-mondial-en-bosses-individuelles\/#breadcrumb","itemListElement":[{"@type":"ListItem","position":1,"name":"Accueil","item":"https:\/\/dicodusport.fr\/blog\/"},{"@type":"ListItem","position":2,"name":"Mondiaux ski de bosses : Perrine Laffont conserve son titre mondial en bosses individuelles"}]},{"@type":"WebSite","@id":"https:\/\/dicodusport.fr\/blog\/#website","url":"https:\/\/dicodusport.fr\/blog\/","name":"Dicodusport","description":"L&#039;encyclop\u00e9die de l&#039;actualit\u00e9 sportive","publisher":{"@id":"https:\/\/dicodusport.fr\/blog\/#organization"},"potentialAction":[{"@type":"SearchAction","target":{"@type":"EntryPoint","urlTemplate":"https:\/\/dicodusport.fr\/blog\/?s={search_term_string}"},"query-input":{"@type":"PropertyValueSpecification","valueRequired":true,"valueName":"search_term_string"}}],"inLanguage":"fr-FR"},{"@type":"NewsMediaOrganization","@id":"https:\/\/dicodusport.fr\/blog\/#organization","name":"Dicodusport","url":"https:\/\/dicodusport.fr\/blog\/","logo":{"@type":"ImageObject","inLanguage":"fr-FR","@id":"https:\/\/dicodusport.fr\/blog\/#\/schema\/logo\/image\/","url":"https:\/\/dicodusport.fr\/blog\/wp-content\/uploads\/2020\/06\/cropped-LOGO-DICODUSPORT-2020-SANS-FOND-SANS-TEXTE.png","contentUrl":"https:\/\/dicodusport.fr\/blog\/wp-content\/uploads\/2020\/06\/cropped-LOGO-DICODUSPORT-2020-SANS-FOND-SANS-TEXTE.png","width":512,"height":512,"caption":"Dicodusport"},"image":{"@id":"https:\/\/dicodusport.fr\/blog\/#\/schema\/logo\/image\/"},"sameAs":["https:\/\/www.facebook.com\/dicodusport","https:\/\/x.com\/dicodusport","https:\/\/www.instagram.com\/dicodusport\/","https:\/\/www.youtube.com\/channel\/UC7V2KZ5sd3htJivAbA4ZG3w"],"description":"Dicodusport est l'encyclop\u00e9die de l'actualit\u00e9 sportive.","email":"bonjour@dicodusport.fr","legalName":"DICODUSPORT","foundingDate":"2018-01-14","vatID":"FR71834470973","taxID":"83447097300043","numberOfEmployees":{"@type":"QuantitativeValue","minValue":"1","maxValue":"10"}},{"@type":"Person","@id":"https:\/\/dicodusport.fr\/blog\/#\/schema\/person\/627966a6cde45dbd8c5e36ac85d783da","name":"S\u00e9bastien Gente","image":{"@type":"ImageObject","inLanguage":"fr-FR","@id":"https:\/\/dicodusport.fr\/blog\/#\/schema\/person\/image\/","url":"https:\/\/dicodusport.fr\/blog\/wp-content\/uploads\/2021\/09\/1510990_10205810251400683_4124423575079401707_n-150x150.jpg","contentUrl":"https:\/\/dicodusport.fr\/blog\/wp-content\/uploads\/2021\/09\/1510990_10205810251400683_4124423575079401707_n-150x150.jpg","caption":"S\u00e9bastien Gente"},"description":"John Stockton, Gianni Bugno, Zinedine Zidane, Steffi Graf, Frode Andresen, St\u00e9phane Stoecklin, Davis Kamoga, Primoz Peterka, Werner Schlager et Aur\u00e9lien Rougerie. Point commun entre ces sportifs? Ils m'ont fait r\u00eaver et ont berc\u00e9 mon adolescence. Je suis un fondu de sports et j'essaie de retranscrire ma passion \u00e0 travers mes articles. Originaire du P\u00e9rigord, ma passion pour les Girondins, les Jaunards et les Jazzmen transpire dans mes \u00e9crits. \u00c0 Dicodusport depuis 2021, je d\u00e9niche les sports m\u00e9connus dans lesquels la France brille, et il y en a !","sameAs":["https:\/\/www.facebook.com\/sebastien.gente\/","https:\/\/www.instagram.com\/sebgente\/","https:\/\/www.linkedin.com\/in\/sbastien-gente-a29583169\/","https:\/\/x.com\/https:\/\/twitter.com\/globulo24","SebastienGente"],"worksFor":"S\u00e9bastien GENTE","url":"https:\/\/dicodusport.fr\/blog\/author\/sebastiengente\/"}]}},"_links":{"self":[{"href":"https:\/\/dicodusport.fr\/blog\/wp-json\/wp\/v2\/posts\/359148","targetHints":{"allow":["GET"]}}],"collection":[{"href":"https:\/\/dicodusport.fr\/blog\/wp-json\/wp\/v2\/posts"}],"about":[{"href":"https:\/\/dicodusport.fr\/blog\/wp-json\/wp\/v2\/types\/post"}],"author":[{"embeddable":true,"href":"https:\/\/dicodusport.fr\/blog\/wp-json\/wp\/v2\/users\/59"}],"replies":[{"embeddable":true,"href":"https:\/\/dicodusport.fr\/blog\/wp-json\/wp\/v2\/comments?post=359148"}],"version-history":[{"count":0,"href":"https:\/\/dicodusport.fr\/blog\/wp-json\/wp\/v2\/posts\/359148\/revisions"}],"wp:featuredmedia":[{"embeddable":true,"href":"https:\/\/dicodusport.fr\/blog\/wp-json\/wp\/v2\/media\/359342"}],"wp:attachment":[{"href":"https:\/\/dicodusport.fr\/blog\/wp-json\/wp\/v2\/media?parent=359148"}],"wp:term":[{"taxonomy":"category","embeddable":true,"href":"https:\/\/dicodusport.fr\/blog\/wp-json\/wp\/v2\/categories?post=359148"},{"taxonomy":"post_tag","embeddable":true,"href":"https:\/\/dicodusport.fr\/blog\/wp-json\/wp\/v2\/tags?post=359148"}],"curies":[{"name":"wp","href":"https:\/\/api.w.org\/{rel}","templated":true}]}}