{"id":359221,"date":"2023-02-25T16:09:55","date_gmt":"2023-02-25T15:09:55","guid":{"rendered":"https:\/\/dicodusport.fr\/blog\/?p=359221&#038;preview=true&#038;preview_id=359221"},"modified":"2023-02-25T19:23:48","modified_gmt":"2023-02-25T18:23:48","slug":"circuit-het-nieuwsblad-2023-dylan-van-baarle-simpose-christophe-laporte-troisieme","status":"publish","type":"post","link":"https:\/\/dicodusport.fr\/blog\/circuit-het-nieuwsblad-2023-dylan-van-baarle-simpose-christophe-laporte-troisieme\/","title":{"rendered":"Circuit Het Nieuwsblad 2023 : Dylan van Baarle s&rsquo;impose, Christophe Laporte troisi\u00e8me"},"content":{"rendered":"<p style=\"text-align: justify;\"><em><strong>CIRCUIT HET NIEUWSBLAD 2023 <\/strong><b>&#8211; Dylan van Baarle (Jumbo-Visma) s&rsquo;est impos\u00e9 sur la 78\u00e8me \u00e9dition du Circuit Het Nieuwsblad \u00e0 Ninove, ce samedi. Apr\u00e8s 207 kilom\u00e8tres, il a devanc\u00e9 Arnaud De Lie (Lotto Dstny) et Christophe Laporte (Jumbo-Visma).<\/b><\/em><\/p>\n<p style=\"text-align: justify;\"><span style=\"font-weight: 400;\">D&rsquo;abord, le laur\u00e9at du Tour de Murcie Ben Turner (INEOS Grenadiers) a \u00e9t\u00e9 contraint \u00e0 l&rsquo;abandon apr\u00e8s une chute apr\u00e8s une trentaine de kilom\u00e8tres. Sept coureurs ont form\u00e9 l&rsquo;\u00e9chapp\u00e9e matinale d\u00e8s les premiers kilom\u00e8tres. <strong>Jelle Wallays<\/strong> (Cofidis), <strong>Mathias Norsgaard<\/strong> (Movistar), <strong>Mathis Le Berre<\/strong> (Arkea Samsic), <strong>Louis Blouwe<\/strong> (Bingoal WB), <strong>Adam<\/strong> <strong>De Vos<\/strong> (Human Powered), <strong>Gilles De Wilde<\/strong> et <strong>Alex Colman<\/strong> (Flanders Baloise) ont fait la course \u00e0 l&rsquo;avant. Ils ont eu jusqu&rsquo;\u00e0 8 minutes d&rsquo;avance sur le peloton.\u00a0<\/span><\/p>\n<h2 style=\"text-align: justify;\">La sensation Mathis Le Berre<\/h2>\n<p style=\"text-align: justify;\"><span style=\"font-weight: 400;\">D\u00e8s le Kattenberg, l&rsquo;\u00e9quipe Jumbo-Visma a lanc\u00e9 les hostilit\u00e9s en cr\u00e9ant une groupe de contre avec cinq coureurs. Un groupe compos\u00e9 de <strong>Conor Swift<\/strong> (INEOS Grenadiers), <strong>Marco Haller<\/strong> (Bora Hansgrohe), <strong>Keiland O&rsquo;Brien<\/strong> (Team Jayco AlUla), <strong>Jan Tratnik<\/strong> et <strong>Nathan van Hooijdonck<\/strong> (Jumbo-Visma). L&rsquo;\u00e9cart \u00e9tait descendu sous les 5 minutes pour les hommes de t\u00eate. Face \u00e0 cette man\u0153uvre, les formations Soudal Quick-Step et Lotto Dstny ont \u00e9t\u00e9 oblig\u00e9es de r\u00e9agir pour reprendre ces hommes \u00e0 65 kilom\u00e8tres du terme.\u00a0<\/span><\/p>\n<p style=\"text-align: justify;\"><span style=\"font-weight: 400;\">\u00c0 50 kilom\u00e8tres, <strong>Arnaud De Lie<\/strong> (Lotto Dstny) a chang\u00e9 de v\u00e9lo sans gravit\u00e9. Et ce \u00e0 la suite d&rsquo;une chute tandis qu&rsquo;\u00e0 l&rsquo;avant de la course, <strong>Jelle Wallays<\/strong> (Cofidis), <strong>Mathias Norsgaard<\/strong> (Movistar) et <strong>Mathis Le Berre<\/strong> (Arkea Samsic) se sont d\u00e9barrass\u00e9s de leurs compagnons de fugue. Mais, ce trio a \u00e9t\u00e9 repris dans le Molenberg.\u00a0<\/span><\/p>\n<div class=\"vlp-link-container vlp-layout-article\"><a href=\"https:\/\/dicodusport.fr\/blog\/arnaud-de-lie-bien-plus-quun-sprinteur\/\" class=\"vlp-link\" title=\"Arnaud De Lie, bien plus qu&#039;un sprinteur\"><\/a><div class=\"vlp-layout-zone-side\"><div class=\"vlp-block-4 vlp-link-image\"><img loading=\"lazy\" decoding=\"async\" style=\"max-width: 800px;\" width=\"800\" height=\"445\" src=\"https:\/\/dicodusport.fr\/blog\/wp-content\/uploads\/2023\/02\/Arnaud-De-Lie-bien-plus-quun-sprinteur.png\" class=\"attachment-800x445 size-800x445\" alt=\"Arnaud De Lie, bien plus qu&#039;un sprinteur\" srcset=\"https:\/\/dicodusport.fr\/blog\/wp-content\/uploads\/2023\/02\/Arnaud-De-Lie-bien-plus-quun-sprinteur.png 800w, https:\/\/dicodusport.fr\/blog\/wp-content\/uploads\/2023\/02\/Arnaud-De-Lie-bien-plus-quun-sprinteur-300x167.png 300w, https:\/\/dicodusport.fr\/blog\/wp-content\/uploads\/2023\/02\/Arnaud-De-Lie-bien-plus-quun-sprinteur-768x427.png 768w\" sizes=\"auto, (max-width: 800px) 100vw, 800px\" \/><\/div><\/div><div class=\"vlp-layout-zone-main\"><div class=\"vlp-block-0 vlp-link-title\">Arnaud De Lie, bien plus qu'un sprinteur<\/div><div class=\"vlp-block-1 vlp-link-summary\">CYCLISME SUR ROUTE 2023 - Arnaud De Lie (Lotto-Dstny) a remport\u00e9 la premi\u00e8re \u00e9tape de l'\u00c9toile de Bess\u00e8ges ce mercredi, \u00e0 Bellegarde. Son second succ\u00e8s en 3 jours de course en 2023. \u00c0 20 ans, le Belge affole tous les compteurs.<\/div><div class=\"vlp-block-2 vlp-link-button\">Lire l'article<\/div><div class=\"vlp-block-3 vlp-link-url\">dicodusport.fr<\/div><\/div><\/div>\n<p style=\"text-align: justify;\"><span style=\"font-weight: 400;\">Puis, <strong>Dylan van Baarle<\/strong> (Jumbo-Visma), <strong>Jonathan Milan<\/strong> (Bahrain Victorious), <strong>Florian Vermeersch<\/strong> (Lotto Dstny) ainsi que <strong>Mathis Le Berre<\/strong> (Bahrain Victorious) se sont port\u00e9s \u00e0 l&rsquo;avant de la course \u00e0 40 kilom\u00e8tres du but. Mais, <strong>Jonathan Milan<\/strong> (Bahrain Victorious) et <strong>Florian Vermeersch<\/strong> (Lotto Dstny) ont \u00e9t\u00e9 l\u00e2ch\u00e9s dans le Leberg. Et ce \u00e0 cause du rythme impos\u00e9 par le vainqueur sortant de Paris-Roubaix.<\/span><\/p>\n<h2 style=\"text-align: justify;\">La tactique parfaite de la Jumbo-Visma<\/h2>\n<p style=\"text-align: justify;\"><span style=\"font-weight: 400;\">Malheureusement, <strong>Mathis Le Berre<\/strong> (Arkea Samsic) a \u00e9t\u00e9 distanc\u00e9 d\u00e8s les premi\u00e8res rampes du Mur de Grammont. Derri\u00e8re, <strong>Arnaud De Lie<\/strong> (Lotto Dstny), <strong>Matej Mohoric<\/strong> (Bahrain Victorious), <strong>Tim Wellens<\/strong> (UAE Team Emirates) sont sortis du peloton dans cette avant-derni\u00e8re ascension du jour. Avec dans le porte-bagage <strong>Christophe Laporte<\/strong> (Jumbo-Visma). Dans le Bosberg, <strong>Dylan van Baarle<\/strong> (Jumbo-Visma) a su garder une quinzaine de secondes d&rsquo;avance sur le quatuor de chasse.\u00a0<\/span><\/p>\n<p style=\"text-align: justify;\"><span style=\"font-weight: 400;\">Finalement, <strong>Dylan van Baarle<\/strong> (Jumbo-Visma) s&rsquo;est impos\u00e9 en solitaire pour son premier jour de course. Apr\u00e8s avoir \u00e9t\u00e9 repris par un petit peloton, <strong>Arnaud De Lie<\/strong> (Lotto Dstny) a r\u00e9gl\u00e9, \u00e0 20 secondes, <strong>Christophe Laporte<\/strong> (Jumbo-Visma). <strong>Alexander Kristoff<\/strong> (Uno-X) et <strong>Thomas Pidcock<\/strong> (INEOS Grenadiers) compl\u00e8tent le top 5.<\/span><\/p>\n<blockquote class=\"twitter-tweet\">\n<p dir=\"ltr\" lang=\"fr\">Premi\u00e8re Classique de la saison, premi\u00e8re course avec Jumbo-Visma et d\u00e9j\u00e0 un premier succ\u00e8s pour Dylan van Baarle, en solitaire \ud83d\udc4f <a href=\"https:\/\/twitter.com\/hashtag\/LesRP?src=hash&amp;ref_src=twsrc%5Etfw\">#LesRP<\/a> <a href=\"https:\/\/t.co\/vcBAUKiBKT\">pic.twitter.com\/vcBAUKiBKT<\/a><\/p>\n<p>\u2014 Eurosport France (@Eurosport_FR) <a href=\"https:\/\/twitter.com\/Eurosport_FR\/status\/1629498394711322624?ref_src=twsrc%5Etfw\">February 25, 2023<\/a><\/p><\/blockquote>\n<p><script async src=\"https:\/\/platform.twitter.com\/widgets.js\" charset=\"utf-8\"><\/script><\/p>\n<h2 style=\"text-align: justify;\">\u00c0 lire aussi<\/h2>\n<ul>\n<li style=\"text-align: justify;\"><a href=\"https:\/\/dicodusport.fr\/blog\/classement-het-nieuwsblad-2023\/?utm_source=rss&amp;utm_medium=rss&amp;utm_campaign=classement-het-nieuwsblad-2023\"><strong>Le classement du Het Nieuwsblad 2023<\/strong><\/a><\/li>\n<\/ul>\n","protected":false},"excerpt":{"rendered":"<p>CIRCUIT HET NIEUWSBLAD 2023 &#8211; Dylan van Baarle (Jumbo-Visma) s&rsquo;est impos\u00e9 sur la 78\u00e8me \u00e9dition du Circuit Het Nieuwsblad \u00e0 Ninove, ce samedi. Apr\u00e8s 207 kilom\u00e8tres, il a devanc\u00e9 Arnaud De Lie (Lotto Dstny) et Christophe Laporte (Jumbo-Visma).<\/p>\n","protected":false},"author":48,"featured_media":359361,"comment_status":"open","ping_status":"closed","sticky":false,"template":"","format":"standard","meta":{"_acf_changed":false,"_daextam_enable_autolinks":"","footnotes":""},"categories":[46994],"tags":[16878,574,11197,10053],"class_list":["post-359221","post","type-post","status-publish","format-standard","has-post-thumbnail","hentry","category-cyclisme-sur-route","tag-breve","tag-cyclisme","tag-cyclisme-sur-route","tag-het-nieuwsblad"],"acf":[],"yoast_head":"<!-- This site is optimized with the Yoast SEO Premium plugin v26.7 (Yoast SEO v26.7) - https:\/\/yoast.com\/wordpress\/plugins\/seo\/ -->\n<title>Circuit Het Nieuwsblad 2023 : Dylan van Baarle s&#039;impose, Christophe Laporte troisi\u00e8me<\/title>\n<meta name=\"description\" content=\"CIRCUIT HET NIEUWSBLAD 2023 - Dylan van Baarle (Jumbo-Visma) a gagn\u00e9 la 78\u00e8me \u00e9dition du Circuit Het Nieuwsblad.\" \/>\n<meta name=\"robots\" content=\"index, follow, max-snippet:-1, max-image-preview:large, max-video-preview:-1\" \/>\n<link rel=\"canonical\" href=\"https:\/\/dicodusport.fr\/blog\/circuit-het-nieuwsblad-2023-dylan-van-baarle-simpose-christophe-laporte-troisieme\/\" \/>\n<meta property=\"og:locale\" content=\"fr_FR\" \/>\n<meta property=\"og:type\" content=\"article\" \/>\n<meta property=\"og:title\" content=\"Circuit Het Nieuwsblad 2023 : Dylan van Baarle s&#039;impose, Christophe Laporte troisi\u00e8me\" \/>\n<meta property=\"og:description\" content=\"CIRCUIT HET NIEUWSBLAD 2023 - Dylan van Baarle (Jumbo-Visma) a gagn\u00e9 la 78\u00e8me \u00e9dition du Circuit Het Nieuwsblad.\" \/>\n<meta property=\"og:url\" content=\"https:\/\/dicodusport.fr\/blog\/circuit-het-nieuwsblad-2023-dylan-van-baarle-simpose-christophe-laporte-troisieme\/\" \/>\n<meta property=\"og:site_name\" content=\"Dicodusport\" \/>\n<meta property=\"article:publisher\" content=\"https:\/\/www.facebook.com\/dicodusport\" \/>\n<meta property=\"article:author\" content=\"https:\/\/www.facebook.com\/groups\/LesRoisDuPeloton\" \/>\n<meta property=\"article:published_time\" content=\"2023-02-25T15:09:55+00:00\" \/>\n<meta property=\"article:modified_time\" content=\"2023-02-25T18:23:48+00:00\" \/>\n<meta property=\"og:image\" content=\"https:\/\/dicodusport.fr\/blog\/wp-content\/uploads\/2023\/02\/Circuit-Het-Nieuwsblad-2023-Dylan-van-Baarle-simpose-Christophe-Laporte-troisieme-1.png\" \/>\n\t<meta property=\"og:image:width\" content=\"800\" \/>\n\t<meta property=\"og:image:height\" content=\"445\" \/>\n\t<meta property=\"og:image:type\" content=\"image\/png\" \/>\n<meta name=\"author\" content=\"Emilien Descampiaux\" \/>\n<meta name=\"twitter:card\" content=\"summary_large_image\" \/>\n<meta name=\"twitter:title\" content=\"Circuit Het Nieuwsblad 2023 : Dylan van Baarle s&#039;impose, Christophe Laporte troisi\u00e8me\" \/>\n<meta name=\"twitter:creator\" content=\"@https:\/\/twitter.com\/LRoisDuPeloton\" \/>\n<meta name=\"twitter:site\" content=\"@dicodusport\" \/>\n<script type=\"application\/ld+json\" class=\"yoast-schema-graph\">{\"@context\":\"https:\/\/schema.org\",\"@graph\":[{\"@type\":\"NewsArticle\",\"@id\":\"https:\/\/dicodusport.fr\/blog\/circuit-het-nieuwsblad-2023-dylan-van-baarle-simpose-christophe-laporte-troisieme\/#article\",\"isPartOf\":{\"@id\":\"https:\/\/dicodusport.fr\/blog\/circuit-het-nieuwsblad-2023-dylan-van-baarle-simpose-christophe-laporte-troisieme\/\"},\"author\":{\"name\":\"Emilien Descampiaux\",\"@id\":\"https:\/\/dicodusport.fr\/blog\/#\/schema\/person\/6db4bae06b171592211be385b32876a7\"},\"headline\":\"Circuit Het Nieuwsblad 2023 : Dylan van Baarle s&rsquo;impose, Christophe Laporte troisi\u00e8me\",\"datePublished\":\"2023-02-25T15:09:55+00:00\",\"dateModified\":\"2023-02-25T18:23:48+00:00\",\"mainEntityOfPage\":{\"@id\":\"https:\/\/dicodusport.fr\/blog\/circuit-het-nieuwsblad-2023-dylan-van-baarle-simpose-christophe-laporte-troisieme\/\"},\"wordCount\":593,\"commentCount\":0,\"publisher\":{\"@id\":\"https:\/\/dicodusport.fr\/blog\/#organization\"},\"image\":{\"@id\":\"https:\/\/dicodusport.fr\/blog\/circuit-het-nieuwsblad-2023-dylan-van-baarle-simpose-christophe-laporte-troisieme\/#primaryimage\"},\"thumbnailUrl\":\"https:\/\/dicodusport.fr\/blog\/wp-content\/uploads\/2023\/02\/Circuit-Het-Nieuwsblad-2023-Dylan-van-Baarle-simpose-Christophe-Laporte-troisieme-1.png\",\"keywords\":[\"br\u00e8ve\",\"Cyclisme\",\"Cyclisme sur route\",\"Het Nieuwsblad\"],\"articleSection\":[\"Cyclisme sur route\"],\"inLanguage\":\"fr-FR\",\"potentialAction\":[{\"@type\":\"CommentAction\",\"name\":\"Comment\",\"target\":[\"https:\/\/dicodusport.fr\/blog\/circuit-het-nieuwsblad-2023-dylan-van-baarle-simpose-christophe-laporte-troisieme\/#respond\"]}],\"copyrightYear\":\"2023\",\"copyrightHolder\":{\"@id\":\"https:\/\/dicodusport.fr\/blog\/#organization\"}},{\"@type\":\"WebPage\",\"@id\":\"https:\/\/dicodusport.fr\/blog\/circuit-het-nieuwsblad-2023-dylan-van-baarle-simpose-christophe-laporte-troisieme\/\",\"url\":\"https:\/\/dicodusport.fr\/blog\/circuit-het-nieuwsblad-2023-dylan-van-baarle-simpose-christophe-laporte-troisieme\/\",\"name\":\"Circuit Het Nieuwsblad 2023 : Dylan van Baarle s'impose, Christophe Laporte troisi\u00e8me\",\"isPartOf\":{\"@id\":\"https:\/\/dicodusport.fr\/blog\/#website\"},\"primaryImageOfPage\":{\"@id\":\"https:\/\/dicodusport.fr\/blog\/circuit-het-nieuwsblad-2023-dylan-van-baarle-simpose-christophe-laporte-troisieme\/#primaryimage\"},\"image\":{\"@id\":\"https:\/\/dicodusport.fr\/blog\/circuit-het-nieuwsblad-2023-dylan-van-baarle-simpose-christophe-laporte-troisieme\/#primaryimage\"},\"thumbnailUrl\":\"https:\/\/dicodusport.fr\/blog\/wp-content\/uploads\/2023\/02\/Circuit-Het-Nieuwsblad-2023-Dylan-van-Baarle-simpose-Christophe-Laporte-troisieme-1.png\",\"datePublished\":\"2023-02-25T15:09:55+00:00\",\"dateModified\":\"2023-02-25T18:23:48+00:00\",\"description\":\"CIRCUIT HET NIEUWSBLAD 2023 - Dylan van Baarle (Jumbo-Visma) a gagn\u00e9 la 78\u00e8me \u00e9dition du Circuit Het Nieuwsblad.\",\"breadcrumb\":{\"@id\":\"https:\/\/dicodusport.fr\/blog\/circuit-het-nieuwsblad-2023-dylan-van-baarle-simpose-christophe-laporte-troisieme\/#breadcrumb\"},\"inLanguage\":\"fr-FR\",\"potentialAction\":[{\"@type\":\"ReadAction\",\"target\":[\"https:\/\/dicodusport.fr\/blog\/circuit-het-nieuwsblad-2023-dylan-van-baarle-simpose-christophe-laporte-troisieme\/\"]}]},{\"@type\":\"ImageObject\",\"inLanguage\":\"fr-FR\",\"@id\":\"https:\/\/dicodusport.fr\/blog\/circuit-het-nieuwsblad-2023-dylan-van-baarle-simpose-christophe-laporte-troisieme\/#primaryimage\",\"url\":\"https:\/\/dicodusport.fr\/blog\/wp-content\/uploads\/2023\/02\/Circuit-Het-Nieuwsblad-2023-Dylan-van-Baarle-simpose-Christophe-Laporte-troisieme-1.png\",\"contentUrl\":\"https:\/\/dicodusport.fr\/blog\/wp-content\/uploads\/2023\/02\/Circuit-Het-Nieuwsblad-2023-Dylan-van-Baarle-simpose-Christophe-Laporte-troisieme-1.png\",\"width\":800,\"height\":445,\"caption\":\"Circuit Het Nieuwsblad 2023 Dylan van Baarle s'impose, Christophe Laporte troisi\u00e8me (1)\"},{\"@type\":\"BreadcrumbList\",\"@id\":\"https:\/\/dicodusport.fr\/blog\/circuit-het-nieuwsblad-2023-dylan-van-baarle-simpose-christophe-laporte-troisieme\/#breadcrumb\",\"itemListElement\":[{\"@type\":\"ListItem\",\"position\":1,\"name\":\"Accueil\",\"item\":\"https:\/\/dicodusport.fr\/blog\/\"},{\"@type\":\"ListItem\",\"position\":2,\"name\":\"Circuit Het Nieuwsblad 2023 : Dylan van Baarle s&rsquo;impose, Christophe Laporte troisi\u00e8me\"}]},{\"@type\":\"WebSite\",\"@id\":\"https:\/\/dicodusport.fr\/blog\/#website\",\"url\":\"https:\/\/dicodusport.fr\/blog\/\",\"name\":\"Dicodusport\",\"description\":\"L&#039;encyclop\u00e9die de l&#039;actualit\u00e9 sportive\",\"publisher\":{\"@id\":\"https:\/\/dicodusport.fr\/blog\/#organization\"},\"potentialAction\":[{\"@type\":\"SearchAction\",\"target\":{\"@type\":\"EntryPoint\",\"urlTemplate\":\"https:\/\/dicodusport.fr\/blog\/?s={search_term_string}\"},\"query-input\":{\"@type\":\"PropertyValueSpecification\",\"valueRequired\":true,\"valueName\":\"search_term_string\"}}],\"inLanguage\":\"fr-FR\"},{\"@type\":\"NewsMediaOrganization\",\"@id\":\"https:\/\/dicodusport.fr\/blog\/#organization\",\"name\":\"Dicodusport\",\"url\":\"https:\/\/dicodusport.fr\/blog\/\",\"logo\":{\"@type\":\"ImageObject\",\"inLanguage\":\"fr-FR\",\"@id\":\"https:\/\/dicodusport.fr\/blog\/#\/schema\/logo\/image\/\",\"url\":\"https:\/\/dicodusport.fr\/blog\/wp-content\/uploads\/2020\/06\/cropped-LOGO-DICODUSPORT-2020-SANS-FOND-SANS-TEXTE.png\",\"contentUrl\":\"https:\/\/dicodusport.fr\/blog\/wp-content\/uploads\/2020\/06\/cropped-LOGO-DICODUSPORT-2020-SANS-FOND-SANS-TEXTE.png\",\"width\":512,\"height\":512,\"caption\":\"Dicodusport\"},\"image\":{\"@id\":\"https:\/\/dicodusport.fr\/blog\/#\/schema\/logo\/image\/\"},\"sameAs\":[\"https:\/\/www.facebook.com\/dicodusport\",\"https:\/\/x.com\/dicodusport\",\"https:\/\/www.instagram.com\/dicodusport\/\",\"https:\/\/www.youtube.com\/channel\/UC7V2KZ5sd3htJivAbA4ZG3w\"],\"description\":\"Dicodusport est l'encyclop\u00e9die de l'actualit\u00e9 sportive.\",\"email\":\"bonjour@dicodusport.fr\",\"legalName\":\"DICODUSPORT\",\"foundingDate\":\"2018-01-14\",\"vatID\":\"FR71834470973\",\"taxID\":\"83447097300043\",\"numberOfEmployees\":{\"@type\":\"QuantitativeValue\",\"minValue\":\"1\",\"maxValue\":\"10\"}},{\"@type\":\"Person\",\"@id\":\"https:\/\/dicodusport.fr\/blog\/#\/schema\/person\/6db4bae06b171592211be385b32876a7\",\"name\":\"Emilien Descampiaux\",\"image\":{\"@type\":\"ImageObject\",\"inLanguage\":\"fr-FR\",\"@id\":\"https:\/\/dicodusport.fr\/blog\/#\/schema\/person\/image\/\",\"url\":\"https:\/\/dicodusport.fr\/blog\/wp-content\/uploads\/2021\/05\/Emilien-Descampiaux-150x150.jpg\",\"contentUrl\":\"https:\/\/dicodusport.fr\/blog\/wp-content\/uploads\/2021\/05\/Emilien-Descampiaux-150x150.jpg\",\"caption\":\"Emilien Descampiaux\"},\"description\":\"Journaliste\/r\u00e9dacteur depuis 2014 - Fan de la classe de Frank Vandenbroucke, je vis cyclisme (et de ses paysages) depuis plus de 20 ans. Je suis tr\u00e8s impliqu\u00e9 sur mes diff\u00e9rents r\u00e9seaux sociaux pour partager ma passion sur le monde et l'Histoire de la bicyclette avec ma voix sur les images en noir et blanc du succ\u00e8s de Rik Van Steenbergen lors du Ronde sur le V\u00e9lodrome de Gand.\",\"sameAs\":[\"https:\/\/www.facebook.com\/groups\/LesRoisDuPeloton\",\"https:\/\/x.com\/https:\/\/twitter.com\/LRoisDuPeloton\"],\"url\":\"https:\/\/dicodusport.fr\/blog\/author\/emiliend\/\"}]}<\/script>\n<!-- \/ Yoast SEO Premium plugin. -->","yoast_head_json":{"title":"Circuit Het Nieuwsblad 2023 : Dylan van Baarle s'impose, Christophe Laporte troisi\u00e8me","description":"CIRCUIT HET NIEUWSBLAD 2023 - Dylan van Baarle (Jumbo-Visma) a gagn\u00e9 la 78\u00e8me \u00e9dition du Circuit Het Nieuwsblad.","robots":{"index":"index","follow":"follow","max-snippet":"max-snippet:-1","max-image-preview":"max-image-preview:large","max-video-preview":"max-video-preview:-1"},"canonical":"https:\/\/dicodusport.fr\/blog\/circuit-het-nieuwsblad-2023-dylan-van-baarle-simpose-christophe-laporte-troisieme\/","og_locale":"fr_FR","og_type":"article","og_title":"Circuit Het Nieuwsblad 2023 : Dylan van Baarle s'impose, Christophe Laporte troisi\u00e8me","og_description":"CIRCUIT HET NIEUWSBLAD 2023 - Dylan van Baarle (Jumbo-Visma) a gagn\u00e9 la 78\u00e8me \u00e9dition du Circuit Het Nieuwsblad.","og_url":"https:\/\/dicodusport.fr\/blog\/circuit-het-nieuwsblad-2023-dylan-van-baarle-simpose-christophe-laporte-troisieme\/","og_site_name":"Dicodusport","article_publisher":"https:\/\/www.facebook.com\/dicodusport","article_author":"https:\/\/www.facebook.com\/groups\/LesRoisDuPeloton","article_published_time":"2023-02-25T15:09:55+00:00","article_modified_time":"2023-02-25T18:23:48+00:00","og_image":[{"width":800,"height":445,"url":"https:\/\/dicodusport.fr\/blog\/wp-content\/uploads\/2023\/02\/Circuit-Het-Nieuwsblad-2023-Dylan-van-Baarle-simpose-Christophe-Laporte-troisieme-1.png","type":"image\/png"}],"author":"Emilien Descampiaux","twitter_card":"summary_large_image","twitter_title":"Circuit Het Nieuwsblad 2023 : Dylan van Baarle s'impose, Christophe Laporte troisi\u00e8me","twitter_creator":"@https:\/\/twitter.com\/LRoisDuPeloton","twitter_site":"@dicodusport","schema":{"@context":"https:\/\/schema.org","@graph":[{"@type":"NewsArticle","@id":"https:\/\/dicodusport.fr\/blog\/circuit-het-nieuwsblad-2023-dylan-van-baarle-simpose-christophe-laporte-troisieme\/#article","isPartOf":{"@id":"https:\/\/dicodusport.fr\/blog\/circuit-het-nieuwsblad-2023-dylan-van-baarle-simpose-christophe-laporte-troisieme\/"},"author":{"name":"Emilien Descampiaux","@id":"https:\/\/dicodusport.fr\/blog\/#\/schema\/person\/6db4bae06b171592211be385b32876a7"},"headline":"Circuit Het Nieuwsblad 2023 : Dylan van Baarle s&rsquo;impose, Christophe Laporte troisi\u00e8me","datePublished":"2023-02-25T15:09:55+00:00","dateModified":"2023-02-25T18:23:48+00:00","mainEntityOfPage":{"@id":"https:\/\/dicodusport.fr\/blog\/circuit-het-nieuwsblad-2023-dylan-van-baarle-simpose-christophe-laporte-troisieme\/"},"wordCount":593,"commentCount":0,"publisher":{"@id":"https:\/\/dicodusport.fr\/blog\/#organization"},"image":{"@id":"https:\/\/dicodusport.fr\/blog\/circuit-het-nieuwsblad-2023-dylan-van-baarle-simpose-christophe-laporte-troisieme\/#primaryimage"},"thumbnailUrl":"https:\/\/dicodusport.fr\/blog\/wp-content\/uploads\/2023\/02\/Circuit-Het-Nieuwsblad-2023-Dylan-van-Baarle-simpose-Christophe-Laporte-troisieme-1.png","keywords":["br\u00e8ve","Cyclisme","Cyclisme sur route","Het Nieuwsblad"],"articleSection":["Cyclisme sur route"],"inLanguage":"fr-FR","potentialAction":[{"@type":"CommentAction","name":"Comment","target":["https:\/\/dicodusport.fr\/blog\/circuit-het-nieuwsblad-2023-dylan-van-baarle-simpose-christophe-laporte-troisieme\/#respond"]}],"copyrightYear":"2023","copyrightHolder":{"@id":"https:\/\/dicodusport.fr\/blog\/#organization"}},{"@type":"WebPage","@id":"https:\/\/dicodusport.fr\/blog\/circuit-het-nieuwsblad-2023-dylan-van-baarle-simpose-christophe-laporte-troisieme\/","url":"https:\/\/dicodusport.fr\/blog\/circuit-het-nieuwsblad-2023-dylan-van-baarle-simpose-christophe-laporte-troisieme\/","name":"Circuit Het Nieuwsblad 2023 : Dylan van Baarle s'impose, Christophe Laporte troisi\u00e8me","isPartOf":{"@id":"https:\/\/dicodusport.fr\/blog\/#website"},"primaryImageOfPage":{"@id":"https:\/\/dicodusport.fr\/blog\/circuit-het-nieuwsblad-2023-dylan-van-baarle-simpose-christophe-laporte-troisieme\/#primaryimage"},"image":{"@id":"https:\/\/dicodusport.fr\/blog\/circuit-het-nieuwsblad-2023-dylan-van-baarle-simpose-christophe-laporte-troisieme\/#primaryimage"},"thumbnailUrl":"https:\/\/dicodusport.fr\/blog\/wp-content\/uploads\/2023\/02\/Circuit-Het-Nieuwsblad-2023-Dylan-van-Baarle-simpose-Christophe-Laporte-troisieme-1.png","datePublished":"2023-02-25T15:09:55+00:00","dateModified":"2023-02-25T18:23:48+00:00","description":"CIRCUIT HET NIEUWSBLAD 2023 - Dylan van Baarle (Jumbo-Visma) a gagn\u00e9 la 78\u00e8me \u00e9dition du Circuit Het Nieuwsblad.","breadcrumb":{"@id":"https:\/\/dicodusport.fr\/blog\/circuit-het-nieuwsblad-2023-dylan-van-baarle-simpose-christophe-laporte-troisieme\/#breadcrumb"},"inLanguage":"fr-FR","potentialAction":[{"@type":"ReadAction","target":["https:\/\/dicodusport.fr\/blog\/circuit-het-nieuwsblad-2023-dylan-van-baarle-simpose-christophe-laporte-troisieme\/"]}]},{"@type":"ImageObject","inLanguage":"fr-FR","@id":"https:\/\/dicodusport.fr\/blog\/circuit-het-nieuwsblad-2023-dylan-van-baarle-simpose-christophe-laporte-troisieme\/#primaryimage","url":"https:\/\/dicodusport.fr\/blog\/wp-content\/uploads\/2023\/02\/Circuit-Het-Nieuwsblad-2023-Dylan-van-Baarle-simpose-Christophe-Laporte-troisieme-1.png","contentUrl":"https:\/\/dicodusport.fr\/blog\/wp-content\/uploads\/2023\/02\/Circuit-Het-Nieuwsblad-2023-Dylan-van-Baarle-simpose-Christophe-Laporte-troisieme-1.png","width":800,"height":445,"caption":"Circuit Het Nieuwsblad 2023 Dylan van Baarle s'impose, Christophe Laporte troisi\u00e8me (1)"},{"@type":"BreadcrumbList","@id":"https:\/\/dicodusport.fr\/blog\/circuit-het-nieuwsblad-2023-dylan-van-baarle-simpose-christophe-laporte-troisieme\/#breadcrumb","itemListElement":[{"@type":"ListItem","position":1,"name":"Accueil","item":"https:\/\/dicodusport.fr\/blog\/"},{"@type":"ListItem","position":2,"name":"Circuit Het Nieuwsblad 2023 : Dylan van Baarle s&rsquo;impose, Christophe Laporte troisi\u00e8me"}]},{"@type":"WebSite","@id":"https:\/\/dicodusport.fr\/blog\/#website","url":"https:\/\/dicodusport.fr\/blog\/","name":"Dicodusport","description":"L&#039;encyclop\u00e9die de l&#039;actualit\u00e9 sportive","publisher":{"@id":"https:\/\/dicodusport.fr\/blog\/#organization"},"potentialAction":[{"@type":"SearchAction","target":{"@type":"EntryPoint","urlTemplate":"https:\/\/dicodusport.fr\/blog\/?s={search_term_string}"},"query-input":{"@type":"PropertyValueSpecification","valueRequired":true,"valueName":"search_term_string"}}],"inLanguage":"fr-FR"},{"@type":"NewsMediaOrganization","@id":"https:\/\/dicodusport.fr\/blog\/#organization","name":"Dicodusport","url":"https:\/\/dicodusport.fr\/blog\/","logo":{"@type":"ImageObject","inLanguage":"fr-FR","@id":"https:\/\/dicodusport.fr\/blog\/#\/schema\/logo\/image\/","url":"https:\/\/dicodusport.fr\/blog\/wp-content\/uploads\/2020\/06\/cropped-LOGO-DICODUSPORT-2020-SANS-FOND-SANS-TEXTE.png","contentUrl":"https:\/\/dicodusport.fr\/blog\/wp-content\/uploads\/2020\/06\/cropped-LOGO-DICODUSPORT-2020-SANS-FOND-SANS-TEXTE.png","width":512,"height":512,"caption":"Dicodusport"},"image":{"@id":"https:\/\/dicodusport.fr\/blog\/#\/schema\/logo\/image\/"},"sameAs":["https:\/\/www.facebook.com\/dicodusport","https:\/\/x.com\/dicodusport","https:\/\/www.instagram.com\/dicodusport\/","https:\/\/www.youtube.com\/channel\/UC7V2KZ5sd3htJivAbA4ZG3w"],"description":"Dicodusport est l'encyclop\u00e9die de l'actualit\u00e9 sportive.","email":"bonjour@dicodusport.fr","legalName":"DICODUSPORT","foundingDate":"2018-01-14","vatID":"FR71834470973","taxID":"83447097300043","numberOfEmployees":{"@type":"QuantitativeValue","minValue":"1","maxValue":"10"}},{"@type":"Person","@id":"https:\/\/dicodusport.fr\/blog\/#\/schema\/person\/6db4bae06b171592211be385b32876a7","name":"Emilien Descampiaux","image":{"@type":"ImageObject","inLanguage":"fr-FR","@id":"https:\/\/dicodusport.fr\/blog\/#\/schema\/person\/image\/","url":"https:\/\/dicodusport.fr\/blog\/wp-content\/uploads\/2021\/05\/Emilien-Descampiaux-150x150.jpg","contentUrl":"https:\/\/dicodusport.fr\/blog\/wp-content\/uploads\/2021\/05\/Emilien-Descampiaux-150x150.jpg","caption":"Emilien Descampiaux"},"description":"Journaliste\/r\u00e9dacteur depuis 2014 - Fan de la classe de Frank Vandenbroucke, je vis cyclisme (et de ses paysages) depuis plus de 20 ans. Je suis tr\u00e8s impliqu\u00e9 sur mes diff\u00e9rents r\u00e9seaux sociaux pour partager ma passion sur le monde et l'Histoire de la bicyclette avec ma voix sur les images en noir et blanc du succ\u00e8s de Rik Van Steenbergen lors du Ronde sur le V\u00e9lodrome de Gand.","sameAs":["https:\/\/www.facebook.com\/groups\/LesRoisDuPeloton","https:\/\/x.com\/https:\/\/twitter.com\/LRoisDuPeloton"],"url":"https:\/\/dicodusport.fr\/blog\/author\/emiliend\/"}]}},"_links":{"self":[{"href":"https:\/\/dicodusport.fr\/blog\/wp-json\/wp\/v2\/posts\/359221","targetHints":{"allow":["GET"]}}],"collection":[{"href":"https:\/\/dicodusport.fr\/blog\/wp-json\/wp\/v2\/posts"}],"about":[{"href":"https:\/\/dicodusport.fr\/blog\/wp-json\/wp\/v2\/types\/post"}],"author":[{"embeddable":true,"href":"https:\/\/dicodusport.fr\/blog\/wp-json\/wp\/v2\/users\/48"}],"replies":[{"embeddable":true,"href":"https:\/\/dicodusport.fr\/blog\/wp-json\/wp\/v2\/comments?post=359221"}],"version-history":[{"count":0,"href":"https:\/\/dicodusport.fr\/blog\/wp-json\/wp\/v2\/posts\/359221\/revisions"}],"wp:featuredmedia":[{"embeddable":true,"href":"https:\/\/dicodusport.fr\/blog\/wp-json\/wp\/v2\/media\/359361"}],"wp:attachment":[{"href":"https:\/\/dicodusport.fr\/blog\/wp-json\/wp\/v2\/media?parent=359221"}],"wp:term":[{"taxonomy":"category","embeddable":true,"href":"https:\/\/dicodusport.fr\/blog\/wp-json\/wp\/v2\/categories?post=359221"},{"taxonomy":"post_tag","embeddable":true,"href":"https:\/\/dicodusport.fr\/blog\/wp-json\/wp\/v2\/tags?post=359221"}],"curies":[{"name":"wp","href":"https:\/\/api.w.org\/{rel}","templated":true}]}}