{"id":359353,"date":"2023-02-25T18:02:28","date_gmt":"2023-02-25T17:02:28","guid":{"rendered":"https:\/\/dicodusport.fr\/blog\/?p=359353&#038;preview=true&#038;preview_id=359353"},"modified":"2023-02-25T19:17:47","modified_gmt":"2023-02-25T18:17:47","slug":"julian-alaphilippe-david-gaudu-savait-que-jallais-attaquer","status":"publish","type":"post","link":"https:\/\/dicodusport.fr\/blog\/julian-alaphilippe-david-gaudu-savait-que-jallais-attaquer\/","title":{"rendered":"Julian Alaphilippe : \u00ab\u00a0David Gaudu savait que j&rsquo;allais attaquer\u00a0\u00bb"},"content":{"rendered":"<p style=\"text-align: justify;\" align=\"justify\"><em><strong>FAUN-ARDECHE CLASSIC 2023 &#8211; Julian Alaphilippe (Soudal &#8211; Quick Step) a remport\u00e9 la Faun-Ard\u00e8che Classic en dominant David Gaudu (Groupama-FDJ) au sprint. \u00c0 l&rsquo;issue de la course, le Fran\u00e7ais s&rsquo;est confi\u00e9 au micro de La cha\u00eene L&rsquo;\u00c9quipe.<\/strong><\/em><\/p>\n<p align=\"justify\">Alors que son manager, <strong>Patrick<\/strong> <strong>Lefevere<\/strong>, lui met la pression depuis plusieurs semaines, le double champion du monde, <strong>Julian Alaphilippe<\/strong>, a donc r\u00e9pondu sur la route avec <a href=\"https:\/\/dicodusport.fr\/blog\/faun-ardeche-classic-2023-julian-alaphilippe-renoue-avec-le-succes\/\">une belle victoire ce samedi, sur la <strong>Faun-Ard\u00e8che Classic<\/strong><\/a>. Sorti \u00e0 la p\u00e9dale avec <strong>David<\/strong> <strong>Gaudu<\/strong> \u00e0 25 km de l&rsquo;arriv\u00e9e, <strong>Julian<\/strong> <strong>Alahilippe<\/strong> \u00e9tait tout simplement le plus fort samedi. Apr\u00e8s cette premi\u00e8re victoire de la saison, <em>Alaph<\/em> s&rsquo;est expliqu\u00e9 \u00e0 nos confr\u00e8res de <em>La cha\u00eene L&rsquo;\u00c9quipe<\/em>.<\/p>\n<blockquote>\n<p style=\"text-align: justify;\" align=\"justify\">Gagner, c&rsquo;est un sentiment qui me manquait \u00e9norm\u00e9ment. J&rsquo;avais envie de retrouver la victoire, je suis content d&rsquo;y arriver maintenant. J&rsquo;ai beaucoup travaill\u00e9 ces derni\u00e8res semaines pour \u00eatre en bonne condition. Ce r\u00e9sultat valide tout le travail, j&rsquo;ai h\u00e2te de continuer. Ce n&rsquo;est encore que le d\u00e9but de saison, il y a beaucoup de chose \u00e0 faire, mais \u00e7a soulage un peu.<\/p>\n<p style=\"text-align: justify;\" align=\"justify\">J&rsquo;\u00e9tais content que David Gaudu joue le jeu. Son \u00e9quipe a beaucoup travaill\u00e9 aujourd&rsquo;hui. Il a fait toute la mont\u00e9e dans ma roue, il savait que j&rsquo;allais attaquer. A partir du moment o\u00f9 on s&rsquo;est isol\u00e9 \u00e0 deux, il a tout de suite compris qu&rsquo;il fallait collaborer. Il ne m&rsquo;a rien dit de sp\u00e9cial, on s&rsquo;est vraiment fait mal jusqu&rsquo;au sprint, et voil\u00e0, je suis content.<\/p>\n<\/blockquote>\n<p align=\"justify\">Les deux hommes forts de cette <strong>Faun-Ard\u00e8che Classic<\/strong> pourraient se retrouver dimanche. <strong>Julian<\/strong> <strong>Alaphilippe<\/strong> et <strong>David<\/strong> <strong>Gaudu<\/strong> seront au d\u00e9part de la <a href=\"https:\/\/dicodusport.fr\/blog\/faun-drome-classic-2023-parcours-profil-et-favoris\/\" target=\"_blank\" rel=\"noopener\">Faun-Dr\u00f4me Classic qui propose un parcours un peu diff\u00e9rent<\/a>, mais avec toujours des difficult\u00e9s dans le final.<\/p>\n<blockquote class=\"twitter-tweet\">\n<p dir=\"ltr\" lang=\"fr\">\ud83d\udcac Julian Alaphilippe, vainqueur de l&rsquo;Ard\u00e8che Classic : \u00ab Retrouver la victoire, c&rsquo;\u00e9tait un sentiment qui me manquait beaucoup. \u00bb <a href=\"https:\/\/twitter.com\/hashtag\/lequipeVELO?src=hash&amp;ref_src=twsrc%5Etfw\">#lequipeVELO<\/a> <a href=\"https:\/\/twitter.com\/hashtag\/BDA23?src=hash&amp;ref_src=twsrc%5Etfw\">#BDA23<\/a> <a href=\"https:\/\/t.co\/nEZZCTuCav\">pic.twitter.com\/nEZZCTuCav<\/a><\/p>\n<p>\u2014 la chaine L&rsquo;\u00c9quipe (@lachainelequipe) <a href=\"https:\/\/twitter.com\/lachainelequipe\/status\/1629500037368627203?ref_src=twsrc%5Etfw\">February 25, 2023<\/a><\/p><\/blockquote>\n<p><script async src=\"https:\/\/platform.twitter.com\/widgets.js\" charset=\"utf-8\"><\/script><\/p>\n<ul>\n<li><strong>\u00c0 lire aussi &#8211; <a href=\"https:\/\/dicodusport.fr\/blog\/classement-faun-ardeche-classic-2023\/\">Le classement de la Faun-Ard\u00e8che Classic 2023<\/a><\/strong><\/li>\n<\/ul>\n","protected":false},"excerpt":{"rendered":"<p>FAUN-ARDECHE CLASSIC 2023 &#8211; Julian Alaphilippe (Soudal &#8211; Quick Step) a remport\u00e9 la Faun-Ard\u00e8che Classic en dominant David Gaudu (Groupama-FDJ) au sprint.\u00a0<\/p>\n","protected":false},"author":1,"featured_media":359363,"comment_status":"open","ping_status":"closed","sticky":false,"template":"","format":"standard","meta":{"_acf_changed":false,"_daextam_enable_autolinks":"","footnotes":""},"categories":[46994],"tags":[16878,574,3113,1719],"class_list":["post-359353","post","type-post","status-publish","format-standard","has-post-thumbnail","hentry","category-cyclisme-sur-route","tag-breve","tag-cyclisme","tag-david-gaudu","tag-julian-alaphilippe"],"acf":[],"yoast_head":"<!-- This site is optimized with the Yoast SEO Premium plugin v26.7 (Yoast SEO v26.7) - https:\/\/yoast.com\/wordpress\/plugins\/seo\/ -->\n<title>Julian Alaphilippe : &quot;David Gaudu savait que j&#039;allais attaquer&quot;<\/title>\n<meta name=\"description\" content=\"FAUN-ARDECHE CLASSIC 2023 - Julian Alaphilippe (Soudal - Quick Step) s&#039;est confi\u00e9 apr\u00e8s sa victoire sur la Faun-Ard\u00e8che Classic.\" \/>\n<meta name=\"robots\" content=\"index, follow, max-snippet:-1, max-image-preview:large, max-video-preview:-1\" \/>\n<link rel=\"canonical\" href=\"https:\/\/dicodusport.fr\/blog\/julian-alaphilippe-david-gaudu-savait-que-jallais-attaquer\/\" \/>\n<meta property=\"og:locale\" content=\"fr_FR\" \/>\n<meta property=\"og:type\" content=\"article\" \/>\n<meta property=\"og:title\" content=\"Julian Alaphilippe : &quot;David Gaudu savait que j&#039;allais attaquer&quot;\" \/>\n<meta property=\"og:description\" content=\"FAUN-ARDECHE CLASSIC 2023 - Julian Alaphilippe (Soudal - Quick Step) s&#039;est confi\u00e9 apr\u00e8s sa victoire sur la Faun-Ard\u00e8che Classic.\" \/>\n<meta property=\"og:url\" content=\"https:\/\/dicodusport.fr\/blog\/julian-alaphilippe-david-gaudu-savait-que-jallais-attaquer\/\" \/>\n<meta property=\"og:site_name\" content=\"Dicodusport\" \/>\n<meta property=\"article:publisher\" content=\"https:\/\/www.facebook.com\/dicodusport\" \/>\n<meta property=\"article:author\" content=\"https:\/\/www.facebook.com\/dicodusport\" \/>\n<meta property=\"article:published_time\" content=\"2023-02-25T17:02:28+00:00\" \/>\n<meta property=\"article:modified_time\" content=\"2023-02-25T18:17:47+00:00\" \/>\n<meta property=\"og:image\" content=\"https:\/\/dicodusport.fr\/blog\/wp-content\/uploads\/2023\/02\/Julian-Alaphilippe-David-Gaudu-savait-que-jallais-attaquer.png\" \/>\n\t<meta property=\"og:image:width\" content=\"800\" \/>\n\t<meta property=\"og:image:height\" content=\"445\" \/>\n\t<meta property=\"og:image:type\" content=\"image\/png\" \/>\n<meta name=\"author\" content=\"Nicolas Jacquemard\" \/>\n<meta name=\"twitter:card\" content=\"summary_large_image\" \/>\n<meta name=\"twitter:title\" content=\"Julian Alaphilippe : &quot;David Gaudu savait que j&#039;allais attaquer&quot;\" \/>\n<meta name=\"twitter:creator\" content=\"@https:\/\/twitter.com\/Nico_Jacquemard\" \/>\n<meta name=\"twitter:site\" content=\"@dicodusport\" \/>\n<script type=\"application\/ld+json\" class=\"yoast-schema-graph\">{\"@context\":\"https:\/\/schema.org\",\"@graph\":[{\"@type\":\"NewsArticle\",\"@id\":\"https:\/\/dicodusport.fr\/blog\/julian-alaphilippe-david-gaudu-savait-que-jallais-attaquer\/#article\",\"isPartOf\":{\"@id\":\"https:\/\/dicodusport.fr\/blog\/julian-alaphilippe-david-gaudu-savait-que-jallais-attaquer\/\"},\"author\":{\"name\":\"Nicolas Jacquemard\",\"@id\":\"https:\/\/dicodusport.fr\/blog\/#\/schema\/person\/55dcb50ad410894e431ed812bbb70191\"},\"headline\":\"Julian Alaphilippe : \u00ab\u00a0David Gaudu savait que j&rsquo;allais attaquer\u00a0\u00bb\",\"datePublished\":\"2023-02-25T17:02:28+00:00\",\"dateModified\":\"2023-02-25T18:17:47+00:00\",\"mainEntityOfPage\":{\"@id\":\"https:\/\/dicodusport.fr\/blog\/julian-alaphilippe-david-gaudu-savait-que-jallais-attaquer\/\"},\"wordCount\":363,\"commentCount\":0,\"publisher\":{\"@id\":\"https:\/\/dicodusport.fr\/blog\/#organization\"},\"image\":{\"@id\":\"https:\/\/dicodusport.fr\/blog\/julian-alaphilippe-david-gaudu-savait-que-jallais-attaquer\/#primaryimage\"},\"thumbnailUrl\":\"https:\/\/dicodusport.fr\/blog\/wp-content\/uploads\/2023\/02\/Julian-Alaphilippe-David-Gaudu-savait-que-jallais-attaquer.png\",\"keywords\":[\"br\u00e8ve\",\"Cyclisme\",\"David Gaudu\",\"Julian Alaphilippe\"],\"articleSection\":[\"Cyclisme sur route\"],\"inLanguage\":\"fr-FR\",\"potentialAction\":[{\"@type\":\"CommentAction\",\"name\":\"Comment\",\"target\":[\"https:\/\/dicodusport.fr\/blog\/julian-alaphilippe-david-gaudu-savait-que-jallais-attaquer\/#respond\"]}],\"copyrightYear\":\"2023\",\"copyrightHolder\":{\"@id\":\"https:\/\/dicodusport.fr\/blog\/#organization\"}},{\"@type\":\"WebPage\",\"@id\":\"https:\/\/dicodusport.fr\/blog\/julian-alaphilippe-david-gaudu-savait-que-jallais-attaquer\/\",\"url\":\"https:\/\/dicodusport.fr\/blog\/julian-alaphilippe-david-gaudu-savait-que-jallais-attaquer\/\",\"name\":\"Julian Alaphilippe : \\\"David Gaudu savait que j'allais attaquer\\\"\",\"isPartOf\":{\"@id\":\"https:\/\/dicodusport.fr\/blog\/#website\"},\"primaryImageOfPage\":{\"@id\":\"https:\/\/dicodusport.fr\/blog\/julian-alaphilippe-david-gaudu-savait-que-jallais-attaquer\/#primaryimage\"},\"image\":{\"@id\":\"https:\/\/dicodusport.fr\/blog\/julian-alaphilippe-david-gaudu-savait-que-jallais-attaquer\/#primaryimage\"},\"thumbnailUrl\":\"https:\/\/dicodusport.fr\/blog\/wp-content\/uploads\/2023\/02\/Julian-Alaphilippe-David-Gaudu-savait-que-jallais-attaquer.png\",\"datePublished\":\"2023-02-25T17:02:28+00:00\",\"dateModified\":\"2023-02-25T18:17:47+00:00\",\"description\":\"FAUN-ARDECHE CLASSIC 2023 - Julian Alaphilippe (Soudal - Quick Step) s'est confi\u00e9 apr\u00e8s sa victoire sur la Faun-Ard\u00e8che Classic.\",\"breadcrumb\":{\"@id\":\"https:\/\/dicodusport.fr\/blog\/julian-alaphilippe-david-gaudu-savait-que-jallais-attaquer\/#breadcrumb\"},\"inLanguage\":\"fr-FR\",\"potentialAction\":[{\"@type\":\"ReadAction\",\"target\":[\"https:\/\/dicodusport.fr\/blog\/julian-alaphilippe-david-gaudu-savait-que-jallais-attaquer\/\"]}]},{\"@type\":\"ImageObject\",\"inLanguage\":\"fr-FR\",\"@id\":\"https:\/\/dicodusport.fr\/blog\/julian-alaphilippe-david-gaudu-savait-que-jallais-attaquer\/#primaryimage\",\"url\":\"https:\/\/dicodusport.fr\/blog\/wp-content\/uploads\/2023\/02\/Julian-Alaphilippe-David-Gaudu-savait-que-jallais-attaquer.png\",\"contentUrl\":\"https:\/\/dicodusport.fr\/blog\/wp-content\/uploads\/2023\/02\/Julian-Alaphilippe-David-Gaudu-savait-que-jallais-attaquer.png\",\"width\":800,\"height\":445},{\"@type\":\"BreadcrumbList\",\"@id\":\"https:\/\/dicodusport.fr\/blog\/julian-alaphilippe-david-gaudu-savait-que-jallais-attaquer\/#breadcrumb\",\"itemListElement\":[{\"@type\":\"ListItem\",\"position\":1,\"name\":\"Accueil\",\"item\":\"https:\/\/dicodusport.fr\/blog\/\"},{\"@type\":\"ListItem\",\"position\":2,\"name\":\"Julian Alaphilippe : \u00ab\u00a0David Gaudu savait que j&rsquo;allais attaquer\u00a0\u00bb\"}]},{\"@type\":\"WebSite\",\"@id\":\"https:\/\/dicodusport.fr\/blog\/#website\",\"url\":\"https:\/\/dicodusport.fr\/blog\/\",\"name\":\"Dicodusport\",\"description\":\"L&#039;encyclop\u00e9die de l&#039;actualit\u00e9 sportive\",\"publisher\":{\"@id\":\"https:\/\/dicodusport.fr\/blog\/#organization\"},\"potentialAction\":[{\"@type\":\"SearchAction\",\"target\":{\"@type\":\"EntryPoint\",\"urlTemplate\":\"https:\/\/dicodusport.fr\/blog\/?s={search_term_string}\"},\"query-input\":{\"@type\":\"PropertyValueSpecification\",\"valueRequired\":true,\"valueName\":\"search_term_string\"}}],\"inLanguage\":\"fr-FR\"},{\"@type\":\"NewsMediaOrganization\",\"@id\":\"https:\/\/dicodusport.fr\/blog\/#organization\",\"name\":\"Dicodusport\",\"url\":\"https:\/\/dicodusport.fr\/blog\/\",\"logo\":{\"@type\":\"ImageObject\",\"inLanguage\":\"fr-FR\",\"@id\":\"https:\/\/dicodusport.fr\/blog\/#\/schema\/logo\/image\/\",\"url\":\"https:\/\/dicodusport.fr\/blog\/wp-content\/uploads\/2020\/06\/cropped-LOGO-DICODUSPORT-2020-SANS-FOND-SANS-TEXTE.png\",\"contentUrl\":\"https:\/\/dicodusport.fr\/blog\/wp-content\/uploads\/2020\/06\/cropped-LOGO-DICODUSPORT-2020-SANS-FOND-SANS-TEXTE.png\",\"width\":512,\"height\":512,\"caption\":\"Dicodusport\"},\"image\":{\"@id\":\"https:\/\/dicodusport.fr\/blog\/#\/schema\/logo\/image\/\"},\"sameAs\":[\"https:\/\/www.facebook.com\/dicodusport\",\"https:\/\/x.com\/dicodusport\",\"https:\/\/www.instagram.com\/dicodusport\/\",\"https:\/\/www.youtube.com\/channel\/UC7V2KZ5sd3htJivAbA4ZG3w\"],\"description\":\"Dicodusport est l'encyclop\u00e9die de l'actualit\u00e9 sportive.\",\"email\":\"bonjour@dicodusport.fr\",\"legalName\":\"DICODUSPORT\",\"foundingDate\":\"2018-01-14\",\"vatID\":\"FR71834470973\",\"taxID\":\"83447097300043\",\"numberOfEmployees\":{\"@type\":\"QuantitativeValue\",\"minValue\":\"1\",\"maxValue\":\"10\"}},{\"@type\":\"Person\",\"@id\":\"https:\/\/dicodusport.fr\/blog\/#\/schema\/person\/55dcb50ad410894e431ed812bbb70191\",\"name\":\"Nicolas Jacquemard\",\"image\":{\"@type\":\"ImageObject\",\"inLanguage\":\"fr-FR\",\"@id\":\"https:\/\/dicodusport.fr\/blog\/#\/schema\/person\/image\/\",\"url\":\"https:\/\/dicodusport.fr\/blog\/wp-content\/uploads\/2021\/05\/Nicolas-Jacquemard-150x150.jpeg\",\"contentUrl\":\"https:\/\/dicodusport.fr\/blog\/wp-content\/uploads\/2021\/05\/Nicolas-Jacquemard-150x150.jpeg\",\"caption\":\"Nicolas Jacquemard\"},\"description\":\"Passionn\u00e9 de sport et entrepreneur depuis mes 18 ans, la cr\u00e9ation de Dicodusport m'a sembl\u00e9 \u00e9vidente pour participer \u00e0 la m\u00e9diatisation d'un plus grand nombre de sports. Le chemin est long mais avec une \u00e9quipe des plus motiv\u00e9es et les Jeux Olympiques de Paris 2024 en point de mire, nous y arriverons ! Journaliste dans le monde du sport depuis plus de 5 ans, je traite aussi bien de football, de rugby, de biathlon que de cyclisme.\",\"sameAs\":[\"https:\/\/www.facebook.com\/dicodusport\",\"https:\/\/x.com\/https:\/\/twitter.com\/Nico_Jacquemard\"],\"url\":\"https:\/\/dicodusport.fr\/blog\/author\/dicodusport\/\"}]}<\/script>\n<!-- \/ Yoast SEO Premium plugin. -->","yoast_head_json":{"title":"Julian Alaphilippe : \"David Gaudu savait que j'allais attaquer\"","description":"FAUN-ARDECHE CLASSIC 2023 - Julian Alaphilippe (Soudal - Quick Step) s'est confi\u00e9 apr\u00e8s sa victoire sur la Faun-Ard\u00e8che Classic.","robots":{"index":"index","follow":"follow","max-snippet":"max-snippet:-1","max-image-preview":"max-image-preview:large","max-video-preview":"max-video-preview:-1"},"canonical":"https:\/\/dicodusport.fr\/blog\/julian-alaphilippe-david-gaudu-savait-que-jallais-attaquer\/","og_locale":"fr_FR","og_type":"article","og_title":"Julian Alaphilippe : \"David Gaudu savait que j'allais attaquer\"","og_description":"FAUN-ARDECHE CLASSIC 2023 - Julian Alaphilippe (Soudal - Quick Step) s'est confi\u00e9 apr\u00e8s sa victoire sur la Faun-Ard\u00e8che Classic.","og_url":"https:\/\/dicodusport.fr\/blog\/julian-alaphilippe-david-gaudu-savait-que-jallais-attaquer\/","og_site_name":"Dicodusport","article_publisher":"https:\/\/www.facebook.com\/dicodusport","article_author":"https:\/\/www.facebook.com\/dicodusport","article_published_time":"2023-02-25T17:02:28+00:00","article_modified_time":"2023-02-25T18:17:47+00:00","og_image":[{"width":800,"height":445,"url":"https:\/\/dicodusport.fr\/blog\/wp-content\/uploads\/2023\/02\/Julian-Alaphilippe-David-Gaudu-savait-que-jallais-attaquer.png","type":"image\/png"}],"author":"Nicolas Jacquemard","twitter_card":"summary_large_image","twitter_title":"Julian Alaphilippe : \"David Gaudu savait que j'allais attaquer\"","twitter_creator":"@https:\/\/twitter.com\/Nico_Jacquemard","twitter_site":"@dicodusport","schema":{"@context":"https:\/\/schema.org","@graph":[{"@type":"NewsArticle","@id":"https:\/\/dicodusport.fr\/blog\/julian-alaphilippe-david-gaudu-savait-que-jallais-attaquer\/#article","isPartOf":{"@id":"https:\/\/dicodusport.fr\/blog\/julian-alaphilippe-david-gaudu-savait-que-jallais-attaquer\/"},"author":{"name":"Nicolas Jacquemard","@id":"https:\/\/dicodusport.fr\/blog\/#\/schema\/person\/55dcb50ad410894e431ed812bbb70191"},"headline":"Julian Alaphilippe : \u00ab\u00a0David Gaudu savait que j&rsquo;allais attaquer\u00a0\u00bb","datePublished":"2023-02-25T17:02:28+00:00","dateModified":"2023-02-25T18:17:47+00:00","mainEntityOfPage":{"@id":"https:\/\/dicodusport.fr\/blog\/julian-alaphilippe-david-gaudu-savait-que-jallais-attaquer\/"},"wordCount":363,"commentCount":0,"publisher":{"@id":"https:\/\/dicodusport.fr\/blog\/#organization"},"image":{"@id":"https:\/\/dicodusport.fr\/blog\/julian-alaphilippe-david-gaudu-savait-que-jallais-attaquer\/#primaryimage"},"thumbnailUrl":"https:\/\/dicodusport.fr\/blog\/wp-content\/uploads\/2023\/02\/Julian-Alaphilippe-David-Gaudu-savait-que-jallais-attaquer.png","keywords":["br\u00e8ve","Cyclisme","David Gaudu","Julian Alaphilippe"],"articleSection":["Cyclisme sur route"],"inLanguage":"fr-FR","potentialAction":[{"@type":"CommentAction","name":"Comment","target":["https:\/\/dicodusport.fr\/blog\/julian-alaphilippe-david-gaudu-savait-que-jallais-attaquer\/#respond"]}],"copyrightYear":"2023","copyrightHolder":{"@id":"https:\/\/dicodusport.fr\/blog\/#organization"}},{"@type":"WebPage","@id":"https:\/\/dicodusport.fr\/blog\/julian-alaphilippe-david-gaudu-savait-que-jallais-attaquer\/","url":"https:\/\/dicodusport.fr\/blog\/julian-alaphilippe-david-gaudu-savait-que-jallais-attaquer\/","name":"Julian Alaphilippe : \"David Gaudu savait que j'allais attaquer\"","isPartOf":{"@id":"https:\/\/dicodusport.fr\/blog\/#website"},"primaryImageOfPage":{"@id":"https:\/\/dicodusport.fr\/blog\/julian-alaphilippe-david-gaudu-savait-que-jallais-attaquer\/#primaryimage"},"image":{"@id":"https:\/\/dicodusport.fr\/blog\/julian-alaphilippe-david-gaudu-savait-que-jallais-attaquer\/#primaryimage"},"thumbnailUrl":"https:\/\/dicodusport.fr\/blog\/wp-content\/uploads\/2023\/02\/Julian-Alaphilippe-David-Gaudu-savait-que-jallais-attaquer.png","datePublished":"2023-02-25T17:02:28+00:00","dateModified":"2023-02-25T18:17:47+00:00","description":"FAUN-ARDECHE CLASSIC 2023 - Julian Alaphilippe (Soudal - Quick Step) s'est confi\u00e9 apr\u00e8s sa victoire sur la Faun-Ard\u00e8che Classic.","breadcrumb":{"@id":"https:\/\/dicodusport.fr\/blog\/julian-alaphilippe-david-gaudu-savait-que-jallais-attaquer\/#breadcrumb"},"inLanguage":"fr-FR","potentialAction":[{"@type":"ReadAction","target":["https:\/\/dicodusport.fr\/blog\/julian-alaphilippe-david-gaudu-savait-que-jallais-attaquer\/"]}]},{"@type":"ImageObject","inLanguage":"fr-FR","@id":"https:\/\/dicodusport.fr\/blog\/julian-alaphilippe-david-gaudu-savait-que-jallais-attaquer\/#primaryimage","url":"https:\/\/dicodusport.fr\/blog\/wp-content\/uploads\/2023\/02\/Julian-Alaphilippe-David-Gaudu-savait-que-jallais-attaquer.png","contentUrl":"https:\/\/dicodusport.fr\/blog\/wp-content\/uploads\/2023\/02\/Julian-Alaphilippe-David-Gaudu-savait-que-jallais-attaquer.png","width":800,"height":445},{"@type":"BreadcrumbList","@id":"https:\/\/dicodusport.fr\/blog\/julian-alaphilippe-david-gaudu-savait-que-jallais-attaquer\/#breadcrumb","itemListElement":[{"@type":"ListItem","position":1,"name":"Accueil","item":"https:\/\/dicodusport.fr\/blog\/"},{"@type":"ListItem","position":2,"name":"Julian Alaphilippe : \u00ab\u00a0David Gaudu savait que j&rsquo;allais attaquer\u00a0\u00bb"}]},{"@type":"WebSite","@id":"https:\/\/dicodusport.fr\/blog\/#website","url":"https:\/\/dicodusport.fr\/blog\/","name":"Dicodusport","description":"L&#039;encyclop\u00e9die de l&#039;actualit\u00e9 sportive","publisher":{"@id":"https:\/\/dicodusport.fr\/blog\/#organization"},"potentialAction":[{"@type":"SearchAction","target":{"@type":"EntryPoint","urlTemplate":"https:\/\/dicodusport.fr\/blog\/?s={search_term_string}"},"query-input":{"@type":"PropertyValueSpecification","valueRequired":true,"valueName":"search_term_string"}}],"inLanguage":"fr-FR"},{"@type":"NewsMediaOrganization","@id":"https:\/\/dicodusport.fr\/blog\/#organization","name":"Dicodusport","url":"https:\/\/dicodusport.fr\/blog\/","logo":{"@type":"ImageObject","inLanguage":"fr-FR","@id":"https:\/\/dicodusport.fr\/blog\/#\/schema\/logo\/image\/","url":"https:\/\/dicodusport.fr\/blog\/wp-content\/uploads\/2020\/06\/cropped-LOGO-DICODUSPORT-2020-SANS-FOND-SANS-TEXTE.png","contentUrl":"https:\/\/dicodusport.fr\/blog\/wp-content\/uploads\/2020\/06\/cropped-LOGO-DICODUSPORT-2020-SANS-FOND-SANS-TEXTE.png","width":512,"height":512,"caption":"Dicodusport"},"image":{"@id":"https:\/\/dicodusport.fr\/blog\/#\/schema\/logo\/image\/"},"sameAs":["https:\/\/www.facebook.com\/dicodusport","https:\/\/x.com\/dicodusport","https:\/\/www.instagram.com\/dicodusport\/","https:\/\/www.youtube.com\/channel\/UC7V2KZ5sd3htJivAbA4ZG3w"],"description":"Dicodusport est l'encyclop\u00e9die de l'actualit\u00e9 sportive.","email":"bonjour@dicodusport.fr","legalName":"DICODUSPORT","foundingDate":"2018-01-14","vatID":"FR71834470973","taxID":"83447097300043","numberOfEmployees":{"@type":"QuantitativeValue","minValue":"1","maxValue":"10"}},{"@type":"Person","@id":"https:\/\/dicodusport.fr\/blog\/#\/schema\/person\/55dcb50ad410894e431ed812bbb70191","name":"Nicolas Jacquemard","image":{"@type":"ImageObject","inLanguage":"fr-FR","@id":"https:\/\/dicodusport.fr\/blog\/#\/schema\/person\/image\/","url":"https:\/\/dicodusport.fr\/blog\/wp-content\/uploads\/2021\/05\/Nicolas-Jacquemard-150x150.jpeg","contentUrl":"https:\/\/dicodusport.fr\/blog\/wp-content\/uploads\/2021\/05\/Nicolas-Jacquemard-150x150.jpeg","caption":"Nicolas Jacquemard"},"description":"Passionn\u00e9 de sport et entrepreneur depuis mes 18 ans, la cr\u00e9ation de Dicodusport m'a sembl\u00e9 \u00e9vidente pour participer \u00e0 la m\u00e9diatisation d'un plus grand nombre de sports. Le chemin est long mais avec une \u00e9quipe des plus motiv\u00e9es et les Jeux Olympiques de Paris 2024 en point de mire, nous y arriverons ! Journaliste dans le monde du sport depuis plus de 5 ans, je traite aussi bien de football, de rugby, de biathlon que de cyclisme.","sameAs":["https:\/\/www.facebook.com\/dicodusport","https:\/\/x.com\/https:\/\/twitter.com\/Nico_Jacquemard"],"url":"https:\/\/dicodusport.fr\/blog\/author\/dicodusport\/"}]}},"_links":{"self":[{"href":"https:\/\/dicodusport.fr\/blog\/wp-json\/wp\/v2\/posts\/359353","targetHints":{"allow":["GET"]}}],"collection":[{"href":"https:\/\/dicodusport.fr\/blog\/wp-json\/wp\/v2\/posts"}],"about":[{"href":"https:\/\/dicodusport.fr\/blog\/wp-json\/wp\/v2\/types\/post"}],"author":[{"embeddable":true,"href":"https:\/\/dicodusport.fr\/blog\/wp-json\/wp\/v2\/users\/1"}],"replies":[{"embeddable":true,"href":"https:\/\/dicodusport.fr\/blog\/wp-json\/wp\/v2\/comments?post=359353"}],"version-history":[{"count":0,"href":"https:\/\/dicodusport.fr\/blog\/wp-json\/wp\/v2\/posts\/359353\/revisions"}],"wp:featuredmedia":[{"embeddable":true,"href":"https:\/\/dicodusport.fr\/blog\/wp-json\/wp\/v2\/media\/359363"}],"wp:attachment":[{"href":"https:\/\/dicodusport.fr\/blog\/wp-json\/wp\/v2\/media?parent=359353"}],"wp:term":[{"taxonomy":"category","embeddable":true,"href":"https:\/\/dicodusport.fr\/blog\/wp-json\/wp\/v2\/categories?post=359353"},{"taxonomy":"post_tag","embeddable":true,"href":"https:\/\/dicodusport.fr\/blog\/wp-json\/wp\/v2\/tags?post=359353"}],"curies":[{"name":"wp","href":"https:\/\/api.w.org\/{rel}","templated":true}]}}