{"id":359432,"date":"2023-02-25T22:45:11","date_gmt":"2023-02-25T21:45:11","guid":{"rendered":"https:\/\/dicodusport.fr\/blog\/?p=359432&#038;preview=true&#038;preview_id=359432"},"modified":"2023-02-26T00:09:28","modified_gmt":"2023-02-25T23:09:28","slug":"all-star-perche-2023-record-du-monde-pour-armand-duplantis","status":"publish","type":"post","link":"https:\/\/dicodusport.fr\/blog\/all-star-perche-2023-record-du-monde-pour-armand-duplantis\/","title":{"rendered":"All Star Perche 2023 : Record du monde pour Armand Duplantis"},"content":{"rendered":"<p align=\"justify\"><em><strong>ALL STAR PERCHE 2023 &#8211; Armand Duplantis a am\u00e9lior\u00e9 son record du monde de la perche ce samedi soir, \u00e0 Clermont lors du <a href=\"https:\/\/dicodusport.fr\/blog\/all-star-perche-2023-a-quelle-heure-et-sur-quelle-chaine\/\">All Star Perche<\/a>. Avec une barre franchie \u00e0 6.22 m, il am\u00e9liore pour la sixi\u00e8me fois le record du monde.<\/strong><\/em><\/p>\n<p align=\"justify\">Et <em>Mondo<\/em> s&rsquo;envola vers les cieux ! Vers un saut \u00e0 6.22, vers son Graal, son sixi\u00e8me record du monde. Clermont a \u00e9t\u00e9 le t\u00e9moin privil\u00e9gi\u00e9 de cette nouvelle performance d&rsquo;exception. <strong>Armand Duplantis<\/strong> est un champion d&rsquo;exception. Au fil des sauts, il entre de plus en plus dans la l\u00e9gende ! Le Su\u00e9dois a donc \u00e9t\u00e9 chercher \u00e0 sa 3e tentative cette barre, port\u00e9 par un public de feu. Chez <strong>Renaud Lavillenie<\/strong>, l&rsquo;organisateur du meeting qui avait troqu\u00e9 sa tenue d&rsquo;athl\u00e8te contre un costard et une chemise rose.<\/p>\n<blockquote class=\"twitter-tweet\">\n<p dir=\"ltr\" lang=\"fr\">RECORD DU MONDE POUR ARMAND DUPLANTIS !!!!<\/p>\n<p>6.22 m IL EST EXCEPTIONNEL !!!! <a href=\"https:\/\/t.co\/DqW4Wx0Szt\">pic.twitter.com\/DqW4Wx0Szt<\/a><\/p>\n<p>\u2014 Etienne Goursaud (@EtienneGoursaud) <a href=\"https:\/\/twitter.com\/EtienneGoursaud\/status\/1629596123089321988?ref_src=twsrc%5Etfw\">February 25, 2023<\/a><\/p><\/blockquote>\n<p><script async src=\"https:\/\/platform.twitter.com\/widgets.js\" charset=\"utf-8\"><\/script><\/p>\n<p align=\"justify\">C&rsquo;est un extraterrestre. L\u00e0 o\u00f9 le commun des mortels fait la collection de timbres ou de f\u00e8ves, <strong>Armand Duplantis<\/strong> collectionne les sauts \u00e0 6 m\u00e8tres ou plus. Ce soir, au <strong>All Star Perche<\/strong> de Clermont, il porte son total \u00e0 60. Et l&rsquo;insolence avec laquelle il efface 6.01 m \u00e0 de quoi d\u00e9gouter les autres perchistes. Qui ont pourtant fait honneur \u00e0 ce magnifique rendez-vous. En premier lieu <strong>Menno Vloon<\/strong> et <strong>Kurtis Marschall,<\/strong> tous les deux ayant saut\u00e9 5.91 m. Des immenses barres mais qui vous font rel\u00e9guer au rang de faire-valoir du Su\u00e9dois. Et ce n&rsquo;est pas le record personnel battu par l&rsquo;Australien <strong>Kurtis Marschall<\/strong> qui fera penser le contraire.<\/p>\n<blockquote class=\"twitter-tweet\">\n<p dir=\"ltr\" lang=\"fr\">NOUVEAU RECORD DU MONDE POUR ARMAND DUPLANTIS !<\/p>\n<p>Le Su\u00e9dois a franchi une barre \u00e0 6m22 ! <a href=\"https:\/\/twitter.com\/hashtag\/lequipeATHLE?src=hash&amp;ref_src=twsrc%5Etfw\">#lequipeATHLE<\/a> <a href=\"https:\/\/t.co\/v2PkaH0OX5\">pic.twitter.com\/v2PkaH0OX5<\/a><\/p>\n<p>\u2014 la chaine L&rsquo;\u00c9quipe (@lachainelequipe) <a href=\"https:\/\/twitter.com\/lachainelequipe\/status\/1629596620034658304?ref_src=twsrc%5Etfw\">February 25, 2023<\/a><\/p><\/blockquote>\n<p><script async src=\"https:\/\/platform.twitter.com\/widgets.js\" charset=\"utf-8\"><\/script><\/p>\n<p style=\"text-align: justify;\"><strong>Thibaut Collet<\/strong> a particip\u00e9 \u00e0 cette l\u00e9gende. Le perchiste fran\u00e7ais prend la 4e place avec un record en salle \u00e9gal\u00e9 \u00e0 5.81 m. Il \u00e9tait si proche d&rsquo;effacer les 5.91 m sur sa troisi\u00e8me tentative. Il est en forme et cela pourrait le placer en client \u00e0 une m\u00e9daille aux championnats d&rsquo;Europe. D&rsquo;autant que Duplantis ne sera pas au rendez-vous d&rsquo;Istanbul. Satisfaction pour <strong>Valentin Lavillenie<\/strong> et <strong>Ethan Cormont<\/strong>, qui effacent 5.71 m<\/p>\n<h2 align=\"justify\">Margot Chevrier 2e du concours femmes<\/h2>\n<p align=\"justify\">Elle engrange petit \u00e0 petit. Les belles barres mais aussi les belles places. Une semaine apr\u00e8s son titre de championne de France avec 4.61 m, <strong>Margot Chevrier<\/strong> a remis le couvert. Et \u00e0 Clermont, elle a pu prendre une nouvelle fois la temp\u00e9rature. Et celle-ci est bonne, voire m\u00eame tr\u00e8s bonne. La Ni\u00e7oise termine sur le podium du <strong>All Star Perche<\/strong>, l&rsquo;une des plus belles comp\u00e9titions de perche de l&rsquo;hiver. Alors oui,<strong> Tina Sutej <\/strong>et\u00a0<strong>Alysha Newman<\/strong> s&rsquo;\u00e9taient donn\u00e9es rendez-vous \u00e0 Birmingham, plus t\u00f4t dans la journ\u00e9e. Mais une deuxi\u00e8me place sur ce type de comp\u00e9tition, c&rsquo;est toujours int\u00e9ressant, notamment en vue des championnats d&rsquo;Europe.<\/p>\n<p align=\"justify\">Pas de meilleure barre de la saison, mais une performance de 4.56 m qui lui a permis de confirmer sa barre r\u00e9alis\u00e9e non loin de l\u00e0. Insuffisant pour gagner, car<strong> Amalie Svabikova<\/strong> a franchi 4.66 m. La Tch\u00e8que \u00e9tait pourtant pass\u00e9e pas loin de la correctionnelle \u00e0 la barre inf\u00e9rieure. <strong>Angelica Moser<\/strong> prend la 3e place avec un bond \u00e0 4.56 m. Ce fut plus difficile pour les autres Fran\u00e7aises engag\u00e9es. <strong>Alix Dehaynain<\/strong>, <strong>Marie-Julie Bonnin<\/strong> et <strong>Ninon Chapelle<\/strong> doivent de contenter de 4,31 m ce soir.<\/p>\n<p align=\"justify\"><em>\u00ab C&rsquo;est une superbe soir\u00e9e. \u00c0 4.46 m, c&rsquo;est une habitude ici de passer au 3e essai. Ce sont des bons r\u00e9glages. J&rsquo;ai chang\u00e9 de perche et c&rsquo;est pass\u00e9. \u00c0 4.56 m, les r\u00e9glages sont bons, mais la perche est trop souple. Il a manqu\u00e9 des gros poissons ce soir, mais c&rsquo;\u00e9tait une belle r\u00e9p\u00e9tition et c&rsquo;\u00e9tait parfait pour un dernier concours avant les championnats d&rsquo;Europe \u00bb<\/em>, confie <strong>Margot Chevrier<\/strong> au micro de <em>La cha\u00eene L&rsquo;\u00c9quipe<\/em>.<\/p>\n","protected":false},"excerpt":{"rendered":"<p>ALL STAR PERCHE 2023 &#8211; Armand Duplantis a am\u00e9lior\u00e9 son record du monde de la perche ce samedi soir, \u00e0 Clermont lors du All Star Perche. Avec une barre franchie \u00e0 6.22 m. Il am\u00e9liore pour la sixi\u00e8me fois le record du monde.<\/p>\n","protected":false},"author":83,"featured_media":359456,"comment_status":"open","ping_status":"closed","sticky":false,"template":"","format":"standard","meta":{"_acf_changed":false,"_daextam_enable_autolinks":"","footnotes":""},"categories":[2308],"tags":[5220,7383,16878,1421,24],"class_list":["post-359432","post","type-post","status-publish","format-standard","has-post-thumbnail","hentry","category-athletisme","tag-armand-duplantis","tag-athletisme-indoor","tag-breve","tag-record-du-monde","tag-sport"],"acf":[],"yoast_head":"<!-- This site is optimized with the Yoast SEO Premium plugin v26.7 (Yoast SEO v26.7) - https:\/\/yoast.com\/wordpress\/plugins\/seo\/ -->\n<title>All Star Perche 2023 : Record du monde pour Armand Duplantis<\/title>\n<meta name=\"description\" content=\"ALL STAR PERCHE 2023 - Armand Duplantis a am\u00e9lior\u00e9 son record du monde de la perche ce samedi soir, \u00e0 Clermont lors du All Star Perche.\" \/>\n<meta name=\"robots\" content=\"index, follow, max-snippet:-1, max-image-preview:large, max-video-preview:-1\" \/>\n<link rel=\"canonical\" href=\"https:\/\/dicodusport.fr\/blog\/all-star-perche-2023-record-du-monde-pour-armand-duplantis\/\" \/>\n<meta property=\"og:locale\" content=\"fr_FR\" \/>\n<meta property=\"og:type\" content=\"article\" \/>\n<meta property=\"og:title\" content=\"All Star Perche 2023 : Record du monde pour Armand Duplantis\" \/>\n<meta property=\"og:description\" content=\"ALL STAR PERCHE 2023 - Armand Duplantis a am\u00e9lior\u00e9 son record du monde de la perche ce samedi soir, \u00e0 Clermont lors du All Star Perche.\" \/>\n<meta property=\"og:url\" content=\"https:\/\/dicodusport.fr\/blog\/all-star-perche-2023-record-du-monde-pour-armand-duplantis\/\" \/>\n<meta property=\"og:site_name\" content=\"Dicodusport\" \/>\n<meta property=\"article:publisher\" content=\"https:\/\/www.facebook.com\/dicodusport\" \/>\n<meta property=\"article:published_time\" content=\"2023-02-25T21:45:11+00:00\" \/>\n<meta property=\"article:modified_time\" content=\"2023-02-25T23:09:28+00:00\" \/>\n<meta property=\"og:image\" content=\"https:\/\/dicodusport.fr\/blog\/wp-content\/uploads\/2023\/02\/All-Star-perche-2023-Record-du-monde-pour-Armand-Duplantis.png\" \/>\n\t<meta property=\"og:image:width\" content=\"800\" \/>\n\t<meta property=\"og:image:height\" content=\"445\" \/>\n\t<meta property=\"og:image:type\" content=\"image\/png\" \/>\n<meta name=\"author\" content=\"Etienne Goursaud\" \/>\n<meta name=\"twitter:card\" content=\"summary_large_image\" \/>\n<meta name=\"twitter:title\" content=\"All Star Perche 2023 : Record du monde pour Armand Duplantis\" \/>\n<meta name=\"twitter:creator\" content=\"@dicodusport\" \/>\n<meta name=\"twitter:site\" content=\"@dicodusport\" \/>\n<script type=\"application\/ld+json\" class=\"yoast-schema-graph\">{\"@context\":\"https:\/\/schema.org\",\"@graph\":[{\"@type\":\"NewsArticle\",\"@id\":\"https:\/\/dicodusport.fr\/blog\/all-star-perche-2023-record-du-monde-pour-armand-duplantis\/#article\",\"isPartOf\":{\"@id\":\"https:\/\/dicodusport.fr\/blog\/all-star-perche-2023-record-du-monde-pour-armand-duplantis\/\"},\"author\":{\"name\":\"Etienne Goursaud\",\"@id\":\"https:\/\/dicodusport.fr\/blog\/#\/schema\/person\/d603dd7da31fb2b46c82b9835a77ec13\"},\"headline\":\"All Star Perche 2023 : Record du monde pour Armand Duplantis\",\"datePublished\":\"2023-02-25T21:45:11+00:00\",\"dateModified\":\"2023-02-25T23:09:28+00:00\",\"mainEntityOfPage\":{\"@id\":\"https:\/\/dicodusport.fr\/blog\/all-star-perche-2023-record-du-monde-pour-armand-duplantis\/\"},\"wordCount\":674,\"commentCount\":0,\"publisher\":{\"@id\":\"https:\/\/dicodusport.fr\/blog\/#organization\"},\"image\":{\"@id\":\"https:\/\/dicodusport.fr\/blog\/all-star-perche-2023-record-du-monde-pour-armand-duplantis\/#primaryimage\"},\"thumbnailUrl\":\"https:\/\/dicodusport.fr\/blog\/wp-content\/uploads\/2023\/02\/All-Star-perche-2023-Record-du-monde-pour-Armand-Duplantis.png\",\"keywords\":[\"Armand Duplantis\",\"athl\u00e9tisme indoor\",\"br\u00e8ve\",\"record du monde\",\"sport\"],\"articleSection\":[\"Athl\u00e9tisme\"],\"inLanguage\":\"fr-FR\",\"potentialAction\":[{\"@type\":\"CommentAction\",\"name\":\"Comment\",\"target\":[\"https:\/\/dicodusport.fr\/blog\/all-star-perche-2023-record-du-monde-pour-armand-duplantis\/#respond\"]}],\"copyrightYear\":\"2023\",\"copyrightHolder\":{\"@id\":\"https:\/\/dicodusport.fr\/blog\/#organization\"}},{\"@type\":\"WebPage\",\"@id\":\"https:\/\/dicodusport.fr\/blog\/all-star-perche-2023-record-du-monde-pour-armand-duplantis\/\",\"url\":\"https:\/\/dicodusport.fr\/blog\/all-star-perche-2023-record-du-monde-pour-armand-duplantis\/\",\"name\":\"All Star Perche 2023 : Record du monde pour Armand Duplantis\",\"isPartOf\":{\"@id\":\"https:\/\/dicodusport.fr\/blog\/#website\"},\"primaryImageOfPage\":{\"@id\":\"https:\/\/dicodusport.fr\/blog\/all-star-perche-2023-record-du-monde-pour-armand-duplantis\/#primaryimage\"},\"image\":{\"@id\":\"https:\/\/dicodusport.fr\/blog\/all-star-perche-2023-record-du-monde-pour-armand-duplantis\/#primaryimage\"},\"thumbnailUrl\":\"https:\/\/dicodusport.fr\/blog\/wp-content\/uploads\/2023\/02\/All-Star-perche-2023-Record-du-monde-pour-Armand-Duplantis.png\",\"datePublished\":\"2023-02-25T21:45:11+00:00\",\"dateModified\":\"2023-02-25T23:09:28+00:00\",\"description\":\"ALL STAR PERCHE 2023 - Armand Duplantis a am\u00e9lior\u00e9 son record du monde de la perche ce samedi soir, \u00e0 Clermont lors du All Star Perche.\",\"breadcrumb\":{\"@id\":\"https:\/\/dicodusport.fr\/blog\/all-star-perche-2023-record-du-monde-pour-armand-duplantis\/#breadcrumb\"},\"inLanguage\":\"fr-FR\",\"potentialAction\":[{\"@type\":\"ReadAction\",\"target\":[\"https:\/\/dicodusport.fr\/blog\/all-star-perche-2023-record-du-monde-pour-armand-duplantis\/\"]}]},{\"@type\":\"ImageObject\",\"inLanguage\":\"fr-FR\",\"@id\":\"https:\/\/dicodusport.fr\/blog\/all-star-perche-2023-record-du-monde-pour-armand-duplantis\/#primaryimage\",\"url\":\"https:\/\/dicodusport.fr\/blog\/wp-content\/uploads\/2023\/02\/All-Star-perche-2023-Record-du-monde-pour-Armand-Duplantis.png\",\"contentUrl\":\"https:\/\/dicodusport.fr\/blog\/wp-content\/uploads\/2023\/02\/All-Star-perche-2023-Record-du-monde-pour-Armand-Duplantis.png\",\"width\":800,\"height\":445,\"caption\":\"Photo Icon Sport\"},{\"@type\":\"BreadcrumbList\",\"@id\":\"https:\/\/dicodusport.fr\/blog\/all-star-perche-2023-record-du-monde-pour-armand-duplantis\/#breadcrumb\",\"itemListElement\":[{\"@type\":\"ListItem\",\"position\":1,\"name\":\"Accueil\",\"item\":\"https:\/\/dicodusport.fr\/blog\/\"},{\"@type\":\"ListItem\",\"position\":2,\"name\":\"All Star Perche 2023 : Record du monde pour Armand Duplantis\"}]},{\"@type\":\"WebSite\",\"@id\":\"https:\/\/dicodusport.fr\/blog\/#website\",\"url\":\"https:\/\/dicodusport.fr\/blog\/\",\"name\":\"Dicodusport\",\"description\":\"L&#039;encyclop\u00e9die de l&#039;actualit\u00e9 sportive\",\"publisher\":{\"@id\":\"https:\/\/dicodusport.fr\/blog\/#organization\"},\"potentialAction\":[{\"@type\":\"SearchAction\",\"target\":{\"@type\":\"EntryPoint\",\"urlTemplate\":\"https:\/\/dicodusport.fr\/blog\/?s={search_term_string}\"},\"query-input\":{\"@type\":\"PropertyValueSpecification\",\"valueRequired\":true,\"valueName\":\"search_term_string\"}}],\"inLanguage\":\"fr-FR\"},{\"@type\":\"NewsMediaOrganization\",\"@id\":\"https:\/\/dicodusport.fr\/blog\/#organization\",\"name\":\"Dicodusport\",\"url\":\"https:\/\/dicodusport.fr\/blog\/\",\"logo\":{\"@type\":\"ImageObject\",\"inLanguage\":\"fr-FR\",\"@id\":\"https:\/\/dicodusport.fr\/blog\/#\/schema\/logo\/image\/\",\"url\":\"https:\/\/dicodusport.fr\/blog\/wp-content\/uploads\/2020\/06\/cropped-LOGO-DICODUSPORT-2020-SANS-FOND-SANS-TEXTE.png\",\"contentUrl\":\"https:\/\/dicodusport.fr\/blog\/wp-content\/uploads\/2020\/06\/cropped-LOGO-DICODUSPORT-2020-SANS-FOND-SANS-TEXTE.png\",\"width\":512,\"height\":512,\"caption\":\"Dicodusport\"},\"image\":{\"@id\":\"https:\/\/dicodusport.fr\/blog\/#\/schema\/logo\/image\/\"},\"sameAs\":[\"https:\/\/www.facebook.com\/dicodusport\",\"https:\/\/x.com\/dicodusport\",\"https:\/\/www.instagram.com\/dicodusport\/\",\"https:\/\/www.youtube.com\/channel\/UC7V2KZ5sd3htJivAbA4ZG3w\"],\"description\":\"Dicodusport est l'encyclop\u00e9die de l'actualit\u00e9 sportive.\",\"email\":\"bonjour@dicodusport.fr\",\"legalName\":\"DICODUSPORT\",\"foundingDate\":\"2018-01-14\",\"vatID\":\"FR71834470973\",\"taxID\":\"83447097300043\",\"numberOfEmployees\":{\"@type\":\"QuantitativeValue\",\"minValue\":\"1\",\"maxValue\":\"10\"}},{\"@type\":\"Person\",\"@id\":\"https:\/\/dicodusport.fr\/blog\/#\/schema\/person\/d603dd7da31fb2b46c82b9835a77ec13\",\"name\":\"Etienne Goursaud\",\"image\":{\"@type\":\"ImageObject\",\"inLanguage\":\"fr-FR\",\"@id\":\"https:\/\/dicodusport.fr\/blog\/#\/schema\/person\/image\/\",\"url\":\"https:\/\/dicodusport.fr\/blog\/wp-content\/uploads\/2023\/12\/410122264_10231602061736049_5565839791558026645_n-150x150.jpg\",\"contentUrl\":\"https:\/\/dicodusport.fr\/blog\/wp-content\/uploads\/2023\/12\/410122264_10231602061736049_5565839791558026645_n-150x150.jpg\",\"caption\":\"Etienne Goursaud\"},\"description\":\"Journaliste et amoureux de sport. Ancien footballeur reconverti athl\u00e8te quand ses muscles le laissent tranquille. \u00c9lev\u00e9 \u00e0 la sauce des exploits de Thomas Voeckler en 2004, du dernier essai de l\u00e9gende de Eunice Barber \u00e0 la longueur lors des championnats du monde d'athl\u00e9tisme de 2003 mais aussi Zidane, Omeyer et Titou Lamaison.\",\"url\":\"https:\/\/dicodusport.fr\/blog\/author\/etienne-goursaud\/\"}]}<\/script>\n<!-- \/ Yoast SEO Premium plugin. -->","yoast_head_json":{"title":"All Star Perche 2023 : Record du monde pour Armand Duplantis","description":"ALL STAR PERCHE 2023 - Armand Duplantis a am\u00e9lior\u00e9 son record du monde de la perche ce samedi soir, \u00e0 Clermont lors du All Star Perche.","robots":{"index":"index","follow":"follow","max-snippet":"max-snippet:-1","max-image-preview":"max-image-preview:large","max-video-preview":"max-video-preview:-1"},"canonical":"https:\/\/dicodusport.fr\/blog\/all-star-perche-2023-record-du-monde-pour-armand-duplantis\/","og_locale":"fr_FR","og_type":"article","og_title":"All Star Perche 2023 : Record du monde pour Armand Duplantis","og_description":"ALL STAR PERCHE 2023 - Armand Duplantis a am\u00e9lior\u00e9 son record du monde de la perche ce samedi soir, \u00e0 Clermont lors du All Star Perche.","og_url":"https:\/\/dicodusport.fr\/blog\/all-star-perche-2023-record-du-monde-pour-armand-duplantis\/","og_site_name":"Dicodusport","article_publisher":"https:\/\/www.facebook.com\/dicodusport","article_published_time":"2023-02-25T21:45:11+00:00","article_modified_time":"2023-02-25T23:09:28+00:00","og_image":[{"width":800,"height":445,"url":"https:\/\/dicodusport.fr\/blog\/wp-content\/uploads\/2023\/02\/All-Star-perche-2023-Record-du-monde-pour-Armand-Duplantis.png","type":"image\/png"}],"author":"Etienne Goursaud","twitter_card":"summary_large_image","twitter_title":"All Star Perche 2023 : Record du monde pour Armand Duplantis","twitter_creator":"@dicodusport","twitter_site":"@dicodusport","schema":{"@context":"https:\/\/schema.org","@graph":[{"@type":"NewsArticle","@id":"https:\/\/dicodusport.fr\/blog\/all-star-perche-2023-record-du-monde-pour-armand-duplantis\/#article","isPartOf":{"@id":"https:\/\/dicodusport.fr\/blog\/all-star-perche-2023-record-du-monde-pour-armand-duplantis\/"},"author":{"name":"Etienne Goursaud","@id":"https:\/\/dicodusport.fr\/blog\/#\/schema\/person\/d603dd7da31fb2b46c82b9835a77ec13"},"headline":"All Star Perche 2023 : Record du monde pour Armand Duplantis","datePublished":"2023-02-25T21:45:11+00:00","dateModified":"2023-02-25T23:09:28+00:00","mainEntityOfPage":{"@id":"https:\/\/dicodusport.fr\/blog\/all-star-perche-2023-record-du-monde-pour-armand-duplantis\/"},"wordCount":674,"commentCount":0,"publisher":{"@id":"https:\/\/dicodusport.fr\/blog\/#organization"},"image":{"@id":"https:\/\/dicodusport.fr\/blog\/all-star-perche-2023-record-du-monde-pour-armand-duplantis\/#primaryimage"},"thumbnailUrl":"https:\/\/dicodusport.fr\/blog\/wp-content\/uploads\/2023\/02\/All-Star-perche-2023-Record-du-monde-pour-Armand-Duplantis.png","keywords":["Armand Duplantis","athl\u00e9tisme indoor","br\u00e8ve","record du monde","sport"],"articleSection":["Athl\u00e9tisme"],"inLanguage":"fr-FR","potentialAction":[{"@type":"CommentAction","name":"Comment","target":["https:\/\/dicodusport.fr\/blog\/all-star-perche-2023-record-du-monde-pour-armand-duplantis\/#respond"]}],"copyrightYear":"2023","copyrightHolder":{"@id":"https:\/\/dicodusport.fr\/blog\/#organization"}},{"@type":"WebPage","@id":"https:\/\/dicodusport.fr\/blog\/all-star-perche-2023-record-du-monde-pour-armand-duplantis\/","url":"https:\/\/dicodusport.fr\/blog\/all-star-perche-2023-record-du-monde-pour-armand-duplantis\/","name":"All Star Perche 2023 : Record du monde pour Armand Duplantis","isPartOf":{"@id":"https:\/\/dicodusport.fr\/blog\/#website"},"primaryImageOfPage":{"@id":"https:\/\/dicodusport.fr\/blog\/all-star-perche-2023-record-du-monde-pour-armand-duplantis\/#primaryimage"},"image":{"@id":"https:\/\/dicodusport.fr\/blog\/all-star-perche-2023-record-du-monde-pour-armand-duplantis\/#primaryimage"},"thumbnailUrl":"https:\/\/dicodusport.fr\/blog\/wp-content\/uploads\/2023\/02\/All-Star-perche-2023-Record-du-monde-pour-Armand-Duplantis.png","datePublished":"2023-02-25T21:45:11+00:00","dateModified":"2023-02-25T23:09:28+00:00","description":"ALL STAR PERCHE 2023 - Armand Duplantis a am\u00e9lior\u00e9 son record du monde de la perche ce samedi soir, \u00e0 Clermont lors du All Star Perche.","breadcrumb":{"@id":"https:\/\/dicodusport.fr\/blog\/all-star-perche-2023-record-du-monde-pour-armand-duplantis\/#breadcrumb"},"inLanguage":"fr-FR","potentialAction":[{"@type":"ReadAction","target":["https:\/\/dicodusport.fr\/blog\/all-star-perche-2023-record-du-monde-pour-armand-duplantis\/"]}]},{"@type":"ImageObject","inLanguage":"fr-FR","@id":"https:\/\/dicodusport.fr\/blog\/all-star-perche-2023-record-du-monde-pour-armand-duplantis\/#primaryimage","url":"https:\/\/dicodusport.fr\/blog\/wp-content\/uploads\/2023\/02\/All-Star-perche-2023-Record-du-monde-pour-Armand-Duplantis.png","contentUrl":"https:\/\/dicodusport.fr\/blog\/wp-content\/uploads\/2023\/02\/All-Star-perche-2023-Record-du-monde-pour-Armand-Duplantis.png","width":800,"height":445,"caption":"Photo Icon Sport"},{"@type":"BreadcrumbList","@id":"https:\/\/dicodusport.fr\/blog\/all-star-perche-2023-record-du-monde-pour-armand-duplantis\/#breadcrumb","itemListElement":[{"@type":"ListItem","position":1,"name":"Accueil","item":"https:\/\/dicodusport.fr\/blog\/"},{"@type":"ListItem","position":2,"name":"All Star Perche 2023 : Record du monde pour Armand Duplantis"}]},{"@type":"WebSite","@id":"https:\/\/dicodusport.fr\/blog\/#website","url":"https:\/\/dicodusport.fr\/blog\/","name":"Dicodusport","description":"L&#039;encyclop\u00e9die de l&#039;actualit\u00e9 sportive","publisher":{"@id":"https:\/\/dicodusport.fr\/blog\/#organization"},"potentialAction":[{"@type":"SearchAction","target":{"@type":"EntryPoint","urlTemplate":"https:\/\/dicodusport.fr\/blog\/?s={search_term_string}"},"query-input":{"@type":"PropertyValueSpecification","valueRequired":true,"valueName":"search_term_string"}}],"inLanguage":"fr-FR"},{"@type":"NewsMediaOrganization","@id":"https:\/\/dicodusport.fr\/blog\/#organization","name":"Dicodusport","url":"https:\/\/dicodusport.fr\/blog\/","logo":{"@type":"ImageObject","inLanguage":"fr-FR","@id":"https:\/\/dicodusport.fr\/blog\/#\/schema\/logo\/image\/","url":"https:\/\/dicodusport.fr\/blog\/wp-content\/uploads\/2020\/06\/cropped-LOGO-DICODUSPORT-2020-SANS-FOND-SANS-TEXTE.png","contentUrl":"https:\/\/dicodusport.fr\/blog\/wp-content\/uploads\/2020\/06\/cropped-LOGO-DICODUSPORT-2020-SANS-FOND-SANS-TEXTE.png","width":512,"height":512,"caption":"Dicodusport"},"image":{"@id":"https:\/\/dicodusport.fr\/blog\/#\/schema\/logo\/image\/"},"sameAs":["https:\/\/www.facebook.com\/dicodusport","https:\/\/x.com\/dicodusport","https:\/\/www.instagram.com\/dicodusport\/","https:\/\/www.youtube.com\/channel\/UC7V2KZ5sd3htJivAbA4ZG3w"],"description":"Dicodusport est l'encyclop\u00e9die de l'actualit\u00e9 sportive.","email":"bonjour@dicodusport.fr","legalName":"DICODUSPORT","foundingDate":"2018-01-14","vatID":"FR71834470973","taxID":"83447097300043","numberOfEmployees":{"@type":"QuantitativeValue","minValue":"1","maxValue":"10"}},{"@type":"Person","@id":"https:\/\/dicodusport.fr\/blog\/#\/schema\/person\/d603dd7da31fb2b46c82b9835a77ec13","name":"Etienne Goursaud","image":{"@type":"ImageObject","inLanguage":"fr-FR","@id":"https:\/\/dicodusport.fr\/blog\/#\/schema\/person\/image\/","url":"https:\/\/dicodusport.fr\/blog\/wp-content\/uploads\/2023\/12\/410122264_10231602061736049_5565839791558026645_n-150x150.jpg","contentUrl":"https:\/\/dicodusport.fr\/blog\/wp-content\/uploads\/2023\/12\/410122264_10231602061736049_5565839791558026645_n-150x150.jpg","caption":"Etienne Goursaud"},"description":"Journaliste et amoureux de sport. Ancien footballeur reconverti athl\u00e8te quand ses muscles le laissent tranquille. \u00c9lev\u00e9 \u00e0 la sauce des exploits de Thomas Voeckler en 2004, du dernier essai de l\u00e9gende de Eunice Barber \u00e0 la longueur lors des championnats du monde d'athl\u00e9tisme de 2003 mais aussi Zidane, Omeyer et Titou Lamaison.","url":"https:\/\/dicodusport.fr\/blog\/author\/etienne-goursaud\/"}]}},"_links":{"self":[{"href":"https:\/\/dicodusport.fr\/blog\/wp-json\/wp\/v2\/posts\/359432","targetHints":{"allow":["GET"]}}],"collection":[{"href":"https:\/\/dicodusport.fr\/blog\/wp-json\/wp\/v2\/posts"}],"about":[{"href":"https:\/\/dicodusport.fr\/blog\/wp-json\/wp\/v2\/types\/post"}],"author":[{"embeddable":true,"href":"https:\/\/dicodusport.fr\/blog\/wp-json\/wp\/v2\/users\/83"}],"replies":[{"embeddable":true,"href":"https:\/\/dicodusport.fr\/blog\/wp-json\/wp\/v2\/comments?post=359432"}],"version-history":[{"count":0,"href":"https:\/\/dicodusport.fr\/blog\/wp-json\/wp\/v2\/posts\/359432\/revisions"}],"wp:featuredmedia":[{"embeddable":true,"href":"https:\/\/dicodusport.fr\/blog\/wp-json\/wp\/v2\/media\/359456"}],"wp:attachment":[{"href":"https:\/\/dicodusport.fr\/blog\/wp-json\/wp\/v2\/media?parent=359432"}],"wp:term":[{"taxonomy":"category","embeddable":true,"href":"https:\/\/dicodusport.fr\/blog\/wp-json\/wp\/v2\/categories?post=359432"},{"taxonomy":"post_tag","embeddable":true,"href":"https:\/\/dicodusport.fr\/blog\/wp-json\/wp\/v2\/tags?post=359432"}],"curies":[{"name":"wp","href":"https:\/\/api.w.org\/{rel}","templated":true}]}}