{"id":359582,"date":"2023-02-26T18:51:42","date_gmt":"2023-02-26T17:51:42","guid":{"rendered":"https:\/\/dicodusport.fr\/blog\/?p=359582&#038;preview=true&#038;preview_id=359582"},"modified":"2023-08-23T12:27:32","modified_gmt":"2023-08-23T10:27:32","slug":"championnats-de-france-hivernaux-de-lancers-victoire-en-demi-teinte-pour-alexandra-tavernier","status":"publish","type":"post","link":"https:\/\/dicodusport.fr\/blog\/championnats-de-france-hivernaux-de-lancers-victoire-en-demi-teinte-pour-alexandra-tavernier\/","title":{"rendered":"Championnats de France hivernaux de lancers : Victoire en demi-teinte pour Alexandra Tavernier"},"content":{"rendered":"<p style=\"text-align: justify;\" align=\"justify\"><em><strong><a href=\"https:\/\/dicodusport.fr\/blog\/programme-et-resultats-championnats-de-france-hivernaux-des-lancers-2023\/\">CHAMPIONNATS DE FRANCE HIVERNAUX DE LANCERS<\/a> &#8211; Alexandra Tavernier a remport\u00e9 le marteau f\u00e9minin, mais peine \u00e0 retrouver son meilleur niveau, avec une performance sous les 70 m\u00e8tres. Alexie Ala\u00efs et Tom Reux ont \u00e9t\u00e9 battus.<\/strong><\/em><\/p>\n<h2 style=\"text-align: justify;\" align=\"justify\">Tavernier, un titre en demi-teinte<\/h2>\n<p style=\"text-align: justify;\">Elle n&rsquo;y arrive d\u00e9cid\u00e9ment pas ! <strong>Alexandra Tavernier<\/strong> (Annecy Haute-Savoie) est certes sacr\u00e9e championne de France du marteau. Sans surprise en l&rsquo;absence de <strong>Rose Loga<\/strong>. Mais la performance de la quatri\u00e8me des JO 2020 et recordwoman de France (75.38 m) reste bien en-de\u00e7\u00e0 de ses standards. Seulement 67.93 m dans un concours o\u00f9 elle a mordu tous ses autres jets. En panne de rep\u00e8res depuis la saison pass\u00e9e, Alexandra Tavernier ne va pas se rassurer ce dimanche, du c\u00f4t\u00e9 de Salon-de-Provence !<\/p>\n<p style=\"text-align: justify;\">Un beau titre malgr\u00e9 tout, mais sans dominer totalement sa discipline ! <strong>Xena Ngomateke<\/strong> (Entente Franconville) prend la deuxi\u00e8me place avec un jet \u00e0 65.84 m. Elle n&rsquo;est pas si loin ! <strong>Lorelei Taillandier<\/strong> (Yonne AC) est 3e avec ses 59.31 m. On aurait bien aim\u00e9 voir une confrontation avec Rose Loga, qui a lanc\u00e9 \u00e0 plus de 69 m\u00e8tres cet hiver !<\/p>\n<blockquote class=\"twitter-tweet\">\n<p dir=\"ltr\" lang=\"fr\">Encore un titre pour Alexandra Tavernier \ud83e\udd47<\/p>\n<p>L\u2019athl\u00e8te d\u2019AHSA remporte le concours du marteau, son quatorzi\u00e8me titre national (hiver + \u00e9t\u00e9). Place \u00e0 la Coupe d\u2019Europe de Lancers les 11 et 12 mars, \u00e0 Leiria \ud83c\uddf5\ud83c\uddf9 <a href=\"https:\/\/t.co\/Su4niS5rN1\">pic.twitter.com\/Su4niS5rN1<\/a><\/p>\n<p>\u2014 Annecy Haute-Savoie Athletisme (@AhsaAthle) <a href=\"https:\/\/twitter.com\/AhsaAthle\/status\/1629852916688232456?ref_src=twsrc%5Etfw\">February 26, 2023<\/a><\/p><\/blockquote>\n<p><script async src=\"https:\/\/platform.twitter.com\/widgets.js\" charset=\"utf-8\"><\/script><\/p>\n<h2 style=\"text-align: justify;\">Tom Reux s\u00e8chement battu<\/h2>\n<p style=\"text-align: justify;\">C&rsquo;est une des grosses surprises de ce dimanche. <strong>Tom Reux<\/strong> (ACB 35) a \u00e9t\u00e9 s\u00e8chement battu lors du concours du disque. Celui qui se pr\u00e9sentait avec la meilleure performance fran\u00e7aise de l&rsquo;ann\u00e9e avec 61.18, n&rsquo;a jamais trouv\u00e9 les r\u00e9glages. Il doit se contenter de la troisi\u00e8me place avec un jet \u00e0 seulement 50.23 m. Du coup c&rsquo;est <strong>Jordan Guehaseim<\/strong> (Sco Sainte-Marguerite Marseille) qui remporte le gros lot. Un titre pas usurp\u00e9 puisqu&rsquo;il a lanc\u00e9 \u00e0 59.51 m, synonyme de record personnel. Celui qui est n\u00e9 en 1997 a am\u00e9lior\u00e9 son record de pr\u00e8s de trois m\u00e8tres par rapport \u00e0 2022 et se rapproche des 60 m. Le podium est compl\u00e9t\u00e9 par <strong>William Cadenat<\/strong> (US Robert) qui bat \u00e9galement son record (55.82 m).<\/p>\n<h2 style=\"text-align: justify;\">Aliz\u00e9e Minard domine Alexie Ala\u00efs<\/h2>\n<p style=\"text-align: justify;\">Pas de grande envol\u00e9e sur le javelot f\u00e9minin cet apr\u00e8s-midi. Mais une tendance. Celle qu&rsquo;<strong>Alexie Ala\u00efs<\/strong> (CA Montreuil 93) n&rsquo;est d\u00e9finitivement plus la leader fran\u00e7aise de la discipline. C&rsquo;est Aliz\u00e9e Minard (CA Balma) qui a pris le pouvoir. En remportant le titre avec un jet \u00e0 53,80 m, l&rsquo;internationale fran\u00e7aise signe son meilleur jet de la saison. Alexis Ala\u00efs a d\u00fb se contenter d&rsquo;un jet \u00e0 50.04 m et montre qu&rsquo;elle n&rsquo;arrive pas \u00e0 retrouver ses sensations, deux ans et demi apr\u00e8s sa rupture des ligaments crois\u00e9s. On peut s&rsquo;inqui\u00e9ter quant \u00e0 son aptitude \u00e0 revenir un jour \u00e0 son meilleur niveau et d\u00e9passer les 60 m comme elle le faisait par le pass\u00e9. Le podium est compl\u00e9t\u00e9 par<strong> Margaux Nicollin <\/strong>(EAG 38)\u00a0(48.09 m).<\/p>\n<h2 style=\"text-align: justify;\">En Bref<\/h2>\n<p style=\"text-align: justify;\" align=\"justify\"><strong>Marie-Jos\u00e9e Bovel\u00e9-Linaka<\/strong> (Nice Cote d&rsquo;Azur Athl\u00e9tisme) a largement domin\u00e9 le concours du disque juniors. L&rsquo;internationale et finaliste des championnats du monde juniors, l&rsquo;\u00e9t\u00e9 dernier, a \u00e9tabli un nouveau record des championnats, avec un jet \u00e0 52.21 m, r\u00e9alis\u00e9 \u00e0 sa troisi\u00e8me tentative. Elle d\u00e9poss\u00e8de ainsi Ana\u00efs Marcadet, qui d\u00e9tenait ce record depuis 2010. Elle s&rsquo;impose devant <strong>Princesse Hyman<\/strong> (Athl\u00e9tic Cluc de Sainte Anne) qui a r\u00e9alis\u00e9 un lancer \u00e0 44.82 m. Le podium est compl\u00e9t\u00e9 par <strong>Manon Gaucher<\/strong> (AS Aix-les-Bains) et un record port\u00e9 \u00e0 44.57 m.<\/p>\n<blockquote class=\"twitter-tweet\">\n<p dir=\"ltr\" lang=\"fr\">\ud83d\udc4d Record des championnats de France U20 !<\/p>\n<p>\ud83e\udd47 Marie-Jos\u00e9e Bovele-Linaka (Nice C\u00f4te d&rsquo;Azur Athl\u00e9tisme) s&rsquo;est impos\u00e9e avec 52,21 m au disque \u00e0 Salon-de-Provence !<\/p>\n<p>\ud83d\udcbb Suivez les <a href=\"https:\/\/twitter.com\/hashtag\/CFAthl%C3%A9?src=hash&amp;ref_src=twsrc%5Etfw\">#CFAthl\u00e9<\/a> en DIRECT sur <a href=\"https:\/\/t.co\/63xdTVLhtA\">https:\/\/t.co\/63xdTVLhtA<\/a>. <a href=\"https:\/\/t.co\/0GcBkwUl05\">pic.twitter.com\/0GcBkwUl05<\/a><\/p>\n<p>\u2014 FFAthl\u00e9tisme (@FFAthletisme) <a href=\"https:\/\/twitter.com\/FFAthletisme\/status\/1629873018141917187?ref_src=twsrc%5Etfw\">February 26, 2023<\/a><\/p><\/blockquote>\n<p><script async src=\"https:\/\/platform.twitter.com\/widgets.js\" charset=\"utf-8\"><\/script><\/p>\n<p style=\"text-align: justify;\" align=\"justify\"><strong>Anthony Bettolo<\/strong> (AC 92), a gagn\u00e9 le titre au lancer de marteau, chez les juniors, avec un lancer \u00e0 67.82 m, record personnel.<strong> Lesly-Telesia Filituulaga<\/strong> (Nice Cote d&rsquo;Azur Athl\u00e9tisme) s&rsquo;impose au poids espoirs, avec un jet \u00e0 14.11 m. Le concours de javelot cadets est enlev\u00e9 par <strong>Baptiste Duthilleul<\/strong> (US Thann Athletisme) avec 60.06 m. Rosalie Brossard s&rsquo;impose au disque cadettes avec un record port\u00e9 \u00e0 39.06 m. <strong>Antoine Pottier<\/strong> (AO Charenton) gagne le poids cadets avec 15.84 m. <strong>Nathan Proust<\/strong> (Stade Niortais) le javelot juniors avec 65.99 m. <strong>Nathan Royer Pirono<\/strong> (Athl\u00e9tisme Metz M\u00e9tropole) s&rsquo;adjuge le marteau cadets, avec 64.85 m.<\/p>\n<p style=\"text-align: justify;\" align=\"justify\"><strong>Julia Mathieu<\/strong> (ESC Tergnier) remporte le poids juniors avec 13.10 m. <strong>Lenny Brisseault<\/strong> (Nice Cote d&rsquo;Azur Athl\u00e9tisme) domine le javelot espoir, avec 64.90 m. Le disque espoir f\u00e9minin a \u00e9t\u00e9 remport\u00e9 par <strong>Audrey Couchot<\/strong> (AS Tourlaville) avec 48.22 m. <strong>Wilfried Huet<\/strong> (Amiens UC) gagne le marteau espoirs avec 63.60 m.<\/p>\n","protected":false},"excerpt":{"rendered":"<p>CHAMPIONNATS DE FRANCE HIVERNAUX DE LANCERS &#8211; Alexandra Tavernier a remport\u00e9 le marteau f\u00e9minin, mais peine \u00e0 retrouver son meilleur niveau, avec une performance sous les 70 m\u00e8tres. Alexie Ala\u00efs et Tom Reux ont \u00e9t\u00e9 battus.<\/p>\n","protected":false},"author":83,"featured_media":359813,"comment_status":"open","ping_status":"closed","sticky":false,"template":"","format":"standard","meta":{"_acf_changed":false,"_daextam_enable_autolinks":"","footnotes":""},"categories":[2308],"tags":[5740,143,16878],"class_list":["post-359582","post","type-post","status-publish","format-standard","has-post-thumbnail","hentry","category-athletisme","tag-alexandra-tavernier","tag-athletisme","tag-breve"],"acf":[],"yoast_head":"<!-- This site is optimized with the Yoast SEO Premium plugin v26.7 (Yoast SEO v26.7) - https:\/\/yoast.com\/wordpress\/plugins\/seo\/ -->\n<title>Championnats de France hivernaux de lancers : Victoire en demi-teinte pour Alexandra Tavernier<\/title>\n<meta name=\"description\" content=\"Alexandra Tavernier a remport\u00e9 le marteau f\u00e9minin, mais peine \u00e0 retrouver son meilleur niveau, encore sous les 70 m\u00e8tres.\" \/>\n<meta name=\"robots\" content=\"index, follow, max-snippet:-1, max-image-preview:large, max-video-preview:-1\" \/>\n<link rel=\"canonical\" href=\"https:\/\/dicodusport.fr\/blog\/championnats-de-france-hivernaux-de-lancers-victoire-en-demi-teinte-pour-alexandra-tavernier\/\" \/>\n<meta property=\"og:locale\" content=\"fr_FR\" \/>\n<meta property=\"og:type\" content=\"article\" \/>\n<meta property=\"og:title\" content=\"Championnats de France hivernaux de lancers : Victoire en demi-teinte pour Alexandra Tavernier\" \/>\n<meta property=\"og:description\" content=\"Alexandra Tavernier a remport\u00e9 le marteau f\u00e9minin, mais peine \u00e0 retrouver son meilleur niveau, encore sous les 70 m\u00e8tres.\" \/>\n<meta property=\"og:url\" content=\"https:\/\/dicodusport.fr\/blog\/championnats-de-france-hivernaux-de-lancers-victoire-en-demi-teinte-pour-alexandra-tavernier\/\" \/>\n<meta property=\"og:site_name\" content=\"Dicodusport\" \/>\n<meta property=\"article:publisher\" content=\"https:\/\/www.facebook.com\/dicodusport\" \/>\n<meta property=\"article:published_time\" content=\"2023-02-26T17:51:42+00:00\" \/>\n<meta property=\"article:modified_time\" content=\"2023-08-23T10:27:32+00:00\" \/>\n<meta property=\"og:image\" content=\"https:\/\/dicodusport.fr\/blog\/wp-content\/uploads\/2023\/02\/Championnats-de-France-hivernaux-de-lancers-Alexandra-Tavernier-en-demi-teinte.png\" \/>\n\t<meta property=\"og:image:width\" content=\"800\" \/>\n\t<meta property=\"og:image:height\" content=\"445\" \/>\n\t<meta property=\"og:image:type\" content=\"image\/png\" \/>\n<meta name=\"author\" content=\"Etienne Goursaud\" \/>\n<meta name=\"twitter:card\" content=\"summary_large_image\" \/>\n<meta name=\"twitter:title\" content=\"Championnats de France hivernaux de lancers : Victoire en demi-teinte pour Alexandra Tavernier\" \/>\n<meta name=\"twitter:creator\" content=\"@dicodusport\" \/>\n<meta name=\"twitter:site\" content=\"@dicodusport\" \/>\n<script type=\"application\/ld+json\" class=\"yoast-schema-graph\">{\"@context\":\"https:\/\/schema.org\",\"@graph\":[{\"@type\":\"NewsArticle\",\"@id\":\"https:\/\/dicodusport.fr\/blog\/championnats-de-france-hivernaux-de-lancers-victoire-en-demi-teinte-pour-alexandra-tavernier\/#article\",\"isPartOf\":{\"@id\":\"https:\/\/dicodusport.fr\/blog\/championnats-de-france-hivernaux-de-lancers-victoire-en-demi-teinte-pour-alexandra-tavernier\/\"},\"author\":{\"name\":\"Etienne Goursaud\",\"@id\":\"https:\/\/dicodusport.fr\/blog\/#\/schema\/person\/d603dd7da31fb2b46c82b9835a77ec13\"},\"headline\":\"Championnats de France hivernaux de lancers : Victoire en demi-teinte pour Alexandra Tavernier\",\"datePublished\":\"2023-02-26T17:51:42+00:00\",\"dateModified\":\"2023-08-23T10:27:32+00:00\",\"mainEntityOfPage\":{\"@id\":\"https:\/\/dicodusport.fr\/blog\/championnats-de-france-hivernaux-de-lancers-victoire-en-demi-teinte-pour-alexandra-tavernier\/\"},\"wordCount\":803,\"commentCount\":0,\"publisher\":{\"@id\":\"https:\/\/dicodusport.fr\/blog\/#organization\"},\"image\":{\"@id\":\"https:\/\/dicodusport.fr\/blog\/championnats-de-france-hivernaux-de-lancers-victoire-en-demi-teinte-pour-alexandra-tavernier\/#primaryimage\"},\"thumbnailUrl\":\"https:\/\/dicodusport.fr\/blog\/wp-content\/uploads\/2023\/02\/Championnats-de-France-hivernaux-de-lancers-Alexandra-Tavernier-en-demi-teinte.png\",\"keywords\":[\"Alexandra Tavernier\",\"Athl\u00e9tisme\",\"br\u00e8ve\"],\"articleSection\":[\"Athl\u00e9tisme\"],\"inLanguage\":\"fr-FR\",\"potentialAction\":[{\"@type\":\"CommentAction\",\"name\":\"Comment\",\"target\":[\"https:\/\/dicodusport.fr\/blog\/championnats-de-france-hivernaux-de-lancers-victoire-en-demi-teinte-pour-alexandra-tavernier\/#respond\"]}],\"copyrightYear\":\"2023\",\"copyrightHolder\":{\"@id\":\"https:\/\/dicodusport.fr\/blog\/#organization\"}},{\"@type\":\"WebPage\",\"@id\":\"https:\/\/dicodusport.fr\/blog\/championnats-de-france-hivernaux-de-lancers-victoire-en-demi-teinte-pour-alexandra-tavernier\/\",\"url\":\"https:\/\/dicodusport.fr\/blog\/championnats-de-france-hivernaux-de-lancers-victoire-en-demi-teinte-pour-alexandra-tavernier\/\",\"name\":\"Championnats de France hivernaux de lancers : Victoire en demi-teinte pour Alexandra Tavernier\",\"isPartOf\":{\"@id\":\"https:\/\/dicodusport.fr\/blog\/#website\"},\"primaryImageOfPage\":{\"@id\":\"https:\/\/dicodusport.fr\/blog\/championnats-de-france-hivernaux-de-lancers-victoire-en-demi-teinte-pour-alexandra-tavernier\/#primaryimage\"},\"image\":{\"@id\":\"https:\/\/dicodusport.fr\/blog\/championnats-de-france-hivernaux-de-lancers-victoire-en-demi-teinte-pour-alexandra-tavernier\/#primaryimage\"},\"thumbnailUrl\":\"https:\/\/dicodusport.fr\/blog\/wp-content\/uploads\/2023\/02\/Championnats-de-France-hivernaux-de-lancers-Alexandra-Tavernier-en-demi-teinte.png\",\"datePublished\":\"2023-02-26T17:51:42+00:00\",\"dateModified\":\"2023-08-23T10:27:32+00:00\",\"description\":\"Alexandra Tavernier a remport\u00e9 le marteau f\u00e9minin, mais peine \u00e0 retrouver son meilleur niveau, encore sous les 70 m\u00e8tres.\",\"breadcrumb\":{\"@id\":\"https:\/\/dicodusport.fr\/blog\/championnats-de-france-hivernaux-de-lancers-victoire-en-demi-teinte-pour-alexandra-tavernier\/#breadcrumb\"},\"inLanguage\":\"fr-FR\",\"potentialAction\":[{\"@type\":\"ReadAction\",\"target\":[\"https:\/\/dicodusport.fr\/blog\/championnats-de-france-hivernaux-de-lancers-victoire-en-demi-teinte-pour-alexandra-tavernier\/\"]}]},{\"@type\":\"ImageObject\",\"inLanguage\":\"fr-FR\",\"@id\":\"https:\/\/dicodusport.fr\/blog\/championnats-de-france-hivernaux-de-lancers-victoire-en-demi-teinte-pour-alexandra-tavernier\/#primaryimage\",\"url\":\"https:\/\/dicodusport.fr\/blog\/wp-content\/uploads\/2023\/02\/Championnats-de-France-hivernaux-de-lancers-Alexandra-Tavernier-en-demi-teinte.png\",\"contentUrl\":\"https:\/\/dicodusport.fr\/blog\/wp-content\/uploads\/2023\/02\/Championnats-de-France-hivernaux-de-lancers-Alexandra-Tavernier-en-demi-teinte.png\",\"width\":800,\"height\":445,\"caption\":\"photo Icon Sport\"},{\"@type\":\"BreadcrumbList\",\"@id\":\"https:\/\/dicodusport.fr\/blog\/championnats-de-france-hivernaux-de-lancers-victoire-en-demi-teinte-pour-alexandra-tavernier\/#breadcrumb\",\"itemListElement\":[{\"@type\":\"ListItem\",\"position\":1,\"name\":\"Accueil\",\"item\":\"https:\/\/dicodusport.fr\/blog\/\"},{\"@type\":\"ListItem\",\"position\":2,\"name\":\"Championnats de France hivernaux de lancers : Victoire en demi-teinte pour Alexandra Tavernier\"}]},{\"@type\":\"WebSite\",\"@id\":\"https:\/\/dicodusport.fr\/blog\/#website\",\"url\":\"https:\/\/dicodusport.fr\/blog\/\",\"name\":\"Dicodusport\",\"description\":\"L&#039;encyclop\u00e9die de l&#039;actualit\u00e9 sportive\",\"publisher\":{\"@id\":\"https:\/\/dicodusport.fr\/blog\/#organization\"},\"potentialAction\":[{\"@type\":\"SearchAction\",\"target\":{\"@type\":\"EntryPoint\",\"urlTemplate\":\"https:\/\/dicodusport.fr\/blog\/?s={search_term_string}\"},\"query-input\":{\"@type\":\"PropertyValueSpecification\",\"valueRequired\":true,\"valueName\":\"search_term_string\"}}],\"inLanguage\":\"fr-FR\"},{\"@type\":\"NewsMediaOrganization\",\"@id\":\"https:\/\/dicodusport.fr\/blog\/#organization\",\"name\":\"Dicodusport\",\"url\":\"https:\/\/dicodusport.fr\/blog\/\",\"logo\":{\"@type\":\"ImageObject\",\"inLanguage\":\"fr-FR\",\"@id\":\"https:\/\/dicodusport.fr\/blog\/#\/schema\/logo\/image\/\",\"url\":\"https:\/\/dicodusport.fr\/blog\/wp-content\/uploads\/2020\/06\/cropped-LOGO-DICODUSPORT-2020-SANS-FOND-SANS-TEXTE.png\",\"contentUrl\":\"https:\/\/dicodusport.fr\/blog\/wp-content\/uploads\/2020\/06\/cropped-LOGO-DICODUSPORT-2020-SANS-FOND-SANS-TEXTE.png\",\"width\":512,\"height\":512,\"caption\":\"Dicodusport\"},\"image\":{\"@id\":\"https:\/\/dicodusport.fr\/blog\/#\/schema\/logo\/image\/\"},\"sameAs\":[\"https:\/\/www.facebook.com\/dicodusport\",\"https:\/\/x.com\/dicodusport\",\"https:\/\/www.instagram.com\/dicodusport\/\",\"https:\/\/www.youtube.com\/channel\/UC7V2KZ5sd3htJivAbA4ZG3w\"],\"description\":\"Dicodusport est l'encyclop\u00e9die de l'actualit\u00e9 sportive.\",\"email\":\"bonjour@dicodusport.fr\",\"legalName\":\"DICODUSPORT\",\"foundingDate\":\"2018-01-14\",\"vatID\":\"FR71834470973\",\"taxID\":\"83447097300043\",\"numberOfEmployees\":{\"@type\":\"QuantitativeValue\",\"minValue\":\"1\",\"maxValue\":\"10\"}},{\"@type\":\"Person\",\"@id\":\"https:\/\/dicodusport.fr\/blog\/#\/schema\/person\/d603dd7da31fb2b46c82b9835a77ec13\",\"name\":\"Etienne Goursaud\",\"image\":{\"@type\":\"ImageObject\",\"inLanguage\":\"fr-FR\",\"@id\":\"https:\/\/dicodusport.fr\/blog\/#\/schema\/person\/image\/\",\"url\":\"https:\/\/dicodusport.fr\/blog\/wp-content\/uploads\/2023\/12\/410122264_10231602061736049_5565839791558026645_n-150x150.jpg\",\"contentUrl\":\"https:\/\/dicodusport.fr\/blog\/wp-content\/uploads\/2023\/12\/410122264_10231602061736049_5565839791558026645_n-150x150.jpg\",\"caption\":\"Etienne Goursaud\"},\"description\":\"Journaliste et amoureux de sport. Ancien footballeur reconverti athl\u00e8te quand ses muscles le laissent tranquille. \u00c9lev\u00e9 \u00e0 la sauce des exploits de Thomas Voeckler en 2004, du dernier essai de l\u00e9gende de Eunice Barber \u00e0 la longueur lors des championnats du monde d'athl\u00e9tisme de 2003 mais aussi Zidane, Omeyer et Titou Lamaison.\",\"url\":\"https:\/\/dicodusport.fr\/blog\/author\/etienne-goursaud\/\"}]}<\/script>\n<!-- \/ Yoast SEO Premium plugin. -->","yoast_head_json":{"title":"Championnats de France hivernaux de lancers : Victoire en demi-teinte pour Alexandra Tavernier","description":"Alexandra Tavernier a remport\u00e9 le marteau f\u00e9minin, mais peine \u00e0 retrouver son meilleur niveau, encore sous les 70 m\u00e8tres.","robots":{"index":"index","follow":"follow","max-snippet":"max-snippet:-1","max-image-preview":"max-image-preview:large","max-video-preview":"max-video-preview:-1"},"canonical":"https:\/\/dicodusport.fr\/blog\/championnats-de-france-hivernaux-de-lancers-victoire-en-demi-teinte-pour-alexandra-tavernier\/","og_locale":"fr_FR","og_type":"article","og_title":"Championnats de France hivernaux de lancers : Victoire en demi-teinte pour Alexandra Tavernier","og_description":"Alexandra Tavernier a remport\u00e9 le marteau f\u00e9minin, mais peine \u00e0 retrouver son meilleur niveau, encore sous les 70 m\u00e8tres.","og_url":"https:\/\/dicodusport.fr\/blog\/championnats-de-france-hivernaux-de-lancers-victoire-en-demi-teinte-pour-alexandra-tavernier\/","og_site_name":"Dicodusport","article_publisher":"https:\/\/www.facebook.com\/dicodusport","article_published_time":"2023-02-26T17:51:42+00:00","article_modified_time":"2023-08-23T10:27:32+00:00","og_image":[{"width":800,"height":445,"url":"https:\/\/dicodusport.fr\/blog\/wp-content\/uploads\/2023\/02\/Championnats-de-France-hivernaux-de-lancers-Alexandra-Tavernier-en-demi-teinte.png","type":"image\/png"}],"author":"Etienne Goursaud","twitter_card":"summary_large_image","twitter_title":"Championnats de France hivernaux de lancers : Victoire en demi-teinte pour Alexandra Tavernier","twitter_creator":"@dicodusport","twitter_site":"@dicodusport","schema":{"@context":"https:\/\/schema.org","@graph":[{"@type":"NewsArticle","@id":"https:\/\/dicodusport.fr\/blog\/championnats-de-france-hivernaux-de-lancers-victoire-en-demi-teinte-pour-alexandra-tavernier\/#article","isPartOf":{"@id":"https:\/\/dicodusport.fr\/blog\/championnats-de-france-hivernaux-de-lancers-victoire-en-demi-teinte-pour-alexandra-tavernier\/"},"author":{"name":"Etienne Goursaud","@id":"https:\/\/dicodusport.fr\/blog\/#\/schema\/person\/d603dd7da31fb2b46c82b9835a77ec13"},"headline":"Championnats de France hivernaux de lancers : Victoire en demi-teinte pour Alexandra Tavernier","datePublished":"2023-02-26T17:51:42+00:00","dateModified":"2023-08-23T10:27:32+00:00","mainEntityOfPage":{"@id":"https:\/\/dicodusport.fr\/blog\/championnats-de-france-hivernaux-de-lancers-victoire-en-demi-teinte-pour-alexandra-tavernier\/"},"wordCount":803,"commentCount":0,"publisher":{"@id":"https:\/\/dicodusport.fr\/blog\/#organization"},"image":{"@id":"https:\/\/dicodusport.fr\/blog\/championnats-de-france-hivernaux-de-lancers-victoire-en-demi-teinte-pour-alexandra-tavernier\/#primaryimage"},"thumbnailUrl":"https:\/\/dicodusport.fr\/blog\/wp-content\/uploads\/2023\/02\/Championnats-de-France-hivernaux-de-lancers-Alexandra-Tavernier-en-demi-teinte.png","keywords":["Alexandra Tavernier","Athl\u00e9tisme","br\u00e8ve"],"articleSection":["Athl\u00e9tisme"],"inLanguage":"fr-FR","potentialAction":[{"@type":"CommentAction","name":"Comment","target":["https:\/\/dicodusport.fr\/blog\/championnats-de-france-hivernaux-de-lancers-victoire-en-demi-teinte-pour-alexandra-tavernier\/#respond"]}],"copyrightYear":"2023","copyrightHolder":{"@id":"https:\/\/dicodusport.fr\/blog\/#organization"}},{"@type":"WebPage","@id":"https:\/\/dicodusport.fr\/blog\/championnats-de-france-hivernaux-de-lancers-victoire-en-demi-teinte-pour-alexandra-tavernier\/","url":"https:\/\/dicodusport.fr\/blog\/championnats-de-france-hivernaux-de-lancers-victoire-en-demi-teinte-pour-alexandra-tavernier\/","name":"Championnats de France hivernaux de lancers : Victoire en demi-teinte pour Alexandra Tavernier","isPartOf":{"@id":"https:\/\/dicodusport.fr\/blog\/#website"},"primaryImageOfPage":{"@id":"https:\/\/dicodusport.fr\/blog\/championnats-de-france-hivernaux-de-lancers-victoire-en-demi-teinte-pour-alexandra-tavernier\/#primaryimage"},"image":{"@id":"https:\/\/dicodusport.fr\/blog\/championnats-de-france-hivernaux-de-lancers-victoire-en-demi-teinte-pour-alexandra-tavernier\/#primaryimage"},"thumbnailUrl":"https:\/\/dicodusport.fr\/blog\/wp-content\/uploads\/2023\/02\/Championnats-de-France-hivernaux-de-lancers-Alexandra-Tavernier-en-demi-teinte.png","datePublished":"2023-02-26T17:51:42+00:00","dateModified":"2023-08-23T10:27:32+00:00","description":"Alexandra Tavernier a remport\u00e9 le marteau f\u00e9minin, mais peine \u00e0 retrouver son meilleur niveau, encore sous les 70 m\u00e8tres.","breadcrumb":{"@id":"https:\/\/dicodusport.fr\/blog\/championnats-de-france-hivernaux-de-lancers-victoire-en-demi-teinte-pour-alexandra-tavernier\/#breadcrumb"},"inLanguage":"fr-FR","potentialAction":[{"@type":"ReadAction","target":["https:\/\/dicodusport.fr\/blog\/championnats-de-france-hivernaux-de-lancers-victoire-en-demi-teinte-pour-alexandra-tavernier\/"]}]},{"@type":"ImageObject","inLanguage":"fr-FR","@id":"https:\/\/dicodusport.fr\/blog\/championnats-de-france-hivernaux-de-lancers-victoire-en-demi-teinte-pour-alexandra-tavernier\/#primaryimage","url":"https:\/\/dicodusport.fr\/blog\/wp-content\/uploads\/2023\/02\/Championnats-de-France-hivernaux-de-lancers-Alexandra-Tavernier-en-demi-teinte.png","contentUrl":"https:\/\/dicodusport.fr\/blog\/wp-content\/uploads\/2023\/02\/Championnats-de-France-hivernaux-de-lancers-Alexandra-Tavernier-en-demi-teinte.png","width":800,"height":445,"caption":"photo Icon Sport"},{"@type":"BreadcrumbList","@id":"https:\/\/dicodusport.fr\/blog\/championnats-de-france-hivernaux-de-lancers-victoire-en-demi-teinte-pour-alexandra-tavernier\/#breadcrumb","itemListElement":[{"@type":"ListItem","position":1,"name":"Accueil","item":"https:\/\/dicodusport.fr\/blog\/"},{"@type":"ListItem","position":2,"name":"Championnats de France hivernaux de lancers : Victoire en demi-teinte pour Alexandra Tavernier"}]},{"@type":"WebSite","@id":"https:\/\/dicodusport.fr\/blog\/#website","url":"https:\/\/dicodusport.fr\/blog\/","name":"Dicodusport","description":"L&#039;encyclop\u00e9die de l&#039;actualit\u00e9 sportive","publisher":{"@id":"https:\/\/dicodusport.fr\/blog\/#organization"},"potentialAction":[{"@type":"SearchAction","target":{"@type":"EntryPoint","urlTemplate":"https:\/\/dicodusport.fr\/blog\/?s={search_term_string}"},"query-input":{"@type":"PropertyValueSpecification","valueRequired":true,"valueName":"search_term_string"}}],"inLanguage":"fr-FR"},{"@type":"NewsMediaOrganization","@id":"https:\/\/dicodusport.fr\/blog\/#organization","name":"Dicodusport","url":"https:\/\/dicodusport.fr\/blog\/","logo":{"@type":"ImageObject","inLanguage":"fr-FR","@id":"https:\/\/dicodusport.fr\/blog\/#\/schema\/logo\/image\/","url":"https:\/\/dicodusport.fr\/blog\/wp-content\/uploads\/2020\/06\/cropped-LOGO-DICODUSPORT-2020-SANS-FOND-SANS-TEXTE.png","contentUrl":"https:\/\/dicodusport.fr\/blog\/wp-content\/uploads\/2020\/06\/cropped-LOGO-DICODUSPORT-2020-SANS-FOND-SANS-TEXTE.png","width":512,"height":512,"caption":"Dicodusport"},"image":{"@id":"https:\/\/dicodusport.fr\/blog\/#\/schema\/logo\/image\/"},"sameAs":["https:\/\/www.facebook.com\/dicodusport","https:\/\/x.com\/dicodusport","https:\/\/www.instagram.com\/dicodusport\/","https:\/\/www.youtube.com\/channel\/UC7V2KZ5sd3htJivAbA4ZG3w"],"description":"Dicodusport est l'encyclop\u00e9die de l'actualit\u00e9 sportive.","email":"bonjour@dicodusport.fr","legalName":"DICODUSPORT","foundingDate":"2018-01-14","vatID":"FR71834470973","taxID":"83447097300043","numberOfEmployees":{"@type":"QuantitativeValue","minValue":"1","maxValue":"10"}},{"@type":"Person","@id":"https:\/\/dicodusport.fr\/blog\/#\/schema\/person\/d603dd7da31fb2b46c82b9835a77ec13","name":"Etienne Goursaud","image":{"@type":"ImageObject","inLanguage":"fr-FR","@id":"https:\/\/dicodusport.fr\/blog\/#\/schema\/person\/image\/","url":"https:\/\/dicodusport.fr\/blog\/wp-content\/uploads\/2023\/12\/410122264_10231602061736049_5565839791558026645_n-150x150.jpg","contentUrl":"https:\/\/dicodusport.fr\/blog\/wp-content\/uploads\/2023\/12\/410122264_10231602061736049_5565839791558026645_n-150x150.jpg","caption":"Etienne Goursaud"},"description":"Journaliste et amoureux de sport. Ancien footballeur reconverti athl\u00e8te quand ses muscles le laissent tranquille. \u00c9lev\u00e9 \u00e0 la sauce des exploits de Thomas Voeckler en 2004, du dernier essai de l\u00e9gende de Eunice Barber \u00e0 la longueur lors des championnats du monde d'athl\u00e9tisme de 2003 mais aussi Zidane, Omeyer et Titou Lamaison.","url":"https:\/\/dicodusport.fr\/blog\/author\/etienne-goursaud\/"}]}},"_links":{"self":[{"href":"https:\/\/dicodusport.fr\/blog\/wp-json\/wp\/v2\/posts\/359582","targetHints":{"allow":["GET"]}}],"collection":[{"href":"https:\/\/dicodusport.fr\/blog\/wp-json\/wp\/v2\/posts"}],"about":[{"href":"https:\/\/dicodusport.fr\/blog\/wp-json\/wp\/v2\/types\/post"}],"author":[{"embeddable":true,"href":"https:\/\/dicodusport.fr\/blog\/wp-json\/wp\/v2\/users\/83"}],"replies":[{"embeddable":true,"href":"https:\/\/dicodusport.fr\/blog\/wp-json\/wp\/v2\/comments?post=359582"}],"version-history":[{"count":0,"href":"https:\/\/dicodusport.fr\/blog\/wp-json\/wp\/v2\/posts\/359582\/revisions"}],"wp:featuredmedia":[{"embeddable":true,"href":"https:\/\/dicodusport.fr\/blog\/wp-json\/wp\/v2\/media\/359813"}],"wp:attachment":[{"href":"https:\/\/dicodusport.fr\/blog\/wp-json\/wp\/v2\/media?parent=359582"}],"wp:term":[{"taxonomy":"category","embeddable":true,"href":"https:\/\/dicodusport.fr\/blog\/wp-json\/wp\/v2\/categories?post=359582"},{"taxonomy":"post_tag","embeddable":true,"href":"https:\/\/dicodusport.fr\/blog\/wp-json\/wp\/v2\/tags?post=359582"}],"curies":[{"name":"wp","href":"https:\/\/api.w.org\/{rel}","templated":true}]}}