{"id":359604,"date":"2023-02-26T12:34:58","date_gmt":"2023-02-26T11:34:58","guid":{"rendered":"https:\/\/dicodusport.fr\/blog\/?p=359604"},"modified":"2023-12-30T08:11:24","modified_gmt":"2023-12-30T07:11:24","slug":"mondiaux-de-ski-de-bosses-double-dore-pour-perrine-laffont-qui-simpose-en-parallele","status":"publish","type":"post","link":"https:\/\/dicodusport.fr\/blog\/mondiaux-de-ski-de-bosses-double-dore-pour-perrine-laffont-qui-simpose-en-parallele\/","title":{"rendered":"Mondiaux de ski de bosses : Doubl\u00e9 dor\u00e9 pour Perrine Laffont, qui s&rsquo;impose en parall\u00e8le"},"content":{"rendered":"<p style=\"text-align: justify;\"><strong><em>CHAMPIONNATS DU MONDE DE SKI DE BOSSES &#8211; C&rsquo;est historique, Perrine Laffont r\u00e9alise le doubl\u00e9\u00a0 bosses individuelles &#8211; parall\u00e8les aux Championnats du monde. Au-dessus du lot, elle bat par la m\u00eame occasion le record de titres plan\u00e9taires en bosses f\u00e9minines. Comme hier, elle devance l&rsquo;Am\u00e9ricaine Jaelin Kauf et l&rsquo;Autrichienne Avital Carroll.<\/em><\/strong><\/p>\n<p style=\"text-align: justify;\">Pas au meilleur de son ski depuis un an, <strong>Perrine Laffont<\/strong> a, contre toute attente, r\u00e9alis\u00e9 les meilleurs Mondiaux de sa carri\u00e8re. Titr\u00e9e hier en simple, elle partait de nouveau en grande favorite en parall\u00e8le, particuli\u00e8rement apr\u00e8s les deux derni\u00e8res courses remport\u00e9es dans ce format en Coupe du monde. Pour son entr\u00e9e dans la comp\u00e9tition ce dimanche, la Pyr\u00e9n\u00e9enne s&rsquo;est d\u00e9faite de la Finlandaise <strong>Riikka Voutilainen<\/strong> sans difficult\u00e9, 30-5. Malgr\u00e9 l&rsquo;\u00e9l\u00e9vation du niveau au fil des tours, Laffont produit son ski et s&rsquo;avance logiquement jusque dans le dernier carr\u00e9 en \u00e9cartant la Britannique <strong>Makayla Gerken Schofield<\/strong>.<\/p>\n<h2 style=\"text-align: justify;\">Un titre pour l&rsquo;Histoire<\/h2>\n<p style=\"text-align: justify;\">M\u00e9daill\u00e9e de bronze surprise en simple, l&rsquo;Autrichienne <strong>Avital Carroll<\/strong> \u00e9tait sans doute l&rsquo;une des seules \u00e0 pouvoir battre la Fran\u00e7aise. Pourtant plus rapide, <strong>Carroll<\/strong> part \u00e0 la faute et ouvre la porte de la finale \u00e0 <strong>Perrine Laffont<\/strong>, s&rsquo;assurant d&rsquo;une nouvelle m\u00e9daille. L&rsquo;Autrichienne ira par la suite d\u00e9crocher le bronze en petite finale. C&rsquo;est finalement un copier-coller du podium d&rsquo;hier : oppos\u00e9e \u00e0 <strong>Jaelin Kauf<\/strong>, la Fran\u00e7aise l&#8217;emporte 20-15 contre l&rsquo;Am\u00e9ricaine apr\u00e8s un run bien plus propre que son adversaire.<\/p>\n<blockquote class=\"twitter-tweet\">\n<p dir=\"ltr\" lang=\"fr\">INTOUCHABLE \ud83e\udd47\ud83e\udd2f<\/p>\n<p>Le doubl\u00e9 pour <a href=\"https:\/\/twitter.com\/LaffontPerrine?ref_src=twsrc%5Etfw\">@LaffontPerrine<\/a> qui surclasse la concurrence et devient quintuple Championne du Monde ! \ud83d\udc51<\/p>\n<p>\ud83d\udcf8 : Agence Zoom<a href=\"https:\/\/twitter.com\/hashtag\/SunValley?src=hash&amp;ref_src=twsrc%5Etfw\">#SunValley<\/a> <a href=\"https:\/\/t.co\/PElYbGcJaB\">pic.twitter.com\/PElYbGcJaB<\/a><\/p>\n<p>\u2014 FFS &#8211; F\u00e9d\u00e9ration Fran\u00e7aise de Ski (@FedFranceSki) <a href=\"https:\/\/twitter.com\/FedFranceSki\/status\/1629811690177953792?ref_src=twsrc%5Etfw\">February 26, 2023<\/a><\/p><\/blockquote>\n<p style=\"text-align: justify;\"><script async src=\"https:\/\/platform.twitter.com\/widgets.js\" charset=\"utf-8\"><\/script><\/p>\n<p style=\"text-align: justify;\">Elle remporte l\u00e0 le 5\u00e8me titre mondial de sa carri\u00e8re : 2 en simple, 3 en double, et devient la bosseuse la plus titr\u00e9e de l&rsquo;histoire mais pas seulement ! En englobant toutes les disciplines freestyle du ski, elle est la premi\u00e8re \u00e0 d\u00e9crocher autant de titres mondiaux, le tout, \u00e0 24 ans seulement ! Du c\u00f4t\u00e9 des gar\u00e7ons, <strong>Benjamin Cavet<\/strong> s&rsquo;est arr\u00eat\u00e9 d\u00e8s les quarts de finale contre le Canadien <strong>Mika\u00ebl Kingsbury<\/strong>, futur vainqueur, malgr\u00e9 un run o\u00f9 il aura fait jeu \u00e9gal jusqu&rsquo;\u00e0 une erreur de r\u00e9ception au second saut.<\/p>\n<h2 style=\"text-align: justify;\" align=\"justify\">\u00c0 lire aussi<\/h2>\n<ul>\n<li style=\"text-align: justify;\"><a href=\"https:\/\/dicodusport.fr\/blog\/programme-et-resultats-ski-freestyle-championnats-du-monde-2023\/\"><strong>Programme et r\u00e9sultats des Mondiaux de ski freestyle<\/strong><\/a><\/li>\n<li style=\"text-align: justify;\"><a href=\"https:\/\/dicodusport.fr\/blog\/tableau-des-medailles-championnats-du-monde-ski-freestyle-2023\/\"><strong>Tableau des m\u00e9dailles des Mondiaux de ski freestyle<\/strong><\/a><\/li>\n<\/ul>\n","protected":false},"excerpt":{"rendered":"<p>CHAMPIONNATS DU MONDE DE SKI DE BOSSES &#8211; C&rsquo;est historique, Perrine Laffont r\u00e9alise le doubl\u00e9\u00a0 bosses individuelles &#8211; parall\u00e8les aux Championnats du monde. Au-dessus du lot, elle bat par la m\u00eame occasion le record de titres plan\u00e9taires en bosses f\u00e9minines. Comme hier, elle devance l&rsquo;Am\u00e9ricaine Jaelin Kauf et l&rsquo;Autrichienne Avital Carroll.<\/p>\n","protected":false},"author":43,"featured_media":359907,"comment_status":"open","ping_status":"closed","sticky":false,"template":"","format":"standard","meta":{"_acf_changed":false,"_daextam_enable_autolinks":"1","footnotes":""},"categories":[9217,2313],"tags":[16878,3262,24],"class_list":["post-359604","post","type-post","status-publish","format-standard","has-post-thumbnail","hentry","category-ski","category-sports-dhiver","tag-breve","tag-perrine-laffont","tag-sport"],"acf":[],"yoast_head":"<!-- This site is optimized with the Yoast SEO Premium plugin v26.7 (Yoast SEO v26.7) - https:\/\/yoast.com\/wordpress\/plugins\/seo\/ -->\n<title>Mondiaux de ski de bosses : Doubl\u00e9 dor\u00e9 pour Perrine Laffont, qui s&#039;impose en parall\u00e8le<\/title>\n<meta name=\"description\" content=\"CHAMPIONNATS DU MONDE DE SKI DE BOSSES - C&#039;est historique, Perrine Laffont r\u00e9alise le doubl\u00e9\u00a0 bosses individuelles - parall\u00e8les aux Championnats du monde.\" \/>\n<meta name=\"robots\" content=\"index, follow, max-snippet:-1, max-image-preview:large, max-video-preview:-1\" \/>\n<link rel=\"canonical\" href=\"https:\/\/dicodusport.fr\/blog\/mondiaux-de-ski-de-bosses-double-dore-pour-perrine-laffont-qui-simpose-en-parallele\/\" \/>\n<meta property=\"og:locale\" content=\"fr_FR\" \/>\n<meta property=\"og:type\" content=\"article\" \/>\n<meta property=\"og:title\" content=\"Mondiaux de ski de bosses : Doubl\u00e9 dor\u00e9 pour Perrine Laffont, qui s&#039;impose en parall\u00e8le\" \/>\n<meta property=\"og:description\" content=\"CHAMPIONNATS DU MONDE DE SKI DE BOSSES - C&#039;est historique, Perrine Laffont r\u00e9alise le doubl\u00e9\u00a0 bosses individuelles - parall\u00e8les aux Championnats du monde.\" \/>\n<meta property=\"og:url\" content=\"https:\/\/dicodusport.fr\/blog\/mondiaux-de-ski-de-bosses-double-dore-pour-perrine-laffont-qui-simpose-en-parallele\/\" \/>\n<meta property=\"og:site_name\" content=\"Dicodusport\" \/>\n<meta property=\"article:publisher\" content=\"https:\/\/www.facebook.com\/dicodusport\" \/>\n<meta property=\"article:author\" content=\"https:\/\/www.facebook.com\/Max.Bld2\/\" \/>\n<meta property=\"article:published_time\" content=\"2023-02-26T11:34:58+00:00\" \/>\n<meta property=\"article:modified_time\" content=\"2023-12-30T07:11:24+00:00\" \/>\n<meta property=\"og:image\" content=\"https:\/\/dicodusport.fr\/blog\/wp-content\/uploads\/2023\/02\/Mondiaux-de-ski-de-bosses-Double-dore-pour-Perrine-Laffont-qui-simpose-en-parallele.png\" \/>\n\t<meta property=\"og:image:width\" content=\"800\" \/>\n\t<meta property=\"og:image:height\" content=\"445\" \/>\n\t<meta property=\"og:image:type\" content=\"image\/png\" \/>\n<meta name=\"author\" content=\"Maxime Boulard\" \/>\n<meta name=\"twitter:card\" content=\"summary_large_image\" \/>\n<meta name=\"twitter:title\" content=\"Mondiaux de ski de bosses : Doubl\u00e9 dor\u00e9 pour Perrine Laffont, qui s&#039;impose en parall\u00e8le\" \/>\n<meta name=\"twitter:creator\" content=\"@https:\/\/twitter.com\/MaximeB_2\" \/>\n<meta name=\"twitter:site\" content=\"@dicodusport\" \/>\n<script type=\"application\/ld+json\" class=\"yoast-schema-graph\">{\"@context\":\"https:\/\/schema.org\",\"@graph\":[{\"@type\":\"NewsArticle\",\"@id\":\"https:\/\/dicodusport.fr\/blog\/mondiaux-de-ski-de-bosses-double-dore-pour-perrine-laffont-qui-simpose-en-parallele\/#article\",\"isPartOf\":{\"@id\":\"https:\/\/dicodusport.fr\/blog\/mondiaux-de-ski-de-bosses-double-dore-pour-perrine-laffont-qui-simpose-en-parallele\/\"},\"author\":{\"name\":\"Maxime Boulard\",\"@id\":\"https:\/\/dicodusport.fr\/blog\/#\/schema\/person\/5aab10ee856e86ac63e9819a9da34784\"},\"headline\":\"Mondiaux de ski de bosses : Doubl\u00e9 dor\u00e9 pour Perrine Laffont, qui s&rsquo;impose en parall\u00e8le\",\"datePublished\":\"2023-02-26T11:34:58+00:00\",\"dateModified\":\"2023-12-30T07:11:24+00:00\",\"mainEntityOfPage\":{\"@id\":\"https:\/\/dicodusport.fr\/blog\/mondiaux-de-ski-de-bosses-double-dore-pour-perrine-laffont-qui-simpose-en-parallele\/\"},\"wordCount\":436,\"commentCount\":0,\"publisher\":{\"@id\":\"https:\/\/dicodusport.fr\/blog\/#organization\"},\"image\":{\"@id\":\"https:\/\/dicodusport.fr\/blog\/mondiaux-de-ski-de-bosses-double-dore-pour-perrine-laffont-qui-simpose-en-parallele\/#primaryimage\"},\"thumbnailUrl\":\"https:\/\/dicodusport.fr\/blog\/wp-content\/uploads\/2023\/02\/Mondiaux-de-ski-de-bosses-Double-dore-pour-Perrine-Laffont-qui-simpose-en-parallele.png\",\"keywords\":[\"br\u00e8ve\",\"Perrine Laffont\",\"sport\"],\"articleSection\":[\"Ski\",\"Sports d'hiver\"],\"inLanguage\":\"fr-FR\",\"potentialAction\":[{\"@type\":\"CommentAction\",\"name\":\"Comment\",\"target\":[\"https:\/\/dicodusport.fr\/blog\/mondiaux-de-ski-de-bosses-double-dore-pour-perrine-laffont-qui-simpose-en-parallele\/#respond\"]}],\"copyrightYear\":\"2023\",\"copyrightHolder\":{\"@id\":\"https:\/\/dicodusport.fr\/blog\/#organization\"}},{\"@type\":\"WebPage\",\"@id\":\"https:\/\/dicodusport.fr\/blog\/mondiaux-de-ski-de-bosses-double-dore-pour-perrine-laffont-qui-simpose-en-parallele\/\",\"url\":\"https:\/\/dicodusport.fr\/blog\/mondiaux-de-ski-de-bosses-double-dore-pour-perrine-laffont-qui-simpose-en-parallele\/\",\"name\":\"Mondiaux de ski de bosses : Doubl\u00e9 dor\u00e9 pour Perrine Laffont, qui s'impose en parall\u00e8le\",\"isPartOf\":{\"@id\":\"https:\/\/dicodusport.fr\/blog\/#website\"},\"primaryImageOfPage\":{\"@id\":\"https:\/\/dicodusport.fr\/blog\/mondiaux-de-ski-de-bosses-double-dore-pour-perrine-laffont-qui-simpose-en-parallele\/#primaryimage\"},\"image\":{\"@id\":\"https:\/\/dicodusport.fr\/blog\/mondiaux-de-ski-de-bosses-double-dore-pour-perrine-laffont-qui-simpose-en-parallele\/#primaryimage\"},\"thumbnailUrl\":\"https:\/\/dicodusport.fr\/blog\/wp-content\/uploads\/2023\/02\/Mondiaux-de-ski-de-bosses-Double-dore-pour-Perrine-Laffont-qui-simpose-en-parallele.png\",\"datePublished\":\"2023-02-26T11:34:58+00:00\",\"dateModified\":\"2023-12-30T07:11:24+00:00\",\"description\":\"CHAMPIONNATS DU MONDE DE SKI DE BOSSES - C'est historique, Perrine Laffont r\u00e9alise le doubl\u00e9\u00a0 bosses individuelles - parall\u00e8les aux Championnats du monde.\",\"breadcrumb\":{\"@id\":\"https:\/\/dicodusport.fr\/blog\/mondiaux-de-ski-de-bosses-double-dore-pour-perrine-laffont-qui-simpose-en-parallele\/#breadcrumb\"},\"inLanguage\":\"fr-FR\",\"potentialAction\":[{\"@type\":\"ReadAction\",\"target\":[\"https:\/\/dicodusport.fr\/blog\/mondiaux-de-ski-de-bosses-double-dore-pour-perrine-laffont-qui-simpose-en-parallele\/\"]}]},{\"@type\":\"ImageObject\",\"inLanguage\":\"fr-FR\",\"@id\":\"https:\/\/dicodusport.fr\/blog\/mondiaux-de-ski-de-bosses-double-dore-pour-perrine-laffont-qui-simpose-en-parallele\/#primaryimage\",\"url\":\"https:\/\/dicodusport.fr\/blog\/wp-content\/uploads\/2023\/02\/Mondiaux-de-ski-de-bosses-Double-dore-pour-Perrine-Laffont-qui-simpose-en-parallele.png\",\"contentUrl\":\"https:\/\/dicodusport.fr\/blog\/wp-content\/uploads\/2023\/02\/Mondiaux-de-ski-de-bosses-Double-dore-pour-Perrine-Laffont-qui-simpose-en-parallele.png\",\"width\":800,\"height\":445,\"caption\":\"Mondiaux de ski de bosses - Insaisissable Perrine Laffont - Photo FIS Freestyle\"},{\"@type\":\"BreadcrumbList\",\"@id\":\"https:\/\/dicodusport.fr\/blog\/mondiaux-de-ski-de-bosses-double-dore-pour-perrine-laffont-qui-simpose-en-parallele\/#breadcrumb\",\"itemListElement\":[{\"@type\":\"ListItem\",\"position\":1,\"name\":\"Accueil\",\"item\":\"https:\/\/dicodusport.fr\/blog\/\"},{\"@type\":\"ListItem\",\"position\":2,\"name\":\"Mondiaux de ski de bosses : Doubl\u00e9 dor\u00e9 pour Perrine Laffont, qui s&rsquo;impose en parall\u00e8le\"}]},{\"@type\":\"WebSite\",\"@id\":\"https:\/\/dicodusport.fr\/blog\/#website\",\"url\":\"https:\/\/dicodusport.fr\/blog\/\",\"name\":\"Dicodusport\",\"description\":\"L&#039;encyclop\u00e9die de l&#039;actualit\u00e9 sportive\",\"publisher\":{\"@id\":\"https:\/\/dicodusport.fr\/blog\/#organization\"},\"potentialAction\":[{\"@type\":\"SearchAction\",\"target\":{\"@type\":\"EntryPoint\",\"urlTemplate\":\"https:\/\/dicodusport.fr\/blog\/?s={search_term_string}\"},\"query-input\":{\"@type\":\"PropertyValueSpecification\",\"valueRequired\":true,\"valueName\":\"search_term_string\"}}],\"inLanguage\":\"fr-FR\"},{\"@type\":\"NewsMediaOrganization\",\"@id\":\"https:\/\/dicodusport.fr\/blog\/#organization\",\"name\":\"Dicodusport\",\"url\":\"https:\/\/dicodusport.fr\/blog\/\",\"logo\":{\"@type\":\"ImageObject\",\"inLanguage\":\"fr-FR\",\"@id\":\"https:\/\/dicodusport.fr\/blog\/#\/schema\/logo\/image\/\",\"url\":\"https:\/\/dicodusport.fr\/blog\/wp-content\/uploads\/2020\/06\/cropped-LOGO-DICODUSPORT-2020-SANS-FOND-SANS-TEXTE.png\",\"contentUrl\":\"https:\/\/dicodusport.fr\/blog\/wp-content\/uploads\/2020\/06\/cropped-LOGO-DICODUSPORT-2020-SANS-FOND-SANS-TEXTE.png\",\"width\":512,\"height\":512,\"caption\":\"Dicodusport\"},\"image\":{\"@id\":\"https:\/\/dicodusport.fr\/blog\/#\/schema\/logo\/image\/\"},\"sameAs\":[\"https:\/\/www.facebook.com\/dicodusport\",\"https:\/\/x.com\/dicodusport\",\"https:\/\/www.instagram.com\/dicodusport\/\",\"https:\/\/www.youtube.com\/channel\/UC7V2KZ5sd3htJivAbA4ZG3w\"],\"description\":\"Dicodusport est l'encyclop\u00e9die de l'actualit\u00e9 sportive.\",\"email\":\"bonjour@dicodusport.fr\",\"legalName\":\"DICODUSPORT\",\"foundingDate\":\"2018-01-14\",\"vatID\":\"FR71834470973\",\"taxID\":\"83447097300043\",\"numberOfEmployees\":{\"@type\":\"QuantitativeValue\",\"minValue\":\"1\",\"maxValue\":\"10\"}},{\"@type\":\"Person\",\"@id\":\"https:\/\/dicodusport.fr\/blog\/#\/schema\/person\/5aab10ee856e86ac63e9819a9da34784\",\"name\":\"Maxime Boulard\",\"image\":{\"@type\":\"ImageObject\",\"inLanguage\":\"fr-FR\",\"@id\":\"https:\/\/dicodusport.fr\/blog\/#\/schema\/person\/image\/\",\"url\":\"https:\/\/dicodusport.fr\/blog\/wp-content\/uploads\/2021\/05\/Maxime-Boulard-150x150.jpg\",\"contentUrl\":\"https:\/\/dicodusport.fr\/blog\/wp-content\/uploads\/2021\/05\/Maxime-Boulard-150x150.jpg\",\"caption\":\"Maxime Boulard\"},\"description\":\"Journaliste\/r\u00e9dacteur depuis octobre 2020 - Si mon plus vieux souvenir de sport aurait pu m'en d\u00e9go\u00fbter, la finale de la Coupe du monde 2006 a \u00e9t\u00e9 tout le contraire. V\u00e9ritable d\u00e9clencheur d'une passion qui aujourd'hui ne fait que grandir avec le temps, mon leitmotiv est la France qui brille ! Je relate les exploits pass\u00e9s et pr\u00e9sents du sport bleu-blanc-rouge sans m\u00e9nagement depuis octobre 2020. Sport valide ou handisport, aucune diff\u00e9rence, il n'y a que du sport et plusieurs fa\u00e7ons de le pratiquer.\",\"sameAs\":[\"https:\/\/www.facebook.com\/Max.Bld2\/\",\"https:\/\/x.com\/https:\/\/twitter.com\/MaximeB_2\"],\"url\":\"https:\/\/dicodusport.fr\/blog\/author\/maxime-b\/\"}]}<\/script>\n<!-- \/ Yoast SEO Premium plugin. -->","yoast_head_json":{"title":"Mondiaux de ski de bosses : Doubl\u00e9 dor\u00e9 pour Perrine Laffont, qui s'impose en parall\u00e8le","description":"CHAMPIONNATS DU MONDE DE SKI DE BOSSES - C'est historique, Perrine Laffont r\u00e9alise le doubl\u00e9\u00a0 bosses individuelles - parall\u00e8les aux Championnats du monde.","robots":{"index":"index","follow":"follow","max-snippet":"max-snippet:-1","max-image-preview":"max-image-preview:large","max-video-preview":"max-video-preview:-1"},"canonical":"https:\/\/dicodusport.fr\/blog\/mondiaux-de-ski-de-bosses-double-dore-pour-perrine-laffont-qui-simpose-en-parallele\/","og_locale":"fr_FR","og_type":"article","og_title":"Mondiaux de ski de bosses : Doubl\u00e9 dor\u00e9 pour Perrine Laffont, qui s'impose en parall\u00e8le","og_description":"CHAMPIONNATS DU MONDE DE SKI DE BOSSES - C'est historique, Perrine Laffont r\u00e9alise le doubl\u00e9\u00a0 bosses individuelles - parall\u00e8les aux Championnats du monde.","og_url":"https:\/\/dicodusport.fr\/blog\/mondiaux-de-ski-de-bosses-double-dore-pour-perrine-laffont-qui-simpose-en-parallele\/","og_site_name":"Dicodusport","article_publisher":"https:\/\/www.facebook.com\/dicodusport","article_author":"https:\/\/www.facebook.com\/Max.Bld2\/","article_published_time":"2023-02-26T11:34:58+00:00","article_modified_time":"2023-12-30T07:11:24+00:00","og_image":[{"width":800,"height":445,"url":"https:\/\/dicodusport.fr\/blog\/wp-content\/uploads\/2023\/02\/Mondiaux-de-ski-de-bosses-Double-dore-pour-Perrine-Laffont-qui-simpose-en-parallele.png","type":"image\/png"}],"author":"Maxime Boulard","twitter_card":"summary_large_image","twitter_title":"Mondiaux de ski de bosses : Doubl\u00e9 dor\u00e9 pour Perrine Laffont, qui s'impose en parall\u00e8le","twitter_creator":"@https:\/\/twitter.com\/MaximeB_2","twitter_site":"@dicodusport","schema":{"@context":"https:\/\/schema.org","@graph":[{"@type":"NewsArticle","@id":"https:\/\/dicodusport.fr\/blog\/mondiaux-de-ski-de-bosses-double-dore-pour-perrine-laffont-qui-simpose-en-parallele\/#article","isPartOf":{"@id":"https:\/\/dicodusport.fr\/blog\/mondiaux-de-ski-de-bosses-double-dore-pour-perrine-laffont-qui-simpose-en-parallele\/"},"author":{"name":"Maxime Boulard","@id":"https:\/\/dicodusport.fr\/blog\/#\/schema\/person\/5aab10ee856e86ac63e9819a9da34784"},"headline":"Mondiaux de ski de bosses : Doubl\u00e9 dor\u00e9 pour Perrine Laffont, qui s&rsquo;impose en parall\u00e8le","datePublished":"2023-02-26T11:34:58+00:00","dateModified":"2023-12-30T07:11:24+00:00","mainEntityOfPage":{"@id":"https:\/\/dicodusport.fr\/blog\/mondiaux-de-ski-de-bosses-double-dore-pour-perrine-laffont-qui-simpose-en-parallele\/"},"wordCount":436,"commentCount":0,"publisher":{"@id":"https:\/\/dicodusport.fr\/blog\/#organization"},"image":{"@id":"https:\/\/dicodusport.fr\/blog\/mondiaux-de-ski-de-bosses-double-dore-pour-perrine-laffont-qui-simpose-en-parallele\/#primaryimage"},"thumbnailUrl":"https:\/\/dicodusport.fr\/blog\/wp-content\/uploads\/2023\/02\/Mondiaux-de-ski-de-bosses-Double-dore-pour-Perrine-Laffont-qui-simpose-en-parallele.png","keywords":["br\u00e8ve","Perrine Laffont","sport"],"articleSection":["Ski","Sports d'hiver"],"inLanguage":"fr-FR","potentialAction":[{"@type":"CommentAction","name":"Comment","target":["https:\/\/dicodusport.fr\/blog\/mondiaux-de-ski-de-bosses-double-dore-pour-perrine-laffont-qui-simpose-en-parallele\/#respond"]}],"copyrightYear":"2023","copyrightHolder":{"@id":"https:\/\/dicodusport.fr\/blog\/#organization"}},{"@type":"WebPage","@id":"https:\/\/dicodusport.fr\/blog\/mondiaux-de-ski-de-bosses-double-dore-pour-perrine-laffont-qui-simpose-en-parallele\/","url":"https:\/\/dicodusport.fr\/blog\/mondiaux-de-ski-de-bosses-double-dore-pour-perrine-laffont-qui-simpose-en-parallele\/","name":"Mondiaux de ski de bosses : Doubl\u00e9 dor\u00e9 pour Perrine Laffont, qui s'impose en parall\u00e8le","isPartOf":{"@id":"https:\/\/dicodusport.fr\/blog\/#website"},"primaryImageOfPage":{"@id":"https:\/\/dicodusport.fr\/blog\/mondiaux-de-ski-de-bosses-double-dore-pour-perrine-laffont-qui-simpose-en-parallele\/#primaryimage"},"image":{"@id":"https:\/\/dicodusport.fr\/blog\/mondiaux-de-ski-de-bosses-double-dore-pour-perrine-laffont-qui-simpose-en-parallele\/#primaryimage"},"thumbnailUrl":"https:\/\/dicodusport.fr\/blog\/wp-content\/uploads\/2023\/02\/Mondiaux-de-ski-de-bosses-Double-dore-pour-Perrine-Laffont-qui-simpose-en-parallele.png","datePublished":"2023-02-26T11:34:58+00:00","dateModified":"2023-12-30T07:11:24+00:00","description":"CHAMPIONNATS DU MONDE DE SKI DE BOSSES - C'est historique, Perrine Laffont r\u00e9alise le doubl\u00e9\u00a0 bosses individuelles - parall\u00e8les aux Championnats du monde.","breadcrumb":{"@id":"https:\/\/dicodusport.fr\/blog\/mondiaux-de-ski-de-bosses-double-dore-pour-perrine-laffont-qui-simpose-en-parallele\/#breadcrumb"},"inLanguage":"fr-FR","potentialAction":[{"@type":"ReadAction","target":["https:\/\/dicodusport.fr\/blog\/mondiaux-de-ski-de-bosses-double-dore-pour-perrine-laffont-qui-simpose-en-parallele\/"]}]},{"@type":"ImageObject","inLanguage":"fr-FR","@id":"https:\/\/dicodusport.fr\/blog\/mondiaux-de-ski-de-bosses-double-dore-pour-perrine-laffont-qui-simpose-en-parallele\/#primaryimage","url":"https:\/\/dicodusport.fr\/blog\/wp-content\/uploads\/2023\/02\/Mondiaux-de-ski-de-bosses-Double-dore-pour-Perrine-Laffont-qui-simpose-en-parallele.png","contentUrl":"https:\/\/dicodusport.fr\/blog\/wp-content\/uploads\/2023\/02\/Mondiaux-de-ski-de-bosses-Double-dore-pour-Perrine-Laffont-qui-simpose-en-parallele.png","width":800,"height":445,"caption":"Mondiaux de ski de bosses - Insaisissable Perrine Laffont - Photo FIS Freestyle"},{"@type":"BreadcrumbList","@id":"https:\/\/dicodusport.fr\/blog\/mondiaux-de-ski-de-bosses-double-dore-pour-perrine-laffont-qui-simpose-en-parallele\/#breadcrumb","itemListElement":[{"@type":"ListItem","position":1,"name":"Accueil","item":"https:\/\/dicodusport.fr\/blog\/"},{"@type":"ListItem","position":2,"name":"Mondiaux de ski de bosses : Doubl\u00e9 dor\u00e9 pour Perrine Laffont, qui s&rsquo;impose en parall\u00e8le"}]},{"@type":"WebSite","@id":"https:\/\/dicodusport.fr\/blog\/#website","url":"https:\/\/dicodusport.fr\/blog\/","name":"Dicodusport","description":"L&#039;encyclop\u00e9die de l&#039;actualit\u00e9 sportive","publisher":{"@id":"https:\/\/dicodusport.fr\/blog\/#organization"},"potentialAction":[{"@type":"SearchAction","target":{"@type":"EntryPoint","urlTemplate":"https:\/\/dicodusport.fr\/blog\/?s={search_term_string}"},"query-input":{"@type":"PropertyValueSpecification","valueRequired":true,"valueName":"search_term_string"}}],"inLanguage":"fr-FR"},{"@type":"NewsMediaOrganization","@id":"https:\/\/dicodusport.fr\/blog\/#organization","name":"Dicodusport","url":"https:\/\/dicodusport.fr\/blog\/","logo":{"@type":"ImageObject","inLanguage":"fr-FR","@id":"https:\/\/dicodusport.fr\/blog\/#\/schema\/logo\/image\/","url":"https:\/\/dicodusport.fr\/blog\/wp-content\/uploads\/2020\/06\/cropped-LOGO-DICODUSPORT-2020-SANS-FOND-SANS-TEXTE.png","contentUrl":"https:\/\/dicodusport.fr\/blog\/wp-content\/uploads\/2020\/06\/cropped-LOGO-DICODUSPORT-2020-SANS-FOND-SANS-TEXTE.png","width":512,"height":512,"caption":"Dicodusport"},"image":{"@id":"https:\/\/dicodusport.fr\/blog\/#\/schema\/logo\/image\/"},"sameAs":["https:\/\/www.facebook.com\/dicodusport","https:\/\/x.com\/dicodusport","https:\/\/www.instagram.com\/dicodusport\/","https:\/\/www.youtube.com\/channel\/UC7V2KZ5sd3htJivAbA4ZG3w"],"description":"Dicodusport est l'encyclop\u00e9die de l'actualit\u00e9 sportive.","email":"bonjour@dicodusport.fr","legalName":"DICODUSPORT","foundingDate":"2018-01-14","vatID":"FR71834470973","taxID":"83447097300043","numberOfEmployees":{"@type":"QuantitativeValue","minValue":"1","maxValue":"10"}},{"@type":"Person","@id":"https:\/\/dicodusport.fr\/blog\/#\/schema\/person\/5aab10ee856e86ac63e9819a9da34784","name":"Maxime Boulard","image":{"@type":"ImageObject","inLanguage":"fr-FR","@id":"https:\/\/dicodusport.fr\/blog\/#\/schema\/person\/image\/","url":"https:\/\/dicodusport.fr\/blog\/wp-content\/uploads\/2021\/05\/Maxime-Boulard-150x150.jpg","contentUrl":"https:\/\/dicodusport.fr\/blog\/wp-content\/uploads\/2021\/05\/Maxime-Boulard-150x150.jpg","caption":"Maxime Boulard"},"description":"Journaliste\/r\u00e9dacteur depuis octobre 2020 - Si mon plus vieux souvenir de sport aurait pu m'en d\u00e9go\u00fbter, la finale de la Coupe du monde 2006 a \u00e9t\u00e9 tout le contraire. V\u00e9ritable d\u00e9clencheur d'une passion qui aujourd'hui ne fait que grandir avec le temps, mon leitmotiv est la France qui brille ! Je relate les exploits pass\u00e9s et pr\u00e9sents du sport bleu-blanc-rouge sans m\u00e9nagement depuis octobre 2020. Sport valide ou handisport, aucune diff\u00e9rence, il n'y a que du sport et plusieurs fa\u00e7ons de le pratiquer.","sameAs":["https:\/\/www.facebook.com\/Max.Bld2\/","https:\/\/x.com\/https:\/\/twitter.com\/MaximeB_2"],"url":"https:\/\/dicodusport.fr\/blog\/author\/maxime-b\/"}]}},"_links":{"self":[{"href":"https:\/\/dicodusport.fr\/blog\/wp-json\/wp\/v2\/posts\/359604","targetHints":{"allow":["GET"]}}],"collection":[{"href":"https:\/\/dicodusport.fr\/blog\/wp-json\/wp\/v2\/posts"}],"about":[{"href":"https:\/\/dicodusport.fr\/blog\/wp-json\/wp\/v2\/types\/post"}],"author":[{"embeddable":true,"href":"https:\/\/dicodusport.fr\/blog\/wp-json\/wp\/v2\/users\/43"}],"replies":[{"embeddable":true,"href":"https:\/\/dicodusport.fr\/blog\/wp-json\/wp\/v2\/comments?post=359604"}],"version-history":[{"count":1,"href":"https:\/\/dicodusport.fr\/blog\/wp-json\/wp\/v2\/posts\/359604\/revisions"}],"predecessor-version":[{"id":448286,"href":"https:\/\/dicodusport.fr\/blog\/wp-json\/wp\/v2\/posts\/359604\/revisions\/448286"}],"wp:featuredmedia":[{"embeddable":true,"href":"https:\/\/dicodusport.fr\/blog\/wp-json\/wp\/v2\/media\/359907"}],"wp:attachment":[{"href":"https:\/\/dicodusport.fr\/blog\/wp-json\/wp\/v2\/media?parent=359604"}],"wp:term":[{"taxonomy":"category","embeddable":true,"href":"https:\/\/dicodusport.fr\/blog\/wp-json\/wp\/v2\/categories?post=359604"},{"taxonomy":"post_tag","embeddable":true,"href":"https:\/\/dicodusport.fr\/blog\/wp-json\/wp\/v2\/tags?post=359604"}],"curies":[{"name":"wp","href":"https:\/\/api.w.org\/{rel}","templated":true}]}}