{"id":359839,"date":"2023-02-26T19:38:17","date_gmt":"2023-02-26T18:38:17","guid":{"rendered":"https:\/\/dicodusport.fr\/blog\/?p=359839&#038;preview=true&#038;preview_id=359839"},"modified":"2023-02-26T21:56:38","modified_gmt":"2023-02-26T20:56:38","slug":"xv-de-france-grosse-inquietude-pour-anthony-jelonch-qui-pourrait-manquer-la-coupe-du-monde","status":"publish","type":"post","link":"https:\/\/dicodusport.fr\/blog\/xv-de-france-grosse-inquietude-pour-anthony-jelonch-qui-pourrait-manquer-la-coupe-du-monde\/","title":{"rendered":"XV de France : Grosse inqui\u00e9tude pour Anthony Jelonch qui pourrait manquer la Coupe du monde"},"content":{"rendered":"<p style=\"text-align: justify;\" align=\"justify\"><em><strong><a href=\"https:\/\/dicodusport.fr\/blog\/6-nations-2023-calendrier-resultats-et-classement\/\" target=\"_blank\" rel=\"noopener\">TOURNOI DES 6 NATIONS 2023<\/a> &#8211; Selon Rugbyrama, le troisi\u00e8me ligne du Stade Toulousain et du XV de France, Anthony Jelonch, pourrait souffrir d&rsquo;une rupture des ligaments crois\u00e9s et sa Coupe du monde serait compromise.\u00a0<\/strong><\/em><\/p>\n<p style=\"text-align: justify;\" align=\"justify\">Ce serait un terrible coup dur pour le troisi\u00e8me ligne fran\u00e7ais, mais aussi pour le Stade Toulousain et le XV de France. Tant <strong>Anthony<\/strong> <strong>Jelonch<\/strong> est impressionnant depuis plusieurs mois. Sorti en premi\u00e8re p\u00e9riode <a title=\"6 Nations : Les Bleus s\u2019imposent face \u00e0 l\u2019\u00c9cosse avec le bonus offensif\" href=\"https:\/\/dicodusport.fr\/blog\/6-nations-les-bleus-imposent-face-ecosse-avec-bonus-offensif\/\" rel=\"\">contre l&rsquo;\u00c9cosse<\/a> suite \u00e0 un plaquage sur <strong>Duhan<\/strong> <strong>Van<\/strong> <strong>Der<\/strong> <strong>Merwe<\/strong>, l&rsquo;international fran\u00e7ais a pass\u00e9 une IRM \u00e0 la mi-temps et les r\u00e9sultats ne sont pas bons. Si le verdict n&rsquo;est pas encore arr\u00eat\u00e9, il existe une vraie suspicion de rupture des ligaments crois\u00e9s.<\/p>\n<p style=\"text-align: justify;\" align=\"justify\">\u00c0 sept mois de la <strong>Coupe du monde<\/strong>, une telle blessure serait presque synonyme de forfait pour le joueur du <strong>Stade<\/strong> <strong>Toulousain<\/strong>, qui restait sur <a href=\"https:\/\/dicodusport.fr\/blog\/irlande-xv-de-france-notes-des-bleus\/\">une prestation XXL face \u00e0 l&rsquo;Irlande<\/a> il y a 15 jours. En conf\u00e9rence de presse, <strong>Fabien<\/strong> <strong>Galthi\u00e9<\/strong> n&rsquo;a pas \u00e9t\u00e9 rassurant au sujet d&rsquo;<strong>Anthony Jelonch<\/strong>.<\/p>\n<blockquote>\n<p style=\"text-align: justify;\" align=\"justify\">Les nouvelles d\u2019Anthony ne sont pas bonnes et c\u2019est la raison pour laquelle notre joie est mod\u00e9r\u00e9e. Le premier diagnostic donne en effet une rupture du ligament crois\u00e9 ant\u00e9rieur. C\u2019est quasiment six mois d\u2019absence, g\u00e9n\u00e9ralement. Notre copain Anthony arr\u00eate donc sa comp\u00e9tition aujourd\u2019hui.<\/p>\n<\/blockquote>\n<blockquote class=\"twitter-tweet\">\n<p dir=\"ltr\" lang=\"fr\">6 Nations 2023 &#8211; Suspicion d&rsquo;une rupture des ligaments crois\u00e9s du genou pour Anthony Jelonch (France) <a href=\"https:\/\/t.co\/b57Uaz0y65\">https:\/\/t.co\/b57Uaz0y65<\/a> <a href=\"https:\/\/twitter.com\/hashtag\/6Nations2023?src=hash&amp;ref_src=twsrc%5Etfw\">#6Nations2023<\/a> <a href=\"https:\/\/t.co\/STenCU3VEW\">pic.twitter.com\/STenCU3VEW<\/a><\/p>\n<p>\u2014 Rugby&rsquo;O&rsquo;Top (@rugbyotop) <a href=\"https:\/\/twitter.com\/rugbyotop\/status\/1629906160294957057?ref_src=twsrc%5Etfw\">February 26, 2023<\/a><\/p><\/blockquote>\n<p style=\"text-align: justify;\"><script async src=\"https:\/\/platform.twitter.com\/widgets.js\" charset=\"utf-8\"><\/script><\/p>\n<h2 style=\"text-align: justify;\">\u00c0 lire aussi :<\/h2>\n<ul>\n<li style=\"text-align: justify;\"><a href=\"https:\/\/dicodusport.fr\/blog\/xv-de-france-ecosse-les-notes-des-bleus\/\" target=\"_blank\" rel=\"noopener\"><strong>XV de France \u2013 \u00c9cosse : Les notes des Bleus<\/strong><\/a><\/li>\n<\/ul>\n","protected":false},"excerpt":{"rendered":"<p>TOURNOI DES 6 NATIONS 2023 &#8211; Selon Rugbyrama, Anthony Jelonch pourrait souffrir d&rsquo;une rupture des ligaments crois\u00e9s et sa Coupe du monde serait compromise.\u00a0<\/p>\n","protected":false},"author":1,"featured_media":359840,"comment_status":"open","ping_status":"closed","sticky":false,"template":"","format":"standard","meta":{"_acf_changed":false,"_daextam_enable_autolinks":"","footnotes":""},"categories":[9129,19951],"tags":[12934,16878,1530,110,4008,9734,1638],"class_list":["post-359839","post","type-post","status-publish","format-standard","has-post-thumbnail","hentry","category-rugby-a-xv","category-xv-de-france","tag-anthony-jelonch","tag-breve","tag-coupe-du-monde","tag-rugby-a-xv","tag-stade-toulousain","tag-tournoi-des-6-nations","tag-xv-de-france"],"acf":[],"yoast_head":"<!-- This site is optimized with the Yoast SEO Premium plugin v26.7 (Yoast SEO v26.7) - https:\/\/yoast.com\/wordpress\/plugins\/seo\/ -->\n<title>XV de France : Grosse inqui\u00e9tude pour Anthony Jelonch qui pourrait manquer la Coupe du monde<\/title>\n<meta name=\"description\" content=\"TOURNOI DES 6 NATIONS 2023 - Selon Rugbyrama, Anthony Jelonch pourrait souffrir d&#039;une rupture des ligaments crois\u00e9s et sa Coupe du monde serait compromise.\u00a0\" \/>\n<meta name=\"robots\" content=\"index, follow, max-snippet:-1, max-image-preview:large, max-video-preview:-1\" \/>\n<link rel=\"canonical\" href=\"https:\/\/dicodusport.fr\/blog\/xv-de-france-grosse-inquietude-pour-anthony-jelonch-qui-pourrait-manquer-la-coupe-du-monde\/\" \/>\n<meta property=\"og:locale\" content=\"fr_FR\" \/>\n<meta property=\"og:type\" content=\"article\" \/>\n<meta property=\"og:title\" content=\"XV de France : Grosse inqui\u00e9tude pour Anthony Jelonch qui pourrait manquer la Coupe du monde\" \/>\n<meta property=\"og:description\" content=\"TOURNOI DES 6 NATIONS 2023 - Selon Rugbyrama, Anthony Jelonch pourrait souffrir d&#039;une rupture des ligaments crois\u00e9s et sa Coupe du monde serait compromise.\u00a0\" \/>\n<meta property=\"og:url\" content=\"https:\/\/dicodusport.fr\/blog\/xv-de-france-grosse-inquietude-pour-anthony-jelonch-qui-pourrait-manquer-la-coupe-du-monde\/\" \/>\n<meta property=\"og:site_name\" content=\"Dicodusport\" \/>\n<meta property=\"article:publisher\" content=\"https:\/\/www.facebook.com\/dicodusport\" \/>\n<meta property=\"article:author\" content=\"https:\/\/www.facebook.com\/dicodusport\" \/>\n<meta property=\"article:published_time\" content=\"2023-02-26T18:38:17+00:00\" \/>\n<meta property=\"article:modified_time\" content=\"2023-02-26T20:56:38+00:00\" \/>\n<meta property=\"og:image\" content=\"https:\/\/dicodusport.fr\/blog\/wp-content\/uploads\/2023\/02\/XV-de-France-Grosse-inquietude-pour-Anthony-Jelonch-qui-pourrait-manquer-la-Coupe-du-monde.png\" \/>\n\t<meta property=\"og:image:width\" content=\"800\" \/>\n\t<meta property=\"og:image:height\" content=\"445\" \/>\n\t<meta property=\"og:image:type\" content=\"image\/png\" \/>\n<meta name=\"author\" content=\"Nicolas Jacquemard\" \/>\n<meta name=\"twitter:card\" content=\"summary_large_image\" \/>\n<meta name=\"twitter:title\" content=\"XV de France : Grosse inqui\u00e9tude pour Anthony Jelonch qui pourrait manquer la Coupe du monde\" \/>\n<meta name=\"twitter:creator\" content=\"@https:\/\/twitter.com\/Nico_Jacquemard\" \/>\n<meta name=\"twitter:site\" content=\"@dicodusport\" \/>\n<script type=\"application\/ld+json\" class=\"yoast-schema-graph\">{\"@context\":\"https:\/\/schema.org\",\"@graph\":[{\"@type\":\"NewsArticle\",\"@id\":\"https:\/\/dicodusport.fr\/blog\/xv-de-france-grosse-inquietude-pour-anthony-jelonch-qui-pourrait-manquer-la-coupe-du-monde\/#article\",\"isPartOf\":{\"@id\":\"https:\/\/dicodusport.fr\/blog\/xv-de-france-grosse-inquietude-pour-anthony-jelonch-qui-pourrait-manquer-la-coupe-du-monde\/\"},\"author\":{\"name\":\"Nicolas Jacquemard\",\"@id\":\"https:\/\/dicodusport.fr\/blog\/#\/schema\/person\/55dcb50ad410894e431ed812bbb70191\"},\"headline\":\"XV de France : Grosse inqui\u00e9tude pour Anthony Jelonch qui pourrait manquer la Coupe du monde\",\"datePublished\":\"2023-02-26T18:38:17+00:00\",\"dateModified\":\"2023-02-26T20:56:38+00:00\",\"mainEntityOfPage\":{\"@id\":\"https:\/\/dicodusport.fr\/blog\/xv-de-france-grosse-inquietude-pour-anthony-jelonch-qui-pourrait-manquer-la-coupe-du-monde\/\"},\"wordCount\":288,\"commentCount\":0,\"publisher\":{\"@id\":\"https:\/\/dicodusport.fr\/blog\/#organization\"},\"image\":{\"@id\":\"https:\/\/dicodusport.fr\/blog\/xv-de-france-grosse-inquietude-pour-anthony-jelonch-qui-pourrait-manquer-la-coupe-du-monde\/#primaryimage\"},\"thumbnailUrl\":\"https:\/\/dicodusport.fr\/blog\/wp-content\/uploads\/2023\/02\/XV-de-France-Grosse-inquietude-pour-Anthony-Jelonch-qui-pourrait-manquer-la-Coupe-du-monde.png\",\"keywords\":[\"Anthony Jelonch\",\"br\u00e8ve\",\"Coupe du monde\",\"Rugby \u00e0 XV\",\"Stade Toulousain\",\"Tournoi des 6 Nations\",\"XV de France\"],\"articleSection\":[\"Rugby \u00e0 XV\",\"XV de France\"],\"inLanguage\":\"fr-FR\",\"potentialAction\":[{\"@type\":\"CommentAction\",\"name\":\"Comment\",\"target\":[\"https:\/\/dicodusport.fr\/blog\/xv-de-france-grosse-inquietude-pour-anthony-jelonch-qui-pourrait-manquer-la-coupe-du-monde\/#respond\"]}],\"copyrightYear\":\"2023\",\"copyrightHolder\":{\"@id\":\"https:\/\/dicodusport.fr\/blog\/#organization\"}},{\"@type\":\"WebPage\",\"@id\":\"https:\/\/dicodusport.fr\/blog\/xv-de-france-grosse-inquietude-pour-anthony-jelonch-qui-pourrait-manquer-la-coupe-du-monde\/\",\"url\":\"https:\/\/dicodusport.fr\/blog\/xv-de-france-grosse-inquietude-pour-anthony-jelonch-qui-pourrait-manquer-la-coupe-du-monde\/\",\"name\":\"XV de France : Grosse inqui\u00e9tude pour Anthony Jelonch qui pourrait manquer la Coupe du monde\",\"isPartOf\":{\"@id\":\"https:\/\/dicodusport.fr\/blog\/#website\"},\"primaryImageOfPage\":{\"@id\":\"https:\/\/dicodusport.fr\/blog\/xv-de-france-grosse-inquietude-pour-anthony-jelonch-qui-pourrait-manquer-la-coupe-du-monde\/#primaryimage\"},\"image\":{\"@id\":\"https:\/\/dicodusport.fr\/blog\/xv-de-france-grosse-inquietude-pour-anthony-jelonch-qui-pourrait-manquer-la-coupe-du-monde\/#primaryimage\"},\"thumbnailUrl\":\"https:\/\/dicodusport.fr\/blog\/wp-content\/uploads\/2023\/02\/XV-de-France-Grosse-inquietude-pour-Anthony-Jelonch-qui-pourrait-manquer-la-Coupe-du-monde.png\",\"datePublished\":\"2023-02-26T18:38:17+00:00\",\"dateModified\":\"2023-02-26T20:56:38+00:00\",\"description\":\"TOURNOI DES 6 NATIONS 2023 - Selon Rugbyrama, Anthony Jelonch pourrait souffrir d'une rupture des ligaments crois\u00e9s et sa Coupe du monde serait compromise.\u00a0\",\"breadcrumb\":{\"@id\":\"https:\/\/dicodusport.fr\/blog\/xv-de-france-grosse-inquietude-pour-anthony-jelonch-qui-pourrait-manquer-la-coupe-du-monde\/#breadcrumb\"},\"inLanguage\":\"fr-FR\",\"potentialAction\":[{\"@type\":\"ReadAction\",\"target\":[\"https:\/\/dicodusport.fr\/blog\/xv-de-france-grosse-inquietude-pour-anthony-jelonch-qui-pourrait-manquer-la-coupe-du-monde\/\"]}]},{\"@type\":\"ImageObject\",\"inLanguage\":\"fr-FR\",\"@id\":\"https:\/\/dicodusport.fr\/blog\/xv-de-france-grosse-inquietude-pour-anthony-jelonch-qui-pourrait-manquer-la-coupe-du-monde\/#primaryimage\",\"url\":\"https:\/\/dicodusport.fr\/blog\/wp-content\/uploads\/2023\/02\/XV-de-France-Grosse-inquietude-pour-Anthony-Jelonch-qui-pourrait-manquer-la-Coupe-du-monde.png\",\"contentUrl\":\"https:\/\/dicodusport.fr\/blog\/wp-content\/uploads\/2023\/02\/XV-de-France-Grosse-inquietude-pour-Anthony-Jelonch-qui-pourrait-manquer-la-Coupe-du-monde.png\",\"width\":800,\"height\":445},{\"@type\":\"BreadcrumbList\",\"@id\":\"https:\/\/dicodusport.fr\/blog\/xv-de-france-grosse-inquietude-pour-anthony-jelonch-qui-pourrait-manquer-la-coupe-du-monde\/#breadcrumb\",\"itemListElement\":[{\"@type\":\"ListItem\",\"position\":1,\"name\":\"Accueil\",\"item\":\"https:\/\/dicodusport.fr\/blog\/\"},{\"@type\":\"ListItem\",\"position\":2,\"name\":\"XV de France : Grosse inqui\u00e9tude pour Anthony Jelonch qui pourrait manquer la Coupe du monde\"}]},{\"@type\":\"WebSite\",\"@id\":\"https:\/\/dicodusport.fr\/blog\/#website\",\"url\":\"https:\/\/dicodusport.fr\/blog\/\",\"name\":\"Dicodusport\",\"description\":\"L&#039;encyclop\u00e9die de l&#039;actualit\u00e9 sportive\",\"publisher\":{\"@id\":\"https:\/\/dicodusport.fr\/blog\/#organization\"},\"potentialAction\":[{\"@type\":\"SearchAction\",\"target\":{\"@type\":\"EntryPoint\",\"urlTemplate\":\"https:\/\/dicodusport.fr\/blog\/?s={search_term_string}\"},\"query-input\":{\"@type\":\"PropertyValueSpecification\",\"valueRequired\":true,\"valueName\":\"search_term_string\"}}],\"inLanguage\":\"fr-FR\"},{\"@type\":\"NewsMediaOrganization\",\"@id\":\"https:\/\/dicodusport.fr\/blog\/#organization\",\"name\":\"Dicodusport\",\"url\":\"https:\/\/dicodusport.fr\/blog\/\",\"logo\":{\"@type\":\"ImageObject\",\"inLanguage\":\"fr-FR\",\"@id\":\"https:\/\/dicodusport.fr\/blog\/#\/schema\/logo\/image\/\",\"url\":\"https:\/\/dicodusport.fr\/blog\/wp-content\/uploads\/2020\/06\/cropped-LOGO-DICODUSPORT-2020-SANS-FOND-SANS-TEXTE.png\",\"contentUrl\":\"https:\/\/dicodusport.fr\/blog\/wp-content\/uploads\/2020\/06\/cropped-LOGO-DICODUSPORT-2020-SANS-FOND-SANS-TEXTE.png\",\"width\":512,\"height\":512,\"caption\":\"Dicodusport\"},\"image\":{\"@id\":\"https:\/\/dicodusport.fr\/blog\/#\/schema\/logo\/image\/\"},\"sameAs\":[\"https:\/\/www.facebook.com\/dicodusport\",\"https:\/\/x.com\/dicodusport\",\"https:\/\/www.instagram.com\/dicodusport\/\",\"https:\/\/www.youtube.com\/channel\/UC7V2KZ5sd3htJivAbA4ZG3w\"],\"description\":\"Dicodusport est l'encyclop\u00e9die de l'actualit\u00e9 sportive.\",\"email\":\"bonjour@dicodusport.fr\",\"legalName\":\"DICODUSPORT\",\"foundingDate\":\"2018-01-14\",\"vatID\":\"FR71834470973\",\"taxID\":\"83447097300043\",\"numberOfEmployees\":{\"@type\":\"QuantitativeValue\",\"minValue\":\"1\",\"maxValue\":\"10\"}},{\"@type\":\"Person\",\"@id\":\"https:\/\/dicodusport.fr\/blog\/#\/schema\/person\/55dcb50ad410894e431ed812bbb70191\",\"name\":\"Nicolas Jacquemard\",\"image\":{\"@type\":\"ImageObject\",\"inLanguage\":\"fr-FR\",\"@id\":\"https:\/\/dicodusport.fr\/blog\/#\/schema\/person\/image\/\",\"url\":\"https:\/\/dicodusport.fr\/blog\/wp-content\/uploads\/2021\/05\/Nicolas-Jacquemard-150x150.jpeg\",\"contentUrl\":\"https:\/\/dicodusport.fr\/blog\/wp-content\/uploads\/2021\/05\/Nicolas-Jacquemard-150x150.jpeg\",\"caption\":\"Nicolas Jacquemard\"},\"description\":\"Passionn\u00e9 de sport et entrepreneur depuis mes 18 ans, la cr\u00e9ation de Dicodusport m'a sembl\u00e9 \u00e9vidente pour participer \u00e0 la m\u00e9diatisation d'un plus grand nombre de sports. Le chemin est long mais avec une \u00e9quipe des plus motiv\u00e9es et les Jeux Olympiques de Paris 2024 en point de mire, nous y arriverons ! Journaliste dans le monde du sport depuis plus de 5 ans, je traite aussi bien de football, de rugby, de biathlon que de cyclisme.\",\"sameAs\":[\"https:\/\/www.facebook.com\/dicodusport\",\"https:\/\/x.com\/https:\/\/twitter.com\/Nico_Jacquemard\"],\"url\":\"https:\/\/dicodusport.fr\/blog\/author\/dicodusport\/\"}]}<\/script>\n<!-- \/ Yoast SEO Premium plugin. -->","yoast_head_json":{"title":"XV de France : Grosse inqui\u00e9tude pour Anthony Jelonch qui pourrait manquer la Coupe du monde","description":"TOURNOI DES 6 NATIONS 2023 - Selon Rugbyrama, Anthony Jelonch pourrait souffrir d'une rupture des ligaments crois\u00e9s et sa Coupe du monde serait compromise.\u00a0","robots":{"index":"index","follow":"follow","max-snippet":"max-snippet:-1","max-image-preview":"max-image-preview:large","max-video-preview":"max-video-preview:-1"},"canonical":"https:\/\/dicodusport.fr\/blog\/xv-de-france-grosse-inquietude-pour-anthony-jelonch-qui-pourrait-manquer-la-coupe-du-monde\/","og_locale":"fr_FR","og_type":"article","og_title":"XV de France : Grosse inqui\u00e9tude pour Anthony Jelonch qui pourrait manquer la Coupe du monde","og_description":"TOURNOI DES 6 NATIONS 2023 - Selon Rugbyrama, Anthony Jelonch pourrait souffrir d'une rupture des ligaments crois\u00e9s et sa Coupe du monde serait compromise.\u00a0","og_url":"https:\/\/dicodusport.fr\/blog\/xv-de-france-grosse-inquietude-pour-anthony-jelonch-qui-pourrait-manquer-la-coupe-du-monde\/","og_site_name":"Dicodusport","article_publisher":"https:\/\/www.facebook.com\/dicodusport","article_author":"https:\/\/www.facebook.com\/dicodusport","article_published_time":"2023-02-26T18:38:17+00:00","article_modified_time":"2023-02-26T20:56:38+00:00","og_image":[{"width":800,"height":445,"url":"https:\/\/dicodusport.fr\/blog\/wp-content\/uploads\/2023\/02\/XV-de-France-Grosse-inquietude-pour-Anthony-Jelonch-qui-pourrait-manquer-la-Coupe-du-monde.png","type":"image\/png"}],"author":"Nicolas Jacquemard","twitter_card":"summary_large_image","twitter_title":"XV de France : Grosse inqui\u00e9tude pour Anthony Jelonch qui pourrait manquer la Coupe du monde","twitter_creator":"@https:\/\/twitter.com\/Nico_Jacquemard","twitter_site":"@dicodusport","schema":{"@context":"https:\/\/schema.org","@graph":[{"@type":"NewsArticle","@id":"https:\/\/dicodusport.fr\/blog\/xv-de-france-grosse-inquietude-pour-anthony-jelonch-qui-pourrait-manquer-la-coupe-du-monde\/#article","isPartOf":{"@id":"https:\/\/dicodusport.fr\/blog\/xv-de-france-grosse-inquietude-pour-anthony-jelonch-qui-pourrait-manquer-la-coupe-du-monde\/"},"author":{"name":"Nicolas Jacquemard","@id":"https:\/\/dicodusport.fr\/blog\/#\/schema\/person\/55dcb50ad410894e431ed812bbb70191"},"headline":"XV de France : Grosse inqui\u00e9tude pour Anthony Jelonch qui pourrait manquer la Coupe du monde","datePublished":"2023-02-26T18:38:17+00:00","dateModified":"2023-02-26T20:56:38+00:00","mainEntityOfPage":{"@id":"https:\/\/dicodusport.fr\/blog\/xv-de-france-grosse-inquietude-pour-anthony-jelonch-qui-pourrait-manquer-la-coupe-du-monde\/"},"wordCount":288,"commentCount":0,"publisher":{"@id":"https:\/\/dicodusport.fr\/blog\/#organization"},"image":{"@id":"https:\/\/dicodusport.fr\/blog\/xv-de-france-grosse-inquietude-pour-anthony-jelonch-qui-pourrait-manquer-la-coupe-du-monde\/#primaryimage"},"thumbnailUrl":"https:\/\/dicodusport.fr\/blog\/wp-content\/uploads\/2023\/02\/XV-de-France-Grosse-inquietude-pour-Anthony-Jelonch-qui-pourrait-manquer-la-Coupe-du-monde.png","keywords":["Anthony Jelonch","br\u00e8ve","Coupe du monde","Rugby \u00e0 XV","Stade Toulousain","Tournoi des 6 Nations","XV de France"],"articleSection":["Rugby \u00e0 XV","XV de France"],"inLanguage":"fr-FR","potentialAction":[{"@type":"CommentAction","name":"Comment","target":["https:\/\/dicodusport.fr\/blog\/xv-de-france-grosse-inquietude-pour-anthony-jelonch-qui-pourrait-manquer-la-coupe-du-monde\/#respond"]}],"copyrightYear":"2023","copyrightHolder":{"@id":"https:\/\/dicodusport.fr\/blog\/#organization"}},{"@type":"WebPage","@id":"https:\/\/dicodusport.fr\/blog\/xv-de-france-grosse-inquietude-pour-anthony-jelonch-qui-pourrait-manquer-la-coupe-du-monde\/","url":"https:\/\/dicodusport.fr\/blog\/xv-de-france-grosse-inquietude-pour-anthony-jelonch-qui-pourrait-manquer-la-coupe-du-monde\/","name":"XV de France : Grosse inqui\u00e9tude pour Anthony Jelonch qui pourrait manquer la Coupe du monde","isPartOf":{"@id":"https:\/\/dicodusport.fr\/blog\/#website"},"primaryImageOfPage":{"@id":"https:\/\/dicodusport.fr\/blog\/xv-de-france-grosse-inquietude-pour-anthony-jelonch-qui-pourrait-manquer-la-coupe-du-monde\/#primaryimage"},"image":{"@id":"https:\/\/dicodusport.fr\/blog\/xv-de-france-grosse-inquietude-pour-anthony-jelonch-qui-pourrait-manquer-la-coupe-du-monde\/#primaryimage"},"thumbnailUrl":"https:\/\/dicodusport.fr\/blog\/wp-content\/uploads\/2023\/02\/XV-de-France-Grosse-inquietude-pour-Anthony-Jelonch-qui-pourrait-manquer-la-Coupe-du-monde.png","datePublished":"2023-02-26T18:38:17+00:00","dateModified":"2023-02-26T20:56:38+00:00","description":"TOURNOI DES 6 NATIONS 2023 - Selon Rugbyrama, Anthony Jelonch pourrait souffrir d'une rupture des ligaments crois\u00e9s et sa Coupe du monde serait compromise.\u00a0","breadcrumb":{"@id":"https:\/\/dicodusport.fr\/blog\/xv-de-france-grosse-inquietude-pour-anthony-jelonch-qui-pourrait-manquer-la-coupe-du-monde\/#breadcrumb"},"inLanguage":"fr-FR","potentialAction":[{"@type":"ReadAction","target":["https:\/\/dicodusport.fr\/blog\/xv-de-france-grosse-inquietude-pour-anthony-jelonch-qui-pourrait-manquer-la-coupe-du-monde\/"]}]},{"@type":"ImageObject","inLanguage":"fr-FR","@id":"https:\/\/dicodusport.fr\/blog\/xv-de-france-grosse-inquietude-pour-anthony-jelonch-qui-pourrait-manquer-la-coupe-du-monde\/#primaryimage","url":"https:\/\/dicodusport.fr\/blog\/wp-content\/uploads\/2023\/02\/XV-de-France-Grosse-inquietude-pour-Anthony-Jelonch-qui-pourrait-manquer-la-Coupe-du-monde.png","contentUrl":"https:\/\/dicodusport.fr\/blog\/wp-content\/uploads\/2023\/02\/XV-de-France-Grosse-inquietude-pour-Anthony-Jelonch-qui-pourrait-manquer-la-Coupe-du-monde.png","width":800,"height":445},{"@type":"BreadcrumbList","@id":"https:\/\/dicodusport.fr\/blog\/xv-de-france-grosse-inquietude-pour-anthony-jelonch-qui-pourrait-manquer-la-coupe-du-monde\/#breadcrumb","itemListElement":[{"@type":"ListItem","position":1,"name":"Accueil","item":"https:\/\/dicodusport.fr\/blog\/"},{"@type":"ListItem","position":2,"name":"XV de France : Grosse inqui\u00e9tude pour Anthony Jelonch qui pourrait manquer la Coupe du monde"}]},{"@type":"WebSite","@id":"https:\/\/dicodusport.fr\/blog\/#website","url":"https:\/\/dicodusport.fr\/blog\/","name":"Dicodusport","description":"L&#039;encyclop\u00e9die de l&#039;actualit\u00e9 sportive","publisher":{"@id":"https:\/\/dicodusport.fr\/blog\/#organization"},"potentialAction":[{"@type":"SearchAction","target":{"@type":"EntryPoint","urlTemplate":"https:\/\/dicodusport.fr\/blog\/?s={search_term_string}"},"query-input":{"@type":"PropertyValueSpecification","valueRequired":true,"valueName":"search_term_string"}}],"inLanguage":"fr-FR"},{"@type":"NewsMediaOrganization","@id":"https:\/\/dicodusport.fr\/blog\/#organization","name":"Dicodusport","url":"https:\/\/dicodusport.fr\/blog\/","logo":{"@type":"ImageObject","inLanguage":"fr-FR","@id":"https:\/\/dicodusport.fr\/blog\/#\/schema\/logo\/image\/","url":"https:\/\/dicodusport.fr\/blog\/wp-content\/uploads\/2020\/06\/cropped-LOGO-DICODUSPORT-2020-SANS-FOND-SANS-TEXTE.png","contentUrl":"https:\/\/dicodusport.fr\/blog\/wp-content\/uploads\/2020\/06\/cropped-LOGO-DICODUSPORT-2020-SANS-FOND-SANS-TEXTE.png","width":512,"height":512,"caption":"Dicodusport"},"image":{"@id":"https:\/\/dicodusport.fr\/blog\/#\/schema\/logo\/image\/"},"sameAs":["https:\/\/www.facebook.com\/dicodusport","https:\/\/x.com\/dicodusport","https:\/\/www.instagram.com\/dicodusport\/","https:\/\/www.youtube.com\/channel\/UC7V2KZ5sd3htJivAbA4ZG3w"],"description":"Dicodusport est l'encyclop\u00e9die de l'actualit\u00e9 sportive.","email":"bonjour@dicodusport.fr","legalName":"DICODUSPORT","foundingDate":"2018-01-14","vatID":"FR71834470973","taxID":"83447097300043","numberOfEmployees":{"@type":"QuantitativeValue","minValue":"1","maxValue":"10"}},{"@type":"Person","@id":"https:\/\/dicodusport.fr\/blog\/#\/schema\/person\/55dcb50ad410894e431ed812bbb70191","name":"Nicolas Jacquemard","image":{"@type":"ImageObject","inLanguage":"fr-FR","@id":"https:\/\/dicodusport.fr\/blog\/#\/schema\/person\/image\/","url":"https:\/\/dicodusport.fr\/blog\/wp-content\/uploads\/2021\/05\/Nicolas-Jacquemard-150x150.jpeg","contentUrl":"https:\/\/dicodusport.fr\/blog\/wp-content\/uploads\/2021\/05\/Nicolas-Jacquemard-150x150.jpeg","caption":"Nicolas Jacquemard"},"description":"Passionn\u00e9 de sport et entrepreneur depuis mes 18 ans, la cr\u00e9ation de Dicodusport m'a sembl\u00e9 \u00e9vidente pour participer \u00e0 la m\u00e9diatisation d'un plus grand nombre de sports. Le chemin est long mais avec une \u00e9quipe des plus motiv\u00e9es et les Jeux Olympiques de Paris 2024 en point de mire, nous y arriverons ! Journaliste dans le monde du sport depuis plus de 5 ans, je traite aussi bien de football, de rugby, de biathlon que de cyclisme.","sameAs":["https:\/\/www.facebook.com\/dicodusport","https:\/\/x.com\/https:\/\/twitter.com\/Nico_Jacquemard"],"url":"https:\/\/dicodusport.fr\/blog\/author\/dicodusport\/"}]}},"_links":{"self":[{"href":"https:\/\/dicodusport.fr\/blog\/wp-json\/wp\/v2\/posts\/359839","targetHints":{"allow":["GET"]}}],"collection":[{"href":"https:\/\/dicodusport.fr\/blog\/wp-json\/wp\/v2\/posts"}],"about":[{"href":"https:\/\/dicodusport.fr\/blog\/wp-json\/wp\/v2\/types\/post"}],"author":[{"embeddable":true,"href":"https:\/\/dicodusport.fr\/blog\/wp-json\/wp\/v2\/users\/1"}],"replies":[{"embeddable":true,"href":"https:\/\/dicodusport.fr\/blog\/wp-json\/wp\/v2\/comments?post=359839"}],"version-history":[{"count":0,"href":"https:\/\/dicodusport.fr\/blog\/wp-json\/wp\/v2\/posts\/359839\/revisions"}],"wp:featuredmedia":[{"embeddable":true,"href":"https:\/\/dicodusport.fr\/blog\/wp-json\/wp\/v2\/media\/359840"}],"wp:attachment":[{"href":"https:\/\/dicodusport.fr\/blog\/wp-json\/wp\/v2\/media?parent=359839"}],"wp:term":[{"taxonomy":"category","embeddable":true,"href":"https:\/\/dicodusport.fr\/blog\/wp-json\/wp\/v2\/categories?post=359839"},{"taxonomy":"post_tag","embeddable":true,"href":"https:\/\/dicodusport.fr\/blog\/wp-json\/wp\/v2\/tags?post=359839"}],"curies":[{"name":"wp","href":"https:\/\/api.w.org\/{rel}","templated":true}]}}