{"id":359946,"date":"2023-02-27T00:19:54","date_gmt":"2023-02-26T23:19:54","guid":{"rendered":"https:\/\/dicodusport.fr\/blog\/?p=359946&#038;preview=true&#038;preview_id=359946"},"modified":"2025-08-24T13:07:55","modified_gmt":"2025-08-24T11:07:55","slug":"ibu-cup-canmore-emilien-claude-remporte-le-super-sprint","status":"publish","type":"post","link":"https:\/\/dicodusport.fr\/blog\/ibu-cup-canmore-emilien-claude-remporte-le-super-sprint\/","title":{"rendered":"IBU Cup Canmore : \u00c9milien Claude remporte le super sprint"},"content":{"rendered":"<p style=\"text-align: justify;\"><b><i><a href=\"https:\/\/dicodusport.fr\/blog\/ibu-cup-canmore-2023-programme-complet-et-resultats\/\">BIATHLON &#8211; IBU CUP CANMORE 2023<\/a> &#8211; Premier succ\u00e8s depuis plus d&rsquo;un an pour \u00c9milien Claude. Le Fran\u00e7ais s&rsquo;est impos\u00e9 sur le super sprint au Canada, gr\u00e2ce \u00e0 un tir parfait.<\/i><\/b><\/p>\n<p style=\"text-align: justify;\"><strong>\u00c9milien Claude<\/strong> est pass\u00e9 par tous les \u00e9tats au Canada. Vendredi, il commettait six fautes au tir et terminait tr\u00e8s loin lors du sprint. Ce soir, c&rsquo;\u00e9tait l&rsquo;inverse. Apr\u00e8s avoir pass\u00e9 les qualifications, il a pris place dans le peloton de t\u00eate d&rsquo;entr\u00e9e de jeu. Arm\u00e9 d&rsquo;un tir impeccable, puisqu&rsquo;il a sign\u00e9 l&rsquo;un des deux seuls 20\/20 de la course, il est rest\u00e9 en course pour la victoire.<\/p>\n<blockquote class=\"twitter-tweet\">\n<p dir=\"ltr\" lang=\"fr\">\ud83c\uddeb\ud83c\uddf7 Victoire fran\u00e7aise en IBU Cup avec \u00c9milien Claude qui remporte le Super sprint \u00e0 Canmore ! <a href=\"https:\/\/twitter.com\/hashtag\/lequipeBIATHLON?src=hash&amp;ref_src=twsrc%5Etfw\">#lequipeBIATHLON<\/a> <a href=\"https:\/\/t.co\/mREkeVCpAr\">pic.twitter.com\/mREkeVCpAr<\/a><\/p>\n<p>\u2014 L&rsquo;\u00c9QUIPE (@lequipe) <a href=\"https:\/\/twitter.com\/lequipe\/status\/1629983890466123778?ref_src=twsrc%5Etfw\">February 26, 2023<\/a><\/p><\/blockquote>\n<p style=\"text-align: justify;\"><script async src=\"https:\/\/platform.twitter.com\/widgets.js\" charset=\"utf-8\"><\/script><br \/>\nSorti en t\u00eate du dernier tir flanqu\u00e9 de<strong> Lukas Fratzscher<\/strong>, il a r\u00e9sist\u00e9 aux assauts de l&rsquo;Allemand pour lever les bras sur la ligne d&rsquo;arriv\u00e9e. Une superbe victoire pour un biathl\u00e8te qui n&rsquo;avait plus gagn\u00e9 en IBU Cup depuis janvier 2022. Les autres Fran\u00e7ais engag\u00e9s, <strong>R\u00e9mi Broutier<\/strong> et <strong>Ambroise Meunier<\/strong>, cumulent 14 fautes au tir et terminent 19e et 22e.<\/p>\n<h2 style=\"text-align: justify;\">\u00c0 lire aussi<\/h2>\n<ul>\n<li style=\"text-align: justify;\"><a href=\"https:\/\/dicodusport.fr\/blog\/biathlon-ibu-cup-canmore-classement-super-sprint-hommes\/\"><strong>Le classement du super sprint hommes<\/strong><\/a><\/li>\n<li style=\"text-align: justify;\"><a href=\"https:\/\/dicodusport.fr\/blog\/ibu-cup-2022-2023-classement-general-hommes\/\"><strong>Classement g\u00e9n\u00e9ral de l&rsquo;IBU Cup<\/strong><\/a><\/li>\n<li style=\"text-align: justify;\"><a href=\"https:\/\/dicodusport.fr\/blog\/biathlon-ibu-cup-2022-2023-le-calendrier-complet\/\"><strong>Le calendrier complet de l&rsquo;IBU Cup 2022-2023<\/strong><\/a><\/li>\n<\/ul>\n","protected":false},"excerpt":{"rendered":"<p>BIATHLON &#8211; IBU CUP CANMORE 2023 &#8211; Premier succ\u00e8s depuis plus d&rsquo;un an pour \u00c9milien Claude. Le Fran\u00e7ais s&rsquo;est impos\u00e9 sur le super sprint au Canada, gr\u00e2ce \u00e0 un tir parfait.<\/p>\n","protected":false},"author":59,"featured_media":359948,"comment_status":"open","ping_status":"closed","sticky":false,"template":"","format":"standard","meta":{"_acf_changed":false,"_daextam_enable_autolinks":"","footnotes":""},"categories":[2426],"tags":[2427,29961,16878,14832,29883],"class_list":["post-359946","post","type-post","status-publish","format-standard","has-post-thumbnail","hentry","category-biathlon","tag-biathlon","tag-biathlon-canmore","tag-breve","tag-emilien-claude","tag-ibu-cup-canmore"],"acf":[],"yoast_head":"<!-- This site is optimized with the Yoast SEO Premium plugin v26.7 (Yoast SEO v26.7) - https:\/\/yoast.com\/wordpress\/plugins\/seo\/ -->\n<title>IBU Cup Canmore : \u00c9milien Claude remporte le super sprint<\/title>\n<meta name=\"description\" content=\"BIATHLON - IBU CUP CANMORE 2023 - Premier succ\u00e8s depuis plus d&#039;un an pour \u00c9milien Claude. Le Fran\u00e7ais s&#039;est impos\u00e9 sur le super sprint au Canada, gr\u00e2ce \u00e0 un tir parfait.\" \/>\n<meta name=\"robots\" content=\"index, follow, max-snippet:-1, max-image-preview:large, max-video-preview:-1\" \/>\n<link rel=\"canonical\" href=\"https:\/\/dicodusport.fr\/blog\/ibu-cup-canmore-emilien-claude-remporte-le-super-sprint\/\" \/>\n<meta property=\"og:locale\" content=\"fr_FR\" \/>\n<meta property=\"og:type\" content=\"article\" \/>\n<meta property=\"og:title\" content=\"IBU Cup Canmore : \u00c9milien Claude remporte le super sprint\" \/>\n<meta property=\"og:description\" content=\"BIATHLON - IBU CUP CANMORE 2023 - Premier succ\u00e8s depuis plus d&#039;un an pour \u00c9milien Claude. Le Fran\u00e7ais s&#039;est impos\u00e9 sur le super sprint au Canada, gr\u00e2ce \u00e0 un tir parfait.\" \/>\n<meta property=\"og:url\" content=\"https:\/\/dicodusport.fr\/blog\/ibu-cup-canmore-emilien-claude-remporte-le-super-sprint\/\" \/>\n<meta property=\"og:site_name\" content=\"Dicodusport\" \/>\n<meta property=\"article:publisher\" content=\"https:\/\/www.facebook.com\/dicodusport\" \/>\n<meta property=\"article:author\" content=\"https:\/\/www.facebook.com\/sebastien.gente\/\" \/>\n<meta property=\"article:published_time\" content=\"2023-02-26T23:19:54+00:00\" \/>\n<meta property=\"article:modified_time\" content=\"2025-08-24T11:07:55+00:00\" \/>\n<meta property=\"og:image\" content=\"https:\/\/dicodusport.fr\/blog\/wp-content\/uploads\/2023\/02\/IBU-Cup-Canmore-Emilien-Claude-remporte-le-super-sprint.png\" \/>\n\t<meta property=\"og:image:width\" content=\"800\" \/>\n\t<meta property=\"og:image:height\" content=\"445\" \/>\n\t<meta property=\"og:image:type\" content=\"image\/png\" \/>\n<meta name=\"author\" content=\"S\u00e9bastien Gente\" \/>\n<meta name=\"twitter:card\" content=\"summary_large_image\" \/>\n<meta name=\"twitter:title\" content=\"IBU Cup Canmore : \u00c9milien Claude remporte le super sprint\" \/>\n<meta name=\"twitter:creator\" content=\"@https:\/\/twitter.com\/globulo24\" \/>\n<meta name=\"twitter:site\" content=\"@dicodusport\" \/>\n<script type=\"application\/ld+json\" class=\"yoast-schema-graph\">{\"@context\":\"https:\/\/schema.org\",\"@graph\":[{\"@type\":\"NewsArticle\",\"@id\":\"https:\/\/dicodusport.fr\/blog\/ibu-cup-canmore-emilien-claude-remporte-le-super-sprint\/#article\",\"isPartOf\":{\"@id\":\"https:\/\/dicodusport.fr\/blog\/ibu-cup-canmore-emilien-claude-remporte-le-super-sprint\/\"},\"author\":{\"name\":\"S\u00e9bastien Gente\",\"@id\":\"https:\/\/dicodusport.fr\/blog\/#\/schema\/person\/627966a6cde45dbd8c5e36ac85d783da\"},\"headline\":\"IBU Cup Canmore : \u00c9milien Claude remporte le super sprint\",\"datePublished\":\"2023-02-26T23:19:54+00:00\",\"dateModified\":\"2025-08-24T11:07:55+00:00\",\"mainEntityOfPage\":{\"@id\":\"https:\/\/dicodusport.fr\/blog\/ibu-cup-canmore-emilien-claude-remporte-le-super-sprint\/\"},\"wordCount\":236,\"commentCount\":0,\"publisher\":{\"@id\":\"https:\/\/dicodusport.fr\/blog\/#organization\"},\"image\":{\"@id\":\"https:\/\/dicodusport.fr\/blog\/ibu-cup-canmore-emilien-claude-remporte-le-super-sprint\/#primaryimage\"},\"thumbnailUrl\":\"https:\/\/dicodusport.fr\/blog\/wp-content\/uploads\/2023\/02\/IBU-Cup-Canmore-Emilien-Claude-remporte-le-super-sprint.png\",\"keywords\":[\"Biathlon\",\"Biathlon Canmore\",\"br\u00e8ve\",\"Emilien Claude\",\"IBU Cup Canmore\"],\"articleSection\":[\"Biathlon\"],\"inLanguage\":\"fr-FR\",\"potentialAction\":[{\"@type\":\"CommentAction\",\"name\":\"Comment\",\"target\":[\"https:\/\/dicodusport.fr\/blog\/ibu-cup-canmore-emilien-claude-remporte-le-super-sprint\/#respond\"]}],\"copyrightYear\":\"2023\",\"copyrightHolder\":{\"@id\":\"https:\/\/dicodusport.fr\/blog\/#organization\"}},{\"@type\":\"WebPage\",\"@id\":\"https:\/\/dicodusport.fr\/blog\/ibu-cup-canmore-emilien-claude-remporte-le-super-sprint\/\",\"url\":\"https:\/\/dicodusport.fr\/blog\/ibu-cup-canmore-emilien-claude-remporte-le-super-sprint\/\",\"name\":\"IBU Cup Canmore : \u00c9milien Claude remporte le super sprint\",\"isPartOf\":{\"@id\":\"https:\/\/dicodusport.fr\/blog\/#website\"},\"primaryImageOfPage\":{\"@id\":\"https:\/\/dicodusport.fr\/blog\/ibu-cup-canmore-emilien-claude-remporte-le-super-sprint\/#primaryimage\"},\"image\":{\"@id\":\"https:\/\/dicodusport.fr\/blog\/ibu-cup-canmore-emilien-claude-remporte-le-super-sprint\/#primaryimage\"},\"thumbnailUrl\":\"https:\/\/dicodusport.fr\/blog\/wp-content\/uploads\/2023\/02\/IBU-Cup-Canmore-Emilien-Claude-remporte-le-super-sprint.png\",\"datePublished\":\"2023-02-26T23:19:54+00:00\",\"dateModified\":\"2025-08-24T11:07:55+00:00\",\"description\":\"BIATHLON - IBU CUP CANMORE 2023 - Premier succ\u00e8s depuis plus d'un an pour \u00c9milien Claude. Le Fran\u00e7ais s'est impos\u00e9 sur le super sprint au Canada, gr\u00e2ce \u00e0 un tir parfait.\",\"breadcrumb\":{\"@id\":\"https:\/\/dicodusport.fr\/blog\/ibu-cup-canmore-emilien-claude-remporte-le-super-sprint\/#breadcrumb\"},\"inLanguage\":\"fr-FR\",\"potentialAction\":[{\"@type\":\"ReadAction\",\"target\":[\"https:\/\/dicodusport.fr\/blog\/ibu-cup-canmore-emilien-claude-remporte-le-super-sprint\/\"]}]},{\"@type\":\"ImageObject\",\"inLanguage\":\"fr-FR\",\"@id\":\"https:\/\/dicodusport.fr\/blog\/ibu-cup-canmore-emilien-claude-remporte-le-super-sprint\/#primaryimage\",\"url\":\"https:\/\/dicodusport.fr\/blog\/wp-content\/uploads\/2023\/02\/IBU-Cup-Canmore-Emilien-Claude-remporte-le-super-sprint.png\",\"contentUrl\":\"https:\/\/dicodusport.fr\/blog\/wp-content\/uploads\/2023\/02\/IBU-Cup-Canmore-Emilien-Claude-remporte-le-super-sprint.png\",\"width\":800,\"height\":445,\"caption\":\"IBU Cup Canmore \u00c9milien Claude remporte le super sprint\"},{\"@type\":\"BreadcrumbList\",\"@id\":\"https:\/\/dicodusport.fr\/blog\/ibu-cup-canmore-emilien-claude-remporte-le-super-sprint\/#breadcrumb\",\"itemListElement\":[{\"@type\":\"ListItem\",\"position\":1,\"name\":\"Accueil\",\"item\":\"https:\/\/dicodusport.fr\/blog\/\"},{\"@type\":\"ListItem\",\"position\":2,\"name\":\"IBU Cup Canmore : \u00c9milien Claude remporte le super sprint\"}]},{\"@type\":\"WebSite\",\"@id\":\"https:\/\/dicodusport.fr\/blog\/#website\",\"url\":\"https:\/\/dicodusport.fr\/blog\/\",\"name\":\"Dicodusport\",\"description\":\"L&#039;encyclop\u00e9die de l&#039;actualit\u00e9 sportive\",\"publisher\":{\"@id\":\"https:\/\/dicodusport.fr\/blog\/#organization\"},\"potentialAction\":[{\"@type\":\"SearchAction\",\"target\":{\"@type\":\"EntryPoint\",\"urlTemplate\":\"https:\/\/dicodusport.fr\/blog\/?s={search_term_string}\"},\"query-input\":{\"@type\":\"PropertyValueSpecification\",\"valueRequired\":true,\"valueName\":\"search_term_string\"}}],\"inLanguage\":\"fr-FR\"},{\"@type\":\"NewsMediaOrganization\",\"@id\":\"https:\/\/dicodusport.fr\/blog\/#organization\",\"name\":\"Dicodusport\",\"url\":\"https:\/\/dicodusport.fr\/blog\/\",\"logo\":{\"@type\":\"ImageObject\",\"inLanguage\":\"fr-FR\",\"@id\":\"https:\/\/dicodusport.fr\/blog\/#\/schema\/logo\/image\/\",\"url\":\"https:\/\/dicodusport.fr\/blog\/wp-content\/uploads\/2020\/06\/cropped-LOGO-DICODUSPORT-2020-SANS-FOND-SANS-TEXTE.png\",\"contentUrl\":\"https:\/\/dicodusport.fr\/blog\/wp-content\/uploads\/2020\/06\/cropped-LOGO-DICODUSPORT-2020-SANS-FOND-SANS-TEXTE.png\",\"width\":512,\"height\":512,\"caption\":\"Dicodusport\"},\"image\":{\"@id\":\"https:\/\/dicodusport.fr\/blog\/#\/schema\/logo\/image\/\"},\"sameAs\":[\"https:\/\/www.facebook.com\/dicodusport\",\"https:\/\/x.com\/dicodusport\",\"https:\/\/www.instagram.com\/dicodusport\/\",\"https:\/\/www.youtube.com\/channel\/UC7V2KZ5sd3htJivAbA4ZG3w\"],\"description\":\"Dicodusport est l'encyclop\u00e9die de l'actualit\u00e9 sportive.\",\"email\":\"bonjour@dicodusport.fr\",\"legalName\":\"DICODUSPORT\",\"foundingDate\":\"2018-01-14\",\"vatID\":\"FR71834470973\",\"taxID\":\"83447097300043\",\"numberOfEmployees\":{\"@type\":\"QuantitativeValue\",\"minValue\":\"1\",\"maxValue\":\"10\"}},{\"@type\":\"Person\",\"@id\":\"https:\/\/dicodusport.fr\/blog\/#\/schema\/person\/627966a6cde45dbd8c5e36ac85d783da\",\"name\":\"S\u00e9bastien Gente\",\"image\":{\"@type\":\"ImageObject\",\"inLanguage\":\"fr-FR\",\"@id\":\"https:\/\/dicodusport.fr\/blog\/#\/schema\/person\/image\/\",\"url\":\"https:\/\/dicodusport.fr\/blog\/wp-content\/uploads\/2021\/09\/1510990_10205810251400683_4124423575079401707_n-150x150.jpg\",\"contentUrl\":\"https:\/\/dicodusport.fr\/blog\/wp-content\/uploads\/2021\/09\/1510990_10205810251400683_4124423575079401707_n-150x150.jpg\",\"caption\":\"S\u00e9bastien Gente\"},\"description\":\"John Stockton, Gianni Bugno, Zinedine Zidane, Steffi Graf, Frode Andresen, St\u00e9phane Stoecklin, Davis Kamoga, Primoz Peterka, Werner Schlager et Aur\u00e9lien Rougerie. Point commun entre ces sportifs? Ils m'ont fait r\u00eaver et ont berc\u00e9 mon adolescence. Je suis un fondu de sports et j'essaie de retranscrire ma passion \u00e0 travers mes articles. Originaire du P\u00e9rigord, ma passion pour les Girondins, les Jaunards et les Jazzmen transpire dans mes \u00e9crits. \u00c0 Dicodusport depuis 2021, je d\u00e9niche les sports m\u00e9connus dans lesquels la France brille, et il y en a !\",\"sameAs\":[\"https:\/\/www.facebook.com\/sebastien.gente\/\",\"https:\/\/www.instagram.com\/sebgente\/\",\"https:\/\/www.linkedin.com\/in\/sbastien-gente-a29583169\/\",\"https:\/\/x.com\/https:\/\/twitter.com\/globulo24\",\"SebastienGente\"],\"worksFor\":\"S\u00e9bastien GENTE\",\"url\":\"https:\/\/dicodusport.fr\/blog\/author\/sebastiengente\/\"}]}<\/script>\n<!-- \/ Yoast SEO Premium plugin. -->","yoast_head_json":{"title":"IBU Cup Canmore : \u00c9milien Claude remporte le super sprint","description":"BIATHLON - IBU CUP CANMORE 2023 - Premier succ\u00e8s depuis plus d'un an pour \u00c9milien Claude. Le Fran\u00e7ais s'est impos\u00e9 sur le super sprint au Canada, gr\u00e2ce \u00e0 un tir parfait.","robots":{"index":"index","follow":"follow","max-snippet":"max-snippet:-1","max-image-preview":"max-image-preview:large","max-video-preview":"max-video-preview:-1"},"canonical":"https:\/\/dicodusport.fr\/blog\/ibu-cup-canmore-emilien-claude-remporte-le-super-sprint\/","og_locale":"fr_FR","og_type":"article","og_title":"IBU Cup Canmore : \u00c9milien Claude remporte le super sprint","og_description":"BIATHLON - IBU CUP CANMORE 2023 - Premier succ\u00e8s depuis plus d'un an pour \u00c9milien Claude. Le Fran\u00e7ais s'est impos\u00e9 sur le super sprint au Canada, gr\u00e2ce \u00e0 un tir parfait.","og_url":"https:\/\/dicodusport.fr\/blog\/ibu-cup-canmore-emilien-claude-remporte-le-super-sprint\/","og_site_name":"Dicodusport","article_publisher":"https:\/\/www.facebook.com\/dicodusport","article_author":"https:\/\/www.facebook.com\/sebastien.gente\/","article_published_time":"2023-02-26T23:19:54+00:00","article_modified_time":"2025-08-24T11:07:55+00:00","og_image":[{"width":800,"height":445,"url":"https:\/\/dicodusport.fr\/blog\/wp-content\/uploads\/2023\/02\/IBU-Cup-Canmore-Emilien-Claude-remporte-le-super-sprint.png","type":"image\/png"}],"author":"S\u00e9bastien Gente","twitter_card":"summary_large_image","twitter_title":"IBU Cup Canmore : \u00c9milien Claude remporte le super sprint","twitter_creator":"@https:\/\/twitter.com\/globulo24","twitter_site":"@dicodusport","schema":{"@context":"https:\/\/schema.org","@graph":[{"@type":"NewsArticle","@id":"https:\/\/dicodusport.fr\/blog\/ibu-cup-canmore-emilien-claude-remporte-le-super-sprint\/#article","isPartOf":{"@id":"https:\/\/dicodusport.fr\/blog\/ibu-cup-canmore-emilien-claude-remporte-le-super-sprint\/"},"author":{"name":"S\u00e9bastien Gente","@id":"https:\/\/dicodusport.fr\/blog\/#\/schema\/person\/627966a6cde45dbd8c5e36ac85d783da"},"headline":"IBU Cup Canmore : \u00c9milien Claude remporte le super sprint","datePublished":"2023-02-26T23:19:54+00:00","dateModified":"2025-08-24T11:07:55+00:00","mainEntityOfPage":{"@id":"https:\/\/dicodusport.fr\/blog\/ibu-cup-canmore-emilien-claude-remporte-le-super-sprint\/"},"wordCount":236,"commentCount":0,"publisher":{"@id":"https:\/\/dicodusport.fr\/blog\/#organization"},"image":{"@id":"https:\/\/dicodusport.fr\/blog\/ibu-cup-canmore-emilien-claude-remporte-le-super-sprint\/#primaryimage"},"thumbnailUrl":"https:\/\/dicodusport.fr\/blog\/wp-content\/uploads\/2023\/02\/IBU-Cup-Canmore-Emilien-Claude-remporte-le-super-sprint.png","keywords":["Biathlon","Biathlon Canmore","br\u00e8ve","Emilien Claude","IBU Cup Canmore"],"articleSection":["Biathlon"],"inLanguage":"fr-FR","potentialAction":[{"@type":"CommentAction","name":"Comment","target":["https:\/\/dicodusport.fr\/blog\/ibu-cup-canmore-emilien-claude-remporte-le-super-sprint\/#respond"]}],"copyrightYear":"2023","copyrightHolder":{"@id":"https:\/\/dicodusport.fr\/blog\/#organization"}},{"@type":"WebPage","@id":"https:\/\/dicodusport.fr\/blog\/ibu-cup-canmore-emilien-claude-remporte-le-super-sprint\/","url":"https:\/\/dicodusport.fr\/blog\/ibu-cup-canmore-emilien-claude-remporte-le-super-sprint\/","name":"IBU Cup Canmore : \u00c9milien Claude remporte le super sprint","isPartOf":{"@id":"https:\/\/dicodusport.fr\/blog\/#website"},"primaryImageOfPage":{"@id":"https:\/\/dicodusport.fr\/blog\/ibu-cup-canmore-emilien-claude-remporte-le-super-sprint\/#primaryimage"},"image":{"@id":"https:\/\/dicodusport.fr\/blog\/ibu-cup-canmore-emilien-claude-remporte-le-super-sprint\/#primaryimage"},"thumbnailUrl":"https:\/\/dicodusport.fr\/blog\/wp-content\/uploads\/2023\/02\/IBU-Cup-Canmore-Emilien-Claude-remporte-le-super-sprint.png","datePublished":"2023-02-26T23:19:54+00:00","dateModified":"2025-08-24T11:07:55+00:00","description":"BIATHLON - IBU CUP CANMORE 2023 - Premier succ\u00e8s depuis plus d'un an pour \u00c9milien Claude. Le Fran\u00e7ais s'est impos\u00e9 sur le super sprint au Canada, gr\u00e2ce \u00e0 un tir parfait.","breadcrumb":{"@id":"https:\/\/dicodusport.fr\/blog\/ibu-cup-canmore-emilien-claude-remporte-le-super-sprint\/#breadcrumb"},"inLanguage":"fr-FR","potentialAction":[{"@type":"ReadAction","target":["https:\/\/dicodusport.fr\/blog\/ibu-cup-canmore-emilien-claude-remporte-le-super-sprint\/"]}]},{"@type":"ImageObject","inLanguage":"fr-FR","@id":"https:\/\/dicodusport.fr\/blog\/ibu-cup-canmore-emilien-claude-remporte-le-super-sprint\/#primaryimage","url":"https:\/\/dicodusport.fr\/blog\/wp-content\/uploads\/2023\/02\/IBU-Cup-Canmore-Emilien-Claude-remporte-le-super-sprint.png","contentUrl":"https:\/\/dicodusport.fr\/blog\/wp-content\/uploads\/2023\/02\/IBU-Cup-Canmore-Emilien-Claude-remporte-le-super-sprint.png","width":800,"height":445,"caption":"IBU Cup Canmore \u00c9milien Claude remporte le super sprint"},{"@type":"BreadcrumbList","@id":"https:\/\/dicodusport.fr\/blog\/ibu-cup-canmore-emilien-claude-remporte-le-super-sprint\/#breadcrumb","itemListElement":[{"@type":"ListItem","position":1,"name":"Accueil","item":"https:\/\/dicodusport.fr\/blog\/"},{"@type":"ListItem","position":2,"name":"IBU Cup Canmore : \u00c9milien Claude remporte le super sprint"}]},{"@type":"WebSite","@id":"https:\/\/dicodusport.fr\/blog\/#website","url":"https:\/\/dicodusport.fr\/blog\/","name":"Dicodusport","description":"L&#039;encyclop\u00e9die de l&#039;actualit\u00e9 sportive","publisher":{"@id":"https:\/\/dicodusport.fr\/blog\/#organization"},"potentialAction":[{"@type":"SearchAction","target":{"@type":"EntryPoint","urlTemplate":"https:\/\/dicodusport.fr\/blog\/?s={search_term_string}"},"query-input":{"@type":"PropertyValueSpecification","valueRequired":true,"valueName":"search_term_string"}}],"inLanguage":"fr-FR"},{"@type":"NewsMediaOrganization","@id":"https:\/\/dicodusport.fr\/blog\/#organization","name":"Dicodusport","url":"https:\/\/dicodusport.fr\/blog\/","logo":{"@type":"ImageObject","inLanguage":"fr-FR","@id":"https:\/\/dicodusport.fr\/blog\/#\/schema\/logo\/image\/","url":"https:\/\/dicodusport.fr\/blog\/wp-content\/uploads\/2020\/06\/cropped-LOGO-DICODUSPORT-2020-SANS-FOND-SANS-TEXTE.png","contentUrl":"https:\/\/dicodusport.fr\/blog\/wp-content\/uploads\/2020\/06\/cropped-LOGO-DICODUSPORT-2020-SANS-FOND-SANS-TEXTE.png","width":512,"height":512,"caption":"Dicodusport"},"image":{"@id":"https:\/\/dicodusport.fr\/blog\/#\/schema\/logo\/image\/"},"sameAs":["https:\/\/www.facebook.com\/dicodusport","https:\/\/x.com\/dicodusport","https:\/\/www.instagram.com\/dicodusport\/","https:\/\/www.youtube.com\/channel\/UC7V2KZ5sd3htJivAbA4ZG3w"],"description":"Dicodusport est l'encyclop\u00e9die de l'actualit\u00e9 sportive.","email":"bonjour@dicodusport.fr","legalName":"DICODUSPORT","foundingDate":"2018-01-14","vatID":"FR71834470973","taxID":"83447097300043","numberOfEmployees":{"@type":"QuantitativeValue","minValue":"1","maxValue":"10"}},{"@type":"Person","@id":"https:\/\/dicodusport.fr\/blog\/#\/schema\/person\/627966a6cde45dbd8c5e36ac85d783da","name":"S\u00e9bastien Gente","image":{"@type":"ImageObject","inLanguage":"fr-FR","@id":"https:\/\/dicodusport.fr\/blog\/#\/schema\/person\/image\/","url":"https:\/\/dicodusport.fr\/blog\/wp-content\/uploads\/2021\/09\/1510990_10205810251400683_4124423575079401707_n-150x150.jpg","contentUrl":"https:\/\/dicodusport.fr\/blog\/wp-content\/uploads\/2021\/09\/1510990_10205810251400683_4124423575079401707_n-150x150.jpg","caption":"S\u00e9bastien Gente"},"description":"John Stockton, Gianni Bugno, Zinedine Zidane, Steffi Graf, Frode Andresen, St\u00e9phane Stoecklin, Davis Kamoga, Primoz Peterka, Werner Schlager et Aur\u00e9lien Rougerie. Point commun entre ces sportifs? Ils m'ont fait r\u00eaver et ont berc\u00e9 mon adolescence. Je suis un fondu de sports et j'essaie de retranscrire ma passion \u00e0 travers mes articles. Originaire du P\u00e9rigord, ma passion pour les Girondins, les Jaunards et les Jazzmen transpire dans mes \u00e9crits. \u00c0 Dicodusport depuis 2021, je d\u00e9niche les sports m\u00e9connus dans lesquels la France brille, et il y en a !","sameAs":["https:\/\/www.facebook.com\/sebastien.gente\/","https:\/\/www.instagram.com\/sebgente\/","https:\/\/www.linkedin.com\/in\/sbastien-gente-a29583169\/","https:\/\/x.com\/https:\/\/twitter.com\/globulo24","SebastienGente"],"worksFor":"S\u00e9bastien GENTE","url":"https:\/\/dicodusport.fr\/blog\/author\/sebastiengente\/"}]}},"_links":{"self":[{"href":"https:\/\/dicodusport.fr\/blog\/wp-json\/wp\/v2\/posts\/359946","targetHints":{"allow":["GET"]}}],"collection":[{"href":"https:\/\/dicodusport.fr\/blog\/wp-json\/wp\/v2\/posts"}],"about":[{"href":"https:\/\/dicodusport.fr\/blog\/wp-json\/wp\/v2\/types\/post"}],"author":[{"embeddable":true,"href":"https:\/\/dicodusport.fr\/blog\/wp-json\/wp\/v2\/users\/59"}],"replies":[{"embeddable":true,"href":"https:\/\/dicodusport.fr\/blog\/wp-json\/wp\/v2\/comments?post=359946"}],"version-history":[{"count":1,"href":"https:\/\/dicodusport.fr\/blog\/wp-json\/wp\/v2\/posts\/359946\/revisions"}],"predecessor-version":[{"id":604979,"href":"https:\/\/dicodusport.fr\/blog\/wp-json\/wp\/v2\/posts\/359946\/revisions\/604979"}],"wp:featuredmedia":[{"embeddable":true,"href":"https:\/\/dicodusport.fr\/blog\/wp-json\/wp\/v2\/media\/359948"}],"wp:attachment":[{"href":"https:\/\/dicodusport.fr\/blog\/wp-json\/wp\/v2\/media?parent=359946"}],"wp:term":[{"taxonomy":"category","embeddable":true,"href":"https:\/\/dicodusport.fr\/blog\/wp-json\/wp\/v2\/categories?post=359946"},{"taxonomy":"post_tag","embeddable":true,"href":"https:\/\/dicodusport.fr\/blog\/wp-json\/wp\/v2\/tags?post=359946"}],"curies":[{"name":"wp","href":"https:\/\/api.w.org\/{rel}","templated":true}]}}