{"id":360031,"date":"2023-02-27T11:30:55","date_gmt":"2023-02-27T10:30:55","guid":{"rendered":"https:\/\/dicodusport.fr\/blog\/?p=360031&#038;preview=true&#038;preview_id=360031"},"modified":"2023-02-28T13:11:28","modified_gmt":"2023-02-28T12:11:28","slug":"bleues-corinne-diacre-devrait-presenter-sa-demission-demain","status":"publish","type":"post","link":"https:\/\/dicodusport.fr\/blog\/bleues-corinne-diacre-devrait-presenter-sa-demission-demain\/","title":{"rendered":"Bleues : Corinne Diacre devrait pr\u00e9senter sa d\u00e9mission demain"},"content":{"rendered":"<p align=\"justify\"><em><strong>\u00c9QUIPE DE FRANCE F\u00c9MININE DE FOOTBALL &#8211; La crise qui secoue les Bleues devrait rapidement trouver son \u00e9pilogue, puisque Mohamed Toubache annonce que Corinne Diacre devrait d\u00e9missionner demain.<\/strong><\/em><\/p>\n<p align=\"justify\">Vendredi, <a href=\"https:\/\/dicodusport.fr\/blog\/bleues-wendie-renard-se-met-en-retrait-de-lequipe-de-france\/\"><strong>Wendie Renard<\/strong> annon\u00e7ait sa mise en retrait de l&rsquo;\u00e9quipe de France<\/a>, avant que <a href=\"https:\/\/dicodusport.fr\/blog\/bleues-au-tour-de-marie-antoinette-katoto-et-kadidiatou-diani-de-dire-stop\/\"><strong>Kadidiatou Diani<\/strong> et <strong>Marie-Antoinette Katoto<\/strong> ne lui embo\u00eetent le pas<\/a>, arguant de leur incapacit\u00e9 \u00e0 rester \u00ab\u00a0dans les conditions actuelles\u00a0\u00bb. L&rsquo;\u00e9quipe de France semblait se diriger vers une grave crise, mais il semblerait que la r\u00e9solution puisse \u00eatre plus rapide que pr\u00e9vu.<\/p>\n<blockquote class=\"twitter-tweet\">\n<p dir=\"ltr\" lang=\"fr\">Corinne Diacre devrait remettre sa d\u00e9mission, d\u00e8s demain.<\/p>\n<p>PS: sur Twitter, avoir un avis minoritaire sur ce sujet est difficile.<br \/>\nPersonnellement, je respecte l\u2019avis de tous\u2026 observez bien les vautours &amp; les charognards, maintenant.<\/p>\n<p>\u2014 Mohamed TOUBACHE-TER (@MohamedTERParis) <a href=\"https:\/\/twitter.com\/MohamedTERParis\/status\/1630132387035193344?ref_src=twsrc%5Etfw\">February 27, 2023<\/a><\/p><\/blockquote>\n<p><script async src=\"https:\/\/platform.twitter.com\/widgets.js\" charset=\"utf-8\"><\/script><\/p>\n<p align=\"justify\">Selon <strong>Mohamed Toubache, Corinne Diacre<\/strong> devrait pr\u00e9senter sa d\u00e9mission demain, et quitter la t\u00eate des Bleues. Souvent d\u00e9cri\u00e9e, en poste depuis 2017, elle n&rsquo;aura pas r\u00e9ussi \u00e0 mener les Fran\u00e7aises en finale d&rsquo;un grand tournoi, n&rsquo;allant que jusqu&rsquo;en demi-finales du dernier Euro. Prolong\u00e9e par la FFF apr\u00e8s ce r\u00e9sultat, elle devrait donc quitter le navire. Le Comit\u00e9 Ex\u00e9cutif pr\u00e9vu demain s&rsquo;annonce anim\u00e9 du c\u00f4t\u00e9 de la F\u00e9d\u00e9ration.<\/p>\n<p style=\"text-align: justify;\" align=\"justify\"><em><strong>Edit du 28\/02\/2023 \u00e0 13h05 :<\/strong> Finalement, il n&rsquo;y a pas eu de d\u00e9mission de Corinne Diacre ce mardi. Le comit\u00e9 ex\u00e9cutif de la FFF, qui a eu lieu ce 28 f\u00e9vrier, n&rsquo;a, de plus, pas pris de d\u00e9cision concernant l&rsquo;avenir de la s\u00e9lectionneuse des Bleues. Le sort de cette derni\u00e8re devrait \u00eatre scell\u00e9, au plus tard, le 9 mars prochain.<\/em><\/p>\n","protected":false},"excerpt":{"rendered":"<p>\u00c9QUIPE DE FRANCE F\u00c9MININE DE FOOTBALL &#8211; La crise qui secoue les Bleues devrait rapidement trouver son \u00e9pilogue, puisque Mohamed Toubache annonce que Corinne Diacre devrait d\u00e9missionner demain.<\/p>\n","protected":false},"author":59,"featured_media":360035,"comment_status":"open","ping_status":"closed","sticky":false,"template":"","format":"standard","meta":{"_acf_changed":false,"_daextam_enable_autolinks":"","footnotes":""},"categories":[2301],"tags":[16878,7479,6653,75],"class_list":["post-360031","post","type-post","status-publish","format-standard","has-post-thumbnail","hentry","category-football","tag-breve","tag-corinne-diacre","tag-equipe-de-france-feminine-de-football","tag-football"],"acf":[],"yoast_head":"<!-- This site is optimized with the Yoast SEO Premium plugin v26.7 (Yoast SEO v26.7) - https:\/\/yoast.com\/wordpress\/plugins\/seo\/ -->\n<title>Bleues : Corinne Diacre devrait pr\u00e9senter sa d\u00e9mission demain<\/title>\n<meta name=\"description\" content=\"\u00c9QUIPE DE FRANCE F\u00c9MININE DE FOOTBALL - Mohamed Toubache annonce que Corinne Diacre devrait d\u00e9missionner demain.\" \/>\n<meta name=\"robots\" content=\"index, follow, max-snippet:-1, max-image-preview:large, max-video-preview:-1\" \/>\n<link rel=\"canonical\" href=\"https:\/\/dicodusport.fr\/blog\/bleues-corinne-diacre-devrait-presenter-sa-demission-demain\/\" \/>\n<meta property=\"og:locale\" content=\"fr_FR\" \/>\n<meta property=\"og:type\" content=\"article\" \/>\n<meta property=\"og:title\" content=\"Bleues : Corinne Diacre devrait pr\u00e9senter sa d\u00e9mission demain\" \/>\n<meta property=\"og:description\" content=\"\u00c9QUIPE DE FRANCE F\u00c9MININE DE FOOTBALL - Mohamed Toubache annonce que Corinne Diacre devrait d\u00e9missionner demain.\" \/>\n<meta property=\"og:url\" content=\"https:\/\/dicodusport.fr\/blog\/bleues-corinne-diacre-devrait-presenter-sa-demission-demain\/\" \/>\n<meta property=\"og:site_name\" content=\"Dicodusport\" \/>\n<meta property=\"article:publisher\" content=\"https:\/\/www.facebook.com\/dicodusport\" \/>\n<meta property=\"article:author\" content=\"https:\/\/www.facebook.com\/sebastien.gente\/\" \/>\n<meta property=\"article:published_time\" content=\"2023-02-27T10:30:55+00:00\" \/>\n<meta property=\"article:modified_time\" content=\"2023-02-28T12:11:28+00:00\" \/>\n<meta property=\"og:image\" content=\"https:\/\/dicodusport.fr\/blog\/wp-content\/uploads\/2023\/02\/Bleues-Corinne-Diacre-devrait-presenter-sa-demission-demain.png\" \/>\n\t<meta property=\"og:image:width\" content=\"800\" \/>\n\t<meta property=\"og:image:height\" content=\"445\" \/>\n\t<meta property=\"og:image:type\" content=\"image\/png\" \/>\n<meta name=\"author\" content=\"S\u00e9bastien Gente\" \/>\n<meta name=\"twitter:card\" content=\"summary_large_image\" \/>\n<meta name=\"twitter:title\" content=\"Bleues : Corinne Diacre devrait pr\u00e9senter sa d\u00e9mission demain\" \/>\n<meta name=\"twitter:creator\" content=\"@https:\/\/twitter.com\/globulo24\" \/>\n<meta name=\"twitter:site\" content=\"@dicodusport\" \/>\n<script type=\"application\/ld+json\" class=\"yoast-schema-graph\">{\"@context\":\"https:\/\/schema.org\",\"@graph\":[{\"@type\":\"NewsArticle\",\"@id\":\"https:\/\/dicodusport.fr\/blog\/bleues-corinne-diacre-devrait-presenter-sa-demission-demain\/#article\",\"isPartOf\":{\"@id\":\"https:\/\/dicodusport.fr\/blog\/bleues-corinne-diacre-devrait-presenter-sa-demission-demain\/\"},\"author\":{\"name\":\"S\u00e9bastien Gente\",\"@id\":\"https:\/\/dicodusport.fr\/blog\/#\/schema\/person\/627966a6cde45dbd8c5e36ac85d783da\"},\"headline\":\"Bleues : Corinne Diacre devrait pr\u00e9senter sa d\u00e9mission demain\",\"datePublished\":\"2023-02-27T10:30:55+00:00\",\"dateModified\":\"2023-02-28T12:11:28+00:00\",\"mainEntityOfPage\":{\"@id\":\"https:\/\/dicodusport.fr\/blog\/bleues-corinne-diacre-devrait-presenter-sa-demission-demain\/\"},\"wordCount\":292,\"commentCount\":10,\"publisher\":{\"@id\":\"https:\/\/dicodusport.fr\/blog\/#organization\"},\"image\":{\"@id\":\"https:\/\/dicodusport.fr\/blog\/bleues-corinne-diacre-devrait-presenter-sa-demission-demain\/#primaryimage\"},\"thumbnailUrl\":\"https:\/\/dicodusport.fr\/blog\/wp-content\/uploads\/2023\/02\/Bleues-Corinne-Diacre-devrait-presenter-sa-demission-demain.png\",\"keywords\":[\"br\u00e8ve\",\"Corinne Diacre\",\"\u00c9quipe de France f\u00e9minine de football\",\"Football\"],\"articleSection\":[\"Football\"],\"inLanguage\":\"fr-FR\",\"potentialAction\":[{\"@type\":\"CommentAction\",\"name\":\"Comment\",\"target\":[\"https:\/\/dicodusport.fr\/blog\/bleues-corinne-diacre-devrait-presenter-sa-demission-demain\/#respond\"]}],\"copyrightYear\":\"2023\",\"copyrightHolder\":{\"@id\":\"https:\/\/dicodusport.fr\/blog\/#organization\"}},{\"@type\":\"WebPage\",\"@id\":\"https:\/\/dicodusport.fr\/blog\/bleues-corinne-diacre-devrait-presenter-sa-demission-demain\/\",\"url\":\"https:\/\/dicodusport.fr\/blog\/bleues-corinne-diacre-devrait-presenter-sa-demission-demain\/\",\"name\":\"Bleues : Corinne Diacre devrait pr\u00e9senter sa d\u00e9mission demain\",\"isPartOf\":{\"@id\":\"https:\/\/dicodusport.fr\/blog\/#website\"},\"primaryImageOfPage\":{\"@id\":\"https:\/\/dicodusport.fr\/blog\/bleues-corinne-diacre-devrait-presenter-sa-demission-demain\/#primaryimage\"},\"image\":{\"@id\":\"https:\/\/dicodusport.fr\/blog\/bleues-corinne-diacre-devrait-presenter-sa-demission-demain\/#primaryimage\"},\"thumbnailUrl\":\"https:\/\/dicodusport.fr\/blog\/wp-content\/uploads\/2023\/02\/Bleues-Corinne-Diacre-devrait-presenter-sa-demission-demain.png\",\"datePublished\":\"2023-02-27T10:30:55+00:00\",\"dateModified\":\"2023-02-28T12:11:28+00:00\",\"description\":\"\u00c9QUIPE DE FRANCE F\u00c9MININE DE FOOTBALL - Mohamed Toubache annonce que Corinne Diacre devrait d\u00e9missionner demain.\",\"breadcrumb\":{\"@id\":\"https:\/\/dicodusport.fr\/blog\/bleues-corinne-diacre-devrait-presenter-sa-demission-demain\/#breadcrumb\"},\"inLanguage\":\"fr-FR\",\"potentialAction\":[{\"@type\":\"ReadAction\",\"target\":[\"https:\/\/dicodusport.fr\/blog\/bleues-corinne-diacre-devrait-presenter-sa-demission-demain\/\"]}]},{\"@type\":\"ImageObject\",\"inLanguage\":\"fr-FR\",\"@id\":\"https:\/\/dicodusport.fr\/blog\/bleues-corinne-diacre-devrait-presenter-sa-demission-demain\/#primaryimage\",\"url\":\"https:\/\/dicodusport.fr\/blog\/wp-content\/uploads\/2023\/02\/Bleues-Corinne-Diacre-devrait-presenter-sa-demission-demain.png\",\"contentUrl\":\"https:\/\/dicodusport.fr\/blog\/wp-content\/uploads\/2023\/02\/Bleues-Corinne-Diacre-devrait-presenter-sa-demission-demain.png\",\"width\":800,\"height\":445,\"caption\":\"Bleues Corinne Diacre devrait pr\u00e9senter sa d\u00e9mission demain\"},{\"@type\":\"BreadcrumbList\",\"@id\":\"https:\/\/dicodusport.fr\/blog\/bleues-corinne-diacre-devrait-presenter-sa-demission-demain\/#breadcrumb\",\"itemListElement\":[{\"@type\":\"ListItem\",\"position\":1,\"name\":\"Accueil\",\"item\":\"https:\/\/dicodusport.fr\/blog\/\"},{\"@type\":\"ListItem\",\"position\":2,\"name\":\"Bleues : Corinne Diacre devrait pr\u00e9senter sa d\u00e9mission demain\"}]},{\"@type\":\"WebSite\",\"@id\":\"https:\/\/dicodusport.fr\/blog\/#website\",\"url\":\"https:\/\/dicodusport.fr\/blog\/\",\"name\":\"Dicodusport\",\"description\":\"L&#039;encyclop\u00e9die de l&#039;actualit\u00e9 sportive\",\"publisher\":{\"@id\":\"https:\/\/dicodusport.fr\/blog\/#organization\"},\"potentialAction\":[{\"@type\":\"SearchAction\",\"target\":{\"@type\":\"EntryPoint\",\"urlTemplate\":\"https:\/\/dicodusport.fr\/blog\/?s={search_term_string}\"},\"query-input\":{\"@type\":\"PropertyValueSpecification\",\"valueRequired\":true,\"valueName\":\"search_term_string\"}}],\"inLanguage\":\"fr-FR\"},{\"@type\":\"NewsMediaOrganization\",\"@id\":\"https:\/\/dicodusport.fr\/blog\/#organization\",\"name\":\"Dicodusport\",\"url\":\"https:\/\/dicodusport.fr\/blog\/\",\"logo\":{\"@type\":\"ImageObject\",\"inLanguage\":\"fr-FR\",\"@id\":\"https:\/\/dicodusport.fr\/blog\/#\/schema\/logo\/image\/\",\"url\":\"https:\/\/dicodusport.fr\/blog\/wp-content\/uploads\/2020\/06\/cropped-LOGO-DICODUSPORT-2020-SANS-FOND-SANS-TEXTE.png\",\"contentUrl\":\"https:\/\/dicodusport.fr\/blog\/wp-content\/uploads\/2020\/06\/cropped-LOGO-DICODUSPORT-2020-SANS-FOND-SANS-TEXTE.png\",\"width\":512,\"height\":512,\"caption\":\"Dicodusport\"},\"image\":{\"@id\":\"https:\/\/dicodusport.fr\/blog\/#\/schema\/logo\/image\/\"},\"sameAs\":[\"https:\/\/www.facebook.com\/dicodusport\",\"https:\/\/x.com\/dicodusport\",\"https:\/\/www.instagram.com\/dicodusport\/\",\"https:\/\/www.youtube.com\/channel\/UC7V2KZ5sd3htJivAbA4ZG3w\"],\"description\":\"Dicodusport est l'encyclop\u00e9die de l'actualit\u00e9 sportive.\",\"email\":\"bonjour@dicodusport.fr\",\"legalName\":\"DICODUSPORT\",\"foundingDate\":\"2018-01-14\",\"vatID\":\"FR71834470973\",\"taxID\":\"83447097300043\",\"numberOfEmployees\":{\"@type\":\"QuantitativeValue\",\"minValue\":\"1\",\"maxValue\":\"10\"}},{\"@type\":\"Person\",\"@id\":\"https:\/\/dicodusport.fr\/blog\/#\/schema\/person\/627966a6cde45dbd8c5e36ac85d783da\",\"name\":\"S\u00e9bastien Gente\",\"image\":{\"@type\":\"ImageObject\",\"inLanguage\":\"fr-FR\",\"@id\":\"https:\/\/dicodusport.fr\/blog\/#\/schema\/person\/image\/\",\"url\":\"https:\/\/dicodusport.fr\/blog\/wp-content\/uploads\/2021\/09\/1510990_10205810251400683_4124423575079401707_n-150x150.jpg\",\"contentUrl\":\"https:\/\/dicodusport.fr\/blog\/wp-content\/uploads\/2021\/09\/1510990_10205810251400683_4124423575079401707_n-150x150.jpg\",\"caption\":\"S\u00e9bastien Gente\"},\"description\":\"John Stockton, Gianni Bugno, Zinedine Zidane, Steffi Graf, Frode Andresen, St\u00e9phane Stoecklin, Davis Kamoga, Primoz Peterka, Werner Schlager et Aur\u00e9lien Rougerie. Point commun entre ces sportifs? Ils m'ont fait r\u00eaver et ont berc\u00e9 mon adolescence. Je suis un fondu de sports et j'essaie de retranscrire ma passion \u00e0 travers mes articles. Originaire du P\u00e9rigord, ma passion pour les Girondins, les Jaunards et les Jazzmen transpire dans mes \u00e9crits. \u00c0 Dicodusport depuis 2021, je d\u00e9niche les sports m\u00e9connus dans lesquels la France brille, et il y en a !\",\"sameAs\":[\"https:\/\/www.facebook.com\/sebastien.gente\/\",\"https:\/\/www.instagram.com\/sebgente\/\",\"https:\/\/www.linkedin.com\/in\/sbastien-gente-a29583169\/\",\"https:\/\/x.com\/https:\/\/twitter.com\/globulo24\",\"SebastienGente\"],\"worksFor\":\"S\u00e9bastien GENTE\",\"url\":\"https:\/\/dicodusport.fr\/blog\/author\/sebastiengente\/\"}]}<\/script>\n<!-- \/ Yoast SEO Premium plugin. -->","yoast_head_json":{"title":"Bleues : Corinne Diacre devrait pr\u00e9senter sa d\u00e9mission demain","description":"\u00c9QUIPE DE FRANCE F\u00c9MININE DE FOOTBALL - Mohamed Toubache annonce que Corinne Diacre devrait d\u00e9missionner demain.","robots":{"index":"index","follow":"follow","max-snippet":"max-snippet:-1","max-image-preview":"max-image-preview:large","max-video-preview":"max-video-preview:-1"},"canonical":"https:\/\/dicodusport.fr\/blog\/bleues-corinne-diacre-devrait-presenter-sa-demission-demain\/","og_locale":"fr_FR","og_type":"article","og_title":"Bleues : Corinne Diacre devrait pr\u00e9senter sa d\u00e9mission demain","og_description":"\u00c9QUIPE DE FRANCE F\u00c9MININE DE FOOTBALL - Mohamed Toubache annonce que Corinne Diacre devrait d\u00e9missionner demain.","og_url":"https:\/\/dicodusport.fr\/blog\/bleues-corinne-diacre-devrait-presenter-sa-demission-demain\/","og_site_name":"Dicodusport","article_publisher":"https:\/\/www.facebook.com\/dicodusport","article_author":"https:\/\/www.facebook.com\/sebastien.gente\/","article_published_time":"2023-02-27T10:30:55+00:00","article_modified_time":"2023-02-28T12:11:28+00:00","og_image":[{"width":800,"height":445,"url":"https:\/\/dicodusport.fr\/blog\/wp-content\/uploads\/2023\/02\/Bleues-Corinne-Diacre-devrait-presenter-sa-demission-demain.png","type":"image\/png"}],"author":"S\u00e9bastien Gente","twitter_card":"summary_large_image","twitter_title":"Bleues : Corinne Diacre devrait pr\u00e9senter sa d\u00e9mission demain","twitter_creator":"@https:\/\/twitter.com\/globulo24","twitter_site":"@dicodusport","schema":{"@context":"https:\/\/schema.org","@graph":[{"@type":"NewsArticle","@id":"https:\/\/dicodusport.fr\/blog\/bleues-corinne-diacre-devrait-presenter-sa-demission-demain\/#article","isPartOf":{"@id":"https:\/\/dicodusport.fr\/blog\/bleues-corinne-diacre-devrait-presenter-sa-demission-demain\/"},"author":{"name":"S\u00e9bastien Gente","@id":"https:\/\/dicodusport.fr\/blog\/#\/schema\/person\/627966a6cde45dbd8c5e36ac85d783da"},"headline":"Bleues : Corinne Diacre devrait pr\u00e9senter sa d\u00e9mission demain","datePublished":"2023-02-27T10:30:55+00:00","dateModified":"2023-02-28T12:11:28+00:00","mainEntityOfPage":{"@id":"https:\/\/dicodusport.fr\/blog\/bleues-corinne-diacre-devrait-presenter-sa-demission-demain\/"},"wordCount":292,"commentCount":10,"publisher":{"@id":"https:\/\/dicodusport.fr\/blog\/#organization"},"image":{"@id":"https:\/\/dicodusport.fr\/blog\/bleues-corinne-diacre-devrait-presenter-sa-demission-demain\/#primaryimage"},"thumbnailUrl":"https:\/\/dicodusport.fr\/blog\/wp-content\/uploads\/2023\/02\/Bleues-Corinne-Diacre-devrait-presenter-sa-demission-demain.png","keywords":["br\u00e8ve","Corinne Diacre","\u00c9quipe de France f\u00e9minine de football","Football"],"articleSection":["Football"],"inLanguage":"fr-FR","potentialAction":[{"@type":"CommentAction","name":"Comment","target":["https:\/\/dicodusport.fr\/blog\/bleues-corinne-diacre-devrait-presenter-sa-demission-demain\/#respond"]}],"copyrightYear":"2023","copyrightHolder":{"@id":"https:\/\/dicodusport.fr\/blog\/#organization"}},{"@type":"WebPage","@id":"https:\/\/dicodusport.fr\/blog\/bleues-corinne-diacre-devrait-presenter-sa-demission-demain\/","url":"https:\/\/dicodusport.fr\/blog\/bleues-corinne-diacre-devrait-presenter-sa-demission-demain\/","name":"Bleues : Corinne Diacre devrait pr\u00e9senter sa d\u00e9mission demain","isPartOf":{"@id":"https:\/\/dicodusport.fr\/blog\/#website"},"primaryImageOfPage":{"@id":"https:\/\/dicodusport.fr\/blog\/bleues-corinne-diacre-devrait-presenter-sa-demission-demain\/#primaryimage"},"image":{"@id":"https:\/\/dicodusport.fr\/blog\/bleues-corinne-diacre-devrait-presenter-sa-demission-demain\/#primaryimage"},"thumbnailUrl":"https:\/\/dicodusport.fr\/blog\/wp-content\/uploads\/2023\/02\/Bleues-Corinne-Diacre-devrait-presenter-sa-demission-demain.png","datePublished":"2023-02-27T10:30:55+00:00","dateModified":"2023-02-28T12:11:28+00:00","description":"\u00c9QUIPE DE FRANCE F\u00c9MININE DE FOOTBALL - Mohamed Toubache annonce que Corinne Diacre devrait d\u00e9missionner demain.","breadcrumb":{"@id":"https:\/\/dicodusport.fr\/blog\/bleues-corinne-diacre-devrait-presenter-sa-demission-demain\/#breadcrumb"},"inLanguage":"fr-FR","potentialAction":[{"@type":"ReadAction","target":["https:\/\/dicodusport.fr\/blog\/bleues-corinne-diacre-devrait-presenter-sa-demission-demain\/"]}]},{"@type":"ImageObject","inLanguage":"fr-FR","@id":"https:\/\/dicodusport.fr\/blog\/bleues-corinne-diacre-devrait-presenter-sa-demission-demain\/#primaryimage","url":"https:\/\/dicodusport.fr\/blog\/wp-content\/uploads\/2023\/02\/Bleues-Corinne-Diacre-devrait-presenter-sa-demission-demain.png","contentUrl":"https:\/\/dicodusport.fr\/blog\/wp-content\/uploads\/2023\/02\/Bleues-Corinne-Diacre-devrait-presenter-sa-demission-demain.png","width":800,"height":445,"caption":"Bleues Corinne Diacre devrait pr\u00e9senter sa d\u00e9mission demain"},{"@type":"BreadcrumbList","@id":"https:\/\/dicodusport.fr\/blog\/bleues-corinne-diacre-devrait-presenter-sa-demission-demain\/#breadcrumb","itemListElement":[{"@type":"ListItem","position":1,"name":"Accueil","item":"https:\/\/dicodusport.fr\/blog\/"},{"@type":"ListItem","position":2,"name":"Bleues : Corinne Diacre devrait pr\u00e9senter sa d\u00e9mission demain"}]},{"@type":"WebSite","@id":"https:\/\/dicodusport.fr\/blog\/#website","url":"https:\/\/dicodusport.fr\/blog\/","name":"Dicodusport","description":"L&#039;encyclop\u00e9die de l&#039;actualit\u00e9 sportive","publisher":{"@id":"https:\/\/dicodusport.fr\/blog\/#organization"},"potentialAction":[{"@type":"SearchAction","target":{"@type":"EntryPoint","urlTemplate":"https:\/\/dicodusport.fr\/blog\/?s={search_term_string}"},"query-input":{"@type":"PropertyValueSpecification","valueRequired":true,"valueName":"search_term_string"}}],"inLanguage":"fr-FR"},{"@type":"NewsMediaOrganization","@id":"https:\/\/dicodusport.fr\/blog\/#organization","name":"Dicodusport","url":"https:\/\/dicodusport.fr\/blog\/","logo":{"@type":"ImageObject","inLanguage":"fr-FR","@id":"https:\/\/dicodusport.fr\/blog\/#\/schema\/logo\/image\/","url":"https:\/\/dicodusport.fr\/blog\/wp-content\/uploads\/2020\/06\/cropped-LOGO-DICODUSPORT-2020-SANS-FOND-SANS-TEXTE.png","contentUrl":"https:\/\/dicodusport.fr\/blog\/wp-content\/uploads\/2020\/06\/cropped-LOGO-DICODUSPORT-2020-SANS-FOND-SANS-TEXTE.png","width":512,"height":512,"caption":"Dicodusport"},"image":{"@id":"https:\/\/dicodusport.fr\/blog\/#\/schema\/logo\/image\/"},"sameAs":["https:\/\/www.facebook.com\/dicodusport","https:\/\/x.com\/dicodusport","https:\/\/www.instagram.com\/dicodusport\/","https:\/\/www.youtube.com\/channel\/UC7V2KZ5sd3htJivAbA4ZG3w"],"description":"Dicodusport est l'encyclop\u00e9die de l'actualit\u00e9 sportive.","email":"bonjour@dicodusport.fr","legalName":"DICODUSPORT","foundingDate":"2018-01-14","vatID":"FR71834470973","taxID":"83447097300043","numberOfEmployees":{"@type":"QuantitativeValue","minValue":"1","maxValue":"10"}},{"@type":"Person","@id":"https:\/\/dicodusport.fr\/blog\/#\/schema\/person\/627966a6cde45dbd8c5e36ac85d783da","name":"S\u00e9bastien Gente","image":{"@type":"ImageObject","inLanguage":"fr-FR","@id":"https:\/\/dicodusport.fr\/blog\/#\/schema\/person\/image\/","url":"https:\/\/dicodusport.fr\/blog\/wp-content\/uploads\/2021\/09\/1510990_10205810251400683_4124423575079401707_n-150x150.jpg","contentUrl":"https:\/\/dicodusport.fr\/blog\/wp-content\/uploads\/2021\/09\/1510990_10205810251400683_4124423575079401707_n-150x150.jpg","caption":"S\u00e9bastien Gente"},"description":"John Stockton, Gianni Bugno, Zinedine Zidane, Steffi Graf, Frode Andresen, St\u00e9phane Stoecklin, Davis Kamoga, Primoz Peterka, Werner Schlager et Aur\u00e9lien Rougerie. Point commun entre ces sportifs? Ils m'ont fait r\u00eaver et ont berc\u00e9 mon adolescence. Je suis un fondu de sports et j'essaie de retranscrire ma passion \u00e0 travers mes articles. Originaire du P\u00e9rigord, ma passion pour les Girondins, les Jaunards et les Jazzmen transpire dans mes \u00e9crits. \u00c0 Dicodusport depuis 2021, je d\u00e9niche les sports m\u00e9connus dans lesquels la France brille, et il y en a !","sameAs":["https:\/\/www.facebook.com\/sebastien.gente\/","https:\/\/www.instagram.com\/sebgente\/","https:\/\/www.linkedin.com\/in\/sbastien-gente-a29583169\/","https:\/\/x.com\/https:\/\/twitter.com\/globulo24","SebastienGente"],"worksFor":"S\u00e9bastien GENTE","url":"https:\/\/dicodusport.fr\/blog\/author\/sebastiengente\/"}]}},"_links":{"self":[{"href":"https:\/\/dicodusport.fr\/blog\/wp-json\/wp\/v2\/posts\/360031","targetHints":{"allow":["GET"]}}],"collection":[{"href":"https:\/\/dicodusport.fr\/blog\/wp-json\/wp\/v2\/posts"}],"about":[{"href":"https:\/\/dicodusport.fr\/blog\/wp-json\/wp\/v2\/types\/post"}],"author":[{"embeddable":true,"href":"https:\/\/dicodusport.fr\/blog\/wp-json\/wp\/v2\/users\/59"}],"replies":[{"embeddable":true,"href":"https:\/\/dicodusport.fr\/blog\/wp-json\/wp\/v2\/comments?post=360031"}],"version-history":[{"count":0,"href":"https:\/\/dicodusport.fr\/blog\/wp-json\/wp\/v2\/posts\/360031\/revisions"}],"wp:featuredmedia":[{"embeddable":true,"href":"https:\/\/dicodusport.fr\/blog\/wp-json\/wp\/v2\/media\/360035"}],"wp:attachment":[{"href":"https:\/\/dicodusport.fr\/blog\/wp-json\/wp\/v2\/media?parent=360031"}],"wp:term":[{"taxonomy":"category","embeddable":true,"href":"https:\/\/dicodusport.fr\/blog\/wp-json\/wp\/v2\/categories?post=360031"},{"taxonomy":"post_tag","embeddable":true,"href":"https:\/\/dicodusport.fr\/blog\/wp-json\/wp\/v2\/tags?post=360031"}],"curies":[{"name":"wp","href":"https:\/\/api.w.org\/{rel}","templated":true}]}}