{"id":360059,"date":"2023-02-27T12:45:56","date_gmt":"2023-02-27T11:45:56","guid":{"rendered":"https:\/\/dicodusport.fr\/blog\/?p=360059&#038;preview=true&#038;preview_id=360059"},"modified":"2023-03-01T07:52:49","modified_gmt":"2023-03-01T06:52:49","slug":"marseille-annecy-a-quelle-heure-et-sur-quelle-chaine-tv","status":"publish","type":"post","link":"https:\/\/dicodusport.fr\/blog\/marseille-annecy-a-quelle-heure-et-sur-quelle-chaine-tv\/","title":{"rendered":"Marseille &#8211; Annecy : \u00c0 quelle heure et sur quelle cha\u00eene TV"},"content":{"rendered":"<p style=\"text-align: justify;\"><em><b>COUPE DE FRANCE &#8211; Ce mercredi 1er mars, Marseille re\u00e7oit Annecy dans le cadre des quarts de finale de la Coupe de France. D\u00e9couvrez le programme TV.<\/b><\/em><\/p>\n<p style=\"text-align: justify;\">L&rsquo;<strong>Olympique de Marseille<\/strong> est tomb\u00e9 de tr\u00e8s haut dimanche soir au <strong>V\u00e9lodrome<\/strong>. Alors que les Marseillais esp\u00e9raient battre le <strong>Paris Saint-Germain<\/strong> pour se relancer dans la course au titre, ils ont \u00e9t\u00e9 surclass\u00e9s dans tous les compartiments du jeu. <strong>Lionel<\/strong> <strong>Messi<\/strong> et <strong>Kylian<\/strong> <strong>Mbapp\u00e9<\/strong> \u00e9taient beaucoup trop forts pour la d\u00e9fense olympienne et le score final de 3 \u00e0 0 est sans appel. La bonne nouvelle pour l&rsquo;<strong>OM<\/strong>, c&rsquo;est que les <strong>Parisiens<\/strong> ne sont plus en course en Coupe de France, puisque battus par les <strong>Olympiens<\/strong> au tour pr\u00e9c\u00e9dent.<\/p>\n<p style=\"text-align: justify;\">Annecy est dixi\u00e8me de <strong>Ligue<\/strong> <strong>2<\/strong> et bien parti pour se maintenir \u00e0 cet \u00e9tage la saison prochaine. Le club haut-savoyard reste sur une lourde d\u00e9faite le week-end dernier sur la pelouse du deuxi\u00e8me du classement, <strong>Sochaux<\/strong>. Pour arriver en quart de finale, <strong>Annecy<\/strong> a pass\u00e9 les deux tours pr\u00e9c\u00e9dents lors de s\u00e9ances de tirs au but, d&rsquo;abord face \u00e0 <strong>Belfort,<\/strong> puis face au <strong>Paris<\/strong> <strong>FC<\/strong> au d\u00e9but du mois.<\/p>\n<p style=\"text-align: justify;\">Les deux formations ne se sont encore jamais rencontr\u00e9es, et ce sera donc une premi\u00e8re au <strong>V\u00e9lodrome<\/strong> mercredi soir. Sans surprise, l&rsquo;<strong>Olympique de Marseille<\/strong> est largement favori pour ce quart de finale de <strong>Coupe de<\/strong> <strong>France<\/strong>.<\/p>\n<h2 style=\"text-align: justify;\">Coupe de France : Le Programme TV du match Marseille &#8211; Annecy<\/h2>\n<h3 style=\"text-align: justify;\">Mercredi 1er mars<\/h3>\n<p style=\"text-align: justify;\"><strong>beIN SPORTS 1<\/strong><\/p>\n<p style=\"text-align: justify;\">20h30 : Avant-match<br \/>\n21h00 : Coup d&rsquo;envoi<\/p>\n<h2 style=\"text-align: justify;\">Les cotes de Marseille &#8211; Annecy<\/h2>\n<table style=\"width: 800px;\">\n<tbody>\n<tr style=\"height: 16px;\">\n<td style=\"background-color: #404040; text-align: left; border-color: #ededed; width: 500px;\" colspan=\"3\"><span style=\"font-size: 12px; color: #ffffff;\">Mercredi 1er mars, 21h00<\/span><\/td>\n<\/tr>\n<tr style=\"height: 24px;\">\n<td style=\"background-color: #ffffff; border-color: #ededed; vertical-align: middle; text-align: center; width: 266px;\"><span style=\"font-size: 10px;\"><span style=\"font-size: 14px;\"><strong>Marseille<\/strong><\/span><br \/>\n<a href=\"https:\/\/www.winamax.fr\/paris-sportifs\/match\/prelive\/39277299?banid=33423\" class=\"su-button su-button-style-flat su-button-wide\" style=\"color:#fff;background-color:#183376;border-color:#14295f;border-radius:5px\" target=\"_blank\" rel=\"noopener noreferrer\"><span style=\"color:#fff;padding:0px 20px;font-size:16px;line-height:32px;border-color:#5e71a0;border-radius:5px;text-shadow:none\"> 1.19<\/span><\/a><\/span><\/td>\n<td style=\"background-color: #ffffff; border-color: #ededed; vertical-align: middle; text-align: center; width: 266px;\"><span style=\"font-size: 10px;\"><span style=\"font-size: 14px;\"><strong>Match nul<\/strong><\/span><br \/>\n<a href=\"https:\/\/www.winamax.fr\/paris-sportifs\/match\/prelive\/39277299?banid=33423\" class=\"su-button su-button-style-flat su-button-wide\" style=\"color:#fff;background-color:#183376;border-color:#14295f;border-radius:5px\" target=\"_blank\" rel=\"noopener noreferrer\"><span style=\"color:#fff;padding:0px 20px;font-size:16px;line-height:32px;border-color:#5e71a0;border-radius:5px;text-shadow:none\"> 6.75<\/span><\/a><\/span><\/td>\n<td style=\"background-color: #ffffff; border-color: #ededed; vertical-align: middle; text-align: center; width: 266px;\"><span style=\"font-size: 10px;\"><span style=\"font-size: 14px;\"><strong>Annecy<\/strong><\/span><br \/>\n<a href=\"https:\/\/www.winamax.fr\/paris-sportifs\/match\/prelive\/39277299?banid=33423\" class=\"su-button su-button-style-flat su-button-wide\" style=\"color:#fff;background-color:#183376;border-color:#14295f;border-radius:5px\" target=\"_blank\" rel=\"noopener noreferrer\"><span style=\"color:#fff;padding:0px 20px;font-size:16px;line-height:32px;border-color:#5e71a0;border-radius:5px;text-shadow:none\"> 13<\/span><\/a><\/span><\/td>\n<\/tr>\n<\/tbody>\n<\/table>\n<p style=\"text-align: justify;\">Tentez votre chance en misant jusqu\u2019\u00e0 100\u20ac gr\u00e2ce \u00e0 votre <a href=\"https:\/\/www.winamax.fr\/landing\/landing_leads.php?ldg=1er-pari-rembourse&amp;banid=33423\" target=\"_blank\" rel=\"nofollow noopener\">premier pari rembours\u00e9<\/a>.<\/p>\n<hr \/>\n<h2>\u00c0 lire aussi :<\/h2>\n<ul>\n<li><a href=\"https:\/\/dicodusport.fr\/blog\/om-la-composition-probable-de-marseille-pour-defier-annecy\/\" target=\"_blank\" rel=\"noopener\"><strong>OM : La composition probable de Marseille pour d\u00e9fier Annecy<\/strong><\/a><\/li>\n<\/ul>\n","protected":false},"excerpt":{"rendered":"<p>COUPE DE FRANCE &#8211; Ce mercredi 1er mars, Marseille re\u00e7oit Annecy dans le cadre des quarts de finale de la Coupe de France. D\u00e9couvrez le programme TV.<\/p>\n","protected":false},"author":1,"featured_media":360066,"comment_status":"open","ping_status":"closed","sticky":false,"template":"","format":"standard","meta":{"_acf_changed":false,"_daextam_enable_autolinks":"","footnotes":""},"categories":[2301],"tags":[5500,17213,2870,75,21872,21768,446,8799],"class_list":["post-360059","post","type-post","status-publish","format-standard","has-post-thumbnail","hentry","category-football","tag-annecy","tag-chaine","tag-coupe-de-france","tag-football","tag-heure","tag-horaire","tag-marseille","tag-programme-tv"],"acf":[],"yoast_head":"<!-- This site is optimized with the Yoast SEO Premium plugin v26.7 (Yoast SEO v26.7) - https:\/\/yoast.com\/wordpress\/plugins\/seo\/ -->\n<title>Marseille - Annecy : \u00c0 quelle heure et sur quelle cha\u00eene TV<\/title>\n<meta name=\"description\" content=\"COUPE DE FRANCE - Ce mercredi 1er mars, Marseille re\u00e7oit Annecy dans le cadre des quarts de finale de la Coupe de France. D\u00e9couvrez le programme TV.\" \/>\n<meta name=\"robots\" content=\"index, follow, max-snippet:-1, max-image-preview:large, max-video-preview:-1\" \/>\n<link rel=\"canonical\" href=\"https:\/\/dicodusport.fr\/blog\/marseille-annecy-a-quelle-heure-et-sur-quelle-chaine-tv\/\" \/>\n<meta property=\"og:locale\" content=\"fr_FR\" \/>\n<meta property=\"og:type\" content=\"article\" \/>\n<meta property=\"og:title\" content=\"Marseille - Annecy : \u00c0 quelle heure et sur quelle cha\u00eene TV\" \/>\n<meta property=\"og:description\" content=\"COUPE DE FRANCE - Ce mercredi 1er mars, Marseille re\u00e7oit Annecy dans le cadre des quarts de finale de la Coupe de France. D\u00e9couvrez le programme TV.\" \/>\n<meta property=\"og:url\" content=\"https:\/\/dicodusport.fr\/blog\/marseille-annecy-a-quelle-heure-et-sur-quelle-chaine-tv\/\" \/>\n<meta property=\"og:site_name\" content=\"Dicodusport\" \/>\n<meta property=\"article:publisher\" content=\"https:\/\/www.facebook.com\/dicodusport\" \/>\n<meta property=\"article:author\" content=\"https:\/\/www.facebook.com\/dicodusport\" \/>\n<meta property=\"article:published_time\" content=\"2023-02-27T11:45:56+00:00\" \/>\n<meta property=\"article:modified_time\" content=\"2023-03-01T06:52:49+00:00\" \/>\n<meta property=\"og:image\" content=\"https:\/\/dicodusport.fr\/blog\/wp-content\/uploads\/2023\/02\/Marseille-Annecy-A-quelle-heure-et-sur-quelle-chaine-TV.png\" \/>\n\t<meta property=\"og:image:width\" content=\"800\" \/>\n\t<meta property=\"og:image:height\" content=\"445\" \/>\n\t<meta property=\"og:image:type\" content=\"image\/png\" \/>\n<meta name=\"author\" content=\"Nicolas Jacquemard\" \/>\n<meta name=\"twitter:card\" content=\"summary_large_image\" \/>\n<meta name=\"twitter:title\" content=\"Marseille - Annecy : \u00c0 quelle heure et sur quelle cha\u00eene TV\" \/>\n<meta name=\"twitter:creator\" content=\"@https:\/\/twitter.com\/Nico_Jacquemard\" \/>\n<meta name=\"twitter:site\" content=\"@dicodusport\" \/>\n<script type=\"application\/ld+json\" class=\"yoast-schema-graph\">{\"@context\":\"https:\/\/schema.org\",\"@graph\":[{\"@type\":\"NewsArticle\",\"@id\":\"https:\/\/dicodusport.fr\/blog\/marseille-annecy-a-quelle-heure-et-sur-quelle-chaine-tv\/#article\",\"isPartOf\":{\"@id\":\"https:\/\/dicodusport.fr\/blog\/marseille-annecy-a-quelle-heure-et-sur-quelle-chaine-tv\/\"},\"author\":{\"name\":\"Nicolas Jacquemard\",\"@id\":\"https:\/\/dicodusport.fr\/blog\/#\/schema\/person\/55dcb50ad410894e431ed812bbb70191\"},\"headline\":\"Marseille &#8211; Annecy : \u00c0 quelle heure et sur quelle cha\u00eene TV\",\"datePublished\":\"2023-02-27T11:45:56+00:00\",\"dateModified\":\"2023-03-01T06:52:49+00:00\",\"mainEntityOfPage\":{\"@id\":\"https:\/\/dicodusport.fr\/blog\/marseille-annecy-a-quelle-heure-et-sur-quelle-chaine-tv\/\"},\"wordCount\":383,\"commentCount\":0,\"publisher\":{\"@id\":\"https:\/\/dicodusport.fr\/blog\/#organization\"},\"image\":{\"@id\":\"https:\/\/dicodusport.fr\/blog\/marseille-annecy-a-quelle-heure-et-sur-quelle-chaine-tv\/#primaryimage\"},\"thumbnailUrl\":\"https:\/\/dicodusport.fr\/blog\/wp-content\/uploads\/2023\/02\/Marseille-Annecy-A-quelle-heure-et-sur-quelle-chaine-TV.png\",\"keywords\":[\"Annecy\",\"Cha\u00eene\",\"Coupe de France\",\"Football\",\"Heure\",\"Horaire\",\"Marseille\",\"Programme TV\"],\"articleSection\":[\"Football\"],\"inLanguage\":\"fr-FR\",\"potentialAction\":[{\"@type\":\"CommentAction\",\"name\":\"Comment\",\"target\":[\"https:\/\/dicodusport.fr\/blog\/marseille-annecy-a-quelle-heure-et-sur-quelle-chaine-tv\/#respond\"]}],\"copyrightYear\":\"2023\",\"copyrightHolder\":{\"@id\":\"https:\/\/dicodusport.fr\/blog\/#organization\"}},{\"@type\":\"WebPage\",\"@id\":\"https:\/\/dicodusport.fr\/blog\/marseille-annecy-a-quelle-heure-et-sur-quelle-chaine-tv\/\",\"url\":\"https:\/\/dicodusport.fr\/blog\/marseille-annecy-a-quelle-heure-et-sur-quelle-chaine-tv\/\",\"name\":\"Marseille - Annecy : \u00c0 quelle heure et sur quelle cha\u00eene TV\",\"isPartOf\":{\"@id\":\"https:\/\/dicodusport.fr\/blog\/#website\"},\"primaryImageOfPage\":{\"@id\":\"https:\/\/dicodusport.fr\/blog\/marseille-annecy-a-quelle-heure-et-sur-quelle-chaine-tv\/#primaryimage\"},\"image\":{\"@id\":\"https:\/\/dicodusport.fr\/blog\/marseille-annecy-a-quelle-heure-et-sur-quelle-chaine-tv\/#primaryimage\"},\"thumbnailUrl\":\"https:\/\/dicodusport.fr\/blog\/wp-content\/uploads\/2023\/02\/Marseille-Annecy-A-quelle-heure-et-sur-quelle-chaine-TV.png\",\"datePublished\":\"2023-02-27T11:45:56+00:00\",\"dateModified\":\"2023-03-01T06:52:49+00:00\",\"description\":\"COUPE DE FRANCE - Ce mercredi 1er mars, Marseille re\u00e7oit Annecy dans le cadre des quarts de finale de la Coupe de France. D\u00e9couvrez le programme TV.\",\"breadcrumb\":{\"@id\":\"https:\/\/dicodusport.fr\/blog\/marseille-annecy-a-quelle-heure-et-sur-quelle-chaine-tv\/#breadcrumb\"},\"inLanguage\":\"fr-FR\",\"potentialAction\":[{\"@type\":\"ReadAction\",\"target\":[\"https:\/\/dicodusport.fr\/blog\/marseille-annecy-a-quelle-heure-et-sur-quelle-chaine-tv\/\"]}]},{\"@type\":\"ImageObject\",\"inLanguage\":\"fr-FR\",\"@id\":\"https:\/\/dicodusport.fr\/blog\/marseille-annecy-a-quelle-heure-et-sur-quelle-chaine-tv\/#primaryimage\",\"url\":\"https:\/\/dicodusport.fr\/blog\/wp-content\/uploads\/2023\/02\/Marseille-Annecy-A-quelle-heure-et-sur-quelle-chaine-TV.png\",\"contentUrl\":\"https:\/\/dicodusport.fr\/blog\/wp-content\/uploads\/2023\/02\/Marseille-Annecy-A-quelle-heure-et-sur-quelle-chaine-TV.png\",\"width\":800,\"height\":445},{\"@type\":\"BreadcrumbList\",\"@id\":\"https:\/\/dicodusport.fr\/blog\/marseille-annecy-a-quelle-heure-et-sur-quelle-chaine-tv\/#breadcrumb\",\"itemListElement\":[{\"@type\":\"ListItem\",\"position\":1,\"name\":\"Accueil\",\"item\":\"https:\/\/dicodusport.fr\/blog\/\"},{\"@type\":\"ListItem\",\"position\":2,\"name\":\"Marseille &#8211; Annecy : \u00c0 quelle heure et sur quelle cha\u00eene TV\"}]},{\"@type\":\"WebSite\",\"@id\":\"https:\/\/dicodusport.fr\/blog\/#website\",\"url\":\"https:\/\/dicodusport.fr\/blog\/\",\"name\":\"Dicodusport\",\"description\":\"L&#039;encyclop\u00e9die de l&#039;actualit\u00e9 sportive\",\"publisher\":{\"@id\":\"https:\/\/dicodusport.fr\/blog\/#organization\"},\"potentialAction\":[{\"@type\":\"SearchAction\",\"target\":{\"@type\":\"EntryPoint\",\"urlTemplate\":\"https:\/\/dicodusport.fr\/blog\/?s={search_term_string}\"},\"query-input\":{\"@type\":\"PropertyValueSpecification\",\"valueRequired\":true,\"valueName\":\"search_term_string\"}}],\"inLanguage\":\"fr-FR\"},{\"@type\":\"NewsMediaOrganization\",\"@id\":\"https:\/\/dicodusport.fr\/blog\/#organization\",\"name\":\"Dicodusport\",\"url\":\"https:\/\/dicodusport.fr\/blog\/\",\"logo\":{\"@type\":\"ImageObject\",\"inLanguage\":\"fr-FR\",\"@id\":\"https:\/\/dicodusport.fr\/blog\/#\/schema\/logo\/image\/\",\"url\":\"https:\/\/dicodusport.fr\/blog\/wp-content\/uploads\/2020\/06\/cropped-LOGO-DICODUSPORT-2020-SANS-FOND-SANS-TEXTE.png\",\"contentUrl\":\"https:\/\/dicodusport.fr\/blog\/wp-content\/uploads\/2020\/06\/cropped-LOGO-DICODUSPORT-2020-SANS-FOND-SANS-TEXTE.png\",\"width\":512,\"height\":512,\"caption\":\"Dicodusport\"},\"image\":{\"@id\":\"https:\/\/dicodusport.fr\/blog\/#\/schema\/logo\/image\/\"},\"sameAs\":[\"https:\/\/www.facebook.com\/dicodusport\",\"https:\/\/x.com\/dicodusport\",\"https:\/\/www.instagram.com\/dicodusport\/\",\"https:\/\/www.youtube.com\/channel\/UC7V2KZ5sd3htJivAbA4ZG3w\"],\"description\":\"Dicodusport est l'encyclop\u00e9die de l'actualit\u00e9 sportive.\",\"email\":\"bonjour@dicodusport.fr\",\"legalName\":\"DICODUSPORT\",\"foundingDate\":\"2018-01-14\",\"vatID\":\"FR71834470973\",\"taxID\":\"83447097300043\",\"numberOfEmployees\":{\"@type\":\"QuantitativeValue\",\"minValue\":\"1\",\"maxValue\":\"10\"}},{\"@type\":\"Person\",\"@id\":\"https:\/\/dicodusport.fr\/blog\/#\/schema\/person\/55dcb50ad410894e431ed812bbb70191\",\"name\":\"Nicolas Jacquemard\",\"image\":{\"@type\":\"ImageObject\",\"inLanguage\":\"fr-FR\",\"@id\":\"https:\/\/dicodusport.fr\/blog\/#\/schema\/person\/image\/\",\"url\":\"https:\/\/dicodusport.fr\/blog\/wp-content\/uploads\/2021\/05\/Nicolas-Jacquemard-150x150.jpeg\",\"contentUrl\":\"https:\/\/dicodusport.fr\/blog\/wp-content\/uploads\/2021\/05\/Nicolas-Jacquemard-150x150.jpeg\",\"caption\":\"Nicolas Jacquemard\"},\"description\":\"Passionn\u00e9 de sport et entrepreneur depuis mes 18 ans, la cr\u00e9ation de Dicodusport m'a sembl\u00e9 \u00e9vidente pour participer \u00e0 la m\u00e9diatisation d'un plus grand nombre de sports. Le chemin est long mais avec une \u00e9quipe des plus motiv\u00e9es et les Jeux Olympiques de Paris 2024 en point de mire, nous y arriverons ! Journaliste dans le monde du sport depuis plus de 5 ans, je traite aussi bien de football, de rugby, de biathlon que de cyclisme.\",\"sameAs\":[\"https:\/\/www.facebook.com\/dicodusport\",\"https:\/\/x.com\/https:\/\/twitter.com\/Nico_Jacquemard\"],\"url\":\"https:\/\/dicodusport.fr\/blog\/author\/dicodusport\/\"}]}<\/script>\n<!-- \/ Yoast SEO Premium plugin. -->","yoast_head_json":{"title":"Marseille - Annecy : \u00c0 quelle heure et sur quelle cha\u00eene TV","description":"COUPE DE FRANCE - Ce mercredi 1er mars, Marseille re\u00e7oit Annecy dans le cadre des quarts de finale de la Coupe de France. D\u00e9couvrez le programme TV.","robots":{"index":"index","follow":"follow","max-snippet":"max-snippet:-1","max-image-preview":"max-image-preview:large","max-video-preview":"max-video-preview:-1"},"canonical":"https:\/\/dicodusport.fr\/blog\/marseille-annecy-a-quelle-heure-et-sur-quelle-chaine-tv\/","og_locale":"fr_FR","og_type":"article","og_title":"Marseille - Annecy : \u00c0 quelle heure et sur quelle cha\u00eene TV","og_description":"COUPE DE FRANCE - Ce mercredi 1er mars, Marseille re\u00e7oit Annecy dans le cadre des quarts de finale de la Coupe de France. D\u00e9couvrez le programme TV.","og_url":"https:\/\/dicodusport.fr\/blog\/marseille-annecy-a-quelle-heure-et-sur-quelle-chaine-tv\/","og_site_name":"Dicodusport","article_publisher":"https:\/\/www.facebook.com\/dicodusport","article_author":"https:\/\/www.facebook.com\/dicodusport","article_published_time":"2023-02-27T11:45:56+00:00","article_modified_time":"2023-03-01T06:52:49+00:00","og_image":[{"width":800,"height":445,"url":"https:\/\/dicodusport.fr\/blog\/wp-content\/uploads\/2023\/02\/Marseille-Annecy-A-quelle-heure-et-sur-quelle-chaine-TV.png","type":"image\/png"}],"author":"Nicolas Jacquemard","twitter_card":"summary_large_image","twitter_title":"Marseille - Annecy : \u00c0 quelle heure et sur quelle cha\u00eene TV","twitter_creator":"@https:\/\/twitter.com\/Nico_Jacquemard","twitter_site":"@dicodusport","schema":{"@context":"https:\/\/schema.org","@graph":[{"@type":"NewsArticle","@id":"https:\/\/dicodusport.fr\/blog\/marseille-annecy-a-quelle-heure-et-sur-quelle-chaine-tv\/#article","isPartOf":{"@id":"https:\/\/dicodusport.fr\/blog\/marseille-annecy-a-quelle-heure-et-sur-quelle-chaine-tv\/"},"author":{"name":"Nicolas Jacquemard","@id":"https:\/\/dicodusport.fr\/blog\/#\/schema\/person\/55dcb50ad410894e431ed812bbb70191"},"headline":"Marseille &#8211; Annecy : \u00c0 quelle heure et sur quelle cha\u00eene TV","datePublished":"2023-02-27T11:45:56+00:00","dateModified":"2023-03-01T06:52:49+00:00","mainEntityOfPage":{"@id":"https:\/\/dicodusport.fr\/blog\/marseille-annecy-a-quelle-heure-et-sur-quelle-chaine-tv\/"},"wordCount":383,"commentCount":0,"publisher":{"@id":"https:\/\/dicodusport.fr\/blog\/#organization"},"image":{"@id":"https:\/\/dicodusport.fr\/blog\/marseille-annecy-a-quelle-heure-et-sur-quelle-chaine-tv\/#primaryimage"},"thumbnailUrl":"https:\/\/dicodusport.fr\/blog\/wp-content\/uploads\/2023\/02\/Marseille-Annecy-A-quelle-heure-et-sur-quelle-chaine-TV.png","keywords":["Annecy","Cha\u00eene","Coupe de France","Football","Heure","Horaire","Marseille","Programme TV"],"articleSection":["Football"],"inLanguage":"fr-FR","potentialAction":[{"@type":"CommentAction","name":"Comment","target":["https:\/\/dicodusport.fr\/blog\/marseille-annecy-a-quelle-heure-et-sur-quelle-chaine-tv\/#respond"]}],"copyrightYear":"2023","copyrightHolder":{"@id":"https:\/\/dicodusport.fr\/blog\/#organization"}},{"@type":"WebPage","@id":"https:\/\/dicodusport.fr\/blog\/marseille-annecy-a-quelle-heure-et-sur-quelle-chaine-tv\/","url":"https:\/\/dicodusport.fr\/blog\/marseille-annecy-a-quelle-heure-et-sur-quelle-chaine-tv\/","name":"Marseille - Annecy : \u00c0 quelle heure et sur quelle cha\u00eene TV","isPartOf":{"@id":"https:\/\/dicodusport.fr\/blog\/#website"},"primaryImageOfPage":{"@id":"https:\/\/dicodusport.fr\/blog\/marseille-annecy-a-quelle-heure-et-sur-quelle-chaine-tv\/#primaryimage"},"image":{"@id":"https:\/\/dicodusport.fr\/blog\/marseille-annecy-a-quelle-heure-et-sur-quelle-chaine-tv\/#primaryimage"},"thumbnailUrl":"https:\/\/dicodusport.fr\/blog\/wp-content\/uploads\/2023\/02\/Marseille-Annecy-A-quelle-heure-et-sur-quelle-chaine-TV.png","datePublished":"2023-02-27T11:45:56+00:00","dateModified":"2023-03-01T06:52:49+00:00","description":"COUPE DE FRANCE - Ce mercredi 1er mars, Marseille re\u00e7oit Annecy dans le cadre des quarts de finale de la Coupe de France. D\u00e9couvrez le programme TV.","breadcrumb":{"@id":"https:\/\/dicodusport.fr\/blog\/marseille-annecy-a-quelle-heure-et-sur-quelle-chaine-tv\/#breadcrumb"},"inLanguage":"fr-FR","potentialAction":[{"@type":"ReadAction","target":["https:\/\/dicodusport.fr\/blog\/marseille-annecy-a-quelle-heure-et-sur-quelle-chaine-tv\/"]}]},{"@type":"ImageObject","inLanguage":"fr-FR","@id":"https:\/\/dicodusport.fr\/blog\/marseille-annecy-a-quelle-heure-et-sur-quelle-chaine-tv\/#primaryimage","url":"https:\/\/dicodusport.fr\/blog\/wp-content\/uploads\/2023\/02\/Marseille-Annecy-A-quelle-heure-et-sur-quelle-chaine-TV.png","contentUrl":"https:\/\/dicodusport.fr\/blog\/wp-content\/uploads\/2023\/02\/Marseille-Annecy-A-quelle-heure-et-sur-quelle-chaine-TV.png","width":800,"height":445},{"@type":"BreadcrumbList","@id":"https:\/\/dicodusport.fr\/blog\/marseille-annecy-a-quelle-heure-et-sur-quelle-chaine-tv\/#breadcrumb","itemListElement":[{"@type":"ListItem","position":1,"name":"Accueil","item":"https:\/\/dicodusport.fr\/blog\/"},{"@type":"ListItem","position":2,"name":"Marseille &#8211; Annecy : \u00c0 quelle heure et sur quelle cha\u00eene TV"}]},{"@type":"WebSite","@id":"https:\/\/dicodusport.fr\/blog\/#website","url":"https:\/\/dicodusport.fr\/blog\/","name":"Dicodusport","description":"L&#039;encyclop\u00e9die de l&#039;actualit\u00e9 sportive","publisher":{"@id":"https:\/\/dicodusport.fr\/blog\/#organization"},"potentialAction":[{"@type":"SearchAction","target":{"@type":"EntryPoint","urlTemplate":"https:\/\/dicodusport.fr\/blog\/?s={search_term_string}"},"query-input":{"@type":"PropertyValueSpecification","valueRequired":true,"valueName":"search_term_string"}}],"inLanguage":"fr-FR"},{"@type":"NewsMediaOrganization","@id":"https:\/\/dicodusport.fr\/blog\/#organization","name":"Dicodusport","url":"https:\/\/dicodusport.fr\/blog\/","logo":{"@type":"ImageObject","inLanguage":"fr-FR","@id":"https:\/\/dicodusport.fr\/blog\/#\/schema\/logo\/image\/","url":"https:\/\/dicodusport.fr\/blog\/wp-content\/uploads\/2020\/06\/cropped-LOGO-DICODUSPORT-2020-SANS-FOND-SANS-TEXTE.png","contentUrl":"https:\/\/dicodusport.fr\/blog\/wp-content\/uploads\/2020\/06\/cropped-LOGO-DICODUSPORT-2020-SANS-FOND-SANS-TEXTE.png","width":512,"height":512,"caption":"Dicodusport"},"image":{"@id":"https:\/\/dicodusport.fr\/blog\/#\/schema\/logo\/image\/"},"sameAs":["https:\/\/www.facebook.com\/dicodusport","https:\/\/x.com\/dicodusport","https:\/\/www.instagram.com\/dicodusport\/","https:\/\/www.youtube.com\/channel\/UC7V2KZ5sd3htJivAbA4ZG3w"],"description":"Dicodusport est l'encyclop\u00e9die de l'actualit\u00e9 sportive.","email":"bonjour@dicodusport.fr","legalName":"DICODUSPORT","foundingDate":"2018-01-14","vatID":"FR71834470973","taxID":"83447097300043","numberOfEmployees":{"@type":"QuantitativeValue","minValue":"1","maxValue":"10"}},{"@type":"Person","@id":"https:\/\/dicodusport.fr\/blog\/#\/schema\/person\/55dcb50ad410894e431ed812bbb70191","name":"Nicolas Jacquemard","image":{"@type":"ImageObject","inLanguage":"fr-FR","@id":"https:\/\/dicodusport.fr\/blog\/#\/schema\/person\/image\/","url":"https:\/\/dicodusport.fr\/blog\/wp-content\/uploads\/2021\/05\/Nicolas-Jacquemard-150x150.jpeg","contentUrl":"https:\/\/dicodusport.fr\/blog\/wp-content\/uploads\/2021\/05\/Nicolas-Jacquemard-150x150.jpeg","caption":"Nicolas Jacquemard"},"description":"Passionn\u00e9 de sport et entrepreneur depuis mes 18 ans, la cr\u00e9ation de Dicodusport m'a sembl\u00e9 \u00e9vidente pour participer \u00e0 la m\u00e9diatisation d'un plus grand nombre de sports. Le chemin est long mais avec une \u00e9quipe des plus motiv\u00e9es et les Jeux Olympiques de Paris 2024 en point de mire, nous y arriverons ! Journaliste dans le monde du sport depuis plus de 5 ans, je traite aussi bien de football, de rugby, de biathlon que de cyclisme.","sameAs":["https:\/\/www.facebook.com\/dicodusport","https:\/\/x.com\/https:\/\/twitter.com\/Nico_Jacquemard"],"url":"https:\/\/dicodusport.fr\/blog\/author\/dicodusport\/"}]}},"_links":{"self":[{"href":"https:\/\/dicodusport.fr\/blog\/wp-json\/wp\/v2\/posts\/360059","targetHints":{"allow":["GET"]}}],"collection":[{"href":"https:\/\/dicodusport.fr\/blog\/wp-json\/wp\/v2\/posts"}],"about":[{"href":"https:\/\/dicodusport.fr\/blog\/wp-json\/wp\/v2\/types\/post"}],"author":[{"embeddable":true,"href":"https:\/\/dicodusport.fr\/blog\/wp-json\/wp\/v2\/users\/1"}],"replies":[{"embeddable":true,"href":"https:\/\/dicodusport.fr\/blog\/wp-json\/wp\/v2\/comments?post=360059"}],"version-history":[{"count":0,"href":"https:\/\/dicodusport.fr\/blog\/wp-json\/wp\/v2\/posts\/360059\/revisions"}],"wp:featuredmedia":[{"embeddable":true,"href":"https:\/\/dicodusport.fr\/blog\/wp-json\/wp\/v2\/media\/360066"}],"wp:attachment":[{"href":"https:\/\/dicodusport.fr\/blog\/wp-json\/wp\/v2\/media?parent=360059"}],"wp:term":[{"taxonomy":"category","embeddable":true,"href":"https:\/\/dicodusport.fr\/blog\/wp-json\/wp\/v2\/categories?post=360059"},{"taxonomy":"post_tag","embeddable":true,"href":"https:\/\/dicodusport.fr\/blog\/wp-json\/wp\/v2\/tags?post=360059"}],"curies":[{"name":"wp","href":"https:\/\/api.w.org\/{rel}","templated":true}]}}