{"id":360218,"date":"2023-02-28T10:51:43","date_gmt":"2023-02-28T09:51:43","guid":{"rendered":"https:\/\/dicodusport.fr\/blog\/?p=360218&#038;preview=true&#038;preview_id=360218"},"modified":"2023-02-28T12:02:06","modified_gmt":"2023-02-28T11:02:06","slug":"noel-le-graet-nest-plus-le-president-de-la-federation-francaise-de-football","status":"publish","type":"post","link":"https:\/\/dicodusport.fr\/blog\/noel-le-graet-nest-plus-le-president-de-la-federation-francaise-de-football\/","title":{"rendered":"No\u00ebl Le Gra\u00ebt n&rsquo;est plus le pr\u00e9sident de la F\u00e9d\u00e9ration Fran\u00e7aise de Football"},"content":{"rendered":"<p style=\"text-align: justify;\" align=\"justify\"><em><strong>FOOTBALL &#8211; Comme pressenti depuis plusieurs jours, No\u00ebl Le Gra\u00ebt a d\u00e9missionn\u00e9 de son poste de pr\u00e9sident de la F\u00e9d\u00e9ration Fran\u00e7aise de Football, ce mardi.\u00a0<\/strong><\/em><\/p>\n<p style=\"text-align: justify;\" align=\"justify\">Si pendant un temps, l&rsquo;homme de 81 ans a imagin\u00e9 s&rsquo;accrocher \u00e0 son poste, ses proches ont finalement r\u00e9ussi \u00e0 lui faire entendre raison. <a href=\"https:\/\/dicodusport.fr\/blog\/noel-le-graet-est-mis-en-retrait-de-la-fff-par-son-comite-executif\/\">Mis en retrait depuis le 11 janvier dernier<\/a> suite \u00e0 l&rsquo;affaire <strong>Zin\u00e9dine<\/strong> <strong>Zidane<\/strong> et aux premiers \u00e9chos de l&rsquo;audit du Minist\u00e8re des Sports, <strong>No\u00ebl Le Gra\u00ebt<\/strong> a donc accept\u00e9 de d\u00e9missionner de son poste de Pr\u00e9sident de la <strong>FFF<\/strong>, apr\u00e8s un peu moins de douze ans \u00e0 sa t\u00eate.<\/p>\n<p style=\"text-align: justify;\" align=\"justify\">L&rsquo;audit command\u00e9 par le <strong>Minist\u00e8re des Sports<\/strong>, justement, \u00e9tait accablant pour le dirigeant de 81 ans, qui va probablement devoir rendre des comptes devant la justice, puisque les inspecteurs avaient signal\u00e9 certains des agissements de l&rsquo;homme fort de la 3F. <strong>Philippe<\/strong> <strong>Diallo<\/strong>, qui assure l&rsquo;int\u00e9rim depuis pr\u00e8s de deux mois, restera en charge de l&rsquo;instance jusqu&rsquo;\u00e0 ce qu&rsquo;un nouveau pr\u00e9sident soit \u00e9lu.<\/p>\n<div class=\"vlp-link-container vlp-layout-article\"><a href=\"https:\/\/dicodusport.fr\/blog\/ce-que-gagne-noel-le-graet-a-la-tete-de-la-federation-francaise-de-football\/\" class=\"vlp-link\" title=\"Ce que gagne No\u00ebl Le Gra\u00ebt \u00e0 la t\u00eate de la F\u00e9d\u00e9ration Fran\u00e7aise de Football\"><\/a><div class=\"vlp-layout-zone-side\"><div class=\"vlp-block-4 vlp-link-image\"><img loading=\"lazy\" decoding=\"async\" style=\"max-width: 800px;\" width=\"800\" height=\"445\" src=\"https:\/\/dicodusport.fr\/blog\/wp-content\/uploads\/2023\/01\/Ce-que-gagne-Noel-Le-Graet-a-la-tete-de-la-Federation-Francaise-de-Football.png\" class=\"attachment-800x445 size-800x445\" alt=\"Ce que gagne No\u00ebl Le Gra\u00ebt \u00e0 la t\u00eate de la F\u00e9d\u00e9ration Fran\u00e7aise de Football\" srcset=\"https:\/\/dicodusport.fr\/blog\/wp-content\/uploads\/2023\/01\/Ce-que-gagne-Noel-Le-Graet-a-la-tete-de-la-Federation-Francaise-de-Football.png 800w, https:\/\/dicodusport.fr\/blog\/wp-content\/uploads\/2023\/01\/Ce-que-gagne-Noel-Le-Graet-a-la-tete-de-la-Federation-Francaise-de-Football-300x167.png 300w, https:\/\/dicodusport.fr\/blog\/wp-content\/uploads\/2023\/01\/Ce-que-gagne-Noel-Le-Graet-a-la-tete-de-la-Federation-Francaise-de-Football-768x427.png 768w\" sizes=\"auto, (max-width: 800px) 100vw, 800px\" \/><\/div><\/div><div class=\"vlp-layout-zone-main\"><div class=\"vlp-block-0 vlp-link-title\">Ce que gagne No\u00ebl Le Gra\u00ebt \u00e0 la t\u00eate de la F\u00e9d\u00e9ration Fran\u00e7aise de Football<\/div><div class=\"vlp-block-1 vlp-link-summary\">FOOTBALL - En poste depuis juin 2011, le pr\u00e9sident de la F\u00e9d\u00e9ration Fran\u00e7aise de Football, No\u00ebl Le Gra\u00ebt, est plus que jamais dans la tourmente, pour les raisons que l'on conna\u00eet. Nos confr\u00e8res de Sportune se sont pench\u00e9s sur ce que gagnait l'ancien pr\u00e9sident de l'En Avant Guingamp.<\/div><div class=\"vlp-block-2 vlp-link-button\">Lire l'article<\/div><div class=\"vlp-block-3 vlp-link-url\">dicodusport.fr<\/div><\/div><\/div>\n<h2 style=\"text-align: justify;\" align=\"justify\">Et maintenant ?<\/h2>\n<p align=\"justify\">D\u00e9sormais, pour <strong>No\u00ebl Le Gra\u00ebt<\/strong>, c&rsquo;est le temps du volet judiciaire qui pourrait rapidement intervenir. L&rsquo;un de ses avocats, <strong>Thierry Marembert<\/strong>, avait r\u00e9cemment confi\u00e9 \u00e0 nos confr\u00e8res de <a href=\"https:\/\/www.lequipe.fr\/Football\/Article\/-la-ministre-est-totalement-sortie-de-son-role-selon-l-avocat-de-le-graet\/1381234\" target=\"_blank\" rel=\"nofollow noopener\"><em>L&rsquo;\u00c9quipe<\/em><\/a> que le Breton voulait <i>\u00ab laver son honneur \u00bb<\/i>. <strong>No\u00ebl Le Gra\u00ebt<\/strong> pourrait intenter une proc\u00e9dure judicaire afin de contester l&rsquo;audit command\u00e9 par le Minist\u00e8re des Sports. <strong>Ma\u00eetre Marembert<\/strong> avait alors justifi\u00e9 le souhait de son client. <em>\u00ab<\/em> <i>Il souhaite que la v\u00e9rit\u00e9 soit reconnue au terme d&rsquo;un processus contradictoire, parce que l\u00e0 aussi, il faut dire qu&rsquo;il n&rsquo;y en a pas eu \u00bb<\/i>. Affaire \u00e0 suivre dans les prochaines semaines.<\/p>\n","protected":false},"excerpt":{"rendered":"<p>FOOTBALL &#8211; Comme pressenti depuis plusieurs jours, No\u00ebl Le Gra\u00ebt a d\u00e9missionn\u00e9 de son poste de pr\u00e9sident de la F\u00e9d\u00e9ration Fran\u00e7aise de Football, ce mardi.\u00a0<\/p>\n","protected":false},"author":1,"featured_media":343005,"comment_status":"open","ping_status":"closed","sticky":false,"template":"","format":"standard","meta":{"_acf_changed":false,"_daextam_enable_autolinks":"","footnotes":""},"categories":[2301],"tags":[16878,4856,75,9607,24],"class_list":["post-360218","post","type-post","status-publish","format-standard","has-post-thumbnail","hentry","category-football","tag-breve","tag-fff","tag-football","tag-noel-le-graet","tag-sport"],"acf":[],"yoast_head":"<!-- This site is optimized with the Yoast SEO Premium plugin v26.7 (Yoast SEO v26.7) - https:\/\/yoast.com\/wordpress\/plugins\/seo\/ -->\n<title>No\u00ebl Le Gra\u00ebt n&#039;est plus le pr\u00e9sident de la F\u00e9d\u00e9ration Fran\u00e7aise de Football<\/title>\n<meta name=\"description\" content=\"FOOTBALL - Comme pressenti, No\u00ebl Le Gra\u00ebt a d\u00e9missionn\u00e9 de son poste de pr\u00e9sident de la F\u00e9d\u00e9ration Fran\u00e7aise de Football.\u00a0\" \/>\n<meta name=\"robots\" content=\"index, follow, max-snippet:-1, max-image-preview:large, max-video-preview:-1\" \/>\n<link rel=\"canonical\" href=\"https:\/\/dicodusport.fr\/blog\/noel-le-graet-nest-plus-le-president-de-la-federation-francaise-de-football\/\" \/>\n<meta property=\"og:locale\" content=\"fr_FR\" \/>\n<meta property=\"og:type\" content=\"article\" \/>\n<meta property=\"og:title\" content=\"No\u00ebl Le Gra\u00ebt n&#039;est plus le pr\u00e9sident de la F\u00e9d\u00e9ration Fran\u00e7aise de Football\" \/>\n<meta property=\"og:description\" content=\"FOOTBALL - Comme pressenti, No\u00ebl Le Gra\u00ebt a d\u00e9missionn\u00e9 de son poste de pr\u00e9sident de la F\u00e9d\u00e9ration Fran\u00e7aise de Football.\u00a0\" \/>\n<meta property=\"og:url\" content=\"https:\/\/dicodusport.fr\/blog\/noel-le-graet-nest-plus-le-president-de-la-federation-francaise-de-football\/\" \/>\n<meta property=\"og:site_name\" content=\"Dicodusport\" \/>\n<meta property=\"article:publisher\" content=\"https:\/\/www.facebook.com\/dicodusport\" \/>\n<meta property=\"article:author\" content=\"https:\/\/www.facebook.com\/dicodusport\" \/>\n<meta property=\"article:published_time\" content=\"2023-02-28T09:51:43+00:00\" \/>\n<meta property=\"article:modified_time\" content=\"2023-02-28T11:02:06+00:00\" \/>\n<meta property=\"og:image\" content=\"https:\/\/dicodusport.fr\/blog\/wp-content\/uploads\/2023\/01\/Ce-que-gagne-Noel-Le-Graet-a-la-tete-de-la-Federation-Francaise-de-Football.png\" \/>\n\t<meta property=\"og:image:width\" content=\"800\" \/>\n\t<meta property=\"og:image:height\" content=\"445\" \/>\n\t<meta property=\"og:image:type\" content=\"image\/png\" \/>\n<meta name=\"author\" content=\"Nicolas Jacquemard\" \/>\n<meta name=\"twitter:card\" content=\"summary_large_image\" \/>\n<meta name=\"twitter:title\" content=\"No\u00ebl Le Gra\u00ebt n&#039;est plus le pr\u00e9sident de la F\u00e9d\u00e9ration Fran\u00e7aise de Football\" \/>\n<meta name=\"twitter:creator\" content=\"@https:\/\/twitter.com\/Nico_Jacquemard\" \/>\n<meta name=\"twitter:site\" content=\"@dicodusport\" \/>\n<script type=\"application\/ld+json\" class=\"yoast-schema-graph\">{\"@context\":\"https:\/\/schema.org\",\"@graph\":[{\"@type\":\"NewsArticle\",\"@id\":\"https:\/\/dicodusport.fr\/blog\/noel-le-graet-nest-plus-le-president-de-la-federation-francaise-de-football\/#article\",\"isPartOf\":{\"@id\":\"https:\/\/dicodusport.fr\/blog\/noel-le-graet-nest-plus-le-president-de-la-federation-francaise-de-football\/\"},\"author\":{\"name\":\"Nicolas Jacquemard\",\"@id\":\"https:\/\/dicodusport.fr\/blog\/#\/schema\/person\/55dcb50ad410894e431ed812bbb70191\"},\"headline\":\"No\u00ebl Le Gra\u00ebt n&rsquo;est plus le pr\u00e9sident de la F\u00e9d\u00e9ration Fran\u00e7aise de Football\",\"datePublished\":\"2023-02-28T09:51:43+00:00\",\"dateModified\":\"2023-02-28T11:02:06+00:00\",\"mainEntityOfPage\":{\"@id\":\"https:\/\/dicodusport.fr\/blog\/noel-le-graet-nest-plus-le-president-de-la-federation-francaise-de-football\/\"},\"wordCount\":412,\"commentCount\":0,\"publisher\":{\"@id\":\"https:\/\/dicodusport.fr\/blog\/#organization\"},\"image\":{\"@id\":\"https:\/\/dicodusport.fr\/blog\/noel-le-graet-nest-plus-le-president-de-la-federation-francaise-de-football\/#primaryimage\"},\"thumbnailUrl\":\"https:\/\/dicodusport.fr\/blog\/wp-content\/uploads\/2023\/01\/Ce-que-gagne-Noel-Le-Graet-a-la-tete-de-la-Federation-Francaise-de-Football.png\",\"keywords\":[\"br\u00e8ve\",\"FFF\",\"Football\",\"No\u00ebl Le Gra\u00ebt\",\"sport\"],\"articleSection\":[\"Football\"],\"inLanguage\":\"fr-FR\",\"potentialAction\":[{\"@type\":\"CommentAction\",\"name\":\"Comment\",\"target\":[\"https:\/\/dicodusport.fr\/blog\/noel-le-graet-nest-plus-le-president-de-la-federation-francaise-de-football\/#respond\"]}],\"copyrightYear\":\"2023\",\"copyrightHolder\":{\"@id\":\"https:\/\/dicodusport.fr\/blog\/#organization\"}},{\"@type\":\"WebPage\",\"@id\":\"https:\/\/dicodusport.fr\/blog\/noel-le-graet-nest-plus-le-president-de-la-federation-francaise-de-football\/\",\"url\":\"https:\/\/dicodusport.fr\/blog\/noel-le-graet-nest-plus-le-president-de-la-federation-francaise-de-football\/\",\"name\":\"No\u00ebl Le Gra\u00ebt n'est plus le pr\u00e9sident de la F\u00e9d\u00e9ration Fran\u00e7aise de Football\",\"isPartOf\":{\"@id\":\"https:\/\/dicodusport.fr\/blog\/#website\"},\"primaryImageOfPage\":{\"@id\":\"https:\/\/dicodusport.fr\/blog\/noel-le-graet-nest-plus-le-president-de-la-federation-francaise-de-football\/#primaryimage\"},\"image\":{\"@id\":\"https:\/\/dicodusport.fr\/blog\/noel-le-graet-nest-plus-le-president-de-la-federation-francaise-de-football\/#primaryimage\"},\"thumbnailUrl\":\"https:\/\/dicodusport.fr\/blog\/wp-content\/uploads\/2023\/01\/Ce-que-gagne-Noel-Le-Graet-a-la-tete-de-la-Federation-Francaise-de-Football.png\",\"datePublished\":\"2023-02-28T09:51:43+00:00\",\"dateModified\":\"2023-02-28T11:02:06+00:00\",\"description\":\"FOOTBALL - Comme pressenti, No\u00ebl Le Gra\u00ebt a d\u00e9missionn\u00e9 de son poste de pr\u00e9sident de la F\u00e9d\u00e9ration Fran\u00e7aise de Football.\u00a0\",\"breadcrumb\":{\"@id\":\"https:\/\/dicodusport.fr\/blog\/noel-le-graet-nest-plus-le-president-de-la-federation-francaise-de-football\/#breadcrumb\"},\"inLanguage\":\"fr-FR\",\"potentialAction\":[{\"@type\":\"ReadAction\",\"target\":[\"https:\/\/dicodusport.fr\/blog\/noel-le-graet-nest-plus-le-president-de-la-federation-francaise-de-football\/\"]}]},{\"@type\":\"ImageObject\",\"inLanguage\":\"fr-FR\",\"@id\":\"https:\/\/dicodusport.fr\/blog\/noel-le-graet-nest-plus-le-president-de-la-federation-francaise-de-football\/#primaryimage\",\"url\":\"https:\/\/dicodusport.fr\/blog\/wp-content\/uploads\/2023\/01\/Ce-que-gagne-Noel-Le-Graet-a-la-tete-de-la-Federation-Francaise-de-Football.png\",\"contentUrl\":\"https:\/\/dicodusport.fr\/blog\/wp-content\/uploads\/2023\/01\/Ce-que-gagne-Noel-Le-Graet-a-la-tete-de-la-Federation-Francaise-de-Football.png\",\"width\":800,\"height\":445,\"caption\":\"Ce que gagne No\u00ebl Le Gra\u00ebt \u00e0 la t\u00eate de la F\u00e9d\u00e9ration Fran\u00e7aise de Football\"},{\"@type\":\"BreadcrumbList\",\"@id\":\"https:\/\/dicodusport.fr\/blog\/noel-le-graet-nest-plus-le-president-de-la-federation-francaise-de-football\/#breadcrumb\",\"itemListElement\":[{\"@type\":\"ListItem\",\"position\":1,\"name\":\"Accueil\",\"item\":\"https:\/\/dicodusport.fr\/blog\/\"},{\"@type\":\"ListItem\",\"position\":2,\"name\":\"No\u00ebl Le Gra\u00ebt n&rsquo;est plus le pr\u00e9sident de la F\u00e9d\u00e9ration Fran\u00e7aise de Football\"}]},{\"@type\":\"WebSite\",\"@id\":\"https:\/\/dicodusport.fr\/blog\/#website\",\"url\":\"https:\/\/dicodusport.fr\/blog\/\",\"name\":\"Dicodusport\",\"description\":\"L&#039;encyclop\u00e9die de l&#039;actualit\u00e9 sportive\",\"publisher\":{\"@id\":\"https:\/\/dicodusport.fr\/blog\/#organization\"},\"potentialAction\":[{\"@type\":\"SearchAction\",\"target\":{\"@type\":\"EntryPoint\",\"urlTemplate\":\"https:\/\/dicodusport.fr\/blog\/?s={search_term_string}\"},\"query-input\":{\"@type\":\"PropertyValueSpecification\",\"valueRequired\":true,\"valueName\":\"search_term_string\"}}],\"inLanguage\":\"fr-FR\"},{\"@type\":\"NewsMediaOrganization\",\"@id\":\"https:\/\/dicodusport.fr\/blog\/#organization\",\"name\":\"Dicodusport\",\"url\":\"https:\/\/dicodusport.fr\/blog\/\",\"logo\":{\"@type\":\"ImageObject\",\"inLanguage\":\"fr-FR\",\"@id\":\"https:\/\/dicodusport.fr\/blog\/#\/schema\/logo\/image\/\",\"url\":\"https:\/\/dicodusport.fr\/blog\/wp-content\/uploads\/2020\/06\/cropped-LOGO-DICODUSPORT-2020-SANS-FOND-SANS-TEXTE.png\",\"contentUrl\":\"https:\/\/dicodusport.fr\/blog\/wp-content\/uploads\/2020\/06\/cropped-LOGO-DICODUSPORT-2020-SANS-FOND-SANS-TEXTE.png\",\"width\":512,\"height\":512,\"caption\":\"Dicodusport\"},\"image\":{\"@id\":\"https:\/\/dicodusport.fr\/blog\/#\/schema\/logo\/image\/\"},\"sameAs\":[\"https:\/\/www.facebook.com\/dicodusport\",\"https:\/\/x.com\/dicodusport\",\"https:\/\/www.instagram.com\/dicodusport\/\",\"https:\/\/www.youtube.com\/channel\/UC7V2KZ5sd3htJivAbA4ZG3w\"],\"description\":\"Dicodusport est l'encyclop\u00e9die de l'actualit\u00e9 sportive.\",\"email\":\"bonjour@dicodusport.fr\",\"legalName\":\"DICODUSPORT\",\"foundingDate\":\"2018-01-14\",\"vatID\":\"FR71834470973\",\"taxID\":\"83447097300043\",\"numberOfEmployees\":{\"@type\":\"QuantitativeValue\",\"minValue\":\"1\",\"maxValue\":\"10\"}},{\"@type\":\"Person\",\"@id\":\"https:\/\/dicodusport.fr\/blog\/#\/schema\/person\/55dcb50ad410894e431ed812bbb70191\",\"name\":\"Nicolas Jacquemard\",\"image\":{\"@type\":\"ImageObject\",\"inLanguage\":\"fr-FR\",\"@id\":\"https:\/\/dicodusport.fr\/blog\/#\/schema\/person\/image\/\",\"url\":\"https:\/\/dicodusport.fr\/blog\/wp-content\/uploads\/2021\/05\/Nicolas-Jacquemard-150x150.jpeg\",\"contentUrl\":\"https:\/\/dicodusport.fr\/blog\/wp-content\/uploads\/2021\/05\/Nicolas-Jacquemard-150x150.jpeg\",\"caption\":\"Nicolas Jacquemard\"},\"description\":\"Passionn\u00e9 de sport et entrepreneur depuis mes 18 ans, la cr\u00e9ation de Dicodusport m'a sembl\u00e9 \u00e9vidente pour participer \u00e0 la m\u00e9diatisation d'un plus grand nombre de sports. Le chemin est long mais avec une \u00e9quipe des plus motiv\u00e9es et les Jeux Olympiques de Paris 2024 en point de mire, nous y arriverons ! Journaliste dans le monde du sport depuis plus de 5 ans, je traite aussi bien de football, de rugby, de biathlon que de cyclisme.\",\"sameAs\":[\"https:\/\/www.facebook.com\/dicodusport\",\"https:\/\/x.com\/https:\/\/twitter.com\/Nico_Jacquemard\"],\"url\":\"https:\/\/dicodusport.fr\/blog\/author\/dicodusport\/\"}]}<\/script>\n<!-- \/ Yoast SEO Premium plugin. -->","yoast_head_json":{"title":"No\u00ebl Le Gra\u00ebt n'est plus le pr\u00e9sident de la F\u00e9d\u00e9ration Fran\u00e7aise de Football","description":"FOOTBALL - Comme pressenti, No\u00ebl Le Gra\u00ebt a d\u00e9missionn\u00e9 de son poste de pr\u00e9sident de la F\u00e9d\u00e9ration Fran\u00e7aise de Football.\u00a0","robots":{"index":"index","follow":"follow","max-snippet":"max-snippet:-1","max-image-preview":"max-image-preview:large","max-video-preview":"max-video-preview:-1"},"canonical":"https:\/\/dicodusport.fr\/blog\/noel-le-graet-nest-plus-le-president-de-la-federation-francaise-de-football\/","og_locale":"fr_FR","og_type":"article","og_title":"No\u00ebl Le Gra\u00ebt n'est plus le pr\u00e9sident de la F\u00e9d\u00e9ration Fran\u00e7aise de Football","og_description":"FOOTBALL - Comme pressenti, No\u00ebl Le Gra\u00ebt a d\u00e9missionn\u00e9 de son poste de pr\u00e9sident de la F\u00e9d\u00e9ration Fran\u00e7aise de Football.\u00a0","og_url":"https:\/\/dicodusport.fr\/blog\/noel-le-graet-nest-plus-le-president-de-la-federation-francaise-de-football\/","og_site_name":"Dicodusport","article_publisher":"https:\/\/www.facebook.com\/dicodusport","article_author":"https:\/\/www.facebook.com\/dicodusport","article_published_time":"2023-02-28T09:51:43+00:00","article_modified_time":"2023-02-28T11:02:06+00:00","og_image":[{"width":800,"height":445,"url":"https:\/\/dicodusport.fr\/blog\/wp-content\/uploads\/2023\/01\/Ce-que-gagne-Noel-Le-Graet-a-la-tete-de-la-Federation-Francaise-de-Football.png","type":"image\/png"}],"author":"Nicolas Jacquemard","twitter_card":"summary_large_image","twitter_title":"No\u00ebl Le Gra\u00ebt n'est plus le pr\u00e9sident de la F\u00e9d\u00e9ration Fran\u00e7aise de Football","twitter_creator":"@https:\/\/twitter.com\/Nico_Jacquemard","twitter_site":"@dicodusport","schema":{"@context":"https:\/\/schema.org","@graph":[{"@type":"NewsArticle","@id":"https:\/\/dicodusport.fr\/blog\/noel-le-graet-nest-plus-le-president-de-la-federation-francaise-de-football\/#article","isPartOf":{"@id":"https:\/\/dicodusport.fr\/blog\/noel-le-graet-nest-plus-le-president-de-la-federation-francaise-de-football\/"},"author":{"name":"Nicolas Jacquemard","@id":"https:\/\/dicodusport.fr\/blog\/#\/schema\/person\/55dcb50ad410894e431ed812bbb70191"},"headline":"No\u00ebl Le Gra\u00ebt n&rsquo;est plus le pr\u00e9sident de la F\u00e9d\u00e9ration Fran\u00e7aise de Football","datePublished":"2023-02-28T09:51:43+00:00","dateModified":"2023-02-28T11:02:06+00:00","mainEntityOfPage":{"@id":"https:\/\/dicodusport.fr\/blog\/noel-le-graet-nest-plus-le-president-de-la-federation-francaise-de-football\/"},"wordCount":412,"commentCount":0,"publisher":{"@id":"https:\/\/dicodusport.fr\/blog\/#organization"},"image":{"@id":"https:\/\/dicodusport.fr\/blog\/noel-le-graet-nest-plus-le-president-de-la-federation-francaise-de-football\/#primaryimage"},"thumbnailUrl":"https:\/\/dicodusport.fr\/blog\/wp-content\/uploads\/2023\/01\/Ce-que-gagne-Noel-Le-Graet-a-la-tete-de-la-Federation-Francaise-de-Football.png","keywords":["br\u00e8ve","FFF","Football","No\u00ebl Le Gra\u00ebt","sport"],"articleSection":["Football"],"inLanguage":"fr-FR","potentialAction":[{"@type":"CommentAction","name":"Comment","target":["https:\/\/dicodusport.fr\/blog\/noel-le-graet-nest-plus-le-president-de-la-federation-francaise-de-football\/#respond"]}],"copyrightYear":"2023","copyrightHolder":{"@id":"https:\/\/dicodusport.fr\/blog\/#organization"}},{"@type":"WebPage","@id":"https:\/\/dicodusport.fr\/blog\/noel-le-graet-nest-plus-le-president-de-la-federation-francaise-de-football\/","url":"https:\/\/dicodusport.fr\/blog\/noel-le-graet-nest-plus-le-president-de-la-federation-francaise-de-football\/","name":"No\u00ebl Le Gra\u00ebt n'est plus le pr\u00e9sident de la F\u00e9d\u00e9ration Fran\u00e7aise de Football","isPartOf":{"@id":"https:\/\/dicodusport.fr\/blog\/#website"},"primaryImageOfPage":{"@id":"https:\/\/dicodusport.fr\/blog\/noel-le-graet-nest-plus-le-president-de-la-federation-francaise-de-football\/#primaryimage"},"image":{"@id":"https:\/\/dicodusport.fr\/blog\/noel-le-graet-nest-plus-le-president-de-la-federation-francaise-de-football\/#primaryimage"},"thumbnailUrl":"https:\/\/dicodusport.fr\/blog\/wp-content\/uploads\/2023\/01\/Ce-que-gagne-Noel-Le-Graet-a-la-tete-de-la-Federation-Francaise-de-Football.png","datePublished":"2023-02-28T09:51:43+00:00","dateModified":"2023-02-28T11:02:06+00:00","description":"FOOTBALL - Comme pressenti, No\u00ebl Le Gra\u00ebt a d\u00e9missionn\u00e9 de son poste de pr\u00e9sident de la F\u00e9d\u00e9ration Fran\u00e7aise de Football.\u00a0","breadcrumb":{"@id":"https:\/\/dicodusport.fr\/blog\/noel-le-graet-nest-plus-le-president-de-la-federation-francaise-de-football\/#breadcrumb"},"inLanguage":"fr-FR","potentialAction":[{"@type":"ReadAction","target":["https:\/\/dicodusport.fr\/blog\/noel-le-graet-nest-plus-le-president-de-la-federation-francaise-de-football\/"]}]},{"@type":"ImageObject","inLanguage":"fr-FR","@id":"https:\/\/dicodusport.fr\/blog\/noel-le-graet-nest-plus-le-president-de-la-federation-francaise-de-football\/#primaryimage","url":"https:\/\/dicodusport.fr\/blog\/wp-content\/uploads\/2023\/01\/Ce-que-gagne-Noel-Le-Graet-a-la-tete-de-la-Federation-Francaise-de-Football.png","contentUrl":"https:\/\/dicodusport.fr\/blog\/wp-content\/uploads\/2023\/01\/Ce-que-gagne-Noel-Le-Graet-a-la-tete-de-la-Federation-Francaise-de-Football.png","width":800,"height":445,"caption":"Ce que gagne No\u00ebl Le Gra\u00ebt \u00e0 la t\u00eate de la F\u00e9d\u00e9ration Fran\u00e7aise de Football"},{"@type":"BreadcrumbList","@id":"https:\/\/dicodusport.fr\/blog\/noel-le-graet-nest-plus-le-president-de-la-federation-francaise-de-football\/#breadcrumb","itemListElement":[{"@type":"ListItem","position":1,"name":"Accueil","item":"https:\/\/dicodusport.fr\/blog\/"},{"@type":"ListItem","position":2,"name":"No\u00ebl Le Gra\u00ebt n&rsquo;est plus le pr\u00e9sident de la F\u00e9d\u00e9ration Fran\u00e7aise de Football"}]},{"@type":"WebSite","@id":"https:\/\/dicodusport.fr\/blog\/#website","url":"https:\/\/dicodusport.fr\/blog\/","name":"Dicodusport","description":"L&#039;encyclop\u00e9die de l&#039;actualit\u00e9 sportive","publisher":{"@id":"https:\/\/dicodusport.fr\/blog\/#organization"},"potentialAction":[{"@type":"SearchAction","target":{"@type":"EntryPoint","urlTemplate":"https:\/\/dicodusport.fr\/blog\/?s={search_term_string}"},"query-input":{"@type":"PropertyValueSpecification","valueRequired":true,"valueName":"search_term_string"}}],"inLanguage":"fr-FR"},{"@type":"NewsMediaOrganization","@id":"https:\/\/dicodusport.fr\/blog\/#organization","name":"Dicodusport","url":"https:\/\/dicodusport.fr\/blog\/","logo":{"@type":"ImageObject","inLanguage":"fr-FR","@id":"https:\/\/dicodusport.fr\/blog\/#\/schema\/logo\/image\/","url":"https:\/\/dicodusport.fr\/blog\/wp-content\/uploads\/2020\/06\/cropped-LOGO-DICODUSPORT-2020-SANS-FOND-SANS-TEXTE.png","contentUrl":"https:\/\/dicodusport.fr\/blog\/wp-content\/uploads\/2020\/06\/cropped-LOGO-DICODUSPORT-2020-SANS-FOND-SANS-TEXTE.png","width":512,"height":512,"caption":"Dicodusport"},"image":{"@id":"https:\/\/dicodusport.fr\/blog\/#\/schema\/logo\/image\/"},"sameAs":["https:\/\/www.facebook.com\/dicodusport","https:\/\/x.com\/dicodusport","https:\/\/www.instagram.com\/dicodusport\/","https:\/\/www.youtube.com\/channel\/UC7V2KZ5sd3htJivAbA4ZG3w"],"description":"Dicodusport est l'encyclop\u00e9die de l'actualit\u00e9 sportive.","email":"bonjour@dicodusport.fr","legalName":"DICODUSPORT","foundingDate":"2018-01-14","vatID":"FR71834470973","taxID":"83447097300043","numberOfEmployees":{"@type":"QuantitativeValue","minValue":"1","maxValue":"10"}},{"@type":"Person","@id":"https:\/\/dicodusport.fr\/blog\/#\/schema\/person\/55dcb50ad410894e431ed812bbb70191","name":"Nicolas Jacquemard","image":{"@type":"ImageObject","inLanguage":"fr-FR","@id":"https:\/\/dicodusport.fr\/blog\/#\/schema\/person\/image\/","url":"https:\/\/dicodusport.fr\/blog\/wp-content\/uploads\/2021\/05\/Nicolas-Jacquemard-150x150.jpeg","contentUrl":"https:\/\/dicodusport.fr\/blog\/wp-content\/uploads\/2021\/05\/Nicolas-Jacquemard-150x150.jpeg","caption":"Nicolas Jacquemard"},"description":"Passionn\u00e9 de sport et entrepreneur depuis mes 18 ans, la cr\u00e9ation de Dicodusport m'a sembl\u00e9 \u00e9vidente pour participer \u00e0 la m\u00e9diatisation d'un plus grand nombre de sports. Le chemin est long mais avec une \u00e9quipe des plus motiv\u00e9es et les Jeux Olympiques de Paris 2024 en point de mire, nous y arriverons ! Journaliste dans le monde du sport depuis plus de 5 ans, je traite aussi bien de football, de rugby, de biathlon que de cyclisme.","sameAs":["https:\/\/www.facebook.com\/dicodusport","https:\/\/x.com\/https:\/\/twitter.com\/Nico_Jacquemard"],"url":"https:\/\/dicodusport.fr\/blog\/author\/dicodusport\/"}]}},"_links":{"self":[{"href":"https:\/\/dicodusport.fr\/blog\/wp-json\/wp\/v2\/posts\/360218","targetHints":{"allow":["GET"]}}],"collection":[{"href":"https:\/\/dicodusport.fr\/blog\/wp-json\/wp\/v2\/posts"}],"about":[{"href":"https:\/\/dicodusport.fr\/blog\/wp-json\/wp\/v2\/types\/post"}],"author":[{"embeddable":true,"href":"https:\/\/dicodusport.fr\/blog\/wp-json\/wp\/v2\/users\/1"}],"replies":[{"embeddable":true,"href":"https:\/\/dicodusport.fr\/blog\/wp-json\/wp\/v2\/comments?post=360218"}],"version-history":[{"count":0,"href":"https:\/\/dicodusport.fr\/blog\/wp-json\/wp\/v2\/posts\/360218\/revisions"}],"wp:featuredmedia":[{"embeddable":true,"href":"https:\/\/dicodusport.fr\/blog\/wp-json\/wp\/v2\/media\/343005"}],"wp:attachment":[{"href":"https:\/\/dicodusport.fr\/blog\/wp-json\/wp\/v2\/media?parent=360218"}],"wp:term":[{"taxonomy":"category","embeddable":true,"href":"https:\/\/dicodusport.fr\/blog\/wp-json\/wp\/v2\/categories?post=360218"},{"taxonomy":"post_tag","embeddable":true,"href":"https:\/\/dicodusport.fr\/blog\/wp-json\/wp\/v2\/tags?post=360218"}],"curies":[{"name":"wp","href":"https:\/\/api.w.org\/{rel}","templated":true}]}}