{"id":360251,"date":"2023-02-28T13:13:30","date_gmt":"2023-02-28T12:13:30","guid":{"rendered":"https:\/\/dicodusport.fr\/blog\/?p=360251&#038;preview=true&#038;preview_id=360251"},"modified":"2023-02-28T15:26:54","modified_gmt":"2023-02-28T14:26:54","slug":"a-peine-parti-de-la-fff-noel-le-graet-est-recase-a-la-fifa","status":"publish","type":"post","link":"https:\/\/dicodusport.fr\/blog\/a-peine-parti-de-la-fff-noel-le-graet-est-recase-a-la-fifa\/","title":{"rendered":"\u00c0 peine parti de la FFF, No\u00ebl Le Gra\u00ebt est recas\u00e9 \u00e0 la FIFA"},"content":{"rendered":"<p align=\"justify\"><em><b>FOOTBALL FRAN\u00c7AIS &#8211; Ce matin, No\u00ebl Le Gra\u00ebt d\u00e9missionnait de la pr\u00e9sidence de la F\u00e9d\u00e9ration Fran\u00e7aise de Football. Mais \u00e0 81 ans, il ne sera pas longtemps rest\u00e9 inactif, puisque Canal + annonce qu&rsquo;il va diriger le bureau de la FIFA \u00e0 Paris.<\/b><\/em><\/p>\n<p align=\"justify\">La d\u00e9mission de <strong>No\u00ebl Le Gra\u00ebt<\/strong>, tant attendue, <a href=\"https:\/\/dicodusport.fr\/blog\/noel-le-graet-nest-plus-le-president-de-la-federation-francaise-de-football\/\">a enfin eu lieu ce matin<\/a>, lors du Comex (comit\u00e9 ex\u00e9cutif) de la F\u00e9d\u00e9ration Fran\u00e7aise de Football ce matin. Mais si le monde du football croyait en avoir fini avec <strong>NLG<\/strong>, il avait tort. Selon <em>Canal+<\/em>, il va \u00eatre nomm\u00e9 \u00e0 la t\u00eate du bureau de la FIFA \u00e0 Paris tr\u00e8s prochainement. Une nomination d\u00e9cid\u00e9e par <strong>Gianni Infantino<\/strong>, pr\u00e9sident de la FIFA, en personne. Vraiment, on ne sait pas quoi penser de cette info, \u00e0 part peut-\u00eatre qu&rsquo;on tient la principale explication de sa d\u00e9mission, puisqu&rsquo;\u00e9tant visiblement s\u00fbr de retrouver une fonction dans la foul\u00e9e.<\/p>\n<blockquote class=\"twitter-tweet\">\n<p dir=\"ltr\" lang=\"fr\">\ud83d\udd34 INFO CANAL+<\/p>\n<p>No\u00ebl Le Gra\u00ebt va prendre la direction du bureau de la FIFA \u00e0 Paris <a href=\"https:\/\/t.co\/0b4SadEBrJ\">pic.twitter.com\/0b4SadEBrJ<\/a><\/p>\n<p>\u2014 CANAL+ Foot (@CanalplusFoot) <a href=\"https:\/\/twitter.com\/CanalplusFoot\/status\/1630537300688945154?ref_src=twsrc%5Etfw\">February 28, 2023<\/a><\/p><\/blockquote>\n<p><script async src=\"https:\/\/platform.twitter.com\/widgets.js\" charset=\"utf-8\"><\/script><\/p>\n","protected":false},"excerpt":{"rendered":"<p>FOOTBALL FRAN\u00c7AIS &#8211; Ce matin, No\u00ebl Le Gra\u00ebt d\u00e9missionnait de la pr\u00e9sidence de la F\u00e9d\u00e9ration Fran\u00e7aise de Football. Mais \u00e0 81 ans, il ne sera pas longtemps rest\u00e9 inactif, puisque Canal + annonce qu&rsquo;il va diriger le bureau de la FIFA \u00e0 Paris.<\/p>\n","protected":false},"author":59,"featured_media":360255,"comment_status":"open","ping_status":"closed","sticky":false,"template":"","format":"standard","meta":{"_acf_changed":false,"_daextam_enable_autolinks":"","footnotes":""},"categories":[2301],"tags":[16878,4856,75,6531,9607],"class_list":["post-360251","post","type-post","status-publish","format-standard","has-post-thumbnail","hentry","category-football","tag-breve","tag-fff","tag-football","tag-football-francais","tag-noel-le-graet"],"acf":[],"yoast_head":"<!-- This site is optimized with the Yoast SEO Premium plugin v26.7 (Yoast SEO v26.7) - https:\/\/yoast.com\/wordpress\/plugins\/seo\/ -->\n<title>\u00c0 peine parti de la FFF, No\u00ebl Le Gra\u00ebt est recas\u00e9 \u00e0 la FIFA<\/title>\n<meta name=\"description\" content=\"FOOTBALL FRAN\u00c7AIS - No\u00ebl Le Gra\u00ebt ne sera pas longtemps rest\u00e9 inactif, puisque Canal + annonce qu&#039;il va diriger le bureau de la FIFA \u00e0 Paris.\" \/>\n<meta name=\"robots\" content=\"index, follow, max-snippet:-1, max-image-preview:large, max-video-preview:-1\" \/>\n<link rel=\"canonical\" href=\"https:\/\/dicodusport.fr\/blog\/a-peine-parti-de-la-fff-noel-le-graet-est-recase-a-la-fifa\/\" \/>\n<meta property=\"og:locale\" content=\"fr_FR\" \/>\n<meta property=\"og:type\" content=\"article\" \/>\n<meta property=\"og:title\" content=\"\u00c0 peine parti de la FFF, No\u00ebl Le Gra\u00ebt est recas\u00e9 \u00e0 la FIFA\" \/>\n<meta property=\"og:description\" content=\"FOOTBALL FRAN\u00c7AIS - No\u00ebl Le Gra\u00ebt ne sera pas longtemps rest\u00e9 inactif, puisque Canal + annonce qu&#039;il va diriger le bureau de la FIFA \u00e0 Paris.\" \/>\n<meta property=\"og:url\" content=\"https:\/\/dicodusport.fr\/blog\/a-peine-parti-de-la-fff-noel-le-graet-est-recase-a-la-fifa\/\" \/>\n<meta property=\"og:site_name\" content=\"Dicodusport\" \/>\n<meta property=\"article:publisher\" content=\"https:\/\/www.facebook.com\/dicodusport\" \/>\n<meta property=\"article:author\" content=\"https:\/\/www.facebook.com\/sebastien.gente\/\" \/>\n<meta property=\"article:published_time\" content=\"2023-02-28T12:13:30+00:00\" \/>\n<meta property=\"article:modified_time\" content=\"2023-02-28T14:26:54+00:00\" \/>\n<meta property=\"og:image\" content=\"https:\/\/dicodusport.fr\/blog\/wp-content\/uploads\/2023\/02\/A-peine-parti-de-la-FFF-Noel-Le-Graet-est-recase-a-la-FIFA.png\" \/>\n\t<meta property=\"og:image:width\" content=\"800\" \/>\n\t<meta property=\"og:image:height\" content=\"445\" \/>\n\t<meta property=\"og:image:type\" content=\"image\/png\" \/>\n<meta name=\"author\" content=\"S\u00e9bastien Gente\" \/>\n<meta name=\"twitter:card\" content=\"summary_large_image\" \/>\n<meta name=\"twitter:title\" content=\"\u00c0 peine parti de la FFF, No\u00ebl Le Gra\u00ebt est recas\u00e9 \u00e0 la FIFA\" \/>\n<meta name=\"twitter:creator\" content=\"@https:\/\/twitter.com\/globulo24\" \/>\n<meta name=\"twitter:site\" content=\"@dicodusport\" \/>\n<script type=\"application\/ld+json\" class=\"yoast-schema-graph\">{\"@context\":\"https:\/\/schema.org\",\"@graph\":[{\"@type\":\"NewsArticle\",\"@id\":\"https:\/\/dicodusport.fr\/blog\/a-peine-parti-de-la-fff-noel-le-graet-est-recase-a-la-fifa\/#article\",\"isPartOf\":{\"@id\":\"https:\/\/dicodusport.fr\/blog\/a-peine-parti-de-la-fff-noel-le-graet-est-recase-a-la-fifa\/\"},\"author\":{\"name\":\"S\u00e9bastien Gente\",\"@id\":\"https:\/\/dicodusport.fr\/blog\/#\/schema\/person\/627966a6cde45dbd8c5e36ac85d783da\"},\"headline\":\"\u00c0 peine parti de la FFF, No\u00ebl Le Gra\u00ebt est recas\u00e9 \u00e0 la FIFA\",\"datePublished\":\"2023-02-28T12:13:30+00:00\",\"dateModified\":\"2023-02-28T14:26:54+00:00\",\"mainEntityOfPage\":{\"@id\":\"https:\/\/dicodusport.fr\/blog\/a-peine-parti-de-la-fff-noel-le-graet-est-recase-a-la-fifa\/\"},\"wordCount\":206,\"commentCount\":0,\"publisher\":{\"@id\":\"https:\/\/dicodusport.fr\/blog\/#organization\"},\"image\":{\"@id\":\"https:\/\/dicodusport.fr\/blog\/a-peine-parti-de-la-fff-noel-le-graet-est-recase-a-la-fifa\/#primaryimage\"},\"thumbnailUrl\":\"https:\/\/dicodusport.fr\/blog\/wp-content\/uploads\/2023\/02\/A-peine-parti-de-la-FFF-Noel-Le-Graet-est-recase-a-la-FIFA.png\",\"keywords\":[\"br\u00e8ve\",\"FFF\",\"Football\",\"Football Fran\u00e7ais\",\"No\u00ebl Le Gra\u00ebt\"],\"articleSection\":[\"Football\"],\"inLanguage\":\"fr-FR\",\"potentialAction\":[{\"@type\":\"CommentAction\",\"name\":\"Comment\",\"target\":[\"https:\/\/dicodusport.fr\/blog\/a-peine-parti-de-la-fff-noel-le-graet-est-recase-a-la-fifa\/#respond\"]}],\"copyrightYear\":\"2023\",\"copyrightHolder\":{\"@id\":\"https:\/\/dicodusport.fr\/blog\/#organization\"}},{\"@type\":\"WebPage\",\"@id\":\"https:\/\/dicodusport.fr\/blog\/a-peine-parti-de-la-fff-noel-le-graet-est-recase-a-la-fifa\/\",\"url\":\"https:\/\/dicodusport.fr\/blog\/a-peine-parti-de-la-fff-noel-le-graet-est-recase-a-la-fifa\/\",\"name\":\"\u00c0 peine parti de la FFF, No\u00ebl Le Gra\u00ebt est recas\u00e9 \u00e0 la FIFA\",\"isPartOf\":{\"@id\":\"https:\/\/dicodusport.fr\/blog\/#website\"},\"primaryImageOfPage\":{\"@id\":\"https:\/\/dicodusport.fr\/blog\/a-peine-parti-de-la-fff-noel-le-graet-est-recase-a-la-fifa\/#primaryimage\"},\"image\":{\"@id\":\"https:\/\/dicodusport.fr\/blog\/a-peine-parti-de-la-fff-noel-le-graet-est-recase-a-la-fifa\/#primaryimage\"},\"thumbnailUrl\":\"https:\/\/dicodusport.fr\/blog\/wp-content\/uploads\/2023\/02\/A-peine-parti-de-la-FFF-Noel-Le-Graet-est-recase-a-la-FIFA.png\",\"datePublished\":\"2023-02-28T12:13:30+00:00\",\"dateModified\":\"2023-02-28T14:26:54+00:00\",\"description\":\"FOOTBALL FRAN\u00c7AIS - No\u00ebl Le Gra\u00ebt ne sera pas longtemps rest\u00e9 inactif, puisque Canal + annonce qu'il va diriger le bureau de la FIFA \u00e0 Paris.\",\"breadcrumb\":{\"@id\":\"https:\/\/dicodusport.fr\/blog\/a-peine-parti-de-la-fff-noel-le-graet-est-recase-a-la-fifa\/#breadcrumb\"},\"inLanguage\":\"fr-FR\",\"potentialAction\":[{\"@type\":\"ReadAction\",\"target\":[\"https:\/\/dicodusport.fr\/blog\/a-peine-parti-de-la-fff-noel-le-graet-est-recase-a-la-fifa\/\"]}]},{\"@type\":\"ImageObject\",\"inLanguage\":\"fr-FR\",\"@id\":\"https:\/\/dicodusport.fr\/blog\/a-peine-parti-de-la-fff-noel-le-graet-est-recase-a-la-fifa\/#primaryimage\",\"url\":\"https:\/\/dicodusport.fr\/blog\/wp-content\/uploads\/2023\/02\/A-peine-parti-de-la-FFF-Noel-Le-Graet-est-recase-a-la-FIFA.png\",\"contentUrl\":\"https:\/\/dicodusport.fr\/blog\/wp-content\/uploads\/2023\/02\/A-peine-parti-de-la-FFF-Noel-Le-Graet-est-recase-a-la-FIFA.png\",\"width\":800,\"height\":445,\"caption\":\"\u00c0 peine parti de la FFF, No\u00ebl Le Gra\u00ebt est recas\u00e9 \u00e0 la FIFA\"},{\"@type\":\"BreadcrumbList\",\"@id\":\"https:\/\/dicodusport.fr\/blog\/a-peine-parti-de-la-fff-noel-le-graet-est-recase-a-la-fifa\/#breadcrumb\",\"itemListElement\":[{\"@type\":\"ListItem\",\"position\":1,\"name\":\"Accueil\",\"item\":\"https:\/\/dicodusport.fr\/blog\/\"},{\"@type\":\"ListItem\",\"position\":2,\"name\":\"\u00c0 peine parti de la FFF, No\u00ebl Le Gra\u00ebt est recas\u00e9 \u00e0 la FIFA\"}]},{\"@type\":\"WebSite\",\"@id\":\"https:\/\/dicodusport.fr\/blog\/#website\",\"url\":\"https:\/\/dicodusport.fr\/blog\/\",\"name\":\"Dicodusport\",\"description\":\"L&#039;encyclop\u00e9die de l&#039;actualit\u00e9 sportive\",\"publisher\":{\"@id\":\"https:\/\/dicodusport.fr\/blog\/#organization\"},\"potentialAction\":[{\"@type\":\"SearchAction\",\"target\":{\"@type\":\"EntryPoint\",\"urlTemplate\":\"https:\/\/dicodusport.fr\/blog\/?s={search_term_string}\"},\"query-input\":{\"@type\":\"PropertyValueSpecification\",\"valueRequired\":true,\"valueName\":\"search_term_string\"}}],\"inLanguage\":\"fr-FR\"},{\"@type\":\"NewsMediaOrganization\",\"@id\":\"https:\/\/dicodusport.fr\/blog\/#organization\",\"name\":\"Dicodusport\",\"url\":\"https:\/\/dicodusport.fr\/blog\/\",\"logo\":{\"@type\":\"ImageObject\",\"inLanguage\":\"fr-FR\",\"@id\":\"https:\/\/dicodusport.fr\/blog\/#\/schema\/logo\/image\/\",\"url\":\"https:\/\/dicodusport.fr\/blog\/wp-content\/uploads\/2020\/06\/cropped-LOGO-DICODUSPORT-2020-SANS-FOND-SANS-TEXTE.png\",\"contentUrl\":\"https:\/\/dicodusport.fr\/blog\/wp-content\/uploads\/2020\/06\/cropped-LOGO-DICODUSPORT-2020-SANS-FOND-SANS-TEXTE.png\",\"width\":512,\"height\":512,\"caption\":\"Dicodusport\"},\"image\":{\"@id\":\"https:\/\/dicodusport.fr\/blog\/#\/schema\/logo\/image\/\"},\"sameAs\":[\"https:\/\/www.facebook.com\/dicodusport\",\"https:\/\/x.com\/dicodusport\",\"https:\/\/www.instagram.com\/dicodusport\/\",\"https:\/\/www.youtube.com\/channel\/UC7V2KZ5sd3htJivAbA4ZG3w\"],\"description\":\"Dicodusport est l'encyclop\u00e9die de l'actualit\u00e9 sportive.\",\"email\":\"bonjour@dicodusport.fr\",\"legalName\":\"DICODUSPORT\",\"foundingDate\":\"2018-01-14\",\"vatID\":\"FR71834470973\",\"taxID\":\"83447097300043\",\"numberOfEmployees\":{\"@type\":\"QuantitativeValue\",\"minValue\":\"1\",\"maxValue\":\"10\"}},{\"@type\":\"Person\",\"@id\":\"https:\/\/dicodusport.fr\/blog\/#\/schema\/person\/627966a6cde45dbd8c5e36ac85d783da\",\"name\":\"S\u00e9bastien Gente\",\"image\":{\"@type\":\"ImageObject\",\"inLanguage\":\"fr-FR\",\"@id\":\"https:\/\/dicodusport.fr\/blog\/#\/schema\/person\/image\/\",\"url\":\"https:\/\/dicodusport.fr\/blog\/wp-content\/uploads\/2021\/09\/1510990_10205810251400683_4124423575079401707_n-150x150.jpg\",\"contentUrl\":\"https:\/\/dicodusport.fr\/blog\/wp-content\/uploads\/2021\/09\/1510990_10205810251400683_4124423575079401707_n-150x150.jpg\",\"caption\":\"S\u00e9bastien Gente\"},\"description\":\"John Stockton, Gianni Bugno, Zinedine Zidane, Steffi Graf, Frode Andresen, St\u00e9phane Stoecklin, Davis Kamoga, Primoz Peterka, Werner Schlager et Aur\u00e9lien Rougerie. Point commun entre ces sportifs? Ils m'ont fait r\u00eaver et ont berc\u00e9 mon adolescence. Je suis un fondu de sports et j'essaie de retranscrire ma passion \u00e0 travers mes articles. Originaire du P\u00e9rigord, ma passion pour les Girondins, les Jaunards et les Jazzmen transpire dans mes \u00e9crits. \u00c0 Dicodusport depuis 2021, je d\u00e9niche les sports m\u00e9connus dans lesquels la France brille, et il y en a !\",\"sameAs\":[\"https:\/\/www.facebook.com\/sebastien.gente\/\",\"https:\/\/www.instagram.com\/sebgente\/\",\"https:\/\/www.linkedin.com\/in\/sbastien-gente-a29583169\/\",\"https:\/\/x.com\/https:\/\/twitter.com\/globulo24\",\"SebastienGente\"],\"worksFor\":\"S\u00e9bastien GENTE\",\"url\":\"https:\/\/dicodusport.fr\/blog\/author\/sebastiengente\/\"}]}<\/script>\n<!-- \/ Yoast SEO Premium plugin. -->","yoast_head_json":{"title":"\u00c0 peine parti de la FFF, No\u00ebl Le Gra\u00ebt est recas\u00e9 \u00e0 la FIFA","description":"FOOTBALL FRAN\u00c7AIS - No\u00ebl Le Gra\u00ebt ne sera pas longtemps rest\u00e9 inactif, puisque Canal + annonce qu'il va diriger le bureau de la FIFA \u00e0 Paris.","robots":{"index":"index","follow":"follow","max-snippet":"max-snippet:-1","max-image-preview":"max-image-preview:large","max-video-preview":"max-video-preview:-1"},"canonical":"https:\/\/dicodusport.fr\/blog\/a-peine-parti-de-la-fff-noel-le-graet-est-recase-a-la-fifa\/","og_locale":"fr_FR","og_type":"article","og_title":"\u00c0 peine parti de la FFF, No\u00ebl Le Gra\u00ebt est recas\u00e9 \u00e0 la FIFA","og_description":"FOOTBALL FRAN\u00c7AIS - No\u00ebl Le Gra\u00ebt ne sera pas longtemps rest\u00e9 inactif, puisque Canal + annonce qu'il va diriger le bureau de la FIFA \u00e0 Paris.","og_url":"https:\/\/dicodusport.fr\/blog\/a-peine-parti-de-la-fff-noel-le-graet-est-recase-a-la-fifa\/","og_site_name":"Dicodusport","article_publisher":"https:\/\/www.facebook.com\/dicodusport","article_author":"https:\/\/www.facebook.com\/sebastien.gente\/","article_published_time":"2023-02-28T12:13:30+00:00","article_modified_time":"2023-02-28T14:26:54+00:00","og_image":[{"width":800,"height":445,"url":"https:\/\/dicodusport.fr\/blog\/wp-content\/uploads\/2023\/02\/A-peine-parti-de-la-FFF-Noel-Le-Graet-est-recase-a-la-FIFA.png","type":"image\/png"}],"author":"S\u00e9bastien Gente","twitter_card":"summary_large_image","twitter_title":"\u00c0 peine parti de la FFF, No\u00ebl Le Gra\u00ebt est recas\u00e9 \u00e0 la FIFA","twitter_creator":"@https:\/\/twitter.com\/globulo24","twitter_site":"@dicodusport","schema":{"@context":"https:\/\/schema.org","@graph":[{"@type":"NewsArticle","@id":"https:\/\/dicodusport.fr\/blog\/a-peine-parti-de-la-fff-noel-le-graet-est-recase-a-la-fifa\/#article","isPartOf":{"@id":"https:\/\/dicodusport.fr\/blog\/a-peine-parti-de-la-fff-noel-le-graet-est-recase-a-la-fifa\/"},"author":{"name":"S\u00e9bastien Gente","@id":"https:\/\/dicodusport.fr\/blog\/#\/schema\/person\/627966a6cde45dbd8c5e36ac85d783da"},"headline":"\u00c0 peine parti de la FFF, No\u00ebl Le Gra\u00ebt est recas\u00e9 \u00e0 la FIFA","datePublished":"2023-02-28T12:13:30+00:00","dateModified":"2023-02-28T14:26:54+00:00","mainEntityOfPage":{"@id":"https:\/\/dicodusport.fr\/blog\/a-peine-parti-de-la-fff-noel-le-graet-est-recase-a-la-fifa\/"},"wordCount":206,"commentCount":0,"publisher":{"@id":"https:\/\/dicodusport.fr\/blog\/#organization"},"image":{"@id":"https:\/\/dicodusport.fr\/blog\/a-peine-parti-de-la-fff-noel-le-graet-est-recase-a-la-fifa\/#primaryimage"},"thumbnailUrl":"https:\/\/dicodusport.fr\/blog\/wp-content\/uploads\/2023\/02\/A-peine-parti-de-la-FFF-Noel-Le-Graet-est-recase-a-la-FIFA.png","keywords":["br\u00e8ve","FFF","Football","Football Fran\u00e7ais","No\u00ebl Le Gra\u00ebt"],"articleSection":["Football"],"inLanguage":"fr-FR","potentialAction":[{"@type":"CommentAction","name":"Comment","target":["https:\/\/dicodusport.fr\/blog\/a-peine-parti-de-la-fff-noel-le-graet-est-recase-a-la-fifa\/#respond"]}],"copyrightYear":"2023","copyrightHolder":{"@id":"https:\/\/dicodusport.fr\/blog\/#organization"}},{"@type":"WebPage","@id":"https:\/\/dicodusport.fr\/blog\/a-peine-parti-de-la-fff-noel-le-graet-est-recase-a-la-fifa\/","url":"https:\/\/dicodusport.fr\/blog\/a-peine-parti-de-la-fff-noel-le-graet-est-recase-a-la-fifa\/","name":"\u00c0 peine parti de la FFF, No\u00ebl Le Gra\u00ebt est recas\u00e9 \u00e0 la FIFA","isPartOf":{"@id":"https:\/\/dicodusport.fr\/blog\/#website"},"primaryImageOfPage":{"@id":"https:\/\/dicodusport.fr\/blog\/a-peine-parti-de-la-fff-noel-le-graet-est-recase-a-la-fifa\/#primaryimage"},"image":{"@id":"https:\/\/dicodusport.fr\/blog\/a-peine-parti-de-la-fff-noel-le-graet-est-recase-a-la-fifa\/#primaryimage"},"thumbnailUrl":"https:\/\/dicodusport.fr\/blog\/wp-content\/uploads\/2023\/02\/A-peine-parti-de-la-FFF-Noel-Le-Graet-est-recase-a-la-FIFA.png","datePublished":"2023-02-28T12:13:30+00:00","dateModified":"2023-02-28T14:26:54+00:00","description":"FOOTBALL FRAN\u00c7AIS - No\u00ebl Le Gra\u00ebt ne sera pas longtemps rest\u00e9 inactif, puisque Canal + annonce qu'il va diriger le bureau de la FIFA \u00e0 Paris.","breadcrumb":{"@id":"https:\/\/dicodusport.fr\/blog\/a-peine-parti-de-la-fff-noel-le-graet-est-recase-a-la-fifa\/#breadcrumb"},"inLanguage":"fr-FR","potentialAction":[{"@type":"ReadAction","target":["https:\/\/dicodusport.fr\/blog\/a-peine-parti-de-la-fff-noel-le-graet-est-recase-a-la-fifa\/"]}]},{"@type":"ImageObject","inLanguage":"fr-FR","@id":"https:\/\/dicodusport.fr\/blog\/a-peine-parti-de-la-fff-noel-le-graet-est-recase-a-la-fifa\/#primaryimage","url":"https:\/\/dicodusport.fr\/blog\/wp-content\/uploads\/2023\/02\/A-peine-parti-de-la-FFF-Noel-Le-Graet-est-recase-a-la-FIFA.png","contentUrl":"https:\/\/dicodusport.fr\/blog\/wp-content\/uploads\/2023\/02\/A-peine-parti-de-la-FFF-Noel-Le-Graet-est-recase-a-la-FIFA.png","width":800,"height":445,"caption":"\u00c0 peine parti de la FFF, No\u00ebl Le Gra\u00ebt est recas\u00e9 \u00e0 la FIFA"},{"@type":"BreadcrumbList","@id":"https:\/\/dicodusport.fr\/blog\/a-peine-parti-de-la-fff-noel-le-graet-est-recase-a-la-fifa\/#breadcrumb","itemListElement":[{"@type":"ListItem","position":1,"name":"Accueil","item":"https:\/\/dicodusport.fr\/blog\/"},{"@type":"ListItem","position":2,"name":"\u00c0 peine parti de la FFF, No\u00ebl Le Gra\u00ebt est recas\u00e9 \u00e0 la FIFA"}]},{"@type":"WebSite","@id":"https:\/\/dicodusport.fr\/blog\/#website","url":"https:\/\/dicodusport.fr\/blog\/","name":"Dicodusport","description":"L&#039;encyclop\u00e9die de l&#039;actualit\u00e9 sportive","publisher":{"@id":"https:\/\/dicodusport.fr\/blog\/#organization"},"potentialAction":[{"@type":"SearchAction","target":{"@type":"EntryPoint","urlTemplate":"https:\/\/dicodusport.fr\/blog\/?s={search_term_string}"},"query-input":{"@type":"PropertyValueSpecification","valueRequired":true,"valueName":"search_term_string"}}],"inLanguage":"fr-FR"},{"@type":"NewsMediaOrganization","@id":"https:\/\/dicodusport.fr\/blog\/#organization","name":"Dicodusport","url":"https:\/\/dicodusport.fr\/blog\/","logo":{"@type":"ImageObject","inLanguage":"fr-FR","@id":"https:\/\/dicodusport.fr\/blog\/#\/schema\/logo\/image\/","url":"https:\/\/dicodusport.fr\/blog\/wp-content\/uploads\/2020\/06\/cropped-LOGO-DICODUSPORT-2020-SANS-FOND-SANS-TEXTE.png","contentUrl":"https:\/\/dicodusport.fr\/blog\/wp-content\/uploads\/2020\/06\/cropped-LOGO-DICODUSPORT-2020-SANS-FOND-SANS-TEXTE.png","width":512,"height":512,"caption":"Dicodusport"},"image":{"@id":"https:\/\/dicodusport.fr\/blog\/#\/schema\/logo\/image\/"},"sameAs":["https:\/\/www.facebook.com\/dicodusport","https:\/\/x.com\/dicodusport","https:\/\/www.instagram.com\/dicodusport\/","https:\/\/www.youtube.com\/channel\/UC7V2KZ5sd3htJivAbA4ZG3w"],"description":"Dicodusport est l'encyclop\u00e9die de l'actualit\u00e9 sportive.","email":"bonjour@dicodusport.fr","legalName":"DICODUSPORT","foundingDate":"2018-01-14","vatID":"FR71834470973","taxID":"83447097300043","numberOfEmployees":{"@type":"QuantitativeValue","minValue":"1","maxValue":"10"}},{"@type":"Person","@id":"https:\/\/dicodusport.fr\/blog\/#\/schema\/person\/627966a6cde45dbd8c5e36ac85d783da","name":"S\u00e9bastien Gente","image":{"@type":"ImageObject","inLanguage":"fr-FR","@id":"https:\/\/dicodusport.fr\/blog\/#\/schema\/person\/image\/","url":"https:\/\/dicodusport.fr\/blog\/wp-content\/uploads\/2021\/09\/1510990_10205810251400683_4124423575079401707_n-150x150.jpg","contentUrl":"https:\/\/dicodusport.fr\/blog\/wp-content\/uploads\/2021\/09\/1510990_10205810251400683_4124423575079401707_n-150x150.jpg","caption":"S\u00e9bastien Gente"},"description":"John Stockton, Gianni Bugno, Zinedine Zidane, Steffi Graf, Frode Andresen, St\u00e9phane Stoecklin, Davis Kamoga, Primoz Peterka, Werner Schlager et Aur\u00e9lien Rougerie. Point commun entre ces sportifs? Ils m'ont fait r\u00eaver et ont berc\u00e9 mon adolescence. Je suis un fondu de sports et j'essaie de retranscrire ma passion \u00e0 travers mes articles. Originaire du P\u00e9rigord, ma passion pour les Girondins, les Jaunards et les Jazzmen transpire dans mes \u00e9crits. \u00c0 Dicodusport depuis 2021, je d\u00e9niche les sports m\u00e9connus dans lesquels la France brille, et il y en a !","sameAs":["https:\/\/www.facebook.com\/sebastien.gente\/","https:\/\/www.instagram.com\/sebgente\/","https:\/\/www.linkedin.com\/in\/sbastien-gente-a29583169\/","https:\/\/x.com\/https:\/\/twitter.com\/globulo24","SebastienGente"],"worksFor":"S\u00e9bastien GENTE","url":"https:\/\/dicodusport.fr\/blog\/author\/sebastiengente\/"}]}},"_links":{"self":[{"href":"https:\/\/dicodusport.fr\/blog\/wp-json\/wp\/v2\/posts\/360251","targetHints":{"allow":["GET"]}}],"collection":[{"href":"https:\/\/dicodusport.fr\/blog\/wp-json\/wp\/v2\/posts"}],"about":[{"href":"https:\/\/dicodusport.fr\/blog\/wp-json\/wp\/v2\/types\/post"}],"author":[{"embeddable":true,"href":"https:\/\/dicodusport.fr\/blog\/wp-json\/wp\/v2\/users\/59"}],"replies":[{"embeddable":true,"href":"https:\/\/dicodusport.fr\/blog\/wp-json\/wp\/v2\/comments?post=360251"}],"version-history":[{"count":0,"href":"https:\/\/dicodusport.fr\/blog\/wp-json\/wp\/v2\/posts\/360251\/revisions"}],"wp:featuredmedia":[{"embeddable":true,"href":"https:\/\/dicodusport.fr\/blog\/wp-json\/wp\/v2\/media\/360255"}],"wp:attachment":[{"href":"https:\/\/dicodusport.fr\/blog\/wp-json\/wp\/v2\/media?parent=360251"}],"wp:term":[{"taxonomy":"category","embeddable":true,"href":"https:\/\/dicodusport.fr\/blog\/wp-json\/wp\/v2\/categories?post=360251"},{"taxonomy":"post_tag","embeddable":true,"href":"https:\/\/dicodusport.fr\/blog\/wp-json\/wp\/v2\/tags?post=360251"}],"curies":[{"name":"wp","href":"https:\/\/api.w.org\/{rel}","templated":true}]}}