{"id":360312,"date":"2023-02-28T18:34:03","date_gmt":"2023-02-28T17:34:03","guid":{"rendered":"https:\/\/dicodusport.fr\/blog\/?p=360312&#038;preview=true&#038;preview_id=360312"},"modified":"2023-03-01T07:29:07","modified_gmt":"2023-03-01T06:29:07","slug":"equipe-de-france-salaire-contrat-ce-que-gagne-corinne-diacre-a-la-tete-des-bleues","status":"publish","type":"post","link":"https:\/\/dicodusport.fr\/blog\/equipe-de-france-salaire-contrat-ce-que-gagne-corinne-diacre-a-la-tete-des-bleues\/","title":{"rendered":"\u00c9quipe de France : Salaire, contrat, ce que gagne Corinne Diacre \u00e0 la t\u00eate des Bleues"},"content":{"rendered":"<p align=\"justify\"><em><strong>FOOTBALL &#8211; Sous contrat avec la F\u00e9d\u00e9ration Fran\u00e7aise de Football jusqu&rsquo;en ao\u00fbt 2024, Corinne Diacre touche un salaire cons\u00e9quent en tant que s\u00e9lectionneuse des Bleues. Si elle devait \u00eatre d\u00e9barqu\u00e9e prochainement, la 3F devrait sortir le ch\u00e9quier.<\/strong><\/em><\/p>\n<p align=\"justify\">Annonc\u00e9e partante en ce d\u00e9but de semaine, <strong>Corinne Diacre<\/strong> reste finalement, pour le moment, \u00e0 la t\u00eate de l&rsquo;\u00e9quipe de France f\u00e9minine de football. Le <strong>comit\u00e9 ex\u00e9cutif de la FFF<\/strong> a d\u00e9cid\u00e9 de ne pas se prononcer ce mardi. La d\u00e9cision sera prise le 9 mars prochain. D\u00e9sormais isol\u00e9e, <strong>Diacre<\/strong>, qui doit faire face \u00e0 la fronde in\u00e9dite des cadres de l&rsquo;\u00e9quipe de France, est plus que jamais sur la sellette. Pour rappel, <a href=\"https:\/\/dicodusport.fr\/blog\/bleues-wendie-renard-se-met-en-retrait-de-lequipe-de-france\/\"><strong>Wendie Renard<\/strong><\/a>, <a href=\"https:\/\/dicodusport.fr\/blog\/bleues-au-tour-de-marie-antoinette-katoto-et-kadidiatou-diani-de-dire-stop\/\"><strong>Marie-Antoinette Katoto<\/strong> et <strong>Kadidiatou Diani<\/strong><\/a> ont annonc\u00e9 leur mise en retrait des Bleues, tant que la Nordiste d&rsquo;origine restera en poste.<\/p>\n<h2 style=\"text-align: justify;\" align=\"justify\">Un salaire cons\u00e9quent pour Corinne Diacre<\/h2>\n<p align=\"justify\">Dans son \u00e9dition du jour, <em>L&rsquo;\u00c9quipe<\/em> a d\u00e9voil\u00e9 le salaire de <strong>Corinne Diacre<\/strong>. Ainsi, cette derni\u00e8re per\u00e7oit une r\u00e9mun\u00e9ration de <strong>400 000 euros par an<\/strong>. Des \u00e9moluments \u00e9videmment bien inf\u00e9rieurs \u00e0 ceux de <strong>Didier Deschamps<\/strong>. Le s\u00e9lectionneur des Bleus <a href=\"https:\/\/dicodusport.fr\/blog\/equipe-de-france-le-salaire-de-didier-deschamps-revele\/\">touche environ 2,5 millions d&rsquo;euros par an<\/a>. Ainsi, comme l&rsquo;indiquent nos confr\u00e8res de <em>Sportune<\/em>, la FFF va devoir passer \u00e0 la caisse, dans le cas o\u00f9 <strong>Corinne Diacre<\/strong> est bien d\u00e9mise de ses fonctions d&rsquo;ici au 9 mars. Son contrat expirant fin ao\u00fbt 2024, \u00e0 l&rsquo;issue des Jeux Olympiques de Paris, la F\u00e9d\u00e9ration devrait signer<strong> un ch\u00e8que de 600 000 euros<\/strong>. Soit l\u2019\u00e9quivalent des mois restants \u00e0 son contrat. Loin d&rsquo;\u00eatre une paille pour la FFF.<\/p>\n<p align=\"justify\">Pour rappel, l&rsquo;ancienne coach de <strong>Clermont Foot<\/strong> est arriv\u00e9e \u00e0 la t\u00eate des Bleus en 2017. Le technicienne de 48 ans avait rempil\u00e9 en 2022, et ce pour deux saisons. Un dernier bail qui n&rsquo;ira sans doute pas \u00e0 son terme, cela semble d\u00e9sormais act\u00e9.<\/p>\n<div class=\"vlp-link-container vlp-layout-article\"><a href=\"https:\/\/dicodusport.fr\/blog\/equipe-de-france-le-salaire-de-didier-deschamps-revele\/\" class=\"vlp-link\" title=\"\u00c9quipe de France : Le salaire de Didier Deschamps r\u00e9v\u00e9l\u00e9\"><\/a><div class=\"vlp-layout-zone-side\"><div class=\"vlp-block-4 vlp-link-image\"><img loading=\"lazy\" decoding=\"async\" style=\"max-width: 800px;\" width=\"800\" height=\"445\" src=\"https:\/\/dicodusport.fr\/blog\/wp-content\/uploads\/2022\/12\/Equipe-de-France-Le-salaire-de-Didier-Deschamps-revele.png\" class=\"attachment-800x445 size-800x445\" alt=\"\u00c9quipe de France Le salaire de Didier Deschamps r\u00e9v\u00e9l\u00e9\" srcset=\"https:\/\/dicodusport.fr\/blog\/wp-content\/uploads\/2022\/12\/Equipe-de-France-Le-salaire-de-Didier-Deschamps-revele.png 800w, https:\/\/dicodusport.fr\/blog\/wp-content\/uploads\/2022\/12\/Equipe-de-France-Le-salaire-de-Didier-Deschamps-revele-300x167.png 300w, https:\/\/dicodusport.fr\/blog\/wp-content\/uploads\/2022\/12\/Equipe-de-France-Le-salaire-de-Didier-Deschamps-revele-768x427.png 768w\" sizes=\"auto, (max-width: 800px) 100vw, 800px\" \/><\/div><\/div><div class=\"vlp-layout-zone-main\"><div class=\"vlp-block-0 vlp-link-title\">\u00c9quipe de France : Le salaire de Didier Deschamps r\u00e9v\u00e9l\u00e9<\/div><div class=\"vlp-block-1 vlp-link-summary\">\u00c9QUIPE DE FRANCE DE FOOTBALL - Ce mardi, le quotidien L'\u00c9quipe a d\u00e9voil\u00e9 le salaire de Didier Deschamps, s\u00e9lectionneur des Bleus. Une r\u00e9mun\u00e9ration compos\u00e9e de plusieurs \u00e9l\u00e9ments.<\/div><div class=\"vlp-block-2 vlp-link-button\">Lire l'article<\/div><div class=\"vlp-block-3 vlp-link-url\">dicodusport.fr<\/div><\/div><\/div>\n","protected":false},"excerpt":{"rendered":"<p>FOOTBALL &#8211; Sous contrat avec la F\u00e9d\u00e9ration Fran\u00e7aise de Football jusqu&rsquo;en ao\u00fbt 2024, Corinne Diacre touche un salaire cons\u00e9quent en tant que s\u00e9lectionneuse des Bleues. Si elle devait \u00eatre d\u00e9barqu\u00e9e prochainement, la 3F devrait sortir le ch\u00e9quier.<\/p>\n","protected":false},"author":4,"featured_media":360341,"comment_status":"open","ping_status":"closed","sticky":false,"template":"","format":"standard","meta":{"_acf_changed":false,"_daextam_enable_autolinks":"","footnotes":""},"categories":[2301],"tags":[16878,7479,6653,75],"class_list":["post-360312","post","type-post","status-publish","format-standard","has-post-thumbnail","hentry","category-football","tag-breve","tag-corinne-diacre","tag-equipe-de-france-feminine-de-football","tag-football"],"acf":[],"yoast_head":"<!-- This site is optimized with the Yoast SEO Premium plugin v26.7 (Yoast SEO v26.7) - https:\/\/yoast.com\/wordpress\/plugins\/seo\/ -->\n<title>\u00c9quipe de France : Salaire, contrat, ce que gagne Corinne Diacre \u00e0 la t\u00eate des Bleues<\/title>\n<meta name=\"robots\" content=\"index, follow, max-snippet:-1, max-image-preview:large, max-video-preview:-1\" \/>\n<link rel=\"canonical\" href=\"https:\/\/dicodusport.fr\/blog\/equipe-de-france-salaire-contrat-ce-que-gagne-corinne-diacre-a-la-tete-des-bleues\/\" \/>\n<meta property=\"og:locale\" content=\"fr_FR\" \/>\n<meta property=\"og:type\" content=\"article\" \/>\n<meta property=\"og:title\" content=\"\u00c9quipe de France : Salaire, contrat, ce que gagne Corinne Diacre \u00e0 la t\u00eate des Bleues\" \/>\n<meta property=\"og:description\" content=\"FOOTBALL - Sous contrat avec la F\u00e9d\u00e9ration Fran\u00e7aise de Football jusqu&#039;en ao\u00fbt 2024, Corinne Diacre touche un salaire cons\u00e9quent en tant que s\u00e9lectionneuse des Bleues. Si elle devait \u00eatre d\u00e9barqu\u00e9e prochainement, la 3F devrait sortir le ch\u00e9quier.\" \/>\n<meta property=\"og:url\" content=\"https:\/\/dicodusport.fr\/blog\/equipe-de-france-salaire-contrat-ce-que-gagne-corinne-diacre-a-la-tete-des-bleues\/\" \/>\n<meta property=\"og:site_name\" content=\"Dicodusport\" \/>\n<meta property=\"article:publisher\" content=\"https:\/\/www.facebook.com\/dicodusport\" \/>\n<meta property=\"article:author\" content=\"https:\/\/www.facebook.com\/florent.ostermann\" \/>\n<meta property=\"article:published_time\" content=\"2023-02-28T17:34:03+00:00\" \/>\n<meta property=\"article:modified_time\" content=\"2023-03-01T06:29:07+00:00\" \/>\n<meta property=\"og:image\" content=\"https:\/\/dicodusport.fr\/blog\/wp-content\/uploads\/2023\/02\/Equipe-de-France-Salaire-contrat-ce-que-gagne-Corinne-Diacre-a-la-tete-des-Bleues.png\" \/>\n\t<meta property=\"og:image:width\" content=\"800\" \/>\n\t<meta property=\"og:image:height\" content=\"445\" \/>\n\t<meta property=\"og:image:type\" content=\"image\/png\" \/>\n<meta name=\"author\" content=\"Flo Ostermann\" \/>\n<meta name=\"twitter:card\" content=\"summary_large_image\" \/>\n<meta name=\"twitter:title\" content=\"\u00c9quipe de France : Salaire, contrat, ce que gagne Corinne Diacre \u00e0 la t\u00eate des Bleues\" \/>\n<meta name=\"twitter:creator\" content=\"@https:\/\/twitter.com\/FlOstermann\" \/>\n<meta name=\"twitter:site\" content=\"@dicodusport\" \/>\n<script type=\"application\/ld+json\" class=\"yoast-schema-graph\">{\"@context\":\"https:\/\/schema.org\",\"@graph\":[{\"@type\":\"NewsArticle\",\"@id\":\"https:\/\/dicodusport.fr\/blog\/equipe-de-france-salaire-contrat-ce-que-gagne-corinne-diacre-a-la-tete-des-bleues\/#article\",\"isPartOf\":{\"@id\":\"https:\/\/dicodusport.fr\/blog\/equipe-de-france-salaire-contrat-ce-que-gagne-corinne-diacre-a-la-tete-des-bleues\/\"},\"author\":{\"name\":\"Flo Ostermann\",\"@id\":\"https:\/\/dicodusport.fr\/blog\/#\/schema\/person\/cb02af4c173ce4a653b55e9baf388d4a\"},\"headline\":\"\u00c9quipe de France : Salaire, contrat, ce que gagne Corinne Diacre \u00e0 la t\u00eate des Bleues\",\"datePublished\":\"2023-02-28T17:34:03+00:00\",\"dateModified\":\"2023-03-01T06:29:07+00:00\",\"mainEntityOfPage\":{\"@id\":\"https:\/\/dicodusport.fr\/blog\/equipe-de-france-salaire-contrat-ce-que-gagne-corinne-diacre-a-la-tete-des-bleues\/\"},\"wordCount\":418,\"commentCount\":0,\"publisher\":{\"@id\":\"https:\/\/dicodusport.fr\/blog\/#organization\"},\"image\":{\"@id\":\"https:\/\/dicodusport.fr\/blog\/equipe-de-france-salaire-contrat-ce-que-gagne-corinne-diacre-a-la-tete-des-bleues\/#primaryimage\"},\"thumbnailUrl\":\"https:\/\/dicodusport.fr\/blog\/wp-content\/uploads\/2023\/02\/Equipe-de-France-Salaire-contrat-ce-que-gagne-Corinne-Diacre-a-la-tete-des-Bleues.png\",\"keywords\":[\"br\u00e8ve\",\"Corinne Diacre\",\"\u00c9quipe de France f\u00e9minine de football\",\"Football\"],\"articleSection\":[\"Football\"],\"inLanguage\":\"fr-FR\",\"potentialAction\":[{\"@type\":\"CommentAction\",\"name\":\"Comment\",\"target\":[\"https:\/\/dicodusport.fr\/blog\/equipe-de-france-salaire-contrat-ce-que-gagne-corinne-diacre-a-la-tete-des-bleues\/#respond\"]}],\"copyrightYear\":\"2023\",\"copyrightHolder\":{\"@id\":\"https:\/\/dicodusport.fr\/blog\/#organization\"}},{\"@type\":\"WebPage\",\"@id\":\"https:\/\/dicodusport.fr\/blog\/equipe-de-france-salaire-contrat-ce-que-gagne-corinne-diacre-a-la-tete-des-bleues\/\",\"url\":\"https:\/\/dicodusport.fr\/blog\/equipe-de-france-salaire-contrat-ce-que-gagne-corinne-diacre-a-la-tete-des-bleues\/\",\"name\":\"\u00c9quipe de France : Salaire, contrat, ce que gagne Corinne Diacre \u00e0 la t\u00eate des Bleues\",\"isPartOf\":{\"@id\":\"https:\/\/dicodusport.fr\/blog\/#website\"},\"primaryImageOfPage\":{\"@id\":\"https:\/\/dicodusport.fr\/blog\/equipe-de-france-salaire-contrat-ce-que-gagne-corinne-diacre-a-la-tete-des-bleues\/#primaryimage\"},\"image\":{\"@id\":\"https:\/\/dicodusport.fr\/blog\/equipe-de-france-salaire-contrat-ce-que-gagne-corinne-diacre-a-la-tete-des-bleues\/#primaryimage\"},\"thumbnailUrl\":\"https:\/\/dicodusport.fr\/blog\/wp-content\/uploads\/2023\/02\/Equipe-de-France-Salaire-contrat-ce-que-gagne-Corinne-Diacre-a-la-tete-des-Bleues.png\",\"datePublished\":\"2023-02-28T17:34:03+00:00\",\"dateModified\":\"2023-03-01T06:29:07+00:00\",\"breadcrumb\":{\"@id\":\"https:\/\/dicodusport.fr\/blog\/equipe-de-france-salaire-contrat-ce-que-gagne-corinne-diacre-a-la-tete-des-bleues\/#breadcrumb\"},\"inLanguage\":\"fr-FR\",\"potentialAction\":[{\"@type\":\"ReadAction\",\"target\":[\"https:\/\/dicodusport.fr\/blog\/equipe-de-france-salaire-contrat-ce-que-gagne-corinne-diacre-a-la-tete-des-bleues\/\"]}]},{\"@type\":\"ImageObject\",\"inLanguage\":\"fr-FR\",\"@id\":\"https:\/\/dicodusport.fr\/blog\/equipe-de-france-salaire-contrat-ce-que-gagne-corinne-diacre-a-la-tete-des-bleues\/#primaryimage\",\"url\":\"https:\/\/dicodusport.fr\/blog\/wp-content\/uploads\/2023\/02\/Equipe-de-France-Salaire-contrat-ce-que-gagne-Corinne-Diacre-a-la-tete-des-Bleues.png\",\"contentUrl\":\"https:\/\/dicodusport.fr\/blog\/wp-content\/uploads\/2023\/02\/Equipe-de-France-Salaire-contrat-ce-que-gagne-Corinne-Diacre-a-la-tete-des-Bleues.png\",\"width\":800,\"height\":445,\"caption\":\"\u00c9quipe de France Salaire, contrat, ce que gagne Corinne Diacre \u00e0 la t\u00eate des Bleues\"},{\"@type\":\"BreadcrumbList\",\"@id\":\"https:\/\/dicodusport.fr\/blog\/equipe-de-france-salaire-contrat-ce-que-gagne-corinne-diacre-a-la-tete-des-bleues\/#breadcrumb\",\"itemListElement\":[{\"@type\":\"ListItem\",\"position\":1,\"name\":\"Accueil\",\"item\":\"https:\/\/dicodusport.fr\/blog\/\"},{\"@type\":\"ListItem\",\"position\":2,\"name\":\"\u00c9quipe de France : Salaire, contrat, ce que gagne Corinne Diacre \u00e0 la t\u00eate des Bleues\"}]},{\"@type\":\"WebSite\",\"@id\":\"https:\/\/dicodusport.fr\/blog\/#website\",\"url\":\"https:\/\/dicodusport.fr\/blog\/\",\"name\":\"Dicodusport\",\"description\":\"L&#039;encyclop\u00e9die de l&#039;actualit\u00e9 sportive\",\"publisher\":{\"@id\":\"https:\/\/dicodusport.fr\/blog\/#organization\"},\"potentialAction\":[{\"@type\":\"SearchAction\",\"target\":{\"@type\":\"EntryPoint\",\"urlTemplate\":\"https:\/\/dicodusport.fr\/blog\/?s={search_term_string}\"},\"query-input\":{\"@type\":\"PropertyValueSpecification\",\"valueRequired\":true,\"valueName\":\"search_term_string\"}}],\"inLanguage\":\"fr-FR\"},{\"@type\":\"NewsMediaOrganization\",\"@id\":\"https:\/\/dicodusport.fr\/blog\/#organization\",\"name\":\"Dicodusport\",\"url\":\"https:\/\/dicodusport.fr\/blog\/\",\"logo\":{\"@type\":\"ImageObject\",\"inLanguage\":\"fr-FR\",\"@id\":\"https:\/\/dicodusport.fr\/blog\/#\/schema\/logo\/image\/\",\"url\":\"https:\/\/dicodusport.fr\/blog\/wp-content\/uploads\/2020\/06\/cropped-LOGO-DICODUSPORT-2020-SANS-FOND-SANS-TEXTE.png\",\"contentUrl\":\"https:\/\/dicodusport.fr\/blog\/wp-content\/uploads\/2020\/06\/cropped-LOGO-DICODUSPORT-2020-SANS-FOND-SANS-TEXTE.png\",\"width\":512,\"height\":512,\"caption\":\"Dicodusport\"},\"image\":{\"@id\":\"https:\/\/dicodusport.fr\/blog\/#\/schema\/logo\/image\/\"},\"sameAs\":[\"https:\/\/www.facebook.com\/dicodusport\",\"https:\/\/x.com\/dicodusport\",\"https:\/\/www.instagram.com\/dicodusport\/\",\"https:\/\/www.youtube.com\/channel\/UC7V2KZ5sd3htJivAbA4ZG3w\"],\"description\":\"Dicodusport est l'encyclop\u00e9die de l'actualit\u00e9 sportive.\",\"email\":\"bonjour@dicodusport.fr\",\"legalName\":\"DICODUSPORT\",\"foundingDate\":\"2018-01-14\",\"vatID\":\"FR71834470973\",\"taxID\":\"83447097300043\",\"numberOfEmployees\":{\"@type\":\"QuantitativeValue\",\"minValue\":\"1\",\"maxValue\":\"10\"}},{\"@type\":\"Person\",\"@id\":\"https:\/\/dicodusport.fr\/blog\/#\/schema\/person\/cb02af4c173ce4a653b55e9baf388d4a\",\"name\":\"Flo Ostermann\",\"image\":{\"@type\":\"ImageObject\",\"inLanguage\":\"fr-FR\",\"@id\":\"https:\/\/dicodusport.fr\/blog\/#\/schema\/person\/image\/\",\"url\":\"https:\/\/dicodusport.fr\/blog\/wp-content\/uploads\/2021\/05\/Flo-Ostermann-150x150.jpg\",\"contentUrl\":\"https:\/\/dicodusport.fr\/blog\/wp-content\/uploads\/2021\/05\/Flo-Ostermann-150x150.jpg\",\"caption\":\"Flo Ostermann\"},\"description\":\"Journaliste\/R\u00e9dacteur depuis septembre 2015 - Mes premiers souvenirs dans le sport ? Les envol\u00e9es du Stade Toulousain et les duels Villeneuve-Schumacher et H\u00e4kkinen-Schumacher \u00e0 la fin des ann\u00e9es 90, la Coupe du monde de football en 1998, l\u2019exploit du XV de France face aux All Blacks en 1999, mais aussi Richard C\u0153ur de Lion qui vole sur les montagnes du Tour de France. Bien parti pour devenir professeur d\u2019EPS, les \u00e9v\u00e9nements de la vie (et la flemme d\u2019animer des s\u00e9ances de 3x500 m\u00e8tres toute ma vie) m\u2019ont conduit \u00e0 revoir mes plans. Me voil\u00e0 depuis fin 2017 sur Dicodusport, m\u00e9dia gr\u00e2ce (et pour) lequel je partage ma passion : le sport dans tous ses \u00e9tats. Le tout accompagn\u00e9 par les fous furieux et folles furieuses cit\u00e9s sur cette page !\",\"sameAs\":[\"https:\/\/www.facebook.com\/florent.ostermann\",\"https:\/\/x.com\/https:\/\/twitter.com\/FlOstermann\",\"admin\"],\"url\":\"https:\/\/dicodusport.fr\/blog\/author\/flo\/\"}]}<\/script>\n<!-- \/ Yoast SEO Premium plugin. -->","yoast_head_json":{"title":"\u00c9quipe de France : Salaire, contrat, ce que gagne Corinne Diacre \u00e0 la t\u00eate des Bleues","robots":{"index":"index","follow":"follow","max-snippet":"max-snippet:-1","max-image-preview":"max-image-preview:large","max-video-preview":"max-video-preview:-1"},"canonical":"https:\/\/dicodusport.fr\/blog\/equipe-de-france-salaire-contrat-ce-que-gagne-corinne-diacre-a-la-tete-des-bleues\/","og_locale":"fr_FR","og_type":"article","og_title":"\u00c9quipe de France : Salaire, contrat, ce que gagne Corinne Diacre \u00e0 la t\u00eate des Bleues","og_description":"FOOTBALL - Sous contrat avec la F\u00e9d\u00e9ration Fran\u00e7aise de Football jusqu'en ao\u00fbt 2024, Corinne Diacre touche un salaire cons\u00e9quent en tant que s\u00e9lectionneuse des Bleues. Si elle devait \u00eatre d\u00e9barqu\u00e9e prochainement, la 3F devrait sortir le ch\u00e9quier.","og_url":"https:\/\/dicodusport.fr\/blog\/equipe-de-france-salaire-contrat-ce-que-gagne-corinne-diacre-a-la-tete-des-bleues\/","og_site_name":"Dicodusport","article_publisher":"https:\/\/www.facebook.com\/dicodusport","article_author":"https:\/\/www.facebook.com\/florent.ostermann","article_published_time":"2023-02-28T17:34:03+00:00","article_modified_time":"2023-03-01T06:29:07+00:00","og_image":[{"width":800,"height":445,"url":"https:\/\/dicodusport.fr\/blog\/wp-content\/uploads\/2023\/02\/Equipe-de-France-Salaire-contrat-ce-que-gagne-Corinne-Diacre-a-la-tete-des-Bleues.png","type":"image\/png"}],"author":"Flo Ostermann","twitter_card":"summary_large_image","twitter_title":"\u00c9quipe de France : Salaire, contrat, ce que gagne Corinne Diacre \u00e0 la t\u00eate des Bleues","twitter_creator":"@https:\/\/twitter.com\/FlOstermann","twitter_site":"@dicodusport","schema":{"@context":"https:\/\/schema.org","@graph":[{"@type":"NewsArticle","@id":"https:\/\/dicodusport.fr\/blog\/equipe-de-france-salaire-contrat-ce-que-gagne-corinne-diacre-a-la-tete-des-bleues\/#article","isPartOf":{"@id":"https:\/\/dicodusport.fr\/blog\/equipe-de-france-salaire-contrat-ce-que-gagne-corinne-diacre-a-la-tete-des-bleues\/"},"author":{"name":"Flo Ostermann","@id":"https:\/\/dicodusport.fr\/blog\/#\/schema\/person\/cb02af4c173ce4a653b55e9baf388d4a"},"headline":"\u00c9quipe de France : Salaire, contrat, ce que gagne Corinne Diacre \u00e0 la t\u00eate des Bleues","datePublished":"2023-02-28T17:34:03+00:00","dateModified":"2023-03-01T06:29:07+00:00","mainEntityOfPage":{"@id":"https:\/\/dicodusport.fr\/blog\/equipe-de-france-salaire-contrat-ce-que-gagne-corinne-diacre-a-la-tete-des-bleues\/"},"wordCount":418,"commentCount":0,"publisher":{"@id":"https:\/\/dicodusport.fr\/blog\/#organization"},"image":{"@id":"https:\/\/dicodusport.fr\/blog\/equipe-de-france-salaire-contrat-ce-que-gagne-corinne-diacre-a-la-tete-des-bleues\/#primaryimage"},"thumbnailUrl":"https:\/\/dicodusport.fr\/blog\/wp-content\/uploads\/2023\/02\/Equipe-de-France-Salaire-contrat-ce-que-gagne-Corinne-Diacre-a-la-tete-des-Bleues.png","keywords":["br\u00e8ve","Corinne Diacre","\u00c9quipe de France f\u00e9minine de football","Football"],"articleSection":["Football"],"inLanguage":"fr-FR","potentialAction":[{"@type":"CommentAction","name":"Comment","target":["https:\/\/dicodusport.fr\/blog\/equipe-de-france-salaire-contrat-ce-que-gagne-corinne-diacre-a-la-tete-des-bleues\/#respond"]}],"copyrightYear":"2023","copyrightHolder":{"@id":"https:\/\/dicodusport.fr\/blog\/#organization"}},{"@type":"WebPage","@id":"https:\/\/dicodusport.fr\/blog\/equipe-de-france-salaire-contrat-ce-que-gagne-corinne-diacre-a-la-tete-des-bleues\/","url":"https:\/\/dicodusport.fr\/blog\/equipe-de-france-salaire-contrat-ce-que-gagne-corinne-diacre-a-la-tete-des-bleues\/","name":"\u00c9quipe de France : Salaire, contrat, ce que gagne Corinne Diacre \u00e0 la t\u00eate des Bleues","isPartOf":{"@id":"https:\/\/dicodusport.fr\/blog\/#website"},"primaryImageOfPage":{"@id":"https:\/\/dicodusport.fr\/blog\/equipe-de-france-salaire-contrat-ce-que-gagne-corinne-diacre-a-la-tete-des-bleues\/#primaryimage"},"image":{"@id":"https:\/\/dicodusport.fr\/blog\/equipe-de-france-salaire-contrat-ce-que-gagne-corinne-diacre-a-la-tete-des-bleues\/#primaryimage"},"thumbnailUrl":"https:\/\/dicodusport.fr\/blog\/wp-content\/uploads\/2023\/02\/Equipe-de-France-Salaire-contrat-ce-que-gagne-Corinne-Diacre-a-la-tete-des-Bleues.png","datePublished":"2023-02-28T17:34:03+00:00","dateModified":"2023-03-01T06:29:07+00:00","breadcrumb":{"@id":"https:\/\/dicodusport.fr\/blog\/equipe-de-france-salaire-contrat-ce-que-gagne-corinne-diacre-a-la-tete-des-bleues\/#breadcrumb"},"inLanguage":"fr-FR","potentialAction":[{"@type":"ReadAction","target":["https:\/\/dicodusport.fr\/blog\/equipe-de-france-salaire-contrat-ce-que-gagne-corinne-diacre-a-la-tete-des-bleues\/"]}]},{"@type":"ImageObject","inLanguage":"fr-FR","@id":"https:\/\/dicodusport.fr\/blog\/equipe-de-france-salaire-contrat-ce-que-gagne-corinne-diacre-a-la-tete-des-bleues\/#primaryimage","url":"https:\/\/dicodusport.fr\/blog\/wp-content\/uploads\/2023\/02\/Equipe-de-France-Salaire-contrat-ce-que-gagne-Corinne-Diacre-a-la-tete-des-Bleues.png","contentUrl":"https:\/\/dicodusport.fr\/blog\/wp-content\/uploads\/2023\/02\/Equipe-de-France-Salaire-contrat-ce-que-gagne-Corinne-Diacre-a-la-tete-des-Bleues.png","width":800,"height":445,"caption":"\u00c9quipe de France Salaire, contrat, ce que gagne Corinne Diacre \u00e0 la t\u00eate des Bleues"},{"@type":"BreadcrumbList","@id":"https:\/\/dicodusport.fr\/blog\/equipe-de-france-salaire-contrat-ce-que-gagne-corinne-diacre-a-la-tete-des-bleues\/#breadcrumb","itemListElement":[{"@type":"ListItem","position":1,"name":"Accueil","item":"https:\/\/dicodusport.fr\/blog\/"},{"@type":"ListItem","position":2,"name":"\u00c9quipe de France : Salaire, contrat, ce que gagne Corinne Diacre \u00e0 la t\u00eate des Bleues"}]},{"@type":"WebSite","@id":"https:\/\/dicodusport.fr\/blog\/#website","url":"https:\/\/dicodusport.fr\/blog\/","name":"Dicodusport","description":"L&#039;encyclop\u00e9die de l&#039;actualit\u00e9 sportive","publisher":{"@id":"https:\/\/dicodusport.fr\/blog\/#organization"},"potentialAction":[{"@type":"SearchAction","target":{"@type":"EntryPoint","urlTemplate":"https:\/\/dicodusport.fr\/blog\/?s={search_term_string}"},"query-input":{"@type":"PropertyValueSpecification","valueRequired":true,"valueName":"search_term_string"}}],"inLanguage":"fr-FR"},{"@type":"NewsMediaOrganization","@id":"https:\/\/dicodusport.fr\/blog\/#organization","name":"Dicodusport","url":"https:\/\/dicodusport.fr\/blog\/","logo":{"@type":"ImageObject","inLanguage":"fr-FR","@id":"https:\/\/dicodusport.fr\/blog\/#\/schema\/logo\/image\/","url":"https:\/\/dicodusport.fr\/blog\/wp-content\/uploads\/2020\/06\/cropped-LOGO-DICODUSPORT-2020-SANS-FOND-SANS-TEXTE.png","contentUrl":"https:\/\/dicodusport.fr\/blog\/wp-content\/uploads\/2020\/06\/cropped-LOGO-DICODUSPORT-2020-SANS-FOND-SANS-TEXTE.png","width":512,"height":512,"caption":"Dicodusport"},"image":{"@id":"https:\/\/dicodusport.fr\/blog\/#\/schema\/logo\/image\/"},"sameAs":["https:\/\/www.facebook.com\/dicodusport","https:\/\/x.com\/dicodusport","https:\/\/www.instagram.com\/dicodusport\/","https:\/\/www.youtube.com\/channel\/UC7V2KZ5sd3htJivAbA4ZG3w"],"description":"Dicodusport est l'encyclop\u00e9die de l'actualit\u00e9 sportive.","email":"bonjour@dicodusport.fr","legalName":"DICODUSPORT","foundingDate":"2018-01-14","vatID":"FR71834470973","taxID":"83447097300043","numberOfEmployees":{"@type":"QuantitativeValue","minValue":"1","maxValue":"10"}},{"@type":"Person","@id":"https:\/\/dicodusport.fr\/blog\/#\/schema\/person\/cb02af4c173ce4a653b55e9baf388d4a","name":"Flo Ostermann","image":{"@type":"ImageObject","inLanguage":"fr-FR","@id":"https:\/\/dicodusport.fr\/blog\/#\/schema\/person\/image\/","url":"https:\/\/dicodusport.fr\/blog\/wp-content\/uploads\/2021\/05\/Flo-Ostermann-150x150.jpg","contentUrl":"https:\/\/dicodusport.fr\/blog\/wp-content\/uploads\/2021\/05\/Flo-Ostermann-150x150.jpg","caption":"Flo Ostermann"},"description":"Journaliste\/R\u00e9dacteur depuis septembre 2015 - Mes premiers souvenirs dans le sport ? Les envol\u00e9es du Stade Toulousain et les duels Villeneuve-Schumacher et H\u00e4kkinen-Schumacher \u00e0 la fin des ann\u00e9es 90, la Coupe du monde de football en 1998, l\u2019exploit du XV de France face aux All Blacks en 1999, mais aussi Richard C\u0153ur de Lion qui vole sur les montagnes du Tour de France. Bien parti pour devenir professeur d\u2019EPS, les \u00e9v\u00e9nements de la vie (et la flemme d\u2019animer des s\u00e9ances de 3x500 m\u00e8tres toute ma vie) m\u2019ont conduit \u00e0 revoir mes plans. Me voil\u00e0 depuis fin 2017 sur Dicodusport, m\u00e9dia gr\u00e2ce (et pour) lequel je partage ma passion : le sport dans tous ses \u00e9tats. Le tout accompagn\u00e9 par les fous furieux et folles furieuses cit\u00e9s sur cette page !","sameAs":["https:\/\/www.facebook.com\/florent.ostermann","https:\/\/x.com\/https:\/\/twitter.com\/FlOstermann","admin"],"url":"https:\/\/dicodusport.fr\/blog\/author\/flo\/"}]}},"_links":{"self":[{"href":"https:\/\/dicodusport.fr\/blog\/wp-json\/wp\/v2\/posts\/360312","targetHints":{"allow":["GET"]}}],"collection":[{"href":"https:\/\/dicodusport.fr\/blog\/wp-json\/wp\/v2\/posts"}],"about":[{"href":"https:\/\/dicodusport.fr\/blog\/wp-json\/wp\/v2\/types\/post"}],"author":[{"embeddable":true,"href":"https:\/\/dicodusport.fr\/blog\/wp-json\/wp\/v2\/users\/4"}],"replies":[{"embeddable":true,"href":"https:\/\/dicodusport.fr\/blog\/wp-json\/wp\/v2\/comments?post=360312"}],"version-history":[{"count":0,"href":"https:\/\/dicodusport.fr\/blog\/wp-json\/wp\/v2\/posts\/360312\/revisions"}],"wp:featuredmedia":[{"embeddable":true,"href":"https:\/\/dicodusport.fr\/blog\/wp-json\/wp\/v2\/media\/360341"}],"wp:attachment":[{"href":"https:\/\/dicodusport.fr\/blog\/wp-json\/wp\/v2\/media?parent=360312"}],"wp:term":[{"taxonomy":"category","embeddable":true,"href":"https:\/\/dicodusport.fr\/blog\/wp-json\/wp\/v2\/categories?post=360312"},{"taxonomy":"post_tag","embeddable":true,"href":"https:\/\/dicodusport.fr\/blog\/wp-json\/wp\/v2\/tags?post=360312"}],"curies":[{"name":"wp","href":"https:\/\/api.w.org\/{rel}","templated":true}]}}