{"id":36032,"date":"2019-03-27T14:27:25","date_gmt":"2019-03-27T13:27:25","guid":{"rendered":"http:\/\/dicodusport.fr\/blog\/?p=36032"},"modified":"2019-03-27T14:33:41","modified_gmt":"2019-03-27T13:33:41","slug":"parasnowboard-mondiaux-cecile-hernandez-et-maxime-montaggioni-en-or-banked-slalom","status":"publish","type":"post","link":"https:\/\/dicodusport.fr\/blog\/parasnowboard-mondiaux-cecile-hernandez-et-maxime-montaggioni-en-or-banked-slalom\/","title":{"rendered":"Parasnowboard &#8211; Mondiaux : C\u00e9cile Hernandez et Maxime Montaggioni en or sur le banked slalom"},"content":{"rendered":"<p style=\"text-align: justify;\"><strong><em>Engag\u00e9s en banked slalom lors de la premi\u00e8re journ\u00e9e des Mondiaux de parasnowboard \u00e0 Pyha (Finlande), C\u00e9cile Hernandez et Maxime Montaggioni ont rafl\u00e9 la m\u00e9daille d&rsquo;or.<\/em> <\/strong><\/p>\n<p style=\"text-align: justify;\">D\u00e9j\u00e0 titr\u00e9e lors des Mondiaux de La Molina (Espagne) en 2015 sur cette m\u00eame \u00e9preuve, <a href=\"https:\/\/dicodusport.fr\/blog\/cecile-hernandez-determination-toute-epreuve-avant-pyeongchang\/\" target=\"_blank\" rel=\"noopener\">C\u00e9cile Hernandez<\/a> a remis \u00e7a ce mercredi en Finlande, dans la cat\u00e9gorie debout (SB-LL1). La Catalane, vice-championne olympique en titre, a r\u00e9alis\u00e9 le meilleur temps (57.94) et a devanc\u00e9 la Chinoise Yunhai Liu.<\/p>\n<p style=\"text-align: justify;\">De son c\u00f4t\u00e9, Maxime Montaggioni a imit\u00e9 la Perpignanaise. Priv\u00e9 de Jeux Paralympiques \u00e0 Pyeongchang apr\u00e8s une grave blessure au genou \u00e0 quelques jours de la comp\u00e9tition, le Ni\u00e7ois (SB-UL), qui est revenu en force cette saison, a conserv\u00e9 son titre mondial acquis en 2017 \u00e0 Big White, au Canada. L&rsquo;Autrichien Patrick Mayrhofer et l&rsquo;Italien Jacopo Luchini compl\u00e8tent le podium.<\/p>\n<p style=\"text-align: justify;\">Ce samedi, les deux Tricolores tenteront d&rsquo;aller chercher l&rsquo;or mondial en snowboardcross.<\/p>\n<p><strong><em>Flo Ostermann<br \/>\n<a href=\"https:\/\/www.facebook.com\/florent.ostermann\"><img loading=\"lazy\" decoding=\"async\" class=\"alignnone wp-image-2909\" src=\"http:\/\/dicodusport.fr\/blog\/wp-content\/uploads\/2017\/07\/logo-facebook-150x150.png\" sizes=\"auto, (max-width: 40px) 100vw, 40px\" srcset=\"https:\/\/dicodusport.fr\/blog\/wp-content\/uploads\/2017\/07\/logo-facebook-150x150.png 150w, https:\/\/dicodusport.fr\/blog\/wp-content\/uploads\/2017\/07\/logo-facebook-300x300.png 300w, https:\/\/dicodusport.fr\/blog\/wp-content\/uploads\/2017\/07\/logo-facebook.png 400w\" alt=\"\" width=\"40\" height=\"40\" \/><\/a><a href=\"https:\/\/twitter.com\/SportInsideMag\"><img loading=\"lazy\" decoding=\"async\" class=\"alignnone wp-image-2908\" src=\"http:\/\/dicodusport.fr\/blog\/wp-content\/uploads\/2017\/07\/logo-twitter-150x150.png\" alt=\"\" width=\"39\" height=\"39\" \/><\/a><\/em><\/strong><\/p>\n","protected":false},"excerpt":{"rendered":"<p>Engag\u00e9s en banked slalom lors de la premi\u00e8re journ\u00e9e des Mondiaux de parasnowboard \u00e0 Pyha (Finlande), C\u00e9cile Hernandez et Maxime Montaggioni ont rafl\u00e9 la m\u00e9daille d&rsquo;or.<\/p>\n","protected":false},"author":4,"featured_media":29711,"comment_status":"open","ping_status":"closed","sticky":false,"template":"","format":"standard","meta":{"_acf_changed":false,"_daextam_enable_autolinks":"","footnotes":""},"categories":[5753,2313],"tags":[2493,1495,6717],"class_list":["post-36032","post","type-post","status-publish","format-standard","has-post-thumbnail","hentry","category-handisport","category-sports-dhiver","tag-cecile-hernandez","tag-mondiaux","tag-parasnowboard"],"acf":[],"yoast_head":"<!-- This site is optimized with the Yoast SEO Premium plugin v26.7 (Yoast SEO v26.7) - https:\/\/yoast.com\/wordpress\/plugins\/seo\/ -->\n<title>Parasnowboard - Mondiaux : C\u00e9cile Hernandez et Maxime Montaggioni en or sur le banked slalom<\/title>\n<meta name=\"description\" content=\"Engag\u00e9s en banked slalom lors de la 1\u00e8re journ\u00e9e des Mondiaux de parasnowboard \u00e0 Pyha, C\u00e9cile Hernandez et Maxime Montaggioni ont rafl\u00e9 la m\u00e9daille d&#039;or.\" \/>\n<meta name=\"robots\" content=\"index, follow, max-snippet:-1, max-image-preview:large, max-video-preview:-1\" \/>\n<link rel=\"canonical\" href=\"https:\/\/dicodusport.fr\/blog\/parasnowboard-mondiaux-cecile-hernandez-et-maxime-montaggioni-en-or-banked-slalom\/\" \/>\n<meta property=\"og:locale\" content=\"fr_FR\" \/>\n<meta property=\"og:type\" content=\"article\" \/>\n<meta property=\"og:title\" content=\"Parasnowboard - Mondiaux : C\u00e9cile Hernandez et Maxime Montaggioni en or sur le banked slalom\" \/>\n<meta property=\"og:description\" content=\"Engag\u00e9s en banked slalom lors de la 1\u00e8re journ\u00e9e des Mondiaux de parasnowboard \u00e0 Pyha, C\u00e9cile Hernandez et Maxime Montaggioni ont rafl\u00e9 la m\u00e9daille d&#039;or.\" \/>\n<meta property=\"og:url\" content=\"https:\/\/dicodusport.fr\/blog\/parasnowboard-mondiaux-cecile-hernandez-et-maxime-montaggioni-en-or-banked-slalom\/\" \/>\n<meta property=\"og:site_name\" content=\"Dicodusport\" \/>\n<meta property=\"article:publisher\" content=\"https:\/\/www.facebook.com\/dicodusport\" \/>\n<meta property=\"article:author\" content=\"https:\/\/www.facebook.com\/florent.ostermann\" \/>\n<meta property=\"article:published_time\" content=\"2019-03-27T13:27:25+00:00\" \/>\n<meta property=\"article:modified_time\" content=\"2019-03-27T13:33:41+00:00\" \/>\n<meta property=\"og:image\" content=\"https:\/\/dicodusport.fr\/blog\/wp-content\/uploads\/2018\/11\/C\u00e9cile-Hernandez-Double-m\u00e9daill\u00e9e-paralympique-en-snowboard.png\" \/>\n\t<meta property=\"og:image:width\" content=\"800\" \/>\n\t<meta property=\"og:image:height\" content=\"445\" \/>\n\t<meta property=\"og:image:type\" content=\"image\/png\" \/>\n<meta name=\"author\" content=\"Flo Ostermann\" \/>\n<meta name=\"twitter:card\" content=\"summary_large_image\" \/>\n<meta name=\"twitter:creator\" content=\"@https:\/\/twitter.com\/FlOstermann\" \/>\n<meta name=\"twitter:site\" content=\"@dicodusport\" \/>\n<script type=\"application\/ld+json\" class=\"yoast-schema-graph\">{\"@context\":\"https:\/\/schema.org\",\"@graph\":[{\"@type\":\"NewsArticle\",\"@id\":\"https:\/\/dicodusport.fr\/blog\/parasnowboard-mondiaux-cecile-hernandez-et-maxime-montaggioni-en-or-banked-slalom\/#article\",\"isPartOf\":{\"@id\":\"https:\/\/dicodusport.fr\/blog\/parasnowboard-mondiaux-cecile-hernandez-et-maxime-montaggioni-en-or-banked-slalom\/\"},\"author\":{\"name\":\"Flo Ostermann\",\"@id\":\"https:\/\/dicodusport.fr\/blog\/#\/schema\/person\/cb02af4c173ce4a653b55e9baf388d4a\"},\"headline\":\"Parasnowboard &#8211; Mondiaux : C\u00e9cile Hernandez et Maxime Montaggioni en or sur le banked slalom\",\"datePublished\":\"2019-03-27T13:27:25+00:00\",\"dateModified\":\"2019-03-27T13:33:41+00:00\",\"mainEntityOfPage\":{\"@id\":\"https:\/\/dicodusport.fr\/blog\/parasnowboard-mondiaux-cecile-hernandez-et-maxime-montaggioni-en-or-banked-slalom\/\"},\"wordCount\":177,\"commentCount\":0,\"publisher\":{\"@id\":\"https:\/\/dicodusport.fr\/blog\/#organization\"},\"image\":{\"@id\":\"https:\/\/dicodusport.fr\/blog\/parasnowboard-mondiaux-cecile-hernandez-et-maxime-montaggioni-en-or-banked-slalom\/#primaryimage\"},\"thumbnailUrl\":\"https:\/\/dicodusport.fr\/blog\/wp-content\/uploads\/2018\/11\/C\u00e9cile-Hernandez-Double-m\u00e9daill\u00e9e-paralympique-en-snowboard.png\",\"keywords\":[\"C\u00e9cile Hernandez\",\"mondiaux\",\"Parasnowboard\"],\"articleSection\":[\"Handisport\",\"Sports d'hiver\"],\"inLanguage\":\"fr-FR\",\"potentialAction\":[{\"@type\":\"CommentAction\",\"name\":\"Comment\",\"target\":[\"https:\/\/dicodusport.fr\/blog\/parasnowboard-mondiaux-cecile-hernandez-et-maxime-montaggioni-en-or-banked-slalom\/#respond\"]}],\"copyrightYear\":\"2019\",\"copyrightHolder\":{\"@id\":\"https:\/\/dicodusport.fr\/blog\/#organization\"}},{\"@type\":\"WebPage\",\"@id\":\"https:\/\/dicodusport.fr\/blog\/parasnowboard-mondiaux-cecile-hernandez-et-maxime-montaggioni-en-or-banked-slalom\/\",\"url\":\"https:\/\/dicodusport.fr\/blog\/parasnowboard-mondiaux-cecile-hernandez-et-maxime-montaggioni-en-or-banked-slalom\/\",\"name\":\"Parasnowboard - Mondiaux : C\u00e9cile Hernandez et Maxime Montaggioni en or sur le banked slalom\",\"isPartOf\":{\"@id\":\"https:\/\/dicodusport.fr\/blog\/#website\"},\"primaryImageOfPage\":{\"@id\":\"https:\/\/dicodusport.fr\/blog\/parasnowboard-mondiaux-cecile-hernandez-et-maxime-montaggioni-en-or-banked-slalom\/#primaryimage\"},\"image\":{\"@id\":\"https:\/\/dicodusport.fr\/blog\/parasnowboard-mondiaux-cecile-hernandez-et-maxime-montaggioni-en-or-banked-slalom\/#primaryimage\"},\"thumbnailUrl\":\"https:\/\/dicodusport.fr\/blog\/wp-content\/uploads\/2018\/11\/C\u00e9cile-Hernandez-Double-m\u00e9daill\u00e9e-paralympique-en-snowboard.png\",\"datePublished\":\"2019-03-27T13:27:25+00:00\",\"dateModified\":\"2019-03-27T13:33:41+00:00\",\"description\":\"Engag\u00e9s en banked slalom lors de la 1\u00e8re journ\u00e9e des Mondiaux de parasnowboard \u00e0 Pyha, C\u00e9cile Hernandez et Maxime Montaggioni ont rafl\u00e9 la m\u00e9daille d'or.\",\"breadcrumb\":{\"@id\":\"https:\/\/dicodusport.fr\/blog\/parasnowboard-mondiaux-cecile-hernandez-et-maxime-montaggioni-en-or-banked-slalom\/#breadcrumb\"},\"inLanguage\":\"fr-FR\",\"potentialAction\":[{\"@type\":\"ReadAction\",\"target\":[\"https:\/\/dicodusport.fr\/blog\/parasnowboard-mondiaux-cecile-hernandez-et-maxime-montaggioni-en-or-banked-slalom\/\"]}]},{\"@type\":\"ImageObject\",\"inLanguage\":\"fr-FR\",\"@id\":\"https:\/\/dicodusport.fr\/blog\/parasnowboard-mondiaux-cecile-hernandez-et-maxime-montaggioni-en-or-banked-slalom\/#primaryimage\",\"url\":\"https:\/\/dicodusport.fr\/blog\/wp-content\/uploads\/2018\/11\/C\u00e9cile-Hernandez-Double-m\u00e9daill\u00e9e-paralympique-en-snowboard.png\",\"contentUrl\":\"https:\/\/dicodusport.fr\/blog\/wp-content\/uploads\/2018\/11\/C\u00e9cile-Hernandez-Double-m\u00e9daill\u00e9e-paralympique-en-snowboard.png\",\"width\":800,\"height\":445,\"caption\":\"C\u00e9cile Hernandez, double m\u00e9daill\u00e9e lors des Jeux Paralympiques de Pyeongchang - AFP\"},{\"@type\":\"BreadcrumbList\",\"@id\":\"https:\/\/dicodusport.fr\/blog\/parasnowboard-mondiaux-cecile-hernandez-et-maxime-montaggioni-en-or-banked-slalom\/#breadcrumb\",\"itemListElement\":[{\"@type\":\"ListItem\",\"position\":1,\"name\":\"Accueil\",\"item\":\"https:\/\/dicodusport.fr\/blog\/\"},{\"@type\":\"ListItem\",\"position\":2,\"name\":\"Parasnowboard &#8211; Mondiaux : C\u00e9cile Hernandez et Maxime Montaggioni en or sur le banked slalom\"}]},{\"@type\":\"WebSite\",\"@id\":\"https:\/\/dicodusport.fr\/blog\/#website\",\"url\":\"https:\/\/dicodusport.fr\/blog\/\",\"name\":\"Dicodusport\",\"description\":\"L&#039;encyclop\u00e9die de l&#039;actualit\u00e9 sportive\",\"publisher\":{\"@id\":\"https:\/\/dicodusport.fr\/blog\/#organization\"},\"potentialAction\":[{\"@type\":\"SearchAction\",\"target\":{\"@type\":\"EntryPoint\",\"urlTemplate\":\"https:\/\/dicodusport.fr\/blog\/?s={search_term_string}\"},\"query-input\":{\"@type\":\"PropertyValueSpecification\",\"valueRequired\":true,\"valueName\":\"search_term_string\"}}],\"inLanguage\":\"fr-FR\"},{\"@type\":\"NewsMediaOrganization\",\"@id\":\"https:\/\/dicodusport.fr\/blog\/#organization\",\"name\":\"Dicodusport\",\"url\":\"https:\/\/dicodusport.fr\/blog\/\",\"logo\":{\"@type\":\"ImageObject\",\"inLanguage\":\"fr-FR\",\"@id\":\"https:\/\/dicodusport.fr\/blog\/#\/schema\/logo\/image\/\",\"url\":\"https:\/\/dicodusport.fr\/blog\/wp-content\/uploads\/2020\/06\/cropped-LOGO-DICODUSPORT-2020-SANS-FOND-SANS-TEXTE.png\",\"contentUrl\":\"https:\/\/dicodusport.fr\/blog\/wp-content\/uploads\/2020\/06\/cropped-LOGO-DICODUSPORT-2020-SANS-FOND-SANS-TEXTE.png\",\"width\":512,\"height\":512,\"caption\":\"Dicodusport\"},\"image\":{\"@id\":\"https:\/\/dicodusport.fr\/blog\/#\/schema\/logo\/image\/\"},\"sameAs\":[\"https:\/\/www.facebook.com\/dicodusport\",\"https:\/\/x.com\/dicodusport\",\"https:\/\/www.instagram.com\/dicodusport\/\",\"https:\/\/www.youtube.com\/channel\/UC7V2KZ5sd3htJivAbA4ZG3w\"],\"description\":\"Dicodusport est l'encyclop\u00e9die de l'actualit\u00e9 sportive.\",\"email\":\"bonjour@dicodusport.fr\",\"legalName\":\"DICODUSPORT\",\"foundingDate\":\"2018-01-14\",\"vatID\":\"FR71834470973\",\"taxID\":\"83447097300043\",\"numberOfEmployees\":{\"@type\":\"QuantitativeValue\",\"minValue\":\"1\",\"maxValue\":\"10\"}},{\"@type\":\"Person\",\"@id\":\"https:\/\/dicodusport.fr\/blog\/#\/schema\/person\/cb02af4c173ce4a653b55e9baf388d4a\",\"name\":\"Flo Ostermann\",\"image\":{\"@type\":\"ImageObject\",\"inLanguage\":\"fr-FR\",\"@id\":\"https:\/\/dicodusport.fr\/blog\/#\/schema\/person\/image\/\",\"url\":\"https:\/\/dicodusport.fr\/blog\/wp-content\/uploads\/2021\/05\/Flo-Ostermann-150x150.jpg\",\"contentUrl\":\"https:\/\/dicodusport.fr\/blog\/wp-content\/uploads\/2021\/05\/Flo-Ostermann-150x150.jpg\",\"caption\":\"Flo Ostermann\"},\"description\":\"Journaliste\/R\u00e9dacteur depuis septembre 2015 - Mes premiers souvenirs dans le sport ? Les envol\u00e9es du Stade Toulousain et les duels Villeneuve-Schumacher et H\u00e4kkinen-Schumacher \u00e0 la fin des ann\u00e9es 90, la Coupe du monde de football en 1998, l\u2019exploit du XV de France face aux All Blacks en 1999, mais aussi Richard C\u0153ur de Lion qui vole sur les montagnes du Tour de France. Bien parti pour devenir professeur d\u2019EPS, les \u00e9v\u00e9nements de la vie (et la flemme d\u2019animer des s\u00e9ances de 3x500 m\u00e8tres toute ma vie) m\u2019ont conduit \u00e0 revoir mes plans. Me voil\u00e0 depuis fin 2017 sur Dicodusport, m\u00e9dia gr\u00e2ce (et pour) lequel je partage ma passion : le sport dans tous ses \u00e9tats. Le tout accompagn\u00e9 par les fous furieux et folles furieuses cit\u00e9s sur cette page !\",\"sameAs\":[\"https:\/\/www.facebook.com\/florent.ostermann\",\"https:\/\/x.com\/https:\/\/twitter.com\/FlOstermann\",\"admin\"],\"url\":\"https:\/\/dicodusport.fr\/blog\/author\/flo\/\"}]}<\/script>\n<!-- \/ Yoast SEO Premium plugin. -->","yoast_head_json":{"title":"Parasnowboard - Mondiaux : C\u00e9cile Hernandez et Maxime Montaggioni en or sur le banked slalom","description":"Engag\u00e9s en banked slalom lors de la 1\u00e8re journ\u00e9e des Mondiaux de parasnowboard \u00e0 Pyha, C\u00e9cile Hernandez et Maxime Montaggioni ont rafl\u00e9 la m\u00e9daille d'or.","robots":{"index":"index","follow":"follow","max-snippet":"max-snippet:-1","max-image-preview":"max-image-preview:large","max-video-preview":"max-video-preview:-1"},"canonical":"https:\/\/dicodusport.fr\/blog\/parasnowboard-mondiaux-cecile-hernandez-et-maxime-montaggioni-en-or-banked-slalom\/","og_locale":"fr_FR","og_type":"article","og_title":"Parasnowboard - Mondiaux : C\u00e9cile Hernandez et Maxime Montaggioni en or sur le banked slalom","og_description":"Engag\u00e9s en banked slalom lors de la 1\u00e8re journ\u00e9e des Mondiaux de parasnowboard \u00e0 Pyha, C\u00e9cile Hernandez et Maxime Montaggioni ont rafl\u00e9 la m\u00e9daille d'or.","og_url":"https:\/\/dicodusport.fr\/blog\/parasnowboard-mondiaux-cecile-hernandez-et-maxime-montaggioni-en-or-banked-slalom\/","og_site_name":"Dicodusport","article_publisher":"https:\/\/www.facebook.com\/dicodusport","article_author":"https:\/\/www.facebook.com\/florent.ostermann","article_published_time":"2019-03-27T13:27:25+00:00","article_modified_time":"2019-03-27T13:33:41+00:00","og_image":[{"width":800,"height":445,"url":"https:\/\/dicodusport.fr\/blog\/wp-content\/uploads\/2018\/11\/C\u00e9cile-Hernandez-Double-m\u00e9daill\u00e9e-paralympique-en-snowboard.png","type":"image\/png"}],"author":"Flo Ostermann","twitter_card":"summary_large_image","twitter_creator":"@https:\/\/twitter.com\/FlOstermann","twitter_site":"@dicodusport","schema":{"@context":"https:\/\/schema.org","@graph":[{"@type":"NewsArticle","@id":"https:\/\/dicodusport.fr\/blog\/parasnowboard-mondiaux-cecile-hernandez-et-maxime-montaggioni-en-or-banked-slalom\/#article","isPartOf":{"@id":"https:\/\/dicodusport.fr\/blog\/parasnowboard-mondiaux-cecile-hernandez-et-maxime-montaggioni-en-or-banked-slalom\/"},"author":{"name":"Flo Ostermann","@id":"https:\/\/dicodusport.fr\/blog\/#\/schema\/person\/cb02af4c173ce4a653b55e9baf388d4a"},"headline":"Parasnowboard &#8211; Mondiaux : C\u00e9cile Hernandez et Maxime Montaggioni en or sur le banked slalom","datePublished":"2019-03-27T13:27:25+00:00","dateModified":"2019-03-27T13:33:41+00:00","mainEntityOfPage":{"@id":"https:\/\/dicodusport.fr\/blog\/parasnowboard-mondiaux-cecile-hernandez-et-maxime-montaggioni-en-or-banked-slalom\/"},"wordCount":177,"commentCount":0,"publisher":{"@id":"https:\/\/dicodusport.fr\/blog\/#organization"},"image":{"@id":"https:\/\/dicodusport.fr\/blog\/parasnowboard-mondiaux-cecile-hernandez-et-maxime-montaggioni-en-or-banked-slalom\/#primaryimage"},"thumbnailUrl":"https:\/\/dicodusport.fr\/blog\/wp-content\/uploads\/2018\/11\/C\u00e9cile-Hernandez-Double-m\u00e9daill\u00e9e-paralympique-en-snowboard.png","keywords":["C\u00e9cile Hernandez","mondiaux","Parasnowboard"],"articleSection":["Handisport","Sports d'hiver"],"inLanguage":"fr-FR","potentialAction":[{"@type":"CommentAction","name":"Comment","target":["https:\/\/dicodusport.fr\/blog\/parasnowboard-mondiaux-cecile-hernandez-et-maxime-montaggioni-en-or-banked-slalom\/#respond"]}],"copyrightYear":"2019","copyrightHolder":{"@id":"https:\/\/dicodusport.fr\/blog\/#organization"}},{"@type":"WebPage","@id":"https:\/\/dicodusport.fr\/blog\/parasnowboard-mondiaux-cecile-hernandez-et-maxime-montaggioni-en-or-banked-slalom\/","url":"https:\/\/dicodusport.fr\/blog\/parasnowboard-mondiaux-cecile-hernandez-et-maxime-montaggioni-en-or-banked-slalom\/","name":"Parasnowboard - Mondiaux : C\u00e9cile Hernandez et Maxime Montaggioni en or sur le banked slalom","isPartOf":{"@id":"https:\/\/dicodusport.fr\/blog\/#website"},"primaryImageOfPage":{"@id":"https:\/\/dicodusport.fr\/blog\/parasnowboard-mondiaux-cecile-hernandez-et-maxime-montaggioni-en-or-banked-slalom\/#primaryimage"},"image":{"@id":"https:\/\/dicodusport.fr\/blog\/parasnowboard-mondiaux-cecile-hernandez-et-maxime-montaggioni-en-or-banked-slalom\/#primaryimage"},"thumbnailUrl":"https:\/\/dicodusport.fr\/blog\/wp-content\/uploads\/2018\/11\/C\u00e9cile-Hernandez-Double-m\u00e9daill\u00e9e-paralympique-en-snowboard.png","datePublished":"2019-03-27T13:27:25+00:00","dateModified":"2019-03-27T13:33:41+00:00","description":"Engag\u00e9s en banked slalom lors de la 1\u00e8re journ\u00e9e des Mondiaux de parasnowboard \u00e0 Pyha, C\u00e9cile Hernandez et Maxime Montaggioni ont rafl\u00e9 la m\u00e9daille d'or.","breadcrumb":{"@id":"https:\/\/dicodusport.fr\/blog\/parasnowboard-mondiaux-cecile-hernandez-et-maxime-montaggioni-en-or-banked-slalom\/#breadcrumb"},"inLanguage":"fr-FR","potentialAction":[{"@type":"ReadAction","target":["https:\/\/dicodusport.fr\/blog\/parasnowboard-mondiaux-cecile-hernandez-et-maxime-montaggioni-en-or-banked-slalom\/"]}]},{"@type":"ImageObject","inLanguage":"fr-FR","@id":"https:\/\/dicodusport.fr\/blog\/parasnowboard-mondiaux-cecile-hernandez-et-maxime-montaggioni-en-or-banked-slalom\/#primaryimage","url":"https:\/\/dicodusport.fr\/blog\/wp-content\/uploads\/2018\/11\/C\u00e9cile-Hernandez-Double-m\u00e9daill\u00e9e-paralympique-en-snowboard.png","contentUrl":"https:\/\/dicodusport.fr\/blog\/wp-content\/uploads\/2018\/11\/C\u00e9cile-Hernandez-Double-m\u00e9daill\u00e9e-paralympique-en-snowboard.png","width":800,"height":445,"caption":"C\u00e9cile Hernandez, double m\u00e9daill\u00e9e lors des Jeux Paralympiques de Pyeongchang - AFP"},{"@type":"BreadcrumbList","@id":"https:\/\/dicodusport.fr\/blog\/parasnowboard-mondiaux-cecile-hernandez-et-maxime-montaggioni-en-or-banked-slalom\/#breadcrumb","itemListElement":[{"@type":"ListItem","position":1,"name":"Accueil","item":"https:\/\/dicodusport.fr\/blog\/"},{"@type":"ListItem","position":2,"name":"Parasnowboard &#8211; Mondiaux : C\u00e9cile Hernandez et Maxime Montaggioni en or sur le banked slalom"}]},{"@type":"WebSite","@id":"https:\/\/dicodusport.fr\/blog\/#website","url":"https:\/\/dicodusport.fr\/blog\/","name":"Dicodusport","description":"L&#039;encyclop\u00e9die de l&#039;actualit\u00e9 sportive","publisher":{"@id":"https:\/\/dicodusport.fr\/blog\/#organization"},"potentialAction":[{"@type":"SearchAction","target":{"@type":"EntryPoint","urlTemplate":"https:\/\/dicodusport.fr\/blog\/?s={search_term_string}"},"query-input":{"@type":"PropertyValueSpecification","valueRequired":true,"valueName":"search_term_string"}}],"inLanguage":"fr-FR"},{"@type":"NewsMediaOrganization","@id":"https:\/\/dicodusport.fr\/blog\/#organization","name":"Dicodusport","url":"https:\/\/dicodusport.fr\/blog\/","logo":{"@type":"ImageObject","inLanguage":"fr-FR","@id":"https:\/\/dicodusport.fr\/blog\/#\/schema\/logo\/image\/","url":"https:\/\/dicodusport.fr\/blog\/wp-content\/uploads\/2020\/06\/cropped-LOGO-DICODUSPORT-2020-SANS-FOND-SANS-TEXTE.png","contentUrl":"https:\/\/dicodusport.fr\/blog\/wp-content\/uploads\/2020\/06\/cropped-LOGO-DICODUSPORT-2020-SANS-FOND-SANS-TEXTE.png","width":512,"height":512,"caption":"Dicodusport"},"image":{"@id":"https:\/\/dicodusport.fr\/blog\/#\/schema\/logo\/image\/"},"sameAs":["https:\/\/www.facebook.com\/dicodusport","https:\/\/x.com\/dicodusport","https:\/\/www.instagram.com\/dicodusport\/","https:\/\/www.youtube.com\/channel\/UC7V2KZ5sd3htJivAbA4ZG3w"],"description":"Dicodusport est l'encyclop\u00e9die de l'actualit\u00e9 sportive.","email":"bonjour@dicodusport.fr","legalName":"DICODUSPORT","foundingDate":"2018-01-14","vatID":"FR71834470973","taxID":"83447097300043","numberOfEmployees":{"@type":"QuantitativeValue","minValue":"1","maxValue":"10"}},{"@type":"Person","@id":"https:\/\/dicodusport.fr\/blog\/#\/schema\/person\/cb02af4c173ce4a653b55e9baf388d4a","name":"Flo Ostermann","image":{"@type":"ImageObject","inLanguage":"fr-FR","@id":"https:\/\/dicodusport.fr\/blog\/#\/schema\/person\/image\/","url":"https:\/\/dicodusport.fr\/blog\/wp-content\/uploads\/2021\/05\/Flo-Ostermann-150x150.jpg","contentUrl":"https:\/\/dicodusport.fr\/blog\/wp-content\/uploads\/2021\/05\/Flo-Ostermann-150x150.jpg","caption":"Flo Ostermann"},"description":"Journaliste\/R\u00e9dacteur depuis septembre 2015 - Mes premiers souvenirs dans le sport ? Les envol\u00e9es du Stade Toulousain et les duels Villeneuve-Schumacher et H\u00e4kkinen-Schumacher \u00e0 la fin des ann\u00e9es 90, la Coupe du monde de football en 1998, l\u2019exploit du XV de France face aux All Blacks en 1999, mais aussi Richard C\u0153ur de Lion qui vole sur les montagnes du Tour de France. Bien parti pour devenir professeur d\u2019EPS, les \u00e9v\u00e9nements de la vie (et la flemme d\u2019animer des s\u00e9ances de 3x500 m\u00e8tres toute ma vie) m\u2019ont conduit \u00e0 revoir mes plans. Me voil\u00e0 depuis fin 2017 sur Dicodusport, m\u00e9dia gr\u00e2ce (et pour) lequel je partage ma passion : le sport dans tous ses \u00e9tats. Le tout accompagn\u00e9 par les fous furieux et folles furieuses cit\u00e9s sur cette page !","sameAs":["https:\/\/www.facebook.com\/florent.ostermann","https:\/\/x.com\/https:\/\/twitter.com\/FlOstermann","admin"],"url":"https:\/\/dicodusport.fr\/blog\/author\/flo\/"}]}},"_links":{"self":[{"href":"https:\/\/dicodusport.fr\/blog\/wp-json\/wp\/v2\/posts\/36032","targetHints":{"allow":["GET"]}}],"collection":[{"href":"https:\/\/dicodusport.fr\/blog\/wp-json\/wp\/v2\/posts"}],"about":[{"href":"https:\/\/dicodusport.fr\/blog\/wp-json\/wp\/v2\/types\/post"}],"author":[{"embeddable":true,"href":"https:\/\/dicodusport.fr\/blog\/wp-json\/wp\/v2\/users\/4"}],"replies":[{"embeddable":true,"href":"https:\/\/dicodusport.fr\/blog\/wp-json\/wp\/v2\/comments?post=36032"}],"version-history":[{"count":0,"href":"https:\/\/dicodusport.fr\/blog\/wp-json\/wp\/v2\/posts\/36032\/revisions"}],"wp:featuredmedia":[{"embeddable":true,"href":"https:\/\/dicodusport.fr\/blog\/wp-json\/wp\/v2\/media\/29711"}],"wp:attachment":[{"href":"https:\/\/dicodusport.fr\/blog\/wp-json\/wp\/v2\/media?parent=36032"}],"wp:term":[{"taxonomy":"category","embeddable":true,"href":"https:\/\/dicodusport.fr\/blog\/wp-json\/wp\/v2\/categories?post=36032"},{"taxonomy":"post_tag","embeddable":true,"href":"https:\/\/dicodusport.fr\/blog\/wp-json\/wp\/v2\/tags?post=36032"}],"curies":[{"name":"wp","href":"https:\/\/api.w.org\/{rel}","templated":true}]}}