{"id":360498,"date":"2023-03-01T10:45:11","date_gmt":"2023-03-01T09:45:11","guid":{"rendered":"https:\/\/dicodusport.fr\/blog\/?p=360498&#038;preview=true&#038;preview_id=360498"},"modified":"2023-05-20T10:10:41","modified_gmt":"2023-05-20T08:10:41","slug":"just-fontaine-est-mort","status":"publish","type":"post","link":"https:\/\/dicodusport.fr\/blog\/just-fontaine-est-mort\/","title":{"rendered":"Carnet noir : Just Fontaine est mort"},"content":{"rendered":"<p style=\"text-align: justify;\" align=\"justify\"><em><strong><a href=\"https:\/\/dicodusport.fr\/definition-sport\/football\/\" target=\"_blank\" rel=\"noopener\">FOOTBALL<\/a> &#8211; Just Fontaine, l\u00e9gende du football fran\u00e7ais, s&rsquo;est \u00e9teint ce mercredi \u00e0 l&rsquo;\u00e2ge de 89 ans.\u00a0<\/strong><\/em><\/p>\n<p style=\"text-align: justify;\" align=\"justify\">C&rsquo;est une l\u00e9gende du foot fran\u00e7ais qui nous a quitt\u00e9s ce mercredi. <strong>Just Fontaine<\/strong>, notamment c\u00e9l\u00e8bre pour avoir marqu\u00e9 13 buts lors de la <strong>Coupe du monde 1958<\/strong>, est mort \u00e0 89 ans. S&rsquo;il n&rsquo;a pas eu une tr\u00e8s longue carri\u00e8re en \u00e9quipe de <strong>France<\/strong> (international entre 1953 et 1960), il aura inscrit pas moins de 30 buts. Le tout en seulement 21 s\u00e9lections. Sa <strong>Coupe du monde 1958<\/strong> avec 13 r\u00e9alisations en une seule comp\u00e9tition est un record qui ne sera peut-\u00eatre jamais battu. <strong>Just Fontaine<\/strong> est m\u00eame rest\u00e9 pendant quelques ann\u00e9es le <a href=\"https:\/\/dicodusport.fr\/blog\/top-10-des-meilleurs-buteurs-en-coupe-du-monde-de-football\/\" target=\"_blank\" rel=\"noopener\">meilleur buteur de l&rsquo;histoire de la Coupe du monde<\/a>.<\/p>\n<h2 style=\"text-align: justify;\" align=\"justify\">Un palmar\u00e8s plus que respectable<\/h2>\n<p style=\"text-align: justify;\" align=\"justify\">N\u00e9 \u00e0 <strong>Marrakech<\/strong> en 1933, <strong>Just Fontaine<\/strong> a d\u00e9but\u00e9 sa carri\u00e8re avec l&rsquo;<strong>US Marocaine<\/strong> avant de rejoindre l&rsquo;<strong>OGC Nice<\/strong> en 1953. Il disputera trois saisons avec les <strong>Aiglons<\/strong> pour 52 buts marqu\u00e9s. <strong>Just Fontaine<\/strong> signe ensuite avec le <strong>Stade de Reims<\/strong> en 1956, o\u00f9 il terminera sa carri\u00e8re. Il aura disput\u00e9 152 matchs pour 145 buts marqu\u00e9s. Avec ce qui est, \u00e0 l&rsquo;\u00e9poque, le plus grand club fran\u00e7ais. Champion de France avec Nice en 1956, il aura glan\u00e9 trois titres nationaux avec le club r\u00e9mois, en 1958, 1960 et 1962.<\/p>\n<p style=\"text-align: justify;\" align=\"justify\">Ensuite, <strong>Just Fontaine<\/strong> a eu une courte carri\u00e8re d&rsquo;entra\u00eeneur apr\u00e8s sa retraite. Il a notamment eu en charge l&rsquo;<strong>\u00e9quipe de France<\/strong> avant d&rsquo;\u00eatre remplac\u00e9 rapidement apr\u00e8s deux d\u00e9faites lors de matchs amicaux. Il a entra\u00een\u00e9 le <strong>Paris Saint-Germain<\/strong> entre 1973 et 1976. Mais aussi la s\u00e9lection marocaine pendant quelques ann\u00e9es, entre 1979 et 1981.<\/p>\n<blockquote class=\"twitter-tweet\">\n<p dir=\"ltr\" lang=\"fr\">Just Fontaine est mort \u00e0 l&rsquo;\u00e2ge de 89 ans. \ud83d\udd4a\ufe0f<\/p>\n<p>L\u00e9gende du football fran\u00e7ais, il avait notamment inscrit 13 buts lors de la Coupe du monde 1958. Record qu&rsquo;il d\u00e9tient toujours. <a href=\"https:\/\/t.co\/gN2bTkW2dG\">pic.twitter.com\/gN2bTkW2dG<\/a><\/p>\n<p>\u2014 Actu Foot (@ActuFoot_) <a href=\"https:\/\/twitter.com\/ActuFoot_\/status\/1630865629237354496?ref_src=twsrc%5Etfw\">March 1, 2023<\/a><\/p><\/blockquote>\n<p style=\"text-align: justify;\"><script async src=\"https:\/\/platform.twitter.com\/widgets.js\" charset=\"utf-8\"><\/script><\/p>\n","protected":false},"excerpt":{"rendered":"<p>FOOTBALL &#8211; Just Fontaine, l\u00e9gende du football fran\u00e7ais, s&rsquo;est \u00e9teint ce mercredi \u00e0 l&rsquo;\u00e2ge de 89 ans.\u00a0<\/p>\n","protected":false},"author":1,"featured_media":360501,"comment_status":"open","ping_status":"closed","sticky":false,"template":"","format":"standard","meta":{"_acf_changed":false,"_daextam_enable_autolinks":"","footnotes":""},"categories":[12712,2301],"tags":[16878,8716,75,24],"class_list":["post-360498","post","type-post","status-publish","format-standard","has-post-thumbnail","hentry","category-carnet-noir","category-football","tag-breve","tag-carnet-noir","tag-football","tag-sport"],"acf":[],"yoast_head":"<!-- This site is optimized with the Yoast SEO Premium plugin v26.7 (Yoast SEO v26.7) - https:\/\/yoast.com\/wordpress\/plugins\/seo\/ -->\n<title>Carnet noir : Just Fontaine est mort<\/title>\n<meta name=\"description\" content=\"FOOTBALL - Just Fontaine, l\u00e9gende du football fran\u00e7ais s&#039;est \u00e9teint ce mercredi \u00e0 l&#039;\u00e2ge de 89 ans, ce mercredi.\" \/>\n<meta name=\"robots\" content=\"index, follow, max-snippet:-1, max-image-preview:large, max-video-preview:-1\" \/>\n<link rel=\"canonical\" href=\"https:\/\/dicodusport.fr\/blog\/just-fontaine-est-mort\/\" \/>\n<meta property=\"og:locale\" content=\"fr_FR\" \/>\n<meta property=\"og:type\" content=\"article\" \/>\n<meta property=\"og:title\" content=\"Carnet noir : Just Fontaine est mort\" \/>\n<meta property=\"og:description\" content=\"FOOTBALL - Just Fontaine, l\u00e9gende du football fran\u00e7ais s&#039;est \u00e9teint ce mercredi \u00e0 l&#039;\u00e2ge de 89 ans, ce mercredi.\" \/>\n<meta property=\"og:url\" content=\"https:\/\/dicodusport.fr\/blog\/just-fontaine-est-mort\/\" \/>\n<meta property=\"og:site_name\" content=\"Dicodusport\" \/>\n<meta property=\"article:publisher\" content=\"https:\/\/www.facebook.com\/dicodusport\" \/>\n<meta property=\"article:author\" content=\"https:\/\/www.facebook.com\/dicodusport\" \/>\n<meta property=\"article:published_time\" content=\"2023-03-01T09:45:11+00:00\" \/>\n<meta property=\"article:modified_time\" content=\"2023-05-20T08:10:41+00:00\" \/>\n<meta property=\"og:image\" content=\"https:\/\/dicodusport.fr\/blog\/wp-content\/uploads\/2023\/03\/Just-Fontaine-est-mort.png\" \/>\n\t<meta property=\"og:image:width\" content=\"800\" \/>\n\t<meta property=\"og:image:height\" content=\"445\" \/>\n\t<meta property=\"og:image:type\" content=\"image\/png\" \/>\n<meta name=\"author\" content=\"Nicolas Jacquemard\" \/>\n<meta name=\"twitter:card\" content=\"summary_large_image\" \/>\n<meta name=\"twitter:title\" content=\"Carnet noir : Just Fontaine est mort\" \/>\n<meta name=\"twitter:creator\" content=\"@https:\/\/twitter.com\/Nico_Jacquemard\" \/>\n<meta name=\"twitter:site\" content=\"@dicodusport\" \/>\n<script type=\"application\/ld+json\" class=\"yoast-schema-graph\">{\"@context\":\"https:\/\/schema.org\",\"@graph\":[{\"@type\":\"NewsArticle\",\"@id\":\"https:\/\/dicodusport.fr\/blog\/just-fontaine-est-mort\/#article\",\"isPartOf\":{\"@id\":\"https:\/\/dicodusport.fr\/blog\/just-fontaine-est-mort\/\"},\"author\":{\"name\":\"Nicolas Jacquemard\",\"@id\":\"https:\/\/dicodusport.fr\/blog\/#\/schema\/person\/55dcb50ad410894e431ed812bbb70191\"},\"headline\":\"Carnet noir : Just Fontaine est mort\",\"datePublished\":\"2023-03-01T09:45:11+00:00\",\"dateModified\":\"2023-05-20T08:10:41+00:00\",\"mainEntityOfPage\":{\"@id\":\"https:\/\/dicodusport.fr\/blog\/just-fontaine-est-mort\/\"},\"wordCount\":331,\"commentCount\":0,\"publisher\":{\"@id\":\"https:\/\/dicodusport.fr\/blog\/#organization\"},\"image\":{\"@id\":\"https:\/\/dicodusport.fr\/blog\/just-fontaine-est-mort\/#primaryimage\"},\"thumbnailUrl\":\"https:\/\/dicodusport.fr\/blog\/wp-content\/uploads\/2023\/03\/Just-Fontaine-est-mort.png\",\"keywords\":[\"br\u00e8ve\",\"Carnet noir\",\"Football\",\"sport\"],\"articleSection\":[\"Carnet noir\",\"Football\"],\"inLanguage\":\"fr-FR\",\"potentialAction\":[{\"@type\":\"CommentAction\",\"name\":\"Comment\",\"target\":[\"https:\/\/dicodusport.fr\/blog\/just-fontaine-est-mort\/#respond\"]}],\"copyrightYear\":\"2023\",\"copyrightHolder\":{\"@id\":\"https:\/\/dicodusport.fr\/blog\/#organization\"}},{\"@type\":\"WebPage\",\"@id\":\"https:\/\/dicodusport.fr\/blog\/just-fontaine-est-mort\/\",\"url\":\"https:\/\/dicodusport.fr\/blog\/just-fontaine-est-mort\/\",\"name\":\"Carnet noir : Just Fontaine est mort\",\"isPartOf\":{\"@id\":\"https:\/\/dicodusport.fr\/blog\/#website\"},\"primaryImageOfPage\":{\"@id\":\"https:\/\/dicodusport.fr\/blog\/just-fontaine-est-mort\/#primaryimage\"},\"image\":{\"@id\":\"https:\/\/dicodusport.fr\/blog\/just-fontaine-est-mort\/#primaryimage\"},\"thumbnailUrl\":\"https:\/\/dicodusport.fr\/blog\/wp-content\/uploads\/2023\/03\/Just-Fontaine-est-mort.png\",\"datePublished\":\"2023-03-01T09:45:11+00:00\",\"dateModified\":\"2023-05-20T08:10:41+00:00\",\"description\":\"FOOTBALL - Just Fontaine, l\u00e9gende du football fran\u00e7ais s'est \u00e9teint ce mercredi \u00e0 l'\u00e2ge de 89 ans, ce mercredi.\",\"breadcrumb\":{\"@id\":\"https:\/\/dicodusport.fr\/blog\/just-fontaine-est-mort\/#breadcrumb\"},\"inLanguage\":\"fr-FR\",\"potentialAction\":[{\"@type\":\"ReadAction\",\"target\":[\"https:\/\/dicodusport.fr\/blog\/just-fontaine-est-mort\/\"]}]},{\"@type\":\"ImageObject\",\"inLanguage\":\"fr-FR\",\"@id\":\"https:\/\/dicodusport.fr\/blog\/just-fontaine-est-mort\/#primaryimage\",\"url\":\"https:\/\/dicodusport.fr\/blog\/wp-content\/uploads\/2023\/03\/Just-Fontaine-est-mort.png\",\"contentUrl\":\"https:\/\/dicodusport.fr\/blog\/wp-content\/uploads\/2023\/03\/Just-Fontaine-est-mort.png\",\"width\":800,\"height\":445},{\"@type\":\"BreadcrumbList\",\"@id\":\"https:\/\/dicodusport.fr\/blog\/just-fontaine-est-mort\/#breadcrumb\",\"itemListElement\":[{\"@type\":\"ListItem\",\"position\":1,\"name\":\"Accueil\",\"item\":\"https:\/\/dicodusport.fr\/blog\/\"},{\"@type\":\"ListItem\",\"position\":2,\"name\":\"Carnet noir : Just Fontaine est mort\"}]},{\"@type\":\"WebSite\",\"@id\":\"https:\/\/dicodusport.fr\/blog\/#website\",\"url\":\"https:\/\/dicodusport.fr\/blog\/\",\"name\":\"Dicodusport\",\"description\":\"L&#039;encyclop\u00e9die de l&#039;actualit\u00e9 sportive\",\"publisher\":{\"@id\":\"https:\/\/dicodusport.fr\/blog\/#organization\"},\"potentialAction\":[{\"@type\":\"SearchAction\",\"target\":{\"@type\":\"EntryPoint\",\"urlTemplate\":\"https:\/\/dicodusport.fr\/blog\/?s={search_term_string}\"},\"query-input\":{\"@type\":\"PropertyValueSpecification\",\"valueRequired\":true,\"valueName\":\"search_term_string\"}}],\"inLanguage\":\"fr-FR\"},{\"@type\":\"NewsMediaOrganization\",\"@id\":\"https:\/\/dicodusport.fr\/blog\/#organization\",\"name\":\"Dicodusport\",\"url\":\"https:\/\/dicodusport.fr\/blog\/\",\"logo\":{\"@type\":\"ImageObject\",\"inLanguage\":\"fr-FR\",\"@id\":\"https:\/\/dicodusport.fr\/blog\/#\/schema\/logo\/image\/\",\"url\":\"https:\/\/dicodusport.fr\/blog\/wp-content\/uploads\/2020\/06\/cropped-LOGO-DICODUSPORT-2020-SANS-FOND-SANS-TEXTE.png\",\"contentUrl\":\"https:\/\/dicodusport.fr\/blog\/wp-content\/uploads\/2020\/06\/cropped-LOGO-DICODUSPORT-2020-SANS-FOND-SANS-TEXTE.png\",\"width\":512,\"height\":512,\"caption\":\"Dicodusport\"},\"image\":{\"@id\":\"https:\/\/dicodusport.fr\/blog\/#\/schema\/logo\/image\/\"},\"sameAs\":[\"https:\/\/www.facebook.com\/dicodusport\",\"https:\/\/x.com\/dicodusport\",\"https:\/\/www.instagram.com\/dicodusport\/\",\"https:\/\/www.youtube.com\/channel\/UC7V2KZ5sd3htJivAbA4ZG3w\"],\"description\":\"Dicodusport est l'encyclop\u00e9die de l'actualit\u00e9 sportive.\",\"email\":\"bonjour@dicodusport.fr\",\"legalName\":\"DICODUSPORT\",\"foundingDate\":\"2018-01-14\",\"vatID\":\"FR71834470973\",\"taxID\":\"83447097300043\",\"numberOfEmployees\":{\"@type\":\"QuantitativeValue\",\"minValue\":\"1\",\"maxValue\":\"10\"}},{\"@type\":\"Person\",\"@id\":\"https:\/\/dicodusport.fr\/blog\/#\/schema\/person\/55dcb50ad410894e431ed812bbb70191\",\"name\":\"Nicolas Jacquemard\",\"image\":{\"@type\":\"ImageObject\",\"inLanguage\":\"fr-FR\",\"@id\":\"https:\/\/dicodusport.fr\/blog\/#\/schema\/person\/image\/\",\"url\":\"https:\/\/dicodusport.fr\/blog\/wp-content\/uploads\/2021\/05\/Nicolas-Jacquemard-150x150.jpeg\",\"contentUrl\":\"https:\/\/dicodusport.fr\/blog\/wp-content\/uploads\/2021\/05\/Nicolas-Jacquemard-150x150.jpeg\",\"caption\":\"Nicolas Jacquemard\"},\"description\":\"Passionn\u00e9 de sport et entrepreneur depuis mes 18 ans, la cr\u00e9ation de Dicodusport m'a sembl\u00e9 \u00e9vidente pour participer \u00e0 la m\u00e9diatisation d'un plus grand nombre de sports. Le chemin est long mais avec une \u00e9quipe des plus motiv\u00e9es et les Jeux Olympiques de Paris 2024 en point de mire, nous y arriverons ! Journaliste dans le monde du sport depuis plus de 5 ans, je traite aussi bien de football, de rugby, de biathlon que de cyclisme.\",\"sameAs\":[\"https:\/\/www.facebook.com\/dicodusport\",\"https:\/\/x.com\/https:\/\/twitter.com\/Nico_Jacquemard\"],\"url\":\"https:\/\/dicodusport.fr\/blog\/author\/dicodusport\/\"}]}<\/script>\n<!-- \/ Yoast SEO Premium plugin. -->","yoast_head_json":{"title":"Carnet noir : Just Fontaine est mort","description":"FOOTBALL - Just Fontaine, l\u00e9gende du football fran\u00e7ais s'est \u00e9teint ce mercredi \u00e0 l'\u00e2ge de 89 ans, ce mercredi.","robots":{"index":"index","follow":"follow","max-snippet":"max-snippet:-1","max-image-preview":"max-image-preview:large","max-video-preview":"max-video-preview:-1"},"canonical":"https:\/\/dicodusport.fr\/blog\/just-fontaine-est-mort\/","og_locale":"fr_FR","og_type":"article","og_title":"Carnet noir : Just Fontaine est mort","og_description":"FOOTBALL - Just Fontaine, l\u00e9gende du football fran\u00e7ais s'est \u00e9teint ce mercredi \u00e0 l'\u00e2ge de 89 ans, ce mercredi.","og_url":"https:\/\/dicodusport.fr\/blog\/just-fontaine-est-mort\/","og_site_name":"Dicodusport","article_publisher":"https:\/\/www.facebook.com\/dicodusport","article_author":"https:\/\/www.facebook.com\/dicodusport","article_published_time":"2023-03-01T09:45:11+00:00","article_modified_time":"2023-05-20T08:10:41+00:00","og_image":[{"width":800,"height":445,"url":"https:\/\/dicodusport.fr\/blog\/wp-content\/uploads\/2023\/03\/Just-Fontaine-est-mort.png","type":"image\/png"}],"author":"Nicolas Jacquemard","twitter_card":"summary_large_image","twitter_title":"Carnet noir : Just Fontaine est mort","twitter_creator":"@https:\/\/twitter.com\/Nico_Jacquemard","twitter_site":"@dicodusport","schema":{"@context":"https:\/\/schema.org","@graph":[{"@type":"NewsArticle","@id":"https:\/\/dicodusport.fr\/blog\/just-fontaine-est-mort\/#article","isPartOf":{"@id":"https:\/\/dicodusport.fr\/blog\/just-fontaine-est-mort\/"},"author":{"name":"Nicolas Jacquemard","@id":"https:\/\/dicodusport.fr\/blog\/#\/schema\/person\/55dcb50ad410894e431ed812bbb70191"},"headline":"Carnet noir : Just Fontaine est mort","datePublished":"2023-03-01T09:45:11+00:00","dateModified":"2023-05-20T08:10:41+00:00","mainEntityOfPage":{"@id":"https:\/\/dicodusport.fr\/blog\/just-fontaine-est-mort\/"},"wordCount":331,"commentCount":0,"publisher":{"@id":"https:\/\/dicodusport.fr\/blog\/#organization"},"image":{"@id":"https:\/\/dicodusport.fr\/blog\/just-fontaine-est-mort\/#primaryimage"},"thumbnailUrl":"https:\/\/dicodusport.fr\/blog\/wp-content\/uploads\/2023\/03\/Just-Fontaine-est-mort.png","keywords":["br\u00e8ve","Carnet noir","Football","sport"],"articleSection":["Carnet noir","Football"],"inLanguage":"fr-FR","potentialAction":[{"@type":"CommentAction","name":"Comment","target":["https:\/\/dicodusport.fr\/blog\/just-fontaine-est-mort\/#respond"]}],"copyrightYear":"2023","copyrightHolder":{"@id":"https:\/\/dicodusport.fr\/blog\/#organization"}},{"@type":"WebPage","@id":"https:\/\/dicodusport.fr\/blog\/just-fontaine-est-mort\/","url":"https:\/\/dicodusport.fr\/blog\/just-fontaine-est-mort\/","name":"Carnet noir : Just Fontaine est mort","isPartOf":{"@id":"https:\/\/dicodusport.fr\/blog\/#website"},"primaryImageOfPage":{"@id":"https:\/\/dicodusport.fr\/blog\/just-fontaine-est-mort\/#primaryimage"},"image":{"@id":"https:\/\/dicodusport.fr\/blog\/just-fontaine-est-mort\/#primaryimage"},"thumbnailUrl":"https:\/\/dicodusport.fr\/blog\/wp-content\/uploads\/2023\/03\/Just-Fontaine-est-mort.png","datePublished":"2023-03-01T09:45:11+00:00","dateModified":"2023-05-20T08:10:41+00:00","description":"FOOTBALL - Just Fontaine, l\u00e9gende du football fran\u00e7ais s'est \u00e9teint ce mercredi \u00e0 l'\u00e2ge de 89 ans, ce mercredi.","breadcrumb":{"@id":"https:\/\/dicodusport.fr\/blog\/just-fontaine-est-mort\/#breadcrumb"},"inLanguage":"fr-FR","potentialAction":[{"@type":"ReadAction","target":["https:\/\/dicodusport.fr\/blog\/just-fontaine-est-mort\/"]}]},{"@type":"ImageObject","inLanguage":"fr-FR","@id":"https:\/\/dicodusport.fr\/blog\/just-fontaine-est-mort\/#primaryimage","url":"https:\/\/dicodusport.fr\/blog\/wp-content\/uploads\/2023\/03\/Just-Fontaine-est-mort.png","contentUrl":"https:\/\/dicodusport.fr\/blog\/wp-content\/uploads\/2023\/03\/Just-Fontaine-est-mort.png","width":800,"height":445},{"@type":"BreadcrumbList","@id":"https:\/\/dicodusport.fr\/blog\/just-fontaine-est-mort\/#breadcrumb","itemListElement":[{"@type":"ListItem","position":1,"name":"Accueil","item":"https:\/\/dicodusport.fr\/blog\/"},{"@type":"ListItem","position":2,"name":"Carnet noir : Just Fontaine est mort"}]},{"@type":"WebSite","@id":"https:\/\/dicodusport.fr\/blog\/#website","url":"https:\/\/dicodusport.fr\/blog\/","name":"Dicodusport","description":"L&#039;encyclop\u00e9die de l&#039;actualit\u00e9 sportive","publisher":{"@id":"https:\/\/dicodusport.fr\/blog\/#organization"},"potentialAction":[{"@type":"SearchAction","target":{"@type":"EntryPoint","urlTemplate":"https:\/\/dicodusport.fr\/blog\/?s={search_term_string}"},"query-input":{"@type":"PropertyValueSpecification","valueRequired":true,"valueName":"search_term_string"}}],"inLanguage":"fr-FR"},{"@type":"NewsMediaOrganization","@id":"https:\/\/dicodusport.fr\/blog\/#organization","name":"Dicodusport","url":"https:\/\/dicodusport.fr\/blog\/","logo":{"@type":"ImageObject","inLanguage":"fr-FR","@id":"https:\/\/dicodusport.fr\/blog\/#\/schema\/logo\/image\/","url":"https:\/\/dicodusport.fr\/blog\/wp-content\/uploads\/2020\/06\/cropped-LOGO-DICODUSPORT-2020-SANS-FOND-SANS-TEXTE.png","contentUrl":"https:\/\/dicodusport.fr\/blog\/wp-content\/uploads\/2020\/06\/cropped-LOGO-DICODUSPORT-2020-SANS-FOND-SANS-TEXTE.png","width":512,"height":512,"caption":"Dicodusport"},"image":{"@id":"https:\/\/dicodusport.fr\/blog\/#\/schema\/logo\/image\/"},"sameAs":["https:\/\/www.facebook.com\/dicodusport","https:\/\/x.com\/dicodusport","https:\/\/www.instagram.com\/dicodusport\/","https:\/\/www.youtube.com\/channel\/UC7V2KZ5sd3htJivAbA4ZG3w"],"description":"Dicodusport est l'encyclop\u00e9die de l'actualit\u00e9 sportive.","email":"bonjour@dicodusport.fr","legalName":"DICODUSPORT","foundingDate":"2018-01-14","vatID":"FR71834470973","taxID":"83447097300043","numberOfEmployees":{"@type":"QuantitativeValue","minValue":"1","maxValue":"10"}},{"@type":"Person","@id":"https:\/\/dicodusport.fr\/blog\/#\/schema\/person\/55dcb50ad410894e431ed812bbb70191","name":"Nicolas Jacquemard","image":{"@type":"ImageObject","inLanguage":"fr-FR","@id":"https:\/\/dicodusport.fr\/blog\/#\/schema\/person\/image\/","url":"https:\/\/dicodusport.fr\/blog\/wp-content\/uploads\/2021\/05\/Nicolas-Jacquemard-150x150.jpeg","contentUrl":"https:\/\/dicodusport.fr\/blog\/wp-content\/uploads\/2021\/05\/Nicolas-Jacquemard-150x150.jpeg","caption":"Nicolas Jacquemard"},"description":"Passionn\u00e9 de sport et entrepreneur depuis mes 18 ans, la cr\u00e9ation de Dicodusport m'a sembl\u00e9 \u00e9vidente pour participer \u00e0 la m\u00e9diatisation d'un plus grand nombre de sports. Le chemin est long mais avec une \u00e9quipe des plus motiv\u00e9es et les Jeux Olympiques de Paris 2024 en point de mire, nous y arriverons ! Journaliste dans le monde du sport depuis plus de 5 ans, je traite aussi bien de football, de rugby, de biathlon que de cyclisme.","sameAs":["https:\/\/www.facebook.com\/dicodusport","https:\/\/x.com\/https:\/\/twitter.com\/Nico_Jacquemard"],"url":"https:\/\/dicodusport.fr\/blog\/author\/dicodusport\/"}]}},"_links":{"self":[{"href":"https:\/\/dicodusport.fr\/blog\/wp-json\/wp\/v2\/posts\/360498","targetHints":{"allow":["GET"]}}],"collection":[{"href":"https:\/\/dicodusport.fr\/blog\/wp-json\/wp\/v2\/posts"}],"about":[{"href":"https:\/\/dicodusport.fr\/blog\/wp-json\/wp\/v2\/types\/post"}],"author":[{"embeddable":true,"href":"https:\/\/dicodusport.fr\/blog\/wp-json\/wp\/v2\/users\/1"}],"replies":[{"embeddable":true,"href":"https:\/\/dicodusport.fr\/blog\/wp-json\/wp\/v2\/comments?post=360498"}],"version-history":[{"count":0,"href":"https:\/\/dicodusport.fr\/blog\/wp-json\/wp\/v2\/posts\/360498\/revisions"}],"wp:featuredmedia":[{"embeddable":true,"href":"https:\/\/dicodusport.fr\/blog\/wp-json\/wp\/v2\/media\/360501"}],"wp:attachment":[{"href":"https:\/\/dicodusport.fr\/blog\/wp-json\/wp\/v2\/media?parent=360498"}],"wp:term":[{"taxonomy":"category","embeddable":true,"href":"https:\/\/dicodusport.fr\/blog\/wp-json\/wp\/v2\/categories?post=360498"},{"taxonomy":"post_tag","embeddable":true,"href":"https:\/\/dicodusport.fr\/blog\/wp-json\/wp\/v2\/tags?post=360498"}],"curies":[{"name":"wp","href":"https:\/\/api.w.org\/{rel}","templated":true}]}}