{"id":360707,"date":"2023-03-07T15:16:39","date_gmt":"2023-03-07T14:16:39","guid":{"rendered":"https:\/\/dicodusport.fr\/blog\/?p=360707&#038;preview=true&#038;preview_id=360707"},"modified":"2023-03-08T13:46:26","modified_gmt":"2023-03-08T12:46:26","slug":"sipili-falatea-une-opportunite-en-or","status":"publish","type":"post","link":"https:\/\/dicodusport.fr\/blog\/sipili-falatea-une-opportunite-en-or\/","title":{"rendered":"Sipili Falatea : Une opportunit\u00e9 en or ?"},"content":{"rendered":"<p align=\"justify\"><em><strong><a href=\"https:\/\/dicodusport.fr\/blog\/6-nations-2023-calendrier-resultats-et-classement\/\">TOURNOI DES 6 NATIONS 2023<\/a> &#8211; Rentr\u00e9 d\u00e8s la 13\u00e8me minute <a href=\"https:\/\/dicodusport.fr\/blog\/xv-de-france-ecosse-les-notes-des-bleus\/\">face \u00e0 l&rsquo;\u00c9cosse (victoire 32-21)<\/a> suite au carton rouge re\u00e7u par le pilier droit titulaire Mohamed Haouas, le Bordelo-B\u00e9glais Sipili Falatea a fait un match plein. Lui qui habituellement remplace Uini Atonio (suspendu) en cours de match, a peut-\u00eatre une opportunit\u00e9 en or de s&rsquo;installer durablement dans la hi\u00e9rarchie des piliers droits fran\u00e7ais. S&rsquo;il est appr\u00e9ci\u00e9 du staff, la concurrence est rude et pourrait s&rsquo;inviter \u00e0 la f\u00eate.\u00a0<\/strong><\/em><\/p>\n<h2 align=\"justify\">Des entr\u00e9es convaincantes<\/h2>\n<p style=\"text-align: justify;\">Appel\u00e9 pour la premi\u00e8re fois avec le XV de France en 2021, <strong>Sipili Falatea<\/strong> (25 ans, 10 s\u00e9lections) connait un r\u00f4le pr\u00e9cis en bleu : celui de finisseur. Si le staff de <strong>Fabien Galthi\u00e9<\/strong> \u00e9rige la composition fran\u00e7aise dans une forme de continuit\u00e9 depuis quelques ann\u00e9es, l&rsquo;ancien Clermontois a toujours \u00e9t\u00e9 convaincant, en remplacement de l&rsquo;indiscutable <strong>Uini Atonio<\/strong> (32 ans, 50 s\u00e9lections), actuellement suspendu. Notamment auteur de l&rsquo;essai de la victoire <a href=\"https:\/\/dicodusport.fr\/blog\/xv-de-france-notes-des-bleus-face-afrique-du-sud\/\">face aux champions du monde sud-africains en novembre 2022 (30-26)<\/a>, Falatea permet aux Bleus d&rsquo;apporter un dynamisme primordial en fin de match, qui plus est dans la ligne des avants.<\/p>\n<p style=\"text-align: justify;\">Avec un profil totalement diff\u00e9rent que celui du Rochelais, c&rsquo;est sa vitesse et son explosivit\u00e9 qui font de lui un pilier droit unique et talentueux. Mais pour le moment, m\u00eame si le staff est convaincu par le talent du natif de Wallis-et-Futuna, c&rsquo;est avec le num\u00e9ro 18 dans le dos qu&rsquo;il \u00e9volue en Bleus. Avec la blessure d&rsquo;<strong>Atonio<\/strong>, les circonstances laissaient entrevoir une opportunit\u00e9 pour le voir d\u00e9buter <strong>face \u00e0 l&rsquo;\u00c9cosse<\/strong>. Mais le staff fran\u00e7ais a pr\u00e9f\u00e9r\u00e9 aligner le champion de France <strong>Mohamed Haouas<\/strong> (28 ans, 16 s\u00e9lections). Avec un carton rouge r\u00e9colt\u00e9 d\u00e8s la 13\u00e8me minute, le Montpelli\u00e9rain a d\u00fb c\u00e9der sa place \u00e0 Falatea, une premi\u00e8re chance pour ce dernier d&rsquo;\u00e9voluer sur une aussi grande dur\u00e9e (67 minutes de jeu).<\/p>\n<blockquote class=\"twitter-tweet\">\n<p dir=\"ltr\" lang=\"fr\">\ud83e\udd29\ud83d\udd25\ud83e\udd29\ud83d\udd25 Le premier essai international de Sipili Falatea qui fait exploser l&rsquo;<a href=\"https:\/\/twitter.com\/orangevelodrome?ref_src=twsrc%5Etfw\">@orangevelodrome<\/a> !!!!!<\/p>\n<p>\ud83d\udcf9 Retrouvez le match sur <a href=\"https:\/\/t.co\/ETXDEu2mA5\">https:\/\/t.co\/ETXDEu2mA5<\/a> !<a href=\"https:\/\/twitter.com\/hashtag\/FRAAFS?src=hash&amp;ref_src=twsrc%5Etfw\">#FRAAFS<\/a> <a href=\"https:\/\/twitter.com\/hashtag\/XVdeFrance?src=hash&amp;ref_src=twsrc%5Etfw\">#XVdeFrance<\/a> <a href=\"https:\/\/twitter.com\/hashtag\/NeFaisonsXV?src=hash&amp;ref_src=twsrc%5Etfw\">#NeFaisonsXV<\/a> <a href=\"https:\/\/t.co\/le6yAfhLqh\">pic.twitter.com\/le6yAfhLqh<\/a><\/p>\n<p>\u2014 France Rugby (@FranceRugby) <a href=\"https:\/\/twitter.com\/FranceRugby\/status\/1591557860441305088?ref_src=twsrc%5Etfw\">November 12, 2022<\/a><\/p><\/blockquote>\n<p><script async src=\"https:\/\/platform.twitter.com\/widgets.js\" charset=\"utf-8\"><\/script><\/p>\n<h2 style=\"text-align: justify;\">Une capacit\u00e9 \u00e0 \u00eatre titulaire ?<\/h2>\n<p style=\"text-align: justify;\">Auteur d&rsquo;un match propre dans l&rsquo;ensemble, <strong>Sipili Falatea<\/strong> n&rsquo;a pas perdu de points face aux autres piliers droits. Cependant, quelques faiblesses ont \u00e9t\u00e9 cibl\u00e9es, notamment dans le secteur de la m\u00eal\u00e9e ferm\u00e9e. Contre l&rsquo;\u00c9cosse, qui a livr\u00e9 une belle opposition en m\u00eal\u00e9e, le Bordelo-B\u00e9glais s&rsquo;est fait sanctionner \u00e0 deux reprises, un total \u00e9lev\u00e9 pour un match international. Dans ce secteur, c&rsquo;est pr\u00e9cis\u00e9ment le pilier droit qui subit le plus de poids lors de l&rsquo;effort des huit avants des deux \u00e9quipes. C&rsquo;est une des raisons pour lesquelles <strong>Uini Atonio<\/strong> est \u00e0 l&rsquo;heure actuelle indiscutable dans le <strong>XV de France<\/strong>. En Angleterre, si la logique de la hi\u00e9rarchie semble prioriser une titularisation de Falatea, son opposition face \u00e0 un des meilleurs piliers gauche du monde, <strong>Ellis Genge<\/strong>, laisse planer quelques doutes.<\/p>\n<p style=\"text-align: justify;\">Puis, dans un contexte br\u00fblant qu&rsquo;offrira le mythique <strong>stade de Twickenham<\/strong>, son manque d&rsquo;exp\u00e9rience pourrait \u00eatre un facteur de son maintien sur le banc. En effet, en 13 s\u00e9lections, il n&rsquo;a \u00e9t\u00e9 titulaire qu&rsquo;une seule fois en bleu, <strong>face \u00e0 l&rsquo;Australie<\/strong>, lors d&rsquo;un test-match en 2021. La tendance en club n&rsquo;est gu\u00e8re plus favorable, m\u00eame si la courbe tend \u00e0 s&rsquo;inverser. En quelques chiffres, lors de la saison 2020\/2021 avec <strong>l&rsquo;ASM Clermont<\/strong>, lors de ses 20 apparitions, il a d\u00e9but\u00e9 45% des matchs en tant que titulaire, puis 11% la saison suivante et enfin 55% depuis son arriv\u00e9e cette saison \u00e0 <strong>l&rsquo;UBB<\/strong>. D&rsquo;autant que derri\u00e8re lui, d&rsquo;autres joueurs plus exp\u00e9riment\u00e9s peuvent pr\u00e9tendre \u00e0 cette place convoit\u00e9e.<\/p>\n<h2>Une concurrence f\u00e9roce<\/h2>\n<p style=\"text-align: justify;\">Si les deux suspensions d&rsquo;<strong>Atonio<\/strong> et <a href=\"https:\/\/dicodusport.fr\/blog\/xv-de-france-mohamed-haouas-connait-sa-sanction\/\"><strong>Haouas<\/strong><\/a> ont boulevers\u00e9 la hi\u00e9rarchie des piliers droits, la place de titulaire n&rsquo;a pas encore \u00e9t\u00e9 d\u00e9cern\u00e9e. Derri\u00e8re <strong>Sipili Falatea<\/strong>, ils sont deux \u00e0 pouvoir, \u00e0 diff\u00e9rents degr\u00e9s, pr\u00e9tendre \u00e0 \u00eatre appel\u00e9s pour le match face \u00e0 l&rsquo;Angleterre. Le premier, c&rsquo;est le Toulousain <strong>Dorian <\/strong><span class=\"mw-page-title-main\"><strong>Aldegheri<\/strong> (29 ans), consid\u00e9r\u00e9 comme le meilleur pilier droit du Top 14 cette saison par son entra\u00eeneur <strong>Ugo Mola, <\/strong>qui peut avoir un r\u00f4le \u00e0 jouer. Actuellement dans la forme de sa vie, le staff pourrait s&rsquo;appuyer sur sa dynamique pour le propulser dans le grand bain, lui qui a d\u00e9j\u00e0 connu neuf s\u00e9lections depuis 2019.\u00a0<\/span><\/p>\n<p style=\"text-align: justify;\">Le second \u00e9volue encore en Pro D2 sous les couleurs d&rsquo;<strong>Oyonnax<\/strong> et il se nomme <strong>Thomas Laclayat<\/strong>. \u00c0 25 ans, le pilier droit connait une trajectoire rarissime du fait de ses nombreuses convocations par le XV de France pour pr\u00e9parer certains matchs internationaux, malgr\u00e9 sa place en Pro D2. Ainsi, ces deux joueurs restent des candidats s\u00e9rieux. Toutefois, cela semble trop juste pour l&rsquo;Angleterre. <strong>Sipili Falatea <\/strong>et sans doute, <strong>Dorian Aldegheri<\/strong>, se disputeront le privil\u00e8ge de d\u00e9fier l&rsquo;ennemi anglais sur ses terres le 11 mars prochain.<\/p>\n<blockquote class=\"twitter-tweet\">\n<p dir=\"ltr\" lang=\"fr\">\u2139\ufe0f <a href=\"https:\/\/twitter.com\/hashtag\/XVdeFrance?src=hash&amp;ref_src=twsrc%5Etfw\">#XVdeFrance<\/a> : Les joueurs prot\u00e9g\u00e9s le week-end prochain \ud83d\udc47<a href=\"https:\/\/t.co\/9fOtIHP1rn\">https:\/\/t.co\/9fOtIHP1rn<\/a><\/p>\n<p>\u2014 France Rugby (@FranceRugby) <a href=\"https:\/\/twitter.com\/FranceRugby\/status\/1630158442600988674?ref_src=twsrc%5Etfw\">February 27, 2023<\/a><\/p><\/blockquote>\n<p><script async src=\"https:\/\/platform.twitter.com\/widgets.js\" charset=\"utf-8\"><\/script><\/p>\n","protected":false},"excerpt":{"rendered":"<p>TOURNOI DES 6 NATIONS 2023 &#8211; Rentr\u00e9 d\u00e8s la 13\u00e8me minute face \u00e0 l&rsquo;\u00c9cosse (victoire 32-21) suite au carton rouge re\u00e7u par le pilier droit titulaire Mohamed Haouas, le Bordelo-B\u00e9glais Sipili Falatea a fait un match plein. Lui qui habituellement remplace Uini Atonio (suspendu) en cours de match, a peut-\u00eatre une opportunit\u00e9 en or de s&rsquo;installer durablement dans la hi\u00e9rarchie des piliers droits fran\u00e7ais. S&rsquo;il est appr\u00e9ci\u00e9 du staff, la concurrence est rude et pourrait s&rsquo;inviter \u00e0 la f\u00eate.\u00a0<\/p>\n","protected":false},"author":76,"featured_media":363028,"comment_status":"open","ping_status":"closed","sticky":false,"template":"","format":"standard","meta":{"_acf_changed":false,"_daextam_enable_autolinks":"","footnotes":""},"categories":[9129,19951],"tags":[16878,8883,9883,20687,24,8131,1638],"class_list":["post-360707","post","type-post","status-publish","format-standard","has-post-thumbnail","hentry","category-rugby-a-xv","category-xv-de-france","tag-breve","tag-demba-bamba","tag-mohamed-haouas","tag-sipili-falatea","tag-sport","tag-uini-atonio","tag-xv-de-france"],"acf":[],"yoast_head":"<!-- This site is optimized with the Yoast SEO Premium plugin v26.7 (Yoast SEO v26.7) - https:\/\/yoast.com\/wordpress\/plugins\/seo\/ -->\n<title>Sipili Falatea : Une opportunit\u00e9 en or ?<\/title>\n<meta name=\"description\" content=\"Mohamed Haouas et Uini Atonio \u00e9tant suspendus, Sipili Falatea semble \u00eatre num\u00e9ro un en tant que pilier droit, mais la concurrence est f\u00e9roce.\" \/>\n<meta name=\"robots\" content=\"index, follow, max-snippet:-1, max-image-preview:large, max-video-preview:-1\" \/>\n<link rel=\"canonical\" href=\"https:\/\/dicodusport.fr\/blog\/sipili-falatea-une-opportunite-en-or\/\" \/>\n<meta property=\"og:locale\" content=\"fr_FR\" \/>\n<meta property=\"og:type\" content=\"article\" \/>\n<meta property=\"og:title\" content=\"Sipili Falatea : Une opportunit\u00e9 en or ?\" \/>\n<meta property=\"og:description\" content=\"Mohamed Haouas et Uini Atonio \u00e9tant suspendus, Sipili Falatea semble \u00eatre num\u00e9ro un en tant que pilier droit, mais la concurrence est f\u00e9roce.\" \/>\n<meta property=\"og:url\" content=\"https:\/\/dicodusport.fr\/blog\/sipili-falatea-une-opportunite-en-or\/\" \/>\n<meta property=\"og:site_name\" content=\"Dicodusport\" \/>\n<meta property=\"article:publisher\" content=\"https:\/\/www.facebook.com\/dicodusport\" \/>\n<meta property=\"article:published_time\" content=\"2023-03-07T14:16:39+00:00\" \/>\n<meta property=\"article:modified_time\" content=\"2023-03-08T12:46:26+00:00\" \/>\n<meta property=\"og:image\" content=\"https:\/\/dicodusport.fr\/blog\/wp-content\/uploads\/2023\/03\/Sipili-Falatea-Une-opportunite-en-or-.png\" \/>\n\t<meta property=\"og:image:width\" content=\"800\" \/>\n\t<meta property=\"og:image:height\" content=\"445\" \/>\n\t<meta property=\"og:image:type\" content=\"image\/png\" \/>\n<meta name=\"author\" content=\"Tom Lacaille\" \/>\n<meta name=\"twitter:card\" content=\"summary_large_image\" \/>\n<meta name=\"twitter:title\" content=\"Sipili Falatea : Une opportunit\u00e9 en or ?\" \/>\n<meta name=\"twitter:creator\" content=\"@Tom Lacaille\" \/>\n<meta name=\"twitter:site\" content=\"@dicodusport\" \/>\n<script type=\"application\/ld+json\" class=\"yoast-schema-graph\">{\"@context\":\"https:\/\/schema.org\",\"@graph\":[{\"@type\":\"NewsArticle\",\"@id\":\"https:\/\/dicodusport.fr\/blog\/sipili-falatea-une-opportunite-en-or\/#article\",\"isPartOf\":{\"@id\":\"https:\/\/dicodusport.fr\/blog\/sipili-falatea-une-opportunite-en-or\/\"},\"author\":{\"name\":\"Tom Lacaille\",\"@id\":\"https:\/\/dicodusport.fr\/blog\/#\/schema\/person\/8b8ec0dc77c31efd8fe9820383d505b3\"},\"headline\":\"Sipili Falatea : Une opportunit\u00e9 en or ?\",\"datePublished\":\"2023-03-07T14:16:39+00:00\",\"dateModified\":\"2023-03-08T12:46:26+00:00\",\"mainEntityOfPage\":{\"@id\":\"https:\/\/dicodusport.fr\/blog\/sipili-falatea-une-opportunite-en-or\/\"},\"wordCount\":877,\"commentCount\":0,\"publisher\":{\"@id\":\"https:\/\/dicodusport.fr\/blog\/#organization\"},\"image\":{\"@id\":\"https:\/\/dicodusport.fr\/blog\/sipili-falatea-une-opportunite-en-or\/#primaryimage\"},\"thumbnailUrl\":\"https:\/\/dicodusport.fr\/blog\/wp-content\/uploads\/2023\/03\/Sipili-Falatea-Une-opportunite-en-or-.png\",\"keywords\":[\"br\u00e8ve\",\"Demba Bamba\",\"Mohamed Haouas\",\"Sipili Falatea\",\"sport\",\"Uini Atonio\",\"XV de France\"],\"articleSection\":[\"Rugby \u00e0 XV\",\"XV de France\"],\"inLanguage\":\"fr-FR\",\"potentialAction\":[{\"@type\":\"CommentAction\",\"name\":\"Comment\",\"target\":[\"https:\/\/dicodusport.fr\/blog\/sipili-falatea-une-opportunite-en-or\/#respond\"]}],\"copyrightYear\":\"2023\",\"copyrightHolder\":{\"@id\":\"https:\/\/dicodusport.fr\/blog\/#organization\"}},{\"@type\":\"WebPage\",\"@id\":\"https:\/\/dicodusport.fr\/blog\/sipili-falatea-une-opportunite-en-or\/\",\"url\":\"https:\/\/dicodusport.fr\/blog\/sipili-falatea-une-opportunite-en-or\/\",\"name\":\"Sipili Falatea : Une opportunit\u00e9 en or ?\",\"isPartOf\":{\"@id\":\"https:\/\/dicodusport.fr\/blog\/#website\"},\"primaryImageOfPage\":{\"@id\":\"https:\/\/dicodusport.fr\/blog\/sipili-falatea-une-opportunite-en-or\/#primaryimage\"},\"image\":{\"@id\":\"https:\/\/dicodusport.fr\/blog\/sipili-falatea-une-opportunite-en-or\/#primaryimage\"},\"thumbnailUrl\":\"https:\/\/dicodusport.fr\/blog\/wp-content\/uploads\/2023\/03\/Sipili-Falatea-Une-opportunite-en-or-.png\",\"datePublished\":\"2023-03-07T14:16:39+00:00\",\"dateModified\":\"2023-03-08T12:46:26+00:00\",\"description\":\"Mohamed Haouas et Uini Atonio \u00e9tant suspendus, Sipili Falatea semble \u00eatre num\u00e9ro un en tant que pilier droit, mais la concurrence est f\u00e9roce.\",\"breadcrumb\":{\"@id\":\"https:\/\/dicodusport.fr\/blog\/sipili-falatea-une-opportunite-en-or\/#breadcrumb\"},\"inLanguage\":\"fr-FR\",\"potentialAction\":[{\"@type\":\"ReadAction\",\"target\":[\"https:\/\/dicodusport.fr\/blog\/sipili-falatea-une-opportunite-en-or\/\"]}]},{\"@type\":\"ImageObject\",\"inLanguage\":\"fr-FR\",\"@id\":\"https:\/\/dicodusport.fr\/blog\/sipili-falatea-une-opportunite-en-or\/#primaryimage\",\"url\":\"https:\/\/dicodusport.fr\/blog\/wp-content\/uploads\/2023\/03\/Sipili-Falatea-Une-opportunite-en-or-.png\",\"contentUrl\":\"https:\/\/dicodusport.fr\/blog\/wp-content\/uploads\/2023\/03\/Sipili-Falatea-Une-opportunite-en-or-.png\",\"width\":800,\"height\":445,\"caption\":\"Sipili Falatea Une opportunit\u00e9 en or\"},{\"@type\":\"BreadcrumbList\",\"@id\":\"https:\/\/dicodusport.fr\/blog\/sipili-falatea-une-opportunite-en-or\/#breadcrumb\",\"itemListElement\":[{\"@type\":\"ListItem\",\"position\":1,\"name\":\"Accueil\",\"item\":\"https:\/\/dicodusport.fr\/blog\/\"},{\"@type\":\"ListItem\",\"position\":2,\"name\":\"Sipili Falatea : Une opportunit\u00e9 en or ?\"}]},{\"@type\":\"WebSite\",\"@id\":\"https:\/\/dicodusport.fr\/blog\/#website\",\"url\":\"https:\/\/dicodusport.fr\/blog\/\",\"name\":\"Dicodusport\",\"description\":\"L&#039;encyclop\u00e9die de l&#039;actualit\u00e9 sportive\",\"publisher\":{\"@id\":\"https:\/\/dicodusport.fr\/blog\/#organization\"},\"potentialAction\":[{\"@type\":\"SearchAction\",\"target\":{\"@type\":\"EntryPoint\",\"urlTemplate\":\"https:\/\/dicodusport.fr\/blog\/?s={search_term_string}\"},\"query-input\":{\"@type\":\"PropertyValueSpecification\",\"valueRequired\":true,\"valueName\":\"search_term_string\"}}],\"inLanguage\":\"fr-FR\"},{\"@type\":\"NewsMediaOrganization\",\"@id\":\"https:\/\/dicodusport.fr\/blog\/#organization\",\"name\":\"Dicodusport\",\"url\":\"https:\/\/dicodusport.fr\/blog\/\",\"logo\":{\"@type\":\"ImageObject\",\"inLanguage\":\"fr-FR\",\"@id\":\"https:\/\/dicodusport.fr\/blog\/#\/schema\/logo\/image\/\",\"url\":\"https:\/\/dicodusport.fr\/blog\/wp-content\/uploads\/2020\/06\/cropped-LOGO-DICODUSPORT-2020-SANS-FOND-SANS-TEXTE.png\",\"contentUrl\":\"https:\/\/dicodusport.fr\/blog\/wp-content\/uploads\/2020\/06\/cropped-LOGO-DICODUSPORT-2020-SANS-FOND-SANS-TEXTE.png\",\"width\":512,\"height\":512,\"caption\":\"Dicodusport\"},\"image\":{\"@id\":\"https:\/\/dicodusport.fr\/blog\/#\/schema\/logo\/image\/\"},\"sameAs\":[\"https:\/\/www.facebook.com\/dicodusport\",\"https:\/\/x.com\/dicodusport\",\"https:\/\/www.instagram.com\/dicodusport\/\",\"https:\/\/www.youtube.com\/channel\/UC7V2KZ5sd3htJivAbA4ZG3w\"],\"description\":\"Dicodusport est l'encyclop\u00e9die de l'actualit\u00e9 sportive.\",\"email\":\"bonjour@dicodusport.fr\",\"legalName\":\"DICODUSPORT\",\"foundingDate\":\"2018-01-14\",\"vatID\":\"FR71834470973\",\"taxID\":\"83447097300043\",\"numberOfEmployees\":{\"@type\":\"QuantitativeValue\",\"minValue\":\"1\",\"maxValue\":\"10\"}},{\"@type\":\"Person\",\"@id\":\"https:\/\/dicodusport.fr\/blog\/#\/schema\/person\/8b8ec0dc77c31efd8fe9820383d505b3\",\"name\":\"Tom Lacaille\",\"image\":{\"@type\":\"ImageObject\",\"inLanguage\":\"fr-FR\",\"@id\":\"https:\/\/dicodusport.fr\/blog\/#\/schema\/person\/image\/\",\"url\":\"https:\/\/dicodusport.fr\/blog\/wp-content\/uploads\/2022\/10\/photo-profil-150x150.jpg\",\"contentUrl\":\"https:\/\/dicodusport.fr\/blog\/wp-content\/uploads\/2022\/10\/photo-profil-150x150.jpg\",\"caption\":\"Tom Lacaille\"},\"description\":\"Actuellement \u00e2g\u00e9 de 19 ans, ma passion du sport est berc\u00e9e par la descente aux enfers des Verts, la d\u00e9gringolade de l'ASM Clermont et le futur triomphe des Celtics. En toute logique, je suis un grand passionn\u00e9 de sport et j'essaie de retranscrire mes analyses dans les articles. Le r\u00eave d'\u00eatre journaliste est ma principale source de motivation, en esp\u00e9rant (un jour) apporter un air nouveau \u00e0 ce si beau secteur.\",\"sameAs\":[\"https:\/\/x.com\/Tom Lacaille\"],\"url\":\"https:\/\/dicodusport.fr\/blog\/author\/tom-lacaille\/\"}]}<\/script>\n<!-- \/ Yoast SEO Premium plugin. -->","yoast_head_json":{"title":"Sipili Falatea : Une opportunit\u00e9 en or ?","description":"Mohamed Haouas et Uini Atonio \u00e9tant suspendus, Sipili Falatea semble \u00eatre num\u00e9ro un en tant que pilier droit, mais la concurrence est f\u00e9roce.","robots":{"index":"index","follow":"follow","max-snippet":"max-snippet:-1","max-image-preview":"max-image-preview:large","max-video-preview":"max-video-preview:-1"},"canonical":"https:\/\/dicodusport.fr\/blog\/sipili-falatea-une-opportunite-en-or\/","og_locale":"fr_FR","og_type":"article","og_title":"Sipili Falatea : Une opportunit\u00e9 en or ?","og_description":"Mohamed Haouas et Uini Atonio \u00e9tant suspendus, Sipili Falatea semble \u00eatre num\u00e9ro un en tant que pilier droit, mais la concurrence est f\u00e9roce.","og_url":"https:\/\/dicodusport.fr\/blog\/sipili-falatea-une-opportunite-en-or\/","og_site_name":"Dicodusport","article_publisher":"https:\/\/www.facebook.com\/dicodusport","article_published_time":"2023-03-07T14:16:39+00:00","article_modified_time":"2023-03-08T12:46:26+00:00","og_image":[{"width":800,"height":445,"url":"https:\/\/dicodusport.fr\/blog\/wp-content\/uploads\/2023\/03\/Sipili-Falatea-Une-opportunite-en-or-.png","type":"image\/png"}],"author":"Tom Lacaille","twitter_card":"summary_large_image","twitter_title":"Sipili Falatea : Une opportunit\u00e9 en or ?","twitter_creator":"@Tom Lacaille","twitter_site":"@dicodusport","schema":{"@context":"https:\/\/schema.org","@graph":[{"@type":"NewsArticle","@id":"https:\/\/dicodusport.fr\/blog\/sipili-falatea-une-opportunite-en-or\/#article","isPartOf":{"@id":"https:\/\/dicodusport.fr\/blog\/sipili-falatea-une-opportunite-en-or\/"},"author":{"name":"Tom Lacaille","@id":"https:\/\/dicodusport.fr\/blog\/#\/schema\/person\/8b8ec0dc77c31efd8fe9820383d505b3"},"headline":"Sipili Falatea : Une opportunit\u00e9 en or ?","datePublished":"2023-03-07T14:16:39+00:00","dateModified":"2023-03-08T12:46:26+00:00","mainEntityOfPage":{"@id":"https:\/\/dicodusport.fr\/blog\/sipili-falatea-une-opportunite-en-or\/"},"wordCount":877,"commentCount":0,"publisher":{"@id":"https:\/\/dicodusport.fr\/blog\/#organization"},"image":{"@id":"https:\/\/dicodusport.fr\/blog\/sipili-falatea-une-opportunite-en-or\/#primaryimage"},"thumbnailUrl":"https:\/\/dicodusport.fr\/blog\/wp-content\/uploads\/2023\/03\/Sipili-Falatea-Une-opportunite-en-or-.png","keywords":["br\u00e8ve","Demba Bamba","Mohamed Haouas","Sipili Falatea","sport","Uini Atonio","XV de France"],"articleSection":["Rugby \u00e0 XV","XV de France"],"inLanguage":"fr-FR","potentialAction":[{"@type":"CommentAction","name":"Comment","target":["https:\/\/dicodusport.fr\/blog\/sipili-falatea-une-opportunite-en-or\/#respond"]}],"copyrightYear":"2023","copyrightHolder":{"@id":"https:\/\/dicodusport.fr\/blog\/#organization"}},{"@type":"WebPage","@id":"https:\/\/dicodusport.fr\/blog\/sipili-falatea-une-opportunite-en-or\/","url":"https:\/\/dicodusport.fr\/blog\/sipili-falatea-une-opportunite-en-or\/","name":"Sipili Falatea : Une opportunit\u00e9 en or ?","isPartOf":{"@id":"https:\/\/dicodusport.fr\/blog\/#website"},"primaryImageOfPage":{"@id":"https:\/\/dicodusport.fr\/blog\/sipili-falatea-une-opportunite-en-or\/#primaryimage"},"image":{"@id":"https:\/\/dicodusport.fr\/blog\/sipili-falatea-une-opportunite-en-or\/#primaryimage"},"thumbnailUrl":"https:\/\/dicodusport.fr\/blog\/wp-content\/uploads\/2023\/03\/Sipili-Falatea-Une-opportunite-en-or-.png","datePublished":"2023-03-07T14:16:39+00:00","dateModified":"2023-03-08T12:46:26+00:00","description":"Mohamed Haouas et Uini Atonio \u00e9tant suspendus, Sipili Falatea semble \u00eatre num\u00e9ro un en tant que pilier droit, mais la concurrence est f\u00e9roce.","breadcrumb":{"@id":"https:\/\/dicodusport.fr\/blog\/sipili-falatea-une-opportunite-en-or\/#breadcrumb"},"inLanguage":"fr-FR","potentialAction":[{"@type":"ReadAction","target":["https:\/\/dicodusport.fr\/blog\/sipili-falatea-une-opportunite-en-or\/"]}]},{"@type":"ImageObject","inLanguage":"fr-FR","@id":"https:\/\/dicodusport.fr\/blog\/sipili-falatea-une-opportunite-en-or\/#primaryimage","url":"https:\/\/dicodusport.fr\/blog\/wp-content\/uploads\/2023\/03\/Sipili-Falatea-Une-opportunite-en-or-.png","contentUrl":"https:\/\/dicodusport.fr\/blog\/wp-content\/uploads\/2023\/03\/Sipili-Falatea-Une-opportunite-en-or-.png","width":800,"height":445,"caption":"Sipili Falatea Une opportunit\u00e9 en or"},{"@type":"BreadcrumbList","@id":"https:\/\/dicodusport.fr\/blog\/sipili-falatea-une-opportunite-en-or\/#breadcrumb","itemListElement":[{"@type":"ListItem","position":1,"name":"Accueil","item":"https:\/\/dicodusport.fr\/blog\/"},{"@type":"ListItem","position":2,"name":"Sipili Falatea : Une opportunit\u00e9 en or ?"}]},{"@type":"WebSite","@id":"https:\/\/dicodusport.fr\/blog\/#website","url":"https:\/\/dicodusport.fr\/blog\/","name":"Dicodusport","description":"L&#039;encyclop\u00e9die de l&#039;actualit\u00e9 sportive","publisher":{"@id":"https:\/\/dicodusport.fr\/blog\/#organization"},"potentialAction":[{"@type":"SearchAction","target":{"@type":"EntryPoint","urlTemplate":"https:\/\/dicodusport.fr\/blog\/?s={search_term_string}"},"query-input":{"@type":"PropertyValueSpecification","valueRequired":true,"valueName":"search_term_string"}}],"inLanguage":"fr-FR"},{"@type":"NewsMediaOrganization","@id":"https:\/\/dicodusport.fr\/blog\/#organization","name":"Dicodusport","url":"https:\/\/dicodusport.fr\/blog\/","logo":{"@type":"ImageObject","inLanguage":"fr-FR","@id":"https:\/\/dicodusport.fr\/blog\/#\/schema\/logo\/image\/","url":"https:\/\/dicodusport.fr\/blog\/wp-content\/uploads\/2020\/06\/cropped-LOGO-DICODUSPORT-2020-SANS-FOND-SANS-TEXTE.png","contentUrl":"https:\/\/dicodusport.fr\/blog\/wp-content\/uploads\/2020\/06\/cropped-LOGO-DICODUSPORT-2020-SANS-FOND-SANS-TEXTE.png","width":512,"height":512,"caption":"Dicodusport"},"image":{"@id":"https:\/\/dicodusport.fr\/blog\/#\/schema\/logo\/image\/"},"sameAs":["https:\/\/www.facebook.com\/dicodusport","https:\/\/x.com\/dicodusport","https:\/\/www.instagram.com\/dicodusport\/","https:\/\/www.youtube.com\/channel\/UC7V2KZ5sd3htJivAbA4ZG3w"],"description":"Dicodusport est l'encyclop\u00e9die de l'actualit\u00e9 sportive.","email":"bonjour@dicodusport.fr","legalName":"DICODUSPORT","foundingDate":"2018-01-14","vatID":"FR71834470973","taxID":"83447097300043","numberOfEmployees":{"@type":"QuantitativeValue","minValue":"1","maxValue":"10"}},{"@type":"Person","@id":"https:\/\/dicodusport.fr\/blog\/#\/schema\/person\/8b8ec0dc77c31efd8fe9820383d505b3","name":"Tom Lacaille","image":{"@type":"ImageObject","inLanguage":"fr-FR","@id":"https:\/\/dicodusport.fr\/blog\/#\/schema\/person\/image\/","url":"https:\/\/dicodusport.fr\/blog\/wp-content\/uploads\/2022\/10\/photo-profil-150x150.jpg","contentUrl":"https:\/\/dicodusport.fr\/blog\/wp-content\/uploads\/2022\/10\/photo-profil-150x150.jpg","caption":"Tom Lacaille"},"description":"Actuellement \u00e2g\u00e9 de 19 ans, ma passion du sport est berc\u00e9e par la descente aux enfers des Verts, la d\u00e9gringolade de l'ASM Clermont et le futur triomphe des Celtics. En toute logique, je suis un grand passionn\u00e9 de sport et j'essaie de retranscrire mes analyses dans les articles. Le r\u00eave d'\u00eatre journaliste est ma principale source de motivation, en esp\u00e9rant (un jour) apporter un air nouveau \u00e0 ce si beau secteur.","sameAs":["https:\/\/x.com\/Tom Lacaille"],"url":"https:\/\/dicodusport.fr\/blog\/author\/tom-lacaille\/"}]}},"_links":{"self":[{"href":"https:\/\/dicodusport.fr\/blog\/wp-json\/wp\/v2\/posts\/360707","targetHints":{"allow":["GET"]}}],"collection":[{"href":"https:\/\/dicodusport.fr\/blog\/wp-json\/wp\/v2\/posts"}],"about":[{"href":"https:\/\/dicodusport.fr\/blog\/wp-json\/wp\/v2\/types\/post"}],"author":[{"embeddable":true,"href":"https:\/\/dicodusport.fr\/blog\/wp-json\/wp\/v2\/users\/76"}],"replies":[{"embeddable":true,"href":"https:\/\/dicodusport.fr\/blog\/wp-json\/wp\/v2\/comments?post=360707"}],"version-history":[{"count":0,"href":"https:\/\/dicodusport.fr\/blog\/wp-json\/wp\/v2\/posts\/360707\/revisions"}],"wp:featuredmedia":[{"embeddable":true,"href":"https:\/\/dicodusport.fr\/blog\/wp-json\/wp\/v2\/media\/363028"}],"wp:attachment":[{"href":"https:\/\/dicodusport.fr\/blog\/wp-json\/wp\/v2\/media?parent=360707"}],"wp:term":[{"taxonomy":"category","embeddable":true,"href":"https:\/\/dicodusport.fr\/blog\/wp-json\/wp\/v2\/categories?post=360707"},{"taxonomy":"post_tag","embeddable":true,"href":"https:\/\/dicodusport.fr\/blog\/wp-json\/wp\/v2\/tags?post=360707"}],"curies":[{"name":"wp","href":"https:\/\/api.w.org\/{rel}","templated":true}]}}