{"id":360934,"date":"2023-03-02T18:07:07","date_gmt":"2023-03-02T17:07:07","guid":{"rendered":"https:\/\/dicodusport.fr\/blog\/?p=360934&#038;preview=true&#038;preview_id=360934"},"modified":"2025-04-03T14:31:51","modified_gmt":"2025-04-03T12:31:51","slug":"ski-alpinisme-axelle-gachet-mollaret-et-emily-harrop-titrees-en-equipes","status":"publish","type":"post","link":"https:\/\/dicodusport.fr\/blog\/ski-alpinisme-axelle-gachet-mollaret-et-emily-harrop-titrees-en-equipes\/","title":{"rendered":"Ski alpinisme : Axelle Gachet-Mollaret et Emily Harrop titr\u00e9es en \u00e9quipes"},"content":{"rendered":"<p align=\"justify\"><em><strong><a href=\"https:\/\/dicodusport.fr\/blog\/?s=ski+alpinisme\">SKI ALPINISME<\/a> &#8211; La razzia du clan tricolore se poursuit \u00e0 Bo\u00ed Ta\u00fcll ! L&rsquo;\u00e9quipe de France en est d\u00e9sormais \u00e0 dix m\u00e9dailles gr\u00e2ce aux trois m\u00e9taux r\u00e9cup\u00e9r\u00e9s ce jeudi. Sur la course par \u00e9quipes f\u00e9minine, Axelle Gachet-Mollaret et Emily Harrop ont m\u00eame d\u00e9croch\u00e9 le titre.<\/strong><\/em><\/p>\n<p align=\"justify\"><a href=\"https:\/\/dicodusport.fr\/blog\/ski-alpinisme-axelle-gachet-mollaret-championne-du-monde-de-la-vertical-race\/\">Le compteur avait d\u00e9j\u00e0 bien \u00e9t\u00e9 boost\u00e9 \u00e0 la veille<\/a>, il a litt\u00e9ralement explos\u00e9 ce jeudi. Alors que seules les courses par \u00e9quipes f\u00e9minine et masculine \u00e9taient au programme, l&rsquo;\u00e9quipe de France est parvenue \u00e0 d\u00e9crocher <strong>trois des six m\u00e9dailles en jeu <\/strong>!<\/p>\n<h2 style=\"text-align: justify;\" align=\"justify\">50% des m\u00e9dailles rafl\u00e9es par les bin\u00f4mes tricolores !<\/h2>\n<p align=\"justify\">En t\u00eate d&rsquo;affiche, <strong>Axelle Gachet-Mollaret<\/strong> a d\u00e9croch\u00e9 son quatorzi\u00e8me titre de championne du monde en remportant la course f\u00e9minine aux c\u00f4t\u00e9s d&rsquo;<strong>Emily Harrop<\/strong>. Dans une \u00e9preuve avec peu de concurrence (huit bin\u00f4mes engag\u00e9s), les Tricolores ont fait cavalier seul en l&#8217;emportant avec plus de trois minutes d&rsquo;avance sur leurs plus proches poursuivantes italiennes. Il s&rsquo;agit de leur deuxi\u00e8me m\u00e9daille chacune \u00e0 ces Mondiaux. A pr\u00e8s de cinq minutes, l&rsquo;autre paire fran\u00e7aise compos\u00e9e de <strong>C\u00e9lia Perillat Pessey<\/strong> et <strong>Candice Bonnel<\/strong> a de son c\u00f4t\u00e9 assur\u00e9 la 3\u00e8me place, en remportant l\u00e0 encore un duel pour le bronze face \u00e0 un autre bin\u00f4me transalpin.<\/p>\n<p align=\"justify\">Chez les hommes, deux bin\u00f4mes \u00e9taient \u00e9galement en lice, et ont failli r\u00e9aliser un carton plein l\u00e0 encore. Malheureusement, <strong>Samuel Equy<\/strong> et <strong>Math\u00e9o Jacquemoud<\/strong> \u00e9chouent au pied du podium. Toutefois, <strong>William Bon Mardion<\/strong> et <strong>Xavier Gachet<\/strong> ont r\u00e9alis\u00e9 une course magnifique pour aller d\u00e9crocher l&rsquo;argent. L&rsquo;\u00e9quipe de France affiche au terme de cette journ\u00e9e un bilan costaud avec deux titres mondiaux pour un total de dix m\u00e9dailles.<\/p>\n<blockquote class=\"twitter-tweet\">\n<p dir=\"ltr\" lang=\"fr\">\ud83e\udd47\ud83e\udd49 Gachet-Mollaret et Harrop sont championnes du monde par \u00e9quipe ! Bonnel et Perillat-Pessey montent sur la troisi\u00e8me marche du podium.<br \/>\n\ud83e\udd48Gachet et Bon Mardion s&rsquo;offrent l&rsquo;argent chez les hommes ! Equy et Jacquemoud terminent au pied du podium.<br \/>\n\ud83d\udc49 <a href=\"https:\/\/t.co\/KOlheYSioW\">https:\/\/t.co\/KOlheYSioW<\/a> <a href=\"https:\/\/t.co\/1MWoYb8Wnm\">pic.twitter.com\/1MWoYb8Wnm<\/a><\/p>\n<p>\u2014 FF Montagne Escalade (@FFME_officiel) <a href=\"https:\/\/twitter.com\/FFME_officiel\/status\/1631304664971980806?ref_src=twsrc%5Etfw\">March 2, 2023<\/a><\/p><\/blockquote>\n<p><script async src=\"https:\/\/platform.twitter.com\/widgets.js\" charset=\"utf-8\"><\/script><\/p>\n<h3 style=\"text-align: justify;\" align=\"justify\">Les 10 m\u00e9dailles tricolores<\/h3>\n<p style=\"text-align: justify;\" align=\"justify\"><span style=\"text-decoration: underline;\"><em><strong>M\u00e9daille d&rsquo;or :<\/strong><\/em><\/span> <a href=\"https:\/\/dicodusport.fr\/blog\/ski-alpinisme-axelle-gachet-mollaret-championne-du-monde-de-la-vertical-race\/\">Axelle GACHET-MOLLARET (Vertical Race)<\/a> \/ Axelle GACHET-MOLLARET et EMILY HARROP (Course par \u00c9quipe) \/ Anselme DAMEVIN (U23) \/ Robin GALINDO (Sprint U23).<\/p>\n<p style=\"text-align: justify;\" align=\"justify\"><span style=\"text-decoration: underline;\"><em><strong>M\u00e9dailles d&rsquo;argent :<\/strong> <\/em><\/span>William BON MARDION et Xavier GACHET (Course par \u00c9quipe) \/ Thibault ANSELMET (Sprint) \/ Louise TRINCAZ (U20).<\/p>\n<p style=\"text-align: justify;\" align=\"justify\"><span style=\"text-decoration: underline;\"><em><strong>M\u00e9daille de bronze :<\/strong> <\/em><\/span>G\u00e9d\u00e9on POCHAT COTTILLOUT (Vertical Race) \/ Emily HARROP (Sprint) \/ C\u00e9lia PERILLAT PESSEY et Candice BONNEL (Copurse par \u00c9quipe) \/ J\u00e9r\u00e9my ANSELMET (U20).<\/p>\n<p style=\"text-align: justify;\" align=\"justify\">\n","protected":false},"excerpt":{"rendered":"<p>SKI ALPINISME &#8211; La razzia du clan tricolore se poursuit \u00e0 Bo\u00ed Ta\u00fcll ! L&rsquo;\u00e9quipe de France en est d\u00e9sormais \u00e0 dix m\u00e9dailles gr\u00e2ce aux trois m\u00e9taux r\u00e9cup\u00e9r\u00e9s ce jeudi. Sur la course par \u00e9quipes f\u00e9minine, Axelle Gachet-Mollaret et Emily Harrop ont m\u00eame d\u00e9croch\u00e9 le titre.<\/p>\n","protected":false},"author":55,"featured_media":360990,"comment_status":"open","ping_status":"closed","sticky":false,"template":"","format":"standard","meta":{"_acf_changed":false,"_daextam_enable_autolinks":"","footnotes":""},"categories":[45757],"tags":[22883,16878,22884,4230],"class_list":["post-360934","post","type-post","status-publish","format-standard","has-post-thumbnail","hentry","category-ski-alpinisme","tag-axelle-gachet-mollaret","tag-breve","tag-emily-harrop","tag-ski-alpinisme"],"acf":[],"yoast_head":"<!-- This site is optimized with the Yoast SEO Premium plugin v26.7 (Yoast SEO v26.7) - https:\/\/yoast.com\/wordpress\/plugins\/seo\/ -->\n<title>Ski alpinisme : Axelle Gachet-Mollaret et Emily Harrop titr\u00e9es en \u00e9quipes<\/title>\n<meta name=\"description\" content=\"SK ALPINISME - L&#039;\u00c9quipe de France a d\u00e9croch\u00e9 trois ce jeudi m\u00e9dailles aux Mondiaux de Bo\u00ed Ta\u00fcll, dont un titre mondial.\" \/>\n<meta name=\"robots\" content=\"index, follow, max-snippet:-1, max-image-preview:large, max-video-preview:-1\" \/>\n<link rel=\"canonical\" href=\"https:\/\/dicodusport.fr\/blog\/ski-alpinisme-axelle-gachet-mollaret-et-emily-harrop-titrees-en-equipes\/\" \/>\n<meta property=\"og:locale\" content=\"fr_FR\" \/>\n<meta property=\"og:type\" content=\"article\" \/>\n<meta property=\"og:title\" content=\"Ski alpinisme : Axelle Gachet-Mollaret et Emily Harrop titr\u00e9es en \u00e9quipes\" \/>\n<meta property=\"og:description\" content=\"SK ALPINISME - L&#039;\u00c9quipe de France a d\u00e9croch\u00e9 trois ce jeudi m\u00e9dailles aux Mondiaux de Bo\u00ed Ta\u00fcll, dont un titre mondial.\" \/>\n<meta property=\"og:url\" content=\"https:\/\/dicodusport.fr\/blog\/ski-alpinisme-axelle-gachet-mollaret-et-emily-harrop-titrees-en-equipes\/\" \/>\n<meta property=\"og:site_name\" content=\"Dicodusport\" \/>\n<meta property=\"article:publisher\" content=\"https:\/\/www.facebook.com\/dicodusport\" \/>\n<meta property=\"article:published_time\" content=\"2023-03-02T17:07:07+00:00\" \/>\n<meta property=\"article:modified_time\" content=\"2025-04-03T12:31:51+00:00\" \/>\n<meta property=\"og:image\" content=\"https:\/\/dicodusport.fr\/blog\/wp-content\/uploads\/2023\/03\/Ski-alpinisme-Axelle-Gachet-Mollaret-et-Emily-Harrop-titrees-en-equipes.png\" \/>\n\t<meta property=\"og:image:width\" content=\"800\" \/>\n\t<meta property=\"og:image:height\" content=\"445\" \/>\n\t<meta property=\"og:image:type\" content=\"image\/png\" \/>\n<meta name=\"author\" content=\"Maxime Cazenave\" \/>\n<meta name=\"twitter:card\" content=\"summary_large_image\" \/>\n<meta name=\"twitter:title\" content=\"Ski alpinisme : Axelle Gachet-Mollaret et Emily Harrop titr\u00e9es en \u00e9quipes\" \/>\n<meta name=\"twitter:creator\" content=\"@https:\/\/twitter.com\/Maxime_Caze\" \/>\n<meta name=\"twitter:site\" content=\"@dicodusport\" \/>\n<script type=\"application\/ld+json\" class=\"yoast-schema-graph\">{\"@context\":\"https:\/\/schema.org\",\"@graph\":[{\"@type\":\"NewsArticle\",\"@id\":\"https:\/\/dicodusport.fr\/blog\/ski-alpinisme-axelle-gachet-mollaret-et-emily-harrop-titrees-en-equipes\/#article\",\"isPartOf\":{\"@id\":\"https:\/\/dicodusport.fr\/blog\/ski-alpinisme-axelle-gachet-mollaret-et-emily-harrop-titrees-en-equipes\/\"},\"author\":{\"name\":\"Maxime Cazenave\",\"@id\":\"https:\/\/dicodusport.fr\/blog\/#\/schema\/person\/37def232098a7a5cbab3974a3690abb0\"},\"headline\":\"Ski alpinisme : Axelle Gachet-Mollaret et Emily Harrop titr\u00e9es en \u00e9quipes\",\"datePublished\":\"2023-03-02T17:07:07+00:00\",\"dateModified\":\"2025-04-03T12:31:51+00:00\",\"mainEntityOfPage\":{\"@id\":\"https:\/\/dicodusport.fr\/blog\/ski-alpinisme-axelle-gachet-mollaret-et-emily-harrop-titrees-en-equipes\/\"},\"wordCount\":449,\"commentCount\":0,\"publisher\":{\"@id\":\"https:\/\/dicodusport.fr\/blog\/#organization\"},\"image\":{\"@id\":\"https:\/\/dicodusport.fr\/blog\/ski-alpinisme-axelle-gachet-mollaret-et-emily-harrop-titrees-en-equipes\/#primaryimage\"},\"thumbnailUrl\":\"https:\/\/dicodusport.fr\/blog\/wp-content\/uploads\/2023\/03\/Ski-alpinisme-Axelle-Gachet-Mollaret-et-Emily-Harrop-titrees-en-equipes.png\",\"keywords\":[\"Axelle Gachet-Mollaret\",\"br\u00e8ve\",\"Emily Harrop\",\"Ski alpinisme\"],\"articleSection\":[\"Ski alpinisme\"],\"inLanguage\":\"fr-FR\",\"potentialAction\":[{\"@type\":\"CommentAction\",\"name\":\"Comment\",\"target\":[\"https:\/\/dicodusport.fr\/blog\/ski-alpinisme-axelle-gachet-mollaret-et-emily-harrop-titrees-en-equipes\/#respond\"]}],\"copyrightYear\":\"2023\",\"copyrightHolder\":{\"@id\":\"https:\/\/dicodusport.fr\/blog\/#organization\"}},{\"@type\":\"WebPage\",\"@id\":\"https:\/\/dicodusport.fr\/blog\/ski-alpinisme-axelle-gachet-mollaret-et-emily-harrop-titrees-en-equipes\/\",\"url\":\"https:\/\/dicodusport.fr\/blog\/ski-alpinisme-axelle-gachet-mollaret-et-emily-harrop-titrees-en-equipes\/\",\"name\":\"Ski alpinisme : Axelle Gachet-Mollaret et Emily Harrop titr\u00e9es en \u00e9quipes\",\"isPartOf\":{\"@id\":\"https:\/\/dicodusport.fr\/blog\/#website\"},\"primaryImageOfPage\":{\"@id\":\"https:\/\/dicodusport.fr\/blog\/ski-alpinisme-axelle-gachet-mollaret-et-emily-harrop-titrees-en-equipes\/#primaryimage\"},\"image\":{\"@id\":\"https:\/\/dicodusport.fr\/blog\/ski-alpinisme-axelle-gachet-mollaret-et-emily-harrop-titrees-en-equipes\/#primaryimage\"},\"thumbnailUrl\":\"https:\/\/dicodusport.fr\/blog\/wp-content\/uploads\/2023\/03\/Ski-alpinisme-Axelle-Gachet-Mollaret-et-Emily-Harrop-titrees-en-equipes.png\",\"datePublished\":\"2023-03-02T17:07:07+00:00\",\"dateModified\":\"2025-04-03T12:31:51+00:00\",\"description\":\"SK ALPINISME - L'\u00c9quipe de France a d\u00e9croch\u00e9 trois ce jeudi m\u00e9dailles aux Mondiaux de Bo\u00ed Ta\u00fcll, dont un titre mondial.\",\"breadcrumb\":{\"@id\":\"https:\/\/dicodusport.fr\/blog\/ski-alpinisme-axelle-gachet-mollaret-et-emily-harrop-titrees-en-equipes\/#breadcrumb\"},\"inLanguage\":\"fr-FR\",\"potentialAction\":[{\"@type\":\"ReadAction\",\"target\":[\"https:\/\/dicodusport.fr\/blog\/ski-alpinisme-axelle-gachet-mollaret-et-emily-harrop-titrees-en-equipes\/\"]}]},{\"@type\":\"ImageObject\",\"inLanguage\":\"fr-FR\",\"@id\":\"https:\/\/dicodusport.fr\/blog\/ski-alpinisme-axelle-gachet-mollaret-et-emily-harrop-titrees-en-equipes\/#primaryimage\",\"url\":\"https:\/\/dicodusport.fr\/blog\/wp-content\/uploads\/2023\/03\/Ski-alpinisme-Axelle-Gachet-Mollaret-et-Emily-Harrop-titrees-en-equipes.png\",\"contentUrl\":\"https:\/\/dicodusport.fr\/blog\/wp-content\/uploads\/2023\/03\/Ski-alpinisme-Axelle-Gachet-Mollaret-et-Emily-Harrop-titrees-en-equipes.png\",\"width\":800,\"height\":445,\"caption\":\"Ski alpinisme Axelle Gachet-Mollaret et Emily Harrop titr\u00e9es en \u00e9quipes\"},{\"@type\":\"BreadcrumbList\",\"@id\":\"https:\/\/dicodusport.fr\/blog\/ski-alpinisme-axelle-gachet-mollaret-et-emily-harrop-titrees-en-equipes\/#breadcrumb\",\"itemListElement\":[{\"@type\":\"ListItem\",\"position\":1,\"name\":\"Accueil\",\"item\":\"https:\/\/dicodusport.fr\/blog\/\"},{\"@type\":\"ListItem\",\"position\":2,\"name\":\"Ski alpinisme : Axelle Gachet-Mollaret et Emily Harrop titr\u00e9es en \u00e9quipes\"}]},{\"@type\":\"WebSite\",\"@id\":\"https:\/\/dicodusport.fr\/blog\/#website\",\"url\":\"https:\/\/dicodusport.fr\/blog\/\",\"name\":\"Dicodusport\",\"description\":\"L&#039;encyclop\u00e9die de l&#039;actualit\u00e9 sportive\",\"publisher\":{\"@id\":\"https:\/\/dicodusport.fr\/blog\/#organization\"},\"potentialAction\":[{\"@type\":\"SearchAction\",\"target\":{\"@type\":\"EntryPoint\",\"urlTemplate\":\"https:\/\/dicodusport.fr\/blog\/?s={search_term_string}\"},\"query-input\":{\"@type\":\"PropertyValueSpecification\",\"valueRequired\":true,\"valueName\":\"search_term_string\"}}],\"inLanguage\":\"fr-FR\"},{\"@type\":\"NewsMediaOrganization\",\"@id\":\"https:\/\/dicodusport.fr\/blog\/#organization\",\"name\":\"Dicodusport\",\"url\":\"https:\/\/dicodusport.fr\/blog\/\",\"logo\":{\"@type\":\"ImageObject\",\"inLanguage\":\"fr-FR\",\"@id\":\"https:\/\/dicodusport.fr\/blog\/#\/schema\/logo\/image\/\",\"url\":\"https:\/\/dicodusport.fr\/blog\/wp-content\/uploads\/2020\/06\/cropped-LOGO-DICODUSPORT-2020-SANS-FOND-SANS-TEXTE.png\",\"contentUrl\":\"https:\/\/dicodusport.fr\/blog\/wp-content\/uploads\/2020\/06\/cropped-LOGO-DICODUSPORT-2020-SANS-FOND-SANS-TEXTE.png\",\"width\":512,\"height\":512,\"caption\":\"Dicodusport\"},\"image\":{\"@id\":\"https:\/\/dicodusport.fr\/blog\/#\/schema\/logo\/image\/\"},\"sameAs\":[\"https:\/\/www.facebook.com\/dicodusport\",\"https:\/\/x.com\/dicodusport\",\"https:\/\/www.instagram.com\/dicodusport\/\",\"https:\/\/www.youtube.com\/channel\/UC7V2KZ5sd3htJivAbA4ZG3w\"],\"description\":\"Dicodusport est l'encyclop\u00e9die de l'actualit\u00e9 sportive.\",\"email\":\"bonjour@dicodusport.fr\",\"legalName\":\"DICODUSPORT\",\"foundingDate\":\"2018-01-14\",\"vatID\":\"FR71834470973\",\"taxID\":\"83447097300043\",\"numberOfEmployees\":{\"@type\":\"QuantitativeValue\",\"minValue\":\"1\",\"maxValue\":\"10\"}},{\"@type\":\"Person\",\"@id\":\"https:\/\/dicodusport.fr\/blog\/#\/schema\/person\/37def232098a7a5cbab3974a3690abb0\",\"name\":\"Maxime Cazenave\",\"image\":{\"@type\":\"ImageObject\",\"inLanguage\":\"fr-FR\",\"@id\":\"https:\/\/dicodusport.fr\/blog\/#\/schema\/person\/image\/\",\"url\":\"https:\/\/dicodusport.fr\/blog\/wp-content\/uploads\/2021\/05\/Maxime-Cazenave-150x150.jpg\",\"contentUrl\":\"https:\/\/dicodusport.fr\/blog\/wp-content\/uploads\/2021\/05\/Maxime-Cazenave-150x150.jpg\",\"caption\":\"Maxime Cazenave\"},\"description\":\"Journaliste\/R\u00e9dacteur depuis 2012 - Berc\u00e9 par l\u2019amour des Girondins de Bordeaux, les \u00e9checs de Christophe Moreau sur le Tour de France sous l'\u00e8re Lance Armstrong et le fade-away l\u00e9tal de Dirk Nowitzki, ma passion d\u00e9vorante pour le sport a toujours \u00e9t\u00e9 un pan incontournable de ma vie. Transmettre ma passion \u00e0 l\u2019\u00e9crit a \u00e9t\u00e9 une transition naturelle. Suiveur assidu de basket et de hockey sur glace, je garde toujours un peu de place pour suivre le cyclisme, le football et le maximum de performances fran\u00e7aises.\",\"sameAs\":[\"https:\/\/x.com\/https:\/\/twitter.com\/Maxime_Caze\"],\"url\":\"https:\/\/dicodusport.fr\/blog\/author\/maximec\/\"}]}<\/script>\n<!-- \/ Yoast SEO Premium plugin. -->","yoast_head_json":{"title":"Ski alpinisme : Axelle Gachet-Mollaret et Emily Harrop titr\u00e9es en \u00e9quipes","description":"SK ALPINISME - L'\u00c9quipe de France a d\u00e9croch\u00e9 trois ce jeudi m\u00e9dailles aux Mondiaux de Bo\u00ed Ta\u00fcll, dont un titre mondial.","robots":{"index":"index","follow":"follow","max-snippet":"max-snippet:-1","max-image-preview":"max-image-preview:large","max-video-preview":"max-video-preview:-1"},"canonical":"https:\/\/dicodusport.fr\/blog\/ski-alpinisme-axelle-gachet-mollaret-et-emily-harrop-titrees-en-equipes\/","og_locale":"fr_FR","og_type":"article","og_title":"Ski alpinisme : Axelle Gachet-Mollaret et Emily Harrop titr\u00e9es en \u00e9quipes","og_description":"SK ALPINISME - L'\u00c9quipe de France a d\u00e9croch\u00e9 trois ce jeudi m\u00e9dailles aux Mondiaux de Bo\u00ed Ta\u00fcll, dont un titre mondial.","og_url":"https:\/\/dicodusport.fr\/blog\/ski-alpinisme-axelle-gachet-mollaret-et-emily-harrop-titrees-en-equipes\/","og_site_name":"Dicodusport","article_publisher":"https:\/\/www.facebook.com\/dicodusport","article_published_time":"2023-03-02T17:07:07+00:00","article_modified_time":"2025-04-03T12:31:51+00:00","og_image":[{"width":800,"height":445,"url":"https:\/\/dicodusport.fr\/blog\/wp-content\/uploads\/2023\/03\/Ski-alpinisme-Axelle-Gachet-Mollaret-et-Emily-Harrop-titrees-en-equipes.png","type":"image\/png"}],"author":"Maxime Cazenave","twitter_card":"summary_large_image","twitter_title":"Ski alpinisme : Axelle Gachet-Mollaret et Emily Harrop titr\u00e9es en \u00e9quipes","twitter_creator":"@https:\/\/twitter.com\/Maxime_Caze","twitter_site":"@dicodusport","schema":{"@context":"https:\/\/schema.org","@graph":[{"@type":"NewsArticle","@id":"https:\/\/dicodusport.fr\/blog\/ski-alpinisme-axelle-gachet-mollaret-et-emily-harrop-titrees-en-equipes\/#article","isPartOf":{"@id":"https:\/\/dicodusport.fr\/blog\/ski-alpinisme-axelle-gachet-mollaret-et-emily-harrop-titrees-en-equipes\/"},"author":{"name":"Maxime Cazenave","@id":"https:\/\/dicodusport.fr\/blog\/#\/schema\/person\/37def232098a7a5cbab3974a3690abb0"},"headline":"Ski alpinisme : Axelle Gachet-Mollaret et Emily Harrop titr\u00e9es en \u00e9quipes","datePublished":"2023-03-02T17:07:07+00:00","dateModified":"2025-04-03T12:31:51+00:00","mainEntityOfPage":{"@id":"https:\/\/dicodusport.fr\/blog\/ski-alpinisme-axelle-gachet-mollaret-et-emily-harrop-titrees-en-equipes\/"},"wordCount":449,"commentCount":0,"publisher":{"@id":"https:\/\/dicodusport.fr\/blog\/#organization"},"image":{"@id":"https:\/\/dicodusport.fr\/blog\/ski-alpinisme-axelle-gachet-mollaret-et-emily-harrop-titrees-en-equipes\/#primaryimage"},"thumbnailUrl":"https:\/\/dicodusport.fr\/blog\/wp-content\/uploads\/2023\/03\/Ski-alpinisme-Axelle-Gachet-Mollaret-et-Emily-Harrop-titrees-en-equipes.png","keywords":["Axelle Gachet-Mollaret","br\u00e8ve","Emily Harrop","Ski alpinisme"],"articleSection":["Ski alpinisme"],"inLanguage":"fr-FR","potentialAction":[{"@type":"CommentAction","name":"Comment","target":["https:\/\/dicodusport.fr\/blog\/ski-alpinisme-axelle-gachet-mollaret-et-emily-harrop-titrees-en-equipes\/#respond"]}],"copyrightYear":"2023","copyrightHolder":{"@id":"https:\/\/dicodusport.fr\/blog\/#organization"}},{"@type":"WebPage","@id":"https:\/\/dicodusport.fr\/blog\/ski-alpinisme-axelle-gachet-mollaret-et-emily-harrop-titrees-en-equipes\/","url":"https:\/\/dicodusport.fr\/blog\/ski-alpinisme-axelle-gachet-mollaret-et-emily-harrop-titrees-en-equipes\/","name":"Ski alpinisme : Axelle Gachet-Mollaret et Emily Harrop titr\u00e9es en \u00e9quipes","isPartOf":{"@id":"https:\/\/dicodusport.fr\/blog\/#website"},"primaryImageOfPage":{"@id":"https:\/\/dicodusport.fr\/blog\/ski-alpinisme-axelle-gachet-mollaret-et-emily-harrop-titrees-en-equipes\/#primaryimage"},"image":{"@id":"https:\/\/dicodusport.fr\/blog\/ski-alpinisme-axelle-gachet-mollaret-et-emily-harrop-titrees-en-equipes\/#primaryimage"},"thumbnailUrl":"https:\/\/dicodusport.fr\/blog\/wp-content\/uploads\/2023\/03\/Ski-alpinisme-Axelle-Gachet-Mollaret-et-Emily-Harrop-titrees-en-equipes.png","datePublished":"2023-03-02T17:07:07+00:00","dateModified":"2025-04-03T12:31:51+00:00","description":"SK ALPINISME - L'\u00c9quipe de France a d\u00e9croch\u00e9 trois ce jeudi m\u00e9dailles aux Mondiaux de Bo\u00ed Ta\u00fcll, dont un titre mondial.","breadcrumb":{"@id":"https:\/\/dicodusport.fr\/blog\/ski-alpinisme-axelle-gachet-mollaret-et-emily-harrop-titrees-en-equipes\/#breadcrumb"},"inLanguage":"fr-FR","potentialAction":[{"@type":"ReadAction","target":["https:\/\/dicodusport.fr\/blog\/ski-alpinisme-axelle-gachet-mollaret-et-emily-harrop-titrees-en-equipes\/"]}]},{"@type":"ImageObject","inLanguage":"fr-FR","@id":"https:\/\/dicodusport.fr\/blog\/ski-alpinisme-axelle-gachet-mollaret-et-emily-harrop-titrees-en-equipes\/#primaryimage","url":"https:\/\/dicodusport.fr\/blog\/wp-content\/uploads\/2023\/03\/Ski-alpinisme-Axelle-Gachet-Mollaret-et-Emily-Harrop-titrees-en-equipes.png","contentUrl":"https:\/\/dicodusport.fr\/blog\/wp-content\/uploads\/2023\/03\/Ski-alpinisme-Axelle-Gachet-Mollaret-et-Emily-Harrop-titrees-en-equipes.png","width":800,"height":445,"caption":"Ski alpinisme Axelle Gachet-Mollaret et Emily Harrop titr\u00e9es en \u00e9quipes"},{"@type":"BreadcrumbList","@id":"https:\/\/dicodusport.fr\/blog\/ski-alpinisme-axelle-gachet-mollaret-et-emily-harrop-titrees-en-equipes\/#breadcrumb","itemListElement":[{"@type":"ListItem","position":1,"name":"Accueil","item":"https:\/\/dicodusport.fr\/blog\/"},{"@type":"ListItem","position":2,"name":"Ski alpinisme : Axelle Gachet-Mollaret et Emily Harrop titr\u00e9es en \u00e9quipes"}]},{"@type":"WebSite","@id":"https:\/\/dicodusport.fr\/blog\/#website","url":"https:\/\/dicodusport.fr\/blog\/","name":"Dicodusport","description":"L&#039;encyclop\u00e9die de l&#039;actualit\u00e9 sportive","publisher":{"@id":"https:\/\/dicodusport.fr\/blog\/#organization"},"potentialAction":[{"@type":"SearchAction","target":{"@type":"EntryPoint","urlTemplate":"https:\/\/dicodusport.fr\/blog\/?s={search_term_string}"},"query-input":{"@type":"PropertyValueSpecification","valueRequired":true,"valueName":"search_term_string"}}],"inLanguage":"fr-FR"},{"@type":"NewsMediaOrganization","@id":"https:\/\/dicodusport.fr\/blog\/#organization","name":"Dicodusport","url":"https:\/\/dicodusport.fr\/blog\/","logo":{"@type":"ImageObject","inLanguage":"fr-FR","@id":"https:\/\/dicodusport.fr\/blog\/#\/schema\/logo\/image\/","url":"https:\/\/dicodusport.fr\/blog\/wp-content\/uploads\/2020\/06\/cropped-LOGO-DICODUSPORT-2020-SANS-FOND-SANS-TEXTE.png","contentUrl":"https:\/\/dicodusport.fr\/blog\/wp-content\/uploads\/2020\/06\/cropped-LOGO-DICODUSPORT-2020-SANS-FOND-SANS-TEXTE.png","width":512,"height":512,"caption":"Dicodusport"},"image":{"@id":"https:\/\/dicodusport.fr\/blog\/#\/schema\/logo\/image\/"},"sameAs":["https:\/\/www.facebook.com\/dicodusport","https:\/\/x.com\/dicodusport","https:\/\/www.instagram.com\/dicodusport\/","https:\/\/www.youtube.com\/channel\/UC7V2KZ5sd3htJivAbA4ZG3w"],"description":"Dicodusport est l'encyclop\u00e9die de l'actualit\u00e9 sportive.","email":"bonjour@dicodusport.fr","legalName":"DICODUSPORT","foundingDate":"2018-01-14","vatID":"FR71834470973","taxID":"83447097300043","numberOfEmployees":{"@type":"QuantitativeValue","minValue":"1","maxValue":"10"}},{"@type":"Person","@id":"https:\/\/dicodusport.fr\/blog\/#\/schema\/person\/37def232098a7a5cbab3974a3690abb0","name":"Maxime Cazenave","image":{"@type":"ImageObject","inLanguage":"fr-FR","@id":"https:\/\/dicodusport.fr\/blog\/#\/schema\/person\/image\/","url":"https:\/\/dicodusport.fr\/blog\/wp-content\/uploads\/2021\/05\/Maxime-Cazenave-150x150.jpg","contentUrl":"https:\/\/dicodusport.fr\/blog\/wp-content\/uploads\/2021\/05\/Maxime-Cazenave-150x150.jpg","caption":"Maxime Cazenave"},"description":"Journaliste\/R\u00e9dacteur depuis 2012 - Berc\u00e9 par l\u2019amour des Girondins de Bordeaux, les \u00e9checs de Christophe Moreau sur le Tour de France sous l'\u00e8re Lance Armstrong et le fade-away l\u00e9tal de Dirk Nowitzki, ma passion d\u00e9vorante pour le sport a toujours \u00e9t\u00e9 un pan incontournable de ma vie. Transmettre ma passion \u00e0 l\u2019\u00e9crit a \u00e9t\u00e9 une transition naturelle. Suiveur assidu de basket et de hockey sur glace, je garde toujours un peu de place pour suivre le cyclisme, le football et le maximum de performances fran\u00e7aises.","sameAs":["https:\/\/x.com\/https:\/\/twitter.com\/Maxime_Caze"],"url":"https:\/\/dicodusport.fr\/blog\/author\/maximec\/"}]}},"_links":{"self":[{"href":"https:\/\/dicodusport.fr\/blog\/wp-json\/wp\/v2\/posts\/360934","targetHints":{"allow":["GET"]}}],"collection":[{"href":"https:\/\/dicodusport.fr\/blog\/wp-json\/wp\/v2\/posts"}],"about":[{"href":"https:\/\/dicodusport.fr\/blog\/wp-json\/wp\/v2\/types\/post"}],"author":[{"embeddable":true,"href":"https:\/\/dicodusport.fr\/blog\/wp-json\/wp\/v2\/users\/55"}],"replies":[{"embeddable":true,"href":"https:\/\/dicodusport.fr\/blog\/wp-json\/wp\/v2\/comments?post=360934"}],"version-history":[{"count":1,"href":"https:\/\/dicodusport.fr\/blog\/wp-json\/wp\/v2\/posts\/360934\/revisions"}],"predecessor-version":[{"id":569481,"href":"https:\/\/dicodusport.fr\/blog\/wp-json\/wp\/v2\/posts\/360934\/revisions\/569481"}],"wp:featuredmedia":[{"embeddable":true,"href":"https:\/\/dicodusport.fr\/blog\/wp-json\/wp\/v2\/media\/360990"}],"wp:attachment":[{"href":"https:\/\/dicodusport.fr\/blog\/wp-json\/wp\/v2\/media?parent=360934"}],"wp:term":[{"taxonomy":"category","embeddable":true,"href":"https:\/\/dicodusport.fr\/blog\/wp-json\/wp\/v2\/categories?post=360934"},{"taxonomy":"post_tag","embeddable":true,"href":"https:\/\/dicodusport.fr\/blog\/wp-json\/wp\/v2\/tags?post=360934"}],"curies":[{"name":"wp","href":"https:\/\/api.w.org\/{rel}","templated":true}]}}