{"id":360966,"date":"2023-03-02T20:04:28","date_gmt":"2023-03-02T19:04:28","guid":{"rendered":"https:\/\/dicodusport.fr\/blog\/?p=360966&#038;preview=true&#038;preview_id=360966"},"modified":"2023-03-02T22:55:09","modified_gmt":"2023-03-02T21:55:09","slug":"athletisme-europe-en-salle-2023-habz-et-robert-solides-les-resultats-de-la-1ere-journee","status":"publish","type":"post","link":"https:\/\/dicodusport.fr\/blog\/athletisme-europe-en-salle-2023-habz-et-robert-solides-les-resultats-de-la-1ere-journee\/","title":{"rendered":"Athl\u00e9tisme Europe en salle 2023 : Habz et Robert solides, les r\u00e9sultats de la 1\u00e8re journ\u00e9e"},"content":{"rendered":"<p align=\"justify\"><em><strong>CHAMPIONNATS D&rsquo;EUROPE EN SALLE 2023 &#8211; Azeddine Habz se qualifie en finale du 1 500 m au terme de la premi\u00e8re journ\u00e9e de comp\u00e9tition \u00e0 Istanbul (Turquie). Benjamin Robert a \u00e9t\u00e9 solide sur le 800 m. Yaroslava Mahuchikh s&rsquo;est fait une grosse frayeur \u00e0 la hauteur, tandis que Pablo Pichardo s&rsquo;est approch\u00e9 d&rsquo;un record de la comp\u00e9tition.<\/strong><\/em><\/p>\n<h2 style=\"text-align: justify;\" align=\"justify\">Azeddine Habz en patron, Gilavert l&rsquo;accompagne en finale du 1500 m<\/h2>\n<p align=\"justify\">Malgr\u00e9 la pr\u00e9sence de <strong>Jakob Ingrebrigtsen<\/strong> dans sa s\u00e9rie, <strong>Azeddine Habz<\/strong> n&rsquo;a pas trembl\u00e9 sur 1 500 m. Le Fran\u00e7ais devait prendre une des trois premi\u00e8res places pour se qualifier. Il l&rsquo;a fait avec la mani\u00e8re et une belle victoire. En 3:49.88. Alors \u00e9videmment, le Norv\u00e9gien n&rsquo;a pas forc\u00e9, se contentant de suivre toute la course et assurer la 3e place en 3:50.29. Mais on pouvait se poser des questions sur le Fran\u00e7ais, 4e europ\u00e9en de l&rsquo;ann\u00e9e en 2023, sur sa capacit\u00e9 \u00e0 bien r\u00e9pondre en championnat. Voil\u00e0 la premi\u00e8re \u00e9tape franchie et la finale d&rsquo;un championnat d&rsquo;Europe qui lui tend les bras.<\/p>\n<p align=\"justify\">Et il sera accompagn\u00e9 par <strong>Louis Gilavert<\/strong> ! Le Fran\u00e7ais ne termine certes pas dans les trois premiers de la troisi\u00e8me et derni\u00e8re s\u00e9rie. Mais cela a \u00e9t\u00e9 la plus rapide des trois courses. Et en terminant 4e en 3:41.45, il est le premier rep\u00each\u00e9 au temps et acc\u00e8de lui aussi \u00e0 la grande finale.<\/p>\n<h2 style=\"text-align: justify;\" align=\"justify\">Un beau trois sur quatre pour les Fran\u00e7ais sur 800 m<\/h2>\n<p align=\"justify\"><strong>Benjamin Robert<\/strong> qualifi\u00e9 sur 800 m, premier de la derni\u00e8re s\u00e9rie en 1:47.92. Il a su acc\u00e9l\u00e9rer fort aux 500 m et r\u00e9sister au retour de ses concurrents. Une course qui laisse une tr\u00e8s bonne impression pour le seul Fran\u00e7ais engag\u00e9 chez les hommes !<\/p>\n<p align=\"justify\">Il y a eu plus de difficult\u00e9s chez les femmes pour <strong>L\u00e9na Kandissounon<\/strong>. La Bretonne a \u00e9t\u00e9 promen\u00e9e pendant les deux tiers de sa course, dans la 4e s\u00e9rie. Mais \u00e0 la faveur d&rsquo;un gros dernier tour, elle arrache la deuxi\u00e8me place, avec un chrono de 2:04.80. Dans la derni\u00e8re s\u00e9rie, <strong>Agn\u00e8s Raharolahy<\/strong> a connu moins de difficult\u00e9. La Nantaise a men\u00e9 sa course de bout en bout, pour s&rsquo;imposer en patronne, en 2:04.57. <strong>Charlotte Pizzo<\/strong> est en revanche \u00e9limin\u00e9e. Elle a pris la 4e place de la premi\u00e8re s\u00e9rie\u00a0 en 2:04.89.<\/p>\n<blockquote class=\"twitter-tweet\">\n<p dir=\"ltr\" lang=\"fr\">\ud83d\udc4f Direction les demi-finales pour L\u00e9na Kandissounon !<\/p>\n<p>\ud83c\uddeb\ud83c\uddf7 La Bretonne r\u00e9alise une superbe remont\u00e9e et prend la 2e place de sa s\u00e9rie du 800 m en 2&rsquo;05\u00a0\u00bb80 !<\/p>\n<p>\ud83d\udcbb Suivez <a href=\"https:\/\/twitter.com\/hashtag\/Istanbul2023?src=hash&amp;ref_src=twsrc%5Etfw\">#Istanbul2023<\/a> en DIRECT sur <a href=\"https:\/\/twitter.com\/allathleticstv?ref_src=twsrc%5Etfw\">@allathleticstv<\/a>. <a href=\"https:\/\/t.co\/0D6QPacXia\">pic.twitter.com\/0D6QPacXia<\/a><\/p>\n<p>\u2014 FFAthl\u00e9tisme (@FFAthletisme) <a href=\"https:\/\/twitter.com\/FFAthletisme\/status\/1631346338859294731?ref_src=twsrc%5Etfw\">March 2, 2023<\/a><\/p><\/blockquote>\n<p><script async src=\"https:\/\/platform.twitter.com\/widgets.js\" charset=\"utf-8\"><\/script><\/p>\n<h2 style=\"text-align: justify;\" align=\"justify\">Mahuchikh se fait peur, pas d&rsquo;exploit pour Meniker et Gicquel \u00e0 la hauteur<\/h2>\n<p align=\"justify\">On a bien failli assister \u00e0 une grosse sensation \u00e0 la hauteur f\u00e9minine. La grande favorite <strong>Yarolsava Mahuchikh<\/strong> s&rsquo;est retrouv\u00e9e au pied du mur. L&rsquo;Ukrainienne, meilleure performeuse mondiale de l&rsquo;ann\u00e9e (2.02 m) a rat\u00e9 par deux fois sa barre d&rsquo;entr\u00e9e \u00e0 1.87 m. Gardant son ultime tentative \u00e0 1.91 m, elle a effac\u00e9 la barre, lui offrant la qualification. C&rsquo;\u00e9tait la barre qu&rsquo;il fallait franchir pour entrer dans les huit premi\u00e8res et filer en finale. Un concours de qualification \u00e0 la hauteur qui a fait des d\u00e9g\u00e2ts. Avec l&rsquo;\u00e9limination de la 3e des championnats du monde l&rsquo;\u00e9t\u00e9 dernier, l&rsquo;Italienne <strong>Elena Vallortigara<\/strong>, mais aussi la vice-championne d&rsquo;Europe, la Mont\u00e9n\u00e9grine <strong>Marija Vukovic<\/strong>.<\/p>\n<p align=\"justify\">\u00c9limination \u00e9galement pour <strong>Karmen Bruus<\/strong>, qui cod\u00e9tient la meilleure performance mondiale cadettes (1.96 m) depuis 2022. Gare \u00e0 une autre Ukrainienne, <strong>Yuliya Levchenko<\/strong>. En difficult\u00e9 depuis un an, elle a effac\u00e9 ses trois barres au premier essai. Cela ne passe pas pour les deux Fran\u00e7aises <strong>Sol\u00e8ne Gicquel<\/strong> et <a href=\"https:\/\/dicodusport.fr\/blog\/nawal-meniker-partir-aux-usa-la-meilleure-decision-de-ma-vie\/\"><strong>Nawal Meniker<\/strong><\/a>, qui ont franchi une barre \u00e0 1.87 m.<\/p>\n<h2 style=\"text-align: justify;\" align=\"justify\">Pichardo proche d&rsquo;un record au triple, Hodebar \u00e9limin\u00e9, Compaor\u00e9 rep\u00e9ch\u00e9 !<\/h2>\n<p align=\"justify\">Au triple saut, <strong>Pablo Pedro Pichardo<\/strong> s&rsquo;est lui \u00e9vit\u00e9 toute frayeur. Un bond \u00e0 17.48 m synonyme de record en salle du Portugal pour aller en finale. Et une impression de facilit\u00e9 d\u00e9concertante. \u00c0 quatre petits centim\u00e8tres de la meilleure performance de l&rsquo;histoire dans un concours de qualifications d&rsquo;un championnat d&rsquo;Europe en salle, d\u00e9tenu par l&rsquo;Allemand <strong>Max He\u00df<\/strong> depuis 2017. L&rsquo;Allemand est par ailleurs deuxi\u00e8me mais loin du Portugais, avec 16.67 m. Cela ne passe pas pour les deux Fran\u00e7ais engag\u00e9s. <strong>Benjamin Compaor\u00e9<\/strong> est 10e du concours avec un bond \u00e0 16.16 m. Une place devant<strong> Enzo Hodebar<\/strong> qui a r\u00e9alis\u00e9 16.09 m.<\/p>\n<p align=\"justify\">Mais, on a appris plus tard dans la soir\u00e9e que <strong>Benjamin Compaor\u00e9<\/strong> \u00e9tait rep\u00each\u00e9 ! Le Fran\u00e7ais a fait appel d&rsquo;un saut. Qui a \u00e9t\u00e9 finalement remesur\u00e9 \u00e0 16.37 m. La finale, initialement pr\u00e9vue \u00e0 huit, sera finalement \u00e0 neuf. Pour le plus grand bonheur de l&rsquo;\u00e9quipe de France.<\/p>\n<h2 align=\"justify\">En bref<\/h2>\n<p align=\"justify\"><strong>Keely Hodgkinson<\/strong> s&rsquo;est qualifi\u00e9e sans difficult\u00e9 sur les s\u00e9ries du 800 m. La recordwoman de Grande-Bretagne de la distance a men\u00e9 la course de bout en bout avec une grande aisance. Avec un chrono tr\u00e8s solide de 2:01.68. <strong>Konstanze Klosterhalfen<\/strong> a r\u00e9alis\u00e9 une course propre pour se qualifier en finale du 3 000 m, meilleur temps des s\u00e9ries, dont n&rsquo;a pas r\u00e9ussi \u00e0 s&rsquo;extirper <strong>Le\u00efla Hadji<\/strong>, 8\u00e8me de la deuxi\u00e8me s\u00e9rie en 9:12.53. Premi\u00e8re non-rep\u00each\u00e9e au temps. L&rsquo;Italien<strong> Zane Weir<\/strong> et la N\u00e9erlandaise <strong>Jessica Schilder<\/strong> dominent les qualifications au poids avec 21.46 m et 19.18 m<\/p>\n<blockquote class=\"twitter-tweet\">\n<p dir=\"ltr\" lang=\"en\">\ud83c\uddec\ud83c\udde7Kelly Hodgkinson cruises into the Euro 800m semis with a fastest Q time of 2:01.67.<a href=\"https:\/\/twitter.com\/hashtag\/Istanbul2023?src=hash&amp;ref_src=twsrc%5Etfw\">#Istanbul2023<\/a><a href=\"https:\/\/t.co\/ZtyxDDkQCf\">pic.twitter.com\/ZtyxDDkQCf<\/a><\/p>\n<p>\u2014 Travis Miller (@travismillerx13) <a href=\"https:\/\/twitter.com\/travismillerx13\/status\/1631358556166291457?ref_src=twsrc%5Etfw\">March 2, 2023<\/a><\/p><\/blockquote>\n<p><script async src=\"https:\/\/platform.twitter.com\/widgets.js\" charset=\"utf-8\"><\/script><\/p>\n<ul>\n<li style=\"text-align: justify;\"><strong>\u00c0 lire aussi &#8211; <a href=\"https:\/\/dicodusport.fr\/blog\/athletisme-programme-et-resultats-championnats-deurope-en-salle-2023\/\">Programme et r\u00e9sultats Championnats d\u2019Europe d&rsquo;athl\u00e9tisme en salle 2023<\/a><\/strong><\/li>\n<\/ul>\n<p align=\"justify\">\n","protected":false},"excerpt":{"rendered":"<p>CHAMPIONNATS D&rsquo;EUROPE EN SALLE 2023 &#8211; Azeddine Habz se qualifie en finale du 1 500 m au terme de la premi\u00e8re journ\u00e9e de comp\u00e9tition \u00e0 Istanbul (Turquie). Benjamin Robert a \u00e9t\u00e9 solide sur le 800 m. Yaroslava Mahuchikh s&rsquo;est fait une grosse frayeur \u00e0 la hauteur, tandis que Pablo Pichardo s&rsquo;est approch\u00e9 d&rsquo;un record de la comp\u00e9tition.<\/p>\n","protected":false},"author":83,"featured_media":361036,"comment_status":"open","ping_status":"closed","sticky":false,"template":"","format":"standard","meta":{"_acf_changed":false,"_daextam_enable_autolinks":"","footnotes":""},"categories":[46996],"tags":[7383,14955,16878],"class_list":["post-360966","post","type-post","status-publish","format-standard","has-post-thumbnail","hentry","category-championnats-d-europe-athletisme","tag-athletisme-indoor","tag-azeddine-habz","tag-breve"],"acf":[],"yoast_head":"<!-- This site is optimized with the Yoast SEO Premium plugin v26.7 (Yoast SEO v26.7) - https:\/\/yoast.com\/wordpress\/plugins\/seo\/ -->\n<title>Athl\u00e9tisme Europe en salle 2023 : Habz et Robert solides, les r\u00e9sultats de la 1\u00e8re journ\u00e9e<\/title>\n<meta name=\"description\" content=\"CHAMPIONNATS D&#039;EUROPE EN SALLE 2023 - Azeddine Habz se qualifie en finale du 1500 m au terme de la premi\u00e8re journ\u00e9e de comp\u00e9tition.\u00a0\" \/>\n<meta name=\"robots\" content=\"index, follow, max-snippet:-1, max-image-preview:large, max-video-preview:-1\" \/>\n<link rel=\"canonical\" href=\"https:\/\/dicodusport.fr\/blog\/athletisme-europe-en-salle-2023-habz-et-robert-solides-les-resultats-de-la-1ere-journee\/\" \/>\n<meta property=\"og:locale\" content=\"fr_FR\" \/>\n<meta property=\"og:type\" content=\"article\" \/>\n<meta property=\"og:title\" content=\"Athl\u00e9tisme Europe en salle 2023 : Habz et Robert solides, les r\u00e9sultats de la 1\u00e8re journ\u00e9e\" \/>\n<meta property=\"og:description\" content=\"CHAMPIONNATS D&#039;EUROPE EN SALLE 2023 - Azeddine Habz se qualifie en finale du 1500 m au terme de la premi\u00e8re journ\u00e9e de comp\u00e9tition.\u00a0\" \/>\n<meta property=\"og:url\" content=\"https:\/\/dicodusport.fr\/blog\/athletisme-europe-en-salle-2023-habz-et-robert-solides-les-resultats-de-la-1ere-journee\/\" \/>\n<meta property=\"og:site_name\" content=\"Dicodusport\" \/>\n<meta property=\"article:publisher\" content=\"https:\/\/www.facebook.com\/dicodusport\" \/>\n<meta property=\"article:published_time\" content=\"2023-03-02T19:04:28+00:00\" \/>\n<meta property=\"article:modified_time\" content=\"2023-03-02T21:55:09+00:00\" \/>\n<meta property=\"og:image\" content=\"https:\/\/dicodusport.fr\/blog\/wp-content\/uploads\/2023\/03\/Championnats-dEurope-en-salle-2023-Habz-Robert-solides-Kandissounon-au-finish.png\" \/>\n\t<meta property=\"og:image:width\" content=\"800\" \/>\n\t<meta property=\"og:image:height\" content=\"445\" \/>\n\t<meta property=\"og:image:type\" content=\"image\/png\" \/>\n<meta name=\"author\" content=\"Etienne Goursaud\" \/>\n<meta name=\"twitter:card\" content=\"summary_large_image\" \/>\n<meta name=\"twitter:title\" content=\"Athl\u00e9tisme Europe en salle 2023 : Habz et Robert solides, les r\u00e9sultats de la 1\u00e8re journ\u00e9e\" \/>\n<meta name=\"twitter:creator\" content=\"@dicodusport\" \/>\n<meta name=\"twitter:site\" content=\"@dicodusport\" \/>\n<script type=\"application\/ld+json\" class=\"yoast-schema-graph\">{\"@context\":\"https:\/\/schema.org\",\"@graph\":[{\"@type\":\"NewsArticle\",\"@id\":\"https:\/\/dicodusport.fr\/blog\/athletisme-europe-en-salle-2023-habz-et-robert-solides-les-resultats-de-la-1ere-journee\/#article\",\"isPartOf\":{\"@id\":\"https:\/\/dicodusport.fr\/blog\/athletisme-europe-en-salle-2023-habz-et-robert-solides-les-resultats-de-la-1ere-journee\/\"},\"author\":{\"name\":\"Etienne Goursaud\",\"@id\":\"https:\/\/dicodusport.fr\/blog\/#\/schema\/person\/d603dd7da31fb2b46c82b9835a77ec13\"},\"headline\":\"Athl\u00e9tisme Europe en salle 2023 : Habz et Robert solides, les r\u00e9sultats de la 1\u00e8re journ\u00e9e\",\"datePublished\":\"2023-03-02T19:04:28+00:00\",\"dateModified\":\"2023-03-02T21:55:09+00:00\",\"mainEntityOfPage\":{\"@id\":\"https:\/\/dicodusport.fr\/blog\/athletisme-europe-en-salle-2023-habz-et-robert-solides-les-resultats-de-la-1ere-journee\/\"},\"wordCount\":966,\"commentCount\":0,\"publisher\":{\"@id\":\"https:\/\/dicodusport.fr\/blog\/#organization\"},\"image\":{\"@id\":\"https:\/\/dicodusport.fr\/blog\/athletisme-europe-en-salle-2023-habz-et-robert-solides-les-resultats-de-la-1ere-journee\/#primaryimage\"},\"thumbnailUrl\":\"https:\/\/dicodusport.fr\/blog\/wp-content\/uploads\/2023\/03\/Championnats-dEurope-en-salle-2023-Habz-Robert-solides-Kandissounon-au-finish.png\",\"keywords\":[\"athl\u00e9tisme indoor\",\"Azeddine Habz\",\"br\u00e8ve\"],\"articleSection\":[\"Championnats d'Europe d'athl\u00e9tisme\"],\"inLanguage\":\"fr-FR\",\"potentialAction\":[{\"@type\":\"CommentAction\",\"name\":\"Comment\",\"target\":[\"https:\/\/dicodusport.fr\/blog\/athletisme-europe-en-salle-2023-habz-et-robert-solides-les-resultats-de-la-1ere-journee\/#respond\"]}],\"copyrightYear\":\"2023\",\"copyrightHolder\":{\"@id\":\"https:\/\/dicodusport.fr\/blog\/#organization\"}},{\"@type\":\"WebPage\",\"@id\":\"https:\/\/dicodusport.fr\/blog\/athletisme-europe-en-salle-2023-habz-et-robert-solides-les-resultats-de-la-1ere-journee\/\",\"url\":\"https:\/\/dicodusport.fr\/blog\/athletisme-europe-en-salle-2023-habz-et-robert-solides-les-resultats-de-la-1ere-journee\/\",\"name\":\"Athl\u00e9tisme Europe en salle 2023 : Habz et Robert solides, les r\u00e9sultats de la 1\u00e8re journ\u00e9e\",\"isPartOf\":{\"@id\":\"https:\/\/dicodusport.fr\/blog\/#website\"},\"primaryImageOfPage\":{\"@id\":\"https:\/\/dicodusport.fr\/blog\/athletisme-europe-en-salle-2023-habz-et-robert-solides-les-resultats-de-la-1ere-journee\/#primaryimage\"},\"image\":{\"@id\":\"https:\/\/dicodusport.fr\/blog\/athletisme-europe-en-salle-2023-habz-et-robert-solides-les-resultats-de-la-1ere-journee\/#primaryimage\"},\"thumbnailUrl\":\"https:\/\/dicodusport.fr\/blog\/wp-content\/uploads\/2023\/03\/Championnats-dEurope-en-salle-2023-Habz-Robert-solides-Kandissounon-au-finish.png\",\"datePublished\":\"2023-03-02T19:04:28+00:00\",\"dateModified\":\"2023-03-02T21:55:09+00:00\",\"description\":\"CHAMPIONNATS D'EUROPE EN SALLE 2023 - Azeddine Habz se qualifie en finale du 1500 m au terme de la premi\u00e8re journ\u00e9e de comp\u00e9tition.\u00a0\",\"breadcrumb\":{\"@id\":\"https:\/\/dicodusport.fr\/blog\/athletisme-europe-en-salle-2023-habz-et-robert-solides-les-resultats-de-la-1ere-journee\/#breadcrumb\"},\"inLanguage\":\"fr-FR\",\"potentialAction\":[{\"@type\":\"ReadAction\",\"target\":[\"https:\/\/dicodusport.fr\/blog\/athletisme-europe-en-salle-2023-habz-et-robert-solides-les-resultats-de-la-1ere-journee\/\"]}]},{\"@type\":\"ImageObject\",\"inLanguage\":\"fr-FR\",\"@id\":\"https:\/\/dicodusport.fr\/blog\/athletisme-europe-en-salle-2023-habz-et-robert-solides-les-resultats-de-la-1ere-journee\/#primaryimage\",\"url\":\"https:\/\/dicodusport.fr\/blog\/wp-content\/uploads\/2023\/03\/Championnats-dEurope-en-salle-2023-Habz-Robert-solides-Kandissounon-au-finish.png\",\"contentUrl\":\"https:\/\/dicodusport.fr\/blog\/wp-content\/uploads\/2023\/03\/Championnats-dEurope-en-salle-2023-Habz-Robert-solides-Kandissounon-au-finish.png\",\"width\":800,\"height\":445,\"caption\":\"Photo Icon Sport\"},{\"@type\":\"BreadcrumbList\",\"@id\":\"https:\/\/dicodusport.fr\/blog\/athletisme-europe-en-salle-2023-habz-et-robert-solides-les-resultats-de-la-1ere-journee\/#breadcrumb\",\"itemListElement\":[{\"@type\":\"ListItem\",\"position\":1,\"name\":\"Accueil\",\"item\":\"https:\/\/dicodusport.fr\/blog\/\"},{\"@type\":\"ListItem\",\"position\":2,\"name\":\"Athl\u00e9tisme Europe en salle 2023 : Habz et Robert solides, les r\u00e9sultats de la 1\u00e8re journ\u00e9e\"}]},{\"@type\":\"WebSite\",\"@id\":\"https:\/\/dicodusport.fr\/blog\/#website\",\"url\":\"https:\/\/dicodusport.fr\/blog\/\",\"name\":\"Dicodusport\",\"description\":\"L&#039;encyclop\u00e9die de l&#039;actualit\u00e9 sportive\",\"publisher\":{\"@id\":\"https:\/\/dicodusport.fr\/blog\/#organization\"},\"potentialAction\":[{\"@type\":\"SearchAction\",\"target\":{\"@type\":\"EntryPoint\",\"urlTemplate\":\"https:\/\/dicodusport.fr\/blog\/?s={search_term_string}\"},\"query-input\":{\"@type\":\"PropertyValueSpecification\",\"valueRequired\":true,\"valueName\":\"search_term_string\"}}],\"inLanguage\":\"fr-FR\"},{\"@type\":\"NewsMediaOrganization\",\"@id\":\"https:\/\/dicodusport.fr\/blog\/#organization\",\"name\":\"Dicodusport\",\"url\":\"https:\/\/dicodusport.fr\/blog\/\",\"logo\":{\"@type\":\"ImageObject\",\"inLanguage\":\"fr-FR\",\"@id\":\"https:\/\/dicodusport.fr\/blog\/#\/schema\/logo\/image\/\",\"url\":\"https:\/\/dicodusport.fr\/blog\/wp-content\/uploads\/2020\/06\/cropped-LOGO-DICODUSPORT-2020-SANS-FOND-SANS-TEXTE.png\",\"contentUrl\":\"https:\/\/dicodusport.fr\/blog\/wp-content\/uploads\/2020\/06\/cropped-LOGO-DICODUSPORT-2020-SANS-FOND-SANS-TEXTE.png\",\"width\":512,\"height\":512,\"caption\":\"Dicodusport\"},\"image\":{\"@id\":\"https:\/\/dicodusport.fr\/blog\/#\/schema\/logo\/image\/\"},\"sameAs\":[\"https:\/\/www.facebook.com\/dicodusport\",\"https:\/\/x.com\/dicodusport\",\"https:\/\/www.instagram.com\/dicodusport\/\",\"https:\/\/www.youtube.com\/channel\/UC7V2KZ5sd3htJivAbA4ZG3w\"],\"description\":\"Dicodusport est l'encyclop\u00e9die de l'actualit\u00e9 sportive.\",\"email\":\"bonjour@dicodusport.fr\",\"legalName\":\"DICODUSPORT\",\"foundingDate\":\"2018-01-14\",\"vatID\":\"FR71834470973\",\"taxID\":\"83447097300043\",\"numberOfEmployees\":{\"@type\":\"QuantitativeValue\",\"minValue\":\"1\",\"maxValue\":\"10\"}},{\"@type\":\"Person\",\"@id\":\"https:\/\/dicodusport.fr\/blog\/#\/schema\/person\/d603dd7da31fb2b46c82b9835a77ec13\",\"name\":\"Etienne Goursaud\",\"image\":{\"@type\":\"ImageObject\",\"inLanguage\":\"fr-FR\",\"@id\":\"https:\/\/dicodusport.fr\/blog\/#\/schema\/person\/image\/\",\"url\":\"https:\/\/dicodusport.fr\/blog\/wp-content\/uploads\/2023\/12\/410122264_10231602061736049_5565839791558026645_n-150x150.jpg\",\"contentUrl\":\"https:\/\/dicodusport.fr\/blog\/wp-content\/uploads\/2023\/12\/410122264_10231602061736049_5565839791558026645_n-150x150.jpg\",\"caption\":\"Etienne Goursaud\"},\"description\":\"Journaliste et amoureux de sport. Ancien footballeur reconverti athl\u00e8te quand ses muscles le laissent tranquille. \u00c9lev\u00e9 \u00e0 la sauce des exploits de Thomas Voeckler en 2004, du dernier essai de l\u00e9gende de Eunice Barber \u00e0 la longueur lors des championnats du monde d'athl\u00e9tisme de 2003 mais aussi Zidane, Omeyer et Titou Lamaison.\",\"url\":\"https:\/\/dicodusport.fr\/blog\/author\/etienne-goursaud\/\"}]}<\/script>\n<!-- \/ Yoast SEO Premium plugin. -->","yoast_head_json":{"title":"Athl\u00e9tisme Europe en salle 2023 : Habz et Robert solides, les r\u00e9sultats de la 1\u00e8re journ\u00e9e","description":"CHAMPIONNATS D'EUROPE EN SALLE 2023 - Azeddine Habz se qualifie en finale du 1500 m au terme de la premi\u00e8re journ\u00e9e de comp\u00e9tition.\u00a0","robots":{"index":"index","follow":"follow","max-snippet":"max-snippet:-1","max-image-preview":"max-image-preview:large","max-video-preview":"max-video-preview:-1"},"canonical":"https:\/\/dicodusport.fr\/blog\/athletisme-europe-en-salle-2023-habz-et-robert-solides-les-resultats-de-la-1ere-journee\/","og_locale":"fr_FR","og_type":"article","og_title":"Athl\u00e9tisme Europe en salle 2023 : Habz et Robert solides, les r\u00e9sultats de la 1\u00e8re journ\u00e9e","og_description":"CHAMPIONNATS D'EUROPE EN SALLE 2023 - Azeddine Habz se qualifie en finale du 1500 m au terme de la premi\u00e8re journ\u00e9e de comp\u00e9tition.\u00a0","og_url":"https:\/\/dicodusport.fr\/blog\/athletisme-europe-en-salle-2023-habz-et-robert-solides-les-resultats-de-la-1ere-journee\/","og_site_name":"Dicodusport","article_publisher":"https:\/\/www.facebook.com\/dicodusport","article_published_time":"2023-03-02T19:04:28+00:00","article_modified_time":"2023-03-02T21:55:09+00:00","og_image":[{"width":800,"height":445,"url":"https:\/\/dicodusport.fr\/blog\/wp-content\/uploads\/2023\/03\/Championnats-dEurope-en-salle-2023-Habz-Robert-solides-Kandissounon-au-finish.png","type":"image\/png"}],"author":"Etienne Goursaud","twitter_card":"summary_large_image","twitter_title":"Athl\u00e9tisme Europe en salle 2023 : Habz et Robert solides, les r\u00e9sultats de la 1\u00e8re journ\u00e9e","twitter_creator":"@dicodusport","twitter_site":"@dicodusport","schema":{"@context":"https:\/\/schema.org","@graph":[{"@type":"NewsArticle","@id":"https:\/\/dicodusport.fr\/blog\/athletisme-europe-en-salle-2023-habz-et-robert-solides-les-resultats-de-la-1ere-journee\/#article","isPartOf":{"@id":"https:\/\/dicodusport.fr\/blog\/athletisme-europe-en-salle-2023-habz-et-robert-solides-les-resultats-de-la-1ere-journee\/"},"author":{"name":"Etienne Goursaud","@id":"https:\/\/dicodusport.fr\/blog\/#\/schema\/person\/d603dd7da31fb2b46c82b9835a77ec13"},"headline":"Athl\u00e9tisme Europe en salle 2023 : Habz et Robert solides, les r\u00e9sultats de la 1\u00e8re journ\u00e9e","datePublished":"2023-03-02T19:04:28+00:00","dateModified":"2023-03-02T21:55:09+00:00","mainEntityOfPage":{"@id":"https:\/\/dicodusport.fr\/blog\/athletisme-europe-en-salle-2023-habz-et-robert-solides-les-resultats-de-la-1ere-journee\/"},"wordCount":966,"commentCount":0,"publisher":{"@id":"https:\/\/dicodusport.fr\/blog\/#organization"},"image":{"@id":"https:\/\/dicodusport.fr\/blog\/athletisme-europe-en-salle-2023-habz-et-robert-solides-les-resultats-de-la-1ere-journee\/#primaryimage"},"thumbnailUrl":"https:\/\/dicodusport.fr\/blog\/wp-content\/uploads\/2023\/03\/Championnats-dEurope-en-salle-2023-Habz-Robert-solides-Kandissounon-au-finish.png","keywords":["athl\u00e9tisme indoor","Azeddine Habz","br\u00e8ve"],"articleSection":["Championnats d'Europe d'athl\u00e9tisme"],"inLanguage":"fr-FR","potentialAction":[{"@type":"CommentAction","name":"Comment","target":["https:\/\/dicodusport.fr\/blog\/athletisme-europe-en-salle-2023-habz-et-robert-solides-les-resultats-de-la-1ere-journee\/#respond"]}],"copyrightYear":"2023","copyrightHolder":{"@id":"https:\/\/dicodusport.fr\/blog\/#organization"}},{"@type":"WebPage","@id":"https:\/\/dicodusport.fr\/blog\/athletisme-europe-en-salle-2023-habz-et-robert-solides-les-resultats-de-la-1ere-journee\/","url":"https:\/\/dicodusport.fr\/blog\/athletisme-europe-en-salle-2023-habz-et-robert-solides-les-resultats-de-la-1ere-journee\/","name":"Athl\u00e9tisme Europe en salle 2023 : Habz et Robert solides, les r\u00e9sultats de la 1\u00e8re journ\u00e9e","isPartOf":{"@id":"https:\/\/dicodusport.fr\/blog\/#website"},"primaryImageOfPage":{"@id":"https:\/\/dicodusport.fr\/blog\/athletisme-europe-en-salle-2023-habz-et-robert-solides-les-resultats-de-la-1ere-journee\/#primaryimage"},"image":{"@id":"https:\/\/dicodusport.fr\/blog\/athletisme-europe-en-salle-2023-habz-et-robert-solides-les-resultats-de-la-1ere-journee\/#primaryimage"},"thumbnailUrl":"https:\/\/dicodusport.fr\/blog\/wp-content\/uploads\/2023\/03\/Championnats-dEurope-en-salle-2023-Habz-Robert-solides-Kandissounon-au-finish.png","datePublished":"2023-03-02T19:04:28+00:00","dateModified":"2023-03-02T21:55:09+00:00","description":"CHAMPIONNATS D'EUROPE EN SALLE 2023 - Azeddine Habz se qualifie en finale du 1500 m au terme de la premi\u00e8re journ\u00e9e de comp\u00e9tition.\u00a0","breadcrumb":{"@id":"https:\/\/dicodusport.fr\/blog\/athletisme-europe-en-salle-2023-habz-et-robert-solides-les-resultats-de-la-1ere-journee\/#breadcrumb"},"inLanguage":"fr-FR","potentialAction":[{"@type":"ReadAction","target":["https:\/\/dicodusport.fr\/blog\/athletisme-europe-en-salle-2023-habz-et-robert-solides-les-resultats-de-la-1ere-journee\/"]}]},{"@type":"ImageObject","inLanguage":"fr-FR","@id":"https:\/\/dicodusport.fr\/blog\/athletisme-europe-en-salle-2023-habz-et-robert-solides-les-resultats-de-la-1ere-journee\/#primaryimage","url":"https:\/\/dicodusport.fr\/blog\/wp-content\/uploads\/2023\/03\/Championnats-dEurope-en-salle-2023-Habz-Robert-solides-Kandissounon-au-finish.png","contentUrl":"https:\/\/dicodusport.fr\/blog\/wp-content\/uploads\/2023\/03\/Championnats-dEurope-en-salle-2023-Habz-Robert-solides-Kandissounon-au-finish.png","width":800,"height":445,"caption":"Photo Icon Sport"},{"@type":"BreadcrumbList","@id":"https:\/\/dicodusport.fr\/blog\/athletisme-europe-en-salle-2023-habz-et-robert-solides-les-resultats-de-la-1ere-journee\/#breadcrumb","itemListElement":[{"@type":"ListItem","position":1,"name":"Accueil","item":"https:\/\/dicodusport.fr\/blog\/"},{"@type":"ListItem","position":2,"name":"Athl\u00e9tisme Europe en salle 2023 : Habz et Robert solides, les r\u00e9sultats de la 1\u00e8re journ\u00e9e"}]},{"@type":"WebSite","@id":"https:\/\/dicodusport.fr\/blog\/#website","url":"https:\/\/dicodusport.fr\/blog\/","name":"Dicodusport","description":"L&#039;encyclop\u00e9die de l&#039;actualit\u00e9 sportive","publisher":{"@id":"https:\/\/dicodusport.fr\/blog\/#organization"},"potentialAction":[{"@type":"SearchAction","target":{"@type":"EntryPoint","urlTemplate":"https:\/\/dicodusport.fr\/blog\/?s={search_term_string}"},"query-input":{"@type":"PropertyValueSpecification","valueRequired":true,"valueName":"search_term_string"}}],"inLanguage":"fr-FR"},{"@type":"NewsMediaOrganization","@id":"https:\/\/dicodusport.fr\/blog\/#organization","name":"Dicodusport","url":"https:\/\/dicodusport.fr\/blog\/","logo":{"@type":"ImageObject","inLanguage":"fr-FR","@id":"https:\/\/dicodusport.fr\/blog\/#\/schema\/logo\/image\/","url":"https:\/\/dicodusport.fr\/blog\/wp-content\/uploads\/2020\/06\/cropped-LOGO-DICODUSPORT-2020-SANS-FOND-SANS-TEXTE.png","contentUrl":"https:\/\/dicodusport.fr\/blog\/wp-content\/uploads\/2020\/06\/cropped-LOGO-DICODUSPORT-2020-SANS-FOND-SANS-TEXTE.png","width":512,"height":512,"caption":"Dicodusport"},"image":{"@id":"https:\/\/dicodusport.fr\/blog\/#\/schema\/logo\/image\/"},"sameAs":["https:\/\/www.facebook.com\/dicodusport","https:\/\/x.com\/dicodusport","https:\/\/www.instagram.com\/dicodusport\/","https:\/\/www.youtube.com\/channel\/UC7V2KZ5sd3htJivAbA4ZG3w"],"description":"Dicodusport est l'encyclop\u00e9die de l'actualit\u00e9 sportive.","email":"bonjour@dicodusport.fr","legalName":"DICODUSPORT","foundingDate":"2018-01-14","vatID":"FR71834470973","taxID":"83447097300043","numberOfEmployees":{"@type":"QuantitativeValue","minValue":"1","maxValue":"10"}},{"@type":"Person","@id":"https:\/\/dicodusport.fr\/blog\/#\/schema\/person\/d603dd7da31fb2b46c82b9835a77ec13","name":"Etienne Goursaud","image":{"@type":"ImageObject","inLanguage":"fr-FR","@id":"https:\/\/dicodusport.fr\/blog\/#\/schema\/person\/image\/","url":"https:\/\/dicodusport.fr\/blog\/wp-content\/uploads\/2023\/12\/410122264_10231602061736049_5565839791558026645_n-150x150.jpg","contentUrl":"https:\/\/dicodusport.fr\/blog\/wp-content\/uploads\/2023\/12\/410122264_10231602061736049_5565839791558026645_n-150x150.jpg","caption":"Etienne Goursaud"},"description":"Journaliste et amoureux de sport. Ancien footballeur reconverti athl\u00e8te quand ses muscles le laissent tranquille. \u00c9lev\u00e9 \u00e0 la sauce des exploits de Thomas Voeckler en 2004, du dernier essai de l\u00e9gende de Eunice Barber \u00e0 la longueur lors des championnats du monde d'athl\u00e9tisme de 2003 mais aussi Zidane, Omeyer et Titou Lamaison.","url":"https:\/\/dicodusport.fr\/blog\/author\/etienne-goursaud\/"}]}},"_links":{"self":[{"href":"https:\/\/dicodusport.fr\/blog\/wp-json\/wp\/v2\/posts\/360966","targetHints":{"allow":["GET"]}}],"collection":[{"href":"https:\/\/dicodusport.fr\/blog\/wp-json\/wp\/v2\/posts"}],"about":[{"href":"https:\/\/dicodusport.fr\/blog\/wp-json\/wp\/v2\/types\/post"}],"author":[{"embeddable":true,"href":"https:\/\/dicodusport.fr\/blog\/wp-json\/wp\/v2\/users\/83"}],"replies":[{"embeddable":true,"href":"https:\/\/dicodusport.fr\/blog\/wp-json\/wp\/v2\/comments?post=360966"}],"version-history":[{"count":0,"href":"https:\/\/dicodusport.fr\/blog\/wp-json\/wp\/v2\/posts\/360966\/revisions"}],"wp:featuredmedia":[{"embeddable":true,"href":"https:\/\/dicodusport.fr\/blog\/wp-json\/wp\/v2\/media\/361036"}],"wp:attachment":[{"href":"https:\/\/dicodusport.fr\/blog\/wp-json\/wp\/v2\/media?parent=360966"}],"wp:term":[{"taxonomy":"category","embeddable":true,"href":"https:\/\/dicodusport.fr\/blog\/wp-json\/wp\/v2\/categories?post=360966"},{"taxonomy":"post_tag","embeddable":true,"href":"https:\/\/dicodusport.fr\/blog\/wp-json\/wp\/v2\/tags?post=360966"}],"curies":[{"name":"wp","href":"https:\/\/api.w.org\/{rel}","templated":true}]}}