{"id":361082,"date":"2023-03-03T11:31:51","date_gmt":"2023-03-03T10:31:51","guid":{"rendered":"https:\/\/dicodusport.fr\/blog\/?p=361082&#038;preview=true&#038;preview_id=361082"},"modified":"2023-03-03T14:40:48","modified_gmt":"2023-03-03T13:40:48","slug":"athletisme-europe-en-salle-2023-nafissatou-thiam-est-bien-en-forme-et-en-tete-du-pentathlon","status":"publish","type":"post","link":"https:\/\/dicodusport.fr\/blog\/athletisme-europe-en-salle-2023-nafissatou-thiam-est-bien-en-forme-et-en-tete-du-pentathlon\/","title":{"rendered":"Athl\u00e9tisme Europe en salle 2023 : Nafissatou Thiam est bien en forme et en t\u00eate du pentathlon"},"content":{"rendered":"<p style=\"text-align: justify;\"><strong><em><a title=\"Athl\u00e9tisme \u2013 Programme et r\u00e9sultats Championnats d\u2019Europe en salle 2023\" href=\"https:\/\/dicodusport.fr\/blog\/athletisme-programme-et-resultats-championnats-deurope-en-salle-2023\/\" target=\"_blank\" rel=\"noopener\">CHAMPIONNATS D&rsquo;EUROPE EN SALLE D&rsquo;ATHL\u00c9TISME 2023<\/a> &#8211; La bataille attendue au pentathlon a bien lieu ! Si, Nafissatou Thiam est en t\u00eate, Adrianna Sulek la talonne, tout comme Noor Vidts. L\u00e9onie Cambours a abandonn\u00e9.<br \/>\n<\/em><\/strong><\/p>\n<h2>60 m haies : Sulek pose le d\u00e9cor<\/h2>\n<p style=\"text-align: justify;\">Dans la deuxi\u00e8me s\u00e9rie qui regroupait les favorites, <strong>Nafissatou Thiam<\/strong> est bien partie. Mais elle a \u00e9t\u00e9 battue sur la ligne par <strong>Noor Vidts<\/strong> et <strong>Adrianna Sulek<\/strong> qui ont couru en 8\u203321. Elles ont d\u00fb \u00eatre d\u00e9partag\u00e9es au milli\u00e8me de secondes et la Polonaise qui a le record du monde en ligne de mire, a tout simplement battu son record personnel ! On se posait des questions sur Noor Vidts qui a eu une saison tronqu\u00e9e, malade ces derni\u00e8res semaines. Elle a tout de suite rassur\u00e9. \u00c0 voir si elle tiendra la distance. Nafi Thiam termine donc en 8\u203323 soit en \u00e9galant son record personnel. Sachant que c&rsquo;est la premi\u00e8re comp\u00e9tition de l&rsquo;ann\u00e9e pour la Belge qui a chang\u00e9 d&rsquo;encadrement, c&rsquo;est \u00e9galement rassurant.<\/p>\n<p style=\"text-align: justify;\">D\u00e9ception pour <strong>L\u00e9onie Cambours<\/strong>. Sur une \u00e9preuve o\u00f9 elle doit marquer plus de points, la jeune Fran\u00e7aise n&rsquo;a pas suivi l&rsquo;aspiration de Thiam. Elle termine derni\u00e8re de sa s\u00e9rie en 8\u203352. Son plus mauvais temps sur la distance depuis 2021 !<\/p>\n<h2>Saut en hauteur : duel au sommet !<\/h2>\n<p style=\"text-align: justify;\">Et le calvaire s&rsquo;est poursuivi \u00e0 la hauteur. Dans un concours qui peut durer tr\u00e8s longtemps avec Nafi Thiam, <strong>L\u00e9onie Cambours<\/strong> a d\u00e9but\u00e9 \u00e0 1.62 m avec succ\u00e8s. Apr\u00e8s avoir fait l&rsquo;impasse \u00e0 1.66 m, sa cuisse a touch\u00e9 la barre \u00e0 deux reprises \u00e0 1.68 m. Elle passe finalement \u00e0 son 3e essai. M\u00eame sc\u00e9nario \u00e0 1.71 m. Mais le couperet est tomb\u00e9 \u00e0 1.74 m. <a href=\"https:\/\/dicodusport.fr\/blog\/championnats-deurope-dathletisme-2022-heptathlon-nafissatou-thiam-en-tete-apres-4-epreuves\/\" target=\"_blank\" rel=\"noopener\">Comme \u00e0 Munich<\/a> l&rsquo;\u00e9t\u00e9 dernier, c&rsquo;est une premi\u00e8re journ\u00e9e tr\u00e8s difficile pour la Fran\u00e7aise. Et elle a finalement d\u00e9cid\u00e9 d&rsquo;<strong>abandonner<\/strong>, touch\u00e9e \u00e0 la cheville. S&rsquo;arr\u00eatant \u00e0 1.68 m, la Finlandaise <strong>Saga Vanninen<\/strong> a \u00e9galement perdu beaucoup de points.<\/p>\n<p style=\"text-align: justify;\">Parmi les favorites, on a eu le droit \u00e0 la bagarre \u00e0 3 attendue. Mais <strong>Sofie Dokter<\/strong>, 20 ans s&rsquo;y est \u00e9galement m\u00eal\u00e9e. La jeune N\u00e9erlandaise a franchi 1.83 m \u00e0 son dernier essai pour se donner le droit de continuer. Elle n&rsquo;a pas r\u00e9ussi \u00e0 \u00e9galer son record personnel et s&rsquo;arr\u00eate donc \u00e0 1.83 m mais grappille ainsi de pr\u00e9cieux points.<\/p>\n<p style=\"text-align: justify;\">Parfaite \u00e0 de 1.68 m \u00e0 1.80 m, <strong>Noor Vidts<\/strong> a eu besoin de 2 sauts pour franchir 1.83 m. Mais son deuxi\u00e8me essai avait de la marge et on avait l&rsquo;impression qu&rsquo;\u00e9tait en mesure d&rsquo;aller battre son record personnel (1.84 m). Mais sur son premier essai \u00e0 1.86 m, elle s&rsquo;est trop \u00e9cras\u00e9e. Finalement, elle s&rsquo;arr\u00eate \u00e0 cette barre. Si elle a mis plus de vitesse \u00e0 son dernier essai, elle touche la barre en montant.<\/p>\n<p style=\"text-align: justify;\">Habitu\u00e9e \u00e0 finir seule, <strong>Nafi Thiam<\/strong> a d\u00e9but\u00e9 son concours \u00e0 1.80 m. Parfaite jusqu&rsquo;\u00e0 1.89 m, elle a mis la pression sur <strong>Adrianna Sulek<\/strong>. La Polonaise a d\u00e9but\u00e9 \u00e0 1.74 m et a connu son premier \u00e9chec \u00e0 1.89 m. C&rsquo;est son record personnel en salle qu&rsquo;elle vient d&rsquo;\u00e9tablir lors des Championnats de Pologne. Et avec l&rsquo;appui du public, elle a effac\u00e9 la barre \u00e0 sa deuxi\u00e8me tentative. La Belge a \u00e0 son tour connu son premier \u00e9chec \u00e0 1.92 m. Et apr\u00e8s un deuxi\u00e8me \u00e9chec, elle a franchi la barre. Tandis que Sulek a d\u00fb se r\u00e9soudre \u00e0 rendre les armes. Son troisi\u00e8me saut \u00e9tait meilleur mais la barre a fini par trembler et tomber.<\/p>\n<p>Et donc, comme d&rsquo;habitude, <strong>Thiam<\/strong> a fini seule ! Mais elle n&rsquo;a pas r\u00e9ussi \u00e0 franchir 1.95 m. Elle prend tout de m\u00eame la t\u00eate du pentathlon avec 34 points d&rsquo;avance sur Sulek et 111 sur Vidts. De quoi promettre une fin de journ\u00e9e int\u00e9ressante.<\/p>\n<h2>Lancer du poids : une Nafi record !<\/h2>\n<p style=\"text-align: justify;\">Cette \u00e9preuve devait permettre \u00e0 <strong>Nafi Thiam<\/strong> d&rsquo;accro\u00eetre son avance sur <strong>Adrianna Sulek<\/strong>. Et c&rsquo;est ce qu&rsquo;elle a fait. Apr\u00e8s un jet \u00e0 14.80 m, elle s&rsquo;est rapproch\u00e9e de 4 cm de son record personnel en lan\u00e7ant \u00e0 15.48 m. Et pour finir, elle a \u00e9tabli un nouveau <strong>record personnel<\/strong> ! Son troisi\u00e8me lancer a \u00e9t\u00e9 mesur\u00e9 \u00e0 <strong>15.54 m<\/strong>.<\/p>\n<p style=\"text-align: justify;\">Nouveau record personnel \u00e9galement (en salle) pour la Polonaise. Elle a mis 24 cm \u00e0 son record \u00e9tabli en janvier en lan\u00e7ant \u00e0 13.89 m \u00e0 son premier essai.<\/p>\n<blockquote class=\"twitter-tweet\">\n<p dir=\"ltr\" lang=\"tr\">\ud83c\udde7\ud83c\uddeaNafissatou Thiam, 15.54 ile kariyer en iyi derecesini yaparak kad\u0131nlar pentatlon g\u00fclle atmay\u0131 da zirvede tamamlad\u0131. <a href=\"https:\/\/t.co\/6CSQ8eHtZ5\">pic.twitter.com\/6CSQ8eHtZ5<\/a><\/p>\n<p>\u2014 TRT Spor Y\u0131ld\u0131z (@trtsporyildiz) <a href=\"https:\/\/twitter.com\/trtsporyildiz\/status\/1631601560009560068?ref_src=twsrc%5Etfw\">March 3, 2023<\/a><\/p><\/blockquote>\n<p><script async src=\"https:\/\/platform.twitter.com\/widgets.js\" charset=\"utf-8\"><\/script><\/p>\n<h2>Un record du monde en danger<\/h2>\n<p style=\"text-align: justify;\"><strong>Adrianna Sulek<\/strong> avait affich\u00e9 la couleur : elle voulait battre le record du monde. Pour<strong> Nafi Thiam<\/strong>, il s&rsquo;agissait de \u00ab\u00a0<em>se tester [&#8230;] avec l&rsquo;id\u00e9e de prendre des informations en vue de la suite de la saison<\/em>\u00ab\u00a0. En effet, elle s&rsquo;entraine avec <strong>Michael Van der Plaetsen<\/strong> en Afrique du Sud depuis novembre. Mais son ancien coach de toujours <strong>Roger Lespagnard<\/strong> lui, affirmait qu&rsquo;elle pouvait battre le record du monde.<\/p>\n<p style=\"text-align: justify;\">Et on est bien parti pour cela ! Thiam a en effet 71 points d&rsquo;avance sur le record de <strong>Nataliya Dobrynska<\/strong> pour qui le poids \u00e9tait l&rsquo;un des principaux points forts. Si la Belge reste sur ses standards \u00e0 la longueur, elle pourra aller le titiller. Mais il faudra faire un excellent concours car le 800 m n&rsquo;est pas son point fort. \u00c0 moins que port\u00e9e par l&rsquo;enjeu, elle nous sorte une course venue de nulle part !<\/p>\n<p style=\"text-align: justify;\">En tout cas, avant les deux derni\u00e8res \u00e9preuves, la Belge est solidement install\u00e9e \u00e0 la premi\u00e8re place avec 3106 points. Elle a 144 points d&rsquo;avance sur Sulek et 206 sur Vidts. En l&rsquo;absence d&rsquo;Anouk Vetter, <strong>Sofie Dokter<\/strong> est a parfaitement pris le relais puisqu&rsquo;elle est actuellement 4e avec 2821 points.<\/p>\n<h2 style=\"text-align: justify;\">\u00c0 lire aussi<\/h2>\n<ul>\n<li style=\"text-align: justify;\"><a title=\"Athl\u00e9tisme Europe en salle 2023 \u2013 Classement du pentathlon\" href=\"https:\/\/dicodusport.fr\/blog\/athletisme-europe-en-salle-2023-classement-du-pentathlon\/\" target=\"_blank\" rel=\"noopener\"><strong>Le classement du pentathlon<\/strong><\/a><\/li>\n<\/ul>\n","protected":false},"excerpt":{"rendered":"<p>CHAMPIONNATS D&rsquo;EUROPE EN SALLE D&rsquo;ATHL\u00c9TISME 2023 &#8211; La bataille attendue au pentathlon a bien eu lieu ! Si, Nafissatou Thiam est en t\u00eate, Adrianna Sulek la talonne, tout comme Noor Vidts. L\u00e9onie Cambours a abandonn\u00e9.<\/p>\n","protected":false},"author":12,"featured_media":361198,"comment_status":"open","ping_status":"closed","sticky":false,"template":"","format":"standard","meta":{"_acf_changed":false,"_daextam_enable_autolinks":"","footnotes":""},"categories":[46996],"tags":[22425,143,16878,22414,18427,150],"class_list":["post-361082","post","type-post","status-publish","format-standard","has-post-thumbnail","hentry","category-championnats-d-europe-athletisme","tag-adrianna-sulek","tag-athletisme","tag-breve","tag-leonie-cambours","tag-noor-vidts","tag-pentathlon"],"acf":[],"yoast_head":"<!-- This site is optimized with the Yoast SEO Premium plugin v26.7 (Yoast SEO v26.7) - https:\/\/yoast.com\/wordpress\/plugins\/seo\/ -->\n<title>Athl\u00e9tisme Europe en salle 2023 : Nafissatou Thiam est bien en forme et en t\u00eate du pentathlon<\/title>\n<meta name=\"description\" content=\"La bataille attendue au pentathlon a bien eu lieu ! Si, Nafissatou Thiam est en t\u00eate, Adrianna Sulek la talonne, tout comme Noor Vidts.\" \/>\n<meta name=\"robots\" content=\"index, follow, max-snippet:-1, max-image-preview:large, max-video-preview:-1\" \/>\n<link rel=\"canonical\" href=\"https:\/\/dicodusport.fr\/blog\/athletisme-europe-en-salle-2023-nafissatou-thiam-est-bien-en-forme-et-en-tete-du-pentathlon\/\" \/>\n<meta property=\"og:locale\" content=\"fr_FR\" \/>\n<meta property=\"og:type\" content=\"article\" \/>\n<meta property=\"og:title\" content=\"Athl\u00e9tisme Europe en salle 2023 : Nafissatou Thiam est bien en forme et en t\u00eate du pentathlon\" \/>\n<meta property=\"og:description\" content=\"La bataille attendue au pentathlon a bien eu lieu ! Si, Nafissatou Thiam est en t\u00eate, Adrianna Sulek la talonne, tout comme Noor Vidts.\" \/>\n<meta property=\"og:url\" content=\"https:\/\/dicodusport.fr\/blog\/athletisme-europe-en-salle-2023-nafissatou-thiam-est-bien-en-forme-et-en-tete-du-pentathlon\/\" \/>\n<meta property=\"og:site_name\" content=\"Dicodusport\" \/>\n<meta property=\"article:publisher\" content=\"https:\/\/www.facebook.com\/dicodusport\" \/>\n<meta property=\"article:published_time\" content=\"2023-03-03T10:31:51+00:00\" \/>\n<meta property=\"article:modified_time\" content=\"2023-03-03T13:40:48+00:00\" \/>\n<meta property=\"og:image\" content=\"https:\/\/dicodusport.fr\/blog\/wp-content\/uploads\/2023\/03\/Athletisme-Europe-en-salle-2023-Nafissatou-Thiam-est-bien-en-forme-et-en-tete-du-pentathlon.png\" \/>\n\t<meta property=\"og:image:width\" content=\"800\" \/>\n\t<meta property=\"og:image:height\" content=\"445\" \/>\n\t<meta property=\"og:image:type\" content=\"image\/png\" \/>\n<meta name=\"author\" content=\"Arlette Yeye\" \/>\n<meta name=\"twitter:card\" content=\"summary_large_image\" \/>\n<meta name=\"twitter:title\" content=\"Athl\u00e9tisme Europe en salle 2023 : Nafissatou Thiam est bien en forme et en t\u00eate du pentathlon\" \/>\n<meta name=\"twitter:creator\" content=\"@https:\/\/twitter.com\/Shiclette94\" \/>\n<meta name=\"twitter:site\" content=\"@dicodusport\" \/>\n<script type=\"application\/ld+json\" class=\"yoast-schema-graph\">{\"@context\":\"https:\/\/schema.org\",\"@graph\":[{\"@type\":\"NewsArticle\",\"@id\":\"https:\/\/dicodusport.fr\/blog\/athletisme-europe-en-salle-2023-nafissatou-thiam-est-bien-en-forme-et-en-tete-du-pentathlon\/#article\",\"isPartOf\":{\"@id\":\"https:\/\/dicodusport.fr\/blog\/athletisme-europe-en-salle-2023-nafissatou-thiam-est-bien-en-forme-et-en-tete-du-pentathlon\/\"},\"author\":{\"name\":\"Arlette Yeye\",\"@id\":\"https:\/\/dicodusport.fr\/blog\/#\/schema\/person\/cce96fa88785bd8573e3d43078ac8c79\"},\"headline\":\"Athl\u00e9tisme Europe en salle 2023 : Nafissatou Thiam est bien en forme et en t\u00eate du pentathlon\",\"datePublished\":\"2023-03-03T10:31:51+00:00\",\"dateModified\":\"2023-03-03T13:40:48+00:00\",\"mainEntityOfPage\":{\"@id\":\"https:\/\/dicodusport.fr\/blog\/athletisme-europe-en-salle-2023-nafissatou-thiam-est-bien-en-forme-et-en-tete-du-pentathlon\/\"},\"wordCount\":986,\"commentCount\":0,\"publisher\":{\"@id\":\"https:\/\/dicodusport.fr\/blog\/#organization\"},\"image\":{\"@id\":\"https:\/\/dicodusport.fr\/blog\/athletisme-europe-en-salle-2023-nafissatou-thiam-est-bien-en-forme-et-en-tete-du-pentathlon\/#primaryimage\"},\"thumbnailUrl\":\"https:\/\/dicodusport.fr\/blog\/wp-content\/uploads\/2023\/03\/Athletisme-Europe-en-salle-2023-Nafissatou-Thiam-est-bien-en-forme-et-en-tete-du-pentathlon.png\",\"keywords\":[\"Adrianna Sulek\",\"Athl\u00e9tisme\",\"br\u00e8ve\",\"L\u00e9onie Cambours\",\"Noor Vidts\",\"Pentathlon\"],\"articleSection\":[\"Championnats d'Europe d'athl\u00e9tisme\"],\"inLanguage\":\"fr-FR\",\"potentialAction\":[{\"@type\":\"CommentAction\",\"name\":\"Comment\",\"target\":[\"https:\/\/dicodusport.fr\/blog\/athletisme-europe-en-salle-2023-nafissatou-thiam-est-bien-en-forme-et-en-tete-du-pentathlon\/#respond\"]}],\"copyrightYear\":\"2023\",\"copyrightHolder\":{\"@id\":\"https:\/\/dicodusport.fr\/blog\/#organization\"}},{\"@type\":\"WebPage\",\"@id\":\"https:\/\/dicodusport.fr\/blog\/athletisme-europe-en-salle-2023-nafissatou-thiam-est-bien-en-forme-et-en-tete-du-pentathlon\/\",\"url\":\"https:\/\/dicodusport.fr\/blog\/athletisme-europe-en-salle-2023-nafissatou-thiam-est-bien-en-forme-et-en-tete-du-pentathlon\/\",\"name\":\"Athl\u00e9tisme Europe en salle 2023 : Nafissatou Thiam est bien en forme et en t\u00eate du pentathlon\",\"isPartOf\":{\"@id\":\"https:\/\/dicodusport.fr\/blog\/#website\"},\"primaryImageOfPage\":{\"@id\":\"https:\/\/dicodusport.fr\/blog\/athletisme-europe-en-salle-2023-nafissatou-thiam-est-bien-en-forme-et-en-tete-du-pentathlon\/#primaryimage\"},\"image\":{\"@id\":\"https:\/\/dicodusport.fr\/blog\/athletisme-europe-en-salle-2023-nafissatou-thiam-est-bien-en-forme-et-en-tete-du-pentathlon\/#primaryimage\"},\"thumbnailUrl\":\"https:\/\/dicodusport.fr\/blog\/wp-content\/uploads\/2023\/03\/Athletisme-Europe-en-salle-2023-Nafissatou-Thiam-est-bien-en-forme-et-en-tete-du-pentathlon.png\",\"datePublished\":\"2023-03-03T10:31:51+00:00\",\"dateModified\":\"2023-03-03T13:40:48+00:00\",\"description\":\"La bataille attendue au pentathlon a bien eu lieu ! Si, Nafissatou Thiam est en t\u00eate, Adrianna Sulek la talonne, tout comme Noor Vidts.\",\"breadcrumb\":{\"@id\":\"https:\/\/dicodusport.fr\/blog\/athletisme-europe-en-salle-2023-nafissatou-thiam-est-bien-en-forme-et-en-tete-du-pentathlon\/#breadcrumb\"},\"inLanguage\":\"fr-FR\",\"potentialAction\":[{\"@type\":\"ReadAction\",\"target\":[\"https:\/\/dicodusport.fr\/blog\/athletisme-europe-en-salle-2023-nafissatou-thiam-est-bien-en-forme-et-en-tete-du-pentathlon\/\"]}]},{\"@type\":\"ImageObject\",\"inLanguage\":\"fr-FR\",\"@id\":\"https:\/\/dicodusport.fr\/blog\/athletisme-europe-en-salle-2023-nafissatou-thiam-est-bien-en-forme-et-en-tete-du-pentathlon\/#primaryimage\",\"url\":\"https:\/\/dicodusport.fr\/blog\/wp-content\/uploads\/2023\/03\/Athletisme-Europe-en-salle-2023-Nafissatou-Thiam-est-bien-en-forme-et-en-tete-du-pentathlon.png\",\"contentUrl\":\"https:\/\/dicodusport.fr\/blog\/wp-content\/uploads\/2023\/03\/Athletisme-Europe-en-salle-2023-Nafissatou-Thiam-est-bien-en-forme-et-en-tete-du-pentathlon.png\",\"width\":800,\"height\":445,\"caption\":\"Athl\u00e9tisme Europe en salle 2023 Nafissatou Thiam est bien en forme et en t\u00eate du pentathlon\"},{\"@type\":\"BreadcrumbList\",\"@id\":\"https:\/\/dicodusport.fr\/blog\/athletisme-europe-en-salle-2023-nafissatou-thiam-est-bien-en-forme-et-en-tete-du-pentathlon\/#breadcrumb\",\"itemListElement\":[{\"@type\":\"ListItem\",\"position\":1,\"name\":\"Accueil\",\"item\":\"https:\/\/dicodusport.fr\/blog\/\"},{\"@type\":\"ListItem\",\"position\":2,\"name\":\"Athl\u00e9tisme Europe en salle 2023 : Nafissatou Thiam est bien en forme et en t\u00eate du pentathlon\"}]},{\"@type\":\"WebSite\",\"@id\":\"https:\/\/dicodusport.fr\/blog\/#website\",\"url\":\"https:\/\/dicodusport.fr\/blog\/\",\"name\":\"Dicodusport\",\"description\":\"L&#039;encyclop\u00e9die de l&#039;actualit\u00e9 sportive\",\"publisher\":{\"@id\":\"https:\/\/dicodusport.fr\/blog\/#organization\"},\"potentialAction\":[{\"@type\":\"SearchAction\",\"target\":{\"@type\":\"EntryPoint\",\"urlTemplate\":\"https:\/\/dicodusport.fr\/blog\/?s={search_term_string}\"},\"query-input\":{\"@type\":\"PropertyValueSpecification\",\"valueRequired\":true,\"valueName\":\"search_term_string\"}}],\"inLanguage\":\"fr-FR\"},{\"@type\":\"NewsMediaOrganization\",\"@id\":\"https:\/\/dicodusport.fr\/blog\/#organization\",\"name\":\"Dicodusport\",\"url\":\"https:\/\/dicodusport.fr\/blog\/\",\"logo\":{\"@type\":\"ImageObject\",\"inLanguage\":\"fr-FR\",\"@id\":\"https:\/\/dicodusport.fr\/blog\/#\/schema\/logo\/image\/\",\"url\":\"https:\/\/dicodusport.fr\/blog\/wp-content\/uploads\/2020\/06\/cropped-LOGO-DICODUSPORT-2020-SANS-FOND-SANS-TEXTE.png\",\"contentUrl\":\"https:\/\/dicodusport.fr\/blog\/wp-content\/uploads\/2020\/06\/cropped-LOGO-DICODUSPORT-2020-SANS-FOND-SANS-TEXTE.png\",\"width\":512,\"height\":512,\"caption\":\"Dicodusport\"},\"image\":{\"@id\":\"https:\/\/dicodusport.fr\/blog\/#\/schema\/logo\/image\/\"},\"sameAs\":[\"https:\/\/www.facebook.com\/dicodusport\",\"https:\/\/x.com\/dicodusport\",\"https:\/\/www.instagram.com\/dicodusport\/\",\"https:\/\/www.youtube.com\/channel\/UC7V2KZ5sd3htJivAbA4ZG3w\"],\"description\":\"Dicodusport est l'encyclop\u00e9die de l'actualit\u00e9 sportive.\",\"email\":\"bonjour@dicodusport.fr\",\"legalName\":\"DICODUSPORT\",\"foundingDate\":\"2018-01-14\",\"vatID\":\"FR71834470973\",\"taxID\":\"83447097300043\",\"numberOfEmployees\":{\"@type\":\"QuantitativeValue\",\"minValue\":\"1\",\"maxValue\":\"10\"}},{\"@type\":\"Person\",\"@id\":\"https:\/\/dicodusport.fr\/blog\/#\/schema\/person\/cce96fa88785bd8573e3d43078ac8c79\",\"name\":\"Arlette Yeye\",\"image\":{\"@type\":\"ImageObject\",\"inLanguage\":\"fr-FR\",\"@id\":\"https:\/\/dicodusport.fr\/blog\/#\/schema\/person\/image\/\",\"url\":\"https:\/\/secure.gravatar.com\/avatar\/dca4a6239e6d708e46c45d60e160de6c?s=96&d=wp_user_avatar&r=g\",\"contentUrl\":\"https:\/\/secure.gravatar.com\/avatar\/dca4a6239e6d708e46c45d60e160de6c?s=96&d=wp_user_avatar&r=g\",\"caption\":\"Arlette Yeye\"},\"description\":\"Journaliste\/r\u00e9dactrice depuis septembre 2015 - Supportrice de Chelsea, j'ai pour sports de pr\u00e9dilection le handball, l'athl\u00e9tisme et le tennis. Si je tweete plus vite que mon ombre, vous pouvez aussi me retrouver les week-ends sur les playgrounds de Bruxelles pour un petit foot ou basket entre potes. Parcourir la France, l'Europe et plus si affinit\u00e9s pour suivre mes sportifs pr\u00e9f\u00e9r\u00e9s ? Mon kif ! Et c'est avec plaisir que je partage les r\u00e9sultats des sports populaires mais \u00e9galement plus confidentiels pour Dicodusport.\",\"sameAs\":[\"https:\/\/x.com\/https:\/\/twitter.com\/Shiclette94\"],\"url\":\"https:\/\/dicodusport.fr\/blog\/author\/arlette\/\"}]}<\/script>\n<!-- \/ Yoast SEO Premium plugin. -->","yoast_head_json":{"title":"Athl\u00e9tisme Europe en salle 2023 : Nafissatou Thiam est bien en forme et en t\u00eate du pentathlon","description":"La bataille attendue au pentathlon a bien eu lieu ! Si, Nafissatou Thiam est en t\u00eate, Adrianna Sulek la talonne, tout comme Noor Vidts.","robots":{"index":"index","follow":"follow","max-snippet":"max-snippet:-1","max-image-preview":"max-image-preview:large","max-video-preview":"max-video-preview:-1"},"canonical":"https:\/\/dicodusport.fr\/blog\/athletisme-europe-en-salle-2023-nafissatou-thiam-est-bien-en-forme-et-en-tete-du-pentathlon\/","og_locale":"fr_FR","og_type":"article","og_title":"Athl\u00e9tisme Europe en salle 2023 : Nafissatou Thiam est bien en forme et en t\u00eate du pentathlon","og_description":"La bataille attendue au pentathlon a bien eu lieu ! Si, Nafissatou Thiam est en t\u00eate, Adrianna Sulek la talonne, tout comme Noor Vidts.","og_url":"https:\/\/dicodusport.fr\/blog\/athletisme-europe-en-salle-2023-nafissatou-thiam-est-bien-en-forme-et-en-tete-du-pentathlon\/","og_site_name":"Dicodusport","article_publisher":"https:\/\/www.facebook.com\/dicodusport","article_published_time":"2023-03-03T10:31:51+00:00","article_modified_time":"2023-03-03T13:40:48+00:00","og_image":[{"width":800,"height":445,"url":"https:\/\/dicodusport.fr\/blog\/wp-content\/uploads\/2023\/03\/Athletisme-Europe-en-salle-2023-Nafissatou-Thiam-est-bien-en-forme-et-en-tete-du-pentathlon.png","type":"image\/png"}],"author":"Arlette Yeye","twitter_card":"summary_large_image","twitter_title":"Athl\u00e9tisme Europe en salle 2023 : Nafissatou Thiam est bien en forme et en t\u00eate du pentathlon","twitter_creator":"@https:\/\/twitter.com\/Shiclette94","twitter_site":"@dicodusport","schema":{"@context":"https:\/\/schema.org","@graph":[{"@type":"NewsArticle","@id":"https:\/\/dicodusport.fr\/blog\/athletisme-europe-en-salle-2023-nafissatou-thiam-est-bien-en-forme-et-en-tete-du-pentathlon\/#article","isPartOf":{"@id":"https:\/\/dicodusport.fr\/blog\/athletisme-europe-en-salle-2023-nafissatou-thiam-est-bien-en-forme-et-en-tete-du-pentathlon\/"},"author":{"name":"Arlette Yeye","@id":"https:\/\/dicodusport.fr\/blog\/#\/schema\/person\/cce96fa88785bd8573e3d43078ac8c79"},"headline":"Athl\u00e9tisme Europe en salle 2023 : Nafissatou Thiam est bien en forme et en t\u00eate du pentathlon","datePublished":"2023-03-03T10:31:51+00:00","dateModified":"2023-03-03T13:40:48+00:00","mainEntityOfPage":{"@id":"https:\/\/dicodusport.fr\/blog\/athletisme-europe-en-salle-2023-nafissatou-thiam-est-bien-en-forme-et-en-tete-du-pentathlon\/"},"wordCount":986,"commentCount":0,"publisher":{"@id":"https:\/\/dicodusport.fr\/blog\/#organization"},"image":{"@id":"https:\/\/dicodusport.fr\/blog\/athletisme-europe-en-salle-2023-nafissatou-thiam-est-bien-en-forme-et-en-tete-du-pentathlon\/#primaryimage"},"thumbnailUrl":"https:\/\/dicodusport.fr\/blog\/wp-content\/uploads\/2023\/03\/Athletisme-Europe-en-salle-2023-Nafissatou-Thiam-est-bien-en-forme-et-en-tete-du-pentathlon.png","keywords":["Adrianna Sulek","Athl\u00e9tisme","br\u00e8ve","L\u00e9onie Cambours","Noor Vidts","Pentathlon"],"articleSection":["Championnats d'Europe d'athl\u00e9tisme"],"inLanguage":"fr-FR","potentialAction":[{"@type":"CommentAction","name":"Comment","target":["https:\/\/dicodusport.fr\/blog\/athletisme-europe-en-salle-2023-nafissatou-thiam-est-bien-en-forme-et-en-tete-du-pentathlon\/#respond"]}],"copyrightYear":"2023","copyrightHolder":{"@id":"https:\/\/dicodusport.fr\/blog\/#organization"}},{"@type":"WebPage","@id":"https:\/\/dicodusport.fr\/blog\/athletisme-europe-en-salle-2023-nafissatou-thiam-est-bien-en-forme-et-en-tete-du-pentathlon\/","url":"https:\/\/dicodusport.fr\/blog\/athletisme-europe-en-salle-2023-nafissatou-thiam-est-bien-en-forme-et-en-tete-du-pentathlon\/","name":"Athl\u00e9tisme Europe en salle 2023 : Nafissatou Thiam est bien en forme et en t\u00eate du pentathlon","isPartOf":{"@id":"https:\/\/dicodusport.fr\/blog\/#website"},"primaryImageOfPage":{"@id":"https:\/\/dicodusport.fr\/blog\/athletisme-europe-en-salle-2023-nafissatou-thiam-est-bien-en-forme-et-en-tete-du-pentathlon\/#primaryimage"},"image":{"@id":"https:\/\/dicodusport.fr\/blog\/athletisme-europe-en-salle-2023-nafissatou-thiam-est-bien-en-forme-et-en-tete-du-pentathlon\/#primaryimage"},"thumbnailUrl":"https:\/\/dicodusport.fr\/blog\/wp-content\/uploads\/2023\/03\/Athletisme-Europe-en-salle-2023-Nafissatou-Thiam-est-bien-en-forme-et-en-tete-du-pentathlon.png","datePublished":"2023-03-03T10:31:51+00:00","dateModified":"2023-03-03T13:40:48+00:00","description":"La bataille attendue au pentathlon a bien eu lieu ! Si, Nafissatou Thiam est en t\u00eate, Adrianna Sulek la talonne, tout comme Noor Vidts.","breadcrumb":{"@id":"https:\/\/dicodusport.fr\/blog\/athletisme-europe-en-salle-2023-nafissatou-thiam-est-bien-en-forme-et-en-tete-du-pentathlon\/#breadcrumb"},"inLanguage":"fr-FR","potentialAction":[{"@type":"ReadAction","target":["https:\/\/dicodusport.fr\/blog\/athletisme-europe-en-salle-2023-nafissatou-thiam-est-bien-en-forme-et-en-tete-du-pentathlon\/"]}]},{"@type":"ImageObject","inLanguage":"fr-FR","@id":"https:\/\/dicodusport.fr\/blog\/athletisme-europe-en-salle-2023-nafissatou-thiam-est-bien-en-forme-et-en-tete-du-pentathlon\/#primaryimage","url":"https:\/\/dicodusport.fr\/blog\/wp-content\/uploads\/2023\/03\/Athletisme-Europe-en-salle-2023-Nafissatou-Thiam-est-bien-en-forme-et-en-tete-du-pentathlon.png","contentUrl":"https:\/\/dicodusport.fr\/blog\/wp-content\/uploads\/2023\/03\/Athletisme-Europe-en-salle-2023-Nafissatou-Thiam-est-bien-en-forme-et-en-tete-du-pentathlon.png","width":800,"height":445,"caption":"Athl\u00e9tisme Europe en salle 2023 Nafissatou Thiam est bien en forme et en t\u00eate du pentathlon"},{"@type":"BreadcrumbList","@id":"https:\/\/dicodusport.fr\/blog\/athletisme-europe-en-salle-2023-nafissatou-thiam-est-bien-en-forme-et-en-tete-du-pentathlon\/#breadcrumb","itemListElement":[{"@type":"ListItem","position":1,"name":"Accueil","item":"https:\/\/dicodusport.fr\/blog\/"},{"@type":"ListItem","position":2,"name":"Athl\u00e9tisme Europe en salle 2023 : Nafissatou Thiam est bien en forme et en t\u00eate du pentathlon"}]},{"@type":"WebSite","@id":"https:\/\/dicodusport.fr\/blog\/#website","url":"https:\/\/dicodusport.fr\/blog\/","name":"Dicodusport","description":"L&#039;encyclop\u00e9die de l&#039;actualit\u00e9 sportive","publisher":{"@id":"https:\/\/dicodusport.fr\/blog\/#organization"},"potentialAction":[{"@type":"SearchAction","target":{"@type":"EntryPoint","urlTemplate":"https:\/\/dicodusport.fr\/blog\/?s={search_term_string}"},"query-input":{"@type":"PropertyValueSpecification","valueRequired":true,"valueName":"search_term_string"}}],"inLanguage":"fr-FR"},{"@type":"NewsMediaOrganization","@id":"https:\/\/dicodusport.fr\/blog\/#organization","name":"Dicodusport","url":"https:\/\/dicodusport.fr\/blog\/","logo":{"@type":"ImageObject","inLanguage":"fr-FR","@id":"https:\/\/dicodusport.fr\/blog\/#\/schema\/logo\/image\/","url":"https:\/\/dicodusport.fr\/blog\/wp-content\/uploads\/2020\/06\/cropped-LOGO-DICODUSPORT-2020-SANS-FOND-SANS-TEXTE.png","contentUrl":"https:\/\/dicodusport.fr\/blog\/wp-content\/uploads\/2020\/06\/cropped-LOGO-DICODUSPORT-2020-SANS-FOND-SANS-TEXTE.png","width":512,"height":512,"caption":"Dicodusport"},"image":{"@id":"https:\/\/dicodusport.fr\/blog\/#\/schema\/logo\/image\/"},"sameAs":["https:\/\/www.facebook.com\/dicodusport","https:\/\/x.com\/dicodusport","https:\/\/www.instagram.com\/dicodusport\/","https:\/\/www.youtube.com\/channel\/UC7V2KZ5sd3htJivAbA4ZG3w"],"description":"Dicodusport est l'encyclop\u00e9die de l'actualit\u00e9 sportive.","email":"bonjour@dicodusport.fr","legalName":"DICODUSPORT","foundingDate":"2018-01-14","vatID":"FR71834470973","taxID":"83447097300043","numberOfEmployees":{"@type":"QuantitativeValue","minValue":"1","maxValue":"10"}},{"@type":"Person","@id":"https:\/\/dicodusport.fr\/blog\/#\/schema\/person\/cce96fa88785bd8573e3d43078ac8c79","name":"Arlette Yeye","image":{"@type":"ImageObject","inLanguage":"fr-FR","@id":"https:\/\/dicodusport.fr\/blog\/#\/schema\/person\/image\/","url":"https:\/\/secure.gravatar.com\/avatar\/dca4a6239e6d708e46c45d60e160de6c?s=96&d=wp_user_avatar&r=g","contentUrl":"https:\/\/secure.gravatar.com\/avatar\/dca4a6239e6d708e46c45d60e160de6c?s=96&d=wp_user_avatar&r=g","caption":"Arlette Yeye"},"description":"Journaliste\/r\u00e9dactrice depuis septembre 2015 - Supportrice de Chelsea, j'ai pour sports de pr\u00e9dilection le handball, l'athl\u00e9tisme et le tennis. Si je tweete plus vite que mon ombre, vous pouvez aussi me retrouver les week-ends sur les playgrounds de Bruxelles pour un petit foot ou basket entre potes. Parcourir la France, l'Europe et plus si affinit\u00e9s pour suivre mes sportifs pr\u00e9f\u00e9r\u00e9s ? Mon kif ! Et c'est avec plaisir que je partage les r\u00e9sultats des sports populaires mais \u00e9galement plus confidentiels pour Dicodusport.","sameAs":["https:\/\/x.com\/https:\/\/twitter.com\/Shiclette94"],"url":"https:\/\/dicodusport.fr\/blog\/author\/arlette\/"}]}},"_links":{"self":[{"href":"https:\/\/dicodusport.fr\/blog\/wp-json\/wp\/v2\/posts\/361082","targetHints":{"allow":["GET"]}}],"collection":[{"href":"https:\/\/dicodusport.fr\/blog\/wp-json\/wp\/v2\/posts"}],"about":[{"href":"https:\/\/dicodusport.fr\/blog\/wp-json\/wp\/v2\/types\/post"}],"author":[{"embeddable":true,"href":"https:\/\/dicodusport.fr\/blog\/wp-json\/wp\/v2\/users\/12"}],"replies":[{"embeddable":true,"href":"https:\/\/dicodusport.fr\/blog\/wp-json\/wp\/v2\/comments?post=361082"}],"version-history":[{"count":0,"href":"https:\/\/dicodusport.fr\/blog\/wp-json\/wp\/v2\/posts\/361082\/revisions"}],"wp:featuredmedia":[{"embeddable":true,"href":"https:\/\/dicodusport.fr\/blog\/wp-json\/wp\/v2\/media\/361198"}],"wp:attachment":[{"href":"https:\/\/dicodusport.fr\/blog\/wp-json\/wp\/v2\/media?parent=361082"}],"wp:term":[{"taxonomy":"category","embeddable":true,"href":"https:\/\/dicodusport.fr\/blog\/wp-json\/wp\/v2\/categories?post=361082"},{"taxonomy":"post_tag","embeddable":true,"href":"https:\/\/dicodusport.fr\/blog\/wp-json\/wp\/v2\/tags?post=361082"}],"curies":[{"name":"wp","href":"https:\/\/api.w.org\/{rel}","templated":true}]}}